{"id":2311,"date":"2023-07-20T15:19:37","date_gmt":"2023-07-20T19:19:37","guid":{"rendered":"https:\/\/www.manaus.am.gov.br\/semtepi\/sem-categoria\/sine-manaus-oferta-162-vagas-de-emprego-nesta-sexta-feira-21-7\/"},"modified":"2023-07-20T15:19:39","modified_gmt":"2023-07-20T19:19:39","slug":"sine-manaus-oferta-162-vagas-de-emprego-nesta-sexta-feira-21-7","status":"publish","type":"post","link":"https:\/\/www.manaus.am.gov.br\/semtepi\/oportunidade\/sine-manaus-oferta-162-vagas-de-emprego-nesta-sexta-feira-21-7\/","title":{"rendered":"<strong>Sine Manaus oferta 162 vagas de emprego nesta sexta-feira, 21\/7<\/strong>"},"content":{"rendered":"\n<p>A Prefeitura de Manaus, por meio do Sine Manaus, oferta 162&nbsp;vagas de emprego em v\u00e1rias \u00e1reas de atua\u00e7\u00e3o, nesta sexta-feira, 21\/7,&nbsp;de 8h \u00e0s 16h. O candidato precisa validar a Carteira Digital e Previd\u00eancia Social (CTPS) no aplicativo \u201cCarteira de Trabalho Digital\u201d ou acessar o site&nbsp;<a href=\"http:\/\/gov.br\/trabalho\" target=\"_blank\" rel=\"noreferrer noopener\">http:\/\/gov.br\/trabalho<\/a>&nbsp;e para concorrer \u00e0s vagas, deve acessar o site&nbsp;<a href=\"http:\/\/empregabrasil.mte.gov.br\/\" target=\"_blank\" rel=\"noreferrer noopener\">http:\/\/empregabrasil.mte.gov.br<\/a>&nbsp;para fazer a solicita\u00e7\u00e3o de cadastro.<\/p>\n\n\n\n<p>Para participar da pr\u00e9-sele\u00e7\u00e3o e concorrer a uma das vagas dispon\u00edveis, ou receber orienta\u00e7\u00e3o de cadastro, Carteira de Trabalho Digital e seguro-desemprego, os candidatos devem comparecer a um dos postos do Sine Manaus: na avenida Constantino Nery, n\u00ba 1.272, bairro S\u00e3o Geraldo, zona Centro-Sul; ou no shopping Phelippe Daou, na&nbsp;avenida Camapu\u00e3, n\u00ba 2.939, bairro Cidade de Deus, zona Norte.<\/p>\n\n\n\n<p>A Semtepi informa que o atendimento no posto do shopping Phelippe Daou foi reduzido em virtude de reforma no espa\u00e7o, e orienta os cidad\u00e3os a comparecerem, preferencialmente, ao posto da avenida Constantino Nery.<\/p>\n\n\n\n<p>Os interessados devem estar munidos do comprovante de vacina\u00e7\u00e3o (Covid-19), curr\u00edculo e documentos pessoais (RG, CPF, PIS, CTPS, comprovante de escolaridade e resid\u00eancia). N\u00e3o \u00e9 necess\u00e1rio apresentar c\u00f3pias, somente os documentos originais.<\/p>\n\n\n\n<p><strong>Vagas Novas \u2013 22<\/strong><\/p>\n\n\n\n<p><strong>2 vagas \u2013 Vendedor Externo<\/strong><\/p>\n\n\n\n<p>Escolaridade &#8211; ensino m\u00e9dio completo;<\/p>\n\n\n\n<p>Experi\u00eancia \u2013 seis meses na Carteira de Trabalho;<\/p>\n\n\n\n<p>Requisitos obrigat\u00f3rios \u2013 ter Carteira Nacional de Habilita\u00e7\u00e3o categoria \u201cA\u201d dentro do prazo de validade e ve\u00edculo pr\u00f3prio;<\/p>\n\n\n\n<p>Atividades \u2013 realizar atendimentos e negocia\u00e7\u00f5es com clientes externos.<\/p>\n\n\n\n<p>Dispon\u00edvel at\u00e9 21\/7\/2023 ou encerramento da vaga.<\/p>\n\n\n\n<p><strong>1 vaga \u2013 Borracheiro<\/strong><\/p>\n\n\n\n<p>Escolaridade \u2013 ensino fundamental completo;<\/p>\n\n\n\n<p>Experi\u00eancia \u2013 tr\u00eas meses na Carteira de Trabalho;<\/p>\n\n\n\n<p>Atividades \u2013 fazer a fiscaliza\u00e7\u00e3o da vida \u00fatil dos pneus com sugest\u00f5es de recapagens, calibragem e semelhantes; prestar socorro \u00e0 frota municipal; transportar equipamentos necess\u00e1rios para as atividades; zelar pela limpeza, manuten\u00e7\u00e3o e lubrifica\u00e7\u00e3o dos ve\u00edculos e equipamentos da frota.<\/p>\n\n\n\n<p>Dispon\u00edvel at\u00e9 21\/7\/2023 ou encerramento da vaga.<\/p>\n\n\n\n<p><strong>1 vaga \u2013 Assistente de Vendas \u2013 vaga exclusiva para Pessoa com Defici\u00eancia (PcD)<\/strong><\/p>\n\n\n\n<p>Escolaridade \u2013 ensino m\u00e9dio completo;<\/p>\n\n\n\n<p>Experi\u00eancia \u2013 tr\u00eas meses na Carteira de Trabalho;<\/p>\n\n\n\n<p>Atividades \u2013 empacotar as compras dos clientes no caixa;&nbsp;se necess\u00e1rio&nbsp;levar as compras dos clientes at\u00e9 o carro; realizar reposi\u00e7\u00e3o de mercadorias; trocar pre\u00e7o dos produtos, entre outras atividades correlatas.<\/p>\n\n\n\n<p>Dispon\u00edvel at\u00e9 21\/7\/2023 ou encerramento da vaga.<\/p>\n\n\n\n<p><strong>3 vagas \u2013 Repositor de Mercadorias \u2013 vagas exclusivas para Pessoas com Defici\u00eancia (PcD)<\/strong><\/p>\n\n\n\n<p>Escolaridade \u2013 ensino fundamental completo;<\/p>\n\n\n\n<p>Experi\u00eancia \u2013 n\u00e3o \u00e9 necess\u00e1rio;<\/p>\n\n\n\n<p>Atividades \u2013 respons\u00e1vel por executar tarefas de reposi\u00e7\u00e3o e arruma\u00e7\u00e3o, seguindo um layout j\u00e1 definido de mercadorias nas g\u00f4ndolas; providenciar o recolhimento de produtos sem condi\u00e7\u00f5es de venda e de mercadorias que est\u00e3o fora das suas respectivas g\u00f4ndolas; dar apoio na separa\u00e7\u00e3o, embalagem e armazenamento das mercadorias; zelar pela limpeza e organiza\u00e7\u00e3o dos equipamentos e ambiente de trabalho.<\/p>\n\n\n\n<p>Dispon\u00edvel at\u00e9 21\/7\/2023 ou encerramento da vaga.<\/p>\n\n\n\n<p><strong>1 vaga \u2013 Farmac\u00eautico<\/strong><\/p>\n\n\n\n<p>Escolaridade \u2013 ensino superior completo em farm\u00e1cia;<\/p>\n\n\n\n<p>Experi\u00eancia \u2013 seis meses na Carteira de Trabalho;<\/p>\n\n\n\n<p>Requisitos obrigat\u00f3rios \u2013 ter experi\u00eancia em SNGPC, rotina de drogaria, conhecimento em venda de medicamentos e CRF ativo;<\/p>\n\n\n\n<p>Atividades \u2013 respons\u00e1vel por atividades como monitoramento do estoque e atendimento ao cliente (verifica\u00e7\u00e3o de sinais e sintomas cl\u00ednicos).<\/p>\n\n\n\n<p>Dispon\u00edvel at\u00e9 21\/7\/2023 ou encerramento da vaga.<\/p>\n\n\n\n<p><strong>2 vagas \u2013 Atendente de Farm\u00e1cia \u2013 Balconista<\/strong><\/p>\n\n\n\n<p>Escolaridade \u2013 ensino m\u00e9dio completo;<\/p>\n\n\n\n<p>Experi\u00eancia \u2013 seis meses na Carteira de Trabalho;<\/p>\n\n\n\n<p>Atividades \u2013 respons\u00e1vel pelo atendimento ao p\u00fablico e por realizar vendas; cuidar da organiza\u00e7\u00e3o das prateleiras, estoque e caixa da farm\u00e1cia.<\/p>\n\n\n\n<p>Dispon\u00edvel at\u00e9 21\/7\/2023 ou encerramento da vaga.<\/p>\n\n\n\n<p><strong>1 vaga \u2013 Auxiliar de Manuten\u00e7\u00e3o<\/strong><\/p>\n\n\n\n<p>Escolaridade \u2013 ensino fundamental completo;<\/p>\n\n\n\n<p>Experi\u00eancia \u2013 primeiro emprego ou seis meses na Carteira de Trabalho;<\/p>\n\n\n\n<p>Requisitos obrigat\u00f3rios \u2013 ter disponibilidade para realizar atividades de servi\u00e7o bra\u00e7al;<\/p>\n\n\n\n<p>Atividades \u2013 executar servi\u00e7os de manuten\u00e7\u00e3o el\u00e9trica, mec\u00e2nica, hidr\u00e1ulica, carpintaria e alvenaria; substituir, trocar, limpar, reparar e instalar pe\u00e7as, componentes e equipamentos; conservar vidros e fachadas, limpar recintos e acess\u00f3rios e tratar piscinas; trabalhar seguindo normas de seguran\u00e7a, higiene, qualidade e prote\u00e7\u00e3o ao meio ambiente.<\/p>\n\n\n\n<p>Dispon\u00edvel at\u00e9 21\/7\/2023 ou encerramento da vaga.<\/p>\n\n\n\n<p><strong>1 vaga \u2013 Assistente de Vendas<\/strong><\/p>\n\n\n\n<p>Escolaridade \u2013 ensino m\u00e9dio completo;<\/p>\n\n\n\n<p>Experi\u00eancia \u2013 seis meses na Carteira de Trabalho;<\/p>\n\n\n\n<p>Requisitos obrigat\u00f3rios \u2013 ter experi\u00eancia com venda de pe\u00e7as de autom\u00f3veis;<\/p>\n\n\n\n<p>Atividades \u2013 planejar atividades de vendas especializadas e de demonstra\u00e7\u00e3o de produtos; realizar visitas a clientes, apresentar e demonstrar produtos, esclarecer d\u00favidas e acompanhar o p\u00f3s-venda; contatar \u00e1reas internas da empresa, sugerir pol\u00edticas de vendas e de promo\u00e7\u00e3o de produtos; participar de eventos.<\/p>\n\n\n\n<p>Dispon\u00edvel at\u00e9 21\/7\/2023 ou encerramento da vaga.<\/p>\n\n\n\n<p><strong>1 vaga \u2013 Art\u00edfice de Manuten\u00e7\u00e3o<\/strong><\/p>\n\n\n\n<p>Escolaridade \u2013 ensino m\u00e9dio completo;<\/p>\n\n\n\n<p>Experi\u00eancia \u2013 seis meses na Carteira de Trabalho;<\/p>\n\n\n\n<p>Atividades \u2013 executar servi\u00e7os de manuten\u00e7\u00e3o preventiva e corretiva de rede hidr\u00e1ulica, hidrossanit\u00e1rio, de pintura, carpintaria, marcenaria, serralheria e alvenaria; realizar atividades de auxiliar para os t\u00e9cnicos da empresa tomadora, na manuten\u00e7\u00e3o predial em geral; realizar reparos e cuidar da conserva\u00e7\u00e3o e manuten\u00e7\u00e3o das depend\u00eancias da empresa; realizar testes para identificar e localizar defeitos na instala\u00e7\u00e3o e no funcionamento dos equipamentos; desmontar, montar e fazer os ajustes necess\u00e1rios em ferramentas de trabalho; executar outras atividades compat\u00edveis com a natureza do cargo; ser comprometido, disciplinado, proativo e saber trabalhar em equipe.<\/p>\n\n\n\n<p>Dispon\u00edvel at\u00e9 21\/7\/2023 ou encerramento da vaga.<\/p>\n\n\n\n<p><strong>2 vagas \u2013 Atendente de Balc\u00e3o<\/strong><\/p>\n\n\n\n<p>Escolaridade \u2013 ensino m\u00e9dio completo;<\/p>\n\n\n\n<p>Experi\u00eancia \u2013 quatro meses na Carteira de Trabalho;<\/p>\n\n\n\n<p>Requisitos obrigat\u00f3rios \u2013 desenvolver um atendimento gentil e respeitoso aos clientes, gostar de trabalhar em equipe, ser simp\u00e1tica e proativo;<\/p>\n\n\n\n<p>Atividades \u2013 realizar atendimento no balc\u00e3o e por aplicativos de entrega; auxiliar na finaliza\u00e7\u00e3o de bolos, na reposi\u00e7\u00e3o de estoque, na etiquetagem de alimentos e na limpeza da cozinha e sal\u00e3o da loja.<\/p>\n\n\n\n<p>Dispon\u00edvel at\u00e9 21\/7\/2023 ou encerramento da vaga.<\/p>\n\n\n\n<p><strong>1 vaga \u2013 Confeiteiro<\/strong><\/p>\n\n\n\n<p>Escolaridade \u2013 ensino m\u00e9dio completo;<\/p>\n\n\n\n<p>Experi\u00eancia \u2013 quatro meses na Carteira de Trabalho;<\/p>\n\n\n\n<p>Atividades \u2013 trabalhar na prepara\u00e7\u00e3o e desenforme de bolos e tortas, caldas, recheios e coberturas, lavagem de lou\u00e7a, limpeza de cozinha, recebimento de mercadorias e controle de estoque; auxiliar no preparo de refei\u00e7\u00f5es, sobremesas e lanches; manter a ordem e a limpeza da cozinha, realizando a coleta e a lavagem das bandejas e talheres.<\/p>\n\n\n\n<p>Dispon\u00edvel at\u00e9 21\/7\/2023 ou encerramento da vaga.<\/p>\n\n\n\n<p><strong>1 vaga \u2013 Auxiliar de Confeiteiro<\/strong><\/p>\n\n\n\n<p>Escolaridade \u2013 ensino m\u00e9dio completo;<\/p>\n\n\n\n<p>Experi\u00eancia \u2013 quatro meses na Carteira de Trabalho;<\/p>\n\n\n\n<p>Requisitos obrigat\u00f3rios \u2013 ter aptid\u00e3o para preparo de bolos e doces e facilidade em seguir padr\u00f5es;<\/p>\n\n\n\n<p>Atividades \u2013 auxiliar na produ\u00e7\u00e3o de bolos e doces; preparar decora\u00e7\u00e3o, recheios e coberturas.<\/p>\n\n\n\n<p>Dispon\u00edvel at\u00e9 21\/7\/2023 ou encerramento da vaga.<\/p>\n\n\n\n<p><strong>3 vagas \u2013 Ajudante de Carga e Descarga<\/strong><\/p>\n\n\n\n<p>Escolaridade \u2013 ensino m\u00e9dio completo;<\/p>\n\n\n\n<p>Experi\u00eancia \u2013 seis meses na Carteira de Trabalho;<\/p>\n\n\n\n<p>Atividades \u2013 verificar, receber, separar e embalar produtos e materiais dentro do estoque; conferir mercadorias e documenta\u00e7\u00f5es a serem carregadas ou descarregadas; dar apoio a levantamento e controle de FIFO quando necess\u00e1rio; ajudar como apoio ao carregador, quando necess\u00e1rio.<\/p>\n\n\n\n<p>Dispon\u00edvel at\u00e9 21\/7\/2023 ou encerramento da vaga.<\/p>\n\n\n\n<p><strong>1 vaga \u2013 Consultor de Vendas<\/strong><\/p>\n\n\n\n<p>Escolaridade \u2013 ensino m\u00e9dio completo;<\/p>\n\n\n\n<p>Experi\u00eancia \u2013 seis meses na Carteira de Trabalho;<\/p>\n\n\n\n<p>Atividades \u2013 respons\u00e1vel por mudan\u00e7as e estrat\u00e9gias de vendas; buscar entender as necessidades dos clientes e oferecer as melhores solu\u00e7\u00f5es, visando aumentar os resultados da equipe de vendas;&nbsp;ter experi\u00eancia com venda de pneus ser\u00e1 um diferencial.<\/p>\n\n\n\n<p>Dispon\u00edvel at\u00e9 21\/7\/2023 ou encerramento da vaga.<\/p>\n\n\n\n<p><strong>1 vaga \u2013 Auxiliar de Estoque<\/strong><\/p>\n\n\n\n<p>Escolaridade \u2013 ensino m\u00e9dio completo;<\/p>\n\n\n\n<p>Experi\u00eancia \u2013 seis meses na Carteira de Trabalho;<\/p>\n\n\n\n<p>Atividades \u2013 prestar aux\u00edlio em v\u00e1rios fluxos existentes no estoque, desde o recebimento de mercadorias at\u00e9 a expedi\u00e7\u00e3o para atender a pedidos; receber mercadorias e realizar a confer\u00eancia dos lotes para verificar se a entrega est\u00e1 correta.<\/p>\n\n\n\n<p>Dispon\u00edvel at\u00e9 21\/7\/2023 ou encerramento da vaga.<\/p>\n\n\n\n<p><strong>Vagas no Com\u00e9rcio \u2013 74<\/strong><\/p>\n\n\n\n<p><strong>1 vaga \u2013 Operador de M\u00e1quinas<\/strong><\/p>\n\n\n\n<p>Escolaridade \u2013 ensino m\u00e9dio completo;<\/p>\n\n\n\n<p>Experi\u00eancia \u2013 registrada na Carteira de Trabalho;<\/p>\n\n\n\n<p>Requisitos obrigat\u00f3rios \u2013 ter experi\u00eancia com costura e&nbsp;conhecimentos b\u00e1sicos, como saber identificar quebra de ponto e troca de linhas;<\/p>\n\n\n\n<p>Atividades \u2013 fabrica\u00e7\u00e3o de produtos no setor de costura (produ\u00e7\u00e3o de fitas de tecido refletivo); cortar, montar e embalar produtos;&nbsp;realizar demais atividades inerentes \u00e0 fun\u00e7\u00e3o.<\/p>\n\n\n\n<p>Dispon\u00edvel at\u00e9 21\/7\/2023 ou encerramento da vaga.<\/p>\n\n\n\n<p><strong>2 vagas \u2013 Auxiliar de Limpeza \u2013 vagas exclusivas para Pessoas com Defici\u00eancia (PcD)<\/strong><\/p>\n\n\n\n<p>Escolaridade \u2013 ensino fundamental completo;<\/p>\n\n\n\n<p>Experi\u00eancia \u2013 seis meses na Carteira de Trabalho;<\/p>\n\n\n\n<p>Atividades \u2013 executar servi\u00e7os de limpeza, conserva\u00e7\u00e3o e higieniza\u00e7\u00e3o de bens m\u00f3veis e im\u00f3veis; realizar a arruma\u00e7\u00e3o e remo\u00e7\u00e3o de m\u00f3veis e utens\u00edlios nas depend\u00eancias do contrato; executar demais tarefas relacionadas \u00e0 fun\u00e7\u00e3o.<\/p>\n\n\n\n<p>Dispon\u00edvel at\u00e9 21\/7\/2023 ou encerramento da vaga.<\/p>\n\n\n\n<p><strong>1 vaga \u2013 Gerente de Restaurante<\/strong><\/p>\n\n\n\n<p>Escolaridade \u2013 ensino t\u00e9cnico completo em nutri\u00e7\u00e3o;<\/p>\n\n\n\n<p>Experi\u00eancia \u2013 seis meses na Carteira de Trabalho;<\/p>\n\n\n\n<p>Requisitos obrigat\u00f3rios \u2013 vaga exclusiva para o munic\u00edpio de Itacoatiara (AM);<\/p>\n\n\n\n<p>Atividades \u2013 implementar as pr\u00e1ticas e os processos corretos em toda a organiza\u00e7\u00e3o; formular estrat\u00e9gias, melhorar o desempenho e garantir a conformidade dos servi\u00e7os.<\/p>\n\n\n\n<p>Dispon\u00edvel at\u00e9 21\/7\/2023 ou encerramento da vaga.<\/p>\n\n\n\n<p><strong>1 vaga \u2013 Confeiteiro<\/strong><\/p>\n\n\n\n<p>Escolaridade \u2013 ensino m\u00e9dio completo;<\/p>\n\n\n\n<p>Experi\u00eancia \u2013 seis meses na Carteira de Trabalho;<\/p>\n\n\n\n<p>Requisitos obrigat\u00f3rios \u2013 vaga exclusiva para o munic\u00edpio de Itacoatiara (AM);<\/p>\n\n\n\n<p>Atividades \u2013 auxiliar no preparo de refei\u00e7\u00f5es, sobremesas e lanches; manter a ordem e a limpeza da cozinha, realizando a coleta e a lavagem das bandejas e talheres.<\/p>\n\n\n\n<p>Dispon\u00edvel at\u00e9 21\/7\/2023 ou encerramento da vaga.<\/p>\n\n\n\n<p><strong>2 vagas \u2013 Auxiliar de Produ\u00e7\u00e3o de Padaria<\/strong><\/p>\n\n\n\n<p>Escolaridade \u2013 ensino m\u00e9dio completo;<\/p>\n\n\n\n<p>Experi\u00eancia \u2013 n\u00e3o \u00e9 necess\u00e1rio;<\/p>\n\n\n\n<p>Requisitos obrigat\u00f3rios \u2013 ter curso de TBO e residir na zona Centro-Oeste de Manaus;<\/p>\n\n\n\n<p>Atividades \u2013 auxiliar o padeiro no preparo de p\u00e3es, salgados, massas para fabrica\u00e7\u00e3o de p\u00e3es e bolos; controlar a qualidade dos alimentos.<\/p>\n\n\n\n<p>Dispon\u00edvel at\u00e9 21\/7\/2023 ou encerramento da vaga.<\/p>\n\n\n\n<p><strong>2 vagas \u2013 Atendente<\/strong><\/p>\n\n\n\n<p>Escolaridade \u2013 ensino m\u00e9dio completo;<\/p>\n\n\n\n<p>Experi\u00eancia \u2013 seis meses na Carteira de Trabalho;<\/p>\n\n\n\n<p>Requisitos obrigat\u00f3rios \u2013 ter experi\u00eancia em Atendimento e residir na zona Centro-Oeste de Manaus;<\/p>\n\n\n\n<p>Atividades \u2013&nbsp;tirar d\u00favidas e atender solicita\u00e7\u00f5es de clientes, processar pagamentos, realizar liga\u00e7\u00f5es, verificar identifica\u00e7\u00f5es e organizar documentos.<\/p>\n\n\n\n<p>Dispon\u00edvel at\u00e9 21\/7\/2023 ou encerramento da vaga.<\/p>\n\n\n\n<p><strong>15 vagas \u2013 Atendente de Lanchonete<\/strong><\/p>\n\n\n\n<p>Escolaridade \u2013 ensino m\u00e9dio completo;<\/p>\n\n\n\n<p>Experi\u00eancia \u2013 primeiro emprego;<\/p>\n\n\n\n<p>Requisitos obrigat\u00f3rios \u2013 ter disponibilidade de hor\u00e1rio;<\/p>\n\n\n\n<p>Atividades \u2013 realizar atendimento ao p\u00fablico no balc\u00e3o e nas mesas, anotando pedidos, solicitando o preparo dos alimentos junto \u00e0 cozinha, acertando comandas, efetuando o recebimento de valores, organizando o estoque e repondo produtos em prateleiras; realizar higieniza\u00e7\u00e3o de utens\u00edlios.<\/p>\n\n\n\n<p>Dispon\u00edvel at\u00e9 21\/7\/2023 ou encerramento da vaga.<\/p>\n\n\n\n<p><strong>2 vagas \u2013 A\u00e7ougueiro<\/strong><\/p>\n\n\n\n<p>Escolaridade \u2013 ensino fundamental completo;<\/p>\n\n\n\n<p>Experi\u00eancia \u2013 seis meses na Carteira de Trabalho;<\/p>\n\n\n\n<p>Atividades \u2013 realizar atividades relacionadas ao recebimento de animais abatidos, sua desossa, prepara\u00e7\u00e3o e conserva\u00e7\u00e3o para a utiliza\u00e7\u00e3o; realizar a desossa e limpeza de carnes vermelhas e brancas, cortes normais e especiais.<\/p>\n\n\n\n<p>Dispon\u00edvel at\u00e9 21\/7\/2023 ou encerramento da vaga.<\/p>\n\n\n\n<p><strong>2 vagas \u2013 Auxiliar nos Servi\u00e7os de Alimenta\u00e7\u00e3o<\/strong><\/p>\n\n\n\n<p>Escolaridade \u2013 ensino fundamental completo;<\/p>\n\n\n\n<p>Experi\u00eancia \u2013 seis meses na Carteira de Trabalho;<\/p>\n\n\n\n<p>Requisitos obrigat\u00f3rios \u2013 residir nas proximidades da Avenida Ayr\u00e3o;<\/p>\n\n\n\n<p>Atividades \u2013 preparar alimentos; realizar limpeza e conserva\u00e7\u00e3o das depend\u00eancias do restaurante, lanchonete e equipamentos; auxiliar no preparo de refei\u00e7\u00f5es, sobremesas e lanches.<\/p>\n\n\n\n<p>Dispon\u00edvel at\u00e9 21\/7\/2023 ou encerramento da vaga.<\/p>\n\n\n\n<p><strong>20 vagas \u2013 Vendedor Porta a Porta<\/strong><\/p>\n\n\n\n<p>Escolaridade \u2013 ensino m\u00e9dio completo;<\/p>\n\n\n\n<p>Experi\u00eancia \u2013 n\u00e3o \u00e9 necess\u00e1rio;<\/p>\n\n\n\n<p>Atividades \u2013 respons\u00e1vel por executar atividades relacionadas \u00e0 venda de produtos ou servi\u00e7os externos; comercializar produtos e servi\u00e7os de Internet, TV, Telefone Fixo e M\u00f3vel; elabora\u00e7\u00e3o de propostas e prospec\u00e7\u00e3o de novos clientes.<\/p>\n\n\n\n<p>Dispon\u00edvel at\u00e9 21\/7\/2023 ou encerramento da vaga.<\/p>\n\n\n\n<p><strong>10 vagas \u2013 A\u00e7ougueiro<\/strong><\/p>\n\n\n\n<p>Escolaridade \u2013 ensino fundamental completo;<\/p>\n\n\n\n<p>Experi\u00eancia \u2013 seis meses na Carteira de Trabalho;<\/p>\n\n\n\n<p>Atividades \u2013 receber e desossar pe\u00e7as, retalhando por tipo ou corte; avaliar a qualidade do produto e encaminhar para as c\u00e2maras frigor\u00edficas; utilizar utens\u00edlios e equipamentos apropriados na execu\u00e7\u00e3o das tarefas, entre outras atividades pertinentes \u00e0 fun\u00e7\u00e3o.<\/p>\n\n\n\n<p>Dispon\u00edvel at\u00e9 21\/7\/2023 ou encerramento da vaga.<\/p>\n\n\n\n<p><strong>10 vagas \u2013 Operador de Loja<\/strong><\/p>\n\n\n\n<p>Escolaridade \u2013 ensino m\u00e9dio completo;<\/p>\n\n\n\n<p>Experi\u00eancia \u2013 seis meses na Carteira de Trabalho;<\/p>\n\n\n\n<p>Requisitos obrigat\u00f3rios \u2013 ter experi\u00eancia em supermercado;<\/p>\n\n\n\n<p>Atividades \u2013 respons\u00e1vel por auxiliar nas atividades do estabelecimento; realizar atendimento ao cliente;&nbsp;operar caixa,&nbsp;controlar e conferir produtos; organizar e limpar a loja.<\/p>\n\n\n\n<p>Dispon\u00edvel at\u00e9 21\/7\/2023 ou encerramento da vaga.<\/p>\n\n\n\n<p><strong>2 vagas \u2013 Chapeiro<\/strong><\/p>\n\n\n\n<p>Escolaridade \u2013 ensino m\u00e9dio completo;<\/p>\n\n\n\n<p>Experi\u00eancia \u2013 seis meses na Carteira de Trabalho ou declara\u00e7\u00e3o;<\/p>\n\n\n\n<p>Requisitos obrigat\u00f3rios \u2013 residir nas proximidades do bairro Flores;<\/p>\n\n\n\n<p>Atividades \u2013 higienizar e organizar o ambiente de trabalho; preparar lanches e pratos r\u00e1pidos na lanchonete da loja (tapiocas e sandu\u00edches diversos).<\/p>\n\n\n\n<p>Dispon\u00edvel at\u00e9 21\/7\/2023 ou encerramento da vaga.<\/p>\n\n\n\n<p><strong>1 vaga \u2013 Auxiliar de Marketing<\/strong><\/p>\n\n\n\n<p>Escolaridade \u2013 ensino m\u00e9dio completo;<\/p>\n\n\n\n<p>Experi\u00eancia \u2013 seis meses na Carteira de Trabalho ou declara\u00e7\u00e3o;<\/p>\n\n\n\n<p>Requisitos obrigat\u00f3rios \u2013 residir nas proximidades do bairro Flores;<\/p>\n\n\n\n<p>Requisitos obrigat\u00f3rios \u2013 ter dom\u00ednio de redes sociais e fotografia b\u00e1sica;<\/p>\n\n\n\n<p>Atividades \u2013 realizar divulga\u00e7\u00e3o e atendimento via plataforma Ifood; produ\u00e7\u00e3o de conte\u00fado.<\/p>\n\n\n\n<p>Dispon\u00edvel at\u00e9 21\/7\/2023 ou encerramento da vaga.<\/p>\n\n\n\n<p><strong>2 vagas \u2013 Atendente de Padaria<\/strong><\/p>\n\n\n\n<p>Escolaridade \u2013 ensino m\u00e9dio completo;<\/p>\n\n\n\n<p>Experi\u00eancia \u2013 seis meses na Carteira de Trabalho ou declara\u00e7\u00e3o;<\/p>\n\n\n\n<p>Requisitos obrigat\u00f3rios \u2013 residir nas proximidades do bairro Flores;<\/p>\n\n\n\n<p>Atividades \u2013 realizar atendimento aos clientes; receber pedidos e prestar informa\u00e7\u00f5es sobre produtos; separar, pesar, embalar, precificar e organizar os produtos nas prateleiras, agindo com cordialidade e presteza, visando a satisfa\u00e7\u00e3o do cliente.<\/p>\n\n\n\n<p>Dispon\u00edvel at\u00e9 21\/7\/2023 ou encerramento da vaga.<\/p>\n\n\n\n<p><strong>1 vaga \u2013 Auxiliar Financeiro<\/strong><\/p>\n\n\n\n<p>Escolaridade \u2013 ensino m\u00e9dio completo;<\/p>\n\n\n\n<p>Experi\u00eancia \u2013 seis meses na Carteira de Trabalho;<\/p>\n\n\n\n<p>Atividades \u2013 realizar escritura\u00e7\u00e3o fiscal; acompanhamento de entrada e sa\u00edda de mercadorias; confer\u00eancia dos lan\u00e7amentos fiscais, classifica\u00e7\u00e3o, an\u00e1lise e confer\u00eancia de notas fiscais; emiss\u00e3o de guias de recolhimento.<\/p>\n\n\n\n<p>Dispon\u00edvel at\u00e9 21\/7\/2023 ou encerramento da vaga.<\/p>\n\n\n\n<p><strong>Vagas na Ind\u00fastria \u2013 21<\/strong><\/p>\n\n\n\n<p><strong>1 vaga \u2013 Analista Administrativo<\/strong><\/p>\n\n\n\n<p>Escolaridade \u2013 ensino superior cursando ou completo em administra\u00e7\u00e3o, ci\u00eancias cont\u00e1beis ou \u00e1reas afins;<\/p>\n\n\n\n<p>Experi\u00eancia \u2013 registrada na Carteira de Trabalho;<\/p>\n\n\n\n<p>Requisitos obrigat\u00f3rios \u2013 ter experi\u00eancia pr\u00e9via em atividades administrativas e financeiras; conhecimento em Pacote Office (Excel), sistema de gest\u00e3o financeira e curso de Ingl\u00eas intermedi\u00e1rio;<\/p>\n\n\n\n<p>Atividades \u2013 realizar atividades administrativas, como controle de documentos, elabora\u00e7\u00e3o de relat\u00f3rios e suporte \u00e0 gest\u00e3o de processos; realizar controle de notas fiscais e faturas; dar suporte ao departamento de Recursos Humanos em atividades como admiss\u00e3o, demiss\u00e3o e controle de ponto.<\/p>\n\n\n\n<p>Dispon\u00edvel at\u00e9 21\/7\/2023 ou encerramento da vaga.<\/p>\n\n\n\n<p><strong>1 vaga \u2013 Operador de Extrusora<\/strong><\/p>\n\n\n\n<p>Escolaridade \u2013 ensino m\u00e9dio completo;<\/p>\n\n\n\n<p>Experi\u00eancia \u2013 registrada na Carteira de Trabalho;<\/p>\n\n\n\n<p>Requisitos obrigat\u00f3rios \u2013 desej\u00e1vel ter forma\u00e7\u00e3o t\u00e9cnica em Mec\u00e2nica, Mecatr\u00f4nica, el\u00e9trica ou \u00e1reas correlatas; conhecimento em opera\u00e7\u00e3o de m\u00e1quinas de extrus\u00e3o e equipamentos auxiliares; disponibilidade para trabalhar em turnos, incluindo finais de semana e feriados; conhecimento em normas e regulamenta\u00e7\u00f5es de seguran\u00e7a industrial;<\/p>\n\n\n\n<p>Atividades \u2013 regular a extrusora conforme ficha t\u00e9cnica; solicitar ao t\u00e9cnico da qualidade testes para libera\u00e7\u00e3o da produ\u00e7\u00e3o; operar a extrusora para produ\u00e7\u00e3o conforme demanda da O.P; manter o local de trabalho limpo e organizado; utilizar os EPIs conforme definido para sua fun\u00e7\u00e3o.<\/p>\n\n\n\n<p>Dispon\u00edvel at\u00e9 21\/7\/2023 ou encerramento da vaga.<\/p>\n\n\n\n<p><strong>1 vaga \u2013 T\u00e9cnico em Laborat\u00f3rio<\/strong><\/p>\n\n\n\n<p>Escolaridade \u2013 ensino t\u00e9cnico completo em Qu\u00edmica;<\/p>\n\n\n\n<p>Experi\u00eancia \u2013 registrada na Carteira de Trabalho;<\/p>\n\n\n\n<p>Requisitos obrigat\u00f3rios \u2013&nbsp;ter conhecimento em t\u00e9cnicas de an\u00e1lise qu\u00edmica e f\u00edsica de pol\u00edmeros; familiaridade com equipamentos de laborat\u00f3rio, como medidor e \u00edndice de fluidez, teste de impacto, color\u00edmetro, entre outros; habilidade em interpretar resultados de testes e elaborar relat\u00f3rios t\u00e9cnicos; experi\u00eancia pr\u00e9via em laborat\u00f3rio de an\u00e1lise de pol\u00edmeros; conhecimento em normas e regulamenta\u00e7\u00f5es de seguran\u00e7a em laborat\u00f3rio, em Pacote Office (Excel) e Ingl\u00eas intermedi\u00e1rio; disponibilidade para trabalhar em per\u00edodo integral;<\/p>\n\n\n\n<p>Atividades \u2013&nbsp;atuar na \u00e1rea de controle de qualidade, em rotina de laborat\u00f3rio qu\u00edmico e an\u00e1lise de controle de qualidade; controlar os documentos pertinentes ao laborat\u00f3rio.<\/p>\n\n\n\n<p>Dispon\u00edvel at\u00e9 21\/7\/2023 ou encerramento da vaga.<\/p>\n\n\n\n<p><strong>1 vaga \u2013 Analista em Laborat\u00f3rio<\/strong><\/p>\n\n\n\n<p>Escolaridade \u2013 ensino t\u00e9cnico completo em Qu\u00edmica;<\/p>\n\n\n\n<p>Experi\u00eancia \u2013 registrada na Carteira de Trabalho;<\/p>\n\n\n\n<p>Requisitos obrigat\u00f3rios \u2013&nbsp;ter conhecimento em t\u00e9cnicas de an\u00e1lise qu\u00edmica e f\u00edsica de pol\u00edmeros, familiaridade com equipamentos de laborat\u00f3rio, como medidor e \u00edndice de fluidez, teste de impacto, color\u00edmetro, entre outros, habilidade em interpretar resultados de testes e elaborar relat\u00f3rios t\u00e9cnicos. Experi\u00eancia pr\u00e9via em laborat\u00f3rio de an\u00e1lise de pol\u00edmeros, conhecimento em normas e regulamenta\u00e7\u00f5es de seguran\u00e7a em laborat\u00f3rio, conhecimento em Pacote Office, principalmente em Excel, Ingl\u00eas Intermedi\u00e1rio. Disponibilidade para trabalhar em per\u00edodo integral;<\/p>\n\n\n\n<p>Atividades &#8211; atua na \u00e1rea de controle de qualidade, rotina de laborat\u00f3rio qu\u00edmico, an\u00e1lises de controle de qualidade, al\u00e9m de controlar os documentos pertinentes ao laborat\u00f3rio.<\/p>\n\n\n\n<p>Dispon\u00edvel at\u00e9 21\/7\/2023 ou encerramento da vaga.<\/p>\n\n\n\n<p><strong>2 vagas \u2013 Operador Multifuncional \u2013 vagas exclusivas para Pessoas com Defici\u00eancia (PcD)<\/strong><\/p>\n\n\n\n<p>Escolaridade \u2013 ensino m\u00e9dio completo;<\/p>\n\n\n\n<p>Experi\u00eancia \u2013 seis meses na Carteira de Trabalho;<\/p>\n\n\n\n<p>Atividades \u2013 preparar, ajustar e operar m\u00e1quinas de produ\u00e7\u00e3o; garantir a qualidade das m\u00e1quinas por meio da realiza\u00e7\u00e3o de testes, frequ\u00eancia e padr\u00f5es estipulados; manter a limpeza das m\u00e1quinas e a organiza\u00e7\u00e3o do setor.<\/p>\n\n\n\n<p>Dispon\u00edvel at\u00e9 21\/7\/2023 ou encerramento da vaga.<\/p>\n\n\n\n<p><strong>1 vaga \u2013 Operador de Extrusora<\/strong><\/p>\n\n\n\n<p>Escolaridade \u2013 ensino m\u00e9dio completo;<\/p>\n\n\n\n<p>Experi\u00eancia \u2013 registrada na Carteira de Trabalho;<\/p>\n\n\n\n<p>Requisitos obrigat\u00f3rios \u2013 ter experi\u00eancia em m\u00e1quina de extrusora bal\u00e3o; disponibilidade de hor\u00e1rio; residir no Distrito Industrial I ou proximidades;<\/p>\n\n\n\n<p>Atividades \u2013 realizar interfaces de turnos de trabalho; programar atividades de produ\u00e7\u00e3o; monitorar funcionamento de equipamentos e sistemas; controlar par\u00e2metros do processo produtivo, operar suas etapas e movimentar materiais e insumos; transformar pol\u00edmeros em produtos intermedi\u00e1rios ou finais e realizar manuten\u00e7\u00e3o de primeiro n\u00edvel; trabalhar em conformidade com as normas e procedimentos t\u00e9cnicos de qualidade, seguran\u00e7a, higiene, sa\u00fade e preserva\u00e7\u00e3o ambiental.<\/p>\n\n\n\n<p>Dispon\u00edvel at\u00e9 21\/7\/2023 ou encerramento da vaga.<\/p>\n\n\n\n<p><strong>1 vaga \u2013 Auxiliar Administrativo<\/strong><\/p>\n\n\n\n<p>Escolaridade \u2013 ensino m\u00e9dio completo;<\/p>\n\n\n\n<p>Experi\u00eancia \u2013 registrada na Carteira de Trabalho;<\/p>\n\n\n\n<p>Requisitos obrigat\u00f3rios \u2013 ter experi\u00eancia com faturamento; residir nos seguintes bairros: Japiim, Armando Mendes, Novo Aleixo, Jorge Teixeira, S\u00e3o Jos\u00e9 ou proximidades do Studio 5;<\/p>\n\n\n\n<p>Atividades \u2013 executar servi\u00e7os de apoio nas \u00e1reas de recursos humanos, administra\u00e7\u00e3o, finan\u00e7as e log\u00edstica; atender fornecedores e clientes; fornecer e receber informa\u00e7\u00f5es sobre produtos e servi\u00e7os; administrar documentos variados, cumprindo todo os procedimentos necess\u00e1rios; preparar relat\u00f3rios e planilhas; realizar servi\u00e7os gerais de escrit\u00f3rios.<\/p>\n\n\n\n<p>Dispon\u00edvel at\u00e9 21\/7\/2023 ou encerramento da vaga.<\/p>\n\n\n\n<p><strong>10 vagas \u2013 Auxiliar de Produ\u00e7\u00e3o<\/strong><\/p>\n\n\n\n<p>Escolaridade \u2013 ensino m\u00e9dio completo;<\/p>\n\n\n\n<p>Experi\u00eancia \u2013 registrada na Carteira de Trabalho;<\/p>\n\n\n\n<p>Requisitos obrigat\u00f3rios \u2013 ter disponibilidade para trabalhar no terceiro turno e para trabalho bra\u00e7al; ter curso de TBO; residir preferencialmente no bairro Tarum\u00e3-A\u00e7\u00fa;<\/p>\n\n\n\n<p>Atividades \u2013 preparar materiais para alimenta\u00e7\u00e3o de linhas de produ\u00e7\u00e3o; organizar a \u00e1rea de servi\u00e7o; abastecer linhas de produ\u00e7\u00e3o; alimentar m\u00e1quinas e separar materiais para reaproveitamento.<\/p>\n\n\n\n<p>Dispon\u00edvel at\u00e9 21\/7\/2023 ou encerramento da vaga.<\/p>\n\n\n\n<p><strong>2 vagas \u2013 Promotor de Loja \u2013 vagas exclusivas para Pessoas com Defici\u00eancia (PcD)<\/strong><\/p>\n\n\n\n<p>Escolaridade \u2013 ensino m\u00e9dio completo;<\/p>\n\n\n\n<p>Experi\u00eancia \u2013 seis meses na Carteira de Trabalho;<\/p>\n\n\n\n<p>Atividades \u2013 respons\u00e1vel por apresentar a empresa a potenciais clientes; elaborar metas e negociar propostas, entre outras coisas.<\/p>\n\n\n\n<p>Dispon\u00edvel at\u00e9 21\/7\/2023 ou encerramento da vaga.<\/p>\n\n\n\n<p><strong>1 vaga \u2013 Eletromec\u00e2nico<\/strong><\/p>\n\n\n\n<p>Escolaridade \u2013 ensino t\u00e9cnico em eletromec\u00e2nica ou el\u00e9trica completo;<\/p>\n\n\n\n<p>Experi\u00eancia \u2013 registrada na Carteira de Trabalho;<\/p>\n\n\n\n<p>Requisitos obrigat\u00f3rios \u2013 ter disponibilidade para trabalhar em linhas de alta tens\u00e3o, transformadores 220v, 110v e 380v;<\/p>\n\n\n\n<p>Atividades \u2013 realizar manuten\u00e7\u00e3o corretiva e preventiva em m\u00e1quinas de inje\u00e7\u00e3o pl\u00e1stica.<\/p>\n\n\n\n<p>Dispon\u00edvel at\u00e9 21\/7\/2023 ou encerramento da vaga.<\/p>\n\n\n\n<p><strong>Vagas em Servi\u00e7os \u2013 45<\/strong><\/p>\n\n\n\n<p><strong>1 vaga \u2013 Oficial de Manuten\u00e7\u00e3o \u2013 vaga exclusiva para Pessoa com Defici\u00eancia (PcD)<\/strong><\/p>\n\n\n\n<p>Escolaridade \u2013 ensino m\u00e9dio completo;<\/p>\n\n\n\n<p>Experi\u00eancia \u2013 n\u00e3o \u00e9 necess\u00e1rio;<\/p>\n\n\n\n<p>Atividades \u2013&nbsp;limpar internos e externos, executando limpeza \u00famida e seca; limpar banheiros e demais ambientes de higiene pessoal; realizar coleta de lixo comum e recicl\u00e1vel; limpar portas e janelas de vidro, paredes e teto; cuidar dos vasos de plantas internas; varrer ambientes externos, coletando folhas secas; limpar cozinhas, \u00e1rea de servi\u00e7o, garagens e p\u00e1tios, assoalhos e m\u00f3veis, carpetes e tapetes; abastecer os ambientes com materiais; executar outras tarefas relacionadas \u00e0 \u00e1rea.<\/p>\n\n\n\n<p>Dispon\u00edvel at\u00e9 21\/7\/2023 ou encerramento da vaga.<\/p>\n\n\n\n<p><strong>6 vagas \u2013 Bombeiro Civil<\/strong><\/p>\n\n\n\n<p>Escolaridade \u2013 ensino m\u00e9dio completo;<\/p>\n\n\n\n<p>Experi\u00eancia \u2013 registrada na Carteira de Trabalho;<\/p>\n\n\n\n<p>Requisitos obrigat\u00f3rios \u2013 ter registro (CBMMA) ativo e atualizado; conhecimento e dom\u00ednio das NRs e NBRs relacionadas a combate a inc\u00eandio e emerg\u00eancia; cursos de NR-33, NR-35, NR-20&nbsp;e Condutor de Ambul\u00e2ncia&nbsp;atualizados; Carteira Nacional de Habilita\u00e7\u00e3o categoria \u201cD\u201d dentro do prazo de validade e disponibilidade para atuar em regime de escala 12&#215;8;<\/p>\n\n\n\n<p>Atividades \u2013 atuar na brigada e simulados de emerg\u00eancia; inspecionar equipamentos de emerg\u00eancia e combate a inc\u00eandio; identificar e levantar os mapas de cen\u00e1rios de riscos da unidade; transporte de pessoas em emerg\u00eancia e urg\u00eancia (incluindo hospitais em Manaus e arredores).<\/p>\n\n\n\n<p>Dispon\u00edvel at\u00e9 21\/7\/2023 ou encerramento da vaga.<\/p>\n\n\n\n<p><strong>4 vagas \u2013 T\u00e9cnico em Seguran\u00e7a do Trabalho<\/strong><\/p>\n\n\n\n<p>Escolaridade \u2013 ensino t\u00e9cnico em seguran\u00e7a do trabalho completo;<\/p>\n\n\n\n<p>Experi\u00eancia \u2013 registrada na Carteira de Trabalho;<\/p>\n\n\n\n<p>Requisitos obrigat\u00f3rios \u2013 ter Carteira Nacional de Habilita\u00e7\u00e3o categoria \u201cB\u201d dentro do prazo de validade e disponibilidade para atuar em regime de escala 12&#215;8;<\/p>\n\n\n\n<p>Atividades \u2013 dar suporte t\u00e9cnico \u00e0s \u00e1reas da empresa, referente a seguran\u00e7a de todos os colaboradores, atrav\u00e9s de participa\u00e7\u00e3o em reuni\u00f5es, campanhas, auditorias, inspe\u00e7\u00f5es e a\u00e7\u00f5es de conscientiza\u00e7\u00e3o e melhorias, assegurando o cumprimento dos procedimentos de SSO; observar e cumprir procedimentos, diretrizes, especifica\u00e7\u00f5es t\u00e9cnicas e orienta\u00e7\u00f5es recebidas, garantindo a qualidade e confiabilidade dos trabalhos realizados e cumprimentos de prazos, de acordo com as pol\u00edticas, normas e procedimentos de SSO; conhecer tecnicamente e operar equipamentos e instrumentos relacionados \u00e0s atividades do T\u00e9cnico de Seguran\u00e7a do Trabalho, como, medidores de faixas m\u00faltiplas, press\u00e3o sonora e stress t\u00e9rmico.<\/p>\n\n\n\n<p>Dispon\u00edvel at\u00e9 21\/7\/2023 ou encerramento da vaga.<\/p>\n\n\n\n<p><strong>1 vaga \u2013 T\u00e9cnico em Seguran\u00e7a do Trabalho<\/strong><\/p>\n\n\n\n<p>Escolaridade \u2013 ensino t\u00e9cnico em seguran\u00e7a do trabalho completo;<\/p>\n\n\n\n<p>Experi\u00eancia \u2013 registrada na Carteira de Trabalho;<\/p>\n\n\n\n<p>Requisitos obrigat\u00f3rios \u2013 ter Registro Profissional do MTE ativo;<\/p>\n\n\n\n<p>Atividades \u2013 elabora\u00e7\u00e3o e acompanhamento de programas de preven\u00e7\u00e3o de acidentes; controle e atualiza\u00e7\u00e3o de documenta\u00e7\u00e3o; realiza\u00e7\u00e3o de DDS e acompanhamento da opera\u00e7\u00e3o, entre outras atividades correlatas.<\/p>\n\n\n\n<p>Dispon\u00edvel at\u00e9 21\/7\/2023 ou encerramento da vaga.<\/p>\n\n\n\n<p><strong>1 vaga \u2013 Pintor de Obras<\/strong><\/p>\n\n\n\n<p>Escolaridade \u2013 ensino m\u00e9dio completo;<\/p>\n\n\n\n<p>Experi\u00eancia \u2013 seis meses na Carteira de Trabalho;<\/p>\n\n\n\n<p>Atividades \u2013 preparar e pintar as superf\u00edcies externas e internas de edif\u00edcios e outras obras civis, raspando, limpando, emassando e cobrindo com uma ou v\u00e1rias camadas de tinta.<\/p>\n\n\n\n<p>Dispon\u00edvel at\u00e9 21\/7\/2023 ou encerramento da vaga.<\/p>\n\n\n\n<p><strong>1 vaga \u2013 Marceneiro<\/strong><\/p>\n\n\n\n<p>Escolaridade \u2013 ensino m\u00e9dio completo;<\/p>\n\n\n\n<p>Experi\u00eancia \u2013 seis meses na Carteira de Trabalho;<\/p>\n\n\n\n<p>Atividades \u2013 confeccionar e reparar m\u00f3veis e pe\u00e7as, utilizando equipamento adequado e guiando-se por desenhos e especifica\u00e7\u00f5es; analisar a pe\u00e7a a ser fabricada, consultando desenhos, modelos, especifica\u00e7\u00f5es ou outras instru\u00e7\u00f5es.<\/p>\n\n\n\n<p>Dispon\u00edvel at\u00e9 21\/7\/2023 ou encerramento da vaga.<\/p>\n\n\n\n<p><strong>1 vaga \u2013 Auxiliar T\u00e9cnico de Refrigera\u00e7\u00e3o<\/strong><\/p>\n\n\n\n<p>Escolaridade \u2013 ensino m\u00e9dio completo;<\/p>\n\n\n\n<p>Experi\u00eancia \u2013 seis meses na Carteira de Trabalho;<\/p>\n\n\n\n<p>Atividades \u2013 atuar com reparo e manuseio de equipamentos de ar-condicionado, troca de pe\u00e7as e testes; realizar manuten\u00e7\u00e3o preventiva e corretiva nos equipamentos e componentes.<\/p>\n\n\n\n<p>Dispon\u00edvel at\u00e9 2\/7\/2023 ou encerramento da vaga.<\/p>\n\n\n\n<p><strong>1 vaga \u2013 T\u00e9cnico em Suporte de TI<\/strong><\/p>\n\n\n\n<p>Escolaridade \u2013 ensino m\u00e9dio completo;<\/p>\n\n\n\n<p>Experi\u00eancia \u2013 seis meses na Carteira de Trabalho;<\/p>\n\n\n\n<p>Requisitos obrigat\u00f3rios \u2013 ter Carteira Nacional de Habilita\u00e7\u00e3o categoria \u201cA\u201d e conhecimentos na \u00e1rea de TI;<\/p>\n\n\n\n<p>Atividades \u2013 auxiliar os usu\u00e1rios em problemas ou danos espec\u00edficos, como problemas em impressoras e e-mails, invas\u00f5es de sistema ou m\u00e1quinas corrompidas.<\/p>\n\n\n\n<p>Dispon\u00edvel at\u00e9 21\/7\/2023 ou encerramento da vaga.<\/p>\n\n\n\n<p><strong>5 vagas \u2013 Auxiliar de Limpeza \u2013 vagas exclusivas para Pessoas com Defici\u00eancia (PcD)<\/strong><\/p>\n\n\n\n<p>Escolaridade \u2013 ensino m\u00e9dio completo;<\/p>\n\n\n\n<p>Experi\u00eancia \u2013 n\u00e3o \u00e9 necess\u00e1rio;<\/p>\n\n\n\n<p>Atividades \u2013 realizar limpeza di\u00e1ria das depend\u00eancias da empresa; remover o p\u00f3 dos m\u00f3veis, fazer a varredura do piso, aspirar detritos, limpar ou lavar vidros e janelas, remover o lixo das lixeiras, higienizar os banheiros e repor materiais.<\/p>\n\n\n\n<p>Dispon\u00edvel at\u00e9 21\/7\/2023 ou encerramento da vaga.<\/p>\n\n\n\n<p><strong>1 vaga \u2013 T\u00e9cnico de Eletr\u00f4nico<\/strong><\/p>\n\n\n\n<p>Escolaridade \u2013 ensino m\u00e9dio completo;<\/p>\n\n\n\n<p>Experi\u00eancia \u2013 seis meses na Carteira de Trabalho;<\/p>\n\n\n\n<p>Requisitos obrigat\u00f3rios \u2013 ter Carteira Nacional de Habilita\u00e7\u00e3o categoria \u201cA\u201d;<\/p>\n\n\n\n<p>Atividades \u2013 executar e supervisionar a instala\u00e7\u00e3o e manuten\u00e7\u00e3o de equipamentos, sistemas eletr\u00f4nicos, de transmiss\u00e3o e recep\u00e7\u00e3o de sinais.<\/p>\n\n\n\n<p>Dispon\u00edvel at\u00e9 21\/7\/2023 ou encerramento da vaga.<\/p>\n\n\n\n<p><strong>1 vaga \u2013 Operador de Empilhadeira<\/strong><\/p>\n\n\n\n<p>Escolaridade \u2013 ensino m\u00e9dio completo;<\/p>\n\n\n\n<p>Experi\u00eancia \u2013 seis meses na Carteira de Trabalho;<\/p>\n\n\n\n<p>Requisitos obrigat\u00f3rios \u2013 ter certificado de operador de empilhadeira a g\u00e1s atual (m\u00ednimo de 40 horas) expedido por \u00f3rg\u00e3o competente e Carteira Nacional de Habilita\u00e7\u00e3o categoria \u201cB\u201d;<\/p>\n\n\n\n<p>Atividades \u2013 respons\u00e1vel por manusear, transportar, movimentar e armazenar cargas, materiais e produtos preestabelecidos pela empresa, por meio da condu\u00e7\u00e3o de empilhadeira.<\/p>\n\n\n\n<p>Dispon\u00edvel at\u00e9 21\/7\/2023 ou encerramento da vaga.<\/p>\n\n\n\n<p><strong>1 vaga \u2013 Bab\u00e1<\/strong><\/p>\n\n\n\n<p>Escolaridade \u2013 ensino m\u00e9dio completo;<\/p>\n\n\n\n<p>Experi\u00eancia \u2013 seis meses na Carteira de Trabalho;<\/p>\n\n\n\n<p>Atividades \u2013 preparar as refei\u00e7\u00f5es das crian\u00e7as, aliment\u00e1-las e trocar fraldas; manter o quarto limpo e arrumado, incluindo camas e len\u00e7\u00f3is; lavar e passar roupas; levar as crian\u00e7as para passear e brincar.<\/p>\n\n\n\n<p>Dispon\u00edvel at\u00e9 21\/7\/2023 ou encerramento da vaga.<\/p>\n\n\n\n<p><strong>2 vagas \u2013 Motorista de Caminh\u00e3o<\/strong><\/p>\n\n\n\n<p>Escolaridade \u2013 ensino m\u00e9dio completo;<\/p>\n\n\n\n<p>Experi\u00eancia \u2013 seis meses na Carteira de Trabalho;<\/p>\n\n\n\n<p>Requisitos obrigat\u00f3rios \u2013 ter curso de MOPP e Carteira Nacional de Habilita\u00e7\u00e3o categoria \u201cD\u201d dentro do prazo de validade; residir nas proximidades ou na zona Leste de Manaus;<\/p>\n\n\n\n<p>Atividades \u2013 transportar, coletar e entregar cargas no Polo Industrial de Manaus.<\/p>\n\n\n\n<p>Dispon\u00edvel at\u00e9 21\/7\/2023 ou encerramento da vaga.<\/p>\n\n\n\n<p><strong>5 vagas \u2013 Auxiliar de Produ\u00e7\u00e3o \u2013 vagas exclusivas para Pessoas com Defici\u00eancia (PcD)<\/strong><\/p>\n\n\n\n<p>Escolaridade \u2013 ensino m\u00e9dio completo;<\/p>\n\n\n\n<p>Experi\u00eancia \u2013 seis meses na Carteira de Trabalho;<\/p>\n\n\n\n<p>Requisitos obrigat\u00f3rios \u2013 ter disponibilidade para atuar em escala 12&#215;8;<\/p>\n\n\n\n<p>Atividades \u2013 organizar a \u00e1rea de trabalho; separar materiais e ferramentas que ser\u00e3o utilizados; preparar e conduzir m\u00e1quinas, sempre zelando pela organiza\u00e7\u00e3o e limpeza da linha de produ\u00e7\u00e3o.<\/p>\n\n\n\n<p>Dispon\u00edvel at\u00e9 21\/7\/2023 ou encerramento da vaga.<\/p>\n\n\n\n<p><strong>5 vagas \u2013 Auxiliar Administrativo \u2013 vagas exclusivas para Pessoas com Defici\u00eancia (PcD)<\/strong><\/p>\n\n\n\n<p>Escolaridade \u2013 ensino m\u00e9dio completo;<\/p>\n\n\n\n<p>Experi\u00eancia \u2013 seis meses na Carteira de Trabalho;<\/p>\n\n\n\n<p>Requisitos obrigat\u00f3rios \u2013 ter pacote Office e disponibilidade para atuar em escala 12&#215;8;<\/p>\n\n\n\n<p>Atividades \u2013 garantir suporte administrativo e operacional \u00e0s demais \u00e1reas da empresa, com atendimento telef\u00f4nico, organiza\u00e7\u00e3o de arquivos, envio de documentos e gest\u00e3o de planilhas.<\/p>\n\n\n\n<p>Dispon\u00edvel at\u00e9 21\/7\/2023 ou encerramento da vaga.<\/p>\n\n\n\n<p><strong>4 vagas \u2013 Servente de Obras<\/strong><\/p>\n\n\n\n<p>Escolaridade \u2013 ensino m\u00e9dio completo;<\/p>\n\n\n\n<p>Experi\u00eancia \u2013 seis meses na Carteira de Trabalho;<\/p>\n\n\n\n<p>Atividades \u2013 reparar e transportar materiais, ferramentas, aparelhos e demais pe\u00e7as, limpando e arrumando de acordo com instru\u00e7\u00f5es; auxiliar o oficial ou encarregado, em conjunto ou sozinho para levar a bom termo a execu\u00e7\u00e3o das tarefas; zelar pela conserva\u00e7\u00e3o dos locais onde est\u00e3o sendo realizados os servi\u00e7os.<\/p>\n\n\n\n<p>Dispon\u00edvel at\u00e9 21\/7\/2023 ou encerramento da vaga.<\/p>\n\n\n\n<p><strong>1 vaga \u2013 Ajudante de Eletricista&nbsp;<\/strong><\/p>\n\n\n\n<p>Escolaridade \u2013 ensino m\u00e9dio completo;<\/p>\n\n\n\n<p>Experi\u00eancia \u2013 seis meses na Carteira de Trabalho;<\/p>\n\n\n\n<p>Atividades \u2013 auxiliar o eletricista na montagem, ajustamento, instala\u00e7\u00e3o e manuten\u00e7\u00e3o de aparelhos e equipamentos el\u00e9tricos; auxiliar na repara\u00e7\u00e3o de aparelhos el\u00e9tricos.<\/p>\n\n\n\n<p>Dispon\u00edvel at\u00e9 21\/7\/2023 ou encerramento da vaga.<\/p>\n\n\n\n<p><strong>2 vagas \u2013 Bombeiro Hidr\u00e1ulico&nbsp;&nbsp;<\/strong><\/p>\n\n\n\n<p>Escolaridade \u2013 ensino m\u00e9dio completo;<\/p>\n\n\n\n<p>Experi\u00eancia \u2013 seis meses na Carteira de Trabalho;<\/p>\n\n\n\n<p>Atividades \u2013 realizar instala\u00e7\u00f5es de tubula\u00e7\u00f5es; definir tra\u00e7ados e dimensionar tubula\u00e7\u00f5es; especificar, quantificar e inspecionar materiais; preparar locais para instala\u00e7\u00f5es, realizar pr\u00e9-montagem e instalar tubula\u00e7\u00f5es; realizar testes operacionais de press\u00e3o de fluidos e estanqueidade.<\/p>\n\n\n\n<p>Dispon\u00edvel at\u00e9 21\/7\/2023 ou encerramento da vaga.<\/p>\n\n\n\n<p><strong>1 vaga \u2013 Encarregado de Constru\u00e7\u00e3o Civil<\/strong><\/p>\n\n\n\n<p>Escolaridade \u2013 ensino m\u00e9dio completo;<\/p>\n\n\n\n<p>Experi\u00eancia \u2013 registrada na Carteira de Trabalho;<\/p>\n\n\n\n<p>Atividades \u2013 gerenciar a equipe e administrar os recursos da obra, para garantir o cronograma de atividades e entrega da constru\u00e7\u00e3o; gerenciar imprevistos junto aos respons\u00e1veis pelo empreendimento.<\/p>\n\n\n\n<p>Dispon\u00edvel at\u00e9 21\/7\/2023 ou encerramento da vaga.<\/p>\n\n\n\n<p><strong>1 vaga \u2013 Assistente de Engenharia (Constru\u00e7\u00e3o Civil)<\/strong><\/p>\n\n\n\n<p>Escolaridade \u2013 ensino superior cursando engenharia civil, a partir do 3\u00ba per\u00edodo;<\/p>\n\n\n\n<p>Experi\u00eancia \u2013 registrada na Carteira de Trabalho;<\/p>\n\n\n\n<p>Atividades \u2013 respons\u00e1vel por apoiar o trabalho do engenheiro civil em v\u00e1rios aspectos, incluindo a coordena\u00e7\u00e3o de projetos, a prepara\u00e7\u00e3o de relat\u00f3rios, a realiza\u00e7\u00e3o de pesquisas, a supervis\u00e3o de equipe t\u00e9cnica e o gerenciamento de documentos.<\/p>\n\n\n\n<p>Dispon\u00edvel at\u00e9 21\/7\/2023 ou encerramento da vaga.<\/p>\n\n\n\n<p>&#8212; &#8212; &#8212;<\/p>\n\n\n\n<p><strong>Texto \u2013 <\/strong>Divulga\u00e7\u00e3o \/ Semtepi<\/p>\n\n\n\n<p><strong>Fotos \u2013 <\/strong>Divulga\u00e7\u00e3o \/ Arquivo Semcom<\/p>\n\n\n\n<p><strong>Dispon\u00edveis em &#8211;<\/strong> <a href=\"https:\/\/flic.kr\/s\/aHBqjzGRm9\">https:\/\/flic.kr\/s\/aHBqjzGRm9<\/a><\/p>\n","protected":false},"excerpt":{"rendered":"","protected":false},"author":24,"featured_media":2312,"comment_status":"closed","ping_status":"closed","sticky":false,"template":"","format":"standard","meta":{"footnotes":""},"categories":[5],"tags":[15,16,11,17,8,18,19,10,12],"acf":[],"yoast_head":"<!-- This site is optimized with the Yoast SEO plugin v23.0 - https:\/\/yoast.com\/wordpress\/plugins\/seo\/ -->\n<title>Sine Manaus oferta 162 vagas de emprego nesta sexta-feira, 21\/7 - SEMTEPI<\/title>\n<meta name=\"description\" content=\"A Prefeitura de Manaus, por meio do Sine Manaus, oferta 162\u00a0vagas de emprego em v\u00e1rias \u00e1reas de atua\u00e7\u00e3o, nesta sexta-feira, 21\/7,\u00a0de 8h \u00e0s 16h.\" \/>\n<meta name=\"robots\" content=\"noindex, follow\" \/>\n<meta property=\"og:locale\" content=\"pt_BR\" \/>\n<meta property=\"og:type\" content=\"article\" \/>\n<meta property=\"og:title\" content=\"Sine Manaus oferta 162 vagas de emprego nesta sexta-feira, 21\/7 - SEMTEPI\" \/>\n<meta property=\"og:description\" content=\"A Prefeitura de Manaus, por meio do Sine Manaus, oferta 162\u00a0vagas de emprego em v\u00e1rias \u00e1reas de atua\u00e7\u00e3o, nesta sexta-feira, 21\/7,\u00a0de 8h \u00e0s 16h.\" \/>\n<meta property=\"og:url\" content=\"https:\/\/www.manaus.am.gov.br\/semtepi\/oportunidade\/sine-manaus-oferta-162-vagas-de-emprego-nesta-sexta-feira-21-7\/\" \/>\n<meta property=\"og:site_name\" content=\"SEMTEPI\" \/>\n<meta property=\"article:published_time\" content=\"2023-07-20T19:19:37+00:00\" \/>\n<meta property=\"article:modified_time\" content=\"2023-07-20T19:19:39+00:00\" \/>\n<meta property=\"og:image\" content=\"https:\/\/www.manaus.am.gov.br\/semtepi\/wp-content\/uploads\/sites\/20\/2023\/07\/51956702801_0c874aed26_o-1-1024x683.jpg\" \/>\n\t<meta property=\"og:image:width\" content=\"1024\" \/>\n\t<meta property=\"og:image:height\" content=\"683\" \/>\n\t<meta property=\"og:image:type\" content=\"image\/jpeg\" \/>\n<meta name=\"author\" content=\"Cl\u00e1udia Barbosa\" \/>\n<meta name=\"twitter:card\" content=\"summary_large_image\" \/>\n<meta name=\"twitter:label1\" content=\"Written by\" \/>\n\t<meta name=\"twitter:data1\" content=\"Cl\u00e1udia Barbosa\" \/>\n\t<meta name=\"twitter:label2\" content=\"Est. reading time\" \/>\n\t<meta name=\"twitter:data2\" content=\"24 minutos\" \/>\n<script type=\"application\/ld+json\" class=\"yoast-schema-graph\">{\"@context\":\"https:\/\/schema.org\",\"@graph\":[{\"@type\":\"Article\",\"@id\":\"https:\/\/www.manaus.am.gov.br\/semtepi\/oportunidade\/sine-manaus-oferta-162-vagas-de-emprego-nesta-sexta-feira-21-7\/#article\",\"isPartOf\":{\"@id\":\"https:\/\/www.manaus.am.gov.br\/semtepi\/oportunidade\/sine-manaus-oferta-162-vagas-de-emprego-nesta-sexta-feira-21-7\/\"},\"author\":{\"name\":\"Cl\u00e1udia Barbosa\",\"@id\":\"https:\/\/www.manaus.am.gov.br\/semtepi\/#\/schema\/person\/d0a166b5031154c33c77794ddc9a827e\"},\"headline\":\"Sine Manaus oferta 162 vagas de emprego nesta sexta-feira, 21\/7\",\"datePublished\":\"2023-07-20T19:19:37+00:00\",\"dateModified\":\"2023-07-20T19:19:39+00:00\",\"mainEntityOfPage\":{\"@id\":\"https:\/\/www.manaus.am.gov.br\/semtepi\/oportunidade\/sine-manaus-oferta-162-vagas-de-emprego-nesta-sexta-feira-21-7\/\"},\"wordCount\":4911,\"publisher\":{\"@id\":\"https:\/\/www.manaus.am.gov.br\/semtepi\/#organization\"},\"image\":{\"@id\":\"https:\/\/www.manaus.am.gov.br\/semtepi\/oportunidade\/sine-manaus-oferta-162-vagas-de-emprego-nesta-sexta-feira-21-7\/#primaryimage\"},\"thumbnailUrl\":\"https:\/\/www.manaus.am.gov.br\/semtepi\/wp-content\/uploads\/sites\/20\/2023\/07\/51956702801_0c874aed26_o-1.jpg\",\"keywords\":[\"avenida Constantino Nery\",\"Carteira de Trabalho Digital\",\"emprego\",\"escolaridade\",\"prefeitura de manaus\",\"requisitos obrigat\u00f3rios\",\"shopping phelippe daou\",\"sine manaus\",\"vagas\"],\"articleSection\":[\"Oportunidade\"],\"inLanguage\":\"pt-BR\"},{\"@type\":\"WebPage\",\"@id\":\"https:\/\/www.manaus.am.gov.br\/semtepi\/oportunidade\/sine-manaus-oferta-162-vagas-de-emprego-nesta-sexta-feira-21-7\/\",\"url\":\"https:\/\/www.manaus.am.gov.br\/semtepi\/oportunidade\/sine-manaus-oferta-162-vagas-de-emprego-nesta-sexta-feira-21-7\/\",\"name\":\"Sine Manaus oferta 162 vagas de emprego nesta sexta-feira, 21\/7 - SEMTEPI\",\"isPartOf\":{\"@id\":\"https:\/\/www.manaus.am.gov.br\/semtepi\/#website\"},\"primaryImageOfPage\":{\"@id\":\"https:\/\/www.manaus.am.gov.br\/semtepi\/oportunidade\/sine-manaus-oferta-162-vagas-de-emprego-nesta-sexta-feira-21-7\/#primaryimage\"},\"image\":{\"@id\":\"https:\/\/www.manaus.am.gov.br\/semtepi\/oportunidade\/sine-manaus-oferta-162-vagas-de-emprego-nesta-sexta-feira-21-7\/#primaryimage\"},\"thumbnailUrl\":\"https:\/\/www.manaus.am.gov.br\/semtepi\/wp-content\/uploads\/sites\/20\/2023\/07\/51956702801_0c874aed26_o-1.jpg\",\"datePublished\":\"2023-07-20T19:19:37+00:00\",\"dateModified\":\"2023-07-20T19:19:39+00:00\",\"description\":\"A Prefeitura de Manaus, por meio do Sine Manaus, oferta 162\u00a0vagas de emprego em v\u00e1rias \u00e1reas de atua\u00e7\u00e3o, nesta sexta-feira, 21\/7,\u00a0de 8h \u00e0s 16h.\",\"breadcrumb\":{\"@id\":\"https:\/\/www.manaus.am.gov.br\/semtepi\/oportunidade\/sine-manaus-oferta-162-vagas-de-emprego-nesta-sexta-feira-21-7\/#breadcrumb\"},\"inLanguage\":\"pt-BR\",\"potentialAction\":[{\"@type\":\"ReadAction\",\"target\":[\"https:\/\/www.manaus.am.gov.br\/semtepi\/oportunidade\/sine-manaus-oferta-162-vagas-de-emprego-nesta-sexta-feira-21-7\/\"]}]},{\"@type\":\"ImageObject\",\"inLanguage\":\"pt-BR\",\"@id\":\"https:\/\/www.manaus.am.gov.br\/semtepi\/oportunidade\/sine-manaus-oferta-162-vagas-de-emprego-nesta-sexta-feira-21-7\/#primaryimage\",\"url\":\"https:\/\/www.manaus.am.gov.br\/semtepi\/wp-content\/uploads\/sites\/20\/2023\/07\/51956702801_0c874aed26_o-1.jpg\",\"contentUrl\":\"https:\/\/www.manaus.am.gov.br\/semtepi\/wp-content\/uploads\/sites\/20\/2023\/07\/51956702801_0c874aed26_o-1.jpg\",\"width\":5760,\"height\":3840},{\"@type\":\"BreadcrumbList\",\"@id\":\"https:\/\/www.manaus.am.gov.br\/semtepi\/oportunidade\/sine-manaus-oferta-162-vagas-de-emprego-nesta-sexta-feira-21-7\/#breadcrumb\",\"itemListElement\":[{\"@type\":\"ListItem\",\"position\":1,\"name\":\"Home\",\"item\":\"https:\/\/www.manaus.am.gov.br\/semtepi\/\"},{\"@type\":\"ListItem\",\"position\":2,\"name\":\"Sine Manaus oferta 162 vagas de emprego nesta sexta-feira, 21\/7\"}]},{\"@type\":\"WebSite\",\"@id\":\"https:\/\/www.manaus.am.gov.br\/semtepi\/#website\",\"url\":\"https:\/\/www.manaus.am.gov.br\/semtepi\/\",\"name\":\"SEMTEPI\",\"description\":\"Prefeitura de Manaus\",\"publisher\":{\"@id\":\"https:\/\/www.manaus.am.gov.br\/semtepi\/#organization\"},\"alternateName\":\"Secretaria Municipal do Trabalho, Empreendedorismo e Inova\u00e7\u00e3o\",\"potentialAction\":[{\"@type\":\"SearchAction\",\"target\":{\"@type\":\"EntryPoint\",\"urlTemplate\":\"https:\/\/www.manaus.am.gov.br\/semtepi\/?s={search_term_string}\"},\"query-input\":\"required name=search_term_string\"}],\"inLanguage\":\"pt-BR\"},{\"@type\":\"Organization\",\"@id\":\"https:\/\/www.manaus.am.gov.br\/semtepi\/#organization\",\"name\":\"Prefeitura Municipal de Manaus\",\"alternateName\":\"Prefeitura de Manaus\",\"url\":\"https:\/\/www.manaus.am.gov.br\/semtepi\/\",\"logo\":{\"@type\":\"ImageObject\",\"inLanguage\":\"pt-BR\",\"@id\":\"https:\/\/www.manaus.am.gov.br\/semtepi\/#\/schema\/logo\/image\/\",\"url\":\"https:\/\/www.manaus.am.gov.br\/semtepi\/wp-content\/uploads\/sites\/20\/2024\/07\/favicon.png\",\"contentUrl\":\"https:\/\/www.manaus.am.gov.br\/semtepi\/wp-content\/uploads\/sites\/20\/2024\/07\/favicon.png\",\"width\":300,\"height\":300,\"caption\":\"Prefeitura Municipal de Manaus\"},\"image\":{\"@id\":\"https:\/\/www.manaus.am.gov.br\/semtepi\/#\/schema\/logo\/image\/\"}},{\"@type\":\"Person\",\"@id\":\"https:\/\/www.manaus.am.gov.br\/semtepi\/#\/schema\/person\/d0a166b5031154c33c77794ddc9a827e\",\"name\":\"Cl\u00e1udia Barbosa\",\"image\":{\"@type\":\"ImageObject\",\"inLanguage\":\"pt-BR\",\"@id\":\"https:\/\/www.manaus.am.gov.br\/semtepi\/#\/schema\/person\/image\/\",\"url\":\"https:\/\/secure.gravatar.com\/avatar\/42958a1cf007f1a00534009218c72590?s=96&d=mm&r=g\",\"contentUrl\":\"https:\/\/secure.gravatar.com\/avatar\/42958a1cf007f1a00534009218c72590?s=96&d=mm&r=g\",\"caption\":\"Cl\u00e1udia Barbosa\"}}]}<\/script>\n<!-- \/ Yoast SEO plugin. -->","yoast_head_json":{"title":"Sine Manaus oferta 162 vagas de emprego nesta sexta-feira, 21\/7 - SEMTEPI","description":"A Prefeitura de Manaus, por meio do Sine Manaus, oferta 162\u00a0vagas de emprego em v\u00e1rias \u00e1reas de atua\u00e7\u00e3o, nesta sexta-feira, 21\/7,\u00a0de 8h \u00e0s 16h.","robots":{"index":"noindex","follow":"follow"},"og_locale":"pt_BR","og_type":"article","og_title":"Sine Manaus oferta 162 vagas de emprego nesta sexta-feira, 21\/7 - SEMTEPI","og_description":"A Prefeitura de Manaus, por meio do Sine Manaus, oferta 162\u00a0vagas de emprego em v\u00e1rias \u00e1reas de atua\u00e7\u00e3o, nesta sexta-feira, 21\/7,\u00a0de 8h \u00e0s 16h.","og_url":"https:\/\/www.manaus.am.gov.br\/semtepi\/oportunidade\/sine-manaus-oferta-162-vagas-de-emprego-nesta-sexta-feira-21-7\/","og_site_name":"SEMTEPI","article_published_time":"2023-07-20T19:19:37+00:00","article_modified_time":"2023-07-20T19:19:39+00:00","og_image":[{"width":1024,"height":683,"url":"https:\/\/www.manaus.am.gov.br\/semtepi\/wp-content\/uploads\/sites\/20\/2023\/07\/51956702801_0c874aed26_o-1-1024x683.jpg","type":"image\/jpeg"}],"author":"Cl\u00e1udia Barbosa","twitter_card":"summary_large_image","twitter_misc":{"Written by":"Cl\u00e1udia Barbosa","Est. reading time":"24 minutos"},"schema":{"@context":"https:\/\/schema.org","@graph":[{"@type":"Article","@id":"https:\/\/www.manaus.am.gov.br\/semtepi\/oportunidade\/sine-manaus-oferta-162-vagas-de-emprego-nesta-sexta-feira-21-7\/#article","isPartOf":{"@id":"https:\/\/www.manaus.am.gov.br\/semtepi\/oportunidade\/sine-manaus-oferta-162-vagas-de-emprego-nesta-sexta-feira-21-7\/"},"author":{"name":"Cl\u00e1udia Barbosa","@id":"https:\/\/www.manaus.am.gov.br\/semtepi\/#\/schema\/person\/d0a166b5031154c33c77794ddc9a827e"},"headline":"Sine Manaus oferta 162 vagas de emprego nesta sexta-feira, 21\/7","datePublished":"2023-07-20T19:19:37+00:00","dateModified":"2023-07-20T19:19:39+00:00","mainEntityOfPage":{"@id":"https:\/\/www.manaus.am.gov.br\/semtepi\/oportunidade\/sine-manaus-oferta-162-vagas-de-emprego-nesta-sexta-feira-21-7\/"},"wordCount":4911,"publisher":{"@id":"https:\/\/www.manaus.am.gov.br\/semtepi\/#organization"},"image":{"@id":"https:\/\/www.manaus.am.gov.br\/semtepi\/oportunidade\/sine-manaus-oferta-162-vagas-de-emprego-nesta-sexta-feira-21-7\/#primaryimage"},"thumbnailUrl":"https:\/\/www.manaus.am.gov.br\/semtepi\/wp-content\/uploads\/sites\/20\/2023\/07\/51956702801_0c874aed26_o-1.jpg","keywords":["avenida Constantino Nery","Carteira de Trabalho Digital","emprego","escolaridade","prefeitura de manaus","requisitos obrigat\u00f3rios","shopping phelippe daou","sine manaus","vagas"],"articleSection":["Oportunidade"],"inLanguage":"pt-BR"},{"@type":"WebPage","@id":"https:\/\/www.manaus.am.gov.br\/semtepi\/oportunidade\/sine-manaus-oferta-162-vagas-de-emprego-nesta-sexta-feira-21-7\/","url":"https:\/\/www.manaus.am.gov.br\/semtepi\/oportunidade\/sine-manaus-oferta-162-vagas-de-emprego-nesta-sexta-feira-21-7\/","name":"Sine Manaus oferta 162 vagas de emprego nesta sexta-feira, 21\/7 - SEMTEPI","isPartOf":{"@id":"https:\/\/www.manaus.am.gov.br\/semtepi\/#website"},"primaryImageOfPage":{"@id":"https:\/\/www.manaus.am.gov.br\/semtepi\/oportunidade\/sine-manaus-oferta-162-vagas-de-emprego-nesta-sexta-feira-21-7\/#primaryimage"},"image":{"@id":"https:\/\/www.manaus.am.gov.br\/semtepi\/oportunidade\/sine-manaus-oferta-162-vagas-de-emprego-nesta-sexta-feira-21-7\/#primaryimage"},"thumbnailUrl":"https:\/\/www.manaus.am.gov.br\/semtepi\/wp-content\/uploads\/sites\/20\/2023\/07\/51956702801_0c874aed26_o-1.jpg","datePublished":"2023-07-20T19:19:37+00:00","dateModified":"2023-07-20T19:19:39+00:00","description":"A Prefeitura de Manaus, por meio do Sine Manaus, oferta 162\u00a0vagas de emprego em v\u00e1rias \u00e1reas de atua\u00e7\u00e3o, nesta sexta-feira, 21\/7,\u00a0de 8h \u00e0s 16h.","breadcrumb":{"@id":"https:\/\/www.manaus.am.gov.br\/semtepi\/oportunidade\/sine-manaus-oferta-162-vagas-de-emprego-nesta-sexta-feira-21-7\/#breadcrumb"},"inLanguage":"pt-BR","potentialAction":[{"@type":"ReadAction","target":["https:\/\/www.manaus.am.gov.br\/semtepi\/oportunidade\/sine-manaus-oferta-162-vagas-de-emprego-nesta-sexta-feira-21-7\/"]}]},{"@type":"ImageObject","inLanguage":"pt-BR","@id":"https:\/\/www.manaus.am.gov.br\/semtepi\/oportunidade\/sine-manaus-oferta-162-vagas-de-emprego-nesta-sexta-feira-21-7\/#primaryimage","url":"https:\/\/www.manaus.am.gov.br\/semtepi\/wp-content\/uploads\/sites\/20\/2023\/07\/51956702801_0c874aed26_o-1.jpg","contentUrl":"https:\/\/www.manaus.am.gov.br\/semtepi\/wp-content\/uploads\/sites\/20\/2023\/07\/51956702801_0c874aed26_o-1.jpg","width":5760,"height":3840},{"@type":"BreadcrumbList","@id":"https:\/\/www.manaus.am.gov.br\/semtepi\/oportunidade\/sine-manaus-oferta-162-vagas-de-emprego-nesta-sexta-feira-21-7\/#breadcrumb","itemListElement":[{"@type":"ListItem","position":1,"name":"Home","item":"https:\/\/www.manaus.am.gov.br\/semtepi\/"},{"@type":"ListItem","position":2,"name":"Sine Manaus oferta 162 vagas de emprego nesta sexta-feira, 21\/7"}]},{"@type":"WebSite","@id":"https:\/\/www.manaus.am.gov.br\/semtepi\/#website","url":"https:\/\/www.manaus.am.gov.br\/semtepi\/","name":"SEMTEPI","description":"Prefeitura de Manaus","publisher":{"@id":"https:\/\/www.manaus.am.gov.br\/semtepi\/#organization"},"alternateName":"Secretaria Municipal do Trabalho, Empreendedorismo e Inova\u00e7\u00e3o","potentialAction":[{"@type":"SearchAction","target":{"@type":"EntryPoint","urlTemplate":"https:\/\/www.manaus.am.gov.br\/semtepi\/?s={search_term_string}"},"query-input":"required name=search_term_string"}],"inLanguage":"pt-BR"},{"@type":"Organization","@id":"https:\/\/www.manaus.am.gov.br\/semtepi\/#organization","name":"Prefeitura Municipal de Manaus","alternateName":"Prefeitura de Manaus","url":"https:\/\/www.manaus.am.gov.br\/semtepi\/","logo":{"@type":"ImageObject","inLanguage":"pt-BR","@id":"https:\/\/www.manaus.am.gov.br\/semtepi\/#\/schema\/logo\/image\/","url":"https:\/\/www.manaus.am.gov.br\/semtepi\/wp-content\/uploads\/sites\/20\/2024\/07\/favicon.png","contentUrl":"https:\/\/www.manaus.am.gov.br\/semtepi\/wp-content\/uploads\/sites\/20\/2024\/07\/favicon.png","width":300,"height":300,"caption":"Prefeitura Municipal de Manaus"},"image":{"@id":"https:\/\/www.manaus.am.gov.br\/semtepi\/#\/schema\/logo\/image\/"}},{"@type":"Person","@id":"https:\/\/www.manaus.am.gov.br\/semtepi\/#\/schema\/person\/d0a166b5031154c33c77794ddc9a827e","name":"Cl\u00e1udia Barbosa","image":{"@type":"ImageObject","inLanguage":"pt-BR","@id":"https:\/\/www.manaus.am.gov.br\/semtepi\/#\/schema\/person\/image\/","url":"https:\/\/secure.gravatar.com\/avatar\/42958a1cf007f1a00534009218c72590?s=96&d=mm&r=g","contentUrl":"https:\/\/secure.gravatar.com\/avatar\/42958a1cf007f1a00534009218c72590?s=96&d=mm&r=g","caption":"Cl\u00e1udia Barbosa"}}]}},"_links":{"self":[{"href":"https:\/\/www.manaus.am.gov.br\/semtepi\/wp-json\/wp\/v2\/posts\/2311"}],"collection":[{"href":"https:\/\/www.manaus.am.gov.br\/semtepi\/wp-json\/wp\/v2\/posts"}],"about":[{"href":"https:\/\/www.manaus.am.gov.br\/semtepi\/wp-json\/wp\/v2\/types\/post"}],"author":[{"embeddable":true,"href":"https:\/\/www.manaus.am.gov.br\/semtepi\/wp-json\/wp\/v2\/users\/24"}],"replies":[{"embeddable":true,"href":"https:\/\/www.manaus.am.gov.br\/semtepi\/wp-json\/wp\/v2\/comments?post=2311"}],"version-history":[{"count":0,"href":"https:\/\/www.manaus.am.gov.br\/semtepi\/wp-json\/wp\/v2\/posts\/2311\/revisions"}],"wp:featuredmedia":[{"embeddable":true,"href":"https:\/\/www.manaus.am.gov.br\/semtepi\/wp-json\/wp\/v2\/media\/2312"}],"wp:attachment":[{"href":"https:\/\/www.manaus.am.gov.br\/semtepi\/wp-json\/wp\/v2\/media?parent=2311"}],"wp:term":[{"taxonomy":"category","embeddable":true,"href":"https:\/\/www.manaus.am.gov.br\/semtepi\/wp-json\/wp\/v2\/categories?post=2311"},{"taxonomy":"post_tag","embeddable":true,"href":"https:\/\/www.manaus.am.gov.br\/semtepi\/wp-json\/wp\/v2\/tags?post=2311"}],"curies":[{"name":"wp","href":"https:\/\/api.w.org\/{rel}","templated":true}]}}