{"id":2305,"date":"2023-07-20T14:12:27","date_gmt":"2023-07-20T18:12:27","guid":{"rendered":"https:\/\/www.manaus.am.gov.br\/semtepi\/sem-categoria\/prefeitura-de-manaus-ofertou-mais-de-4-mil-vagas-de-emprego-no-primeiro-semestre-de-2023\/"},"modified":"2023-07-20T14:12:28","modified_gmt":"2023-07-20T18:12:28","slug":"prefeitura-de-manaus-ofertou-mais-de-4-mil-vagas-de-emprego-no-primeiro-semestre-de-2023","status":"publish","type":"post","link":"https:\/\/www.manaus.am.gov.br\/semtepi\/empregabilidade\/prefeitura-de-manaus-ofertou-mais-de-4-mil-vagas-de-emprego-no-primeiro-semestre-de-2023\/","title":{"rendered":"<strong>Prefeitura de Manaus ofertou mais de 4 mil vagas de emprego no primeiro semestre de 2023<\/strong>"},"content":{"rendered":"\n<p>Comprometida com a empregabilidade e gera\u00e7\u00e3o de renda para a popula\u00e7\u00e3o, a Prefeitura de Manaus, por meio da Secretaria Municipal do Trabalho, Empreendedorismo e Inova\u00e7\u00e3o (Semtepi), ofertou 4.334 vagas de emprego no Sistema Nacional de Emprego (Sine Manaus) ao longo do primeiro semestre de 2023, que compete do dia 1\u00ba de janeiro a junho deste ano.<\/p>\n\n\n\n<p>O Sine Manaus, sob a administra\u00e7\u00e3o da Semtepi, \u00e9 respons\u00e1vel por proporcionar um ambiente prop\u00edcio para a busca e oferta de emprego, reunindo recursos e servi\u00e7os que facilitem a inser\u00e7\u00e3o e recoloca\u00e7\u00e3o profissional de trabalhadores no mercado de trabalho.<\/p>\n\n\n\n<p>\u201cNeste primeiro semestre de 2023, estamos enfrentando uma significativa onda de desemprego, o que tem levado muitas pessoas a buscarem o aux\u00edlio do Seguro-Desemprego. A quantidade de pessoas desempregadas \u00e9 expressiva, e nossa equipe tem trabalhado incansavelmente para lidar com esse desafio e empregar o maior n\u00famero de pessoas poss\u00edvel\u201d, frisou o diretor do Sine Manaus, F\u00e1bio Ara\u00fajo.<\/p>\n\n\n\n<p>Dentre as mais de 4 mil vagas, est\u00e3o inclusos: 10.286 trabalhadores encaminhados, 2.229 vagas preenchidas, al\u00e9m das 660 parcerias firmadas ao longo do semestre. Para as Pessoas com Defici\u00eancia (PcDs), foram 384 oportunidades ofertadas e 108 empresas que proporcionaram empregos de inclus\u00e3o da categoria.<\/p>\n\n\n\n<p>Para o oper\u00e1rio Azaf Mamede, que atualmente trabalha como Operador de Atendimento, esta \u00e9 a quinta vez que consegue um emprego com carteira assinada pelo Sine Manaus. O trabalhador utiliza os servi\u00e7os do sistema desde os 18 anos de idade e j\u00e1 realizou dois cursos por interm\u00e9dio do \u201cSine Qualifica\u201d.<\/p>\n\n\n\n<p>&#8220;Estou extremamente satisfeito com o Sine Manaus. Acabei de concluir a fase da experi\u00eancia no meu novo trabalho e posso dizer que est\u00e1 tudo \u00f3timo. Desde os meus 18 anos, venho utilizando esse servi\u00e7o, e s\u00f3 tenho a agradecer por tudo que conquistei por meio dele. Consegui tirar minha carteira digital e tive todos os procedimentos devidamente autorizados. Gostaria de enfatizar o quanto o Sine \u00e9 um sistema valioso para quem busca oportunidades de emprego. Recomendo enfaticamente aos moradores do meu bairro que explorem esse sistema, pois \u00e9 uma plataforma que oferece chances reais de conquistar um emprego&#8221;, ressaltou Azaf.<\/p>\n\n\n\n<p>Durante os seis meses, o departamento avan\u00e7ou nas a\u00e7\u00f5es alcan\u00e7ando progressos significativos, como o preenchimento de 50% das vagas divulgadas, superando a meta estimada de 27%.<\/p>\n\n\n\n<p>Com maiores perspectivas para auxiliar pessoas em suas trajet\u00f3rias profissionais, o Sine disp\u00f5e de outros servi\u00e7os gratuitos, como orienta\u00e7\u00e3o sobre Carteira de Trabalho e Previd\u00eancia Social (CTPS), entrada no seguro-desemprego e cadastro no sistema para inser\u00e7\u00e3o no mercado de trabalho.<\/p>\n\n\n\n<p>Al\u00e9m dos servi\u00e7os ofertados nos espa\u00e7os da prefeitura, a popula\u00e7\u00e3o tamb\u00e9m tem a oportunidade de participar de a\u00e7\u00f5es itinerantes de empregabilidade, por meio dos programas \u201cSine Qualifica\u201d, \u201cSine nos Bairros\u201d e \u201cSemtepi Itinerante\u201d, que visam levar atividades de qualifica\u00e7\u00e3o, emprego e empreendedorismo a pontos estrat\u00e9gicos da capital.<\/p>\n\n\n\n<p>\u201cO curso tem contribu\u00eddo significativamente para o crescimento das pessoas que hoje t\u00eam a higieniza\u00e7\u00e3o a seco como profiss\u00e3o, seja como uma fonte de renda extra ou como um novo of\u00edcio. Alguns alunos se destacaram, j\u00e1 adquiriram seus pr\u00f3prios materiais e equipamentos, e est\u00e3o atuando no mercado com suas pr\u00f3prias empresas. Certamente, o impacto positivo do curso \u00e9 not\u00e1vel. Alguns alunos buscaram empregos em empresas do ramo, enquanto outros se tornaram nossos parceiros, pois tamb\u00e9m atuamos como uma empresa de servi\u00e7os e oferecemos consultoria\u201d, explicou a coordenadora e facilitadora do curso de Higieniza\u00e7\u00e3o a Seco do programa \u201cSine Qualifica\u201d, Cristiane Gama.<\/p>\n\n\n\n<p>&#8212; &#8212; &#8212;<\/p>\n\n\n\n<p><strong>Texto \u2013 <\/strong>Fabiane Monteiro \/ Semtepi<\/p>\n\n\n\n<p><strong>Fotos \u2013 <\/strong>Arquivo \/ Semcom<\/p>\n\n\n\n<p><strong>Dispon\u00edveis em &#8211; <\/strong><a href=\"https:\/\/flic.kr\/s\/aHBqjArZt7\">https:\/\/flic.kr\/s\/aHBqjArZt7<\/a>, <strong>&nbsp;&nbsp;<\/strong><a href=\"https:\/\/flic.kr\/s\/aHBqjAgLyb\">https:\/\/flic.kr\/s\/aHBqjAgLyb<\/a> e <a href=\"https:\/\/flic.kr\/s\/aHBqjAehJN\">https:\/\/flic.kr\/s\/aHBqjAehJN<\/a><\/p>\n","protected":false},"excerpt":{"rendered":"","protected":false},"author":39,"featured_media":2306,"comment_status":"closed","ping_status":"closed","sticky":false,"template":"","format":"standard","meta":{"footnotes":""},"categories":[372],"tags":[373,374,375,376,8,9,10],"acf":[],"yoast_head":"<!-- This site is optimized with the Yoast SEO plugin v23.0 - https:\/\/yoast.com\/wordpress\/plugins\/seo\/ -->\n<title>Prefeitura de Manaus ofertou mais de 4 mil vagas de emprego no primeiro semestre de 2023<\/title>\n<meta name=\"description\" content=\"Comprometida com a empregabilidade e gera\u00e7\u00e3o de renda para a popula\u00e7\u00e3o, a Prefeitura de Manaus, por meio da Secretaria Municipal do Trabalho, Empreendedorismo e Inova\u00e7\u00e3o (Semtepi), ofertou 4.334 vagas de emprego no Sistema Nacional de Emprego (Sine Manaus) ao longo do primeiro semestre de 2023, que compete do dia 1\u00ba de janeiro a junho deste ano.\" \/>\n<meta name=\"robots\" content=\"noindex, follow\" \/>\n<meta property=\"og:locale\" content=\"pt_BR\" \/>\n<meta property=\"og:type\" content=\"article\" \/>\n<meta property=\"og:title\" content=\"Prefeitura de Manaus ofertou mais de 4 mil vagas de emprego no primeiro semestre de 2023\" \/>\n<meta property=\"og:description\" content=\"Comprometida com a empregabilidade e gera\u00e7\u00e3o de renda para a popula\u00e7\u00e3o, a Prefeitura de Manaus, por meio da Secretaria Municipal do Trabalho, Empreendedorismo e Inova\u00e7\u00e3o (Semtepi), ofertou 4.334 vagas de emprego no Sistema Nacional de Emprego (Sine Manaus) ao longo do primeiro semestre de 2023, que compete do dia 1\u00ba de janeiro a junho deste ano.\" \/>\n<meta property=\"og:url\" content=\"https:\/\/www.manaus.am.gov.br\/semtepi\/empregabilidade\/prefeitura-de-manaus-ofertou-mais-de-4-mil-vagas-de-emprego-no-primeiro-semestre-de-2023\/\" \/>\n<meta property=\"og:site_name\" content=\"SEMTEPI\" \/>\n<meta property=\"article:published_time\" content=\"2023-07-20T18:12:27+00:00\" \/>\n<meta property=\"article:modified_time\" content=\"2023-07-20T18:12:28+00:00\" \/>\n<meta property=\"og:image\" content=\"https:\/\/www.manaus.am.gov.br\/semtepi\/wp-content\/uploads\/sites\/20\/2023\/07\/52686133637_cc2e405cb4_k.jpg\" \/>\n\t<meta property=\"og:image:width\" content=\"2048\" \/>\n\t<meta property=\"og:image:height\" content=\"1365\" \/>\n\t<meta property=\"og:image:type\" content=\"image\/jpeg\" \/>\n<meta name=\"author\" content=\"Bruna Greco\" \/>\n<meta name=\"twitter:card\" content=\"summary_large_image\" \/>\n<meta name=\"twitter:label1\" content=\"Written by\" \/>\n\t<meta name=\"twitter:data1\" content=\"Bruna Greco\" \/>\n\t<meta name=\"twitter:label2\" content=\"Est. reading time\" \/>\n\t<meta name=\"twitter:data2\" content=\"4 minutos\" \/>\n<script type=\"application\/ld+json\" class=\"yoast-schema-graph\">{\"@context\":\"https:\/\/schema.org\",\"@graph\":[{\"@type\":\"Article\",\"@id\":\"https:\/\/www.manaus.am.gov.br\/semtepi\/empregabilidade\/prefeitura-de-manaus-ofertou-mais-de-4-mil-vagas-de-emprego-no-primeiro-semestre-de-2023\/#article\",\"isPartOf\":{\"@id\":\"https:\/\/www.manaus.am.gov.br\/semtepi\/empregabilidade\/prefeitura-de-manaus-ofertou-mais-de-4-mil-vagas-de-emprego-no-primeiro-semestre-de-2023\/\"},\"author\":{\"name\":\"Bruna Greco\",\"@id\":\"https:\/\/www.manaus.am.gov.br\/semtepi\/#\/schema\/person\/05d223aea2bf115f9883a6ff3683d81b\"},\"headline\":\"Prefeitura de Manaus ofertou mais de 4 mil vagas de emprego no primeiro semestre de 2023\",\"datePublished\":\"2023-07-20T18:12:27+00:00\",\"dateModified\":\"2023-07-20T18:12:28+00:00\",\"mainEntityOfPage\":{\"@id\":\"https:\/\/www.manaus.am.gov.br\/semtepi\/empregabilidade\/prefeitura-de-manaus-ofertou-mais-de-4-mil-vagas-de-emprego-no-primeiro-semestre-de-2023\/\"},\"wordCount\":639,\"publisher\":{\"@id\":\"https:\/\/www.manaus.am.gov.br\/semtepi\/#organization\"},\"image\":{\"@id\":\"https:\/\/www.manaus.am.gov.br\/semtepi\/empregabilidade\/prefeitura-de-manaus-ofertou-mais-de-4-mil-vagas-de-emprego-no-primeiro-semestre-de-2023\/#primaryimage\"},\"thumbnailUrl\":\"https:\/\/www.manaus.am.gov.br\/semtepi\/wp-content\/uploads\/sites\/20\/2023\/07\/52686133637_cc2e405cb4_k.jpg\",\"keywords\":[\".334 vagas de emprego\",\"10.286 trabalhadores encaminhados\",\"2.229 vagas preenchidas\",\"660 parcerias firmadas ao longo do semestre\",\"prefeitura de manaus\",\"Semtepi\",\"sine manaus\"],\"articleSection\":[\"Empregabilidade\"],\"inLanguage\":\"pt-BR\"},{\"@type\":\"WebPage\",\"@id\":\"https:\/\/www.manaus.am.gov.br\/semtepi\/empregabilidade\/prefeitura-de-manaus-ofertou-mais-de-4-mil-vagas-de-emprego-no-primeiro-semestre-de-2023\/\",\"url\":\"https:\/\/www.manaus.am.gov.br\/semtepi\/empregabilidade\/prefeitura-de-manaus-ofertou-mais-de-4-mil-vagas-de-emprego-no-primeiro-semestre-de-2023\/\",\"name\":\"Prefeitura de Manaus ofertou mais de 4 mil vagas de emprego no primeiro semestre de 2023\",\"isPartOf\":{\"@id\":\"https:\/\/www.manaus.am.gov.br\/semtepi\/#website\"},\"primaryImageOfPage\":{\"@id\":\"https:\/\/www.manaus.am.gov.br\/semtepi\/empregabilidade\/prefeitura-de-manaus-ofertou-mais-de-4-mil-vagas-de-emprego-no-primeiro-semestre-de-2023\/#primaryimage\"},\"image\":{\"@id\":\"https:\/\/www.manaus.am.gov.br\/semtepi\/empregabilidade\/prefeitura-de-manaus-ofertou-mais-de-4-mil-vagas-de-emprego-no-primeiro-semestre-de-2023\/#primaryimage\"},\"thumbnailUrl\":\"https:\/\/www.manaus.am.gov.br\/semtepi\/wp-content\/uploads\/sites\/20\/2023\/07\/52686133637_cc2e405cb4_k.jpg\",\"datePublished\":\"2023-07-20T18:12:27+00:00\",\"dateModified\":\"2023-07-20T18:12:28+00:00\",\"description\":\"Comprometida com a empregabilidade e gera\u00e7\u00e3o de renda para a popula\u00e7\u00e3o, a Prefeitura de Manaus, por meio da Secretaria Municipal do Trabalho, Empreendedorismo e Inova\u00e7\u00e3o (Semtepi), ofertou 4.334 vagas de emprego no Sistema Nacional de Emprego (Sine Manaus) ao longo do primeiro semestre de 2023, que compete do dia 1\u00ba de janeiro a junho deste ano.\",\"breadcrumb\":{\"@id\":\"https:\/\/www.manaus.am.gov.br\/semtepi\/empregabilidade\/prefeitura-de-manaus-ofertou-mais-de-4-mil-vagas-de-emprego-no-primeiro-semestre-de-2023\/#breadcrumb\"},\"inLanguage\":\"pt-BR\",\"potentialAction\":[{\"@type\":\"ReadAction\",\"target\":[\"https:\/\/www.manaus.am.gov.br\/semtepi\/empregabilidade\/prefeitura-de-manaus-ofertou-mais-de-4-mil-vagas-de-emprego-no-primeiro-semestre-de-2023\/\"]}]},{\"@type\":\"ImageObject\",\"inLanguage\":\"pt-BR\",\"@id\":\"https:\/\/www.manaus.am.gov.br\/semtepi\/empregabilidade\/prefeitura-de-manaus-ofertou-mais-de-4-mil-vagas-de-emprego-no-primeiro-semestre-de-2023\/#primaryimage\",\"url\":\"https:\/\/www.manaus.am.gov.br\/semtepi\/wp-content\/uploads\/sites\/20\/2023\/07\/52686133637_cc2e405cb4_k.jpg\",\"contentUrl\":\"https:\/\/www.manaus.am.gov.br\/semtepi\/wp-content\/uploads\/sites\/20\/2023\/07\/52686133637_cc2e405cb4_k.jpg\",\"width\":2048,\"height\":1365},{\"@type\":\"BreadcrumbList\",\"@id\":\"https:\/\/www.manaus.am.gov.br\/semtepi\/empregabilidade\/prefeitura-de-manaus-ofertou-mais-de-4-mil-vagas-de-emprego-no-primeiro-semestre-de-2023\/#breadcrumb\",\"itemListElement\":[{\"@type\":\"ListItem\",\"position\":1,\"name\":\"Home\",\"item\":\"https:\/\/www.manaus.am.gov.br\/semtepi\/\"},{\"@type\":\"ListItem\",\"position\":2,\"name\":\"Prefeitura de Manaus ofertou mais de 4 mil vagas de emprego no primeiro semestre de 2023\"}]},{\"@type\":\"WebSite\",\"@id\":\"https:\/\/www.manaus.am.gov.br\/semtepi\/#website\",\"url\":\"https:\/\/www.manaus.am.gov.br\/semtepi\/\",\"name\":\"SEMTEPI\",\"description\":\"Prefeitura de Manaus\",\"publisher\":{\"@id\":\"https:\/\/www.manaus.am.gov.br\/semtepi\/#organization\"},\"alternateName\":\"Secretaria Municipal do Trabalho, Empreendedorismo e Inova\u00e7\u00e3o\",\"potentialAction\":[{\"@type\":\"SearchAction\",\"target\":{\"@type\":\"EntryPoint\",\"urlTemplate\":\"https:\/\/www.manaus.am.gov.br\/semtepi\/?s={search_term_string}\"},\"query-input\":\"required name=search_term_string\"}],\"inLanguage\":\"pt-BR\"},{\"@type\":\"Organization\",\"@id\":\"https:\/\/www.manaus.am.gov.br\/semtepi\/#organization\",\"name\":\"Prefeitura Municipal de Manaus\",\"alternateName\":\"Prefeitura de Manaus\",\"url\":\"https:\/\/www.manaus.am.gov.br\/semtepi\/\",\"logo\":{\"@type\":\"ImageObject\",\"inLanguage\":\"pt-BR\",\"@id\":\"https:\/\/www.manaus.am.gov.br\/semtepi\/#\/schema\/logo\/image\/\",\"url\":\"https:\/\/www.manaus.am.gov.br\/semtepi\/wp-content\/uploads\/sites\/20\/2024\/07\/favicon.png\",\"contentUrl\":\"https:\/\/www.manaus.am.gov.br\/semtepi\/wp-content\/uploads\/sites\/20\/2024\/07\/favicon.png\",\"width\":300,\"height\":300,\"caption\":\"Prefeitura Municipal de Manaus\"},\"image\":{\"@id\":\"https:\/\/www.manaus.am.gov.br\/semtepi\/#\/schema\/logo\/image\/\"}},{\"@type\":\"Person\",\"@id\":\"https:\/\/www.manaus.am.gov.br\/semtepi\/#\/schema\/person\/05d223aea2bf115f9883a6ff3683d81b\",\"name\":\"Bruna Greco\",\"image\":{\"@type\":\"ImageObject\",\"inLanguage\":\"pt-BR\",\"@id\":\"https:\/\/www.manaus.am.gov.br\/semtepi\/#\/schema\/person\/image\/\",\"url\":\"https:\/\/secure.gravatar.com\/avatar\/9c877d1a6adc2a055330e5c09a8653ce?s=96&d=mm&r=g\",\"contentUrl\":\"https:\/\/secure.gravatar.com\/avatar\/9c877d1a6adc2a055330e5c09a8653ce?s=96&d=mm&r=g\",\"caption\":\"Bruna Greco\"}}]}<\/script>\n<!-- \/ Yoast SEO plugin. -->","yoast_head_json":{"title":"Prefeitura de Manaus ofertou mais de 4 mil vagas de emprego no primeiro semestre de 2023","description":"Comprometida com a empregabilidade e gera\u00e7\u00e3o de renda para a popula\u00e7\u00e3o, a Prefeitura de Manaus, por meio da Secretaria Municipal do Trabalho, Empreendedorismo e Inova\u00e7\u00e3o (Semtepi), ofertou 4.334 vagas de emprego no Sistema Nacional de Emprego (Sine Manaus) ao longo do primeiro semestre de 2023, que compete do dia 1\u00ba de janeiro a junho deste ano.","robots":{"index":"noindex","follow":"follow"},"og_locale":"pt_BR","og_type":"article","og_title":"Prefeitura de Manaus ofertou mais de 4 mil vagas de emprego no primeiro semestre de 2023","og_description":"Comprometida com a empregabilidade e gera\u00e7\u00e3o de renda para a popula\u00e7\u00e3o, a Prefeitura de Manaus, por meio da Secretaria Municipal do Trabalho, Empreendedorismo e Inova\u00e7\u00e3o (Semtepi), ofertou 4.334 vagas de emprego no Sistema Nacional de Emprego (Sine Manaus) ao longo do primeiro semestre de 2023, que compete do dia 1\u00ba de janeiro a junho deste ano.","og_url":"https:\/\/www.manaus.am.gov.br\/semtepi\/empregabilidade\/prefeitura-de-manaus-ofertou-mais-de-4-mil-vagas-de-emprego-no-primeiro-semestre-de-2023\/","og_site_name":"SEMTEPI","article_published_time":"2023-07-20T18:12:27+00:00","article_modified_time":"2023-07-20T18:12:28+00:00","og_image":[{"width":2048,"height":1365,"url":"https:\/\/www.manaus.am.gov.br\/semtepi\/wp-content\/uploads\/sites\/20\/2023\/07\/52686133637_cc2e405cb4_k.jpg","type":"image\/jpeg"}],"author":"Bruna Greco","twitter_card":"summary_large_image","twitter_misc":{"Written by":"Bruna Greco","Est. reading time":"4 minutos"},"schema":{"@context":"https:\/\/schema.org","@graph":[{"@type":"Article","@id":"https:\/\/www.manaus.am.gov.br\/semtepi\/empregabilidade\/prefeitura-de-manaus-ofertou-mais-de-4-mil-vagas-de-emprego-no-primeiro-semestre-de-2023\/#article","isPartOf":{"@id":"https:\/\/www.manaus.am.gov.br\/semtepi\/empregabilidade\/prefeitura-de-manaus-ofertou-mais-de-4-mil-vagas-de-emprego-no-primeiro-semestre-de-2023\/"},"author":{"name":"Bruna Greco","@id":"https:\/\/www.manaus.am.gov.br\/semtepi\/#\/schema\/person\/05d223aea2bf115f9883a6ff3683d81b"},"headline":"Prefeitura de Manaus ofertou mais de 4 mil vagas de emprego no primeiro semestre de 2023","datePublished":"2023-07-20T18:12:27+00:00","dateModified":"2023-07-20T18:12:28+00:00","mainEntityOfPage":{"@id":"https:\/\/www.manaus.am.gov.br\/semtepi\/empregabilidade\/prefeitura-de-manaus-ofertou-mais-de-4-mil-vagas-de-emprego-no-primeiro-semestre-de-2023\/"},"wordCount":639,"publisher":{"@id":"https:\/\/www.manaus.am.gov.br\/semtepi\/#organization"},"image":{"@id":"https:\/\/www.manaus.am.gov.br\/semtepi\/empregabilidade\/prefeitura-de-manaus-ofertou-mais-de-4-mil-vagas-de-emprego-no-primeiro-semestre-de-2023\/#primaryimage"},"thumbnailUrl":"https:\/\/www.manaus.am.gov.br\/semtepi\/wp-content\/uploads\/sites\/20\/2023\/07\/52686133637_cc2e405cb4_k.jpg","keywords":[".334 vagas de emprego","10.286 trabalhadores encaminhados","2.229 vagas preenchidas","660 parcerias firmadas ao longo do semestre","prefeitura de manaus","Semtepi","sine manaus"],"articleSection":["Empregabilidade"],"inLanguage":"pt-BR"},{"@type":"WebPage","@id":"https:\/\/www.manaus.am.gov.br\/semtepi\/empregabilidade\/prefeitura-de-manaus-ofertou-mais-de-4-mil-vagas-de-emprego-no-primeiro-semestre-de-2023\/","url":"https:\/\/www.manaus.am.gov.br\/semtepi\/empregabilidade\/prefeitura-de-manaus-ofertou-mais-de-4-mil-vagas-de-emprego-no-primeiro-semestre-de-2023\/","name":"Prefeitura de Manaus ofertou mais de 4 mil vagas de emprego no primeiro semestre de 2023","isPartOf":{"@id":"https:\/\/www.manaus.am.gov.br\/semtepi\/#website"},"primaryImageOfPage":{"@id":"https:\/\/www.manaus.am.gov.br\/semtepi\/empregabilidade\/prefeitura-de-manaus-ofertou-mais-de-4-mil-vagas-de-emprego-no-primeiro-semestre-de-2023\/#primaryimage"},"image":{"@id":"https:\/\/www.manaus.am.gov.br\/semtepi\/empregabilidade\/prefeitura-de-manaus-ofertou-mais-de-4-mil-vagas-de-emprego-no-primeiro-semestre-de-2023\/#primaryimage"},"thumbnailUrl":"https:\/\/www.manaus.am.gov.br\/semtepi\/wp-content\/uploads\/sites\/20\/2023\/07\/52686133637_cc2e405cb4_k.jpg","datePublished":"2023-07-20T18:12:27+00:00","dateModified":"2023-07-20T18:12:28+00:00","description":"Comprometida com a empregabilidade e gera\u00e7\u00e3o de renda para a popula\u00e7\u00e3o, a Prefeitura de Manaus, por meio da Secretaria Municipal do Trabalho, Empreendedorismo e Inova\u00e7\u00e3o (Semtepi), ofertou 4.334 vagas de emprego no Sistema Nacional de Emprego (Sine Manaus) ao longo do primeiro semestre de 2023, que compete do dia 1\u00ba de janeiro a junho deste ano.","breadcrumb":{"@id":"https:\/\/www.manaus.am.gov.br\/semtepi\/empregabilidade\/prefeitura-de-manaus-ofertou-mais-de-4-mil-vagas-de-emprego-no-primeiro-semestre-de-2023\/#breadcrumb"},"inLanguage":"pt-BR","potentialAction":[{"@type":"ReadAction","target":["https:\/\/www.manaus.am.gov.br\/semtepi\/empregabilidade\/prefeitura-de-manaus-ofertou-mais-de-4-mil-vagas-de-emprego-no-primeiro-semestre-de-2023\/"]}]},{"@type":"ImageObject","inLanguage":"pt-BR","@id":"https:\/\/www.manaus.am.gov.br\/semtepi\/empregabilidade\/prefeitura-de-manaus-ofertou-mais-de-4-mil-vagas-de-emprego-no-primeiro-semestre-de-2023\/#primaryimage","url":"https:\/\/www.manaus.am.gov.br\/semtepi\/wp-content\/uploads\/sites\/20\/2023\/07\/52686133637_cc2e405cb4_k.jpg","contentUrl":"https:\/\/www.manaus.am.gov.br\/semtepi\/wp-content\/uploads\/sites\/20\/2023\/07\/52686133637_cc2e405cb4_k.jpg","width":2048,"height":1365},{"@type":"BreadcrumbList","@id":"https:\/\/www.manaus.am.gov.br\/semtepi\/empregabilidade\/prefeitura-de-manaus-ofertou-mais-de-4-mil-vagas-de-emprego-no-primeiro-semestre-de-2023\/#breadcrumb","itemListElement":[{"@type":"ListItem","position":1,"name":"Home","item":"https:\/\/www.manaus.am.gov.br\/semtepi\/"},{"@type":"ListItem","position":2,"name":"Prefeitura de Manaus ofertou mais de 4 mil vagas de emprego no primeiro semestre de 2023"}]},{"@type":"WebSite","@id":"https:\/\/www.manaus.am.gov.br\/semtepi\/#website","url":"https:\/\/www.manaus.am.gov.br\/semtepi\/","name":"SEMTEPI","description":"Prefeitura de Manaus","publisher":{"@id":"https:\/\/www.manaus.am.gov.br\/semtepi\/#organization"},"alternateName":"Secretaria Municipal do Trabalho, Empreendedorismo e Inova\u00e7\u00e3o","potentialAction":[{"@type":"SearchAction","target":{"@type":"EntryPoint","urlTemplate":"https:\/\/www.manaus.am.gov.br\/semtepi\/?s={search_term_string}"},"query-input":"required name=search_term_string"}],"inLanguage":"pt-BR"},{"@type":"Organization","@id":"https:\/\/www.manaus.am.gov.br\/semtepi\/#organization","name":"Prefeitura Municipal de Manaus","alternateName":"Prefeitura de Manaus","url":"https:\/\/www.manaus.am.gov.br\/semtepi\/","logo":{"@type":"ImageObject","inLanguage":"pt-BR","@id":"https:\/\/www.manaus.am.gov.br\/semtepi\/#\/schema\/logo\/image\/","url":"https:\/\/www.manaus.am.gov.br\/semtepi\/wp-content\/uploads\/sites\/20\/2024\/07\/favicon.png","contentUrl":"https:\/\/www.manaus.am.gov.br\/semtepi\/wp-content\/uploads\/sites\/20\/2024\/07\/favicon.png","width":300,"height":300,"caption":"Prefeitura Municipal de Manaus"},"image":{"@id":"https:\/\/www.manaus.am.gov.br\/semtepi\/#\/schema\/logo\/image\/"}},{"@type":"Person","@id":"https:\/\/www.manaus.am.gov.br\/semtepi\/#\/schema\/person\/05d223aea2bf115f9883a6ff3683d81b","name":"Bruna Greco","image":{"@type":"ImageObject","inLanguage":"pt-BR","@id":"https:\/\/www.manaus.am.gov.br\/semtepi\/#\/schema\/person\/image\/","url":"https:\/\/secure.gravatar.com\/avatar\/9c877d1a6adc2a055330e5c09a8653ce?s=96&d=mm&r=g","contentUrl":"https:\/\/secure.gravatar.com\/avatar\/9c877d1a6adc2a055330e5c09a8653ce?s=96&d=mm&r=g","caption":"Bruna Greco"}}]}},"_links":{"self":[{"href":"https:\/\/www.manaus.am.gov.br\/semtepi\/wp-json\/wp\/v2\/posts\/2305"}],"collection":[{"href":"https:\/\/www.manaus.am.gov.br\/semtepi\/wp-json\/wp\/v2\/posts"}],"about":[{"href":"https:\/\/www.manaus.am.gov.br\/semtepi\/wp-json\/wp\/v2\/types\/post"}],"author":[{"embeddable":true,"href":"https:\/\/www.manaus.am.gov.br\/semtepi\/wp-json\/wp\/v2\/users\/39"}],"replies":[{"embeddable":true,"href":"https:\/\/www.manaus.am.gov.br\/semtepi\/wp-json\/wp\/v2\/comments?post=2305"}],"version-history":[{"count":0,"href":"https:\/\/www.manaus.am.gov.br\/semtepi\/wp-json\/wp\/v2\/posts\/2305\/revisions"}],"wp:featuredmedia":[{"embeddable":true,"href":"https:\/\/www.manaus.am.gov.br\/semtepi\/wp-json\/wp\/v2\/media\/2306"}],"wp:attachment":[{"href":"https:\/\/www.manaus.am.gov.br\/semtepi\/wp-json\/wp\/v2\/media?parent=2305"}],"wp:term":[{"taxonomy":"category","embeddable":true,"href":"https:\/\/www.manaus.am.gov.br\/semtepi\/wp-json\/wp\/v2\/categories?post=2305"},{"taxonomy":"post_tag","embeddable":true,"href":"https:\/\/www.manaus.am.gov.br\/semtepi\/wp-json\/wp\/v2\/tags?post=2305"}],"curies":[{"name":"wp","href":"https:\/\/api.w.org\/{rel}","templated":true}]}}