{"id":2298,"date":"2023-07-19T12:15:54","date_gmt":"2023-07-19T16:15:54","guid":{"rendered":"https:\/\/www.manaus.am.gov.br\/semtepi\/sem-categoria\/prefeitura-de-manaus-realiza-reuniao-com-empresas-que-vao-ocupar-os-galpoes-do-dimicro\/"},"modified":"2023-07-19T12:15:56","modified_gmt":"2023-07-19T16:15:56","slug":"prefeitura-de-manaus-realiza-reuniao-com-empresas-que-vao-ocupar-os-galpoes-do-dimicro","status":"publish","type":"post","link":"https:\/\/www.manaus.am.gov.br\/semtepi\/empreendedorismo\/prefeitura-de-manaus-realiza-reuniao-com-empresas-que-vao-ocupar-os-galpoes-do-dimicro\/","title":{"rendered":"<strong>Prefeitura de Manaus realiza reuni\u00e3o com empresas que v\u00e3o ocupar os galp\u00f5es do Dimicro<\/strong>"},"content":{"rendered":"\n<p>A Prefeitura de Manaus, por meio da Secretaria Municipal do Trabalho, Empreendedorismo e Inova\u00e7\u00e3o (Semtepi), realizou, na manh\u00e3 desta quarta-feira, 19\/7, reuni\u00e3o com empres\u00e1rios que v\u00e3o ocupar os galp\u00f5es do Distrito de Micro e Pequenas Empresas de Manaus (Dimicro). O encontrou aconteceu na sede do \u00f3rg\u00e3o, localizado no bairro Nossa Senhora das Gra\u00e7as, zona Centro-Sul da cidade.<\/p>\n\n\n\n<p>Foram disponibilizados 28 galp\u00f5es para ocupa\u00e7\u00e3o, por meio de edital de sele\u00e7\u00e3o. Desse total, 27 empresas est\u00e3o aptas para utilizar o espa\u00e7o, pelo per\u00edodo de 36 meses. Essas empresas s\u00e3o do ramo da ferramentaria, estrutura met\u00e1lica, estamparia met\u00e1lica, biocosm\u00e9ticos, aliment\u00edcio, inje\u00e7\u00e3o pl\u00e1stica, equipamentos industriais, artigos naturais, tecnologia ambiental, transporte, equipamentos hospitalares, entre outros.<\/p>\n\n\n\n<p>\u201cN\u00f3s estamos nos \u00faltimos ajustes para a inaugura\u00e7\u00e3o do Dimicro, e \u00e9 muito importante conhecer cada empreendedor que vai ocupar os galp\u00f5es. Estamos dando todo o apoio como incubadora, para ajudar esses neg\u00f3cios a crescerem. Eles esperaram por anos pela realiza\u00e7\u00e3o desse projeto, e agora v\u00e3o poder trabalhar em um espa\u00e7o completamente reformado na gest\u00e3o do prefeito David Almeida\u201d, afirmou o secret\u00e1rio da Semtepi, Radyr J\u00fanior.<\/p>\n\n\n\n<p>O espa\u00e7o ser\u00e1 inaugurado na segunda-feira, 24\/7, ap\u00f3s 15 anos de abandono. As obras tiveram dura\u00e7\u00e3o de um ano, e inclu\u00edram a reforma dos galp\u00f5es, adequa\u00e7\u00e3o do sistema el\u00e9trico e de ar comprimido, constru\u00e7\u00e3o de vesti\u00e1rios, refeit\u00f3rio, sala de qualifica\u00e7\u00e3o, audit\u00f3rio e espa\u00e7o para descompress\u00e3o.<\/p>\n\n\n\n<p>\u201cEsse \u00e9 o nosso maior sonho saindo do papel, depois de anos. N\u00f3s sempre tivemos a esperan\u00e7a de ocupar esses galp\u00f5es. Eu forne\u00e7o equipamentos para o Distrito Industrial, e sempre senti a necessidade de adequar a minha empresa e trabalhar em um local melhor. E, com o Dimicro, isso vai ser poss\u00edvel\u201d, relatou o empres\u00e1rio Pedro Almeida.<\/p>\n\n\n\n<p>&#8212; &#8212; &#8212;<\/p>\n\n\n\n<p><strong>Texto e fotos \u2013&nbsp;<\/strong>Luiza Maria \/ Semtepi<\/p>\n","protected":false},"excerpt":{"rendered":"","protected":false},"author":23,"featured_media":2299,"comment_status":"closed","ping_status":"closed","sticky":false,"template":"","format":"standard","meta":{"footnotes":""},"categories":[47],"tags":[161,369,8,370,9],"acf":[],"yoast_head":"<!-- This site is optimized with the Yoast SEO plugin v23.0 - https:\/\/yoast.com\/wordpress\/plugins\/seo\/ -->\n<title>Prefeitura de Manaus realiza reuni\u00e3o com empresas que v\u00e3o ocupar os galp\u00f5es do Dimicro<\/title>\n<meta name=\"description\" content=\"A Prefeitura de Manaus, por meio da Secretaria Municipal do Trabalho, Empreendedorismo e Inova\u00e7\u00e3o (Semtepi), realizou, na manh\u00e3 desta quarta-feira, 19\/7, reuni\u00e3o com empres\u00e1rios que v\u00e3o ocupar os galp\u00f5es do Distrito de Micro e Pequenas Empresas de Manaus (Dimicro). O encontrou aconteceu na sede do \u00f3rg\u00e3o, localizado no bairro Nossa Senhora das Gra\u00e7as, zona Centro-Sul da cidade.\" \/>\n<meta name=\"robots\" content=\"noindex, follow\" \/>\n<meta property=\"og:locale\" content=\"pt_BR\" \/>\n<meta property=\"og:type\" content=\"article\" \/>\n<meta property=\"og:title\" content=\"Prefeitura de Manaus realiza reuni\u00e3o com empresas que v\u00e3o ocupar os galp\u00f5es do Dimicro\" \/>\n<meta property=\"og:description\" content=\"A Prefeitura de Manaus, por meio da Secretaria Municipal do Trabalho, Empreendedorismo e Inova\u00e7\u00e3o (Semtepi), realizou, na manh\u00e3 desta quarta-feira, 19\/7, reuni\u00e3o com empres\u00e1rios que v\u00e3o ocupar os galp\u00f5es do Distrito de Micro e Pequenas Empresas de Manaus (Dimicro). O encontrou aconteceu na sede do \u00f3rg\u00e3o, localizado no bairro Nossa Senhora das Gra\u00e7as, zona Centro-Sul da cidade.\" \/>\n<meta property=\"og:url\" content=\"https:\/\/www.manaus.am.gov.br\/semtepi\/empreendedorismo\/prefeitura-de-manaus-realiza-reuniao-com-empresas-que-vao-ocupar-os-galpoes-do-dimicro\/\" \/>\n<meta property=\"og:site_name\" content=\"SEMTEPI\" \/>\n<meta property=\"article:published_time\" content=\"2023-07-19T16:15:54+00:00\" \/>\n<meta property=\"article:modified_time\" content=\"2023-07-19T16:15:56+00:00\" \/>\n<meta property=\"og:image\" content=\"https:\/\/www.manaus.am.gov.br\/semtepi\/wp-content\/uploads\/sites\/20\/2023\/07\/Foto-3-1.jpeg\" \/>\n\t<meta property=\"og:image:width\" content=\"1600\" \/>\n\t<meta property=\"og:image:height\" content=\"1200\" \/>\n\t<meta property=\"og:image:type\" content=\"image\/jpeg\" \/>\n<meta name=\"author\" content=\"Adriana Costa\" \/>\n<meta name=\"twitter:card\" content=\"summary_large_image\" \/>\n<meta name=\"twitter:label1\" content=\"Written by\" \/>\n\t<meta name=\"twitter:data1\" content=\"Adriana Costa\" \/>\n\t<meta name=\"twitter:label2\" content=\"Est. reading time\" \/>\n\t<meta name=\"twitter:data2\" content=\"2 minutos\" \/>\n<script type=\"application\/ld+json\" class=\"yoast-schema-graph\">{\"@context\":\"https:\/\/schema.org\",\"@graph\":[{\"@type\":\"Article\",\"@id\":\"https:\/\/www.manaus.am.gov.br\/semtepi\/empreendedorismo\/prefeitura-de-manaus-realiza-reuniao-com-empresas-que-vao-ocupar-os-galpoes-do-dimicro\/#article\",\"isPartOf\":{\"@id\":\"https:\/\/www.manaus.am.gov.br\/semtepi\/empreendedorismo\/prefeitura-de-manaus-realiza-reuniao-com-empresas-que-vao-ocupar-os-galpoes-do-dimicro\/\"},\"author\":{\"name\":\"Adriana Costa\",\"@id\":\"https:\/\/www.manaus.am.gov.br\/semtepi\/#\/schema\/person\/4e49f4e267757a06ca072ec61b2b9968\"},\"headline\":\"Prefeitura de Manaus realiza reuni\u00e3o com empresas que v\u00e3o ocupar os galp\u00f5es do Dimicro\",\"datePublished\":\"2023-07-19T16:15:54+00:00\",\"dateModified\":\"2023-07-19T16:15:56+00:00\",\"mainEntityOfPage\":{\"@id\":\"https:\/\/www.manaus.am.gov.br\/semtepi\/empreendedorismo\/prefeitura-de-manaus-realiza-reuniao-com-empresas-que-vao-ocupar-os-galpoes-do-dimicro\/\"},\"wordCount\":347,\"publisher\":{\"@id\":\"https:\/\/www.manaus.am.gov.br\/semtepi\/#organization\"},\"image\":{\"@id\":\"https:\/\/www.manaus.am.gov.br\/semtepi\/empreendedorismo\/prefeitura-de-manaus-realiza-reuniao-com-empresas-que-vao-ocupar-os-galpoes-do-dimicro\/#primaryimage\"},\"thumbnailUrl\":\"https:\/\/www.manaus.am.gov.br\/semtepi\/wp-content\/uploads\/sites\/20\/2023\/07\/Foto-3-1.jpeg\",\"keywords\":[\"Dimicro\",\"empreeendedorismo\",\"prefeitura de manaus\",\"reuni\u00e3o com empresas\",\"Semtepi\"],\"articleSection\":[\"Empreendedorismo\"],\"inLanguage\":\"pt-BR\"},{\"@type\":\"WebPage\",\"@id\":\"https:\/\/www.manaus.am.gov.br\/semtepi\/empreendedorismo\/prefeitura-de-manaus-realiza-reuniao-com-empresas-que-vao-ocupar-os-galpoes-do-dimicro\/\",\"url\":\"https:\/\/www.manaus.am.gov.br\/semtepi\/empreendedorismo\/prefeitura-de-manaus-realiza-reuniao-com-empresas-que-vao-ocupar-os-galpoes-do-dimicro\/\",\"name\":\"Prefeitura de Manaus realiza reuni\u00e3o com empresas que v\u00e3o ocupar os galp\u00f5es do Dimicro\",\"isPartOf\":{\"@id\":\"https:\/\/www.manaus.am.gov.br\/semtepi\/#website\"},\"primaryImageOfPage\":{\"@id\":\"https:\/\/www.manaus.am.gov.br\/semtepi\/empreendedorismo\/prefeitura-de-manaus-realiza-reuniao-com-empresas-que-vao-ocupar-os-galpoes-do-dimicro\/#primaryimage\"},\"image\":{\"@id\":\"https:\/\/www.manaus.am.gov.br\/semtepi\/empreendedorismo\/prefeitura-de-manaus-realiza-reuniao-com-empresas-que-vao-ocupar-os-galpoes-do-dimicro\/#primaryimage\"},\"thumbnailUrl\":\"https:\/\/www.manaus.am.gov.br\/semtepi\/wp-content\/uploads\/sites\/20\/2023\/07\/Foto-3-1.jpeg\",\"datePublished\":\"2023-07-19T16:15:54+00:00\",\"dateModified\":\"2023-07-19T16:15:56+00:00\",\"description\":\"A Prefeitura de Manaus, por meio da Secretaria Municipal do Trabalho, Empreendedorismo e Inova\u00e7\u00e3o (Semtepi), realizou, na manh\u00e3 desta quarta-feira, 19\/7, reuni\u00e3o com empres\u00e1rios que v\u00e3o ocupar os galp\u00f5es do Distrito de Micro e Pequenas Empresas de Manaus (Dimicro). O encontrou aconteceu na sede do \u00f3rg\u00e3o, localizado no bairro Nossa Senhora das Gra\u00e7as, zona Centro-Sul da cidade.\",\"breadcrumb\":{\"@id\":\"https:\/\/www.manaus.am.gov.br\/semtepi\/empreendedorismo\/prefeitura-de-manaus-realiza-reuniao-com-empresas-que-vao-ocupar-os-galpoes-do-dimicro\/#breadcrumb\"},\"inLanguage\":\"pt-BR\",\"potentialAction\":[{\"@type\":\"ReadAction\",\"target\":[\"https:\/\/www.manaus.am.gov.br\/semtepi\/empreendedorismo\/prefeitura-de-manaus-realiza-reuniao-com-empresas-que-vao-ocupar-os-galpoes-do-dimicro\/\"]}]},{\"@type\":\"ImageObject\",\"inLanguage\":\"pt-BR\",\"@id\":\"https:\/\/www.manaus.am.gov.br\/semtepi\/empreendedorismo\/prefeitura-de-manaus-realiza-reuniao-com-empresas-que-vao-ocupar-os-galpoes-do-dimicro\/#primaryimage\",\"url\":\"https:\/\/www.manaus.am.gov.br\/semtepi\/wp-content\/uploads\/sites\/20\/2023\/07\/Foto-3-1.jpeg\",\"contentUrl\":\"https:\/\/www.manaus.am.gov.br\/semtepi\/wp-content\/uploads\/sites\/20\/2023\/07\/Foto-3-1.jpeg\",\"width\":1600,\"height\":1200},{\"@type\":\"BreadcrumbList\",\"@id\":\"https:\/\/www.manaus.am.gov.br\/semtepi\/empreendedorismo\/prefeitura-de-manaus-realiza-reuniao-com-empresas-que-vao-ocupar-os-galpoes-do-dimicro\/#breadcrumb\",\"itemListElement\":[{\"@type\":\"ListItem\",\"position\":1,\"name\":\"Home\",\"item\":\"https:\/\/www.manaus.am.gov.br\/semtepi\/\"},{\"@type\":\"ListItem\",\"position\":2,\"name\":\"Prefeitura de Manaus realiza reuni\u00e3o com empresas que v\u00e3o ocupar os galp\u00f5es do Dimicro\"}]},{\"@type\":\"WebSite\",\"@id\":\"https:\/\/www.manaus.am.gov.br\/semtepi\/#website\",\"url\":\"https:\/\/www.manaus.am.gov.br\/semtepi\/\",\"name\":\"SEMTEPI\",\"description\":\"Prefeitura de Manaus\",\"publisher\":{\"@id\":\"https:\/\/www.manaus.am.gov.br\/semtepi\/#organization\"},\"alternateName\":\"Secretaria Municipal do Trabalho, Empreendedorismo e Inova\u00e7\u00e3o\",\"potentialAction\":[{\"@type\":\"SearchAction\",\"target\":{\"@type\":\"EntryPoint\",\"urlTemplate\":\"https:\/\/www.manaus.am.gov.br\/semtepi\/?s={search_term_string}\"},\"query-input\":\"required name=search_term_string\"}],\"inLanguage\":\"pt-BR\"},{\"@type\":\"Organization\",\"@id\":\"https:\/\/www.manaus.am.gov.br\/semtepi\/#organization\",\"name\":\"Prefeitura Municipal de Manaus\",\"alternateName\":\"Prefeitura de Manaus\",\"url\":\"https:\/\/www.manaus.am.gov.br\/semtepi\/\",\"logo\":{\"@type\":\"ImageObject\",\"inLanguage\":\"pt-BR\",\"@id\":\"https:\/\/www.manaus.am.gov.br\/semtepi\/#\/schema\/logo\/image\/\",\"url\":\"https:\/\/www.manaus.am.gov.br\/semtepi\/wp-content\/uploads\/sites\/20\/2024\/07\/favicon.png\",\"contentUrl\":\"https:\/\/www.manaus.am.gov.br\/semtepi\/wp-content\/uploads\/sites\/20\/2024\/07\/favicon.png\",\"width\":300,\"height\":300,\"caption\":\"Prefeitura Municipal de Manaus\"},\"image\":{\"@id\":\"https:\/\/www.manaus.am.gov.br\/semtepi\/#\/schema\/logo\/image\/\"}},{\"@type\":\"Person\",\"@id\":\"https:\/\/www.manaus.am.gov.br\/semtepi\/#\/schema\/person\/4e49f4e267757a06ca072ec61b2b9968\",\"name\":\"Adriana Costa\",\"image\":{\"@type\":\"ImageObject\",\"inLanguage\":\"pt-BR\",\"@id\":\"https:\/\/www.manaus.am.gov.br\/semtepi\/#\/schema\/person\/image\/\",\"url\":\"https:\/\/secure.gravatar.com\/avatar\/576258617ef7194f718179e766d57bd4?s=96&d=mm&r=g\",\"contentUrl\":\"https:\/\/secure.gravatar.com\/avatar\/576258617ef7194f718179e766d57bd4?s=96&d=mm&r=g\",\"caption\":\"Adriana Costa\"}}]}<\/script>\n<!-- \/ Yoast SEO plugin. -->","yoast_head_json":{"title":"Prefeitura de Manaus realiza reuni\u00e3o com empresas que v\u00e3o ocupar os galp\u00f5es do Dimicro","description":"A Prefeitura de Manaus, por meio da Secretaria Municipal do Trabalho, Empreendedorismo e Inova\u00e7\u00e3o (Semtepi), realizou, na manh\u00e3 desta quarta-feira, 19\/7, reuni\u00e3o com empres\u00e1rios que v\u00e3o ocupar os galp\u00f5es do Distrito de Micro e Pequenas Empresas de Manaus (Dimicro). O encontrou aconteceu na sede do \u00f3rg\u00e3o, localizado no bairro Nossa Senhora das Gra\u00e7as, zona Centro-Sul da cidade.","robots":{"index":"noindex","follow":"follow"},"og_locale":"pt_BR","og_type":"article","og_title":"Prefeitura de Manaus realiza reuni\u00e3o com empresas que v\u00e3o ocupar os galp\u00f5es do Dimicro","og_description":"A Prefeitura de Manaus, por meio da Secretaria Municipal do Trabalho, Empreendedorismo e Inova\u00e7\u00e3o (Semtepi), realizou, na manh\u00e3 desta quarta-feira, 19\/7, reuni\u00e3o com empres\u00e1rios que v\u00e3o ocupar os galp\u00f5es do Distrito de Micro e Pequenas Empresas de Manaus (Dimicro). O encontrou aconteceu na sede do \u00f3rg\u00e3o, localizado no bairro Nossa Senhora das Gra\u00e7as, zona Centro-Sul da cidade.","og_url":"https:\/\/www.manaus.am.gov.br\/semtepi\/empreendedorismo\/prefeitura-de-manaus-realiza-reuniao-com-empresas-que-vao-ocupar-os-galpoes-do-dimicro\/","og_site_name":"SEMTEPI","article_published_time":"2023-07-19T16:15:54+00:00","article_modified_time":"2023-07-19T16:15:56+00:00","og_image":[{"width":1600,"height":1200,"url":"https:\/\/www.manaus.am.gov.br\/semtepi\/wp-content\/uploads\/sites\/20\/2023\/07\/Foto-3-1.jpeg","type":"image\/jpeg"}],"author":"Adriana Costa","twitter_card":"summary_large_image","twitter_misc":{"Written by":"Adriana Costa","Est. reading time":"2 minutos"},"schema":{"@context":"https:\/\/schema.org","@graph":[{"@type":"Article","@id":"https:\/\/www.manaus.am.gov.br\/semtepi\/empreendedorismo\/prefeitura-de-manaus-realiza-reuniao-com-empresas-que-vao-ocupar-os-galpoes-do-dimicro\/#article","isPartOf":{"@id":"https:\/\/www.manaus.am.gov.br\/semtepi\/empreendedorismo\/prefeitura-de-manaus-realiza-reuniao-com-empresas-que-vao-ocupar-os-galpoes-do-dimicro\/"},"author":{"name":"Adriana Costa","@id":"https:\/\/www.manaus.am.gov.br\/semtepi\/#\/schema\/person\/4e49f4e267757a06ca072ec61b2b9968"},"headline":"Prefeitura de Manaus realiza reuni\u00e3o com empresas que v\u00e3o ocupar os galp\u00f5es do Dimicro","datePublished":"2023-07-19T16:15:54+00:00","dateModified":"2023-07-19T16:15:56+00:00","mainEntityOfPage":{"@id":"https:\/\/www.manaus.am.gov.br\/semtepi\/empreendedorismo\/prefeitura-de-manaus-realiza-reuniao-com-empresas-que-vao-ocupar-os-galpoes-do-dimicro\/"},"wordCount":347,"publisher":{"@id":"https:\/\/www.manaus.am.gov.br\/semtepi\/#organization"},"image":{"@id":"https:\/\/www.manaus.am.gov.br\/semtepi\/empreendedorismo\/prefeitura-de-manaus-realiza-reuniao-com-empresas-que-vao-ocupar-os-galpoes-do-dimicro\/#primaryimage"},"thumbnailUrl":"https:\/\/www.manaus.am.gov.br\/semtepi\/wp-content\/uploads\/sites\/20\/2023\/07\/Foto-3-1.jpeg","keywords":["Dimicro","empreeendedorismo","prefeitura de manaus","reuni\u00e3o com empresas","Semtepi"],"articleSection":["Empreendedorismo"],"inLanguage":"pt-BR"},{"@type":"WebPage","@id":"https:\/\/www.manaus.am.gov.br\/semtepi\/empreendedorismo\/prefeitura-de-manaus-realiza-reuniao-com-empresas-que-vao-ocupar-os-galpoes-do-dimicro\/","url":"https:\/\/www.manaus.am.gov.br\/semtepi\/empreendedorismo\/prefeitura-de-manaus-realiza-reuniao-com-empresas-que-vao-ocupar-os-galpoes-do-dimicro\/","name":"Prefeitura de Manaus realiza reuni\u00e3o com empresas que v\u00e3o ocupar os galp\u00f5es do Dimicro","isPartOf":{"@id":"https:\/\/www.manaus.am.gov.br\/semtepi\/#website"},"primaryImageOfPage":{"@id":"https:\/\/www.manaus.am.gov.br\/semtepi\/empreendedorismo\/prefeitura-de-manaus-realiza-reuniao-com-empresas-que-vao-ocupar-os-galpoes-do-dimicro\/#primaryimage"},"image":{"@id":"https:\/\/www.manaus.am.gov.br\/semtepi\/empreendedorismo\/prefeitura-de-manaus-realiza-reuniao-com-empresas-que-vao-ocupar-os-galpoes-do-dimicro\/#primaryimage"},"thumbnailUrl":"https:\/\/www.manaus.am.gov.br\/semtepi\/wp-content\/uploads\/sites\/20\/2023\/07\/Foto-3-1.jpeg","datePublished":"2023-07-19T16:15:54+00:00","dateModified":"2023-07-19T16:15:56+00:00","description":"A Prefeitura de Manaus, por meio da Secretaria Municipal do Trabalho, Empreendedorismo e Inova\u00e7\u00e3o (Semtepi), realizou, na manh\u00e3 desta quarta-feira, 19\/7, reuni\u00e3o com empres\u00e1rios que v\u00e3o ocupar os galp\u00f5es do Distrito de Micro e Pequenas Empresas de Manaus (Dimicro). O encontrou aconteceu na sede do \u00f3rg\u00e3o, localizado no bairro Nossa Senhora das Gra\u00e7as, zona Centro-Sul da cidade.","breadcrumb":{"@id":"https:\/\/www.manaus.am.gov.br\/semtepi\/empreendedorismo\/prefeitura-de-manaus-realiza-reuniao-com-empresas-que-vao-ocupar-os-galpoes-do-dimicro\/#breadcrumb"},"inLanguage":"pt-BR","potentialAction":[{"@type":"ReadAction","target":["https:\/\/www.manaus.am.gov.br\/semtepi\/empreendedorismo\/prefeitura-de-manaus-realiza-reuniao-com-empresas-que-vao-ocupar-os-galpoes-do-dimicro\/"]}]},{"@type":"ImageObject","inLanguage":"pt-BR","@id":"https:\/\/www.manaus.am.gov.br\/semtepi\/empreendedorismo\/prefeitura-de-manaus-realiza-reuniao-com-empresas-que-vao-ocupar-os-galpoes-do-dimicro\/#primaryimage","url":"https:\/\/www.manaus.am.gov.br\/semtepi\/wp-content\/uploads\/sites\/20\/2023\/07\/Foto-3-1.jpeg","contentUrl":"https:\/\/www.manaus.am.gov.br\/semtepi\/wp-content\/uploads\/sites\/20\/2023\/07\/Foto-3-1.jpeg","width":1600,"height":1200},{"@type":"BreadcrumbList","@id":"https:\/\/www.manaus.am.gov.br\/semtepi\/empreendedorismo\/prefeitura-de-manaus-realiza-reuniao-com-empresas-que-vao-ocupar-os-galpoes-do-dimicro\/#breadcrumb","itemListElement":[{"@type":"ListItem","position":1,"name":"Home","item":"https:\/\/www.manaus.am.gov.br\/semtepi\/"},{"@type":"ListItem","position":2,"name":"Prefeitura de Manaus realiza reuni\u00e3o com empresas que v\u00e3o ocupar os galp\u00f5es do Dimicro"}]},{"@type":"WebSite","@id":"https:\/\/www.manaus.am.gov.br\/semtepi\/#website","url":"https:\/\/www.manaus.am.gov.br\/semtepi\/","name":"SEMTEPI","description":"Prefeitura de Manaus","publisher":{"@id":"https:\/\/www.manaus.am.gov.br\/semtepi\/#organization"},"alternateName":"Secretaria Municipal do Trabalho, Empreendedorismo e Inova\u00e7\u00e3o","potentialAction":[{"@type":"SearchAction","target":{"@type":"EntryPoint","urlTemplate":"https:\/\/www.manaus.am.gov.br\/semtepi\/?s={search_term_string}"},"query-input":"required name=search_term_string"}],"inLanguage":"pt-BR"},{"@type":"Organization","@id":"https:\/\/www.manaus.am.gov.br\/semtepi\/#organization","name":"Prefeitura Municipal de Manaus","alternateName":"Prefeitura de Manaus","url":"https:\/\/www.manaus.am.gov.br\/semtepi\/","logo":{"@type":"ImageObject","inLanguage":"pt-BR","@id":"https:\/\/www.manaus.am.gov.br\/semtepi\/#\/schema\/logo\/image\/","url":"https:\/\/www.manaus.am.gov.br\/semtepi\/wp-content\/uploads\/sites\/20\/2024\/07\/favicon.png","contentUrl":"https:\/\/www.manaus.am.gov.br\/semtepi\/wp-content\/uploads\/sites\/20\/2024\/07\/favicon.png","width":300,"height":300,"caption":"Prefeitura Municipal de Manaus"},"image":{"@id":"https:\/\/www.manaus.am.gov.br\/semtepi\/#\/schema\/logo\/image\/"}},{"@type":"Person","@id":"https:\/\/www.manaus.am.gov.br\/semtepi\/#\/schema\/person\/4e49f4e267757a06ca072ec61b2b9968","name":"Adriana Costa","image":{"@type":"ImageObject","inLanguage":"pt-BR","@id":"https:\/\/www.manaus.am.gov.br\/semtepi\/#\/schema\/person\/image\/","url":"https:\/\/secure.gravatar.com\/avatar\/576258617ef7194f718179e766d57bd4?s=96&d=mm&r=g","contentUrl":"https:\/\/secure.gravatar.com\/avatar\/576258617ef7194f718179e766d57bd4?s=96&d=mm&r=g","caption":"Adriana Costa"}}]}},"_links":{"self":[{"href":"https:\/\/www.manaus.am.gov.br\/semtepi\/wp-json\/wp\/v2\/posts\/2298"}],"collection":[{"href":"https:\/\/www.manaus.am.gov.br\/semtepi\/wp-json\/wp\/v2\/posts"}],"about":[{"href":"https:\/\/www.manaus.am.gov.br\/semtepi\/wp-json\/wp\/v2\/types\/post"}],"author":[{"embeddable":true,"href":"https:\/\/www.manaus.am.gov.br\/semtepi\/wp-json\/wp\/v2\/users\/23"}],"replies":[{"embeddable":true,"href":"https:\/\/www.manaus.am.gov.br\/semtepi\/wp-json\/wp\/v2\/comments?post=2298"}],"version-history":[{"count":0,"href":"https:\/\/www.manaus.am.gov.br\/semtepi\/wp-json\/wp\/v2\/posts\/2298\/revisions"}],"wp:featuredmedia":[{"embeddable":true,"href":"https:\/\/www.manaus.am.gov.br\/semtepi\/wp-json\/wp\/v2\/media\/2299"}],"wp:attachment":[{"href":"https:\/\/www.manaus.am.gov.br\/semtepi\/wp-json\/wp\/v2\/media?parent=2298"}],"wp:term":[{"taxonomy":"category","embeddable":true,"href":"https:\/\/www.manaus.am.gov.br\/semtepi\/wp-json\/wp\/v2\/categories?post=2298"},{"taxonomy":"post_tag","embeddable":true,"href":"https:\/\/www.manaus.am.gov.br\/semtepi\/wp-json\/wp\/v2\/tags?post=2298"}],"curies":[{"name":"wp","href":"https:\/\/api.w.org\/{rel}","templated":true}]}}