{"id":2296,"date":"2023-07-19T08:54:37","date_gmt":"2023-07-19T12:54:37","guid":{"rendered":"https:\/\/www.manaus.am.gov.br\/semtepi\/sem-categoria\/prefeitura-oferta-60-vagas-gratuitas-para-treinamento-sobre-edicao-de-videos-para-redes-sociais\/"},"modified":"2023-07-19T08:54:38","modified_gmt":"2023-07-19T12:54:38","slug":"prefeitura-oferta-60-vagas-gratuitas-para-treinamento-sobre-edicao-de-videos-para-redes-sociais","status":"publish","type":"post","link":"https:\/\/www.manaus.am.gov.br\/semtepi\/capacitacao\/prefeitura-oferta-60-vagas-gratuitas-para-treinamento-sobre-edicao-de-videos-para-redes-sociais\/","title":{"rendered":"<strong>Prefeitura oferta 60 vagas gratuitas para treinamento sobre edi\u00e7\u00e3o de v\u00eddeos para redes sociais<\/strong>"},"content":{"rendered":"\n<p>A Prefeitura de Manaus, por meio da Secretaria Municipal do Trabalho, Empreendedorismo e Inova\u00e7\u00e3o (Semtepi), em parceria com a Hattori Tech, oferta nesta quarta-feira, 19\/7, 60 vagas gratuitas para a segunda edi\u00e7\u00e3o do treinamento \u201cCrie V\u00eddeos Incr\u00edveis para suas Redes Sociais: Edi\u00e7\u00e3o com qualidade com CapCut\u201d.<\/p>\n\n\n\n<p>O programa \u00e9 destinado a estudantes e profissionais que buscam aprimorar suas compet\u00eancias nesse campo de atua\u00e7\u00e3o. As inscri\u00e7\u00f5es devem ser realizadas nesta quarta-feira, pelo link&nbsp;<a href=\"https:\/\/bit.ly\/44Lkwcq\" target=\"_blank\" rel=\"noreferrer noopener\">https:\/\/bit.ly\/44Lkwcq<\/a>.<\/p>\n\n\n\n<p>Durante a atividade, os participantes ter\u00e3o a oportunidade de explorar e dominar todos os recursos do CapCut, uma ferramenta gratuita de edi\u00e7\u00e3o de v\u00eddeos que oferece recursos avan\u00e7ados, incluindo filtros, efeitos de transi\u00e7\u00e3o, legendas e trilhas sonoras. Especialistas experientes ir\u00e3o compartilhar t\u00e9cnicas simples e eficazes, proporcionando aos alunos aprimoramento de suas habilidades e capacita\u00e7\u00e3o para criar&nbsp;conte\u00fados audiovisuais de excel\u00eancia.<\/p>\n\n\n\n<p>\u201cNesta oficina, os participantes ter\u00e3o a oportunidade de conhecer e explorar todas as funcionalidades do CapCut, recebendo o conhecimento direto de especialistas experientes na \u00e1rea. Ser\u00e3o compartilhadas t\u00e9cnicas simples e eficazes que permitir\u00e3o aos alunos aprimorar suas habilidades e criar&nbsp;v\u00eddeos de qualidade\u201d, destacou o titular da Semtepi, Radyr J\u00fanior.<\/p>\n\n\n\n<p>O treinamento ser\u00e1 realizado, presencialmente, na segunda-feira, 24\/7, das 19h \u00e0s 22h, no Casar\u00e3o da Inova\u00e7\u00e3o Cassina, localizado na rua Bernardo Ramos, n\u00ba 290, Centro, zona Sul. Os participantes devem se atentar \u00e0s regras de vestimenta do local: \u00e9 proibida a entrada de pessoas trajando bermuda, short, minissaia, camiseta regata ou chinelo.<\/p>\n\n\n\n<p>&#8212; &#8212; &#8212;<\/p>\n\n\n\n<p><strong>Texto e Fotos \u2013 <\/strong>Divulga\u00e7\u00e3o \/ Semtepi<\/p>\n","protected":false},"excerpt":{"rendered":"","protected":false},"author":23,"featured_media":2297,"comment_status":"closed","ping_status":"closed","sticky":false,"template":"","format":"standard","meta":{"footnotes":""},"categories":[51],"tags":[366,367,327,8,368,9],"acf":[],"yoast_head":"<!-- This site is optimized with the Yoast SEO plugin v23.0 - https:\/\/yoast.com\/wordpress\/plugins\/seo\/ -->\n<title>Prefeitura oferta 60 vagas gratuitas para treinamento sobre edi\u00e7\u00e3o de v\u00eddeos para redes sociais - SEMTEPI<\/title>\n<meta name=\"robots\" content=\"noindex, follow\" \/>\n<meta property=\"og:locale\" content=\"pt_BR\" \/>\n<meta property=\"og:type\" content=\"article\" \/>\n<meta property=\"og:title\" content=\"Prefeitura oferta 60 vagas gratuitas para treinamento sobre edi\u00e7\u00e3o de v\u00eddeos para redes sociais - SEMTEPI\" \/>\n<meta property=\"og:url\" content=\"https:\/\/www.manaus.am.gov.br\/semtepi\/capacitacao\/prefeitura-oferta-60-vagas-gratuitas-para-treinamento-sobre-edicao-de-videos-para-redes-sociais\/\" \/>\n<meta property=\"og:site_name\" content=\"SEMTEPI\" \/>\n<meta property=\"article:published_time\" content=\"2023-07-19T12:54:37+00:00\" \/>\n<meta property=\"article:modified_time\" content=\"2023-07-19T12:54:38+00:00\" \/>\n<meta property=\"og:image\" content=\"https:\/\/www.manaus.am.gov.br\/semtepi\/wp-content\/uploads\/sites\/20\/2023\/07\/Treinamento-Hattori.jpeg\" \/>\n\t<meta property=\"og:image:width\" content=\"1600\" \/>\n\t<meta property=\"og:image:height\" content=\"1200\" \/>\n\t<meta property=\"og:image:type\" content=\"image\/jpeg\" \/>\n<meta name=\"author\" content=\"Adriana Costa\" \/>\n<meta name=\"twitter:card\" content=\"summary_large_image\" \/>\n<meta name=\"twitter:label1\" content=\"Written by\" \/>\n\t<meta name=\"twitter:data1\" content=\"Adriana Costa\" \/>\n\t<meta name=\"twitter:label2\" content=\"Est. reading time\" \/>\n\t<meta name=\"twitter:data2\" content=\"2 minutos\" \/>\n<script type=\"application\/ld+json\" class=\"yoast-schema-graph\">{\"@context\":\"https:\/\/schema.org\",\"@graph\":[{\"@type\":\"Article\",\"@id\":\"https:\/\/www.manaus.am.gov.br\/semtepi\/capacitacao\/prefeitura-oferta-60-vagas-gratuitas-para-treinamento-sobre-edicao-de-videos-para-redes-sociais\/#article\",\"isPartOf\":{\"@id\":\"https:\/\/www.manaus.am.gov.br\/semtepi\/capacitacao\/prefeitura-oferta-60-vagas-gratuitas-para-treinamento-sobre-edicao-de-videos-para-redes-sociais\/\"},\"author\":{\"name\":\"Adriana Costa\",\"@id\":\"https:\/\/www.manaus.am.gov.br\/semtepi\/#\/schema\/person\/4e49f4e267757a06ca072ec61b2b9968\"},\"headline\":\"Prefeitura oferta 60 vagas gratuitas para treinamento sobre edi\u00e7\u00e3o de v\u00eddeos para redes sociais\",\"datePublished\":\"2023-07-19T12:54:37+00:00\",\"dateModified\":\"2023-07-19T12:54:38+00:00\",\"mainEntityOfPage\":{\"@id\":\"https:\/\/www.manaus.am.gov.br\/semtepi\/capacitacao\/prefeitura-oferta-60-vagas-gratuitas-para-treinamento-sobre-edicao-de-videos-para-redes-sociais\/\"},\"wordCount\":285,\"publisher\":{\"@id\":\"https:\/\/www.manaus.am.gov.br\/semtepi\/#organization\"},\"image\":{\"@id\":\"https:\/\/www.manaus.am.gov.br\/semtepi\/capacitacao\/prefeitura-oferta-60-vagas-gratuitas-para-treinamento-sobre-edicao-de-videos-para-redes-sociais\/#primaryimage\"},\"thumbnailUrl\":\"https:\/\/www.manaus.am.gov.br\/semtepi\/wp-content\/uploads\/sites\/20\/2023\/07\/Treinamento-Hattori.jpeg\",\"keywords\":[\"CapCut\",\"cassina\",\"edi\u00e7\u00e3o de v\u00eddeos\",\"prefeitura de manaus\",\"redes sociais\",\"Semtepi\"],\"articleSection\":[\"Capacita\u00e7\u00e3o\"],\"inLanguage\":\"pt-BR\"},{\"@type\":\"WebPage\",\"@id\":\"https:\/\/www.manaus.am.gov.br\/semtepi\/capacitacao\/prefeitura-oferta-60-vagas-gratuitas-para-treinamento-sobre-edicao-de-videos-para-redes-sociais\/\",\"url\":\"https:\/\/www.manaus.am.gov.br\/semtepi\/capacitacao\/prefeitura-oferta-60-vagas-gratuitas-para-treinamento-sobre-edicao-de-videos-para-redes-sociais\/\",\"name\":\"Prefeitura oferta 60 vagas gratuitas para treinamento sobre edi\u00e7\u00e3o de v\u00eddeos para redes sociais - SEMTEPI\",\"isPartOf\":{\"@id\":\"https:\/\/www.manaus.am.gov.br\/semtepi\/#website\"},\"primaryImageOfPage\":{\"@id\":\"https:\/\/www.manaus.am.gov.br\/semtepi\/capacitacao\/prefeitura-oferta-60-vagas-gratuitas-para-treinamento-sobre-edicao-de-videos-para-redes-sociais\/#primaryimage\"},\"image\":{\"@id\":\"https:\/\/www.manaus.am.gov.br\/semtepi\/capacitacao\/prefeitura-oferta-60-vagas-gratuitas-para-treinamento-sobre-edicao-de-videos-para-redes-sociais\/#primaryimage\"},\"thumbnailUrl\":\"https:\/\/www.manaus.am.gov.br\/semtepi\/wp-content\/uploads\/sites\/20\/2023\/07\/Treinamento-Hattori.jpeg\",\"datePublished\":\"2023-07-19T12:54:37+00:00\",\"dateModified\":\"2023-07-19T12:54:38+00:00\",\"breadcrumb\":{\"@id\":\"https:\/\/www.manaus.am.gov.br\/semtepi\/capacitacao\/prefeitura-oferta-60-vagas-gratuitas-para-treinamento-sobre-edicao-de-videos-para-redes-sociais\/#breadcrumb\"},\"inLanguage\":\"pt-BR\",\"potentialAction\":[{\"@type\":\"ReadAction\",\"target\":[\"https:\/\/www.manaus.am.gov.br\/semtepi\/capacitacao\/prefeitura-oferta-60-vagas-gratuitas-para-treinamento-sobre-edicao-de-videos-para-redes-sociais\/\"]}]},{\"@type\":\"ImageObject\",\"inLanguage\":\"pt-BR\",\"@id\":\"https:\/\/www.manaus.am.gov.br\/semtepi\/capacitacao\/prefeitura-oferta-60-vagas-gratuitas-para-treinamento-sobre-edicao-de-videos-para-redes-sociais\/#primaryimage\",\"url\":\"https:\/\/www.manaus.am.gov.br\/semtepi\/wp-content\/uploads\/sites\/20\/2023\/07\/Treinamento-Hattori.jpeg\",\"contentUrl\":\"https:\/\/www.manaus.am.gov.br\/semtepi\/wp-content\/uploads\/sites\/20\/2023\/07\/Treinamento-Hattori.jpeg\",\"width\":1600,\"height\":1200},{\"@type\":\"BreadcrumbList\",\"@id\":\"https:\/\/www.manaus.am.gov.br\/semtepi\/capacitacao\/prefeitura-oferta-60-vagas-gratuitas-para-treinamento-sobre-edicao-de-videos-para-redes-sociais\/#breadcrumb\",\"itemListElement\":[{\"@type\":\"ListItem\",\"position\":1,\"name\":\"Home\",\"item\":\"https:\/\/www.manaus.am.gov.br\/semtepi\/\"},{\"@type\":\"ListItem\",\"position\":2,\"name\":\"Prefeitura oferta 60 vagas gratuitas para treinamento sobre edi\u00e7\u00e3o de v\u00eddeos para redes sociais\"}]},{\"@type\":\"WebSite\",\"@id\":\"https:\/\/www.manaus.am.gov.br\/semtepi\/#website\",\"url\":\"https:\/\/www.manaus.am.gov.br\/semtepi\/\",\"name\":\"SEMTEPI\",\"description\":\"Prefeitura de Manaus\",\"publisher\":{\"@id\":\"https:\/\/www.manaus.am.gov.br\/semtepi\/#organization\"},\"alternateName\":\"Secretaria Municipal do Trabalho, Empreendedorismo e Inova\u00e7\u00e3o\",\"potentialAction\":[{\"@type\":\"SearchAction\",\"target\":{\"@type\":\"EntryPoint\",\"urlTemplate\":\"https:\/\/www.manaus.am.gov.br\/semtepi\/?s={search_term_string}\"},\"query-input\":\"required name=search_term_string\"}],\"inLanguage\":\"pt-BR\"},{\"@type\":\"Organization\",\"@id\":\"https:\/\/www.manaus.am.gov.br\/semtepi\/#organization\",\"name\":\"Prefeitura Municipal de Manaus\",\"alternateName\":\"Prefeitura de Manaus\",\"url\":\"https:\/\/www.manaus.am.gov.br\/semtepi\/\",\"logo\":{\"@type\":\"ImageObject\",\"inLanguage\":\"pt-BR\",\"@id\":\"https:\/\/www.manaus.am.gov.br\/semtepi\/#\/schema\/logo\/image\/\",\"url\":\"https:\/\/www.manaus.am.gov.br\/semtepi\/wp-content\/uploads\/sites\/20\/2024\/07\/favicon.png\",\"contentUrl\":\"https:\/\/www.manaus.am.gov.br\/semtepi\/wp-content\/uploads\/sites\/20\/2024\/07\/favicon.png\",\"width\":300,\"height\":300,\"caption\":\"Prefeitura Municipal de Manaus\"},\"image\":{\"@id\":\"https:\/\/www.manaus.am.gov.br\/semtepi\/#\/schema\/logo\/image\/\"}},{\"@type\":\"Person\",\"@id\":\"https:\/\/www.manaus.am.gov.br\/semtepi\/#\/schema\/person\/4e49f4e267757a06ca072ec61b2b9968\",\"name\":\"Adriana Costa\",\"image\":{\"@type\":\"ImageObject\",\"inLanguage\":\"pt-BR\",\"@id\":\"https:\/\/www.manaus.am.gov.br\/semtepi\/#\/schema\/person\/image\/\",\"url\":\"https:\/\/secure.gravatar.com\/avatar\/576258617ef7194f718179e766d57bd4?s=96&d=mm&r=g\",\"contentUrl\":\"https:\/\/secure.gravatar.com\/avatar\/576258617ef7194f718179e766d57bd4?s=96&d=mm&r=g\",\"caption\":\"Adriana Costa\"}}]}<\/script>\n<!-- \/ Yoast SEO plugin. -->","yoast_head_json":{"title":"Prefeitura oferta 60 vagas gratuitas para treinamento sobre edi\u00e7\u00e3o de v\u00eddeos para redes sociais - SEMTEPI","robots":{"index":"noindex","follow":"follow"},"og_locale":"pt_BR","og_type":"article","og_title":"Prefeitura oferta 60 vagas gratuitas para treinamento sobre edi\u00e7\u00e3o de v\u00eddeos para redes sociais - SEMTEPI","og_url":"https:\/\/www.manaus.am.gov.br\/semtepi\/capacitacao\/prefeitura-oferta-60-vagas-gratuitas-para-treinamento-sobre-edicao-de-videos-para-redes-sociais\/","og_site_name":"SEMTEPI","article_published_time":"2023-07-19T12:54:37+00:00","article_modified_time":"2023-07-19T12:54:38+00:00","og_image":[{"width":1600,"height":1200,"url":"https:\/\/www.manaus.am.gov.br\/semtepi\/wp-content\/uploads\/sites\/20\/2023\/07\/Treinamento-Hattori.jpeg","type":"image\/jpeg"}],"author":"Adriana Costa","twitter_card":"summary_large_image","twitter_misc":{"Written by":"Adriana Costa","Est. reading time":"2 minutos"},"schema":{"@context":"https:\/\/schema.org","@graph":[{"@type":"Article","@id":"https:\/\/www.manaus.am.gov.br\/semtepi\/capacitacao\/prefeitura-oferta-60-vagas-gratuitas-para-treinamento-sobre-edicao-de-videos-para-redes-sociais\/#article","isPartOf":{"@id":"https:\/\/www.manaus.am.gov.br\/semtepi\/capacitacao\/prefeitura-oferta-60-vagas-gratuitas-para-treinamento-sobre-edicao-de-videos-para-redes-sociais\/"},"author":{"name":"Adriana Costa","@id":"https:\/\/www.manaus.am.gov.br\/semtepi\/#\/schema\/person\/4e49f4e267757a06ca072ec61b2b9968"},"headline":"Prefeitura oferta 60 vagas gratuitas para treinamento sobre edi\u00e7\u00e3o de v\u00eddeos para redes sociais","datePublished":"2023-07-19T12:54:37+00:00","dateModified":"2023-07-19T12:54:38+00:00","mainEntityOfPage":{"@id":"https:\/\/www.manaus.am.gov.br\/semtepi\/capacitacao\/prefeitura-oferta-60-vagas-gratuitas-para-treinamento-sobre-edicao-de-videos-para-redes-sociais\/"},"wordCount":285,"publisher":{"@id":"https:\/\/www.manaus.am.gov.br\/semtepi\/#organization"},"image":{"@id":"https:\/\/www.manaus.am.gov.br\/semtepi\/capacitacao\/prefeitura-oferta-60-vagas-gratuitas-para-treinamento-sobre-edicao-de-videos-para-redes-sociais\/#primaryimage"},"thumbnailUrl":"https:\/\/www.manaus.am.gov.br\/semtepi\/wp-content\/uploads\/sites\/20\/2023\/07\/Treinamento-Hattori.jpeg","keywords":["CapCut","cassina","edi\u00e7\u00e3o de v\u00eddeos","prefeitura de manaus","redes sociais","Semtepi"],"articleSection":["Capacita\u00e7\u00e3o"],"inLanguage":"pt-BR"},{"@type":"WebPage","@id":"https:\/\/www.manaus.am.gov.br\/semtepi\/capacitacao\/prefeitura-oferta-60-vagas-gratuitas-para-treinamento-sobre-edicao-de-videos-para-redes-sociais\/","url":"https:\/\/www.manaus.am.gov.br\/semtepi\/capacitacao\/prefeitura-oferta-60-vagas-gratuitas-para-treinamento-sobre-edicao-de-videos-para-redes-sociais\/","name":"Prefeitura oferta 60 vagas gratuitas para treinamento sobre edi\u00e7\u00e3o de v\u00eddeos para redes sociais - SEMTEPI","isPartOf":{"@id":"https:\/\/www.manaus.am.gov.br\/semtepi\/#website"},"primaryImageOfPage":{"@id":"https:\/\/www.manaus.am.gov.br\/semtepi\/capacitacao\/prefeitura-oferta-60-vagas-gratuitas-para-treinamento-sobre-edicao-de-videos-para-redes-sociais\/#primaryimage"},"image":{"@id":"https:\/\/www.manaus.am.gov.br\/semtepi\/capacitacao\/prefeitura-oferta-60-vagas-gratuitas-para-treinamento-sobre-edicao-de-videos-para-redes-sociais\/#primaryimage"},"thumbnailUrl":"https:\/\/www.manaus.am.gov.br\/semtepi\/wp-content\/uploads\/sites\/20\/2023\/07\/Treinamento-Hattori.jpeg","datePublished":"2023-07-19T12:54:37+00:00","dateModified":"2023-07-19T12:54:38+00:00","breadcrumb":{"@id":"https:\/\/www.manaus.am.gov.br\/semtepi\/capacitacao\/prefeitura-oferta-60-vagas-gratuitas-para-treinamento-sobre-edicao-de-videos-para-redes-sociais\/#breadcrumb"},"inLanguage":"pt-BR","potentialAction":[{"@type":"ReadAction","target":["https:\/\/www.manaus.am.gov.br\/semtepi\/capacitacao\/prefeitura-oferta-60-vagas-gratuitas-para-treinamento-sobre-edicao-de-videos-para-redes-sociais\/"]}]},{"@type":"ImageObject","inLanguage":"pt-BR","@id":"https:\/\/www.manaus.am.gov.br\/semtepi\/capacitacao\/prefeitura-oferta-60-vagas-gratuitas-para-treinamento-sobre-edicao-de-videos-para-redes-sociais\/#primaryimage","url":"https:\/\/www.manaus.am.gov.br\/semtepi\/wp-content\/uploads\/sites\/20\/2023\/07\/Treinamento-Hattori.jpeg","contentUrl":"https:\/\/www.manaus.am.gov.br\/semtepi\/wp-content\/uploads\/sites\/20\/2023\/07\/Treinamento-Hattori.jpeg","width":1600,"height":1200},{"@type":"BreadcrumbList","@id":"https:\/\/www.manaus.am.gov.br\/semtepi\/capacitacao\/prefeitura-oferta-60-vagas-gratuitas-para-treinamento-sobre-edicao-de-videos-para-redes-sociais\/#breadcrumb","itemListElement":[{"@type":"ListItem","position":1,"name":"Home","item":"https:\/\/www.manaus.am.gov.br\/semtepi\/"},{"@type":"ListItem","position":2,"name":"Prefeitura oferta 60 vagas gratuitas para treinamento sobre edi\u00e7\u00e3o de v\u00eddeos para redes sociais"}]},{"@type":"WebSite","@id":"https:\/\/www.manaus.am.gov.br\/semtepi\/#website","url":"https:\/\/www.manaus.am.gov.br\/semtepi\/","name":"SEMTEPI","description":"Prefeitura de Manaus","publisher":{"@id":"https:\/\/www.manaus.am.gov.br\/semtepi\/#organization"},"alternateName":"Secretaria Municipal do Trabalho, Empreendedorismo e Inova\u00e7\u00e3o","potentialAction":[{"@type":"SearchAction","target":{"@type":"EntryPoint","urlTemplate":"https:\/\/www.manaus.am.gov.br\/semtepi\/?s={search_term_string}"},"query-input":"required name=search_term_string"}],"inLanguage":"pt-BR"},{"@type":"Organization","@id":"https:\/\/www.manaus.am.gov.br\/semtepi\/#organization","name":"Prefeitura Municipal de Manaus","alternateName":"Prefeitura de Manaus","url":"https:\/\/www.manaus.am.gov.br\/semtepi\/","logo":{"@type":"ImageObject","inLanguage":"pt-BR","@id":"https:\/\/www.manaus.am.gov.br\/semtepi\/#\/schema\/logo\/image\/","url":"https:\/\/www.manaus.am.gov.br\/semtepi\/wp-content\/uploads\/sites\/20\/2024\/07\/favicon.png","contentUrl":"https:\/\/www.manaus.am.gov.br\/semtepi\/wp-content\/uploads\/sites\/20\/2024\/07\/favicon.png","width":300,"height":300,"caption":"Prefeitura Municipal de Manaus"},"image":{"@id":"https:\/\/www.manaus.am.gov.br\/semtepi\/#\/schema\/logo\/image\/"}},{"@type":"Person","@id":"https:\/\/www.manaus.am.gov.br\/semtepi\/#\/schema\/person\/4e49f4e267757a06ca072ec61b2b9968","name":"Adriana Costa","image":{"@type":"ImageObject","inLanguage":"pt-BR","@id":"https:\/\/www.manaus.am.gov.br\/semtepi\/#\/schema\/person\/image\/","url":"https:\/\/secure.gravatar.com\/avatar\/576258617ef7194f718179e766d57bd4?s=96&d=mm&r=g","contentUrl":"https:\/\/secure.gravatar.com\/avatar\/576258617ef7194f718179e766d57bd4?s=96&d=mm&r=g","caption":"Adriana Costa"}}]}},"_links":{"self":[{"href":"https:\/\/www.manaus.am.gov.br\/semtepi\/wp-json\/wp\/v2\/posts\/2296"}],"collection":[{"href":"https:\/\/www.manaus.am.gov.br\/semtepi\/wp-json\/wp\/v2\/posts"}],"about":[{"href":"https:\/\/www.manaus.am.gov.br\/semtepi\/wp-json\/wp\/v2\/types\/post"}],"author":[{"embeddable":true,"href":"https:\/\/www.manaus.am.gov.br\/semtepi\/wp-json\/wp\/v2\/users\/23"}],"replies":[{"embeddable":true,"href":"https:\/\/www.manaus.am.gov.br\/semtepi\/wp-json\/wp\/v2\/comments?post=2296"}],"version-history":[{"count":0,"href":"https:\/\/www.manaus.am.gov.br\/semtepi\/wp-json\/wp\/v2\/posts\/2296\/revisions"}],"wp:featuredmedia":[{"embeddable":true,"href":"https:\/\/www.manaus.am.gov.br\/semtepi\/wp-json\/wp\/v2\/media\/2297"}],"wp:attachment":[{"href":"https:\/\/www.manaus.am.gov.br\/semtepi\/wp-json\/wp\/v2\/media?parent=2296"}],"wp:term":[{"taxonomy":"category","embeddable":true,"href":"https:\/\/www.manaus.am.gov.br\/semtepi\/wp-json\/wp\/v2\/categories?post=2296"},{"taxonomy":"post_tag","embeddable":true,"href":"https:\/\/www.manaus.am.gov.br\/semtepi\/wp-json\/wp\/v2\/tags?post=2296"}],"curies":[{"name":"wp","href":"https:\/\/api.w.org\/{rel}","templated":true}]}}