{"id":2292,"date":"2023-07-18T16:30:24","date_gmt":"2023-07-18T20:30:24","guid":{"rendered":"https:\/\/www.manaus.am.gov.br\/semtepi\/sem-categoria\/inscricoes-para-o-auxilio-permissionario-encerram-nesta-quarta-feira-19-7\/"},"modified":"2023-07-18T16:30:25","modified_gmt":"2023-07-18T20:30:25","slug":"inscricoes-para-o-auxilio-permissionario-encerram-nesta-quarta-feira-19-7","status":"publish","type":"post","link":"https:\/\/www.manaus.am.gov.br\/semtepi\/prazo\/inscricoes-para-o-auxilio-permissionario-encerram-nesta-quarta-feira-19-7\/","title":{"rendered":"<strong>Inscri\u00e7\u00f5es para o \u2018Aux\u00edlio Permission\u00e1rio\u2019 encerram nesta quarta-feira, 19\/7<\/strong>"},"content":{"rendered":"\n<p>A Prefeitura de Manaus, por meio da Secretaria Municipal do Trabalho, Empreendedorismo e Inova\u00e7\u00e3o (Semtepi) e do Fundo Municipal de Empreendedorismo e Inova\u00e7\u00e3o (Fumipeq), encerra, nesta quarta-feira, 19\/7, as inscri\u00e7\u00f5es para o \u201cAux\u00edlio Permission\u00e1rio\u201d, que visa beneficiar mais de 1.800 permission\u00e1rios das galerias populares dos Rem\u00e9dios, Esp\u00edrito Santo e shopping Phelippe Daou.<\/p>\n\n\n\n<p>O programa tem por objetivo auxiliar o empreendedor com duas parcelas no valor de R$ 500 e minimizar os impactos financeiros dos trabalhadores, durante as reformas dos espa\u00e7os p\u00fablicos. O cadastro pode ser efetuado at\u00e9 as 23h59 do dia 19\/7, por meio do site: <a href=\"https:\/\/auxiliopermissionario.manaus.am.gov.br\/cadastro\/register\/create\">https:\/\/auxiliopermissionario.manaus.am.gov.br\/cadastro\/register\/create<\/a>.<\/p>\n\n\n\n<p>\u201cNossa proposta \u00e9 n\u00e3o interromper as atividades para realizar as reformas necess\u00e1rias, mas sim concentrar nossos esfor\u00e7os nas prioridades que visam aprimorar o funcionamento desses espa\u00e7os. Desde o in\u00edcio da pandemia, os permission\u00e1rios t\u00eam enfrentado desafios significativos devido ao fechamento do com\u00e9rcio. Em resposta a essa situa\u00e7\u00e3o, implementamos um programa de aux\u00edlio financeiro para apoi\u00e1-los. Al\u00e9m disso, como respons\u00e1veis pelas galerias, estamos empenhados em realizar reformas e adapta\u00e7\u00f5es, com o objetivo de aperfei\u00e7oar o ambiente de trabalho desses profissionais&#8221;, destacou o secret\u00e1rio-executivo do Comit\u00ea de Cr\u00e9dito Municipal\/Fumipeq, Geison Assis.<\/p>\n\n\n\n<p>Criado no final do primeiro semestre deste ano, o \u201cAux\u00edlio Permission\u00e1rio\u201d foi uma proposta apresentada durante a mensagem do Executivo municipal \u00e0 C\u00e2mara Municipal de Manaus (CMM), no dia 6\/6. Regulamentado pela Lei n\u00ba 3.029, de 12 de abril de 2023, o programa realizar\u00e1 o pagamento dos empreendedores com recursos oriundos do Fumipeq.<\/p>\n\n\n\n<p>At\u00e9 o momento, 1.240 empreendedores se inscreveram, sendo 583 do Shopping Phelippe Daou, 379 da Galeria Rem\u00e9dios e 278 da Galeria Esp\u00edrito Santo. As obras nesses espa\u00e7os est\u00e3o avan\u00e7ando em \u00e1reas priorit\u00e1rias como a melhoria da infraestrutura dos banheiros, a Central do Empreendedor e o projeto de reforma na pra\u00e7a de alimenta\u00e7\u00e3o.<\/p>\n\n\n\n<p>&#8212; &#8212; &#8212;<\/p>\n\n\n\n<p><strong>Texto <\/strong>\u2013 Fabiane Monteiro \/ Semtepi<\/p>\n\n\n\n<p><strong>Fotos \u2013 <\/strong>Antonio Pereira \/ Arquivo Semcom<\/p>\n\n\n\n<p><strong>Dispon\u00edveis em &#8211; <\/strong><a href=\"https:\/\/flic.kr\/s\/aHBqjzXYWz\">https:\/\/flic.kr\/s\/aHBqjzXYWz<\/a><\/p>\n","protected":false},"excerpt":{"rendered":"","protected":false},"author":39,"featured_media":2293,"comment_status":"closed","ping_status":"closed","sticky":false,"template":"","format":"standard","meta":{"footnotes":""},"categories":[299],"tags":[363,364,116,365,301,8,9],"acf":[],"yoast_head":"<!-- This site is optimized with the Yoast SEO plugin v23.0 - https:\/\/yoast.com\/wordpress\/plugins\/seo\/ -->\n<title>Inscri\u00e7\u00f5es para o \u2018Aux\u00edlio Permission\u00e1rio\u2019 encerram nesta quarta-feira, 19\/7<\/title>\n<meta name=\"description\" content=\"A Prefeitura de Manaus, por meio da Secretaria Municipal do Trabalho, Empreendedorismo e Inova\u00e7\u00e3o (Semtepi) e do Fundo Municipal de Empreendedorismo e Inova\u00e7\u00e3o (Fumipeq), encerra, nesta quarta-feira, 19\/7, as inscri\u00e7\u00f5es para o \u201cAux\u00edlio Permission\u00e1rio\u201d, que visa beneficiar mais de 1.800 permission\u00e1rios das galerias populares dos Rem\u00e9dios, Esp\u00edrito Santo e shopping Phelippe Daou.\" \/>\n<meta name=\"robots\" content=\"noindex, follow\" \/>\n<meta property=\"og:locale\" content=\"pt_BR\" \/>\n<meta property=\"og:type\" content=\"article\" \/>\n<meta property=\"og:title\" content=\"Inscri\u00e7\u00f5es para o \u2018Aux\u00edlio Permission\u00e1rio\u2019 encerram nesta quarta-feira, 19\/7\" \/>\n<meta property=\"og:description\" content=\"A Prefeitura de Manaus, por meio da Secretaria Municipal do Trabalho, Empreendedorismo e Inova\u00e7\u00e3o (Semtepi) e do Fundo Municipal de Empreendedorismo e Inova\u00e7\u00e3o (Fumipeq), encerra, nesta quarta-feira, 19\/7, as inscri\u00e7\u00f5es para o \u201cAux\u00edlio Permission\u00e1rio\u201d, que visa beneficiar mais de 1.800 permission\u00e1rios das galerias populares dos Rem\u00e9dios, Esp\u00edrito Santo e shopping Phelippe Daou.\" \/>\n<meta property=\"og:url\" content=\"https:\/\/www.manaus.am.gov.br\/semtepi\/prazo\/inscricoes-para-o-auxilio-permissionario-encerram-nesta-quarta-feira-19-7\/\" \/>\n<meta property=\"og:site_name\" content=\"SEMTEPI\" \/>\n<meta property=\"article:published_time\" content=\"2023-07-18T20:30:24+00:00\" \/>\n<meta property=\"article:modified_time\" content=\"2023-07-18T20:30:25+00:00\" \/>\n<meta property=\"og:image\" content=\"https:\/\/www.manaus.am.gov.br\/semtepi\/wp-content\/uploads\/sites\/20\/2023\/07\/52214789140_71ce3bfeb5_k.jpg\" \/>\n\t<meta property=\"og:image:width\" content=\"2048\" \/>\n\t<meta property=\"og:image:height\" content=\"1365\" \/>\n\t<meta property=\"og:image:type\" content=\"image\/jpeg\" \/>\n<meta name=\"author\" content=\"Bruna Greco\" \/>\n<meta name=\"twitter:card\" content=\"summary_large_image\" \/>\n<meta name=\"twitter:label1\" content=\"Written by\" \/>\n\t<meta name=\"twitter:data1\" content=\"Bruna Greco\" \/>\n\t<meta name=\"twitter:label2\" content=\"Est. reading time\" \/>\n\t<meta name=\"twitter:data2\" content=\"2 minutos\" \/>\n<script type=\"application\/ld+json\" class=\"yoast-schema-graph\">{\"@context\":\"https:\/\/schema.org\",\"@graph\":[{\"@type\":\"Article\",\"@id\":\"https:\/\/www.manaus.am.gov.br\/semtepi\/prazo\/inscricoes-para-o-auxilio-permissionario-encerram-nesta-quarta-feira-19-7\/#article\",\"isPartOf\":{\"@id\":\"https:\/\/www.manaus.am.gov.br\/semtepi\/prazo\/inscricoes-para-o-auxilio-permissionario-encerram-nesta-quarta-feira-19-7\/\"},\"author\":{\"name\":\"Bruna Greco\",\"@id\":\"https:\/\/www.manaus.am.gov.br\/semtepi\/#\/schema\/person\/05d223aea2bf115f9883a6ff3683d81b\"},\"headline\":\"Inscri\u00e7\u00f5es para o \u2018Aux\u00edlio Permission\u00e1rio\u2019 encerram nesta quarta-feira, 19\/7\",\"datePublished\":\"2023-07-18T20:30:24+00:00\",\"dateModified\":\"2023-07-18T20:30:25+00:00\",\"mainEntityOfPage\":{\"@id\":\"https:\/\/www.manaus.am.gov.br\/semtepi\/prazo\/inscricoes-para-o-auxilio-permissionario-encerram-nesta-quarta-feira-19-7\/\"},\"wordCount\":356,\"publisher\":{\"@id\":\"https:\/\/www.manaus.am.gov.br\/semtepi\/#organization\"},\"image\":{\"@id\":\"https:\/\/www.manaus.am.gov.br\/semtepi\/prazo\/inscricoes-para-o-auxilio-permissionario-encerram-nesta-quarta-feira-19-7\/#primaryimage\"},\"thumbnailUrl\":\"https:\/\/www.manaus.am.gov.br\/semtepi\/wp-content\/uploads\/sites\/20\/2023\/07\/52214789140_71ce3bfeb5_k.jpg\",\"keywords\":[\"Aux\u00edlio Empreendedor\",\"Fundo Municipal de Empreendedorismo e Inova\u00e7\u00e3o (Fumipeq)\",\"inscri\u00e7\u00f5es\",\"mais de 1.800 permission\u00e1rios\",\"prazo\",\"prefeitura de manaus\",\"Semtepi\"],\"articleSection\":[\"Prazo\"],\"inLanguage\":\"pt-BR\"},{\"@type\":\"WebPage\",\"@id\":\"https:\/\/www.manaus.am.gov.br\/semtepi\/prazo\/inscricoes-para-o-auxilio-permissionario-encerram-nesta-quarta-feira-19-7\/\",\"url\":\"https:\/\/www.manaus.am.gov.br\/semtepi\/prazo\/inscricoes-para-o-auxilio-permissionario-encerram-nesta-quarta-feira-19-7\/\",\"name\":\"Inscri\u00e7\u00f5es para o \u2018Aux\u00edlio Permission\u00e1rio\u2019 encerram nesta quarta-feira, 19\/7\",\"isPartOf\":{\"@id\":\"https:\/\/www.manaus.am.gov.br\/semtepi\/#website\"},\"primaryImageOfPage\":{\"@id\":\"https:\/\/www.manaus.am.gov.br\/semtepi\/prazo\/inscricoes-para-o-auxilio-permissionario-encerram-nesta-quarta-feira-19-7\/#primaryimage\"},\"image\":{\"@id\":\"https:\/\/www.manaus.am.gov.br\/semtepi\/prazo\/inscricoes-para-o-auxilio-permissionario-encerram-nesta-quarta-feira-19-7\/#primaryimage\"},\"thumbnailUrl\":\"https:\/\/www.manaus.am.gov.br\/semtepi\/wp-content\/uploads\/sites\/20\/2023\/07\/52214789140_71ce3bfeb5_k.jpg\",\"datePublished\":\"2023-07-18T20:30:24+00:00\",\"dateModified\":\"2023-07-18T20:30:25+00:00\",\"description\":\"A Prefeitura de Manaus, por meio da Secretaria Municipal do Trabalho, Empreendedorismo e Inova\u00e7\u00e3o (Semtepi) e do Fundo Municipal de Empreendedorismo e Inova\u00e7\u00e3o (Fumipeq), encerra, nesta quarta-feira, 19\/7, as inscri\u00e7\u00f5es para o \u201cAux\u00edlio Permission\u00e1rio\u201d, que visa beneficiar mais de 1.800 permission\u00e1rios das galerias populares dos Rem\u00e9dios, Esp\u00edrito Santo e shopping Phelippe Daou.\",\"breadcrumb\":{\"@id\":\"https:\/\/www.manaus.am.gov.br\/semtepi\/prazo\/inscricoes-para-o-auxilio-permissionario-encerram-nesta-quarta-feira-19-7\/#breadcrumb\"},\"inLanguage\":\"pt-BR\",\"potentialAction\":[{\"@type\":\"ReadAction\",\"target\":[\"https:\/\/www.manaus.am.gov.br\/semtepi\/prazo\/inscricoes-para-o-auxilio-permissionario-encerram-nesta-quarta-feira-19-7\/\"]}]},{\"@type\":\"ImageObject\",\"inLanguage\":\"pt-BR\",\"@id\":\"https:\/\/www.manaus.am.gov.br\/semtepi\/prazo\/inscricoes-para-o-auxilio-permissionario-encerram-nesta-quarta-feira-19-7\/#primaryimage\",\"url\":\"https:\/\/www.manaus.am.gov.br\/semtepi\/wp-content\/uploads\/sites\/20\/2023\/07\/52214789140_71ce3bfeb5_k.jpg\",\"contentUrl\":\"https:\/\/www.manaus.am.gov.br\/semtepi\/wp-content\/uploads\/sites\/20\/2023\/07\/52214789140_71ce3bfeb5_k.jpg\",\"width\":2048,\"height\":1365},{\"@type\":\"BreadcrumbList\",\"@id\":\"https:\/\/www.manaus.am.gov.br\/semtepi\/prazo\/inscricoes-para-o-auxilio-permissionario-encerram-nesta-quarta-feira-19-7\/#breadcrumb\",\"itemListElement\":[{\"@type\":\"ListItem\",\"position\":1,\"name\":\"Home\",\"item\":\"https:\/\/www.manaus.am.gov.br\/semtepi\/\"},{\"@type\":\"ListItem\",\"position\":2,\"name\":\"Inscri\u00e7\u00f5es para o \u2018Aux\u00edlio Permission\u00e1rio\u2019 encerram nesta quarta-feira, 19\/7\"}]},{\"@type\":\"WebSite\",\"@id\":\"https:\/\/www.manaus.am.gov.br\/semtepi\/#website\",\"url\":\"https:\/\/www.manaus.am.gov.br\/semtepi\/\",\"name\":\"SEMTEPI\",\"description\":\"Prefeitura de Manaus\",\"publisher\":{\"@id\":\"https:\/\/www.manaus.am.gov.br\/semtepi\/#organization\"},\"alternateName\":\"Secretaria Municipal do Trabalho, Empreendedorismo e Inova\u00e7\u00e3o\",\"potentialAction\":[{\"@type\":\"SearchAction\",\"target\":{\"@type\":\"EntryPoint\",\"urlTemplate\":\"https:\/\/www.manaus.am.gov.br\/semtepi\/?s={search_term_string}\"},\"query-input\":\"required name=search_term_string\"}],\"inLanguage\":\"pt-BR\"},{\"@type\":\"Organization\",\"@id\":\"https:\/\/www.manaus.am.gov.br\/semtepi\/#organization\",\"name\":\"Prefeitura Municipal de Manaus\",\"alternateName\":\"Prefeitura de Manaus\",\"url\":\"https:\/\/www.manaus.am.gov.br\/semtepi\/\",\"logo\":{\"@type\":\"ImageObject\",\"inLanguage\":\"pt-BR\",\"@id\":\"https:\/\/www.manaus.am.gov.br\/semtepi\/#\/schema\/logo\/image\/\",\"url\":\"https:\/\/www.manaus.am.gov.br\/semtepi\/wp-content\/uploads\/sites\/20\/2024\/07\/favicon.png\",\"contentUrl\":\"https:\/\/www.manaus.am.gov.br\/semtepi\/wp-content\/uploads\/sites\/20\/2024\/07\/favicon.png\",\"width\":300,\"height\":300,\"caption\":\"Prefeitura Municipal de Manaus\"},\"image\":{\"@id\":\"https:\/\/www.manaus.am.gov.br\/semtepi\/#\/schema\/logo\/image\/\"}},{\"@type\":\"Person\",\"@id\":\"https:\/\/www.manaus.am.gov.br\/semtepi\/#\/schema\/person\/05d223aea2bf115f9883a6ff3683d81b\",\"name\":\"Bruna Greco\",\"image\":{\"@type\":\"ImageObject\",\"inLanguage\":\"pt-BR\",\"@id\":\"https:\/\/www.manaus.am.gov.br\/semtepi\/#\/schema\/person\/image\/\",\"url\":\"https:\/\/secure.gravatar.com\/avatar\/9c877d1a6adc2a055330e5c09a8653ce?s=96&d=mm&r=g\",\"contentUrl\":\"https:\/\/secure.gravatar.com\/avatar\/9c877d1a6adc2a055330e5c09a8653ce?s=96&d=mm&r=g\",\"caption\":\"Bruna Greco\"}}]}<\/script>\n<!-- \/ Yoast SEO plugin. -->","yoast_head_json":{"title":"Inscri\u00e7\u00f5es para o \u2018Aux\u00edlio Permission\u00e1rio\u2019 encerram nesta quarta-feira, 19\/7","description":"A Prefeitura de Manaus, por meio da Secretaria Municipal do Trabalho, Empreendedorismo e Inova\u00e7\u00e3o (Semtepi) e do Fundo Municipal de Empreendedorismo e Inova\u00e7\u00e3o (Fumipeq), encerra, nesta quarta-feira, 19\/7, as inscri\u00e7\u00f5es para o \u201cAux\u00edlio Permission\u00e1rio\u201d, que visa beneficiar mais de 1.800 permission\u00e1rios das galerias populares dos Rem\u00e9dios, Esp\u00edrito Santo e shopping Phelippe Daou.","robots":{"index":"noindex","follow":"follow"},"og_locale":"pt_BR","og_type":"article","og_title":"Inscri\u00e7\u00f5es para o \u2018Aux\u00edlio Permission\u00e1rio\u2019 encerram nesta quarta-feira, 19\/7","og_description":"A Prefeitura de Manaus, por meio da Secretaria Municipal do Trabalho, Empreendedorismo e Inova\u00e7\u00e3o (Semtepi) e do Fundo Municipal de Empreendedorismo e Inova\u00e7\u00e3o (Fumipeq), encerra, nesta quarta-feira, 19\/7, as inscri\u00e7\u00f5es para o \u201cAux\u00edlio Permission\u00e1rio\u201d, que visa beneficiar mais de 1.800 permission\u00e1rios das galerias populares dos Rem\u00e9dios, Esp\u00edrito Santo e shopping Phelippe Daou.","og_url":"https:\/\/www.manaus.am.gov.br\/semtepi\/prazo\/inscricoes-para-o-auxilio-permissionario-encerram-nesta-quarta-feira-19-7\/","og_site_name":"SEMTEPI","article_published_time":"2023-07-18T20:30:24+00:00","article_modified_time":"2023-07-18T20:30:25+00:00","og_image":[{"width":2048,"height":1365,"url":"https:\/\/www.manaus.am.gov.br\/semtepi\/wp-content\/uploads\/sites\/20\/2023\/07\/52214789140_71ce3bfeb5_k.jpg","type":"image\/jpeg"}],"author":"Bruna Greco","twitter_card":"summary_large_image","twitter_misc":{"Written by":"Bruna Greco","Est. reading time":"2 minutos"},"schema":{"@context":"https:\/\/schema.org","@graph":[{"@type":"Article","@id":"https:\/\/www.manaus.am.gov.br\/semtepi\/prazo\/inscricoes-para-o-auxilio-permissionario-encerram-nesta-quarta-feira-19-7\/#article","isPartOf":{"@id":"https:\/\/www.manaus.am.gov.br\/semtepi\/prazo\/inscricoes-para-o-auxilio-permissionario-encerram-nesta-quarta-feira-19-7\/"},"author":{"name":"Bruna Greco","@id":"https:\/\/www.manaus.am.gov.br\/semtepi\/#\/schema\/person\/05d223aea2bf115f9883a6ff3683d81b"},"headline":"Inscri\u00e7\u00f5es para o \u2018Aux\u00edlio Permission\u00e1rio\u2019 encerram nesta quarta-feira, 19\/7","datePublished":"2023-07-18T20:30:24+00:00","dateModified":"2023-07-18T20:30:25+00:00","mainEntityOfPage":{"@id":"https:\/\/www.manaus.am.gov.br\/semtepi\/prazo\/inscricoes-para-o-auxilio-permissionario-encerram-nesta-quarta-feira-19-7\/"},"wordCount":356,"publisher":{"@id":"https:\/\/www.manaus.am.gov.br\/semtepi\/#organization"},"image":{"@id":"https:\/\/www.manaus.am.gov.br\/semtepi\/prazo\/inscricoes-para-o-auxilio-permissionario-encerram-nesta-quarta-feira-19-7\/#primaryimage"},"thumbnailUrl":"https:\/\/www.manaus.am.gov.br\/semtepi\/wp-content\/uploads\/sites\/20\/2023\/07\/52214789140_71ce3bfeb5_k.jpg","keywords":["Aux\u00edlio Empreendedor","Fundo Municipal de Empreendedorismo e Inova\u00e7\u00e3o (Fumipeq)","inscri\u00e7\u00f5es","mais de 1.800 permission\u00e1rios","prazo","prefeitura de manaus","Semtepi"],"articleSection":["Prazo"],"inLanguage":"pt-BR"},{"@type":"WebPage","@id":"https:\/\/www.manaus.am.gov.br\/semtepi\/prazo\/inscricoes-para-o-auxilio-permissionario-encerram-nesta-quarta-feira-19-7\/","url":"https:\/\/www.manaus.am.gov.br\/semtepi\/prazo\/inscricoes-para-o-auxilio-permissionario-encerram-nesta-quarta-feira-19-7\/","name":"Inscri\u00e7\u00f5es para o \u2018Aux\u00edlio Permission\u00e1rio\u2019 encerram nesta quarta-feira, 19\/7","isPartOf":{"@id":"https:\/\/www.manaus.am.gov.br\/semtepi\/#website"},"primaryImageOfPage":{"@id":"https:\/\/www.manaus.am.gov.br\/semtepi\/prazo\/inscricoes-para-o-auxilio-permissionario-encerram-nesta-quarta-feira-19-7\/#primaryimage"},"image":{"@id":"https:\/\/www.manaus.am.gov.br\/semtepi\/prazo\/inscricoes-para-o-auxilio-permissionario-encerram-nesta-quarta-feira-19-7\/#primaryimage"},"thumbnailUrl":"https:\/\/www.manaus.am.gov.br\/semtepi\/wp-content\/uploads\/sites\/20\/2023\/07\/52214789140_71ce3bfeb5_k.jpg","datePublished":"2023-07-18T20:30:24+00:00","dateModified":"2023-07-18T20:30:25+00:00","description":"A Prefeitura de Manaus, por meio da Secretaria Municipal do Trabalho, Empreendedorismo e Inova\u00e7\u00e3o (Semtepi) e do Fundo Municipal de Empreendedorismo e Inova\u00e7\u00e3o (Fumipeq), encerra, nesta quarta-feira, 19\/7, as inscri\u00e7\u00f5es para o \u201cAux\u00edlio Permission\u00e1rio\u201d, que visa beneficiar mais de 1.800 permission\u00e1rios das galerias populares dos Rem\u00e9dios, Esp\u00edrito Santo e shopping Phelippe Daou.","breadcrumb":{"@id":"https:\/\/www.manaus.am.gov.br\/semtepi\/prazo\/inscricoes-para-o-auxilio-permissionario-encerram-nesta-quarta-feira-19-7\/#breadcrumb"},"inLanguage":"pt-BR","potentialAction":[{"@type":"ReadAction","target":["https:\/\/www.manaus.am.gov.br\/semtepi\/prazo\/inscricoes-para-o-auxilio-permissionario-encerram-nesta-quarta-feira-19-7\/"]}]},{"@type":"ImageObject","inLanguage":"pt-BR","@id":"https:\/\/www.manaus.am.gov.br\/semtepi\/prazo\/inscricoes-para-o-auxilio-permissionario-encerram-nesta-quarta-feira-19-7\/#primaryimage","url":"https:\/\/www.manaus.am.gov.br\/semtepi\/wp-content\/uploads\/sites\/20\/2023\/07\/52214789140_71ce3bfeb5_k.jpg","contentUrl":"https:\/\/www.manaus.am.gov.br\/semtepi\/wp-content\/uploads\/sites\/20\/2023\/07\/52214789140_71ce3bfeb5_k.jpg","width":2048,"height":1365},{"@type":"BreadcrumbList","@id":"https:\/\/www.manaus.am.gov.br\/semtepi\/prazo\/inscricoes-para-o-auxilio-permissionario-encerram-nesta-quarta-feira-19-7\/#breadcrumb","itemListElement":[{"@type":"ListItem","position":1,"name":"Home","item":"https:\/\/www.manaus.am.gov.br\/semtepi\/"},{"@type":"ListItem","position":2,"name":"Inscri\u00e7\u00f5es para o \u2018Aux\u00edlio Permission\u00e1rio\u2019 encerram nesta quarta-feira, 19\/7"}]},{"@type":"WebSite","@id":"https:\/\/www.manaus.am.gov.br\/semtepi\/#website","url":"https:\/\/www.manaus.am.gov.br\/semtepi\/","name":"SEMTEPI","description":"Prefeitura de Manaus","publisher":{"@id":"https:\/\/www.manaus.am.gov.br\/semtepi\/#organization"},"alternateName":"Secretaria Municipal do Trabalho, Empreendedorismo e Inova\u00e7\u00e3o","potentialAction":[{"@type":"SearchAction","target":{"@type":"EntryPoint","urlTemplate":"https:\/\/www.manaus.am.gov.br\/semtepi\/?s={search_term_string}"},"query-input":"required name=search_term_string"}],"inLanguage":"pt-BR"},{"@type":"Organization","@id":"https:\/\/www.manaus.am.gov.br\/semtepi\/#organization","name":"Prefeitura Municipal de Manaus","alternateName":"Prefeitura de Manaus","url":"https:\/\/www.manaus.am.gov.br\/semtepi\/","logo":{"@type":"ImageObject","inLanguage":"pt-BR","@id":"https:\/\/www.manaus.am.gov.br\/semtepi\/#\/schema\/logo\/image\/","url":"https:\/\/www.manaus.am.gov.br\/semtepi\/wp-content\/uploads\/sites\/20\/2024\/07\/favicon.png","contentUrl":"https:\/\/www.manaus.am.gov.br\/semtepi\/wp-content\/uploads\/sites\/20\/2024\/07\/favicon.png","width":300,"height":300,"caption":"Prefeitura Municipal de Manaus"},"image":{"@id":"https:\/\/www.manaus.am.gov.br\/semtepi\/#\/schema\/logo\/image\/"}},{"@type":"Person","@id":"https:\/\/www.manaus.am.gov.br\/semtepi\/#\/schema\/person\/05d223aea2bf115f9883a6ff3683d81b","name":"Bruna Greco","image":{"@type":"ImageObject","inLanguage":"pt-BR","@id":"https:\/\/www.manaus.am.gov.br\/semtepi\/#\/schema\/person\/image\/","url":"https:\/\/secure.gravatar.com\/avatar\/9c877d1a6adc2a055330e5c09a8653ce?s=96&d=mm&r=g","contentUrl":"https:\/\/secure.gravatar.com\/avatar\/9c877d1a6adc2a055330e5c09a8653ce?s=96&d=mm&r=g","caption":"Bruna Greco"}}]}},"_links":{"self":[{"href":"https:\/\/www.manaus.am.gov.br\/semtepi\/wp-json\/wp\/v2\/posts\/2292"}],"collection":[{"href":"https:\/\/www.manaus.am.gov.br\/semtepi\/wp-json\/wp\/v2\/posts"}],"about":[{"href":"https:\/\/www.manaus.am.gov.br\/semtepi\/wp-json\/wp\/v2\/types\/post"}],"author":[{"embeddable":true,"href":"https:\/\/www.manaus.am.gov.br\/semtepi\/wp-json\/wp\/v2\/users\/39"}],"replies":[{"embeddable":true,"href":"https:\/\/www.manaus.am.gov.br\/semtepi\/wp-json\/wp\/v2\/comments?post=2292"}],"version-history":[{"count":0,"href":"https:\/\/www.manaus.am.gov.br\/semtepi\/wp-json\/wp\/v2\/posts\/2292\/revisions"}],"wp:featuredmedia":[{"embeddable":true,"href":"https:\/\/www.manaus.am.gov.br\/semtepi\/wp-json\/wp\/v2\/media\/2293"}],"wp:attachment":[{"href":"https:\/\/www.manaus.am.gov.br\/semtepi\/wp-json\/wp\/v2\/media?parent=2292"}],"wp:term":[{"taxonomy":"category","embeddable":true,"href":"https:\/\/www.manaus.am.gov.br\/semtepi\/wp-json\/wp\/v2\/categories?post=2292"},{"taxonomy":"post_tag","embeddable":true,"href":"https:\/\/www.manaus.am.gov.br\/semtepi\/wp-json\/wp\/v2\/tags?post=2292"}],"curies":[{"name":"wp","href":"https:\/\/api.w.org\/{rel}","templated":true}]}}