{"id":2291,"date":"2023-07-18T16:06:23","date_gmt":"2023-07-18T20:06:23","guid":{"rendered":"https:\/\/www.manaus.am.gov.br\/semtepi\/sem-categoria\/sine-manaus-oferta-165-vagas-de-emprego-nesta-quarta-feira-19-7\/"},"modified":"2023-07-18T16:06:25","modified_gmt":"2023-07-18T20:06:25","slug":"sine-manaus-oferta-165-vagas-de-emprego-nesta-quarta-feira-19-7","status":"publish","type":"post","link":"https:\/\/www.manaus.am.gov.br\/semtepi\/oportunidade\/sine-manaus-oferta-165-vagas-de-emprego-nesta-quarta-feira-19-7\/","title":{"rendered":"<strong>Sine Manaus oferta 165 vagas de emprego nesta quarta-feira, 19\/7<\/strong>"},"content":{"rendered":"\n<p>A Prefeitura de Manaus, por meio do Sine Manaus, oferta 165\u00a0vagas de emprego em v\u00e1rias \u00e1reas de atua\u00e7\u00e3o, nesta quarta-feira, 19\/7,\u00a0de 8h \u00e0s 16h. O candidato precisa validar a Carteira Digital e Previd\u00eancia Social (CTPS) no aplicativo \u201cCarteira de Trabalho Digital\u201d ou acessar o site\u00a0<a href=\"http:\/\/gov.br\/trabalho\" target=\"_blank\" rel=\"noreferrer noopener\">http:\/\/gov.br\/trabalho<\/a>\u00a0e para concorrer \u00e0s vagas, deve acessar o site\u00a0<a href=\"http:\/\/empregabrasil.mte.gov.br\/\" target=\"_blank\" rel=\"noreferrer noopener\">http:\/\/empregabrasil.mte.gov.br<\/a>\u00a0para fazer a solicita\u00e7\u00e3o de cadastro.<\/p>\n\n\n\n<p>Para participar da pr\u00e9-sele\u00e7\u00e3o e concorrer a uma das vagas dispon\u00edveis, ou receber orienta\u00e7\u00e3o de cadastro, Carteira de Trabalho Digital e seguro-desemprego, os candidatos devem comparecer a um dos postos do Sine Manaus: na avenida Constantino Nery, n\u00ba 1.272, bairro S\u00e3o Geraldo, zona Centro-Sul; ou no shopping Phelippe Daou, na&nbsp;<a href=\"https:\/\/www.google.com\/maps\/search\/avenida+Camapu%C3%A3,+n%C2%BA+2.939?entry=gmail&amp;source=g\">avenida Camapu\u00e3, n\u00ba 2.939<\/a>, bairro Cidade de Deus, zona Leste.<\/p>\n\n\n\n<p>A Semtepi informa que o atendimento no posto do shopping Phelippe Daou foi reduzido em virtude de reforma no espa\u00e7o, e orienta os cidad\u00e3os a comparecerem, preferencialmente, ao posto da avenida Constantino Nery.<\/p>\n\n\n\n<p>Os interessados devem estar munidos do comprovante de vacina\u00e7\u00e3o (Covid-19), curr\u00edculo e documentos pessoais (RG, CPF, PIS, CTPS, comprovante de escolaridade e resid\u00eancia). N\u00e3o \u00e9 necess\u00e1rio apresentar c\u00f3pias, somente os documentos originais.<\/p>\n\n\n\n<p><strong>Vagas Novas \u2013 76<\/strong><\/p>\n\n\n\n<p><strong>1 vaga \u2013 Auxiliar Administrativo<\/strong><\/p>\n\n\n\n<p>Escolaridade \u2013 ensino m\u00e9dio completo;<\/p>\n\n\n\n<p>Experi\u00eancia \u2013 seis meses na Carteira de Trabalho;<\/p>\n\n\n\n<p>Requisitos obrigat\u00f3rios \u2013 ter Pacote office e experi\u00eancia em departamento Pessoal e Recursos humanos;<\/p>\n\n\n\n<p>Atividades \u2013 auxiliar no total funcionamento de todas as rotinas administrativas da empresa.<\/p>\n\n\n\n<p>Dispon\u00edvel at\u00e9 19\/7\/2023 ou encerramento da vaga.<\/p>\n\n\n\n<p><strong>1 vaga \u2013 Atendente de Padaria<\/strong><\/p>\n\n\n\n<p>Escolaridade &#8211; ensino m\u00e9dio completo;<\/p>\n\n\n\n<p>Experi\u00eancia \u2013 tr\u00eas meses na Carteira de Trabalho;<\/p>\n\n\n\n<p>Atividades \u2013 vender mercadorias em estabelecimentos do com\u00e9rcio varejista ou atacadista, auxiliando os clientes na escolha; controlar entrada e sa\u00edda de mercadorias; promover a venda de mercadorias e demonstrar seu funcionamento, oferecendo para degusta\u00e7\u00e3o ou distribuindo amostras; informar sobre as qualidades e vantagens da aquisi\u00e7\u00e3o; expor mercadorias de forma atrativa, em pontos estrat\u00e9gicos de vendas; abastecer pontos de venda, g\u00f4ndolas e balc\u00f5es e atender clientes em lojas e mercados; fazer invent\u00e1rio de mercadorias para reposi\u00e7\u00e3o; elaborar relat\u00f3rios de vendas, promo\u00e7\u00f5es, demonstra\u00e7\u00f5es e pesquisa de pre\u00e7os.<\/p>\n\n\n\n<p>Dispon\u00edvel at\u00e9 19\/7\/2023 ou encerramento da vaga.<\/p>\n\n\n\n<p><strong>2 vagas \u2013 Repositor de Mercadorias<\/strong><\/p>\n\n\n\n<p>Escolaridade \u2013 ensino m\u00e9dio completo;<\/p>\n\n\n\n<p>Experi\u00eancia \u2013 seis meses na Carteira de Trabalho;<\/p>\n\n\n\n<p>Atividades \u2013 repor e arrumar mercadorias em prateleiras; organizar e abastecer g\u00f4ndolas de produtos; prestar atendimento aos clientes, indicando a posi\u00e7\u00e3o de mercadorias; definir locais estrat\u00e9gicos para expor os produtos.<\/p>\n\n\n\n<p>Dispon\u00edvel at\u00e9 19\/7\/2023 ou encerramento da vaga.<\/p>\n\n\n\n<p><strong>1 vaga \u2013 Operador de Caixa<\/strong><\/p>\n\n\n\n<p>Escolaridade \u2013 ensino m\u00e9dio completo;<\/p>\n\n\n\n<p>Experi\u00eancia \u2013 seis meses na Carteira de Trabalho;<\/p>\n\n\n\n<p>Requisitos obrigat\u00f3rios \u2013 ter experi\u00eancia em supermercado;<\/p>\n\n\n\n<p>Atividades \u2013 receber valores de vendas de produtos e servi\u00e7os; controlar numer\u00e1rios e valores; atender o p\u00fablico na recep\u00e7\u00e3o; prestar informa\u00e7\u00f5es ao p\u00fablico sobre itiner\u00e1rios, hor\u00e1rios, pre\u00e7os, locais, dura\u00e7\u00e3o de espet\u00e1culos, promo\u00e7\u00f5es, entre outros; preencher formul\u00e1rios e relat\u00f3rios administrativos.<\/p>\n\n\n\n<p>Dispon\u00edvel at\u00e9 19\/7\/2023 ou encerramento da vaga.<\/p>\n\n\n\n<p><strong>2 vagas \u2013 Auxiliar de Estoque<\/strong><\/p>\n\n\n\n<p>Escolaridade \u2013 ensino m\u00e9dio completo;<\/p>\n\n\n\n<p>Experi\u00eancia \u2013 seis meses na Carteira de Trabalho;<\/p>\n\n\n\n<p>Requisitos obrigat\u00f3rios \u2013 ter conhecimento em pe\u00e7as de motocicletas e residir na zona Oeste de Manaus;<\/p>\n\n\n\n<p>Atividades \u2013 recepcionar, conferir e armazenar produtos e materiais em almoxarifados, armaz\u00e9ns, silos e dep\u00f3sitos; fazer os lan\u00e7amentos da movimenta\u00e7\u00e3o de entradas e sa\u00eddas e controlar os estoques; distribuir produtos e materiais a serem expedidos; organizar o almoxarifado para facilitar a movimenta\u00e7\u00e3o dos itens armazenados, preservando o estoque limpo e organizado; empacotar e desempacotar produtos; realizar expedi\u00e7\u00e3o de materiais e produtos, examinando e providenciando despachos; auxiliar no processo de log\u00edstica.<\/p>\n\n\n\n<p>Dispon\u00edvel at\u00e9 19\/7\/2023 ou encerramento da vaga.<\/p>\n\n\n\n<p><strong>2 vagas \u2013 Auxiliar de Limpeza<\/strong><\/p>\n\n\n\n<p>Escolaridade \u2013 ensino fundamental completo;<\/p>\n\n\n\n<p>Experi\u00eancia \u2013 seis meses na Carteira de Trabalho;<\/p>\n\n\n\n<p>Atividades \u2013 limpar e conservar ambientes internos e externos,&nbsp;banheiros e outros ambientes de higiene pessoal,&nbsp;executando limpeza \u00famida e seca; executar coleta de lixo comum e recicl\u00e1vel; limpar portas e janelas de vidro, paredes e teto; cuidar dos vasos de plantas internas; varrer ambientes externos, coletando folhas secas e buscando contribuir para manter o ambiente agrad\u00e1vel; limpar cozinhas, \u00e1rea de servi\u00e7o, garagens, p\u00e1tios, assoalhos, m\u00f3veis, carpetes e tapetes, abastecendo os ambientes com materiais; executar outras tarefas relacionadas \u00e0 \u00e1rea.<\/p>\n\n\n\n<p>Dispon\u00edvel at\u00e9 19\/7\/2023 ou encerramento da vaga.<\/p>\n\n\n\n<p><strong>1 vaga \u2013 Art\u00edfice de Manuten\u00e7\u00e3o<\/strong><\/p>\n\n\n\n<p>Escolaridade \u2013 ensino m\u00e9dio completo;<\/p>\n\n\n\n<p>Experi\u00eancia \u2013 seis meses na Carteira de Trabalho;<\/p>\n\n\n\n<p>Requisitos obrigat\u00f3rios \u2013 ter cursos de NR-10 e NR-35;<\/p>\n\n\n\n<p>Atividades \u2013 identificar as instala\u00e7\u00f5es hidrossanit\u00e1rias, esgoto a v\u00e1cuo e aquecedores a g\u00e1s; executar as instala\u00e7\u00f5es hidrossanit\u00e1rias e de esgoto a v\u00e1cuo em PVC, CPVC, cobre e ferro, e de bombas do sistema hidrossanit\u00e1rias e esgoto a v\u00e1cuo; montar, instalar e reparar circuitos el\u00e9tricos de baixa tens\u00e3o em geral; consertar motores de bombas; avaliar e instalar equipamentos el\u00e9tricos; realizar manuten\u00e7\u00e3o preventiva em subesta\u00e7\u00f5es de m\u00e9dia tens\u00e3o; realizar testes para identificar e localizar defeitos na instala\u00e7\u00e3o e no funcionamento dos equipamentos; realizar inspe\u00e7\u00f5es rotineiras com elabora\u00e7\u00e3o de relat\u00f3rios; realizar outras atribui\u00e7\u00f5es inerentes \u00e0 fun\u00e7\u00e3o;&nbsp;desej\u00e1vel ter conhecimento em el\u00e9trica, hidr\u00e1ulica e alvenaria.<\/p>\n\n\n\n<p>Dispon\u00edvel at\u00e9 19\/7\/2023 ou encerramento da vaga.<\/p>\n\n\n\n<p><strong>2 vagas \u2013 Assistente de Vendas<\/strong><\/p>\n\n\n\n<p>Escolaridade \u2013 ensino m\u00e9dio completo;<\/p>\n\n\n\n<p>Experi\u00eancia \u2013 seis meses na Carteira de Trabalho;<\/p>\n\n\n\n<p>Requisitos obrigat\u00f3rios \u2013 ter experi\u00eancia com venda de pe\u00e7as de autom\u00f3veis;<\/p>\n\n\n\n<p>Atividades \u2013 planejar atividades de vendas especializadas e de demonstra\u00e7\u00e3o de produtos; realizar visitas a clientes, apresentar e demonstrar seus produtos, esclarecer d\u00favidas e acompanhar o p\u00f3s-venda; contatar \u00e1reas internas da empresa, sugerir pol\u00edticas de vendas e promo\u00e7\u00e3o de produtos, e participar de eventos.<\/p>\n\n\n\n<p>Dispon\u00edvel at\u00e9 19\/7\/2023 ou encerramento da vaga.<\/p>\n\n\n\n<p><strong>1 vaga \u2013 Auxiliar de Limpeza<\/strong><\/p>\n\n\n\n<p>Escolaridade \u2013 ensino m\u00e9dio completo;<\/p>\n\n\n\n<p>Experi\u00eancia \u2013 seis meses na Carteira de Trabalho;<\/p>\n\n\n\n<p>Atividades \u2013&nbsp;limpar e conservar ambientes internos e externos, banheiros e outros ambientes de higiene pessoal, executando limpeza \u00famida e seca; executar coleta de lixo comum e recicl\u00e1vel; limpar portas e janelas de vidro, paredes e teto; cuidar dos vasos de plantas internas; varrer ambientes externos, coletando folhas secas e buscando contribuir para manter o ambiente agrad\u00e1vel; limpar cozinhas, \u00e1rea de servi\u00e7o, garagens, p\u00e1tios, assoalhos, m\u00f3veis, carpetes e tapetes, abastecendo os ambientes com materiais; executar outras tarefas relacionadas \u00e0 \u00e1rea.<\/p>\n\n\n\n<p>Dispon\u00edvel at\u00e9 19\/7\/2023 ou encerramento da vaga.<\/p>\n\n\n\n<p><strong>2 vagas \u2013 Operador Multifuncional \u2013 vagas exclusivas para Pessoas com Defici\u00eancia (PcD)<\/strong><\/p>\n\n\n\n<p>Escolaridade \u2013 ensino m\u00e9dio completo;<\/p>\n\n\n\n<p>Experi\u00eancia \u2013 seis meses na Carteira de Trabalho;<\/p>\n\n\n\n<p>Atividades \u2013 preparar, ajustar e operar m\u00e1quinas de produ\u00e7\u00e3o; garantir a qualidade das m\u00e1quinas por meio da realiza\u00e7\u00e3o de testes, frequ\u00eancia e padr\u00f5es estipulados; manter a limpeza das m\u00e1quinas e a organiza\u00e7\u00e3o do setor.<\/p>\n\n\n\n<p>Dispon\u00edvel at\u00e9 19\/7\/2023 ou encerramento da vaga.<\/p>\n\n\n\n<p><strong>3 vagas &#8211; Atendente de Loja de Conveni\u00eancia<\/strong><\/p>\n\n\n\n<p>Escolaridade \u2013 ensino m\u00e9dio completo;<\/p>\n\n\n\n<p>Experi\u00eancia \u2013 seis meses na Carteira de Trabalho;<\/p>\n\n\n\n<p>Requisitos obrigat\u00f3rios \u2013 ter curso de Operador de Caixa ou Atendimento ao Cliente;<\/p>\n\n\n\n<p>Atividades \u2013 realizar atendimento aos clientes, prestando informa\u00e7\u00f5es e apresentando op\u00e7\u00f5es de compras, para esclarecimentos de d\u00favidas, reclama\u00e7\u00f5es e contrata\u00e7\u00e3o de servi\u00e7os da loja (cart\u00f5es, conserto de roupas, seguros, entre outros).<\/p>\n\n\n\n<p>Dispon\u00edvel at\u00e9 19\/7\/2023 ou encerramento da vaga.<\/p>\n\n\n\n<p><strong>1 vaga \u2013 Operador de Extrusora<\/strong><\/p>\n\n\n\n<p>Escolaridade \u2013 ensino m\u00e9dio completo;<\/p>\n\n\n\n<p>Experi\u00eancia \u2013 registrada na Carteira de Trabalho;<\/p>\n\n\n\n<p>Requisitos obrigat\u00f3rios \u2013 ter experi\u00eancia em m\u00e1quina de extrusora bal\u00e3o; disponibilidade de hor\u00e1rio; residir no Distrito Industrial I ou proximidades;<\/p>\n\n\n\n<p>Atividades \u2013 realizar interfaces de turnos de trabalho; programar atividades de produ\u00e7\u00e3o; monitorar funcionamento de equipamentos e sistemas; controlar par\u00e2metros do processo produtivo, operar suas etapas e movimentar materiais e insumos; transformar pol\u00edmeros em produtos intermedi\u00e1rios ou finais e realizar manuten\u00e7\u00e3o de primeiro n\u00edvel; trabalhar em conformidade com as normas e procedimentos t\u00e9cnicos de qualidade, seguran\u00e7a, higiene, sa\u00fade e preserva\u00e7\u00e3o ambiental.<\/p>\n\n\n\n<p>Dispon\u00edvel at\u00e9 19\/7\/2023 ou encerramento da vaga.<\/p>\n\n\n\n<p><strong>1 vaga \u2013 Operador de Caixa<\/strong><\/p>\n\n\n\n<p>Escolaridade \u2013 ensino m\u00e9dio completo;<\/p>\n\n\n\n<p>Experi\u00eancia \u2013 registrada na Carteira de Trabalho;<\/p>\n\n\n\n<p>Requisitos obrigat\u00f3rios \u2013 residir nas proximidades dos bairros Centro, Educandos, Japiim, Crespo ou S\u00e3o L\u00e1zaro (zona Sul de Manaus);<\/p>\n\n\n\n<p>Atividades \u2013 realizar atendimento ao cliente; respons\u00e1vel por fazer abertura e fechamento de caixa, processar e receber pagamentos e emitir notas fiscais.<\/p>\n\n\n\n<p>Dispon\u00edvel at\u00e9 19\/7\/2023 ou encerramento da vaga.<\/p>\n\n\n\n<p><strong>1 vaga \u2013 Auxiliar de Conserva\u00e7\u00e3o Patrimonial<\/strong><\/p>\n\n\n\n<p>Escolaridade \u2013 ensino m\u00e9dio completo;<\/p>\n\n\n\n<p>Experi\u00eancia \u2013 registrada na Carteira de Trabalho;<\/p>\n\n\n\n<p>Atividades \u2013 executar trabalhos rotineiros de limpeza em geral, espanando, varrendo, lavando m\u00f3veis, utens\u00edlios e instala\u00e7\u00f5es; remover o p\u00f3 de m\u00f3veis, paredes, tetos, portas, janelas e equipamentos; limpar banheiros e abastecer os produtos de higiene; realizar limpeza di\u00e1ria de corredores, escadas, vidros, janelas, portas, entre outros; recolher o lixo diariamente e trocar as embalagens; informar a administra\u00e7\u00e3o sobre qualquer irregularidade observada no edif\u00edcio; desempenhar outras atribui\u00e7\u00f5es pertinentes ao cargo.<\/p>\n\n\n\n<p>Dispon\u00edvel at\u00e9 19\/7\/2023 ou encerramento da vaga.<\/p>\n\n\n\n<p><strong>3 vagas \u2013 Eletricista<\/strong><\/p>\n\n\n\n<p>Escolaridade \u2013 ensino m\u00e9dio completo;<\/p>\n\n\n\n<p>Experi\u00eancia \u2013 registrada na Carteira de Trabalho;<\/p>\n\n\n\n<p>Requisitos obrigat\u00f3rios \u2013 ter cursos de NR-10 e NR-35;<\/p>\n\n\n\n<p>Atividades \u2013 executar servi\u00e7os de manuten\u00e7\u00e3o el\u00e9trica\/eletr\u00f4nica preventiva, corretiva e preditiva, nos equipamentos, m\u00e1quinas e instala\u00e7\u00f5es da f\u00e1brica, de acordo com programa\u00e7\u00e3o definida e orienta\u00e7\u00e3o recebida, utilizando ferramentas apropriadas; requisitar pe\u00e7as necess\u00e1rias \u00e0 manuten\u00e7\u00e3o, para garantir o fluxo normal das atividades; analisar as necessidades, trocando e regulando fia\u00e7\u00e3o, condu\u00edtes, disjuntores, l\u00e2mpadas, fus\u00edveis, cabos, entre outros; preencher formul\u00e1rio com informa\u00e7\u00f5es sobre manuten\u00e7\u00e3o realizadas.<\/p>\n\n\n\n<p>Dispon\u00edvel at\u00e9 19\/7\/2023 ou encerramento da vaga.<\/p>\n\n\n\n<p><strong>20 vagas \u2013 Vendedor Porta a Porta<\/strong><\/p>\n\n\n\n<p>Escolaridade \u2013 ensino m\u00e9dio completo;<\/p>\n\n\n\n<p>Experi\u00eancia \u2013 n\u00e3o \u00e9 necess\u00e1rio;<\/p>\n\n\n\n<p>Atividades \u2013 respons\u00e1vel por executar atividades relacionadas \u00e0 venda de produtos ou servi\u00e7os externos; comercializar produtos e servi\u00e7os de Internet, TV, Telefone Fixo e M\u00f3vel; elabora\u00e7\u00e3o de propostas e prospec\u00e7\u00e3o de novos clientes.<\/p>\n\n\n\n<p>Dispon\u00edvel at\u00e9 19\/7\/2023 ou encerramento da vaga<\/p>\n\n\n\n<p><strong>5 vagas \u2013 Auxiliar de Linha de Produ\u00e7\u00e3o<\/strong><\/p>\n\n\n\n<p>Escolaridade \u2013 ensino m\u00e9dio completo;<\/p>\n\n\n\n<p>Experi\u00eancia \u2013 primeiro emprego ou seis meses na Carteira de Trabalho;<\/p>\n\n\n\n<p>Requisitos obrigat\u00f3rios \u2013 residir nos bairros Jorge Teixeira, S\u00e3o Jos\u00e9 (Grande Circular), Tarum\u00e3, Santa Etelvina, Nova Cidade ou Parque S\u00e3o Pedro; ter disponibilidade para trabalho bra\u00e7al e produ\u00e7\u00e3o de colch\u00f5es e camas;<\/p>\n\n\n\n<p>Atividades \u2013 auxiliar na produ\u00e7\u00e3o de produtos de cama, mesa e banho.<\/p>\n\n\n\n<p>Dispon\u00edvel at\u00e9 19\/7\/2023 ou encerramento da vaga.<\/p>\n\n\n\n<p><strong>10 vagas \u2013 A\u00e7ougueiro<\/strong><\/p>\n\n\n\n<p>Escolaridade \u2013 ensino fundamental completo;<\/p>\n\n\n\n<p>Experi\u00eancia \u2013 seis meses na Carteira de Trabalho;<\/p>\n\n\n\n<p>Atividades \u2013 receber e desossar pe\u00e7as, retalhando por tipo ou corte; avaliar a qualidade do produto e encaminhar para as c\u00e2maras frigor\u00edficas; utilizar utens\u00edlios e equipamentos apropriados na execu\u00e7\u00e3o das tarefas, entre outras atividades pertinentes \u00e0 fun\u00e7\u00e3o.<\/p>\n\n\n\n<p>Dispon\u00edvel at\u00e9 19\/7\/2023 ou encerramento da vaga.<\/p>\n\n\n\n<p><strong>10 vagas \u2013 Operador de Loja<\/strong><\/p>\n\n\n\n<p>Escolaridade \u2013 ensino m\u00e9dio completo;<\/p>\n\n\n\n<p>Experi\u00eancia \u2013 seis meses na Carteira de Trabalho;<\/p>\n\n\n\n<p>Requisitos obrigat\u00f3rios \u2013 ter experi\u00eancia em supermercado;<\/p>\n\n\n\n<p>Atividades \u2013 respons\u00e1vel por auxiliar nas atividades do estabelecimento; realizar atendimento ao cliente;&nbsp;operar caixa,&nbsp;controlar e conferir produtos; organizar e limpar a loja.<\/p>\n\n\n\n<p>Dispon\u00edvel at\u00e9 19\/7\/2023 ou encerramento da vaga.<\/p>\n\n\n\n<p><strong>1 vaga \u2013 Motofretista<\/strong><\/p>\n\n\n\n<p>Escolaridade \u2013 ensino m\u00e9dio completo;<\/p>\n\n\n\n<p>Experi\u00eancia \u2013 n\u00e3o \u00e9 necess\u00e1rio;<\/p>\n\n\n\n<p>Requisitos obrigat\u00f3rios \u2013 ter Carteira Nacional de Habilita\u00e7\u00e3o categoria \u201cA\u201d dentro do prazo de validade;<\/p>\n\n\n\n<p>Atividades \u2013 transportar cargas de pequeno volume e expediente em geral; realizar e receber pagamentos, entre outras atividades pertinentes \u00e0 fun\u00e7\u00e3o.<\/p>\n\n\n\n<p>Dispon\u00edvel at\u00e9 19\/7\/2023 ou encerramento da vaga.<\/p>\n\n\n\n<p><strong>1 vaga \u2013 Auxiliar Administrativo<\/strong><\/p>\n\n\n\n<p>Escolaridade \u2013 ensino m\u00e9dio completo;<\/p>\n\n\n\n<p>Experi\u00eancia \u2013 registrada na Carteira de Trabalho;<\/p>\n\n\n\n<p>Requisitos obrigat\u00f3rios \u2013 ter experi\u00eancia com faturamento; residir nos seguintes bairros: Japiim, Armando Mendes, Novo Aleixo, Jorge Teixeira, S\u00e3o Jos\u00e9 ou proximidades do Studio 5;<\/p>\n\n\n\n<p>Atividades \u2013 executar servi\u00e7os de apoio nas \u00e1reas de recursos humanos, administra\u00e7\u00e3o, finan\u00e7as e log\u00edstica; atender fornecedores e clientes; fornecer e receber informa\u00e7\u00f5es sobre produtos e servi\u00e7os; administrar documentos variados, cumprindo todo os procedimentos necess\u00e1rios; preparar relat\u00f3rios e planilhas; realizar servi\u00e7os gerais de escrit\u00f3rios.<\/p>\n\n\n\n<p>Dispon\u00edvel at\u00e9 19\/7\/2023 ou encerramento da vaga.<\/p>\n\n\n\n<p><strong>2 vagas \u2013 Chapeiro<\/strong><\/p>\n\n\n\n<p>Escolaridade \u2013 ensino m\u00e9dio completo;<\/p>\n\n\n\n<p>Experi\u00eancia \u2013 seis meses na Carteira de Trabalho ou declara\u00e7\u00e3o;<\/p>\n\n\n\n<p>Requisitos obrigat\u00f3rios \u2013 residir nas proximidades do bairro Flores;<\/p>\n\n\n\n<p>Atividades \u2013 higienizar e organizar o ambiente de trabalho; preparar lanches e pratos r\u00e1pidos na lanchonete da loja (tapiocas e sandu\u00edches diversos).<\/p>\n\n\n\n<p>Dispon\u00edvel at\u00e9 19\/7\/2023 ou encerramento da vaga.<\/p>\n\n\n\n<p><strong>1 vaga \u2013 Auxiliar de Marketing<\/strong><\/p>\n\n\n\n<p>Escolaridade \u2013 ensino m\u00e9dio completo;<\/p>\n\n\n\n<p>Experi\u00eancia \u2013 seis meses na Carteira de Trabalho ou declara\u00e7\u00e3o;<\/p>\n\n\n\n<p>Requisitos obrigat\u00f3rios \u2013 residir nas proximidades do bairro Flores;<\/p>\n\n\n\n<p>Requisitos obrigat\u00f3rios \u2013 ter dom\u00ednio de redes sociais e fotografia b\u00e1sica;<\/p>\n\n\n\n<p>Atividades \u2013 realizar divulga\u00e7\u00e3o e atendimento via plataforma Ifood; produ\u00e7\u00e3o de conte\u00fado.<\/p>\n\n\n\n<p>Dispon\u00edvel at\u00e9 19\/7\/2023 ou encerramento da vaga.<\/p>\n\n\n\n<p><strong>2 vagas \u2013 Atendente de Padaria<\/strong><\/p>\n\n\n\n<p>Escolaridade \u2013 ensino m\u00e9dio completo;<\/p>\n\n\n\n<p>Experi\u00eancia \u2013 seis meses na Carteira de Trabalho ou declara\u00e7\u00e3o;<\/p>\n\n\n\n<p>Requisitos obrigat\u00f3rios \u2013 residir nas proximidades do bairro Flores;<\/p>\n\n\n\n<p>Atividades \u2013 realizar atendimento aos clientes; receber pedidos e prestar informa\u00e7\u00f5es sobre produtos; separar, pesar, embalar, precificar e organizar os produtos nas prateleiras, agindo com cordialidade e presteza, visando a satisfa\u00e7\u00e3o do cliente.<\/p>\n\n\n\n<p>Dispon\u00edvel at\u00e9 19\/7\/2023 ou encerramento da vaga.<\/p>\n\n\n\n<p><strong>Vagas no Com\u00e9rcio \u2013 31<\/strong><\/p>\n\n\n\n<p><strong>1 vaga \u2013 Operador de M\u00e1quinas<\/strong><\/p>\n\n\n\n<p>Escolaridade \u2013 ensino m\u00e9dio completo;<\/p>\n\n\n\n<p>Experi\u00eancia \u2013 registrada na Carteira de Trabalho;<\/p>\n\n\n\n<p>Requisitos obrigat\u00f3rios \u2013 ter experi\u00eancia com costura e&nbsp;conhecimentos b\u00e1sicos, como saber identificar quebra de ponto e troca de linhas;<\/p>\n\n\n\n<p>Atividades \u2013 fabrica\u00e7\u00e3o de produtos no setor de costura (produ\u00e7\u00e3o de fitas de tecido refletivo); cortar, montar e embalar produtos;&nbsp;realizar demais atividades inerentes \u00e0 fun\u00e7\u00e3o.<\/p>\n\n\n\n<p>Dispon\u00edvel at\u00e9 19\/7\/2023 ou encerramento da vaga.<\/p>\n\n\n\n<p><strong>2 vagas \u2013 Almoxarife \u2013 vagas exclusivas para Pessoas com Defici\u00eancia (PcD)<\/strong><\/p>\n\n\n\n<p>Escolaridade \u2013 ensino fundamental completo;<\/p>\n\n\n\n<p>Experi\u00eancia \u2013 n\u00e3o \u00e9 necess\u00e1rio;<\/p>\n\n\n\n<p>Atividades \u2013 receber e conferir os materiais adquiridos ou cedidos de acordo com o documento de compra ou equivalentes; receber, conferir, armazenar e registrar os materiais em estoque; registrar em sistema pr\u00f3prio as notas fiscais dos materiais recebidos.<\/p>\n\n\n\n<p>Dispon\u00edvel at\u00e9 19\/7\/2023 ou encerramento da vaga.<\/p>\n\n\n\n<p><strong>2 vagas \u2013 Auxiliar de Limpeza \u2013 vagas exclusivas para Pessoas com Defici\u00eancia (PcD)<\/strong><\/p>\n\n\n\n<p>Escolaridade \u2013 ensino fundamental completo;<\/p>\n\n\n\n<p>Experi\u00eancia \u2013 seis meses na Carteira de Trabalho;<\/p>\n\n\n\n<p>Atividades \u2013 executar servi\u00e7os de limpeza, conserva\u00e7\u00e3o e higieniza\u00e7\u00e3o de bens m\u00f3veis e im\u00f3veis; realizar a arruma\u00e7\u00e3o e remo\u00e7\u00e3o de m\u00f3veis e utens\u00edlios nas depend\u00eancias do contrato; executar demais tarefas relacionadas \u00e0 fun\u00e7\u00e3o.<\/p>\n\n\n\n<p>Dispon\u00edvel at\u00e9 19\/7\/2023 ou encerramento da vaga.<\/p>\n\n\n\n<p><strong>1 vaga \u2013 Supervisor de Log\u00edstica<\/strong><\/p>\n\n\n\n<p>Escolaridade \u2013 ensino superior completo em log\u00edstica;<\/p>\n\n\n\n<p>Experi\u00eancia \u2013 seis meses na Carteira de Trabalho;<\/p>\n\n\n\n<p>Atividades \u2013 supervisionar o processo de descarga, confer\u00eancia, movimenta\u00e7\u00e3o, armazenagem, controle de vencimento e acondicionamento no estoque; acompanhar trocas, devolu\u00e7\u00f5es, avarias, emiss\u00e3o de documentos fiscais e gest\u00e3o de pessoas.<\/p>\n\n\n\n<p>Dispon\u00edvel at\u00e9 19\/7\/2023 ou encerramento da vaga.<\/p>\n\n\n\n<p><strong>1 vaga \u2013 Gerente de Restaurante<\/strong><\/p>\n\n\n\n<p>Escolaridade \u2013 ensino t\u00e9cnico completo em nutri\u00e7\u00e3o;<\/p>\n\n\n\n<p>Experi\u00eancia \u2013 seis meses na Carteira de Trabalho;<\/p>\n\n\n\n<p>Requisitos obrigat\u00f3rios \u2013 vaga exclusiva para o munic\u00edpio de Itacoatiara (AM);<\/p>\n\n\n\n<p>Atividades \u2013 implementar as pr\u00e1ticas e os processos corretos em toda a organiza\u00e7\u00e3o; formular estrat\u00e9gias, melhorar o desempenho e garantir a conformidade dos servi\u00e7os.<\/p>\n\n\n\n<p>Dispon\u00edvel at\u00e9 19\/7\/2023 ou encerramento da vaga.<\/p>\n\n\n\n<p><strong>1 vaga \u2013 Confeiteiro<\/strong><\/p>\n\n\n\n<p>Escolaridade \u2013 ensino m\u00e9dio completo;<\/p>\n\n\n\n<p>Experi\u00eancia \u2013 seis meses na Carteira de Trabalho;<\/p>\n\n\n\n<p>Requisitos obrigat\u00f3rios \u2013 vaga exclusiva para o munic\u00edpio de Itacoatiara (AM);<\/p>\n\n\n\n<p>Atividades \u2013 auxiliar no preparo de refei\u00e7\u00f5es, sobremesas e lanches; manter a ordem e a limpeza da cozinha, realizando a coleta e a lavagem das bandejas e talheres.<\/p>\n\n\n\n<p>Dispon\u00edvel at\u00e9 19\/7\/2023 ou encerramento da vaga.<\/p>\n\n\n\n<p><strong>2 vagas \u2013 Auxiliar de Produ\u00e7\u00e3o de Padaria<\/strong><\/p>\n\n\n\n<p>Escolaridade \u2013 ensino m\u00e9dio completo;<\/p>\n\n\n\n<p>Experi\u00eancia \u2013 n\u00e3o \u00e9 necess\u00e1rio;<\/p>\n\n\n\n<p>Requisitos obrigat\u00f3rios \u2013 ter curso de TBO e residir na zona Centro-Oeste de Manaus;<\/p>\n\n\n\n<p>Atividades \u2013 auxiliar o padeiro no preparo de p\u00e3es, salgados, massas para fabrica\u00e7\u00e3o de p\u00e3es e bolos; controlar a qualidade dos alimentos.<\/p>\n\n\n\n<p>Dispon\u00edvel at\u00e9 19\/7\/2023 ou encerramento da vaga.<\/p>\n\n\n\n<p><strong>2 vagas \u2013 Atendente<\/strong><\/p>\n\n\n\n<p>Escolaridade \u2013 ensino m\u00e9dio completo;<\/p>\n\n\n\n<p>Experi\u00eancia \u2013 seis meses na Carteira de Trabalho;<\/p>\n\n\n\n<p>Requisitos obrigat\u00f3rios \u2013 ter experi\u00eancia em Atendimento e residir na zona Centro-Oeste de Manaus;<\/p>\n\n\n\n<p>Atividades \u2013&nbsp;tirar d\u00favidas e atender solicita\u00e7\u00f5es de clientes, processar pagamentos, realizar liga\u00e7\u00f5es, verificar identifica\u00e7\u00f5es e organizar documentos.<\/p>\n\n\n\n<p>Dispon\u00edvel at\u00e9 19\/7\/2023 ou encerramento da vaga.<\/p>\n\n\n\n<p><strong>15 vagas \u2013 Atendente de Lanchonete<\/strong><\/p>\n\n\n\n<p>Escolaridade \u2013 ensino m\u00e9dio completo;<\/p>\n\n\n\n<p>Experi\u00eancia \u2013 primeiro emprego;<\/p>\n\n\n\n<p>Requisitos obrigat\u00f3rios \u2013 ter disponibilidade de hor\u00e1rio;<\/p>\n\n\n\n<p>Atividades \u2013 realizar atendimento ao p\u00fablico no balc\u00e3o e nas mesas, anotando pedidos, solicitando o preparo dos alimentos junto \u00e0 cozinha, acertando comandas, efetuando o recebimento de valores, organizando o estoque e repondo produtos em prateleiras; realizar higieniza\u00e7\u00e3o de utens\u00edlios.<\/p>\n\n\n\n<p>Dispon\u00edvel at\u00e9 19\/7\/2023 ou encerramento da vaga.<\/p>\n\n\n\n<p><strong>2 vagas \u2013 A\u00e7ougueiro<\/strong><\/p>\n\n\n\n<p>Escolaridade \u2013 ensino fundamental completo;<\/p>\n\n\n\n<p>Experi\u00eancia \u2013 seis meses na Carteira de Trabalho;<\/p>\n\n\n\n<p>Atividades \u2013 realizar atividades relacionadas ao recebimento de animais abatidos, sua desossa, prepara\u00e7\u00e3o e conserva\u00e7\u00e3o para a utiliza\u00e7\u00e3o; realizar a desossa e limpeza de carnes vermelhas e brancas, cortes normais e especiais.<\/p>\n\n\n\n<p>Dispon\u00edvel at\u00e9 19\/7\/2023 ou encerramento da vaga.<\/p>\n\n\n\n<p><strong>2 vagas \u2013 Auxiliar nos Servi\u00e7os de Alimenta\u00e7\u00e3o<\/strong><\/p>\n\n\n\n<p>Escolaridade \u2013 ensino fundamental completo;<\/p>\n\n\n\n<p>Experi\u00eancia \u2013 seis meses na Carteira de Trabalho;<\/p>\n\n\n\n<p>Requisitos obrigat\u00f3rios \u2013 residir nas proximidades da Avenida Ayr\u00e3o;<\/p>\n\n\n\n<p>Atividades \u2013 preparar alimentos; realizar limpeza e conserva\u00e7\u00e3o das depend\u00eancias do restaurante, lanchonete e equipamentos; auxiliar no preparo de refei\u00e7\u00f5es, sobremesas e lanches.<\/p>\n\n\n\n<p>Dispon\u00edvel at\u00e9 19\/7\/2023 ou encerramento da vaga.<\/p>\n\n\n\n<p><strong>Vagas na Ind\u00fastria \u2013 4<\/strong><\/p>\n\n\n\n<p><strong>1 vaga \u2013 Analista Administrativo<\/strong><\/p>\n\n\n\n<p>Escolaridade \u2013 ensino superior cursando ou completo em administra\u00e7\u00e3o, ci\u00eancias cont\u00e1beis ou \u00e1reas afins;<\/p>\n\n\n\n<p>Experi\u00eancia \u2013 registrada na Carteira de Trabalho;<\/p>\n\n\n\n<p>Requisitos obrigat\u00f3rios \u2013 ter experi\u00eancia pr\u00e9via em atividades administrativas e financeiras; conhecimento em Pacote office (Excel), sistema de gest\u00e3o financeira e curso de Ingl\u00eas intermedi\u00e1rio;<\/p>\n\n\n\n<p>Atividades \u2013 realizar atividades administrativas, como controle de documentos, elabora\u00e7\u00e3o de relat\u00f3rios e suporte \u00e0 gest\u00e3o de processos; realizar controle de notas fiscais e faturas; dar suporte ao departamento de Recursos humanos em atividades como admiss\u00e3o, demiss\u00e3o e controle de ponto.<\/p>\n\n\n\n<p>Dispon\u00edvel at\u00e9 19\/7\/2023 ou encerramento da vaga.<\/p>\n\n\n\n<p><strong>1 vaga \u2013 Operador de Extrusora<\/strong><\/p>\n\n\n\n<p>Escolaridade \u2013 ensino m\u00e9dio completo;<\/p>\n\n\n\n<p>Experi\u00eancia \u2013 registrada na Carteira de Trabalho;<\/p>\n\n\n\n<p>Requisitos obrigat\u00f3rios \u2013 desej\u00e1vel ter forma\u00e7\u00e3o t\u00e9cnica em Mec\u00e2nica, Mecatr\u00f4nica, el\u00e9trica ou \u00e1reas correlatas; conhecimento em opera\u00e7\u00e3o de m\u00e1quinas de extrus\u00e3o e equipamentos auxiliares; disponibilidade para trabalhar em turnos, incluindo finais de semana e feriados; conhecimento em normas e regulamenta\u00e7\u00f5es de seguran\u00e7a industrial;<\/p>\n\n\n\n<p>Atividades \u2013 regular a extrusora conforme ficha t\u00e9cnica; solicitar ao t\u00e9cnico da qualidade testes para libera\u00e7\u00e3o da produ\u00e7\u00e3o; operar a extrusora para produ\u00e7\u00e3o conforme demanda da O.P; manter o local de trabalho limpo e organizado; utilizar os EPIs conforme definido para sua fun\u00e7\u00e3o.<\/p>\n\n\n\n<p>Dispon\u00edvel at\u00e9 19\/7\/2023 ou encerramento da vaga.<\/p>\n\n\n\n<p><strong>1 vaga \u2013 T\u00e9cnico em Laborat\u00f3rio<\/strong><\/p>\n\n\n\n<p>Escolaridade \u2013 ensino t\u00e9cnico completo em Qu\u00edmica;<\/p>\n\n\n\n<p>Experi\u00eancia \u2013 registrada na Carteira de Trabalho;<\/p>\n\n\n\n<p>Requisitos obrigat\u00f3rios \u2013&nbsp;ter conhecimento em t\u00e9cnicas de an\u00e1lise qu\u00edmica e f\u00edsica de pol\u00edmeros; familiaridade com equipamentos de laborat\u00f3rio, como medidor e \u00edndice de fluidez, teste de impacto, color\u00edmetro, entre outros; habilidade em interpretar resultados de testes e elaborar relat\u00f3rios t\u00e9cnicos; experi\u00eancia pr\u00e9via em laborat\u00f3rio de an\u00e1lise de pol\u00edmeros; conhecimento em normas e regulamenta\u00e7\u00f5es de seguran\u00e7a em laborat\u00f3rio, em Pacote office (Excel) e Ingl\u00eas intermedi\u00e1rio; disponibilidade para trabalhar em per\u00edodo integral;<\/p>\n\n\n\n<p>Atividades \u2013&nbsp;atuar na \u00e1rea de controle de qualidade, em rotina de laborat\u00f3rio qu\u00edmico e an\u00e1lise de controle de qualidade; controlar os documentos pertinentes ao laborat\u00f3rio.<\/p>\n\n\n\n<p>Dispon\u00edvel at\u00e9 19\/7\/2023 ou encerramento da vaga.<\/p>\n\n\n\n<p><strong>1 vaga \u2013 Analista em Laborat\u00f3rio<\/strong><\/p>\n\n\n\n<p>Escolaridade \u2013 ensino t\u00e9cnico completo em Qu\u00edmica;<\/p>\n\n\n\n<p>Experi\u00eancia \u2013 registrada na Carteira de Trabalho;<\/p>\n\n\n\n<p>Requisitos obrigat\u00f3rios \u2013&nbsp;ter conhecimento em t\u00e9cnicas de an\u00e1lise qu\u00edmica e f\u00edsica de pol\u00edmeros, familiaridade com equipamentos de laborat\u00f3rio, como medidor e \u00edndice de fluidez, teste de impacto, color\u00edmetro, entre outros, habilidade em interpretar resultados de testes e elaborar relat\u00f3rios t\u00e9cnicos. Experi\u00eancia pr\u00e9via em laborat\u00f3rio de an\u00e1lise de pol\u00edmeros, conhecimento em normas e regulamenta\u00e7\u00f5es de seguran\u00e7a em laborat\u00f3rio, conhecimento em Pacote Office, principalmente em Excel, Ingl\u00eas Intermedi\u00e1rio. Disponibilidade para trabalhar em per\u00edodo integral;<\/p>\n\n\n\n<p>Atividades &#8211; atua na \u00e1rea de controle de qualidade, rotina de laborat\u00f3rio qu\u00edmico, an\u00e1lises de controle de qualidade, al\u00e9m de controlar os documentos pertinentes ao laborat\u00f3rio.<\/p>\n\n\n\n<p>Dispon\u00edvel at\u00e9 19\/7\/2023 ou encerramento da vaga.<\/p>\n\n\n\n<p><strong>Vagas em Servi\u00e7os \u2013 54<\/strong><\/p>\n\n\n\n<p><strong>1 vaga \u2013 Oficial de Manuten\u00e7\u00e3o \u2013 vaga exclusiva para Pessoa com Defici\u00eancia (PcD)<\/strong><\/p>\n\n\n\n<p>Escolaridade \u2013 ensino m\u00e9dio completo;<\/p>\n\n\n\n<p>Experi\u00eancia \u2013 n\u00e3o \u00e9 necess\u00e1rio;<\/p>\n\n\n\n<p>Atividades \u2013&nbsp;limpar internos e externos, executando limpeza \u00famida e seca; limpar banheiros e demais ambientes de higiene pessoal; realizar coleta de lixo comum e recicl\u00e1vel; limpar portas e janelas de vidro, paredes e teto; cuidar dos vasos de plantas internas; varrer ambientes externos, coletando folhas secas; limpar cozinhas, \u00e1rea de servi\u00e7o, garagens e p\u00e1tios, assoalhos e m\u00f3veis, carpetes e tapetes; abastecer os ambientes com materiais; executar outras tarefas relacionadas \u00e0 \u00e1rea.<\/p>\n\n\n\n<p>Dispon\u00edvel at\u00e9 19\/7\/2023 ou encerramento da vaga.<\/p>\n\n\n\n<p><strong>2 vagas \u2013 Motorista de Caminh\u00e3o<\/strong><\/p>\n\n\n\n<p>Escolaridade \u2013&nbsp;ensino m\u00e9dio completo;<\/p>\n\n\n\n<p>Experi\u00eancia \u2013&nbsp;seis meses na Carteira de Trabalho;<\/p>\n\n\n\n<p>Requisitos obrigat\u00f3rios \u2013&nbsp;ter curso de MOPP e Carteira Nacional de Habilita\u00e7\u00e3o categoria \u201cD\u201d dentro do prazo de validade; residir nas proximidades ou na zona Leste de Manaus;<\/p>\n\n\n\n<p>Atividades \u2013&nbsp;transportar, coletar e entregar cargas no Polo Industrial de Manaus.<\/p>\n\n\n\n<p>Dispon\u00edvel at\u00e9 19\/7\/2023 ou encerramento da vaga.<\/p>\n\n\n\n<p><strong>5 vagas \u2013 Carpinteiro<\/strong><\/p>\n\n\n\n<p>Escolaridade \u2013&nbsp;ensino fundamental completo;<\/p>\n\n\n\n<p>Experi\u00eancia \u2013&nbsp;seis meses na Carteira de Trabalho;<\/p>\n\n\n\n<p>Atividades \u2013&nbsp;instalar e ajustar esquadrias de madeira e outras pe\u00e7as, como janelas, portas, escadas, rodap\u00e9s, divis\u00f3rias, forros e guardi\u00e7\u00f5es; construir formas de madeira para concretagem; reparar elementos de madeira e substituir total ou parcialmente, pe\u00e7as desajustadas ou deterioradas.<\/p>\n\n\n\n<p>Dispon\u00edvel at\u00e9 19\/7\/2023 ou encerramento da vaga.<\/p>\n\n\n\n<p><strong>5 vagas \u2013 Bombeiro Hidr\u00e1ulico<\/strong><\/p>\n\n\n\n<p>Escolaridade \u2013&nbsp;ensino m\u00e9dio completo;<\/p>\n\n\n\n<p>Experi\u00eancia \u2013&nbsp;seis meses na Carteira de Trabalho;<\/p>\n\n\n\n<p>Atividades \u2013 realizar&nbsp;instala\u00e7\u00f5es de tubula\u00e7\u00f5es; definir tra\u00e7ados e dimensionar tubula\u00e7\u00f5es; especificar, quantificar e inspecionar materiais; preparar locais para instala\u00e7\u00f5es, realizar pr\u00e9-montagem e instalar tubula\u00e7\u00f5es; realizar testes operacionais de press\u00e3o de fluidos e testes de estanqueidade.<\/p>\n\n\n\n<p>Dispon\u00edvel at\u00e9 19\/7\/2023 ou encerramento da vaga.<\/p>\n\n\n\n<p><strong>6 vagas \u2013 Bombeiro Civil<\/strong><\/p>\n\n\n\n<p>Escolaridade \u2013 ensino m\u00e9dio completo;<\/p>\n\n\n\n<p>Experi\u00eancia \u2013 registrada na Carteira de Trabalho;<\/p>\n\n\n\n<p>Requisitos obrigat\u00f3rios \u2013 ter registro (CBMMA) ativo e atualizado; conhecimento e dom\u00ednio das NRs e NBRs relacionadas a combate a inc\u00eandio e emerg\u00eancia; cursos de NR-33, NR-35, NR-20&nbsp;e Condutor de Ambul\u00e2ncia&nbsp;atualizados; Carteira Nacional de Habilita\u00e7\u00e3o categoria \u201cD\u201d dentro do prazo de validade e disponibilidade para atuar em regime de escala 12&#215;8;<\/p>\n\n\n\n<p>Atividades \u2013 atuar na brigada e simulados de emerg\u00eancia; inspecionar equipamentos de emerg\u00eancia e combate a inc\u00eandio; identificar e levantar os mapas de cen\u00e1rios de riscos da unidade; transporte de pessoas em emerg\u00eancia e urg\u00eancia (incluindo hospitais em Manaus e arredores).<\/p>\n\n\n\n<p>Dispon\u00edvel at\u00e9 19\/7\/2023 ou encerramento da vaga.<\/p>\n\n\n\n<p><strong>4 vagas \u2013 T\u00e9cnico em Seguran\u00e7a do Trabalho<\/strong><\/p>\n\n\n\n<p>Escolaridade \u2013 ensino t\u00e9cnico em seguran\u00e7a do trabalho completo;<\/p>\n\n\n\n<p>Experi\u00eancia \u2013 registrada na Carteira de Trabalho;<\/p>\n\n\n\n<p>Requisitos obrigat\u00f3rios \u2013 ter Carteira Nacional de Habilita\u00e7\u00e3o categoria \u201cB\u201d dentro do prazo de validade e disponibilidade para atuar em regime de escala 12&#215;8;<\/p>\n\n\n\n<p>Atividades \u2013 dar suporte t\u00e9cnico \u00e0s \u00e1reas da empresa, referente a seguran\u00e7a de todos os colaboradores, atrav\u00e9s de participa\u00e7\u00e3o em reuni\u00f5es, campanhas, auditorias, inspe\u00e7\u00f5es e a\u00e7\u00f5es de conscientiza\u00e7\u00e3o e melhorias, assegurando o cumprimento dos procedimentos de SSO; observar e cumprir procedimentos, diretrizes, especifica\u00e7\u00f5es t\u00e9cnicas e orienta\u00e7\u00f5es recebidas, garantindo a qualidade e confiabilidade dos trabalhos realizados e cumprimentos de prazos, de acordo com as pol\u00edticas, normas e procedimentos de SSO; conhecer tecnicamente e operar equipamentos e instrumentos relacionados \u00e0s atividades do T\u00e9cnico de Seguran\u00e7a do Trabalho, como, medidores de faixas m\u00faltiplas, press\u00e3o sonora e stress t\u00e9rmico.<\/p>\n\n\n\n<p>Dispon\u00edvel at\u00e9 19\/7\/2023 ou encerramento da vaga.<\/p>\n\n\n\n<p><strong>1 vaga \u2013 Assistente de Pessoal<\/strong><\/p>\n\n\n\n<p>Escolaridade \u2013 ensino superior completo ou cursando administra\u00e7\u00e3o, direito, ci\u00eancias cont\u00e1beis ou \u00e1reas afins;<\/p>\n\n\n\n<p>Experi\u00eancia \u2013 seis meses na Carteira de Trabalho;<\/p>\n\n\n\n<p>Atividades \u2013 atuar em rotinas administrativas, como folha de pagamento, f\u00e9rias, admiss\u00e3o, demiss\u00e3o, benef\u00edcios e encargos.<\/p>\n\n\n\n<p>Dispon\u00edvel at\u00e9 19\/7\/2023 ou encerramento da vaga.<\/p>\n\n\n\n<p><strong>1 vaga \u2013 Confeiteiro<\/strong><\/p>\n\n\n\n<p>Escolaridade \u2013 ensino fundamental completo;<\/p>\n\n\n\n<p>Experi\u00eancia \u2013 registrada na Carteira de Trabalho;<\/p>\n\n\n\n<p>Requisitos obrigat\u00f3rios \u2013 ter experi\u00eancia com panifica\u00e7\u00e3o;<\/p>\n\n\n\n<p>Atividades \u2013 preparar sobremesas, seguindo receitas, normas e procedimentos pr\u00e9-estabelecidos; fazer massas para confec\u00e7\u00e3o de p\u00e3es e confeccionar bolos e salgados variados; produzir compotas e confeitar doces; realizar limpeza, manuten\u00e7\u00e3o e conserva\u00e7\u00e3o do material e ambiente de trabalho.<\/p>\n\n\n\n<p>Dispon\u00edvel at\u00e9 19\/7\/2023 ou encerramento da vaga.<\/p>\n\n\n\n<p><strong>3 vagas \u2013 Cobrador \u2013 vagas exclusivas para Pessoas com Defici\u00eancia (PcD)<\/strong><\/p>\n\n\n\n<p>Escolaridade \u2013 ensino m\u00e9dio completo;<\/p>\n\n\n\n<p>Experi\u00eancia \u2013 n\u00e3o \u00e9 necess\u00e1rio;<\/p>\n\n\n\n<p>Atividades \u2013 realizar cobran\u00e7a de tarifas em transportes coletivos e repassar trocos; prestar informa\u00e7\u00f5es aos usu\u00e1rios e manter a ordem e limpeza do ve\u00edculo.<\/p>\n\n\n\n<p>Dispon\u00edvel at\u00e9 19\/7\/2023 ou encerramento da vaga<\/p>\n\n\n\n<p><strong>3 vagas \u2013 Auxiliar de Limpeza \u2013 vagas exclusivas para Pessoas com Defici\u00eancia (PcD)<\/strong><\/p>\n\n\n\n<p>Escolaridade \u2013 ensino m\u00e9dio completo;<\/p>\n\n\n\n<p>Experi\u00eancia \u2013 n\u00e3o \u00e9 necess\u00e1rio;<\/p>\n\n\n\n<p>Atividades &#8211; executar trabalhos de limpeza em geral em edif\u00edcios e outros locais, para manuten\u00e7\u00e3o das condi\u00e7\u00f5es de higiene e conserva\u00e7\u00e3o do ambiente.<\/p>\n\n\n\n<p>Dispon\u00edvel at\u00e9 19\/7\/2023 ou encerramento da vaga.<\/p>\n\n\n\n<p><strong>1 vaga \u2013 Lavador de Ve\u00edculos&nbsp;<\/strong><\/p>\n\n\n\n<p>Escolaridade \u2013 ensino fundamental completo;<\/p>\n\n\n\n<p>Experi\u00eancia \u2013 seis meses na Carteira de Trabalho;<\/p>\n\n\n\n<p>Requisitos obrigat\u00f3rios \u2013 ter disponibilidade para atuar em regime de escala 12&#215;8;<\/p>\n\n\n\n<p>Atividades \u2013 realizar servi\u00e7o de limpeza e secagem em autom\u00f3veis; realizar polimento e cristaliza\u00e7\u00e3o de pintura, entre outras fun\u00e7\u00f5es.<\/p>\n\n\n\n<p>Dispon\u00edvel at\u00e9 19\/7\/2023 ou encerramento da vaga.<\/p>\n\n\n\n<p><strong>3 vagas \u2013 Or\u00e7amentista<\/strong><\/p>\n\n\n\n<p>Escolaridade \u2013 ensino t\u00e9cnico em or\u00e7amentista;<\/p>\n\n\n\n<p>Experi\u00eancia \u2013 registrada na Carteira de Trabalho;<\/p>\n\n\n\n<p>Requisitos obrigat\u00f3rios \u2013 ter Carteira Nacional de Habilita\u00e7\u00e3o categoria \u201cB\u201d dentro do prazo de validade, pacote office avan\u00e7ado, habilidade para desempenhar trabalhos e aptid\u00e3o nos softwares: Revit, Autocad, Sketchup e MS Project;<\/p>\n\n\n\n<p>Atividades \u2013 realizar levantamento t\u00e9cnico de campo em \u00e1rea el\u00e9trica, de montagens e refrigera\u00e7\u00e3o; elaborar or\u00e7amentos; fazer emiss\u00e3o de relat\u00f3rios, laudos t\u00e9cnicos e leitura de projetos, entre outras atividades pertinentes \u00e0 fun\u00e7\u00e3o.<\/p>\n\n\n\n<p>Dispon\u00edvel at\u00e9 19\/7\/2023 ou encerramento da vaga.<\/p>\n\n\n\n<p><strong>1 vaga \u2013 T\u00e9cnico em Seguran\u00e7a do Trabalho<\/strong><\/p>\n\n\n\n<p>Escolaridade \u2013 ensino t\u00e9cnico em seguran\u00e7a do trabalho completo;<\/p>\n\n\n\n<p>Experi\u00eancia \u2013 registrada na Carteira de Trabalho;<\/p>\n\n\n\n<p>Requisitos obrigat\u00f3rios \u2013 ter Registro Profissional do MTE ativo;<\/p>\n\n\n\n<p>Atividades \u2013 elabora\u00e7\u00e3o e acompanhamento de programas de preven\u00e7\u00e3o de acidentes; controle e atualiza\u00e7\u00e3o de documenta\u00e7\u00e3o; realiza\u00e7\u00e3o de DDS e acompanhamento da opera\u00e7\u00e3o, entre outras atividades correlatas.<\/p>\n\n\n\n<p>Dispon\u00edvel at\u00e9 19\/7\/2023 ou encerramento da vaga.<\/p>\n\n\n\n<p><strong>1 vaga \u2013 Pintor de Obras<\/strong><\/p>\n\n\n\n<p>Escolaridade \u2013 ensino m\u00e9dio completo;<\/p>\n\n\n\n<p>Experi\u00eancia \u2013 seis meses na Carteira de Trabalho;<\/p>\n\n\n\n<p>Atividades \u2013 preparar e pintar as superf\u00edcies externas e internas de edif\u00edcios e outras obras civis, raspando, limpando, emassando e cobrindo com uma ou v\u00e1rias camadas de tinta.<\/p>\n\n\n\n<p>Dispon\u00edvel at\u00e9 19\/7\/2023 ou encerramento da vaga.<\/p>\n\n\n\n<p><strong>1 vaga \u2013 Marceneiro<\/strong><\/p>\n\n\n\n<p>Escolaridade \u2013 ensino m\u00e9dio completo;<\/p>\n\n\n\n<p>Experi\u00eancia \u2013 seis meses na Carteira de Trabalho;<\/p>\n\n\n\n<p>Atividades \u2013 confeccionar e reparar m\u00f3veis e pe\u00e7as, utilizando equipamento adequado e guiando-se por desenhos e especifica\u00e7\u00f5es; analisar a pe\u00e7a a ser fabricada, consultando desenhos, modelos, especifica\u00e7\u00f5es ou outras instru\u00e7\u00f5es.<\/p>\n\n\n\n<p>Dispon\u00edvel at\u00e9 19\/7\/2023 ou encerramento da vaga.<\/p>\n\n\n\n<p><strong>1 vaga \u2013 Jardineiro<\/strong><\/p>\n\n\n\n<p>Escolaridade \u2013 ensino m\u00e9dio completo;<\/p>\n\n\n\n<p>Experi\u00eancia \u2013 seis meses na Carteira de Trabalho;<\/p>\n\n\n\n<p>Atividades \u2013 preparar, conservar e limpar jardins, compreendendo: capina, corte, replantio, aduba\u00e7\u00e3o peri\u00f3dica, irriga\u00e7\u00e3o, varredura, pulveriza\u00e7\u00e3o simples e polvilhamento; preparar sementes; fazer repicagem e transplante das mudas, incluindo desmate, transporte e embalagem.<\/p>\n\n\n\n<p>Dispon\u00edvel at\u00e9 19\/7\/2023 ou encerramento da vaga.<\/p>\n\n\n\n<p><strong>1 vaga \u2013 Auxiliar T\u00e9cnico de Refrigera\u00e7\u00e3o<\/strong><\/p>\n\n\n\n<p>Escolaridade \u2013 ensino m\u00e9dio completo;<\/p>\n\n\n\n<p>Experi\u00eancia \u2013 seis meses na Carteira de Trabalho;<\/p>\n\n\n\n<p>Atividades \u2013 atuar com reparo e manuseio de equipamentos de ar condicionado, troca de pe\u00e7as e testes; realizar manuten\u00e7\u00e3o preventiva e corretiva nos equipamentos e componentes.<\/p>\n\n\n\n<p>Dispon\u00edvel at\u00e9 19\/7\/2023 ou encerramento da vaga.<\/p>\n\n\n\n<p><strong>1 vaga \u2013 T\u00e9cnico em Suporte de TI<\/strong><\/p>\n\n\n\n<p>Escolaridade \u2013 ensino m\u00e9dio completo;<\/p>\n\n\n\n<p>Experi\u00eancia \u2013 seis meses na Carteira de Trabalho;<\/p>\n\n\n\n<p>Requisitos obrigat\u00f3rios \u2013 ter Carteira Nacional de Habilita\u00e7\u00e3o categoria \u201cA\u201d e conhecimentos na \u00e1rea de TI;<\/p>\n\n\n\n<p>Atividades \u2013 auxiliar os usu\u00e1rios em problemas ou danos espec\u00edficos, como problemas em impressoras e e-mails, invas\u00f5es de sistema ou m\u00e1quinas corrompidas.<\/p>\n\n\n\n<p>Dispon\u00edvel at\u00e9 19\/7\/2023 ou encerramento da vaga.<\/p>\n\n\n\n<p><strong>5 vagas \u2013 Auxiliar de Limpeza \u2013 vagas exclusivas para Pessoas com Defici\u00eancia (PcD)<\/strong><\/p>\n\n\n\n<p>Escolaridade \u2013 ensino m\u00e9dio completo;<\/p>\n\n\n\n<p>Experi\u00eancia \u2013 n\u00e3o \u00e9 necess\u00e1rio;<\/p>\n\n\n\n<p>Atividades \u2013 realizar limpeza di\u00e1ria das depend\u00eancias da empresa; remover o p\u00f3 dos m\u00f3veis, fazer a varredura do piso, aspirar detritos, limpar ou lavar vidros e janelas, remover o lixo das lixeiras, higienizar os banheiros e repor materiais.<\/p>\n\n\n\n<p>Dispon\u00edvel at\u00e9 19\/7\/2023 ou encerramento da vaga.<\/p>\n\n\n\n<p><strong>1 vaga \u2013 Mec\u00e2nico de Motor a Diesel<\/strong><\/p>\n\n\n\n<p>Escolaridade \u2013 ensino fundamental completo;<\/p>\n\n\n\n<p>Experi\u00eancia \u2013 seis meses na Carteira de Trabalho;<\/p>\n\n\n\n<p>Atividades \u2013 realizar manuten\u00e7\u00e3o mec\u00e2nica preventiva e corretiva de ve\u00edculos, montar e trocar pe\u00e7as, lubrificar motor, regular mecanismos e alinhar dire\u00e7\u00e3o.<\/p>\n\n\n\n<p>Dispon\u00edvel at\u00e9 19\/7\/2023 ou encerramento da vaga.<\/p>\n\n\n\n<p><strong>1 vaga \u2013 Analista de Recursos humanos<\/strong><\/p>\n\n\n\n<p>Escolaridade \u2013 ensino superior completo ou cursando recursos humanos ou \u00e1reas afins;<\/p>\n\n\n\n<p>Experi\u00eancia \u2013 seis meses na Carteira de Trabalho;<\/p>\n\n\n\n<p>Requisitos obrigat\u00f3rios \u2013 ter curso de inform\u00e1tica ou Excel avan\u00e7ado;<\/p>\n\n\n\n<p>Atividades \u2013 administrar pessoal e plano de cargos e sal\u00e1rios; promover a\u00e7\u00f5es de treinamento e desenvolvimento de pessoal; efetuar processo de recrutamento e sele\u00e7\u00e3o, gerar plano de benef\u00edcios e promover a\u00e7\u00f5es de qualidade de vida e assist\u00eancia aos empregados; administrar rela\u00e7\u00f5es de trabalho e coordenar sistemas de avalia\u00e7\u00e3o de desempenho; mobilizar um conjunto de capacidades comunicativas.<\/p>\n\n\n\n<p>Dispon\u00edvel at\u00e9 19\/7\/2023 ou encerramento da vaga.<\/p>\n\n\n\n<p><strong>1 vaga \u2013 Assistente de Departamento Pessoal<\/strong><\/p>\n\n\n\n<p>Escolaridade \u2013 ensino superior completo ou cursando recursos humanos ou \u00e1reas afins;<\/p>\n\n\n\n<p>Experi\u00eancia \u2013 seis meses na Carteira de Trabalho;<\/p>\n\n\n\n<p>Requisitos obrigat\u00f3rios \u2013 ter curso de inform\u00e1tica ou Excel avan\u00e7ado;<\/p>\n\n\n\n<p>Atividades \u2013 realizar admiss\u00e3o e demiss\u00e3o de funcion\u00e1rios; auxiliar na administra\u00e7\u00e3o de pessoal com folha de pagamento, rescis\u00e3o e folha de ponto; preencher guias trabalhistas (Guia de Recolhimento do FGTS); alimentar o sistema de RH com todas as informa\u00e7\u00f5es necess\u00e1rias para gerar relat\u00f3rios, gr\u00e1ficos e demais documentos; realizar libera\u00e7\u00e3o de pagamento e f\u00e9rias; realizar c\u00e1lculo de horas extras e banco de horas; cuidar dos benef\u00edcios dos funcion\u00e1rios, como VR, VT e assist\u00eancia m\u00e9dica; realizar atendimento e esclarecer d\u00favidas de funcion\u00e1rios.<\/p>\n\n\n\n<p>Dispon\u00edvel at\u00e9 19\/7\/2023 ou encerramento da vaga.<\/p>\n\n\n\n<p><strong>1 vaga \u2013 T\u00e9cnico de Eletr\u00f4nico<\/strong><\/p>\n\n\n\n<p>Escolaridade \u2013 ensino m\u00e9dio completo;<\/p>\n\n\n\n<p>Experi\u00eancia \u2013 seis meses na Carteira de Trabalho;<\/p>\n\n\n\n<p>Requisitos obrigat\u00f3rios \u2013 ter Carteira Nacional de Habilita\u00e7\u00e3o categoria \u201cA\u201d;<\/p>\n\n\n\n<p>Atividades \u2013 executar e supervisionar a instala\u00e7\u00e3o e manuten\u00e7\u00e3o de equipamentos, sistemas eletr\u00f4nicos, de transmiss\u00e3o e recep\u00e7\u00e3o de sinais.<\/p>\n\n\n\n<p>Dispon\u00edvel at\u00e9 19\/7\/2023 ou encerramento da vaga.<\/p>\n\n\n\n<p><strong>1 vaga \u2013 Operador de Empilhadeira<\/strong><\/p>\n\n\n\n<p>Escolaridade \u2013 ensino m\u00e9dio completo;<\/p>\n\n\n\n<p>Experi\u00eancia \u2013 seis meses na Carteira de Trabalho;<\/p>\n\n\n\n<p>Requisitos obrigat\u00f3rios \u2013 ter certificado de operador de empilhadeira a g\u00e1s atual (m\u00ednimo de 40 horas) expedido por \u00f3rg\u00e3o competente e Carteira Nacional de Habilita\u00e7\u00e3o categoria \u201cB\u201d;<\/p>\n\n\n\n<p>Atividades \u2013 respons\u00e1vel por manusear, transportar, movimentar e armazenar cargas, materiais e produtos preestabelecidos pela empresa, por meio da condu\u00e7\u00e3o de empilhadeira.<\/p>\n\n\n\n<p>Dispon\u00edvel at\u00e9 19\/7\/2023 ou encerramento da vaga.<\/p>\n\n\n\n<p><strong>1 vaga \u2013 Bab\u00e1<\/strong><\/p>\n\n\n\n<p>Escolaridade \u2013 ensino m\u00e9dio completo;<\/p>\n\n\n\n<p>Experi\u00eancia \u2013 seis meses na Carteira de Trabalho;<\/p>\n\n\n\n<p>Atividades \u2013 preparar as refei\u00e7\u00f5es das crian\u00e7as, aliment\u00e1-las e trocar fraldas; manter o quarto limpo e arrumado, incluindo camas e len\u00e7\u00f3is; lavar e passar roupas; levar as crian\u00e7as para passear e brincar.<\/p>\n\n\n\n<p>Dispon\u00edvel at\u00e9 19\/7\/2023 ou encerramento da vaga.<\/p>\n\n\n\n<p><strong>2 vagas \u2013 Mec\u00e2nico de Refrigera\u00e7\u00e3o<\/strong><\/p>\n\n\n\n<p>Escolaridade \u2013 ensino m\u00e9dio completo;<\/p>\n\n\n\n<p>Experi\u00eancia \u2013 seis meses na Carteira de Trabalho;<\/p>\n\n\n\n<p>Requisitos obrigat\u00f3rios \u2013 ter certificado de Mec\u00e2nico em Refrigera\u00e7\u00e3o;<\/p>\n\n\n\n<p>Atividades \u2013 montar, instalar e colocar em funcionamento equipamentos de refrigera\u00e7\u00e3o e ar condicionado residencial e comercial, realizando an\u00e1lises, ajustes de performance, detectando e corrigindo falhas de origem el\u00e9trica e mec\u00e2nica, entre outras atividades correlatas.<\/p>\n\n\n\n<p>Dispon\u00edvel at\u00e9 19\/7\/2023 ou encerramento da vaga.<\/p>\n\n\n\n<p>&#8212; &#8212; &#8212;&nbsp;<\/p>\n\n\n\n<p><strong>Texto \u2013 <\/strong>Divulga\u00e7\u00e3o \/ Semtepi<\/p>\n\n\n\n<p>&#8212; &#8212; &#8212;&nbsp;<\/p>\n\n\n\n<p>SEMTEPI &#8211; Secretaria Municipal do Trabalho, Empreendedorismo e Inova\u00e7\u00e3o<\/p>\n\n\n\n<p>E-mail:&nbsp;<a href=\"mailto:comunicacao.semtepi@gmail.com\" target=\"_blank\" rel=\"noreferrer noopener\">comunicacao.semtepi@gmail.com<\/a><\/p>\n","protected":false},"excerpt":{"rendered":"","protected":false},"author":31,"featured_media":209,"comment_status":"closed","ping_status":"closed","sticky":false,"template":"","format":"standard","meta":{"footnotes":""},"categories":[5],"tags":[11,7,10,12],"acf":[],"yoast_head":"<!-- This site is optimized with the Yoast SEO plugin v23.0 - https:\/\/yoast.com\/wordpress\/plugins\/seo\/ -->\n<title>Sine Manaus oferta 165 vagas de emprego nesta quarta-feira, 19\/7 - SEMTEPI<\/title>\n<meta name=\"robots\" content=\"noindex, follow\" \/>\n<meta property=\"og:locale\" content=\"pt_BR\" \/>\n<meta property=\"og:type\" content=\"article\" \/>\n<meta property=\"og:title\" content=\"Sine Manaus oferta 165 vagas de emprego nesta quarta-feira, 19\/7 - SEMTEPI\" \/>\n<meta property=\"og:url\" content=\"https:\/\/www.manaus.am.gov.br\/semtepi\/oportunidade\/sine-manaus-oferta-165-vagas-de-emprego-nesta-quarta-feira-19-7\/\" \/>\n<meta property=\"og:site_name\" content=\"SEMTEPI\" \/>\n<meta property=\"article:published_time\" content=\"2023-07-18T20:06:23+00:00\" \/>\n<meta property=\"article:modified_time\" content=\"2023-07-18T20:06:25+00:00\" \/>\n<meta property=\"og:image\" content=\"https:\/\/www.manaus.am.gov.br\/semtepi\/wp-content\/uploads\/sites\/20\/2023\/04\/Sine-Manaus-oferta-148-vagas-de-emprego-nesta-terca-feira.jpg\" \/>\n\t<meta property=\"og:image:width\" content=\"2048\" \/>\n\t<meta property=\"og:image:height\" content=\"1410\" \/>\n\t<meta property=\"og:image:type\" content=\"image\/jpeg\" \/>\n<meta name=\"author\" content=\"Renata Felix\" \/>\n<meta name=\"twitter:card\" content=\"summary_large_image\" \/>\n<meta name=\"twitter:label1\" content=\"Written by\" \/>\n\t<meta name=\"twitter:data1\" content=\"Renata Felix\" \/>\n\t<meta name=\"twitter:label2\" content=\"Est. reading time\" \/>\n\t<meta name=\"twitter:data2\" content=\"27 minutos\" \/>\n<script type=\"application\/ld+json\" class=\"yoast-schema-graph\">{\"@context\":\"https:\/\/schema.org\",\"@graph\":[{\"@type\":\"Article\",\"@id\":\"https:\/\/www.manaus.am.gov.br\/semtepi\/oportunidade\/sine-manaus-oferta-165-vagas-de-emprego-nesta-quarta-feira-19-7\/#article\",\"isPartOf\":{\"@id\":\"https:\/\/www.manaus.am.gov.br\/semtepi\/oportunidade\/sine-manaus-oferta-165-vagas-de-emprego-nesta-quarta-feira-19-7\/\"},\"author\":{\"name\":\"Renata Felix\",\"@id\":\"https:\/\/www.manaus.am.gov.br\/semtepi\/#\/schema\/person\/4eea2a8f78dc853097abb026f728aa06\"},\"headline\":\"Sine Manaus oferta 165 vagas de emprego nesta quarta-feira, 19\/7\",\"datePublished\":\"2023-07-18T20:06:23+00:00\",\"dateModified\":\"2023-07-18T20:06:25+00:00\",\"mainEntityOfPage\":{\"@id\":\"https:\/\/www.manaus.am.gov.br\/semtepi\/oportunidade\/sine-manaus-oferta-165-vagas-de-emprego-nesta-quarta-feira-19-7\/\"},\"wordCount\":5551,\"publisher\":{\"@id\":\"https:\/\/www.manaus.am.gov.br\/semtepi\/#organization\"},\"image\":{\"@id\":\"https:\/\/www.manaus.am.gov.br\/semtepi\/oportunidade\/sine-manaus-oferta-165-vagas-de-emprego-nesta-quarta-feira-19-7\/#primaryimage\"},\"thumbnailUrl\":\"https:\/\/www.manaus.am.gov.br\/semtepi\/wp-content\/uploads\/sites\/20\/2023\/04\/Sine-Manaus-oferta-148-vagas-de-emprego-nesta-terca-feira.jpg\",\"keywords\":[\"emprego\",\"oportunidade\",\"sine manaus\",\"vagas\"],\"articleSection\":[\"Oportunidade\"],\"inLanguage\":\"pt-BR\"},{\"@type\":\"WebPage\",\"@id\":\"https:\/\/www.manaus.am.gov.br\/semtepi\/oportunidade\/sine-manaus-oferta-165-vagas-de-emprego-nesta-quarta-feira-19-7\/\",\"url\":\"https:\/\/www.manaus.am.gov.br\/semtepi\/oportunidade\/sine-manaus-oferta-165-vagas-de-emprego-nesta-quarta-feira-19-7\/\",\"name\":\"Sine Manaus oferta 165 vagas de emprego nesta quarta-feira, 19\/7 - SEMTEPI\",\"isPartOf\":{\"@id\":\"https:\/\/www.manaus.am.gov.br\/semtepi\/#website\"},\"primaryImageOfPage\":{\"@id\":\"https:\/\/www.manaus.am.gov.br\/semtepi\/oportunidade\/sine-manaus-oferta-165-vagas-de-emprego-nesta-quarta-feira-19-7\/#primaryimage\"},\"image\":{\"@id\":\"https:\/\/www.manaus.am.gov.br\/semtepi\/oportunidade\/sine-manaus-oferta-165-vagas-de-emprego-nesta-quarta-feira-19-7\/#primaryimage\"},\"thumbnailUrl\":\"https:\/\/www.manaus.am.gov.br\/semtepi\/wp-content\/uploads\/sites\/20\/2023\/04\/Sine-Manaus-oferta-148-vagas-de-emprego-nesta-terca-feira.jpg\",\"datePublished\":\"2023-07-18T20:06:23+00:00\",\"dateModified\":\"2023-07-18T20:06:25+00:00\",\"breadcrumb\":{\"@id\":\"https:\/\/www.manaus.am.gov.br\/semtepi\/oportunidade\/sine-manaus-oferta-165-vagas-de-emprego-nesta-quarta-feira-19-7\/#breadcrumb\"},\"inLanguage\":\"pt-BR\",\"potentialAction\":[{\"@type\":\"ReadAction\",\"target\":[\"https:\/\/www.manaus.am.gov.br\/semtepi\/oportunidade\/sine-manaus-oferta-165-vagas-de-emprego-nesta-quarta-feira-19-7\/\"]}]},{\"@type\":\"ImageObject\",\"inLanguage\":\"pt-BR\",\"@id\":\"https:\/\/www.manaus.am.gov.br\/semtepi\/oportunidade\/sine-manaus-oferta-165-vagas-de-emprego-nesta-quarta-feira-19-7\/#primaryimage\",\"url\":\"https:\/\/www.manaus.am.gov.br\/semtepi\/wp-content\/uploads\/sites\/20\/2023\/04\/Sine-Manaus-oferta-148-vagas-de-emprego-nesta-terca-feira.jpg\",\"contentUrl\":\"https:\/\/www.manaus.am.gov.br\/semtepi\/wp-content\/uploads\/sites\/20\/2023\/04\/Sine-Manaus-oferta-148-vagas-de-emprego-nesta-terca-feira.jpg\",\"width\":2048,\"height\":1410},{\"@type\":\"BreadcrumbList\",\"@id\":\"https:\/\/www.manaus.am.gov.br\/semtepi\/oportunidade\/sine-manaus-oferta-165-vagas-de-emprego-nesta-quarta-feira-19-7\/#breadcrumb\",\"itemListElement\":[{\"@type\":\"ListItem\",\"position\":1,\"name\":\"Home\",\"item\":\"https:\/\/www.manaus.am.gov.br\/semtepi\/\"},{\"@type\":\"ListItem\",\"position\":2,\"name\":\"Sine Manaus oferta 165 vagas de emprego nesta quarta-feira, 19\/7\"}]},{\"@type\":\"WebSite\",\"@id\":\"https:\/\/www.manaus.am.gov.br\/semtepi\/#website\",\"url\":\"https:\/\/www.manaus.am.gov.br\/semtepi\/\",\"name\":\"SEMTEPI\",\"description\":\"Prefeitura de Manaus\",\"publisher\":{\"@id\":\"https:\/\/www.manaus.am.gov.br\/semtepi\/#organization\"},\"alternateName\":\"Secretaria Municipal do Trabalho, Empreendedorismo e Inova\u00e7\u00e3o\",\"potentialAction\":[{\"@type\":\"SearchAction\",\"target\":{\"@type\":\"EntryPoint\",\"urlTemplate\":\"https:\/\/www.manaus.am.gov.br\/semtepi\/?s={search_term_string}\"},\"query-input\":\"required name=search_term_string\"}],\"inLanguage\":\"pt-BR\"},{\"@type\":\"Organization\",\"@id\":\"https:\/\/www.manaus.am.gov.br\/semtepi\/#organization\",\"name\":\"Prefeitura Municipal de Manaus\",\"alternateName\":\"Prefeitura de Manaus\",\"url\":\"https:\/\/www.manaus.am.gov.br\/semtepi\/\",\"logo\":{\"@type\":\"ImageObject\",\"inLanguage\":\"pt-BR\",\"@id\":\"https:\/\/www.manaus.am.gov.br\/semtepi\/#\/schema\/logo\/image\/\",\"url\":\"https:\/\/www.manaus.am.gov.br\/semtepi\/wp-content\/uploads\/sites\/20\/2024\/07\/favicon.png\",\"contentUrl\":\"https:\/\/www.manaus.am.gov.br\/semtepi\/wp-content\/uploads\/sites\/20\/2024\/07\/favicon.png\",\"width\":300,\"height\":300,\"caption\":\"Prefeitura Municipal de Manaus\"},\"image\":{\"@id\":\"https:\/\/www.manaus.am.gov.br\/semtepi\/#\/schema\/logo\/image\/\"}},{\"@type\":\"Person\",\"@id\":\"https:\/\/www.manaus.am.gov.br\/semtepi\/#\/schema\/person\/4eea2a8f78dc853097abb026f728aa06\",\"name\":\"Renata Felix\",\"image\":{\"@type\":\"ImageObject\",\"inLanguage\":\"pt-BR\",\"@id\":\"https:\/\/www.manaus.am.gov.br\/semtepi\/#\/schema\/person\/image\/\",\"url\":\"https:\/\/secure.gravatar.com\/avatar\/3c196cf9d3b837b24c8edb2c50fd8f29?s=96&d=mm&r=g\",\"contentUrl\":\"https:\/\/secure.gravatar.com\/avatar\/3c196cf9d3b837b24c8edb2c50fd8f29?s=96&d=mm&r=g\",\"caption\":\"Renata Felix\"}}]}<\/script>\n<!-- \/ Yoast SEO plugin. -->","yoast_head_json":{"title":"Sine Manaus oferta 165 vagas de emprego nesta quarta-feira, 19\/7 - SEMTEPI","robots":{"index":"noindex","follow":"follow"},"og_locale":"pt_BR","og_type":"article","og_title":"Sine Manaus oferta 165 vagas de emprego nesta quarta-feira, 19\/7 - SEMTEPI","og_url":"https:\/\/www.manaus.am.gov.br\/semtepi\/oportunidade\/sine-manaus-oferta-165-vagas-de-emprego-nesta-quarta-feira-19-7\/","og_site_name":"SEMTEPI","article_published_time":"2023-07-18T20:06:23+00:00","article_modified_time":"2023-07-18T20:06:25+00:00","og_image":[{"width":2048,"height":1410,"url":"https:\/\/www.manaus.am.gov.br\/semtepi\/wp-content\/uploads\/sites\/20\/2023\/04\/Sine-Manaus-oferta-148-vagas-de-emprego-nesta-terca-feira.jpg","type":"image\/jpeg"}],"author":"Renata Felix","twitter_card":"summary_large_image","twitter_misc":{"Written by":"Renata Felix","Est. reading time":"27 minutos"},"schema":{"@context":"https:\/\/schema.org","@graph":[{"@type":"Article","@id":"https:\/\/www.manaus.am.gov.br\/semtepi\/oportunidade\/sine-manaus-oferta-165-vagas-de-emprego-nesta-quarta-feira-19-7\/#article","isPartOf":{"@id":"https:\/\/www.manaus.am.gov.br\/semtepi\/oportunidade\/sine-manaus-oferta-165-vagas-de-emprego-nesta-quarta-feira-19-7\/"},"author":{"name":"Renata Felix","@id":"https:\/\/www.manaus.am.gov.br\/semtepi\/#\/schema\/person\/4eea2a8f78dc853097abb026f728aa06"},"headline":"Sine Manaus oferta 165 vagas de emprego nesta quarta-feira, 19\/7","datePublished":"2023-07-18T20:06:23+00:00","dateModified":"2023-07-18T20:06:25+00:00","mainEntityOfPage":{"@id":"https:\/\/www.manaus.am.gov.br\/semtepi\/oportunidade\/sine-manaus-oferta-165-vagas-de-emprego-nesta-quarta-feira-19-7\/"},"wordCount":5551,"publisher":{"@id":"https:\/\/www.manaus.am.gov.br\/semtepi\/#organization"},"image":{"@id":"https:\/\/www.manaus.am.gov.br\/semtepi\/oportunidade\/sine-manaus-oferta-165-vagas-de-emprego-nesta-quarta-feira-19-7\/#primaryimage"},"thumbnailUrl":"https:\/\/www.manaus.am.gov.br\/semtepi\/wp-content\/uploads\/sites\/20\/2023\/04\/Sine-Manaus-oferta-148-vagas-de-emprego-nesta-terca-feira.jpg","keywords":["emprego","oportunidade","sine manaus","vagas"],"articleSection":["Oportunidade"],"inLanguage":"pt-BR"},{"@type":"WebPage","@id":"https:\/\/www.manaus.am.gov.br\/semtepi\/oportunidade\/sine-manaus-oferta-165-vagas-de-emprego-nesta-quarta-feira-19-7\/","url":"https:\/\/www.manaus.am.gov.br\/semtepi\/oportunidade\/sine-manaus-oferta-165-vagas-de-emprego-nesta-quarta-feira-19-7\/","name":"Sine Manaus oferta 165 vagas de emprego nesta quarta-feira, 19\/7 - SEMTEPI","isPartOf":{"@id":"https:\/\/www.manaus.am.gov.br\/semtepi\/#website"},"primaryImageOfPage":{"@id":"https:\/\/www.manaus.am.gov.br\/semtepi\/oportunidade\/sine-manaus-oferta-165-vagas-de-emprego-nesta-quarta-feira-19-7\/#primaryimage"},"image":{"@id":"https:\/\/www.manaus.am.gov.br\/semtepi\/oportunidade\/sine-manaus-oferta-165-vagas-de-emprego-nesta-quarta-feira-19-7\/#primaryimage"},"thumbnailUrl":"https:\/\/www.manaus.am.gov.br\/semtepi\/wp-content\/uploads\/sites\/20\/2023\/04\/Sine-Manaus-oferta-148-vagas-de-emprego-nesta-terca-feira.jpg","datePublished":"2023-07-18T20:06:23+00:00","dateModified":"2023-07-18T20:06:25+00:00","breadcrumb":{"@id":"https:\/\/www.manaus.am.gov.br\/semtepi\/oportunidade\/sine-manaus-oferta-165-vagas-de-emprego-nesta-quarta-feira-19-7\/#breadcrumb"},"inLanguage":"pt-BR","potentialAction":[{"@type":"ReadAction","target":["https:\/\/www.manaus.am.gov.br\/semtepi\/oportunidade\/sine-manaus-oferta-165-vagas-de-emprego-nesta-quarta-feira-19-7\/"]}]},{"@type":"ImageObject","inLanguage":"pt-BR","@id":"https:\/\/www.manaus.am.gov.br\/semtepi\/oportunidade\/sine-manaus-oferta-165-vagas-de-emprego-nesta-quarta-feira-19-7\/#primaryimage","url":"https:\/\/www.manaus.am.gov.br\/semtepi\/wp-content\/uploads\/sites\/20\/2023\/04\/Sine-Manaus-oferta-148-vagas-de-emprego-nesta-terca-feira.jpg","contentUrl":"https:\/\/www.manaus.am.gov.br\/semtepi\/wp-content\/uploads\/sites\/20\/2023\/04\/Sine-Manaus-oferta-148-vagas-de-emprego-nesta-terca-feira.jpg","width":2048,"height":1410},{"@type":"BreadcrumbList","@id":"https:\/\/www.manaus.am.gov.br\/semtepi\/oportunidade\/sine-manaus-oferta-165-vagas-de-emprego-nesta-quarta-feira-19-7\/#breadcrumb","itemListElement":[{"@type":"ListItem","position":1,"name":"Home","item":"https:\/\/www.manaus.am.gov.br\/semtepi\/"},{"@type":"ListItem","position":2,"name":"Sine Manaus oferta 165 vagas de emprego nesta quarta-feira, 19\/7"}]},{"@type":"WebSite","@id":"https:\/\/www.manaus.am.gov.br\/semtepi\/#website","url":"https:\/\/www.manaus.am.gov.br\/semtepi\/","name":"SEMTEPI","description":"Prefeitura de Manaus","publisher":{"@id":"https:\/\/www.manaus.am.gov.br\/semtepi\/#organization"},"alternateName":"Secretaria Municipal do Trabalho, Empreendedorismo e Inova\u00e7\u00e3o","potentialAction":[{"@type":"SearchAction","target":{"@type":"EntryPoint","urlTemplate":"https:\/\/www.manaus.am.gov.br\/semtepi\/?s={search_term_string}"},"query-input":"required name=search_term_string"}],"inLanguage":"pt-BR"},{"@type":"Organization","@id":"https:\/\/www.manaus.am.gov.br\/semtepi\/#organization","name":"Prefeitura Municipal de Manaus","alternateName":"Prefeitura de Manaus","url":"https:\/\/www.manaus.am.gov.br\/semtepi\/","logo":{"@type":"ImageObject","inLanguage":"pt-BR","@id":"https:\/\/www.manaus.am.gov.br\/semtepi\/#\/schema\/logo\/image\/","url":"https:\/\/www.manaus.am.gov.br\/semtepi\/wp-content\/uploads\/sites\/20\/2024\/07\/favicon.png","contentUrl":"https:\/\/www.manaus.am.gov.br\/semtepi\/wp-content\/uploads\/sites\/20\/2024\/07\/favicon.png","width":300,"height":300,"caption":"Prefeitura Municipal de Manaus"},"image":{"@id":"https:\/\/www.manaus.am.gov.br\/semtepi\/#\/schema\/logo\/image\/"}},{"@type":"Person","@id":"https:\/\/www.manaus.am.gov.br\/semtepi\/#\/schema\/person\/4eea2a8f78dc853097abb026f728aa06","name":"Renata Felix","image":{"@type":"ImageObject","inLanguage":"pt-BR","@id":"https:\/\/www.manaus.am.gov.br\/semtepi\/#\/schema\/person\/image\/","url":"https:\/\/secure.gravatar.com\/avatar\/3c196cf9d3b837b24c8edb2c50fd8f29?s=96&d=mm&r=g","contentUrl":"https:\/\/secure.gravatar.com\/avatar\/3c196cf9d3b837b24c8edb2c50fd8f29?s=96&d=mm&r=g","caption":"Renata Felix"}}]}},"_links":{"self":[{"href":"https:\/\/www.manaus.am.gov.br\/semtepi\/wp-json\/wp\/v2\/posts\/2291"}],"collection":[{"href":"https:\/\/www.manaus.am.gov.br\/semtepi\/wp-json\/wp\/v2\/posts"}],"about":[{"href":"https:\/\/www.manaus.am.gov.br\/semtepi\/wp-json\/wp\/v2\/types\/post"}],"author":[{"embeddable":true,"href":"https:\/\/www.manaus.am.gov.br\/semtepi\/wp-json\/wp\/v2\/users\/31"}],"replies":[{"embeddable":true,"href":"https:\/\/www.manaus.am.gov.br\/semtepi\/wp-json\/wp\/v2\/comments?post=2291"}],"version-history":[{"count":0,"href":"https:\/\/www.manaus.am.gov.br\/semtepi\/wp-json\/wp\/v2\/posts\/2291\/revisions"}],"wp:featuredmedia":[{"embeddable":true,"href":"https:\/\/www.manaus.am.gov.br\/semtepi\/wp-json\/wp\/v2\/media\/209"}],"wp:attachment":[{"href":"https:\/\/www.manaus.am.gov.br\/semtepi\/wp-json\/wp\/v2\/media?parent=2291"}],"wp:term":[{"taxonomy":"category","embeddable":true,"href":"https:\/\/www.manaus.am.gov.br\/semtepi\/wp-json\/wp\/v2\/categories?post=2291"},{"taxonomy":"post_tag","embeddable":true,"href":"https:\/\/www.manaus.am.gov.br\/semtepi\/wp-json\/wp\/v2\/tags?post=2291"}],"curies":[{"name":"wp","href":"https:\/\/api.w.org\/{rel}","templated":true}]}}