{"id":2282,"date":"2023-07-18T11:55:19","date_gmt":"2023-07-18T15:55:19","guid":{"rendered":"https:\/\/www.manaus.am.gov.br\/semtepi\/sem-categoria\/feiras-de-artesanato-itinerante-da-prefeitura-faturam-quase-r-50-mil-em-vendas-no-inicio-do-segundo-semestre\/"},"modified":"2023-07-18T11:55:20","modified_gmt":"2023-07-18T15:55:20","slug":"feiras-de-artesanato-itinerante-da-prefeitura-faturam-quase-r-50-mil-em-vendas-no-inicio-do-segundo-semestre","status":"publish","type":"post","link":"https:\/\/www.manaus.am.gov.br\/semtepi\/empreendedorismo\/feiras-de-artesanato-itinerante-da-prefeitura-faturam-quase-r-50-mil-em-vendas-no-inicio-do-segundo-semestre\/","title":{"rendered":"<strong>Feiras de Artesanato Itinerante da prefeitura faturam quase R$ 50 mil em vendas no in\u00edcio do segundo semestre<\/strong>"},"content":{"rendered":"\n<p>A Prefeitura de Manaus, por meio da Secretaria Municipal do Trabalho, Empreendedorismo e Inova\u00e7\u00e3o (Semtepi), promoveu duas Feiras de Artesanato Itinerante, com o faturamento total de R$ 46.651,35, no arraial do Centro Social Urbano (CSU) do Parque 10 de Novembro, zona Centro-Sul e no Festival Folcl\u00f3rico do Amazonas, no Centro Cultural dos Povos da Amaz\u00f4nia, zona Sul.<\/p>\n\n\n\n<p>As feiras aconteceram ao longo do m\u00eas do festival junino promovido pela Prefeitura de Manaus, sendo de&nbsp;9\/6 a 9\/7 no arraial do CSU do Parque 10, com R$ 43.144,35; e no Festival Folcl\u00f3rico do Amazonas, no Centro Cultural dos Povos da Amaz\u00f4nia, de 11 a 25\/6, com o faturamento no valor de R$ 3.507,00.<\/p>\n\n\n\n<p>As exposi\u00e7\u00f5es t\u00eam como objetivo intensificar a cultura empreendedora, por meio das vendas de artesanatos produzidos com materiais da Amaz\u00f4nia e artigos confeccionados \u00e0 m\u00e3o, al\u00e9m de proporcionar um ambiente de neg\u00f3cios e a gera\u00e7\u00e3o de emprego e renda para a categoria.<\/p>\n\n\n\n<p>\u201cAs feiras de artesanato t\u00eam um impacto econ\u00f4mico significativo em nossa cidade, pois re\u00fanem em um s\u00f3 lugar a habilidade, a criatividade e a originalidade dos nossos artistas locais. Estamos buscando parcerias, ampliando a divulga\u00e7\u00e3o e a infraestrutura desses eventos, visando atrair mais visitantes e potenciais compradores\u201d, destacou o secret\u00e1rio da Semtepi, Radyr J\u00fanior.<\/p>\n\n\n\n<p>Conforme dados do Departamento de Economia Solid\u00e1ria e Criativa (Desc), atualmente a Semtepi tem em torno de 1,5 mil artes\u00e3os cadastrados. Ao todo, foram 45 artes\u00e3os selecionados, por meio de um sorteio, para exporem seus produtos durante os eventos. As mercadorias v\u00e3o desde chaveiros, bolsas, bijuterias, artesanato ind\u00edgena, roupas infantis, tablados, at\u00e9 artigos para os pets.<\/p>\n\n\n\n<p>A feira realizada no Centro Cultural dos Povos da Amaz\u00f4nia, retomada no dia 14, seguir\u00e1 at\u00e9 o dia 26\/7, contando com cinco barracas e dois artes\u00e3os em cada, comercializando os mais diversos artigos.<\/p>\n\n\n\n<p>&#8212; &#8212; &#8212;<\/p>\n\n\n\n<p><strong>Texto \u2013&nbsp;<\/strong>Fabiane Monteiro \/ Semtepi<\/p>\n\n\n\n<p><strong>Fotos \u2013&nbsp;<\/strong>Divulga\u00e7\u00e3o \/ Semtepi<\/p>\n","protected":false},"excerpt":{"rendered":"","protected":false},"author":24,"featured_media":2283,"comment_status":"closed","ping_status":"closed","sticky":false,"template":"","format":"standard","meta":{"footnotes":""},"categories":[47],"tags":[360,173,174,175,121,361,362,8,34,9],"acf":[],"yoast_head":"<!-- This site is optimized with the Yoast SEO plugin v23.0 - https:\/\/yoast.com\/wordpress\/plugins\/seo\/ -->\n<title>Feiras de Artesanato Itinerante da prefeitura faturam quase R$ 50 mil em vendas no in\u00edcio do segundo semestre - SEMTEPI<\/title>\n<meta name=\"description\" content=\"A Prefeitura de Manaus, por meio da Secretaria Municipal do Trabalho, Empreendedorismo e Inova\u00e7\u00e3o (Semtepi), promoveu duas Feiras de Artesanato Itinerante, com o faturamento total de R$ 46.651,35, no arraial do Centro Social Urbano (CSU) do Parque 10 de Novembro, zona Centro-Sul e no Festival Folcl\u00f3rico do Amazonas, no Centro Cultural dos Povos da Amaz\u00f4nia, zona Sul.\" \/>\n<meta name=\"robots\" content=\"noindex, follow\" \/>\n<meta property=\"og:locale\" content=\"pt_BR\" \/>\n<meta property=\"og:type\" content=\"article\" \/>\n<meta property=\"og:title\" content=\"Feiras de Artesanato Itinerante da prefeitura faturam quase R$ 50 mil em vendas no in\u00edcio do segundo semestre - SEMTEPI\" \/>\n<meta property=\"og:description\" content=\"A Prefeitura de Manaus, por meio da Secretaria Municipal do Trabalho, Empreendedorismo e Inova\u00e7\u00e3o (Semtepi), promoveu duas Feiras de Artesanato Itinerante, com o faturamento total de R$ 46.651,35, no arraial do Centro Social Urbano (CSU) do Parque 10 de Novembro, zona Centro-Sul e no Festival Folcl\u00f3rico do Amazonas, no Centro Cultural dos Povos da Amaz\u00f4nia, zona Sul.\" \/>\n<meta property=\"og:url\" content=\"https:\/\/www.manaus.am.gov.br\/semtepi\/empreendedorismo\/feiras-de-artesanato-itinerante-da-prefeitura-faturam-quase-r-50-mil-em-vendas-no-inicio-do-segundo-semestre\/\" \/>\n<meta property=\"og:site_name\" content=\"SEMTEPI\" \/>\n<meta property=\"article:published_time\" content=\"2023-07-18T15:55:19+00:00\" \/>\n<meta property=\"article:modified_time\" content=\"2023-07-18T15:55:20+00:00\" \/>\n<meta property=\"og:image\" content=\"https:\/\/www.manaus.am.gov.br\/semtepi\/wp-content\/uploads\/sites\/20\/2023\/07\/Feiras-de-Artesanato-Itinerante-da-prefeitura-faturam-quase-50-mil-em-vendas-no-inicio-do-segundo-semestre-3.jpeg\" \/>\n\t<meta property=\"og:image:width\" content=\"768\" \/>\n\t<meta property=\"og:image:height\" content=\"674\" \/>\n\t<meta property=\"og:image:type\" content=\"image\/jpeg\" \/>\n<meta name=\"author\" content=\"Cl\u00e1udia Barbosa\" \/>\n<meta name=\"twitter:card\" content=\"summary_large_image\" \/>\n<meta name=\"twitter:label1\" content=\"Written by\" \/>\n\t<meta name=\"twitter:data1\" content=\"Cl\u00e1udia Barbosa\" \/>\n\t<meta name=\"twitter:label2\" content=\"Est. reading time\" \/>\n\t<meta name=\"twitter:data2\" content=\"2 minutos\" \/>\n<script type=\"application\/ld+json\" class=\"yoast-schema-graph\">{\"@context\":\"https:\/\/schema.org\",\"@graph\":[{\"@type\":\"Article\",\"@id\":\"https:\/\/www.manaus.am.gov.br\/semtepi\/empreendedorismo\/feiras-de-artesanato-itinerante-da-prefeitura-faturam-quase-r-50-mil-em-vendas-no-inicio-do-segundo-semestre\/#article\",\"isPartOf\":{\"@id\":\"https:\/\/www.manaus.am.gov.br\/semtepi\/empreendedorismo\/feiras-de-artesanato-itinerante-da-prefeitura-faturam-quase-r-50-mil-em-vendas-no-inicio-do-segundo-semestre\/\"},\"author\":{\"name\":\"Cl\u00e1udia Barbosa\",\"@id\":\"https:\/\/www.manaus.am.gov.br\/semtepi\/#\/schema\/person\/d0a166b5031154c33c77794ddc9a827e\"},\"headline\":\"Feiras de Artesanato Itinerante da prefeitura faturam quase R$ 50 mil em vendas no in\u00edcio do segundo semestre\",\"datePublished\":\"2023-07-18T15:55:19+00:00\",\"dateModified\":\"2023-07-18T15:55:20+00:00\",\"mainEntityOfPage\":{\"@id\":\"https:\/\/www.manaus.am.gov.br\/semtepi\/empreendedorismo\/feiras-de-artesanato-itinerante-da-prefeitura-faturam-quase-r-50-mil-em-vendas-no-inicio-do-segundo-semestre\/\"},\"wordCount\":341,\"publisher\":{\"@id\":\"https:\/\/www.manaus.am.gov.br\/semtepi\/#organization\"},\"image\":{\"@id\":\"https:\/\/www.manaus.am.gov.br\/semtepi\/empreendedorismo\/feiras-de-artesanato-itinerante-da-prefeitura-faturam-quase-r-50-mil-em-vendas-no-inicio-do-segundo-semestre\/#primaryimage\"},\"thumbnailUrl\":\"https:\/\/www.manaus.am.gov.br\/semtepi\/wp-content\/uploads\/sites\/20\/2023\/07\/Feiras-de-Artesanato-Itinerante-da-prefeitura-faturam-quase-50-mil-em-vendas-no-inicio-do-segundo-semestre-3.jpeg\",\"keywords\":[\"artes\u00e3os\",\"Centro Cultural dos Povos da Amaz\u00f4nia\",\"Centro Social Urbano do Parque 10 de Novembro\",\"csu\",\"empreendedorismo\",\"faturamento\",\"Feiras de Artesanato Itinerante\",\"prefeitura de manaus\",\"Radyr J\u00fanior\",\"Semtepi\"],\"articleSection\":[\"Empreendedorismo\"],\"inLanguage\":\"pt-BR\"},{\"@type\":\"WebPage\",\"@id\":\"https:\/\/www.manaus.am.gov.br\/semtepi\/empreendedorismo\/feiras-de-artesanato-itinerante-da-prefeitura-faturam-quase-r-50-mil-em-vendas-no-inicio-do-segundo-semestre\/\",\"url\":\"https:\/\/www.manaus.am.gov.br\/semtepi\/empreendedorismo\/feiras-de-artesanato-itinerante-da-prefeitura-faturam-quase-r-50-mil-em-vendas-no-inicio-do-segundo-semestre\/\",\"name\":\"Feiras de Artesanato Itinerante da prefeitura faturam quase R$ 50 mil em vendas no in\u00edcio do segundo semestre - SEMTEPI\",\"isPartOf\":{\"@id\":\"https:\/\/www.manaus.am.gov.br\/semtepi\/#website\"},\"primaryImageOfPage\":{\"@id\":\"https:\/\/www.manaus.am.gov.br\/semtepi\/empreendedorismo\/feiras-de-artesanato-itinerante-da-prefeitura-faturam-quase-r-50-mil-em-vendas-no-inicio-do-segundo-semestre\/#primaryimage\"},\"image\":{\"@id\":\"https:\/\/www.manaus.am.gov.br\/semtepi\/empreendedorismo\/feiras-de-artesanato-itinerante-da-prefeitura-faturam-quase-r-50-mil-em-vendas-no-inicio-do-segundo-semestre\/#primaryimage\"},\"thumbnailUrl\":\"https:\/\/www.manaus.am.gov.br\/semtepi\/wp-content\/uploads\/sites\/20\/2023\/07\/Feiras-de-Artesanato-Itinerante-da-prefeitura-faturam-quase-50-mil-em-vendas-no-inicio-do-segundo-semestre-3.jpeg\",\"datePublished\":\"2023-07-18T15:55:19+00:00\",\"dateModified\":\"2023-07-18T15:55:20+00:00\",\"description\":\"A Prefeitura de Manaus, por meio da Secretaria Municipal do Trabalho, Empreendedorismo e Inova\u00e7\u00e3o (Semtepi), promoveu duas Feiras de Artesanato Itinerante, com o faturamento total de R$ 46.651,35, no arraial do Centro Social Urbano (CSU) do Parque 10 de Novembro, zona Centro-Sul e no Festival Folcl\u00f3rico do Amazonas, no Centro Cultural dos Povos da Amaz\u00f4nia, zona Sul.\",\"breadcrumb\":{\"@id\":\"https:\/\/www.manaus.am.gov.br\/semtepi\/empreendedorismo\/feiras-de-artesanato-itinerante-da-prefeitura-faturam-quase-r-50-mil-em-vendas-no-inicio-do-segundo-semestre\/#breadcrumb\"},\"inLanguage\":\"pt-BR\",\"potentialAction\":[{\"@type\":\"ReadAction\",\"target\":[\"https:\/\/www.manaus.am.gov.br\/semtepi\/empreendedorismo\/feiras-de-artesanato-itinerante-da-prefeitura-faturam-quase-r-50-mil-em-vendas-no-inicio-do-segundo-semestre\/\"]}]},{\"@type\":\"ImageObject\",\"inLanguage\":\"pt-BR\",\"@id\":\"https:\/\/www.manaus.am.gov.br\/semtepi\/empreendedorismo\/feiras-de-artesanato-itinerante-da-prefeitura-faturam-quase-r-50-mil-em-vendas-no-inicio-do-segundo-semestre\/#primaryimage\",\"url\":\"https:\/\/www.manaus.am.gov.br\/semtepi\/wp-content\/uploads\/sites\/20\/2023\/07\/Feiras-de-Artesanato-Itinerante-da-prefeitura-faturam-quase-50-mil-em-vendas-no-inicio-do-segundo-semestre-3.jpeg\",\"contentUrl\":\"https:\/\/www.manaus.am.gov.br\/semtepi\/wp-content\/uploads\/sites\/20\/2023\/07\/Feiras-de-Artesanato-Itinerante-da-prefeitura-faturam-quase-50-mil-em-vendas-no-inicio-do-segundo-semestre-3.jpeg\",\"width\":768,\"height\":674},{\"@type\":\"BreadcrumbList\",\"@id\":\"https:\/\/www.manaus.am.gov.br\/semtepi\/empreendedorismo\/feiras-de-artesanato-itinerante-da-prefeitura-faturam-quase-r-50-mil-em-vendas-no-inicio-do-segundo-semestre\/#breadcrumb\",\"itemListElement\":[{\"@type\":\"ListItem\",\"position\":1,\"name\":\"Home\",\"item\":\"https:\/\/www.manaus.am.gov.br\/semtepi\/\"},{\"@type\":\"ListItem\",\"position\":2,\"name\":\"Feiras de Artesanato Itinerante da prefeitura faturam quase R$ 50 mil em vendas no in\u00edcio do segundo semestre\"}]},{\"@type\":\"WebSite\",\"@id\":\"https:\/\/www.manaus.am.gov.br\/semtepi\/#website\",\"url\":\"https:\/\/www.manaus.am.gov.br\/semtepi\/\",\"name\":\"SEMTEPI\",\"description\":\"Prefeitura de Manaus\",\"publisher\":{\"@id\":\"https:\/\/www.manaus.am.gov.br\/semtepi\/#organization\"},\"alternateName\":\"Secretaria Municipal do Trabalho, Empreendedorismo e Inova\u00e7\u00e3o\",\"potentialAction\":[{\"@type\":\"SearchAction\",\"target\":{\"@type\":\"EntryPoint\",\"urlTemplate\":\"https:\/\/www.manaus.am.gov.br\/semtepi\/?s={search_term_string}\"},\"query-input\":\"required name=search_term_string\"}],\"inLanguage\":\"pt-BR\"},{\"@type\":\"Organization\",\"@id\":\"https:\/\/www.manaus.am.gov.br\/semtepi\/#organization\",\"name\":\"Prefeitura Municipal de Manaus\",\"alternateName\":\"Prefeitura de Manaus\",\"url\":\"https:\/\/www.manaus.am.gov.br\/semtepi\/\",\"logo\":{\"@type\":\"ImageObject\",\"inLanguage\":\"pt-BR\",\"@id\":\"https:\/\/www.manaus.am.gov.br\/semtepi\/#\/schema\/logo\/image\/\",\"url\":\"https:\/\/www.manaus.am.gov.br\/semtepi\/wp-content\/uploads\/sites\/20\/2024\/07\/favicon.png\",\"contentUrl\":\"https:\/\/www.manaus.am.gov.br\/semtepi\/wp-content\/uploads\/sites\/20\/2024\/07\/favicon.png\",\"width\":300,\"height\":300,\"caption\":\"Prefeitura Municipal de Manaus\"},\"image\":{\"@id\":\"https:\/\/www.manaus.am.gov.br\/semtepi\/#\/schema\/logo\/image\/\"}},{\"@type\":\"Person\",\"@id\":\"https:\/\/www.manaus.am.gov.br\/semtepi\/#\/schema\/person\/d0a166b5031154c33c77794ddc9a827e\",\"name\":\"Cl\u00e1udia Barbosa\",\"image\":{\"@type\":\"ImageObject\",\"inLanguage\":\"pt-BR\",\"@id\":\"https:\/\/www.manaus.am.gov.br\/semtepi\/#\/schema\/person\/image\/\",\"url\":\"https:\/\/secure.gravatar.com\/avatar\/42958a1cf007f1a00534009218c72590?s=96&d=mm&r=g\",\"contentUrl\":\"https:\/\/secure.gravatar.com\/avatar\/42958a1cf007f1a00534009218c72590?s=96&d=mm&r=g\",\"caption\":\"Cl\u00e1udia Barbosa\"}}]}<\/script>\n<!-- \/ Yoast SEO plugin. -->","yoast_head_json":{"title":"Feiras de Artesanato Itinerante da prefeitura faturam quase R$ 50 mil em vendas no in\u00edcio do segundo semestre - SEMTEPI","description":"A Prefeitura de Manaus, por meio da Secretaria Municipal do Trabalho, Empreendedorismo e Inova\u00e7\u00e3o (Semtepi), promoveu duas Feiras de Artesanato Itinerante, com o faturamento total de R$ 46.651,35, no arraial do Centro Social Urbano (CSU) do Parque 10 de Novembro, zona Centro-Sul e no Festival Folcl\u00f3rico do Amazonas, no Centro Cultural dos Povos da Amaz\u00f4nia, zona Sul.","robots":{"index":"noindex","follow":"follow"},"og_locale":"pt_BR","og_type":"article","og_title":"Feiras de Artesanato Itinerante da prefeitura faturam quase R$ 50 mil em vendas no in\u00edcio do segundo semestre - SEMTEPI","og_description":"A Prefeitura de Manaus, por meio da Secretaria Municipal do Trabalho, Empreendedorismo e Inova\u00e7\u00e3o (Semtepi), promoveu duas Feiras de Artesanato Itinerante, com o faturamento total de R$ 46.651,35, no arraial do Centro Social Urbano (CSU) do Parque 10 de Novembro, zona Centro-Sul e no Festival Folcl\u00f3rico do Amazonas, no Centro Cultural dos Povos da Amaz\u00f4nia, zona Sul.","og_url":"https:\/\/www.manaus.am.gov.br\/semtepi\/empreendedorismo\/feiras-de-artesanato-itinerante-da-prefeitura-faturam-quase-r-50-mil-em-vendas-no-inicio-do-segundo-semestre\/","og_site_name":"SEMTEPI","article_published_time":"2023-07-18T15:55:19+00:00","article_modified_time":"2023-07-18T15:55:20+00:00","og_image":[{"width":768,"height":674,"url":"https:\/\/www.manaus.am.gov.br\/semtepi\/wp-content\/uploads\/sites\/20\/2023\/07\/Feiras-de-Artesanato-Itinerante-da-prefeitura-faturam-quase-50-mil-em-vendas-no-inicio-do-segundo-semestre-3.jpeg","type":"image\/jpeg"}],"author":"Cl\u00e1udia Barbosa","twitter_card":"summary_large_image","twitter_misc":{"Written by":"Cl\u00e1udia Barbosa","Est. reading time":"2 minutos"},"schema":{"@context":"https:\/\/schema.org","@graph":[{"@type":"Article","@id":"https:\/\/www.manaus.am.gov.br\/semtepi\/empreendedorismo\/feiras-de-artesanato-itinerante-da-prefeitura-faturam-quase-r-50-mil-em-vendas-no-inicio-do-segundo-semestre\/#article","isPartOf":{"@id":"https:\/\/www.manaus.am.gov.br\/semtepi\/empreendedorismo\/feiras-de-artesanato-itinerante-da-prefeitura-faturam-quase-r-50-mil-em-vendas-no-inicio-do-segundo-semestre\/"},"author":{"name":"Cl\u00e1udia Barbosa","@id":"https:\/\/www.manaus.am.gov.br\/semtepi\/#\/schema\/person\/d0a166b5031154c33c77794ddc9a827e"},"headline":"Feiras de Artesanato Itinerante da prefeitura faturam quase R$ 50 mil em vendas no in\u00edcio do segundo semestre","datePublished":"2023-07-18T15:55:19+00:00","dateModified":"2023-07-18T15:55:20+00:00","mainEntityOfPage":{"@id":"https:\/\/www.manaus.am.gov.br\/semtepi\/empreendedorismo\/feiras-de-artesanato-itinerante-da-prefeitura-faturam-quase-r-50-mil-em-vendas-no-inicio-do-segundo-semestre\/"},"wordCount":341,"publisher":{"@id":"https:\/\/www.manaus.am.gov.br\/semtepi\/#organization"},"image":{"@id":"https:\/\/www.manaus.am.gov.br\/semtepi\/empreendedorismo\/feiras-de-artesanato-itinerante-da-prefeitura-faturam-quase-r-50-mil-em-vendas-no-inicio-do-segundo-semestre\/#primaryimage"},"thumbnailUrl":"https:\/\/www.manaus.am.gov.br\/semtepi\/wp-content\/uploads\/sites\/20\/2023\/07\/Feiras-de-Artesanato-Itinerante-da-prefeitura-faturam-quase-50-mil-em-vendas-no-inicio-do-segundo-semestre-3.jpeg","keywords":["artes\u00e3os","Centro Cultural dos Povos da Amaz\u00f4nia","Centro Social Urbano do Parque 10 de Novembro","csu","empreendedorismo","faturamento","Feiras de Artesanato Itinerante","prefeitura de manaus","Radyr J\u00fanior","Semtepi"],"articleSection":["Empreendedorismo"],"inLanguage":"pt-BR"},{"@type":"WebPage","@id":"https:\/\/www.manaus.am.gov.br\/semtepi\/empreendedorismo\/feiras-de-artesanato-itinerante-da-prefeitura-faturam-quase-r-50-mil-em-vendas-no-inicio-do-segundo-semestre\/","url":"https:\/\/www.manaus.am.gov.br\/semtepi\/empreendedorismo\/feiras-de-artesanato-itinerante-da-prefeitura-faturam-quase-r-50-mil-em-vendas-no-inicio-do-segundo-semestre\/","name":"Feiras de Artesanato Itinerante da prefeitura faturam quase R$ 50 mil em vendas no in\u00edcio do segundo semestre - SEMTEPI","isPartOf":{"@id":"https:\/\/www.manaus.am.gov.br\/semtepi\/#website"},"primaryImageOfPage":{"@id":"https:\/\/www.manaus.am.gov.br\/semtepi\/empreendedorismo\/feiras-de-artesanato-itinerante-da-prefeitura-faturam-quase-r-50-mil-em-vendas-no-inicio-do-segundo-semestre\/#primaryimage"},"image":{"@id":"https:\/\/www.manaus.am.gov.br\/semtepi\/empreendedorismo\/feiras-de-artesanato-itinerante-da-prefeitura-faturam-quase-r-50-mil-em-vendas-no-inicio-do-segundo-semestre\/#primaryimage"},"thumbnailUrl":"https:\/\/www.manaus.am.gov.br\/semtepi\/wp-content\/uploads\/sites\/20\/2023\/07\/Feiras-de-Artesanato-Itinerante-da-prefeitura-faturam-quase-50-mil-em-vendas-no-inicio-do-segundo-semestre-3.jpeg","datePublished":"2023-07-18T15:55:19+00:00","dateModified":"2023-07-18T15:55:20+00:00","description":"A Prefeitura de Manaus, por meio da Secretaria Municipal do Trabalho, Empreendedorismo e Inova\u00e7\u00e3o (Semtepi), promoveu duas Feiras de Artesanato Itinerante, com o faturamento total de R$ 46.651,35, no arraial do Centro Social Urbano (CSU) do Parque 10 de Novembro, zona Centro-Sul e no Festival Folcl\u00f3rico do Amazonas, no Centro Cultural dos Povos da Amaz\u00f4nia, zona Sul.","breadcrumb":{"@id":"https:\/\/www.manaus.am.gov.br\/semtepi\/empreendedorismo\/feiras-de-artesanato-itinerante-da-prefeitura-faturam-quase-r-50-mil-em-vendas-no-inicio-do-segundo-semestre\/#breadcrumb"},"inLanguage":"pt-BR","potentialAction":[{"@type":"ReadAction","target":["https:\/\/www.manaus.am.gov.br\/semtepi\/empreendedorismo\/feiras-de-artesanato-itinerante-da-prefeitura-faturam-quase-r-50-mil-em-vendas-no-inicio-do-segundo-semestre\/"]}]},{"@type":"ImageObject","inLanguage":"pt-BR","@id":"https:\/\/www.manaus.am.gov.br\/semtepi\/empreendedorismo\/feiras-de-artesanato-itinerante-da-prefeitura-faturam-quase-r-50-mil-em-vendas-no-inicio-do-segundo-semestre\/#primaryimage","url":"https:\/\/www.manaus.am.gov.br\/semtepi\/wp-content\/uploads\/sites\/20\/2023\/07\/Feiras-de-Artesanato-Itinerante-da-prefeitura-faturam-quase-50-mil-em-vendas-no-inicio-do-segundo-semestre-3.jpeg","contentUrl":"https:\/\/www.manaus.am.gov.br\/semtepi\/wp-content\/uploads\/sites\/20\/2023\/07\/Feiras-de-Artesanato-Itinerante-da-prefeitura-faturam-quase-50-mil-em-vendas-no-inicio-do-segundo-semestre-3.jpeg","width":768,"height":674},{"@type":"BreadcrumbList","@id":"https:\/\/www.manaus.am.gov.br\/semtepi\/empreendedorismo\/feiras-de-artesanato-itinerante-da-prefeitura-faturam-quase-r-50-mil-em-vendas-no-inicio-do-segundo-semestre\/#breadcrumb","itemListElement":[{"@type":"ListItem","position":1,"name":"Home","item":"https:\/\/www.manaus.am.gov.br\/semtepi\/"},{"@type":"ListItem","position":2,"name":"Feiras de Artesanato Itinerante da prefeitura faturam quase R$ 50 mil em vendas no in\u00edcio do segundo semestre"}]},{"@type":"WebSite","@id":"https:\/\/www.manaus.am.gov.br\/semtepi\/#website","url":"https:\/\/www.manaus.am.gov.br\/semtepi\/","name":"SEMTEPI","description":"Prefeitura de Manaus","publisher":{"@id":"https:\/\/www.manaus.am.gov.br\/semtepi\/#organization"},"alternateName":"Secretaria Municipal do Trabalho, Empreendedorismo e Inova\u00e7\u00e3o","potentialAction":[{"@type":"SearchAction","target":{"@type":"EntryPoint","urlTemplate":"https:\/\/www.manaus.am.gov.br\/semtepi\/?s={search_term_string}"},"query-input":"required name=search_term_string"}],"inLanguage":"pt-BR"},{"@type":"Organization","@id":"https:\/\/www.manaus.am.gov.br\/semtepi\/#organization","name":"Prefeitura Municipal de Manaus","alternateName":"Prefeitura de Manaus","url":"https:\/\/www.manaus.am.gov.br\/semtepi\/","logo":{"@type":"ImageObject","inLanguage":"pt-BR","@id":"https:\/\/www.manaus.am.gov.br\/semtepi\/#\/schema\/logo\/image\/","url":"https:\/\/www.manaus.am.gov.br\/semtepi\/wp-content\/uploads\/sites\/20\/2024\/07\/favicon.png","contentUrl":"https:\/\/www.manaus.am.gov.br\/semtepi\/wp-content\/uploads\/sites\/20\/2024\/07\/favicon.png","width":300,"height":300,"caption":"Prefeitura Municipal de Manaus"},"image":{"@id":"https:\/\/www.manaus.am.gov.br\/semtepi\/#\/schema\/logo\/image\/"}},{"@type":"Person","@id":"https:\/\/www.manaus.am.gov.br\/semtepi\/#\/schema\/person\/d0a166b5031154c33c77794ddc9a827e","name":"Cl\u00e1udia Barbosa","image":{"@type":"ImageObject","inLanguage":"pt-BR","@id":"https:\/\/www.manaus.am.gov.br\/semtepi\/#\/schema\/person\/image\/","url":"https:\/\/secure.gravatar.com\/avatar\/42958a1cf007f1a00534009218c72590?s=96&d=mm&r=g","contentUrl":"https:\/\/secure.gravatar.com\/avatar\/42958a1cf007f1a00534009218c72590?s=96&d=mm&r=g","caption":"Cl\u00e1udia Barbosa"}}]}},"_links":{"self":[{"href":"https:\/\/www.manaus.am.gov.br\/semtepi\/wp-json\/wp\/v2\/posts\/2282"}],"collection":[{"href":"https:\/\/www.manaus.am.gov.br\/semtepi\/wp-json\/wp\/v2\/posts"}],"about":[{"href":"https:\/\/www.manaus.am.gov.br\/semtepi\/wp-json\/wp\/v2\/types\/post"}],"author":[{"embeddable":true,"href":"https:\/\/www.manaus.am.gov.br\/semtepi\/wp-json\/wp\/v2\/users\/24"}],"replies":[{"embeddable":true,"href":"https:\/\/www.manaus.am.gov.br\/semtepi\/wp-json\/wp\/v2\/comments?post=2282"}],"version-history":[{"count":0,"href":"https:\/\/www.manaus.am.gov.br\/semtepi\/wp-json\/wp\/v2\/posts\/2282\/revisions"}],"wp:featuredmedia":[{"embeddable":true,"href":"https:\/\/www.manaus.am.gov.br\/semtepi\/wp-json\/wp\/v2\/media\/2283"}],"wp:attachment":[{"href":"https:\/\/www.manaus.am.gov.br\/semtepi\/wp-json\/wp\/v2\/media?parent=2282"}],"wp:term":[{"taxonomy":"category","embeddable":true,"href":"https:\/\/www.manaus.am.gov.br\/semtepi\/wp-json\/wp\/v2\/categories?post=2282"},{"taxonomy":"post_tag","embeddable":true,"href":"https:\/\/www.manaus.am.gov.br\/semtepi\/wp-json\/wp\/v2\/tags?post=2282"}],"curies":[{"name":"wp","href":"https:\/\/api.w.org\/{rel}","templated":true}]}}