{"id":2281,"date":"2023-07-17T16:23:55","date_gmt":"2023-07-17T20:23:55","guid":{"rendered":"https:\/\/www.manaus.am.gov.br\/semtepi\/sem-categoria\/sine-manaus-oferta-128-vagas-de-emprego-nesta-terca-feira-18-7\/"},"modified":"2023-07-17T16:23:57","modified_gmt":"2023-07-17T20:23:57","slug":"sine-manaus-oferta-128-vagas-de-emprego-nesta-terca-feira-18-7","status":"publish","type":"post","link":"https:\/\/www.manaus.am.gov.br\/semtepi\/oportunidade\/sine-manaus-oferta-128-vagas-de-emprego-nesta-terca-feira-18-7\/","title":{"rendered":"<strong>Sine Manaus oferta 128 vagas de emprego nesta ter\u00e7a-feira, 18\/7<\/strong>"},"content":{"rendered":"\n<p>A Prefeitura de Manaus, por meio do Sine Manaus, oferta 128 vagas de emprego em v\u00e1rias \u00e1reas de atua\u00e7\u00e3o, nesta ter\u00e7a-feira, 18\/7,\u00a0de 8h \u00e0s 16h. O candidato precisa validar a Carteira Digital e Previd\u00eancia Social (CTPS) no aplicativo \u201cCarteira de Trabalho Digital\u201d ou acessar o site\u00a0<a href=\"http:\/\/gov.br\/trabalho\" target=\"_blank\" rel=\"noreferrer noopener\">http:\/\/gov.br\/trabalho<\/a>\u00a0e para concorrer \u00e0s vagas, deve acessar o site\u00a0<a href=\"http:\/\/empregabrasil.mte.gov.br\/\" target=\"_blank\" rel=\"noreferrer noopener\">http:\/\/empregabrasil.mte.gov.br<\/a>\u00a0para fazer a solicita\u00e7\u00e3o de cadastro.<\/p>\n\n\n\n<p>Para participar da pr\u00e9-sele\u00e7\u00e3o e concorrer a uma das vagas dispon\u00edveis, ou receber orienta\u00e7\u00e3o de cadastro, Carteira de Trabalho Digital e seguro-desemprego, os candidatos devem comparecer a um dos postos do Sine Manaus: na avenida Constantino Nery, n\u00ba 1.272, bairro S\u00e3o Geraldo, zona Centro-Sul; ou no shopping Phelippe Daou, na&nbsp;<a href=\"https:\/\/www.google.com\/maps\/search\/avenida+Camapu%C3%A3,+n%C2%BA+2.939?entry=gmail&amp;source=g\">avenida Camapu\u00e3, n\u00ba 2.939<\/a>, bairro Cidade de Deus, zona Leste.<\/p>\n\n\n\n<p>A Semtepi informa que o atendimento no posto do shopping Phelippe Daou foi reduzido em virtude de reforma no espa\u00e7o, e orienta os cidad\u00e3os a comparecerem, preferencialmente, ao posto da avenida Constantino Nery.<\/p>\n\n\n\n<p>Os interessados devem estar munidos do comprovante de vacina\u00e7\u00e3o (Covid-19), curr\u00edculo e documentos pessoais (RG, CPF, PIS, CTPS, comprovante de escolaridade e resid\u00eancia). N\u00e3o \u00e9 necess\u00e1rio apresentar c\u00f3pias, somente os documentos originais.<\/p>\n\n\n\n<p><strong>Vagas Novas \u2013 17<\/strong><\/p>\n\n\n\n<p><strong>1 vaga \u2013 Mec\u00e2nico de Motor a Diesel<\/strong><\/p>\n\n\n\n<p>Escolaridade \u2013 ensino fundamental completo;<\/p>\n\n\n\n<p>Experi\u00eancia \u2013 seis meses na Carteira de Trabalho;<\/p>\n\n\n\n<p>Atividades \u2013 realizar manuten\u00e7\u00e3o mec\u00e2nica preventiva e corretiva de ve\u00edculos, montar e trocar pe\u00e7as, lubrificar motor, regular mecanismos e alinhar dire\u00e7\u00e3o.<\/p>\n\n\n\n<p>Dispon\u00edvel at\u00e9 19\/7\/2023 ou encerramento da vaga.<\/p>\n\n\n\n<p><strong>3 vagas \u2013 Educador Social<\/strong><\/p>\n\n\n\n<p>Escolaridade \u2013 ensino m\u00e9dio completo;<\/p>\n\n\n\n<p>Experi\u00eancia \u2013 n\u00e3o \u00e9 necess\u00e1rio;<\/p>\n\n\n\n<p>Atividades \u2013 realizar planejamentos e ministrar atividades socioeducativas, de conviv\u00eancia e socializa\u00e7\u00e3o, visando \u00e0 aten\u00e7\u00e3o, defesa e garantia de direitos da crian\u00e7a, do adolescente e fam\u00edlias em situa\u00e7\u00f5es de vulnerabilidade, risco social e pessoal; assegurar a participa\u00e7\u00e3o social dos usu\u00e1rios em todas as etapas do trabalho socioeducativo; elaborar relat\u00f3rio bimestral das atividades e avan\u00e7os alcan\u00e7ados; participar de reuni\u00f5es de equipes com foco em planejamentos e forma\u00e7\u00e3o continuada.<\/p>\n\n\n\n<p>Dispon\u00edvel at\u00e9 19\/7\/2023 ou encerramento da vaga.<\/p>\n\n\n\n<p><strong>1 vaga \u2013 Analista de Recursos Humanos<\/strong><\/p>\n\n\n\n<p>Escolaridade \u2013 ensino superior completo ou cursando recursos humanos ou \u00e1reas afins;<\/p>\n\n\n\n<p>Experi\u00eancia \u2013 seis meses na Carteira de Trabalho;<\/p>\n\n\n\n<p>Requisitos obrigat\u00f3rios \u2013 ter curso de inform\u00e1tica ou Excel avan\u00e7ado;<\/p>\n\n\n\n<p>Atividades \u2013 administrar pessoal e plano de cargos e sal\u00e1rios; promover a\u00e7\u00f5es de treinamento e desenvolvimento de pessoal; efetuar processo de recrutamento e sele\u00e7\u00e3o, gerar plano de benef\u00edcios e promover a\u00e7\u00f5es de qualidade de vida e assist\u00eancia aos empregados; administrar rela\u00e7\u00f5es de trabalho e coordenar sistemas de avalia\u00e7\u00e3o de desempenho; mobilizar um conjunto de capacidades comunicativas.<\/p>\n\n\n\n<p>Dispon\u00edvel at\u00e9 19\/7\/2023 ou encerramento da vaga.<\/p>\n\n\n\n<p><strong>1 vaga \u2013 Assistente de Departamento Pessoal<\/strong><\/p>\n\n\n\n<p>Escolaridade \u2013 ensino superior completo ou cursando recursos humanos ou \u00e1reas afins;<\/p>\n\n\n\n<p>Experi\u00eancia \u2013 seis meses na Carteira de Trabalho;<\/p>\n\n\n\n<p>Requisitos obrigat\u00f3rios \u2013 ter curso de inform\u00e1tica ou Excel avan\u00e7ado;<\/p>\n\n\n\n<p>Atividades \u2013 realizar admiss\u00e3o e demiss\u00e3o de funcion\u00e1rios; auxiliar na administra\u00e7\u00e3o de pessoal com folha de pagamento, rescis\u00e3o e folha de ponto; preencher guias trabalhistas (Guia de Recolhimento do FGTS); alimentar o sistema de RH com todas as informa\u00e7\u00f5es necess\u00e1rias para gerar relat\u00f3rios, gr\u00e1ficos e demais documentos; realizar libera\u00e7\u00e3o de pagamento e f\u00e9rias; realizar c\u00e1lculo de horas extras e banco de horas; cuidar dos benef\u00edcios dos funcion\u00e1rios, como VR, VT e assist\u00eancia m\u00e9dica; realizar atendimento e esclarecer d\u00favidas de funcion\u00e1rios.<\/p>\n\n\n\n<p>Dispon\u00edvel at\u00e9 19\/7\/2023 ou encerramento da vaga.<\/p>\n\n\n\n<p><strong>1 vaga \u2013 Recepcionista<\/strong><\/p>\n\n\n\n<p>Escolaridade \u2013 ensino m\u00e9dio completo;<\/p>\n\n\n\n<p>Experi\u00eancia \u2013 seis meses na Carteira de Trabalho ou primeiro emprego;<\/p>\n\n\n\n<p>Requisitos obrigat\u00f3rios \u2013 ter curso de inform\u00e1tica ou Excel avan\u00e7ado;<\/p>\n\n\n\n<p>Atividades \u2013 recepcionar e prestar servi\u00e7os de apoio a clientes, pacientes, h\u00f3spedes, visitantes e passageiros; prestar atendimento telef\u00f4nico e fornecer informa\u00e7\u00f5es em escrit\u00f3rios, consult\u00f3rios, hot\u00e9is, hospitais, bancos, aeroportos e demais estabelecimentos; marcar entrevistas ou consultas; receber e auxiliar clientes ou visitantes; agendar servi\u00e7os, reservar (hot\u00e9is e passagens) e indicar acomoda\u00e7\u00f5es em hot\u00e9is e estabelecimentos similares; observar normas internas de seguran\u00e7a, conferir documentos e idoneidade dos clientes e notificar seguran\u00e7as sobre presen\u00e7as estranhas; organizar informa\u00e7\u00f5es e planejar o trabalho di\u00e1rio.<\/p>\n\n\n\n<p>Dispon\u00edvel at\u00e9 19\/7\/2023 ou encerramento da vaga.<\/p>\n\n\n\n<p><strong>1 vaga \u2013 Motorista Entregador<\/strong><\/p>\n\n\n\n<p>Escolaridade \u2013 ensino fundamental completo;<\/p>\n\n\n\n<p>Experi\u00eancia \u2013 n\u00e3o \u00e9 necess\u00e1rio;<\/p>\n\n\n\n<p>Requisitos obrigat\u00f3rios \u2013 ter Carteira Nacional de Habilita\u00e7\u00e3o categoria \u201cAB\u201d;<\/p>\n\n\n\n<p>Atividades \u2013 dirigir e manobrar motocicletas e transportar cargas; efetuar pagamentos e recebimentos no desempenho das atividades; trabalhar seguindo normas de seguran\u00e7a, higiene, qualidade e prote\u00e7\u00e3o ao meio ambiente.<\/p>\n\n\n\n<p>Dispon\u00edvel at\u00e9 19\/7\/2023 ou encerramento da vaga.<\/p>\n\n\n\n<p><strong>2 vagas \u2013 A\u00e7ougueiro<\/strong><\/p>\n\n\n\n<p>Escolaridade \u2013 ensino fundamental completo;<\/p>\n\n\n\n<p>Experi\u00eancia \u2013 seis meses na Carteira de Trabalho;<\/p>\n\n\n\n<p>Atividades \u2013 realizar atividades relacionadas ao recebimento de animais abatidos, sua desossa, prepara\u00e7\u00e3o e conserva\u00e7\u00e3o para a utiliza\u00e7\u00e3o; realizar a desossa e limpeza de carnes vermelhas e brancas, cortes normais e especiais.<\/p>\n\n\n\n<p>Dispon\u00edvel at\u00e9 19\/7\/2023 ou encerramento da vaga.<\/p>\n\n\n\n<p><strong>1 vaga \u2013 T\u00e9cnico de Eletr\u00f4nico<\/strong><\/p>\n\n\n\n<p>Escolaridade \u2013 ensino m\u00e9dio completo;<\/p>\n\n\n\n<p>Experi\u00eancia \u2013 seis meses na Carteira de Trabalho;<\/p>\n\n\n\n<p>Requisitos obrigat\u00f3rios \u2013 ter&nbsp;Carteira Nacional de Habilita\u00e7\u00e3o categoria&nbsp;\u201cA\u201d;<\/p>\n\n\n\n<p>Atividades \u2013 executar e supervisionar a instala\u00e7\u00e3o e manuten\u00e7\u00e3o de equipamentos, sistemas eletr\u00f4nicos, de transmiss\u00e3o e recep\u00e7\u00e3o de sinais.<\/p>\n\n\n\n<p>Dispon\u00edvel at\u00e9 19\/7\/2023 ou encerramento da vaga.<\/p>\n\n\n\n<p><strong>1 vaga \u2013 Operador de Empilhadeira<\/strong><\/p>\n\n\n\n<p>Escolaridade \u2013 ensino m\u00e9dio completo;<\/p>\n\n\n\n<p>Experi\u00eancia \u2013 seis meses na Carteira de Trabalho;<\/p>\n\n\n\n<p>Requisitos obrigat\u00f3rios \u2013 ter certificado de operador de empilhadeira a g\u00e1s atual (m\u00ednimo de 40 horas) expedido por \u00f3rg\u00e3o competente e Carteira Nacional de Habilita\u00e7\u00e3o categoria \u201cB\u201d;<\/p>\n\n\n\n<p>Atividades \u2013 respons\u00e1vel por manusear, transportar, movimentar e armazenar cargas, materiais e produtos preestabelecidos pela empresa, por meio da condu\u00e7\u00e3o de empilhadeira.<\/p>\n\n\n\n<p>Dispon\u00edvel at\u00e9 19\/7\/2023 ou encerramento da vaga.<\/p>\n\n\n\n<p><strong>1 vaga \u2013 Bab\u00e1<\/strong><\/p>\n\n\n\n<p>Escolaridade \u2013 ensino m\u00e9dio completo;<\/p>\n\n\n\n<p>Experi\u00eancia \u2013 seis meses na Carteira de Trabalho;<\/p>\n\n\n\n<p>Atividades \u2013 preparar as refei\u00e7\u00f5es das crian\u00e7as, aliment\u00e1-las e trocar fraldas; manter o quarto limpo e arrumado, incluindo camas e len\u00e7\u00f3is; lavar e passar roupas; levar as crian\u00e7as para passear e brincar.<\/p>\n\n\n\n<p>Dispon\u00edvel at\u00e9 19\/7\/2023 ou encerramento da vaga.<\/p>\n\n\n\n<p><strong>2 vagas \u2013 Auxiliar nos Servi\u00e7os de Alimenta\u00e7\u00e3o<\/strong><\/p>\n\n\n\n<p>Escolaridade \u2013 ensino fundamental completo;<\/p>\n\n\n\n<p>Experi\u00eancia \u2013 seis meses na Carteira de Trabalho;<\/p>\n\n\n\n<p>Requisitos obrigat\u00f3rios \u2013 residir nas proximidades da Avenida Ayr\u00e3o;<\/p>\n\n\n\n<p>Atividades \u2013 preparar alimentos; realizar limpeza e conserva\u00e7\u00e3o das depend\u00eancias do restaurante, lanchonete e equipamentos; auxiliar no preparo de refei\u00e7\u00f5es, sobremesas e lanches.<\/p>\n\n\n\n<p>Dispon\u00edvel at\u00e9 19\/7\/2023 ou encerramento da vaga.<\/p>\n\n\n\n<p><strong>2 vagas \u2013 Mec\u00e2nico de Refrigera\u00e7\u00e3o<\/strong><\/p>\n\n\n\n<p>Escolaridade \u2013 ensino m\u00e9dio completo;<\/p>\n\n\n\n<p>Experi\u00eancia \u2013 seis meses na Carteira de Trabalho;<\/p>\n\n\n\n<p>Requisitos obrigat\u00f3rios \u2013 ter certificado de Mec\u00e2nico em Refrigera\u00e7\u00e3o;<\/p>\n\n\n\n<p>Atividades \u2013 montar, instalar e colocar em funcionamento equipamentos de refrigera\u00e7\u00e3o e ar condicionado residencial e comercial, realizando an\u00e1lises, ajustes de performance, detectando e corrigindo falhas de origem el\u00e9trica e mec\u00e2nica, entre outras atividades correlatas.<\/p>\n\n\n\n<p>Dispon\u00edvel at\u00e9 19\/7\/2023 ou encerramento da vaga.<\/p>\n\n\n\n<p><strong>Vagas no Com\u00e9rcio \u2013 37<\/strong><\/p>\n\n\n\n<p><strong>1 vaga \u2013 Operador de M\u00e1quinas<\/strong><\/p>\n\n\n\n<p>Escolaridade \u2013 ensino m\u00e9dio completo;<\/p>\n\n\n\n<p>Experi\u00eancia \u2013 registrada na Carteira de Trabalho;<\/p>\n\n\n\n<p>Requisitos obrigat\u00f3rios \u2013 ter experi\u00eancia com costura e&nbsp;conhecimentos b\u00e1sicos, como saber identificar quebra de ponto e troca de linhas;<\/p>\n\n\n\n<p>Atividades \u2013 fabrica\u00e7\u00e3o de produtos no setor de costura (produ\u00e7\u00e3o de fitas de tecido refletivo); cortar, montar e embalar produtos;&nbsp;realizar demais atividades inerentes \u00e0 fun\u00e7\u00e3o.<\/p>\n\n\n\n<p>Dispon\u00edvel at\u00e9 18\/7\/2023 ou encerramento da vaga.<\/p>\n\n\n\n<p><strong>2 vagas \u2013 Atendente de Padaria<\/strong><\/p>\n\n\n\n<p>Escolaridade \u2013 ensino m\u00e9dio completo;<\/p>\n\n\n\n<p>Experi\u00eancia \u2013 seis meses na Carteira de Trabalho&nbsp;ou declara\u00e7\u00e3o;<\/p>\n\n\n\n<p>Atividades \u2013 realizar atendimento ao cliente; receber pedidos; prestar informa\u00e7\u00f5es sobre produtos; separar, pesar, embalar e precificar produtos; organizar produtos nas prateleiras.<\/p>\n\n\n\n<p>Dispon\u00edvel at\u00e9 18\/7\/2023 ou encerramento da vaga.<\/p>\n\n\n\n<p><strong>2 vagas \u2013 Chapeiro<\/strong><\/p>\n\n\n\n<p>Escolaridade \u2013 ensino m\u00e9dio completo;<\/p>\n\n\n\n<p>Experi\u00eancia \u2013 seis meses na Carteira de Trabalho&nbsp;ou declara\u00e7\u00e3o;<\/p>\n\n\n\n<p>Atividades \u2013 higienizar e organizar o ambiente de trabalho; preparar lanches e pratos r\u00e1pidos na lanchonete da loja (tapiocas e sandu\u00edches diversos).<\/p>\n\n\n\n<p>Dispon\u00edvel at\u00e9 18\/7\/2023 ou encerramento da vaga.<\/p>\n\n\n\n<p><strong>1 vaga \u2013 Auxiliar de Marketing<\/strong><\/p>\n\n\n\n<p>Escolaridade \u2013 ensino m\u00e9dio completo;<\/p>\n\n\n\n<p>Experi\u00eancia \u2013 seis meses na Carteira de Trabalho;<\/p>\n\n\n\n<p>Requisitos obrigat\u00f3rios \u2013&nbsp;ter dom\u00ednio de redes sociais e fotografia b\u00e1sica;<\/p>\n\n\n\n<p>Atividades \u2013 realizar&nbsp;divulga\u00e7\u00e3o e atendimento via aplicativo Ifood; produ\u00e7\u00e3o de conte\u00fado.<\/p>\n\n\n\n<p>Dispon\u00edvel at\u00e9 18\/7\/2023 ou encerramento da vaga.<\/p>\n\n\n\n<p><strong>2 vagas \u2013 Almoxarife \u2013 vagas exclusivas para Pessoas com Defici\u00eancia (PcD)<\/strong><\/p>\n\n\n\n<p>Escolaridade \u2013 ensino fundamental completo;<\/p>\n\n\n\n<p>Experi\u00eancia \u2013 n\u00e3o \u00e9 necess\u00e1rio;<\/p>\n\n\n\n<p>Atividades \u2013 receber e conferir os materiais adquiridos ou cedidos de acordo com o documento de compra ou equivalentes; receber, conferir, armazenar e registrar os materiais em estoque; registrar em sistema pr\u00f3prio as notas fiscais dos materiais recebidos.<\/p>\n\n\n\n<p>Dispon\u00edvel at\u00e9 18\/7\/2023 ou encerramento da vaga.<\/p>\n\n\n\n<p><strong>2 vagas \u2013 Auxiliar de Limpeza \u2013 vagas exclusivas para Pessoas com Defici\u00eancia (PcD)<\/strong><\/p>\n\n\n\n<p>Escolaridade \u2013 ensino fundamental completo;<\/p>\n\n\n\n<p>Experi\u00eancia \u2013 seis meses na Carteira de Trabalho;<\/p>\n\n\n\n<p>Atividades \u2013 executar servi\u00e7os de limpeza, conserva\u00e7\u00e3o e higieniza\u00e7\u00e3o de bens m\u00f3veis e im\u00f3veis; realizar a arruma\u00e7\u00e3o e remo\u00e7\u00e3o de m\u00f3veis e utens\u00edlios nas depend\u00eancias do contrato; executar demais tarefas relacionadas \u00e0 fun\u00e7\u00e3o.<\/p>\n\n\n\n<p>Dispon\u00edvel at\u00e9 18\/7\/2023 ou encerramento da vaga.<\/p>\n\n\n\n<p><strong>1 vaga \u2013 Auxiliar de Padaria<\/strong><\/p>\n\n\n\n<p>Escolaridade \u2013 ensino fundamental completo;<\/p>\n\n\n\n<p>Experi\u00eancia \u2013 seis meses na Carteira de Trabalho&nbsp;ou experi\u00eancia avulsa;<\/p>\n\n\n\n<p>Atividades \u2013 auxiliar na fabrica\u00e7\u00e3o de p\u00e3es e demais varia\u00e7\u00f5es; movimentar a mat\u00e9ria-prima a ser utilizada na fabrica\u00e7\u00e3o dos p\u00e3es, salgados e doces; auxiliar na pesagem, medi\u00e7\u00e3o e carga dos cilindros misturadores (masseira) e na movimenta\u00e7\u00e3o da massa para lamina\u00e7\u00e3o e corte; auxiliar no preparo de p\u00e3es e salgados, posicionando em bandejas para fermenta\u00e7\u00e3o e posterior cozimento; retirar e transportar os produtos para a \u00e1rea da loja.<\/p>\n\n\n\n<p>Dispon\u00edvel at\u00e9 18\/7\/2023 ou encerramento da vaga.<\/p>\n\n\n\n<p><strong>3 vagas \u2013 Torneiro Mec\u00e2nico<\/strong><\/p>\n\n\n\n<p>Escolaridade \u2013 ensino m\u00e9dio completo;<\/p>\n\n\n\n<p>Experi\u00eancia \u2013 seis meses na Carteira de Trabalho;<\/p>\n\n\n\n<p>Atividades \u2013 preparar, regular e operar m\u00e1quinas-ferramenta que usinam pe\u00e7as de metal e comp\u00f3sitos e controlar par\u00e2metros e qualidade das pe\u00e7as usinadas; aplicar procedimentos de seguran\u00e7a \u00e0s tarefas realizadas; planejar sequ\u00eancias de opera\u00e7\u00f5es e executar c\u00e1lculos t\u00e9cnicos; implementar a\u00e7\u00f5es de preserva\u00e7\u00e3o do meio ambiente, dependendo da divis\u00e3o do trabalho na empresa; preparar ou operar as m\u00e1quinas-ferramenta.<\/p>\n\n\n\n<p>Dispon\u00edvel at\u00e9 18\/7\/2023 ou encerramento da vaga.<\/p>\n\n\n\n<p><strong>1 vaga \u2013 Supervisor de Log\u00edstica<\/strong><\/p>\n\n\n\n<p>Escolaridade \u2013 ensino superior completo em log\u00edstica;<\/p>\n\n\n\n<p>Experi\u00eancia \u2013 seis meses na Carteira de Trabalho;<\/p>\n\n\n\n<p>Atividades \u2013 supervisionar o processo de descarga, confer\u00eancia, movimenta\u00e7\u00e3o, armazenagem, controle de vencimento e acondicionamento no estoque; acompanhar trocas, devolu\u00e7\u00f5es, avarias, emiss\u00e3o de documentos fiscais e gest\u00e3o de pessoas.<\/p>\n\n\n\n<p>Dispon\u00edvel at\u00e9 18\/7\/2023 ou encerramento da vaga.<\/p>\n\n\n\n<p><strong>1 vaga \u2013 Gerente de Restaurante<\/strong><\/p>\n\n\n\n<p>Escolaridade \u2013 ensino t\u00e9cnico completo em nutri\u00e7\u00e3o;<\/p>\n\n\n\n<p>Experi\u00eancia \u2013 seis meses na Carteira de Trabalho;<\/p>\n\n\n\n<p>Requisitos obrigat\u00f3rios \u2013 vaga exclusiva para o munic\u00edpio de Itacoatiara (AM);<\/p>\n\n\n\n<p>Atividades \u2013 implementar as pr\u00e1ticas e os processos corretos em toda a organiza\u00e7\u00e3o; formular estrat\u00e9gias, melhorar o desempenho e garantir a conformidade dos servi\u00e7os.<\/p>\n\n\n\n<p>Dispon\u00edvel at\u00e9 18\/7\/2023 ou encerramento da vaga.<\/p>\n\n\n\n<p><strong>1 vaga \u2013 Confeiteiro<\/strong><\/p>\n\n\n\n<p>Escolaridade \u2013 ensino m\u00e9dio completo;<\/p>\n\n\n\n<p>Experi\u00eancia \u2013 seis meses na Carteira de Trabalho;<\/p>\n\n\n\n<p>Requisitos obrigat\u00f3rios \u2013 vaga exclusiva para o munic\u00edpio de Itacoatiara (AM);<\/p>\n\n\n\n<p>Atividades \u2013 auxiliar no preparo de refei\u00e7\u00f5es, sobremesas e lanches; manter a ordem e a limpeza da cozinha, realizando a coleta e a lavagem das bandejas e talheres.<\/p>\n\n\n\n<p>Dispon\u00edvel at\u00e9 18\/7\/2023 ou encerramento da vaga.<\/p>\n\n\n\n<p><strong>2 vagas \u2013 Auxiliar de Produ\u00e7\u00e3o de Padaria<\/strong><\/p>\n\n\n\n<p>Escolaridade \u2013 ensino m\u00e9dio completo;<\/p>\n\n\n\n<p>Experi\u00eancia \u2013 n\u00e3o \u00e9 necess\u00e1rio;<\/p>\n\n\n\n<p>Requisitos obrigat\u00f3rios \u2013 ter curso de TBO e residir na zona Centro-Oeste de Manaus;<\/p>\n\n\n\n<p>Atividades \u2013 auxiliar o padeiro no preparo de p\u00e3es, salgados, massas para fabrica\u00e7\u00e3o de p\u00e3es e bolos; controlar a qualidade dos alimentos.<\/p>\n\n\n\n<p>Dispon\u00edvel at\u00e9 18\/7\/2023 ou encerramento da vaga.<\/p>\n\n\n\n<p><strong>2 vagas \u2013 Atendente<\/strong><\/p>\n\n\n\n<p>Escolaridade \u2013 ensino m\u00e9dio completo;<\/p>\n\n\n\n<p>Experi\u00eancia \u2013 seis meses na Carteira de Trabalho;<\/p>\n\n\n\n<p>Requisitos obrigat\u00f3rios \u2013 ter experi\u00eancia em Atendimento e residir na zona Centro-Oeste de Manaus;<\/p>\n\n\n\n<p>Atividades \u2013&nbsp;tirar d\u00favidas e atender solicita\u00e7\u00f5es de clientes, processar pagamentos, realizar liga\u00e7\u00f5es, verificar identifica\u00e7\u00f5es e organizar documentos.<\/p>\n\n\n\n<p>Dispon\u00edvel at\u00e9 18\/7\/2023 ou encerramento da vaga.<\/p>\n\n\n\n<p><strong>15 vagas \u2013 Atendente de Lanchonete<\/strong><\/p>\n\n\n\n<p>Escolaridade \u2013 ensino m\u00e9dio completo;<\/p>\n\n\n\n<p>Experi\u00eancia \u2013 primeiro emprego;<\/p>\n\n\n\n<p>Requisitos obrigat\u00f3rios \u2013 ter disponibilidade de hor\u00e1rio;<\/p>\n\n\n\n<p>Atividades \u2013 realizar atendimento ao p\u00fablico no balc\u00e3o e nas mesas, anotando pedidos, solicitando o preparo dos alimentos junto \u00e0 cozinha, acertando comandas, efetuando o recebimento de valores, organizando o estoque e repondo produtos em prateleiras; realizar higieniza\u00e7\u00e3o de utens\u00edlios.<\/p>\n\n\n\n<p>Dispon\u00edvel at\u00e9 18\/7\/2023 ou encerramento da vaga.<\/p>\n\n\n\n<p><strong>1 vaga \u2013 Auxiliar de Limpeza<\/strong><\/p>\n\n\n\n<p>Escolaridade \u2013 ensino m\u00e9dio completo;<\/p>\n\n\n\n<p>Experi\u00eancia \u2013 seis meses na Carteira de Trabalho;<\/p>\n\n\n\n<p>Atividades \u2013 limpar ambientes internos e externos, executando limpeza \u00famida e seca; limpar e conservar limpo banheiros e outros ambientes de higiene pessoal; executar a coleta de lixo comum e recicl\u00e1vel; limpar portas e janelas de vidro, paredes e teto; cuidar dos vasos de plantas internas; varrer ambientes externos, coletando folhas secas e buscando contribuir para manter o ambiente agrad\u00e1vel; limpar cozinhas, \u00e1rea de servi\u00e7o, garagens, p\u00e1tios, assoalhos, m\u00f3veis, carpetes e tapetes; abastecer os ambientes com materiais; executar outras tarefas relacionadas \u00e0 \u00e1rea.<\/p>\n\n\n\n<p>Dispon\u00edvel at\u00e9 18\/7\/2023 ou encerramento da vaga.<\/p>\n\n\n\n<p><strong>Vagas na Ind\u00fastria \u2013 5<\/strong><\/p>\n\n\n\n<p><strong>1 vaga \u2013 Analista Administrativo<\/strong><\/p>\n\n\n\n<p>Escolaridade \u2013 ensino superior cursando ou completo em administra\u00e7\u00e3o, ci\u00eancias cont\u00e1beis ou \u00e1reas afins;<\/p>\n\n\n\n<p>Experi\u00eancia \u2013 registrada na Carteira de Trabalho;<\/p>\n\n\n\n<p>Requisitos obrigat\u00f3rios \u2013 ter experi\u00eancia pr\u00e9via em atividades administrativas e financeiras; conhecimento em Pacote office (Excel), sistema de gest\u00e3o financeira e curso de Ingl\u00eas intermedi\u00e1rio;<\/p>\n\n\n\n<p>Atividades \u2013 realizar atividades administrativas, como controle de documentos, elabora\u00e7\u00e3o de relat\u00f3rios e suporte \u00e0 gest\u00e3o de processos; realizar controle de notas fiscais e faturas; dar suporte ao departamento de Recursos Humanos em atividades como admiss\u00e3o, demiss\u00e3o e controle de ponto.<\/p>\n\n\n\n<p>Dispon\u00edvel at\u00e9 18\/7\/2023 ou encerramento da vaga.<\/p>\n\n\n\n<p><strong>1 vaga \u2013 Operador de Extrusora<\/strong><\/p>\n\n\n\n<p>Escolaridade \u2013 ensino m\u00e9dio completo;<\/p>\n\n\n\n<p>Experi\u00eancia \u2013 registrada na Carteira de Trabalho;<\/p>\n\n\n\n<p>Requisitos obrigat\u00f3rios \u2013 desej\u00e1vel ter forma\u00e7\u00e3o t\u00e9cnica em Mec\u00e2nica, Mecatr\u00f4nica, el\u00e9trica ou \u00e1reas correlatas; conhecimento em opera\u00e7\u00e3o de m\u00e1quinas de extrus\u00e3o e equipamentos auxiliares; disponibilidade para trabalhar em turnos, incluindo finais de semana e feriados; conhecimento em normas e regulamenta\u00e7\u00f5es de seguran\u00e7a industrial;<\/p>\n\n\n\n<p>Atividades \u2013 regular a extrusora conforme ficha t\u00e9cnica; solicitar ao t\u00e9cnico da qualidade testes para libera\u00e7\u00e3o da produ\u00e7\u00e3o; operar a extrusora para produ\u00e7\u00e3o conforme demanda da O.P; manter o local de trabalho limpo e organizado; utilizar os EPIs conforme definido para sua fun\u00e7\u00e3o.<\/p>\n\n\n\n<p>Dispon\u00edvel at\u00e9 18\/7\/2023 ou encerramento da vaga.<\/p>\n\n\n\n<p><strong>1 vaga \u2013 Auxiliar de Log\u00edstica&nbsp;<\/strong><\/p>\n\n\n\n<p>Escolaridade \u2013 ensino m\u00e9dio completo;<\/p>\n\n\n\n<p>Experi\u00eancia \u2013 registrada na Carteira de Trabalho;<\/p>\n\n\n\n<p>Requisitos obrigat\u00f3rios \u2013 desej\u00e1vel ter forma\u00e7\u00e3o t\u00e9cnica em Log\u00edstica, Mec\u00e2nica, El\u00e9trica, Mecatr\u00f4nica ou \u00e1reas correlatas; conhecimento em t\u00e9cnicas de armazenagem e movimenta\u00e7\u00e3o de materiais; familiaridade com sistemas de gest\u00e3o de estoques e invent\u00e1rios; habilidade em operar equipamentos de movimenta\u00e7\u00e3o de materiais, como empilhadeiras e transpaleteiras; experi\u00eancia pr\u00e9via em atividades de recebimento, movimenta\u00e7\u00e3o e expedi\u00e7\u00e3o de materiais;<\/p>\n\n\n\n<p>Atividades \u2013 receber e conferir mat\u00e9rias primas, aditivos, pigmentos e insumos; registrar as opera\u00e7\u00f5es no sistema ERP; alocar os materiais em suas respectivas \u00e1reas de armazenagem; entregar as NFs ao setor de compras; receber e analisar o Mapa de expedi\u00e7\u00e3o; separar e conferir produtos para envio; solicitar nota fiscal e certificado de qualidade ao setor de faturamento.<\/p>\n\n\n\n<p>Dispon\u00edvel at\u00e9 18\/7\/2023 ou encerramento da vaga.<\/p>\n\n\n\n<p><strong>1 vaga \u2013 T\u00e9cnico em Laborat\u00f3rio<\/strong><\/p>\n\n\n\n<p>Escolaridade \u2013 ensino t\u00e9cnico completo em Qu\u00edmica;<\/p>\n\n\n\n<p>Experi\u00eancia \u2013 registrada na Carteira de Trabalho;<\/p>\n\n\n\n<p>Requisitos obrigat\u00f3rios \u2013&nbsp;ter conhecimento em t\u00e9cnicas de an\u00e1lise qu\u00edmica e f\u00edsica de pol\u00edmeros; familiaridade com equipamentos de laborat\u00f3rio, como medidor e \u00edndice de fluidez, teste de impacto, color\u00edmetro, entre outros; habilidade em interpretar resultados de testes e elaborar relat\u00f3rios t\u00e9cnicos; experi\u00eancia pr\u00e9via em laborat\u00f3rio de an\u00e1lise de pol\u00edmeros; conhecimento em normas e regulamenta\u00e7\u00f5es de seguran\u00e7a em laborat\u00f3rio, em pacote office (Excel) e Ingl\u00eas intermedi\u00e1rio; disponibilidade para trabalhar em per\u00edodo integral;<\/p>\n\n\n\n<p>Atividades \u2013&nbsp;atuar na \u00e1rea de controle de qualidade, em rotina de laborat\u00f3rio qu\u00edmico e an\u00e1lise de controle de qualidade; controlar os documentos pertinentes ao laborat\u00f3rio.<\/p>\n\n\n\n<p>Dispon\u00edvel at\u00e9 18\/7\/2023 ou encerramento da vaga.<\/p>\n\n\n\n<p><strong>1 vaga \u2013 Analista em Laborat\u00f3rio<\/strong><\/p>\n\n\n\n<p>Escolaridade \u2013 ensino t\u00e9cnico completo em Qu\u00edmica;<\/p>\n\n\n\n<p>Experi\u00eancia \u2013 registrada na Carteira de Trabalho;<\/p>\n\n\n\n<p>Requisitos obrigat\u00f3rios \u2013&nbsp;ter conhecimento em t\u00e9cnicas de an\u00e1lise qu\u00edmica e f\u00edsica de pol\u00edmeros, familiaridade com equipamentos de laborat\u00f3rio, como medidor e \u00edndice de fluidez, teste de impacto, color\u00edmetro, entre outros, habilidade em interpretar resultados de testes e elaborar relat\u00f3rios t\u00e9cnicos. Experi\u00eancia pr\u00e9via em laborat\u00f3rio de an\u00e1lise de pol\u00edmeros, conhecimento em normas e regulamenta\u00e7\u00f5es de seguran\u00e7a em laborat\u00f3rio, conhecimento em Pacote office, principalmente em Excel, Ingl\u00eas Intermedi\u00e1rio. Disponibilidade para trabalhar em per\u00edodo integral;<\/p>\n\n\n\n<p>Atividades &#8211; atua na \u00e1rea de controle de qualidade, rotina de laborat\u00f3rio qu\u00edmico, an\u00e1lises de controle de qualidade, al\u00e9m de controlar os documentos pertinentes ao laborat\u00f3rio.<\/p>\n\n\n\n<p>Dispon\u00edvel at\u00e9 17\/7\/2023 ou encerramento da vaga.<\/p>\n\n\n\n<p><strong>Vagas em Servi\u00e7os \u2013 69<\/strong><\/p>\n\n\n\n<p><strong>1 vaga \u2013 Oficial de Manuten\u00e7\u00e3o \u2013 vaga exclusiva para Pessoa com Defici\u00eancia (PcD)<\/strong><\/p>\n\n\n\n<p>Escolaridade \u2013 ensino m\u00e9dio completo;<\/p>\n\n\n\n<p>Experi\u00eancia \u2013 n\u00e3o \u00e9 necess\u00e1rio;<\/p>\n\n\n\n<p>Atividades \u2013&nbsp;limpar internos e externos, executando limpeza \u00famida e seca; limpar banheiros e demais ambientes de higiene pessoal; realizar coleta de lixo comum e recicl\u00e1vel; limpar portas e janelas de vidro, paredes e teto; cuidar dos vasos de plantas internas; varrer ambientes externos, coletando folhas secas; limpar cozinhas, \u00e1rea de servi\u00e7o, garagens e p\u00e1tios, assoalhos e m\u00f3veis, carpetes e tapetes; abastecer os ambientes com materiais; executar outras tarefas relacionadas \u00e0 \u00e1rea.<\/p>\n\n\n\n<p>Dispon\u00edvel at\u00e9 17\/7\/2023 ou encerramento da vaga.<\/p>\n\n\n\n<p><strong>2 vagas \u2013 Motorista de Caminh\u00e3o<\/strong><\/p>\n\n\n\n<p>Escolaridade \u2013&nbsp;ensino m\u00e9dio completo;<\/p>\n\n\n\n<p>Experi\u00eancia \u2013&nbsp;seis meses na Carteira de Trabalho;<\/p>\n\n\n\n<p>Requisitos obrigat\u00f3rios \u2013&nbsp;ter curso de MOPP e Carteira Nacional de Habilita\u00e7\u00e3o categoria \u201cD\u201d dentro do prazo de validade; residir nas proximidades ou na zona Leste de Manaus;<\/p>\n\n\n\n<p>Atividades \u2013&nbsp;transportar, coletar e entregar cargas no Polo Industrial de Manaus.<\/p>\n\n\n\n<p>Dispon\u00edvel at\u00e9 17\/7\/2023 ou encerramento da vaga.<\/p>\n\n\n\n<p><strong>5 vagas \u2013 Carpinteiro<\/strong><\/p>\n\n\n\n<p>Escolaridade \u2013&nbsp;ensino fundamental completo;<\/p>\n\n\n\n<p>Experi\u00eancia \u2013&nbsp;seis meses na Carteira de Trabalho;<\/p>\n\n\n\n<p>Atividades \u2013&nbsp;instalar e ajustar esquadrias de madeira e outras pe\u00e7as, como janelas, portas, escadas, rodap\u00e9s, divis\u00f3rias, forros e guardi\u00e7\u00f5es; construir formas de madeira para concretagem; reparar elementos de madeira e substituir total ou parcialmente, pe\u00e7as desajustadas ou deterioradas.<\/p>\n\n\n\n<p>Dispon\u00edvel at\u00e9 17\/7\/2023 ou encerramento da vaga.<\/p>\n\n\n\n<p><strong>5 vagas \u2013 Bombeiro Hidr\u00e1ulico<\/strong><\/p>\n\n\n\n<p>Escolaridade \u2013&nbsp;ensino m\u00e9dio completo;<\/p>\n\n\n\n<p>Experi\u00eancia \u2013&nbsp;seis meses na Carteira de Trabalho;<\/p>\n\n\n\n<p>Atividades \u2013 realizar&nbsp;instala\u00e7\u00f5es de tubula\u00e7\u00f5es; definir tra\u00e7ados e dimensionar tubula\u00e7\u00f5es; especificar, quantificar e inspecionar materiais; preparar locais para instala\u00e7\u00f5es, realizar pr\u00e9-montagem e instalar tubula\u00e7\u00f5es; realizar testes operacionais de press\u00e3o de fluidos e testes de estanqueidade.<\/p>\n\n\n\n<p>Dispon\u00edvel at\u00e9 17\/7\/2023 ou encerramento da vaga.<\/p>\n\n\n\n<p><strong>15 vagas \u2013 Auxiliar de Servi\u00e7os Gerais \u2013 vagas exclusivas para Pessoas com Defici\u00eancia (PcD)<\/strong><\/p>\n\n\n\n<p>Escolaridade \u2013 ensino fundamental completo;<\/p>\n\n\n\n<p>Experi\u00eancia \u2013 n\u00e3o \u00e9 necess\u00e1rio;<\/p>\n\n\n\n<p>Atividades \u2013 realizar limpeza di\u00e1ria das depend\u00eancias da empresa; remover o p\u00f3 dos m\u00f3veis, fazer a varredura do piso, aspirar detritos, limpar ou lavar vidros e janelas, remover o lixo das lixeiras, higienizar os banheiros e repor materiais.<\/p>\n\n\n\n<p>Dispon\u00edvel at\u00e9 17\/7\/2023 ou encerramento da vaga.<\/p>\n\n\n\n<p><strong>6 vagas \u2013 Bombeiro Civil<\/strong><\/p>\n\n\n\n<p>Escolaridade \u2013 ensino m\u00e9dio completo;<\/p>\n\n\n\n<p>Experi\u00eancia \u2013 registrada na Carteira de Trabalho;<\/p>\n\n\n\n<p>Requisitos obrigat\u00f3rios \u2013 ter registro (CBMMA) ativo e atualizado; conhecimento e dom\u00ednio das NRs e NBRs relacionadas a combate a inc\u00eandio e emerg\u00eancia; cursos de NR-33, NR-35, NR-20&nbsp;e Condutor de Ambul\u00e2ncia&nbsp;atualizados; Carteira Nacional de Habilita\u00e7\u00e3o categoria \u201cD\u201d dentro do prazo de validade e disponibilidade para atuar em regime de escala 12&#215;8;<\/p>\n\n\n\n<p>Atividades \u2013 atuar na brigada e simulados de emerg\u00eancia; inspecionar equipamentos de emerg\u00eancia e combate a inc\u00eandio; identificar e levantar os mapas de cen\u00e1rios de riscos da unidade; transporte de pessoas em emerg\u00eancia e urg\u00eancia (incluindo hospitais em Manaus e arredores).<\/p>\n\n\n\n<p>Dispon\u00edvel at\u00e9 17\/7\/2023 ou encerramento da vaga.<\/p>\n\n\n\n<p><strong>4 vagas \u2013 T\u00e9cnico em Seguran\u00e7a do Trabalho<\/strong><\/p>\n\n\n\n<p>Escolaridade \u2013 ensino t\u00e9cnico em seguran\u00e7a do trabalho completo;<\/p>\n\n\n\n<p>Experi\u00eancia \u2013 registrada na Carteira de Trabalho;<\/p>\n\n\n\n<p>Requisitos obrigat\u00f3rios \u2013 ter Carteira Nacional de Habilita\u00e7\u00e3o categoria \u201cB\u201d dentro do prazo de validade e disponibilidade para atuar em regime de escala 12&#215;8;<\/p>\n\n\n\n<p>Atividades \u2013 dar suporte t\u00e9cnico \u00e0s \u00e1reas da empresa, referente a seguran\u00e7a de todos os colaboradores, atrav\u00e9s de participa\u00e7\u00e3o em reuni\u00f5es, campanhas, auditorias, inspe\u00e7\u00f5es e a\u00e7\u00f5es de conscientiza\u00e7\u00e3o e melhorias, assegurando o cumprimento dos procedimentos de SSO; observar e cumprir procedimentos, diretrizes, especifica\u00e7\u00f5es t\u00e9cnicas e orienta\u00e7\u00f5es recebidas, garantindo a qualidade e confiabilidade dos trabalhos realizados e cumprimentos de prazos, de acordo com as pol\u00edticas, normas e procedimentos de SSO; conhecer tecnicamente e operar equipamentos e instrumentos relacionados \u00e0s atividades do T\u00e9cnico de Seguran\u00e7a do Trabalho, como, medidores de faixas m\u00faltiplas, press\u00e3o sonora e stress t\u00e9rmico.<\/p>\n\n\n\n<p>Dispon\u00edvel at\u00e9 17\/7\/2023 ou encerramento da vaga.<\/p>\n\n\n\n<p><strong>1 vaga \u2013 Assistente de Pessoal<\/strong><\/p>\n\n\n\n<p>Escolaridade \u2013 ensino superior completo ou cursando administra\u00e7\u00e3o, direito, ci\u00eancias cont\u00e1beis ou \u00e1reas afins;<\/p>\n\n\n\n<p>Experi\u00eancia \u2013 seis meses na Carteira de Trabalho;<\/p>\n\n\n\n<p>Atividades \u2013 atuar em rotinas administrativas, como folha de pagamento, f\u00e9rias, admiss\u00e3o, demiss\u00e3o, benef\u00edcios e encargos.<\/p>\n\n\n\n<p>Dispon\u00edvel at\u00e9 17\/7\/2023 ou encerramento da vaga.<\/p>\n\n\n\n<p><strong>1 vaga \u2013 Confeiteiro<\/strong><\/p>\n\n\n\n<p>Escolaridade \u2013 ensino fundamental completo;<\/p>\n\n\n\n<p>Experi\u00eancia \u2013 registrada na Carteira de Trabalho;<\/p>\n\n\n\n<p>Requisitos obrigat\u00f3rios \u2013 ter experi\u00eancia com panifica\u00e7\u00e3o;<\/p>\n\n\n\n<p>Atividades \u2013 preparar sobremesas, seguindo receitas, normas e procedimentos pr\u00e9-estabelecidos; fazer massas para confec\u00e7\u00e3o de p\u00e3es e confeccionar bolos e salgados variados; produzir compotas e confeitar doces; realizar limpeza, manuten\u00e7\u00e3o e conserva\u00e7\u00e3o do material e ambiente de trabalho.<\/p>\n\n\n\n<p>Dispon\u00edvel at\u00e9 17\/7\/2023 ou encerramento da vaga.<\/p>\n\n\n\n<p><strong>3 vagas \u2013 Cobrador \u2013 vagas exclusivas para Pessoas com Defici\u00eancia (PcD)<\/strong><\/p>\n\n\n\n<p>Escolaridade \u2013 ensino m\u00e9dio completo;<\/p>\n\n\n\n<p>Experi\u00eancia \u2013 n\u00e3o \u00e9 necess\u00e1rio;<\/p>\n\n\n\n<p>Atividades \u2013 realizar cobran\u00e7a de tarifas em transportes coletivos e repassar trocos; prestar informa\u00e7\u00f5es aos usu\u00e1rios e manter a ordem e limpeza do ve\u00edculo.<\/p>\n\n\n\n<p>Dispon\u00edvel at\u00e9 17\/7\/2023 ou encerramento da vaga<\/p>\n\n\n\n<p><strong>3 vagas \u2013 Auxiliar de Limpeza \u2013 vagas exclusivas para Pessoas com Defici\u00eancia (PcD)<\/strong><\/p>\n\n\n\n<p>Escolaridade \u2013 ensino m\u00e9dio completo;<\/p>\n\n\n\n<p>Experi\u00eancia \u2013 n\u00e3o \u00e9 necess\u00e1rio;<\/p>\n\n\n\n<p>Atividades &#8211; executar trabalhos de limpeza em geral em edif\u00edcios e outros locais, para manuten\u00e7\u00e3o das condi\u00e7\u00f5es de higiene e conserva\u00e7\u00e3o do ambiente.<\/p>\n\n\n\n<p>Dispon\u00edvel at\u00e9 17\/7\/2023 ou encerramento da vaga.<\/p>\n\n\n\n<p><strong>1 vaga \u2013 Lavador de Ve\u00edculos&nbsp;<\/strong><\/p>\n\n\n\n<p>Escolaridade \u2013 ensino fundamental completo;<\/p>\n\n\n\n<p>Experi\u00eancia \u2013 seis meses na Carteira de Trabalho;<\/p>\n\n\n\n<p>Requisitos obrigat\u00f3rios \u2013 ter disponibilidade para atuar em regime de escala 12&#215;8;<\/p>\n\n\n\n<p>Atividades \u2013 realizar servi\u00e7o de limpeza e secagem em autom\u00f3veis; realizar polimento e cristaliza\u00e7\u00e3o de pintura, entre outras fun\u00e7\u00f5es.<\/p>\n\n\n\n<p>Dispon\u00edvel at\u00e9 17\/7\/2023 ou encerramento da vaga.<\/p>\n\n\n\n<p><strong>1 vaga \u2013 Bab\u00e1<\/strong><\/p>\n\n\n\n<p>Escolaridade \u2013 ensino m\u00e9dio completo;<\/p>\n\n\n\n<p>Experi\u00eancia \u2013 seis meses na Carteira de Trabalho;<\/p>\n\n\n\n<p>Atividades \u2013 cuidar de beb\u00eas e crian\u00e7as, zelando pelo bem-estar, sa\u00fade, alimenta\u00e7\u00e3o, higiene pessoal, educa\u00e7\u00e3o, cultura, recrea\u00e7\u00e3o e lazer; acompanhar hor\u00e1rios dos medicamentos, alimenta\u00e7\u00e3o, escola e banho; realizar atividades que estimulam o desenvolvimento f\u00edsico, emocional e motor da crian\u00e7a; acompanhar em viagens e consultas m\u00e9dicas.<\/p>\n\n\n\n<p>Dispon\u00edvel at\u00e9 17\/7\/2023 ou encerramento da vaga.<\/p>\n\n\n\n<p><strong>3 vagas \u2013 Or\u00e7amentista<\/strong><\/p>\n\n\n\n<p>Escolaridade \u2013 ensino superior cursando ou completo em engenharia civil;<\/p>\n\n\n\n<p>Experi\u00eancia \u2013 registrada na Carteira de Trabalho;<\/p>\n\n\n\n<p>Requisitos obrigat\u00f3rios \u2013 ter Carteira Nacional de Habilita\u00e7\u00e3o categoria \u201cB\u201d dentro do prazo de validade, pacote office avan\u00e7ado, habilidade para desempenhar trabalhos e aptid\u00e3o nos softwares: Revit, Autocad, Sketchup e MS Project;<\/p>\n\n\n\n<p>Atividades \u2013 realizar levantamento t\u00e9cnico de campo em \u00e1rea el\u00e9trica, de montagens e refrigera\u00e7\u00e3o; elaborar or\u00e7amentos; fazer emiss\u00e3o de relat\u00f3rios, laudos t\u00e9cnicos e leitura de projetos, entre outras atividades pertinentes \u00e0 fun\u00e7\u00e3o.<\/p>\n\n\n\n<p>Dispon\u00edvel at\u00e9 18\/7\/2023 ou encerramento da vaga.<\/p>\n\n\n\n<p><strong>1 vaga \u2013 T\u00e9cnico em Seguran\u00e7a do Trabalho<\/strong><\/p>\n\n\n\n<p>Escolaridade \u2013 ensino t\u00e9cnico em seguran\u00e7a do trabalho completo;<\/p>\n\n\n\n<p>Experi\u00eancia \u2013 registrada na Carteira de Trabalho;<\/p>\n\n\n\n<p>Requisitos obrigat\u00f3rios \u2013 ter registro profissional do MTE ativo;<\/p>\n\n\n\n<p>Atividades \u2013 elabora\u00e7\u00e3o e acompanhamento de programas de preven\u00e7\u00e3o de acidentes; controle e atualiza\u00e7\u00e3o de documenta\u00e7\u00e3o; realiza\u00e7\u00e3o de DDS e acompanhamento da opera\u00e7\u00e3o, entre outras atividades correlatas.<\/p>\n\n\n\n<p>Dispon\u00edvel at\u00e9 18\/7\/2023 ou encerramento da vaga.<\/p>\n\n\n\n<p><strong>1 vaga \u2013 Pintor de Obras<\/strong><\/p>\n\n\n\n<p>Escolaridade \u2013 ensino m\u00e9dio completo;<\/p>\n\n\n\n<p>Experi\u00eancia \u2013 seis meses na Carteira de Trabalho;<\/p>\n\n\n\n<p>Atividades \u2013 preparar e pintar as superf\u00edcies externas e internas de edif\u00edcios e outras obras civis, raspando, limpando, emassando e cobrindo com uma ou v\u00e1rias camadas de tinta.<\/p>\n\n\n\n<p>Dispon\u00edvel at\u00e9 18\/7\/2023 ou encerramento da vaga.<\/p>\n\n\n\n<p><strong>1 vaga \u2013 Marceneiro<\/strong><\/p>\n\n\n\n<p>Escolaridade \u2013 ensino m\u00e9dio completo;<\/p>\n\n\n\n<p>Experi\u00eancia \u2013 seis meses na Carteira de Trabalho;<\/p>\n\n\n\n<p>Atividades \u2013 confeccionar e reparar m\u00f3veis e pe\u00e7as, utilizando equipamento adequado e guiando-se por desenhos e especifica\u00e7\u00f5es; analisar a pe\u00e7a a ser fabricada, consultando desenhos, modelos, especifica\u00e7\u00f5es ou outras instru\u00e7\u00f5es.<\/p>\n\n\n\n<p>Dispon\u00edvel at\u00e9 18\/7\/2023 ou encerramento da vaga.<\/p>\n\n\n\n<p><strong>1 vaga \u2013 Jardineiro<\/strong><\/p>\n\n\n\n<p>Escolaridade \u2013 ensino m\u00e9dio completo;<\/p>\n\n\n\n<p>Experi\u00eancia \u2013 seis meses na Carteira de Trabalho;<\/p>\n\n\n\n<p>Atividades \u2013 preparar, conservar e limpar jardins, compreendendo: capina, corte, replantio, aduba\u00e7\u00e3o peri\u00f3dica, irriga\u00e7\u00e3o, varredura, pulveriza\u00e7\u00e3o simples e polvilhamento; preparar sementes; fazer repicagem e transplante das mudas, incluindo desmate, transporte e embalagem.<\/p>\n\n\n\n<p>Dispon\u00edvel at\u00e9 18\/7\/2023 ou encerramento da vaga.<\/p>\n\n\n\n<p><strong>1 vaga \u2013 Encanador<\/strong><\/p>\n\n\n\n<p>Escolaridade \u2013 ensino m\u00e9dio completo;<\/p>\n\n\n\n<p>Experi\u00eancia \u2013 seis meses na Carteira de Trabalho;<\/p>\n\n\n\n<p>Atividades \u2013 montar, instalar e conservar sistemas de tubula\u00e7\u00f5es de material met\u00e1lico e n\u00e3o met\u00e1lico de alta e baixa press\u00e3o, para condu\u00e7\u00e3o de ar, \u00e1gua, g\u00e1s, vapor, esgoto, solu\u00e7\u00f5es qu\u00edmicas e outros flu\u00eddos em edif\u00edcios, laborat\u00f3rios e demais locais.<\/p>\n\n\n\n<p>Dispon\u00edvel at\u00e9 18\/7\/2023 ou encerramento da vaga.<\/p>\n\n\n\n<p><strong>1 vaga \u2013 Auxiliar T\u00e9cnico de Refrigera\u00e7\u00e3o<\/strong><\/p>\n\n\n\n<p>Escolaridade \u2013 ensino m\u00e9dio completo;<\/p>\n\n\n\n<p>Experi\u00eancia \u2013 seis meses na Carteira de Trabalho;<\/p>\n\n\n\n<p>Atividades \u2013 atuar com reparo e manuseio de equipamentos de ar condicionado, troca de pe\u00e7as e testes; realizar manuten\u00e7\u00e3o preventiva e corretiva nos equipamentos e componentes.<\/p>\n\n\n\n<p>Dispon\u00edvel at\u00e9 18\/7\/2023 ou encerramento da vaga.<\/p>\n\n\n\n<p><strong>1 vaga \u2013 Art\u00edfice de Manuten\u00e7\u00e3o<\/strong><\/p>\n\n\n\n<p>Escolaridade \u2013 ensino m\u00e9dio completo;<\/p>\n\n\n\n<p>Experi\u00eancia \u2013 seis meses na Carteira de Trabalho;<\/p>\n\n\n\n<p>Requisitos obrigat\u00f3rios \u2013 ter motocicleta pr\u00f3pria e cursos de NR-10 ou NR-35;<\/p>\n\n\n\n<p>Atividades \u2013 realizar levantamento t\u00e9cnico de campo em \u00e1rea el\u00e9trica, de montagens e refrigera\u00e7\u00e3o; elaborar or\u00e7amentos; fazer emiss\u00e3o de relat\u00f3rio, laudo t\u00e9cnicos e leitura de projetos, entre outras atividades pertinentes \u00e0 fun\u00e7\u00e3o.<\/p>\n\n\n\n<p>Dispon\u00edvel at\u00e9 18\/7\/2023 ou encerramento da vaga.<\/p>\n\n\n\n<p><strong>4 vagas \u2013 Conferente de Carga e Descarga<\/strong><\/p>\n\n\n\n<p>Escolaridade \u2013 ensino m\u00e9dio completo;<\/p>\n\n\n\n<p>Experi\u00eancia \u2013 seis meses na Carteira de Trabalho;<\/p>\n\n\n\n<p>Requisitos obrigat\u00f3rios \u2013 residir preferencialmente no bairro Tarum\u00e3-A\u00e7\u00fa;<\/p>\n\n\n\n<p>Atividades \u2013 apontar a produ\u00e7\u00e3o e controlar a frequ\u00eancia de m\u00e3o-de-obra; acompanhar atividades de produ\u00e7\u00e3o, conferir cargas e verificar documenta\u00e7\u00e3o; preencher relat\u00f3rios, guias, boletins, plano de carga e recibos; controlar a movimenta\u00e7\u00e3o de carga e descarga; liderar equipes de trabalho.<\/p>\n\n\n\n<p>Dispon\u00edvel at\u00e9 18\/7\/2023 ou encerramento da vaga.<\/p>\n\n\n\n<p><strong>1 vaga \u2013 Cozinheiro<\/strong><\/p>\n\n\n\n<p>Escolaridade \u2013 ensino fundamental completo;<\/p>\n\n\n\n<p>Experi\u00eancia \u2013 seis meses na Carteira de Trabalho;<\/p>\n\n\n\n<p>Requisitos obrigat\u00f3rios &#8211; residir preferencialmente no bairro Tarum\u00e3-A\u00e7\u00fa;<\/p>\n\n\n\n<p>Atividades \u2013 preparar os mais diversos tipos de pratos culin\u00e1rios, como refei\u00e7\u00e3o, lanche, sobremesa, entrada, salada, acompanhamento e outros; manipular e temperar alimentos; verificar o estado de conserva\u00e7\u00e3o dos ingredientes; gerenciar estoque de produtos; manipular utens\u00edlios de cozinha; manter a organiza\u00e7\u00e3o e limpeza do ambiente de trabalho; realizar outras tarefas a pedido do superior imediato.<\/p>\n\n\n\n<p>Dispon\u00edvel at\u00e9 18\/7\/2023 ou encerramento da vaga.<\/p>\n\n\n\n<p><strong>1 vaga \u2013 T\u00e9cnico em Suporte de TI<\/strong><\/p>\n\n\n\n<p>Escolaridade \u2013 ensino m\u00e9dio completo;<\/p>\n\n\n\n<p>Experi\u00eancia \u2013 seis meses na Carteira de Trabalho;<\/p>\n\n\n\n<p>Requisitos obrigat\u00f3rios \u2013 ter Carteira Nacional de Habilita\u00e7\u00e3o categoria \u201cA\u201d e conhecimentos na \u00e1rea de TI;<\/p>\n\n\n\n<p>Atividades \u2013 auxiliar os usu\u00e1rios em problemas ou danos espec\u00edficos, como problemas em impressoras e e-mails, invas\u00f5es de sistema ou m\u00e1quinas corrompidas.<\/p>\n\n\n\n<p>Dispon\u00edvel at\u00e9 18\/7\/2023 ou encerramento da vaga.<\/p>\n\n\n\n<p><strong>5 vagas \u2013 Auxiliar de Limpeza \u2013 vagas exclusivas para Pessoas com Defici\u00eancia (PcD)<\/strong><\/p>\n\n\n\n<p>Escolaridade \u2013 ensino m\u00e9dio completo;<\/p>\n\n\n\n<p>Experi\u00eancia \u2013 n\u00e3o \u00e9 necess\u00e1rio;<\/p>\n\n\n\n<p>Atividades \u2013 realizar limpeza di\u00e1ria das depend\u00eancias da empresa; remover o p\u00f3 dos m\u00f3veis, fazer a varredura do piso, aspirar detritos, limpar ou lavar vidros e janelas, remover o lixo das lixeiras, higienizar os banheiros e repor materiais.<\/p>\n\n\n\n<p>Dispon\u00edvel at\u00e9 18\/7\/2023 ou encerramento da vaga.<\/p>\n\n\n\n<p>&#8212; &#8212; &#8212;&nbsp;<\/p>\n\n\n\n<p><strong>Texto \u2013 <\/strong>Divulga\u00e7\u00e3o \/ Semtepi<\/p>\n\n\n\n<p>&#8212; &#8212; &#8212;&nbsp;<\/p>\n\n\n\n<p>SEMTEPI &#8211; Secretaria Municipal do Trabalho, Empreendedorismo e Inova\u00e7\u00e3o<\/p>\n\n\n\n<p>E-mail:&nbsp;<a href=\"mailto:comunicacao.semtepi@gmail.com\" target=\"_blank\" rel=\"noreferrer noopener\">comunicacao.semtepi@gmail.com<\/a><\/p>\n","protected":false},"excerpt":{"rendered":"","protected":false},"author":31,"featured_media":237,"comment_status":"closed","ping_status":"closed","sticky":false,"template":"","format":"standard","meta":{"footnotes":""},"categories":[5],"tags":[11,7,10,14,12],"acf":[],"yoast_head":"<!-- This site is optimized with the Yoast SEO plugin v23.0 - https:\/\/yoast.com\/wordpress\/plugins\/seo\/ -->\n<title>Sine Manaus oferta 128 vagas de emprego nesta ter\u00e7a-feira, 18\/7 - SEMTEPI<\/title>\n<meta name=\"robots\" content=\"noindex, follow\" \/>\n<meta property=\"og:locale\" content=\"pt_BR\" \/>\n<meta property=\"og:type\" content=\"article\" \/>\n<meta property=\"og:title\" content=\"Sine Manaus oferta 128 vagas de emprego nesta ter\u00e7a-feira, 18\/7 - SEMTEPI\" \/>\n<meta property=\"og:url\" content=\"https:\/\/www.manaus.am.gov.br\/semtepi\/oportunidade\/sine-manaus-oferta-128-vagas-de-emprego-nesta-terca-feira-18-7\/\" \/>\n<meta property=\"og:site_name\" content=\"SEMTEPI\" \/>\n<meta property=\"article:published_time\" content=\"2023-07-17T20:23:55+00:00\" \/>\n<meta property=\"article:modified_time\" content=\"2023-07-17T20:23:57+00:00\" \/>\n<meta property=\"og:image\" content=\"https:\/\/www.manaus.am.gov.br\/semtepi\/wp-content\/uploads\/sites\/20\/2023\/04\/Sine-Manaus-oferta-200-vagas-de-emprego-nesta-quarta-feira.jpg\" \/>\n\t<meta property=\"og:image:width\" content=\"2048\" \/>\n\t<meta property=\"og:image:height\" content=\"1365\" \/>\n\t<meta property=\"og:image:type\" content=\"image\/jpeg\" \/>\n<meta name=\"author\" content=\"Renata Felix\" \/>\n<meta name=\"twitter:card\" content=\"summary_large_image\" \/>\n<meta name=\"twitter:label1\" content=\"Written by\" \/>\n\t<meta name=\"twitter:data1\" content=\"Renata Felix\" \/>\n\t<meta name=\"twitter:label2\" content=\"Est. reading time\" \/>\n\t<meta name=\"twitter:data2\" content=\"24 minutos\" \/>\n<script type=\"application\/ld+json\" class=\"yoast-schema-graph\">{\"@context\":\"https:\/\/schema.org\",\"@graph\":[{\"@type\":\"Article\",\"@id\":\"https:\/\/www.manaus.am.gov.br\/semtepi\/oportunidade\/sine-manaus-oferta-128-vagas-de-emprego-nesta-terca-feira-18-7\/#article\",\"isPartOf\":{\"@id\":\"https:\/\/www.manaus.am.gov.br\/semtepi\/oportunidade\/sine-manaus-oferta-128-vagas-de-emprego-nesta-terca-feira-18-7\/\"},\"author\":{\"name\":\"Renata Felix\",\"@id\":\"https:\/\/www.manaus.am.gov.br\/semtepi\/#\/schema\/person\/4eea2a8f78dc853097abb026f728aa06\"},\"headline\":\"Sine Manaus oferta 128 vagas de emprego nesta ter\u00e7a-feira, 18\/7\",\"datePublished\":\"2023-07-17T20:23:55+00:00\",\"dateModified\":\"2023-07-17T20:23:57+00:00\",\"mainEntityOfPage\":{\"@id\":\"https:\/\/www.manaus.am.gov.br\/semtepi\/oportunidade\/sine-manaus-oferta-128-vagas-de-emprego-nesta-terca-feira-18-7\/\"},\"wordCount\":4888,\"publisher\":{\"@id\":\"https:\/\/www.manaus.am.gov.br\/semtepi\/#organization\"},\"image\":{\"@id\":\"https:\/\/www.manaus.am.gov.br\/semtepi\/oportunidade\/sine-manaus-oferta-128-vagas-de-emprego-nesta-terca-feira-18-7\/#primaryimage\"},\"thumbnailUrl\":\"https:\/\/www.manaus.am.gov.br\/semtepi\/wp-content\/uploads\/sites\/20\/2023\/04\/Sine-Manaus-oferta-200-vagas-de-emprego-nesta-quarta-feira.jpg\",\"keywords\":[\"emprego\",\"oportunidade\",\"sine manaus\",\"trabalho\",\"vagas\"],\"articleSection\":[\"Oportunidade\"],\"inLanguage\":\"pt-BR\"},{\"@type\":\"WebPage\",\"@id\":\"https:\/\/www.manaus.am.gov.br\/semtepi\/oportunidade\/sine-manaus-oferta-128-vagas-de-emprego-nesta-terca-feira-18-7\/\",\"url\":\"https:\/\/www.manaus.am.gov.br\/semtepi\/oportunidade\/sine-manaus-oferta-128-vagas-de-emprego-nesta-terca-feira-18-7\/\",\"name\":\"Sine Manaus oferta 128 vagas de emprego nesta ter\u00e7a-feira, 18\/7 - SEMTEPI\",\"isPartOf\":{\"@id\":\"https:\/\/www.manaus.am.gov.br\/semtepi\/#website\"},\"primaryImageOfPage\":{\"@id\":\"https:\/\/www.manaus.am.gov.br\/semtepi\/oportunidade\/sine-manaus-oferta-128-vagas-de-emprego-nesta-terca-feira-18-7\/#primaryimage\"},\"image\":{\"@id\":\"https:\/\/www.manaus.am.gov.br\/semtepi\/oportunidade\/sine-manaus-oferta-128-vagas-de-emprego-nesta-terca-feira-18-7\/#primaryimage\"},\"thumbnailUrl\":\"https:\/\/www.manaus.am.gov.br\/semtepi\/wp-content\/uploads\/sites\/20\/2023\/04\/Sine-Manaus-oferta-200-vagas-de-emprego-nesta-quarta-feira.jpg\",\"datePublished\":\"2023-07-17T20:23:55+00:00\",\"dateModified\":\"2023-07-17T20:23:57+00:00\",\"breadcrumb\":{\"@id\":\"https:\/\/www.manaus.am.gov.br\/semtepi\/oportunidade\/sine-manaus-oferta-128-vagas-de-emprego-nesta-terca-feira-18-7\/#breadcrumb\"},\"inLanguage\":\"pt-BR\",\"potentialAction\":[{\"@type\":\"ReadAction\",\"target\":[\"https:\/\/www.manaus.am.gov.br\/semtepi\/oportunidade\/sine-manaus-oferta-128-vagas-de-emprego-nesta-terca-feira-18-7\/\"]}]},{\"@type\":\"ImageObject\",\"inLanguage\":\"pt-BR\",\"@id\":\"https:\/\/www.manaus.am.gov.br\/semtepi\/oportunidade\/sine-manaus-oferta-128-vagas-de-emprego-nesta-terca-feira-18-7\/#primaryimage\",\"url\":\"https:\/\/www.manaus.am.gov.br\/semtepi\/wp-content\/uploads\/sites\/20\/2023\/04\/Sine-Manaus-oferta-200-vagas-de-emprego-nesta-quarta-feira.jpg\",\"contentUrl\":\"https:\/\/www.manaus.am.gov.br\/semtepi\/wp-content\/uploads\/sites\/20\/2023\/04\/Sine-Manaus-oferta-200-vagas-de-emprego-nesta-quarta-feira.jpg\",\"width\":2048,\"height\":1365},{\"@type\":\"BreadcrumbList\",\"@id\":\"https:\/\/www.manaus.am.gov.br\/semtepi\/oportunidade\/sine-manaus-oferta-128-vagas-de-emprego-nesta-terca-feira-18-7\/#breadcrumb\",\"itemListElement\":[{\"@type\":\"ListItem\",\"position\":1,\"name\":\"Home\",\"item\":\"https:\/\/www.manaus.am.gov.br\/semtepi\/\"},{\"@type\":\"ListItem\",\"position\":2,\"name\":\"Sine Manaus oferta 128 vagas de emprego nesta ter\u00e7a-feira, 18\/7\"}]},{\"@type\":\"WebSite\",\"@id\":\"https:\/\/www.manaus.am.gov.br\/semtepi\/#website\",\"url\":\"https:\/\/www.manaus.am.gov.br\/semtepi\/\",\"name\":\"SEMTEPI\",\"description\":\"Prefeitura de Manaus\",\"publisher\":{\"@id\":\"https:\/\/www.manaus.am.gov.br\/semtepi\/#organization\"},\"alternateName\":\"Secretaria Municipal do Trabalho, Empreendedorismo e Inova\u00e7\u00e3o\",\"potentialAction\":[{\"@type\":\"SearchAction\",\"target\":{\"@type\":\"EntryPoint\",\"urlTemplate\":\"https:\/\/www.manaus.am.gov.br\/semtepi\/?s={search_term_string}\"},\"query-input\":\"required name=search_term_string\"}],\"inLanguage\":\"pt-BR\"},{\"@type\":\"Organization\",\"@id\":\"https:\/\/www.manaus.am.gov.br\/semtepi\/#organization\",\"name\":\"Prefeitura Municipal de Manaus\",\"alternateName\":\"Prefeitura de Manaus\",\"url\":\"https:\/\/www.manaus.am.gov.br\/semtepi\/\",\"logo\":{\"@type\":\"ImageObject\",\"inLanguage\":\"pt-BR\",\"@id\":\"https:\/\/www.manaus.am.gov.br\/semtepi\/#\/schema\/logo\/image\/\",\"url\":\"https:\/\/www.manaus.am.gov.br\/semtepi\/wp-content\/uploads\/sites\/20\/2024\/07\/favicon.png\",\"contentUrl\":\"https:\/\/www.manaus.am.gov.br\/semtepi\/wp-content\/uploads\/sites\/20\/2024\/07\/favicon.png\",\"width\":300,\"height\":300,\"caption\":\"Prefeitura Municipal de Manaus\"},\"image\":{\"@id\":\"https:\/\/www.manaus.am.gov.br\/semtepi\/#\/schema\/logo\/image\/\"}},{\"@type\":\"Person\",\"@id\":\"https:\/\/www.manaus.am.gov.br\/semtepi\/#\/schema\/person\/4eea2a8f78dc853097abb026f728aa06\",\"name\":\"Renata Felix\",\"image\":{\"@type\":\"ImageObject\",\"inLanguage\":\"pt-BR\",\"@id\":\"https:\/\/www.manaus.am.gov.br\/semtepi\/#\/schema\/person\/image\/\",\"url\":\"https:\/\/secure.gravatar.com\/avatar\/3c196cf9d3b837b24c8edb2c50fd8f29?s=96&d=mm&r=g\",\"contentUrl\":\"https:\/\/secure.gravatar.com\/avatar\/3c196cf9d3b837b24c8edb2c50fd8f29?s=96&d=mm&r=g\",\"caption\":\"Renata Felix\"}}]}<\/script>\n<!-- \/ Yoast SEO plugin. -->","yoast_head_json":{"title":"Sine Manaus oferta 128 vagas de emprego nesta ter\u00e7a-feira, 18\/7 - SEMTEPI","robots":{"index":"noindex","follow":"follow"},"og_locale":"pt_BR","og_type":"article","og_title":"Sine Manaus oferta 128 vagas de emprego nesta ter\u00e7a-feira, 18\/7 - SEMTEPI","og_url":"https:\/\/www.manaus.am.gov.br\/semtepi\/oportunidade\/sine-manaus-oferta-128-vagas-de-emprego-nesta-terca-feira-18-7\/","og_site_name":"SEMTEPI","article_published_time":"2023-07-17T20:23:55+00:00","article_modified_time":"2023-07-17T20:23:57+00:00","og_image":[{"width":2048,"height":1365,"url":"https:\/\/www.manaus.am.gov.br\/semtepi\/wp-content\/uploads\/sites\/20\/2023\/04\/Sine-Manaus-oferta-200-vagas-de-emprego-nesta-quarta-feira.jpg","type":"image\/jpeg"}],"author":"Renata Felix","twitter_card":"summary_large_image","twitter_misc":{"Written by":"Renata Felix","Est. reading time":"24 minutos"},"schema":{"@context":"https:\/\/schema.org","@graph":[{"@type":"Article","@id":"https:\/\/www.manaus.am.gov.br\/semtepi\/oportunidade\/sine-manaus-oferta-128-vagas-de-emprego-nesta-terca-feira-18-7\/#article","isPartOf":{"@id":"https:\/\/www.manaus.am.gov.br\/semtepi\/oportunidade\/sine-manaus-oferta-128-vagas-de-emprego-nesta-terca-feira-18-7\/"},"author":{"name":"Renata Felix","@id":"https:\/\/www.manaus.am.gov.br\/semtepi\/#\/schema\/person\/4eea2a8f78dc853097abb026f728aa06"},"headline":"Sine Manaus oferta 128 vagas de emprego nesta ter\u00e7a-feira, 18\/7","datePublished":"2023-07-17T20:23:55+00:00","dateModified":"2023-07-17T20:23:57+00:00","mainEntityOfPage":{"@id":"https:\/\/www.manaus.am.gov.br\/semtepi\/oportunidade\/sine-manaus-oferta-128-vagas-de-emprego-nesta-terca-feira-18-7\/"},"wordCount":4888,"publisher":{"@id":"https:\/\/www.manaus.am.gov.br\/semtepi\/#organization"},"image":{"@id":"https:\/\/www.manaus.am.gov.br\/semtepi\/oportunidade\/sine-manaus-oferta-128-vagas-de-emprego-nesta-terca-feira-18-7\/#primaryimage"},"thumbnailUrl":"https:\/\/www.manaus.am.gov.br\/semtepi\/wp-content\/uploads\/sites\/20\/2023\/04\/Sine-Manaus-oferta-200-vagas-de-emprego-nesta-quarta-feira.jpg","keywords":["emprego","oportunidade","sine manaus","trabalho","vagas"],"articleSection":["Oportunidade"],"inLanguage":"pt-BR"},{"@type":"WebPage","@id":"https:\/\/www.manaus.am.gov.br\/semtepi\/oportunidade\/sine-manaus-oferta-128-vagas-de-emprego-nesta-terca-feira-18-7\/","url":"https:\/\/www.manaus.am.gov.br\/semtepi\/oportunidade\/sine-manaus-oferta-128-vagas-de-emprego-nesta-terca-feira-18-7\/","name":"Sine Manaus oferta 128 vagas de emprego nesta ter\u00e7a-feira, 18\/7 - SEMTEPI","isPartOf":{"@id":"https:\/\/www.manaus.am.gov.br\/semtepi\/#website"},"primaryImageOfPage":{"@id":"https:\/\/www.manaus.am.gov.br\/semtepi\/oportunidade\/sine-manaus-oferta-128-vagas-de-emprego-nesta-terca-feira-18-7\/#primaryimage"},"image":{"@id":"https:\/\/www.manaus.am.gov.br\/semtepi\/oportunidade\/sine-manaus-oferta-128-vagas-de-emprego-nesta-terca-feira-18-7\/#primaryimage"},"thumbnailUrl":"https:\/\/www.manaus.am.gov.br\/semtepi\/wp-content\/uploads\/sites\/20\/2023\/04\/Sine-Manaus-oferta-200-vagas-de-emprego-nesta-quarta-feira.jpg","datePublished":"2023-07-17T20:23:55+00:00","dateModified":"2023-07-17T20:23:57+00:00","breadcrumb":{"@id":"https:\/\/www.manaus.am.gov.br\/semtepi\/oportunidade\/sine-manaus-oferta-128-vagas-de-emprego-nesta-terca-feira-18-7\/#breadcrumb"},"inLanguage":"pt-BR","potentialAction":[{"@type":"ReadAction","target":["https:\/\/www.manaus.am.gov.br\/semtepi\/oportunidade\/sine-manaus-oferta-128-vagas-de-emprego-nesta-terca-feira-18-7\/"]}]},{"@type":"ImageObject","inLanguage":"pt-BR","@id":"https:\/\/www.manaus.am.gov.br\/semtepi\/oportunidade\/sine-manaus-oferta-128-vagas-de-emprego-nesta-terca-feira-18-7\/#primaryimage","url":"https:\/\/www.manaus.am.gov.br\/semtepi\/wp-content\/uploads\/sites\/20\/2023\/04\/Sine-Manaus-oferta-200-vagas-de-emprego-nesta-quarta-feira.jpg","contentUrl":"https:\/\/www.manaus.am.gov.br\/semtepi\/wp-content\/uploads\/sites\/20\/2023\/04\/Sine-Manaus-oferta-200-vagas-de-emprego-nesta-quarta-feira.jpg","width":2048,"height":1365},{"@type":"BreadcrumbList","@id":"https:\/\/www.manaus.am.gov.br\/semtepi\/oportunidade\/sine-manaus-oferta-128-vagas-de-emprego-nesta-terca-feira-18-7\/#breadcrumb","itemListElement":[{"@type":"ListItem","position":1,"name":"Home","item":"https:\/\/www.manaus.am.gov.br\/semtepi\/"},{"@type":"ListItem","position":2,"name":"Sine Manaus oferta 128 vagas de emprego nesta ter\u00e7a-feira, 18\/7"}]},{"@type":"WebSite","@id":"https:\/\/www.manaus.am.gov.br\/semtepi\/#website","url":"https:\/\/www.manaus.am.gov.br\/semtepi\/","name":"SEMTEPI","description":"Prefeitura de Manaus","publisher":{"@id":"https:\/\/www.manaus.am.gov.br\/semtepi\/#organization"},"alternateName":"Secretaria Municipal do Trabalho, Empreendedorismo e Inova\u00e7\u00e3o","potentialAction":[{"@type":"SearchAction","target":{"@type":"EntryPoint","urlTemplate":"https:\/\/www.manaus.am.gov.br\/semtepi\/?s={search_term_string}"},"query-input":"required name=search_term_string"}],"inLanguage":"pt-BR"},{"@type":"Organization","@id":"https:\/\/www.manaus.am.gov.br\/semtepi\/#organization","name":"Prefeitura Municipal de Manaus","alternateName":"Prefeitura de Manaus","url":"https:\/\/www.manaus.am.gov.br\/semtepi\/","logo":{"@type":"ImageObject","inLanguage":"pt-BR","@id":"https:\/\/www.manaus.am.gov.br\/semtepi\/#\/schema\/logo\/image\/","url":"https:\/\/www.manaus.am.gov.br\/semtepi\/wp-content\/uploads\/sites\/20\/2024\/07\/favicon.png","contentUrl":"https:\/\/www.manaus.am.gov.br\/semtepi\/wp-content\/uploads\/sites\/20\/2024\/07\/favicon.png","width":300,"height":300,"caption":"Prefeitura Municipal de Manaus"},"image":{"@id":"https:\/\/www.manaus.am.gov.br\/semtepi\/#\/schema\/logo\/image\/"}},{"@type":"Person","@id":"https:\/\/www.manaus.am.gov.br\/semtepi\/#\/schema\/person\/4eea2a8f78dc853097abb026f728aa06","name":"Renata Felix","image":{"@type":"ImageObject","inLanguage":"pt-BR","@id":"https:\/\/www.manaus.am.gov.br\/semtepi\/#\/schema\/person\/image\/","url":"https:\/\/secure.gravatar.com\/avatar\/3c196cf9d3b837b24c8edb2c50fd8f29?s=96&d=mm&r=g","contentUrl":"https:\/\/secure.gravatar.com\/avatar\/3c196cf9d3b837b24c8edb2c50fd8f29?s=96&d=mm&r=g","caption":"Renata Felix"}}]}},"_links":{"self":[{"href":"https:\/\/www.manaus.am.gov.br\/semtepi\/wp-json\/wp\/v2\/posts\/2281"}],"collection":[{"href":"https:\/\/www.manaus.am.gov.br\/semtepi\/wp-json\/wp\/v2\/posts"}],"about":[{"href":"https:\/\/www.manaus.am.gov.br\/semtepi\/wp-json\/wp\/v2\/types\/post"}],"author":[{"embeddable":true,"href":"https:\/\/www.manaus.am.gov.br\/semtepi\/wp-json\/wp\/v2\/users\/31"}],"replies":[{"embeddable":true,"href":"https:\/\/www.manaus.am.gov.br\/semtepi\/wp-json\/wp\/v2\/comments?post=2281"}],"version-history":[{"count":0,"href":"https:\/\/www.manaus.am.gov.br\/semtepi\/wp-json\/wp\/v2\/posts\/2281\/revisions"}],"wp:featuredmedia":[{"embeddable":true,"href":"https:\/\/www.manaus.am.gov.br\/semtepi\/wp-json\/wp\/v2\/media\/237"}],"wp:attachment":[{"href":"https:\/\/www.manaus.am.gov.br\/semtepi\/wp-json\/wp\/v2\/media?parent=2281"}],"wp:term":[{"taxonomy":"category","embeddable":true,"href":"https:\/\/www.manaus.am.gov.br\/semtepi\/wp-json\/wp\/v2\/categories?post=2281"},{"taxonomy":"post_tag","embeddable":true,"href":"https:\/\/www.manaus.am.gov.br\/semtepi\/wp-json\/wp\/v2\/tags?post=2281"}],"curies":[{"name":"wp","href":"https:\/\/api.w.org\/{rel}","templated":true}]}}