{"id":2246,"date":"2023-07-14T11:56:21","date_gmt":"2023-07-14T15:56:21","guid":{"rendered":"https:\/\/www.manaus.am.gov.br\/semtepi\/sem-categoria\/toni-garrido-e-atracao-especial-na-casa-de-praia-zezinho-correa-neste-sabado\/"},"modified":"2023-07-15T09:05:22","modified_gmt":"2023-07-15T13:05:22","slug":"toni-garrido-e-atracao-especial-na-casa-de-praia-zezinho-correa-neste-sabado","status":"publish","type":"post","link":"https:\/\/www.manaus.am.gov.br\/semtepi\/programacao\/toni-garrido-e-atracao-especial-na-casa-de-praia-zezinho-correa-neste-sabado\/","title":{"rendered":"Toni Garrido \u00e9 a atra\u00e7\u00e3o especial na casa de praia Zezinho Corr\u00eaa neste s\u00e1bado"},"content":{"rendered":"\n<p>A Prefeitura de Manaus, por meio da Secretaria Municipal do Trabalho, Empreendedorismo e Inova\u00e7\u00e3o (Semtepi), promove, neste s\u00e1bado, 15\/7, a partir das 18h, o festival \u201cRock N\u00e3o Tem Idade\u201d, idealizado pelo cantor e compositor Luso Neto, na casa de praia Zezinho Corr\u00eaa, no complexo tur\u00edstico Ponta Negra, zona Oeste.<\/p>\n\n\n\n<p>O local recebe a participa\u00e7\u00e3o especial do cantor Toni Garrido, conhecido por sua voz marcante e presen\u00e7a de palco contagiante. O p\u00fablico local pode se preparar para cantar e dan\u00e7ar ao som dos maiores sucessos da banda Cidade Negra, da qual Garrido \u00e9 vocalista.<\/p>\n\n\n\n<p>\u201cEsse evento, &#8216;Rock N\u00e3o tem Idade&#8217;, vem com uma proposta muito bacana de levar a diversidade da cultura brasileira \u00e0 popula\u00e7\u00e3o manauara. E nessa edi\u00e7\u00e3o, estamos animados em anunciar que teremos como atra\u00e7\u00e3o especial, o renomado cantor Toni Garrido. Ser\u00e1 uma noite de muita m\u00fasica boa, divers\u00e3o e seguran\u00e7a para toda a fam\u00edlia\u201d, destacou o secret\u00e1rio da Semtepi,&nbsp;Radyr J\u00fanior.<\/p>\n\n\n\n<p>Localizado no cora\u00e7\u00e3o da Ponta Negra, o espa\u00e7o conta com uma estrutura ampla e confort\u00e1vel, para que a popula\u00e7\u00e3o possa curtir o evento com toda a seguran\u00e7a e comodidade. A entrada \u00e9 franca.<\/p>\n\n\n\n<p><strong>&#8212; &#8212; &#8212;<\/strong><\/p>\n\n\n\n<p><strong>Texto \u2013<\/strong>&nbsp;Divulga\u00e7\u00e3o \/ Semtepi<\/p>\n\n\n\n<p><strong>Fotos \u2013<\/strong>&nbsp;Cl\u00f3vis Miranda e Elton Viana \/ Arquivo Semcom<\/p>\n\n\n\n<p><strong>Dispon\u00edveis em &#8211; <\/strong><a href=\"https:\/\/flic.kr\/s\/aHBqjAC4V4\">https:\/\/flic.kr\/s\/aHBqjAC4V4<\/a><\/p>\n","protected":false},"excerpt":{"rendered":"","protected":false},"author":39,"featured_media":2247,"comment_status":"closed","ping_status":"closed","sticky":false,"template":"","format":"standard","meta":{"footnotes":""},"categories":[209],"tags":[351,212,213,352,353,8,9,354],"acf":[],"yoast_head":"<!-- This site is optimized with the Yoast SEO plugin v23.0 - https:\/\/yoast.com\/wordpress\/plugins\/seo\/ -->\n<title>Toni Garrido \u00e9 atra\u00e7\u00e3o especial na casa de praia Zezinho Corr\u00eaa neste s\u00e1bado<\/title>\n<meta name=\"description\" content=\"A Prefeitura de Manaus, por meio da Secretaria Municipal do Trabalho, Empreendedorismo e Inova\u00e7\u00e3o (Semtepi), promove, neste s\u00e1bado, 15\/7, a partir das 18h, o festival \u201cRock N\u00e3o Tem Idade\u201d, idealizado pelo cantor e compositor Luso Neto, na casa de praia Zezinho Corr\u00eaa, no complexo tur\u00edstico Ponta Negra, zona Oeste.\" \/>\n<meta name=\"robots\" content=\"noindex, follow\" \/>\n<meta property=\"og:locale\" content=\"pt_BR\" \/>\n<meta property=\"og:type\" content=\"article\" \/>\n<meta property=\"og:title\" content=\"Toni Garrido \u00e9 atra\u00e7\u00e3o especial na casa de praia Zezinho Corr\u00eaa neste s\u00e1bado\" \/>\n<meta property=\"og:description\" content=\"A Prefeitura de Manaus, por meio da Secretaria Municipal do Trabalho, Empreendedorismo e Inova\u00e7\u00e3o (Semtepi), promove, neste s\u00e1bado, 15\/7, a partir das 18h, o festival \u201cRock N\u00e3o Tem Idade\u201d, idealizado pelo cantor e compositor Luso Neto, na casa de praia Zezinho Corr\u00eaa, no complexo tur\u00edstico Ponta Negra, zona Oeste.\" \/>\n<meta property=\"og:url\" content=\"https:\/\/www.manaus.am.gov.br\/semtepi\/programacao\/toni-garrido-e-atracao-especial-na-casa-de-praia-zezinho-correa-neste-sabado\/\" \/>\n<meta property=\"og:site_name\" content=\"SEMTEPI\" \/>\n<meta property=\"article:published_time\" content=\"2023-07-14T15:56:21+00:00\" \/>\n<meta property=\"article:modified_time\" content=\"2023-07-15T13:05:22+00:00\" \/>\n<meta property=\"og:image\" content=\"https:\/\/www.manaus.am.gov.br\/semtepi\/wp-content\/uploads\/sites\/20\/2023\/07\/52862104361_41a98c8d97_k.jpg\" \/>\n\t<meta property=\"og:image:width\" content=\"2048\" \/>\n\t<meta property=\"og:image:height\" content=\"1365\" \/>\n\t<meta property=\"og:image:type\" content=\"image\/jpeg\" \/>\n<meta name=\"author\" content=\"Bruna Greco\" \/>\n<meta name=\"twitter:card\" content=\"summary_large_image\" \/>\n<meta name=\"twitter:label1\" content=\"Written by\" \/>\n\t<meta name=\"twitter:data1\" content=\"Bruna Greco\" \/>\n\t<meta name=\"twitter:label2\" content=\"Est. reading time\" \/>\n\t<meta name=\"twitter:data2\" content=\"2 minutos\" \/>\n<script type=\"application\/ld+json\" class=\"yoast-schema-graph\">{\"@context\":\"https:\/\/schema.org\",\"@graph\":[{\"@type\":\"Article\",\"@id\":\"https:\/\/www.manaus.am.gov.br\/semtepi\/programacao\/toni-garrido-e-atracao-especial-na-casa-de-praia-zezinho-correa-neste-sabado\/#article\",\"isPartOf\":{\"@id\":\"https:\/\/www.manaus.am.gov.br\/semtepi\/programacao\/toni-garrido-e-atracao-especial-na-casa-de-praia-zezinho-correa-neste-sabado\/\"},\"author\":{\"name\":\"Bruna Greco\",\"@id\":\"https:\/\/www.manaus.am.gov.br\/semtepi\/#\/schema\/person\/05d223aea2bf115f9883a6ff3683d81b\"},\"headline\":\"Toni Garrido \u00e9 a atra\u00e7\u00e3o especial na casa de praia Zezinho Corr\u00eaa neste s\u00e1bado\",\"datePublished\":\"2023-07-14T15:56:21+00:00\",\"dateModified\":\"2023-07-15T13:05:22+00:00\",\"mainEntityOfPage\":{\"@id\":\"https:\/\/www.manaus.am.gov.br\/semtepi\/programacao\/toni-garrido-e-atracao-especial-na-casa-de-praia-zezinho-correa-neste-sabado\/\"},\"wordCount\":251,\"publisher\":{\"@id\":\"https:\/\/www.manaus.am.gov.br\/semtepi\/#organization\"},\"image\":{\"@id\":\"https:\/\/www.manaus.am.gov.br\/semtepi\/programacao\/toni-garrido-e-atracao-especial-na-casa-de-praia-zezinho-correa-neste-sabado\/#primaryimage\"},\"thumbnailUrl\":\"https:\/\/www.manaus.am.gov.br\/semtepi\/wp-content\/uploads\/sites\/20\/2023\/07\/52862104361_41a98c8d97_k.jpg\",\"keywords\":[\"atra\u00e7\u00e3o especial\",\"Casa de Praia Zezinho Corr\u00eaa\",\"complexo tur\u00edstico Ponta Negra\",\"entrada gratuita\",\"festival \u201cRock N\u00e3o Tem Idade\u201d\",\"prefeitura de manaus\",\"Semtepi\",\"Toni Garrido\"],\"articleSection\":[\"Programa\u00e7\u00e3o\"],\"inLanguage\":\"pt-BR\"},{\"@type\":\"WebPage\",\"@id\":\"https:\/\/www.manaus.am.gov.br\/semtepi\/programacao\/toni-garrido-e-atracao-especial-na-casa-de-praia-zezinho-correa-neste-sabado\/\",\"url\":\"https:\/\/www.manaus.am.gov.br\/semtepi\/programacao\/toni-garrido-e-atracao-especial-na-casa-de-praia-zezinho-correa-neste-sabado\/\",\"name\":\"Toni Garrido \u00e9 atra\u00e7\u00e3o especial na casa de praia Zezinho Corr\u00eaa neste s\u00e1bado\",\"isPartOf\":{\"@id\":\"https:\/\/www.manaus.am.gov.br\/semtepi\/#website\"},\"primaryImageOfPage\":{\"@id\":\"https:\/\/www.manaus.am.gov.br\/semtepi\/programacao\/toni-garrido-e-atracao-especial-na-casa-de-praia-zezinho-correa-neste-sabado\/#primaryimage\"},\"image\":{\"@id\":\"https:\/\/www.manaus.am.gov.br\/semtepi\/programacao\/toni-garrido-e-atracao-especial-na-casa-de-praia-zezinho-correa-neste-sabado\/#primaryimage\"},\"thumbnailUrl\":\"https:\/\/www.manaus.am.gov.br\/semtepi\/wp-content\/uploads\/sites\/20\/2023\/07\/52862104361_41a98c8d97_k.jpg\",\"datePublished\":\"2023-07-14T15:56:21+00:00\",\"dateModified\":\"2023-07-15T13:05:22+00:00\",\"description\":\"A Prefeitura de Manaus, por meio da Secretaria Municipal do Trabalho, Empreendedorismo e Inova\u00e7\u00e3o (Semtepi), promove, neste s\u00e1bado, 15\/7, a partir das 18h, o festival \u201cRock N\u00e3o Tem Idade\u201d, idealizado pelo cantor e compositor Luso Neto, na casa de praia Zezinho Corr\u00eaa, no complexo tur\u00edstico Ponta Negra, zona Oeste.\",\"breadcrumb\":{\"@id\":\"https:\/\/www.manaus.am.gov.br\/semtepi\/programacao\/toni-garrido-e-atracao-especial-na-casa-de-praia-zezinho-correa-neste-sabado\/#breadcrumb\"},\"inLanguage\":\"pt-BR\",\"potentialAction\":[{\"@type\":\"ReadAction\",\"target\":[\"https:\/\/www.manaus.am.gov.br\/semtepi\/programacao\/toni-garrido-e-atracao-especial-na-casa-de-praia-zezinho-correa-neste-sabado\/\"]}]},{\"@type\":\"ImageObject\",\"inLanguage\":\"pt-BR\",\"@id\":\"https:\/\/www.manaus.am.gov.br\/semtepi\/programacao\/toni-garrido-e-atracao-especial-na-casa-de-praia-zezinho-correa-neste-sabado\/#primaryimage\",\"url\":\"https:\/\/www.manaus.am.gov.br\/semtepi\/wp-content\/uploads\/sites\/20\/2023\/07\/52862104361_41a98c8d97_k.jpg\",\"contentUrl\":\"https:\/\/www.manaus.am.gov.br\/semtepi\/wp-content\/uploads\/sites\/20\/2023\/07\/52862104361_41a98c8d97_k.jpg\",\"width\":2048,\"height\":1365},{\"@type\":\"BreadcrumbList\",\"@id\":\"https:\/\/www.manaus.am.gov.br\/semtepi\/programacao\/toni-garrido-e-atracao-especial-na-casa-de-praia-zezinho-correa-neste-sabado\/#breadcrumb\",\"itemListElement\":[{\"@type\":\"ListItem\",\"position\":1,\"name\":\"Home\",\"item\":\"https:\/\/www.manaus.am.gov.br\/semtepi\/\"},{\"@type\":\"ListItem\",\"position\":2,\"name\":\"Toni Garrido \u00e9 a atra\u00e7\u00e3o especial na casa de praia Zezinho Corr\u00eaa neste s\u00e1bado\"}]},{\"@type\":\"WebSite\",\"@id\":\"https:\/\/www.manaus.am.gov.br\/semtepi\/#website\",\"url\":\"https:\/\/www.manaus.am.gov.br\/semtepi\/\",\"name\":\"SEMTEPI\",\"description\":\"Prefeitura de Manaus\",\"publisher\":{\"@id\":\"https:\/\/www.manaus.am.gov.br\/semtepi\/#organization\"},\"alternateName\":\"Secretaria Municipal do Trabalho, Empreendedorismo e Inova\u00e7\u00e3o\",\"potentialAction\":[{\"@type\":\"SearchAction\",\"target\":{\"@type\":\"EntryPoint\",\"urlTemplate\":\"https:\/\/www.manaus.am.gov.br\/semtepi\/?s={search_term_string}\"},\"query-input\":\"required name=search_term_string\"}],\"inLanguage\":\"pt-BR\"},{\"@type\":\"Organization\",\"@id\":\"https:\/\/www.manaus.am.gov.br\/semtepi\/#organization\",\"name\":\"Prefeitura Municipal de Manaus\",\"alternateName\":\"Prefeitura de Manaus\",\"url\":\"https:\/\/www.manaus.am.gov.br\/semtepi\/\",\"logo\":{\"@type\":\"ImageObject\",\"inLanguage\":\"pt-BR\",\"@id\":\"https:\/\/www.manaus.am.gov.br\/semtepi\/#\/schema\/logo\/image\/\",\"url\":\"https:\/\/www.manaus.am.gov.br\/semtepi\/wp-content\/uploads\/sites\/20\/2024\/07\/favicon.png\",\"contentUrl\":\"https:\/\/www.manaus.am.gov.br\/semtepi\/wp-content\/uploads\/sites\/20\/2024\/07\/favicon.png\",\"width\":300,\"height\":300,\"caption\":\"Prefeitura Municipal de Manaus\"},\"image\":{\"@id\":\"https:\/\/www.manaus.am.gov.br\/semtepi\/#\/schema\/logo\/image\/\"}},{\"@type\":\"Person\",\"@id\":\"https:\/\/www.manaus.am.gov.br\/semtepi\/#\/schema\/person\/05d223aea2bf115f9883a6ff3683d81b\",\"name\":\"Bruna Greco\",\"image\":{\"@type\":\"ImageObject\",\"inLanguage\":\"pt-BR\",\"@id\":\"https:\/\/www.manaus.am.gov.br\/semtepi\/#\/schema\/person\/image\/\",\"url\":\"https:\/\/secure.gravatar.com\/avatar\/9c877d1a6adc2a055330e5c09a8653ce?s=96&d=mm&r=g\",\"contentUrl\":\"https:\/\/secure.gravatar.com\/avatar\/9c877d1a6adc2a055330e5c09a8653ce?s=96&d=mm&r=g\",\"caption\":\"Bruna Greco\"}}]}<\/script>\n<!-- \/ Yoast SEO plugin. -->","yoast_head_json":{"title":"Toni Garrido \u00e9 atra\u00e7\u00e3o especial na casa de praia Zezinho Corr\u00eaa neste s\u00e1bado","description":"A Prefeitura de Manaus, por meio da Secretaria Municipal do Trabalho, Empreendedorismo e Inova\u00e7\u00e3o (Semtepi), promove, neste s\u00e1bado, 15\/7, a partir das 18h, o festival \u201cRock N\u00e3o Tem Idade\u201d, idealizado pelo cantor e compositor Luso Neto, na casa de praia Zezinho Corr\u00eaa, no complexo tur\u00edstico Ponta Negra, zona Oeste.","robots":{"index":"noindex","follow":"follow"},"og_locale":"pt_BR","og_type":"article","og_title":"Toni Garrido \u00e9 atra\u00e7\u00e3o especial na casa de praia Zezinho Corr\u00eaa neste s\u00e1bado","og_description":"A Prefeitura de Manaus, por meio da Secretaria Municipal do Trabalho, Empreendedorismo e Inova\u00e7\u00e3o (Semtepi), promove, neste s\u00e1bado, 15\/7, a partir das 18h, o festival \u201cRock N\u00e3o Tem Idade\u201d, idealizado pelo cantor e compositor Luso Neto, na casa de praia Zezinho Corr\u00eaa, no complexo tur\u00edstico Ponta Negra, zona Oeste.","og_url":"https:\/\/www.manaus.am.gov.br\/semtepi\/programacao\/toni-garrido-e-atracao-especial-na-casa-de-praia-zezinho-correa-neste-sabado\/","og_site_name":"SEMTEPI","article_published_time":"2023-07-14T15:56:21+00:00","article_modified_time":"2023-07-15T13:05:22+00:00","og_image":[{"width":2048,"height":1365,"url":"https:\/\/www.manaus.am.gov.br\/semtepi\/wp-content\/uploads\/sites\/20\/2023\/07\/52862104361_41a98c8d97_k.jpg","type":"image\/jpeg"}],"author":"Bruna Greco","twitter_card":"summary_large_image","twitter_misc":{"Written by":"Bruna Greco","Est. reading time":"2 minutos"},"schema":{"@context":"https:\/\/schema.org","@graph":[{"@type":"Article","@id":"https:\/\/www.manaus.am.gov.br\/semtepi\/programacao\/toni-garrido-e-atracao-especial-na-casa-de-praia-zezinho-correa-neste-sabado\/#article","isPartOf":{"@id":"https:\/\/www.manaus.am.gov.br\/semtepi\/programacao\/toni-garrido-e-atracao-especial-na-casa-de-praia-zezinho-correa-neste-sabado\/"},"author":{"name":"Bruna Greco","@id":"https:\/\/www.manaus.am.gov.br\/semtepi\/#\/schema\/person\/05d223aea2bf115f9883a6ff3683d81b"},"headline":"Toni Garrido \u00e9 a atra\u00e7\u00e3o especial na casa de praia Zezinho Corr\u00eaa neste s\u00e1bado","datePublished":"2023-07-14T15:56:21+00:00","dateModified":"2023-07-15T13:05:22+00:00","mainEntityOfPage":{"@id":"https:\/\/www.manaus.am.gov.br\/semtepi\/programacao\/toni-garrido-e-atracao-especial-na-casa-de-praia-zezinho-correa-neste-sabado\/"},"wordCount":251,"publisher":{"@id":"https:\/\/www.manaus.am.gov.br\/semtepi\/#organization"},"image":{"@id":"https:\/\/www.manaus.am.gov.br\/semtepi\/programacao\/toni-garrido-e-atracao-especial-na-casa-de-praia-zezinho-correa-neste-sabado\/#primaryimage"},"thumbnailUrl":"https:\/\/www.manaus.am.gov.br\/semtepi\/wp-content\/uploads\/sites\/20\/2023\/07\/52862104361_41a98c8d97_k.jpg","keywords":["atra\u00e7\u00e3o especial","Casa de Praia Zezinho Corr\u00eaa","complexo tur\u00edstico Ponta Negra","entrada gratuita","festival \u201cRock N\u00e3o Tem Idade\u201d","prefeitura de manaus","Semtepi","Toni Garrido"],"articleSection":["Programa\u00e7\u00e3o"],"inLanguage":"pt-BR"},{"@type":"WebPage","@id":"https:\/\/www.manaus.am.gov.br\/semtepi\/programacao\/toni-garrido-e-atracao-especial-na-casa-de-praia-zezinho-correa-neste-sabado\/","url":"https:\/\/www.manaus.am.gov.br\/semtepi\/programacao\/toni-garrido-e-atracao-especial-na-casa-de-praia-zezinho-correa-neste-sabado\/","name":"Toni Garrido \u00e9 atra\u00e7\u00e3o especial na casa de praia Zezinho Corr\u00eaa neste s\u00e1bado","isPartOf":{"@id":"https:\/\/www.manaus.am.gov.br\/semtepi\/#website"},"primaryImageOfPage":{"@id":"https:\/\/www.manaus.am.gov.br\/semtepi\/programacao\/toni-garrido-e-atracao-especial-na-casa-de-praia-zezinho-correa-neste-sabado\/#primaryimage"},"image":{"@id":"https:\/\/www.manaus.am.gov.br\/semtepi\/programacao\/toni-garrido-e-atracao-especial-na-casa-de-praia-zezinho-correa-neste-sabado\/#primaryimage"},"thumbnailUrl":"https:\/\/www.manaus.am.gov.br\/semtepi\/wp-content\/uploads\/sites\/20\/2023\/07\/52862104361_41a98c8d97_k.jpg","datePublished":"2023-07-14T15:56:21+00:00","dateModified":"2023-07-15T13:05:22+00:00","description":"A Prefeitura de Manaus, por meio da Secretaria Municipal do Trabalho, Empreendedorismo e Inova\u00e7\u00e3o (Semtepi), promove, neste s\u00e1bado, 15\/7, a partir das 18h, o festival \u201cRock N\u00e3o Tem Idade\u201d, idealizado pelo cantor e compositor Luso Neto, na casa de praia Zezinho Corr\u00eaa, no complexo tur\u00edstico Ponta Negra, zona Oeste.","breadcrumb":{"@id":"https:\/\/www.manaus.am.gov.br\/semtepi\/programacao\/toni-garrido-e-atracao-especial-na-casa-de-praia-zezinho-correa-neste-sabado\/#breadcrumb"},"inLanguage":"pt-BR","potentialAction":[{"@type":"ReadAction","target":["https:\/\/www.manaus.am.gov.br\/semtepi\/programacao\/toni-garrido-e-atracao-especial-na-casa-de-praia-zezinho-correa-neste-sabado\/"]}]},{"@type":"ImageObject","inLanguage":"pt-BR","@id":"https:\/\/www.manaus.am.gov.br\/semtepi\/programacao\/toni-garrido-e-atracao-especial-na-casa-de-praia-zezinho-correa-neste-sabado\/#primaryimage","url":"https:\/\/www.manaus.am.gov.br\/semtepi\/wp-content\/uploads\/sites\/20\/2023\/07\/52862104361_41a98c8d97_k.jpg","contentUrl":"https:\/\/www.manaus.am.gov.br\/semtepi\/wp-content\/uploads\/sites\/20\/2023\/07\/52862104361_41a98c8d97_k.jpg","width":2048,"height":1365},{"@type":"BreadcrumbList","@id":"https:\/\/www.manaus.am.gov.br\/semtepi\/programacao\/toni-garrido-e-atracao-especial-na-casa-de-praia-zezinho-correa-neste-sabado\/#breadcrumb","itemListElement":[{"@type":"ListItem","position":1,"name":"Home","item":"https:\/\/www.manaus.am.gov.br\/semtepi\/"},{"@type":"ListItem","position":2,"name":"Toni Garrido \u00e9 a atra\u00e7\u00e3o especial na casa de praia Zezinho Corr\u00eaa neste s\u00e1bado"}]},{"@type":"WebSite","@id":"https:\/\/www.manaus.am.gov.br\/semtepi\/#website","url":"https:\/\/www.manaus.am.gov.br\/semtepi\/","name":"SEMTEPI","description":"Prefeitura de Manaus","publisher":{"@id":"https:\/\/www.manaus.am.gov.br\/semtepi\/#organization"},"alternateName":"Secretaria Municipal do Trabalho, Empreendedorismo e Inova\u00e7\u00e3o","potentialAction":[{"@type":"SearchAction","target":{"@type":"EntryPoint","urlTemplate":"https:\/\/www.manaus.am.gov.br\/semtepi\/?s={search_term_string}"},"query-input":"required name=search_term_string"}],"inLanguage":"pt-BR"},{"@type":"Organization","@id":"https:\/\/www.manaus.am.gov.br\/semtepi\/#organization","name":"Prefeitura Municipal de Manaus","alternateName":"Prefeitura de Manaus","url":"https:\/\/www.manaus.am.gov.br\/semtepi\/","logo":{"@type":"ImageObject","inLanguage":"pt-BR","@id":"https:\/\/www.manaus.am.gov.br\/semtepi\/#\/schema\/logo\/image\/","url":"https:\/\/www.manaus.am.gov.br\/semtepi\/wp-content\/uploads\/sites\/20\/2024\/07\/favicon.png","contentUrl":"https:\/\/www.manaus.am.gov.br\/semtepi\/wp-content\/uploads\/sites\/20\/2024\/07\/favicon.png","width":300,"height":300,"caption":"Prefeitura Municipal de Manaus"},"image":{"@id":"https:\/\/www.manaus.am.gov.br\/semtepi\/#\/schema\/logo\/image\/"}},{"@type":"Person","@id":"https:\/\/www.manaus.am.gov.br\/semtepi\/#\/schema\/person\/05d223aea2bf115f9883a6ff3683d81b","name":"Bruna Greco","image":{"@type":"ImageObject","inLanguage":"pt-BR","@id":"https:\/\/www.manaus.am.gov.br\/semtepi\/#\/schema\/person\/image\/","url":"https:\/\/secure.gravatar.com\/avatar\/9c877d1a6adc2a055330e5c09a8653ce?s=96&d=mm&r=g","contentUrl":"https:\/\/secure.gravatar.com\/avatar\/9c877d1a6adc2a055330e5c09a8653ce?s=96&d=mm&r=g","caption":"Bruna Greco"}}]}},"_links":{"self":[{"href":"https:\/\/www.manaus.am.gov.br\/semtepi\/wp-json\/wp\/v2\/posts\/2246"}],"collection":[{"href":"https:\/\/www.manaus.am.gov.br\/semtepi\/wp-json\/wp\/v2\/posts"}],"about":[{"href":"https:\/\/www.manaus.am.gov.br\/semtepi\/wp-json\/wp\/v2\/types\/post"}],"author":[{"embeddable":true,"href":"https:\/\/www.manaus.am.gov.br\/semtepi\/wp-json\/wp\/v2\/users\/39"}],"replies":[{"embeddable":true,"href":"https:\/\/www.manaus.am.gov.br\/semtepi\/wp-json\/wp\/v2\/comments?post=2246"}],"version-history":[{"count":0,"href":"https:\/\/www.manaus.am.gov.br\/semtepi\/wp-json\/wp\/v2\/posts\/2246\/revisions"}],"wp:featuredmedia":[{"embeddable":true,"href":"https:\/\/www.manaus.am.gov.br\/semtepi\/wp-json\/wp\/v2\/media\/2247"}],"wp:attachment":[{"href":"https:\/\/www.manaus.am.gov.br\/semtepi\/wp-json\/wp\/v2\/media?parent=2246"}],"wp:term":[{"taxonomy":"category","embeddable":true,"href":"https:\/\/www.manaus.am.gov.br\/semtepi\/wp-json\/wp\/v2\/categories?post=2246"},{"taxonomy":"post_tag","embeddable":true,"href":"https:\/\/www.manaus.am.gov.br\/semtepi\/wp-json\/wp\/v2\/tags?post=2246"}],"curies":[{"name":"wp","href":"https:\/\/api.w.org\/{rel}","templated":true}]}}