{"id":2222,"date":"2023-07-13T17:34:03","date_gmt":"2023-07-13T21:34:03","guid":{"rendered":"https:\/\/www.manaus.am.gov.br\/semtepi\/sem-categoria\/prefeitura-de-manaus-abre-40-vagas-para-competicao-de-ideias-inovathon\/"},"modified":"2023-07-13T17:34:04","modified_gmt":"2023-07-13T21:34:04","slug":"prefeitura-de-manaus-abre-40-vagas-para-competicao-de-ideias-inovathon","status":"publish","type":"post","link":"https:\/\/www.manaus.am.gov.br\/semtepi\/inscricao\/prefeitura-de-manaus-abre-40-vagas-para-competicao-de-ideias-inovathon\/","title":{"rendered":"<strong>Prefeitura de Manaus abre 40 vagas para competi\u00e7\u00e3o de ideias &#8216;Inovathon&#8217;<\/strong>"},"content":{"rendered":"\n<p>A Prefeitura de Manaus, por meio da Secretaria Municipal do Trabalho, Empreendedorismo e Inova\u00e7\u00e3o (Semtepi) e do Fundo Municipal de Empreendedorismo e Inova\u00e7\u00e3o (Fumipeq), abre nesta quinta-feira, 13\/7, as inscri\u00e7\u00f5es para a 1\u00aa edi\u00e7\u00e3o do \u201cInovathon Manaus 2023 &nbsp;Inove, desafie-se e deixe sua marca no futuro\u201d. Est\u00e3o sendo abertas 40 vagas para a competi\u00e7\u00e3o, que vai acontecer nos dias 21, 22 e 23 de julho no Casar\u00e3o da Inova\u00e7\u00e3o Cassina, no centro hist\u00f3rico.<\/p>\n\n\n\n<p>O Inova\u00e7\u00e3o faz parte do edital \u201cMais Inova\u00e7\u00e3o\u201d, e ser\u00e1 executado pelo Sebrae-AM. O evento \u00e9 direcionado a empreendedores, desenvolvedores, designers, especialistas em UX\/UI, estudantes, pesquisadores, que possuam ideias inovadoras para cria\u00e7\u00e3o de&nbsp;<em>startups<\/em>&nbsp;ou tecnologias com impactos positivos para a economia e a sociedade.<\/p>\n\n\n\n<p>\u201cEssa \u00e9 mais uma oportunidade que faz parte do edital \u2018Mais Inova\u00e7\u00e3o\u2019, que oferta uma vasta programa\u00e7\u00e3o de cursos, forma\u00e7\u00f5es de empreendedores e competi\u00e7\u00f5es de ideias, que fortalecem o ecossistema de inova\u00e7\u00e3o em Manaus. O evento tem como objetivo identificar problemas e construir solu\u00e7\u00f5es de interesse da sociedade, por meio da inova\u00e7\u00e3o\u201d, ressaltou o titular da Semtepi, Radyr J\u00fanior.<\/p>\n\n\n\n<p>Os inscritos devem ter a partir de 18 anos, escolaridade m\u00ednima com ensino m\u00e9dio e residir em Manaus. As inscri\u00e7\u00f5es ser\u00e3o realizadas exclusivamente on-line, pelo link&nbsp;<a href=\"https:\/\/bit.ly\/inovathon23\" target=\"_blank\" rel=\"noreferrer noopener\">httpsh\/\/bit.ly\/inovathon23<\/a>, at\u00e9 dia 19\/7.<\/p>\n\n\n\n<p><strong>Confira a programa\u00e7\u00e3o completa do evento<\/strong><\/p>\n\n\n\n<p><strong>Dia 1 &#8211; The networking<\/strong><\/p>\n\n\n\n<p>18h30 &#8211; 19h &#8211; Credenciamento<\/p>\n\n\n\n<p>19h &#8211; 19h30 &#8211; Boas-vindas e apresenta\u00e7\u00e3o do Inovathon Manaus<\/p>\n\n\n\n<p>19h30 &#8211; 20h &#8211; Din\u00e2micas de networking e separa\u00e7\u00e3o das equipes<\/p>\n\n\n\n<p>20h &#8211; 20h30 &#8211; Preenchimento do business model canvas<\/p>\n\n\n\n<p>0h30 &#8211; 21h30 &#8211; Apresenta\u00e7\u00e3o das equipes<\/p>\n\n\n\n<p>21h30 &#8211; 22h &#8211; Coffee break e networking<\/p>\n\n\n\n<p><strong>Dia 2 &#8211; The learn<\/strong><\/p>\n\n\n\n<p>08h &#8211; 09h &#8211; Workshop 1 &#8211; Design thinking<\/p>\n\n\n\n<p>09h &#8211; 10h &#8211; Lanche livre<\/p>\n\n\n\n<p>09h &#8211; 10h &#8211; Workshop 2 &#8211; Canvas business model<\/p>\n\n\n\n<p>10h &#8211; 11h &#8211; Trabalho em equipe &#8211; Desenvolvimento das ideias<\/p>\n\n\n\n<p>11h &#8211; 12h &#8211; Mentoria 1 &#8211; Desenvolvimento de produto<\/p>\n\n\n\n<p>12h &#8211; 13h &#8211; Almo\u00e7o e networking<\/p>\n\n\n\n<p>13h &#8211; 14h &#8211; Workshop 3 &#8211; Marketing digital<\/p>\n\n\n\n<p>14h &#8211; 15h &#8211; Workshop 4 &#8211; Canva design gr\u00e1fico<\/p>\n\n\n\n<p>15h &#8211; 16h &#8211; Trabalho em equipe &#8211; Desenvolvimento das ideias<\/p>\n\n\n\n<p>16h &#8211; 17h &#8211; Mentoria 2 &#8211; Estrat\u00e9gia de marketing e comunica\u00e7\u00e3o<\/p>\n\n\n\n<p>17h &#8211; 18h &#8211; Coffee Break e Networking<\/p>\n\n\n\n<p>18h &#8211; 19h &#8211; Workshop 5 &#8211; MVP (Minimum Viable Product)<\/p>\n\n\n\n<p>19h &#8211; 20h &#8211; Workshop 6 &#8211; Precifica\u00e7\u00e3o<\/p>\n\n\n\n<p>0h &#8211; 21h &#8211; Mentoria 3 &#8211; Modelagem de neg\u00f3cios<\/p>\n\n\n\n<p>21h &#8211; 21h30 &#8211; Trabalho em Equipe &#8211; Desenvolvimento das ideias<\/p>\n\n\n\n<p>21h30 &#8211; 22h &#8211; Coffee break e networking<\/p>\n\n\n\n<p><strong>Dia 3 &#8211; The competition<\/strong><\/p>\n\n\n\n<p>08h &#8211; 9h &#8211; Workshop 7 &#8211; Valida\u00e7\u00e3o de mercado<\/p>\n\n\n\n<p>9h &#8211; 10h &#8211; Lanche livre<\/p>\n\n\n\n<p>09h &#8211; 10h &#8211; Workshop 8 \u2013 Pitch<\/p>\n\n\n\n<p>10h &#8211; 11h &#8211; Trabalho em equipe &#8211; Desenvolvimento das ideias<\/p>\n\n\n\n<p>11h &#8211; 12h &#8211; Mentoria 4 &#8211; Pitch e apresenta\u00e7\u00e3o<\/p>\n\n\n\n<p>12h &#8211; 13h &#8211; Almo\u00e7o e networking<\/p>\n\n\n\n<p>13h &#8211; 14h &#8211; Mentoria 5 &#8211; Acesso a mercado<\/p>\n\n\n\n<p>14h &#8211; 15h &#8211; Trabalho em equipe &#8211; Desenvolvimento das ideias<\/p>\n\n\n\n<p>15h &#8211; 16h &#8211; Apresenta\u00e7\u00e3o de pitch<\/p>\n\n\n\n<p>16h30 &#8211; 17h &#8211; Delibera\u00e7\u00e3o dos jurados e premia\u00e7\u00e3o<\/p>\n\n\n\n<p>17h &#8211; 18h &#8211; Coffee break<\/p>\n\n\n\n<p>&#8212; &#8212; &#8212;&nbsp;<\/p>\n\n\n\n<p><strong>Texto \u2013 <\/strong>Luiza Maria \/ Semtepi<\/p>\n\n\n\n<p><strong>Fotos \u2013 <\/strong>Jo\u00e3o Viana \/ Arquivo Semcom<\/p>\n\n\n\n<p>Dispon\u00edveis em &#8211; <a href=\"https:\/\/flic.kr\/p\/2nq8D2m\">https:\/\/flic.kr\/p\/2nq8D2m<\/a><\/p>\n","protected":false},"excerpt":{"rendered":"","protected":false},"author":31,"featured_media":2223,"comment_status":"closed","ping_status":"closed","sticky":false,"template":"","format":"standard","meta":{"footnotes":""},"categories":[344],"tags":[345,346,347,255],"acf":[],"yoast_head":"<!-- This site is optimized with the Yoast SEO plugin v23.0 - https:\/\/yoast.com\/wordpress\/plugins\/seo\/ -->\n<title>Prefeitura de Manaus abre 40 vagas para competi\u00e7\u00e3o de ideias &#039;Inovathon&#039; - SEMTEPI<\/title>\n<meta name=\"robots\" content=\"noindex, follow\" \/>\n<meta property=\"og:locale\" content=\"pt_BR\" \/>\n<meta property=\"og:type\" content=\"article\" \/>\n<meta property=\"og:title\" content=\"Prefeitura de Manaus abre 40 vagas para competi\u00e7\u00e3o de ideias &#039;Inovathon&#039; - SEMTEPI\" \/>\n<meta property=\"og:url\" content=\"https:\/\/www.manaus.am.gov.br\/semtepi\/inscricao\/prefeitura-de-manaus-abre-40-vagas-para-competicao-de-ideias-inovathon\/\" \/>\n<meta property=\"og:site_name\" content=\"SEMTEPI\" \/>\n<meta property=\"article:published_time\" content=\"2023-07-13T21:34:03+00:00\" \/>\n<meta property=\"article:modified_time\" content=\"2023-07-13T21:34:04+00:00\" \/>\n<meta property=\"og:image\" content=\"https:\/\/www.manaus.am.gov.br\/semtepi\/wp-content\/uploads\/sites\/20\/2023\/07\/52125270906_dcefe12fc7_c.jpg\" \/>\n\t<meta property=\"og:image:width\" content=\"799\" \/>\n\t<meta property=\"og:image:height\" content=\"533\" \/>\n\t<meta property=\"og:image:type\" content=\"image\/jpeg\" \/>\n<meta name=\"author\" content=\"Renata Felix\" \/>\n<meta name=\"twitter:card\" content=\"summary_large_image\" \/>\n<meta name=\"twitter:label1\" content=\"Written by\" \/>\n\t<meta name=\"twitter:data1\" content=\"Renata Felix\" \/>\n\t<meta name=\"twitter:label2\" content=\"Est. reading time\" \/>\n\t<meta name=\"twitter:data2\" content=\"3 minutos\" \/>\n<script type=\"application\/ld+json\" class=\"yoast-schema-graph\">{\"@context\":\"https:\/\/schema.org\",\"@graph\":[{\"@type\":\"Article\",\"@id\":\"https:\/\/www.manaus.am.gov.br\/semtepi\/inscricao\/prefeitura-de-manaus-abre-40-vagas-para-competicao-de-ideias-inovathon\/#article\",\"isPartOf\":{\"@id\":\"https:\/\/www.manaus.am.gov.br\/semtepi\/inscricao\/prefeitura-de-manaus-abre-40-vagas-para-competicao-de-ideias-inovathon\/\"},\"author\":{\"name\":\"Renata Felix\",\"@id\":\"https:\/\/www.manaus.am.gov.br\/semtepi\/#\/schema\/person\/4eea2a8f78dc853097abb026f728aa06\"},\"headline\":\"Prefeitura de Manaus abre 40 vagas para competi\u00e7\u00e3o de ideias &#8216;Inovathon&#8217;\",\"datePublished\":\"2023-07-13T21:34:03+00:00\",\"dateModified\":\"2023-07-13T21:34:04+00:00\",\"mainEntityOfPage\":{\"@id\":\"https:\/\/www.manaus.am.gov.br\/semtepi\/inscricao\/prefeitura-de-manaus-abre-40-vagas-para-competicao-de-ideias-inovathon\/\"},\"wordCount\":581,\"publisher\":{\"@id\":\"https:\/\/www.manaus.am.gov.br\/semtepi\/#organization\"},\"image\":{\"@id\":\"https:\/\/www.manaus.am.gov.br\/semtepi\/inscricao\/prefeitura-de-manaus-abre-40-vagas-para-competicao-de-ideias-inovathon\/#primaryimage\"},\"thumbnailUrl\":\"https:\/\/www.manaus.am.gov.br\/semtepi\/wp-content\/uploads\/sites\/20\/2023\/07\/52125270906_dcefe12fc7_c.jpg\",\"keywords\":[\"competi\u00e7\u00e3o\",\"desafio\",\"Inovathon Manaus 2023\",\"inscri\u00e7\u00f5es abertas\"],\"articleSection\":[\"Inscri\u00e7\u00e3o\"],\"inLanguage\":\"pt-BR\"},{\"@type\":\"WebPage\",\"@id\":\"https:\/\/www.manaus.am.gov.br\/semtepi\/inscricao\/prefeitura-de-manaus-abre-40-vagas-para-competicao-de-ideias-inovathon\/\",\"url\":\"https:\/\/www.manaus.am.gov.br\/semtepi\/inscricao\/prefeitura-de-manaus-abre-40-vagas-para-competicao-de-ideias-inovathon\/\",\"name\":\"Prefeitura de Manaus abre 40 vagas para competi\u00e7\u00e3o de ideias 'Inovathon' - SEMTEPI\",\"isPartOf\":{\"@id\":\"https:\/\/www.manaus.am.gov.br\/semtepi\/#website\"},\"primaryImageOfPage\":{\"@id\":\"https:\/\/www.manaus.am.gov.br\/semtepi\/inscricao\/prefeitura-de-manaus-abre-40-vagas-para-competicao-de-ideias-inovathon\/#primaryimage\"},\"image\":{\"@id\":\"https:\/\/www.manaus.am.gov.br\/semtepi\/inscricao\/prefeitura-de-manaus-abre-40-vagas-para-competicao-de-ideias-inovathon\/#primaryimage\"},\"thumbnailUrl\":\"https:\/\/www.manaus.am.gov.br\/semtepi\/wp-content\/uploads\/sites\/20\/2023\/07\/52125270906_dcefe12fc7_c.jpg\",\"datePublished\":\"2023-07-13T21:34:03+00:00\",\"dateModified\":\"2023-07-13T21:34:04+00:00\",\"breadcrumb\":{\"@id\":\"https:\/\/www.manaus.am.gov.br\/semtepi\/inscricao\/prefeitura-de-manaus-abre-40-vagas-para-competicao-de-ideias-inovathon\/#breadcrumb\"},\"inLanguage\":\"pt-BR\",\"potentialAction\":[{\"@type\":\"ReadAction\",\"target\":[\"https:\/\/www.manaus.am.gov.br\/semtepi\/inscricao\/prefeitura-de-manaus-abre-40-vagas-para-competicao-de-ideias-inovathon\/\"]}]},{\"@type\":\"ImageObject\",\"inLanguage\":\"pt-BR\",\"@id\":\"https:\/\/www.manaus.am.gov.br\/semtepi\/inscricao\/prefeitura-de-manaus-abre-40-vagas-para-competicao-de-ideias-inovathon\/#primaryimage\",\"url\":\"https:\/\/www.manaus.am.gov.br\/semtepi\/wp-content\/uploads\/sites\/20\/2023\/07\/52125270906_dcefe12fc7_c.jpg\",\"contentUrl\":\"https:\/\/www.manaus.am.gov.br\/semtepi\/wp-content\/uploads\/sites\/20\/2023\/07\/52125270906_dcefe12fc7_c.jpg\",\"width\":799,\"height\":533},{\"@type\":\"BreadcrumbList\",\"@id\":\"https:\/\/www.manaus.am.gov.br\/semtepi\/inscricao\/prefeitura-de-manaus-abre-40-vagas-para-competicao-de-ideias-inovathon\/#breadcrumb\",\"itemListElement\":[{\"@type\":\"ListItem\",\"position\":1,\"name\":\"Home\",\"item\":\"https:\/\/www.manaus.am.gov.br\/semtepi\/\"},{\"@type\":\"ListItem\",\"position\":2,\"name\":\"Prefeitura de Manaus abre 40 vagas para competi\u00e7\u00e3o de ideias &#8216;Inovathon&#8217;\"}]},{\"@type\":\"WebSite\",\"@id\":\"https:\/\/www.manaus.am.gov.br\/semtepi\/#website\",\"url\":\"https:\/\/www.manaus.am.gov.br\/semtepi\/\",\"name\":\"SEMTEPI\",\"description\":\"Prefeitura de Manaus\",\"publisher\":{\"@id\":\"https:\/\/www.manaus.am.gov.br\/semtepi\/#organization\"},\"alternateName\":\"Secretaria Municipal do Trabalho, Empreendedorismo e Inova\u00e7\u00e3o\",\"potentialAction\":[{\"@type\":\"SearchAction\",\"target\":{\"@type\":\"EntryPoint\",\"urlTemplate\":\"https:\/\/www.manaus.am.gov.br\/semtepi\/?s={search_term_string}\"},\"query-input\":\"required name=search_term_string\"}],\"inLanguage\":\"pt-BR\"},{\"@type\":\"Organization\",\"@id\":\"https:\/\/www.manaus.am.gov.br\/semtepi\/#organization\",\"name\":\"Prefeitura Municipal de Manaus\",\"alternateName\":\"Prefeitura de Manaus\",\"url\":\"https:\/\/www.manaus.am.gov.br\/semtepi\/\",\"logo\":{\"@type\":\"ImageObject\",\"inLanguage\":\"pt-BR\",\"@id\":\"https:\/\/www.manaus.am.gov.br\/semtepi\/#\/schema\/logo\/image\/\",\"url\":\"https:\/\/www.manaus.am.gov.br\/semtepi\/wp-content\/uploads\/sites\/20\/2024\/07\/favicon.png\",\"contentUrl\":\"https:\/\/www.manaus.am.gov.br\/semtepi\/wp-content\/uploads\/sites\/20\/2024\/07\/favicon.png\",\"width\":300,\"height\":300,\"caption\":\"Prefeitura Municipal de Manaus\"},\"image\":{\"@id\":\"https:\/\/www.manaus.am.gov.br\/semtepi\/#\/schema\/logo\/image\/\"}},{\"@type\":\"Person\",\"@id\":\"https:\/\/www.manaus.am.gov.br\/semtepi\/#\/schema\/person\/4eea2a8f78dc853097abb026f728aa06\",\"name\":\"Renata Felix\",\"image\":{\"@type\":\"ImageObject\",\"inLanguage\":\"pt-BR\",\"@id\":\"https:\/\/www.manaus.am.gov.br\/semtepi\/#\/schema\/person\/image\/\",\"url\":\"https:\/\/secure.gravatar.com\/avatar\/3c196cf9d3b837b24c8edb2c50fd8f29?s=96&d=mm&r=g\",\"contentUrl\":\"https:\/\/secure.gravatar.com\/avatar\/3c196cf9d3b837b24c8edb2c50fd8f29?s=96&d=mm&r=g\",\"caption\":\"Renata Felix\"}}]}<\/script>\n<!-- \/ Yoast SEO plugin. -->","yoast_head_json":{"title":"Prefeitura de Manaus abre 40 vagas para competi\u00e7\u00e3o de ideias 'Inovathon' - SEMTEPI","robots":{"index":"noindex","follow":"follow"},"og_locale":"pt_BR","og_type":"article","og_title":"Prefeitura de Manaus abre 40 vagas para competi\u00e7\u00e3o de ideias 'Inovathon' - SEMTEPI","og_url":"https:\/\/www.manaus.am.gov.br\/semtepi\/inscricao\/prefeitura-de-manaus-abre-40-vagas-para-competicao-de-ideias-inovathon\/","og_site_name":"SEMTEPI","article_published_time":"2023-07-13T21:34:03+00:00","article_modified_time":"2023-07-13T21:34:04+00:00","og_image":[{"width":799,"height":533,"url":"https:\/\/www.manaus.am.gov.br\/semtepi\/wp-content\/uploads\/sites\/20\/2023\/07\/52125270906_dcefe12fc7_c.jpg","type":"image\/jpeg"}],"author":"Renata Felix","twitter_card":"summary_large_image","twitter_misc":{"Written by":"Renata Felix","Est. reading time":"3 minutos"},"schema":{"@context":"https:\/\/schema.org","@graph":[{"@type":"Article","@id":"https:\/\/www.manaus.am.gov.br\/semtepi\/inscricao\/prefeitura-de-manaus-abre-40-vagas-para-competicao-de-ideias-inovathon\/#article","isPartOf":{"@id":"https:\/\/www.manaus.am.gov.br\/semtepi\/inscricao\/prefeitura-de-manaus-abre-40-vagas-para-competicao-de-ideias-inovathon\/"},"author":{"name":"Renata Felix","@id":"https:\/\/www.manaus.am.gov.br\/semtepi\/#\/schema\/person\/4eea2a8f78dc853097abb026f728aa06"},"headline":"Prefeitura de Manaus abre 40 vagas para competi\u00e7\u00e3o de ideias &#8216;Inovathon&#8217;","datePublished":"2023-07-13T21:34:03+00:00","dateModified":"2023-07-13T21:34:04+00:00","mainEntityOfPage":{"@id":"https:\/\/www.manaus.am.gov.br\/semtepi\/inscricao\/prefeitura-de-manaus-abre-40-vagas-para-competicao-de-ideias-inovathon\/"},"wordCount":581,"publisher":{"@id":"https:\/\/www.manaus.am.gov.br\/semtepi\/#organization"},"image":{"@id":"https:\/\/www.manaus.am.gov.br\/semtepi\/inscricao\/prefeitura-de-manaus-abre-40-vagas-para-competicao-de-ideias-inovathon\/#primaryimage"},"thumbnailUrl":"https:\/\/www.manaus.am.gov.br\/semtepi\/wp-content\/uploads\/sites\/20\/2023\/07\/52125270906_dcefe12fc7_c.jpg","keywords":["competi\u00e7\u00e3o","desafio","Inovathon Manaus 2023","inscri\u00e7\u00f5es abertas"],"articleSection":["Inscri\u00e7\u00e3o"],"inLanguage":"pt-BR"},{"@type":"WebPage","@id":"https:\/\/www.manaus.am.gov.br\/semtepi\/inscricao\/prefeitura-de-manaus-abre-40-vagas-para-competicao-de-ideias-inovathon\/","url":"https:\/\/www.manaus.am.gov.br\/semtepi\/inscricao\/prefeitura-de-manaus-abre-40-vagas-para-competicao-de-ideias-inovathon\/","name":"Prefeitura de Manaus abre 40 vagas para competi\u00e7\u00e3o de ideias 'Inovathon' - SEMTEPI","isPartOf":{"@id":"https:\/\/www.manaus.am.gov.br\/semtepi\/#website"},"primaryImageOfPage":{"@id":"https:\/\/www.manaus.am.gov.br\/semtepi\/inscricao\/prefeitura-de-manaus-abre-40-vagas-para-competicao-de-ideias-inovathon\/#primaryimage"},"image":{"@id":"https:\/\/www.manaus.am.gov.br\/semtepi\/inscricao\/prefeitura-de-manaus-abre-40-vagas-para-competicao-de-ideias-inovathon\/#primaryimage"},"thumbnailUrl":"https:\/\/www.manaus.am.gov.br\/semtepi\/wp-content\/uploads\/sites\/20\/2023\/07\/52125270906_dcefe12fc7_c.jpg","datePublished":"2023-07-13T21:34:03+00:00","dateModified":"2023-07-13T21:34:04+00:00","breadcrumb":{"@id":"https:\/\/www.manaus.am.gov.br\/semtepi\/inscricao\/prefeitura-de-manaus-abre-40-vagas-para-competicao-de-ideias-inovathon\/#breadcrumb"},"inLanguage":"pt-BR","potentialAction":[{"@type":"ReadAction","target":["https:\/\/www.manaus.am.gov.br\/semtepi\/inscricao\/prefeitura-de-manaus-abre-40-vagas-para-competicao-de-ideias-inovathon\/"]}]},{"@type":"ImageObject","inLanguage":"pt-BR","@id":"https:\/\/www.manaus.am.gov.br\/semtepi\/inscricao\/prefeitura-de-manaus-abre-40-vagas-para-competicao-de-ideias-inovathon\/#primaryimage","url":"https:\/\/www.manaus.am.gov.br\/semtepi\/wp-content\/uploads\/sites\/20\/2023\/07\/52125270906_dcefe12fc7_c.jpg","contentUrl":"https:\/\/www.manaus.am.gov.br\/semtepi\/wp-content\/uploads\/sites\/20\/2023\/07\/52125270906_dcefe12fc7_c.jpg","width":799,"height":533},{"@type":"BreadcrumbList","@id":"https:\/\/www.manaus.am.gov.br\/semtepi\/inscricao\/prefeitura-de-manaus-abre-40-vagas-para-competicao-de-ideias-inovathon\/#breadcrumb","itemListElement":[{"@type":"ListItem","position":1,"name":"Home","item":"https:\/\/www.manaus.am.gov.br\/semtepi\/"},{"@type":"ListItem","position":2,"name":"Prefeitura de Manaus abre 40 vagas para competi\u00e7\u00e3o de ideias &#8216;Inovathon&#8217;"}]},{"@type":"WebSite","@id":"https:\/\/www.manaus.am.gov.br\/semtepi\/#website","url":"https:\/\/www.manaus.am.gov.br\/semtepi\/","name":"SEMTEPI","description":"Prefeitura de Manaus","publisher":{"@id":"https:\/\/www.manaus.am.gov.br\/semtepi\/#organization"},"alternateName":"Secretaria Municipal do Trabalho, Empreendedorismo e Inova\u00e7\u00e3o","potentialAction":[{"@type":"SearchAction","target":{"@type":"EntryPoint","urlTemplate":"https:\/\/www.manaus.am.gov.br\/semtepi\/?s={search_term_string}"},"query-input":"required name=search_term_string"}],"inLanguage":"pt-BR"},{"@type":"Organization","@id":"https:\/\/www.manaus.am.gov.br\/semtepi\/#organization","name":"Prefeitura Municipal de Manaus","alternateName":"Prefeitura de Manaus","url":"https:\/\/www.manaus.am.gov.br\/semtepi\/","logo":{"@type":"ImageObject","inLanguage":"pt-BR","@id":"https:\/\/www.manaus.am.gov.br\/semtepi\/#\/schema\/logo\/image\/","url":"https:\/\/www.manaus.am.gov.br\/semtepi\/wp-content\/uploads\/sites\/20\/2024\/07\/favicon.png","contentUrl":"https:\/\/www.manaus.am.gov.br\/semtepi\/wp-content\/uploads\/sites\/20\/2024\/07\/favicon.png","width":300,"height":300,"caption":"Prefeitura Municipal de Manaus"},"image":{"@id":"https:\/\/www.manaus.am.gov.br\/semtepi\/#\/schema\/logo\/image\/"}},{"@type":"Person","@id":"https:\/\/www.manaus.am.gov.br\/semtepi\/#\/schema\/person\/4eea2a8f78dc853097abb026f728aa06","name":"Renata Felix","image":{"@type":"ImageObject","inLanguage":"pt-BR","@id":"https:\/\/www.manaus.am.gov.br\/semtepi\/#\/schema\/person\/image\/","url":"https:\/\/secure.gravatar.com\/avatar\/3c196cf9d3b837b24c8edb2c50fd8f29?s=96&d=mm&r=g","contentUrl":"https:\/\/secure.gravatar.com\/avatar\/3c196cf9d3b837b24c8edb2c50fd8f29?s=96&d=mm&r=g","caption":"Renata Felix"}}]}},"_links":{"self":[{"href":"https:\/\/www.manaus.am.gov.br\/semtepi\/wp-json\/wp\/v2\/posts\/2222"}],"collection":[{"href":"https:\/\/www.manaus.am.gov.br\/semtepi\/wp-json\/wp\/v2\/posts"}],"about":[{"href":"https:\/\/www.manaus.am.gov.br\/semtepi\/wp-json\/wp\/v2\/types\/post"}],"author":[{"embeddable":true,"href":"https:\/\/www.manaus.am.gov.br\/semtepi\/wp-json\/wp\/v2\/users\/31"}],"replies":[{"embeddable":true,"href":"https:\/\/www.manaus.am.gov.br\/semtepi\/wp-json\/wp\/v2\/comments?post=2222"}],"version-history":[{"count":0,"href":"https:\/\/www.manaus.am.gov.br\/semtepi\/wp-json\/wp\/v2\/posts\/2222\/revisions"}],"wp:featuredmedia":[{"embeddable":true,"href":"https:\/\/www.manaus.am.gov.br\/semtepi\/wp-json\/wp\/v2\/media\/2223"}],"wp:attachment":[{"href":"https:\/\/www.manaus.am.gov.br\/semtepi\/wp-json\/wp\/v2\/media?parent=2222"}],"wp:term":[{"taxonomy":"category","embeddable":true,"href":"https:\/\/www.manaus.am.gov.br\/semtepi\/wp-json\/wp\/v2\/categories?post=2222"},{"taxonomy":"post_tag","embeddable":true,"href":"https:\/\/www.manaus.am.gov.br\/semtepi\/wp-json\/wp\/v2\/tags?post=2222"}],"curies":[{"name":"wp","href":"https:\/\/api.w.org\/{rel}","templated":true}]}}