{"id":2179,"date":"2023-07-05T15:30:28","date_gmt":"2023-07-05T19:30:28","guid":{"rendered":"https:\/\/www.manaus.am.gov.br\/semtepi\/sem-categoria\/sine-manaus-oferta-138-vagas-de-emprego-nesta-quinta-feira-6-7\/"},"modified":"2023-07-05T15:30:29","modified_gmt":"2023-07-05T19:30:29","slug":"sine-manaus-oferta-138-vagas-de-emprego-nesta-quinta-feira-6-7","status":"publish","type":"post","link":"https:\/\/www.manaus.am.gov.br\/semtepi\/oportunidade\/sine-manaus-oferta-138-vagas-de-emprego-nesta-quinta-feira-6-7\/","title":{"rendered":"<strong>Sine Manaus oferta 138 vagas de emprego nesta quinta-feira, 6\/7<\/strong>"},"content":{"rendered":"\n<p>A Prefeitura de Manaus, por meio do Sine Manaus, oferta 138\u00a0vagas de emprego em v\u00e1rias \u00e1reas de atua\u00e7\u00e3o, nesta quinta-feira, 6\/7,\u00a0de 8h \u00e0s 16h. O candidato precisa validar a Carteira Digital e Previd\u00eancia Social (CTPS) no aplicativo \u201cCarteira de Trabalho Digital\u201d ou acessar o site\u00a0<a href=\"http:\/\/gov.br\/trabalho\" target=\"_blank\" rel=\"noreferrer noopener\">http:\/\/gov.br\/trabalho<\/a>\u00a0e para concorrer \u00e0s vagas, deve acessar o site\u00a0<a href=\"http:\/\/empregabrasil.mte.gov.br\/\" target=\"_blank\" rel=\"noreferrer noopener\">http:\/\/empregabrasil.mte.gov.br<\/a>\u00a0para fazer a solicita\u00e7\u00e3o de cadastro.<\/p>\n\n\n\n<p>Para participar da pr\u00e9-sele\u00e7\u00e3o e concorrer a uma das vagas dispon\u00edveis, ou receber orienta\u00e7\u00e3o de cadastro, Carteira de Trabalho Digital e seguro-desemprego, os candidatos devem comparecer a um dos postos do Sine Manaus: na avenida Constantino Nery, n\u00ba 1.272, bairro S\u00e3o Geraldo, zona Centro-Sul; ou no shopping Phelippe Daou, na&nbsp;<a href=\"https:\/\/www.google.com\/maps\/search\/avenida+Camapu%C3%A3,+n%C2%BA+2.939?entry=gmail&amp;source=g\">avenida Camapu\u00e3, n\u00ba 2.939<\/a>, bairro Cidade de Deus, zona Leste.<\/p>\n\n\n\n<p>A Semtepi informa que o atendimento no posto do shopping Phelippe Daou foi reduzido em virtude de reforma no espa\u00e7o, e orienta os cidad\u00e3os a comparecerem, preferencialmente, ao posto da avenida Constantino Nery.<\/p>\n\n\n\n<p>Os interessados devem estar munidos do comprovante de vacina\u00e7\u00e3o (Covid-19), curr\u00edculo e documentos pessoais (RG, CPF, PIS, CTPS, comprovante de escolaridade e resid\u00eancia). N\u00e3o \u00e9 necess\u00e1rio apresentar c\u00f3pias, somente os documentos originais.<\/p>\n\n\n\n<p><strong>Vagas Novas \u2013 19<\/strong><\/p>\n\n\n\n<p><strong>1 vaga \u2013 Oficial de Manuten\u00e7\u00e3o \u2013 vaga exclusiva para Pessoa com Defici\u00eancia (PcD)<\/strong><\/p>\n\n\n\n<p>Escolaridade \u2013 ensino m\u00e9dio completo;<\/p>\n\n\n\n<p>Experi\u00eancia \u2013 n\u00e3o \u00e9 necess\u00e1rio;<\/p>\n\n\n\n<p>Atividades \u2013&nbsp;limpar e manter limpo ambientes internos e externos, executando limpeza \u00famida e seca; limpar banheiros e demais ambientes de higiene pessoal; realizar coleta de lixo comum e recicl\u00e1vel; limpar portas e janelas de vidro, paredes e teto; cuidar dos vasos de plantas internas; varrer ambientes externos, coletando folhas secas; limpar cozinhas, \u00e1rea de servi\u00e7o, garagens e p\u00e1tios, assoalhos e m\u00f3veis, carpetes e tapetes; abastecer os ambientes com materiais; executar outras tarefas relacionadas \u00e0 \u00e1rea.<\/p>\n\n\n\n<p>Dispon\u00edvel at\u00e9 6\/7\/2023 ou encerramento da vaga.<\/p>\n\n\n\n<p><strong>1 vaga \u2013 Recepcionista de Hotel<\/strong><\/p>\n\n\n\n<p>Escolaridade \u2013 ensino m\u00e9dio completo;<\/p>\n\n\n\n<p>Experi\u00eancia \u2013 seis meses na Carteira de Trabalho;<\/p>\n\n\n\n<p>Requisitos obrigat\u00f3rios \u2013 ter curso de Ingl\u00eas b\u00e1sico;<\/p>\n\n\n\n<p>Atividades \u2013 registrar os h\u00f3spedes, gerenciar reservas e fornecer informa\u00e7\u00f5es sobre quartos, tarifas e conveni\u00eancias.<\/p>\n\n\n\n<p>Dispon\u00edvel at\u00e9 6\/7\/2023 ou encerramento da vaga.<\/p>\n\n\n\n<p><strong>2 vagas \u2013 A\u00e7ougueiro<\/strong><\/p>\n\n\n\n<p>Escolaridade \u2013 ensino fundamental completo;<\/p>\n\n\n\n<p>Experi\u00eancia \u2013 seis meses na Carteira de Trabalho;<\/p>\n\n\n\n<p>Atividades \u2013 realizar atividades relacionadas ao recebimento de animais abatidos, sua desossa, prepara\u00e7\u00e3o e conserva\u00e7\u00e3o para a utiliza\u00e7\u00e3o; realizar desossa e limpeza de carnes vermelhas e brancas, cortes normais e especiais.<\/p>\n\n\n\n<p>Dispon\u00edvel at\u00e9 6\/7\/2023 ou encerramento da vaga.<\/p>\n\n\n\n<p><strong>3 vagas \u2013 Operador de Caixa<\/strong><\/p>\n\n\n\n<p>Escolaridade \u2013 ensino m\u00e9dio completo;<\/p>\n\n\n\n<p>Experi\u00eancia \u2013 seis meses na Carteira de Trabalho;<\/p>\n\n\n\n<p>Atividades \u2013&nbsp;prestar atendimento ao cliente; fazer abertura e fechamento de caixa, processar e receber pagamentos e emitir notas fiscais.<\/p>\n\n\n\n<p>Dispon\u00edvel at\u00e9 6\/7\/2023 ou encerramento da vaga.<\/p>\n\n\n\n<p><strong>1 vaga \u2013 Vendedor Interno<\/strong><\/p>\n\n\n\n<p>Escolaridade \u2013 ensino m\u00e9dio completo;<\/p>\n\n\n\n<p>Experi\u00eancia \u2013 tr\u00eas meses na Carteira de Trabalho;<\/p>\n\n\n\n<p>Requisitos obrigat\u00f3rios \u2013 ter experi\u00eancia com cons\u00f3rcios e empr\u00e9stimos consignados;<\/p>\n\n\n\n<p>Atividades \u2013 prestar atendimento direto ao consumidor; negociar pre\u00e7os, prazos, condi\u00e7\u00f5es de pagamento e descontos das vendas; orientar o cliente sobre as especifica\u00e7\u00f5es dos produtos e servi\u00e7os; controlar a demanda dos pedidos em estoque e cumprir as metas de vendas.<\/p>\n\n\n\n<p>Dispon\u00edvel at\u00e9 6\/7\/2023 ou encerramento da vaga.<\/p>\n\n\n\n<p><strong>4 vagas \u2013 Estoquista<\/strong><\/p>\n\n\n\n<p>Escolaridade \u2013 ensino m\u00e9dio completo;<\/p>\n\n\n\n<p>Experi\u00eancia \u2013 seis meses na Carteira de Trabalho;<\/p>\n\n\n\n<p>Requisitos obrigat\u00f3rios \u2013 ter curso de estoquista atualizado;<\/p>\n\n\n\n<p>Atividades \u2013 recepcionar, conferir e armazenar produtos e materiais em almoxarifados, armaz\u00e9ns, silos e dep\u00f3sitos; fazer lan\u00e7amentos da movimenta\u00e7\u00e3o de entradas e sa\u00eddas e controlar os estoques; distribuir produtos e materiais a serem expedidos; organizar o almoxarifado para facilitar a movimenta\u00e7\u00e3o dos itens armazenados, preservar o estoque limpo e organizado; empacotar e desempacotar produtos; realizar expedi\u00e7\u00e3o de materiais e produtos, examinando e providenciando despachos; auxiliar no processo de log\u00edstica;&nbsp;preferencialmente residir no bairro Tarum\u00e3-A\u00e7\u00fa ou proximidades.<\/p>\n\n\n\n<p>Dispon\u00edvel at\u00e9 6\/7\/2023 ou encerramento da vaga.<\/p>\n\n\n\n<p><strong>4 vagas \u2013 Operador de Empilhadeira<\/strong><\/p>\n\n\n\n<p>Escolaridade \u2013 ensino m\u00e9dio completo;<\/p>\n\n\n\n<p>Experi\u00eancia \u2013 seis meses na Carteira de Trabalho;<\/p>\n\n\n\n<p>Requisitos obrigat\u00f3rios \u2013 ter curso de empilhadeira atualizado;<\/p>\n\n\n\n<p>Atividades \u2013 preparar e movimentar carga; organizar carga, interpretar simbologia das embalagens, armazenar de acordo com o prazo de validade do produto, identificar caracter\u00edsticas da carga para transporte, armazenar e separar carga n\u00e3o-conforme; realizar manuten\u00e7\u00f5es previstas em equipamentos para movimenta\u00e7\u00e3o de cargas; trabalhar seguindo normas de seguran\u00e7a, higiene, qualidade e prote\u00e7\u00e3o ao meio ambiente;&nbsp;preferencialmente residir no bairro Tarum\u00e3-A\u00e7\u00fa ou proximidades.<\/p>\n\n\n\n<p>Dispon\u00edvel at\u00e9 6\/7\/2023 ou encerramento da vaga.<\/p>\n\n\n\n<p><strong>1 vaga \u2013 Auxiliar de Limpeza<\/strong><\/p>\n\n\n\n<p>Escolaridade \u2013 ensino fundamental completo;<\/p>\n\n\n\n<p>Experi\u00eancia \u2013 seis meses na Carteira de Trabalho;<\/p>\n\n\n\n<p>Requisitos obrigat\u00f3rios \u2013 ter Carteira Nacional de Habilita\u00e7\u00e3o categoria \u201cA\u201d;<\/p>\n\n\n\n<p>Atividades \u2013&nbsp;limpar e manter limpo ambientes internos e externos, executando limpeza \u00famida e seca; limpar banheiros e demais ambientes de higiene pessoal; realizar coleta de lixo comum e recicl\u00e1vel; limpar portas e janelas de vidro, paredes e teto; cuidar dos vasos de plantas internas; varrer ambientes externos, coletando folhas secas; limpar cozinhas, \u00e1rea de servi\u00e7o, garagens e p\u00e1tios, assoalhos e m\u00f3veis, carpetes e tapetes; abastecer os ambientes com materiais; executar outras tarefas relacionadas \u00e0 \u00e1rea.<\/p>\n\n\n\n<p>Dispon\u00edvel at\u00e9 6\/7\/2023 ou encerramento da vaga.<\/p>\n\n\n\n<p><strong>1 vaga \u2013 Art\u00edfice de Manuten\u00e7\u00e3o<\/strong><\/p>\n\n\n\n<p>Escolaridade \u2013 ensino m\u00e9dio completo;<\/p>\n\n\n\n<p>Experi\u00eancia \u2013 seis meses na Carteira de Trabalho;<\/p>\n\n\n\n<p>Requisitos obrigat\u00f3rios &#8211; ter cursos de NR-10 e NR-35;<\/p>\n\n\n\n<p>Atividades \u2013 identificar instala\u00e7\u00f5es hidro sanit\u00e1rias, esgoto a v\u00e1cuo e aquecedores a g\u00e1s; executar instala\u00e7\u00f5es hidros sanit\u00e1rias e de esgoto a v\u00e1cuo em PVC, CPVC, cobre e ferro, e de bombas do sistema hidro sanit\u00e1rio e esgoto a v\u00e1cuo; montar, instalar e reparar circuitos el\u00e9tricos de baixa tens\u00e3o em geral; consertar motores de bombas; avaliar e instalar equipamentos el\u00e9tricos; realizar manuten\u00e7\u00e3o preventiva em subesta\u00e7\u00f5es de m\u00e9dia tens\u00e3o; realizar testes para identificar e localizar defeitos na instala\u00e7\u00e3o e no funcionamento dos equipamentos; realizar inspe\u00e7\u00f5es rotineiras com elabora\u00e7\u00e3o de relat\u00f3rios e demais atribui\u00e7\u00f5es inerentes \u00e0 fun\u00e7\u00e3o.<\/p>\n\n\n\n<p>Dispon\u00edvel at\u00e9 6\/7\/2023 ou encerramento da vaga.<\/p>\n\n\n\n<p><strong>1 vaga \u2013 Auxiliar de Produ\u00e7\u00e3o \u2013 vaga exclusiva para Pessoa com Defici\u00eancia (PcD)<\/strong><\/p>\n\n\n\n<p>Escolaridade \u2013 ensino m\u00e9dio completo;<\/p>\n\n\n\n<p>Experi\u00eancia \u2013 n\u00e3o \u00e9 necess\u00e1rio;<\/p>\n\n\n\n<p>Atividades \u2013 atuar no setor de produ\u00e7\u00e3o da empresa do segmento eletroeletr\u00f4nico: montagem de placas, embalagem em processos de linha de produ\u00e7\u00e3o e controle de qualidade.<\/p>\n\n\n\n<p>Dispon\u00edvel at\u00e9 6\/7\/2023 ou encerramento da vaga.<\/p>\n\n\n\n<p><strong>Vagas no Com\u00e9rcio \u2013 30<\/strong><\/p>\n\n\n\n<p><strong>1 vaga \u2013 Operador de M\u00e1quinas<\/strong><\/p>\n\n\n\n<p>Escolaridade \u2013 ensino m\u00e9dio completo;<\/p>\n\n\n\n<p>Experi\u00eancia \u2013 registrada na Carteira de Trabalho;<\/p>\n\n\n\n<p>Requisitos obrigat\u00f3rios \u2013 ter experi\u00eancia com costura (conhecimentos b\u00e1sicos para identificar quebra de ponto e troca de linhas);<\/p>\n\n\n\n<p>Atividades \u2013 fabrica\u00e7\u00e3o de produtos no setor de costura, mais especificamente na produ\u00e7\u00e3o de fitas de tecido refletivo; cortar, montar e embalar produtos, como pel\u00edcula refletiva; realizar demais atividades que lhe forem designadas.<\/p>\n\n\n\n<p>Dispon\u00edvel at\u00e9 6\/7\/2023 ou encerramento da vaga.<\/p>\n\n\n\n<p><strong>5 vagas \u2013 Supervisor de Loja<\/strong><\/p>\n\n\n\n<p>Escolaridade \u2013 ensino m\u00e9dio completo;<\/p>\n\n\n\n<p>Experi\u00eancia \u2013 seis meses na Carteira de Trabalho;<\/p>\n\n\n\n<p>Atividades \u2013 acompanhar rotinas de vendas, definir escalas e hor\u00e1rios, organizar loja e conferir entrada e sa\u00edda de mercadorias, com objetivo de cumprir as regras estabelecidas pela empresa; identificar a necessidade de programas de treinamento e participar no planejamento de estrat\u00e9gias de promo\u00e7\u00e3o e propaganda.<\/p>\n\n\n\n<p>Dispon\u00edvel at\u00e9 6\/7\/2023 ou encerramento da vaga.<\/p>\n\n\n\n<p><strong>5 vagas \u2013 Consultor de Vendas<\/strong><\/p>\n\n\n\n<p>Escolaridade \u2013 ensino m\u00e9dio completo;<\/p>\n\n\n\n<p>Experi\u00eancia \u2013 seis meses na Carteira de Trabalho;<\/p>\n\n\n\n<p>Atividades \u2013 respons\u00e1vel pelas estrat\u00e9gias de vendas; entender as necessidades dos clientes e oferecer as melhores solu\u00e7\u00f5es, aumentando os resultados da equipe de vendas.<\/p>\n\n\n\n<p>Dispon\u00edvel at\u00e9 6\/7\/2023 ou encerramento da vaga.<\/p>\n\n\n\n<p><strong>2 vagas \u2013 Auxiliar de Produ\u00e7\u00e3o de Padaria<\/strong><\/p>\n\n\n\n<p>Escolaridade \u2013 ensino m\u00e9dio completo;<\/p>\n\n\n\n<p>Experi\u00eancia \u2013 n\u00e3o \u00e9 necess\u00e1rio;<\/p>\n\n\n\n<p>Requisitos obrigat\u00f3rios \u2013 ter curso de TBO e residir na zona Centro-Oeste de Manaus;<\/p>\n\n\n\n<p>Atividades \u2013 auxiliar o padeiro no preparo de p\u00e3es, salgados e massas; realizar fabrica\u00e7\u00e3o de p\u00e3es e bolos; controlar a qualidade de alimentos.<\/p>\n\n\n\n<p>Dispon\u00edvel at\u00e9 6\/7\/2023 ou encerramento da vaga.<\/p>\n\n\n\n<p><strong>2 vagas \u2013 Atendente<\/strong><\/p>\n\n\n\n<p>Escolaridade \u2013 ensino m\u00e9dio completo;<\/p>\n\n\n\n<p>Experi\u00eancia \u2013 seis meses na Carteira de Trabalho;<\/p>\n\n\n\n<p>Requisitos obrigat\u00f3rios \u2013 ter experi\u00eancia em Atendimento e residir na zona Centro-Oeste de Manaus;<\/p>\n\n\n\n<p>Atividades \u2013 ajudar os clientes com perguntas e solicita\u00e7\u00f5es, processar pagamentos, fazer liga\u00e7\u00f5es, verificar identifica\u00e7\u00f5es e lidar com documenta\u00e7\u00e3o.<\/p>\n\n\n\n<p>Dispon\u00edvel at\u00e9 6\/7\/2023 ou encerramento da vaga.<\/p>\n\n\n\n<p><strong>1 vaga \u2013 Chapeiro<\/strong><\/p>\n\n\n\n<p>Escolaridade \u2013 ensino m\u00e9dio completo;<\/p>\n\n\n\n<p>Experi\u00eancia \u2013 seis meses na Carteira de Trabalho;<\/p>\n\n\n\n<p>Atividades \u2013 atuar no preparo e montagem de lanches quentes, pratos r\u00e1pidos e por\u00e7\u00f5es em geral; organizar o local de trabalho e utens\u00edlios.<\/p>\n\n\n\n<p>Dispon\u00edvel at\u00e9 6\/7\/2023 ou encerramento da vaga.<\/p>\n\n\n\n<p><strong>1 vaga \u2013 Atendente de Balc\u00e3o<\/strong><\/p>\n\n\n\n<p>Escolaridade \u2013 ensino m\u00e9dio completo;<\/p>\n\n\n\n<p>Experi\u00eancia \u2013 seis meses na Carteira de Trabalho;<\/p>\n\n\n\n<p>Atividades \u2013 prestar atendimento aos clientes do estabelecimento, atrav\u00e9s de atividades como entregar card\u00e1pios, apresentar op\u00e7\u00f5es aos clientes, anotar pedidos, organizar e limpar o sal\u00e3o; respons\u00e1vel pelo fechamento de contas e pela cobran\u00e7a aos clientes.<\/p>\n\n\n\n<p>Dispon\u00edvel at\u00e9 6\/7\/2023 ou encerramento da vaga.<\/p>\n\n\n\n<p><strong>1 vaga \u2013 Auxiliar de Cozinha<\/strong><\/p>\n\n\n\n<p>Escolaridade \u2013 ensino fundamental completo;<\/p>\n\n\n\n<p>Experi\u00eancia \u2013 seis meses na Carteira de Trabalho;<\/p>\n\n\n\n<p>Atividades \u2013 auxiliar no preparo de refei\u00e7\u00f5es, sobremesas e lanches; manter a ordem e a limpeza da cozinha, realizando a coleta e a lavagem das bandejas e talheres.<\/p>\n\n\n\n<p>Dispon\u00edvel at\u00e9 6\/7\/2023 ou encerramento da vaga.<\/p>\n\n\n\n<p><strong>1 vaga \u2013 Estoquista<\/strong><\/p>\n\n\n\n<p>Escolaridade \u2013 ensino superior completo ou cursando log\u00edstica ou \u00e1reas afins;<\/p>\n\n\n\n<p>Experi\u00eancia \u2013 seis meses na Carteira de Trabalho;<\/p>\n\n\n\n<p>Requisitos obrigat\u00f3rios \u2013 ter conhecimento em pe\u00e7as de motos;<\/p>\n\n\n\n<p>Atividades \u2013 recepcionar, conferir e armazenar produtos e materiais em almoxarifados, armaz\u00e9ns, silos e dep\u00f3sitos; fazer os lan\u00e7amentos da movimenta\u00e7\u00e3o de entradas e sa\u00eddas e controlar estoques; distribuir produtos e materiais a serem expedidos; organizar o almoxarifado para facilitar a movimenta\u00e7\u00e3o dos itens armazenados, preservando o estoque limpo e organizado; empacotar e desempacotar produtos; realizar expedi\u00e7\u00e3o de materiais e produtos, examinando e providenciando&nbsp;&nbsp;despachos; auxiliar no processo de log\u00edstica.<\/p>\n\n\n\n<p>Dispon\u00edvel at\u00e9 6\/7\/2023 ou encerramento da vaga.<\/p>\n\n\n\n<p><strong>3 vagas \u2013 Ajudante de Carga e Descarga<\/strong><\/p>\n\n\n\n<p>Escolaridade \u2013 ensino m\u00e9dio completo;<\/p>\n\n\n\n<p>Experi\u00eancia \u2013 seis meses na Carteira de Trabalho;<\/p>\n\n\n\n<p>Atividades \u2013 preparar cargas e descargas de mercadorias para embarque; movimentar e fixar mercadorias; entregar e coletar encomendas; manusear cargas especiais; preparar embalagens; operar equipamentos de carga e descarga.<\/p>\n\n\n\n<p>Dispon\u00edvel at\u00e9 6\/7\/2023 ou encerramento da vaga.<\/p>\n\n\n\n<p><strong>1 vaga \u2013 Gerente Comercial<\/strong><\/p>\n\n\n\n<p>Escolaridade \u2013 ensino m\u00e9dio completo;<\/p>\n\n\n\n<p>Experi\u00eancia \u2013 seis meses na Carteira de Trabalho;<\/p>\n\n\n\n<p>Atividades \u2013 desenvolver estrat\u00e9gias de loja para aumentar a quantidade de clientes, expandir o tr\u00e1fego e otimizar a rentabilidade; atingir os objetivos de venda, treinando, motivando, orientando e dando feedback para o pessoal de vendas.<\/p>\n\n\n\n<p>Dispon\u00edvel at\u00e9 6\/7\/2023 ou encerramento da vaga.<\/p>\n\n\n\n<p><strong>1 vaga \u2013 Vendedor Interno<\/strong><\/p>\n\n\n\n<p>Escolaridade \u2013 ensino m\u00e9dio completo;<\/p>\n\n\n\n<p>Experi\u00eancia \u2013 seis meses na Carteira de Trabalho;<\/p>\n\n\n\n<p>Atividades \u2013 realizar atendimento a clientes; negociar pre\u00e7os, prazos, condi\u00e7\u00f5es de pagamento e descontos das vendas; orientar quanto \u00e0s especifica\u00e7\u00f5es dos produtos e servi\u00e7os; controlar os pedidos dos clientes, a qualidade dos produtos e prazo de entrega estabelecido.<\/p>\n\n\n\n<p>Dispon\u00edvel at\u00e9 6\/7\/2023 ou encerramento da vaga.<\/p>\n\n\n\n<p><strong>5 vagas \u2013 Consultor de Vendas<\/strong><\/p>\n\n\n\n<p>Escolaridade \u2013 ensino m\u00e9dio completo;<\/p>\n\n\n\n<p>Experi\u00eancia \u2013 seis meses na Carteira de Trabalho;<\/p>\n\n\n\n<p>Requisitos obrigat\u00f3rios \u2013 ter experi\u00eancia com vendas por telefone (planos de telefonia ou sa\u00fade);<\/p>\n\n\n\n<p>Atividades \u2013 realizar liga\u00e7\u00f5es di\u00e1rias para promover a venda de planos corporativos.<\/p>\n\n\n\n<p>Dispon\u00edvel at\u00e9 6\/7\/2023 ou encerramento da vaga.<\/p>\n\n\n\n<p><strong>1 vaga &#8211; Assistente Administrativo \u2013 vaga exclusiva para Pessoa com Defici\u00eancia (PcD)<\/strong><\/p>\n\n\n\n<p>Escolaridade \u2013 ensino m\u00e9dio completo;<\/p>\n\n\n\n<p>Experi\u00eancia \u2013 n\u00e3o \u00e9 necess\u00e1rio;<\/p>\n\n\n\n<p>Requisitos obrigat\u00f3rios \u2013 ter curso de Inform\u00e1tica avan\u00e7ada;<\/p>\n\n\n\n<p>Atividades \u2013 gerenciar documentos; realizar controles financeiros; suporte ao setor de recursos humanos; entre outras atividades.<\/p>\n\n\n\n<p>Dispon\u00edvel at\u00e9 6\/7\/2023 ou encerramento da vaga.<\/p>\n\n\n\n<p><strong>Vagas na Ind\u00fastria \u2013 6<\/strong><\/p>\n\n\n\n<p><strong>1 vaga \u2013 Marceneiro<\/strong><\/p>\n\n\n\n<p>Escolaridade \u2013 ensino m\u00e9dio completo;<\/p>\n\n\n\n<p>Experi\u00eancia \u2013 seis meses na Carteira de Trabalho;<\/p>\n\n\n\n<p>Requisitos obrigat\u00f3rios \u2013 ter conhecimento em corte de MDF, m\u00e1quina seccionadora, plano de corte de projeto e montagem;<\/p>\n\n\n\n<p>Atividades \u2013 confeccionar e reparar m\u00f3veis e pe\u00e7as e dar-lhes o acabamento requerido, utilizando equipamento adequado e guiando-se por desenhos e especifica\u00e7\u00f5es.<\/p>\n\n\n\n<p>Dispon\u00edvel at\u00e9 6\/7\/2023 ou encerramento da vaga.<\/p>\n\n\n\n<p><strong>1 vaga \u2013 Projetista de M\u00f3veis<\/strong><\/p>\n\n\n\n<p>Escolaridade \u2013 ensino m\u00e9dio completo;<\/p>\n\n\n\n<p>Experi\u00eancia \u2013 seis meses na Carteira de Trabalho;<\/p>\n\n\n\n<p>Requisitos obrigat\u00f3rios \u2013 ter disponibilidade para in\u00edcio imediato e experi\u00eancia;<\/p>\n\n\n\n<p>Atividades \u2013 desenvolver projetos de m\u00f3veis, analisar medidas, definir mat\u00e9ria-prima e elaborar pre\u00e7o de venda do produto.<\/p>\n\n\n\n<p>Dispon\u00edvel at\u00e9 6\/7\/2023 ou encerramento da vaga.<\/p>\n\n\n\n<p><strong>3 vagas \u2013 Auxiliar de Produ\u00e7\u00e3o \u2013 vagas exclusivas para Pessoas com Defici\u00eancia (PcD)<\/strong><\/p>\n\n\n\n<p>Escolaridade \u2013 ensino m\u00e9dio completo;<\/p>\n\n\n\n<p>Experi\u00eancia \u2013 seis meses na Carteira de Trabalho;<\/p>\n\n\n\n<p>Atividades \u2013 separar, embalar, conferir pe\u00e7as e materiais; aplicar etiquetas, adesivos e lacres; montagem de rel\u00f3gios.<\/p>\n\n\n\n<p>Dispon\u00edvel at\u00e9 6\/7\/2023 ou encerramento da vaga.<\/p>\n\n\n\n<p><strong>1 vaga \u2013 Motorista<\/strong><\/p>\n\n\n\n<p>Escolaridade \u2013 ensino m\u00e9dio completo;<\/p>\n\n\n\n<p>Experi\u00eancia \u2013 seis meses na Carteira de Trabalho;<\/p>\n\n\n\n<p>Requisitos obrigat\u00f3rios \u2013 ter Carteira Nacional de Habilita\u00e7\u00e3o categoria \u201cD\u201d dentro do prazo de validade e ve\u00edculo pr\u00f3prio; ter disponibilidade de hor\u00e1rio; residir no Distrito Industrial I ou adjac\u00eancias;<\/p>\n\n\n\n<p>Atividades \u2013 planejar e realizar rotas de funcion\u00e1rios; controlar km e abastecimento; realizar limpeza e manuten\u00e7\u00e3o do ve\u00edculo; utilizar software de navega\u00e7\u00e3o; efetuar retirada de documentos, pe\u00e7as e demais necessidades em fornecedores; atender a legisla\u00e7\u00e3o de tr\u00e2nsito vigente.<\/p>\n\n\n\n<p>Dispon\u00edvel at\u00e9 6\/7\/2023 ou encerramento da vaga.<\/p>\n\n\n\n<p><strong>Vagas em Servi\u00e7os \u2013 83<\/strong><\/p>\n\n\n\n<p><strong>10 vagas \u2013 Auxiliar de Servi\u00e7os Gerais \u2013 vagas exclusivas para Pessoas com Defici\u00eancia (PcD)<\/strong><\/p>\n\n\n\n<p>Escolaridade \u2013 ensino fundamental completo;<\/p>\n\n\n\n<p>Experi\u00eancia \u2013 n\u00e3o \u00e9 necess\u00e1rio;<\/p>\n\n\n\n<p>Requisitos obrigat\u00f3rios \u2013 ter disponibilidade de hor\u00e1rio;<\/p>\n\n\n\n<p>Atividades \u2013 realizar limpeza di\u00e1ria das depend\u00eancias da empresa; remover p\u00f3 dos m\u00f3veis, fazer varredura do piso, aspirar detritos, limpar ou lavar vidros e janelas, remover o lixo das lixeiras, higienizar os banheiros e repor materiais.<\/p>\n\n\n\n<p>Dispon\u00edvel at\u00e9 6\/7\/2023 ou encerramento da vaga.<\/p>\n\n\n\n<p><strong>1 vaga \u2013 Professor de L\u00edngua Inglesa<\/strong><\/p>\n\n\n\n<p>Escolaridade \u2013 ensino superior completo em l\u00edngua inglesa;<\/p>\n\n\n\n<p>Experi\u00eancia \u2013 seis meses na Carteira de Trabalho;<\/p>\n\n\n\n<p>Requisitos obrigat\u00f3rios \u2013 atuar nas \u00e1reas de Educa\u00e7\u00e3o Infantil, Ensino Fundamental l e ll;<\/p>\n\n\n\n<p>Atividades \u2013 ensinar os princ\u00edpios da l\u00edngua inglesa, usando diferentes m\u00e9todos para produzir cursos de sucesso.<\/p>\n\n\n\n<p>Dispon\u00edvel at\u00e9 6\/7\/2023 ou encerramento da vaga.<\/p>\n\n\n\n<p><strong>1 vaga \u2013 Pedagoga<\/strong><\/p>\n\n\n\n<p>Escolaridade \u2013 ensino superior completo em pedagogia;<\/p>\n\n\n\n<p>Experi\u00eancia \u2013 seis meses na Carteira de Trabalho;<\/p>\n\n\n\n<p>Requisitos obrigat\u00f3rios \u2013 ter experi\u00eancia na Educa\u00e7\u00e3o Infantil, Ensino Fundamental l e ll;<\/p>\n\n\n\n<p>Atividades \u2013 assessorar nas atividades de ensino, pesquisa e extens\u00e3o; estudar medidas que visem melhorar os processos pedag\u00f3gicos na educa\u00e7\u00e3o infantil; elaborar e desenvolver projetos educacionais; participar da elabora\u00e7\u00e3o de instrumentos espec\u00edficos de orienta\u00e7\u00e3o pedag\u00f3gica e educacional.<\/p>\n\n\n\n<p>Dispon\u00edvel at\u00e9 6\/7\/2023 ou encerramento da vaga.<\/p>\n\n\n\n<p><strong>25 vagas \u2013 Auxiliar de Servi\u00e7os Gerais \u2013 vagas exclusivas para Pessoas com Defici\u00eancia (PcD)<\/strong><\/p>\n\n\n\n<p>Escolaridade \u2013 ensino fundamental completo;<\/p>\n\n\n\n<p>Experi\u00eancia \u2013 n\u00e3o \u00e9 necess\u00e1rio;<\/p>\n\n\n\n<p>Requisitos obrigat\u00f3rios \u2013 ter disponibilidade de hor\u00e1rio;<\/p>\n\n\n\n<p>Atividades \u2013 realizar limpeza di\u00e1ria das depend\u00eancias da empresa; remover p\u00f3 dos m\u00f3veis, fazer varredura do piso, aspirar detritos, limpar ou lavar vidros e janelas, remover lixo das lixeiras, higienizar banheiros e repor materiais.<\/p>\n\n\n\n<p>Dispon\u00edvel at\u00e9 6\/7\/2023 ou encerramento da vaga.<\/p>\n\n\n\n<p><strong>1 vaga \u2013 Auxiliar de Jardinagem<\/strong><\/p>\n\n\n\n<p>Escolaridade \u2013 ensino fundamental completo;<\/p>\n\n\n\n<p>Experi\u00eancia \u2013 seis meses na Carteira de Trabalho;<\/p>\n\n\n\n<p>Atividades \u2013 auxiliar o jardineiro em todas as fun\u00e7\u00f5es, como plantar e conservar \u00e1rvores, jardins, flores, arbustos e demais plantas, preparando terra, fazendo canteiros, plantando sementes e mudas, adubando e realizando demais cuidados necess\u00e1rios, auxiliando a podar, ro\u00e7ar, capinar, limpar e enxertar.<\/p>\n\n\n\n<p>Dispon\u00edvel at\u00e9 6\/7\/2023 ou encerramento da vaga.<\/p>\n\n\n\n<p><strong>3 vagas \u2013 Cumim<\/strong><\/p>\n\n\n\n<p>Escolaridade \u2013 ensino fundamental completo;<\/p>\n\n\n\n<p>Experi\u00eancia \u2013 seis meses na Carteira de Trabalho;<\/p>\n\n\n\n<p>Atividades \u2013 auxiliar de gar\u00e7om; auxiliar de mesa em restaurantes, hot\u00e9is e demais estabelecimentos; carregador de utens\u00edlios de cozinha.<\/p>\n\n\n\n<p>Dispon\u00edvel at\u00e9 6\/7\/2023 ou encerramento da vaga.<\/p>\n\n\n\n<p><strong>3 vagas \u2013 Atendente de Bar<\/strong><\/p>\n\n\n\n<p>Escolaridade \u2013 ensino fundamental completo;<\/p>\n\n\n\n<p>Experi\u00eancia \u2013 seis meses na Carteira de Trabalho;<\/p>\n\n\n\n<p>Atividades \u2013 trabalhar nos bastidores para apoiar os bartenders e gar\u00e7ons durante os seus turnos; ajudar nos procedimentos de abertura e fechamento do bar.<\/p>\n\n\n\n<p>Dispon\u00edvel at\u00e9 6\/7\/2023 ou encerramento da vaga.<\/p>\n\n\n\n<p><strong>2 vagas \u2013 Auxiliar de Cozinha<\/strong><\/p>\n\n\n\n<p>Escolaridade \u2013 ensino fundamental completo;<\/p>\n\n\n\n<p>Experi\u00eancia \u2013 seis meses na Carteira de Trabalho;<\/p>\n\n\n\n<p>Atividades \u2013 auxiliar nas diversas atividades do restaurante, como prepara\u00e7\u00e3o de alimentos, limpeza e conserva\u00e7\u00e3o das depend\u00eancias do restaurante, lanchonete e equipamentos.<\/p>\n\n\n\n<p>Dispon\u00edvel at\u00e9 6\/7\/2023 ou encerramento da vaga.<\/p>\n\n\n\n<p><strong>10 vagas \u2013 Auxiliar de Limpeza \u2013 vagas exclusivas para Pessoas com Defici\u00eancia (PcD)<\/strong><\/p>\n\n\n\n<p>Escolaridade \u2013 ensino fundamental completo;<\/p>\n\n\n\n<p>Experi\u00eancia \u2013 n\u00e3o \u00e9 necess\u00e1rio;<\/p>\n\n\n\n<p>Atividades \u2013&nbsp;limpar e manter limpo ambientes internos e externos, executando limpeza \u00famida e seca; limpar banheiros e demais ambientes de higiene pessoal; realizar coleta de lixo comum e recicl\u00e1vel; limpar portas e janelas de vidro, paredes e teto; cuidar dos vasos de plantas internas; varrer ambientes externos, coletando folhas secas; limpar cozinhas, \u00e1rea de servi\u00e7o, garagens e p\u00e1tios, assoalhos e m\u00f3veis, carpetes e tapetes; abastecer os ambientes com materiais; executar outras tarefas relacionadas \u00e0 \u00e1rea.<\/p>\n\n\n\n<p>Dispon\u00edvel at\u00e9 6\/7\/2023 ou encerramento da vaga.<\/p>\n\n\n\n<p><strong>3 vagas \u2013 Mec\u00e2nico de Autos<\/strong><\/p>\n\n\n\n<p>Escolaridade \u2013 ensino fundamental completo;<\/p>\n\n\n\n<p>Experi\u00eancia \u2013 seis meses na Carteira de Trabalho;<\/p>\n\n\n\n<p>Requisitos obrigat\u00f3rios \u2013 ter disponibilidade de hor\u00e1rio e experi\u00eancia na fun\u00e7\u00e3o, principalmente, voltado a ve\u00edculos de grande porte;<\/p>\n\n\n\n<p>Atividades \u2013 realizar manuten\u00e7\u00e3o preventiva e corretiva; efetuar troca de itens do sistema de frenagem; executar troca de barra e caixa de dire\u00e7\u00e3o, bomba hidr\u00e1ulica, molas, grampos,&nbsp;amortecedor de borracha, barra e chapa estabilizadora; realizar recupera\u00e7\u00e3o e troca de v\u00e1lvulas do sistema de freio, embreagem e acionamento das portas; realizar a troca de rolamento, cruzetas, parafusos, cardan, flanges, caixa de marcha e diferencial; atendimento externo a ve\u00edculos com problemas mec\u00e2nicos; realizar montagem e remontagem de componentes como motor, caixa de marcha e sistema pneum\u00e1tico.<\/p>\n\n\n\n<p>Dispon\u00edvel at\u00e9 6\/7\/2023 ou encerramento da vaga.<\/p>\n\n\n\n<p><strong>20 vagas \u2013 Ajudante de Carga e Descarga<\/strong><\/p>\n\n\n\n<p>Escolaridade \u2013 ensino fundamental completo;<\/p>\n\n\n\n<p>Experi\u00eancia \u2013 tr\u00eas meses na Carteira de Trabalho;<\/p>\n\n\n\n<p>Atividades \u2013 preparar cargas e descargas de mercadorias; movimentar e fixar mercadorias e cargas em caminh\u00f5es e vag\u00f5es; entregar e coletar encomendas; manusear cargas especiais; reparar embalagens danificadas e controlar a qualidade dos servi\u00e7os prestados; operar equipamentos de carga e descarga; conectar tubula\u00e7\u00f5es \u00e0s instala\u00e7\u00f5es de embarque de cargas; estabelecer comunica\u00e7\u00e3o, emitir, receber e verificar mensagens, notificando e solicitando informa\u00e7\u00f5es, autoriza\u00e7\u00f5es e orienta\u00e7\u00f5es de transporte, embarque e desembarque de mercadorias;&nbsp;residir preferencialmente no bairro Tarum\u00e3-A\u00e7\u00fa.<\/p>\n\n\n\n<p>Dispon\u00edvel at\u00e9 6\/7\/2023 ou encerramento da vaga.<\/p>\n\n\n\n<p><strong>1 vaga \u2013 Jardineiro<\/strong><\/p>\n\n\n\n<p>Escolaridade \u2013 ensino fundamental completo;<\/p>\n\n\n\n<p>Experi\u00eancia \u2013 seis meses na Carteira de Trabalho;<\/p>\n\n\n\n<p>Atividades \u2013 respons\u00e1vel por realizar servi\u00e7os de jardinagem, compreendendo poda, plantio, adubagem, conserva\u00e7\u00e3o e limpeza de ambientes externos, em condom\u00ednios industriais, residenciais e comerciais.<\/p>\n\n\n\n<p>Dispon\u00edvel at\u00e9 6\/7\/2023 ou encerramento da vaga.<\/p>\n\n\n\n<p><strong>1 vaga \u2013 Controlador de Pragas<\/strong><\/p>\n\n\n\n<p>Escolaridade \u2013 ensino m\u00e9dio completo;<\/p>\n\n\n\n<p>Experi\u00eancia \u2013 seis meses na Carteira de Trabalho;<\/p>\n\n\n\n<p>Requisitos obrigat\u00f3rios \u2013 ter disponibilidade de hor\u00e1rio e para viagens; ter Carteira Nacional de Habilita\u00e7\u00e3o categoria \u201cA\u201d ou \u201cB\u201d dentro do prazo de validade; n\u00e3o ter qualquer tipo de alergia \u00e0 produtos qu\u00edmicos;<\/p>\n\n\n\n<p>Atividades \u2013 respons\u00e1vel pela execu\u00e7\u00e3o de servi\u00e7os como desinsetiza\u00e7\u00e3o (dedetiza\u00e7\u00e3o), desratiza\u00e7\u00e3o, descupiniza\u00e7\u00e3o, manejo de pombos e morcegos e limpeza de caixa d&#8217;\u00e1gua.<\/p>\n\n\n\n<p>Dispon\u00edvel at\u00e9 6\/7\/2023 ou encerramento da vaga.<\/p>\n\n\n\n<p><strong>1 vaga \u2013 Lavador de Ve\u00edculos<\/strong><\/p>\n\n\n\n<p>Escolaridade \u2013 ensino fundamental completo;<\/p>\n\n\n\n<p>Experi\u00eancia \u2013 seis meses na Carteira de Trabalho;<\/p>\n\n\n\n<p>Requisitos obrigat\u00f3rios \u2013 ter disponibilidade para trabalhar em regime de escala 12&#215;8;<\/p>\n\n\n\n<p>Atividades \u2013 limpar e enxugar autom\u00f3veis; realizar polimento e cristaliza\u00e7\u00e3o de pintura, entre outras fun\u00e7\u00f5es.<\/p>\n\n\n\n<p>Dispon\u00edvel at\u00e9 6\/7\/2023 ou encerramento da vaga.<\/p>\n\n\n\n<p><strong>1 vaga \u2013 Copeiro<\/strong><\/p>\n\n\n\n<p>Escolaridade \u2013 ensino m\u00e9dio completo;<\/p>\n\n\n\n<p>Experi\u00eancia \u2013 seis meses na Carteira de Trabalho;<\/p>\n\n\n\n<p>Atividades \u2013 receber e distribuir refei\u00e7\u00f5es, utilizando bandejas e carrinhos; receber ou recolher bandejas, lou\u00e7as e talheres, ap\u00f3s as refei\u00e7\u00f5es.<\/p>\n\n\n\n<p>Dispon\u00edvel at\u00e9 6\/7\/2023 ou encerramento da vaga.<\/p>\n\n\n\n<p>&#8212; &#8212; &#8212;&nbsp;<\/p>\n\n\n\n<p><strong>Texto \u2013 <\/strong>Divulga\u00e7\u00e3o \/ Semtepi<\/p>\n\n\n\n<p>&#8212; &#8212; &#8212;&nbsp;<\/p>\n\n\n\n<p>SEMTEPI &#8211; Secretaria Municipal do Trabalho, Empreendedorismo e Inova\u00e7\u00e3o<\/p>\n\n\n\n<p>E-mail:&nbsp;<a href=\"mailto:comunicacao.semtepi@gmail.com\" target=\"_blank\" rel=\"noreferrer noopener\">comunicacao.semtepi@gmail.com<\/a><\/p>\n","protected":false},"excerpt":{"rendered":"","protected":false},"author":31,"featured_media":237,"comment_status":"closed","ping_status":"closed","sticky":false,"template":"","format":"standard","meta":{"footnotes":""},"categories":[5],"tags":[323,11,68,10,12],"acf":[],"yoast_head":"<!-- This site is optimized with the Yoast SEO plugin v23.0 - https:\/\/yoast.com\/wordpress\/plugins\/seo\/ -->\n<title>Sine Manaus oferta 138 vagas de emprego nesta quinta-feira, 6\/7 - SEMTEPI<\/title>\n<meta name=\"robots\" content=\"noindex, follow\" \/>\n<meta property=\"og:locale\" content=\"pt_BR\" \/>\n<meta property=\"og:type\" content=\"article\" \/>\n<meta property=\"og:title\" content=\"Sine Manaus oferta 138 vagas de emprego nesta quinta-feira, 6\/7 - SEMTEPI\" \/>\n<meta property=\"og:url\" content=\"https:\/\/www.manaus.am.gov.br\/semtepi\/oportunidade\/sine-manaus-oferta-138-vagas-de-emprego-nesta-quinta-feira-6-7\/\" \/>\n<meta property=\"og:site_name\" content=\"SEMTEPI\" \/>\n<meta property=\"article:published_time\" content=\"2023-07-05T19:30:28+00:00\" \/>\n<meta property=\"article:modified_time\" content=\"2023-07-05T19:30:29+00:00\" \/>\n<meta property=\"og:image\" content=\"https:\/\/www.manaus.am.gov.br\/semtepi\/wp-content\/uploads\/sites\/20\/2023\/04\/Sine-Manaus-oferta-200-vagas-de-emprego-nesta-quarta-feira.jpg\" \/>\n\t<meta property=\"og:image:width\" content=\"2048\" \/>\n\t<meta property=\"og:image:height\" content=\"1365\" \/>\n\t<meta property=\"og:image:type\" content=\"image\/jpeg\" \/>\n<meta name=\"author\" content=\"Renata Felix\" \/>\n<meta name=\"twitter:card\" content=\"summary_large_image\" \/>\n<meta name=\"twitter:label1\" content=\"Written by\" \/>\n\t<meta name=\"twitter:data1\" content=\"Renata Felix\" \/>\n\t<meta name=\"twitter:label2\" content=\"Est. reading time\" \/>\n\t<meta name=\"twitter:data2\" content=\"17 minutos\" \/>\n<script type=\"application\/ld+json\" class=\"yoast-schema-graph\">{\"@context\":\"https:\/\/schema.org\",\"@graph\":[{\"@type\":\"Article\",\"@id\":\"https:\/\/www.manaus.am.gov.br\/semtepi\/oportunidade\/sine-manaus-oferta-138-vagas-de-emprego-nesta-quinta-feira-6-7\/#article\",\"isPartOf\":{\"@id\":\"https:\/\/www.manaus.am.gov.br\/semtepi\/oportunidade\/sine-manaus-oferta-138-vagas-de-emprego-nesta-quinta-feira-6-7\/\"},\"author\":{\"name\":\"Renata Felix\",\"@id\":\"https:\/\/www.manaus.am.gov.br\/semtepi\/#\/schema\/person\/4eea2a8f78dc853097abb026f728aa06\"},\"headline\":\"Sine Manaus oferta 138 vagas de emprego nesta quinta-feira, 6\/7\",\"datePublished\":\"2023-07-05T19:30:28+00:00\",\"dateModified\":\"2023-07-05T19:30:29+00:00\",\"mainEntityOfPage\":{\"@id\":\"https:\/\/www.manaus.am.gov.br\/semtepi\/oportunidade\/sine-manaus-oferta-138-vagas-de-emprego-nesta-quinta-feira-6-7\/\"},\"wordCount\":3385,\"publisher\":{\"@id\":\"https:\/\/www.manaus.am.gov.br\/semtepi\/#organization\"},\"image\":{\"@id\":\"https:\/\/www.manaus.am.gov.br\/semtepi\/oportunidade\/sine-manaus-oferta-138-vagas-de-emprego-nesta-quinta-feira-6-7\/#primaryimage\"},\"thumbnailUrl\":\"https:\/\/www.manaus.am.gov.br\/semtepi\/wp-content\/uploads\/sites\/20\/2023\/04\/Sine-Manaus-oferta-200-vagas-de-emprego-nesta-quarta-feira.jpg\",\"keywords\":[\"6\/7\",\"emprego\",\"oportunidades\",\"sine manaus\",\"vagas\"],\"articleSection\":[\"Oportunidade\"],\"inLanguage\":\"pt-BR\"},{\"@type\":\"WebPage\",\"@id\":\"https:\/\/www.manaus.am.gov.br\/semtepi\/oportunidade\/sine-manaus-oferta-138-vagas-de-emprego-nesta-quinta-feira-6-7\/\",\"url\":\"https:\/\/www.manaus.am.gov.br\/semtepi\/oportunidade\/sine-manaus-oferta-138-vagas-de-emprego-nesta-quinta-feira-6-7\/\",\"name\":\"Sine Manaus oferta 138 vagas de emprego nesta quinta-feira, 6\/7 - SEMTEPI\",\"isPartOf\":{\"@id\":\"https:\/\/www.manaus.am.gov.br\/semtepi\/#website\"},\"primaryImageOfPage\":{\"@id\":\"https:\/\/www.manaus.am.gov.br\/semtepi\/oportunidade\/sine-manaus-oferta-138-vagas-de-emprego-nesta-quinta-feira-6-7\/#primaryimage\"},\"image\":{\"@id\":\"https:\/\/www.manaus.am.gov.br\/semtepi\/oportunidade\/sine-manaus-oferta-138-vagas-de-emprego-nesta-quinta-feira-6-7\/#primaryimage\"},\"thumbnailUrl\":\"https:\/\/www.manaus.am.gov.br\/semtepi\/wp-content\/uploads\/sites\/20\/2023\/04\/Sine-Manaus-oferta-200-vagas-de-emprego-nesta-quarta-feira.jpg\",\"datePublished\":\"2023-07-05T19:30:28+00:00\",\"dateModified\":\"2023-07-05T19:30:29+00:00\",\"breadcrumb\":{\"@id\":\"https:\/\/www.manaus.am.gov.br\/semtepi\/oportunidade\/sine-manaus-oferta-138-vagas-de-emprego-nesta-quinta-feira-6-7\/#breadcrumb\"},\"inLanguage\":\"pt-BR\",\"potentialAction\":[{\"@type\":\"ReadAction\",\"target\":[\"https:\/\/www.manaus.am.gov.br\/semtepi\/oportunidade\/sine-manaus-oferta-138-vagas-de-emprego-nesta-quinta-feira-6-7\/\"]}]},{\"@type\":\"ImageObject\",\"inLanguage\":\"pt-BR\",\"@id\":\"https:\/\/www.manaus.am.gov.br\/semtepi\/oportunidade\/sine-manaus-oferta-138-vagas-de-emprego-nesta-quinta-feira-6-7\/#primaryimage\",\"url\":\"https:\/\/www.manaus.am.gov.br\/semtepi\/wp-content\/uploads\/sites\/20\/2023\/04\/Sine-Manaus-oferta-200-vagas-de-emprego-nesta-quarta-feira.jpg\",\"contentUrl\":\"https:\/\/www.manaus.am.gov.br\/semtepi\/wp-content\/uploads\/sites\/20\/2023\/04\/Sine-Manaus-oferta-200-vagas-de-emprego-nesta-quarta-feira.jpg\",\"width\":2048,\"height\":1365},{\"@type\":\"BreadcrumbList\",\"@id\":\"https:\/\/www.manaus.am.gov.br\/semtepi\/oportunidade\/sine-manaus-oferta-138-vagas-de-emprego-nesta-quinta-feira-6-7\/#breadcrumb\",\"itemListElement\":[{\"@type\":\"ListItem\",\"position\":1,\"name\":\"Home\",\"item\":\"https:\/\/www.manaus.am.gov.br\/semtepi\/\"},{\"@type\":\"ListItem\",\"position\":2,\"name\":\"Sine Manaus oferta 138 vagas de emprego nesta quinta-feira, 6\/7\"}]},{\"@type\":\"WebSite\",\"@id\":\"https:\/\/www.manaus.am.gov.br\/semtepi\/#website\",\"url\":\"https:\/\/www.manaus.am.gov.br\/semtepi\/\",\"name\":\"SEMTEPI\",\"description\":\"Prefeitura de Manaus\",\"publisher\":{\"@id\":\"https:\/\/www.manaus.am.gov.br\/semtepi\/#organization\"},\"alternateName\":\"Secretaria Municipal do Trabalho, Empreendedorismo e Inova\u00e7\u00e3o\",\"potentialAction\":[{\"@type\":\"SearchAction\",\"target\":{\"@type\":\"EntryPoint\",\"urlTemplate\":\"https:\/\/www.manaus.am.gov.br\/semtepi\/?s={search_term_string}\"},\"query-input\":\"required name=search_term_string\"}],\"inLanguage\":\"pt-BR\"},{\"@type\":\"Organization\",\"@id\":\"https:\/\/www.manaus.am.gov.br\/semtepi\/#organization\",\"name\":\"Prefeitura Municipal de Manaus\",\"alternateName\":\"Prefeitura de Manaus\",\"url\":\"https:\/\/www.manaus.am.gov.br\/semtepi\/\",\"logo\":{\"@type\":\"ImageObject\",\"inLanguage\":\"pt-BR\",\"@id\":\"https:\/\/www.manaus.am.gov.br\/semtepi\/#\/schema\/logo\/image\/\",\"url\":\"https:\/\/www.manaus.am.gov.br\/semtepi\/wp-content\/uploads\/sites\/20\/2024\/07\/favicon.png\",\"contentUrl\":\"https:\/\/www.manaus.am.gov.br\/semtepi\/wp-content\/uploads\/sites\/20\/2024\/07\/favicon.png\",\"width\":300,\"height\":300,\"caption\":\"Prefeitura Municipal de Manaus\"},\"image\":{\"@id\":\"https:\/\/www.manaus.am.gov.br\/semtepi\/#\/schema\/logo\/image\/\"}},{\"@type\":\"Person\",\"@id\":\"https:\/\/www.manaus.am.gov.br\/semtepi\/#\/schema\/person\/4eea2a8f78dc853097abb026f728aa06\",\"name\":\"Renata Felix\",\"image\":{\"@type\":\"ImageObject\",\"inLanguage\":\"pt-BR\",\"@id\":\"https:\/\/www.manaus.am.gov.br\/semtepi\/#\/schema\/person\/image\/\",\"url\":\"https:\/\/secure.gravatar.com\/avatar\/3c196cf9d3b837b24c8edb2c50fd8f29?s=96&d=mm&r=g\",\"contentUrl\":\"https:\/\/secure.gravatar.com\/avatar\/3c196cf9d3b837b24c8edb2c50fd8f29?s=96&d=mm&r=g\",\"caption\":\"Renata Felix\"}}]}<\/script>\n<!-- \/ Yoast SEO plugin. -->","yoast_head_json":{"title":"Sine Manaus oferta 138 vagas de emprego nesta quinta-feira, 6\/7 - SEMTEPI","robots":{"index":"noindex","follow":"follow"},"og_locale":"pt_BR","og_type":"article","og_title":"Sine Manaus oferta 138 vagas de emprego nesta quinta-feira, 6\/7 - SEMTEPI","og_url":"https:\/\/www.manaus.am.gov.br\/semtepi\/oportunidade\/sine-manaus-oferta-138-vagas-de-emprego-nesta-quinta-feira-6-7\/","og_site_name":"SEMTEPI","article_published_time":"2023-07-05T19:30:28+00:00","article_modified_time":"2023-07-05T19:30:29+00:00","og_image":[{"width":2048,"height":1365,"url":"https:\/\/www.manaus.am.gov.br\/semtepi\/wp-content\/uploads\/sites\/20\/2023\/04\/Sine-Manaus-oferta-200-vagas-de-emprego-nesta-quarta-feira.jpg","type":"image\/jpeg"}],"author":"Renata Felix","twitter_card":"summary_large_image","twitter_misc":{"Written by":"Renata Felix","Est. reading time":"17 minutos"},"schema":{"@context":"https:\/\/schema.org","@graph":[{"@type":"Article","@id":"https:\/\/www.manaus.am.gov.br\/semtepi\/oportunidade\/sine-manaus-oferta-138-vagas-de-emprego-nesta-quinta-feira-6-7\/#article","isPartOf":{"@id":"https:\/\/www.manaus.am.gov.br\/semtepi\/oportunidade\/sine-manaus-oferta-138-vagas-de-emprego-nesta-quinta-feira-6-7\/"},"author":{"name":"Renata Felix","@id":"https:\/\/www.manaus.am.gov.br\/semtepi\/#\/schema\/person\/4eea2a8f78dc853097abb026f728aa06"},"headline":"Sine Manaus oferta 138 vagas de emprego nesta quinta-feira, 6\/7","datePublished":"2023-07-05T19:30:28+00:00","dateModified":"2023-07-05T19:30:29+00:00","mainEntityOfPage":{"@id":"https:\/\/www.manaus.am.gov.br\/semtepi\/oportunidade\/sine-manaus-oferta-138-vagas-de-emprego-nesta-quinta-feira-6-7\/"},"wordCount":3385,"publisher":{"@id":"https:\/\/www.manaus.am.gov.br\/semtepi\/#organization"},"image":{"@id":"https:\/\/www.manaus.am.gov.br\/semtepi\/oportunidade\/sine-manaus-oferta-138-vagas-de-emprego-nesta-quinta-feira-6-7\/#primaryimage"},"thumbnailUrl":"https:\/\/www.manaus.am.gov.br\/semtepi\/wp-content\/uploads\/sites\/20\/2023\/04\/Sine-Manaus-oferta-200-vagas-de-emprego-nesta-quarta-feira.jpg","keywords":["6\/7","emprego","oportunidades","sine manaus","vagas"],"articleSection":["Oportunidade"],"inLanguage":"pt-BR"},{"@type":"WebPage","@id":"https:\/\/www.manaus.am.gov.br\/semtepi\/oportunidade\/sine-manaus-oferta-138-vagas-de-emprego-nesta-quinta-feira-6-7\/","url":"https:\/\/www.manaus.am.gov.br\/semtepi\/oportunidade\/sine-manaus-oferta-138-vagas-de-emprego-nesta-quinta-feira-6-7\/","name":"Sine Manaus oferta 138 vagas de emprego nesta quinta-feira, 6\/7 - SEMTEPI","isPartOf":{"@id":"https:\/\/www.manaus.am.gov.br\/semtepi\/#website"},"primaryImageOfPage":{"@id":"https:\/\/www.manaus.am.gov.br\/semtepi\/oportunidade\/sine-manaus-oferta-138-vagas-de-emprego-nesta-quinta-feira-6-7\/#primaryimage"},"image":{"@id":"https:\/\/www.manaus.am.gov.br\/semtepi\/oportunidade\/sine-manaus-oferta-138-vagas-de-emprego-nesta-quinta-feira-6-7\/#primaryimage"},"thumbnailUrl":"https:\/\/www.manaus.am.gov.br\/semtepi\/wp-content\/uploads\/sites\/20\/2023\/04\/Sine-Manaus-oferta-200-vagas-de-emprego-nesta-quarta-feira.jpg","datePublished":"2023-07-05T19:30:28+00:00","dateModified":"2023-07-05T19:30:29+00:00","breadcrumb":{"@id":"https:\/\/www.manaus.am.gov.br\/semtepi\/oportunidade\/sine-manaus-oferta-138-vagas-de-emprego-nesta-quinta-feira-6-7\/#breadcrumb"},"inLanguage":"pt-BR","potentialAction":[{"@type":"ReadAction","target":["https:\/\/www.manaus.am.gov.br\/semtepi\/oportunidade\/sine-manaus-oferta-138-vagas-de-emprego-nesta-quinta-feira-6-7\/"]}]},{"@type":"ImageObject","inLanguage":"pt-BR","@id":"https:\/\/www.manaus.am.gov.br\/semtepi\/oportunidade\/sine-manaus-oferta-138-vagas-de-emprego-nesta-quinta-feira-6-7\/#primaryimage","url":"https:\/\/www.manaus.am.gov.br\/semtepi\/wp-content\/uploads\/sites\/20\/2023\/04\/Sine-Manaus-oferta-200-vagas-de-emprego-nesta-quarta-feira.jpg","contentUrl":"https:\/\/www.manaus.am.gov.br\/semtepi\/wp-content\/uploads\/sites\/20\/2023\/04\/Sine-Manaus-oferta-200-vagas-de-emprego-nesta-quarta-feira.jpg","width":2048,"height":1365},{"@type":"BreadcrumbList","@id":"https:\/\/www.manaus.am.gov.br\/semtepi\/oportunidade\/sine-manaus-oferta-138-vagas-de-emprego-nesta-quinta-feira-6-7\/#breadcrumb","itemListElement":[{"@type":"ListItem","position":1,"name":"Home","item":"https:\/\/www.manaus.am.gov.br\/semtepi\/"},{"@type":"ListItem","position":2,"name":"Sine Manaus oferta 138 vagas de emprego nesta quinta-feira, 6\/7"}]},{"@type":"WebSite","@id":"https:\/\/www.manaus.am.gov.br\/semtepi\/#website","url":"https:\/\/www.manaus.am.gov.br\/semtepi\/","name":"SEMTEPI","description":"Prefeitura de Manaus","publisher":{"@id":"https:\/\/www.manaus.am.gov.br\/semtepi\/#organization"},"alternateName":"Secretaria Municipal do Trabalho, Empreendedorismo e Inova\u00e7\u00e3o","potentialAction":[{"@type":"SearchAction","target":{"@type":"EntryPoint","urlTemplate":"https:\/\/www.manaus.am.gov.br\/semtepi\/?s={search_term_string}"},"query-input":"required name=search_term_string"}],"inLanguage":"pt-BR"},{"@type":"Organization","@id":"https:\/\/www.manaus.am.gov.br\/semtepi\/#organization","name":"Prefeitura Municipal de Manaus","alternateName":"Prefeitura de Manaus","url":"https:\/\/www.manaus.am.gov.br\/semtepi\/","logo":{"@type":"ImageObject","inLanguage":"pt-BR","@id":"https:\/\/www.manaus.am.gov.br\/semtepi\/#\/schema\/logo\/image\/","url":"https:\/\/www.manaus.am.gov.br\/semtepi\/wp-content\/uploads\/sites\/20\/2024\/07\/favicon.png","contentUrl":"https:\/\/www.manaus.am.gov.br\/semtepi\/wp-content\/uploads\/sites\/20\/2024\/07\/favicon.png","width":300,"height":300,"caption":"Prefeitura Municipal de Manaus"},"image":{"@id":"https:\/\/www.manaus.am.gov.br\/semtepi\/#\/schema\/logo\/image\/"}},{"@type":"Person","@id":"https:\/\/www.manaus.am.gov.br\/semtepi\/#\/schema\/person\/4eea2a8f78dc853097abb026f728aa06","name":"Renata Felix","image":{"@type":"ImageObject","inLanguage":"pt-BR","@id":"https:\/\/www.manaus.am.gov.br\/semtepi\/#\/schema\/person\/image\/","url":"https:\/\/secure.gravatar.com\/avatar\/3c196cf9d3b837b24c8edb2c50fd8f29?s=96&d=mm&r=g","contentUrl":"https:\/\/secure.gravatar.com\/avatar\/3c196cf9d3b837b24c8edb2c50fd8f29?s=96&d=mm&r=g","caption":"Renata Felix"}}]}},"_links":{"self":[{"href":"https:\/\/www.manaus.am.gov.br\/semtepi\/wp-json\/wp\/v2\/posts\/2179"}],"collection":[{"href":"https:\/\/www.manaus.am.gov.br\/semtepi\/wp-json\/wp\/v2\/posts"}],"about":[{"href":"https:\/\/www.manaus.am.gov.br\/semtepi\/wp-json\/wp\/v2\/types\/post"}],"author":[{"embeddable":true,"href":"https:\/\/www.manaus.am.gov.br\/semtepi\/wp-json\/wp\/v2\/users\/31"}],"replies":[{"embeddable":true,"href":"https:\/\/www.manaus.am.gov.br\/semtepi\/wp-json\/wp\/v2\/comments?post=2179"}],"version-history":[{"count":0,"href":"https:\/\/www.manaus.am.gov.br\/semtepi\/wp-json\/wp\/v2\/posts\/2179\/revisions"}],"wp:featuredmedia":[{"embeddable":true,"href":"https:\/\/www.manaus.am.gov.br\/semtepi\/wp-json\/wp\/v2\/media\/237"}],"wp:attachment":[{"href":"https:\/\/www.manaus.am.gov.br\/semtepi\/wp-json\/wp\/v2\/media?parent=2179"}],"wp:term":[{"taxonomy":"category","embeddable":true,"href":"https:\/\/www.manaus.am.gov.br\/semtepi\/wp-json\/wp\/v2\/categories?post=2179"},{"taxonomy":"post_tag","embeddable":true,"href":"https:\/\/www.manaus.am.gov.br\/semtepi\/wp-json\/wp\/v2\/tags?post=2179"}],"curies":[{"name":"wp","href":"https:\/\/api.w.org\/{rel}","templated":true}]}}