{"id":2159,"date":"2023-06-29T15:25:20","date_gmt":"2023-06-29T19:25:20","guid":{"rendered":"https:\/\/www.manaus.am.gov.br\/semtepi\/sem-categoria\/sine-manaus-oferta-119-vagas-de-emprego-nesta-sexta-feira-30-6\/"},"modified":"2023-06-29T15:25:24","modified_gmt":"2023-06-29T19:25:24","slug":"sine-manaus-oferta-119-vagas-de-emprego-nesta-sexta-feira-30-6","status":"publish","type":"post","link":"https:\/\/www.manaus.am.gov.br\/semtepi\/oportunidade\/sine-manaus-oferta-119-vagas-de-emprego-nesta-sexta-feira-30-6\/","title":{"rendered":"<strong>Sine Manaus oferta 119\u00a0vagas de emprego nesta sexta-feira, 30\/6<\/strong>"},"content":{"rendered":"\n<p>A Prefeitura de Manaus, por meio do Sine Manaus, oferta 119&nbsp;vagas de emprego em v\u00e1rias \u00e1reas de atua\u00e7\u00e3o, nesta sexta-feira, 30\/6,&nbsp;de 8h \u00e0s 16h. O candidato precisa validar a Carteira Digital e Previd\u00eancia Social (CTPS) no aplicativo \u201cCarteira de Trabalho Digital\u201d ou acessar o site&nbsp;<a href=\"http:\/\/gov.br\/trabalho\" target=\"_blank\" rel=\"noreferrer noopener\">http:\/\/gov.br\/trabalho<\/a>&nbsp;e para concorrer \u00e0s vagas, deve acessar o site&nbsp;<a href=\"http:\/\/empregabrasil.mte.gov.br\/\" target=\"_blank\" rel=\"noreferrer noopener\">http:\/\/empregabrasil.mte.gov.br<\/a>&nbsp;para fazer a solicita\u00e7\u00e3o de cadastro.<\/p>\n\n\n\n<p>Para participar da pr\u00e9-sele\u00e7\u00e3o e concorrer a uma das vagas dispon\u00edveis, ou receber orienta\u00e7\u00e3o de cadastro, Carteira de Trabalho Digital e seguro-desemprego, os candidatos devem comparecer a um dos postos do Sine Manaus: na avenida Constantino Nery, n\u00ba 1.272, bairro S\u00e3o Geraldo, zona Centro-Sul; ou no shopping Phelippe Daou, na&nbsp;<a href=\"https:\/\/www.google.com\/maps\/search\/avenida+Camapu%C3%A3,+n%C2%BA+2.939?entry=gmail&amp;source=g\">avenida Camapu\u00e3, n\u00ba 2.939<\/a>, bairro Cidade de Deus, zona Leste.<\/p>\n\n\n\n<p>A Semtepi informa que o atendimento no posto do shopping Phelippe Daou foi reduzido em virtude de reforma no espa\u00e7o, e orienta os cidad\u00e3os a comparecerem, preferencialmente, ao posto da avenida Constantino Nery.<\/p>\n\n\n\n<p>Os interessados devem estar munidos do comprovante de vacina\u00e7\u00e3o (Covid-19), curr\u00edculo e documentos pessoais (RG, CPF, PIS, CTPS, comprovante de escolaridade e resid\u00eancia). N\u00e3o \u00e9 necess\u00e1rio apresentar c\u00f3pias, somente os documentos originais.<\/p>\n\n\n\n<p><strong>Vagas Novas \u2013 23<\/strong><\/p>\n\n\n\n<p><strong>1 vaga \u2013 Gerente de Lojas e Supermercado<\/strong><\/p>\n\n\n\n<p>Escolaridade \u2013 ensino superior cursando ou completo em administra\u00e7\u00e3o ou \u00e1reas afins;<\/p>\n\n\n\n<p>Experi\u00eancia \u2013 seis meses na Carteira de Trabalho;<\/p>\n\n\n\n<p>Requisitos obrigat\u00f3rios \u2013 ter curso de Inform\u00e1tica avan\u00e7ada;<\/p>\n\n\n\n<p>Atividades \u2013 gest\u00e3o de pessoas, gest\u00e3o de indicadores\/metas; prospec\u00e7\u00e3o de conv\u00eanios com empresas e realiza\u00e7\u00e3o de eventos em empresas parceiras.<\/p>\n\n\n\n<p>Dispon\u00edvel at\u00e9 30\/06\/2023 ou encerramento da vaga.<\/p>\n\n\n\n<p><strong>1 vaga \u2013 Analista de Recursos Humanos ou Treinamento<\/strong><\/p>\n\n\n\n<p>Escolaridade \u2013 ensino superior completo em gest\u00e3o de recursos humanos, administra\u00e7\u00e3o ou psicologia;<\/p>\n\n\n\n<p>Experi\u00eancia \u2013 seis meses na Carteira de Trabalho;<\/p>\n\n\n\n<p>Requisitos obrigat\u00f3rios \u2013 ter curso de Inform\u00e1tica avan\u00e7ada e experi\u00eancia no segmento de com\u00e9rcio (Cosm\u00e9ticos);<\/p>\n\n\n\n<p>Atividades \u2013 ministrar e assegurar a realiza\u00e7\u00e3o de treinamentos para as equipes de vendas; cumprir a grade de treinamentos desenvolvida pela franqueadora (grades e prazos); realizar a gest\u00e3o do aprendizado das equipes de vendas por meio da UBB; assegurar que o modelo de treinamento do grupo seja praticado pela equipe de lojas; incentivar a\u00e7\u00f5es de reconhecimento das melhores performances (nota de UB, % da conclus\u00e3o das trilhas, GerbPhone e Maratona do Conhecimento) em cada canal (lojas e venda direta); observar a atua\u00e7\u00e3o das equipes para assegurar a aplica\u00e7\u00e3o do conte\u00fado dos treinamentos; participar de treinamentos presenciais ou via extranet, quando orientado pela administra\u00e7\u00e3o do grupo; participar de reuni\u00f5es do grupo quando necess\u00e1rio; acessar e acompanhar os canais de comunica\u00e7\u00e3o da franqueadora (manual de opera\u00e7\u00f5es, portais, extranet, revistas e guias); manter o cadastro das equipes atualizado na Extranet; respons\u00e1vel pela energiza\u00e7\u00e3o das datas sazonais e organiza\u00e7\u00e3o do troca de ideias; desej\u00e1vel experi\u00eancia como instrutor de treinamento.<\/p>\n\n\n\n<p>Dispon\u00edvel at\u00e9 30\/06\/2023 ou encerramento da vaga.<\/p>\n\n\n\n<p><strong>5 vagas \u2013 Consultor de Vendas<\/strong><\/p>\n\n\n\n<p>Escolaridade \u2013 ensino m\u00e9dio completo;<\/p>\n\n\n\n<p>Experi\u00eancia \u2013 seis meses na Carteira de Trabalho;<\/p>\n\n\n\n<p>Requisitos obrigat\u00f3rios \u2013 ter experi\u00eancia com venda de planos de telefonia ou planos de sa\u00fade por telefone;<\/p>\n\n\n\n<p>Atividades \u2013 realizar liga\u00e7\u00f5es di\u00e1rias para promover a venda de planos corporativos.<\/p>\n\n\n\n<p>Dispon\u00edvel at\u00e9 30\/06\/2023 ou encerramento da vaga.<\/p>\n\n\n\n<p><strong>2 vagas \u2013 Operador de M\u00e1quinas<\/strong><\/p>\n\n\n\n<p>Escolaridade \u2013 ensino m\u00e9dio completo;<\/p>\n\n\n\n<p>Experi\u00eancia \u2013 registrada na Carteira de Trabalho;<\/p>\n\n\n\n<p>Requisitos obrigat\u00f3rios \u2013 ter experi\u00eancia com costura (conhecimentos b\u00e1sicos para identificar quebra de ponto e troca de linhas);<\/p>\n\n\n\n<p>Atividades \u2013 fabrica\u00e7\u00e3o de produtos no setor de costura, mais especificamente na produ\u00e7\u00e3o de fitas de tecido refletivo; cortar, montar e embalar produtos, como pel\u00edcula refletiva; realizar demais atividades que lhe forem designadas.<\/p>\n\n\n\n<p>Dispon\u00edvel at\u00e9 30\/06\/2023 ou encerramento da vaga.<\/p>\n\n\n\n<p><strong>5 vagas \u2013 Supervisor de Loja<\/strong><\/p>\n\n\n\n<p>Escolaridade \u2013 ensino m\u00e9dio completo;<\/p>\n\n\n\n<p>Experi\u00eancia \u2013 seis meses na Carteira de Trabalho;<\/p>\n\n\n\n<p>Atividades \u2013 acompanhar rotinas de vendas, definir escalas e hor\u00e1rios, organizar loja e conferir entrada e sa\u00edda de mercadorias, com objetivo de cumprir as regras estabelecidas pela empresa; identificar a necessidade de programas de treinamento e participar no planejamento de estrat\u00e9gias de promo\u00e7\u00e3o e propaganda.<\/p>\n\n\n\n<p>Dispon\u00edvel at\u00e9 30\/06\/2023 ou encerramento da vaga.<\/p>\n\n\n\n<p><strong>5 vagas \u2013 Consultor de Vendas<\/strong><\/p>\n\n\n\n<p>Escolaridade \u2013 ensino m\u00e9dio completo;<\/p>\n\n\n\n<p>Experi\u00eancia \u2013 seis meses na Carteira de Trabalho;<\/p>\n\n\n\n<p>Atividades \u2013 respons\u00e1vel pelas estrat\u00e9gias de vendas; entender as necessidades dos clientes e oferecer as melhores solu\u00e7\u00f5es, aumentando os resultados da equipe de vendas.<\/p>\n\n\n\n<p>Dispon\u00edvel at\u00e9 30\/06\/2023 ou encerramento da vaga.<\/p>\n\n\n\n<p><strong>4 vagas \u2013 Montador \u2013 vagas exclusivas para Pessoas com Defici\u00eancia (PcD)<\/strong><\/p>\n\n\n\n<p>Escolaridade \u2013 ensino m\u00e9dio completo;<\/p>\n\n\n\n<p>Experi\u00eancia \u2013 n\u00e3o \u00e9 necess\u00e1rio;<\/p>\n\n\n\n<p>Atividades \u2013 realizar montagem de equipamentos, de acordo com&nbsp;&nbsp;modelo, especifica\u00e7\u00f5es, instru\u00e7\u00f5es e pe\u00e7as do conjunto a ser produzido, entre outras atividades.<\/p>\n\n\n\n<p>Dispon\u00edvel at\u00e9 30\/06\/2023 ou encerramento da vaga.<\/p>\n\n\n\n<p><strong>Vagas no Com\u00e9rcio \u2013 10<\/strong><\/p>\n\n\n\n<p><strong>2 vagas \u2013 Promotor de Vendas<\/strong><\/p>\n\n\n\n<p>Escolaridade \u2013 ensino m\u00e9dio completo;<\/p>\n\n\n\n<p>Experi\u00eancia \u2013 tr\u00eas meses na Carteira de Trabalho;<\/p>\n\n\n\n<p>Atividades \u2013 organiza\u00e7\u00e3o de produtos em g\u00f4ndolas e expositores nas lojas dos clientes da empresa; produ\u00e7\u00e3o e criatividade de merchandising;&nbsp;ter Carteira Nacional de Habilita\u00e7\u00e3o categoria \u201cA\u201d dentro do prazo de validade e ve\u00edculo pr\u00f3prio ser\u00e1 um diferencial.<\/p>\n\n\n\n<p>Dispon\u00edvel at\u00e9 30\/06\/2023 ou encerramento da vaga.<\/p>\n\n\n\n<p><strong>1 vaga \u2013 Forneiro de Padaria<\/strong><\/p>\n\n\n\n<p>Escolaridade \u2013 ensino m\u00e9dio completo;<\/p>\n\n\n\n<p>Experi\u00eancia \u2013 registrada na Carteira de Trabalho;<\/p>\n\n\n\n<p>Requisitos obrigat\u00f3rios \u2013 ter experi\u00eancia no segmento aliment\u00edcio, residir na zona Oeste de Manaus; ter disponibilidade de hor\u00e1rio;<\/p>\n\n\n\n<p>Atividades \u2013 preparar m\u00e1quinas, equipamentos e materiais; operar forno na fabrica\u00e7\u00e3o de produtos de massas.<\/p>\n\n\n\n<p>Dispon\u00edvel at\u00e9 30\/06\/2023 ou encerramento da vaga.<\/p>\n\n\n\n<p><strong>1 vaga \u2013 Estoquista<\/strong><\/p>\n\n\n\n<p>Escolaridade \u2013 ensino m\u00e9dio completo;<\/p>\n\n\n\n<p>Experi\u00eancia \u2013&nbsp;&nbsp;registrada na Carteira de Trabalho;<\/p>\n\n\n\n<p>Requisitos obrigat\u00f3rios \u2013 ter experi\u00eancia no segmento aliment\u00edcio, residir na zona Oeste de Manaus; ter disponibilidade de hor\u00e1rio;<\/p>\n\n\n\n<p>Atividades \u2013 realizar organiza\u00e7\u00e3o e armazenamento de caixas, embalagens, produtos e mat\u00e9ria prima; separar mercadorias e ajudar na realiza\u00e7\u00e3o de balan\u00e7os dos produtos em estoque.<\/p>\n\n\n\n<p>Dispon\u00edvel at\u00e9 30\/06\/2023 ou encerramento da vaga.<\/p>\n\n\n\n<p><strong>2 vagas \u2013 Atendente de Delivery<\/strong><\/p>\n\n\n\n<p>Escolaridade \u2013 ensino m\u00e9dio completo;<\/p>\n\n\n\n<p>Experi\u00eancia \u2013&nbsp;&nbsp;primeiro emprego;<\/p>\n\n\n\n<p>Requisitos obrigat\u00f3rios \u2013 ter curso de Atendimento ao Cliente; residir na zona Oeste de Manaus; ter disponibilidade de hor\u00e1rio;<\/p>\n\n\n\n<p>Atividades \u2013 realizar atendimento ao cliente por telefone e presencialmente; recepcionar, apresentar produtos, realizar estocagem, organiza\u00e7\u00e3o de prateleiras e do local.<\/p>\n\n\n\n<p>Dispon\u00edvel at\u00e9 30\/06\/2023 ou encerramento da vaga.<\/p>\n\n\n\n<p><strong>1 vaga \u2013 Auxiliar de Padaria<\/strong><\/p>\n\n\n\n<p>Escolaridade \u2013 ensino fundamental completo;<\/p>\n\n\n\n<p>Experi\u00eancia \u2013 seis meses na Carteira de Trabalho;<\/p>\n\n\n\n<p>Requisitos obrigat\u00f3rios \u2013 ter disponibilidade para trabalhar durante a semana, finais de semanas e feriados;<\/p>\n\n\n\n<p>Atividades \u2013 auxiliar o padeiro no preparo de p\u00e3es, salgados, massas, fabrica\u00e7\u00e3o de p\u00e3es e bolos; controlar a qualidade dos alimentos.<\/p>\n\n\n\n<p>Dispon\u00edvel at\u00e9 30\/06\/2023 ou encerramento da vaga.<\/p>\n\n\n\n<p><strong>1 vaga \u2013 Padeiro<\/strong><\/p>\n\n\n\n<p>Escolaridade \u2013 ensino fundamental completo;<\/p>\n\n\n\n<p>Experi\u00eancia \u2013 seis meses na Carteira de Trabalho;<\/p>\n\n\n\n<p>Requisitos obrigat\u00f3rios \u2013 ter disponibilidade para trabalhar durante a semana, finais de semanas e feriados;<\/p>\n\n\n\n<p>Atividades \u2013 dar tratamento necess\u00e1rio \u00e0 massa, fermentando, misturando e amassando seus ingredientes, empregando processo manual ou mec\u00e2nico, a fim de preparar para cozimento.<\/p>\n\n\n\n<p>Dispon\u00edvel at\u00e9 30\/06\/2023 ou encerramento da vaga.<\/p>\n\n\n\n<p><strong>1 vaga \u2013 Atendente de Padaria<\/strong><\/p>\n\n\n\n<p>Escolaridade \u2013 ensino fundamental completo;<\/p>\n\n\n\n<p>Experi\u00eancia \u2013 seis meses na Carteira de Trabalho;<\/p>\n\n\n\n<p>Requisitos obrigat\u00f3rios \u2013 ter disponibilidade para trabalhar durante a semana, finais de semanas e feriados;<\/p>\n\n\n\n<p>Atividades \u2013 atender clientes; realizar coleta de pedidos e encomendas; demonstrar produtos e realizar vendas internas; conferir, armazenar, vender, cobrar e organizar mercadorias.<\/p>\n\n\n\n<p>Dispon\u00edvel at\u00e9 30\/06\/2023 ou encerramento da vaga.<\/p>\n\n\n\n<p><strong>1 vaga \u2013 A\u00e7ougueiro<\/strong><\/p>\n\n\n\n<p>Escolaridade \u2013 ensino fundamental completo;<\/p>\n\n\n\n<p>Experi\u00eancia \u2013 seis meses na Carteira de Trabalho;<\/p>\n\n\n\n<p>Requisitos obrigat\u00f3rios \u2013 ter disponibilidade para trabalhar durante a semana, finais de semanas e feriados;<\/p>\n\n\n\n<p>Atividades \u2013 realizar atividades relacionadas ao recebimento de animais abatidos, como desossa, prepara\u00e7\u00e3o e conserva\u00e7\u00e3o para utiliza\u00e7\u00e3o; realizar desossa e limpeza de carnes vermelhas e brancas; preparar as pe\u00e7as de acordo com instru\u00e7\u00f5es recebidas da cozinha.<\/p>\n\n\n\n<p>Dispon\u00edvel at\u00e9 30\/06\/2023 ou encerramento da vaga.<\/p>\n\n\n\n<p><strong>Vagas na Ind\u00fastria \u2013 13<\/strong><\/p>\n\n\n\n<p><strong>1 vaga \u2013 Marceneiro<\/strong><\/p>\n\n\n\n<p>Escolaridade \u2013 ensino m\u00e9dio completo;<\/p>\n\n\n\n<p>Experi\u00eancia \u2013 seis meses na Carteira de Trabalho;<\/p>\n\n\n\n<p>Requisitos obrigat\u00f3rios \u2013 ter conhecimento em corte de MDF, m\u00e1quina seccionadora, plano de corte de projeto e montagem;<\/p>\n\n\n\n<p>Atividades \u2013 confeccionar e reparar m\u00f3veis e pe\u00e7as e dar-lhes o acabamento requerido, utilizando equipamento adequado e guiando-se por desenhos e especifica\u00e7\u00f5es.<\/p>\n\n\n\n<p>Dispon\u00edvel at\u00e9 30\/06\/2023 ou encerramento da vaga.<\/p>\n\n\n\n<p><strong>1 vaga \u2013 Projetista de M\u00f3veis<\/strong><\/p>\n\n\n\n<p>Escolaridade \u2013 ensino m\u00e9dio completo;<\/p>\n\n\n\n<p>Experi\u00eancia \u2013 seis meses na Carteira de Trabalho;<\/p>\n\n\n\n<p>Requisitos obrigat\u00f3rios \u2013 ter disponibilidade para in\u00edcio imediato e experi\u00eancia;<\/p>\n\n\n\n<p>Atividades \u2013 desenvolver projetos de m\u00f3veis, analisar medidas, definir mat\u00e9ria-prima e elaborar pre\u00e7o de venda do produto.<\/p>\n\n\n\n<p>Dispon\u00edvel at\u00e9 30\/06\/2023 ou encerramento da vaga.<\/p>\n\n\n\n<p><strong>1 vaga \u2013 Motorista<\/strong><\/p>\n\n\n\n<p>Escolaridade \u2013 ensino m\u00e9dio completo;<\/p>\n\n\n\n<p>Experi\u00eancia \u2013 registrada na Carteira de Trabalho;<\/p>\n\n\n\n<p>Requisitos obrigat\u00f3rios \u2013 ter curso de dire\u00e7\u00e3o defensiva; ter disponibilidade de hor\u00e1rio; residir nas redondezas do Distrito Industrial I; ter Carteira Nacional de Habilita\u00e7\u00e3o categoria \u201cD\u201d dentro do prazo de validade e condu\u00e7\u00e3o pr\u00f3pria;<\/p>\n\n\n\n<p>Atividades \u2013 planejar e realizar rotas de funcion\u00e1rios; controlar km e abastecimento; realizar limpeza e manuten\u00e7\u00e3o do ve\u00edculo; utilizar software de navega\u00e7\u00e3o; efetuar retirada de documentos, pe\u00e7as e demais necessidades em fornecedores; atender a legisla\u00e7\u00e3o de tr\u00e2nsito vigente.<\/p>\n\n\n\n<p>Dispon\u00edvel at\u00e9 30\/06\/2023 ou encerramento da vaga.<\/p>\n\n\n\n<p><strong>1 vaga \u2013 Operador de Extrusora<\/strong><\/p>\n\n\n\n<p>Escolaridade \u2013 ensino m\u00e9dio completo;<\/p>\n\n\n\n<p>Experi\u00eancia \u2013 seis meses na Carteira de Trabalho;<\/p>\n\n\n\n<p>Requisitos obrigat\u00f3rios \u2013 ter experi\u00eancia em m\u00e1quina de extrus\u00e3o bal\u00e3o; ter disponibilidade de hor\u00e1rio; residir nas redondezas do Distrito Industrial I;<\/p>\n\n\n\n<p>Atividades \u2013 realizar interfaces de turnos de trabalho; programar atividades de produ\u00e7\u00e3o e monitorar funcionamento de equipamentos e sistemas; controlar par\u00e2metros do processo produtivo, operar suas etapas e movimentar materiais e insumos; transformar pol\u00edmeros em produtos intermedi\u00e1rios ou finais e realizar manuten\u00e7\u00e3o de primeiro n\u00edvel; trabalhar em conformidade com as normas e procedimentos t\u00e9cnicos de qualidade, seguran\u00e7a, higiene, sa\u00fade e preserva\u00e7\u00e3o ambiental.<\/p>\n\n\n\n<p>Dispon\u00edvel at\u00e9 30\/06\/2023 ou encerramento da vaga.<\/p>\n\n\n\n<p><strong>7 vagas \u2013 Auxiliar de Produ\u00e7\u00e3o \u2013 vagas exclusivas para Pessoas com Defici\u00eancia (PcD)<\/strong><\/p>\n\n\n\n<p>Escolaridade \u2013 ensino fundamental completo;<\/p>\n\n\n\n<p>Experi\u00eancia \u2013 n\u00e3o \u00e9 necess\u00e1rio;<\/p>\n\n\n\n<p>Atividades \u2013 atuar nas atividades de fabrica\u00e7\u00e3o, industrializa\u00e7\u00e3o, manipula\u00e7\u00e3o, desenvolvimento e pesquisa de pl\u00e1sticos, materiais correlatos e artefatos derivados.<\/p>\n\n\n\n<p>Dispon\u00edvel at\u00e9 30\/06\/2023 ou encerramento da vaga.<\/p>\n\n\n\n<p><strong>2 vagas \u2013 Inspetor da Qualidade<\/strong><\/p>\n\n\n\n<p>Escolaridade \u2013 ensino m\u00e9dio completo;<\/p>\n\n\n\n<p>Experi\u00eancia \u2013 seis meses na Carteira de Trabalho;<\/p>\n\n\n\n<p>Requisitos obrigat\u00f3rios \u2013 ter curso de Inspetor da Qualidade ou Controle da Qualidade; ter experi\u00eancia no segmento de eletr\u00f4nico (televisores);<\/p>\n\n\n\n<p>Atividades \u2013 realizar ensaios, medi\u00e7\u00f5es e testes de controle de qualidade de produtos, de acordo com normas e padr\u00f5es estabelecidos, analisando sua conformidade dentro das especifica\u00e7\u00f5es t\u00e9cnicas; reportar os resultados das inspe\u00e7\u00f5es \u00e0 ger\u00eancia para elaborar planos de preven\u00e7\u00e3o e corre\u00e7\u00e3o.<\/p>\n\n\n\n<p>Dispon\u00edvel at\u00e9 30\/06\/2023 ou encerramento da vaga.<\/p>\n\n\n\n<p><strong>Vagas em Servi\u00e7os \u2013 73<\/strong><\/p>\n\n\n\n<p><strong>5 vagas \u2013 Auxiliar de Limpeza \u2013 vagas exclusivas para Pessoas com Defici\u00eancia (PcD)<\/strong><\/p>\n\n\n\n<p>Escolaridade \u2013 ensino m\u00e9dio completo;<\/p>\n\n\n\n<p>Experi\u00eancia \u2013 seis meses na Carteira de Trabalho;<\/p>\n\n\n\n<p>Atividades \u2013 realizar limpeza di\u00e1ria nas depend\u00eancias da empresa; remover o p\u00f3 dos m\u00f3veis, fazer a varredura do piso, aspirar detritos, limpar ou lavar vidros e janelas, remover o lixo das lixeiras, higienizar os banheiros e repor materiais.<\/p>\n\n\n\n<p>Dispon\u00edvel at\u00e9 30\/06\/2023 ou encerramento da vaga.<\/p>\n\n\n\n<p><strong>10 vagas \u2013 Auxiliar de Servi\u00e7os Gerais \u2013 vagas exclusivas para Pessoas com Defici\u00eancia (PcD)<\/strong><\/p>\n\n\n\n<p>Escolaridade \u2013 ensino fundamental completo;<\/p>\n\n\n\n<p>Experi\u00eancia \u2013 n\u00e3o \u00e9 necess\u00e1rio;<\/p>\n\n\n\n<p>Requisitos obrigat\u00f3rios \u2013 ter disponibilidade de hor\u00e1rio;<\/p>\n\n\n\n<p>Atividades \u2013 realizar limpeza di\u00e1ria das depend\u00eancias da empresa; remover p\u00f3 dos m\u00f3veis, fazer varredura do piso, aspirar detritos, limpar ou lavar vidros e janelas, remover o lixo das lixeiras, higienizar os banheiros e repor materiais.<\/p>\n\n\n\n<p>Dispon\u00edvel at\u00e9 30\/06\/2023 ou encerramento da vaga.<\/p>\n\n\n\n<p><strong>1 vaga \u2013 Professor de L\u00edngua Inglesa<\/strong><\/p>\n\n\n\n<p>Escolaridade \u2013 ensino superior completo em l\u00edngua inglesa;<\/p>\n\n\n\n<p>Experi\u00eancia \u2013 seis meses na Carteira de Trabalho;<\/p>\n\n\n\n<p>Requisitos obrigat\u00f3rios \u2013 atuar nas \u00e1reas de Educa\u00e7\u00e3o Infantil, Ensino Fundamental l e ll;<\/p>\n\n\n\n<p>Atividades \u2013 ensinar os princ\u00edpios da l\u00edngua inglesa, usando diferentes m\u00e9todos para produzir cursos de sucesso.<\/p>\n\n\n\n<p>Dispon\u00edvel at\u00e9 30\/06\/2023 ou encerramento da vaga.<\/p>\n\n\n\n<p><strong>1 vaga \u2013 Auxiliar de Limpeza \u2013 vaga exclusiva para Pessoa com Defici\u00eancia (PcD)<\/strong><\/p>\n\n\n\n<p>Escolaridade \u2013 ensino fundamental incompleto;<\/p>\n\n\n\n<p>Experi\u00eancia \u2013 n\u00e3o \u00e9 necess\u00e1rio;<\/p>\n\n\n\n<p>Atividades \u2013 realizar limpeza e manuten\u00e7\u00e3o de \u00e1reas internas e externas.<\/p>\n\n\n\n<p>Dispon\u00edvel at\u00e9 30\/06\/2023 ou encerramento da vaga.<\/p>\n\n\n\n<p><strong>1 vaga \u2013 Pedagoga<\/strong><\/p>\n\n\n\n<p>Escolaridade \u2013 ensino superior completo em pedagogia;<\/p>\n\n\n\n<p>Experi\u00eancia \u2013 seis meses na Carteira de Trabalho;<\/p>\n\n\n\n<p>Requisitos obrigat\u00f3rios \u2013 ter experi\u00eancia na Educa\u00e7\u00e3o Infantil, Ensino Fundamental l e ll;<\/p>\n\n\n\n<p>Atividades \u2013 assessorar nas atividades de ensino, pesquisa e extens\u00e3o; estudar medidas que visem melhorar os processos pedag\u00f3gicos na educa\u00e7\u00e3o infantil; elaborar e desenvolver projetos educacionais; participar da elabora\u00e7\u00e3o de instrumentos espec\u00edficos de orienta\u00e7\u00e3o pedag\u00f3gica e educacional.<\/p>\n\n\n\n<p>Dispon\u00edvel at\u00e9 30\/06\/2023 ou encerramento da vaga.<\/p>\n\n\n\n<p><strong>2 vagas \u2013 Art\u00edfice de Manuten\u00e7\u00e3o<\/strong><\/p>\n\n\n\n<p>Escolaridade \u2013 ensino m\u00e9dio completo;<\/p>\n\n\n\n<p>Experi\u00eancia \u2013 seis meses na Carteira de Trabalho;<\/p>\n\n\n\n<p>Atividades \u2013 preparar e pintar superf\u00edcies externas e internas de edif\u00edcios e outras obras civis, raspando, limpando, emassando e cobrindo com uma ou v\u00e1rias camadas de tinta.<\/p>\n\n\n\n<p>Dispon\u00edvel at\u00e9 30\/06\/2023 ou encerramento da vaga.<\/p>\n\n\n\n<p><strong>2 vagas \u2013 Pintor de Obras<\/strong><\/p>\n\n\n\n<p>Escolaridade \u2013 ensino fundamental completo;<\/p>\n\n\n\n<p>Experi\u00eancia \u2013 seis meses na Carteira de Trabalho;<\/p>\n\n\n\n<p>Atividades \u2013 preparar e pintar superf\u00edcies externas e internas de edif\u00edcios e outras obras civis, raspando, limpando, emassando e cobrindo com uma ou v\u00e1rias camadas de tinta.<\/p>\n\n\n\n<p>Dispon\u00edvel at\u00e9 30\/06\/2023 ou encerramento da vaga.<\/p>\n\n\n\n<p><strong>2 vagas \u2013 Carpinteiro<\/strong><\/p>\n\n\n\n<p>Escolaridade \u2013 ensino fundamental incompleto;<\/p>\n\n\n\n<p>Experi\u00eancia \u2013 registrada na Carteira de Trabalho;<\/p>\n\n\n\n<p>Atividades \u2013 instalar e ajustar esquadrias de madeira e demais pe\u00e7as, como janelas, portas, escadas, rodap\u00e9s, divis\u00f3rias, forros e guardi\u00e7\u00f5es; construir formas de madeira para concretagem; reparar elementos de madeira; substituir total ou parcialmente, pe\u00e7as desajustadas ou deterioradas.<\/p>\n\n\n\n<p>Dispon\u00edvel at\u00e9 30\/06\/2023 ou encerramento da vaga.<\/p>\n\n\n\n<p><strong>1 vaga \u2013 Controlador de Pragas<\/strong><\/p>\n\n\n\n<p>Escolaridade \u2013 ensino m\u00e9dio completo;<\/p>\n\n\n\n<p>Experi\u00eancia \u2013 seis meses na Carteira de Trabalho;<\/p>\n\n\n\n<p>Requisitos obrigat\u00f3rios \u2013 ter disponibilidade de hor\u00e1rio e para viagens; ter Carteira Nacional de Habilita\u00e7\u00e3o categorias \u201cA\u201d ou \u201cB\u201d dentro do prazo de validade; candidatos n\u00e3o podem ter qualquer tipo de alergia \u00e0 produtos qu\u00edmicos;<\/p>\n\n\n\n<p>Atividades \u2013 respons\u00e1vel pela execu\u00e7\u00e3o de servi\u00e7os como desinsetiza\u00e7\u00e3o (dedetiza\u00e7\u00e3o), desratiza\u00e7\u00e3o, descupiniza\u00e7\u00e3o, manejo de pombos e morcegos e limpeza de caixa d&#8217;\u00e1gua.<\/p>\n\n\n\n<p>Dispon\u00edvel at\u00e9 30\/06\/2023 ou encerramento da vaga.<\/p>\n\n\n\n<p><strong>25 vagas \u2013 Auxiliar de Servi\u00e7os Gerais \u2013 vagas exclusivas para Pessoas com Defici\u00eancia (PcD)<\/strong><\/p>\n\n\n\n<p>Escolaridade \u2013 ensino fundamental completo;<\/p>\n\n\n\n<p>Experi\u00eancia \u2013 n\u00e3o \u00e9 necess\u00e1rio;<\/p>\n\n\n\n<p>Requisitos obrigat\u00f3rios \u2013 ter disponibilidade de hor\u00e1rio;<\/p>\n\n\n\n<p>Atividades \u2013 realizar limpeza di\u00e1ria das depend\u00eancias da empresa; remover p\u00f3 dos m\u00f3veis, fazer varredura do piso, aspirar detritos, limpar ou lavar vidros e janelas, remover lixo das lixeiras, higienizar banheiros e repor materiais.<\/p>\n\n\n\n<p>Dispon\u00edvel at\u00e9 30\/06\/2023 ou encerramento da vaga.<\/p>\n\n\n\n<p><strong>1 vaga \u2013 Auxiliar de Marketing<\/strong><\/p>\n\n\n\n<p>Escolaridade \u2013 ensino m\u00e9dio completo;<\/p>\n\n\n\n<p>Experi\u00eancia \u2013 n\u00e3o \u00e9 necess\u00e1rio;<\/p>\n\n\n\n<p>Requisitos obrigat\u00f3rios \u2013&nbsp;ter cursos na \u00e1rea de Marketing e Inform\u00e1tica avan\u00e7ada; residir na zona Centro-Oeste de Manaus;<\/p>\n\n\n\n<p>Atividades \u2013 auxiliar a ger\u00eancia; fazer acompanhamento e planejar formas de melhorar o desempenho de vendas; ajudar em tarefas operacionais; implementar campanhas e a\u00e7\u00f5es publicit\u00e1rias; entrar em contato com fornecedores, entre outras fun\u00e7\u00f5es.<\/p>\n\n\n\n<p>Dispon\u00edvel at\u00e9 30\/06\/2023 ou encerramento da vaga.<\/p>\n\n\n\n<p><strong>2 vagas \u2013 Atendente<\/strong><\/p>\n\n\n\n<p>Escolaridade \u2013 ensino m\u00e9dio completo;<\/p>\n\n\n\n<p>Experi\u00eancia \u2013 seis meses na Carteira de Trabalho;<\/p>\n\n\n\n<p>Requisitos obrigat\u00f3rios \u2013&nbsp;ter experi\u00eancia em Atendimento e residir na zona Centro-Oeste de Manaus;<\/p>\n\n\n\n<p>Atividades \u2013 atender solicita\u00e7\u00f5es e questionamentos dos clientes; processar pagamentos, fazer liga\u00e7\u00f5es, verificar identifica\u00e7\u00f5es e lidar com documenta\u00e7\u00e3o.<\/p>\n\n\n\n<p>Dispon\u00edvel at\u00e9 30\/06\/2023 ou encerramento da vaga.<\/p>\n\n\n\n<p><strong>6 vagas \u2013 Instrutor de Aprendizagem e Treinamento Industrial<\/strong><\/p>\n\n\n\n<p>Escolaridade \u2013 ensino t\u00e9cnico\/tecn\u00f3logo completo em seguran\u00e7a do trabalho, engenharia el\u00e9trica ou mec\u00e2nica;<\/p>\n\n\n\n<p>Experi\u00eancia \u2013 seis meses na Carteira de Trabalho;<\/p>\n\n\n\n<p>Atividades \u2013 preparar e ministrar treinamentos; elaborar materiais e atividades te\u00f3ricas e pr\u00e1ticas, conforme projeto estabelecido para capacitar e desenvolver pessoas.<\/p>\n\n\n\n<p>Dispon\u00edvel at\u00e9 30\/06\/2023 ou encerramento da vaga.<\/p>\n\n\n\n<p><strong>2 vagas \u2013 Motorista de Caminh\u00e3o<\/strong><\/p>\n\n\n\n<p>Escolaridade \u2013 ensino m\u00e9dio completo;<\/p>\n\n\n\n<p>Experi\u00eancia \u2013 seis meses na Carteira de Trabalho;<\/p>\n\n\n\n<p>Requisitos obrigat\u00f3rios \u2013 ter curso de MOPP; ter Carteira Nacional de Habilita\u00e7\u00e3o categoria \u201cD\u201d atualizada; residir nas proximidades ou na zona Leste de Manaus;<\/p>\n\n\n\n<p>Atividades \u2013 transportar, coletar e entregar cargas no Polo Industrial de Manaus.<\/p>\n\n\n\n<p>Dispon\u00edvel at\u00e9 30\/06\/2023 ou encerramento da vaga.<\/p>\n\n\n\n<p><strong>1 vaga \u2013 Marceneiro<\/strong><\/p>\n\n\n\n<p>Escolaridade \u2013 ensino fundamental completo;<\/p>\n\n\n\n<p>Experi\u00eancia \u2013 seis meses na Carteira de Trabalho;<\/p>\n\n\n\n<p>Atividades \u2013 auxiliar no corte de pe\u00e7as de MDF; efetuar aplica\u00e7\u00e3o de cola nas pe\u00e7as cortadas; fazer refilamento e embalar as pe\u00e7as para entrega; auxiliar na montagem dos m\u00f3veis no cliente; zelar pelos equipamentos, ferramentas e local de trabalho, mantendo tudo limpo e organizado.<\/p>\n\n\n\n<p>Dispon\u00edvel at\u00e9 30\/06\/2023 ou encerramento da vaga.<\/p>\n\n\n\n<p><strong>1 vaga \u2013 Auxiliar de Jardinagem<\/strong><\/p>\n\n\n\n<p>Escolaridade \u2013 ensino fundamental completo;<\/p>\n\n\n\n<p>Experi\u00eancia \u2013 seis meses na Carteira de Trabalho;<\/p>\n\n\n\n<p>Atividades \u2013 auxiliar o jardineiro em todas as fun\u00e7\u00f5es, como plantar e conservar \u00e1rvores, jardins, flores, arbustos e demais plantas, preparando terra, fazendo canteiros, plantando sementes e mudas, adubando e realizando demais cuidados necess\u00e1rios, auxiliando a podar, ro\u00e7ar, capinar, limpar e enxertar.<\/p>\n\n\n\n<p>Dispon\u00edvel at\u00e9 30\/06\/2023 ou encerramento da vaga.<\/p>\n\n\n\n<p><strong>3 vagas \u2013 Cumin<\/strong><\/p>\n\n\n\n<p>Escolaridade \u2013 ensino fundamental completo;<\/p>\n\n\n\n<p>Experi\u00eancia \u2013 seis meses na Carteira de Trabalho;<\/p>\n\n\n\n<p>Atividades \u2013 auxiliar de gar\u00e7om; auxiliar de mesa em restaurantes, hot\u00e9is e demais estabelecimentos; carregador de utens\u00edlios de cozinha.<\/p>\n\n\n\n<p>Dispon\u00edvel at\u00e9 30\/06\/2023 ou encerramento da vaga.<\/p>\n\n\n\n<p><strong>3 vagas \u2013 Auxiliar de Bar<\/strong><\/p>\n\n\n\n<p>Escolaridade \u2013 ensino fundamental completo;<\/p>\n\n\n\n<p>Experi\u00eancia \u2013 seis meses na Carteira de Trabalho;<\/p>\n\n\n\n<p>Atividades \u2013 trabalhar nos bastidores para apoiar os bartenders e gar\u00e7ons durante os seus turnos; ajudar nos procedimentos de abertura e fechamento do bar.<\/p>\n\n\n\n<p>Dispon\u00edvel at\u00e9 30\/06\/2023 ou encerramento da vaga.<\/p>\n\n\n\n<p><strong>2 vagas \u2013 Auxiliar de Cozinha<\/strong><\/p>\n\n\n\n<p>Escolaridade \u2013 ensino fundamental completo;<\/p>\n\n\n\n<p>Experi\u00eancia \u2013 seis meses na Carteira de Trabalho;<\/p>\n\n\n\n<p>Atividades \u2013 auxiliar nas diversas atividades do restaurante, como prepara\u00e7\u00e3o de alimentos, limpeza e conserva\u00e7\u00e3o das depend\u00eancias do restaurante, lanchonete e equipamentos.<\/p>\n\n\n\n<p>Dispon\u00edvel at\u00e9 30\/06\/2023 ou encerramento da vaga.<\/p>\n\n\n\n<p><strong>2 vagas \u2013 Auxiliar de Estoque<\/strong><\/p>\n\n\n\n<p>Escolaridade \u2013 ensino m\u00e9dio completo;<\/p>\n\n\n\n<p>Experi\u00eancia \u2013 seis meses na Carteira de Trabalho;<\/p>\n\n\n\n<p>Atividades \u2013 respons\u00e1vel por fazer a gest\u00e3o do estoque, receber mercadorias e saber onde est\u00e1 cada tipo de produto; organizar e separar os produtos por categorias.<\/p>\n\n\n\n<p>Dispon\u00edvel at\u00e9 30\/06\/2023 ou encerramento da vaga.<\/p>\n\n\n\n<p><strong>&#8212; &#8212; &#8212;<\/strong><\/p>\n\n\n\n<p><strong>Texto&nbsp;<\/strong>\u2013 Divulga\u00e7\u00e3o \/ Semtepi<\/p>\n\n\n\n<p><strong>Fotos \u2013&nbsp;<\/strong>Divulga\u00e7\u00e3o \/ Semcom<\/p>\n\n\n\n<p><strong>Dispon\u00edveis em &#8211;&nbsp;<\/strong><a href=\"https:\/\/flic.kr\/s\/aHBqjzGRm9\" target=\"_blank\" rel=\"noreferrer noopener\">https:\/\/flic.kr\/s\/aHBqjzGRm9<\/a><\/p>\n","protected":false},"excerpt":{"rendered":"","protected":false},"author":39,"featured_media":2160,"comment_status":"closed","ping_status":"closed","sticky":false,"template":"","format":"standard","meta":{"footnotes":""},"categories":[5],"tags":[313,7,8,9,10],"acf":[],"yoast_head":"<!-- This site is optimized with the Yoast SEO plugin v23.0 - https:\/\/yoast.com\/wordpress\/plugins\/seo\/ -->\n<title>Sine Manaus oferta 119 vagas de emprego nesta sexta-feira, 30\/6<\/title>\n<meta name=\"description\" content=\"A Prefeitura de Manaus, por meio do Sine Manaus, oferta 119\u00a0vagas de emprego em v\u00e1rias \u00e1reas de atua\u00e7\u00e3o, nesta sexta-feira, 30\/6,\u00a0de 8h \u00e0s 16h.\" \/>\n<meta name=\"robots\" content=\"noindex, follow\" \/>\n<meta property=\"og:locale\" content=\"pt_BR\" \/>\n<meta property=\"og:type\" content=\"article\" \/>\n<meta property=\"og:title\" content=\"Sine Manaus oferta 119 vagas de emprego nesta sexta-feira, 30\/6\" \/>\n<meta property=\"og:description\" content=\"A Prefeitura de Manaus, por meio do Sine Manaus, oferta 119\u00a0vagas de emprego em v\u00e1rias \u00e1reas de atua\u00e7\u00e3o, nesta sexta-feira, 30\/6,\u00a0de 8h \u00e0s 16h.\" \/>\n<meta property=\"og:url\" content=\"https:\/\/www.manaus.am.gov.br\/semtepi\/oportunidade\/sine-manaus-oferta-119-vagas-de-emprego-nesta-sexta-feira-30-6\/\" \/>\n<meta property=\"og:site_name\" content=\"SEMTEPI\" \/>\n<meta property=\"article:published_time\" content=\"2023-06-29T19:25:20+00:00\" \/>\n<meta property=\"article:modified_time\" content=\"2023-06-29T19:25:24+00:00\" \/>\n<meta property=\"og:image\" content=\"https:\/\/www.manaus.am.gov.br\/semtepi\/wp-content\/uploads\/sites\/20\/2023\/06\/51956700336_94fa279886_k-1.jpg\" \/>\n\t<meta property=\"og:image:width\" content=\"2048\" \/>\n\t<meta property=\"og:image:height\" content=\"1365\" \/>\n\t<meta property=\"og:image:type\" content=\"image\/jpeg\" \/>\n<meta name=\"author\" content=\"Bruna Greco\" \/>\n<meta name=\"twitter:card\" content=\"summary_large_image\" \/>\n<meta name=\"twitter:label1\" content=\"Written by\" \/>\n\t<meta name=\"twitter:data1\" content=\"Bruna Greco\" \/>\n\t<meta name=\"twitter:label2\" content=\"Est. reading time\" \/>\n\t<meta name=\"twitter:data2\" content=\"16 minutos\" \/>\n<script type=\"application\/ld+json\" class=\"yoast-schema-graph\">{\"@context\":\"https:\/\/schema.org\",\"@graph\":[{\"@type\":\"Article\",\"@id\":\"https:\/\/www.manaus.am.gov.br\/semtepi\/oportunidade\/sine-manaus-oferta-119-vagas-de-emprego-nesta-sexta-feira-30-6\/#article\",\"isPartOf\":{\"@id\":\"https:\/\/www.manaus.am.gov.br\/semtepi\/oportunidade\/sine-manaus-oferta-119-vagas-de-emprego-nesta-sexta-feira-30-6\/\"},\"author\":{\"name\":\"Bruna Greco\",\"@id\":\"https:\/\/www.manaus.am.gov.br\/semtepi\/#\/schema\/person\/05d223aea2bf115f9883a6ff3683d81b\"},\"headline\":\"Sine Manaus oferta 119\u00a0vagas de emprego nesta sexta-feira, 30\/6\",\"datePublished\":\"2023-06-29T19:25:20+00:00\",\"dateModified\":\"2023-06-29T19:25:24+00:00\",\"mainEntityOfPage\":{\"@id\":\"https:\/\/www.manaus.am.gov.br\/semtepi\/oportunidade\/sine-manaus-oferta-119-vagas-de-emprego-nesta-sexta-feira-30-6\/\"},\"wordCount\":3129,\"publisher\":{\"@id\":\"https:\/\/www.manaus.am.gov.br\/semtepi\/#organization\"},\"image\":{\"@id\":\"https:\/\/www.manaus.am.gov.br\/semtepi\/oportunidade\/sine-manaus-oferta-119-vagas-de-emprego-nesta-sexta-feira-30-6\/#primaryimage\"},\"thumbnailUrl\":\"https:\/\/www.manaus.am.gov.br\/semtepi\/wp-content\/uploads\/sites\/20\/2023\/06\/51956700336_94fa279886_k-1.jpg\",\"keywords\":[\"119 vagas de emprego\",\"oportunidade\",\"prefeitura de manaus\",\"Semtepi\",\"sine manaus\"],\"articleSection\":[\"Oportunidade\"],\"inLanguage\":\"pt-BR\"},{\"@type\":\"WebPage\",\"@id\":\"https:\/\/www.manaus.am.gov.br\/semtepi\/oportunidade\/sine-manaus-oferta-119-vagas-de-emprego-nesta-sexta-feira-30-6\/\",\"url\":\"https:\/\/www.manaus.am.gov.br\/semtepi\/oportunidade\/sine-manaus-oferta-119-vagas-de-emprego-nesta-sexta-feira-30-6\/\",\"name\":\"Sine Manaus oferta 119 vagas de emprego nesta sexta-feira, 30\/6\",\"isPartOf\":{\"@id\":\"https:\/\/www.manaus.am.gov.br\/semtepi\/#website\"},\"primaryImageOfPage\":{\"@id\":\"https:\/\/www.manaus.am.gov.br\/semtepi\/oportunidade\/sine-manaus-oferta-119-vagas-de-emprego-nesta-sexta-feira-30-6\/#primaryimage\"},\"image\":{\"@id\":\"https:\/\/www.manaus.am.gov.br\/semtepi\/oportunidade\/sine-manaus-oferta-119-vagas-de-emprego-nesta-sexta-feira-30-6\/#primaryimage\"},\"thumbnailUrl\":\"https:\/\/www.manaus.am.gov.br\/semtepi\/wp-content\/uploads\/sites\/20\/2023\/06\/51956700336_94fa279886_k-1.jpg\",\"datePublished\":\"2023-06-29T19:25:20+00:00\",\"dateModified\":\"2023-06-29T19:25:24+00:00\",\"description\":\"A Prefeitura de Manaus, por meio do Sine Manaus, oferta 119\u00a0vagas de emprego em v\u00e1rias \u00e1reas de atua\u00e7\u00e3o, nesta sexta-feira, 30\/6,\u00a0de 8h \u00e0s 16h.\",\"breadcrumb\":{\"@id\":\"https:\/\/www.manaus.am.gov.br\/semtepi\/oportunidade\/sine-manaus-oferta-119-vagas-de-emprego-nesta-sexta-feira-30-6\/#breadcrumb\"},\"inLanguage\":\"pt-BR\",\"potentialAction\":[{\"@type\":\"ReadAction\",\"target\":[\"https:\/\/www.manaus.am.gov.br\/semtepi\/oportunidade\/sine-manaus-oferta-119-vagas-de-emprego-nesta-sexta-feira-30-6\/\"]}]},{\"@type\":\"ImageObject\",\"inLanguage\":\"pt-BR\",\"@id\":\"https:\/\/www.manaus.am.gov.br\/semtepi\/oportunidade\/sine-manaus-oferta-119-vagas-de-emprego-nesta-sexta-feira-30-6\/#primaryimage\",\"url\":\"https:\/\/www.manaus.am.gov.br\/semtepi\/wp-content\/uploads\/sites\/20\/2023\/06\/51956700336_94fa279886_k-1.jpg\",\"contentUrl\":\"https:\/\/www.manaus.am.gov.br\/semtepi\/wp-content\/uploads\/sites\/20\/2023\/06\/51956700336_94fa279886_k-1.jpg\",\"width\":2048,\"height\":1365},{\"@type\":\"BreadcrumbList\",\"@id\":\"https:\/\/www.manaus.am.gov.br\/semtepi\/oportunidade\/sine-manaus-oferta-119-vagas-de-emprego-nesta-sexta-feira-30-6\/#breadcrumb\",\"itemListElement\":[{\"@type\":\"ListItem\",\"position\":1,\"name\":\"Home\",\"item\":\"https:\/\/www.manaus.am.gov.br\/semtepi\/\"},{\"@type\":\"ListItem\",\"position\":2,\"name\":\"Sine Manaus oferta 119\u00a0vagas de emprego nesta sexta-feira, 30\/6\"}]},{\"@type\":\"WebSite\",\"@id\":\"https:\/\/www.manaus.am.gov.br\/semtepi\/#website\",\"url\":\"https:\/\/www.manaus.am.gov.br\/semtepi\/\",\"name\":\"SEMTEPI\",\"description\":\"Prefeitura de Manaus\",\"publisher\":{\"@id\":\"https:\/\/www.manaus.am.gov.br\/semtepi\/#organization\"},\"alternateName\":\"Secretaria Municipal do Trabalho, Empreendedorismo e Inova\u00e7\u00e3o\",\"potentialAction\":[{\"@type\":\"SearchAction\",\"target\":{\"@type\":\"EntryPoint\",\"urlTemplate\":\"https:\/\/www.manaus.am.gov.br\/semtepi\/?s={search_term_string}\"},\"query-input\":\"required name=search_term_string\"}],\"inLanguage\":\"pt-BR\"},{\"@type\":\"Organization\",\"@id\":\"https:\/\/www.manaus.am.gov.br\/semtepi\/#organization\",\"name\":\"Prefeitura Municipal de Manaus\",\"alternateName\":\"Prefeitura de Manaus\",\"url\":\"https:\/\/www.manaus.am.gov.br\/semtepi\/\",\"logo\":{\"@type\":\"ImageObject\",\"inLanguage\":\"pt-BR\",\"@id\":\"https:\/\/www.manaus.am.gov.br\/semtepi\/#\/schema\/logo\/image\/\",\"url\":\"https:\/\/www.manaus.am.gov.br\/semtepi\/wp-content\/uploads\/sites\/20\/2024\/07\/favicon.png\",\"contentUrl\":\"https:\/\/www.manaus.am.gov.br\/semtepi\/wp-content\/uploads\/sites\/20\/2024\/07\/favicon.png\",\"width\":300,\"height\":300,\"caption\":\"Prefeitura Municipal de Manaus\"},\"image\":{\"@id\":\"https:\/\/www.manaus.am.gov.br\/semtepi\/#\/schema\/logo\/image\/\"}},{\"@type\":\"Person\",\"@id\":\"https:\/\/www.manaus.am.gov.br\/semtepi\/#\/schema\/person\/05d223aea2bf115f9883a6ff3683d81b\",\"name\":\"Bruna Greco\",\"image\":{\"@type\":\"ImageObject\",\"inLanguage\":\"pt-BR\",\"@id\":\"https:\/\/www.manaus.am.gov.br\/semtepi\/#\/schema\/person\/image\/\",\"url\":\"https:\/\/secure.gravatar.com\/avatar\/9c877d1a6adc2a055330e5c09a8653ce?s=96&d=mm&r=g\",\"contentUrl\":\"https:\/\/secure.gravatar.com\/avatar\/9c877d1a6adc2a055330e5c09a8653ce?s=96&d=mm&r=g\",\"caption\":\"Bruna Greco\"}}]}<\/script>\n<!-- \/ Yoast SEO plugin. -->","yoast_head_json":{"title":"Sine Manaus oferta 119 vagas de emprego nesta sexta-feira, 30\/6","description":"A Prefeitura de Manaus, por meio do Sine Manaus, oferta 119\u00a0vagas de emprego em v\u00e1rias \u00e1reas de atua\u00e7\u00e3o, nesta sexta-feira, 30\/6,\u00a0de 8h \u00e0s 16h.","robots":{"index":"noindex","follow":"follow"},"og_locale":"pt_BR","og_type":"article","og_title":"Sine Manaus oferta 119 vagas de emprego nesta sexta-feira, 30\/6","og_description":"A Prefeitura de Manaus, por meio do Sine Manaus, oferta 119\u00a0vagas de emprego em v\u00e1rias \u00e1reas de atua\u00e7\u00e3o, nesta sexta-feira, 30\/6,\u00a0de 8h \u00e0s 16h.","og_url":"https:\/\/www.manaus.am.gov.br\/semtepi\/oportunidade\/sine-manaus-oferta-119-vagas-de-emprego-nesta-sexta-feira-30-6\/","og_site_name":"SEMTEPI","article_published_time":"2023-06-29T19:25:20+00:00","article_modified_time":"2023-06-29T19:25:24+00:00","og_image":[{"width":2048,"height":1365,"url":"https:\/\/www.manaus.am.gov.br\/semtepi\/wp-content\/uploads\/sites\/20\/2023\/06\/51956700336_94fa279886_k-1.jpg","type":"image\/jpeg"}],"author":"Bruna Greco","twitter_card":"summary_large_image","twitter_misc":{"Written by":"Bruna Greco","Est. reading time":"16 minutos"},"schema":{"@context":"https:\/\/schema.org","@graph":[{"@type":"Article","@id":"https:\/\/www.manaus.am.gov.br\/semtepi\/oportunidade\/sine-manaus-oferta-119-vagas-de-emprego-nesta-sexta-feira-30-6\/#article","isPartOf":{"@id":"https:\/\/www.manaus.am.gov.br\/semtepi\/oportunidade\/sine-manaus-oferta-119-vagas-de-emprego-nesta-sexta-feira-30-6\/"},"author":{"name":"Bruna Greco","@id":"https:\/\/www.manaus.am.gov.br\/semtepi\/#\/schema\/person\/05d223aea2bf115f9883a6ff3683d81b"},"headline":"Sine Manaus oferta 119\u00a0vagas de emprego nesta sexta-feira, 30\/6","datePublished":"2023-06-29T19:25:20+00:00","dateModified":"2023-06-29T19:25:24+00:00","mainEntityOfPage":{"@id":"https:\/\/www.manaus.am.gov.br\/semtepi\/oportunidade\/sine-manaus-oferta-119-vagas-de-emprego-nesta-sexta-feira-30-6\/"},"wordCount":3129,"publisher":{"@id":"https:\/\/www.manaus.am.gov.br\/semtepi\/#organization"},"image":{"@id":"https:\/\/www.manaus.am.gov.br\/semtepi\/oportunidade\/sine-manaus-oferta-119-vagas-de-emprego-nesta-sexta-feira-30-6\/#primaryimage"},"thumbnailUrl":"https:\/\/www.manaus.am.gov.br\/semtepi\/wp-content\/uploads\/sites\/20\/2023\/06\/51956700336_94fa279886_k-1.jpg","keywords":["119 vagas de emprego","oportunidade","prefeitura de manaus","Semtepi","sine manaus"],"articleSection":["Oportunidade"],"inLanguage":"pt-BR"},{"@type":"WebPage","@id":"https:\/\/www.manaus.am.gov.br\/semtepi\/oportunidade\/sine-manaus-oferta-119-vagas-de-emprego-nesta-sexta-feira-30-6\/","url":"https:\/\/www.manaus.am.gov.br\/semtepi\/oportunidade\/sine-manaus-oferta-119-vagas-de-emprego-nesta-sexta-feira-30-6\/","name":"Sine Manaus oferta 119 vagas de emprego nesta sexta-feira, 30\/6","isPartOf":{"@id":"https:\/\/www.manaus.am.gov.br\/semtepi\/#website"},"primaryImageOfPage":{"@id":"https:\/\/www.manaus.am.gov.br\/semtepi\/oportunidade\/sine-manaus-oferta-119-vagas-de-emprego-nesta-sexta-feira-30-6\/#primaryimage"},"image":{"@id":"https:\/\/www.manaus.am.gov.br\/semtepi\/oportunidade\/sine-manaus-oferta-119-vagas-de-emprego-nesta-sexta-feira-30-6\/#primaryimage"},"thumbnailUrl":"https:\/\/www.manaus.am.gov.br\/semtepi\/wp-content\/uploads\/sites\/20\/2023\/06\/51956700336_94fa279886_k-1.jpg","datePublished":"2023-06-29T19:25:20+00:00","dateModified":"2023-06-29T19:25:24+00:00","description":"A Prefeitura de Manaus, por meio do Sine Manaus, oferta 119\u00a0vagas de emprego em v\u00e1rias \u00e1reas de atua\u00e7\u00e3o, nesta sexta-feira, 30\/6,\u00a0de 8h \u00e0s 16h.","breadcrumb":{"@id":"https:\/\/www.manaus.am.gov.br\/semtepi\/oportunidade\/sine-manaus-oferta-119-vagas-de-emprego-nesta-sexta-feira-30-6\/#breadcrumb"},"inLanguage":"pt-BR","potentialAction":[{"@type":"ReadAction","target":["https:\/\/www.manaus.am.gov.br\/semtepi\/oportunidade\/sine-manaus-oferta-119-vagas-de-emprego-nesta-sexta-feira-30-6\/"]}]},{"@type":"ImageObject","inLanguage":"pt-BR","@id":"https:\/\/www.manaus.am.gov.br\/semtepi\/oportunidade\/sine-manaus-oferta-119-vagas-de-emprego-nesta-sexta-feira-30-6\/#primaryimage","url":"https:\/\/www.manaus.am.gov.br\/semtepi\/wp-content\/uploads\/sites\/20\/2023\/06\/51956700336_94fa279886_k-1.jpg","contentUrl":"https:\/\/www.manaus.am.gov.br\/semtepi\/wp-content\/uploads\/sites\/20\/2023\/06\/51956700336_94fa279886_k-1.jpg","width":2048,"height":1365},{"@type":"BreadcrumbList","@id":"https:\/\/www.manaus.am.gov.br\/semtepi\/oportunidade\/sine-manaus-oferta-119-vagas-de-emprego-nesta-sexta-feira-30-6\/#breadcrumb","itemListElement":[{"@type":"ListItem","position":1,"name":"Home","item":"https:\/\/www.manaus.am.gov.br\/semtepi\/"},{"@type":"ListItem","position":2,"name":"Sine Manaus oferta 119\u00a0vagas de emprego nesta sexta-feira, 30\/6"}]},{"@type":"WebSite","@id":"https:\/\/www.manaus.am.gov.br\/semtepi\/#website","url":"https:\/\/www.manaus.am.gov.br\/semtepi\/","name":"SEMTEPI","description":"Prefeitura de Manaus","publisher":{"@id":"https:\/\/www.manaus.am.gov.br\/semtepi\/#organization"},"alternateName":"Secretaria Municipal do Trabalho, Empreendedorismo e Inova\u00e7\u00e3o","potentialAction":[{"@type":"SearchAction","target":{"@type":"EntryPoint","urlTemplate":"https:\/\/www.manaus.am.gov.br\/semtepi\/?s={search_term_string}"},"query-input":"required name=search_term_string"}],"inLanguage":"pt-BR"},{"@type":"Organization","@id":"https:\/\/www.manaus.am.gov.br\/semtepi\/#organization","name":"Prefeitura Municipal de Manaus","alternateName":"Prefeitura de Manaus","url":"https:\/\/www.manaus.am.gov.br\/semtepi\/","logo":{"@type":"ImageObject","inLanguage":"pt-BR","@id":"https:\/\/www.manaus.am.gov.br\/semtepi\/#\/schema\/logo\/image\/","url":"https:\/\/www.manaus.am.gov.br\/semtepi\/wp-content\/uploads\/sites\/20\/2024\/07\/favicon.png","contentUrl":"https:\/\/www.manaus.am.gov.br\/semtepi\/wp-content\/uploads\/sites\/20\/2024\/07\/favicon.png","width":300,"height":300,"caption":"Prefeitura Municipal de Manaus"},"image":{"@id":"https:\/\/www.manaus.am.gov.br\/semtepi\/#\/schema\/logo\/image\/"}},{"@type":"Person","@id":"https:\/\/www.manaus.am.gov.br\/semtepi\/#\/schema\/person\/05d223aea2bf115f9883a6ff3683d81b","name":"Bruna Greco","image":{"@type":"ImageObject","inLanguage":"pt-BR","@id":"https:\/\/www.manaus.am.gov.br\/semtepi\/#\/schema\/person\/image\/","url":"https:\/\/secure.gravatar.com\/avatar\/9c877d1a6adc2a055330e5c09a8653ce?s=96&d=mm&r=g","contentUrl":"https:\/\/secure.gravatar.com\/avatar\/9c877d1a6adc2a055330e5c09a8653ce?s=96&d=mm&r=g","caption":"Bruna Greco"}}]}},"_links":{"self":[{"href":"https:\/\/www.manaus.am.gov.br\/semtepi\/wp-json\/wp\/v2\/posts\/2159"}],"collection":[{"href":"https:\/\/www.manaus.am.gov.br\/semtepi\/wp-json\/wp\/v2\/posts"}],"about":[{"href":"https:\/\/www.manaus.am.gov.br\/semtepi\/wp-json\/wp\/v2\/types\/post"}],"author":[{"embeddable":true,"href":"https:\/\/www.manaus.am.gov.br\/semtepi\/wp-json\/wp\/v2\/users\/39"}],"replies":[{"embeddable":true,"href":"https:\/\/www.manaus.am.gov.br\/semtepi\/wp-json\/wp\/v2\/comments?post=2159"}],"version-history":[{"count":0,"href":"https:\/\/www.manaus.am.gov.br\/semtepi\/wp-json\/wp\/v2\/posts\/2159\/revisions"}],"wp:featuredmedia":[{"embeddable":true,"href":"https:\/\/www.manaus.am.gov.br\/semtepi\/wp-json\/wp\/v2\/media\/2160"}],"wp:attachment":[{"href":"https:\/\/www.manaus.am.gov.br\/semtepi\/wp-json\/wp\/v2\/media?parent=2159"}],"wp:term":[{"taxonomy":"category","embeddable":true,"href":"https:\/\/www.manaus.am.gov.br\/semtepi\/wp-json\/wp\/v2\/categories?post=2159"},{"taxonomy":"post_tag","embeddable":true,"href":"https:\/\/www.manaus.am.gov.br\/semtepi\/wp-json\/wp\/v2\/tags?post=2159"}],"curies":[{"name":"wp","href":"https:\/\/api.w.org\/{rel}","templated":true}]}}