{"id":2134,"date":"2023-06-27T16:30:15","date_gmt":"2023-06-27T20:30:15","guid":{"rendered":"https:\/\/www.manaus.am.gov.br\/semtepi\/sem-categoria\/sine-manaus-oferta-196-vagas-de-emprego-nesta-quarta-feira-28-6\/"},"modified":"2023-06-27T16:30:18","modified_gmt":"2023-06-27T20:30:18","slug":"sine-manaus-oferta-196-vagas-de-emprego-nesta-quarta-feira-28-6","status":"publish","type":"post","link":"https:\/\/www.manaus.am.gov.br\/semtepi\/oportunidade\/sine-manaus-oferta-196-vagas-de-emprego-nesta-quarta-feira-28-6\/","title":{"rendered":"<strong>Sine Manaus oferta 196\u00a0vagas de emprego nesta quarta-feira, 28\/6<\/strong>"},"content":{"rendered":"\n<p>A Prefeitura de Manaus, por meio do Sine Manaus, oferta 196&nbsp;vagas de emprego em v\u00e1rias \u00e1reas de atua\u00e7\u00e3o, nesta quarta-feira, 28\/6,&nbsp;de 8h \u00e0s 16h. O candidato precisa validar a Carteira Digital e Previd\u00eancia Social (CTPS) no aplicativo \u201cCarteira de Trabalho Digital\u201d ou acessar o site&nbsp;<a href=\"http:\/\/gov.br\/trabalho\" target=\"_blank\" rel=\"noreferrer noopener\">http:\/\/gov.br\/trabalho<\/a>&nbsp;e para concorrer \u00e0s vagas, deve acessar o site&nbsp;<a href=\"http:\/\/empregabrasil.mte.gov.br\/\" target=\"_blank\" rel=\"noreferrer noopener\">http:\/\/empregabrasil.mte.gov.br<\/a>&nbsp;para fazer a solicita\u00e7\u00e3o de cadastro.<\/p>\n\n\n\n<p>Para participar da pr\u00e9-sele\u00e7\u00e3o e concorrer a uma das vagas dispon\u00edveis, ou receber orienta\u00e7\u00e3o de cadastro, Carteira de Trabalho Digital e seguro-desemprego, os candidatos devem comparecer a um dos postos do Sine Manaus: na avenida Constantino Nery, n\u00ba 1.272, bairro S\u00e3o Geraldo, zona Centro-Sul; ou no shopping Phelippe Daou, na&nbsp;<a href=\"https:\/\/www.google.com\/maps\/search\/avenida+Camapu%C3%A3,+n%C2%BA+2.939?entry=gmail&amp;source=g\">avenida Camapu\u00e3, n\u00ba 2.939<\/a>, bairro Cidade de Deus, zona Norte.<\/p>\n\n\n\n<p>A Semtepi informa que o atendimento no posto do shopping Phelippe Daou foi reduzido em virtude de reforma no espa\u00e7o, e orienta os cidad\u00e3os a comparecerem, preferencialmente, ao posto da avenida Constantino Nery.<\/p>\n\n\n\n<p>Os interessados devem estar munidos do comprovante de vacina\u00e7\u00e3o (Covid-19), curr\u00edculo e documentos pessoais (RG, CPF, PIS, CTPS, comprovante de escolaridade e resid\u00eancia). N\u00e3o \u00e9 necess\u00e1rio apresentar c\u00f3pias, somente os documentos originais.<\/p>\n\n\n\n<p><strong>Vagas Novas \u2013 33<\/strong><\/p>\n\n\n\n<p><strong>1 vaga \u2013 Forneiro de Padaria<\/strong><\/p>\n\n\n\n<p>Escolaridade \u2013 ensino m\u00e9dio completo;<\/p>\n\n\n\n<p>Experi\u00eancia \u2013 registrada na Carteira de Trabalho;<\/p>\n\n\n\n<p>Requisitos obrigat\u00f3rios \u2013 ter experi\u00eancia no segmento aliment\u00edcio, residir na zona Oeste de Manaus; ter disponibilidade de hor\u00e1rio;<\/p>\n\n\n\n<p>Atividades \u2013 preparar m\u00e1quinas, equipamentos e materiais; operar forno na fabrica\u00e7\u00e3o de produtos de massas.<\/p>\n\n\n\n<p>Dispon\u00edvel at\u00e9 28\/6\/2023 ou encerramento da vaga.<\/p>\n\n\n\n<p><strong>1 vaga \u2013 Estoquista<\/strong><\/p>\n\n\n\n<p>Escolaridade \u2013 ensino m\u00e9dio completo;<\/p>\n\n\n\n<p>Experi\u00eancia \u2013&nbsp;&nbsp;registrada na Carteira de Trabalho;<\/p>\n\n\n\n<p>Requisitos obrigat\u00f3rios \u2013 ter experi\u00eancia no segmento aliment\u00edcio, residir na zona Oeste de Manaus; ter disponibilidade de hor\u00e1rio;<\/p>\n\n\n\n<p>Atividades \u2013 realizar organiza\u00e7\u00e3o e armazenamento de caixas, embalagens, produtos e mat\u00e9ria prima; separar mercadorias e ajudar na realiza\u00e7\u00e3o de balan\u00e7os dos produtos em estoque.<\/p>\n\n\n\n<p>Dispon\u00edvel at\u00e9 28\/6\/2023 ou encerramento da vaga.<\/p>\n\n\n\n<p><strong>2 vagas \u2013 Atendente de Delivery<\/strong><\/p>\n\n\n\n<p>Escolaridade \u2013 ensino m\u00e9dio completo;<\/p>\n\n\n\n<p>Experi\u00eancia \u2013&nbsp;&nbsp;primeiro emprego;<\/p>\n\n\n\n<p>Requisitos obrigat\u00f3rios \u2013 ter curso de Atendimento ao Cliente; residir na zona Oeste de Manaus; ter disponibilidade de hor\u00e1rio;<\/p>\n\n\n\n<p>Atividades \u2013 realizar atendimento ao cliente por telefone e presencialmente; recepcionar, apresentar produtos, realizar estocagem, organiza\u00e7\u00e3o de prateleiras e do local.<\/p>\n\n\n\n<p>Dispon\u00edvel at\u00e9 28\/6\/2023 ou encerramento da vaga.<\/p>\n\n\n\n<p><strong>1 vaga \u2013 Motorista<\/strong><\/p>\n\n\n\n<p>Escolaridade \u2013 ensino m\u00e9dio completo;<\/p>\n\n\n\n<p>Experi\u00eancia \u2013 registrada na Carteira de Trabalho;<\/p>\n\n\n\n<p>Requisitos obrigat\u00f3rios \u2013 ter curso de dire\u00e7\u00e3o defensiva; ter disponibilidade de hor\u00e1rio; residir nas redondezas do Distrito Industrial I; ter Carteira Nacional de Habilita\u00e7\u00e3o categoria \u201cD\u201d dentro do prazo de validade e condu\u00e7\u00e3o pr\u00f3pria;<\/p>\n\n\n\n<p>Atividades \u2013 planejar e realizar rotas de funcion\u00e1rios; controlar km e abastecimento; realizar limpeza e manuten\u00e7\u00e3o do ve\u00edculo; utilizar software de navega\u00e7\u00e3o; efetuar retirada de documentos, pe\u00e7as e demais necessidades em fornecedores; atender a legisla\u00e7\u00e3o de tr\u00e2nsito vigente.<\/p>\n\n\n\n<p>Dispon\u00edvel at\u00e9 28\/6\/2023 ou encerramento da vaga.<\/p>\n\n\n\n<p><strong>1 vaga \u2013 Operador de Extrusora<\/strong><\/p>\n\n\n\n<p>Escolaridade \u2013 ensino m\u00e9dio completo;<\/p>\n\n\n\n<p>Experi\u00eancia \u2013 seis meses na Carteira de Trabalho;<\/p>\n\n\n\n<p>Requisitos obrigat\u00f3rios \u2013 ter experi\u00eancia em m\u00e1quina de extrus\u00e3o bal\u00e3o; ter disponibilidade de hor\u00e1rio; residir nas redondezas do Distrito Industrial I;<\/p>\n\n\n\n<p>Atividades \u2013 realizar interfaces de turnos de trabalho; programar atividades de produ\u00e7\u00e3o e monitorar funcionamento de equipamentos e sistemas; controlar par\u00e2metros do processo produtivo, operar suas etapas e movimentar materiais e insumos; transformar pol\u00edmeros em produtos intermedi\u00e1rios ou finais e realizar manuten\u00e7\u00e3o de primeiro n\u00edvel; trabalhar em conformidade com as normas e procedimentos t\u00e9cnicos de qualidade, seguran\u00e7a, higiene, sa\u00fade e preserva\u00e7\u00e3o ambiental.<\/p>\n\n\n\n<p>Dispon\u00edvel at\u00e9 28\/6\/2023 ou encerramento da vaga.<\/p>\n\n\n\n<p><strong>1 vaga \u2013 Auxiliar Administrativo (Jovem Aprendiz)<\/strong><\/p>\n\n\n\n<p>Escolaridade \u2013 ensino m\u00e9dio completo;<\/p>\n\n\n\n<p>Experi\u00eancia \u2013 n\u00e3o \u00e9 necess\u00e1rio;<\/p>\n\n\n\n<p>Atividades \u2013 auxiliar em tarefas relacionadas \u00e0 administra\u00e7\u00e3o, como rotinas de digita\u00e7\u00e3o, elabora\u00e7\u00e3o de planilhas, documentos e agendas, atendimento, entre outras atividades relacionadas.<\/p>\n\n\n\n<p>Dispon\u00edvel at\u00e9 28\/6\/2023 ou encerramento da vaga.<\/p>\n\n\n\n<p><strong>2 vagas \u2013 Atendente de Balc\u00e3o (Jovem Aprendiz)<\/strong><\/p>\n\n\n\n<p>Escolaridade \u2013 ensino m\u00e9dio completo;<\/p>\n\n\n\n<p>Experi\u00eancia \u2013 n\u00e3o \u00e9 necess\u00e1rio;<\/p>\n\n\n\n<p>Atividades \u2013 atender clientes no balc\u00e3o, lan\u00e7ar pedidos no sistema e liberar para a cozinha; receber pedidos e liberar ao cliente; receber pedidos de delivery via sistema e liberar para a cozinha; organizar o sal\u00e3o de atendimento, os processos de entrada e sa\u00edda dos pedidos;&nbsp;organiza\u00e7\u00e3o e limpeza do ambiente de trabalho.<\/p>\n\n\n\n<p>Dispon\u00edvel at\u00e9 28\/6\/2023 ou encerramento da vaga.<\/p>\n\n\n\n<p><strong>2 vagas \u2013 Motorista de Caminh\u00e3o<\/strong><\/p>\n\n\n\n<p>Escolaridade \u2013 ensino m\u00e9dio completo;<\/p>\n\n\n\n<p>Experi\u00eancia \u2013 seis meses na Carteira de Trabalho;<\/p>\n\n\n\n<p>Requisitos obrigat\u00f3rios \u2013 ter curso de MOPP; ter Carteira Nacional de Habilita\u00e7\u00e3o categoria \u201cD\u201d atualizada; residir nas proximidades ou na zona Leste de Manaus;<\/p>\n\n\n\n<p>Atividades \u2013 transportar, coletar e entregar cargas no Polo Industrial de Manaus.<\/p>\n\n\n\n<p>Dispon\u00edvel at\u00e9 28\/6\/2023 ou encerramento da vaga.<\/p>\n\n\n\n<p><strong>1 vaga \u2013 Auxiliar de Estoque<\/strong><\/p>\n\n\n\n<p>Escolaridade \u2013 ensino m\u00e9dio completo;<\/p>\n\n\n\n<p>Experi\u00eancia \u2013 seis meses na Carteira de Trabalho;<\/p>\n\n\n\n<p>Atividades \u2013 armazenar e organizar produtos; separar e receber entregas; realizar confer\u00eancia dos produtos e armazenar no local correto, auxiliando os estoquistas.<\/p>\n\n\n\n<p>Dispon\u00edvel at\u00e9 28\/6\/2023 ou encerramento da vaga.<\/p>\n\n\n\n<p><strong>1 vaga \u2013 Sushiman<\/strong><\/p>\n\n\n\n<p>Escolaridade \u2013 ensino m\u00e9dio completo;<\/p>\n\n\n\n<p>Experi\u00eancia \u2013 seis meses na Carteira de Trabalho;<\/p>\n\n\n\n<p>Atividades \u2013 atuar no setor de servi\u00e7os de alimenta\u00e7\u00e3o; manipular e processar alimentos in natura; verificar a qualidade dos alimentos; observar normas t\u00e9cnicas de higiene e seguran\u00e7a para minimizar riscos de contamina\u00e7\u00e3o e controlar desperd\u00edcios.<\/p>\n\n\n\n<p>Dispon\u00edvel at\u00e9 28\/6\/2023 ou encerramento da vaga.<\/p>\n\n\n\n<p><strong>1 vaga \u2013 Auxiliar de Churrasqueiro<\/strong><\/p>\n\n\n\n<p>Escolaridade \u2013 ensino m\u00e9dio completo;<\/p>\n\n\n\n<p>Experi\u00eancia \u2013 seis meses na Carteira de Trabalho;<\/p>\n\n\n\n<p>Atividades \u2013 auxiliar nos servi\u00e7os de alimenta\u00e7\u00e3o; auxiliar outros profissionais da \u00e1rea no pr\u00e9-preparo, preparo e processamento de alimentos e na montagem de pratos; verificar a qualidade dos g\u00eaneros aliment\u00edcios, minimizando riscos de contamina\u00e7\u00e3o; trabalhar em conformidade com normas e procedimentos t\u00e9cnicos, de qualidade, seguran\u00e7a, higiene e sa\u00fade.<\/p>\n\n\n\n<p>Dispon\u00edvel at\u00e9 28\/6\/2023 ou encerramento da vaga.<\/p>\n\n\n\n<p><strong>1 vaga \u2013 Padeiro<\/strong><\/p>\n\n\n\n<p>Escolaridade \u2013 ensino m\u00e9dio completo;<\/p>\n\n\n\n<p>Experi\u00eancia \u2013 seis meses na Carteira de Trabalho;<\/p>\n\n\n\n<p>Atividades \u2013 planejar a produ\u00e7\u00e3o e preparar massas de p\u00e3o, macarr\u00e3o e similares; fazer p\u00e3es, bolachas e biscoitos e fabricar macarr\u00e3o; confeitar doces, preparar recheios e confeccionar salgados; trabalhar em conformidade com normas e procedimentos t\u00e9cnicos, de qualidade, seguran\u00e7a, higiene, sa\u00fade e preserva\u00e7\u00e3o ambiental.<\/p>\n\n\n\n<p>Dispon\u00edvel at\u00e9 28\/6\/2023 ou encerramento da vaga.<\/p>\n\n\n\n<p><strong>1 vaga \u2013 Auxiliar de Peixaria<\/strong><\/p>\n\n\n\n<p>Escolaridade \u2013 ensino m\u00e9dio completo;<\/p>\n\n\n\n<p>Experi\u00eancia \u2013 seis meses na Carteira de Trabalho;<\/p>\n\n\n\n<p>Atividades \u2013 respons\u00e1vel pela administra\u00e7\u00e3o de peixes; limpar e organizar frutos do mar; cuidar para que os ingredientes sejam armazenados corretamente.<\/p>\n\n\n\n<p>Dispon\u00edvel at\u00e9 28\/6\/2023 ou encerramento da vaga.<\/p>\n\n\n\n<p><strong>1 vaga \u2013 Auxiliar de A\u00e7ougue<\/strong><\/p>\n\n\n\n<p>Escolaridade \u2013 ensino m\u00e9dio completo;<\/p>\n\n\n\n<p>Experi\u00eancia \u2013 seis meses na Carteira de Trabalho;<\/p>\n\n\n\n<p>Atividades \u2013 abater bovinos e aves; controlar temperatura e velocidade das m\u00e1quinas; preparar e limpar carca\u00e7as de animais (aves, bovinos, caprinos, ovinos e su\u00ednos); preparar carnes para comercializa\u00e7\u00e3o, identificar tipos, marcar, fatiar, pesar e cortar; realizar tratamentos especiais em carnes, salgando, secando, prensando e adicionando conservantes; acondicionar carnes em embalagens individuais, manualmente ou com o aux\u00edlio de m\u00e1quinas de embalagem a v\u00e1cuo; trabalhar em conformidade com normas e procedimentos t\u00e9cnicos, de qualidade, seguran\u00e7a, higiene, sa\u00fade e preserva\u00e7\u00e3o ambiental.<\/p>\n\n\n\n<p>Dispon\u00edvel at\u00e9 28\/6\/2023 ou encerramento da vaga.<\/p>\n\n\n\n<p><strong>1 vaga \u2013 Auxiliar de Cozinha<\/strong><\/p>\n\n\n\n<p>Escolaridade \u2013 ensino m\u00e9dio completo;<\/p>\n\n\n\n<p>Experi\u00eancia \u2013 seis meses na Carteira de Trabalho;<\/p>\n\n\n\n<p>Atividades \u2013 auxiliar nos servi\u00e7os de alimenta\u00e7\u00e3o; auxiliar outros profissionais da \u00e1rea no pr\u00e9-preparo, preparo e processamento de alimentos e na montagem de pratos; verificar a qualidade dos g\u00eaneros aliment\u00edcios, minimizando riscos de contamina\u00e7\u00e3o; trabalhar em conformidade com normas e procedimentos t\u00e9cnicos, de qualidade, seguran\u00e7a, higiene e sa\u00fade.<\/p>\n\n\n\n<p>Dispon\u00edvel at\u00e9 28\/6\/2023 ou encerramento da vaga.<\/p>\n\n\n\n<p><strong>2 vagas \u2013 Auxiliar de Limpeza<\/strong><\/p>\n\n\n\n<p>Escolaridade \u2013 ensino m\u00e9dio completo;<\/p>\n\n\n\n<p>Experi\u00eancia \u2013 seis meses na Carteira de Trabalho;<\/p>\n\n\n\n<p>Atividades \u2013&nbsp;limpar e manter limpo ambientes internos e externos, executando limpeza \u00famida e seca; limpar banheiros e demais ambientes de higiene pessoal; realizar coleta de lixo comum e recicl\u00e1vel; limpar portas e janelas de vidro, paredes e teto; cuidar dos vasos de plantas internas; varrer ambientes externos, coletando folhas secas; limpar cozinhas, \u00e1rea de servi\u00e7o, garagens e p\u00e1tios, assoalhos e m\u00f3veis, carpetes e tapetes; abastecer os ambientes com materiais; executar outras tarefas relacionadas \u00e0 \u00e1rea.<\/p>\n\n\n\n<p>Dispon\u00edvel at\u00e9 28\/6\/2023 ou encerramento da vaga.<\/p>\n\n\n\n<p><strong>3 vagas \u2013 Auxiliar de Limpeza<\/strong><\/p>\n\n\n\n<p>Escolaridade \u2013 ensino m\u00e9dio completo;<\/p>\n\n\n\n<p>Experi\u00eancia \u2013 seis meses na Carteira de Trabalho;<\/p>\n\n\n\n<p>Atividades \u2013 limpar e manter limpo ambientes internos e externos, executando limpeza \u00famida e seca; limpar banheiros e demais ambientes de higiene pessoal; realizar coleta de lixo comum e recicl\u00e1vel; limpar portas e janelas de vidro, paredes e teto; cuidar dos vasos de plantas internas; varrer ambientes externos, coletando folhas secas; limpar cozinhas, \u00e1rea de servi\u00e7o, garagens e p\u00e1tios, assoalhos e m\u00f3veis, carpetes e tapetes; abastecer os ambientes com materiais; executar outras tarefas relacionadas \u00e0 \u00e1rea.<\/p>\n\n\n\n<p>Dispon\u00edvel at\u00e9 28\/6\/2023 ou encerramento da vaga.<\/p>\n\n\n\n<p><strong>10 vagas \u2013 Ajudante de carga e descarga<\/strong><\/p>\n\n\n\n<p>Escolaridade \u2013 ensino fundamental completo;<\/p>\n\n\n\n<p>Experi\u00eancia \u2013 seis meses na Carteira de Trabalho;<\/p>\n\n\n\n<p>Atividades \u2013 preparar cargas e descargas de linha de produ\u00e7\u00e3o; movimentar e fixar pe\u00e7as da produ\u00e7\u00e3o; entregar e coletar encomendas; manusear cargas especiais; operar equipamentos de carga e descarga; conectar tubula\u00e7\u00f5es \u00e0s instala\u00e7\u00f5es de embarque de cargas; estabelecer comunica\u00e7\u00e3o, emitir, receber e verificar mensagens, notificando e solicitando informa\u00e7\u00f5es, autoriza\u00e7\u00f5es e orienta\u00e7\u00f5es de transporte, embarque e desembarque de produ\u00e7\u00e3o;&nbsp;experi\u00eancia como auxiliar de dep\u00f3sito e ajudante de caminh\u00e3o ser\u00e3o aceitas.<\/p>\n\n\n\n<p>Dispon\u00edvel at\u00e9 28\/6\/2023 ou encerramento da vaga.<\/p>\n\n\n\n<p><strong>Vagas no Com\u00e9rcio \u2013 25<\/strong><\/p>\n\n\n\n<p><strong>2 vagas \u2013 Auxiliar de Log\u00edstica \u2013 vagas exclusivas para Pessoas com Defici\u00eancia (PcD)<\/strong><\/p>\n\n\n\n<p>Escolaridade \u2013 ensino m\u00e9dio completo;<\/p>\n\n\n\n<p>Experi\u00eancia \u2013 seis meses na Carteira de Trabalho;<\/p>\n\n\n\n<p>Atividades \u2013&nbsp;respons\u00e1vel pelo recebimento, confer\u00eancia e armazenagem dos produtos no estoque, levantamento dos itens de avarias e confer\u00eancia da devolu\u00e7\u00e3o; manter o centro de distribui\u00e7\u00e3o em boas condi\u00e7\u00f5es de higiene; colaborar na organiza\u00e7\u00e3o da armazenagem de mercadorias de modo a facilitar a movimenta\u00e7\u00e3o, localiza\u00e7\u00e3o e utiliza\u00e7\u00e3o de espa\u00e7os; separar os produtos no estoque utilizando o mapa de separa\u00e7\u00e3o para compara\u00e7\u00e3o com as informa\u00e7\u00f5es em nota fiscal.<\/p>\n\n\n\n<p>Dispon\u00edvel at\u00e9 28\/6\/2023 ou encerramento da vaga.<\/p>\n\n\n\n<p><strong>5 vagas \u2013 Supervisor de Loja<\/strong><\/p>\n\n\n\n<p>Escolaridade \u2013 ensino m\u00e9dio completo;<\/p>\n\n\n\n<p>Experi\u00eancia \u2013 seis meses na Carteira de Trabalho;<\/p>\n\n\n\n<p>Atividades \u2013 acompanhar rotinas de vendas, definir escalas e hor\u00e1rios, organizar loja e conferir entrada e sa\u00edda de mercadorias, com objetivo de cumprir as regras estabelecidas pela empresa; identificar a necessidade de programas de treinamento e participar no planejamento de estrat\u00e9gias de promo\u00e7\u00e3o e propaganda.<\/p>\n\n\n\n<p>Dispon\u00edvel at\u00e9 28\/6\/2023 ou encerramento da vaga.<\/p>\n\n\n\n<p><strong>5 vagas \u2013 Consultor de Vendas<\/strong><\/p>\n\n\n\n<p>Escolaridade \u2013 ensino m\u00e9dio completo;<\/p>\n\n\n\n<p>Experi\u00eancia \u2013 seis meses na Carteira de Trabalho;<\/p>\n\n\n\n<p>Atividades \u2013 respons\u00e1vel pelas estrat\u00e9gias de vendas, entender as necessidades dos clientes e oferecer as melhores solu\u00e7\u00f5es, para aumentar os resultados da equipe de vendas.<\/p>\n\n\n\n<p>Dispon\u00edvel at\u00e9 28\/6\/2023 ou encerramento da vaga.<\/p>\n\n\n\n<p><strong>1 vaga \u2013 Auxiliar de Padaria<\/strong><\/p>\n\n\n\n<p>Escolaridade \u2013 ensino fundamental completo;<\/p>\n\n\n\n<p>Experi\u00eancia \u2013 seis meses na Carteira de Trabalho;<\/p>\n\n\n\n<p>Atividades \u2013 auxiliar na fabrica\u00e7\u00e3o de p\u00e3es e suas varia\u00e7\u00f5es; movimentar a mat\u00e9ria-prima a ser utilizada na fabrica\u00e7\u00e3o dos p\u00e3es, salgados e doces; auxiliar na pesagem, medi\u00e7\u00e3o e carga dos cilindros misturadores (masseira) e movimenta\u00e7\u00e3o da massa para lamina\u00e7\u00e3o e corte; auxiliar no preparo do p\u00e3o\/salgados, posicionando em bandejas para fermenta\u00e7\u00e3o e posterior cozimento; retirar e transportar os produtos prontos em bandejas pr\u00f3prias para a \u00e1rea da loja.<\/p>\n\n\n\n<p>Dispon\u00edvel at\u00e9 28\/6\/2023 ou encerramento da vaga.<\/p>\n\n\n\n<p><strong>4 vagas \u2013 Churrasqueiro<\/strong><\/p>\n\n\n\n<p>Escolaridade \u2013 ensino m\u00e9dio completo;<\/p>\n\n\n\n<p>Experi\u00eancia \u2013 primeiro emprego;<\/p>\n\n\n\n<p>Atividades \u2013&nbsp;receber pedidos, preparar e liberar para os atendentes levarem ao cliente; manter o ambiente de trabalho organizado e a churrasqueira limpa; ser proativo, cordial e educado.<\/p>\n\n\n\n<p>Dispon\u00edvel at\u00e9 28\/6\/2023 ou encerramento da vaga.<\/p>\n\n\n\n<p><strong>1 vaga \u2013 Auxiliar de Cozinha<\/strong><\/p>\n\n\n\n<p>Escolaridade \u2013 ensino m\u00e9dio completo;<\/p>\n\n\n\n<p>Experi\u00eancia \u2013 seis meses na Carteira de Trabalho;<\/p>\n\n\n\n<p>Atividades \u2013 auxiliar no preparo de refei\u00e7\u00f5es, sobremesas e lanches; manter a ordem e a limpeza da cozinha, realizando a coleta e a lavagem das bandejas e talheres.<\/p>\n\n\n\n<p>Dispon\u00edvel at\u00e9 28\/6\/2023 ou encerramento da vaga.<\/p>\n\n\n\n<p><strong>2 vagas \u2013 Promotor de Vendas<\/strong><\/p>\n\n\n\n<p>Escolaridade \u2013 ensino m\u00e9dio completo;<\/p>\n\n\n\n<p>Experi\u00eancia \u2013 tr\u00eas meses na Carteira de Trabalho;<\/p>\n\n\n\n<p>Atividades \u2013 organiza\u00e7\u00e3o de produtos em g\u00f4ndolas e expositores nas lojas dos clientes da empresa; produ\u00e7\u00e3o e criatividade de merchandising;&nbsp;ter Carteira Nacional de Habilita\u00e7\u00e3o categoria \u201cA\u201d dentro do prazo de validade e ve\u00edculo pr\u00f3prio ser\u00e1 um diferencial.<\/p>\n\n\n\n<p>Dispon\u00edvel at\u00e9 28\/6\/2023 ou encerramento da vaga.<\/p>\n\n\n\n<p><strong>1 vaga \u2013 Vendedor Externo<\/strong><\/p>\n\n\n\n<p>Escolaridade \u2013 ensino m\u00e9dio completo;<\/p>\n\n\n\n<p>Experi\u00eancia \u2013 seis meses na Carteira de Trabalho;<\/p>\n\n\n\n<p>Requisitos obrigat\u00f3rios \u2013 ter Carteira Nacional de Habilita\u00e7\u00e3o categorias \u201cA\u201d ou \u201cAB\u201d dentro do prazo de validade e ve\u00edculo pr\u00f3prio;<\/p>\n\n\n\n<p>Atividades \u2013 oferecer o produto ou servi\u00e7o para o consumidor por meio de t\u00e9cnicas que tornem o bem mais atrativo e necess\u00e1rio para o cliente.<\/p>\n\n\n\n<p>Dispon\u00edvel at\u00e9 28\/6\/2023 ou encerramento da vaga.<\/p>\n\n\n\n<p><strong>1 vaga \u2013 A\u00e7ougueiro<\/strong><\/p>\n\n\n\n<p>Escolaridade \u2013 ensino fundamental completo;<\/p>\n\n\n\n<p>Experi\u00eancia \u2013 seis meses na Carteira de Trabalho;<\/p>\n\n\n\n<p>Atividades \u2013 realizar atividades relacionadas ao recebimento de animais abatidos, preparando para conserva\u00e7\u00e3o e utiliza\u00e7\u00e3o; realizar desossa e limpeza de carnes vermelhas e brancas; preparar as pe\u00e7as de acordo com instru\u00e7\u00f5es recebidas.<\/p>\n\n\n\n<p>Dispon\u00edvel at\u00e9 28\/6\/2023 ou encerramento da vaga.<\/p>\n\n\n\n<p><strong>1 vaga \u2013 Repositor de Mercadorias<\/strong><\/p>\n\n\n\n<p>Escolaridade \u2013 ensino m\u00e9dio completo;<\/p>\n\n\n\n<p>Experi\u00eancia \u2013 seis meses na Carteira de Trabalho;<\/p>\n\n\n\n<p>Requisitos obrigat\u00f3rios \u2013 ter curso de qualifica\u00e7\u00e3o de Estoquista;<\/p>\n\n\n\n<p>Atividades \u2013 respons\u00e1vel por organizar, repor, conservar e precificar os produtos do estabelecimento; controlar os n\u00edveis de estoque, solicitando a compra dos materiais necess\u00e1rios para o administrativo; arrumar as ilhas de mercadorias nos sal\u00f5es; realizar atendimento direto com clientes de balc\u00e3o; embalar mercadorias para direcionar aos clientes.<\/p>\n\n\n\n<p>Dispon\u00edvel at\u00e9 28\/6\/2023 ou encerramento da vaga.<\/p>\n\n\n\n<p><strong>1 vaga \u2013 Chapeiro<\/strong><\/p>\n\n\n\n<p>Escolaridade \u2013 ensino m\u00e9dio completo;<\/p>\n\n\n\n<p>Experi\u00eancia \u2013 seis meses na Carteira de Trabalho;<\/p>\n\n\n\n<p>Atividades \u2013 atuar no preparo e montagem de lanches quentes, pratos r\u00e1pidos e por\u00e7\u00f5es em geral; organizar o local de trabalho e utens\u00edlios.<\/p>\n\n\n\n<p>Dispon\u00edvel at\u00e9 28\/6\/2023 ou encerramento da vaga.<\/p>\n\n\n\n<p><strong>1 vaga \u2013 Servente de Limpeza<\/strong><\/p>\n\n\n\n<p>Escolaridade \u2013 ensino m\u00e9dio completo;<\/p>\n\n\n\n<p>Experi\u00eancia \u2013 seis meses na Carteira de Trabalho;<\/p>\n\n\n\n<p>Atividades \u2013 executar trabalhos de limpeza em geral em edif\u00edcios e outros locais, para manuten\u00e7\u00e3o das condi\u00e7\u00f5es de higiene e conserva\u00e7\u00e3o do ambiente, coletando o lixo.<\/p>\n\n\n\n<p>Dispon\u00edvel at\u00e9 28\/6\/2023 ou encerramento da vaga.<\/p>\n\n\n\n<p><strong>Vagas na Ind\u00fastria \u2013 18<\/strong><\/p>\n\n\n\n<p><strong>1 vaga \u2013 Marceneiro<\/strong><\/p>\n\n\n\n<p>Escolaridade \u2013 ensino m\u00e9dio completo;<\/p>\n\n\n\n<p>Experi\u00eancia \u2013 seis meses na Carteira de Trabalho;<\/p>\n\n\n\n<p>Requisitos obrigat\u00f3rios \u2013 ter conhecimento em corte de MDF, m\u00e1quina seccionadora, plano de corte de projeto e montagem;<\/p>\n\n\n\n<p>Atividades \u2013 confeccionar e reparar m\u00f3veis e pe\u00e7as e dar-lhes o acabamento requerido, utilizando equipamento adequado e guiando-se por desenhos e especifica\u00e7\u00f5es.<\/p>\n\n\n\n<p>Dispon\u00edvel at\u00e9 28\/6\/2023 ou encerramento da vaga.<\/p>\n\n\n\n<p><strong>1 vaga \u2013 Projetista de M\u00f3veis<\/strong><\/p>\n\n\n\n<p>Escolaridade \u2013 ensino m\u00e9dio completo;<\/p>\n\n\n\n<p>Experi\u00eancia \u2013 seis meses na Carteira de Trabalho;<\/p>\n\n\n\n<p>Requisitos obrigat\u00f3rios \u2013 ter disponibilidade para in\u00edcio imediato e experi\u00eancia;<\/p>\n\n\n\n<p>Atividades \u2013 desenvolver projetos de m\u00f3veis, analisar medidas, definir mat\u00e9ria-prima e elaborar pre\u00e7o de venda do produto.<\/p>\n\n\n\n<p>Dispon\u00edvel at\u00e9 28\/6\/2023 ou encerramento da vaga.<\/p>\n\n\n\n<p><strong>15 vagas \u2013 Promotor de Vendas Motorizado<\/strong><\/p>\n\n\n\n<p>Escolaridade \u2013 ensino m\u00e9dio completo;<\/p>\n\n\n\n<p>Experi\u00eancia \u2013 n\u00e3o \u00e9 necess\u00e1rio;<\/p>\n\n\n\n<p>Requisitos obrigat\u00f3rios \u2013 ter Carteira Nacional de Habilita\u00e7\u00e3o categoria \u201cA\u201d definitiva e atualizada, Inform\u00e1tica b\u00e1sica e boa comunica\u00e7\u00e3o; ter conhecimento em Matem\u00e1tica b\u00e1sica;<\/p>\n\n\n\n<p>Atividades \u2013 efetuar execu\u00e7\u00e3o de mercado; capturar informa\u00e7\u00f5es, movimentar produtos, executar fotografia de sucesso atrav\u00e9s do abastecimento de g\u00f4ndolas, geladeiras e pontos extras; garantir disponibilidade e visibilidade do portf\u00f3lio da empresa; efetuar coleta de pre\u00e7os, estoque, a\u00e7\u00f5es promocionais, movimenta\u00e7\u00e3o de caixas, pallets com produtos de estoques e \u00e1reas de vendas da loja dentro das condi\u00e7\u00f5es de seguran\u00e7a e sa\u00fade.<\/p>\n\n\n\n<p>Dispon\u00edvel at\u00e9 28\/6\/2023 ou encerramento da vaga.<\/p>\n\n\n\n<p><strong>1 vaga \u2013 T\u00e9cnico em Eletromec\u00e2nica<\/strong><\/p>\n\n\n\n<p>Escolaridade \u2013 ensino m\u00e9dio t\u00e9cnico completo;<\/p>\n\n\n\n<p>Experi\u00eancia \u2013 seis meses na Carteira de Trabalho;<\/p>\n\n\n\n<p>Atividades \u2013 planejar, executar e participar da elabora\u00e7\u00e3o de projetos eletromec\u00e2nicos de m\u00e1quinas, equipamentos e instala\u00e7\u00f5es; usinar pe\u00e7as e interpretar esquemas de montagem e desenhos t\u00e9cnicos; montar m\u00e1quinas e fazer entrega t\u00e9cnica; realizar manuten\u00e7\u00e3o eletromec\u00e2nica de m\u00e1quinas, equipamentos e instala\u00e7\u00f5es.<\/p>\n\n\n\n<p>Dispon\u00edvel at\u00e9 28\/6\/2023 ou encerramento da vaga.<\/p>\n\n\n\n<p><strong>Vagas em Servi\u00e7os \u2013 120<\/strong><\/p>\n\n\n\n<p><strong>2 vagas \u2013 Supervisor de Instala\u00e7\u00e3o<\/strong><\/p>\n\n\n\n<p>Escolaridade \u2013 ensino superior completo ou cursando sistema de telecomunica\u00e7\u00f5es;<\/p>\n\n\n\n<p>Experi\u00eancia \u2013 seis meses na Carteira de Trabalho;<\/p>\n\n\n\n<p>Requisitos obrigat\u00f3rios&nbsp;\u2013 ter Carteira Nacional de Habilita\u00e7\u00e3o categoria \u201cAB\u201d ou \u201cB\u201d dentro do prazo de validade, experi\u00eancia na \u00e1rea de Telecomunica\u00e7\u00f5es, curso de pacote Office e disponibilidade de hor\u00e1rio;<\/p>\n\n\n\n<p>Atividades \u2013 implantar, avaliar e recomendar o uso de tecnologias de comunica\u00e7\u00e3o; defini\u00e7\u00e3o das prioridades de execu\u00e7\u00e3o das atividades; avalia\u00e7\u00e3o dos custos com telecomunica\u00e7\u00f5es corporativas e indica\u00e7\u00e3o de a\u00e7\u00f5es de prote\u00e7\u00e3o das informa\u00e7\u00f5es.<\/p>\n\n\n\n<p>Dispon\u00edvel at\u00e9 28\/6\/2023 ou encerramento da vaga.<\/p>\n\n\n\n<p><strong>5 vagas \u2013 Auxiliar de Limpeza \u2013 vagas exclusivas para Pessoas com Defici\u00eancia (PcD)<\/strong><\/p>\n\n\n\n<p>Escolaridade \u2013 ensino m\u00e9dio completo;<\/p>\n\n\n\n<p>Experi\u00eancia \u2013 seis meses na Carteira de Trabalho;<\/p>\n\n\n\n<p>Atividades \u2013 realizar limpeza di\u00e1ria nas depend\u00eancias da empresa; remover o p\u00f3 dos m\u00f3veis, fazer a varredura do piso, aspirar detritos, limpar ou lavar vidros e janelas, remover o lixo das lixeiras, higienizar os banheiros e repor materiais.<\/p>\n\n\n\n<p>Dispon\u00edvel at\u00e9 28\/6\/2023 ou encerramento da vaga.<\/p>\n\n\n\n<p><strong>1 vaga \u2013 Empregada Dom\u00e9stica<\/strong><\/p>\n\n\n\n<p>Escolaridade \u2013 ensino m\u00e9dio completo;<\/p>\n\n\n\n<p>Experi\u00eancia \u2013 seis meses na Carteira de Trabalho;<\/p>\n\n\n\n<p>Requisitos obrigat\u00f3rios \u2013 desej\u00e1vel que resida em um dos seguintes bairros: Aleixo, Coroado, S\u00e3o Jos\u00e9 Oper\u00e1rio, Ouro Verde, Japiim ou adjac\u00eancias;<\/p>\n\n\n\n<p>Atividades \u2013 limpeza interna da resid\u00eancia; preparo de refei\u00e7\u00f5es (caf\u00e9, almo\u00e7o, lanche da tarde e jantar); assist\u00eancia \u00e0 pessoa idosa: servir refei\u00e7\u00f5es, oferecer \u00e1gua\/sucos, conferir a medica\u00e7\u00e3o tomada via oral e apoiar na higiene pessoal; cuidados b\u00e1sicos com pets (gatos): troca de \u00e1gua, servir ra\u00e7\u00e3o e limpeza de caixa de areia higi\u00eanica; varri\u00e7\u00e3o da garagem interna, p\u00e1tio interno e cal\u00e7ada externa.<\/p>\n\n\n\n<p>Dispon\u00edvel at\u00e9 28\/6\/2023 ou encerramento da vaga.<\/p>\n\n\n\n<p><strong>2 vagas \u2013 Motorista Carreteiro<\/strong><\/p>\n\n\n\n<p>Escolaridade \u2013 ensino m\u00e9dio completo;<\/p>\n\n\n\n<p>Experi\u00eancia \u2013 seis meses na Carteira de Trabalho;<\/p>\n\n\n\n<p>Requisitos obrigat\u00f3rios \u2013 ter Carteira Nacional de Habilita\u00e7\u00e3o categoria \u201cE\u201d dentro do prazo de validade; residir nas proximidades ou na zona Leste; ter curso de MOPP;<\/p>\n\n\n\n<p>Atividades \u2013 transportar, coletar e entregar cargas no Polo Industrial de Manaus.<\/p>\n\n\n\n<p>Dispon\u00edvel at\u00e9 28\/6\/2023 ou encerramento da vaga.<\/p>\n\n\n\n<p><strong>10 vagas \u2013 Auxiliar de Servi\u00e7os Gerais \u2013 vagas exclusivas para Pessoas com Defici\u00eancia (PcD)<\/strong><\/p>\n\n\n\n<p>Escolaridade \u2013 ensino fundamental completo;<\/p>\n\n\n\n<p>Experi\u00eancia \u2013 n\u00e3o \u00e9 necess\u00e1rio;<\/p>\n\n\n\n<p>Requisitos obrigat\u00f3rios \u2013 ter disponibilidade de hor\u00e1rio;<\/p>\n\n\n\n<p>Atividades \u2013 realizar limpeza di\u00e1ria das depend\u00eancias da empresa; remover p\u00f3 dos m\u00f3veis, fazer varredura do piso, aspirar detritos, limpar ou lavar vidros e janelas, remover o lixo das lixeiras, higienizar os banheiros e repor materiais.<\/p>\n\n\n\n<p>Dispon\u00edvel at\u00e9 28\/6\/2023 ou encerramento da vaga.<\/p>\n\n\n\n<p><strong>1 vaga \u2013 Professor de L\u00edngua Inglesa<\/strong><\/p>\n\n\n\n<p>Escolaridade \u2013 ensino superior completo em l\u00edngua inglesa;<\/p>\n\n\n\n<p>Experi\u00eancia \u2013 seis meses na Carteira de Trabalho;<\/p>\n\n\n\n<p>Requisitos obrigat\u00f3rios \u2013 atuar nas \u00e1reas de Educa\u00e7\u00e3o Infantil, Ensino Fundamental l e ll;<\/p>\n\n\n\n<p>Atividades \u2013 ensinar os princ\u00edpios da l\u00edngua inglesa, usando diferentes m\u00e9todos para produzir cursos de sucesso.<\/p>\n\n\n\n<p>Dispon\u00edvel at\u00e9 28\/6\/2023 ou encerramento da vaga.<\/p>\n\n\n\n<p><strong>1 vaga \u2013 Auxiliar de Limpeza \u2013 vaga exclusiva para Pessoa com Defici\u00eancia (PcD)<\/strong><\/p>\n\n\n\n<p>Escolaridade \u2013 ensino fundamental incompleto;<\/p>\n\n\n\n<p>Experi\u00eancia \u2013 n\u00e3o \u00e9 necess\u00e1rio;<\/p>\n\n\n\n<p>Atividades \u2013 realizar limpeza e manuten\u00e7\u00e3o de \u00e1reas internas e externas.<\/p>\n\n\n\n<p>Dispon\u00edvel at\u00e9 28\/6\/2023 ou encerramento da vaga.<\/p>\n\n\n\n<p><strong>3 vagas \u2013 Servente de Obras<\/strong><\/p>\n\n\n\n<p>Escolaridade \u2013 ensino fundamental completo;<\/p>\n\n\n\n<p>Experi\u00eancia \u2013 seis meses na Carteira de Trabalho;<\/p>\n\n\n\n<p>Requisitos obrigat\u00f3rios \u2013&nbsp;ter no m\u00ednimo duas doses da vacina da Covid-19 e disponibilidade de hor\u00e1rio;<\/p>\n\n\n\n<p>Atividades \u2013 preparar e transportar materiais, ferramentas, aparelhos e demais pe\u00e7as, limpando e arrumando de acordo com instru\u00e7\u00f5es; auxiliar o oficial ou encarregado, em conjunto ou sozinho para levar a bom termo a execu\u00e7\u00e3o das tarefas; zelar pela conserva\u00e7\u00e3o dos locais onde est\u00e3o sendo realizados os servi\u00e7os.<\/p>\n\n\n\n<p>Dispon\u00edvel at\u00e9 28\/6\/2023 ou encerramento da vaga.<\/p>\n\n\n\n<p><strong>2 vagas \u2013 Eletricista Auxiliar<\/strong><\/p>\n\n\n\n<p>Escolaridade \u2013 ensino fundamental completo;<\/p>\n\n\n\n<p>Experi\u00eancia \u2013 seis meses na Carteira de Trabalho;<\/p>\n\n\n\n<p>Requisitos obrigat\u00f3rios \u2013&nbsp;ter curso de NR-<a>10, no m\u00ednimo duas doses da vacina da Covid-19 e disponibilidade de hor\u00e1rio;<\/a><\/p>\n\n\n\n<p>Atividades \u2013 auxiliar na montagem de instala\u00e7\u00f5es el\u00e9tricas de resid\u00eancias, f\u00e1bricas e outros estabelecimentos, embarca\u00e7\u00f5es, avi\u00f5es, autom\u00f3veis e demais ve\u00edculos automotores.<\/p>\n\n\n\n<p>Dispon\u00edvel at\u00e9 28\/6\/2023 ou encerramento da vaga.<\/p>\n\n\n\n<p><strong>2 vagas \u2013 Pedreiro<\/strong><\/p>\n\n\n\n<p>Escolaridade \u2013 ensino m\u00e9dio completo;<\/p>\n\n\n\n<p>Experi\u00eancia \u2013 seis meses na Carteira de Trabalho;<\/p>\n\n\n\n<p>Requisitos obrigat\u00f3rios \u2013&nbsp;ter no m\u00ednimo duas doses da vacina da Covid-19 e disponibilidade de hor\u00e1rio;<\/p>\n\n\n\n<p>Atividades \u2013&nbsp;assentar tijolos, ladrilhos, alvenarias e materiais afins; construir alicerces, levantar paredes, muros e constru\u00e7\u00f5es similares; rebocar estruturas constru\u00eddas; realizar trabalhos de manuten\u00e7\u00e3o corretiva de pr\u00e9dios, cal\u00e7adas e estruturas semelhantes.<\/p>\n\n\n\n<p>Dispon\u00edvel at\u00e9 28\/6\/2023 ou encerramento da vaga.<\/p>\n\n\n\n<p><strong>1 vaga \u2013 Armador de Ferros<\/strong><\/p>\n\n\n\n<p>Escolaridade \u2013 ensino m\u00e9dio completo;<\/p>\n\n\n\n<p>Experi\u00eancia \u2013 seis meses na Carteira de Trabalho;<\/p>\n\n\n\n<p>Requisitos obrigat\u00f3rios \u2013&nbsp;ter no m\u00ednimo duas doses da vacina da Covid-19 e disponibilidade de hor\u00e1rio;<\/p>\n\n\n\n<p>Atividades \u2013 interpretar projetos de arquitetura e estrutural; definir o local de trabalho; montar bancadas e m\u00e1quinas de corte; relacionar materiais para arma\u00e7\u00e3o de ferragens; selecionar vergalh\u00f5es; medir ferragens e arma\u00e7\u00f5es.<\/p>\n\n\n\n<p>Dispon\u00edvel at\u00e9 28\/6\/2023 ou encerramento da vaga.<\/p>\n\n\n\n<p><strong>1 vaga \u2013 Carpinteiro<\/strong><\/p>\n\n\n\n<p>Escolaridade \u2013 ensino m\u00e9dio completo;<\/p>\n\n\n\n<p>Experi\u00eancia \u2013 seis meses na Carteira de Trabalho;<\/p>\n\n\n\n<p>Requisitos obrigat\u00f3rios \u2013&nbsp;ter no m\u00ednimo duas doses da vacina da Covid-19 e disponibilidade de hor\u00e1rio;<\/p>\n\n\n\n<p>Atividades \u2013 interpretar projetos de arquitetura e estrutural; definir o local de trabalho; montar bancadas e m\u00e1quinas de corte; relacionar materiais para arma\u00e7\u00e3o de ferragens; selecionar vergalh\u00f5es; medir ferragens e arma\u00e7\u00f5es.<\/p>\n\n\n\n<p>Dispon\u00edvel at\u00e9 28\/6\/2023 ou encerramento da vaga.<\/p>\n\n\n\n<p><strong>1 vaga \u2013 Pedagoga<\/strong><\/p>\n\n\n\n<p>Escolaridade \u2013 ensino superior completo em pedagogia;<\/p>\n\n\n\n<p>Experi\u00eancia \u2013 seis meses na Carteira de Trabalho;<\/p>\n\n\n\n<p>Requisitos obrigat\u00f3rios \u2013 ter experi\u00eancia na Educa\u00e7\u00e3o Infantil, Ensino Fundamental l e ll;<\/p>\n\n\n\n<p>Atividades \u2013 assessorar nas atividades de ensino, pesquisa e extens\u00e3o; estudar medidas que visem melhorar os processos pedag\u00f3gicos na educa\u00e7\u00e3o infantil; elaborar e desenvolver projetos educacionais; participar da elabora\u00e7\u00e3o de instrumentos espec\u00edficos de orienta\u00e7\u00e3o pedag\u00f3gica e educacional.<\/p>\n\n\n\n<p>Dispon\u00edvel at\u00e9 28\/6\/2023 ou encerramento da vaga.<\/p>\n\n\n\n<p><strong>1 vaga \u2013 Comprador<\/strong><\/p>\n\n\n\n<p>Escolaridade \u2013 ensino superior completo em administra\u00e7\u00e3o ou \u00e1reas afins;<\/p>\n\n\n\n<p>Experi\u00eancia \u2013 registrada na Carteira de Trabalho;<\/p>\n\n\n\n<p>Requisitos obrigat\u00f3rios \u2013 ter experi\u00eancia com compras de materiais de Constru\u00e7\u00e3o Civil,&nbsp;no m\u00ednimo duas doses da vacina da Covid-19 e disponibilidade de hor\u00e1rio;<\/p>\n\n\n\n<p>Atividades \u2013 respons\u00e1vel por todo o processo de compras de bens e servi\u00e7os para empresas que possuem um processo de compras mais definido e estruturado; atender todas as solicita\u00e7\u00f5es internas de compras diretas e indiretas, com o objetivo da redu\u00e7\u00e3o de custos para a organiza\u00e7\u00e3o.<\/p>\n\n\n\n<p>Dispon\u00edvel at\u00e9 28\/6\/2023 ou encerramento da vaga.<\/p>\n\n\n\n<p><strong>2 vagas \u2013 Art\u00edfice de Manuten\u00e7\u00e3o<\/strong><\/p>\n\n\n\n<p>Escolaridade \u2013 ensino m\u00e9dio completo;<\/p>\n\n\n\n<p>Experi\u00eancia \u2013 seis meses na Carteira de Trabalho;<\/p>\n\n\n\n<p>Atividades \u2013 preparar e pintar superf\u00edcies externas e internas de edif\u00edcios e outras obras civis, raspando, limpando, emassando e cobrindo com uma ou v\u00e1rias camadas de tinta.<\/p>\n\n\n\n<p>Dispon\u00edvel at\u00e9 28\/6\/2023 ou encerramento da vaga.<\/p>\n\n\n\n<p><strong>2 vagas \u2013 Pintor de Obras<\/strong><\/p>\n\n\n\n<p>Escolaridade \u2013 ensino fundamental completo;<\/p>\n\n\n\n<p>Experi\u00eancia \u2013 seis meses na Carteira de Trabalho;<\/p>\n\n\n\n<p>Atividades \u2013 preparar e pintar superf\u00edcies externas e internas de edif\u00edcios e outras obras civis, raspando, limpando, emassando e cobrindo com uma ou v\u00e1rias camadas de tinta.<\/p>\n\n\n\n<p>Dispon\u00edvel at\u00e9 28\/6\/2023 ou encerramento da vaga.<\/p>\n\n\n\n<p><strong>2 vagas \u2013 Carpinteiro<\/strong><\/p>\n\n\n\n<p>Escolaridade \u2013 ensino fundamental incompleto;<\/p>\n\n\n\n<p>Experi\u00eancia \u2013 registrada na Carteira de Trabalho;<\/p>\n\n\n\n<p>Atividades \u2013 instalar e ajustar esquadrias de madeira e demais pe\u00e7as, como janelas, portas, escadas, rodap\u00e9s, divis\u00f3rias, forros e guardi\u00e7\u00f5es; construir formas de madeira para concretagem; reparar elementos de madeira; substituir total ou parcialmente, pe\u00e7as desajustadas ou deterioradas.<\/p>\n\n\n\n<p>Dispon\u00edvel at\u00e9 28\/6\/2023 ou encerramento da vaga.<\/p>\n\n\n\n<p><strong>1 vaga \u2013 Controlador de Pragas<\/strong><\/p>\n\n\n\n<p>Escolaridade \u2013 ensino m\u00e9dio completo;<\/p>\n\n\n\n<p>Experi\u00eancia \u2013 seis meses na Carteira de Trabalho;<\/p>\n\n\n\n<p>Requisitos obrigat\u00f3rios \u2013 ter disponibilidade de hor\u00e1rio e para viagens; ter Carteira Nacional de Habilita\u00e7\u00e3o categorias \u201cA\u201d ou \u201cB\u201d dentro do prazo de validade; candidatos n\u00e3o podem ter qualquer tipo de alergia \u00e0 produtos qu\u00edmicos;<\/p>\n\n\n\n<p>Atividades \u2013 respons\u00e1vel pela execu\u00e7\u00e3o de servi\u00e7os como desinsetiza\u00e7\u00e3o (dedetiza\u00e7\u00e3o), desratiza\u00e7\u00e3o, descupiniza\u00e7\u00e3o, manejo de pombos e morcegos e limpeza de caixa d&#8217;\u00e1gua.<\/p>\n\n\n\n<p>Dispon\u00edvel at\u00e9 28\/6\/2023 ou encerramento da vaga.<\/p>\n\n\n\n<p><strong>25 vagas \u2013 Auxiliar de Servi\u00e7os Gerais \u2013 vagas exclusivas para Pessoas com Defici\u00eancia (PcD)<\/strong><\/p>\n\n\n\n<p>Escolaridade \u2013 ensino fundamental completo;<\/p>\n\n\n\n<p>Experi\u00eancia \u2013 n\u00e3o \u00e9 necess\u00e1rio;<\/p>\n\n\n\n<p>Requisitos obrigat\u00f3rios \u2013 ter disponibilidade de hor\u00e1rio;<\/p>\n\n\n\n<p>Atividades \u2013 realizar limpeza di\u00e1ria das depend\u00eancias da empresa; remover p\u00f3 dos m\u00f3veis, fazer varredura do piso, aspirar detritos, limpar ou lavar vidros e janelas, remover lixo das lixeiras, higienizar banheiros e repor materiais.<\/p>\n\n\n\n<p>Dispon\u00edvel at\u00e9 28\/6\/2023 ou encerramento da vaga.<\/p>\n\n\n\n<p><strong>1 vaga \u2013 Auxiliar de Marketing<\/strong><\/p>\n\n\n\n<p>Escolaridade \u2013 ensino m\u00e9dio completo;<\/p>\n\n\n\n<p>Experi\u00eancia \u2013 n\u00e3o \u00e9 necess\u00e1rio;<\/p>\n\n\n\n<p>Requisitos obrigat\u00f3rios \u2013&nbsp;ter cursos na \u00e1rea de Marketing e Inform\u00e1tica avan\u00e7ada; residir na zona Centro-Oeste de Manaus;<\/p>\n\n\n\n<p>Atividades \u2013 auxiliar a ger\u00eancia; fazer acompanhamento e planejar formas de melhorar o desempenho de vendas; ajudar em tarefas operacionais; implementar campanhas e a\u00e7\u00f5es publicit\u00e1rias; entrar em contato com fornecedores, entre outras fun\u00e7\u00f5es.<\/p>\n\n\n\n<p>Dispon\u00edvel at\u00e9 28\/6\/2023 ou encerramento da vaga.<\/p>\n\n\n\n<p><strong>2 vagas \u2013 Auxiliar de Limpeza<\/strong><\/p>\n\n\n\n<p>Escolaridade \u2013 ensino fundamental completo;<\/p>\n\n\n\n<p>Experi\u00eancia \u2013 seis meses na Carteira de Trabalho;<\/p>\n\n\n\n<p>Requisitos obrigat\u00f3rios \u2013&nbsp;residir na zona Centro-Oeste de Manaus;<\/p>\n\n\n\n<p>Atividades \u2013 executar trabalhos de limpeza em geral em edif\u00edcios e outros locais, para manuten\u00e7\u00e3o das condi\u00e7\u00f5es de higiene e conserva\u00e7\u00e3o do ambiente, coletando o lixo.<\/p>\n\n\n\n<p>Dispon\u00edvel at\u00e9 28\/6\/2023 ou encerramento da vaga.<\/p>\n\n\n\n<p><strong>2 vagas \u2013 Atendente<\/strong><\/p>\n\n\n\n<p>Escolaridade \u2013 ensino m\u00e9dio completo;<\/p>\n\n\n\n<p>Experi\u00eancia \u2013 seis meses na Carteira de Trabalho;<\/p>\n\n\n\n<p>Requisitos obrigat\u00f3rios \u2013&nbsp;ter experi\u00eancia em Atendimento; residir na zona Centro-Oeste de Manaus;<\/p>\n\n\n\n<p>Atividades \u2013 atender solicita\u00e7\u00f5es e questionamentos dos clientes; processar pagamentos, fazer liga\u00e7\u00f5es, verificar identifica\u00e7\u00f5es e lidar com documenta\u00e7\u00e3o.<\/p>\n\n\n\n<p>Dispon\u00edvel at\u00e9 28\/6\/2023 ou encerramento da vaga.<\/p>\n\n\n\n<p><strong>2 vagas \u2013 Consultor de Vendas<\/strong><\/p>\n\n\n\n<p>Escolaridade \u2013 ensino m\u00e9dio completo;<\/p>\n\n\n\n<p>Experi\u00eancia \u2013 seis meses na Carteira de Trabalho;<\/p>\n\n\n\n<p>Requisitos obrigat\u00f3rios \u2013&nbsp;ter conhecimento em gest\u00e3o de vendas, habilidades com comunica\u00e7\u00e3o, negocia\u00e7\u00e3o e networking em diversas \u00e1reas;<\/p>\n\n\n\n<p>Atividades \u2013 respons\u00e1vel por estrat\u00e9gias de vendas; entender as necessidades dos clientes e oferecer as melhores solu\u00e7\u00f5es, aumentando os resultados da equipe de vendas.<\/p>\n\n\n\n<p>Dispon\u00edvel at\u00e9 28\/6\/2023 ou encerramento da vaga.<\/p>\n\n\n\n<p><strong>10 vagas \u2013 Instrutor de Aprendizagem e Treinamento Industrial<\/strong><\/p>\n\n\n\n<p>Escolaridade \u2013 ensino t\u00e9cnico\/tecn\u00f3logo completo em seguran\u00e7a do trabalho, engenharia el\u00e9trica ou mec\u00e2nica;<\/p>\n\n\n\n<p>Experi\u00eancia \u2013 seis meses na Carteira de Trabalho;<\/p>\n\n\n\n<p>Atividades \u2013 preparar e ministrar treinamentos; elaborar materiais e atividades te\u00f3ricas e pr\u00e1ticas, conforme projeto estabelecido para capacitar e desenvolver pessoas.<\/p>\n\n\n\n<p>Dispon\u00edvel at\u00e9 28\/6\/2023 ou encerramento da vaga.<\/p>\n\n\n\n<p><strong>1 vaga \u2013 Auxiliar de Contabilidade<\/strong><\/p>\n\n\n\n<p>Escolaridade \u2013 ensino superior cursando ou completo em contabilidade;<\/p>\n\n\n\n<p>Experi\u00eancia \u2013 seis meses na Carteira de Trabalho;<\/p>\n\n\n\n<p>Requisitos obrigat\u00f3rios \u2013 estar cursando gradua\u00e7\u00e3o a partir do 3\u00ba per\u00edodo;<\/p>\n\n\n\n<p>Atividades \u2013 organizar documentos e efetuar sua classifica\u00e7\u00e3o cont\u00e1bil; gerar lan\u00e7amentos cont\u00e1beis; auxiliar na apura\u00e7\u00e3o de impostos; conciliar contas e preenchimento de guias de recolhimento e de solicita\u00e7\u00f5es, junto a \u00f3rg\u00e3os do governo; emitir notas de venda e transfer\u00eancia; realizar arquivamento de documentos.<\/p>\n\n\n\n<p>Dispon\u00edvel at\u00e9 28\/6\/2023 ou encerramento da vaga.<\/p>\n\n\n\n<p><strong>30 vagas \u2013 Ajudante de Carga e Descarga<\/strong><\/p>\n\n\n\n<p>Escolaridade \u2013 ensino fundamental completo;<\/p>\n\n\n\n<p>Experi\u00eancia \u2013 tr\u00eas meses na Carteira de Trabalho;<\/p>\n\n\n\n<p>Requisitos obrigat\u00f3rios \u2013 residir preferencialmente no bairro Tarum\u00e3-A\u00e7\u00fa;<\/p>\n\n\n\n<p>Atividades \u2013 preparar cargas e descargas de mercadorias; movimentar e fixar mercadorias e cargas em caminh\u00f5es e vag\u00f5es; entregar e coletar encomendas; manusear cargas especiais; reparar embalagens danificadas e controlar a qualidade dos servi\u00e7os prestados; operar equipamentos de carga e descarga; conectar tubula\u00e7\u00f5es \u00e0s instala\u00e7\u00f5es de embarque de cargas; estabelecer comunica\u00e7\u00e3o, emitir, receber e verificar mensagens, notificando e solicitando informa\u00e7\u00f5es, autoriza\u00e7\u00f5es e orienta\u00e7\u00f5es de transporte, embarque e desembarque de mercadorias.<\/p>\n\n\n\n<p>Dispon\u00edvel at\u00e9 28\/6\/2023 ou encerramento da vaga.<\/p>\n\n\n\n<p><strong>4 vagas \u2013 Estoquista<\/strong><\/p>\n\n\n\n<p>Escolaridade \u2013 ensino m\u00e9dio completo;<\/p>\n\n\n\n<p>Experi\u00eancia \u2013&nbsp;seis meses na Carteira de Trabalho;<\/p>\n\n\n\n<p>Requisitos obrigat\u00f3rios \u2013 ter curso de Almoxarife atualizado e residir preferencialmente no bairro Tarum\u00e3-a\u00e7\u00fa ou proximidades;<\/p>\n\n\n\n<p>Atividades \u2013 recepcionar, conferir e armazenar produtos e materiais em almoxarifados, armaz\u00e9ns, silos e dep\u00f3sitos; fazer os lan\u00e7amentos da movimenta\u00e7\u00e3o de entradas e sa\u00eddas e controlar os estoques; distribuir produtos e materiais a serem expedidos; organizar o almoxarifado para facilitar a movimenta\u00e7\u00e3o dos itens armazenados, preservando o estoque limpo e organizado; empacotar e desempacotar produtos; realizar expedi\u00e7\u00e3o de materiais e produtos; providenciar despachos e auxiliar no processo de log\u00edstica.<\/p>\n\n\n\n<p>Dispon\u00edvel at\u00e9 28\/6\/2023 ou encerramento da vaga.<\/p>\n\n\n\n<p><strong>2 vagas \u2013 Gar\u00e7om<\/strong><\/p>\n\n\n\n<p>Escolaridade \u2013 ensino m\u00e9dio completo;<\/p>\n\n\n\n<p>Experi\u00eancia \u2013 seis meses na Carteira de Trabalho;<\/p>\n\n\n\n<p>Atividades \u2013 servir alimentos e bebidas aos clientes; recolher travessas, talheres e demais recipientes desocupados, encaminhando para lavagem e secagem; preparar a mesa de refei\u00e7\u00f5es, dispondo em ordem pratos, copos, talheres e guardanapos.<\/p>\n\n\n\n<p>Dispon\u00edvel at\u00e9 28\/6\/2023 ou encerramento da vaga.<\/p>\n\n\n\n<p><strong>1 vaga \u2013 Auxiliar de Manuten\u00e7\u00e3o Predial<\/strong><\/p>\n\n\n\n<p>Escolaridade \u2013 ensino m\u00e9dio completo;<\/p>\n\n\n\n<p>Experi\u00eancia \u2013 seis meses na Carteira de Trabalho;<\/p>\n\n\n\n<p>Requisitos obrigat\u00f3rios \u2013 ter no\u00e7\u00f5es de manuten\u00e7\u00e3o predial e \u00e1rea administrativa; ter Carteira Nacional de Habilita\u00e7\u00e3o categoria \u201cB\u201d dentro do prazo de validade;<\/p>\n\n\n\n<p>Atividades \u2013&nbsp;executar servi\u00e7os de manuten\u00e7\u00e3o el\u00e9trica, mec\u00e2nica, hidr\u00e1ulica, carpintaria e alvenaria, substituindo, trocando, limpando, reparando e instalando pe\u00e7as, componentes e equipamentos.<\/p>\n\n\n\n<p>Dispon\u00edvel at\u00e9 28\/6\/2023 ou encerramento da vaga.<\/p>\n\n\n\n<p><strong>&#8212; &#8212; &#8212;<\/strong><\/p>\n\n\n\n<p><strong>Texto <\/strong>\u2013 Divulga\u00e7\u00e3o \/ Semtepi<\/p>\n\n\n\n<p><strong>Fotos \u2013 <\/strong>Divulga\u00e7\u00e3o \/ Semcom<\/p>\n\n\n\n<p><strong>Dispon\u00edveis em &#8211; <\/strong><a href=\"https:\/\/flic.kr\/s\/aHBqjzGRm9\">https:\/\/flic.kr\/s\/aHBqjzGRm9<\/a><\/p>\n","protected":false},"excerpt":{"rendered":"","protected":false},"author":24,"featured_media":2135,"comment_status":"closed","ping_status":"closed","sticky":false,"template":"","format":"standard","meta":{"footnotes":""},"categories":[5],"tags":[15,11,17,8,18,19,10,12],"acf":[],"yoast_head":"<!-- This site is optimized with the Yoast SEO plugin v23.0 - https:\/\/yoast.com\/wordpress\/plugins\/seo\/ -->\n<title>Sine Manaus oferta 196\u00a0vagas de emprego nesta quarta-feira, 28\/6 - SEMTEPI<\/title>\n<meta name=\"description\" content=\"A Prefeitura de Manaus, por meio do Sine Manaus, oferta 196\u00a0vagas de emprego em v\u00e1rias \u00e1reas de atua\u00e7\u00e3o, nesta quarta-feira, 28\/6,\u00a0de 8h \u00e0s 16h.\" \/>\n<meta name=\"robots\" content=\"noindex, follow\" \/>\n<meta property=\"og:locale\" content=\"pt_BR\" \/>\n<meta property=\"og:type\" content=\"article\" \/>\n<meta property=\"og:title\" content=\"Sine Manaus oferta 196\u00a0vagas de emprego nesta quarta-feira, 28\/6 - SEMTEPI\" \/>\n<meta property=\"og:description\" content=\"A Prefeitura de Manaus, por meio do Sine Manaus, oferta 196\u00a0vagas de emprego em v\u00e1rias \u00e1reas de atua\u00e7\u00e3o, nesta quarta-feira, 28\/6,\u00a0de 8h \u00e0s 16h.\" \/>\n<meta property=\"og:url\" content=\"https:\/\/www.manaus.am.gov.br\/semtepi\/oportunidade\/sine-manaus-oferta-196-vagas-de-emprego-nesta-quarta-feira-28-6\/\" \/>\n<meta property=\"og:site_name\" content=\"SEMTEPI\" \/>\n<meta property=\"article:published_time\" content=\"2023-06-27T20:30:15+00:00\" \/>\n<meta property=\"article:modified_time\" content=\"2023-06-27T20:30:18+00:00\" \/>\n<meta property=\"og:image\" content=\"https:\/\/www.manaus.am.gov.br\/semtepi\/wp-content\/uploads\/sites\/20\/2023\/06\/51956702801_0c874aed26_o-3-1024x683.jpg\" \/>\n\t<meta property=\"og:image:width\" content=\"1024\" \/>\n\t<meta property=\"og:image:height\" content=\"683\" \/>\n\t<meta property=\"og:image:type\" content=\"image\/jpeg\" \/>\n<meta name=\"author\" content=\"Cl\u00e1udia Barbosa\" \/>\n<meta name=\"twitter:card\" content=\"summary_large_image\" \/>\n<meta name=\"twitter:label1\" content=\"Written by\" \/>\n\t<meta name=\"twitter:data1\" content=\"Cl\u00e1udia Barbosa\" \/>\n\t<meta name=\"twitter:label2\" content=\"Est. reading time\" \/>\n\t<meta name=\"twitter:data2\" content=\"25 minutos\" \/>\n<script type=\"application\/ld+json\" class=\"yoast-schema-graph\">{\"@context\":\"https:\/\/schema.org\",\"@graph\":[{\"@type\":\"Article\",\"@id\":\"https:\/\/www.manaus.am.gov.br\/semtepi\/oportunidade\/sine-manaus-oferta-196-vagas-de-emprego-nesta-quarta-feira-28-6\/#article\",\"isPartOf\":{\"@id\":\"https:\/\/www.manaus.am.gov.br\/semtepi\/oportunidade\/sine-manaus-oferta-196-vagas-de-emprego-nesta-quarta-feira-28-6\/\"},\"author\":{\"name\":\"Cl\u00e1udia Barbosa\",\"@id\":\"https:\/\/www.manaus.am.gov.br\/semtepi\/#\/schema\/person\/d0a166b5031154c33c77794ddc9a827e\"},\"headline\":\"Sine Manaus oferta 196\u00a0vagas de emprego nesta quarta-feira, 28\/6\",\"datePublished\":\"2023-06-27T20:30:15+00:00\",\"dateModified\":\"2023-06-27T20:30:18+00:00\",\"mainEntityOfPage\":{\"@id\":\"https:\/\/www.manaus.am.gov.br\/semtepi\/oportunidade\/sine-manaus-oferta-196-vagas-de-emprego-nesta-quarta-feira-28-6\/\"},\"wordCount\":5065,\"publisher\":{\"@id\":\"https:\/\/www.manaus.am.gov.br\/semtepi\/#organization\"},\"image\":{\"@id\":\"https:\/\/www.manaus.am.gov.br\/semtepi\/oportunidade\/sine-manaus-oferta-196-vagas-de-emprego-nesta-quarta-feira-28-6\/#primaryimage\"},\"thumbnailUrl\":\"https:\/\/www.manaus.am.gov.br\/semtepi\/wp-content\/uploads\/sites\/20\/2023\/06\/51956702801_0c874aed26_o-3.jpg\",\"keywords\":[\"avenida Constantino Nery\",\"emprego\",\"escolaridade\",\"prefeitura de manaus\",\"requisitos obrigat\u00f3rios\",\"shopping phelippe daou\",\"sine manaus\",\"vagas\"],\"articleSection\":[\"Oportunidade\"],\"inLanguage\":\"pt-BR\"},{\"@type\":\"WebPage\",\"@id\":\"https:\/\/www.manaus.am.gov.br\/semtepi\/oportunidade\/sine-manaus-oferta-196-vagas-de-emprego-nesta-quarta-feira-28-6\/\",\"url\":\"https:\/\/www.manaus.am.gov.br\/semtepi\/oportunidade\/sine-manaus-oferta-196-vagas-de-emprego-nesta-quarta-feira-28-6\/\",\"name\":\"Sine Manaus oferta 196\u00a0vagas de emprego nesta quarta-feira, 28\/6 - SEMTEPI\",\"isPartOf\":{\"@id\":\"https:\/\/www.manaus.am.gov.br\/semtepi\/#website\"},\"primaryImageOfPage\":{\"@id\":\"https:\/\/www.manaus.am.gov.br\/semtepi\/oportunidade\/sine-manaus-oferta-196-vagas-de-emprego-nesta-quarta-feira-28-6\/#primaryimage\"},\"image\":{\"@id\":\"https:\/\/www.manaus.am.gov.br\/semtepi\/oportunidade\/sine-manaus-oferta-196-vagas-de-emprego-nesta-quarta-feira-28-6\/#primaryimage\"},\"thumbnailUrl\":\"https:\/\/www.manaus.am.gov.br\/semtepi\/wp-content\/uploads\/sites\/20\/2023\/06\/51956702801_0c874aed26_o-3.jpg\",\"datePublished\":\"2023-06-27T20:30:15+00:00\",\"dateModified\":\"2023-06-27T20:30:18+00:00\",\"description\":\"A Prefeitura de Manaus, por meio do Sine Manaus, oferta 196\u00a0vagas de emprego em v\u00e1rias \u00e1reas de atua\u00e7\u00e3o, nesta quarta-feira, 28\/6,\u00a0de 8h \u00e0s 16h.\",\"breadcrumb\":{\"@id\":\"https:\/\/www.manaus.am.gov.br\/semtepi\/oportunidade\/sine-manaus-oferta-196-vagas-de-emprego-nesta-quarta-feira-28-6\/#breadcrumb\"},\"inLanguage\":\"pt-BR\",\"potentialAction\":[{\"@type\":\"ReadAction\",\"target\":[\"https:\/\/www.manaus.am.gov.br\/semtepi\/oportunidade\/sine-manaus-oferta-196-vagas-de-emprego-nesta-quarta-feira-28-6\/\"]}]},{\"@type\":\"ImageObject\",\"inLanguage\":\"pt-BR\",\"@id\":\"https:\/\/www.manaus.am.gov.br\/semtepi\/oportunidade\/sine-manaus-oferta-196-vagas-de-emprego-nesta-quarta-feira-28-6\/#primaryimage\",\"url\":\"https:\/\/www.manaus.am.gov.br\/semtepi\/wp-content\/uploads\/sites\/20\/2023\/06\/51956702801_0c874aed26_o-3.jpg\",\"contentUrl\":\"https:\/\/www.manaus.am.gov.br\/semtepi\/wp-content\/uploads\/sites\/20\/2023\/06\/51956702801_0c874aed26_o-3.jpg\",\"width\":5760,\"height\":3840},{\"@type\":\"BreadcrumbList\",\"@id\":\"https:\/\/www.manaus.am.gov.br\/semtepi\/oportunidade\/sine-manaus-oferta-196-vagas-de-emprego-nesta-quarta-feira-28-6\/#breadcrumb\",\"itemListElement\":[{\"@type\":\"ListItem\",\"position\":1,\"name\":\"Home\",\"item\":\"https:\/\/www.manaus.am.gov.br\/semtepi\/\"},{\"@type\":\"ListItem\",\"position\":2,\"name\":\"Sine Manaus oferta 196\u00a0vagas de emprego nesta quarta-feira, 28\/6\"}]},{\"@type\":\"WebSite\",\"@id\":\"https:\/\/www.manaus.am.gov.br\/semtepi\/#website\",\"url\":\"https:\/\/www.manaus.am.gov.br\/semtepi\/\",\"name\":\"SEMTEPI\",\"description\":\"Prefeitura de Manaus\",\"publisher\":{\"@id\":\"https:\/\/www.manaus.am.gov.br\/semtepi\/#organization\"},\"alternateName\":\"Secretaria Municipal do Trabalho, Empreendedorismo e Inova\u00e7\u00e3o\",\"potentialAction\":[{\"@type\":\"SearchAction\",\"target\":{\"@type\":\"EntryPoint\",\"urlTemplate\":\"https:\/\/www.manaus.am.gov.br\/semtepi\/?s={search_term_string}\"},\"query-input\":\"required name=search_term_string\"}],\"inLanguage\":\"pt-BR\"},{\"@type\":\"Organization\",\"@id\":\"https:\/\/www.manaus.am.gov.br\/semtepi\/#organization\",\"name\":\"Prefeitura Municipal de Manaus\",\"alternateName\":\"Prefeitura de Manaus\",\"url\":\"https:\/\/www.manaus.am.gov.br\/semtepi\/\",\"logo\":{\"@type\":\"ImageObject\",\"inLanguage\":\"pt-BR\",\"@id\":\"https:\/\/www.manaus.am.gov.br\/semtepi\/#\/schema\/logo\/image\/\",\"url\":\"https:\/\/www.manaus.am.gov.br\/semtepi\/wp-content\/uploads\/sites\/20\/2024\/07\/favicon.png\",\"contentUrl\":\"https:\/\/www.manaus.am.gov.br\/semtepi\/wp-content\/uploads\/sites\/20\/2024\/07\/favicon.png\",\"width\":300,\"height\":300,\"caption\":\"Prefeitura Municipal de Manaus\"},\"image\":{\"@id\":\"https:\/\/www.manaus.am.gov.br\/semtepi\/#\/schema\/logo\/image\/\"}},{\"@type\":\"Person\",\"@id\":\"https:\/\/www.manaus.am.gov.br\/semtepi\/#\/schema\/person\/d0a166b5031154c33c77794ddc9a827e\",\"name\":\"Cl\u00e1udia Barbosa\",\"image\":{\"@type\":\"ImageObject\",\"inLanguage\":\"pt-BR\",\"@id\":\"https:\/\/www.manaus.am.gov.br\/semtepi\/#\/schema\/person\/image\/\",\"url\":\"https:\/\/secure.gravatar.com\/avatar\/42958a1cf007f1a00534009218c72590?s=96&d=mm&r=g\",\"contentUrl\":\"https:\/\/secure.gravatar.com\/avatar\/42958a1cf007f1a00534009218c72590?s=96&d=mm&r=g\",\"caption\":\"Cl\u00e1udia Barbosa\"}}]}<\/script>\n<!-- \/ Yoast SEO plugin. -->","yoast_head_json":{"title":"Sine Manaus oferta 196\u00a0vagas de emprego nesta quarta-feira, 28\/6 - SEMTEPI","description":"A Prefeitura de Manaus, por meio do Sine Manaus, oferta 196\u00a0vagas de emprego em v\u00e1rias \u00e1reas de atua\u00e7\u00e3o, nesta quarta-feira, 28\/6,\u00a0de 8h \u00e0s 16h.","robots":{"index":"noindex","follow":"follow"},"og_locale":"pt_BR","og_type":"article","og_title":"Sine Manaus oferta 196\u00a0vagas de emprego nesta quarta-feira, 28\/6 - SEMTEPI","og_description":"A Prefeitura de Manaus, por meio do Sine Manaus, oferta 196\u00a0vagas de emprego em v\u00e1rias \u00e1reas de atua\u00e7\u00e3o, nesta quarta-feira, 28\/6,\u00a0de 8h \u00e0s 16h.","og_url":"https:\/\/www.manaus.am.gov.br\/semtepi\/oportunidade\/sine-manaus-oferta-196-vagas-de-emprego-nesta-quarta-feira-28-6\/","og_site_name":"SEMTEPI","article_published_time":"2023-06-27T20:30:15+00:00","article_modified_time":"2023-06-27T20:30:18+00:00","og_image":[{"width":1024,"height":683,"url":"https:\/\/www.manaus.am.gov.br\/semtepi\/wp-content\/uploads\/sites\/20\/2023\/06\/51956702801_0c874aed26_o-3-1024x683.jpg","type":"image\/jpeg"}],"author":"Cl\u00e1udia Barbosa","twitter_card":"summary_large_image","twitter_misc":{"Written by":"Cl\u00e1udia Barbosa","Est. reading time":"25 minutos"},"schema":{"@context":"https:\/\/schema.org","@graph":[{"@type":"Article","@id":"https:\/\/www.manaus.am.gov.br\/semtepi\/oportunidade\/sine-manaus-oferta-196-vagas-de-emprego-nesta-quarta-feira-28-6\/#article","isPartOf":{"@id":"https:\/\/www.manaus.am.gov.br\/semtepi\/oportunidade\/sine-manaus-oferta-196-vagas-de-emprego-nesta-quarta-feira-28-6\/"},"author":{"name":"Cl\u00e1udia Barbosa","@id":"https:\/\/www.manaus.am.gov.br\/semtepi\/#\/schema\/person\/d0a166b5031154c33c77794ddc9a827e"},"headline":"Sine Manaus oferta 196\u00a0vagas de emprego nesta quarta-feira, 28\/6","datePublished":"2023-06-27T20:30:15+00:00","dateModified":"2023-06-27T20:30:18+00:00","mainEntityOfPage":{"@id":"https:\/\/www.manaus.am.gov.br\/semtepi\/oportunidade\/sine-manaus-oferta-196-vagas-de-emprego-nesta-quarta-feira-28-6\/"},"wordCount":5065,"publisher":{"@id":"https:\/\/www.manaus.am.gov.br\/semtepi\/#organization"},"image":{"@id":"https:\/\/www.manaus.am.gov.br\/semtepi\/oportunidade\/sine-manaus-oferta-196-vagas-de-emprego-nesta-quarta-feira-28-6\/#primaryimage"},"thumbnailUrl":"https:\/\/www.manaus.am.gov.br\/semtepi\/wp-content\/uploads\/sites\/20\/2023\/06\/51956702801_0c874aed26_o-3.jpg","keywords":["avenida Constantino Nery","emprego","escolaridade","prefeitura de manaus","requisitos obrigat\u00f3rios","shopping phelippe daou","sine manaus","vagas"],"articleSection":["Oportunidade"],"inLanguage":"pt-BR"},{"@type":"WebPage","@id":"https:\/\/www.manaus.am.gov.br\/semtepi\/oportunidade\/sine-manaus-oferta-196-vagas-de-emprego-nesta-quarta-feira-28-6\/","url":"https:\/\/www.manaus.am.gov.br\/semtepi\/oportunidade\/sine-manaus-oferta-196-vagas-de-emprego-nesta-quarta-feira-28-6\/","name":"Sine Manaus oferta 196\u00a0vagas de emprego nesta quarta-feira, 28\/6 - SEMTEPI","isPartOf":{"@id":"https:\/\/www.manaus.am.gov.br\/semtepi\/#website"},"primaryImageOfPage":{"@id":"https:\/\/www.manaus.am.gov.br\/semtepi\/oportunidade\/sine-manaus-oferta-196-vagas-de-emprego-nesta-quarta-feira-28-6\/#primaryimage"},"image":{"@id":"https:\/\/www.manaus.am.gov.br\/semtepi\/oportunidade\/sine-manaus-oferta-196-vagas-de-emprego-nesta-quarta-feira-28-6\/#primaryimage"},"thumbnailUrl":"https:\/\/www.manaus.am.gov.br\/semtepi\/wp-content\/uploads\/sites\/20\/2023\/06\/51956702801_0c874aed26_o-3.jpg","datePublished":"2023-06-27T20:30:15+00:00","dateModified":"2023-06-27T20:30:18+00:00","description":"A Prefeitura de Manaus, por meio do Sine Manaus, oferta 196\u00a0vagas de emprego em v\u00e1rias \u00e1reas de atua\u00e7\u00e3o, nesta quarta-feira, 28\/6,\u00a0de 8h \u00e0s 16h.","breadcrumb":{"@id":"https:\/\/www.manaus.am.gov.br\/semtepi\/oportunidade\/sine-manaus-oferta-196-vagas-de-emprego-nesta-quarta-feira-28-6\/#breadcrumb"},"inLanguage":"pt-BR","potentialAction":[{"@type":"ReadAction","target":["https:\/\/www.manaus.am.gov.br\/semtepi\/oportunidade\/sine-manaus-oferta-196-vagas-de-emprego-nesta-quarta-feira-28-6\/"]}]},{"@type":"ImageObject","inLanguage":"pt-BR","@id":"https:\/\/www.manaus.am.gov.br\/semtepi\/oportunidade\/sine-manaus-oferta-196-vagas-de-emprego-nesta-quarta-feira-28-6\/#primaryimage","url":"https:\/\/www.manaus.am.gov.br\/semtepi\/wp-content\/uploads\/sites\/20\/2023\/06\/51956702801_0c874aed26_o-3.jpg","contentUrl":"https:\/\/www.manaus.am.gov.br\/semtepi\/wp-content\/uploads\/sites\/20\/2023\/06\/51956702801_0c874aed26_o-3.jpg","width":5760,"height":3840},{"@type":"BreadcrumbList","@id":"https:\/\/www.manaus.am.gov.br\/semtepi\/oportunidade\/sine-manaus-oferta-196-vagas-de-emprego-nesta-quarta-feira-28-6\/#breadcrumb","itemListElement":[{"@type":"ListItem","position":1,"name":"Home","item":"https:\/\/www.manaus.am.gov.br\/semtepi\/"},{"@type":"ListItem","position":2,"name":"Sine Manaus oferta 196\u00a0vagas de emprego nesta quarta-feira, 28\/6"}]},{"@type":"WebSite","@id":"https:\/\/www.manaus.am.gov.br\/semtepi\/#website","url":"https:\/\/www.manaus.am.gov.br\/semtepi\/","name":"SEMTEPI","description":"Prefeitura de Manaus","publisher":{"@id":"https:\/\/www.manaus.am.gov.br\/semtepi\/#organization"},"alternateName":"Secretaria Municipal do Trabalho, Empreendedorismo e Inova\u00e7\u00e3o","potentialAction":[{"@type":"SearchAction","target":{"@type":"EntryPoint","urlTemplate":"https:\/\/www.manaus.am.gov.br\/semtepi\/?s={search_term_string}"},"query-input":"required name=search_term_string"}],"inLanguage":"pt-BR"},{"@type":"Organization","@id":"https:\/\/www.manaus.am.gov.br\/semtepi\/#organization","name":"Prefeitura Municipal de Manaus","alternateName":"Prefeitura de Manaus","url":"https:\/\/www.manaus.am.gov.br\/semtepi\/","logo":{"@type":"ImageObject","inLanguage":"pt-BR","@id":"https:\/\/www.manaus.am.gov.br\/semtepi\/#\/schema\/logo\/image\/","url":"https:\/\/www.manaus.am.gov.br\/semtepi\/wp-content\/uploads\/sites\/20\/2024\/07\/favicon.png","contentUrl":"https:\/\/www.manaus.am.gov.br\/semtepi\/wp-content\/uploads\/sites\/20\/2024\/07\/favicon.png","width":300,"height":300,"caption":"Prefeitura Municipal de Manaus"},"image":{"@id":"https:\/\/www.manaus.am.gov.br\/semtepi\/#\/schema\/logo\/image\/"}},{"@type":"Person","@id":"https:\/\/www.manaus.am.gov.br\/semtepi\/#\/schema\/person\/d0a166b5031154c33c77794ddc9a827e","name":"Cl\u00e1udia Barbosa","image":{"@type":"ImageObject","inLanguage":"pt-BR","@id":"https:\/\/www.manaus.am.gov.br\/semtepi\/#\/schema\/person\/image\/","url":"https:\/\/secure.gravatar.com\/avatar\/42958a1cf007f1a00534009218c72590?s=96&d=mm&r=g","contentUrl":"https:\/\/secure.gravatar.com\/avatar\/42958a1cf007f1a00534009218c72590?s=96&d=mm&r=g","caption":"Cl\u00e1udia Barbosa"}}]}},"_links":{"self":[{"href":"https:\/\/www.manaus.am.gov.br\/semtepi\/wp-json\/wp\/v2\/posts\/2134"}],"collection":[{"href":"https:\/\/www.manaus.am.gov.br\/semtepi\/wp-json\/wp\/v2\/posts"}],"about":[{"href":"https:\/\/www.manaus.am.gov.br\/semtepi\/wp-json\/wp\/v2\/types\/post"}],"author":[{"embeddable":true,"href":"https:\/\/www.manaus.am.gov.br\/semtepi\/wp-json\/wp\/v2\/users\/24"}],"replies":[{"embeddable":true,"href":"https:\/\/www.manaus.am.gov.br\/semtepi\/wp-json\/wp\/v2\/comments?post=2134"}],"version-history":[{"count":0,"href":"https:\/\/www.manaus.am.gov.br\/semtepi\/wp-json\/wp\/v2\/posts\/2134\/revisions"}],"wp:featuredmedia":[{"embeddable":true,"href":"https:\/\/www.manaus.am.gov.br\/semtepi\/wp-json\/wp\/v2\/media\/2135"}],"wp:attachment":[{"href":"https:\/\/www.manaus.am.gov.br\/semtepi\/wp-json\/wp\/v2\/media?parent=2134"}],"wp:term":[{"taxonomy":"category","embeddable":true,"href":"https:\/\/www.manaus.am.gov.br\/semtepi\/wp-json\/wp\/v2\/categories?post=2134"},{"taxonomy":"post_tag","embeddable":true,"href":"https:\/\/www.manaus.am.gov.br\/semtepi\/wp-json\/wp\/v2\/tags?post=2134"}],"curies":[{"name":"wp","href":"https:\/\/api.w.org\/{rel}","templated":true}]}}