{"id":2129,"date":"2023-06-26T12:18:47","date_gmt":"2023-06-26T16:18:47","guid":{"rendered":"https:\/\/www.manaus.am.gov.br\/semtepi\/sem-categoria\/prefeitura-de-manaus-orienta-empresas-sobre-selecao-para-o-dimicro\/"},"modified":"2023-06-26T12:18:48","modified_gmt":"2023-06-26T16:18:48","slug":"prefeitura-de-manaus-orienta-empresas-sobre-selecao-para-o-dimicro","status":"publish","type":"post","link":"https:\/\/www.manaus.am.gov.br\/semtepi\/prazo\/prefeitura-de-manaus-orienta-empresas-sobre-selecao-para-o-dimicro\/","title":{"rendered":"<strong>Prefeitura de Manaus orienta empresas sobre sele\u00e7\u00e3o para o Dimicro<\/strong>"},"content":{"rendered":"\n<p>O prazo para a entrega das propostas de ocupa\u00e7\u00e3o do&nbsp;Distrito de Micro e Pequenas Empresas de Manaus (Dimicro) encerra nesta sexta-feira, &nbsp;30\/6, \u00e0s 14h. A&nbsp;Prefeitura de Manaus, por meio da Secretaria Municipal do Trabalho, Empreendedorismo e Inova\u00e7\u00e3o (Semtepi), disponibilizou o edital de sele\u00e7\u00e3o das empresas, com todas as documenta\u00e7\u00f5es exigidas.&nbsp;O espa\u00e7o, localizado no bairro Distrito Industrial II, na zona Leste, ser\u00e1 destinado exclusivamente \u00e0 instala\u00e7\u00e3o de empreendimentos do segmento industrial.<\/p>\n\n\n\n<p>Conforme o edital de sele\u00e7\u00e3o, podem concorrer ao processo microempresas com receita bruta anual do \u00faltimo exerc\u00edcio financeiro igual ou inferior a R$ 360 mil; e empresas de pequeno porte com receita bruta superior a R$ 360 mil e igual ou inferior a R$ 4,8 milh\u00f5es. Os galp\u00f5es ser\u00e3o destinados exclusivamente \u00e0 instala\u00e7\u00e3o de empreendimentos do segmento industrial, que executam servi\u00e7os de inova\u00e7\u00e3o e desenvolvimento tecnol\u00f3gico.<\/p>\n\n\n\n<p>\u201cAs propostas devem conter um plano de trabalho para execu\u00e7\u00e3o no Dimicro, com cronogramas, metas, justificativas, metodologias de execu\u00e7\u00f5es das a\u00e7\u00f5es, entre outros. A Prefeitura de Manaus vai contribuir para o crescimento dessas empresas, que desempenham um papel muito importante, atendendo o Polo Industrial de Manaus&#8221;, afirmou o titular da Semtepi, Radyr J\u00fanior.<\/p>\n\n\n\n<p>As documenta\u00e7\u00f5es devem ser entregues at\u00e9 sexta-feira, 30\/6, das 8h \u00e0s 14h, na sede da Semtepi,&nbsp;localizada na rua Rio Jamary, n\u00ba 77, conjunto Vieiralves, bairro Nossa Senhora das Gra\u00e7as, zona Centro-Sul de Manaus. As propostas dever\u00e3o ser entregues em envelopes lacrados, contendo a identifica\u00e7\u00e3o da empresa interessada e os meios de contato.<\/p>\n\n\n\n<p><strong><a href=\"https:\/\/www.manaus.am.gov.br\/wp-content\/uploads\/2023\/06\/Anexos-do-DIMICRO.docx\" target=\"_blank\" rel=\"noreferrer noopener\">Acesse aqui os documentos<\/a><\/strong><\/p>\n\n\n\n<p><strong><a href=\"https:\/\/www.manaus.am.gov.br\/wp-content\/uploads\/2023\/06\/DOM-5606-15.06.2023.pdf\" target=\"_blank\" rel=\"noreferrer noopener\">Acesse aqui o edital<\/a><\/strong><\/p>\n\n\n\n<p><strong><a href=\"https:\/\/www.manaus.am.gov.br\/semtepi\/wp-content\/uploads\/sites\/20\/2023\/06\/ERRATA-EDITAL-DE-SELECAO-DIMICRO-DOM-5610-21.06.2023-1.pdf\" target=\"_blank\" rel=\"noreferrer noopener\">Errata Edital de Sele\u00e7\u00e3o Dimicro<br><\/a><\/strong><\/p>\n\n\n\n<p>&#8212; &#8212; &#8212;<\/p>\n\n\n\n<p><strong>Texto \u2013 <\/strong>Luiza Maria \/ Semtepi<\/p>\n\n\n\n<p><strong>Fotos \u2013 <\/strong>Jo\u00e3o Viana \/ Arquivo Semcom<\/p>\n\n\n\n<p><strong>Dispon\u00edveis em &#8211; <\/strong><a href=\"https:\/\/flic.kr\/s\/aHBqjAHWdK\">https:\/\/flic.kr\/s\/aHBqjAHWdK<\/a><\/p>\n","protected":false},"excerpt":{"rendered":"","protected":false},"author":24,"featured_media":2130,"comment_status":"closed","ping_status":"closed","sticky":false,"template":"","format":"standard","meta":{"footnotes":""},"categories":[299],"tags":[161,276,300,162,301,8,302,34,9],"acf":[],"yoast_head":"<!-- This site is optimized with the Yoast SEO plugin v23.0 - https:\/\/yoast.com\/wordpress\/plugins\/seo\/ -->\n<title>Prefeitura de Manaus orienta empresas sobre sele\u00e7\u00e3o para o Dimicro - SEMTEPI<\/title>\n<meta name=\"description\" content=\"O prazo para a entrega das propostas de ocupa\u00e7\u00e3o do\u00a0Distrito de Micro e Pequenas Empresas de Manaus (Dimicro) encerra nesta sexta-feira, \u00a030\/6, \u00e0s 14h.\" \/>\n<meta name=\"robots\" content=\"noindex, follow\" \/>\n<meta property=\"og:locale\" content=\"pt_BR\" \/>\n<meta property=\"og:type\" content=\"article\" \/>\n<meta property=\"og:title\" content=\"Prefeitura de Manaus orienta empresas sobre sele\u00e7\u00e3o para o Dimicro - SEMTEPI\" \/>\n<meta property=\"og:description\" content=\"O prazo para a entrega das propostas de ocupa\u00e7\u00e3o do\u00a0Distrito de Micro e Pequenas Empresas de Manaus (Dimicro) encerra nesta sexta-feira, \u00a030\/6, \u00e0s 14h.\" \/>\n<meta property=\"og:url\" content=\"https:\/\/www.manaus.am.gov.br\/semtepi\/prazo\/prefeitura-de-manaus-orienta-empresas-sobre-selecao-para-o-dimicro\/\" \/>\n<meta property=\"og:site_name\" content=\"SEMTEPI\" \/>\n<meta property=\"article:published_time\" content=\"2023-06-26T16:18:47+00:00\" \/>\n<meta property=\"article:modified_time\" content=\"2023-06-26T16:18:48+00:00\" \/>\n<meta property=\"og:image\" content=\"https:\/\/www.manaus.am.gov.br\/semtepi\/wp-content\/uploads\/sites\/20\/2023\/06\/52977217461_7520e3238a_o-1024x683.jpg\" \/>\n\t<meta property=\"og:image:width\" content=\"1024\" \/>\n\t<meta property=\"og:image:height\" content=\"683\" \/>\n\t<meta property=\"og:image:type\" content=\"image\/jpeg\" \/>\n<meta name=\"author\" content=\"Cl\u00e1udia Barbosa\" \/>\n<meta name=\"twitter:card\" content=\"summary_large_image\" \/>\n<meta name=\"twitter:label1\" content=\"Written by\" \/>\n\t<meta name=\"twitter:data1\" content=\"Cl\u00e1udia Barbosa\" \/>\n\t<meta name=\"twitter:label2\" content=\"Est. reading time\" \/>\n\t<meta name=\"twitter:data2\" content=\"2 minutos\" \/>\n<script type=\"application\/ld+json\" class=\"yoast-schema-graph\">{\"@context\":\"https:\/\/schema.org\",\"@graph\":[{\"@type\":\"Article\",\"@id\":\"https:\/\/www.manaus.am.gov.br\/semtepi\/prazo\/prefeitura-de-manaus-orienta-empresas-sobre-selecao-para-o-dimicro\/#article\",\"isPartOf\":{\"@id\":\"https:\/\/www.manaus.am.gov.br\/semtepi\/prazo\/prefeitura-de-manaus-orienta-empresas-sobre-selecao-para-o-dimicro\/\"},\"author\":{\"name\":\"Cl\u00e1udia Barbosa\",\"@id\":\"https:\/\/www.manaus.am.gov.br\/semtepi\/#\/schema\/person\/d0a166b5031154c33c77794ddc9a827e\"},\"headline\":\"Prefeitura de Manaus orienta empresas sobre sele\u00e7\u00e3o para o Dimicro\",\"datePublished\":\"2023-06-26T16:18:47+00:00\",\"dateModified\":\"2023-06-26T16:18:48+00:00\",\"mainEntityOfPage\":{\"@id\":\"https:\/\/www.manaus.am.gov.br\/semtepi\/prazo\/prefeitura-de-manaus-orienta-empresas-sobre-selecao-para-o-dimicro\/\"},\"wordCount\":312,\"publisher\":{\"@id\":\"https:\/\/www.manaus.am.gov.br\/semtepi\/#organization\"},\"image\":{\"@id\":\"https:\/\/www.manaus.am.gov.br\/semtepi\/prazo\/prefeitura-de-manaus-orienta-empresas-sobre-selecao-para-o-dimicro\/#primaryimage\"},\"thumbnailUrl\":\"https:\/\/www.manaus.am.gov.br\/semtepi\/wp-content\/uploads\/sites\/20\/2023\/06\/52977217461_7520e3238a_o.jpg\",\"keywords\":[\"Dimicro\",\"Distrito de Micro e Pequenas Empresas de Manaus\",\"edital de sele\u00e7\u00e3o\",\"microempresas\",\"prazo\",\"prefeitura de manaus\",\"propostas\",\"Radyr J\u00fanior\",\"Semtepi\"],\"articleSection\":[\"Prazo\"],\"inLanguage\":\"pt-BR\"},{\"@type\":\"WebPage\",\"@id\":\"https:\/\/www.manaus.am.gov.br\/semtepi\/prazo\/prefeitura-de-manaus-orienta-empresas-sobre-selecao-para-o-dimicro\/\",\"url\":\"https:\/\/www.manaus.am.gov.br\/semtepi\/prazo\/prefeitura-de-manaus-orienta-empresas-sobre-selecao-para-o-dimicro\/\",\"name\":\"Prefeitura de Manaus orienta empresas sobre sele\u00e7\u00e3o para o Dimicro - SEMTEPI\",\"isPartOf\":{\"@id\":\"https:\/\/www.manaus.am.gov.br\/semtepi\/#website\"},\"primaryImageOfPage\":{\"@id\":\"https:\/\/www.manaus.am.gov.br\/semtepi\/prazo\/prefeitura-de-manaus-orienta-empresas-sobre-selecao-para-o-dimicro\/#primaryimage\"},\"image\":{\"@id\":\"https:\/\/www.manaus.am.gov.br\/semtepi\/prazo\/prefeitura-de-manaus-orienta-empresas-sobre-selecao-para-o-dimicro\/#primaryimage\"},\"thumbnailUrl\":\"https:\/\/www.manaus.am.gov.br\/semtepi\/wp-content\/uploads\/sites\/20\/2023\/06\/52977217461_7520e3238a_o.jpg\",\"datePublished\":\"2023-06-26T16:18:47+00:00\",\"dateModified\":\"2023-06-26T16:18:48+00:00\",\"description\":\"O prazo para a entrega das propostas de ocupa\u00e7\u00e3o do\u00a0Distrito de Micro e Pequenas Empresas de Manaus (Dimicro) encerra nesta sexta-feira, \u00a030\/6, \u00e0s 14h.\",\"breadcrumb\":{\"@id\":\"https:\/\/www.manaus.am.gov.br\/semtepi\/prazo\/prefeitura-de-manaus-orienta-empresas-sobre-selecao-para-o-dimicro\/#breadcrumb\"},\"inLanguage\":\"pt-BR\",\"potentialAction\":[{\"@type\":\"ReadAction\",\"target\":[\"https:\/\/www.manaus.am.gov.br\/semtepi\/prazo\/prefeitura-de-manaus-orienta-empresas-sobre-selecao-para-o-dimicro\/\"]}]},{\"@type\":\"ImageObject\",\"inLanguage\":\"pt-BR\",\"@id\":\"https:\/\/www.manaus.am.gov.br\/semtepi\/prazo\/prefeitura-de-manaus-orienta-empresas-sobre-selecao-para-o-dimicro\/#primaryimage\",\"url\":\"https:\/\/www.manaus.am.gov.br\/semtepi\/wp-content\/uploads\/sites\/20\/2023\/06\/52977217461_7520e3238a_o.jpg\",\"contentUrl\":\"https:\/\/www.manaus.am.gov.br\/semtepi\/wp-content\/uploads\/sites\/20\/2023\/06\/52977217461_7520e3238a_o.jpg\",\"width\":6240,\"height\":4160},{\"@type\":\"BreadcrumbList\",\"@id\":\"https:\/\/www.manaus.am.gov.br\/semtepi\/prazo\/prefeitura-de-manaus-orienta-empresas-sobre-selecao-para-o-dimicro\/#breadcrumb\",\"itemListElement\":[{\"@type\":\"ListItem\",\"position\":1,\"name\":\"Home\",\"item\":\"https:\/\/www.manaus.am.gov.br\/semtepi\/\"},{\"@type\":\"ListItem\",\"position\":2,\"name\":\"Prefeitura de Manaus orienta empresas sobre sele\u00e7\u00e3o para o Dimicro\"}]},{\"@type\":\"WebSite\",\"@id\":\"https:\/\/www.manaus.am.gov.br\/semtepi\/#website\",\"url\":\"https:\/\/www.manaus.am.gov.br\/semtepi\/\",\"name\":\"SEMTEPI\",\"description\":\"Prefeitura de Manaus\",\"publisher\":{\"@id\":\"https:\/\/www.manaus.am.gov.br\/semtepi\/#organization\"},\"alternateName\":\"Secretaria Municipal do Trabalho, Empreendedorismo e Inova\u00e7\u00e3o\",\"potentialAction\":[{\"@type\":\"SearchAction\",\"target\":{\"@type\":\"EntryPoint\",\"urlTemplate\":\"https:\/\/www.manaus.am.gov.br\/semtepi\/?s={search_term_string}\"},\"query-input\":\"required name=search_term_string\"}],\"inLanguage\":\"pt-BR\"},{\"@type\":\"Organization\",\"@id\":\"https:\/\/www.manaus.am.gov.br\/semtepi\/#organization\",\"name\":\"Prefeitura Municipal de Manaus\",\"alternateName\":\"Prefeitura de Manaus\",\"url\":\"https:\/\/www.manaus.am.gov.br\/semtepi\/\",\"logo\":{\"@type\":\"ImageObject\",\"inLanguage\":\"pt-BR\",\"@id\":\"https:\/\/www.manaus.am.gov.br\/semtepi\/#\/schema\/logo\/image\/\",\"url\":\"https:\/\/www.manaus.am.gov.br\/semtepi\/wp-content\/uploads\/sites\/20\/2024\/07\/favicon.png\",\"contentUrl\":\"https:\/\/www.manaus.am.gov.br\/semtepi\/wp-content\/uploads\/sites\/20\/2024\/07\/favicon.png\",\"width\":300,\"height\":300,\"caption\":\"Prefeitura Municipal de Manaus\"},\"image\":{\"@id\":\"https:\/\/www.manaus.am.gov.br\/semtepi\/#\/schema\/logo\/image\/\"}},{\"@type\":\"Person\",\"@id\":\"https:\/\/www.manaus.am.gov.br\/semtepi\/#\/schema\/person\/d0a166b5031154c33c77794ddc9a827e\",\"name\":\"Cl\u00e1udia Barbosa\",\"image\":{\"@type\":\"ImageObject\",\"inLanguage\":\"pt-BR\",\"@id\":\"https:\/\/www.manaus.am.gov.br\/semtepi\/#\/schema\/person\/image\/\",\"url\":\"https:\/\/secure.gravatar.com\/avatar\/42958a1cf007f1a00534009218c72590?s=96&d=mm&r=g\",\"contentUrl\":\"https:\/\/secure.gravatar.com\/avatar\/42958a1cf007f1a00534009218c72590?s=96&d=mm&r=g\",\"caption\":\"Cl\u00e1udia Barbosa\"}}]}<\/script>\n<!-- \/ Yoast SEO plugin. -->","yoast_head_json":{"title":"Prefeitura de Manaus orienta empresas sobre sele\u00e7\u00e3o para o Dimicro - SEMTEPI","description":"O prazo para a entrega das propostas de ocupa\u00e7\u00e3o do\u00a0Distrito de Micro e Pequenas Empresas de Manaus (Dimicro) encerra nesta sexta-feira, \u00a030\/6, \u00e0s 14h.","robots":{"index":"noindex","follow":"follow"},"og_locale":"pt_BR","og_type":"article","og_title":"Prefeitura de Manaus orienta empresas sobre sele\u00e7\u00e3o para o Dimicro - SEMTEPI","og_description":"O prazo para a entrega das propostas de ocupa\u00e7\u00e3o do\u00a0Distrito de Micro e Pequenas Empresas de Manaus (Dimicro) encerra nesta sexta-feira, \u00a030\/6, \u00e0s 14h.","og_url":"https:\/\/www.manaus.am.gov.br\/semtepi\/prazo\/prefeitura-de-manaus-orienta-empresas-sobre-selecao-para-o-dimicro\/","og_site_name":"SEMTEPI","article_published_time":"2023-06-26T16:18:47+00:00","article_modified_time":"2023-06-26T16:18:48+00:00","og_image":[{"width":1024,"height":683,"url":"https:\/\/www.manaus.am.gov.br\/semtepi\/wp-content\/uploads\/sites\/20\/2023\/06\/52977217461_7520e3238a_o-1024x683.jpg","type":"image\/jpeg"}],"author":"Cl\u00e1udia Barbosa","twitter_card":"summary_large_image","twitter_misc":{"Written by":"Cl\u00e1udia Barbosa","Est. reading time":"2 minutos"},"schema":{"@context":"https:\/\/schema.org","@graph":[{"@type":"Article","@id":"https:\/\/www.manaus.am.gov.br\/semtepi\/prazo\/prefeitura-de-manaus-orienta-empresas-sobre-selecao-para-o-dimicro\/#article","isPartOf":{"@id":"https:\/\/www.manaus.am.gov.br\/semtepi\/prazo\/prefeitura-de-manaus-orienta-empresas-sobre-selecao-para-o-dimicro\/"},"author":{"name":"Cl\u00e1udia Barbosa","@id":"https:\/\/www.manaus.am.gov.br\/semtepi\/#\/schema\/person\/d0a166b5031154c33c77794ddc9a827e"},"headline":"Prefeitura de Manaus orienta empresas sobre sele\u00e7\u00e3o para o Dimicro","datePublished":"2023-06-26T16:18:47+00:00","dateModified":"2023-06-26T16:18:48+00:00","mainEntityOfPage":{"@id":"https:\/\/www.manaus.am.gov.br\/semtepi\/prazo\/prefeitura-de-manaus-orienta-empresas-sobre-selecao-para-o-dimicro\/"},"wordCount":312,"publisher":{"@id":"https:\/\/www.manaus.am.gov.br\/semtepi\/#organization"},"image":{"@id":"https:\/\/www.manaus.am.gov.br\/semtepi\/prazo\/prefeitura-de-manaus-orienta-empresas-sobre-selecao-para-o-dimicro\/#primaryimage"},"thumbnailUrl":"https:\/\/www.manaus.am.gov.br\/semtepi\/wp-content\/uploads\/sites\/20\/2023\/06\/52977217461_7520e3238a_o.jpg","keywords":["Dimicro","Distrito de Micro e Pequenas Empresas de Manaus","edital de sele\u00e7\u00e3o","microempresas","prazo","prefeitura de manaus","propostas","Radyr J\u00fanior","Semtepi"],"articleSection":["Prazo"],"inLanguage":"pt-BR"},{"@type":"WebPage","@id":"https:\/\/www.manaus.am.gov.br\/semtepi\/prazo\/prefeitura-de-manaus-orienta-empresas-sobre-selecao-para-o-dimicro\/","url":"https:\/\/www.manaus.am.gov.br\/semtepi\/prazo\/prefeitura-de-manaus-orienta-empresas-sobre-selecao-para-o-dimicro\/","name":"Prefeitura de Manaus orienta empresas sobre sele\u00e7\u00e3o para o Dimicro - SEMTEPI","isPartOf":{"@id":"https:\/\/www.manaus.am.gov.br\/semtepi\/#website"},"primaryImageOfPage":{"@id":"https:\/\/www.manaus.am.gov.br\/semtepi\/prazo\/prefeitura-de-manaus-orienta-empresas-sobre-selecao-para-o-dimicro\/#primaryimage"},"image":{"@id":"https:\/\/www.manaus.am.gov.br\/semtepi\/prazo\/prefeitura-de-manaus-orienta-empresas-sobre-selecao-para-o-dimicro\/#primaryimage"},"thumbnailUrl":"https:\/\/www.manaus.am.gov.br\/semtepi\/wp-content\/uploads\/sites\/20\/2023\/06\/52977217461_7520e3238a_o.jpg","datePublished":"2023-06-26T16:18:47+00:00","dateModified":"2023-06-26T16:18:48+00:00","description":"O prazo para a entrega das propostas de ocupa\u00e7\u00e3o do\u00a0Distrito de Micro e Pequenas Empresas de Manaus (Dimicro) encerra nesta sexta-feira, \u00a030\/6, \u00e0s 14h.","breadcrumb":{"@id":"https:\/\/www.manaus.am.gov.br\/semtepi\/prazo\/prefeitura-de-manaus-orienta-empresas-sobre-selecao-para-o-dimicro\/#breadcrumb"},"inLanguage":"pt-BR","potentialAction":[{"@type":"ReadAction","target":["https:\/\/www.manaus.am.gov.br\/semtepi\/prazo\/prefeitura-de-manaus-orienta-empresas-sobre-selecao-para-o-dimicro\/"]}]},{"@type":"ImageObject","inLanguage":"pt-BR","@id":"https:\/\/www.manaus.am.gov.br\/semtepi\/prazo\/prefeitura-de-manaus-orienta-empresas-sobre-selecao-para-o-dimicro\/#primaryimage","url":"https:\/\/www.manaus.am.gov.br\/semtepi\/wp-content\/uploads\/sites\/20\/2023\/06\/52977217461_7520e3238a_o.jpg","contentUrl":"https:\/\/www.manaus.am.gov.br\/semtepi\/wp-content\/uploads\/sites\/20\/2023\/06\/52977217461_7520e3238a_o.jpg","width":6240,"height":4160},{"@type":"BreadcrumbList","@id":"https:\/\/www.manaus.am.gov.br\/semtepi\/prazo\/prefeitura-de-manaus-orienta-empresas-sobre-selecao-para-o-dimicro\/#breadcrumb","itemListElement":[{"@type":"ListItem","position":1,"name":"Home","item":"https:\/\/www.manaus.am.gov.br\/semtepi\/"},{"@type":"ListItem","position":2,"name":"Prefeitura de Manaus orienta empresas sobre sele\u00e7\u00e3o para o Dimicro"}]},{"@type":"WebSite","@id":"https:\/\/www.manaus.am.gov.br\/semtepi\/#website","url":"https:\/\/www.manaus.am.gov.br\/semtepi\/","name":"SEMTEPI","description":"Prefeitura de Manaus","publisher":{"@id":"https:\/\/www.manaus.am.gov.br\/semtepi\/#organization"},"alternateName":"Secretaria Municipal do Trabalho, Empreendedorismo e Inova\u00e7\u00e3o","potentialAction":[{"@type":"SearchAction","target":{"@type":"EntryPoint","urlTemplate":"https:\/\/www.manaus.am.gov.br\/semtepi\/?s={search_term_string}"},"query-input":"required name=search_term_string"}],"inLanguage":"pt-BR"},{"@type":"Organization","@id":"https:\/\/www.manaus.am.gov.br\/semtepi\/#organization","name":"Prefeitura Municipal de Manaus","alternateName":"Prefeitura de Manaus","url":"https:\/\/www.manaus.am.gov.br\/semtepi\/","logo":{"@type":"ImageObject","inLanguage":"pt-BR","@id":"https:\/\/www.manaus.am.gov.br\/semtepi\/#\/schema\/logo\/image\/","url":"https:\/\/www.manaus.am.gov.br\/semtepi\/wp-content\/uploads\/sites\/20\/2024\/07\/favicon.png","contentUrl":"https:\/\/www.manaus.am.gov.br\/semtepi\/wp-content\/uploads\/sites\/20\/2024\/07\/favicon.png","width":300,"height":300,"caption":"Prefeitura Municipal de Manaus"},"image":{"@id":"https:\/\/www.manaus.am.gov.br\/semtepi\/#\/schema\/logo\/image\/"}},{"@type":"Person","@id":"https:\/\/www.manaus.am.gov.br\/semtepi\/#\/schema\/person\/d0a166b5031154c33c77794ddc9a827e","name":"Cl\u00e1udia Barbosa","image":{"@type":"ImageObject","inLanguage":"pt-BR","@id":"https:\/\/www.manaus.am.gov.br\/semtepi\/#\/schema\/person\/image\/","url":"https:\/\/secure.gravatar.com\/avatar\/42958a1cf007f1a00534009218c72590?s=96&d=mm&r=g","contentUrl":"https:\/\/secure.gravatar.com\/avatar\/42958a1cf007f1a00534009218c72590?s=96&d=mm&r=g","caption":"Cl\u00e1udia Barbosa"}}]}},"_links":{"self":[{"href":"https:\/\/www.manaus.am.gov.br\/semtepi\/wp-json\/wp\/v2\/posts\/2129"}],"collection":[{"href":"https:\/\/www.manaus.am.gov.br\/semtepi\/wp-json\/wp\/v2\/posts"}],"about":[{"href":"https:\/\/www.manaus.am.gov.br\/semtepi\/wp-json\/wp\/v2\/types\/post"}],"author":[{"embeddable":true,"href":"https:\/\/www.manaus.am.gov.br\/semtepi\/wp-json\/wp\/v2\/users\/24"}],"replies":[{"embeddable":true,"href":"https:\/\/www.manaus.am.gov.br\/semtepi\/wp-json\/wp\/v2\/comments?post=2129"}],"version-history":[{"count":0,"href":"https:\/\/www.manaus.am.gov.br\/semtepi\/wp-json\/wp\/v2\/posts\/2129\/revisions"}],"wp:featuredmedia":[{"embeddable":true,"href":"https:\/\/www.manaus.am.gov.br\/semtepi\/wp-json\/wp\/v2\/media\/2130"}],"wp:attachment":[{"href":"https:\/\/www.manaus.am.gov.br\/semtepi\/wp-json\/wp\/v2\/media?parent=2129"}],"wp:term":[{"taxonomy":"category","embeddable":true,"href":"https:\/\/www.manaus.am.gov.br\/semtepi\/wp-json\/wp\/v2\/categories?post=2129"},{"taxonomy":"post_tag","embeddable":true,"href":"https:\/\/www.manaus.am.gov.br\/semtepi\/wp-json\/wp\/v2\/tags?post=2129"}],"curies":[{"name":"wp","href":"https:\/\/api.w.org\/{rel}","templated":true}]}}