{"id":2059,"date":"2023-06-19T12:02:24","date_gmt":"2023-06-19T16:02:24","guid":{"rendered":"https:\/\/www.manaus.am.gov.br\/semtepi\/sem-categoria\/prefeitura-de-manaus-abre-selecao-de-empresas-para-o-dimicro\/"},"modified":"2023-06-23T10:29:21","modified_gmt":"2023-06-23T14:29:21","slug":"prefeitura-de-manaus-abre-selecao-de-empresas-para-o-dimicro","status":"publish","type":"post","link":"https:\/\/www.manaus.am.gov.br\/semtepi\/edital\/prefeitura-de-manaus-abre-selecao-de-empresas-para-o-dimicro\/","title":{"rendered":"<strong>Prefeitura de Manaus abre sele\u00e7\u00e3o de empresas para o Dimicro<\/strong>"},"content":{"rendered":"\n<p>A Prefeitura de Manaus, por meio da Secretaria Municipal do Trabalho, Empreendedorismo e Inova\u00e7\u00e3o (Semtepi), disponibilizou o edital de sele\u00e7\u00e3o para empresas que ir\u00e3o ocupar os galp\u00f5es situados no Distrito de Micro e Pequenas Empresas de Manaus (Dimicro). Os interessados devem apresentar as documenta\u00e7\u00f5es exigidas de segunda a sexta-feira, de 8h \u00e0s 14h, at\u00e9 dia 30\/6, na sede do \u00f3rg\u00e3o, localizada na rua Rio Jamary, bairro Nossa Senhora das Gra\u00e7as, zona Centro-Sul da capital.<\/p>\n\n\n\n<p>No total, o espa\u00e7o abriga 28 galp\u00f5es, sendo 10 medindo 235,73 metros quadrados; 9 medindo 212,13 metros quadrados e 9 medindo 94,78 metros quadrados. O Dimicro tamb\u00e9m conta com \u00e1reas comuns, como refeit\u00f3rio, sala de qualifica\u00e7\u00e3o e descompress\u00e3o, audit\u00f3rio, vesti\u00e1rios e estacionamento. O local ser\u00e1 destinado exclusivamente \u00e0 instala\u00e7\u00e3o de empreendimentos do segmento industrial, com concess\u00e3o no per\u00edodo de 36 meses, podendo ser prorrogado uma \u00fanica vez.<\/p>\n\n\n\n<p>\u201cNesse processo de sele\u00e7\u00e3o estamos abrindo para microempresas e empresas de pequeno porte, que possuem instala\u00e7\u00f5es em Manaus. Estamos realizando um trabalho totalmente transparente, para que essas empresas possam operar naquele espa\u00e7o, contribuindo para o desenvolvimento econ\u00f4mico industrial\u201d, destacou Radyr J\u00fanior, titular da Semtepi.<\/p>\n\n\n\n<p>Conforme o edital, a sele\u00e7\u00e3o ser\u00e1 feita por meio de tr\u00eas lotes, sendo que cada empresa poder\u00e1 inscrever apenas uma proposta para um n\u00famero de lote. Todas as documenta\u00e7\u00f5es das propostas dever\u00e3o ser entregues em envelopes lacrados.<\/p>\n\n\n\n<p><a href=\"https:\/\/www.manaus.am.gov.br\/wp-content\/uploads\/2023\/06\/Anexos-do-DIMICRO.docx\" target=\"_blank\" rel=\"noreferrer noopener\">Acesse aqui os documentos<\/a><\/p>\n\n\n\n<p><a href=\"https:\/\/www.manaus.am.gov.br\/wp-content\/uploads\/2023\/06\/DOM-5606-15.06.2023.pdf\" target=\"_blank\" rel=\"noreferrer noopener\">Acesse aqui o edital<\/a> <\/p>\n\n\n\n<p><a href=\"https:\/\/www.manaus.am.gov.br\/semtepi\/wp-content\/uploads\/sites\/20\/2023\/06\/ERRATA-EDITAL-DE-SELECAO-DIMICRO-DOM-5610-21.06.2023-1.pdf\">ERRATA EDITAL DE SELE\u00c7\u00c3O DIMICRO<\/a><\/p>\n\n\n\n<p>&#8212; &#8212; &#8212;<\/p>\n\n\n\n<p><strong>Texto \u2013<\/strong>&nbsp;Luiza Maria \/ Semtepi<\/p>\n\n\n\n<p><strong>Fotos \u2013<\/strong>&nbsp;Jo\u00e3o Viana \/ Semcom<\/p>\n\n\n\n<p><strong>Dispon\u00edveis em &#8211;<\/strong>&nbsp;<a href=\"https:\/\/flic.kr\/s\/aHBqjAHWdK\" target=\"_blank\" rel=\"noreferrer noopener\">https:\/\/flic.kr\/s\/aHBqjAHWdK<\/a><\/p>\n","protected":false},"excerpt":{"rendered":"","protected":false},"author":24,"featured_media":2060,"comment_status":"closed","ping_status":"closed","sticky":false,"template":"","format":"standard","meta":{"footnotes":""},"categories":[102],"tags":[161,276,103,277,278,162,8,34,279,9],"acf":[],"yoast_head":"<!-- This site is optimized with the Yoast SEO plugin v23.0 - https:\/\/yoast.com\/wordpress\/plugins\/seo\/ -->\n<title>Prefeitura de Manaus abre sele\u00e7\u00e3o de empresas para o Dimicro - SEMTEPI<\/title>\n<meta name=\"description\" content=\"A Prefeitura de Manaus, por meio da Secretaria Municipal do Trabalho, Empreendedorismo e Inova\u00e7\u00e3o (Semtepi), disponibilizou o edital de sele\u00e7\u00e3o para empresas que ir\u00e3o ocupar os galp\u00f5es situados no Distrito de Micro e Pequenas Empresas de Manaus (Dimicro).\" \/>\n<meta name=\"robots\" content=\"noindex, follow\" \/>\n<meta property=\"og:locale\" content=\"pt_BR\" \/>\n<meta property=\"og:type\" content=\"article\" \/>\n<meta property=\"og:title\" content=\"Prefeitura de Manaus abre sele\u00e7\u00e3o de empresas para o Dimicro - SEMTEPI\" \/>\n<meta property=\"og:description\" content=\"A Prefeitura de Manaus, por meio da Secretaria Municipal do Trabalho, Empreendedorismo e Inova\u00e7\u00e3o (Semtepi), disponibilizou o edital de sele\u00e7\u00e3o para empresas que ir\u00e3o ocupar os galp\u00f5es situados no Distrito de Micro e Pequenas Empresas de Manaus (Dimicro).\" \/>\n<meta property=\"og:url\" content=\"https:\/\/www.manaus.am.gov.br\/semtepi\/edital\/prefeitura-de-manaus-abre-selecao-de-empresas-para-o-dimicro\/\" \/>\n<meta property=\"og:site_name\" content=\"SEMTEPI\" \/>\n<meta property=\"article:published_time\" content=\"2023-06-19T16:02:24+00:00\" \/>\n<meta property=\"article:modified_time\" content=\"2023-06-23T14:29:21+00:00\" \/>\n<meta property=\"og:image\" content=\"https:\/\/www.manaus.am.gov.br\/semtepi\/wp-content\/uploads\/sites\/20\/2023\/06\/52977361709_4df0b55f64_o-scaled.jpg\" \/>\n\t<meta property=\"og:image:width\" content=\"2560\" \/>\n\t<meta property=\"og:image:height\" content=\"1707\" \/>\n\t<meta property=\"og:image:type\" content=\"image\/jpeg\" \/>\n<meta name=\"author\" content=\"Cl\u00e1udia Barbosa\" \/>\n<meta name=\"twitter:card\" content=\"summary_large_image\" \/>\n<meta name=\"twitter:label1\" content=\"Written by\" \/>\n\t<meta name=\"twitter:data1\" content=\"Cl\u00e1udia Barbosa\" \/>\n\t<meta name=\"twitter:label2\" content=\"Est. reading time\" \/>\n\t<meta name=\"twitter:data2\" content=\"2 minutos\" \/>\n<script type=\"application\/ld+json\" class=\"yoast-schema-graph\">{\"@context\":\"https:\/\/schema.org\",\"@graph\":[{\"@type\":\"Article\",\"@id\":\"https:\/\/www.manaus.am.gov.br\/semtepi\/edital\/prefeitura-de-manaus-abre-selecao-de-empresas-para-o-dimicro\/#article\",\"isPartOf\":{\"@id\":\"https:\/\/www.manaus.am.gov.br\/semtepi\/edital\/prefeitura-de-manaus-abre-selecao-de-empresas-para-o-dimicro\/\"},\"author\":{\"name\":\"Cl\u00e1udia Barbosa\",\"@id\":\"https:\/\/www.manaus.am.gov.br\/semtepi\/#\/schema\/person\/d0a166b5031154c33c77794ddc9a827e\"},\"headline\":\"Prefeitura de Manaus abre sele\u00e7\u00e3o de empresas para o Dimicro\",\"datePublished\":\"2023-06-19T16:02:24+00:00\",\"dateModified\":\"2023-06-23T14:29:21+00:00\",\"mainEntityOfPage\":{\"@id\":\"https:\/\/www.manaus.am.gov.br\/semtepi\/edital\/prefeitura-de-manaus-abre-selecao-de-empresas-para-o-dimicro\/\"},\"wordCount\":289,\"publisher\":{\"@id\":\"https:\/\/www.manaus.am.gov.br\/semtepi\/#organization\"},\"image\":{\"@id\":\"https:\/\/www.manaus.am.gov.br\/semtepi\/edital\/prefeitura-de-manaus-abre-selecao-de-empresas-para-o-dimicro\/#primaryimage\"},\"thumbnailUrl\":\"https:\/\/www.manaus.am.gov.br\/semtepi\/wp-content\/uploads\/sites\/20\/2023\/06\/52977361709_4df0b55f64_o-scaled.jpg\",\"keywords\":[\"Dimicro\",\"Distrito de Micro e Pequenas Empresas de Manaus\",\"edital\",\"empresas\",\"galp\u00f5es\",\"microempresas\",\"prefeitura de manaus\",\"Radyr J\u00fanior\",\"sele\u00e7\u00e3o\",\"Semtepi\"],\"articleSection\":[\"Edital\"],\"inLanguage\":\"pt-BR\"},{\"@type\":\"WebPage\",\"@id\":\"https:\/\/www.manaus.am.gov.br\/semtepi\/edital\/prefeitura-de-manaus-abre-selecao-de-empresas-para-o-dimicro\/\",\"url\":\"https:\/\/www.manaus.am.gov.br\/semtepi\/edital\/prefeitura-de-manaus-abre-selecao-de-empresas-para-o-dimicro\/\",\"name\":\"Prefeitura de Manaus abre sele\u00e7\u00e3o de empresas para o Dimicro - SEMTEPI\",\"isPartOf\":{\"@id\":\"https:\/\/www.manaus.am.gov.br\/semtepi\/#website\"},\"primaryImageOfPage\":{\"@id\":\"https:\/\/www.manaus.am.gov.br\/semtepi\/edital\/prefeitura-de-manaus-abre-selecao-de-empresas-para-o-dimicro\/#primaryimage\"},\"image\":{\"@id\":\"https:\/\/www.manaus.am.gov.br\/semtepi\/edital\/prefeitura-de-manaus-abre-selecao-de-empresas-para-o-dimicro\/#primaryimage\"},\"thumbnailUrl\":\"https:\/\/www.manaus.am.gov.br\/semtepi\/wp-content\/uploads\/sites\/20\/2023\/06\/52977361709_4df0b55f64_o-scaled.jpg\",\"datePublished\":\"2023-06-19T16:02:24+00:00\",\"dateModified\":\"2023-06-23T14:29:21+00:00\",\"description\":\"A Prefeitura de Manaus, por meio da Secretaria Municipal do Trabalho, Empreendedorismo e Inova\u00e7\u00e3o (Semtepi), disponibilizou o edital de sele\u00e7\u00e3o para empresas que ir\u00e3o ocupar os galp\u00f5es situados no Distrito de Micro e Pequenas Empresas de Manaus (Dimicro).\",\"breadcrumb\":{\"@id\":\"https:\/\/www.manaus.am.gov.br\/semtepi\/edital\/prefeitura-de-manaus-abre-selecao-de-empresas-para-o-dimicro\/#breadcrumb\"},\"inLanguage\":\"pt-BR\",\"potentialAction\":[{\"@type\":\"ReadAction\",\"target\":[\"https:\/\/www.manaus.am.gov.br\/semtepi\/edital\/prefeitura-de-manaus-abre-selecao-de-empresas-para-o-dimicro\/\"]}]},{\"@type\":\"ImageObject\",\"inLanguage\":\"pt-BR\",\"@id\":\"https:\/\/www.manaus.am.gov.br\/semtepi\/edital\/prefeitura-de-manaus-abre-selecao-de-empresas-para-o-dimicro\/#primaryimage\",\"url\":\"https:\/\/www.manaus.am.gov.br\/semtepi\/wp-content\/uploads\/sites\/20\/2023\/06\/52977361709_4df0b55f64_o-scaled.jpg\",\"contentUrl\":\"https:\/\/www.manaus.am.gov.br\/semtepi\/wp-content\/uploads\/sites\/20\/2023\/06\/52977361709_4df0b55f64_o-scaled.jpg\",\"width\":2560,\"height\":1707},{\"@type\":\"BreadcrumbList\",\"@id\":\"https:\/\/www.manaus.am.gov.br\/semtepi\/edital\/prefeitura-de-manaus-abre-selecao-de-empresas-para-o-dimicro\/#breadcrumb\",\"itemListElement\":[{\"@type\":\"ListItem\",\"position\":1,\"name\":\"Home\",\"item\":\"https:\/\/www.manaus.am.gov.br\/semtepi\/\"},{\"@type\":\"ListItem\",\"position\":2,\"name\":\"Prefeitura de Manaus abre sele\u00e7\u00e3o de empresas para o Dimicro\"}]},{\"@type\":\"WebSite\",\"@id\":\"https:\/\/www.manaus.am.gov.br\/semtepi\/#website\",\"url\":\"https:\/\/www.manaus.am.gov.br\/semtepi\/\",\"name\":\"SEMTEPI\",\"description\":\"Prefeitura de Manaus\",\"publisher\":{\"@id\":\"https:\/\/www.manaus.am.gov.br\/semtepi\/#organization\"},\"alternateName\":\"Secretaria Municipal do Trabalho, Empreendedorismo e Inova\u00e7\u00e3o\",\"potentialAction\":[{\"@type\":\"SearchAction\",\"target\":{\"@type\":\"EntryPoint\",\"urlTemplate\":\"https:\/\/www.manaus.am.gov.br\/semtepi\/?s={search_term_string}\"},\"query-input\":\"required name=search_term_string\"}],\"inLanguage\":\"pt-BR\"},{\"@type\":\"Organization\",\"@id\":\"https:\/\/www.manaus.am.gov.br\/semtepi\/#organization\",\"name\":\"Prefeitura Municipal de Manaus\",\"alternateName\":\"Prefeitura de Manaus\",\"url\":\"https:\/\/www.manaus.am.gov.br\/semtepi\/\",\"logo\":{\"@type\":\"ImageObject\",\"inLanguage\":\"pt-BR\",\"@id\":\"https:\/\/www.manaus.am.gov.br\/semtepi\/#\/schema\/logo\/image\/\",\"url\":\"https:\/\/www.manaus.am.gov.br\/semtepi\/wp-content\/uploads\/sites\/20\/2024\/07\/favicon.png\",\"contentUrl\":\"https:\/\/www.manaus.am.gov.br\/semtepi\/wp-content\/uploads\/sites\/20\/2024\/07\/favicon.png\",\"width\":300,\"height\":300,\"caption\":\"Prefeitura Municipal de Manaus\"},\"image\":{\"@id\":\"https:\/\/www.manaus.am.gov.br\/semtepi\/#\/schema\/logo\/image\/\"}},{\"@type\":\"Person\",\"@id\":\"https:\/\/www.manaus.am.gov.br\/semtepi\/#\/schema\/person\/d0a166b5031154c33c77794ddc9a827e\",\"name\":\"Cl\u00e1udia Barbosa\",\"image\":{\"@type\":\"ImageObject\",\"inLanguage\":\"pt-BR\",\"@id\":\"https:\/\/www.manaus.am.gov.br\/semtepi\/#\/schema\/person\/image\/\",\"url\":\"https:\/\/secure.gravatar.com\/avatar\/42958a1cf007f1a00534009218c72590?s=96&d=mm&r=g\",\"contentUrl\":\"https:\/\/secure.gravatar.com\/avatar\/42958a1cf007f1a00534009218c72590?s=96&d=mm&r=g\",\"caption\":\"Cl\u00e1udia Barbosa\"}}]}<\/script>\n<!-- \/ Yoast SEO plugin. -->","yoast_head_json":{"title":"Prefeitura de Manaus abre sele\u00e7\u00e3o de empresas para o Dimicro - SEMTEPI","description":"A Prefeitura de Manaus, por meio da Secretaria Municipal do Trabalho, Empreendedorismo e Inova\u00e7\u00e3o (Semtepi), disponibilizou o edital de sele\u00e7\u00e3o para empresas que ir\u00e3o ocupar os galp\u00f5es situados no Distrito de Micro e Pequenas Empresas de Manaus (Dimicro).","robots":{"index":"noindex","follow":"follow"},"og_locale":"pt_BR","og_type":"article","og_title":"Prefeitura de Manaus abre sele\u00e7\u00e3o de empresas para o Dimicro - SEMTEPI","og_description":"A Prefeitura de Manaus, por meio da Secretaria Municipal do Trabalho, Empreendedorismo e Inova\u00e7\u00e3o (Semtepi), disponibilizou o edital de sele\u00e7\u00e3o para empresas que ir\u00e3o ocupar os galp\u00f5es situados no Distrito de Micro e Pequenas Empresas de Manaus (Dimicro).","og_url":"https:\/\/www.manaus.am.gov.br\/semtepi\/edital\/prefeitura-de-manaus-abre-selecao-de-empresas-para-o-dimicro\/","og_site_name":"SEMTEPI","article_published_time":"2023-06-19T16:02:24+00:00","article_modified_time":"2023-06-23T14:29:21+00:00","og_image":[{"width":2560,"height":1707,"url":"https:\/\/www.manaus.am.gov.br\/semtepi\/wp-content\/uploads\/sites\/20\/2023\/06\/52977361709_4df0b55f64_o-scaled.jpg","type":"image\/jpeg"}],"author":"Cl\u00e1udia Barbosa","twitter_card":"summary_large_image","twitter_misc":{"Written by":"Cl\u00e1udia Barbosa","Est. reading time":"2 minutos"},"schema":{"@context":"https:\/\/schema.org","@graph":[{"@type":"Article","@id":"https:\/\/www.manaus.am.gov.br\/semtepi\/edital\/prefeitura-de-manaus-abre-selecao-de-empresas-para-o-dimicro\/#article","isPartOf":{"@id":"https:\/\/www.manaus.am.gov.br\/semtepi\/edital\/prefeitura-de-manaus-abre-selecao-de-empresas-para-o-dimicro\/"},"author":{"name":"Cl\u00e1udia Barbosa","@id":"https:\/\/www.manaus.am.gov.br\/semtepi\/#\/schema\/person\/d0a166b5031154c33c77794ddc9a827e"},"headline":"Prefeitura de Manaus abre sele\u00e7\u00e3o de empresas para o Dimicro","datePublished":"2023-06-19T16:02:24+00:00","dateModified":"2023-06-23T14:29:21+00:00","mainEntityOfPage":{"@id":"https:\/\/www.manaus.am.gov.br\/semtepi\/edital\/prefeitura-de-manaus-abre-selecao-de-empresas-para-o-dimicro\/"},"wordCount":289,"publisher":{"@id":"https:\/\/www.manaus.am.gov.br\/semtepi\/#organization"},"image":{"@id":"https:\/\/www.manaus.am.gov.br\/semtepi\/edital\/prefeitura-de-manaus-abre-selecao-de-empresas-para-o-dimicro\/#primaryimage"},"thumbnailUrl":"https:\/\/www.manaus.am.gov.br\/semtepi\/wp-content\/uploads\/sites\/20\/2023\/06\/52977361709_4df0b55f64_o-scaled.jpg","keywords":["Dimicro","Distrito de Micro e Pequenas Empresas de Manaus","edital","empresas","galp\u00f5es","microempresas","prefeitura de manaus","Radyr J\u00fanior","sele\u00e7\u00e3o","Semtepi"],"articleSection":["Edital"],"inLanguage":"pt-BR"},{"@type":"WebPage","@id":"https:\/\/www.manaus.am.gov.br\/semtepi\/edital\/prefeitura-de-manaus-abre-selecao-de-empresas-para-o-dimicro\/","url":"https:\/\/www.manaus.am.gov.br\/semtepi\/edital\/prefeitura-de-manaus-abre-selecao-de-empresas-para-o-dimicro\/","name":"Prefeitura de Manaus abre sele\u00e7\u00e3o de empresas para o Dimicro - SEMTEPI","isPartOf":{"@id":"https:\/\/www.manaus.am.gov.br\/semtepi\/#website"},"primaryImageOfPage":{"@id":"https:\/\/www.manaus.am.gov.br\/semtepi\/edital\/prefeitura-de-manaus-abre-selecao-de-empresas-para-o-dimicro\/#primaryimage"},"image":{"@id":"https:\/\/www.manaus.am.gov.br\/semtepi\/edital\/prefeitura-de-manaus-abre-selecao-de-empresas-para-o-dimicro\/#primaryimage"},"thumbnailUrl":"https:\/\/www.manaus.am.gov.br\/semtepi\/wp-content\/uploads\/sites\/20\/2023\/06\/52977361709_4df0b55f64_o-scaled.jpg","datePublished":"2023-06-19T16:02:24+00:00","dateModified":"2023-06-23T14:29:21+00:00","description":"A Prefeitura de Manaus, por meio da Secretaria Municipal do Trabalho, Empreendedorismo e Inova\u00e7\u00e3o (Semtepi), disponibilizou o edital de sele\u00e7\u00e3o para empresas que ir\u00e3o ocupar os galp\u00f5es situados no Distrito de Micro e Pequenas Empresas de Manaus (Dimicro).","breadcrumb":{"@id":"https:\/\/www.manaus.am.gov.br\/semtepi\/edital\/prefeitura-de-manaus-abre-selecao-de-empresas-para-o-dimicro\/#breadcrumb"},"inLanguage":"pt-BR","potentialAction":[{"@type":"ReadAction","target":["https:\/\/www.manaus.am.gov.br\/semtepi\/edital\/prefeitura-de-manaus-abre-selecao-de-empresas-para-o-dimicro\/"]}]},{"@type":"ImageObject","inLanguage":"pt-BR","@id":"https:\/\/www.manaus.am.gov.br\/semtepi\/edital\/prefeitura-de-manaus-abre-selecao-de-empresas-para-o-dimicro\/#primaryimage","url":"https:\/\/www.manaus.am.gov.br\/semtepi\/wp-content\/uploads\/sites\/20\/2023\/06\/52977361709_4df0b55f64_o-scaled.jpg","contentUrl":"https:\/\/www.manaus.am.gov.br\/semtepi\/wp-content\/uploads\/sites\/20\/2023\/06\/52977361709_4df0b55f64_o-scaled.jpg","width":2560,"height":1707},{"@type":"BreadcrumbList","@id":"https:\/\/www.manaus.am.gov.br\/semtepi\/edital\/prefeitura-de-manaus-abre-selecao-de-empresas-para-o-dimicro\/#breadcrumb","itemListElement":[{"@type":"ListItem","position":1,"name":"Home","item":"https:\/\/www.manaus.am.gov.br\/semtepi\/"},{"@type":"ListItem","position":2,"name":"Prefeitura de Manaus abre sele\u00e7\u00e3o de empresas para o Dimicro"}]},{"@type":"WebSite","@id":"https:\/\/www.manaus.am.gov.br\/semtepi\/#website","url":"https:\/\/www.manaus.am.gov.br\/semtepi\/","name":"SEMTEPI","description":"Prefeitura de Manaus","publisher":{"@id":"https:\/\/www.manaus.am.gov.br\/semtepi\/#organization"},"alternateName":"Secretaria Municipal do Trabalho, Empreendedorismo e Inova\u00e7\u00e3o","potentialAction":[{"@type":"SearchAction","target":{"@type":"EntryPoint","urlTemplate":"https:\/\/www.manaus.am.gov.br\/semtepi\/?s={search_term_string}"},"query-input":"required name=search_term_string"}],"inLanguage":"pt-BR"},{"@type":"Organization","@id":"https:\/\/www.manaus.am.gov.br\/semtepi\/#organization","name":"Prefeitura Municipal de Manaus","alternateName":"Prefeitura de Manaus","url":"https:\/\/www.manaus.am.gov.br\/semtepi\/","logo":{"@type":"ImageObject","inLanguage":"pt-BR","@id":"https:\/\/www.manaus.am.gov.br\/semtepi\/#\/schema\/logo\/image\/","url":"https:\/\/www.manaus.am.gov.br\/semtepi\/wp-content\/uploads\/sites\/20\/2024\/07\/favicon.png","contentUrl":"https:\/\/www.manaus.am.gov.br\/semtepi\/wp-content\/uploads\/sites\/20\/2024\/07\/favicon.png","width":300,"height":300,"caption":"Prefeitura Municipal de Manaus"},"image":{"@id":"https:\/\/www.manaus.am.gov.br\/semtepi\/#\/schema\/logo\/image\/"}},{"@type":"Person","@id":"https:\/\/www.manaus.am.gov.br\/semtepi\/#\/schema\/person\/d0a166b5031154c33c77794ddc9a827e","name":"Cl\u00e1udia Barbosa","image":{"@type":"ImageObject","inLanguage":"pt-BR","@id":"https:\/\/www.manaus.am.gov.br\/semtepi\/#\/schema\/person\/image\/","url":"https:\/\/secure.gravatar.com\/avatar\/42958a1cf007f1a00534009218c72590?s=96&d=mm&r=g","contentUrl":"https:\/\/secure.gravatar.com\/avatar\/42958a1cf007f1a00534009218c72590?s=96&d=mm&r=g","caption":"Cl\u00e1udia Barbosa"}}]}},"_links":{"self":[{"href":"https:\/\/www.manaus.am.gov.br\/semtepi\/wp-json\/wp\/v2\/posts\/2059"}],"collection":[{"href":"https:\/\/www.manaus.am.gov.br\/semtepi\/wp-json\/wp\/v2\/posts"}],"about":[{"href":"https:\/\/www.manaus.am.gov.br\/semtepi\/wp-json\/wp\/v2\/types\/post"}],"author":[{"embeddable":true,"href":"https:\/\/www.manaus.am.gov.br\/semtepi\/wp-json\/wp\/v2\/users\/24"}],"replies":[{"embeddable":true,"href":"https:\/\/www.manaus.am.gov.br\/semtepi\/wp-json\/wp\/v2\/comments?post=2059"}],"version-history":[{"count":15,"href":"https:\/\/www.manaus.am.gov.br\/semtepi\/wp-json\/wp\/v2\/posts\/2059\/revisions"}],"predecessor-version":[{"id":2112,"href":"https:\/\/www.manaus.am.gov.br\/semtepi\/wp-json\/wp\/v2\/posts\/2059\/revisions\/2112"}],"wp:featuredmedia":[{"embeddable":true,"href":"https:\/\/www.manaus.am.gov.br\/semtepi\/wp-json\/wp\/v2\/media\/2060"}],"wp:attachment":[{"href":"https:\/\/www.manaus.am.gov.br\/semtepi\/wp-json\/wp\/v2\/media?parent=2059"}],"wp:term":[{"taxonomy":"category","embeddable":true,"href":"https:\/\/www.manaus.am.gov.br\/semtepi\/wp-json\/wp\/v2\/categories?post=2059"},{"taxonomy":"post_tag","embeddable":true,"href":"https:\/\/www.manaus.am.gov.br\/semtepi\/wp-json\/wp\/v2\/tags?post=2059"}],"curies":[{"name":"wp","href":"https:\/\/api.w.org\/{rel}","templated":true}]}}