{"id":2046,"date":"2023-06-16T16:51:07","date_gmt":"2023-06-16T20:51:07","guid":{"rendered":"https:\/\/www.manaus.am.gov.br\/semtepi\/sem-categoria\/prefeitura-de-manaus-divulga-lista-de-selecionados-para-o-curso-de-formacao-de-c-levels\/"},"modified":"2023-06-16T17:04:33","modified_gmt":"2023-06-16T21:04:33","slug":"prefeitura-de-manaus-divulga-lista-de-selecionados-para-o-curso-de-formacao-de-c-levels","status":"publish","type":"post","link":"https:\/\/www.manaus.am.gov.br\/semtepi\/curso\/prefeitura-de-manaus-divulga-lista-de-selecionados-para-o-curso-de-formacao-de-c-levels\/","title":{"rendered":"Prefeitura de Manaus divulga lista de selecionados para o curso\u00a0de Forma\u00e7\u00e3o de C-Levels"},"content":{"rendered":"\n<p>A Prefeitura de Manaus, por meio da Secretaria Municipal do Trabalho, Empreendedorismo e Inova\u00e7\u00e3o (Semtepi) e do Fundo Municipal de Empreendedorismo e Inova\u00e7\u00e3o (Fumipeq), divulga nesta sexta-feira, 16\/6, a lista de selecionados para a primeira turma do curso de \u201cForma\u00e7\u00e3o de C-Levels\u201d, que faz parte da segunda edi\u00e7\u00e3o do edital \u201cMais Inova\u00e7\u00e3o\u201d.<\/p>\n\n\n\n<p>A lista completa pode ser consultada por meio do link: <a href=\"https:\/\/www.manaus.am.gov.br\/semtepi\/wp-content\/uploads\/sites\/20\/2023\/06\/LISTA-DE-SELECIONADOS-DO-CURSO-DE-FORMACAO-C-LEVELS.pdf\">https:\/\/www.manaus.am.gov.br\/semtepi\/wp-content\/uploads\/sites\/20\/2023\/06\/LISTA-DE-SELECIONADOS-DO-CURSO-DE-FORMACAO-C-LEVELS.pdf<\/a>. O curso tem o objetivo de capacitar lideran\u00e7as de startups, empreendedores e pessoas interessadas em abrir o pr\u00f3prio neg\u00f3cio nas \u00e1reas de tecnologia e inova\u00e7\u00e3o, e \u00e9 uma realiza\u00e7\u00e3o do Instituto Creathus e Innovation Studio.<\/p>\n\n\n\n<p>\u201cEssa qualifica\u00e7\u00e3o faz parte do edital Mais Inova\u00e7\u00e3o, que foi elaborado para impulsionar o ecossistema na nossa regi\u00e3o. Os selecionados v\u00e3o participar dessa imers\u00e3o, com professores que s\u00e3o refer\u00eancias no assunto\u201d, destacou o titular da Semtepi, Radyr J\u00fanior.<\/p>\n\n\n\n<p>O curso ser\u00e1 realizado nos dias 17 e 24\/6, e 1\u00ba\/7, das 8h \u00e0s 17h, no Casar\u00e3o da Inova\u00e7\u00e3o Cassina, localizado na rua Bernardo Ramos, Centro, zona Sul. Entre os mentores confirmados, est\u00e3o a mestra em turismo e planejamento estrat\u00e9gico, Olinda Marinho; o administrador e mercadologista, Jos\u00e9 Manoel Ramos; e o diretor de marketing, Luiz Eduardo Leal.<\/p>\n\n\n\n<p>&#8212; &#8212; &#8212;<\/p>\n\n\n\n<p><strong>Texto \u2013 <\/strong>Luiza Maria \/ Semtepi<\/p>\n\n\n\n<p><strong>Foto \u2013 <\/strong>Arquivo \/ Semcom<\/p>\n","protected":false},"excerpt":{"rendered":"","protected":false},"author":39,"featured_media":2047,"comment_status":"closed","ping_status":"closed","sticky":false,"template":"","format":"standard","meta":{"footnotes":""},"categories":[263],"tags":[271,272,230,273,8,274,9],"acf":[],"yoast_head":"<!-- This site is optimized with the Yoast SEO plugin v23.0 - https:\/\/yoast.com\/wordpress\/plugins\/seo\/ -->\n<title>Prefeitura de Manaus divulga lista de selecionados para o curso de Forma\u00e7\u00e3o de C-Levels<\/title>\n<meta name=\"robots\" content=\"noindex, follow\" \/>\n<meta property=\"og:locale\" content=\"pt_BR\" \/>\n<meta property=\"og:type\" content=\"article\" \/>\n<meta property=\"og:title\" content=\"Prefeitura de Manaus divulga lista de selecionados para o curso de Forma\u00e7\u00e3o de C-Levels\" \/>\n<meta property=\"og:url\" content=\"https:\/\/www.manaus.am.gov.br\/semtepi\/curso\/prefeitura-de-manaus-divulga-lista-de-selecionados-para-o-curso-de-formacao-de-c-levels\/\" \/>\n<meta property=\"og:site_name\" content=\"SEMTEPI\" \/>\n<meta property=\"article:published_time\" content=\"2023-06-16T20:51:07+00:00\" \/>\n<meta property=\"article:modified_time\" content=\"2023-06-16T21:04:33+00:00\" \/>\n<meta property=\"og:image\" content=\"https:\/\/www.manaus.am.gov.br\/semtepi\/wp-content\/uploads\/sites\/20\/2023\/06\/Casarao-da-Inovacao-Cassina.jpg\" \/>\n\t<meta property=\"og:image:width\" content=\"2048\" \/>\n\t<meta property=\"og:image:height\" content=\"1365\" \/>\n\t<meta property=\"og:image:type\" content=\"image\/jpeg\" \/>\n<meta name=\"author\" content=\"Bruna Greco\" \/>\n<meta name=\"twitter:card\" content=\"summary_large_image\" \/>\n<meta name=\"twitter:label1\" content=\"Written by\" \/>\n\t<meta name=\"twitter:data1\" content=\"Bruna Greco\" \/>\n\t<meta name=\"twitter:label2\" content=\"Est. reading time\" \/>\n\t<meta name=\"twitter:data2\" content=\"2 minutos\" \/>\n<script type=\"application\/ld+json\" class=\"yoast-schema-graph\">{\"@context\":\"https:\/\/schema.org\",\"@graph\":[{\"@type\":\"Article\",\"@id\":\"https:\/\/www.manaus.am.gov.br\/semtepi\/curso\/prefeitura-de-manaus-divulga-lista-de-selecionados-para-o-curso-de-formacao-de-c-levels\/#article\",\"isPartOf\":{\"@id\":\"https:\/\/www.manaus.am.gov.br\/semtepi\/curso\/prefeitura-de-manaus-divulga-lista-de-selecionados-para-o-curso-de-formacao-de-c-levels\/\"},\"author\":{\"name\":\"Bruna Greco\",\"@id\":\"https:\/\/www.manaus.am.gov.br\/semtepi\/#\/schema\/person\/05d223aea2bf115f9883a6ff3683d81b\"},\"headline\":\"Prefeitura de Manaus divulga lista de selecionados para o curso\u00a0de Forma\u00e7\u00e3o de C-Levels\",\"datePublished\":\"2023-06-16T20:51:07+00:00\",\"dateModified\":\"2023-06-16T21:04:33+00:00\",\"mainEntityOfPage\":{\"@id\":\"https:\/\/www.manaus.am.gov.br\/semtepi\/curso\/prefeitura-de-manaus-divulga-lista-de-selecionados-para-o-curso-de-formacao-de-c-levels\/\"},\"wordCount\":246,\"publisher\":{\"@id\":\"https:\/\/www.manaus.am.gov.br\/semtepi\/#organization\"},\"image\":{\"@id\":\"https:\/\/www.manaus.am.gov.br\/semtepi\/curso\/prefeitura-de-manaus-divulga-lista-de-selecionados-para-o-curso-de-formacao-de-c-levels\/#primaryimage\"},\"thumbnailUrl\":\"https:\/\/www.manaus.am.gov.br\/semtepi\/wp-content\/uploads\/sites\/20\/2023\/06\/Casarao-da-Inovacao-Cassina.jpg\",\"keywords\":[\"Casar\u00e3o de Inova\u00e7\u00e3o Cassina\",\"curso\u00a0de Forma\u00e7\u00e3o de C-Levels\",\"Fumipeq\",\"Instituto Creathus e Innovation Studio\",\"prefeitura de manaus\",\"segunda edi\u00e7\u00e3o do edital \u201cMais Inova\u00e7\u00e3o\u201d\",\"Semtepi\"],\"articleSection\":[\"Curso\"],\"inLanguage\":\"pt-BR\"},{\"@type\":\"WebPage\",\"@id\":\"https:\/\/www.manaus.am.gov.br\/semtepi\/curso\/prefeitura-de-manaus-divulga-lista-de-selecionados-para-o-curso-de-formacao-de-c-levels\/\",\"url\":\"https:\/\/www.manaus.am.gov.br\/semtepi\/curso\/prefeitura-de-manaus-divulga-lista-de-selecionados-para-o-curso-de-formacao-de-c-levels\/\",\"name\":\"Prefeitura de Manaus divulga lista de selecionados para o curso de Forma\u00e7\u00e3o de C-Levels\",\"isPartOf\":{\"@id\":\"https:\/\/www.manaus.am.gov.br\/semtepi\/#website\"},\"primaryImageOfPage\":{\"@id\":\"https:\/\/www.manaus.am.gov.br\/semtepi\/curso\/prefeitura-de-manaus-divulga-lista-de-selecionados-para-o-curso-de-formacao-de-c-levels\/#primaryimage\"},\"image\":{\"@id\":\"https:\/\/www.manaus.am.gov.br\/semtepi\/curso\/prefeitura-de-manaus-divulga-lista-de-selecionados-para-o-curso-de-formacao-de-c-levels\/#primaryimage\"},\"thumbnailUrl\":\"https:\/\/www.manaus.am.gov.br\/semtepi\/wp-content\/uploads\/sites\/20\/2023\/06\/Casarao-da-Inovacao-Cassina.jpg\",\"datePublished\":\"2023-06-16T20:51:07+00:00\",\"dateModified\":\"2023-06-16T21:04:33+00:00\",\"breadcrumb\":{\"@id\":\"https:\/\/www.manaus.am.gov.br\/semtepi\/curso\/prefeitura-de-manaus-divulga-lista-de-selecionados-para-o-curso-de-formacao-de-c-levels\/#breadcrumb\"},\"inLanguage\":\"pt-BR\",\"potentialAction\":[{\"@type\":\"ReadAction\",\"target\":[\"https:\/\/www.manaus.am.gov.br\/semtepi\/curso\/prefeitura-de-manaus-divulga-lista-de-selecionados-para-o-curso-de-formacao-de-c-levels\/\"]}]},{\"@type\":\"ImageObject\",\"inLanguage\":\"pt-BR\",\"@id\":\"https:\/\/www.manaus.am.gov.br\/semtepi\/curso\/prefeitura-de-manaus-divulga-lista-de-selecionados-para-o-curso-de-formacao-de-c-levels\/#primaryimage\",\"url\":\"https:\/\/www.manaus.am.gov.br\/semtepi\/wp-content\/uploads\/sites\/20\/2023\/06\/Casarao-da-Inovacao-Cassina.jpg\",\"contentUrl\":\"https:\/\/www.manaus.am.gov.br\/semtepi\/wp-content\/uploads\/sites\/20\/2023\/06\/Casarao-da-Inovacao-Cassina.jpg\",\"width\":2048,\"height\":1365},{\"@type\":\"BreadcrumbList\",\"@id\":\"https:\/\/www.manaus.am.gov.br\/semtepi\/curso\/prefeitura-de-manaus-divulga-lista-de-selecionados-para-o-curso-de-formacao-de-c-levels\/#breadcrumb\",\"itemListElement\":[{\"@type\":\"ListItem\",\"position\":1,\"name\":\"Home\",\"item\":\"https:\/\/www.manaus.am.gov.br\/semtepi\/\"},{\"@type\":\"ListItem\",\"position\":2,\"name\":\"Prefeitura de Manaus divulga lista de selecionados para o curso\u00a0de Forma\u00e7\u00e3o de C-Levels\"}]},{\"@type\":\"WebSite\",\"@id\":\"https:\/\/www.manaus.am.gov.br\/semtepi\/#website\",\"url\":\"https:\/\/www.manaus.am.gov.br\/semtepi\/\",\"name\":\"SEMTEPI\",\"description\":\"Prefeitura de Manaus\",\"publisher\":{\"@id\":\"https:\/\/www.manaus.am.gov.br\/semtepi\/#organization\"},\"alternateName\":\"Secretaria Municipal do Trabalho, Empreendedorismo e Inova\u00e7\u00e3o\",\"potentialAction\":[{\"@type\":\"SearchAction\",\"target\":{\"@type\":\"EntryPoint\",\"urlTemplate\":\"https:\/\/www.manaus.am.gov.br\/semtepi\/?s={search_term_string}\"},\"query-input\":\"required name=search_term_string\"}],\"inLanguage\":\"pt-BR\"},{\"@type\":\"Organization\",\"@id\":\"https:\/\/www.manaus.am.gov.br\/semtepi\/#organization\",\"name\":\"Prefeitura Municipal de Manaus\",\"alternateName\":\"Prefeitura de Manaus\",\"url\":\"https:\/\/www.manaus.am.gov.br\/semtepi\/\",\"logo\":{\"@type\":\"ImageObject\",\"inLanguage\":\"pt-BR\",\"@id\":\"https:\/\/www.manaus.am.gov.br\/semtepi\/#\/schema\/logo\/image\/\",\"url\":\"https:\/\/www.manaus.am.gov.br\/semtepi\/wp-content\/uploads\/sites\/20\/2024\/07\/favicon.png\",\"contentUrl\":\"https:\/\/www.manaus.am.gov.br\/semtepi\/wp-content\/uploads\/sites\/20\/2024\/07\/favicon.png\",\"width\":300,\"height\":300,\"caption\":\"Prefeitura Municipal de Manaus\"},\"image\":{\"@id\":\"https:\/\/www.manaus.am.gov.br\/semtepi\/#\/schema\/logo\/image\/\"}},{\"@type\":\"Person\",\"@id\":\"https:\/\/www.manaus.am.gov.br\/semtepi\/#\/schema\/person\/05d223aea2bf115f9883a6ff3683d81b\",\"name\":\"Bruna Greco\",\"image\":{\"@type\":\"ImageObject\",\"inLanguage\":\"pt-BR\",\"@id\":\"https:\/\/www.manaus.am.gov.br\/semtepi\/#\/schema\/person\/image\/\",\"url\":\"https:\/\/secure.gravatar.com\/avatar\/9c877d1a6adc2a055330e5c09a8653ce?s=96&d=mm&r=g\",\"contentUrl\":\"https:\/\/secure.gravatar.com\/avatar\/9c877d1a6adc2a055330e5c09a8653ce?s=96&d=mm&r=g\",\"caption\":\"Bruna Greco\"}}]}<\/script>\n<!-- \/ Yoast SEO plugin. -->","yoast_head_json":{"title":"Prefeitura de Manaus divulga lista de selecionados para o curso de Forma\u00e7\u00e3o de C-Levels","robots":{"index":"noindex","follow":"follow"},"og_locale":"pt_BR","og_type":"article","og_title":"Prefeitura de Manaus divulga lista de selecionados para o curso de Forma\u00e7\u00e3o de C-Levels","og_url":"https:\/\/www.manaus.am.gov.br\/semtepi\/curso\/prefeitura-de-manaus-divulga-lista-de-selecionados-para-o-curso-de-formacao-de-c-levels\/","og_site_name":"SEMTEPI","article_published_time":"2023-06-16T20:51:07+00:00","article_modified_time":"2023-06-16T21:04:33+00:00","og_image":[{"width":2048,"height":1365,"url":"https:\/\/www.manaus.am.gov.br\/semtepi\/wp-content\/uploads\/sites\/20\/2023\/06\/Casarao-da-Inovacao-Cassina.jpg","type":"image\/jpeg"}],"author":"Bruna Greco","twitter_card":"summary_large_image","twitter_misc":{"Written by":"Bruna Greco","Est. reading time":"2 minutos"},"schema":{"@context":"https:\/\/schema.org","@graph":[{"@type":"Article","@id":"https:\/\/www.manaus.am.gov.br\/semtepi\/curso\/prefeitura-de-manaus-divulga-lista-de-selecionados-para-o-curso-de-formacao-de-c-levels\/#article","isPartOf":{"@id":"https:\/\/www.manaus.am.gov.br\/semtepi\/curso\/prefeitura-de-manaus-divulga-lista-de-selecionados-para-o-curso-de-formacao-de-c-levels\/"},"author":{"name":"Bruna Greco","@id":"https:\/\/www.manaus.am.gov.br\/semtepi\/#\/schema\/person\/05d223aea2bf115f9883a6ff3683d81b"},"headline":"Prefeitura de Manaus divulga lista de selecionados para o curso\u00a0de Forma\u00e7\u00e3o de C-Levels","datePublished":"2023-06-16T20:51:07+00:00","dateModified":"2023-06-16T21:04:33+00:00","mainEntityOfPage":{"@id":"https:\/\/www.manaus.am.gov.br\/semtepi\/curso\/prefeitura-de-manaus-divulga-lista-de-selecionados-para-o-curso-de-formacao-de-c-levels\/"},"wordCount":246,"publisher":{"@id":"https:\/\/www.manaus.am.gov.br\/semtepi\/#organization"},"image":{"@id":"https:\/\/www.manaus.am.gov.br\/semtepi\/curso\/prefeitura-de-manaus-divulga-lista-de-selecionados-para-o-curso-de-formacao-de-c-levels\/#primaryimage"},"thumbnailUrl":"https:\/\/www.manaus.am.gov.br\/semtepi\/wp-content\/uploads\/sites\/20\/2023\/06\/Casarao-da-Inovacao-Cassina.jpg","keywords":["Casar\u00e3o de Inova\u00e7\u00e3o Cassina","curso\u00a0de Forma\u00e7\u00e3o de C-Levels","Fumipeq","Instituto Creathus e Innovation Studio","prefeitura de manaus","segunda edi\u00e7\u00e3o do edital \u201cMais Inova\u00e7\u00e3o\u201d","Semtepi"],"articleSection":["Curso"],"inLanguage":"pt-BR"},{"@type":"WebPage","@id":"https:\/\/www.manaus.am.gov.br\/semtepi\/curso\/prefeitura-de-manaus-divulga-lista-de-selecionados-para-o-curso-de-formacao-de-c-levels\/","url":"https:\/\/www.manaus.am.gov.br\/semtepi\/curso\/prefeitura-de-manaus-divulga-lista-de-selecionados-para-o-curso-de-formacao-de-c-levels\/","name":"Prefeitura de Manaus divulga lista de selecionados para o curso de Forma\u00e7\u00e3o de C-Levels","isPartOf":{"@id":"https:\/\/www.manaus.am.gov.br\/semtepi\/#website"},"primaryImageOfPage":{"@id":"https:\/\/www.manaus.am.gov.br\/semtepi\/curso\/prefeitura-de-manaus-divulga-lista-de-selecionados-para-o-curso-de-formacao-de-c-levels\/#primaryimage"},"image":{"@id":"https:\/\/www.manaus.am.gov.br\/semtepi\/curso\/prefeitura-de-manaus-divulga-lista-de-selecionados-para-o-curso-de-formacao-de-c-levels\/#primaryimage"},"thumbnailUrl":"https:\/\/www.manaus.am.gov.br\/semtepi\/wp-content\/uploads\/sites\/20\/2023\/06\/Casarao-da-Inovacao-Cassina.jpg","datePublished":"2023-06-16T20:51:07+00:00","dateModified":"2023-06-16T21:04:33+00:00","breadcrumb":{"@id":"https:\/\/www.manaus.am.gov.br\/semtepi\/curso\/prefeitura-de-manaus-divulga-lista-de-selecionados-para-o-curso-de-formacao-de-c-levels\/#breadcrumb"},"inLanguage":"pt-BR","potentialAction":[{"@type":"ReadAction","target":["https:\/\/www.manaus.am.gov.br\/semtepi\/curso\/prefeitura-de-manaus-divulga-lista-de-selecionados-para-o-curso-de-formacao-de-c-levels\/"]}]},{"@type":"ImageObject","inLanguage":"pt-BR","@id":"https:\/\/www.manaus.am.gov.br\/semtepi\/curso\/prefeitura-de-manaus-divulga-lista-de-selecionados-para-o-curso-de-formacao-de-c-levels\/#primaryimage","url":"https:\/\/www.manaus.am.gov.br\/semtepi\/wp-content\/uploads\/sites\/20\/2023\/06\/Casarao-da-Inovacao-Cassina.jpg","contentUrl":"https:\/\/www.manaus.am.gov.br\/semtepi\/wp-content\/uploads\/sites\/20\/2023\/06\/Casarao-da-Inovacao-Cassina.jpg","width":2048,"height":1365},{"@type":"BreadcrumbList","@id":"https:\/\/www.manaus.am.gov.br\/semtepi\/curso\/prefeitura-de-manaus-divulga-lista-de-selecionados-para-o-curso-de-formacao-de-c-levels\/#breadcrumb","itemListElement":[{"@type":"ListItem","position":1,"name":"Home","item":"https:\/\/www.manaus.am.gov.br\/semtepi\/"},{"@type":"ListItem","position":2,"name":"Prefeitura de Manaus divulga lista de selecionados para o curso\u00a0de Forma\u00e7\u00e3o de C-Levels"}]},{"@type":"WebSite","@id":"https:\/\/www.manaus.am.gov.br\/semtepi\/#website","url":"https:\/\/www.manaus.am.gov.br\/semtepi\/","name":"SEMTEPI","description":"Prefeitura de Manaus","publisher":{"@id":"https:\/\/www.manaus.am.gov.br\/semtepi\/#organization"},"alternateName":"Secretaria Municipal do Trabalho, Empreendedorismo e Inova\u00e7\u00e3o","potentialAction":[{"@type":"SearchAction","target":{"@type":"EntryPoint","urlTemplate":"https:\/\/www.manaus.am.gov.br\/semtepi\/?s={search_term_string}"},"query-input":"required name=search_term_string"}],"inLanguage":"pt-BR"},{"@type":"Organization","@id":"https:\/\/www.manaus.am.gov.br\/semtepi\/#organization","name":"Prefeitura Municipal de Manaus","alternateName":"Prefeitura de Manaus","url":"https:\/\/www.manaus.am.gov.br\/semtepi\/","logo":{"@type":"ImageObject","inLanguage":"pt-BR","@id":"https:\/\/www.manaus.am.gov.br\/semtepi\/#\/schema\/logo\/image\/","url":"https:\/\/www.manaus.am.gov.br\/semtepi\/wp-content\/uploads\/sites\/20\/2024\/07\/favicon.png","contentUrl":"https:\/\/www.manaus.am.gov.br\/semtepi\/wp-content\/uploads\/sites\/20\/2024\/07\/favicon.png","width":300,"height":300,"caption":"Prefeitura Municipal de Manaus"},"image":{"@id":"https:\/\/www.manaus.am.gov.br\/semtepi\/#\/schema\/logo\/image\/"}},{"@type":"Person","@id":"https:\/\/www.manaus.am.gov.br\/semtepi\/#\/schema\/person\/05d223aea2bf115f9883a6ff3683d81b","name":"Bruna Greco","image":{"@type":"ImageObject","inLanguage":"pt-BR","@id":"https:\/\/www.manaus.am.gov.br\/semtepi\/#\/schema\/person\/image\/","url":"https:\/\/secure.gravatar.com\/avatar\/9c877d1a6adc2a055330e5c09a8653ce?s=96&d=mm&r=g","contentUrl":"https:\/\/secure.gravatar.com\/avatar\/9c877d1a6adc2a055330e5c09a8653ce?s=96&d=mm&r=g","caption":"Bruna Greco"}}]}},"_links":{"self":[{"href":"https:\/\/www.manaus.am.gov.br\/semtepi\/wp-json\/wp\/v2\/posts\/2046"}],"collection":[{"href":"https:\/\/www.manaus.am.gov.br\/semtepi\/wp-json\/wp\/v2\/posts"}],"about":[{"href":"https:\/\/www.manaus.am.gov.br\/semtepi\/wp-json\/wp\/v2\/types\/post"}],"author":[{"embeddable":true,"href":"https:\/\/www.manaus.am.gov.br\/semtepi\/wp-json\/wp\/v2\/users\/39"}],"replies":[{"embeddable":true,"href":"https:\/\/www.manaus.am.gov.br\/semtepi\/wp-json\/wp\/v2\/comments?post=2046"}],"version-history":[{"count":3,"href":"https:\/\/www.manaus.am.gov.br\/semtepi\/wp-json\/wp\/v2\/posts\/2046\/revisions"}],"predecessor-version":[{"id":2051,"href":"https:\/\/www.manaus.am.gov.br\/semtepi\/wp-json\/wp\/v2\/posts\/2046\/revisions\/2051"}],"wp:featuredmedia":[{"embeddable":true,"href":"https:\/\/www.manaus.am.gov.br\/semtepi\/wp-json\/wp\/v2\/media\/2047"}],"wp:attachment":[{"href":"https:\/\/www.manaus.am.gov.br\/semtepi\/wp-json\/wp\/v2\/media?parent=2046"}],"wp:term":[{"taxonomy":"category","embeddable":true,"href":"https:\/\/www.manaus.am.gov.br\/semtepi\/wp-json\/wp\/v2\/categories?post=2046"},{"taxonomy":"post_tag","embeddable":true,"href":"https:\/\/www.manaus.am.gov.br\/semtepi\/wp-json\/wp\/v2\/tags?post=2046"}],"curies":[{"name":"wp","href":"https:\/\/api.w.org\/{rel}","templated":true}]}}