{"id":2034,"date":"2023-06-15T15:28:18","date_gmt":"2023-06-15T19:28:18","guid":{"rendered":"https:\/\/www.manaus.am.gov.br\/semtepi\/sem-categoria\/prefeitura-divulga-lista-de-selecionados-para-treinamento-sobre-design-grafico-no-canva\/"},"modified":"2023-06-15T15:28:20","modified_gmt":"2023-06-15T19:28:20","slug":"prefeitura-divulga-lista-de-selecionados-para-treinamento-sobre-design-grafico-no-canva","status":"publish","type":"post","link":"https:\/\/www.manaus.am.gov.br\/semtepi\/curso\/prefeitura-divulga-lista-de-selecionados-para-treinamento-sobre-design-grafico-no-canva\/","title":{"rendered":"<strong>Prefeitura divulga lista de selecionados para&nbsp;treinamento&nbsp;sobre Design Gr\u00e1fico no Canva<\/strong>"},"content":{"rendered":"\n<p>A Prefeitura de Manaus, por meio da Secretaria Municipal do Trabalho, Empreendedorismo e Inova\u00e7\u00e3o (Semtepi), em parceria com a Hattori Tech, divulga, nesta quinta-feira, 15\/6, a lista completa de selecionados para o treinamento \u201cDesperte sua Criatividade: Aprenda Design Gr\u00e1fico no Canva usando o Celular\u201d, pelo link <a href=\"https:\/\/www.manaus.am.gov.br\/semtepi\/wp-content\/uploads\/sites\/20\/2023\/06\/Lista-Canva-Presencial.pdf\">https:\/\/www.manaus.am.gov.br\/semtepi\/wp-content\/uploads\/sites\/20\/2023\/06\/Lista-Canva-Presencial.pdf<\/a>.<\/p>\n\n\n\n<p>\u201cDurante o treinamento, os participantes ser\u00e3o agraciados com uma oportunidade \u00edmpar de aprendizado, ao terem acesso a um time de renomados especialistas em design gr\u00e1fico. Independentemente do n\u00edvel de habilidade de cada um, essa experi\u00eancia foi meticulosamente planejada para atender a todos, proporcionando uma abordagem pr\u00e1tica e din\u00e2mica que impulsionar\u00e1 suas capacidades criativas a um n\u00edvel superior. Estejam preparados para explorar seu potencial m\u00e1ximo e alcan\u00e7ar novas alturas no mundo do design gr\u00e1fico\u201d, frisou o diretor do Departamento de Qualifica\u00e7\u00e3o Profissional (DQP) da Semtepi, Andr\u00e9 Maia.<\/p>\n\n\n\n<p>O treinamento ser\u00e1 realizado presencialmente na pr\u00f3xima segunda-feira, 19\/6, das 19h \u00e0s 22h, no Casar\u00e3o da Inova\u00e7\u00e3o Cassina, localizado na rua Bernardo Ramos, n\u00ba 290, Centro, zona Sul. Os participantes devem se atentar \u00e0s regras de vestimenta do local: \u00e9 proibida a entrada de pessoas trajando bermuda, short, minissaia, camiseta regata ou chinelo.<\/p>\n\n\n\n<p>&#8212; &#8212; &#8212;<\/p>\n\n\n\n<p><strong>Texto \u2013&nbsp;<\/strong>Divulga\u00e7\u00e3o \/ Semtepi<\/p>\n\n\n\n<p><strong>Fotos \u2013&nbsp;<\/strong>Marcely Gomes \/ Semcom<\/p>\n\n\n\n<p><strong>Dispon\u00edveis em &#8211;<\/strong>&nbsp;<a href=\"https:\/\/flic.kr\/s\/aHsmVMDLvk\" target=\"_blank\" rel=\"noreferrer noopener\">https:\/\/flic.kr\/s\/aHsmVMDLvk<\/a><\/p>\n","protected":false},"excerpt":{"rendered":"","protected":false},"author":24,"featured_media":2035,"comment_status":"closed","ping_status":"closed","sticky":false,"template":"","format":"standard","meta":{"footnotes":""},"categories":[263],"tags":[264,119,130,8,9,152],"acf":[],"yoast_head":"<!-- This site is optimized with the Yoast SEO plugin v23.0 - https:\/\/yoast.com\/wordpress\/plugins\/seo\/ -->\n<title>Prefeitura divulga lista de selecionados para&nbsp;treinamento&nbsp;sobre Design Gr\u00e1fico no Canva - SEMTEPI<\/title>\n<meta name=\"description\" content=\"A Prefeitura de Manaus, por meio da Secretaria Municipal do Trabalho, Empreendedorismo e Inova\u00e7\u00e3o (Semtepi), em parceria com a Hattori Tech, divulga, nesta quinta-feira, 15\/6, a lista completa de selecionados para o treinamento \u201cDesperte sua Criatividade: Aprenda Design Gr\u00e1fico no Canva usando o Celular\u201d, pelo link https:\/\/www.manaus.am.gov.br\/semtepi\/wp-content\/uploads\/sites\/20\/2023\/06\/Lista-Canva-Presencial.pdf.\" \/>\n<meta name=\"robots\" content=\"noindex, follow\" \/>\n<meta property=\"og:locale\" content=\"pt_BR\" \/>\n<meta property=\"og:type\" content=\"article\" \/>\n<meta property=\"og:title\" content=\"Prefeitura divulga lista de selecionados para&nbsp;treinamento&nbsp;sobre Design Gr\u00e1fico no Canva - SEMTEPI\" \/>\n<meta property=\"og:description\" content=\"A Prefeitura de Manaus, por meio da Secretaria Municipal do Trabalho, Empreendedorismo e Inova\u00e7\u00e3o (Semtepi), em parceria com a Hattori Tech, divulga, nesta quinta-feira, 15\/6, a lista completa de selecionados para o treinamento \u201cDesperte sua Criatividade: Aprenda Design Gr\u00e1fico no Canva usando o Celular\u201d, pelo link https:\/\/www.manaus.am.gov.br\/semtepi\/wp-content\/uploads\/sites\/20\/2023\/06\/Lista-Canva-Presencial.pdf.\" \/>\n<meta property=\"og:url\" content=\"https:\/\/www.manaus.am.gov.br\/semtepi\/curso\/prefeitura-divulga-lista-de-selecionados-para-treinamento-sobre-design-grafico-no-canva\/\" \/>\n<meta property=\"og:site_name\" content=\"SEMTEPI\" \/>\n<meta property=\"article:published_time\" content=\"2023-06-15T19:28:18+00:00\" \/>\n<meta property=\"article:modified_time\" content=\"2023-06-15T19:28:20+00:00\" \/>\n<meta property=\"og:image\" content=\"https:\/\/www.manaus.am.gov.br\/semtepi\/wp-content\/uploads\/sites\/20\/2023\/06\/51668582479_dd50d01f9a_o-scaled.jpg\" \/>\n\t<meta property=\"og:image:width\" content=\"2560\" \/>\n\t<meta property=\"og:image:height\" content=\"1708\" \/>\n\t<meta property=\"og:image:type\" content=\"image\/jpeg\" \/>\n<meta name=\"author\" content=\"Cl\u00e1udia Barbosa\" \/>\n<meta name=\"twitter:card\" content=\"summary_large_image\" \/>\n<meta name=\"twitter:label1\" content=\"Written by\" \/>\n\t<meta name=\"twitter:data1\" content=\"Cl\u00e1udia Barbosa\" \/>\n\t<meta name=\"twitter:label2\" content=\"Est. reading time\" \/>\n\t<meta name=\"twitter:data2\" content=\"2 minutos\" \/>\n<script type=\"application\/ld+json\" class=\"yoast-schema-graph\">{\"@context\":\"https:\/\/schema.org\",\"@graph\":[{\"@type\":\"Article\",\"@id\":\"https:\/\/www.manaus.am.gov.br\/semtepi\/curso\/prefeitura-divulga-lista-de-selecionados-para-treinamento-sobre-design-grafico-no-canva\/#article\",\"isPartOf\":{\"@id\":\"https:\/\/www.manaus.am.gov.br\/semtepi\/curso\/prefeitura-divulga-lista-de-selecionados-para-treinamento-sobre-design-grafico-no-canva\/\"},\"author\":{\"name\":\"Cl\u00e1udia Barbosa\",\"@id\":\"https:\/\/www.manaus.am.gov.br\/semtepi\/#\/schema\/person\/d0a166b5031154c33c77794ddc9a827e\"},\"headline\":\"Prefeitura divulga lista de selecionados para&nbsp;treinamento&nbsp;sobre Design Gr\u00e1fico no Canva\",\"datePublished\":\"2023-06-15T19:28:18+00:00\",\"dateModified\":\"2023-06-15T19:28:20+00:00\",\"mainEntityOfPage\":{\"@id\":\"https:\/\/www.manaus.am.gov.br\/semtepi\/curso\/prefeitura-divulga-lista-de-selecionados-para-treinamento-sobre-design-grafico-no-canva\/\"},\"wordCount\":247,\"publisher\":{\"@id\":\"https:\/\/www.manaus.am.gov.br\/semtepi\/#organization\"},\"image\":{\"@id\":\"https:\/\/www.manaus.am.gov.br\/semtepi\/curso\/prefeitura-divulga-lista-de-selecionados-para-treinamento-sobre-design-grafico-no-canva\/#primaryimage\"},\"thumbnailUrl\":\"https:\/\/www.manaus.am.gov.br\/semtepi\/wp-content\/uploads\/sites\/20\/2023\/06\/51668582479_dd50d01f9a_o-scaled.jpg\",\"keywords\":[\"\u201cDesperte sua Criatividade: Aprenda Design Gr\u00e1fico no Canva usando o Celular\u201d\",\"Andr\u00e9 Maia\",\"Hattori Tech\",\"prefeitura de manaus\",\"Semtepi\",\"treinamento\"],\"articleSection\":[\"Curso\"],\"inLanguage\":\"pt-BR\"},{\"@type\":\"WebPage\",\"@id\":\"https:\/\/www.manaus.am.gov.br\/semtepi\/curso\/prefeitura-divulga-lista-de-selecionados-para-treinamento-sobre-design-grafico-no-canva\/\",\"url\":\"https:\/\/www.manaus.am.gov.br\/semtepi\/curso\/prefeitura-divulga-lista-de-selecionados-para-treinamento-sobre-design-grafico-no-canva\/\",\"name\":\"Prefeitura divulga lista de selecionados para&nbsp;treinamento&nbsp;sobre Design Gr\u00e1fico no Canva - SEMTEPI\",\"isPartOf\":{\"@id\":\"https:\/\/www.manaus.am.gov.br\/semtepi\/#website\"},\"primaryImageOfPage\":{\"@id\":\"https:\/\/www.manaus.am.gov.br\/semtepi\/curso\/prefeitura-divulga-lista-de-selecionados-para-treinamento-sobre-design-grafico-no-canva\/#primaryimage\"},\"image\":{\"@id\":\"https:\/\/www.manaus.am.gov.br\/semtepi\/curso\/prefeitura-divulga-lista-de-selecionados-para-treinamento-sobre-design-grafico-no-canva\/#primaryimage\"},\"thumbnailUrl\":\"https:\/\/www.manaus.am.gov.br\/semtepi\/wp-content\/uploads\/sites\/20\/2023\/06\/51668582479_dd50d01f9a_o-scaled.jpg\",\"datePublished\":\"2023-06-15T19:28:18+00:00\",\"dateModified\":\"2023-06-15T19:28:20+00:00\",\"description\":\"A Prefeitura de Manaus, por meio da Secretaria Municipal do Trabalho, Empreendedorismo e Inova\u00e7\u00e3o (Semtepi), em parceria com a Hattori Tech, divulga, nesta quinta-feira, 15\/6, a lista completa de selecionados para o treinamento \u201cDesperte sua Criatividade: Aprenda Design Gr\u00e1fico no Canva usando o Celular\u201d, pelo link https:\/\/www.manaus.am.gov.br\/semtepi\/wp-content\/uploads\/sites\/20\/2023\/06\/Lista-Canva-Presencial.pdf.\",\"breadcrumb\":{\"@id\":\"https:\/\/www.manaus.am.gov.br\/semtepi\/curso\/prefeitura-divulga-lista-de-selecionados-para-treinamento-sobre-design-grafico-no-canva\/#breadcrumb\"},\"inLanguage\":\"pt-BR\",\"potentialAction\":[{\"@type\":\"ReadAction\",\"target\":[\"https:\/\/www.manaus.am.gov.br\/semtepi\/curso\/prefeitura-divulga-lista-de-selecionados-para-treinamento-sobre-design-grafico-no-canva\/\"]}]},{\"@type\":\"ImageObject\",\"inLanguage\":\"pt-BR\",\"@id\":\"https:\/\/www.manaus.am.gov.br\/semtepi\/curso\/prefeitura-divulga-lista-de-selecionados-para-treinamento-sobre-design-grafico-no-canva\/#primaryimage\",\"url\":\"https:\/\/www.manaus.am.gov.br\/semtepi\/wp-content\/uploads\/sites\/20\/2023\/06\/51668582479_dd50d01f9a_o-scaled.jpg\",\"contentUrl\":\"https:\/\/www.manaus.am.gov.br\/semtepi\/wp-content\/uploads\/sites\/20\/2023\/06\/51668582479_dd50d01f9a_o-scaled.jpg\",\"width\":2560,\"height\":1708},{\"@type\":\"BreadcrumbList\",\"@id\":\"https:\/\/www.manaus.am.gov.br\/semtepi\/curso\/prefeitura-divulga-lista-de-selecionados-para-treinamento-sobre-design-grafico-no-canva\/#breadcrumb\",\"itemListElement\":[{\"@type\":\"ListItem\",\"position\":1,\"name\":\"Home\",\"item\":\"https:\/\/www.manaus.am.gov.br\/semtepi\/\"},{\"@type\":\"ListItem\",\"position\":2,\"name\":\"Prefeitura divulga lista de selecionados para&nbsp;treinamento&nbsp;sobre Design Gr\u00e1fico no Canva\"}]},{\"@type\":\"WebSite\",\"@id\":\"https:\/\/www.manaus.am.gov.br\/semtepi\/#website\",\"url\":\"https:\/\/www.manaus.am.gov.br\/semtepi\/\",\"name\":\"SEMTEPI\",\"description\":\"Prefeitura de Manaus\",\"publisher\":{\"@id\":\"https:\/\/www.manaus.am.gov.br\/semtepi\/#organization\"},\"alternateName\":\"Secretaria Municipal do Trabalho, Empreendedorismo e Inova\u00e7\u00e3o\",\"potentialAction\":[{\"@type\":\"SearchAction\",\"target\":{\"@type\":\"EntryPoint\",\"urlTemplate\":\"https:\/\/www.manaus.am.gov.br\/semtepi\/?s={search_term_string}\"},\"query-input\":\"required name=search_term_string\"}],\"inLanguage\":\"pt-BR\"},{\"@type\":\"Organization\",\"@id\":\"https:\/\/www.manaus.am.gov.br\/semtepi\/#organization\",\"name\":\"Prefeitura Municipal de Manaus\",\"alternateName\":\"Prefeitura de Manaus\",\"url\":\"https:\/\/www.manaus.am.gov.br\/semtepi\/\",\"logo\":{\"@type\":\"ImageObject\",\"inLanguage\":\"pt-BR\",\"@id\":\"https:\/\/www.manaus.am.gov.br\/semtepi\/#\/schema\/logo\/image\/\",\"url\":\"https:\/\/www.manaus.am.gov.br\/semtepi\/wp-content\/uploads\/sites\/20\/2024\/07\/favicon.png\",\"contentUrl\":\"https:\/\/www.manaus.am.gov.br\/semtepi\/wp-content\/uploads\/sites\/20\/2024\/07\/favicon.png\",\"width\":300,\"height\":300,\"caption\":\"Prefeitura Municipal de Manaus\"},\"image\":{\"@id\":\"https:\/\/www.manaus.am.gov.br\/semtepi\/#\/schema\/logo\/image\/\"}},{\"@type\":\"Person\",\"@id\":\"https:\/\/www.manaus.am.gov.br\/semtepi\/#\/schema\/person\/d0a166b5031154c33c77794ddc9a827e\",\"name\":\"Cl\u00e1udia Barbosa\",\"image\":{\"@type\":\"ImageObject\",\"inLanguage\":\"pt-BR\",\"@id\":\"https:\/\/www.manaus.am.gov.br\/semtepi\/#\/schema\/person\/image\/\",\"url\":\"https:\/\/secure.gravatar.com\/avatar\/42958a1cf007f1a00534009218c72590?s=96&d=mm&r=g\",\"contentUrl\":\"https:\/\/secure.gravatar.com\/avatar\/42958a1cf007f1a00534009218c72590?s=96&d=mm&r=g\",\"caption\":\"Cl\u00e1udia Barbosa\"}}]}<\/script>\n<!-- \/ Yoast SEO plugin. -->","yoast_head_json":{"title":"Prefeitura divulga lista de selecionados para&nbsp;treinamento&nbsp;sobre Design Gr\u00e1fico no Canva - SEMTEPI","description":"A Prefeitura de Manaus, por meio da Secretaria Municipal do Trabalho, Empreendedorismo e Inova\u00e7\u00e3o (Semtepi), em parceria com a Hattori Tech, divulga, nesta quinta-feira, 15\/6, a lista completa de selecionados para o treinamento \u201cDesperte sua Criatividade: Aprenda Design Gr\u00e1fico no Canva usando o Celular\u201d, pelo link https:\/\/www.manaus.am.gov.br\/semtepi\/wp-content\/uploads\/sites\/20\/2023\/06\/Lista-Canva-Presencial.pdf.","robots":{"index":"noindex","follow":"follow"},"og_locale":"pt_BR","og_type":"article","og_title":"Prefeitura divulga lista de selecionados para&nbsp;treinamento&nbsp;sobre Design Gr\u00e1fico no Canva - SEMTEPI","og_description":"A Prefeitura de Manaus, por meio da Secretaria Municipal do Trabalho, Empreendedorismo e Inova\u00e7\u00e3o (Semtepi), em parceria com a Hattori Tech, divulga, nesta quinta-feira, 15\/6, a lista completa de selecionados para o treinamento \u201cDesperte sua Criatividade: Aprenda Design Gr\u00e1fico no Canva usando o Celular\u201d, pelo link https:\/\/www.manaus.am.gov.br\/semtepi\/wp-content\/uploads\/sites\/20\/2023\/06\/Lista-Canva-Presencial.pdf.","og_url":"https:\/\/www.manaus.am.gov.br\/semtepi\/curso\/prefeitura-divulga-lista-de-selecionados-para-treinamento-sobre-design-grafico-no-canva\/","og_site_name":"SEMTEPI","article_published_time":"2023-06-15T19:28:18+00:00","article_modified_time":"2023-06-15T19:28:20+00:00","og_image":[{"width":2560,"height":1708,"url":"https:\/\/www.manaus.am.gov.br\/semtepi\/wp-content\/uploads\/sites\/20\/2023\/06\/51668582479_dd50d01f9a_o-scaled.jpg","type":"image\/jpeg"}],"author":"Cl\u00e1udia Barbosa","twitter_card":"summary_large_image","twitter_misc":{"Written by":"Cl\u00e1udia Barbosa","Est. reading time":"2 minutos"},"schema":{"@context":"https:\/\/schema.org","@graph":[{"@type":"Article","@id":"https:\/\/www.manaus.am.gov.br\/semtepi\/curso\/prefeitura-divulga-lista-de-selecionados-para-treinamento-sobre-design-grafico-no-canva\/#article","isPartOf":{"@id":"https:\/\/www.manaus.am.gov.br\/semtepi\/curso\/prefeitura-divulga-lista-de-selecionados-para-treinamento-sobre-design-grafico-no-canva\/"},"author":{"name":"Cl\u00e1udia Barbosa","@id":"https:\/\/www.manaus.am.gov.br\/semtepi\/#\/schema\/person\/d0a166b5031154c33c77794ddc9a827e"},"headline":"Prefeitura divulga lista de selecionados para&nbsp;treinamento&nbsp;sobre Design Gr\u00e1fico no Canva","datePublished":"2023-06-15T19:28:18+00:00","dateModified":"2023-06-15T19:28:20+00:00","mainEntityOfPage":{"@id":"https:\/\/www.manaus.am.gov.br\/semtepi\/curso\/prefeitura-divulga-lista-de-selecionados-para-treinamento-sobre-design-grafico-no-canva\/"},"wordCount":247,"publisher":{"@id":"https:\/\/www.manaus.am.gov.br\/semtepi\/#organization"},"image":{"@id":"https:\/\/www.manaus.am.gov.br\/semtepi\/curso\/prefeitura-divulga-lista-de-selecionados-para-treinamento-sobre-design-grafico-no-canva\/#primaryimage"},"thumbnailUrl":"https:\/\/www.manaus.am.gov.br\/semtepi\/wp-content\/uploads\/sites\/20\/2023\/06\/51668582479_dd50d01f9a_o-scaled.jpg","keywords":["\u201cDesperte sua Criatividade: Aprenda Design Gr\u00e1fico no Canva usando o Celular\u201d","Andr\u00e9 Maia","Hattori Tech","prefeitura de manaus","Semtepi","treinamento"],"articleSection":["Curso"],"inLanguage":"pt-BR"},{"@type":"WebPage","@id":"https:\/\/www.manaus.am.gov.br\/semtepi\/curso\/prefeitura-divulga-lista-de-selecionados-para-treinamento-sobre-design-grafico-no-canva\/","url":"https:\/\/www.manaus.am.gov.br\/semtepi\/curso\/prefeitura-divulga-lista-de-selecionados-para-treinamento-sobre-design-grafico-no-canva\/","name":"Prefeitura divulga lista de selecionados para&nbsp;treinamento&nbsp;sobre Design Gr\u00e1fico no Canva - SEMTEPI","isPartOf":{"@id":"https:\/\/www.manaus.am.gov.br\/semtepi\/#website"},"primaryImageOfPage":{"@id":"https:\/\/www.manaus.am.gov.br\/semtepi\/curso\/prefeitura-divulga-lista-de-selecionados-para-treinamento-sobre-design-grafico-no-canva\/#primaryimage"},"image":{"@id":"https:\/\/www.manaus.am.gov.br\/semtepi\/curso\/prefeitura-divulga-lista-de-selecionados-para-treinamento-sobre-design-grafico-no-canva\/#primaryimage"},"thumbnailUrl":"https:\/\/www.manaus.am.gov.br\/semtepi\/wp-content\/uploads\/sites\/20\/2023\/06\/51668582479_dd50d01f9a_o-scaled.jpg","datePublished":"2023-06-15T19:28:18+00:00","dateModified":"2023-06-15T19:28:20+00:00","description":"A Prefeitura de Manaus, por meio da Secretaria Municipal do Trabalho, Empreendedorismo e Inova\u00e7\u00e3o (Semtepi), em parceria com a Hattori Tech, divulga, nesta quinta-feira, 15\/6, a lista completa de selecionados para o treinamento \u201cDesperte sua Criatividade: Aprenda Design Gr\u00e1fico no Canva usando o Celular\u201d, pelo link https:\/\/www.manaus.am.gov.br\/semtepi\/wp-content\/uploads\/sites\/20\/2023\/06\/Lista-Canva-Presencial.pdf.","breadcrumb":{"@id":"https:\/\/www.manaus.am.gov.br\/semtepi\/curso\/prefeitura-divulga-lista-de-selecionados-para-treinamento-sobre-design-grafico-no-canva\/#breadcrumb"},"inLanguage":"pt-BR","potentialAction":[{"@type":"ReadAction","target":["https:\/\/www.manaus.am.gov.br\/semtepi\/curso\/prefeitura-divulga-lista-de-selecionados-para-treinamento-sobre-design-grafico-no-canva\/"]}]},{"@type":"ImageObject","inLanguage":"pt-BR","@id":"https:\/\/www.manaus.am.gov.br\/semtepi\/curso\/prefeitura-divulga-lista-de-selecionados-para-treinamento-sobre-design-grafico-no-canva\/#primaryimage","url":"https:\/\/www.manaus.am.gov.br\/semtepi\/wp-content\/uploads\/sites\/20\/2023\/06\/51668582479_dd50d01f9a_o-scaled.jpg","contentUrl":"https:\/\/www.manaus.am.gov.br\/semtepi\/wp-content\/uploads\/sites\/20\/2023\/06\/51668582479_dd50d01f9a_o-scaled.jpg","width":2560,"height":1708},{"@type":"BreadcrumbList","@id":"https:\/\/www.manaus.am.gov.br\/semtepi\/curso\/prefeitura-divulga-lista-de-selecionados-para-treinamento-sobre-design-grafico-no-canva\/#breadcrumb","itemListElement":[{"@type":"ListItem","position":1,"name":"Home","item":"https:\/\/www.manaus.am.gov.br\/semtepi\/"},{"@type":"ListItem","position":2,"name":"Prefeitura divulga lista de selecionados para&nbsp;treinamento&nbsp;sobre Design Gr\u00e1fico no Canva"}]},{"@type":"WebSite","@id":"https:\/\/www.manaus.am.gov.br\/semtepi\/#website","url":"https:\/\/www.manaus.am.gov.br\/semtepi\/","name":"SEMTEPI","description":"Prefeitura de Manaus","publisher":{"@id":"https:\/\/www.manaus.am.gov.br\/semtepi\/#organization"},"alternateName":"Secretaria Municipal do Trabalho, Empreendedorismo e Inova\u00e7\u00e3o","potentialAction":[{"@type":"SearchAction","target":{"@type":"EntryPoint","urlTemplate":"https:\/\/www.manaus.am.gov.br\/semtepi\/?s={search_term_string}"},"query-input":"required name=search_term_string"}],"inLanguage":"pt-BR"},{"@type":"Organization","@id":"https:\/\/www.manaus.am.gov.br\/semtepi\/#organization","name":"Prefeitura Municipal de Manaus","alternateName":"Prefeitura de Manaus","url":"https:\/\/www.manaus.am.gov.br\/semtepi\/","logo":{"@type":"ImageObject","inLanguage":"pt-BR","@id":"https:\/\/www.manaus.am.gov.br\/semtepi\/#\/schema\/logo\/image\/","url":"https:\/\/www.manaus.am.gov.br\/semtepi\/wp-content\/uploads\/sites\/20\/2024\/07\/favicon.png","contentUrl":"https:\/\/www.manaus.am.gov.br\/semtepi\/wp-content\/uploads\/sites\/20\/2024\/07\/favicon.png","width":300,"height":300,"caption":"Prefeitura Municipal de Manaus"},"image":{"@id":"https:\/\/www.manaus.am.gov.br\/semtepi\/#\/schema\/logo\/image\/"}},{"@type":"Person","@id":"https:\/\/www.manaus.am.gov.br\/semtepi\/#\/schema\/person\/d0a166b5031154c33c77794ddc9a827e","name":"Cl\u00e1udia Barbosa","image":{"@type":"ImageObject","inLanguage":"pt-BR","@id":"https:\/\/www.manaus.am.gov.br\/semtepi\/#\/schema\/person\/image\/","url":"https:\/\/secure.gravatar.com\/avatar\/42958a1cf007f1a00534009218c72590?s=96&d=mm&r=g","contentUrl":"https:\/\/secure.gravatar.com\/avatar\/42958a1cf007f1a00534009218c72590?s=96&d=mm&r=g","caption":"Cl\u00e1udia Barbosa"}}]}},"_links":{"self":[{"href":"https:\/\/www.manaus.am.gov.br\/semtepi\/wp-json\/wp\/v2\/posts\/2034"}],"collection":[{"href":"https:\/\/www.manaus.am.gov.br\/semtepi\/wp-json\/wp\/v2\/posts"}],"about":[{"href":"https:\/\/www.manaus.am.gov.br\/semtepi\/wp-json\/wp\/v2\/types\/post"}],"author":[{"embeddable":true,"href":"https:\/\/www.manaus.am.gov.br\/semtepi\/wp-json\/wp\/v2\/users\/24"}],"replies":[{"embeddable":true,"href":"https:\/\/www.manaus.am.gov.br\/semtepi\/wp-json\/wp\/v2\/comments?post=2034"}],"version-history":[{"count":0,"href":"https:\/\/www.manaus.am.gov.br\/semtepi\/wp-json\/wp\/v2\/posts\/2034\/revisions"}],"wp:featuredmedia":[{"embeddable":true,"href":"https:\/\/www.manaus.am.gov.br\/semtepi\/wp-json\/wp\/v2\/media\/2035"}],"wp:attachment":[{"href":"https:\/\/www.manaus.am.gov.br\/semtepi\/wp-json\/wp\/v2\/media?parent=2034"}],"wp:term":[{"taxonomy":"category","embeddable":true,"href":"https:\/\/www.manaus.am.gov.br\/semtepi\/wp-json\/wp\/v2\/categories?post=2034"},{"taxonomy":"post_tag","embeddable":true,"href":"https:\/\/www.manaus.am.gov.br\/semtepi\/wp-json\/wp\/v2\/tags?post=2034"}],"curies":[{"name":"wp","href":"https:\/\/api.w.org\/{rel}","templated":true}]}}