{"id":2002,"date":"2023-06-06T16:50:58","date_gmt":"2023-06-06T20:50:58","guid":{"rendered":"https:\/\/www.manaus.am.gov.br\/semtepi\/sem-categoria\/prefeitura-de-manaus-realiza-promocao-mes-dos-namorados-nas-galerias-populares-e-shopping-phelippe-daou\/"},"modified":"2023-06-06T16:50:59","modified_gmt":"2023-06-06T20:50:59","slug":"prefeitura-de-manaus-realiza-promocao-mes-dos-namorados-nas-galerias-populares-e-shopping-phelippe-daou","status":"publish","type":"post","link":"https:\/\/www.manaus.am.gov.br\/semtepi\/comercio\/prefeitura-de-manaus-realiza-promocao-mes-dos-namorados-nas-galerias-populares-e-shopping-phelippe-daou\/","title":{"rendered":"<strong>Prefeitura de Manaus realiza promo\u00e7\u00e3o \u2018M\u00eas dos Namorados\u2019 nas galerias populares e shopping Phelippe Daou<\/strong>"},"content":{"rendered":"\n<p>Com o objetivo de impulsionar o com\u00e9rcio local e a gera\u00e7\u00e3o de renda, a Prefeitura de Manaus, por meio da Secretaria Municipal do Trabalho, Empreendedorismo e Inova\u00e7\u00e3o (Semtepi), promove, durante o m\u00eas de junho, a promo\u00e7\u00e3o \u201cM\u00eas dos Namorados\u201d, nas galerias populares e shopping Phelippe Daou.<\/p>\n\n\n\n<p>&#8220;A Prefeitura de Manaus e a Semtepi est\u00e3o empenhadas em promover o desenvolvimento econ\u00f4mico e proporcionar momentos de alegria para a popula\u00e7\u00e3o. Contamos com a participa\u00e7\u00e3o de todos nesta iniciativa que fortalece o com\u00e9rcio local e contribui para a gera\u00e7\u00e3o de renda em nossa cidade. Aproveitem essa oportunidade para prestigiar os empreendedores locais. Boas compras e boa sorte nos sorteios\u201d, frisou o titular da Semtepi, Radyr J\u00fanior.<\/p>\n\n\n\n<p>A promo\u00e7\u00e3o vai premiar clientes das galerias populares Esp\u00edrito Santo e Rem\u00e9dios, localizadas no Centro, zona Sul; e shopping Phelippe Daou, no bairro Cidade de Deus, zona Leste. A cada R$ 25 em compras, o consumidor recebe um cupom, preenche e deposita na urna, para concorrer a pr\u00eamios como bicicletas, jantares rom\u00e2nticos e vale-compras no valor de R$ 100. Os organizadores da promo\u00e7\u00e3o ressaltam que o cupom que n\u00e3o estiver preenchido conforme o regulamento que consta no verso, n\u00e3o poder\u00e1 concorrer aos sorteios.<\/p>\n\n\n\n<p><strong>Confira as datas dos sorteios<\/strong><\/p>\n\n\n\n<p><strong>21\/6, \u00e0s 11h \u2013 Galeria Esp\u00edrito Santo \u2013&nbsp;<\/strong>Rua 24 de Maio com a Joaquim Sarmento, Centro, zona Sul<\/p>\n\n\n\n<p><strong>22\/6, \u00e0s 11h \u2013 Galeria dos Rem\u00e9dios \u2013&nbsp;<\/strong>Rua Miranda Le\u00e3o, Centro, zona Sul<\/p>\n\n\n\n<p><strong>23\/6, \u00e0s 15h \u2013 Shopping Phelippe Daou \u2013<\/strong>&nbsp;Avenida Camapu\u00e3, Cidade de Deus, zona Leste<\/p>\n\n\n\n<p>&#8212; &#8212; &#8212;<\/p>\n\n\n\n<p><strong>Texto \u2013&nbsp;<\/strong>Divulga\u00e7\u00e3o \/ Semtepi<\/p>\n\n\n\n<p><strong>Fotos \u2013&nbsp;<\/strong>Ant\u00f4nio Pereira \/ Arquivo Semcom<\/p>\n\n\n\n<p><strong>Dispon\u00edveis em &#8211;<\/strong>&nbsp;<a href=\"https:\/\/flic.kr\/s\/aHBqjzXYWz\" target=\"_blank\" rel=\"noreferrer noopener\">https:\/\/flic.kr\/s\/aHBqjzXYWz<\/a><\/p>\n","protected":false},"excerpt":{"rendered":"","protected":false},"author":24,"featured_media":2003,"comment_status":"closed","ping_status":"closed","sticky":false,"template":"","format":"standard","meta":{"footnotes":""},"categories":[233],"tags":[234,235,94,236,8,34,9,19,237],"acf":[],"yoast_head":"<!-- This site is optimized with the Yoast SEO plugin v23.0 - https:\/\/yoast.com\/wordpress\/plugins\/seo\/ -->\n<title>Prefeitura de Manaus realiza promo\u00e7\u00e3o \u2018M\u00eas dos Namorados\u2019 nas galerias populares e shopping Phelippe Daou - SEMTEPI<\/title>\n<meta name=\"description\" content=\"Com o objetivo de impulsionar o com\u00e9rcio local e a gera\u00e7\u00e3o de renda, a Prefeitura de Manaus, por meio da Secretaria Municipal do Trabalho, Empreendedorismo e Inova\u00e7\u00e3o (Semtepi), promove, durante o m\u00eas de junho, a promo\u00e7\u00e3o \u201cM\u00eas dos Namorados\u201d, nas galerias populares e shopping Phelippe Daou.\" \/>\n<meta name=\"robots\" content=\"noindex, follow\" \/>\n<meta property=\"og:locale\" content=\"pt_BR\" \/>\n<meta property=\"og:type\" content=\"article\" \/>\n<meta property=\"og:title\" content=\"Prefeitura de Manaus realiza promo\u00e7\u00e3o \u2018M\u00eas dos Namorados\u2019 nas galerias populares e shopping Phelippe Daou - SEMTEPI\" \/>\n<meta property=\"og:description\" content=\"Com o objetivo de impulsionar o com\u00e9rcio local e a gera\u00e7\u00e3o de renda, a Prefeitura de Manaus, por meio da Secretaria Municipal do Trabalho, Empreendedorismo e Inova\u00e7\u00e3o (Semtepi), promove, durante o m\u00eas de junho, a promo\u00e7\u00e3o \u201cM\u00eas dos Namorados\u201d, nas galerias populares e shopping Phelippe Daou.\" \/>\n<meta property=\"og:url\" content=\"https:\/\/www.manaus.am.gov.br\/semtepi\/comercio\/prefeitura-de-manaus-realiza-promocao-mes-dos-namorados-nas-galerias-populares-e-shopping-phelippe-daou\/\" \/>\n<meta property=\"og:site_name\" content=\"SEMTEPI\" \/>\n<meta property=\"article:published_time\" content=\"2023-06-06T20:50:58+00:00\" \/>\n<meta property=\"article:modified_time\" content=\"2023-06-06T20:50:59+00:00\" \/>\n<meta property=\"og:image\" content=\"https:\/\/www.manaus.am.gov.br\/semtepi\/wp-content\/uploads\/sites\/20\/2023\/06\/52214304731_1f3ecf43ef_o-scaled.jpg\" \/>\n\t<meta property=\"og:image:width\" content=\"2560\" \/>\n\t<meta property=\"og:image:height\" content=\"1707\" \/>\n\t<meta property=\"og:image:type\" content=\"image\/jpeg\" \/>\n<meta name=\"author\" content=\"Cl\u00e1udia Barbosa\" \/>\n<meta name=\"twitter:card\" content=\"summary_large_image\" \/>\n<meta name=\"twitter:label1\" content=\"Written by\" \/>\n\t<meta name=\"twitter:data1\" content=\"Cl\u00e1udia Barbosa\" \/>\n\t<meta name=\"twitter:label2\" content=\"Est. reading time\" \/>\n\t<meta name=\"twitter:data2\" content=\"2 minutos\" \/>\n<script type=\"application\/ld+json\" class=\"yoast-schema-graph\">{\"@context\":\"https:\/\/schema.org\",\"@graph\":[{\"@type\":\"Article\",\"@id\":\"https:\/\/www.manaus.am.gov.br\/semtepi\/comercio\/prefeitura-de-manaus-realiza-promocao-mes-dos-namorados-nas-galerias-populares-e-shopping-phelippe-daou\/#article\",\"isPartOf\":{\"@id\":\"https:\/\/www.manaus.am.gov.br\/semtepi\/comercio\/prefeitura-de-manaus-realiza-promocao-mes-dos-namorados-nas-galerias-populares-e-shopping-phelippe-daou\/\"},\"author\":{\"name\":\"Cl\u00e1udia Barbosa\",\"@id\":\"https:\/\/www.manaus.am.gov.br\/semtepi\/#\/schema\/person\/d0a166b5031154c33c77794ddc9a827e\"},\"headline\":\"Prefeitura de Manaus realiza promo\u00e7\u00e3o \u2018M\u00eas dos Namorados\u2019 nas galerias populares e shopping Phelippe Daou\",\"datePublished\":\"2023-06-06T20:50:58+00:00\",\"dateModified\":\"2023-06-06T20:50:59+00:00\",\"mainEntityOfPage\":{\"@id\":\"https:\/\/www.manaus.am.gov.br\/semtepi\/comercio\/prefeitura-de-manaus-realiza-promocao-mes-dos-namorados-nas-galerias-populares-e-shopping-phelippe-daou\/\"},\"wordCount\":306,\"publisher\":{\"@id\":\"https:\/\/www.manaus.am.gov.br\/semtepi\/#organization\"},\"image\":{\"@id\":\"https:\/\/www.manaus.am.gov.br\/semtepi\/comercio\/prefeitura-de-manaus-realiza-promocao-mes-dos-namorados-nas-galerias-populares-e-shopping-phelippe-daou\/#primaryimage\"},\"thumbnailUrl\":\"https:\/\/www.manaus.am.gov.br\/semtepi\/wp-content\/uploads\/sites\/20\/2023\/06\/52214304731_1f3ecf43ef_o-scaled.jpg\",\"keywords\":[\"galeria dos rem\u00e9dios\",\"Galeria Esp\u00edrito Santo\",\"galerias populares\",\"M\u00eas dos Namorados\",\"prefeitura de manaus\",\"Radyr J\u00fanior\",\"Semtepi\",\"shopping phelippe daou\",\"sorteios\"],\"articleSection\":[\"Com\u00e9rcio\"],\"inLanguage\":\"pt-BR\"},{\"@type\":\"WebPage\",\"@id\":\"https:\/\/www.manaus.am.gov.br\/semtepi\/comercio\/prefeitura-de-manaus-realiza-promocao-mes-dos-namorados-nas-galerias-populares-e-shopping-phelippe-daou\/\",\"url\":\"https:\/\/www.manaus.am.gov.br\/semtepi\/comercio\/prefeitura-de-manaus-realiza-promocao-mes-dos-namorados-nas-galerias-populares-e-shopping-phelippe-daou\/\",\"name\":\"Prefeitura de Manaus realiza promo\u00e7\u00e3o \u2018M\u00eas dos Namorados\u2019 nas galerias populares e shopping Phelippe Daou - SEMTEPI\",\"isPartOf\":{\"@id\":\"https:\/\/www.manaus.am.gov.br\/semtepi\/#website\"},\"primaryImageOfPage\":{\"@id\":\"https:\/\/www.manaus.am.gov.br\/semtepi\/comercio\/prefeitura-de-manaus-realiza-promocao-mes-dos-namorados-nas-galerias-populares-e-shopping-phelippe-daou\/#primaryimage\"},\"image\":{\"@id\":\"https:\/\/www.manaus.am.gov.br\/semtepi\/comercio\/prefeitura-de-manaus-realiza-promocao-mes-dos-namorados-nas-galerias-populares-e-shopping-phelippe-daou\/#primaryimage\"},\"thumbnailUrl\":\"https:\/\/www.manaus.am.gov.br\/semtepi\/wp-content\/uploads\/sites\/20\/2023\/06\/52214304731_1f3ecf43ef_o-scaled.jpg\",\"datePublished\":\"2023-06-06T20:50:58+00:00\",\"dateModified\":\"2023-06-06T20:50:59+00:00\",\"description\":\"Com o objetivo de impulsionar o com\u00e9rcio local e a gera\u00e7\u00e3o de renda, a Prefeitura de Manaus, por meio da Secretaria Municipal do Trabalho, Empreendedorismo e Inova\u00e7\u00e3o (Semtepi), promove, durante o m\u00eas de junho, a promo\u00e7\u00e3o \u201cM\u00eas dos Namorados\u201d, nas galerias populares e shopping Phelippe Daou.\",\"breadcrumb\":{\"@id\":\"https:\/\/www.manaus.am.gov.br\/semtepi\/comercio\/prefeitura-de-manaus-realiza-promocao-mes-dos-namorados-nas-galerias-populares-e-shopping-phelippe-daou\/#breadcrumb\"},\"inLanguage\":\"pt-BR\",\"potentialAction\":[{\"@type\":\"ReadAction\",\"target\":[\"https:\/\/www.manaus.am.gov.br\/semtepi\/comercio\/prefeitura-de-manaus-realiza-promocao-mes-dos-namorados-nas-galerias-populares-e-shopping-phelippe-daou\/\"]}]},{\"@type\":\"ImageObject\",\"inLanguage\":\"pt-BR\",\"@id\":\"https:\/\/www.manaus.am.gov.br\/semtepi\/comercio\/prefeitura-de-manaus-realiza-promocao-mes-dos-namorados-nas-galerias-populares-e-shopping-phelippe-daou\/#primaryimage\",\"url\":\"https:\/\/www.manaus.am.gov.br\/semtepi\/wp-content\/uploads\/sites\/20\/2023\/06\/52214304731_1f3ecf43ef_o-scaled.jpg\",\"contentUrl\":\"https:\/\/www.manaus.am.gov.br\/semtepi\/wp-content\/uploads\/sites\/20\/2023\/06\/52214304731_1f3ecf43ef_o-scaled.jpg\",\"width\":2560,\"height\":1707},{\"@type\":\"BreadcrumbList\",\"@id\":\"https:\/\/www.manaus.am.gov.br\/semtepi\/comercio\/prefeitura-de-manaus-realiza-promocao-mes-dos-namorados-nas-galerias-populares-e-shopping-phelippe-daou\/#breadcrumb\",\"itemListElement\":[{\"@type\":\"ListItem\",\"position\":1,\"name\":\"Home\",\"item\":\"https:\/\/www.manaus.am.gov.br\/semtepi\/\"},{\"@type\":\"ListItem\",\"position\":2,\"name\":\"Prefeitura de Manaus realiza promo\u00e7\u00e3o \u2018M\u00eas dos Namorados\u2019 nas galerias populares e shopping Phelippe Daou\"}]},{\"@type\":\"WebSite\",\"@id\":\"https:\/\/www.manaus.am.gov.br\/semtepi\/#website\",\"url\":\"https:\/\/www.manaus.am.gov.br\/semtepi\/\",\"name\":\"SEMTEPI\",\"description\":\"Prefeitura de Manaus\",\"publisher\":{\"@id\":\"https:\/\/www.manaus.am.gov.br\/semtepi\/#organization\"},\"alternateName\":\"Secretaria Municipal do Trabalho, Empreendedorismo e Inova\u00e7\u00e3o\",\"potentialAction\":[{\"@type\":\"SearchAction\",\"target\":{\"@type\":\"EntryPoint\",\"urlTemplate\":\"https:\/\/www.manaus.am.gov.br\/semtepi\/?s={search_term_string}\"},\"query-input\":\"required name=search_term_string\"}],\"inLanguage\":\"pt-BR\"},{\"@type\":\"Organization\",\"@id\":\"https:\/\/www.manaus.am.gov.br\/semtepi\/#organization\",\"name\":\"Prefeitura Municipal de Manaus\",\"alternateName\":\"Prefeitura de Manaus\",\"url\":\"https:\/\/www.manaus.am.gov.br\/semtepi\/\",\"logo\":{\"@type\":\"ImageObject\",\"inLanguage\":\"pt-BR\",\"@id\":\"https:\/\/www.manaus.am.gov.br\/semtepi\/#\/schema\/logo\/image\/\",\"url\":\"https:\/\/www.manaus.am.gov.br\/semtepi\/wp-content\/uploads\/sites\/20\/2024\/07\/favicon.png\",\"contentUrl\":\"https:\/\/www.manaus.am.gov.br\/semtepi\/wp-content\/uploads\/sites\/20\/2024\/07\/favicon.png\",\"width\":300,\"height\":300,\"caption\":\"Prefeitura Municipal de Manaus\"},\"image\":{\"@id\":\"https:\/\/www.manaus.am.gov.br\/semtepi\/#\/schema\/logo\/image\/\"}},{\"@type\":\"Person\",\"@id\":\"https:\/\/www.manaus.am.gov.br\/semtepi\/#\/schema\/person\/d0a166b5031154c33c77794ddc9a827e\",\"name\":\"Cl\u00e1udia Barbosa\",\"image\":{\"@type\":\"ImageObject\",\"inLanguage\":\"pt-BR\",\"@id\":\"https:\/\/www.manaus.am.gov.br\/semtepi\/#\/schema\/person\/image\/\",\"url\":\"https:\/\/secure.gravatar.com\/avatar\/42958a1cf007f1a00534009218c72590?s=96&d=mm&r=g\",\"contentUrl\":\"https:\/\/secure.gravatar.com\/avatar\/42958a1cf007f1a00534009218c72590?s=96&d=mm&r=g\",\"caption\":\"Cl\u00e1udia Barbosa\"}}]}<\/script>\n<!-- \/ Yoast SEO plugin. -->","yoast_head_json":{"title":"Prefeitura de Manaus realiza promo\u00e7\u00e3o \u2018M\u00eas dos Namorados\u2019 nas galerias populares e shopping Phelippe Daou - SEMTEPI","description":"Com o objetivo de impulsionar o com\u00e9rcio local e a gera\u00e7\u00e3o de renda, a Prefeitura de Manaus, por meio da Secretaria Municipal do Trabalho, Empreendedorismo e Inova\u00e7\u00e3o (Semtepi), promove, durante o m\u00eas de junho, a promo\u00e7\u00e3o \u201cM\u00eas dos Namorados\u201d, nas galerias populares e shopping Phelippe Daou.","robots":{"index":"noindex","follow":"follow"},"og_locale":"pt_BR","og_type":"article","og_title":"Prefeitura de Manaus realiza promo\u00e7\u00e3o \u2018M\u00eas dos Namorados\u2019 nas galerias populares e shopping Phelippe Daou - SEMTEPI","og_description":"Com o objetivo de impulsionar o com\u00e9rcio local e a gera\u00e7\u00e3o de renda, a Prefeitura de Manaus, por meio da Secretaria Municipal do Trabalho, Empreendedorismo e Inova\u00e7\u00e3o (Semtepi), promove, durante o m\u00eas de junho, a promo\u00e7\u00e3o \u201cM\u00eas dos Namorados\u201d, nas galerias populares e shopping Phelippe Daou.","og_url":"https:\/\/www.manaus.am.gov.br\/semtepi\/comercio\/prefeitura-de-manaus-realiza-promocao-mes-dos-namorados-nas-galerias-populares-e-shopping-phelippe-daou\/","og_site_name":"SEMTEPI","article_published_time":"2023-06-06T20:50:58+00:00","article_modified_time":"2023-06-06T20:50:59+00:00","og_image":[{"width":2560,"height":1707,"url":"https:\/\/www.manaus.am.gov.br\/semtepi\/wp-content\/uploads\/sites\/20\/2023\/06\/52214304731_1f3ecf43ef_o-scaled.jpg","type":"image\/jpeg"}],"author":"Cl\u00e1udia Barbosa","twitter_card":"summary_large_image","twitter_misc":{"Written by":"Cl\u00e1udia Barbosa","Est. reading time":"2 minutos"},"schema":{"@context":"https:\/\/schema.org","@graph":[{"@type":"Article","@id":"https:\/\/www.manaus.am.gov.br\/semtepi\/comercio\/prefeitura-de-manaus-realiza-promocao-mes-dos-namorados-nas-galerias-populares-e-shopping-phelippe-daou\/#article","isPartOf":{"@id":"https:\/\/www.manaus.am.gov.br\/semtepi\/comercio\/prefeitura-de-manaus-realiza-promocao-mes-dos-namorados-nas-galerias-populares-e-shopping-phelippe-daou\/"},"author":{"name":"Cl\u00e1udia Barbosa","@id":"https:\/\/www.manaus.am.gov.br\/semtepi\/#\/schema\/person\/d0a166b5031154c33c77794ddc9a827e"},"headline":"Prefeitura de Manaus realiza promo\u00e7\u00e3o \u2018M\u00eas dos Namorados\u2019 nas galerias populares e shopping Phelippe Daou","datePublished":"2023-06-06T20:50:58+00:00","dateModified":"2023-06-06T20:50:59+00:00","mainEntityOfPage":{"@id":"https:\/\/www.manaus.am.gov.br\/semtepi\/comercio\/prefeitura-de-manaus-realiza-promocao-mes-dos-namorados-nas-galerias-populares-e-shopping-phelippe-daou\/"},"wordCount":306,"publisher":{"@id":"https:\/\/www.manaus.am.gov.br\/semtepi\/#organization"},"image":{"@id":"https:\/\/www.manaus.am.gov.br\/semtepi\/comercio\/prefeitura-de-manaus-realiza-promocao-mes-dos-namorados-nas-galerias-populares-e-shopping-phelippe-daou\/#primaryimage"},"thumbnailUrl":"https:\/\/www.manaus.am.gov.br\/semtepi\/wp-content\/uploads\/sites\/20\/2023\/06\/52214304731_1f3ecf43ef_o-scaled.jpg","keywords":["galeria dos rem\u00e9dios","Galeria Esp\u00edrito Santo","galerias populares","M\u00eas dos Namorados","prefeitura de manaus","Radyr J\u00fanior","Semtepi","shopping phelippe daou","sorteios"],"articleSection":["Com\u00e9rcio"],"inLanguage":"pt-BR"},{"@type":"WebPage","@id":"https:\/\/www.manaus.am.gov.br\/semtepi\/comercio\/prefeitura-de-manaus-realiza-promocao-mes-dos-namorados-nas-galerias-populares-e-shopping-phelippe-daou\/","url":"https:\/\/www.manaus.am.gov.br\/semtepi\/comercio\/prefeitura-de-manaus-realiza-promocao-mes-dos-namorados-nas-galerias-populares-e-shopping-phelippe-daou\/","name":"Prefeitura de Manaus realiza promo\u00e7\u00e3o \u2018M\u00eas dos Namorados\u2019 nas galerias populares e shopping Phelippe Daou - SEMTEPI","isPartOf":{"@id":"https:\/\/www.manaus.am.gov.br\/semtepi\/#website"},"primaryImageOfPage":{"@id":"https:\/\/www.manaus.am.gov.br\/semtepi\/comercio\/prefeitura-de-manaus-realiza-promocao-mes-dos-namorados-nas-galerias-populares-e-shopping-phelippe-daou\/#primaryimage"},"image":{"@id":"https:\/\/www.manaus.am.gov.br\/semtepi\/comercio\/prefeitura-de-manaus-realiza-promocao-mes-dos-namorados-nas-galerias-populares-e-shopping-phelippe-daou\/#primaryimage"},"thumbnailUrl":"https:\/\/www.manaus.am.gov.br\/semtepi\/wp-content\/uploads\/sites\/20\/2023\/06\/52214304731_1f3ecf43ef_o-scaled.jpg","datePublished":"2023-06-06T20:50:58+00:00","dateModified":"2023-06-06T20:50:59+00:00","description":"Com o objetivo de impulsionar o com\u00e9rcio local e a gera\u00e7\u00e3o de renda, a Prefeitura de Manaus, por meio da Secretaria Municipal do Trabalho, Empreendedorismo e Inova\u00e7\u00e3o (Semtepi), promove, durante o m\u00eas de junho, a promo\u00e7\u00e3o \u201cM\u00eas dos Namorados\u201d, nas galerias populares e shopping Phelippe Daou.","breadcrumb":{"@id":"https:\/\/www.manaus.am.gov.br\/semtepi\/comercio\/prefeitura-de-manaus-realiza-promocao-mes-dos-namorados-nas-galerias-populares-e-shopping-phelippe-daou\/#breadcrumb"},"inLanguage":"pt-BR","potentialAction":[{"@type":"ReadAction","target":["https:\/\/www.manaus.am.gov.br\/semtepi\/comercio\/prefeitura-de-manaus-realiza-promocao-mes-dos-namorados-nas-galerias-populares-e-shopping-phelippe-daou\/"]}]},{"@type":"ImageObject","inLanguage":"pt-BR","@id":"https:\/\/www.manaus.am.gov.br\/semtepi\/comercio\/prefeitura-de-manaus-realiza-promocao-mes-dos-namorados-nas-galerias-populares-e-shopping-phelippe-daou\/#primaryimage","url":"https:\/\/www.manaus.am.gov.br\/semtepi\/wp-content\/uploads\/sites\/20\/2023\/06\/52214304731_1f3ecf43ef_o-scaled.jpg","contentUrl":"https:\/\/www.manaus.am.gov.br\/semtepi\/wp-content\/uploads\/sites\/20\/2023\/06\/52214304731_1f3ecf43ef_o-scaled.jpg","width":2560,"height":1707},{"@type":"BreadcrumbList","@id":"https:\/\/www.manaus.am.gov.br\/semtepi\/comercio\/prefeitura-de-manaus-realiza-promocao-mes-dos-namorados-nas-galerias-populares-e-shopping-phelippe-daou\/#breadcrumb","itemListElement":[{"@type":"ListItem","position":1,"name":"Home","item":"https:\/\/www.manaus.am.gov.br\/semtepi\/"},{"@type":"ListItem","position":2,"name":"Prefeitura de Manaus realiza promo\u00e7\u00e3o \u2018M\u00eas dos Namorados\u2019 nas galerias populares e shopping Phelippe Daou"}]},{"@type":"WebSite","@id":"https:\/\/www.manaus.am.gov.br\/semtepi\/#website","url":"https:\/\/www.manaus.am.gov.br\/semtepi\/","name":"SEMTEPI","description":"Prefeitura de Manaus","publisher":{"@id":"https:\/\/www.manaus.am.gov.br\/semtepi\/#organization"},"alternateName":"Secretaria Municipal do Trabalho, Empreendedorismo e Inova\u00e7\u00e3o","potentialAction":[{"@type":"SearchAction","target":{"@type":"EntryPoint","urlTemplate":"https:\/\/www.manaus.am.gov.br\/semtepi\/?s={search_term_string}"},"query-input":"required name=search_term_string"}],"inLanguage":"pt-BR"},{"@type":"Organization","@id":"https:\/\/www.manaus.am.gov.br\/semtepi\/#organization","name":"Prefeitura Municipal de Manaus","alternateName":"Prefeitura de Manaus","url":"https:\/\/www.manaus.am.gov.br\/semtepi\/","logo":{"@type":"ImageObject","inLanguage":"pt-BR","@id":"https:\/\/www.manaus.am.gov.br\/semtepi\/#\/schema\/logo\/image\/","url":"https:\/\/www.manaus.am.gov.br\/semtepi\/wp-content\/uploads\/sites\/20\/2024\/07\/favicon.png","contentUrl":"https:\/\/www.manaus.am.gov.br\/semtepi\/wp-content\/uploads\/sites\/20\/2024\/07\/favicon.png","width":300,"height":300,"caption":"Prefeitura Municipal de Manaus"},"image":{"@id":"https:\/\/www.manaus.am.gov.br\/semtepi\/#\/schema\/logo\/image\/"}},{"@type":"Person","@id":"https:\/\/www.manaus.am.gov.br\/semtepi\/#\/schema\/person\/d0a166b5031154c33c77794ddc9a827e","name":"Cl\u00e1udia Barbosa","image":{"@type":"ImageObject","inLanguage":"pt-BR","@id":"https:\/\/www.manaus.am.gov.br\/semtepi\/#\/schema\/person\/image\/","url":"https:\/\/secure.gravatar.com\/avatar\/42958a1cf007f1a00534009218c72590?s=96&d=mm&r=g","contentUrl":"https:\/\/secure.gravatar.com\/avatar\/42958a1cf007f1a00534009218c72590?s=96&d=mm&r=g","caption":"Cl\u00e1udia Barbosa"}}]}},"_links":{"self":[{"href":"https:\/\/www.manaus.am.gov.br\/semtepi\/wp-json\/wp\/v2\/posts\/2002"}],"collection":[{"href":"https:\/\/www.manaus.am.gov.br\/semtepi\/wp-json\/wp\/v2\/posts"}],"about":[{"href":"https:\/\/www.manaus.am.gov.br\/semtepi\/wp-json\/wp\/v2\/types\/post"}],"author":[{"embeddable":true,"href":"https:\/\/www.manaus.am.gov.br\/semtepi\/wp-json\/wp\/v2\/users\/24"}],"replies":[{"embeddable":true,"href":"https:\/\/www.manaus.am.gov.br\/semtepi\/wp-json\/wp\/v2\/comments?post=2002"}],"version-history":[{"count":0,"href":"https:\/\/www.manaus.am.gov.br\/semtepi\/wp-json\/wp\/v2\/posts\/2002\/revisions"}],"wp:featuredmedia":[{"embeddable":true,"href":"https:\/\/www.manaus.am.gov.br\/semtepi\/wp-json\/wp\/v2\/media\/2003"}],"wp:attachment":[{"href":"https:\/\/www.manaus.am.gov.br\/semtepi\/wp-json\/wp\/v2\/media?parent=2002"}],"wp:term":[{"taxonomy":"category","embeddable":true,"href":"https:\/\/www.manaus.am.gov.br\/semtepi\/wp-json\/wp\/v2\/categories?post=2002"},{"taxonomy":"post_tag","embeddable":true,"href":"https:\/\/www.manaus.am.gov.br\/semtepi\/wp-json\/wp\/v2\/tags?post=2002"}],"curies":[{"name":"wp","href":"https:\/\/api.w.org\/{rel}","templated":true}]}}