{"id":1945,"date":"2022-09-09T17:06:36","date_gmt":"2022-09-09T21:06:36","guid":{"rendered":"https:\/\/www.manaus.am.gov.br\/semtepi\/sem-categoria\/feiras-de-artesanato-itinerante-faturam-mais-de-67-mil-reais-em-agosto\/"},"modified":"2023-05-31T09:53:41","modified_gmt":"2023-05-31T13:53:41","slug":"feiras-de-artesanato-itinerante-faturam-mais-de-67-mil-reais-em-agosto","status":"publish","type":"post","link":"https:\/\/www.manaus.am.gov.br\/semtepi\/economia-criativa\/feiras-de-artesanato-itinerante-faturam-mais-de-67-mil-reais-em-agosto\/","title":{"rendered":"Feiras de Artesanato Itinerante faturam mais de 67 mil reais em agosto"},"content":{"rendered":"\n<p>Os 31 dias de agosto na Prefeitura de Manaus foram marcados por diversas a\u00e7\u00f5es voltadas ao empreendedorismo e \u00e0 gera\u00e7\u00e3o de renda para os empreendedores da capital. Durante o m\u00eas, as&nbsp;Feiras de Artesanato, promovidas pela Secretaria Municipal do Trabalho, Empreendedorismo e Inova\u00e7\u00e3o (Semtepi), movimentaram a economia com o faturamento no valor total de R$ 67.424,50.<\/p>\n\n\n\n<p>Conforme dados do Departamento de Economia Solid\u00e1ria e Criativa (Desc), atualmente a Semtepi tem em torno de 1,5 mil artes\u00e3os cadastrados. Somente no m\u00eas de agosto foram realizados seis eventos de incentivo ao empreendedorismo, com 115 oportunidades ofertadas. Al\u00e9m disso, o valor do faturamento por encomendas de R$ 10.172,50 foi importante para somar ao valor de vendas presencial de R$ 57.252,00.<\/p>\n\n\n\n<p>De acordo com o diretor do Desc, Sidnei Magalh\u00e3es, o valor total do faturamento se classifica como o terceiro maior faturamento mensal do ano de 2022. Ele explica que as feiras n\u00e3o param, pois ainda continuam sendo realizadas no complexo tur\u00edstico da Ponta Negra, na zona Oeste da capital.<\/p>\n\n\n\n<p>\u201cEncerramos o m\u00eas de agosto e tivemos seis eventos realizados com um faturamento muito grande. Isso significa o terceiro maior faturamento mensal durante este ano. Ent\u00e3o, atendemos mais de 100 oportunidades de exposi\u00e7\u00e3o para as pessoas participarem dos eventos e a gera\u00e7\u00e3o de renda foi bem alta para esse grupo. Enfim, foi um resultado muito bom para n\u00f3s, porque o trabalho foi realizado em grande parte aos finais de semana e ainda estamos trabalhando na feira da Ponta Negra. \u00c9 muito gratificante, porque rendeu bastante para os nossos artes\u00e3os\u201d, ressalta Sidnei.<\/p>\n\n\n\n<p>Na gest\u00e3o do prefeito David Almeida, as feiras itinerantes t\u00eam a finalidade de movimentar a economia para que artes\u00e3os possam expor as mercadorias, com espa\u00e7os estrat\u00e9gicos e estrutura para a venda dos produtos, al\u00e9m de promover capacita\u00e7\u00e3o empreendedora, como forma de refor\u00e7ar a renda de v\u00e1rias fam\u00edlias em Manaus.<\/p>\n\n\n\n<hr class=\"wp-block-separator has-alpha-channel-opacity\"\/>\n\n\n\n<p><strong>Texto \u2013&nbsp;<\/strong>Fabiane Monteiro \/ Semtepi<br><strong>Fotos<\/strong>&nbsp;\u2013 Divulga\u00e7\u00e3o \/ Arquivo Semtepi<br><strong>Dispon\u00edveis em &#8211;<\/strong>&nbsp;<a href=\"https:\/\/flic.kr\/s\/aHsmWmPcMn\">https:\/\/flic.kr\/s\/aHsmWmPcMn<\/a><\/p>\n\n\n\n<p>&nbsp;<\/p>\n","protected":false},"excerpt":{"rendered":"","protected":false},"author":24,"featured_media":1946,"comment_status":"closed","ping_status":"closed","sticky":false,"template":"","format":"standard","meta":{"footnotes":""},"categories":[188],"tags":[189,121,190,191,8,192,9,193],"acf":[],"yoast_head":"<!-- This site is optimized with the Yoast SEO plugin v23.0 - https:\/\/yoast.com\/wordpress\/plugins\/seo\/ -->\n<title>Feiras de Artesanato Itinerante faturam mais de 67 mil reais em agosto - SEMTEPI<\/title>\n<meta name=\"robots\" content=\"noindex, follow\" \/>\n<meta property=\"og:locale\" content=\"pt_BR\" \/>\n<meta property=\"og:type\" content=\"article\" \/>\n<meta property=\"og:title\" content=\"Feiras de Artesanato Itinerante faturam mais de 67 mil reais em agosto - SEMTEPI\" \/>\n<meta property=\"og:url\" content=\"https:\/\/www.manaus.am.gov.br\/semtepi\/economia-criativa\/feiras-de-artesanato-itinerante-faturam-mais-de-67-mil-reais-em-agosto\/\" \/>\n<meta property=\"og:site_name\" content=\"SEMTEPI\" \/>\n<meta property=\"article:published_time\" content=\"2022-09-09T21:06:36+00:00\" \/>\n<meta property=\"article:modified_time\" content=\"2023-05-31T13:53:41+00:00\" \/>\n<meta property=\"og:image\" content=\"https:\/\/www.manaus.am.gov.br\/semtepi\/wp-content\/uploads\/sites\/20\/2023\/05\/Feiras-de-Artesanato-Itinerante-faturam-mais-de-67-mil-reais-em-agosto.jpg\" \/>\n\t<meta property=\"og:image:width\" content=\"720\" \/>\n\t<meta property=\"og:image:height\" content=\"407\" \/>\n\t<meta property=\"og:image:type\" content=\"image\/jpeg\" \/>\n<meta name=\"author\" content=\"Cl\u00e1udia Barbosa\" \/>\n<meta name=\"twitter:card\" content=\"summary_large_image\" \/>\n<meta name=\"twitter:label1\" content=\"Written by\" \/>\n\t<meta name=\"twitter:data1\" content=\"Cl\u00e1udia Barbosa\" \/>\n\t<meta name=\"twitter:label2\" content=\"Est. reading time\" \/>\n\t<meta name=\"twitter:data2\" content=\"2 minutos\" \/>\n<script type=\"application\/ld+json\" class=\"yoast-schema-graph\">{\"@context\":\"https:\/\/schema.org\",\"@graph\":[{\"@type\":\"Article\",\"@id\":\"https:\/\/www.manaus.am.gov.br\/semtepi\/economia-criativa\/feiras-de-artesanato-itinerante-faturam-mais-de-67-mil-reais-em-agosto\/#article\",\"isPartOf\":{\"@id\":\"https:\/\/www.manaus.am.gov.br\/semtepi\/economia-criativa\/feiras-de-artesanato-itinerante-faturam-mais-de-67-mil-reais-em-agosto\/\"},\"author\":{\"name\":\"Cl\u00e1udia Barbosa\",\"@id\":\"https:\/\/www.manaus.am.gov.br\/semtepi\/#\/schema\/person\/d0a166b5031154c33c77794ddc9a827e\"},\"headline\":\"Feiras de Artesanato Itinerante faturam mais de 67 mil reais em agosto\",\"datePublished\":\"2022-09-09T21:06:36+00:00\",\"dateModified\":\"2023-05-31T13:53:41+00:00\",\"mainEntityOfPage\":{\"@id\":\"https:\/\/www.manaus.am.gov.br\/semtepi\/economia-criativa\/feiras-de-artesanato-itinerante-faturam-mais-de-67-mil-reais-em-agosto\/\"},\"wordCount\":357,\"publisher\":{\"@id\":\"https:\/\/www.manaus.am.gov.br\/semtepi\/#organization\"},\"image\":{\"@id\":\"https:\/\/www.manaus.am.gov.br\/semtepi\/economia-criativa\/feiras-de-artesanato-itinerante-faturam-mais-de-67-mil-reais-em-agosto\/#primaryimage\"},\"thumbnailUrl\":\"https:\/\/www.manaus.am.gov.br\/semtepi\/wp-content\/uploads\/sites\/20\/2023\/05\/Feiras-de-Artesanato-Itinerante-faturam-mais-de-67-mil-reais-em-agosto.jpg\",\"keywords\":[\"agosto\",\"empreendedorismo\",\"empreendedorismo e inova\u00e7\u00e3o\",\"feiras de artesanato\",\"prefeitura de manaus\",\"Secretaria Municipal do Trabalho\",\"Semtepi\",\"Sidnei Magalh\u00e3es\"],\"articleSection\":[\"Economia Criativa\"],\"inLanguage\":\"pt-BR\"},{\"@type\":\"WebPage\",\"@id\":\"https:\/\/www.manaus.am.gov.br\/semtepi\/economia-criativa\/feiras-de-artesanato-itinerante-faturam-mais-de-67-mil-reais-em-agosto\/\",\"url\":\"https:\/\/www.manaus.am.gov.br\/semtepi\/economia-criativa\/feiras-de-artesanato-itinerante-faturam-mais-de-67-mil-reais-em-agosto\/\",\"name\":\"Feiras de Artesanato Itinerante faturam mais de 67 mil reais em agosto - SEMTEPI\",\"isPartOf\":{\"@id\":\"https:\/\/www.manaus.am.gov.br\/semtepi\/#website\"},\"primaryImageOfPage\":{\"@id\":\"https:\/\/www.manaus.am.gov.br\/semtepi\/economia-criativa\/feiras-de-artesanato-itinerante-faturam-mais-de-67-mil-reais-em-agosto\/#primaryimage\"},\"image\":{\"@id\":\"https:\/\/www.manaus.am.gov.br\/semtepi\/economia-criativa\/feiras-de-artesanato-itinerante-faturam-mais-de-67-mil-reais-em-agosto\/#primaryimage\"},\"thumbnailUrl\":\"https:\/\/www.manaus.am.gov.br\/semtepi\/wp-content\/uploads\/sites\/20\/2023\/05\/Feiras-de-Artesanato-Itinerante-faturam-mais-de-67-mil-reais-em-agosto.jpg\",\"datePublished\":\"2022-09-09T21:06:36+00:00\",\"dateModified\":\"2023-05-31T13:53:41+00:00\",\"breadcrumb\":{\"@id\":\"https:\/\/www.manaus.am.gov.br\/semtepi\/economia-criativa\/feiras-de-artesanato-itinerante-faturam-mais-de-67-mil-reais-em-agosto\/#breadcrumb\"},\"inLanguage\":\"pt-BR\",\"potentialAction\":[{\"@type\":\"ReadAction\",\"target\":[\"https:\/\/www.manaus.am.gov.br\/semtepi\/economia-criativa\/feiras-de-artesanato-itinerante-faturam-mais-de-67-mil-reais-em-agosto\/\"]}]},{\"@type\":\"ImageObject\",\"inLanguage\":\"pt-BR\",\"@id\":\"https:\/\/www.manaus.am.gov.br\/semtepi\/economia-criativa\/feiras-de-artesanato-itinerante-faturam-mais-de-67-mil-reais-em-agosto\/#primaryimage\",\"url\":\"https:\/\/www.manaus.am.gov.br\/semtepi\/wp-content\/uploads\/sites\/20\/2023\/05\/Feiras-de-Artesanato-Itinerante-faturam-mais-de-67-mil-reais-em-agosto.jpg\",\"contentUrl\":\"https:\/\/www.manaus.am.gov.br\/semtepi\/wp-content\/uploads\/sites\/20\/2023\/05\/Feiras-de-Artesanato-Itinerante-faturam-mais-de-67-mil-reais-em-agosto.jpg\",\"width\":720,\"height\":407,\"caption\":\"Feiras de Artesanato Itinerante faturam mais de 67 mil reais em agosto\"},{\"@type\":\"BreadcrumbList\",\"@id\":\"https:\/\/www.manaus.am.gov.br\/semtepi\/economia-criativa\/feiras-de-artesanato-itinerante-faturam-mais-de-67-mil-reais-em-agosto\/#breadcrumb\",\"itemListElement\":[{\"@type\":\"ListItem\",\"position\":1,\"name\":\"Home\",\"item\":\"https:\/\/www.manaus.am.gov.br\/semtepi\/\"},{\"@type\":\"ListItem\",\"position\":2,\"name\":\"Feiras de Artesanato Itinerante faturam mais de 67 mil reais em agosto\"}]},{\"@type\":\"WebSite\",\"@id\":\"https:\/\/www.manaus.am.gov.br\/semtepi\/#website\",\"url\":\"https:\/\/www.manaus.am.gov.br\/semtepi\/\",\"name\":\"SEMTEPI\",\"description\":\"Prefeitura de Manaus\",\"publisher\":{\"@id\":\"https:\/\/www.manaus.am.gov.br\/semtepi\/#organization\"},\"alternateName\":\"Secretaria Municipal do Trabalho, Empreendedorismo e Inova\u00e7\u00e3o\",\"potentialAction\":[{\"@type\":\"SearchAction\",\"target\":{\"@type\":\"EntryPoint\",\"urlTemplate\":\"https:\/\/www.manaus.am.gov.br\/semtepi\/?s={search_term_string}\"},\"query-input\":\"required name=search_term_string\"}],\"inLanguage\":\"pt-BR\"},{\"@type\":\"Organization\",\"@id\":\"https:\/\/www.manaus.am.gov.br\/semtepi\/#organization\",\"name\":\"Prefeitura Municipal de Manaus\",\"alternateName\":\"Prefeitura de Manaus\",\"url\":\"https:\/\/www.manaus.am.gov.br\/semtepi\/\",\"logo\":{\"@type\":\"ImageObject\",\"inLanguage\":\"pt-BR\",\"@id\":\"https:\/\/www.manaus.am.gov.br\/semtepi\/#\/schema\/logo\/image\/\",\"url\":\"https:\/\/www.manaus.am.gov.br\/semtepi\/wp-content\/uploads\/sites\/20\/2024\/07\/favicon.png\",\"contentUrl\":\"https:\/\/www.manaus.am.gov.br\/semtepi\/wp-content\/uploads\/sites\/20\/2024\/07\/favicon.png\",\"width\":300,\"height\":300,\"caption\":\"Prefeitura Municipal de Manaus\"},\"image\":{\"@id\":\"https:\/\/www.manaus.am.gov.br\/semtepi\/#\/schema\/logo\/image\/\"}},{\"@type\":\"Person\",\"@id\":\"https:\/\/www.manaus.am.gov.br\/semtepi\/#\/schema\/person\/d0a166b5031154c33c77794ddc9a827e\",\"name\":\"Cl\u00e1udia Barbosa\",\"image\":{\"@type\":\"ImageObject\",\"inLanguage\":\"pt-BR\",\"@id\":\"https:\/\/www.manaus.am.gov.br\/semtepi\/#\/schema\/person\/image\/\",\"url\":\"https:\/\/secure.gravatar.com\/avatar\/42958a1cf007f1a00534009218c72590?s=96&d=mm&r=g\",\"contentUrl\":\"https:\/\/secure.gravatar.com\/avatar\/42958a1cf007f1a00534009218c72590?s=96&d=mm&r=g\",\"caption\":\"Cl\u00e1udia Barbosa\"}}]}<\/script>\n<!-- \/ Yoast SEO plugin. -->","yoast_head_json":{"title":"Feiras de Artesanato Itinerante faturam mais de 67 mil reais em agosto - SEMTEPI","robots":{"index":"noindex","follow":"follow"},"og_locale":"pt_BR","og_type":"article","og_title":"Feiras de Artesanato Itinerante faturam mais de 67 mil reais em agosto - SEMTEPI","og_url":"https:\/\/www.manaus.am.gov.br\/semtepi\/economia-criativa\/feiras-de-artesanato-itinerante-faturam-mais-de-67-mil-reais-em-agosto\/","og_site_name":"SEMTEPI","article_published_time":"2022-09-09T21:06:36+00:00","article_modified_time":"2023-05-31T13:53:41+00:00","og_image":[{"width":720,"height":407,"url":"https:\/\/www.manaus.am.gov.br\/semtepi\/wp-content\/uploads\/sites\/20\/2023\/05\/Feiras-de-Artesanato-Itinerante-faturam-mais-de-67-mil-reais-em-agosto.jpg","type":"image\/jpeg"}],"author":"Cl\u00e1udia Barbosa","twitter_card":"summary_large_image","twitter_misc":{"Written by":"Cl\u00e1udia Barbosa","Est. reading time":"2 minutos"},"schema":{"@context":"https:\/\/schema.org","@graph":[{"@type":"Article","@id":"https:\/\/www.manaus.am.gov.br\/semtepi\/economia-criativa\/feiras-de-artesanato-itinerante-faturam-mais-de-67-mil-reais-em-agosto\/#article","isPartOf":{"@id":"https:\/\/www.manaus.am.gov.br\/semtepi\/economia-criativa\/feiras-de-artesanato-itinerante-faturam-mais-de-67-mil-reais-em-agosto\/"},"author":{"name":"Cl\u00e1udia Barbosa","@id":"https:\/\/www.manaus.am.gov.br\/semtepi\/#\/schema\/person\/d0a166b5031154c33c77794ddc9a827e"},"headline":"Feiras de Artesanato Itinerante faturam mais de 67 mil reais em agosto","datePublished":"2022-09-09T21:06:36+00:00","dateModified":"2023-05-31T13:53:41+00:00","mainEntityOfPage":{"@id":"https:\/\/www.manaus.am.gov.br\/semtepi\/economia-criativa\/feiras-de-artesanato-itinerante-faturam-mais-de-67-mil-reais-em-agosto\/"},"wordCount":357,"publisher":{"@id":"https:\/\/www.manaus.am.gov.br\/semtepi\/#organization"},"image":{"@id":"https:\/\/www.manaus.am.gov.br\/semtepi\/economia-criativa\/feiras-de-artesanato-itinerante-faturam-mais-de-67-mil-reais-em-agosto\/#primaryimage"},"thumbnailUrl":"https:\/\/www.manaus.am.gov.br\/semtepi\/wp-content\/uploads\/sites\/20\/2023\/05\/Feiras-de-Artesanato-Itinerante-faturam-mais-de-67-mil-reais-em-agosto.jpg","keywords":["agosto","empreendedorismo","empreendedorismo e inova\u00e7\u00e3o","feiras de artesanato","prefeitura de manaus","Secretaria Municipal do Trabalho","Semtepi","Sidnei Magalh\u00e3es"],"articleSection":["Economia Criativa"],"inLanguage":"pt-BR"},{"@type":"WebPage","@id":"https:\/\/www.manaus.am.gov.br\/semtepi\/economia-criativa\/feiras-de-artesanato-itinerante-faturam-mais-de-67-mil-reais-em-agosto\/","url":"https:\/\/www.manaus.am.gov.br\/semtepi\/economia-criativa\/feiras-de-artesanato-itinerante-faturam-mais-de-67-mil-reais-em-agosto\/","name":"Feiras de Artesanato Itinerante faturam mais de 67 mil reais em agosto - SEMTEPI","isPartOf":{"@id":"https:\/\/www.manaus.am.gov.br\/semtepi\/#website"},"primaryImageOfPage":{"@id":"https:\/\/www.manaus.am.gov.br\/semtepi\/economia-criativa\/feiras-de-artesanato-itinerante-faturam-mais-de-67-mil-reais-em-agosto\/#primaryimage"},"image":{"@id":"https:\/\/www.manaus.am.gov.br\/semtepi\/economia-criativa\/feiras-de-artesanato-itinerante-faturam-mais-de-67-mil-reais-em-agosto\/#primaryimage"},"thumbnailUrl":"https:\/\/www.manaus.am.gov.br\/semtepi\/wp-content\/uploads\/sites\/20\/2023\/05\/Feiras-de-Artesanato-Itinerante-faturam-mais-de-67-mil-reais-em-agosto.jpg","datePublished":"2022-09-09T21:06:36+00:00","dateModified":"2023-05-31T13:53:41+00:00","breadcrumb":{"@id":"https:\/\/www.manaus.am.gov.br\/semtepi\/economia-criativa\/feiras-de-artesanato-itinerante-faturam-mais-de-67-mil-reais-em-agosto\/#breadcrumb"},"inLanguage":"pt-BR","potentialAction":[{"@type":"ReadAction","target":["https:\/\/www.manaus.am.gov.br\/semtepi\/economia-criativa\/feiras-de-artesanato-itinerante-faturam-mais-de-67-mil-reais-em-agosto\/"]}]},{"@type":"ImageObject","inLanguage":"pt-BR","@id":"https:\/\/www.manaus.am.gov.br\/semtepi\/economia-criativa\/feiras-de-artesanato-itinerante-faturam-mais-de-67-mil-reais-em-agosto\/#primaryimage","url":"https:\/\/www.manaus.am.gov.br\/semtepi\/wp-content\/uploads\/sites\/20\/2023\/05\/Feiras-de-Artesanato-Itinerante-faturam-mais-de-67-mil-reais-em-agosto.jpg","contentUrl":"https:\/\/www.manaus.am.gov.br\/semtepi\/wp-content\/uploads\/sites\/20\/2023\/05\/Feiras-de-Artesanato-Itinerante-faturam-mais-de-67-mil-reais-em-agosto.jpg","width":720,"height":407,"caption":"Feiras de Artesanato Itinerante faturam mais de 67 mil reais em agosto"},{"@type":"BreadcrumbList","@id":"https:\/\/www.manaus.am.gov.br\/semtepi\/economia-criativa\/feiras-de-artesanato-itinerante-faturam-mais-de-67-mil-reais-em-agosto\/#breadcrumb","itemListElement":[{"@type":"ListItem","position":1,"name":"Home","item":"https:\/\/www.manaus.am.gov.br\/semtepi\/"},{"@type":"ListItem","position":2,"name":"Feiras de Artesanato Itinerante faturam mais de 67 mil reais em agosto"}]},{"@type":"WebSite","@id":"https:\/\/www.manaus.am.gov.br\/semtepi\/#website","url":"https:\/\/www.manaus.am.gov.br\/semtepi\/","name":"SEMTEPI","description":"Prefeitura de Manaus","publisher":{"@id":"https:\/\/www.manaus.am.gov.br\/semtepi\/#organization"},"alternateName":"Secretaria Municipal do Trabalho, Empreendedorismo e Inova\u00e7\u00e3o","potentialAction":[{"@type":"SearchAction","target":{"@type":"EntryPoint","urlTemplate":"https:\/\/www.manaus.am.gov.br\/semtepi\/?s={search_term_string}"},"query-input":"required name=search_term_string"}],"inLanguage":"pt-BR"},{"@type":"Organization","@id":"https:\/\/www.manaus.am.gov.br\/semtepi\/#organization","name":"Prefeitura Municipal de Manaus","alternateName":"Prefeitura de Manaus","url":"https:\/\/www.manaus.am.gov.br\/semtepi\/","logo":{"@type":"ImageObject","inLanguage":"pt-BR","@id":"https:\/\/www.manaus.am.gov.br\/semtepi\/#\/schema\/logo\/image\/","url":"https:\/\/www.manaus.am.gov.br\/semtepi\/wp-content\/uploads\/sites\/20\/2024\/07\/favicon.png","contentUrl":"https:\/\/www.manaus.am.gov.br\/semtepi\/wp-content\/uploads\/sites\/20\/2024\/07\/favicon.png","width":300,"height":300,"caption":"Prefeitura Municipal de Manaus"},"image":{"@id":"https:\/\/www.manaus.am.gov.br\/semtepi\/#\/schema\/logo\/image\/"}},{"@type":"Person","@id":"https:\/\/www.manaus.am.gov.br\/semtepi\/#\/schema\/person\/d0a166b5031154c33c77794ddc9a827e","name":"Cl\u00e1udia Barbosa","image":{"@type":"ImageObject","inLanguage":"pt-BR","@id":"https:\/\/www.manaus.am.gov.br\/semtepi\/#\/schema\/person\/image\/","url":"https:\/\/secure.gravatar.com\/avatar\/42958a1cf007f1a00534009218c72590?s=96&d=mm&r=g","contentUrl":"https:\/\/secure.gravatar.com\/avatar\/42958a1cf007f1a00534009218c72590?s=96&d=mm&r=g","caption":"Cl\u00e1udia Barbosa"}}]}},"_links":{"self":[{"href":"https:\/\/www.manaus.am.gov.br\/semtepi\/wp-json\/wp\/v2\/posts\/1945"}],"collection":[{"href":"https:\/\/www.manaus.am.gov.br\/semtepi\/wp-json\/wp\/v2\/posts"}],"about":[{"href":"https:\/\/www.manaus.am.gov.br\/semtepi\/wp-json\/wp\/v2\/types\/post"}],"author":[{"embeddable":true,"href":"https:\/\/www.manaus.am.gov.br\/semtepi\/wp-json\/wp\/v2\/users\/24"}],"replies":[{"embeddable":true,"href":"https:\/\/www.manaus.am.gov.br\/semtepi\/wp-json\/wp\/v2\/comments?post=1945"}],"version-history":[{"count":0,"href":"https:\/\/www.manaus.am.gov.br\/semtepi\/wp-json\/wp\/v2\/posts\/1945\/revisions"}],"wp:featuredmedia":[{"embeddable":true,"href":"https:\/\/www.manaus.am.gov.br\/semtepi\/wp-json\/wp\/v2\/media\/1946"}],"wp:attachment":[{"href":"https:\/\/www.manaus.am.gov.br\/semtepi\/wp-json\/wp\/v2\/media?parent=1945"}],"wp:term":[{"taxonomy":"category","embeddable":true,"href":"https:\/\/www.manaus.am.gov.br\/semtepi\/wp-json\/wp\/v2\/categories?post=1945"},{"taxonomy":"post_tag","embeddable":true,"href":"https:\/\/www.manaus.am.gov.br\/semtepi\/wp-json\/wp\/v2\/tags?post=1945"}],"curies":[{"name":"wp","href":"https:\/\/api.w.org\/{rel}","templated":true}]}}