{"id":1860,"date":"2023-05-23T19:01:48","date_gmt":"2023-05-23T23:01:48","guid":{"rendered":"https:\/\/www.manaus.am.gov.br\/semtepi\/sem-categoria\/avancos-da-politica-de-emprego-e-renda-em-manaus-sao-apresentados-em-brasilia\/"},"modified":"2023-05-23T19:01:50","modified_gmt":"2023-05-23T23:01:50","slug":"avancos-da-politica-de-emprego-e-renda-em-manaus-sao-apresentados-em-brasilia","status":"publish","type":"post","link":"https:\/\/www.manaus.am.gov.br\/semtepi\/balanco\/avancos-da-politica-de-emprego-e-renda-em-manaus-sao-apresentados-em-brasilia\/","title":{"rendered":"<strong>Avan\u00e7os da pol\u00edtica de emprego e renda em Manaus s\u00e3o apresentados em Bras\u00edlia<\/strong>"},"content":{"rendered":"\n<p>A Prefeitura de Manaus, por meio da Secretaria Municipal do Trabalho, Empreendedorismo e Inova\u00e7\u00e3o (Semtepi), apresentou, nesta ter\u00e7a-feira, 23\/5, no Minist\u00e9rio do Trabalho, em Bras\u00edlia (DF), um balan\u00e7o da pasta dos \u00faltimos dois anos. Entre as principais realiza\u00e7\u00f5es, o titular do \u00f3rg\u00e3o, Radyr J\u00fanior, destacou que a capital amazonense encerrou 2022 como o segundo munic\u00edpio com maior intermedia\u00e7\u00e3o na inser\u00e7\u00e3o de profissionais no mercado de trabalho, ficando atr\u00e1s apenas de S\u00e3o Paulo (SP).<\/p>\n\n\n\n<p>No ano passado, a Prefeitura de Manaus intermediou a contrata\u00e7\u00e3o direta de 5.794 pessoas, enquanto a prefeitura paulistana foi respons\u00e1vel pela coloca\u00e7\u00e3o de 7.928 profissionais. No ano anterior, a capital manauara ocupou a primeira coloca\u00e7\u00e3o entre as cidades, intermediando a ocupa\u00e7\u00e3o de 3.615 vagas.<\/p>\n\n\n\n<p>Com os esfor\u00e7os realizados pela Semtepi, a capital amazonense vem registrando quedas significativas na taxa de desemprego, refletindo uma tend\u00eancia em todo o Estado.<\/p>\n\n\n\n<p>Esse resultado positivo \u00e9 resultado do trabalho de inser\u00e7\u00e3o de novos profissionais no mercado de trabalho e do incentivo ao empreendedorismo na cidade.&nbsp;Agora em 2023, Manaus est\u00e1 com o melhor \u00edndice de intermedia\u00e7\u00e3o na inser\u00e7\u00e3o de novos profissionais.<\/p>\n\n\n\n<p>&#8220;Manaus est\u00e1 mudando seu paradigma, saindo de uma cidade com \u00edndices ruins de empregabilidade e se tornando uma cidade com uma cultura empreendedora&#8221;, afirma o secret\u00e1rio Radyr J\u00fanior.<\/p>\n\n\n\n<p>Durante a reuni\u00e3o no Minist\u00e9rio, ele explicou que para manter esses resultados, \u00e9 necess\u00e1rio criar mecanismos de fomento que compreendam a realidade empreendedora da cidade e fortalecer a rede do Sine. At\u00e9 o momento, foram investidos cerca de R$ 30 milh\u00f5es do Fundo Municipal do Trabalho na melhoria e constru\u00e7\u00e3o de novos espa\u00e7os, al\u00e9m do desenvolvimento de mecanismos de qualifica\u00e7\u00e3o e aproxima\u00e7\u00e3o entre candidatos e empregadores.<\/p>\n\n\n\n<p>Com os resultados alcan\u00e7ados pela cidade, o governo Federal disponibilizou aproximadamente R$ 400 mil para o munic\u00edpio, destinados \u00e0s a\u00e7\u00f5es do Sine.<\/p>\n\n\n\n<p>\u201cO governo Federal (por meio do Minist\u00e9rio do Trabalho) j\u00e1 destinou para Manaus dez vezes mais recursos do que no ano passado para o Sine, porque acreditamos na import\u00e2ncia desse servi\u00e7o como porta de entrada para a retomada da vida do trabalhador&#8221;, afirma Magno Lavigne, secret\u00e1rio de Qualifica\u00e7\u00e3o e Fomento \u00e0 Gera\u00e7\u00e3o de Emprego e Renda do Minist\u00e9rio do Trabalho.<\/p>\n\n\n\n<p>Al\u00e9m do trabalho realizado pelo Sine, a prefeitura tem impulsionado o setor por meio do incentivo ao empreendedorismo. Destaca-se a reforma do Distrito de Micro Ind\u00fastrias de Manaus (Dimicro), que proporcionar\u00e1 um ambiente adequado para o desenvolvimento de microempresas, com a constru\u00e7\u00e3o de 29 galp\u00f5es e a cria\u00e7\u00e3o de novos postos de trabalho.<\/p>\n\n\n\n<p>A Prefeitura de Manaus tamb\u00e9m est\u00e1 investindo na cria\u00e7\u00e3o da Central do Empreendedor, que fornecer\u00e1 apoio e orienta\u00e7\u00e3o centralizados aos empreendedores locais, abrangendo quest\u00f5es como registro de empresas, obten\u00e7\u00e3o de licen\u00e7as e informa\u00e7\u00f5es sobre incentivos fiscais.<\/p>\n\n\n\n<p>\u201cParab\u00e9ns Manaus, que manteve o Sine funcionando mesmo em per\u00edodos em que os recursos federais eram limitados. Agora, vamos juntos construir novas oportunidades para os trabalhadores manauaras&#8221;, finaliza Lavigne.<\/p>\n\n\n\n<p>&#8212; &#8212; &#8212;<\/p>\n\n\n\n<p><strong>Texto<\/strong>&nbsp;&#8211; Ludmila Lima \/ Ag\u00eancia In.Pacto<\/p>\n\n\n\n<p><strong>Foto<\/strong>\u00a0&#8211; Andr\u00e9 Corr\u00eaa \/ Divulga\u00e7\u00e3o<\/p>\n","protected":false},"excerpt":{"rendered":"","protected":false},"author":31,"featured_media":1861,"comment_status":"closed","ping_status":"closed","sticky":false,"template":"","format":"standard","meta":{"footnotes":""},"categories":[156],"tags":[157,158,159],"acf":[],"yoast_head":"<!-- This site is optimized with the Yoast SEO plugin v23.0 - https:\/\/yoast.com\/wordpress\/plugins\/seo\/ -->\n<title>Avan\u00e7os da pol\u00edtica de emprego e renda em Manaus s\u00e3o apresentados em Bras\u00edlia - SEMTEPI<\/title>\n<meta name=\"robots\" content=\"noindex, follow\" \/>\n<meta property=\"og:locale\" content=\"pt_BR\" \/>\n<meta property=\"og:type\" content=\"article\" \/>\n<meta property=\"og:title\" content=\"Avan\u00e7os da pol\u00edtica de emprego e renda em Manaus s\u00e3o apresentados em Bras\u00edlia - SEMTEPI\" \/>\n<meta property=\"og:url\" content=\"https:\/\/www.manaus.am.gov.br\/semtepi\/balanco\/avancos-da-politica-de-emprego-e-renda-em-manaus-sao-apresentados-em-brasilia\/\" \/>\n<meta property=\"og:site_name\" content=\"SEMTEPI\" \/>\n<meta property=\"article:published_time\" content=\"2023-05-23T23:01:48+00:00\" \/>\n<meta property=\"article:modified_time\" content=\"2023-05-23T23:01:50+00:00\" \/>\n<meta property=\"og:image\" content=\"https:\/\/www.manaus.am.gov.br\/semtepi\/wp-content\/uploads\/sites\/20\/2023\/05\/9f861602-6a1e-4dd6-9cb5-a8d5e279cf8b.jpg\" \/>\n\t<meta property=\"og:image:width\" content=\"1600\" \/>\n\t<meta property=\"og:image:height\" content=\"1066\" \/>\n\t<meta property=\"og:image:type\" content=\"image\/jpeg\" \/>\n<meta name=\"author\" content=\"Renata Felix\" \/>\n<meta name=\"twitter:card\" content=\"summary_large_image\" \/>\n<meta name=\"twitter:label1\" content=\"Written by\" \/>\n\t<meta name=\"twitter:data1\" content=\"Renata Felix\" \/>\n\t<meta name=\"twitter:label2\" content=\"Est. reading time\" \/>\n\t<meta name=\"twitter:data2\" content=\"3 minutos\" \/>\n<script type=\"application\/ld+json\" class=\"yoast-schema-graph\">{\"@context\":\"https:\/\/schema.org\",\"@graph\":[{\"@type\":\"Article\",\"@id\":\"https:\/\/www.manaus.am.gov.br\/semtepi\/balanco\/avancos-da-politica-de-emprego-e-renda-em-manaus-sao-apresentados-em-brasilia\/#article\",\"isPartOf\":{\"@id\":\"https:\/\/www.manaus.am.gov.br\/semtepi\/balanco\/avancos-da-politica-de-emprego-e-renda-em-manaus-sao-apresentados-em-brasilia\/\"},\"author\":{\"name\":\"Renata Felix\",\"@id\":\"https:\/\/www.manaus.am.gov.br\/semtepi\/#\/schema\/person\/4eea2a8f78dc853097abb026f728aa06\"},\"headline\":\"Avan\u00e7os da pol\u00edtica de emprego e renda em Manaus s\u00e3o apresentados em Bras\u00edlia\",\"datePublished\":\"2023-05-23T23:01:48+00:00\",\"dateModified\":\"2023-05-23T23:01:50+00:00\",\"mainEntityOfPage\":{\"@id\":\"https:\/\/www.manaus.am.gov.br\/semtepi\/balanco\/avancos-da-politica-de-emprego-e-renda-em-manaus-sao-apresentados-em-brasilia\/\"},\"wordCount\":557,\"publisher\":{\"@id\":\"https:\/\/www.manaus.am.gov.br\/semtepi\/#organization\"},\"image\":{\"@id\":\"https:\/\/www.manaus.am.gov.br\/semtepi\/balanco\/avancos-da-politica-de-emprego-e-renda-em-manaus-sao-apresentados-em-brasilia\/#primaryimage\"},\"thumbnailUrl\":\"https:\/\/www.manaus.am.gov.br\/semtepi\/wp-content\/uploads\/sites\/20\/2023\/05\/9f861602-6a1e-4dd6-9cb5-a8d5e279cf8b.jpg\",\"keywords\":[\"Avan\u00e7os da pol\u00edtica de emprego\",\"balan\u00e7o\",\"inser\u00e7\u00e3o no mercado de trabalho\"],\"articleSection\":[\"Balan\u00e7o\"],\"inLanguage\":\"pt-BR\"},{\"@type\":\"WebPage\",\"@id\":\"https:\/\/www.manaus.am.gov.br\/semtepi\/balanco\/avancos-da-politica-de-emprego-e-renda-em-manaus-sao-apresentados-em-brasilia\/\",\"url\":\"https:\/\/www.manaus.am.gov.br\/semtepi\/balanco\/avancos-da-politica-de-emprego-e-renda-em-manaus-sao-apresentados-em-brasilia\/\",\"name\":\"Avan\u00e7os da pol\u00edtica de emprego e renda em Manaus s\u00e3o apresentados em Bras\u00edlia - SEMTEPI\",\"isPartOf\":{\"@id\":\"https:\/\/www.manaus.am.gov.br\/semtepi\/#website\"},\"primaryImageOfPage\":{\"@id\":\"https:\/\/www.manaus.am.gov.br\/semtepi\/balanco\/avancos-da-politica-de-emprego-e-renda-em-manaus-sao-apresentados-em-brasilia\/#primaryimage\"},\"image\":{\"@id\":\"https:\/\/www.manaus.am.gov.br\/semtepi\/balanco\/avancos-da-politica-de-emprego-e-renda-em-manaus-sao-apresentados-em-brasilia\/#primaryimage\"},\"thumbnailUrl\":\"https:\/\/www.manaus.am.gov.br\/semtepi\/wp-content\/uploads\/sites\/20\/2023\/05\/9f861602-6a1e-4dd6-9cb5-a8d5e279cf8b.jpg\",\"datePublished\":\"2023-05-23T23:01:48+00:00\",\"dateModified\":\"2023-05-23T23:01:50+00:00\",\"breadcrumb\":{\"@id\":\"https:\/\/www.manaus.am.gov.br\/semtepi\/balanco\/avancos-da-politica-de-emprego-e-renda-em-manaus-sao-apresentados-em-brasilia\/#breadcrumb\"},\"inLanguage\":\"pt-BR\",\"potentialAction\":[{\"@type\":\"ReadAction\",\"target\":[\"https:\/\/www.manaus.am.gov.br\/semtepi\/balanco\/avancos-da-politica-de-emprego-e-renda-em-manaus-sao-apresentados-em-brasilia\/\"]}]},{\"@type\":\"ImageObject\",\"inLanguage\":\"pt-BR\",\"@id\":\"https:\/\/www.manaus.am.gov.br\/semtepi\/balanco\/avancos-da-politica-de-emprego-e-renda-em-manaus-sao-apresentados-em-brasilia\/#primaryimage\",\"url\":\"https:\/\/www.manaus.am.gov.br\/semtepi\/wp-content\/uploads\/sites\/20\/2023\/05\/9f861602-6a1e-4dd6-9cb5-a8d5e279cf8b.jpg\",\"contentUrl\":\"https:\/\/www.manaus.am.gov.br\/semtepi\/wp-content\/uploads\/sites\/20\/2023\/05\/9f861602-6a1e-4dd6-9cb5-a8d5e279cf8b.jpg\",\"width\":1600,\"height\":1066},{\"@type\":\"BreadcrumbList\",\"@id\":\"https:\/\/www.manaus.am.gov.br\/semtepi\/balanco\/avancos-da-politica-de-emprego-e-renda-em-manaus-sao-apresentados-em-brasilia\/#breadcrumb\",\"itemListElement\":[{\"@type\":\"ListItem\",\"position\":1,\"name\":\"Home\",\"item\":\"https:\/\/www.manaus.am.gov.br\/semtepi\/\"},{\"@type\":\"ListItem\",\"position\":2,\"name\":\"Avan\u00e7os da pol\u00edtica de emprego e renda em Manaus s\u00e3o apresentados em Bras\u00edlia\"}]},{\"@type\":\"WebSite\",\"@id\":\"https:\/\/www.manaus.am.gov.br\/semtepi\/#website\",\"url\":\"https:\/\/www.manaus.am.gov.br\/semtepi\/\",\"name\":\"SEMTEPI\",\"description\":\"Prefeitura de Manaus\",\"publisher\":{\"@id\":\"https:\/\/www.manaus.am.gov.br\/semtepi\/#organization\"},\"alternateName\":\"Secretaria Municipal do Trabalho, Empreendedorismo e Inova\u00e7\u00e3o\",\"potentialAction\":[{\"@type\":\"SearchAction\",\"target\":{\"@type\":\"EntryPoint\",\"urlTemplate\":\"https:\/\/www.manaus.am.gov.br\/semtepi\/?s={search_term_string}\"},\"query-input\":\"required name=search_term_string\"}],\"inLanguage\":\"pt-BR\"},{\"@type\":\"Organization\",\"@id\":\"https:\/\/www.manaus.am.gov.br\/semtepi\/#organization\",\"name\":\"Prefeitura Municipal de Manaus\",\"alternateName\":\"Prefeitura de Manaus\",\"url\":\"https:\/\/www.manaus.am.gov.br\/semtepi\/\",\"logo\":{\"@type\":\"ImageObject\",\"inLanguage\":\"pt-BR\",\"@id\":\"https:\/\/www.manaus.am.gov.br\/semtepi\/#\/schema\/logo\/image\/\",\"url\":\"https:\/\/www.manaus.am.gov.br\/semtepi\/wp-content\/uploads\/sites\/20\/2024\/07\/favicon.png\",\"contentUrl\":\"https:\/\/www.manaus.am.gov.br\/semtepi\/wp-content\/uploads\/sites\/20\/2024\/07\/favicon.png\",\"width\":300,\"height\":300,\"caption\":\"Prefeitura Municipal de Manaus\"},\"image\":{\"@id\":\"https:\/\/www.manaus.am.gov.br\/semtepi\/#\/schema\/logo\/image\/\"}},{\"@type\":\"Person\",\"@id\":\"https:\/\/www.manaus.am.gov.br\/semtepi\/#\/schema\/person\/4eea2a8f78dc853097abb026f728aa06\",\"name\":\"Renata Felix\",\"image\":{\"@type\":\"ImageObject\",\"inLanguage\":\"pt-BR\",\"@id\":\"https:\/\/www.manaus.am.gov.br\/semtepi\/#\/schema\/person\/image\/\",\"url\":\"https:\/\/secure.gravatar.com\/avatar\/3c196cf9d3b837b24c8edb2c50fd8f29?s=96&d=mm&r=g\",\"contentUrl\":\"https:\/\/secure.gravatar.com\/avatar\/3c196cf9d3b837b24c8edb2c50fd8f29?s=96&d=mm&r=g\",\"caption\":\"Renata Felix\"}}]}<\/script>\n<!-- \/ Yoast SEO plugin. -->","yoast_head_json":{"title":"Avan\u00e7os da pol\u00edtica de emprego e renda em Manaus s\u00e3o apresentados em Bras\u00edlia - SEMTEPI","robots":{"index":"noindex","follow":"follow"},"og_locale":"pt_BR","og_type":"article","og_title":"Avan\u00e7os da pol\u00edtica de emprego e renda em Manaus s\u00e3o apresentados em Bras\u00edlia - SEMTEPI","og_url":"https:\/\/www.manaus.am.gov.br\/semtepi\/balanco\/avancos-da-politica-de-emprego-e-renda-em-manaus-sao-apresentados-em-brasilia\/","og_site_name":"SEMTEPI","article_published_time":"2023-05-23T23:01:48+00:00","article_modified_time":"2023-05-23T23:01:50+00:00","og_image":[{"width":1600,"height":1066,"url":"https:\/\/www.manaus.am.gov.br\/semtepi\/wp-content\/uploads\/sites\/20\/2023\/05\/9f861602-6a1e-4dd6-9cb5-a8d5e279cf8b.jpg","type":"image\/jpeg"}],"author":"Renata Felix","twitter_card":"summary_large_image","twitter_misc":{"Written by":"Renata Felix","Est. reading time":"3 minutos"},"schema":{"@context":"https:\/\/schema.org","@graph":[{"@type":"Article","@id":"https:\/\/www.manaus.am.gov.br\/semtepi\/balanco\/avancos-da-politica-de-emprego-e-renda-em-manaus-sao-apresentados-em-brasilia\/#article","isPartOf":{"@id":"https:\/\/www.manaus.am.gov.br\/semtepi\/balanco\/avancos-da-politica-de-emprego-e-renda-em-manaus-sao-apresentados-em-brasilia\/"},"author":{"name":"Renata Felix","@id":"https:\/\/www.manaus.am.gov.br\/semtepi\/#\/schema\/person\/4eea2a8f78dc853097abb026f728aa06"},"headline":"Avan\u00e7os da pol\u00edtica de emprego e renda em Manaus s\u00e3o apresentados em Bras\u00edlia","datePublished":"2023-05-23T23:01:48+00:00","dateModified":"2023-05-23T23:01:50+00:00","mainEntityOfPage":{"@id":"https:\/\/www.manaus.am.gov.br\/semtepi\/balanco\/avancos-da-politica-de-emprego-e-renda-em-manaus-sao-apresentados-em-brasilia\/"},"wordCount":557,"publisher":{"@id":"https:\/\/www.manaus.am.gov.br\/semtepi\/#organization"},"image":{"@id":"https:\/\/www.manaus.am.gov.br\/semtepi\/balanco\/avancos-da-politica-de-emprego-e-renda-em-manaus-sao-apresentados-em-brasilia\/#primaryimage"},"thumbnailUrl":"https:\/\/www.manaus.am.gov.br\/semtepi\/wp-content\/uploads\/sites\/20\/2023\/05\/9f861602-6a1e-4dd6-9cb5-a8d5e279cf8b.jpg","keywords":["Avan\u00e7os da pol\u00edtica de emprego","balan\u00e7o","inser\u00e7\u00e3o no mercado de trabalho"],"articleSection":["Balan\u00e7o"],"inLanguage":"pt-BR"},{"@type":"WebPage","@id":"https:\/\/www.manaus.am.gov.br\/semtepi\/balanco\/avancos-da-politica-de-emprego-e-renda-em-manaus-sao-apresentados-em-brasilia\/","url":"https:\/\/www.manaus.am.gov.br\/semtepi\/balanco\/avancos-da-politica-de-emprego-e-renda-em-manaus-sao-apresentados-em-brasilia\/","name":"Avan\u00e7os da pol\u00edtica de emprego e renda em Manaus s\u00e3o apresentados em Bras\u00edlia - SEMTEPI","isPartOf":{"@id":"https:\/\/www.manaus.am.gov.br\/semtepi\/#website"},"primaryImageOfPage":{"@id":"https:\/\/www.manaus.am.gov.br\/semtepi\/balanco\/avancos-da-politica-de-emprego-e-renda-em-manaus-sao-apresentados-em-brasilia\/#primaryimage"},"image":{"@id":"https:\/\/www.manaus.am.gov.br\/semtepi\/balanco\/avancos-da-politica-de-emprego-e-renda-em-manaus-sao-apresentados-em-brasilia\/#primaryimage"},"thumbnailUrl":"https:\/\/www.manaus.am.gov.br\/semtepi\/wp-content\/uploads\/sites\/20\/2023\/05\/9f861602-6a1e-4dd6-9cb5-a8d5e279cf8b.jpg","datePublished":"2023-05-23T23:01:48+00:00","dateModified":"2023-05-23T23:01:50+00:00","breadcrumb":{"@id":"https:\/\/www.manaus.am.gov.br\/semtepi\/balanco\/avancos-da-politica-de-emprego-e-renda-em-manaus-sao-apresentados-em-brasilia\/#breadcrumb"},"inLanguage":"pt-BR","potentialAction":[{"@type":"ReadAction","target":["https:\/\/www.manaus.am.gov.br\/semtepi\/balanco\/avancos-da-politica-de-emprego-e-renda-em-manaus-sao-apresentados-em-brasilia\/"]}]},{"@type":"ImageObject","inLanguage":"pt-BR","@id":"https:\/\/www.manaus.am.gov.br\/semtepi\/balanco\/avancos-da-politica-de-emprego-e-renda-em-manaus-sao-apresentados-em-brasilia\/#primaryimage","url":"https:\/\/www.manaus.am.gov.br\/semtepi\/wp-content\/uploads\/sites\/20\/2023\/05\/9f861602-6a1e-4dd6-9cb5-a8d5e279cf8b.jpg","contentUrl":"https:\/\/www.manaus.am.gov.br\/semtepi\/wp-content\/uploads\/sites\/20\/2023\/05\/9f861602-6a1e-4dd6-9cb5-a8d5e279cf8b.jpg","width":1600,"height":1066},{"@type":"BreadcrumbList","@id":"https:\/\/www.manaus.am.gov.br\/semtepi\/balanco\/avancos-da-politica-de-emprego-e-renda-em-manaus-sao-apresentados-em-brasilia\/#breadcrumb","itemListElement":[{"@type":"ListItem","position":1,"name":"Home","item":"https:\/\/www.manaus.am.gov.br\/semtepi\/"},{"@type":"ListItem","position":2,"name":"Avan\u00e7os da pol\u00edtica de emprego e renda em Manaus s\u00e3o apresentados em Bras\u00edlia"}]},{"@type":"WebSite","@id":"https:\/\/www.manaus.am.gov.br\/semtepi\/#website","url":"https:\/\/www.manaus.am.gov.br\/semtepi\/","name":"SEMTEPI","description":"Prefeitura de Manaus","publisher":{"@id":"https:\/\/www.manaus.am.gov.br\/semtepi\/#organization"},"alternateName":"Secretaria Municipal do Trabalho, Empreendedorismo e Inova\u00e7\u00e3o","potentialAction":[{"@type":"SearchAction","target":{"@type":"EntryPoint","urlTemplate":"https:\/\/www.manaus.am.gov.br\/semtepi\/?s={search_term_string}"},"query-input":"required name=search_term_string"}],"inLanguage":"pt-BR"},{"@type":"Organization","@id":"https:\/\/www.manaus.am.gov.br\/semtepi\/#organization","name":"Prefeitura Municipal de Manaus","alternateName":"Prefeitura de Manaus","url":"https:\/\/www.manaus.am.gov.br\/semtepi\/","logo":{"@type":"ImageObject","inLanguage":"pt-BR","@id":"https:\/\/www.manaus.am.gov.br\/semtepi\/#\/schema\/logo\/image\/","url":"https:\/\/www.manaus.am.gov.br\/semtepi\/wp-content\/uploads\/sites\/20\/2024\/07\/favicon.png","contentUrl":"https:\/\/www.manaus.am.gov.br\/semtepi\/wp-content\/uploads\/sites\/20\/2024\/07\/favicon.png","width":300,"height":300,"caption":"Prefeitura Municipal de Manaus"},"image":{"@id":"https:\/\/www.manaus.am.gov.br\/semtepi\/#\/schema\/logo\/image\/"}},{"@type":"Person","@id":"https:\/\/www.manaus.am.gov.br\/semtepi\/#\/schema\/person\/4eea2a8f78dc853097abb026f728aa06","name":"Renata Felix","image":{"@type":"ImageObject","inLanguage":"pt-BR","@id":"https:\/\/www.manaus.am.gov.br\/semtepi\/#\/schema\/person\/image\/","url":"https:\/\/secure.gravatar.com\/avatar\/3c196cf9d3b837b24c8edb2c50fd8f29?s=96&d=mm&r=g","contentUrl":"https:\/\/secure.gravatar.com\/avatar\/3c196cf9d3b837b24c8edb2c50fd8f29?s=96&d=mm&r=g","caption":"Renata Felix"}}]}},"_links":{"self":[{"href":"https:\/\/www.manaus.am.gov.br\/semtepi\/wp-json\/wp\/v2\/posts\/1860"}],"collection":[{"href":"https:\/\/www.manaus.am.gov.br\/semtepi\/wp-json\/wp\/v2\/posts"}],"about":[{"href":"https:\/\/www.manaus.am.gov.br\/semtepi\/wp-json\/wp\/v2\/types\/post"}],"author":[{"embeddable":true,"href":"https:\/\/www.manaus.am.gov.br\/semtepi\/wp-json\/wp\/v2\/users\/31"}],"replies":[{"embeddable":true,"href":"https:\/\/www.manaus.am.gov.br\/semtepi\/wp-json\/wp\/v2\/comments?post=1860"}],"version-history":[{"count":0,"href":"https:\/\/www.manaus.am.gov.br\/semtepi\/wp-json\/wp\/v2\/posts\/1860\/revisions"}],"wp:featuredmedia":[{"embeddable":true,"href":"https:\/\/www.manaus.am.gov.br\/semtepi\/wp-json\/wp\/v2\/media\/1861"}],"wp:attachment":[{"href":"https:\/\/www.manaus.am.gov.br\/semtepi\/wp-json\/wp\/v2\/media?parent=1860"}],"wp:term":[{"taxonomy":"category","embeddable":true,"href":"https:\/\/www.manaus.am.gov.br\/semtepi\/wp-json\/wp\/v2\/categories?post=1860"},{"taxonomy":"post_tag","embeddable":true,"href":"https:\/\/www.manaus.am.gov.br\/semtepi\/wp-json\/wp\/v2\/tags?post=1860"}],"curies":[{"name":"wp","href":"https:\/\/api.w.org\/{rel}","templated":true}]}}