{"id":1813,"date":"2023-05-15T09:06:03","date_gmt":"2023-05-15T13:06:03","guid":{"rendered":"https:\/\/www.manaus.am.gov.br\/semtepi\/sem-categoria\/prefeitura-de-manaus-oferta-50-vagas-gratuitas-para-workshop-insta-expert\/"},"modified":"2023-05-15T11:33:17","modified_gmt":"2023-05-15T15:33:17","slug":"prefeitura-de-manaus-oferta-50-vagas-gratuitas-para-workshop-insta-expert","status":"publish","type":"post","link":"https:\/\/www.manaus.am.gov.br\/semtepi\/edital\/prefeitura-de-manaus-oferta-50-vagas-gratuitas-para-workshop-insta-expert\/","title":{"rendered":"<strong>Prefeitura de Manaus oferta 50 vagas gratuitas para workshop \u2018Insta Expert\u2019<\/strong>"},"content":{"rendered":"\n<p>A Prefeitura de Manaus, por meio da Secretaria Municipal do Trabalho, Empreendedorismo e Inova\u00e7\u00e3o (Semtepi), lan\u00e7a, nesta segunda-feira, 15\/5, um edital com 50 vagas gratuitas para o workshop \u201cInsta Expert\u201d, voltado para empreendedores que trabalham com redes sociais em Manaus, Editores de Conte\u00fado e Social Media, que tenham a partir de 18 anos e ensino m\u00e9dio completo. O edital est\u00e1 dispon\u00edvel em&nbsp;<a href=\"https:\/\/bit.ly\/3OeapI6\" target=\"_blank\" rel=\"noreferrer noopener\">https:\/\/bit.ly\/3OeapI6<\/a>.<\/p>\n\n\n\n<p>A a\u00e7\u00e3o \u00e9 uma oportunidade para que os participantes possam se aprimorar em suas habilidades e conhecimentos no Instagram, uma das principais redes sociais da atualidade. Com conte\u00fados de alta qualidade e especialistas de renome em cada tema, o evento \u00e9 uma \u00f3tima oportunidade para quem busca se destacar no empreendedorismo digital.<\/p>\n\n\n\n<p>O workshop contar\u00e1 com tr\u00eas palestras que abordar\u00e3o temas fundamentais para quem deseja se destacar no Instagram: cria\u00e7\u00e3o de conte\u00fado para redes sociais,&nbsp;<em>insights<\/em>&nbsp;sobre o aplicativo Canva e fotografia com o celular.&nbsp;<\/p>\n\n\n\n<p>&#8220;A oferta de 50 vagas gratuitas para o workshop \u2018Insta Expert\u2019 \u00e9 mais uma demonstra\u00e7\u00e3o do compromisso da Prefeitura de Manaus com o desenvolvimento do empreendedorismo digital na regi\u00e3o. \u00c9 uma oportunidade valiosa para empreendedores, editores de conte\u00fado e&nbsp;<em>social media<\/em>&nbsp;se aprimorarem em suas habilidades e conhecimentos no Instagram. Convido todos aqueles que buscam destacar-se no mundo digital e alcan\u00e7ar resultados ainda mais expressivos a participarem do evento&#8221;, destacou o secret\u00e1rio da Semtepi, Radyr J\u00fanior.<\/p>\n\n\n\n<p>Os interessados devem ler, integralmente, o edital e realizar a pr\u00e9-inscri\u00e7\u00e3o, por meio do&nbsp;<em>link<\/em>&nbsp;dispon\u00edvel em (<a href=\"https:\/\/semtepi.manaus.am.gov.br\/\" target=\"_blank\" rel=\"noreferrer noopener\">https:\/\/semtepi.manaus.am.gov.br\/<\/a>), at\u00e9 as 20h desta segunda-feira. A realiza\u00e7\u00e3o da inscri\u00e7\u00e3o n\u00e3o garante ao candidato a participa\u00e7\u00e3o no workshop, pois haver\u00e1 um processo seletivo conforme descrito no edital. O resultado dos selecionados ser\u00e1 divulgado no dia 17\/5.<\/p>\n\n\n\n<p>O evento ser\u00e1 realizado, presencialmente, no dia 19 de maio, das 18h \u00e0s 21h, no Casar\u00e3o da Inova\u00e7\u00e3o Cassina, na rua Bernardo Ramos, n\u00ba 290, Centro, zona Sul.<\/p>\n\n\n\n<p>&#8212; &#8212; &#8212;<\/p>\n\n\n\n<p><strong>Texto &#8211; <\/strong>Divulga\u00e7\u00e3o\/Semtepi<\/p>\n\n\n\n<p><strong>Fotos<\/strong>&nbsp;\u2013 Arquivo\/Semcom<\/p>\n\n\n\n<p><strong>Dispon\u00edveis em &#8211;<\/strong> <a href=\"https:\/\/flic.kr\/s\/aHsmVMDLvk\">https:\/\/flic.kr\/s\/aHsmVMDLvk<\/a><\/p>\n","protected":false},"excerpt":{"rendered":"","protected":false},"author":23,"featured_media":1814,"comment_status":"closed","ping_status":"closed","sticky":false,"template":"","format":"standard","meta":{"footnotes":""},"categories":[102],"tags":[103,104,8,9,105],"acf":[],"yoast_head":"<!-- This site is optimized with the Yoast SEO plugin v23.0 - https:\/\/yoast.com\/wordpress\/plugins\/seo\/ -->\n<title>Prefeitura de Manaus oferta 50 vagas gratuitas para workshop \u2018Insta Expert\u2019<\/title>\n<meta name=\"description\" content=\"A Prefeitura de Manaus, por meio da Secretaria Municipal do Trabalho, Empreendedorismo e Inova\u00e7\u00e3o (Semtepi), lan\u00e7a, nesta segunda-feira, 15\/5, um edital com 50 vagas gratuitas para o workshop \u201cInsta Expert\u201d, voltado para empreendedores que trabalham com redes sociais em Manaus, Editores de Conte\u00fado e Social Media, que tenham a partir de 18 anos e ensino m\u00e9dio completo. O edital est\u00e1 dispon\u00edvel em https:\/\/bit.ly\/3OeapI6.\" \/>\n<meta name=\"robots\" content=\"noindex, follow\" \/>\n<meta property=\"og:locale\" content=\"pt_BR\" \/>\n<meta property=\"og:type\" content=\"article\" \/>\n<meta property=\"og:title\" content=\"Prefeitura de Manaus oferta 50 vagas gratuitas para workshop \u2018Insta Expert\u2019\" \/>\n<meta property=\"og:description\" content=\"A Prefeitura de Manaus, por meio da Secretaria Municipal do Trabalho, Empreendedorismo e Inova\u00e7\u00e3o (Semtepi), lan\u00e7a, nesta segunda-feira, 15\/5, um edital com 50 vagas gratuitas para o workshop \u201cInsta Expert\u201d, voltado para empreendedores que trabalham com redes sociais em Manaus, Editores de Conte\u00fado e Social Media, que tenham a partir de 18 anos e ensino m\u00e9dio completo. O edital est\u00e1 dispon\u00edvel em https:\/\/bit.ly\/3OeapI6.\" \/>\n<meta property=\"og:url\" content=\"https:\/\/www.manaus.am.gov.br\/semtepi\/edital\/prefeitura-de-manaus-oferta-50-vagas-gratuitas-para-workshop-insta-expert\/\" \/>\n<meta property=\"og:site_name\" content=\"SEMTEPI\" \/>\n<meta property=\"article:published_time\" content=\"2023-05-15T13:06:03+00:00\" \/>\n<meta property=\"article:modified_time\" content=\"2023-05-15T15:33:17+00:00\" \/>\n<meta property=\"og:image\" content=\"https:\/\/www.manaus.am.gov.br\/semtepi\/wp-content\/uploads\/sites\/20\/2023\/05\/51189872713_9c5920a97d_c.jpg\" \/>\n\t<meta property=\"og:image:width\" content=\"799\" \/>\n\t<meta property=\"og:image:height\" content=\"533\" \/>\n\t<meta property=\"og:image:type\" content=\"image\/jpeg\" \/>\n<meta name=\"author\" content=\"Adriana Costa\" \/>\n<meta name=\"twitter:card\" content=\"summary_large_image\" \/>\n<meta name=\"twitter:label1\" content=\"Written by\" \/>\n\t<meta name=\"twitter:data1\" content=\"Adriana Costa\" \/>\n\t<meta name=\"twitter:label2\" content=\"Est. reading time\" \/>\n\t<meta name=\"twitter:data2\" content=\"2 minutos\" \/>\n<script type=\"application\/ld+json\" class=\"yoast-schema-graph\">{\"@context\":\"https:\/\/schema.org\",\"@graph\":[{\"@type\":\"Article\",\"@id\":\"https:\/\/www.manaus.am.gov.br\/semtepi\/edital\/prefeitura-de-manaus-oferta-50-vagas-gratuitas-para-workshop-insta-expert\/#article\",\"isPartOf\":{\"@id\":\"https:\/\/www.manaus.am.gov.br\/semtepi\/edital\/prefeitura-de-manaus-oferta-50-vagas-gratuitas-para-workshop-insta-expert\/\"},\"author\":{\"name\":\"Adriana Costa\",\"@id\":\"https:\/\/www.manaus.am.gov.br\/semtepi\/#\/schema\/person\/4e49f4e267757a06ca072ec61b2b9968\"},\"headline\":\"Prefeitura de Manaus oferta 50 vagas gratuitas para workshop \u2018Insta Expert\u2019\",\"datePublished\":\"2023-05-15T13:06:03+00:00\",\"dateModified\":\"2023-05-15T15:33:17+00:00\",\"mainEntityOfPage\":{\"@id\":\"https:\/\/www.manaus.am.gov.br\/semtepi\/edital\/prefeitura-de-manaus-oferta-50-vagas-gratuitas-para-workshop-insta-expert\/\"},\"wordCount\":367,\"publisher\":{\"@id\":\"https:\/\/www.manaus.am.gov.br\/semtepi\/#organization\"},\"image\":{\"@id\":\"https:\/\/www.manaus.am.gov.br\/semtepi\/edital\/prefeitura-de-manaus-oferta-50-vagas-gratuitas-para-workshop-insta-expert\/#primaryimage\"},\"thumbnailUrl\":\"https:\/\/www.manaus.am.gov.br\/semtepi\/wp-content\/uploads\/sites\/20\/2023\/05\/51189872713_9c5920a97d_c.jpg\",\"keywords\":[\"edital\",\"insta Expert\",\"prefeitura de manaus\",\"Semtepi\",\"workshop\"],\"articleSection\":[\"Edital\"],\"inLanguage\":\"pt-BR\"},{\"@type\":\"WebPage\",\"@id\":\"https:\/\/www.manaus.am.gov.br\/semtepi\/edital\/prefeitura-de-manaus-oferta-50-vagas-gratuitas-para-workshop-insta-expert\/\",\"url\":\"https:\/\/www.manaus.am.gov.br\/semtepi\/edital\/prefeitura-de-manaus-oferta-50-vagas-gratuitas-para-workshop-insta-expert\/\",\"name\":\"Prefeitura de Manaus oferta 50 vagas gratuitas para workshop \u2018Insta Expert\u2019\",\"isPartOf\":{\"@id\":\"https:\/\/www.manaus.am.gov.br\/semtepi\/#website\"},\"primaryImageOfPage\":{\"@id\":\"https:\/\/www.manaus.am.gov.br\/semtepi\/edital\/prefeitura-de-manaus-oferta-50-vagas-gratuitas-para-workshop-insta-expert\/#primaryimage\"},\"image\":{\"@id\":\"https:\/\/www.manaus.am.gov.br\/semtepi\/edital\/prefeitura-de-manaus-oferta-50-vagas-gratuitas-para-workshop-insta-expert\/#primaryimage\"},\"thumbnailUrl\":\"https:\/\/www.manaus.am.gov.br\/semtepi\/wp-content\/uploads\/sites\/20\/2023\/05\/51189872713_9c5920a97d_c.jpg\",\"datePublished\":\"2023-05-15T13:06:03+00:00\",\"dateModified\":\"2023-05-15T15:33:17+00:00\",\"description\":\"A Prefeitura de Manaus, por meio da Secretaria Municipal do Trabalho, Empreendedorismo e Inova\u00e7\u00e3o (Semtepi), lan\u00e7a, nesta segunda-feira, 15\/5, um edital com 50 vagas gratuitas para o workshop \u201cInsta Expert\u201d, voltado para empreendedores que trabalham com redes sociais em Manaus, Editores de Conte\u00fado e Social Media, que tenham a partir de 18 anos e ensino m\u00e9dio completo. O edital est\u00e1 dispon\u00edvel em https:\/\/bit.ly\/3OeapI6.\",\"breadcrumb\":{\"@id\":\"https:\/\/www.manaus.am.gov.br\/semtepi\/edital\/prefeitura-de-manaus-oferta-50-vagas-gratuitas-para-workshop-insta-expert\/#breadcrumb\"},\"inLanguage\":\"pt-BR\",\"potentialAction\":[{\"@type\":\"ReadAction\",\"target\":[\"https:\/\/www.manaus.am.gov.br\/semtepi\/edital\/prefeitura-de-manaus-oferta-50-vagas-gratuitas-para-workshop-insta-expert\/\"]}]},{\"@type\":\"ImageObject\",\"inLanguage\":\"pt-BR\",\"@id\":\"https:\/\/www.manaus.am.gov.br\/semtepi\/edital\/prefeitura-de-manaus-oferta-50-vagas-gratuitas-para-workshop-insta-expert\/#primaryimage\",\"url\":\"https:\/\/www.manaus.am.gov.br\/semtepi\/wp-content\/uploads\/sites\/20\/2023\/05\/51189872713_9c5920a97d_c.jpg\",\"contentUrl\":\"https:\/\/www.manaus.am.gov.br\/semtepi\/wp-content\/uploads\/sites\/20\/2023\/05\/51189872713_9c5920a97d_c.jpg\",\"width\":799,\"height\":533},{\"@type\":\"BreadcrumbList\",\"@id\":\"https:\/\/www.manaus.am.gov.br\/semtepi\/edital\/prefeitura-de-manaus-oferta-50-vagas-gratuitas-para-workshop-insta-expert\/#breadcrumb\",\"itemListElement\":[{\"@type\":\"ListItem\",\"position\":1,\"name\":\"Home\",\"item\":\"https:\/\/www.manaus.am.gov.br\/semtepi\/\"},{\"@type\":\"ListItem\",\"position\":2,\"name\":\"Prefeitura de Manaus oferta 50 vagas gratuitas para workshop \u2018Insta Expert\u2019\"}]},{\"@type\":\"WebSite\",\"@id\":\"https:\/\/www.manaus.am.gov.br\/semtepi\/#website\",\"url\":\"https:\/\/www.manaus.am.gov.br\/semtepi\/\",\"name\":\"SEMTEPI\",\"description\":\"Prefeitura de Manaus\",\"publisher\":{\"@id\":\"https:\/\/www.manaus.am.gov.br\/semtepi\/#organization\"},\"alternateName\":\"Secretaria Municipal do Trabalho, Empreendedorismo e Inova\u00e7\u00e3o\",\"potentialAction\":[{\"@type\":\"SearchAction\",\"target\":{\"@type\":\"EntryPoint\",\"urlTemplate\":\"https:\/\/www.manaus.am.gov.br\/semtepi\/?s={search_term_string}\"},\"query-input\":\"required name=search_term_string\"}],\"inLanguage\":\"pt-BR\"},{\"@type\":\"Organization\",\"@id\":\"https:\/\/www.manaus.am.gov.br\/semtepi\/#organization\",\"name\":\"Prefeitura Municipal de Manaus\",\"alternateName\":\"Prefeitura de Manaus\",\"url\":\"https:\/\/www.manaus.am.gov.br\/semtepi\/\",\"logo\":{\"@type\":\"ImageObject\",\"inLanguage\":\"pt-BR\",\"@id\":\"https:\/\/www.manaus.am.gov.br\/semtepi\/#\/schema\/logo\/image\/\",\"url\":\"https:\/\/www.manaus.am.gov.br\/semtepi\/wp-content\/uploads\/sites\/20\/2024\/07\/favicon.png\",\"contentUrl\":\"https:\/\/www.manaus.am.gov.br\/semtepi\/wp-content\/uploads\/sites\/20\/2024\/07\/favicon.png\",\"width\":300,\"height\":300,\"caption\":\"Prefeitura Municipal de Manaus\"},\"image\":{\"@id\":\"https:\/\/www.manaus.am.gov.br\/semtepi\/#\/schema\/logo\/image\/\"}},{\"@type\":\"Person\",\"@id\":\"https:\/\/www.manaus.am.gov.br\/semtepi\/#\/schema\/person\/4e49f4e267757a06ca072ec61b2b9968\",\"name\":\"Adriana Costa\",\"image\":{\"@type\":\"ImageObject\",\"inLanguage\":\"pt-BR\",\"@id\":\"https:\/\/www.manaus.am.gov.br\/semtepi\/#\/schema\/person\/image\/\",\"url\":\"https:\/\/secure.gravatar.com\/avatar\/576258617ef7194f718179e766d57bd4?s=96&d=mm&r=g\",\"contentUrl\":\"https:\/\/secure.gravatar.com\/avatar\/576258617ef7194f718179e766d57bd4?s=96&d=mm&r=g\",\"caption\":\"Adriana Costa\"}}]}<\/script>\n<!-- \/ Yoast SEO plugin. -->","yoast_head_json":{"title":"Prefeitura de Manaus oferta 50 vagas gratuitas para workshop \u2018Insta Expert\u2019","description":"A Prefeitura de Manaus, por meio da Secretaria Municipal do Trabalho, Empreendedorismo e Inova\u00e7\u00e3o (Semtepi), lan\u00e7a, nesta segunda-feira, 15\/5, um edital com 50 vagas gratuitas para o workshop \u201cInsta Expert\u201d, voltado para empreendedores que trabalham com redes sociais em Manaus, Editores de Conte\u00fado e Social Media, que tenham a partir de 18 anos e ensino m\u00e9dio completo. O edital est\u00e1 dispon\u00edvel em https:\/\/bit.ly\/3OeapI6.","robots":{"index":"noindex","follow":"follow"},"og_locale":"pt_BR","og_type":"article","og_title":"Prefeitura de Manaus oferta 50 vagas gratuitas para workshop \u2018Insta Expert\u2019","og_description":"A Prefeitura de Manaus, por meio da Secretaria Municipal do Trabalho, Empreendedorismo e Inova\u00e7\u00e3o (Semtepi), lan\u00e7a, nesta segunda-feira, 15\/5, um edital com 50 vagas gratuitas para o workshop \u201cInsta Expert\u201d, voltado para empreendedores que trabalham com redes sociais em Manaus, Editores de Conte\u00fado e Social Media, que tenham a partir de 18 anos e ensino m\u00e9dio completo. O edital est\u00e1 dispon\u00edvel em https:\/\/bit.ly\/3OeapI6.","og_url":"https:\/\/www.manaus.am.gov.br\/semtepi\/edital\/prefeitura-de-manaus-oferta-50-vagas-gratuitas-para-workshop-insta-expert\/","og_site_name":"SEMTEPI","article_published_time":"2023-05-15T13:06:03+00:00","article_modified_time":"2023-05-15T15:33:17+00:00","og_image":[{"width":799,"height":533,"url":"https:\/\/www.manaus.am.gov.br\/semtepi\/wp-content\/uploads\/sites\/20\/2023\/05\/51189872713_9c5920a97d_c.jpg","type":"image\/jpeg"}],"author":"Adriana Costa","twitter_card":"summary_large_image","twitter_misc":{"Written by":"Adriana Costa","Est. reading time":"2 minutos"},"schema":{"@context":"https:\/\/schema.org","@graph":[{"@type":"Article","@id":"https:\/\/www.manaus.am.gov.br\/semtepi\/edital\/prefeitura-de-manaus-oferta-50-vagas-gratuitas-para-workshop-insta-expert\/#article","isPartOf":{"@id":"https:\/\/www.manaus.am.gov.br\/semtepi\/edital\/prefeitura-de-manaus-oferta-50-vagas-gratuitas-para-workshop-insta-expert\/"},"author":{"name":"Adriana Costa","@id":"https:\/\/www.manaus.am.gov.br\/semtepi\/#\/schema\/person\/4e49f4e267757a06ca072ec61b2b9968"},"headline":"Prefeitura de Manaus oferta 50 vagas gratuitas para workshop \u2018Insta Expert\u2019","datePublished":"2023-05-15T13:06:03+00:00","dateModified":"2023-05-15T15:33:17+00:00","mainEntityOfPage":{"@id":"https:\/\/www.manaus.am.gov.br\/semtepi\/edital\/prefeitura-de-manaus-oferta-50-vagas-gratuitas-para-workshop-insta-expert\/"},"wordCount":367,"publisher":{"@id":"https:\/\/www.manaus.am.gov.br\/semtepi\/#organization"},"image":{"@id":"https:\/\/www.manaus.am.gov.br\/semtepi\/edital\/prefeitura-de-manaus-oferta-50-vagas-gratuitas-para-workshop-insta-expert\/#primaryimage"},"thumbnailUrl":"https:\/\/www.manaus.am.gov.br\/semtepi\/wp-content\/uploads\/sites\/20\/2023\/05\/51189872713_9c5920a97d_c.jpg","keywords":["edital","insta Expert","prefeitura de manaus","Semtepi","workshop"],"articleSection":["Edital"],"inLanguage":"pt-BR"},{"@type":"WebPage","@id":"https:\/\/www.manaus.am.gov.br\/semtepi\/edital\/prefeitura-de-manaus-oferta-50-vagas-gratuitas-para-workshop-insta-expert\/","url":"https:\/\/www.manaus.am.gov.br\/semtepi\/edital\/prefeitura-de-manaus-oferta-50-vagas-gratuitas-para-workshop-insta-expert\/","name":"Prefeitura de Manaus oferta 50 vagas gratuitas para workshop \u2018Insta Expert\u2019","isPartOf":{"@id":"https:\/\/www.manaus.am.gov.br\/semtepi\/#website"},"primaryImageOfPage":{"@id":"https:\/\/www.manaus.am.gov.br\/semtepi\/edital\/prefeitura-de-manaus-oferta-50-vagas-gratuitas-para-workshop-insta-expert\/#primaryimage"},"image":{"@id":"https:\/\/www.manaus.am.gov.br\/semtepi\/edital\/prefeitura-de-manaus-oferta-50-vagas-gratuitas-para-workshop-insta-expert\/#primaryimage"},"thumbnailUrl":"https:\/\/www.manaus.am.gov.br\/semtepi\/wp-content\/uploads\/sites\/20\/2023\/05\/51189872713_9c5920a97d_c.jpg","datePublished":"2023-05-15T13:06:03+00:00","dateModified":"2023-05-15T15:33:17+00:00","description":"A Prefeitura de Manaus, por meio da Secretaria Municipal do Trabalho, Empreendedorismo e Inova\u00e7\u00e3o (Semtepi), lan\u00e7a, nesta segunda-feira, 15\/5, um edital com 50 vagas gratuitas para o workshop \u201cInsta Expert\u201d, voltado para empreendedores que trabalham com redes sociais em Manaus, Editores de Conte\u00fado e Social Media, que tenham a partir de 18 anos e ensino m\u00e9dio completo. O edital est\u00e1 dispon\u00edvel em https:\/\/bit.ly\/3OeapI6.","breadcrumb":{"@id":"https:\/\/www.manaus.am.gov.br\/semtepi\/edital\/prefeitura-de-manaus-oferta-50-vagas-gratuitas-para-workshop-insta-expert\/#breadcrumb"},"inLanguage":"pt-BR","potentialAction":[{"@type":"ReadAction","target":["https:\/\/www.manaus.am.gov.br\/semtepi\/edital\/prefeitura-de-manaus-oferta-50-vagas-gratuitas-para-workshop-insta-expert\/"]}]},{"@type":"ImageObject","inLanguage":"pt-BR","@id":"https:\/\/www.manaus.am.gov.br\/semtepi\/edital\/prefeitura-de-manaus-oferta-50-vagas-gratuitas-para-workshop-insta-expert\/#primaryimage","url":"https:\/\/www.manaus.am.gov.br\/semtepi\/wp-content\/uploads\/sites\/20\/2023\/05\/51189872713_9c5920a97d_c.jpg","contentUrl":"https:\/\/www.manaus.am.gov.br\/semtepi\/wp-content\/uploads\/sites\/20\/2023\/05\/51189872713_9c5920a97d_c.jpg","width":799,"height":533},{"@type":"BreadcrumbList","@id":"https:\/\/www.manaus.am.gov.br\/semtepi\/edital\/prefeitura-de-manaus-oferta-50-vagas-gratuitas-para-workshop-insta-expert\/#breadcrumb","itemListElement":[{"@type":"ListItem","position":1,"name":"Home","item":"https:\/\/www.manaus.am.gov.br\/semtepi\/"},{"@type":"ListItem","position":2,"name":"Prefeitura de Manaus oferta 50 vagas gratuitas para workshop \u2018Insta Expert\u2019"}]},{"@type":"WebSite","@id":"https:\/\/www.manaus.am.gov.br\/semtepi\/#website","url":"https:\/\/www.manaus.am.gov.br\/semtepi\/","name":"SEMTEPI","description":"Prefeitura de Manaus","publisher":{"@id":"https:\/\/www.manaus.am.gov.br\/semtepi\/#organization"},"alternateName":"Secretaria Municipal do Trabalho, Empreendedorismo e Inova\u00e7\u00e3o","potentialAction":[{"@type":"SearchAction","target":{"@type":"EntryPoint","urlTemplate":"https:\/\/www.manaus.am.gov.br\/semtepi\/?s={search_term_string}"},"query-input":"required name=search_term_string"}],"inLanguage":"pt-BR"},{"@type":"Organization","@id":"https:\/\/www.manaus.am.gov.br\/semtepi\/#organization","name":"Prefeitura Municipal de Manaus","alternateName":"Prefeitura de Manaus","url":"https:\/\/www.manaus.am.gov.br\/semtepi\/","logo":{"@type":"ImageObject","inLanguage":"pt-BR","@id":"https:\/\/www.manaus.am.gov.br\/semtepi\/#\/schema\/logo\/image\/","url":"https:\/\/www.manaus.am.gov.br\/semtepi\/wp-content\/uploads\/sites\/20\/2024\/07\/favicon.png","contentUrl":"https:\/\/www.manaus.am.gov.br\/semtepi\/wp-content\/uploads\/sites\/20\/2024\/07\/favicon.png","width":300,"height":300,"caption":"Prefeitura Municipal de Manaus"},"image":{"@id":"https:\/\/www.manaus.am.gov.br\/semtepi\/#\/schema\/logo\/image\/"}},{"@type":"Person","@id":"https:\/\/www.manaus.am.gov.br\/semtepi\/#\/schema\/person\/4e49f4e267757a06ca072ec61b2b9968","name":"Adriana Costa","image":{"@type":"ImageObject","inLanguage":"pt-BR","@id":"https:\/\/www.manaus.am.gov.br\/semtepi\/#\/schema\/person\/image\/","url":"https:\/\/secure.gravatar.com\/avatar\/576258617ef7194f718179e766d57bd4?s=96&d=mm&r=g","contentUrl":"https:\/\/secure.gravatar.com\/avatar\/576258617ef7194f718179e766d57bd4?s=96&d=mm&r=g","caption":"Adriana Costa"}}]}},"_links":{"self":[{"href":"https:\/\/www.manaus.am.gov.br\/semtepi\/wp-json\/wp\/v2\/posts\/1813"}],"collection":[{"href":"https:\/\/www.manaus.am.gov.br\/semtepi\/wp-json\/wp\/v2\/posts"}],"about":[{"href":"https:\/\/www.manaus.am.gov.br\/semtepi\/wp-json\/wp\/v2\/types\/post"}],"author":[{"embeddable":true,"href":"https:\/\/www.manaus.am.gov.br\/semtepi\/wp-json\/wp\/v2\/users\/23"}],"replies":[{"embeddable":true,"href":"https:\/\/www.manaus.am.gov.br\/semtepi\/wp-json\/wp\/v2\/comments?post=1813"}],"version-history":[{"count":0,"href":"https:\/\/www.manaus.am.gov.br\/semtepi\/wp-json\/wp\/v2\/posts\/1813\/revisions"}],"wp:featuredmedia":[{"embeddable":true,"href":"https:\/\/www.manaus.am.gov.br\/semtepi\/wp-json\/wp\/v2\/media\/1814"}],"wp:attachment":[{"href":"https:\/\/www.manaus.am.gov.br\/semtepi\/wp-json\/wp\/v2\/media?parent=1813"}],"wp:term":[{"taxonomy":"category","embeddable":true,"href":"https:\/\/www.manaus.am.gov.br\/semtepi\/wp-json\/wp\/v2\/categories?post=1813"},{"taxonomy":"post_tag","embeddable":true,"href":"https:\/\/www.manaus.am.gov.br\/semtepi\/wp-json\/wp\/v2\/tags?post=1813"}],"curies":[{"name":"wp","href":"https:\/\/api.w.org\/{rel}","templated":true}]}}