{"id":1799,"date":"2023-05-12T19:00:00","date_gmt":"2023-05-12T23:00:00","guid":{"rendered":"https:\/\/www.manaus.am.gov.br\/semtepi\/sem-categoria\/shopping-phelippe-daou-e-galerias-populares-espirito-santo-e-dos-remedios-passam-a-ser-geridos-pela-semtepi\/"},"modified":"2023-12-05T17:15:46","modified_gmt":"2023-12-05T21:15:46","slug":"shopping-phelippe-daou-e-galerias-populares-espirito-santo-e-dos-remedios-passam-a-ser-geridos-pela-semtepi","status":"publish","type":"post","link":"https:\/\/www.manaus.am.gov.br\/semtepi\/gestao\/shopping-phelippe-daou-e-galerias-populares-espirito-santo-e-dos-remedios-passam-a-ser-geridos-pela-semtepi\/","title":{"rendered":"Shopping Phelippe Daou e galerias populares Esp\u00edrito Santo e dos Rem\u00e9dios passam a ser geridos pela Semtepi"},"content":{"rendered":"\n<p>Com mais de 600 lojas ativas, o shopping Phelippe Daou e as galerias populares Esp\u00edrito Santo e dos Rem\u00e9dios s\u00e3o edifica\u00e7\u00f5es da Prefeitura de Manaus, que em outubro de 2022 passaram a ser administradas pela Secretaria Municipal do Trabalho, Empreendedorismo e Inova\u00e7\u00e3o (Semtepi), para fortalecer empreendedorismo local.<\/p>\n\n\n\n<p>Esses espa\u00e7os, com uma variedade de produtos e servi\u00e7os, t\u00eam o objetivo de impulsionar o trabalho dos permission\u00e1rios, a fim de desenvolver a economia e aquecer o com\u00e9rcio local, al\u00e9m de gerar renda e empregabilidade.<\/p>\n\n\n\n<p>\u201cAs galerias populares e o shopping Phelippe Daou vieram para a Semtepi por meio do entendimento do prefeito David Almeida, de que estes lugares, enquanto espa\u00e7os de empreendedorismo precisavam ser fomentados. A secretaria pensou em uma estrat\u00e9gia para atrair clientes, ent\u00e3o estamos melhorando a infraestrutura, corrigindo erros de instala\u00e7\u00f5es em banheiros, piso, ilumina\u00e7\u00e3o e fachadas. Desde que iniciamos esse trabalho, j\u00e1 identificando mudan\u00e7as e um clima muito melhor do pr\u00f3prio permission\u00e1rio\u201d, destaca o secret\u00e1rio da Semtepi, Radyr J\u00fanior.<\/p>\n\n\n\n<p>Ainda de acordo com o secret\u00e1rio, al\u00e9m dos centros de compras populares se tornarem um \u2018celeiro\u2019 de pequenos neg\u00f3cios, eles funcionam como uma \u2018incubadora\u2019 para que o empreendedor fa\u00e7a sua empresa ser vi\u00e1vel e crescer. \u201cN\u00f3s tamb\u00e9m estamos com uma nova estrat\u00e9gia de divulga\u00e7\u00e3o com a nossa assessoria de comunica\u00e7\u00e3o, para que as vendas nas galerias populares e shopping sejam alavancadas. Al\u00e9m disso, vamos trazer servi\u00e7os \u00e2ncoras para a Central do Empreendedor, para potencializar toda a estrutura\u201d.<\/p>\n\n\n\n<p>Obras como as galerias e shopping Phelippe Daou objetivam incentivar os empreendedores informais para que se tornem permission\u00e1rios e, consequentemente, regularizem seus empreendimentos. Atrav\u00e9s dos espa\u00e7os, a prefeitura tamb\u00e9m firma o compromisso de atender as demandas dos usu\u00e1rios, aproximando o poder p\u00fablico da iniciativa privada.<\/p>\n\n\n\n<p>Para valorizar ainda mais a categoria, a Semtepi iniciou uma reforma na unidade do Sine Manaus que funciona dentro do Shopping Phelippe Daou. Na entrega da unidade, ela passar\u00e1 a atuar como \u2018Central do Empreendedor\u2019, com a proposta de desenvolver o empreendedorismo nas zonas Norte e Leste de Manaus. Al\u00e9m disso, a estrutura ter\u00e1 um coworking, atendimento administrativo, \u00e1rea para cursos de qualifica\u00e7\u00e3o e facilita\u00e7\u00e3o de regulariza\u00e7\u00e3o de empresas.<\/p>\n\n\n\n<p>A Semtepi passou a ser respons\u00e1vel pelo shopping e galerias, por determina\u00e7\u00e3o da Lei n\u00ba 2.945, de 1\u00ba de setembro de 2022, que transferiu a o Departamento de Administra\u00e7\u00e3o e Articula\u00e7\u00e3o Institucional do Com\u00e9rcio Popular para a estrutura organizacional da Semtepi.<\/p>\n\n\n\n<h2 class=\"wp-block-heading\">Shopping Phelippe Daou<\/h2>\n\n\n\n<p>Com localiza\u00e7\u00e3o privilegiada, na avenida Camapu\u00e3, bairro Cidade de Deus, fronteira das zonas Norte e Leste, o Shopping Phelippe Daou foi inaugurado em dezembro de 2017, e abriga 549 lojas com uma variedade significativa de produtos, como confec\u00e7\u00f5es, roupas \u00edntimas e de esportes, acess\u00f3rios e cal\u00e7ados, al\u00e9m de artigos de inform\u00e1tica, assist\u00eancia t\u00e9cnica, venda de cosm\u00e9ticos, perfumaria e produtos naturais.<\/p>\n\n\n\n<p>No centro de compras tamb\u00e9m funcionam v\u00e1rios servi\u00e7os p\u00fablicos municipais, estaduais e federais, entre eles, o posto do Sine Manaus, Leite do Meu Filho, Sinetran, IMMU, Manaus Atende e Bradesco, que disponibiliza caixas de saques 24 horas. O shopping tamb\u00e9m abriga o PAC Municipal que oferece atendimentos do Cad\u00danico, Junta Militar, Ageman, \u00c1guas de Manaus e Amazonas Energia e de servi\u00e7os de expedi\u00e7\u00e3o de RG (1\u00aa e 2\u00aa vias), al\u00e9m de um posto da Defensoria P\u00fablica Estadual e uma ag\u00eancia dos Correios.<\/p>\n\n\n\n<p>No local tamb\u00e9m \u00e9 poss\u00edvel encontrar uma pra\u00e7a de alimenta\u00e7\u00e3o que conta com a venda de lanches e refei\u00e7\u00f5es, incluindo produtos regionais, al\u00e9m de estacionamento gratuito para mais de 300 carros. Considerado o maior centro de compras popular do norte do Brasil, o Shopping abre de segunda-feira a s\u00e1bado, das 08h \u00e0s 17h.<\/p>\n\n\n\n<h2 class=\"wp-block-heading\">Galeria Esp\u00edrito Santo<\/h2>\n\n\n\n<p>Inaugurada em agosto de 2014, a Galeria Esp\u00edrito Santo funciona de segunda-feira a s\u00e1bado, das 8h \u00e0s 17h, e atualmente \u00e9 composta de 204 lojas ativas que exp\u00f5em uma variedade de produtos como confec\u00e7\u00f5es, brinquedos, moda \u00edntima, moda praia, bijuterias, acess\u00f3rios e novidades na \u00e1rea de inform\u00e1tica. Possui tamb\u00e9m uma pra\u00e7a de alimenta\u00e7\u00e3o que serve caf\u00e9 da manh\u00e3 e almo\u00e7o, casa lot\u00e9rica, terminal de caixa 24 horas, \u00f3tica, sapateiro, barbearia, costureira, alfaiate e relojoeiro.<\/p>\n\n\n\n<p>Localizada na rua Joaquim Sarmento, esquina com a rua 24 de Maio, no Centro, o espa\u00e7o tamb\u00e9m tem um posto do PAC municipal, onde funcionam servi\u00e7os de expedi\u00e7\u00e3o de RG (1\u00aa e 2\u00aa via) e Cadastro \u00danico, Semef, \u00c1guas de Manaus e Amazonas Energia. Atualmente tamb\u00e9m abriga o Departamento de Qualifica\u00e7\u00e3o Profissional da Semtepi.<\/p>\n\n\n\n<h2 class=\"wp-block-heading\">Galeria dos Rem\u00e9dios<\/h2>\n\n\n\n<p>A Galeria dos Rem\u00e9dios, inaugurada em outubro de 2014, atualmente tem 65 lojas ativas, variando a segmenta\u00e7\u00e3o de produtos com confec\u00e7\u00f5es, bolsas, brinquedos, inform\u00e1tica, moda \u00edntima, moda praia, armarinho e bijuterias. Os estabelecimentos atacadistas de confec\u00e7\u00f5es e tabacaria, instalados na galeria, atendem especialmente ao interior do estado. O espa\u00e7o est\u00e1 localizado na Rua Miranda Le\u00e3o, no Centro, com entrada tamb\u00e9m pela rua Marqu\u00eas de Santa Cruz.<\/p>\n\n\n\n<p>O local tem duas pra\u00e7as de alimenta\u00e7\u00e3o, que servem caf\u00e9 da manh\u00e3 e almo\u00e7o, servi\u00e7os de assist\u00eancia t\u00e9cnica de celular, costureira, reprografia, terminal de caixa 24 horas, \u00f3tica e sorveteria. Al\u00e9m disso, h\u00e1 uma variedade de artigos de artesanato ind\u00edgena e caboclo.<\/p>\n\n\n\n<p>Na Galeria dos Rem\u00e9dios tamb\u00e9m funciona uma ag\u00eancia dos Correios, uma financeira e um posto do PAC estadual, com servi\u00e7os de expedi\u00e7\u00e3o de RG, Detran, Semef, \u00c1guas de Manaus e Amazonas Energia. O funcionamento do PAC \u00e9 de segunda a sexta-feira, das 8h \u00e0s 14h.<\/p>\n\n\n\n<p>Al\u00e9m disso, o pr\u00e9dio conta com o \u201cMirante da Galeria\u2019, onde os visitantes podem ter uma bela vista do rio Negro e apreciar o p\u00f4r do sol. O hor\u00e1rio de funcionamento \u00e9 de segunda a s\u00e1bado, das 8h \u00e0s 17h.<\/p>\n\n\n\n<p>&#8212; &#8212; &#8212;<\/p>\n\n\n\n<p><strong>Texto \u2013 <\/strong>Fabiane Monteiro \/ Semtepi<br><strong>Foto &#8211; <\/strong>Antonio Pereira \/ Semcom<\/p>\n","protected":false},"excerpt":{"rendered":"","protected":false},"author":39,"featured_media":1800,"comment_status":"closed","ping_status":"closed","sticky":false,"template":"","format":"standard","meta":{"footnotes":""},"categories":[91],"tags":[92,93,94,95,8,9,96],"acf":[],"yoast_head":"<!-- This site is optimized with the Yoast SEO plugin v23.0 - https:\/\/yoast.com\/wordpress\/plugins\/seo\/ -->\n<title>Shopping Phelippe Daou e galerias populares Esp\u00edrito Santo e dos Rem\u00e9dios passam a ser geridos pela Semtepi<\/title>\n<meta name=\"description\" content=\"A Semtepi passou a ser respons\u00e1vel pelo shopping e galerias, por determina\u00e7\u00e3o da Lei n\u00ba 2.945, de 1\u00ba de setembro de 2022, que transferiu a o Departamento de Administra\u00e7\u00e3o e Articula\u00e7\u00e3o Institucional do Com\u00e9rcio Popular para a estrutura organizacional da Semtepi.\" \/>\n<meta name=\"robots\" content=\"noindex, follow\" \/>\n<meta property=\"og:locale\" content=\"pt_BR\" \/>\n<meta property=\"og:type\" content=\"article\" \/>\n<meta property=\"og:title\" content=\"Shopping Phelippe Daou e galerias populares Esp\u00edrito Santo e dos Rem\u00e9dios passam a ser geridos pela Semtepi\" \/>\n<meta property=\"og:description\" content=\"A Semtepi passou a ser respons\u00e1vel pelo shopping e galerias, por determina\u00e7\u00e3o da Lei n\u00ba 2.945, de 1\u00ba de setembro de 2022, que transferiu a o Departamento de Administra\u00e7\u00e3o e Articula\u00e7\u00e3o Institucional do Com\u00e9rcio Popular para a estrutura organizacional da Semtepi.\" \/>\n<meta property=\"og:url\" content=\"https:\/\/www.manaus.am.gov.br\/semtepi\/gestao\/shopping-phelippe-daou-e-galerias-populares-espirito-santo-e-dos-remedios-passam-a-ser-geridos-pela-semtepi\/\" \/>\n<meta property=\"og:site_name\" content=\"SEMTEPI\" \/>\n<meta property=\"article:published_time\" content=\"2023-05-12T23:00:00+00:00\" \/>\n<meta property=\"article:modified_time\" content=\"2023-12-05T21:15:46+00:00\" \/>\n<meta property=\"og:image\" content=\"https:\/\/www.manaus.am.gov.br\/semtepi\/wp-content\/uploads\/sites\/20\/2023\/05\/Shopping-Phelippe-Daou-scaled.jpg\" \/>\n\t<meta property=\"og:image:width\" content=\"2560\" \/>\n\t<meta property=\"og:image:height\" content=\"1707\" \/>\n\t<meta property=\"og:image:type\" content=\"image\/jpeg\" \/>\n<meta name=\"author\" content=\"Bruna Greco\" \/>\n<meta name=\"twitter:card\" content=\"summary_large_image\" \/>\n<meta name=\"twitter:label1\" content=\"Written by\" \/>\n\t<meta name=\"twitter:data1\" content=\"Bruna Greco\" \/>\n\t<meta name=\"twitter:label2\" content=\"Est. reading time\" \/>\n\t<meta name=\"twitter:data2\" content=\"6 minutos\" \/>\n<script type=\"application\/ld+json\" class=\"yoast-schema-graph\">{\"@context\":\"https:\/\/schema.org\",\"@graph\":[{\"@type\":\"Article\",\"@id\":\"https:\/\/www.manaus.am.gov.br\/semtepi\/gestao\/shopping-phelippe-daou-e-galerias-populares-espirito-santo-e-dos-remedios-passam-a-ser-geridos-pela-semtepi\/#article\",\"isPartOf\":{\"@id\":\"https:\/\/www.manaus.am.gov.br\/semtepi\/gestao\/shopping-phelippe-daou-e-galerias-populares-espirito-santo-e-dos-remedios-passam-a-ser-geridos-pela-semtepi\/\"},\"author\":{\"name\":\"Bruna Greco\",\"@id\":\"https:\/\/www.manaus.am.gov.br\/semtepi\/#\/schema\/person\/05d223aea2bf115f9883a6ff3683d81b\"},\"headline\":\"Shopping Phelippe Daou e galerias populares Esp\u00edrito Santo e dos Rem\u00e9dios passam a ser geridos pela Semtepi\",\"datePublished\":\"2023-05-12T23:00:00+00:00\",\"dateModified\":\"2023-12-05T21:15:46+00:00\",\"mainEntityOfPage\":{\"@id\":\"https:\/\/www.manaus.am.gov.br\/semtepi\/gestao\/shopping-phelippe-daou-e-galerias-populares-espirito-santo-e-dos-remedios-passam-a-ser-geridos-pela-semtepi\/\"},\"wordCount\":1045,\"publisher\":{\"@id\":\"https:\/\/www.manaus.am.gov.br\/semtepi\/#organization\"},\"image\":{\"@id\":\"https:\/\/www.manaus.am.gov.br\/semtepi\/gestao\/shopping-phelippe-daou-e-galerias-populares-espirito-santo-e-dos-remedios-passam-a-ser-geridos-pela-semtepi\/#primaryimage\"},\"thumbnailUrl\":\"https:\/\/www.manaus.am.gov.br\/semtepi\/wp-content\/uploads\/sites\/20\/2023\/05\/Shopping-Phelippe-Daou-scaled.jpg\",\"keywords\":[\"600 lojas ativas\",\"galeria dos R\u00e9medios\",\"galerias populares\",\"nova gest\u00e3o\",\"prefeitura de manaus\",\"Semtepi\",\"shopping Phellippe Daou\"],\"articleSection\":[\"Gest\u00e3o\"],\"inLanguage\":\"pt-BR\"},{\"@type\":\"WebPage\",\"@id\":\"https:\/\/www.manaus.am.gov.br\/semtepi\/gestao\/shopping-phelippe-daou-e-galerias-populares-espirito-santo-e-dos-remedios-passam-a-ser-geridos-pela-semtepi\/\",\"url\":\"https:\/\/www.manaus.am.gov.br\/semtepi\/gestao\/shopping-phelippe-daou-e-galerias-populares-espirito-santo-e-dos-remedios-passam-a-ser-geridos-pela-semtepi\/\",\"name\":\"Shopping Phelippe Daou e galerias populares Esp\u00edrito Santo e dos Rem\u00e9dios passam a ser geridos pela Semtepi\",\"isPartOf\":{\"@id\":\"https:\/\/www.manaus.am.gov.br\/semtepi\/#website\"},\"primaryImageOfPage\":{\"@id\":\"https:\/\/www.manaus.am.gov.br\/semtepi\/gestao\/shopping-phelippe-daou-e-galerias-populares-espirito-santo-e-dos-remedios-passam-a-ser-geridos-pela-semtepi\/#primaryimage\"},\"image\":{\"@id\":\"https:\/\/www.manaus.am.gov.br\/semtepi\/gestao\/shopping-phelippe-daou-e-galerias-populares-espirito-santo-e-dos-remedios-passam-a-ser-geridos-pela-semtepi\/#primaryimage\"},\"thumbnailUrl\":\"https:\/\/www.manaus.am.gov.br\/semtepi\/wp-content\/uploads\/sites\/20\/2023\/05\/Shopping-Phelippe-Daou-scaled.jpg\",\"datePublished\":\"2023-05-12T23:00:00+00:00\",\"dateModified\":\"2023-12-05T21:15:46+00:00\",\"description\":\"A Semtepi passou a ser respons\u00e1vel pelo shopping e galerias, por determina\u00e7\u00e3o da Lei n\u00ba 2.945, de 1\u00ba de setembro de 2022, que transferiu a o Departamento de Administra\u00e7\u00e3o e Articula\u00e7\u00e3o Institucional do Com\u00e9rcio Popular para a estrutura organizacional da Semtepi.\",\"breadcrumb\":{\"@id\":\"https:\/\/www.manaus.am.gov.br\/semtepi\/gestao\/shopping-phelippe-daou-e-galerias-populares-espirito-santo-e-dos-remedios-passam-a-ser-geridos-pela-semtepi\/#breadcrumb\"},\"inLanguage\":\"pt-BR\",\"potentialAction\":[{\"@type\":\"ReadAction\",\"target\":[\"https:\/\/www.manaus.am.gov.br\/semtepi\/gestao\/shopping-phelippe-daou-e-galerias-populares-espirito-santo-e-dos-remedios-passam-a-ser-geridos-pela-semtepi\/\"]}]},{\"@type\":\"ImageObject\",\"inLanguage\":\"pt-BR\",\"@id\":\"https:\/\/www.manaus.am.gov.br\/semtepi\/gestao\/shopping-phelippe-daou-e-galerias-populares-espirito-santo-e-dos-remedios-passam-a-ser-geridos-pela-semtepi\/#primaryimage\",\"url\":\"https:\/\/www.manaus.am.gov.br\/semtepi\/wp-content\/uploads\/sites\/20\/2023\/05\/Shopping-Phelippe-Daou-scaled.jpg\",\"contentUrl\":\"https:\/\/www.manaus.am.gov.br\/semtepi\/wp-content\/uploads\/sites\/20\/2023\/05\/Shopping-Phelippe-Daou-scaled.jpg\",\"width\":2560,\"height\":1707},{\"@type\":\"BreadcrumbList\",\"@id\":\"https:\/\/www.manaus.am.gov.br\/semtepi\/gestao\/shopping-phelippe-daou-e-galerias-populares-espirito-santo-e-dos-remedios-passam-a-ser-geridos-pela-semtepi\/#breadcrumb\",\"itemListElement\":[{\"@type\":\"ListItem\",\"position\":1,\"name\":\"Home\",\"item\":\"https:\/\/www.manaus.am.gov.br\/semtepi\/\"},{\"@type\":\"ListItem\",\"position\":2,\"name\":\"Shopping Phelippe Daou e galerias populares Esp\u00edrito Santo e dos Rem\u00e9dios passam a ser geridos pela Semtepi\"}]},{\"@type\":\"WebSite\",\"@id\":\"https:\/\/www.manaus.am.gov.br\/semtepi\/#website\",\"url\":\"https:\/\/www.manaus.am.gov.br\/semtepi\/\",\"name\":\"SEMTEPI\",\"description\":\"Prefeitura de Manaus\",\"publisher\":{\"@id\":\"https:\/\/www.manaus.am.gov.br\/semtepi\/#organization\"},\"alternateName\":\"Secretaria Municipal do Trabalho, Empreendedorismo e Inova\u00e7\u00e3o\",\"potentialAction\":[{\"@type\":\"SearchAction\",\"target\":{\"@type\":\"EntryPoint\",\"urlTemplate\":\"https:\/\/www.manaus.am.gov.br\/semtepi\/?s={search_term_string}\"},\"query-input\":\"required name=search_term_string\"}],\"inLanguage\":\"pt-BR\"},{\"@type\":\"Organization\",\"@id\":\"https:\/\/www.manaus.am.gov.br\/semtepi\/#organization\",\"name\":\"Prefeitura Municipal de Manaus\",\"alternateName\":\"Prefeitura de Manaus\",\"url\":\"https:\/\/www.manaus.am.gov.br\/semtepi\/\",\"logo\":{\"@type\":\"ImageObject\",\"inLanguage\":\"pt-BR\",\"@id\":\"https:\/\/www.manaus.am.gov.br\/semtepi\/#\/schema\/logo\/image\/\",\"url\":\"https:\/\/www.manaus.am.gov.br\/semtepi\/wp-content\/uploads\/sites\/20\/2024\/07\/favicon.png\",\"contentUrl\":\"https:\/\/www.manaus.am.gov.br\/semtepi\/wp-content\/uploads\/sites\/20\/2024\/07\/favicon.png\",\"width\":300,\"height\":300,\"caption\":\"Prefeitura Municipal de Manaus\"},\"image\":{\"@id\":\"https:\/\/www.manaus.am.gov.br\/semtepi\/#\/schema\/logo\/image\/\"}},{\"@type\":\"Person\",\"@id\":\"https:\/\/www.manaus.am.gov.br\/semtepi\/#\/schema\/person\/05d223aea2bf115f9883a6ff3683d81b\",\"name\":\"Bruna Greco\",\"image\":{\"@type\":\"ImageObject\",\"inLanguage\":\"pt-BR\",\"@id\":\"https:\/\/www.manaus.am.gov.br\/semtepi\/#\/schema\/person\/image\/\",\"url\":\"https:\/\/secure.gravatar.com\/avatar\/9c877d1a6adc2a055330e5c09a8653ce?s=96&d=mm&r=g\",\"contentUrl\":\"https:\/\/secure.gravatar.com\/avatar\/9c877d1a6adc2a055330e5c09a8653ce?s=96&d=mm&r=g\",\"caption\":\"Bruna Greco\"}}]}<\/script>\n<!-- \/ Yoast SEO plugin. -->","yoast_head_json":{"title":"Shopping Phelippe Daou e galerias populares Esp\u00edrito Santo e dos Rem\u00e9dios passam a ser geridos pela Semtepi","description":"A Semtepi passou a ser respons\u00e1vel pelo shopping e galerias, por determina\u00e7\u00e3o da Lei n\u00ba 2.945, de 1\u00ba de setembro de 2022, que transferiu a o Departamento de Administra\u00e7\u00e3o e Articula\u00e7\u00e3o Institucional do Com\u00e9rcio Popular para a estrutura organizacional da Semtepi.","robots":{"index":"noindex","follow":"follow"},"og_locale":"pt_BR","og_type":"article","og_title":"Shopping Phelippe Daou e galerias populares Esp\u00edrito Santo e dos Rem\u00e9dios passam a ser geridos pela Semtepi","og_description":"A Semtepi passou a ser respons\u00e1vel pelo shopping e galerias, por determina\u00e7\u00e3o da Lei n\u00ba 2.945, de 1\u00ba de setembro de 2022, que transferiu a o Departamento de Administra\u00e7\u00e3o e Articula\u00e7\u00e3o Institucional do Com\u00e9rcio Popular para a estrutura organizacional da Semtepi.","og_url":"https:\/\/www.manaus.am.gov.br\/semtepi\/gestao\/shopping-phelippe-daou-e-galerias-populares-espirito-santo-e-dos-remedios-passam-a-ser-geridos-pela-semtepi\/","og_site_name":"SEMTEPI","article_published_time":"2023-05-12T23:00:00+00:00","article_modified_time":"2023-12-05T21:15:46+00:00","og_image":[{"width":2560,"height":1707,"url":"https:\/\/www.manaus.am.gov.br\/semtepi\/wp-content\/uploads\/sites\/20\/2023\/05\/Shopping-Phelippe-Daou-scaled.jpg","type":"image\/jpeg"}],"author":"Bruna Greco","twitter_card":"summary_large_image","twitter_misc":{"Written by":"Bruna Greco","Est. reading time":"6 minutos"},"schema":{"@context":"https:\/\/schema.org","@graph":[{"@type":"Article","@id":"https:\/\/www.manaus.am.gov.br\/semtepi\/gestao\/shopping-phelippe-daou-e-galerias-populares-espirito-santo-e-dos-remedios-passam-a-ser-geridos-pela-semtepi\/#article","isPartOf":{"@id":"https:\/\/www.manaus.am.gov.br\/semtepi\/gestao\/shopping-phelippe-daou-e-galerias-populares-espirito-santo-e-dos-remedios-passam-a-ser-geridos-pela-semtepi\/"},"author":{"name":"Bruna Greco","@id":"https:\/\/www.manaus.am.gov.br\/semtepi\/#\/schema\/person\/05d223aea2bf115f9883a6ff3683d81b"},"headline":"Shopping Phelippe Daou e galerias populares Esp\u00edrito Santo e dos Rem\u00e9dios passam a ser geridos pela Semtepi","datePublished":"2023-05-12T23:00:00+00:00","dateModified":"2023-12-05T21:15:46+00:00","mainEntityOfPage":{"@id":"https:\/\/www.manaus.am.gov.br\/semtepi\/gestao\/shopping-phelippe-daou-e-galerias-populares-espirito-santo-e-dos-remedios-passam-a-ser-geridos-pela-semtepi\/"},"wordCount":1045,"publisher":{"@id":"https:\/\/www.manaus.am.gov.br\/semtepi\/#organization"},"image":{"@id":"https:\/\/www.manaus.am.gov.br\/semtepi\/gestao\/shopping-phelippe-daou-e-galerias-populares-espirito-santo-e-dos-remedios-passam-a-ser-geridos-pela-semtepi\/#primaryimage"},"thumbnailUrl":"https:\/\/www.manaus.am.gov.br\/semtepi\/wp-content\/uploads\/sites\/20\/2023\/05\/Shopping-Phelippe-Daou-scaled.jpg","keywords":["600 lojas ativas","galeria dos R\u00e9medios","galerias populares","nova gest\u00e3o","prefeitura de manaus","Semtepi","shopping Phellippe Daou"],"articleSection":["Gest\u00e3o"],"inLanguage":"pt-BR"},{"@type":"WebPage","@id":"https:\/\/www.manaus.am.gov.br\/semtepi\/gestao\/shopping-phelippe-daou-e-galerias-populares-espirito-santo-e-dos-remedios-passam-a-ser-geridos-pela-semtepi\/","url":"https:\/\/www.manaus.am.gov.br\/semtepi\/gestao\/shopping-phelippe-daou-e-galerias-populares-espirito-santo-e-dos-remedios-passam-a-ser-geridos-pela-semtepi\/","name":"Shopping Phelippe Daou e galerias populares Esp\u00edrito Santo e dos Rem\u00e9dios passam a ser geridos pela Semtepi","isPartOf":{"@id":"https:\/\/www.manaus.am.gov.br\/semtepi\/#website"},"primaryImageOfPage":{"@id":"https:\/\/www.manaus.am.gov.br\/semtepi\/gestao\/shopping-phelippe-daou-e-galerias-populares-espirito-santo-e-dos-remedios-passam-a-ser-geridos-pela-semtepi\/#primaryimage"},"image":{"@id":"https:\/\/www.manaus.am.gov.br\/semtepi\/gestao\/shopping-phelippe-daou-e-galerias-populares-espirito-santo-e-dos-remedios-passam-a-ser-geridos-pela-semtepi\/#primaryimage"},"thumbnailUrl":"https:\/\/www.manaus.am.gov.br\/semtepi\/wp-content\/uploads\/sites\/20\/2023\/05\/Shopping-Phelippe-Daou-scaled.jpg","datePublished":"2023-05-12T23:00:00+00:00","dateModified":"2023-12-05T21:15:46+00:00","description":"A Semtepi passou a ser respons\u00e1vel pelo shopping e galerias, por determina\u00e7\u00e3o da Lei n\u00ba 2.945, de 1\u00ba de setembro de 2022, que transferiu a o Departamento de Administra\u00e7\u00e3o e Articula\u00e7\u00e3o Institucional do Com\u00e9rcio Popular para a estrutura organizacional da Semtepi.","breadcrumb":{"@id":"https:\/\/www.manaus.am.gov.br\/semtepi\/gestao\/shopping-phelippe-daou-e-galerias-populares-espirito-santo-e-dos-remedios-passam-a-ser-geridos-pela-semtepi\/#breadcrumb"},"inLanguage":"pt-BR","potentialAction":[{"@type":"ReadAction","target":["https:\/\/www.manaus.am.gov.br\/semtepi\/gestao\/shopping-phelippe-daou-e-galerias-populares-espirito-santo-e-dos-remedios-passam-a-ser-geridos-pela-semtepi\/"]}]},{"@type":"ImageObject","inLanguage":"pt-BR","@id":"https:\/\/www.manaus.am.gov.br\/semtepi\/gestao\/shopping-phelippe-daou-e-galerias-populares-espirito-santo-e-dos-remedios-passam-a-ser-geridos-pela-semtepi\/#primaryimage","url":"https:\/\/www.manaus.am.gov.br\/semtepi\/wp-content\/uploads\/sites\/20\/2023\/05\/Shopping-Phelippe-Daou-scaled.jpg","contentUrl":"https:\/\/www.manaus.am.gov.br\/semtepi\/wp-content\/uploads\/sites\/20\/2023\/05\/Shopping-Phelippe-Daou-scaled.jpg","width":2560,"height":1707},{"@type":"BreadcrumbList","@id":"https:\/\/www.manaus.am.gov.br\/semtepi\/gestao\/shopping-phelippe-daou-e-galerias-populares-espirito-santo-e-dos-remedios-passam-a-ser-geridos-pela-semtepi\/#breadcrumb","itemListElement":[{"@type":"ListItem","position":1,"name":"Home","item":"https:\/\/www.manaus.am.gov.br\/semtepi\/"},{"@type":"ListItem","position":2,"name":"Shopping Phelippe Daou e galerias populares Esp\u00edrito Santo e dos Rem\u00e9dios passam a ser geridos pela Semtepi"}]},{"@type":"WebSite","@id":"https:\/\/www.manaus.am.gov.br\/semtepi\/#website","url":"https:\/\/www.manaus.am.gov.br\/semtepi\/","name":"SEMTEPI","description":"Prefeitura de Manaus","publisher":{"@id":"https:\/\/www.manaus.am.gov.br\/semtepi\/#organization"},"alternateName":"Secretaria Municipal do Trabalho, Empreendedorismo e Inova\u00e7\u00e3o","potentialAction":[{"@type":"SearchAction","target":{"@type":"EntryPoint","urlTemplate":"https:\/\/www.manaus.am.gov.br\/semtepi\/?s={search_term_string}"},"query-input":"required name=search_term_string"}],"inLanguage":"pt-BR"},{"@type":"Organization","@id":"https:\/\/www.manaus.am.gov.br\/semtepi\/#organization","name":"Prefeitura Municipal de Manaus","alternateName":"Prefeitura de Manaus","url":"https:\/\/www.manaus.am.gov.br\/semtepi\/","logo":{"@type":"ImageObject","inLanguage":"pt-BR","@id":"https:\/\/www.manaus.am.gov.br\/semtepi\/#\/schema\/logo\/image\/","url":"https:\/\/www.manaus.am.gov.br\/semtepi\/wp-content\/uploads\/sites\/20\/2024\/07\/favicon.png","contentUrl":"https:\/\/www.manaus.am.gov.br\/semtepi\/wp-content\/uploads\/sites\/20\/2024\/07\/favicon.png","width":300,"height":300,"caption":"Prefeitura Municipal de Manaus"},"image":{"@id":"https:\/\/www.manaus.am.gov.br\/semtepi\/#\/schema\/logo\/image\/"}},{"@type":"Person","@id":"https:\/\/www.manaus.am.gov.br\/semtepi\/#\/schema\/person\/05d223aea2bf115f9883a6ff3683d81b","name":"Bruna Greco","image":{"@type":"ImageObject","inLanguage":"pt-BR","@id":"https:\/\/www.manaus.am.gov.br\/semtepi\/#\/schema\/person\/image\/","url":"https:\/\/secure.gravatar.com\/avatar\/9c877d1a6adc2a055330e5c09a8653ce?s=96&d=mm&r=g","contentUrl":"https:\/\/secure.gravatar.com\/avatar\/9c877d1a6adc2a055330e5c09a8653ce?s=96&d=mm&r=g","caption":"Bruna Greco"}}]}},"_links":{"self":[{"href":"https:\/\/www.manaus.am.gov.br\/semtepi\/wp-json\/wp\/v2\/posts\/1799"}],"collection":[{"href":"https:\/\/www.manaus.am.gov.br\/semtepi\/wp-json\/wp\/v2\/posts"}],"about":[{"href":"https:\/\/www.manaus.am.gov.br\/semtepi\/wp-json\/wp\/v2\/types\/post"}],"author":[{"embeddable":true,"href":"https:\/\/www.manaus.am.gov.br\/semtepi\/wp-json\/wp\/v2\/users\/39"}],"replies":[{"embeddable":true,"href":"https:\/\/www.manaus.am.gov.br\/semtepi\/wp-json\/wp\/v2\/comments?post=1799"}],"version-history":[{"count":1,"href":"https:\/\/www.manaus.am.gov.br\/semtepi\/wp-json\/wp\/v2\/posts\/1799\/revisions"}],"predecessor-version":[{"id":3394,"href":"https:\/\/www.manaus.am.gov.br\/semtepi\/wp-json\/wp\/v2\/posts\/1799\/revisions\/3394"}],"wp:featuredmedia":[{"embeddable":true,"href":"https:\/\/www.manaus.am.gov.br\/semtepi\/wp-json\/wp\/v2\/media\/1800"}],"wp:attachment":[{"href":"https:\/\/www.manaus.am.gov.br\/semtepi\/wp-json\/wp\/v2\/media?parent=1799"}],"wp:term":[{"taxonomy":"category","embeddable":true,"href":"https:\/\/www.manaus.am.gov.br\/semtepi\/wp-json\/wp\/v2\/categories?post=1799"},{"taxonomy":"post_tag","embeddable":true,"href":"https:\/\/www.manaus.am.gov.br\/semtepi\/wp-json\/wp\/v2\/tags?post=1799"}],"curies":[{"name":"wp","href":"https:\/\/api.w.org\/{rel}","templated":true}]}}