{"id":1756,"date":"2023-05-04T16:18:40","date_gmt":"2023-05-04T20:18:40","guid":{"rendered":"https:\/\/www.manaus.am.gov.br\/semtepi\/sem-categoria\/sine-manaus-oferta-226-vagas-de-emprego-nesta-sexta-feira-5-5\/"},"modified":"2023-05-05T09:50:40","modified_gmt":"2023-05-05T13:50:40","slug":"sine-manaus-oferta-226-vagas-de-emprego-nesta-sexta-feira-5-5","status":"publish","type":"post","link":"https:\/\/www.manaus.am.gov.br\/semtepi\/oportunidade\/sine-manaus-oferta-226-vagas-de-emprego-nesta-sexta-feira-5-5\/","title":{"rendered":"Sine Manaus oferta 226\u00a0vagas de emprego nesta sexta-feira, 5\/5"},"content":{"rendered":"\n<p>A Prefeitura de Manaus, por meio do Sine Manaus, oferta 226&nbsp;vagas de emprego em v\u00e1rias \u00e1reas de atua\u00e7\u00e3o, nesta sexta-feira, 5\/5,&nbsp;das 8h \u00e0s 16h. O candidato precisa validar a Carteira Digital e Previd\u00eancia Social (CTPS) no aplicativo \u201cCarteira de Trabalho Digital\u201d ou acessar o site&nbsp;<a href=\"http:\/\/gov.br\/trabalho\" target=\"_blank\" rel=\"noreferrer noopener\">http:\/\/gov.br\/trabalho<\/a>&nbsp;e, para concorrer \u00e0s vagas, deve acessar o site&nbsp;<a href=\"http:\/\/empregabrasil.mte.gov.br\/\" target=\"_blank\" rel=\"noreferrer noopener\">http:\/\/empregabrasil.mte.gov.br<\/a>&nbsp;para fazer a solicita\u00e7\u00e3o de cadastro.<\/p>\n\n\n\n<p>Para participar da pr\u00e9-sele\u00e7\u00e3o e concorrer a uma das vagas dispon\u00edveis, ou receber orienta\u00e7\u00e3o de cadastro, Carteira de Trabalho Digital e seguro-desemprego, os candidatos devem comparecer a um dos postos do Sine Manaus: na avenida Constantino Nery, n\u00ba 1.272, bairro S\u00e3o Geraldo, zona Centro-Sul; ou no shopping Phelippe Daou, na&nbsp;<a href=\"https:\/\/www.google.com\/maps\/search\/avenida+Camapu%C3%A3,+n%C2%BA+2.939,+bairro+Jorge+Teixeira?entry=gmail&amp;source=g\">avenida Camapu\u00e3, n\u00ba 2.939, bairro Jorge Teixeira<\/a>, zona Leste.<\/p>\n\n\n\n<p>A Semtepi informa que o atendimento no posto do shopping Phelippe Daou foi reduzido em virtude de reforma no espa\u00e7o, e orienta os cidad\u00e3os a comparecerem, preferencialmente, ao posto da avenida Constantino Nery.<\/p>\n\n\n\n<p>Os interessados devem estar munidos do comprovante de vacina\u00e7\u00e3o (Covid-19), curr\u00edculo e documentos pessoais (RG, CPF, PIS, CTPS, comprovante de escolaridade e resid\u00eancia). N\u00e3o \u00e9 necess\u00e1rio apresentar c\u00f3pias, somente os documentos originais.<\/p>\n\n\n\n<p><strong>Vagas Novas \u2013 46<\/strong><\/p>\n\n\n\n<p><strong>4 vagas \u2013 Operador de Caixa \u2013 vagas exclusivas para Pessoas com Defici\u00eancia (PcD)<\/strong><\/p>\n\n\n\n<p>Escolaridade \u2013 ensino m\u00e9dio completo;<\/p>\n\n\n\n<p>Experi\u00eancia \u2013 n\u00e3o \u00e9 necess\u00e1rio;<\/p>\n\n\n\n<p>Requisitos obrigat\u00f3rios \u2013 ter disponibilidade de hor\u00e1rio;<\/p>\n\n\n\n<p>Atividades \u2013 respons\u00e1vel por fazer a abertura e o fechamento de caixa, processar e receber o pagamento e emitir notas fiscais.<\/p>\n\n\n\n<p>Dispon\u00edvel at\u00e9 5\/5\/2023 ou encerramento da vaga.<\/p>\n\n\n\n<p><strong>2 vagas \u2013 Vendedor Interno<\/strong><\/p>\n\n\n\n<p>Escolaridade \u2013 ensino m\u00e9dio completo;<\/p>\n\n\n\n<p>Experi\u00eancia \u2013 registrada na Carteira de Trabalho;<\/p>\n\n\n\n<p>Requisitos obrigat\u00f3rios \u2013 ter experi\u00eancia na \u00e1rea de papelaria e material de expediente;<\/p>\n\n\n\n<p>Atividades \u2013 prospectar clientes, realizar apresenta\u00e7\u00f5es, enviar propostas comerciais, fazer follow-up, negociar e fechar vendas.<\/p>\n\n\n\n<p>Dispon\u00edvel at\u00e9 5\/5\/2023 ou encerramento da vaga.<\/p>\n\n\n\n<p><strong>1 vaga \u2013 Analista de Compras<\/strong><\/p>\n\n\n\n<p>Escolaridade \u2013 ensino m\u00e9dio completo;<\/p>\n\n\n\n<p>Experi\u00eancia \u2013 registrada na Carteira de Trabalho;<\/p>\n\n\n\n<p>Atividades \u2013 receber requisi\u00e7\u00f5es de compras, executar processo de cota\u00e7\u00e3o e concretizar a compra de servi\u00e7os, produtos, mat\u00e9rias-primas e equipamentos para o com\u00e9rcio atacadista, varejista, ind\u00fastrias, empresas, \u00f3rg\u00e3os p\u00fablicos e privados.<\/p>\n\n\n\n<p>Dispon\u00edvel at\u00e9 5\/5\/2023 ou encerramento da vaga.<\/p>\n\n\n\n<p><strong>1 vaga \u2013 Balconista<\/strong><\/p>\n\n\n\n<p>Escolaridade \u2013 ensino m\u00e9dio completo;<\/p>\n\n\n\n<p>Experi\u00eancia \u2013 n\u00e3o \u00e9 necess\u00e1rio;<\/p>\n\n\n\n<p>Atividades \u2013&nbsp;expor mercadorias de forma atrativa com etiquetas de pre\u00e7o em pontos estrat\u00e9gicos de vendas no estabelecimento, abastecendo g\u00f4ndolas e balc\u00f5es para melhor atender os clientes da padaria; promover venda de mercadorias expostas.<\/p>\n\n\n\n<p>Dispon\u00edvel at\u00e9 5\/5\/2023 ou encerramento da vaga.<\/p>\n\n\n\n<p><strong>1 vaga \u2013 Confeiteiro<\/strong><\/p>\n\n\n\n<p>Escolaridade \u2013 ensino m\u00e9dio completo;<\/p>\n\n\n\n<p>Experi\u00eancia \u2013 n\u00e3o \u00e9 necess\u00e1rio;<\/p>\n\n\n\n<p>Atividades \u2013&nbsp;preparar uma ampla variedade de produtos, como bolos, cookies, tortas e p\u00e3es, seguindo receitas tradicionais e modernas; criar sobremesas novas e interessantes para renovar os card\u00e1pios e atrair o interesse dos clientes.<\/p>\n\n\n\n<p>Dispon\u00edvel at\u00e9 5\/5\/2023 ou encerramento da vaga.<\/p>\n\n\n\n<p><strong>8 vagas \u2013 Mec\u00e2nico de Refrigera\u00e7\u00e3o<\/strong><\/p>\n\n\n\n<p>Escolaridade \u2013 ensino m\u00e9dio completo;<\/p>\n\n\n\n<p>Experi\u00eancia \u2013 registrada na Carteira de Trabalho;<\/p>\n\n\n\n<p>Requisitos obrigat\u00f3rios \u2013 ter cursos de NR-10, NR-35 e el\u00e9trica em geral; ter experi\u00eancia espec\u00edfica em comandos el\u00e9tricos;<\/p>\n\n\n\n<p>Atividades \u2013 fazer manuten\u00e7\u00e3o preventiva e corretiva de instala\u00e7\u00f5es e equipamentos de refrigera\u00e7\u00e3o, ventila\u00e7\u00e3o, calefa\u00e7\u00e3o e ar-condicionado; realizar testes, lubrifica\u00e7\u00e3o e regulagem nos sistemas de refrigera\u00e7\u00e3o e climatiza\u00e7\u00e3o.<\/p>\n\n\n\n<p>Dispon\u00edvel at\u00e9 5\/5\/2023 ou encerramento da vaga.<\/p>\n\n\n\n<p><strong>8 vagas \u2013 Auxiliar de Refrigera\u00e7\u00e3o<\/strong><\/p>\n\n\n\n<p>Escolaridade \u2013 ensino m\u00e9dio completo;<\/p>\n\n\n\n<p>Experi\u00eancia \u2013 registrada na Carteira de Trabalho;<\/p>\n\n\n\n<p>Requisitos obrigat\u00f3rios \u2013 ter cursos de NR-10, NR-35 e mec\u00e2nico e\/ou t\u00e9cnico de refrigera\u00e7\u00e3o; ter experi\u00eancia espec\u00edfica em manuten\u00e7\u00e3o preventiva e corretiva;<\/p>\n\n\n\n<p>Atividades \u2013 auxiliar na instala\u00e7\u00e3o, manuten\u00e7\u00e3o preventiva e corretiva de sistemas de refrigera\u00e7\u00e3o e ventila\u00e7\u00e3o; montar tubula\u00e7\u00f5es, avaliar o dimensionamento de locais para instala\u00e7\u00e3o de equipamentos e realizar testes finais.<\/p>\n\n\n\n<p>Dispon\u00edvel at\u00e9 5\/5\/2023 ou encerramento da vaga.<\/p>\n\n\n\n<p><strong>3 vagas \u2013 Motorista de Caminh\u00e3o<\/strong><\/p>\n\n\n\n<p>Escolaridade \u2013 ensino m\u00e9dio completo;<\/p>\n\n\n\n<p>Experi\u00eancia \u2013 seis meses na Carteira de Trabalho;<\/p>\n\n\n\n<p>Requisitos obrigat\u00f3rios \u2013 ter Carteira Nacional de Habilita\u00e7\u00e3o categoria \u201cD\u201d atualizada; residir nas proximidades ou na zona Leste de Manaus; ter curso de MOPP;<\/p>\n\n\n\n<p>Atividades \u2013 transportar, coletar e entregar cargas no Polo Industrial de Manaus.<\/p>\n\n\n\n<p>Dispon\u00edvel at\u00e9 5\/5\/2023 ou encerramento da vaga.<\/p>\n\n\n\n<p><strong>1 vaga \u2013 Assistente de Loja \u2013 vaga exclusiva para Pessoa com Defici\u00eancia (PcD)<\/strong><\/p>\n\n\n\n<p>Escolaridade \u2013 ensino m\u00e9dio completo;<\/p>\n\n\n\n<p>Experi\u00eancia \u2013 n\u00e3o \u00e9 necess\u00e1rio;<\/p>\n\n\n\n<p>Atividades \u2013 receber e conferir produtos e mercadorias; lan\u00e7ar itens no estoque; receber pagamento dos clientes; fechar caixa e lan\u00e7ar contas a pagar; receber e organizar malotes.<\/p>\n\n\n\n<p>Dispon\u00edvel at\u00e9 5\/5\/2023 ou encerramento da vaga.<\/p>\n\n\n\n<p><strong>2 vagas \u2013 T\u00e9cnico de Instala\u00e7\u00e3o de Rastreadores<\/strong><\/p>\n\n\n\n<p>Escolaridade \u2013 ensino m\u00e9dio completo;<\/p>\n\n\n\n<p>Experi\u00eancia \u2013 seis meses na Carteira de Trabalho;<\/p>\n\n\n\n<p>Requisitos obrigat\u00f3rios \u2013 ter experi\u00eancia como Eletricista de Autom\u00f3veis e Inform\u00e1tica b\u00e1sica;<\/p>\n\n\n\n<p>Atividades \u2013 instalar, inspecionar e ativar rastreadores de ve\u00edculos; realizar manuten\u00e7\u00e3o preventiva e corretiva de equipamentos.<\/p>\n\n\n\n<p>Dispon\u00edvel at\u00e9 5\/5\/2023 ou encerramento da vaga.<\/p>\n\n\n\n<p><strong>1 vaga \u2013 Assistente de Manuten\u00e7\u00e3o<\/strong><\/p>\n\n\n\n<p>Escolaridade \u2013&nbsp;ensino&nbsp;t\u00e9cnico em edifica\u00e7\u00f5es completo;<\/p>\n\n\n\n<p>Experi\u00eancia \u2013 registrada na Carteira de Trabalho;<\/p>\n\n\n\n<p>Atividades \u2013 auxiliar em manuten\u00e7\u00e3o predial, preventiva e corretiva, com cabines prim\u00e1rias, manobras, geradores e breaks; realizar pequenos reparos el\u00e9tricos, hidr\u00e1ulicos e de alvenaria.<\/p>\n\n\n\n<p>Dispon\u00edvel at\u00e9 5\/5\/2023 ou encerramento da vaga.<\/p>\n\n\n\n<p><strong>3 vagas \u2013 Camareira<\/strong><\/p>\n\n\n\n<p>Escolaridade \u2013 ensino m\u00e9dio completo;<\/p>\n\n\n\n<p>Experi\u00eancia \u2013 registrada na Carteira de Trabalho;<\/p>\n\n\n\n<p>Atividades \u2013 limpar e arrumar todas as \u00e1reas conforme as normas de limpeza; realizar excelente atendimento ao cliente; criar listas de tarefas di\u00e1rias e registrar todos os quartos atendidos; comunicar quaisquer faltas, danos ou problemas de seguran\u00e7a.<\/p>\n\n\n\n<p>Dispon\u00edvel at\u00e9 05\/05\/2023 ou encerramento da vaga.<\/p>\n\n\n\n<p><strong>2 vagas \u2013 Auxiliar de Cozinha<\/strong><\/p>\n\n\n\n<p>Escolaridade \u2013 ensino m\u00e9dio completo;<\/p>\n\n\n\n<p>Experi\u00eancia \u2013 registrada na Carteira de Trabalho;<\/p>\n\n\n\n<p>Atividades \u2013 auxiliar no preparo de refei\u00e7\u00f5es, sobremesas e lanches; manter a ordem e a limpeza da cozinha, realizando a coleta e a lavagem das bandejas e talheres.<\/p>\n\n\n\n<p>Dispon\u00edvel at\u00e9 5\/5\/2023 ou encerramento da vaga.<\/p>\n\n\n\n<p><strong>1 vaga \u2013 Chefe de Cozinha<\/strong><\/p>\n\n\n\n<p>Escolaridade \u2013 ensino m\u00e9dio completo;<\/p>\n\n\n\n<p>Experi\u00eancia \u2013 registrada na Carteira de Trabalho;<\/p>\n\n\n\n<p>Atividades \u2013 respons\u00e1vel por planejar e administrar o funcionamento da cozinha, elabora\u00e7\u00e3o de card\u00e1pios e supervis\u00e3o dos trabalhos de cozinheiros e ajudantes.<\/p>\n\n\n\n<p>Dispon\u00edvel at\u00e9 5\/5\/2023 ou encerramento da vaga.<\/p>\n\n\n\n<p><strong>1 vaga \u2013 Assistente de Eventos<\/strong><\/p>\n\n\n\n<p>Escolaridade \u2013 ensino m\u00e9dio completo;<\/p>\n\n\n\n<p>Experi\u00eancia \u2013 registrada na Carteira de Trabalho;<\/p>\n\n\n\n<p>Atividades \u2013 prestar assist\u00eancia na organiza\u00e7\u00e3o de eventos, acompanhar a montagem e desmontagem, realizar cota\u00e7\u00e3o e negocia\u00e7\u00e3o com fornecedores e controlar os processos desde a entrada do projeto at\u00e9 a finaliza\u00e7\u00e3o.<\/p>\n\n\n\n<p>Dispon\u00edvel at\u00e9 5\/5\/2023 ou encerramento da vaga.<\/p>\n\n\n\n<p><strong>1 vaga \u2013 Mec\u00e2nico de Refrigera\u00e7\u00e3o<\/strong><\/p>\n\n\n\n<p>Escolaridade \u2013 ensino m\u00e9dio completo;<\/p>\n\n\n\n<p>Experi\u00eancia \u2013 registrada na Carteira de Trabalho;<\/p>\n\n\n\n<p>Atividades \u2013 respons\u00e1vel por montar, instalar e p\u00f4r em funcionamento equipamentos de refrigera\u00e7\u00e3o e ar condicionado residencial e comercial, realizando an\u00e1lises, ajustes de performance e detectando e corrigindo falhas de origem el\u00e9trica e mec\u00e2nica.<\/p>\n\n\n\n<p>Dispon\u00edvel at\u00e9 5\/5\/2023 ou encerramento da vaga.<\/p>\n\n\n\n<p><strong>1 vaga \u2013 Art\u00edfice de Manuten\u00e7\u00e3o \u2013 vaga exclusiva para Pessoa com Defici\u00eancia (PcD)<\/strong><\/p>\n\n\n\n<p>Escolaridade \u2013 ensino fundamental completo;<\/p>\n\n\n\n<p>Experi\u00eancia \u2013 seis meses na Carteira de Trabalho;<\/p>\n\n\n\n<p>Atividades \u2013&nbsp;respons\u00e1vel pelos servi\u00e7os de manuten\u00e7\u00e3o geral e pequenos reparos; contribuir com a limpeza, conserva\u00e7\u00e3o e organiza\u00e7\u00e3o do espa\u00e7o; oferecer suporte t\u00e9cnico e operacional para tarefas rotineiras.<\/p>\n\n\n\n<p>Dispon\u00edvel at\u00e9 5\/5\/2023 ou encerramento da vaga.<\/p>\n\n\n\n<p><strong>5 vagas \u2013 Ajudante de Obras<\/strong><\/p>\n\n\n\n<p>Escolaridade \u2013 ensino m\u00e9dio completo;<\/p>\n\n\n\n<p>Experi\u00eancia \u2013 seis meses na Carteira de Trabalho;<\/p>\n\n\n\n<p>Requisitos obrigat\u00f3rios \u2013&nbsp;ter experi\u00eancia com pintura;<\/p>\n\n\n\n<p>Atividades \u2013&nbsp;prepara\u00e7\u00e3o do canteiro de obras, da massa de concreto, limpeza e compacta\u00e7\u00e3o dos solos; atuar na demoli\u00e7\u00e3o de edifica\u00e7\u00f5es; verificar os equipamentos da constru\u00e7\u00e3o civil.<\/p>\n\n\n\n<p>Dispon\u00edvel at\u00e9 5\/5\/2023 ou encerramento da vaga.<\/p>\n\n\n\n<p><strong>Vagas no Com\u00e9rcio \u2013 45<\/strong><\/p>\n\n\n\n<p><strong>2 vagas \u2013 A\u00e7ougueiro<\/strong><\/p>\n\n\n\n<p>Escolaridade \u2013 ensino m\u00e9dio completo;<\/p>\n\n\n\n<p>Experi\u00eancia&nbsp;\u2013 seis meses na Carteira de Trabalho;&nbsp;<\/p>\n\n\n\n<p>Requisitos obrigat\u00f3rios \u2013 residir nas proximidades dos bairros Cidade Nova, Zumbi e L\u00edrio do Vale;<\/p>\n\n\n\n<p>Atividades \u2013 atendimento; cortes normais e especiais; realizar limpeza no setor.<\/p>\n\n\n\n<p>Dispon\u00edvel at\u00e9 5\/5\/2023 ou encerramento da vaga.<\/p>\n\n\n\n<p><strong>1 vaga \u2013 Gar\u00e7om<\/strong><\/p>\n\n\n\n<p>Escolaridade \u2013 ensino m\u00e9dio completo;<\/p>\n\n\n\n<p>Experi\u00eancia \u2013 seis meses na Carteira de Trabalho;<\/p>\n\n\n\n<p>Atividades \u2013 receber o p\u00fablico no estabelecimento; anotar pedidos, servir clientes e prezar pela organiza\u00e7\u00e3o e limpeza das mesas.<\/p>\n\n\n\n<p>Dispon\u00edvel at\u00e9 5\/5\/2023 ou encerramento da vaga.<\/p>\n\n\n\n<p><strong>3 vagas \u2013 Auxiliar de Limpeza \u2013 vagas exclusivas para Pessoas com Defici\u00eancia (PcD)<\/strong><\/p>\n\n\n\n<p>Escolaridade \u2013 ensino fundamental completo;<\/p>\n\n\n\n<p>Experi\u00eancia \u2013 seis meses na Carteira de Trabalho;<\/p>\n\n\n\n<p>Atividades&nbsp;\u2013 atuar na limpeza e organiza\u00e7\u00e3o.<\/p>\n\n\n\n<p>Dispon\u00edvel at\u00e9 5\/5\/2023 ou encerramento da vaga.<\/p>\n\n\n\n<p><strong>7 vagas \u2013 Consultor de Vendas<\/strong><\/p>\n\n\n\n<p>Escolaridade \u2013 ensino m\u00e9dio completo;<\/p>\n\n\n\n<p>Experi\u00eancia \u2013 seis meses na Carteira de Trabalho;<\/p>\n\n\n\n<p>Requisitos obrigat\u00f3rios \u2013 ter Carteira Nacional de Habilita\u00e7\u00e3o categoria \u201cA\u201d dentro do prazo de validade e ve\u00edculo pr\u00f3prio;<\/p>\n\n\n\n<p>Atividades \u2013 realizar a leitura de loja objetivando ofertar ao cliente os produtos necess\u00e1rios para manter o abastecimento; garantir a precifica\u00e7\u00e3o dos produtos no PDV; organizar g\u00f4ndolas e freezers; abastecer a loja com produtos n\u00e3o expostos; buscar dentro de sua \u00e1rea geogr\u00e1fica de atua\u00e7\u00e3o, prospec\u00e7\u00e3o de novos clientes potenciais.<\/p>\n\n\n\n<p>Dispon\u00edvel at\u00e9 5\/5\/2023 ou encerramento da vaga.<\/p>\n\n\n\n<p><strong>1 vaga \u2013 Auxiliar de Opera\u00e7\u00f5es Log\u00edsticas<\/strong><\/p>\n\n\n\n<p>Escolaridade &#8211; ensino superior cursando log\u00edstica;<\/p>\n\n\n\n<p>Experi\u00eancia \u2013 registrada na Carteira de Trabalho;<\/p>\n\n\n\n<p>Requisitos obrigat\u00f3rios \u2013 ter experi\u00eancia com Sistema Winthor e curso de Inform\u00e1tica intermedi\u00e1ria ou avan\u00e7ada;<\/p>\n\n\n\n<p>Atividades \u2013 realizar o processo de carregamentos de produtos, atribuindo aos usu\u00e1rios a separa\u00e7\u00e3o de produtos, por meio da impress\u00e3o do sistema e material f\u00edsico; dar suporte \u00e0 supervis\u00e3o quanto aos carregamentos, repassando as informa\u00e7\u00f5es sobre a quantidade de produtos que est\u00e3o aguardando separa\u00e7\u00e3o.&nbsp;&nbsp;&nbsp;&nbsp;<\/p>\n\n\n\n<p>Dispon\u00edvel at\u00e9 5\/5\/2023 ou encerramento da vaga.<\/p>\n\n\n\n<p><strong>2 vagas \u2013 Assistente de Vendas \u2013 vagas exclusivas para Pessoas com Defici\u00eancia (PcD)<\/strong><\/p>\n\n\n\n<p>Escolaridade \u2013 ensino m\u00e9dio completo;<\/p>\n\n\n\n<p>Experi\u00eancia \u2013 n\u00e3o \u00e9 necess\u00e1rio;<\/p>\n\n\n\n<p>Atividades \u2013 vendas, abastecimento e merchandising.<\/p>\n\n\n\n<p>Dispon\u00edvel at\u00e9 5\/5\/2023 ou encerramento da vaga.<\/p>\n\n\n\n<p><strong>1 vaga \u2013 Estoquista<\/strong><\/p>\n\n\n\n<p>Escolaridade \u2013 ensino m\u00e9dio completo;<\/p>\n\n\n\n<p>Experi\u00eancia \u2013 seis meses na Carteira de Trabalho;<\/p>\n\n\n\n<p>Requisitos obrigat\u00f3rios \u2013 ter cursos de Operador de Empilhadeira e NR-11 atualizado; ter conhecimento em Sistema Winthor e Radiofrequ\u00eancia;<\/p>\n\n\n\n<p>Atividades \u2013 receber diariamente as mercadorias no Centros de Distribui\u00e7\u00e3o para compor o estoque, por meio da confer\u00eancia da documenta\u00e7\u00e3o com os pedidos de compra autorizados, avaliando as condi\u00e7\u00f5es da mercadoria (apresenta\u00e7\u00e3o, qualidade, prazos de validade e outros) e liberando a descarga para que seja encaminhada a documenta\u00e7\u00e3o para programa\u00e7\u00e3o de pagamento.<\/p>\n\n\n\n<p>Dispon\u00edvel at\u00e9 5\/5\/2023 ou encerramento da vaga.<\/p>\n\n\n\n<p><strong>3 vagas \u2013 Auxiliar de Log\u00edstica \u2013 vagas exclusivas para Pessoas com Defici\u00eancia (PcD)<\/strong><\/p>\n\n\n\n<p>Escolaridade \u2013 ensino m\u00e9dio completo;<\/p>\n\n\n\n<p>Experi\u00eancia \u2013 seis meses na Carteira de Trabalho;<\/p>\n\n\n\n<p>Atividades \u2013 respons\u00e1vel pelo recebimento, confer\u00eancia e armazenagem dos produtos no estoque; fazer levantamento dos itens de avarias, confer\u00eancia das devolu\u00e7\u00f5es e manter o centro de distribui\u00e7\u00e3o em boas condi\u00e7\u00f5es de higiene; colaborar com a organiza\u00e7\u00e3o da armazenagem de mercadorias de modo a facilitar a movimenta\u00e7\u00e3o, localiza\u00e7\u00e3o e utiliza\u00e7\u00e3o de espa\u00e7os; separar os produtos no estoque utilizando o mapa de separa\u00e7\u00e3o para compara\u00e7\u00e3o com as informa\u00e7\u00f5es em nota fiscal.<\/p>\n\n\n\n<p>Dispon\u00edvel at\u00e9 5\/5\/2023 ou encerramento da vaga.<\/p>\n\n\n\n<p><strong>1 vaga \u2013 T\u00e9cnico de Refrigera\u00e7\u00e3o<\/strong><\/p>\n\n\n\n<p>Escolaridade \u2013 ensino m\u00e9dio completo;<\/p>\n\n\n\n<p>Experi\u00eancia \u2013 seis meses na Carteira de Trabalho;<\/p>\n\n\n\n<p>Requisitos obrigat\u00f3rios \u2013 ter Carteira Nacional de Habilita\u00e7\u00e3o categoria \u201cA\u201d dentro do prazo de validade e ve\u00edculo pr\u00f3prio;<\/p>\n\n\n\n<p>Atividades \u2013 avaliar e dimensionar locais para instala\u00e7\u00e3o de equipamentos de refrigera\u00e7\u00e3o, calefa\u00e7\u00e3o e ar-condicionado; especificar materiais e acess\u00f3rios; instalar equipamentos de refrigera\u00e7\u00e3o e ventila\u00e7\u00e3o.<\/p>\n\n\n\n<p>Dispon\u00edvel at\u00e9 5\/5\/2023 ou encerramento da vaga.<\/p>\n\n\n\n<p><strong>2 vagas \u2013 T\u00e9cnico de Refrigera\u00e7\u00e3o Automotivo<\/strong><\/p>\n\n\n\n<p>Escolaridade \u2013 ensino m\u00e9dio completo;<\/p>\n\n\n\n<p>Experi\u00eancia \u2013 seis meses na Carteira de Trabalho ou Declara\u00e7\u00e3o;<\/p>\n\n\n\n<p>Atividades \u2013 avaliar e dimensionar locais para instala\u00e7\u00e3o de equipamentos de refrigera\u00e7\u00e3o, calefa\u00e7\u00e3o e ar-condicionado; especificar materiais e acess\u00f3rios e instalar equipamentos de refrigera\u00e7\u00e3o e ventila\u00e7\u00e3o; instalar ramais de dutos, montar tubula\u00e7\u00f5es de refrigera\u00e7\u00e3o e aplicar v\u00e1cuo em sistemas de refrigera\u00e7\u00e3o.<\/p>\n\n\n\n<p>Dispon\u00edvel at\u00e9 5\/5\/2023 ou encerramento da vaga.<\/p>\n\n\n\n<p><strong>2 vagas \u2013 Agente de Pesquisa de Mercado<\/strong><\/p>\n\n\n\n<p>Escolaridade \u2013 ensino m\u00e9dio completo;<\/p>\n\n\n\n<p>Experi\u00eancia \u2013 seis meses na Carteira de Trabalho;<\/p>\n\n\n\n<p>Atividades \u2013&nbsp;aplicar question\u00e1rios e roteiros de pesquisa; efetuar entrevistas de opini\u00e3o p\u00fablica; coletar pre\u00e7os de bens e servi\u00e7os; aplicar instrumentos para pesquisa de mercado; cadastrar informantes; verificar a consist\u00eancia de informa\u00e7\u00f5es e participar do planejamento de atividades de campo.<\/p>\n\n\n\n<p>Dispon\u00edvel at\u00e9 5\/5\/2023 ou encerramento da vaga.<\/p>\n\n\n\n<p><strong>2 vagas \u2013 Motofretista<\/strong><\/p>\n\n\n\n<p>Escolaridade \u2013 ensino fundamental completo;<\/p>\n\n\n\n<p>Experi\u00eancia \u2013 seis meses na Carteira de Trabalho;<\/p>\n\n\n\n<p>Requisitos obrigat\u00f3rios \u2013 ter Carteira Nacional de Habilita\u00e7\u00e3o categoria \u201cA\u201d e condu\u00e7\u00e3o pr\u00f3pria;<\/p>\n\n\n\n<p>Atividades \u2013 preparar cargas e descargas de mercadorias e realizar a entrega dos pedidos aos clientes.<\/p>\n\n\n\n<p>Dispon\u00edvel at\u00e9 5\/5\/2023 ou encerramento da vaga.<\/p>\n\n\n\n<p><strong>1 vaga \u2013 Vendedor T\u00e9cnico de Ind\u00fastrias<\/strong><\/p>\n\n\n\n<p>Escolaridade \u2013 ensino m\u00e9dio completo;<\/p>\n\n\n\n<p>Experi\u00eancia \u2013 seis meses na Carteira de Trabalho;<\/p>\n\n\n\n<p>Requisitos obrigat\u00f3rios \u2013 ter experi\u00eancia comprovada em vendas t\u00e9cnicas para ind\u00fastrias e equipamentos de energia solar; ter conhecimento t\u00e9cnico em sistemas fotovoltaicos; ter habilidades interpessoais e de negocia\u00e7\u00e3o para lidar com clientes e parceiros;<\/p>\n\n\n\n<p>Atividades \u2013 respons\u00e1vel por vender solu\u00e7\u00f5es t\u00e9cnicas para ind\u00fastrias, identificando oportunidades de neg\u00f3cios, desenvolvendo relacionamentos com clientes e fechando vendas.<\/p>\n\n\n\n<p>Dispon\u00edvel at\u00e9 5\/5\/2023 ou encerramento da vaga.<\/p>\n\n\n\n<p><strong>1 vaga \u2013 Vendedor Interno \u2013 vaga exclusiva para Pessoa com Defici\u00eancia (PcD)<\/strong><\/p>\n\n\n\n<p>Escolaridade \u2013 ensino m\u00e9dio completo;<\/p>\n\n\n\n<p>Experi\u00eancia \u2013 seis meses na Carteira de Trabalho;<\/p>\n\n\n\n<p>Atividades \u2013 realizar prospec\u00e7\u00e3o de novos clientes, fazer venda e p\u00f3s-venda, entre outras atividades correlatas.<\/p>\n\n\n\n<p>Dispon\u00edvel at\u00e9 5\/5\/2023 ou encerramento da vaga<\/p>\n\n\n\n<p><strong>2 vagas \u2013 Repositor de Mercadorias \u2013 vagas exclusivas para Pessoas com Defici\u00eancia (PcD)<\/strong><\/p>\n\n\n\n<p>Escolaridade \u2013 ensino m\u00e9dio completo;<\/p>\n\n\n\n<p>Experi\u00eancia \u2013 n\u00e3o \u00e9 necess\u00e1rio;<\/p>\n\n\n\n<p>Atividades \u2013 repor e organizar produtos em prateleiras; abastecer g\u00f4ndolas; repor e retirar mercadorias do estoque; auxiliar os clientes a localizar produtos, entre outras atividades correlatas.<\/p>\n\n\n\n<p>Dispon\u00edvel at\u00e9 5\/5\/2023 ou encerramento da vaga.<\/p>\n\n\n\n<p><strong>5 vagas \u2013 Vendedor Externo<\/strong><\/p>\n\n\n\n<p>Escolaridade \u2013 ensino m\u00e9dio completo;<\/p>\n\n\n\n<p>Experi\u00eancia \u2013 seis meses na Carteira de Trabalho;<\/p>\n\n\n\n<p>Requisitos obrigat\u00f3rios \u2013 ter Carteira Nacional de Habilita\u00e7\u00e3o categoria \u201cA\u201d e moto pr\u00f3pria; desej\u00e1vel ter no\u00e7\u00f5es de vendas;<\/p>\n\n\n\n<p>Atividades \u2013 prospectar clientes, realizar apresenta\u00e7\u00f5es, enviar propostas comerciais, negociar e fechar vendas. Ser comunicativo, proativo, respons\u00e1vel e gostar de trabalhar em equipe.<\/p>\n\n\n\n<p>Dispon\u00edvel at\u00e9 5\/5\/2023 ou encerramento da vaga.<\/p>\n\n\n\n<p><strong>1 vaga \u2013 Operador de CFTV<\/strong><\/p>\n\n\n\n<p>Escolaridade \u2013 ensino fundamental completo;<\/p>\n\n\n\n<p>Experi\u00eancia \u2013 seis meses na Carteira de Trabalho;<\/p>\n\n\n\n<p>Requisitos obrigat\u00f3rios \u2013 ter curso na \u00e1rea e residir na zona Norte ou media\u00e7\u00f5es;<\/p>\n\n\n\n<p>Atividades \u2013 atuar no monitoramento por meio de c\u00e2meras, realizando o controle de acesso para pedestres e carros; observar e registrar ocorr\u00eancias para relatar os eventos di\u00e1rios ao gerente de linha.<\/p>\n\n\n\n<p>Dispon\u00edvel at\u00e9 5\/5\/2023 ou encerramento da vaga.<\/p>\n\n\n\n<p><strong>2 vagas \u2013 Faturista<\/strong><\/p>\n\n\n\n<p>Escolaridade \u2013 ensino m\u00e9dio completo;<\/p>\n\n\n\n<p>Experi\u00eancia \u2013 seis meses na Carteira de Trabalho;<\/p>\n\n\n\n<p>Requisitos obrigat\u00f3rios \u2013 desej\u00e1vel que o trabalhador resida nas proximidades dos bairros Cidade Nova, Zumbi e L\u00edrio do Vale;<\/p>\n\n\n\n<p>Atividades \u2013 emiss\u00e3o de notas fiscais de produtos; preparar documentos pr\u00f3prios da \u00e1rea de faturamento (interior e capital).<\/p>\n\n\n\n<p>Dispon\u00edvel at\u00e9 5\/5\/2023 ou encerramento da vaga.<\/p>\n\n\n\n<p><strong>1 vaga \u2013 Auxiliar de A\u00e7ougue<\/strong><\/p>\n\n\n\n<p>Escolaridade \u2013 ensino fundamental completo;<\/p>\n\n\n\n<p>Experi\u00eancia \u2013 seis meses na Carteira de Trabalho;<\/p>\n\n\n\n<p>Atividades \u2013 realizar atendimento ao cliente e fornecer orienta\u00e7\u00f5es sobre carnes; ajudar o a\u00e7ougueiro no corte de carne, separa\u00e7\u00e3o e desossa.<\/p>\n\n\n\n<p>Dispon\u00edvel at\u00e9 5\/5\/2023 ou encerramento da vaga.<\/p>\n\n\n\n<p><strong>1 vaga \u2013 Auxiliar de Padaria<\/strong><\/p>\n\n\n\n<p>Escolaridade \u2013 ensino fundamental completo;<\/p>\n\n\n\n<p>Experi\u00eancia \u2013 seis meses na Carteira de Trabalho;<\/p>\n\n\n\n<p>Atividades \u2013 prestar aux\u00edlio ao padeiro na prepara\u00e7\u00e3o de p\u00e3es e doces diversos; verificar a validade e qualidade dos produtos, realizando a limpeza e organiza\u00e7\u00e3o do local.<\/p>\n\n\n\n<p>Dispon\u00edvel at\u00e9 5\/5\/2023 ou encerramento da vaga.<\/p>\n\n\n\n<p><strong>2 vagas \u2013 Torneiro Mec\u00e2nico<\/strong><\/p>\n\n\n\n<p>Escolaridade \u2013 ensino m\u00e9dio completo;<\/p>\n\n\n\n<p>Experi\u00eancia \u2013 seis meses na Carteira de Trabalho;<\/p>\n\n\n\n<p>Atividades \u2013 preparar, regular e operar m\u00e1quinas-ferramenta que usinam pe\u00e7as de metal e comp\u00f3sitos; controlar os par\u00e2metros e a qualidade das pe\u00e7as usinadas; aplicar procedimentos de seguran\u00e7a \u00e0s tarefas realizadas; planejar sequ\u00eancias de opera\u00e7\u00f5es e executar c\u00e1lculos t\u00e9cnicos; implementar a\u00e7\u00f5es de preserva\u00e7\u00e3o ao meio ambiente; preparar e operar as m\u00e1quinas-ferramenta.<\/p>\n\n\n\n<p>Dispon\u00edvel at\u00e9 5\/5\/2023 ou encerramento da vaga.<\/p>\n\n\n\n<p><strong>2&nbsp;vagas \u2013 Supervisor de vendas<\/strong><\/p>\n\n\n\n<p>Escolaridade \u2013 ensino superior cursando administra\u00e7\u00e3o;<\/p>\n\n\n\n<p>Experi\u00eancia \u2013 seis meses na Carteira de Trabalho;<\/p>\n\n\n\n<p>Atividades \u2013 supervisionar as equipes de vendas; acompanhar os pedidos dos clientes e identificar suas necessidades, para definir a melhor forma de atendimento; acompanhar negocia\u00e7\u00e3o de pre\u00e7os e prazos de entrega; estabelecer metas para cumprimento dos objetivos da \u00e1rea comercial; distribuir, orientar e supervisionar atividades para comercializa\u00e7\u00e3o (vendas e p\u00f3s-vendas) dos produtos da empresa, garantindo o alcance dos resultados almejados pela empresa.<\/p>\n\n\n\n<p>Dispon\u00edvel at\u00e9 5\/5\/2023 ou encerramento da vaga.<\/p>\n\n\n\n<p><strong>Vagas na Ind\u00fastria \u2013 44<\/strong><\/p>\n\n\n\n<p><strong>1 vaga \u2013 Eletromec\u00e2nico<\/strong><\/p>\n\n\n\n<p>Escolaridade \u2013 ensino t\u00e9cnico em eletromec\u00e2nica ou el\u00e9trica completo;<\/p>\n\n\n\n<p>Experi\u00eancia \u2013 registrada na Carteira de Trabalho;<\/p>\n\n\n\n<p>Requisitos obrigat\u00f3rios \u2013 ter disponibilidade para trabalhar em linhas de alta tens\u00e3o, transformadores 220v, 110v e 380v;<\/p>\n\n\n\n<p>Atividades \u2013&nbsp; planejar, executar e participar da elabora\u00e7\u00e3o de projetos de m\u00e1quinas, equipamentos e instala\u00e7\u00f5es; interpretar esquemas de montagem e desenhos t\u00e9cnicos; montar equipamentos e participar da elabora\u00e7\u00e3o de planos de manuten\u00e7\u00e3o; estabelecer condi\u00e7\u00f5es de seguran\u00e7a para executar a manuten\u00e7\u00e3o; realizar manuten\u00e7\u00e3o corretiva e preventiva em equipamentos e m\u00e1quinas, conforme ordens de servi\u00e7o; realizar servi\u00e7os de manuten\u00e7\u00e3o e instala\u00e7\u00e3o eletroeletr\u00f4nica; realizar instala\u00e7\u00f5es el\u00e9tricas das m\u00e1quinas em manuten\u00e7\u00f5es; garantir a qualidade dos servi\u00e7os, executando limpeza, inspe\u00e7\u00e3o, troca de componentes e pe\u00e7as.&nbsp;<\/p>\n\n\n\n<p>Dispon\u00edvel at\u00e9 5\/5\/2023 ou encerramento da vaga.<\/p>\n\n\n\n<p><strong>1 vaga \u2013 Analista Fiscal S\u00eanior<\/strong><\/p>\n\n\n\n<p>Escolaridade \u2013 ensino superior em administra\u00e7\u00e3o, ci\u00eancias cont\u00e1beis, direito ou economia completo;<\/p>\n\n\n\n<p>Experi\u00eancia \u2013 registrada na Carteira de Trabalho;<\/p>\n\n\n\n<p>Requisitos obrigat\u00f3rios \u2013 ter experi\u00eancia em nota fiscal, corredor de importa\u00e7\u00e3o, emiss\u00e3o de PIN e conhecimento no TOTVS (DATASUL);<\/p>\n\n\n\n<p>Atividades \u2013 atuar na apura\u00e7\u00e3o e declara\u00e7\u00e3o de impostos diretos e indiretos; realizar escritura\u00e7\u00e3o fiscal; atender fiscaliza\u00e7\u00f5es e participar na an\u00e1lise dos procedimentos fiscais da empresa.<\/p>\n\n\n\n<p>Dispon\u00edvel at\u00e9 5\/5\/2023 ou encerramento da vaga.<\/p>\n\n\n\n<p><strong>10 vagas \u2013 Assistente Administrativo \u2013 vagas exclusivas para Pessoas com Defici\u00eancia (PcD)<\/strong><\/p>\n\n\n\n<p>Escolaridade \u2013 ensino m\u00e9dio completo;<\/p>\n\n\n\n<p>Experi\u00eancia \u2013 n\u00e3o \u00e9 necess\u00e1rio;<\/p>\n\n\n\n<p>Requisitos obrigat\u00f3rios \u2013 ter cursos de Inform\u00e1tica b\u00e1sica e da \u00e1rea administrativa; ter Laudo M\u00e9dico atualizado;<\/p>\n\n\n\n<p>Atividades \u2013 executar fun\u00e7\u00f5es administrativas em estabelecimentos p\u00fablicos e privados, como administra\u00e7\u00e3o de protocolos e arquivos, confec\u00e7\u00e3o e expedi\u00e7\u00e3o de documentos administrativos e controle de estoques.<\/p>\n\n\n\n<p>Dispon\u00edvel at\u00e9 5\/5\/2023 ou encerramento da vaga.<\/p>\n\n\n\n<p><strong>10 vagas \u2013 Operador de Produ\u00e7\u00e3o \u2013 vagas exclusivas para Pessoas com Defici\u00eancia (PcD)<\/strong><\/p>\n\n\n\n<p>Escolaridade \u2013 ensino m\u00e9dio completo;<\/p>\n\n\n\n<p>Experi\u00eancia \u2013 n\u00e3o \u00e9 necess\u00e1rio;<\/p>\n\n\n\n<p>Requisitos obrigat\u00f3rios \u2013 ter cursos de TBO e NR-12; ter Laudo m\u00e9dico atualizado;<\/p>\n\n\n\n<p>Atividades \u2013 preparar materiais para alimenta\u00e7\u00e3o de linhas de produ\u00e7\u00e3o; organizar a \u00e1rea de servi\u00e7o; abastecer linhas de produ\u00e7\u00e3o; alimentar m\u00e1quinas e separar materiais para reaproveitamento.<\/p>\n\n\n\n<p>Dispon\u00edvel at\u00e9 5\/5\/2023 ou encerramento da vaga.<\/p>\n\n\n\n<p><strong>2 vagas \u2013 Vendedor Interno (Televendas)<\/strong><\/p>\n\n\n\n<p>Escolaridade \u2013 ensino superior completo em administra\u00e7\u00e3o ou \u00e1reas afins;<\/p>\n\n\n\n<p>Experi\u00eancia \u2013 n\u00e3o \u00e9 necess\u00e1rio;<\/p>\n\n\n\n<p>Requisitos obrigat\u00f3rios \u2013 ter conhecimento b\u00e1sico em Inform\u00e1tica e cursos relacionados \u00e0 \u00e1rea de vendas; ser comunicativo e preferencialmente residir nas proximidades do endere\u00e7o da empresa ou ter ve\u00edculo pr\u00f3prio para seu translado (Tarum\u00e3 e bairros adjacentes);<\/p>\n\n\n\n<p>Atividades \u2013 realizar contatos comerciais diretamente do escrit\u00f3rio, por meio de telefone, e-mail e aplicativo de mensagens.<\/p>\n\n\n\n<p>Dispon\u00edvel at\u00e9 5\/5\/2023 ou encerramento da vaga.<\/p>\n\n\n\n<p><strong>1 vaga \u2013 Soldador<\/strong><\/p>\n\n\n\n<p>Escolaridade \u2013 ensino m\u00e9dio completo;<\/p>\n\n\n\n<p>Experi\u00eancia \u2013 registrada na Carteira de Trabalho;<\/p>\n\n\n\n<p>Requisitos obrigat\u00f3rios \u2013 ter cursos de MIG, MAG ou Eletrodo Revestido;<\/p>\n\n\n\n<p>Atividades \u2013 unir e cortar pe\u00e7as de ligas met\u00e1licas usando processos de soldagem e corte, tais como eletrodo revestido, TIG, MIG, MAG, oxig\u00e1s, arco submerso, brasagem e plasma; preparar equipamentos, acess\u00f3rios, consum\u00edveis de soldagem, corte e pe\u00e7as a serem soldadas.<\/p>\n\n\n\n<p>Dispon\u00edvel at\u00e9 5\/5\/2023 ou encerramento da vaga.<\/p>\n\n\n\n<p><strong>1 vaga \u2013 Laminador de Pl\u00e1stico<\/strong><\/p>\n\n\n\n<p>Escolaridade \u2013 ensino m\u00e9dio completo;<\/p>\n\n\n\n<p>Experi\u00eancia \u2013 seis meses na Carteira de Trabalho;<\/p>\n\n\n\n<p>Atividades \u2013 operar m\u00e1quina de sacola pl\u00e1stica; trocar teflon, encher o bal\u00e3o, trocar tamanho da sacola no painel e verificar a qualidade padr\u00e3o.<\/p>\n\n\n\n<p>Dispon\u00edvel at\u00e9 5\/5\/2023 ou encerramento da vaga.<\/p>\n\n\n\n<p><strong>4 vagas \u2013 Auxiliar de Produ\u00e7\u00e3o de Alimentos<\/strong><\/p>\n\n\n\n<p>Escolaridade \u2013 ensino m\u00e9dio completo;<\/p>\n\n\n\n<p>Experi\u00eancia \u2013 seis meses na Carteira de Trabalho;<\/p>\n\n\n\n<p>Atividades \u2013 respons\u00e1vel por organizar a \u00e1rea de trabalho, conduzir e operar as m\u00e1quinas de produ\u00e7\u00e3o e limpeza peri\u00f3dica dos equipamentos utilizados.<\/p>\n\n\n\n<p>Dispon\u00edvel at\u00e9 5\/5\/2023 ou encerramento da vaga.<\/p>\n\n\n\n<p><strong>3 vagas \u2013 Montador \u2013 vagas exclusivas para Pessoas com Defici\u00eancia (PcD)<\/strong><\/p>\n\n\n\n<p>Escolaridade \u2013 ensino m\u00e9dio completo;<\/p>\n\n\n\n<p>Experi\u00eancia \u2013 n\u00e3o \u00e9 necess\u00e1rio;<\/p>\n\n\n\n<p>Atividades \u2013 efetuar a montagem de equipamentos de acordo com o modelo, especifica\u00e7\u00f5es, instru\u00e7\u00f5es e pe\u00e7as do conjunto a ser produzido, entre outras atividades correlatas.<\/p>\n\n\n\n<p>Dispon\u00edvel at\u00e9 5\/5\/2023 ou encerramento da vaga.<\/p>\n\n\n\n<p><strong>1 vaga \u2013 T\u00e9cnico de Vendas<\/strong><\/p>\n\n\n\n<p>Escolaridade \u2013 ensino superior completo ou cursando administra\u00e7\u00e3o ou engenharia;<\/p>\n\n\n\n<p>Experi\u00eancia \u2013 seis meses na Carteira de Trabalho;<\/p>\n\n\n\n<p>Requisitos obrigat\u00f3rios \u2013 ter conhecimento em pacote Office, Carteira Nacional de Habilita\u00e7\u00e3o categoria \u201cB\u201d e experi\u00eancia em vendas externas;<\/p>\n\n\n\n<p>Atividades \u2013 analisar produtos e servi\u00e7os da empresa; caracterizar o tipo de cliente e recolher informa\u00e7\u00f5es sobre a concorr\u00eancia e o mercado em geral; preparar, promover e efetuar a venda de produtos e servi\u00e7os.<\/p>\n\n\n\n<p>Dispon\u00edvel at\u00e9 5\/5\/2023 ou encerramento da vaga.<\/p>\n\n\n\n<p><strong>10 vagas \u2013 Inspetor de Qualidade&nbsp;<\/strong><\/p>\n\n\n\n<p>Escolaridade \u2013 ensino m\u00e9dio completo;<\/p>\n\n\n\n<p>Experi\u00eancia \u2013 seis meses na Carteira de Trabalho;<\/p>\n\n\n\n<p>Requisitos obrigat\u00f3rios \u2013 ter cursos de Inform\u00e1tica b\u00e1sica; Metrologia, NR-12, Matem\u00e1tica b\u00e1sica e Leitura e Interpreta\u00e7\u00e3o de Desenho T\u00e9cnico Mec\u00e2nico; ter laudo m\u00e9dico atualizado;<\/p>\n\n\n\n<p>Atividades \u2013 realizar ensaios, medi\u00e7\u00f5es e testes de controle de qualidade de produtos, de acordo com as normas e padr\u00f5es estabelecidos, analisando sua conformidade dentro das especifica\u00e7\u00f5es t\u00e9cnicas; reportar os resultados das inspe\u00e7\u00f5es \u00e0 ger\u00eancia para elaborar planos de preven\u00e7\u00e3o e corre\u00e7\u00e3o.<\/p>\n\n\n\n<p>Dispon\u00edvel at\u00e9 5\/5\/2023 ou encerramento da vaga.<\/p>\n\n\n\n<p><strong>Vagas em Servi\u00e7os \u2013 91<\/strong><\/p>\n\n\n\n<p><strong>1 vaga \u2013 T\u00e9cnico Eletr\u00f4nico<\/strong><\/p>\n\n\n\n<p>Escolaridade \u2013 ensino t\u00e9cnico em eletr\u00f4nica completo;<\/p>\n\n\n\n<p>Experi\u00eancia \u2013 seis meses na Carteira de Trabalho;<\/p>\n\n\n\n<p>Requisitos obrigat\u00f3rios \u2013 ter experi\u00eancia com equipamentos hospitalares;<\/p>\n\n\n\n<p>Atividades \u2013 consertar e instalar aparelhos eletr\u00f4nicos; desenvolver dispositivos de circuitos eletr\u00f4nicos, fazer manuten\u00e7\u00f5es corretivas, preventivas e preditivas; sugerir mudan\u00e7as no processo de produ\u00e7\u00e3o, criar e implementar dispositivos de automa\u00e7\u00e3o.<\/p>\n\n\n\n<p>Dispon\u00edvel at\u00e9 5\/5\/2023 ou encerramento da vaga<a><\/a>.<\/p>\n\n\n\n<p><strong>1 vaga \u2013 Bab\u00e1<\/strong><\/p>\n\n\n\n<p>Escolaridade \u2013 ensino m\u00e9dio completo;<\/p>\n\n\n\n<p>Experi\u00eancia \u2013 seis meses na Carteira de Trabalho;<\/p>\n\n\n\n<p>Requisitos obrigat\u00f3rios \u2013 apresentar Carta de Recomenda\u00e7\u00e3o do \u00faltimo emprego;<\/p>\n\n\n\n<p>Atividades \u2013 cuidar de beb\u00eas e crian\u00e7as, zelando pelo bem-estar, sa\u00fade, alimenta\u00e7\u00e3o, higiene pessoal, educa\u00e7\u00e3o, cultura, recrea\u00e7\u00e3o e lazer; acompanhar hor\u00e1rios dos medicamentos, alimenta\u00e7\u00e3o, escola e banho; realizar atividades que estimulam o desenvolvimento f\u00edsico, emocional e motor da crian\u00e7a; acompanhar viagens e consultas m\u00e9dicas.<\/p>\n\n\n\n<p>Dispon\u00edvel at\u00e9 5\/5\/2023 ou encerramento da vaga.<\/p>\n\n\n\n<p><strong>1 vaga \u2013 T\u00e9cnico Eletr\u00f4nico<\/strong><\/p>\n\n\n\n<p>Escolaridade \u2013 ensino m\u00e9dio completo;<\/p>\n\n\n\n<p>Experi\u00eancia \u2013 seis meses na Carteira de Trabalho;<\/p>\n\n\n\n<p>Requisitos obrigat\u00f3rios \u2013 ter Carteira Nacional de Habilita\u00e7\u00e3o categoria \u201cA\u201d dentro do prazo de validade;<\/p>\n\n\n\n<p>Atividades \u2013 montagem, instala\u00e7\u00e3o e realiza\u00e7\u00e3o de manuten\u00e7\u00e3o preventiva e corretiva de circuitos eletr\u00f4nicos.<\/p>\n\n\n\n<p>Dispon\u00edvel at\u00e9 5\/5\/2023 ou encerramento da vaga.<\/p>\n\n\n\n<p><strong>1 vaga \u2013 Serralheiro de Esquadria<\/strong><\/p>\n\n\n\n<p>Escolaridade \u2013 ensino fundamental completo;<\/p>\n\n\n\n<p>Experi\u00eancia \u2013 seis meses na Carteira de Trabalho;<\/p>\n\n\n\n<p>Requisitos obrigat\u00f3rios \u2013 ter experi\u00eancia em fabrica\u00e7\u00e3o de portas, janelas e divis\u00f3rias em esquadria de alum\u00ednio;<\/p>\n\n\n\n<p>Atividades \u2013 realizar cortes, furos e soldas em materiais met\u00e1licos, e produzir pe\u00e7as com esses materiais, como tubos, grades, chapas, entre outros.<\/p>\n\n\n\n<p>Dispon\u00edvel at\u00e9 5\/5\/2023 ou encerramento da vaga.<\/p>\n\n\n\n<p><strong>1 vaga \u2013 Analista de Produ\u00e7\u00e3o<\/strong><\/p>\n\n\n\n<p>Escolaridade&nbsp;\u2013 ensino superior em engenharia eletr\u00f4nica, el\u00e9trica, eletrot\u00e9cnica ou mecatr\u00f4nica Completo;<\/p>\n\n\n\n<p>Experi\u00eancia \u2013 registrada na Carteira de Trabalho;<\/p>\n\n\n\n<p>Requisitos obrigat\u00f3rios \u2013 ter curso de Leitura e Interpreta\u00e7\u00e3o de Diagramas El\u00e9tricos e Programa\u00e7\u00e3o de Servo Motores e Inversores; necess\u00e1rio ter dom\u00ednio na linguagem de programa\u00e7\u00e3o C e C++ para microcontroladores, programa\u00e7\u00e3o de CLP com ladder e texto estruturado; ter s\u00f3lidos conhecimentos em softwares de prototipagem e simula\u00e7\u00e3o de circuitos eletr\u00f4nicos Altium Design e Proteus;<\/p>\n\n\n\n<p>Atividades \u2013 recrutar e selecionar novos colaboradores, levantando necessidades de treinamento e avaliando desempenho de pessoal, desenvolvendo planos de carreiras e disseminando cultura organizacional dentro do setor e da empresa.<\/p>\n\n\n\n<p>Dispon\u00edvel at\u00e9 5\/5\/2023 ou encerramento da vaga.<\/p>\n\n\n\n<p><strong>1 vaga \u2013 Estofador de M\u00f3veis<\/strong><\/p>\n\n\n\n<p>Escolaridade \u2013 ensino fundamental completo;<\/p>\n\n\n\n<p>Experi\u00eancia \u2013 seis meses na Carteira de Trabalho;<\/p>\n\n\n\n<p>Atividades \u2013 fazer moldes, tra\u00e7ar linhas, reparar e trocar partes danificadas dos estofamentos e colch\u00f5es, m\u00f3veis, revestimentos de interiores em tecidos, couros e outros materiais; colocar, dispor e prender molas, enchimento e tape\u00e7aria dos m\u00f3veis e cortinas; zelar pela conserva\u00e7\u00e3o do local de trabalho.<\/p>\n\n\n\n<p>Dispon\u00edvel at\u00e9 5\/5\/2023 ou encerramento da vaga.<\/p>\n\n\n\n<p><strong>1 vaga \u2013 Auxiliar Financeiro<\/strong><\/p>\n\n\n\n<p>Escolaridade \u2013 ensino superior cursando ci\u00eancias cont\u00e1beis;<\/p>\n\n\n\n<p>Experi\u00eancia \u2013 seis meses na Carteira de Trabalho;<\/p>\n\n\n\n<p>Atividades \u2013 classifica\u00e7\u00e3o fiscal, an\u00e1lise de documentos e lan\u00e7amentos de notas fiscais; apura\u00e7\u00e3o de impostos nos regimes do Lucro Real, Lucro Presumido e Simples Nacional, tais como Pis, Cofins, Icms, DIFAL, ICMS ST, IRRF, CSLL, ISS, DAS e Reten\u00e7\u00f5es na Fonte; elabora\u00e7\u00e3o, an\u00e1lise, confer\u00eancia e transmiss\u00e3o das obriga\u00e7\u00f5es acess\u00f3rias (GIA, SPED ICMS e IPI, SPED Contribui\u00e7\u00f5es, EFD Reinf e DCTF mensal); opera\u00e7\u00e3o em sites governamentais (Sefaz, Suframa e Receita).<\/p>\n\n\n\n<p>Dispon\u00edvel at\u00e9 5\/5\/2023 ou encerramento da vaga.<\/p>\n\n\n\n<p><strong>2 vagas \u2013 Jardineiro<\/strong><\/p>\n\n\n\n<p>Escolaridade \u2013 ensino fundamental completo;<\/p>\n\n\n\n<p>Experi\u00eancia \u2013 seis meses na Carteira de Trabalho;<\/p>\n\n\n\n<p>Atividades \u2013 realizar limpeza em geral, em \u00e1reas internas e externas.<\/p>\n\n\n\n<p>Dispon\u00edvel at\u00e9 5\/5\/2023 ou encerramento da vaga.<\/p>\n\n\n\n<p><strong>5 vagas \u2013 Pintor Industrial<\/strong><\/p>\n\n\n\n<p>Escolaridade \u2013 ensino m\u00e9dio completo;<\/p>\n\n\n\n<p>Experi\u00eancia \u2013 seis meses na Carteira de Trabalho;<\/p>\n\n\n\n<p>Requisitos obrigat\u00f3rios \u2013 ter experi\u00eancia com pintura de cavidade e p\u00f3;<\/p>\n\n\n\n<p>Atividades \u2013 aplica\u00e7\u00e3o direta da tinta nas superf\u00edcies requisitadas.<\/p>\n\n\n\n<p>Dispon\u00edvel at\u00e9 5\/5\/2023 ou encerramento da vaga.<\/p>\n\n\n\n<p><strong>1 vaga \u2013 Auxiliar Administrativo \u2013 vaga exclusiva para Pessoa com Defici\u00eancia (PcD)<\/strong><\/p>\n\n\n\n<p>Escolaridade \u2013 ensino superior cursando administra\u00e7\u00e3o;<\/p>\n\n\n\n<p>Experi\u00eancia \u2013 seis meses na Carteira de Trabalho;<\/p>\n\n\n\n<p>Requisitos obrigat\u00f3rios \u2013 ter Carteira Nacional de Habilita\u00e7\u00e3o categoria \u201cB\u201d e experi\u00eancia na \u00e1rea de suprimentos;<\/p>\n\n\n\n<p>Atividades \u2013 auxiliar o setor de suprimentos nos processos de compras, contratos, armazenagem e movimenta\u00e7\u00e3o de materiais.<\/p>\n\n\n\n<p>Dispon\u00edvel at\u00e9 5\/5\/2023 ou encerramento da vaga.<\/p>\n\n\n\n<p><strong>4 vagas \u2013 Motorista de \u00d4nibus Rodovi\u00e1rio<\/strong><\/p>\n\n\n\n<p>Escolaridade \u2013 ensino fundamental completo;<\/p>\n\n\n\n<p>Experi\u00eancia \u2013 seis meses na Carteira de Trabalho;<\/p>\n\n\n\n<p>Requisitos obrigat\u00f3rios \u2013 ter Carteira Nacional de Habilita\u00e7\u00e3o categoria \u201cD\u201d; curso de Transporte Coletivo de Passageiros; experi\u00eancia&nbsp;em mec\u00e2nica leve e pesada e&nbsp;como motorista rodovi\u00e1rio; disponibilidade para viagens e trabalho em regime de escala 12&#215;8;<\/p>\n\n\n\n<p>Atividades \u2013 atuar na condu\u00e7\u00e3o de transporte coletivo, seguindo as normas de tr\u00e2nsito e realizando as rotas estipuladas pela empresa.<\/p>\n\n\n\n<p>Dispon\u00edvel at\u00e9 5\/5\/2023 ou encerramento da vaga.<\/p>\n\n\n\n<p><strong>10 vagas \u2013 Eletricista de Rede<\/strong><\/p>\n\n\n\n<p>Escolaridade \u2013 ensino m\u00e9dio completo;<\/p>\n\n\n\n<p>Experi\u00eancia \u2013 seis meses na Carteira de Trabalho;<\/p>\n\n\n\n<p>Requisitos obrigat\u00f3rios \u2013 vaga para trabalhar no munic\u00edpio de Boca do Acre (AM);<\/p>\n\n\n\n<p>Atividades \u2013 realizar servi\u00e7os de constru\u00e7\u00e3o, opera\u00e7\u00e3o e manuten\u00e7\u00e3o de rede de distribui\u00e7\u00e3o de energia el\u00e9trica; montagem e instala\u00e7\u00e3o de ilumina\u00e7\u00e3o p\u00fablica e servi\u00e7os t\u00e9cnicos comerciais, seguindo normas espec\u00edficas, t\u00e9cnicas, de qualidade, seguran\u00e7a e meio ambiente.<\/p>\n\n\n\n<p>Dispon\u00edvel at\u00e9 5\/5\/2023 ou encerramento da vaga.<\/p>\n\n\n\n<p><strong>5 vagas \u2013 Auxiliar de Eletricista<\/strong><\/p>\n\n\n\n<p>Escolaridade \u2013 ensino m\u00e9dio completo;<\/p>\n\n\n\n<p>Experi\u00eancia \u2013 seis meses na Carteira de Trabalho;<\/p>\n\n\n\n<p>Requisitos obrigat\u00f3rios \u2013 vaga para trabalhar no munic\u00edpio de Boca do Acre (AM);<\/p>\n\n\n\n<p>Atividades \u2013 realizar servi\u00e7os de constru\u00e7\u00e3o, opera\u00e7\u00e3o e manuten\u00e7\u00e3o de rede de distribui\u00e7\u00e3o de energia el\u00e9trica; montagem e instala\u00e7\u00e3o de ilumina\u00e7\u00e3o p\u00fablica e servi\u00e7os t\u00e9cnicos comerciais, seguindo normas espec\u00edficas, t\u00e9cnicas, de qualidade, seguran\u00e7a e meio ambiente.<\/p>\n\n\n\n<p>Dispon\u00edvel at\u00e9 5\/5\/2023 ou encerramento da vaga.<\/p>\n\n\n\n<p><strong>1 vaga \u2013 Aplicador de Adesivos<\/strong><\/p>\n\n\n\n<p>Escolaridade \u2013 ensino m\u00e9dio completo;<\/p>\n\n\n\n<p>Experi\u00eancia \u2013 seis meses na Carteira de Trabalho;<\/p>\n\n\n\n<p>Atividades \u2013 aplicar adesivos em placas de sinaliza\u00e7\u00e3o; acabamento de lonas, banners e demais materiais de comunica\u00e7\u00e3o visual; realizar envelopamento de ve\u00edculos.<\/p>\n\n\n\n<p>Dispon\u00edvel at\u00e9 5\/5\/2023 ou encerramento da vaga.<\/p>\n\n\n\n<p><strong>5 vagas \u2013 Vendedor Externo<\/strong><\/p>\n\n\n\n<p>Escolaridade \u2013 ensino m\u00e9dio completo;<\/p>\n\n\n\n<p>Experi\u00eancia \u2013 seis meses na Carteira de Trabalho;<\/p>\n\n\n\n<p>Atividades \u2013 captar novos clientes para a empresa, realizando atendimentos e negocia\u00e7\u00f5es; ser comunicativo, proativo, respons\u00e1vel e gostar de trabalhar em equipe.<\/p>\n\n\n\n<p>Dispon\u00edvel at\u00e9 5\/5\/2023 ou encerramento da vaga.<\/p>\n\n\n\n<p><strong>1 vaga \u2013 Auxiliar de Servi\u00e7os Gerais \u2013 vaga exclusiva para Pessoa com Defici\u00eancia (PcD)<\/strong><\/p>\n\n\n\n<p>Escolaridade \u2013 ensino fundamental completo;<\/p>\n\n\n\n<p>Experi\u00eancia \u2013 seis meses na Carteira de Trabalho ou declara\u00e7\u00e3o;<\/p>\n\n\n\n<p>Atividades \u2013 realizar a limpeza do local de trabalho, controle de materiais, organiza\u00e7\u00e3o dos ambientes e contato com os demais setores, prestando aux\u00edlio quando necess\u00e1rio e demais atividades pertinentes \u00e0 fun\u00e7\u00e3o.<\/p>\n\n\n\n<p>Dispon\u00edvel at\u00e9 5\/5\/2023 ou encerramento da vaga.<\/p>\n\n\n\n<p><strong>1 vaga \u2013 Extrusor de Fios ou Fibras de Vidro<\/strong><\/p>\n\n\n\n<p>Escolaridade \u2013 ensino fundamental completo;<\/p>\n\n\n\n<p>Experi\u00eancia \u2013 seis meses na Carteira de Trabalho;<\/p>\n\n\n\n<p>Requisitos obrigat\u00f3rios \u2013 ter experi\u00eancia em fibragem de vidro em tanques, caixa d&#8217;\u00e1gua e moldes de fibra.<\/p>\n\n\n\n<p>Atividades \u2013 preparar e operar fornos para processamento de minerais n\u00e3o-met\u00e1licos, m\u00e1quinas e equipamentos; controlar processos de produ\u00e7\u00e3o, entre outras atividades correlatas.<\/p>\n\n\n\n<p>Dispon\u00edvel at\u00e9 5\/5\/2023 ou encerramento da vaga.<\/p>\n\n\n\n<p><strong>3 vagas \u2013 Auxiliar de Limpeza \u2013 vagas exclusivas para Pessoas com Defici\u00eancia (PcD)<\/strong><\/p>\n\n\n\n<p>Escolaridade \u2013 ensino m\u00e9dio completo;<\/p>\n\n\n\n<p>Experi\u00eancia \u2013 tr\u00eas meses na Carteira de Trabalho;<\/p>\n\n\n\n<p>Atividades \u2013 executar limpeza das \u00e1reas de acordo com a divis\u00e3o de tarefas; prestar suporte aos eventos institucionais; servir coffee break quando necess\u00e1rio; manter copas e setores abastecidos com caf\u00e9, refresco e \u00e1gua.<\/p>\n\n\n\n<p>Dispon\u00edvel at\u00e9 5\/5\/2023 ou encerramento da vaga.<\/p>\n\n\n\n<p><strong>10 vagas \u2013 Auxiliar de Limpeza \u2013 vagas exclusivas para Pessoas com Defici\u00eancia (PcD)<\/strong><\/p>\n\n\n\n<p>Escolaridade \u2013 ensino m\u00e9dio completo;<\/p>\n\n\n\n<p>Experi\u00eancia \u2013 seis meses na Carteira de Trabalho;<\/p>\n\n\n\n<p>Atividades&nbsp;\u2013 atuar na limpeza de p\u00e1tios, banheiros e salas comerciais.<\/p>\n\n\n\n<p>Dispon\u00edvel at\u00e9 5\/5\/2023 ou encerramento da vaga.<\/p>\n\n\n\n<p><strong>2 vagas \u2013 Agente de Portaria \u2013 vagas exclusivas para Pessoas com Defici\u00eancia (PcD)<\/strong><\/p>\n\n\n\n<p>Escolaridade \u2013 ensino m\u00e9dio completo;<\/p>\n\n\n\n<p>Experi\u00eancia \u2013 seis meses na Carteira de Trabalho;<\/p>\n\n\n\n<p>Atividades&nbsp;\u2013 recepcionar os colaboradores, abordar e direcionar o p\u00fablico para o setor solicitado.<\/p>\n\n\n\n<p>Dispon\u00edvel at\u00e9 5\/5\/2023 ou encerramento da vaga.<\/p>\n\n\n\n<p><strong>1 vaga \u2013 Auxiliar Financeiro<\/strong><\/p>\n\n\n\n<p>Escolaridade \u2013 ensino m\u00e9dio completo;<\/p>\n\n\n\n<p>Experi\u00eancia \u2013 seis meses na Carteira de Trabalho;<\/p>\n\n\n\n<p>Requisitos obrigat\u00f3rios \u2013 ter experi\u00eancia em licita\u00e7\u00f5es;<\/p>\n\n\n\n<p>Atividades \u2013 acompanhar processos licitat\u00f3rios; buscar e analisar editais; cadastrar e renovar a empresa em \u00f3rg\u00e3os p\u00fablicos e privados e controlar homologa\u00e7\u00f5es, a fim de viabilizar a participa\u00e7\u00e3o em preg\u00f5es eletr\u00f4nicos e presenciais, organizando toda a documenta\u00e7\u00e3o necess\u00e1ria.<\/p>\n\n\n\n<p>Dispon\u00edvel at\u00e9 5\/5\/2023 ou encerramento da vaga.<\/p>\n\n\n\n<p><strong>10 vagas \u2013 Gar\u00e7om<\/strong><\/p>\n\n\n\n<p>Escolaridade \u2013 ensino m\u00e9dio completo;<\/p>\n\n\n\n<p>Experi\u00eancia \u2013 primeiro emprego;<\/p>\n\n\n\n<p>Requisitos obrigat\u00f3rios \u2013 residir na zona Norte de Manaus;<\/p>\n\n\n\n<p>Atividades \u2013 atendimento ao cliente; realizar pedidos e servir; organizar o sal\u00e3o, mesas e utens\u00edlios.<\/p>\n\n\n\n<p>Dispon\u00edvel at\u00e9 5\/5\/2023 ou encerramento da vaga.<\/p>\n\n\n\n<p><strong>10 vagas \u2013 Atendente de Lanchonete<\/strong><\/p>\n\n\n\n<p>Escolaridade \u2013 ensino m\u00e9dio completo;<\/p>\n\n\n\n<p>Experi\u00eancia \u2013 primeiro emprego;<\/p>\n\n\n\n<p>Requisitos obrigat\u00f3rios \u2013 residir na zona Norte de Manaus;<\/p>\n\n\n\n<p>Atividades \u2013 atender clientes; servir alimentos e bebidas em restaurantes, bares e eventos; manipular alimentos e preparar sucos, drinks e caf\u00e9s; realizar servi\u00e7os de vinho e de caf\u00e9.<\/p>\n\n\n\n<p>Dispon\u00edvel at\u00e9 5\/5\/2023 ou encerramento da vaga.<\/p>\n\n\n\n<p><strong>10 vagas \u2013 Auxiliar de Cozinha<\/strong><\/p>\n\n\n\n<p>Escolaridade \u2013 ensino m\u00e9dio completo;<\/p>\n\n\n\n<p>Experi\u00eancia \u2013 tr\u00eas meses na Carteira de Trabalho;<\/p>\n\n\n\n<p>Requisitos obrigat\u00f3rios \u2013 residir na zona Norte de Manaus;<\/p>\n\n\n\n<p>Atividades \u2013 auxiliar em servi\u00e7os de alimenta\u00e7\u00e3o, outros profissionais da \u00e1rea no pr\u00e9-preparo, preparo e processamento de alimentos e na montagem de pratos; verificar a qualidade dos g\u00eaneros aliment\u00edcios e minimizar riscos de contamina\u00e7\u00e3o; trabalhar em conformidade com normas e procedimentos t\u00e9cnicos e de qualidade, seguran\u00e7a, higiene e sa\u00fade.<\/p>\n\n\n\n<p>Dispon\u00edvel at\u00e9 5\/5\/2023 ou encerramento da vaga.<\/p>\n\n\n\n<p><strong>3 vagas \u2013 Auxiliar de Limpeza<\/strong><\/p>\n\n\n\n<p>Escolaridade \u2013 ensino m\u00e9dio completo;<\/p>\n\n\n\n<p>Experi\u00eancia \u2013 seis meses na Carteira de Trabalho;<\/p>\n\n\n\n<p>Requisitos obrigat\u00f3rios \u2013 ter conhecimento em opera\u00e7\u00e3o de m\u00e1quina lavadora e tratamento de piso;<\/p>\n\n\n\n<p>Atividades \u2013 respons\u00e1vel por executar trabalhos de limpeza e conserva\u00e7\u00e3o em geral nas depend\u00eancias internas e externas da empresa, bem como servi\u00e7os de coleta de res\u00edduos.<\/p>\n\n\n\n<p>Dispon\u00edvel at\u00e9 5\/5\/2023 ou encerramento da vaga.<\/p>\n\n\n\n<p>&#8212; &#8212; &#8212;<\/p>\n\n\n\n<p><strong>Texto \u2013 <\/strong>Divulga\u00e7\u00e3o \/ Semtepi<\/p>\n\n\n\n<p><strong>Fotos \u2013&nbsp;<\/strong>Arquivo\/Semcom<\/p>\n\n\n\n<p><strong>Dispon\u00edveis em<\/strong> &#8211; <a href=\"https:\/\/flic.kr\/s\/aHBqjzGRm9\">https:\/\/flic.kr\/s\/aHBqjzGRm9<\/a><\/p>\n","protected":false},"excerpt":{"rendered":"","protected":false},"author":23,"featured_media":1757,"comment_status":"closed","ping_status":"closed","sticky":false,"template":"","format":"standard","meta":{"footnotes":""},"categories":[5],"tags":[8,9,10,65],"acf":[],"yoast_head":"<!-- This site is optimized with the Yoast SEO plugin v23.0 - https:\/\/yoast.com\/wordpress\/plugins\/seo\/ -->\n<title>Sine Manaus oferta 226 vagas de emprego nesta sexta-feira, 5\/5<\/title>\n<meta name=\"description\" content=\"A Prefeitura de Manaus, por meio do Sine Manaus, oferta 226 vagas de emprego em v\u00e1rias \u00e1reas de atua\u00e7\u00e3o, nesta sexta-feira, 5\/5, das 8h \u00e0s 16h. O candidato precisa validar a Carteira Digital e Previd\u00eancia Social (CTPS) no aplicativo \u201cCarteira de Trabalho Digital\u201d ou acessar o site http:\/\/gov.br\/trabalho e, para concorrer \u00e0s vagas, deve acessar o site http:\/\/empregabrasil.mte.gov.br para fazer a solicita\u00e7\u00e3o de cadastro.\" \/>\n<meta name=\"robots\" content=\"noindex, follow\" \/>\n<meta property=\"og:locale\" content=\"pt_BR\" \/>\n<meta property=\"og:type\" content=\"article\" \/>\n<meta property=\"og:title\" content=\"Sine Manaus oferta 226 vagas de emprego nesta sexta-feira, 5\/5\" \/>\n<meta property=\"og:description\" content=\"A Prefeitura de Manaus, por meio do Sine Manaus, oferta 226 vagas de emprego em v\u00e1rias \u00e1reas de atua\u00e7\u00e3o, nesta sexta-feira, 5\/5, das 8h \u00e0s 16h. O candidato precisa validar a Carteira Digital e Previd\u00eancia Social (CTPS) no aplicativo \u201cCarteira de Trabalho Digital\u201d ou acessar o site http:\/\/gov.br\/trabalho e, para concorrer \u00e0s vagas, deve acessar o site http:\/\/empregabrasil.mte.gov.br para fazer a solicita\u00e7\u00e3o de cadastro.\" \/>\n<meta property=\"og:url\" content=\"https:\/\/www.manaus.am.gov.br\/semtepi\/oportunidade\/sine-manaus-oferta-226-vagas-de-emprego-nesta-sexta-feira-5-5\/\" \/>\n<meta property=\"og:site_name\" content=\"SEMTEPI\" \/>\n<meta property=\"article:published_time\" content=\"2023-05-04T20:18:40+00:00\" \/>\n<meta property=\"article:modified_time\" content=\"2023-05-05T13:50:40+00:00\" \/>\n<meta property=\"og:image\" content=\"https:\/\/www.manaus.am.gov.br\/semtepi\/wp-content\/uploads\/sites\/20\/2023\/05\/51955710502_2ec4578293_c.jpg\" \/>\n\t<meta property=\"og:image:width\" content=\"799\" \/>\n\t<meta property=\"og:image:height\" content=\"533\" \/>\n\t<meta property=\"og:image:type\" content=\"image\/jpeg\" \/>\n<meta name=\"author\" content=\"Adriana Costa\" \/>\n<meta name=\"twitter:card\" content=\"summary_large_image\" \/>\n<meta name=\"twitter:label1\" content=\"Written by\" \/>\n\t<meta name=\"twitter:data1\" content=\"Adriana Costa\" \/>\n\t<meta name=\"twitter:label2\" content=\"Est. reading time\" \/>\n\t<meta name=\"twitter:data2\" content=\"27 minutos\" \/>\n<script type=\"application\/ld+json\" class=\"yoast-schema-graph\">{\"@context\":\"https:\/\/schema.org\",\"@graph\":[{\"@type\":\"Article\",\"@id\":\"https:\/\/www.manaus.am.gov.br\/semtepi\/oportunidade\/sine-manaus-oferta-226-vagas-de-emprego-nesta-sexta-feira-5-5\/#article\",\"isPartOf\":{\"@id\":\"https:\/\/www.manaus.am.gov.br\/semtepi\/oportunidade\/sine-manaus-oferta-226-vagas-de-emprego-nesta-sexta-feira-5-5\/\"},\"author\":{\"name\":\"Adriana Costa\",\"@id\":\"https:\/\/www.manaus.am.gov.br\/semtepi\/#\/schema\/person\/4e49f4e267757a06ca072ec61b2b9968\"},\"headline\":\"Sine Manaus oferta 226\u00a0vagas de emprego nesta sexta-feira, 5\/5\",\"datePublished\":\"2023-05-04T20:18:40+00:00\",\"dateModified\":\"2023-05-05T13:50:40+00:00\",\"mainEntityOfPage\":{\"@id\":\"https:\/\/www.manaus.am.gov.br\/semtepi\/oportunidade\/sine-manaus-oferta-226-vagas-de-emprego-nesta-sexta-feira-5-5\/\"},\"wordCount\":5529,\"publisher\":{\"@id\":\"https:\/\/www.manaus.am.gov.br\/semtepi\/#organization\"},\"image\":{\"@id\":\"https:\/\/www.manaus.am.gov.br\/semtepi\/oportunidade\/sine-manaus-oferta-226-vagas-de-emprego-nesta-sexta-feira-5-5\/#primaryimage\"},\"thumbnailUrl\":\"https:\/\/www.manaus.am.gov.br\/semtepi\/wp-content\/uploads\/sites\/20\/2023\/05\/51955710502_2ec4578293_c.jpg\",\"keywords\":[\"prefeitura de manaus\",\"Semtepi\",\"sine manaus\",\"vagas de emprego\"],\"articleSection\":[\"Oportunidade\"],\"inLanguage\":\"pt-BR\"},{\"@type\":\"WebPage\",\"@id\":\"https:\/\/www.manaus.am.gov.br\/semtepi\/oportunidade\/sine-manaus-oferta-226-vagas-de-emprego-nesta-sexta-feira-5-5\/\",\"url\":\"https:\/\/www.manaus.am.gov.br\/semtepi\/oportunidade\/sine-manaus-oferta-226-vagas-de-emprego-nesta-sexta-feira-5-5\/\",\"name\":\"Sine Manaus oferta 226 vagas de emprego nesta sexta-feira, 5\/5\",\"isPartOf\":{\"@id\":\"https:\/\/www.manaus.am.gov.br\/semtepi\/#website\"},\"primaryImageOfPage\":{\"@id\":\"https:\/\/www.manaus.am.gov.br\/semtepi\/oportunidade\/sine-manaus-oferta-226-vagas-de-emprego-nesta-sexta-feira-5-5\/#primaryimage\"},\"image\":{\"@id\":\"https:\/\/www.manaus.am.gov.br\/semtepi\/oportunidade\/sine-manaus-oferta-226-vagas-de-emprego-nesta-sexta-feira-5-5\/#primaryimage\"},\"thumbnailUrl\":\"https:\/\/www.manaus.am.gov.br\/semtepi\/wp-content\/uploads\/sites\/20\/2023\/05\/51955710502_2ec4578293_c.jpg\",\"datePublished\":\"2023-05-04T20:18:40+00:00\",\"dateModified\":\"2023-05-05T13:50:40+00:00\",\"description\":\"A Prefeitura de Manaus, por meio do Sine Manaus, oferta 226 vagas de emprego em v\u00e1rias \u00e1reas de atua\u00e7\u00e3o, nesta sexta-feira, 5\/5, das 8h \u00e0s 16h. O candidato precisa validar a Carteira Digital e Previd\u00eancia Social (CTPS) no aplicativo \u201cCarteira de Trabalho Digital\u201d ou acessar o site http:\/\/gov.br\/trabalho e, para concorrer \u00e0s vagas, deve acessar o site http:\/\/empregabrasil.mte.gov.br para fazer a solicita\u00e7\u00e3o de cadastro.\",\"breadcrumb\":{\"@id\":\"https:\/\/www.manaus.am.gov.br\/semtepi\/oportunidade\/sine-manaus-oferta-226-vagas-de-emprego-nesta-sexta-feira-5-5\/#breadcrumb\"},\"inLanguage\":\"pt-BR\",\"potentialAction\":[{\"@type\":\"ReadAction\",\"target\":[\"https:\/\/www.manaus.am.gov.br\/semtepi\/oportunidade\/sine-manaus-oferta-226-vagas-de-emprego-nesta-sexta-feira-5-5\/\"]}]},{\"@type\":\"ImageObject\",\"inLanguage\":\"pt-BR\",\"@id\":\"https:\/\/www.manaus.am.gov.br\/semtepi\/oportunidade\/sine-manaus-oferta-226-vagas-de-emprego-nesta-sexta-feira-5-5\/#primaryimage\",\"url\":\"https:\/\/www.manaus.am.gov.br\/semtepi\/wp-content\/uploads\/sites\/20\/2023\/05\/51955710502_2ec4578293_c.jpg\",\"contentUrl\":\"https:\/\/www.manaus.am.gov.br\/semtepi\/wp-content\/uploads\/sites\/20\/2023\/05\/51955710502_2ec4578293_c.jpg\",\"width\":799,\"height\":533},{\"@type\":\"BreadcrumbList\",\"@id\":\"https:\/\/www.manaus.am.gov.br\/semtepi\/oportunidade\/sine-manaus-oferta-226-vagas-de-emprego-nesta-sexta-feira-5-5\/#breadcrumb\",\"itemListElement\":[{\"@type\":\"ListItem\",\"position\":1,\"name\":\"Home\",\"item\":\"https:\/\/www.manaus.am.gov.br\/semtepi\/\"},{\"@type\":\"ListItem\",\"position\":2,\"name\":\"Sine Manaus oferta 226\u00a0vagas de emprego nesta sexta-feira, 5\/5\"}]},{\"@type\":\"WebSite\",\"@id\":\"https:\/\/www.manaus.am.gov.br\/semtepi\/#website\",\"url\":\"https:\/\/www.manaus.am.gov.br\/semtepi\/\",\"name\":\"SEMTEPI\",\"description\":\"Prefeitura de Manaus\",\"publisher\":{\"@id\":\"https:\/\/www.manaus.am.gov.br\/semtepi\/#organization\"},\"alternateName\":\"Secretaria Municipal do Trabalho, Empreendedorismo e Inova\u00e7\u00e3o\",\"potentialAction\":[{\"@type\":\"SearchAction\",\"target\":{\"@type\":\"EntryPoint\",\"urlTemplate\":\"https:\/\/www.manaus.am.gov.br\/semtepi\/?s={search_term_string}\"},\"query-input\":\"required name=search_term_string\"}],\"inLanguage\":\"pt-BR\"},{\"@type\":\"Organization\",\"@id\":\"https:\/\/www.manaus.am.gov.br\/semtepi\/#organization\",\"name\":\"Prefeitura Municipal de Manaus\",\"alternateName\":\"Prefeitura de Manaus\",\"url\":\"https:\/\/www.manaus.am.gov.br\/semtepi\/\",\"logo\":{\"@type\":\"ImageObject\",\"inLanguage\":\"pt-BR\",\"@id\":\"https:\/\/www.manaus.am.gov.br\/semtepi\/#\/schema\/logo\/image\/\",\"url\":\"https:\/\/www.manaus.am.gov.br\/semtepi\/wp-content\/uploads\/sites\/20\/2024\/07\/favicon.png\",\"contentUrl\":\"https:\/\/www.manaus.am.gov.br\/semtepi\/wp-content\/uploads\/sites\/20\/2024\/07\/favicon.png\",\"width\":300,\"height\":300,\"caption\":\"Prefeitura Municipal de Manaus\"},\"image\":{\"@id\":\"https:\/\/www.manaus.am.gov.br\/semtepi\/#\/schema\/logo\/image\/\"}},{\"@type\":\"Person\",\"@id\":\"https:\/\/www.manaus.am.gov.br\/semtepi\/#\/schema\/person\/4e49f4e267757a06ca072ec61b2b9968\",\"name\":\"Adriana Costa\",\"image\":{\"@type\":\"ImageObject\",\"inLanguage\":\"pt-BR\",\"@id\":\"https:\/\/www.manaus.am.gov.br\/semtepi\/#\/schema\/person\/image\/\",\"url\":\"https:\/\/secure.gravatar.com\/avatar\/576258617ef7194f718179e766d57bd4?s=96&d=mm&r=g\",\"contentUrl\":\"https:\/\/secure.gravatar.com\/avatar\/576258617ef7194f718179e766d57bd4?s=96&d=mm&r=g\",\"caption\":\"Adriana Costa\"}}]}<\/script>\n<!-- \/ Yoast SEO plugin. -->","yoast_head_json":{"title":"Sine Manaus oferta 226 vagas de emprego nesta sexta-feira, 5\/5","description":"A Prefeitura de Manaus, por meio do Sine Manaus, oferta 226 vagas de emprego em v\u00e1rias \u00e1reas de atua\u00e7\u00e3o, nesta sexta-feira, 5\/5, das 8h \u00e0s 16h. O candidato precisa validar a Carteira Digital e Previd\u00eancia Social (CTPS) no aplicativo \u201cCarteira de Trabalho Digital\u201d ou acessar o site http:\/\/gov.br\/trabalho e, para concorrer \u00e0s vagas, deve acessar o site http:\/\/empregabrasil.mte.gov.br para fazer a solicita\u00e7\u00e3o de cadastro.","robots":{"index":"noindex","follow":"follow"},"og_locale":"pt_BR","og_type":"article","og_title":"Sine Manaus oferta 226 vagas de emprego nesta sexta-feira, 5\/5","og_description":"A Prefeitura de Manaus, por meio do Sine Manaus, oferta 226 vagas de emprego em v\u00e1rias \u00e1reas de atua\u00e7\u00e3o, nesta sexta-feira, 5\/5, das 8h \u00e0s 16h. O candidato precisa validar a Carteira Digital e Previd\u00eancia Social (CTPS) no aplicativo \u201cCarteira de Trabalho Digital\u201d ou acessar o site http:\/\/gov.br\/trabalho e, para concorrer \u00e0s vagas, deve acessar o site http:\/\/empregabrasil.mte.gov.br para fazer a solicita\u00e7\u00e3o de cadastro.","og_url":"https:\/\/www.manaus.am.gov.br\/semtepi\/oportunidade\/sine-manaus-oferta-226-vagas-de-emprego-nesta-sexta-feira-5-5\/","og_site_name":"SEMTEPI","article_published_time":"2023-05-04T20:18:40+00:00","article_modified_time":"2023-05-05T13:50:40+00:00","og_image":[{"width":799,"height":533,"url":"https:\/\/www.manaus.am.gov.br\/semtepi\/wp-content\/uploads\/sites\/20\/2023\/05\/51955710502_2ec4578293_c.jpg","type":"image\/jpeg"}],"author":"Adriana Costa","twitter_card":"summary_large_image","twitter_misc":{"Written by":"Adriana Costa","Est. reading time":"27 minutos"},"schema":{"@context":"https:\/\/schema.org","@graph":[{"@type":"Article","@id":"https:\/\/www.manaus.am.gov.br\/semtepi\/oportunidade\/sine-manaus-oferta-226-vagas-de-emprego-nesta-sexta-feira-5-5\/#article","isPartOf":{"@id":"https:\/\/www.manaus.am.gov.br\/semtepi\/oportunidade\/sine-manaus-oferta-226-vagas-de-emprego-nesta-sexta-feira-5-5\/"},"author":{"name":"Adriana Costa","@id":"https:\/\/www.manaus.am.gov.br\/semtepi\/#\/schema\/person\/4e49f4e267757a06ca072ec61b2b9968"},"headline":"Sine Manaus oferta 226\u00a0vagas de emprego nesta sexta-feira, 5\/5","datePublished":"2023-05-04T20:18:40+00:00","dateModified":"2023-05-05T13:50:40+00:00","mainEntityOfPage":{"@id":"https:\/\/www.manaus.am.gov.br\/semtepi\/oportunidade\/sine-manaus-oferta-226-vagas-de-emprego-nesta-sexta-feira-5-5\/"},"wordCount":5529,"publisher":{"@id":"https:\/\/www.manaus.am.gov.br\/semtepi\/#organization"},"image":{"@id":"https:\/\/www.manaus.am.gov.br\/semtepi\/oportunidade\/sine-manaus-oferta-226-vagas-de-emprego-nesta-sexta-feira-5-5\/#primaryimage"},"thumbnailUrl":"https:\/\/www.manaus.am.gov.br\/semtepi\/wp-content\/uploads\/sites\/20\/2023\/05\/51955710502_2ec4578293_c.jpg","keywords":["prefeitura de manaus","Semtepi","sine manaus","vagas de emprego"],"articleSection":["Oportunidade"],"inLanguage":"pt-BR"},{"@type":"WebPage","@id":"https:\/\/www.manaus.am.gov.br\/semtepi\/oportunidade\/sine-manaus-oferta-226-vagas-de-emprego-nesta-sexta-feira-5-5\/","url":"https:\/\/www.manaus.am.gov.br\/semtepi\/oportunidade\/sine-manaus-oferta-226-vagas-de-emprego-nesta-sexta-feira-5-5\/","name":"Sine Manaus oferta 226 vagas de emprego nesta sexta-feira, 5\/5","isPartOf":{"@id":"https:\/\/www.manaus.am.gov.br\/semtepi\/#website"},"primaryImageOfPage":{"@id":"https:\/\/www.manaus.am.gov.br\/semtepi\/oportunidade\/sine-manaus-oferta-226-vagas-de-emprego-nesta-sexta-feira-5-5\/#primaryimage"},"image":{"@id":"https:\/\/www.manaus.am.gov.br\/semtepi\/oportunidade\/sine-manaus-oferta-226-vagas-de-emprego-nesta-sexta-feira-5-5\/#primaryimage"},"thumbnailUrl":"https:\/\/www.manaus.am.gov.br\/semtepi\/wp-content\/uploads\/sites\/20\/2023\/05\/51955710502_2ec4578293_c.jpg","datePublished":"2023-05-04T20:18:40+00:00","dateModified":"2023-05-05T13:50:40+00:00","description":"A Prefeitura de Manaus, por meio do Sine Manaus, oferta 226 vagas de emprego em v\u00e1rias \u00e1reas de atua\u00e7\u00e3o, nesta sexta-feira, 5\/5, das 8h \u00e0s 16h. O candidato precisa validar a Carteira Digital e Previd\u00eancia Social (CTPS) no aplicativo \u201cCarteira de Trabalho Digital\u201d ou acessar o site http:\/\/gov.br\/trabalho e, para concorrer \u00e0s vagas, deve acessar o site http:\/\/empregabrasil.mte.gov.br para fazer a solicita\u00e7\u00e3o de cadastro.","breadcrumb":{"@id":"https:\/\/www.manaus.am.gov.br\/semtepi\/oportunidade\/sine-manaus-oferta-226-vagas-de-emprego-nesta-sexta-feira-5-5\/#breadcrumb"},"inLanguage":"pt-BR","potentialAction":[{"@type":"ReadAction","target":["https:\/\/www.manaus.am.gov.br\/semtepi\/oportunidade\/sine-manaus-oferta-226-vagas-de-emprego-nesta-sexta-feira-5-5\/"]}]},{"@type":"ImageObject","inLanguage":"pt-BR","@id":"https:\/\/www.manaus.am.gov.br\/semtepi\/oportunidade\/sine-manaus-oferta-226-vagas-de-emprego-nesta-sexta-feira-5-5\/#primaryimage","url":"https:\/\/www.manaus.am.gov.br\/semtepi\/wp-content\/uploads\/sites\/20\/2023\/05\/51955710502_2ec4578293_c.jpg","contentUrl":"https:\/\/www.manaus.am.gov.br\/semtepi\/wp-content\/uploads\/sites\/20\/2023\/05\/51955710502_2ec4578293_c.jpg","width":799,"height":533},{"@type":"BreadcrumbList","@id":"https:\/\/www.manaus.am.gov.br\/semtepi\/oportunidade\/sine-manaus-oferta-226-vagas-de-emprego-nesta-sexta-feira-5-5\/#breadcrumb","itemListElement":[{"@type":"ListItem","position":1,"name":"Home","item":"https:\/\/www.manaus.am.gov.br\/semtepi\/"},{"@type":"ListItem","position":2,"name":"Sine Manaus oferta 226\u00a0vagas de emprego nesta sexta-feira, 5\/5"}]},{"@type":"WebSite","@id":"https:\/\/www.manaus.am.gov.br\/semtepi\/#website","url":"https:\/\/www.manaus.am.gov.br\/semtepi\/","name":"SEMTEPI","description":"Prefeitura de Manaus","publisher":{"@id":"https:\/\/www.manaus.am.gov.br\/semtepi\/#organization"},"alternateName":"Secretaria Municipal do Trabalho, Empreendedorismo e Inova\u00e7\u00e3o","potentialAction":[{"@type":"SearchAction","target":{"@type":"EntryPoint","urlTemplate":"https:\/\/www.manaus.am.gov.br\/semtepi\/?s={search_term_string}"},"query-input":"required name=search_term_string"}],"inLanguage":"pt-BR"},{"@type":"Organization","@id":"https:\/\/www.manaus.am.gov.br\/semtepi\/#organization","name":"Prefeitura Municipal de Manaus","alternateName":"Prefeitura de Manaus","url":"https:\/\/www.manaus.am.gov.br\/semtepi\/","logo":{"@type":"ImageObject","inLanguage":"pt-BR","@id":"https:\/\/www.manaus.am.gov.br\/semtepi\/#\/schema\/logo\/image\/","url":"https:\/\/www.manaus.am.gov.br\/semtepi\/wp-content\/uploads\/sites\/20\/2024\/07\/favicon.png","contentUrl":"https:\/\/www.manaus.am.gov.br\/semtepi\/wp-content\/uploads\/sites\/20\/2024\/07\/favicon.png","width":300,"height":300,"caption":"Prefeitura Municipal de Manaus"},"image":{"@id":"https:\/\/www.manaus.am.gov.br\/semtepi\/#\/schema\/logo\/image\/"}},{"@type":"Person","@id":"https:\/\/www.manaus.am.gov.br\/semtepi\/#\/schema\/person\/4e49f4e267757a06ca072ec61b2b9968","name":"Adriana Costa","image":{"@type":"ImageObject","inLanguage":"pt-BR","@id":"https:\/\/www.manaus.am.gov.br\/semtepi\/#\/schema\/person\/image\/","url":"https:\/\/secure.gravatar.com\/avatar\/576258617ef7194f718179e766d57bd4?s=96&d=mm&r=g","contentUrl":"https:\/\/secure.gravatar.com\/avatar\/576258617ef7194f718179e766d57bd4?s=96&d=mm&r=g","caption":"Adriana Costa"}}]}},"_links":{"self":[{"href":"https:\/\/www.manaus.am.gov.br\/semtepi\/wp-json\/wp\/v2\/posts\/1756"}],"collection":[{"href":"https:\/\/www.manaus.am.gov.br\/semtepi\/wp-json\/wp\/v2\/posts"}],"about":[{"href":"https:\/\/www.manaus.am.gov.br\/semtepi\/wp-json\/wp\/v2\/types\/post"}],"author":[{"embeddable":true,"href":"https:\/\/www.manaus.am.gov.br\/semtepi\/wp-json\/wp\/v2\/users\/23"}],"replies":[{"embeddable":true,"href":"https:\/\/www.manaus.am.gov.br\/semtepi\/wp-json\/wp\/v2\/comments?post=1756"}],"version-history":[{"count":1,"href":"https:\/\/www.manaus.am.gov.br\/semtepi\/wp-json\/wp\/v2\/posts\/1756\/revisions"}],"predecessor-version":[{"id":1763,"href":"https:\/\/www.manaus.am.gov.br\/semtepi\/wp-json\/wp\/v2\/posts\/1756\/revisions\/1763"}],"wp:featuredmedia":[{"embeddable":true,"href":"https:\/\/www.manaus.am.gov.br\/semtepi\/wp-json\/wp\/v2\/media\/1757"}],"wp:attachment":[{"href":"https:\/\/www.manaus.am.gov.br\/semtepi\/wp-json\/wp\/v2\/media?parent=1756"}],"wp:term":[{"taxonomy":"category","embeddable":true,"href":"https:\/\/www.manaus.am.gov.br\/semtepi\/wp-json\/wp\/v2\/categories?post=1756"},{"taxonomy":"post_tag","embeddable":true,"href":"https:\/\/www.manaus.am.gov.br\/semtepi\/wp-json\/wp\/v2\/tags?post=1756"}],"curies":[{"name":"wp","href":"https:\/\/api.w.org\/{rel}","templated":true}]}}