{"id":1614,"date":"2022-06-10T20:41:43","date_gmt":"2022-06-11T00:41:43","guid":{"rendered":"https:\/\/www.manaus.am.gov.br\/semtepi\/sem-categoria\/titular-da-semtepi-recebe-diploma-do-merito-cidade-de-manaus\/"},"modified":"2023-04-26T09:31:49","modified_gmt":"2023-04-26T13:31:49","slug":"titular-da-semtepi-recebe-diploma-do-merito-cidade-de-manaus","status":"publish","type":"post","link":"https:\/\/www.manaus.am.gov.br\/semtepi\/homenagem\/titular-da-semtepi-recebe-diploma-do-merito-cidade-de-manaus\/","title":{"rendered":"Titular da Semtepi recebe diploma do \u2018M\u00e9rito Cidade de Manaus\u2019"},"content":{"rendered":"\n<p><span style=\"font-family: verdana, geneva, sans-serif;\">Comprometido com as estrat\u00e9gias de gera\u00e7\u00e3o de emprego e renda, inova\u00e7\u00e3o da <a href=\"https:\/\/www.manaus.am.gov.br\/\">Prefeitura de Manaus<\/a>, por meio da Secretaria Municipal do Trabalho, Empreendedorismo e Inova\u00e7\u00e3o (Semtepi), o secret\u00e1rio Radyr J\u00fanior recebeu, nesta sexta-feira, 10\/6, o diploma do \u201cM\u00e9rito Cidade de Manaus\u201d, no plen\u00e1rio Adriano Jorge, na C\u00e2mara Municipal de Manaus (CMM), no bairro Santo Ant\u00f4nio, zona Oeste.<\/span><\/p>\n\n\n\n<p><span style=\"font-family: verdana, geneva, sans-serif;\">A entrega do diploma foi realizada pelo vereador Jo\u00e3o Carlos, autor da propositura, que tamb\u00e9m apresentou um pouco da trajet\u00f3ria de Radyr, descrevendo as a\u00e7\u00f5es e destaques do secret\u00e1rio \u00e0 frente da Semtepi.<\/span><\/p>\n\n\n\n<p><span style=\"font-family: verdana, geneva, sans-serif;\">O evento contou com a participa\u00e7\u00e3o dos servidores da secretaria, e tamb\u00e9m com o subsecret\u00e1rio de Assuntos Operacionais da Semtepi, Gustavo Igrejas, e o secret\u00e1rio-executivo do Comit\u00ea de Cr\u00e9dito Municipal do \u00f3rg\u00e3o, Geison Assis.<\/span><\/p>\n\n\n\n<p><span style=\"font-family: verdana, geneva, sans-serif;\">\u201cHoje \u00e9 um dia muito especial, o vereador Jo\u00e3o Carlos est\u00e1 me dando a oportunidade de ser homenageado e tamb\u00e9m homenagear todos os servidores da Semtepi e da prefeitura, que v\u00eam fazendo um bom trabalho. Essa \u00e9 uma data maravilhosa, de gl\u00f3ria para minha fam\u00edlia e todos que prestigiam este momento\u201d, disse Radyr J\u00fanior, durante a homenagem.<\/span><\/p>\n\n\n\n<p><span style=\"font-family: verdana, geneva, sans-serif;\">De acordo com o vereador Jo\u00e3o Carlos, a homenagem ao secret\u00e1rio Radyr se deu pela dedica\u00e7\u00e3o aos servi\u00e7os p\u00fablicos que ele tem demonstrado, realizando um excelente trabalho.<\/span><\/p>\n\n\n\n<p><span style=\"font-family: verdana, geneva, sans-serif;\">\u201cTemos muito que agradecer a Deus pela vida do secret\u00e1rio Radyr, uma pessoa que n\u00e3o conhecemos h\u00e1 muito tempo, mas sabemos que \u00e9 um homem \u00edntegro, com uma intelig\u00eancia dedicada n\u00e3o apenas ao trabalho, mas ao pr\u00f3ximo. N\u00f3s temos muita alegria de t\u00ea-lo conosco\u201d, ressaltou o vereador.<\/span><\/p>\n\n\n\n<p><span style=\"font-family: verdana, geneva, sans-serif;\">A cerim\u00f4nia de homenagem tamb\u00e9m contou com a participa\u00e7\u00e3o do diretor t\u00e9cnico da empresa Amazonas Energia e pai do homenageado, Radyr Gomes de Oliveira; o diretor da Superintend\u00eancia da Zona Franca de Manaus (Suframa), Dower Jer\u00f4nimo Borges; o defensor p\u00fablico Cristiano Pinheiro da Costa; o titular da Secretaria Municipal de Infraestrutura (Seminf), Renato J\u00fanior; o presidente da Federa\u00e7\u00e3o do Com\u00e9rcio de Bens, Servi\u00e7os e Turismo no Amazonas (Fecom\u00e9rcio-AM), Aderson Frota, entre outros.<\/span><\/p>\n\n\n\n<p><span style=\"font-family: verdana, geneva, sans-serif;\">&#8212; &#8212; &#8212;<\/span><\/p>\n\n\n\n<p><span style=\"font-family: verdana, geneva, sans-serif;\"><strong>Texto<\/strong> \u2013 Fabiane Monteiro \/ Semtepi<\/span><\/p>\n\n\n\n<p><span style=\"font-family: verdana, geneva, sans-serif;\"><strong>Foto<\/strong>&nbsp;&#8211; Divulga\u00e7\u00e3o \/ Semtepi<\/span><\/p>\n","protected":false},"excerpt":{"rendered":"","protected":false},"author":8,"featured_media":1615,"comment_status":"closed","ping_status":"closed","sticky":false,"template":"","format":"standard","meta":{"footnotes":""},"categories":[48],"tags":[49,50,9],"acf":[],"yoast_head":"<!-- This site is optimized with the Yoast SEO plugin v23.0 - https:\/\/yoast.com\/wordpress\/plugins\/seo\/ -->\n<title>Titular da Semtepi recebe diploma do \u2018M\u00e9rito Cidade de Manaus\u2019<\/title>\n<meta name=\"description\" content=\"Titular da Semtepi recebe diploma do \u2018M\u00e9rito Cidade de Manaus\u2019, no plen\u00e1rio Adriano Jorge, na C\u00e2mara Municipal de Manaus, no bairro Santo Ant\u00f4nio...\" \/>\n<meta name=\"robots\" content=\"noindex, follow\" \/>\n<meta property=\"og:locale\" content=\"pt_BR\" \/>\n<meta property=\"og:type\" content=\"article\" \/>\n<meta property=\"og:title\" content=\"Titular da Semtepi recebe diploma do \u2018M\u00e9rito Cidade de Manaus\u2019\" \/>\n<meta property=\"og:description\" content=\"Titular da Semtepi recebe diploma do \u2018M\u00e9rito Cidade de Manaus\u2019, no plen\u00e1rio Adriano Jorge, na C\u00e2mara Municipal de Manaus, no bairro Santo Ant\u00f4nio...\" \/>\n<meta property=\"og:url\" content=\"https:\/\/www.manaus.am.gov.br\/semtepi\/homenagem\/titular-da-semtepi-recebe-diploma-do-merito-cidade-de-manaus\/\" \/>\n<meta property=\"og:site_name\" content=\"SEMTEPI\" \/>\n<meta property=\"article:published_time\" content=\"2022-06-11T00:41:43+00:00\" \/>\n<meta property=\"article:modified_time\" content=\"2023-04-26T13:31:49+00:00\" \/>\n<meta property=\"og:image\" content=\"https:\/\/www.manaus.am.gov.br\/semtepi\/wp-content\/uploads\/sites\/20\/2023\/04\/Titular-da-Semtepi-recebe-diploma-do-\u2018Merito-Cidade-de-Manaus.jpg\" \/>\n\t<meta property=\"og:image:width\" content=\"720\" \/>\n\t<meta property=\"og:image:height\" content=\"407\" \/>\n\t<meta property=\"og:image:type\" content=\"image\/jpeg\" \/>\n<meta name=\"author\" content=\"Glauber Farias\" \/>\n<meta name=\"twitter:card\" content=\"summary_large_image\" \/>\n<meta name=\"twitter:label1\" content=\"Written by\" \/>\n\t<meta name=\"twitter:data1\" content=\"Glauber Farias\" \/>\n\t<meta name=\"twitter:label2\" content=\"Est. reading time\" \/>\n\t<meta name=\"twitter:data2\" content=\"2 minutos\" \/>\n<script type=\"application\/ld+json\" class=\"yoast-schema-graph\">{\"@context\":\"https:\/\/schema.org\",\"@graph\":[{\"@type\":\"Article\",\"@id\":\"https:\/\/www.manaus.am.gov.br\/semtepi\/homenagem\/titular-da-semtepi-recebe-diploma-do-merito-cidade-de-manaus\/#article\",\"isPartOf\":{\"@id\":\"https:\/\/www.manaus.am.gov.br\/semtepi\/homenagem\/titular-da-semtepi-recebe-diploma-do-merito-cidade-de-manaus\/\"},\"author\":{\"name\":\"Glauber Farias\",\"@id\":\"https:\/\/www.manaus.am.gov.br\/semtepi\/#\/schema\/person\/fe69d2249d78e7a3112d42bc34c44a58\"},\"headline\":\"Titular da Semtepi recebe diploma do \u2018M\u00e9rito Cidade de Manaus\u2019\",\"datePublished\":\"2022-06-11T00:41:43+00:00\",\"dateModified\":\"2023-04-26T13:31:49+00:00\",\"mainEntityOfPage\":{\"@id\":\"https:\/\/www.manaus.am.gov.br\/semtepi\/homenagem\/titular-da-semtepi-recebe-diploma-do-merito-cidade-de-manaus\/\"},\"wordCount\":397,\"publisher\":{\"@id\":\"https:\/\/www.manaus.am.gov.br\/semtepi\/#organization\"},\"image\":{\"@id\":\"https:\/\/www.manaus.am.gov.br\/semtepi\/homenagem\/titular-da-semtepi-recebe-diploma-do-merito-cidade-de-manaus\/#primaryimage\"},\"thumbnailUrl\":\"https:\/\/www.manaus.am.gov.br\/semtepi\/wp-content\/uploads\/sites\/20\/2023\/04\/Titular-da-Semtepi-recebe-diploma-do-\u2018Merito-Cidade-de-Manaus.jpg\",\"keywords\":[\"cmm\",\"Diploma do M\u00e9rito Cidade de Manaus\",\"Semtepi\"],\"articleSection\":[\"Homenagem\"],\"inLanguage\":\"pt-BR\"},{\"@type\":\"WebPage\",\"@id\":\"https:\/\/www.manaus.am.gov.br\/semtepi\/homenagem\/titular-da-semtepi-recebe-diploma-do-merito-cidade-de-manaus\/\",\"url\":\"https:\/\/www.manaus.am.gov.br\/semtepi\/homenagem\/titular-da-semtepi-recebe-diploma-do-merito-cidade-de-manaus\/\",\"name\":\"Titular da Semtepi recebe diploma do \u2018M\u00e9rito Cidade de Manaus\u2019\",\"isPartOf\":{\"@id\":\"https:\/\/www.manaus.am.gov.br\/semtepi\/#website\"},\"primaryImageOfPage\":{\"@id\":\"https:\/\/www.manaus.am.gov.br\/semtepi\/homenagem\/titular-da-semtepi-recebe-diploma-do-merito-cidade-de-manaus\/#primaryimage\"},\"image\":{\"@id\":\"https:\/\/www.manaus.am.gov.br\/semtepi\/homenagem\/titular-da-semtepi-recebe-diploma-do-merito-cidade-de-manaus\/#primaryimage\"},\"thumbnailUrl\":\"https:\/\/www.manaus.am.gov.br\/semtepi\/wp-content\/uploads\/sites\/20\/2023\/04\/Titular-da-Semtepi-recebe-diploma-do-\u2018Merito-Cidade-de-Manaus.jpg\",\"datePublished\":\"2022-06-11T00:41:43+00:00\",\"dateModified\":\"2023-04-26T13:31:49+00:00\",\"description\":\"Titular da Semtepi recebe diploma do \u2018M\u00e9rito Cidade de Manaus\u2019, no plen\u00e1rio Adriano Jorge, na C\u00e2mara Municipal de Manaus, no bairro Santo Ant\u00f4nio...\",\"breadcrumb\":{\"@id\":\"https:\/\/www.manaus.am.gov.br\/semtepi\/homenagem\/titular-da-semtepi-recebe-diploma-do-merito-cidade-de-manaus\/#breadcrumb\"},\"inLanguage\":\"pt-BR\",\"potentialAction\":[{\"@type\":\"ReadAction\",\"target\":[\"https:\/\/www.manaus.am.gov.br\/semtepi\/homenagem\/titular-da-semtepi-recebe-diploma-do-merito-cidade-de-manaus\/\"]}]},{\"@type\":\"ImageObject\",\"inLanguage\":\"pt-BR\",\"@id\":\"https:\/\/www.manaus.am.gov.br\/semtepi\/homenagem\/titular-da-semtepi-recebe-diploma-do-merito-cidade-de-manaus\/#primaryimage\",\"url\":\"https:\/\/www.manaus.am.gov.br\/semtepi\/wp-content\/uploads\/sites\/20\/2023\/04\/Titular-da-Semtepi-recebe-diploma-do-\u2018Merito-Cidade-de-Manaus.jpg\",\"contentUrl\":\"https:\/\/www.manaus.am.gov.br\/semtepi\/wp-content\/uploads\/sites\/20\/2023\/04\/Titular-da-Semtepi-recebe-diploma-do-\u2018Merito-Cidade-de-Manaus.jpg\",\"width\":720,\"height\":407,\"caption\":\"Titular da Semtepi recebe diploma do \u2018M\u00e9rito Cidade de Manaus\u2019\"},{\"@type\":\"BreadcrumbList\",\"@id\":\"https:\/\/www.manaus.am.gov.br\/semtepi\/homenagem\/titular-da-semtepi-recebe-diploma-do-merito-cidade-de-manaus\/#breadcrumb\",\"itemListElement\":[{\"@type\":\"ListItem\",\"position\":1,\"name\":\"Home\",\"item\":\"https:\/\/www.manaus.am.gov.br\/semtepi\/\"},{\"@type\":\"ListItem\",\"position\":2,\"name\":\"Titular da Semtepi recebe diploma do \u2018M\u00e9rito Cidade de Manaus\u2019\"}]},{\"@type\":\"WebSite\",\"@id\":\"https:\/\/www.manaus.am.gov.br\/semtepi\/#website\",\"url\":\"https:\/\/www.manaus.am.gov.br\/semtepi\/\",\"name\":\"SEMTEPI\",\"description\":\"Prefeitura de Manaus\",\"publisher\":{\"@id\":\"https:\/\/www.manaus.am.gov.br\/semtepi\/#organization\"},\"alternateName\":\"Secretaria Municipal do Trabalho, Empreendedorismo e Inova\u00e7\u00e3o\",\"potentialAction\":[{\"@type\":\"SearchAction\",\"target\":{\"@type\":\"EntryPoint\",\"urlTemplate\":\"https:\/\/www.manaus.am.gov.br\/semtepi\/?s={search_term_string}\"},\"query-input\":\"required name=search_term_string\"}],\"inLanguage\":\"pt-BR\"},{\"@type\":\"Organization\",\"@id\":\"https:\/\/www.manaus.am.gov.br\/semtepi\/#organization\",\"name\":\"Prefeitura Municipal de Manaus\",\"alternateName\":\"Prefeitura de Manaus\",\"url\":\"https:\/\/www.manaus.am.gov.br\/semtepi\/\",\"logo\":{\"@type\":\"ImageObject\",\"inLanguage\":\"pt-BR\",\"@id\":\"https:\/\/www.manaus.am.gov.br\/semtepi\/#\/schema\/logo\/image\/\",\"url\":\"https:\/\/www.manaus.am.gov.br\/semtepi\/wp-content\/uploads\/sites\/20\/2024\/07\/favicon.png\",\"contentUrl\":\"https:\/\/www.manaus.am.gov.br\/semtepi\/wp-content\/uploads\/sites\/20\/2024\/07\/favicon.png\",\"width\":300,\"height\":300,\"caption\":\"Prefeitura Municipal de Manaus\"},\"image\":{\"@id\":\"https:\/\/www.manaus.am.gov.br\/semtepi\/#\/schema\/logo\/image\/\"}},{\"@type\":\"Person\",\"@id\":\"https:\/\/www.manaus.am.gov.br\/semtepi\/#\/schema\/person\/fe69d2249d78e7a3112d42bc34c44a58\",\"name\":\"Glauber Farias\",\"image\":{\"@type\":\"ImageObject\",\"inLanguage\":\"pt-BR\",\"@id\":\"https:\/\/www.manaus.am.gov.br\/semtepi\/#\/schema\/person\/image\/\",\"url\":\"https:\/\/secure.gravatar.com\/avatar\/eb33200ffd19538372f635b2165531c0?s=96&d=mm&r=g\",\"contentUrl\":\"https:\/\/secure.gravatar.com\/avatar\/eb33200ffd19538372f635b2165531c0?s=96&d=mm&r=g\",\"caption\":\"Glauber Farias\"}}]}<\/script>\n<!-- \/ Yoast SEO plugin. -->","yoast_head_json":{"title":"Titular da Semtepi recebe diploma do \u2018M\u00e9rito Cidade de Manaus\u2019","description":"Titular da Semtepi recebe diploma do \u2018M\u00e9rito Cidade de Manaus\u2019, no plen\u00e1rio Adriano Jorge, na C\u00e2mara Municipal de Manaus, no bairro Santo Ant\u00f4nio...","robots":{"index":"noindex","follow":"follow"},"og_locale":"pt_BR","og_type":"article","og_title":"Titular da Semtepi recebe diploma do \u2018M\u00e9rito Cidade de Manaus\u2019","og_description":"Titular da Semtepi recebe diploma do \u2018M\u00e9rito Cidade de Manaus\u2019, no plen\u00e1rio Adriano Jorge, na C\u00e2mara Municipal de Manaus, no bairro Santo Ant\u00f4nio...","og_url":"https:\/\/www.manaus.am.gov.br\/semtepi\/homenagem\/titular-da-semtepi-recebe-diploma-do-merito-cidade-de-manaus\/","og_site_name":"SEMTEPI","article_published_time":"2022-06-11T00:41:43+00:00","article_modified_time":"2023-04-26T13:31:49+00:00","og_image":[{"width":720,"height":407,"url":"https:\/\/www.manaus.am.gov.br\/semtepi\/wp-content\/uploads\/sites\/20\/2023\/04\/Titular-da-Semtepi-recebe-diploma-do-\u2018Merito-Cidade-de-Manaus.jpg","type":"image\/jpeg"}],"author":"Glauber Farias","twitter_card":"summary_large_image","twitter_misc":{"Written by":"Glauber Farias","Est. reading time":"2 minutos"},"schema":{"@context":"https:\/\/schema.org","@graph":[{"@type":"Article","@id":"https:\/\/www.manaus.am.gov.br\/semtepi\/homenagem\/titular-da-semtepi-recebe-diploma-do-merito-cidade-de-manaus\/#article","isPartOf":{"@id":"https:\/\/www.manaus.am.gov.br\/semtepi\/homenagem\/titular-da-semtepi-recebe-diploma-do-merito-cidade-de-manaus\/"},"author":{"name":"Glauber Farias","@id":"https:\/\/www.manaus.am.gov.br\/semtepi\/#\/schema\/person\/fe69d2249d78e7a3112d42bc34c44a58"},"headline":"Titular da Semtepi recebe diploma do \u2018M\u00e9rito Cidade de Manaus\u2019","datePublished":"2022-06-11T00:41:43+00:00","dateModified":"2023-04-26T13:31:49+00:00","mainEntityOfPage":{"@id":"https:\/\/www.manaus.am.gov.br\/semtepi\/homenagem\/titular-da-semtepi-recebe-diploma-do-merito-cidade-de-manaus\/"},"wordCount":397,"publisher":{"@id":"https:\/\/www.manaus.am.gov.br\/semtepi\/#organization"},"image":{"@id":"https:\/\/www.manaus.am.gov.br\/semtepi\/homenagem\/titular-da-semtepi-recebe-diploma-do-merito-cidade-de-manaus\/#primaryimage"},"thumbnailUrl":"https:\/\/www.manaus.am.gov.br\/semtepi\/wp-content\/uploads\/sites\/20\/2023\/04\/Titular-da-Semtepi-recebe-diploma-do-\u2018Merito-Cidade-de-Manaus.jpg","keywords":["cmm","Diploma do M\u00e9rito Cidade de Manaus","Semtepi"],"articleSection":["Homenagem"],"inLanguage":"pt-BR"},{"@type":"WebPage","@id":"https:\/\/www.manaus.am.gov.br\/semtepi\/homenagem\/titular-da-semtepi-recebe-diploma-do-merito-cidade-de-manaus\/","url":"https:\/\/www.manaus.am.gov.br\/semtepi\/homenagem\/titular-da-semtepi-recebe-diploma-do-merito-cidade-de-manaus\/","name":"Titular da Semtepi recebe diploma do \u2018M\u00e9rito Cidade de Manaus\u2019","isPartOf":{"@id":"https:\/\/www.manaus.am.gov.br\/semtepi\/#website"},"primaryImageOfPage":{"@id":"https:\/\/www.manaus.am.gov.br\/semtepi\/homenagem\/titular-da-semtepi-recebe-diploma-do-merito-cidade-de-manaus\/#primaryimage"},"image":{"@id":"https:\/\/www.manaus.am.gov.br\/semtepi\/homenagem\/titular-da-semtepi-recebe-diploma-do-merito-cidade-de-manaus\/#primaryimage"},"thumbnailUrl":"https:\/\/www.manaus.am.gov.br\/semtepi\/wp-content\/uploads\/sites\/20\/2023\/04\/Titular-da-Semtepi-recebe-diploma-do-\u2018Merito-Cidade-de-Manaus.jpg","datePublished":"2022-06-11T00:41:43+00:00","dateModified":"2023-04-26T13:31:49+00:00","description":"Titular da Semtepi recebe diploma do \u2018M\u00e9rito Cidade de Manaus\u2019, no plen\u00e1rio Adriano Jorge, na C\u00e2mara Municipal de Manaus, no bairro Santo Ant\u00f4nio...","breadcrumb":{"@id":"https:\/\/www.manaus.am.gov.br\/semtepi\/homenagem\/titular-da-semtepi-recebe-diploma-do-merito-cidade-de-manaus\/#breadcrumb"},"inLanguage":"pt-BR","potentialAction":[{"@type":"ReadAction","target":["https:\/\/www.manaus.am.gov.br\/semtepi\/homenagem\/titular-da-semtepi-recebe-diploma-do-merito-cidade-de-manaus\/"]}]},{"@type":"ImageObject","inLanguage":"pt-BR","@id":"https:\/\/www.manaus.am.gov.br\/semtepi\/homenagem\/titular-da-semtepi-recebe-diploma-do-merito-cidade-de-manaus\/#primaryimage","url":"https:\/\/www.manaus.am.gov.br\/semtepi\/wp-content\/uploads\/sites\/20\/2023\/04\/Titular-da-Semtepi-recebe-diploma-do-\u2018Merito-Cidade-de-Manaus.jpg","contentUrl":"https:\/\/www.manaus.am.gov.br\/semtepi\/wp-content\/uploads\/sites\/20\/2023\/04\/Titular-da-Semtepi-recebe-diploma-do-\u2018Merito-Cidade-de-Manaus.jpg","width":720,"height":407,"caption":"Titular da Semtepi recebe diploma do \u2018M\u00e9rito Cidade de Manaus\u2019"},{"@type":"BreadcrumbList","@id":"https:\/\/www.manaus.am.gov.br\/semtepi\/homenagem\/titular-da-semtepi-recebe-diploma-do-merito-cidade-de-manaus\/#breadcrumb","itemListElement":[{"@type":"ListItem","position":1,"name":"Home","item":"https:\/\/www.manaus.am.gov.br\/semtepi\/"},{"@type":"ListItem","position":2,"name":"Titular da Semtepi recebe diploma do \u2018M\u00e9rito Cidade de Manaus\u2019"}]},{"@type":"WebSite","@id":"https:\/\/www.manaus.am.gov.br\/semtepi\/#website","url":"https:\/\/www.manaus.am.gov.br\/semtepi\/","name":"SEMTEPI","description":"Prefeitura de Manaus","publisher":{"@id":"https:\/\/www.manaus.am.gov.br\/semtepi\/#organization"},"alternateName":"Secretaria Municipal do Trabalho, Empreendedorismo e Inova\u00e7\u00e3o","potentialAction":[{"@type":"SearchAction","target":{"@type":"EntryPoint","urlTemplate":"https:\/\/www.manaus.am.gov.br\/semtepi\/?s={search_term_string}"},"query-input":"required name=search_term_string"}],"inLanguage":"pt-BR"},{"@type":"Organization","@id":"https:\/\/www.manaus.am.gov.br\/semtepi\/#organization","name":"Prefeitura Municipal de Manaus","alternateName":"Prefeitura de Manaus","url":"https:\/\/www.manaus.am.gov.br\/semtepi\/","logo":{"@type":"ImageObject","inLanguage":"pt-BR","@id":"https:\/\/www.manaus.am.gov.br\/semtepi\/#\/schema\/logo\/image\/","url":"https:\/\/www.manaus.am.gov.br\/semtepi\/wp-content\/uploads\/sites\/20\/2024\/07\/favicon.png","contentUrl":"https:\/\/www.manaus.am.gov.br\/semtepi\/wp-content\/uploads\/sites\/20\/2024\/07\/favicon.png","width":300,"height":300,"caption":"Prefeitura Municipal de Manaus"},"image":{"@id":"https:\/\/www.manaus.am.gov.br\/semtepi\/#\/schema\/logo\/image\/"}},{"@type":"Person","@id":"https:\/\/www.manaus.am.gov.br\/semtepi\/#\/schema\/person\/fe69d2249d78e7a3112d42bc34c44a58","name":"Glauber Farias","image":{"@type":"ImageObject","inLanguage":"pt-BR","@id":"https:\/\/www.manaus.am.gov.br\/semtepi\/#\/schema\/person\/image\/","url":"https:\/\/secure.gravatar.com\/avatar\/eb33200ffd19538372f635b2165531c0?s=96&d=mm&r=g","contentUrl":"https:\/\/secure.gravatar.com\/avatar\/eb33200ffd19538372f635b2165531c0?s=96&d=mm&r=g","caption":"Glauber Farias"}}]}},"_links":{"self":[{"href":"https:\/\/www.manaus.am.gov.br\/semtepi\/wp-json\/wp\/v2\/posts\/1614"}],"collection":[{"href":"https:\/\/www.manaus.am.gov.br\/semtepi\/wp-json\/wp\/v2\/posts"}],"about":[{"href":"https:\/\/www.manaus.am.gov.br\/semtepi\/wp-json\/wp\/v2\/types\/post"}],"author":[{"embeddable":true,"href":"https:\/\/www.manaus.am.gov.br\/semtepi\/wp-json\/wp\/v2\/users\/8"}],"replies":[{"embeddable":true,"href":"https:\/\/www.manaus.am.gov.br\/semtepi\/wp-json\/wp\/v2\/comments?post=1614"}],"version-history":[{"count":0,"href":"https:\/\/www.manaus.am.gov.br\/semtepi\/wp-json\/wp\/v2\/posts\/1614\/revisions"}],"wp:featuredmedia":[{"embeddable":true,"href":"https:\/\/www.manaus.am.gov.br\/semtepi\/wp-json\/wp\/v2\/media\/1615"}],"wp:attachment":[{"href":"https:\/\/www.manaus.am.gov.br\/semtepi\/wp-json\/wp\/v2\/media?parent=1614"}],"wp:term":[{"taxonomy":"category","embeddable":true,"href":"https:\/\/www.manaus.am.gov.br\/semtepi\/wp-json\/wp\/v2\/categories?post=1614"},{"taxonomy":"post_tag","embeddable":true,"href":"https:\/\/www.manaus.am.gov.br\/semtepi\/wp-json\/wp\/v2\/tags?post=1614"}],"curies":[{"name":"wp","href":"https:\/\/api.w.org\/{rel}","templated":true}]}}