{"id":1612,"date":"2022-12-06T16:58:00","date_gmt":"2022-12-06T20:58:00","guid":{"rendered":"https:\/\/www.manaus.am.gov.br\/semtepi\/sem-categoria\/acoes-da-semtepi-sao-tema-de-podcast-sobre-empreendedorismo-e-inovacao-da-prefeitura-de-manaus\/"},"modified":"2023-04-26T09:30:58","modified_gmt":"2023-04-26T13:30:58","slug":"acoes-da-semtepi-sao-tema-de-podcast-sobre-empreendedorismo-e-inovacao-da-prefeitura-de-manaus","status":"publish","type":"post","link":"https:\/\/www.manaus.am.gov.br\/semtepi\/empreendedorismo\/acoes-da-semtepi-sao-tema-de-podcast-sobre-empreendedorismo-e-inovacao-da-prefeitura-de-manaus\/","title":{"rendered":"A\u00e7\u00f5es\u00a0da Semtepi s\u00e3o tema de podcast sobre empreendedorismo e inova\u00e7\u00e3o da Prefeitura de Manaus"},"content":{"rendered":"\n<p>Atividades de fomento ao empreendedorismo e a inova\u00e7\u00e3o na capital s\u00e3o temas abordados no 25\u00ba e \u00faltimo epis\u00f3dio da terceira temporada do&nbsp;<em>podcast&nbsp;<\/em>promovido pelo Manaus Digital Podcast, que recebe apoio da Prefeitura de Manaus, por meio da Secretaria Municipal do Trabalho Empreendedorismo e Inova\u00e7\u00e3o (Semtepi).<\/p>\n\n\n\n<p>Divulgado nesta ter\u00e7a-feira, 6\/12, o epis\u00f3dio tem como convidado o secret\u00e1rio da Semtepi, Radyr J\u00fanior, para reiterar as a\u00e7\u00f5es voltadas para os setores de empreendedorismo e inova\u00e7\u00e3o na cidade. No bate-papo, o titular fala sobre os trabalhos executados pela secretaria, durante os anos de 2021\/2022, e as proje\u00e7\u00f5es e vis\u00e3o para 2023.<\/p>\n\n\n\n<p>\u201c\u00c9 importante poder falar o que tem de bom aqui e inserir o poder p\u00fablico dentro desse bate-papo. A Semtepi tem sido um lugar em que as pessoas ainda conseguem encontrar oportunidades e n\u00f3s estamos muito felizes com o trabalho realizado pela secretaria, porque assumimos as atividades em um per\u00edodo pand\u00eamico, mas conseguimos dar a volta por cima e executamos os projetos da atual gest\u00e3o\u201d, destaca Radyr.<\/p>\n\n\n\n<p>O secret\u00e1rio ainda afirma que Manaus \u00e9 a capital que possui forte cultura empreendedora e, nesse \u00e2mbito, a m\u00e3o de obra \u00e9 carente de capacita\u00e7\u00e3o. Ele cita algumas das tarefas efetuadas pelo \u00f3rg\u00e3o, tais como aux\u00edlios e benef\u00edcios, editais de inova\u00e7\u00e3o, feiras de artesanato itinerantes, al\u00e9m dos cursos de qualifica\u00e7\u00e3o profissional.<\/p>\n\n\n\n<p>De acordo com o&nbsp;<em>host<\/em>&nbsp;do programa, L\u00e9o David, a realiza\u00e7\u00e3o do&nbsp;<em>podcast&nbsp;<\/em>ainda conta com o apoio da secretaria para as programa\u00e7\u00f5es do ano que vem. Ele agradece e reafirma a import\u00e2ncia da ass\u00eddua parceria gerada entre as institui\u00e7\u00f5es.<\/p>\n\n\n\n<p>\u201cEstamos nesse epis\u00f3dio encerrando a temporada e mais um ciclo de 2022, na reta final de um ano que foi bem interessante para n\u00f3s com muita audi\u00eancia e aprendizados que v\u00e3o melhorar as propostas futuras. Nosso trabalho est\u00e1 sendo visto e nada melhor do que se aliar \u00e0 Semtepi, uma secretaria que faz acontecer no nosso ecossistema de inova\u00e7\u00e3o e empreendedorismo\u201d, frisa.<\/p>\n\n\n\n<h2 class=\"wp-block-heading\">Tend\u00eancia<\/h2>\n\n\n\n<p>O podcast \u00e9 um conte\u00fado originalmente gerado por voz, que ganhou for\u00e7a na internet como o \u201cnovo r\u00e1dio\u201d e come\u00e7ou a fazer sucesso em&nbsp;<em>streamings<\/em>. E nesse formato surgiu o Manaus Digital Podcast, classificado como o primeiro na categoria de empreendedorismo e inova\u00e7\u00e3o da zona Norte da cidade.<\/p>\n\n\n\n<hr class=\"wp-block-separator has-alpha-channel-opacity\"\/>\n\n\n\n<p><strong>Texto \u2013&nbsp;<\/strong>Fabiane Monteiro \/ Semtepi<br><strong>Foto \u2013&nbsp;<\/strong>Divulga\u00e7\u00e3o \/ Semtepi<\/p>\n","protected":false},"excerpt":{"rendered":"","protected":false},"author":27,"featured_media":1613,"comment_status":"closed","ping_status":"closed","sticky":false,"template":"","format":"standard","meta":{"footnotes":""},"categories":[47],"tags":[],"acf":[],"yoast_head":"<!-- This site is optimized with the Yoast SEO plugin v23.0 - https:\/\/yoast.com\/wordpress\/plugins\/seo\/ -->\n<title>A\u00e7\u00f5es\u00a0da Semtepi s\u00e3o tema de podcast sobre empreendedorismo e inova\u00e7\u00e3o da Prefeitura de Manaus - SEMTEPI<\/title>\n<meta name=\"robots\" content=\"noindex, follow\" \/>\n<meta property=\"og:locale\" content=\"pt_BR\" \/>\n<meta property=\"og:type\" content=\"article\" \/>\n<meta property=\"og:title\" content=\"A\u00e7\u00f5es\u00a0da Semtepi s\u00e3o tema de podcast sobre empreendedorismo e inova\u00e7\u00e3o da Prefeitura de Manaus - SEMTEPI\" \/>\n<meta property=\"og:url\" content=\"https:\/\/www.manaus.am.gov.br\/semtepi\/empreendedorismo\/acoes-da-semtepi-sao-tema-de-podcast-sobre-empreendedorismo-e-inovacao-da-prefeitura-de-manaus\/\" \/>\n<meta property=\"og:site_name\" content=\"SEMTEPI\" \/>\n<meta property=\"article:published_time\" content=\"2022-12-06T20:58:00+00:00\" \/>\n<meta property=\"article:modified_time\" content=\"2023-04-26T13:30:58+00:00\" \/>\n<meta property=\"og:image\" content=\"https:\/\/www.manaus.am.gov.br\/semtepi\/wp-content\/uploads\/sites\/20\/2023\/04\/Acoes-da-Semtepi-sao-tema-de-podcast-sobre-empreendedorismo-e-inovacao-da-Prefeitura-de-Manaus.jpeg\" \/>\n\t<meta property=\"og:image:width\" content=\"1600\" \/>\n\t<meta property=\"og:image:height\" content=\"1200\" \/>\n\t<meta property=\"og:image:type\" content=\"image\/jpeg\" \/>\n<meta name=\"author\" content=\"Imarketing Digital\" \/>\n<meta name=\"twitter:card\" content=\"summary_large_image\" \/>\n<meta name=\"twitter:label1\" content=\"Written by\" \/>\n\t<meta name=\"twitter:data1\" content=\"Imarketing Digital\" \/>\n\t<meta name=\"twitter:label2\" content=\"Est. reading time\" \/>\n\t<meta name=\"twitter:data2\" content=\"3 minutos\" \/>\n<script type=\"application\/ld+json\" class=\"yoast-schema-graph\">{\"@context\":\"https:\/\/schema.org\",\"@graph\":[{\"@type\":\"Article\",\"@id\":\"https:\/\/www.manaus.am.gov.br\/semtepi\/empreendedorismo\/acoes-da-semtepi-sao-tema-de-podcast-sobre-empreendedorismo-e-inovacao-da-prefeitura-de-manaus\/#article\",\"isPartOf\":{\"@id\":\"https:\/\/www.manaus.am.gov.br\/semtepi\/empreendedorismo\/acoes-da-semtepi-sao-tema-de-podcast-sobre-empreendedorismo-e-inovacao-da-prefeitura-de-manaus\/\"},\"author\":{\"name\":\"Imarketing Digital\",\"@id\":\"https:\/\/www.manaus.am.gov.br\/semtepi\/#\/schema\/person\/79525a47ac5902f50493820d995728ee\"},\"headline\":\"A\u00e7\u00f5es\u00a0da Semtepi s\u00e3o tema de podcast sobre empreendedorismo e inova\u00e7\u00e3o da Prefeitura de Manaus\",\"datePublished\":\"2022-12-06T20:58:00+00:00\",\"dateModified\":\"2023-04-26T13:30:58+00:00\",\"mainEntityOfPage\":{\"@id\":\"https:\/\/www.manaus.am.gov.br\/semtepi\/empreendedorismo\/acoes-da-semtepi-sao-tema-de-podcast-sobre-empreendedorismo-e-inovacao-da-prefeitura-de-manaus\/\"},\"wordCount\":435,\"publisher\":{\"@id\":\"https:\/\/www.manaus.am.gov.br\/semtepi\/#organization\"},\"image\":{\"@id\":\"https:\/\/www.manaus.am.gov.br\/semtepi\/empreendedorismo\/acoes-da-semtepi-sao-tema-de-podcast-sobre-empreendedorismo-e-inovacao-da-prefeitura-de-manaus\/#primaryimage\"},\"thumbnailUrl\":\"https:\/\/www.manaus.am.gov.br\/semtepi\/wp-content\/uploads\/sites\/20\/2023\/04\/Acoes-da-Semtepi-sao-tema-de-podcast-sobre-empreendedorismo-e-inovacao-da-Prefeitura-de-Manaus.jpeg\",\"articleSection\":[\"Empreendedorismo\"],\"inLanguage\":\"pt-BR\"},{\"@type\":\"WebPage\",\"@id\":\"https:\/\/www.manaus.am.gov.br\/semtepi\/empreendedorismo\/acoes-da-semtepi-sao-tema-de-podcast-sobre-empreendedorismo-e-inovacao-da-prefeitura-de-manaus\/\",\"url\":\"https:\/\/www.manaus.am.gov.br\/semtepi\/empreendedorismo\/acoes-da-semtepi-sao-tema-de-podcast-sobre-empreendedorismo-e-inovacao-da-prefeitura-de-manaus\/\",\"name\":\"A\u00e7\u00f5es\u00a0da Semtepi s\u00e3o tema de podcast sobre empreendedorismo e inova\u00e7\u00e3o da Prefeitura de Manaus - SEMTEPI\",\"isPartOf\":{\"@id\":\"https:\/\/www.manaus.am.gov.br\/semtepi\/#website\"},\"primaryImageOfPage\":{\"@id\":\"https:\/\/www.manaus.am.gov.br\/semtepi\/empreendedorismo\/acoes-da-semtepi-sao-tema-de-podcast-sobre-empreendedorismo-e-inovacao-da-prefeitura-de-manaus\/#primaryimage\"},\"image\":{\"@id\":\"https:\/\/www.manaus.am.gov.br\/semtepi\/empreendedorismo\/acoes-da-semtepi-sao-tema-de-podcast-sobre-empreendedorismo-e-inovacao-da-prefeitura-de-manaus\/#primaryimage\"},\"thumbnailUrl\":\"https:\/\/www.manaus.am.gov.br\/semtepi\/wp-content\/uploads\/sites\/20\/2023\/04\/Acoes-da-Semtepi-sao-tema-de-podcast-sobre-empreendedorismo-e-inovacao-da-Prefeitura-de-Manaus.jpeg\",\"datePublished\":\"2022-12-06T20:58:00+00:00\",\"dateModified\":\"2023-04-26T13:30:58+00:00\",\"breadcrumb\":{\"@id\":\"https:\/\/www.manaus.am.gov.br\/semtepi\/empreendedorismo\/acoes-da-semtepi-sao-tema-de-podcast-sobre-empreendedorismo-e-inovacao-da-prefeitura-de-manaus\/#breadcrumb\"},\"inLanguage\":\"pt-BR\",\"potentialAction\":[{\"@type\":\"ReadAction\",\"target\":[\"https:\/\/www.manaus.am.gov.br\/semtepi\/empreendedorismo\/acoes-da-semtepi-sao-tema-de-podcast-sobre-empreendedorismo-e-inovacao-da-prefeitura-de-manaus\/\"]}]},{\"@type\":\"ImageObject\",\"inLanguage\":\"pt-BR\",\"@id\":\"https:\/\/www.manaus.am.gov.br\/semtepi\/empreendedorismo\/acoes-da-semtepi-sao-tema-de-podcast-sobre-empreendedorismo-e-inovacao-da-prefeitura-de-manaus\/#primaryimage\",\"url\":\"https:\/\/www.manaus.am.gov.br\/semtepi\/wp-content\/uploads\/sites\/20\/2023\/04\/Acoes-da-Semtepi-sao-tema-de-podcast-sobre-empreendedorismo-e-inovacao-da-Prefeitura-de-Manaus.jpeg\",\"contentUrl\":\"https:\/\/www.manaus.am.gov.br\/semtepi\/wp-content\/uploads\/sites\/20\/2023\/04\/Acoes-da-Semtepi-sao-tema-de-podcast-sobre-empreendedorismo-e-inovacao-da-Prefeitura-de-Manaus.jpeg\",\"width\":1600,\"height\":1200,\"caption\":\"A\u00e7\u00f5es da Semtepi s\u00e3o tema de podcast sobre empreendedorismo e inova\u00e7\u00e3o da Prefeitura de Manaus\"},{\"@type\":\"BreadcrumbList\",\"@id\":\"https:\/\/www.manaus.am.gov.br\/semtepi\/empreendedorismo\/acoes-da-semtepi-sao-tema-de-podcast-sobre-empreendedorismo-e-inovacao-da-prefeitura-de-manaus\/#breadcrumb\",\"itemListElement\":[{\"@type\":\"ListItem\",\"position\":1,\"name\":\"Home\",\"item\":\"https:\/\/www.manaus.am.gov.br\/semtepi\/\"},{\"@type\":\"ListItem\",\"position\":2,\"name\":\"A\u00e7\u00f5es\u00a0da Semtepi s\u00e3o tema de podcast sobre empreendedorismo e inova\u00e7\u00e3o da Prefeitura de Manaus\"}]},{\"@type\":\"WebSite\",\"@id\":\"https:\/\/www.manaus.am.gov.br\/semtepi\/#website\",\"url\":\"https:\/\/www.manaus.am.gov.br\/semtepi\/\",\"name\":\"SEMTEPI\",\"description\":\"Prefeitura de Manaus\",\"publisher\":{\"@id\":\"https:\/\/www.manaus.am.gov.br\/semtepi\/#organization\"},\"alternateName\":\"Secretaria Municipal do Trabalho, Empreendedorismo e Inova\u00e7\u00e3o\",\"potentialAction\":[{\"@type\":\"SearchAction\",\"target\":{\"@type\":\"EntryPoint\",\"urlTemplate\":\"https:\/\/www.manaus.am.gov.br\/semtepi\/?s={search_term_string}\"},\"query-input\":\"required name=search_term_string\"}],\"inLanguage\":\"pt-BR\"},{\"@type\":\"Organization\",\"@id\":\"https:\/\/www.manaus.am.gov.br\/semtepi\/#organization\",\"name\":\"Prefeitura Municipal de Manaus\",\"alternateName\":\"Prefeitura de Manaus\",\"url\":\"https:\/\/www.manaus.am.gov.br\/semtepi\/\",\"logo\":{\"@type\":\"ImageObject\",\"inLanguage\":\"pt-BR\",\"@id\":\"https:\/\/www.manaus.am.gov.br\/semtepi\/#\/schema\/logo\/image\/\",\"url\":\"https:\/\/www.manaus.am.gov.br\/semtepi\/wp-content\/uploads\/sites\/20\/2024\/07\/favicon.png\",\"contentUrl\":\"https:\/\/www.manaus.am.gov.br\/semtepi\/wp-content\/uploads\/sites\/20\/2024\/07\/favicon.png\",\"width\":300,\"height\":300,\"caption\":\"Prefeitura Municipal de Manaus\"},\"image\":{\"@id\":\"https:\/\/www.manaus.am.gov.br\/semtepi\/#\/schema\/logo\/image\/\"}},{\"@type\":\"Person\",\"@id\":\"https:\/\/www.manaus.am.gov.br\/semtepi\/#\/schema\/person\/79525a47ac5902f50493820d995728ee\",\"name\":\"Imarketing Digital\",\"image\":{\"@type\":\"ImageObject\",\"inLanguage\":\"pt-BR\",\"@id\":\"https:\/\/www.manaus.am.gov.br\/semtepi\/#\/schema\/person\/image\/\",\"url\":\"https:\/\/secure.gravatar.com\/avatar\/03432d3c57b756ed9760f7019c815a3a?s=96&d=mm&r=g\",\"contentUrl\":\"https:\/\/secure.gravatar.com\/avatar\/03432d3c57b756ed9760f7019c815a3a?s=96&d=mm&r=g\",\"caption\":\"Imarketing Digital\"}}]}<\/script>\n<!-- \/ Yoast SEO plugin. -->","yoast_head_json":{"title":"A\u00e7\u00f5es\u00a0da Semtepi s\u00e3o tema de podcast sobre empreendedorismo e inova\u00e7\u00e3o da Prefeitura de Manaus - SEMTEPI","robots":{"index":"noindex","follow":"follow"},"og_locale":"pt_BR","og_type":"article","og_title":"A\u00e7\u00f5es\u00a0da Semtepi s\u00e3o tema de podcast sobre empreendedorismo e inova\u00e7\u00e3o da Prefeitura de Manaus - SEMTEPI","og_url":"https:\/\/www.manaus.am.gov.br\/semtepi\/empreendedorismo\/acoes-da-semtepi-sao-tema-de-podcast-sobre-empreendedorismo-e-inovacao-da-prefeitura-de-manaus\/","og_site_name":"SEMTEPI","article_published_time":"2022-12-06T20:58:00+00:00","article_modified_time":"2023-04-26T13:30:58+00:00","og_image":[{"width":1600,"height":1200,"url":"https:\/\/www.manaus.am.gov.br\/semtepi\/wp-content\/uploads\/sites\/20\/2023\/04\/Acoes-da-Semtepi-sao-tema-de-podcast-sobre-empreendedorismo-e-inovacao-da-Prefeitura-de-Manaus.jpeg","type":"image\/jpeg"}],"author":"Imarketing Digital","twitter_card":"summary_large_image","twitter_misc":{"Written by":"Imarketing Digital","Est. reading time":"3 minutos"},"schema":{"@context":"https:\/\/schema.org","@graph":[{"@type":"Article","@id":"https:\/\/www.manaus.am.gov.br\/semtepi\/empreendedorismo\/acoes-da-semtepi-sao-tema-de-podcast-sobre-empreendedorismo-e-inovacao-da-prefeitura-de-manaus\/#article","isPartOf":{"@id":"https:\/\/www.manaus.am.gov.br\/semtepi\/empreendedorismo\/acoes-da-semtepi-sao-tema-de-podcast-sobre-empreendedorismo-e-inovacao-da-prefeitura-de-manaus\/"},"author":{"name":"Imarketing Digital","@id":"https:\/\/www.manaus.am.gov.br\/semtepi\/#\/schema\/person\/79525a47ac5902f50493820d995728ee"},"headline":"A\u00e7\u00f5es\u00a0da Semtepi s\u00e3o tema de podcast sobre empreendedorismo e inova\u00e7\u00e3o da Prefeitura de Manaus","datePublished":"2022-12-06T20:58:00+00:00","dateModified":"2023-04-26T13:30:58+00:00","mainEntityOfPage":{"@id":"https:\/\/www.manaus.am.gov.br\/semtepi\/empreendedorismo\/acoes-da-semtepi-sao-tema-de-podcast-sobre-empreendedorismo-e-inovacao-da-prefeitura-de-manaus\/"},"wordCount":435,"publisher":{"@id":"https:\/\/www.manaus.am.gov.br\/semtepi\/#organization"},"image":{"@id":"https:\/\/www.manaus.am.gov.br\/semtepi\/empreendedorismo\/acoes-da-semtepi-sao-tema-de-podcast-sobre-empreendedorismo-e-inovacao-da-prefeitura-de-manaus\/#primaryimage"},"thumbnailUrl":"https:\/\/www.manaus.am.gov.br\/semtepi\/wp-content\/uploads\/sites\/20\/2023\/04\/Acoes-da-Semtepi-sao-tema-de-podcast-sobre-empreendedorismo-e-inovacao-da-Prefeitura-de-Manaus.jpeg","articleSection":["Empreendedorismo"],"inLanguage":"pt-BR"},{"@type":"WebPage","@id":"https:\/\/www.manaus.am.gov.br\/semtepi\/empreendedorismo\/acoes-da-semtepi-sao-tema-de-podcast-sobre-empreendedorismo-e-inovacao-da-prefeitura-de-manaus\/","url":"https:\/\/www.manaus.am.gov.br\/semtepi\/empreendedorismo\/acoes-da-semtepi-sao-tema-de-podcast-sobre-empreendedorismo-e-inovacao-da-prefeitura-de-manaus\/","name":"A\u00e7\u00f5es\u00a0da Semtepi s\u00e3o tema de podcast sobre empreendedorismo e inova\u00e7\u00e3o da Prefeitura de Manaus - SEMTEPI","isPartOf":{"@id":"https:\/\/www.manaus.am.gov.br\/semtepi\/#website"},"primaryImageOfPage":{"@id":"https:\/\/www.manaus.am.gov.br\/semtepi\/empreendedorismo\/acoes-da-semtepi-sao-tema-de-podcast-sobre-empreendedorismo-e-inovacao-da-prefeitura-de-manaus\/#primaryimage"},"image":{"@id":"https:\/\/www.manaus.am.gov.br\/semtepi\/empreendedorismo\/acoes-da-semtepi-sao-tema-de-podcast-sobre-empreendedorismo-e-inovacao-da-prefeitura-de-manaus\/#primaryimage"},"thumbnailUrl":"https:\/\/www.manaus.am.gov.br\/semtepi\/wp-content\/uploads\/sites\/20\/2023\/04\/Acoes-da-Semtepi-sao-tema-de-podcast-sobre-empreendedorismo-e-inovacao-da-Prefeitura-de-Manaus.jpeg","datePublished":"2022-12-06T20:58:00+00:00","dateModified":"2023-04-26T13:30:58+00:00","breadcrumb":{"@id":"https:\/\/www.manaus.am.gov.br\/semtepi\/empreendedorismo\/acoes-da-semtepi-sao-tema-de-podcast-sobre-empreendedorismo-e-inovacao-da-prefeitura-de-manaus\/#breadcrumb"},"inLanguage":"pt-BR","potentialAction":[{"@type":"ReadAction","target":["https:\/\/www.manaus.am.gov.br\/semtepi\/empreendedorismo\/acoes-da-semtepi-sao-tema-de-podcast-sobre-empreendedorismo-e-inovacao-da-prefeitura-de-manaus\/"]}]},{"@type":"ImageObject","inLanguage":"pt-BR","@id":"https:\/\/www.manaus.am.gov.br\/semtepi\/empreendedorismo\/acoes-da-semtepi-sao-tema-de-podcast-sobre-empreendedorismo-e-inovacao-da-prefeitura-de-manaus\/#primaryimage","url":"https:\/\/www.manaus.am.gov.br\/semtepi\/wp-content\/uploads\/sites\/20\/2023\/04\/Acoes-da-Semtepi-sao-tema-de-podcast-sobre-empreendedorismo-e-inovacao-da-Prefeitura-de-Manaus.jpeg","contentUrl":"https:\/\/www.manaus.am.gov.br\/semtepi\/wp-content\/uploads\/sites\/20\/2023\/04\/Acoes-da-Semtepi-sao-tema-de-podcast-sobre-empreendedorismo-e-inovacao-da-Prefeitura-de-Manaus.jpeg","width":1600,"height":1200,"caption":"A\u00e7\u00f5es da Semtepi s\u00e3o tema de podcast sobre empreendedorismo e inova\u00e7\u00e3o da Prefeitura de Manaus"},{"@type":"BreadcrumbList","@id":"https:\/\/www.manaus.am.gov.br\/semtepi\/empreendedorismo\/acoes-da-semtepi-sao-tema-de-podcast-sobre-empreendedorismo-e-inovacao-da-prefeitura-de-manaus\/#breadcrumb","itemListElement":[{"@type":"ListItem","position":1,"name":"Home","item":"https:\/\/www.manaus.am.gov.br\/semtepi\/"},{"@type":"ListItem","position":2,"name":"A\u00e7\u00f5es\u00a0da Semtepi s\u00e3o tema de podcast sobre empreendedorismo e inova\u00e7\u00e3o da Prefeitura de Manaus"}]},{"@type":"WebSite","@id":"https:\/\/www.manaus.am.gov.br\/semtepi\/#website","url":"https:\/\/www.manaus.am.gov.br\/semtepi\/","name":"SEMTEPI","description":"Prefeitura de Manaus","publisher":{"@id":"https:\/\/www.manaus.am.gov.br\/semtepi\/#organization"},"alternateName":"Secretaria Municipal do Trabalho, Empreendedorismo e Inova\u00e7\u00e3o","potentialAction":[{"@type":"SearchAction","target":{"@type":"EntryPoint","urlTemplate":"https:\/\/www.manaus.am.gov.br\/semtepi\/?s={search_term_string}"},"query-input":"required name=search_term_string"}],"inLanguage":"pt-BR"},{"@type":"Organization","@id":"https:\/\/www.manaus.am.gov.br\/semtepi\/#organization","name":"Prefeitura Municipal de Manaus","alternateName":"Prefeitura de Manaus","url":"https:\/\/www.manaus.am.gov.br\/semtepi\/","logo":{"@type":"ImageObject","inLanguage":"pt-BR","@id":"https:\/\/www.manaus.am.gov.br\/semtepi\/#\/schema\/logo\/image\/","url":"https:\/\/www.manaus.am.gov.br\/semtepi\/wp-content\/uploads\/sites\/20\/2024\/07\/favicon.png","contentUrl":"https:\/\/www.manaus.am.gov.br\/semtepi\/wp-content\/uploads\/sites\/20\/2024\/07\/favicon.png","width":300,"height":300,"caption":"Prefeitura Municipal de Manaus"},"image":{"@id":"https:\/\/www.manaus.am.gov.br\/semtepi\/#\/schema\/logo\/image\/"}},{"@type":"Person","@id":"https:\/\/www.manaus.am.gov.br\/semtepi\/#\/schema\/person\/79525a47ac5902f50493820d995728ee","name":"Imarketing Digital","image":{"@type":"ImageObject","inLanguage":"pt-BR","@id":"https:\/\/www.manaus.am.gov.br\/semtepi\/#\/schema\/person\/image\/","url":"https:\/\/secure.gravatar.com\/avatar\/03432d3c57b756ed9760f7019c815a3a?s=96&d=mm&r=g","contentUrl":"https:\/\/secure.gravatar.com\/avatar\/03432d3c57b756ed9760f7019c815a3a?s=96&d=mm&r=g","caption":"Imarketing Digital"}}]}},"_links":{"self":[{"href":"https:\/\/www.manaus.am.gov.br\/semtepi\/wp-json\/wp\/v2\/posts\/1612"}],"collection":[{"href":"https:\/\/www.manaus.am.gov.br\/semtepi\/wp-json\/wp\/v2\/posts"}],"about":[{"href":"https:\/\/www.manaus.am.gov.br\/semtepi\/wp-json\/wp\/v2\/types\/post"}],"author":[{"embeddable":true,"href":"https:\/\/www.manaus.am.gov.br\/semtepi\/wp-json\/wp\/v2\/users\/27"}],"replies":[{"embeddable":true,"href":"https:\/\/www.manaus.am.gov.br\/semtepi\/wp-json\/wp\/v2\/comments?post=1612"}],"version-history":[{"count":0,"href":"https:\/\/www.manaus.am.gov.br\/semtepi\/wp-json\/wp\/v2\/posts\/1612\/revisions"}],"wp:featuredmedia":[{"embeddable":true,"href":"https:\/\/www.manaus.am.gov.br\/semtepi\/wp-json\/wp\/v2\/media\/1613"}],"wp:attachment":[{"href":"https:\/\/www.manaus.am.gov.br\/semtepi\/wp-json\/wp\/v2\/media?parent=1612"}],"wp:term":[{"taxonomy":"category","embeddable":true,"href":"https:\/\/www.manaus.am.gov.br\/semtepi\/wp-json\/wp\/v2\/categories?post=1612"},{"taxonomy":"post_tag","embeddable":true,"href":"https:\/\/www.manaus.am.gov.br\/semtepi\/wp-json\/wp\/v2\/tags?post=1612"}],"curies":[{"name":"wp","href":"https:\/\/api.w.org\/{rel}","templated":true}]}}