{"id":1610,"date":"2023-01-06T16:30:00","date_gmt":"2023-01-06T20:30:00","guid":{"rendered":"https:\/\/www.manaus.am.gov.br\/semtepi\/sem-categoria\/prefeitura-levara-servicos-da-semtepi-a-todas-as-zonas-de-manaus-com-atendimento-itinerante\/"},"modified":"2023-04-26T09:30:50","modified_gmt":"2023-04-26T13:30:50","slug":"prefeitura-levara-servicos-da-semtepi-a-todas-as-zonas-de-manaus-com-atendimento-itinerante","status":"publish","type":"post","link":"https:\/\/www.manaus.am.gov.br\/semtepi\/atendimento\/prefeitura-levara-servicos-da-semtepi-a-todas-as-zonas-de-manaus-com-atendimento-itinerante\/","title":{"rendered":"Prefeitura levar\u00e1 servi\u00e7os da Semtepi a todas as zonas de Manaus com atendimento itinerante"},"content":{"rendered":"\n<p>A Prefeitura de Manaus, via Secretaria Municipal do Trabalho, Empreendedorismo e Inova\u00e7\u00e3o (Semtepi), recebeu um ve\u00edculo tipo van que vai operar com servi\u00e7os itinerantes ofertando cursos de qualifica\u00e7\u00e3o profissional e atendimento do Sine Manaus, em todas as zonas da capital. A entrega aconteceu nesta sexta-feira, 6\/1, e a aquisi\u00e7\u00e3o foi por meio de licita\u00e7\u00e3o p\u00fablica (loca\u00e7\u00e3o).<\/p>\n\n\n\n<p>O ve\u00edculo \u00e9 dotado de estrutura de um escrit\u00f3rio, com mesas e pontos de energia, para viabilizar a execu\u00e7\u00e3o de atividades na \u00e1rea urbana e rural de Manaus. Segundo o titular da Semtepi, Radyr J\u00fanior, o objetivo \u00e9 levar at\u00e9 o cidad\u00e3o todos os cursos e qualifica\u00e7\u00f5es que s\u00e3o ofertados nos pr\u00e9dios da secretaria, agora sob quatro rodas.<\/p>\n\n\n\n<p>\u201cEstamos recebendo a van itinerante da Semtepi, com servi\u00e7os diversos. Aqui n\u00f3s vamos ter qualifica\u00e7\u00e3o profissional e o Sine vai poder atuar nos lugares mais distantes da nossa cidade, inclusive na zona rural. Neste ano estamos com grandes novidades para todas as \u00e1reas\u201d, afirmou Radyr.<\/p>\n\n\n\n<p>Os atendimentos iniciam ainda neste bimestre. Ao longo de 2022, a Semtepi ofertou mais de 7.900 vagas em cursos de capacita\u00e7\u00e3o em \u00e1reas estrat\u00e9gicas, a fim de atender a demanda do mercado de trabalho. Com o servi\u00e7o itinerante, a ideia \u00e9 expandir a oferta de qualifica\u00e7\u00f5es presenciais, em bairros onde h\u00e1 grande procura.<\/p>\n\n\n\n<p>\u2014 \u2014 \u2014<\/p>\n\n\n\n<p><strong>Texto e fotos<\/strong>&nbsp;\u2013 Luiza Maria \/ Semtepi<\/p>\n","protected":false},"excerpt":{"rendered":"","protected":false},"author":27,"featured_media":1611,"comment_status":"closed","ping_status":"closed","sticky":false,"template":"","format":"standard","meta":{"footnotes":""},"categories":[46],"tags":[],"acf":[],"yoast_head":"<!-- This site is optimized with the Yoast SEO plugin v23.0 - https:\/\/yoast.com\/wordpress\/plugins\/seo\/ -->\n<title>Prefeitura levar\u00e1 servi\u00e7os da Semtepi a todas as zonas de Manaus com atendimento itinerante - SEMTEPI<\/title>\n<meta name=\"robots\" content=\"noindex, follow\" \/>\n<meta property=\"og:locale\" content=\"pt_BR\" \/>\n<meta property=\"og:type\" content=\"article\" \/>\n<meta property=\"og:title\" content=\"Prefeitura levar\u00e1 servi\u00e7os da Semtepi a todas as zonas de Manaus com atendimento itinerante - SEMTEPI\" \/>\n<meta property=\"og:url\" content=\"https:\/\/www.manaus.am.gov.br\/semtepi\/atendimento\/prefeitura-levara-servicos-da-semtepi-a-todas-as-zonas-de-manaus-com-atendimento-itinerante\/\" \/>\n<meta property=\"og:site_name\" content=\"SEMTEPI\" \/>\n<meta property=\"article:published_time\" content=\"2023-01-06T20:30:00+00:00\" \/>\n<meta property=\"article:modified_time\" content=\"2023-04-26T13:30:50+00:00\" \/>\n<meta property=\"og:image\" content=\"https:\/\/www.manaus.am.gov.br\/semtepi\/wp-content\/uploads\/sites\/20\/2023\/04\/Prefeitura-levara-servicos-da-Semtepi-a-todas-as-zonas-de-Manaus-com-atendimento-itinerante.jpeg\" \/>\n\t<meta property=\"og:image:width\" content=\"1536\" \/>\n\t<meta property=\"og:image:height\" content=\"1152\" \/>\n\t<meta property=\"og:image:type\" content=\"image\/jpeg\" \/>\n<meta name=\"author\" content=\"Imarketing Digital\" \/>\n<meta name=\"twitter:card\" content=\"summary_large_image\" \/>\n<meta name=\"twitter:label1\" content=\"Written by\" \/>\n\t<meta name=\"twitter:data1\" content=\"Imarketing Digital\" \/>\n\t<meta name=\"twitter:label2\" content=\"Est. reading time\" \/>\n\t<meta name=\"twitter:data2\" content=\"2 minutos\" \/>\n<script type=\"application\/ld+json\" class=\"yoast-schema-graph\">{\"@context\":\"https:\/\/schema.org\",\"@graph\":[{\"@type\":\"Article\",\"@id\":\"https:\/\/www.manaus.am.gov.br\/semtepi\/atendimento\/prefeitura-levara-servicos-da-semtepi-a-todas-as-zonas-de-manaus-com-atendimento-itinerante\/#article\",\"isPartOf\":{\"@id\":\"https:\/\/www.manaus.am.gov.br\/semtepi\/atendimento\/prefeitura-levara-servicos-da-semtepi-a-todas-as-zonas-de-manaus-com-atendimento-itinerante\/\"},\"author\":{\"name\":\"Imarketing Digital\",\"@id\":\"https:\/\/www.manaus.am.gov.br\/semtepi\/#\/schema\/person\/79525a47ac5902f50493820d995728ee\"},\"headline\":\"Prefeitura levar\u00e1 servi\u00e7os da Semtepi a todas as zonas de Manaus com atendimento itinerante\",\"datePublished\":\"2023-01-06T20:30:00+00:00\",\"dateModified\":\"2023-04-26T13:30:50+00:00\",\"mainEntityOfPage\":{\"@id\":\"https:\/\/www.manaus.am.gov.br\/semtepi\/atendimento\/prefeitura-levara-servicos-da-semtepi-a-todas-as-zonas-de-manaus-com-atendimento-itinerante\/\"},\"wordCount\":251,\"publisher\":{\"@id\":\"https:\/\/www.manaus.am.gov.br\/semtepi\/#organization\"},\"image\":{\"@id\":\"https:\/\/www.manaus.am.gov.br\/semtepi\/atendimento\/prefeitura-levara-servicos-da-semtepi-a-todas-as-zonas-de-manaus-com-atendimento-itinerante\/#primaryimage\"},\"thumbnailUrl\":\"https:\/\/www.manaus.am.gov.br\/semtepi\/wp-content\/uploads\/sites\/20\/2023\/04\/Prefeitura-levara-servicos-da-Semtepi-a-todas-as-zonas-de-Manaus-com-atendimento-itinerante.jpeg\",\"articleSection\":[\"Atendimento\"],\"inLanguage\":\"pt-BR\"},{\"@type\":\"WebPage\",\"@id\":\"https:\/\/www.manaus.am.gov.br\/semtepi\/atendimento\/prefeitura-levara-servicos-da-semtepi-a-todas-as-zonas-de-manaus-com-atendimento-itinerante\/\",\"url\":\"https:\/\/www.manaus.am.gov.br\/semtepi\/atendimento\/prefeitura-levara-servicos-da-semtepi-a-todas-as-zonas-de-manaus-com-atendimento-itinerante\/\",\"name\":\"Prefeitura levar\u00e1 servi\u00e7os da Semtepi a todas as zonas de Manaus com atendimento itinerante - SEMTEPI\",\"isPartOf\":{\"@id\":\"https:\/\/www.manaus.am.gov.br\/semtepi\/#website\"},\"primaryImageOfPage\":{\"@id\":\"https:\/\/www.manaus.am.gov.br\/semtepi\/atendimento\/prefeitura-levara-servicos-da-semtepi-a-todas-as-zonas-de-manaus-com-atendimento-itinerante\/#primaryimage\"},\"image\":{\"@id\":\"https:\/\/www.manaus.am.gov.br\/semtepi\/atendimento\/prefeitura-levara-servicos-da-semtepi-a-todas-as-zonas-de-manaus-com-atendimento-itinerante\/#primaryimage\"},\"thumbnailUrl\":\"https:\/\/www.manaus.am.gov.br\/semtepi\/wp-content\/uploads\/sites\/20\/2023\/04\/Prefeitura-levara-servicos-da-Semtepi-a-todas-as-zonas-de-Manaus-com-atendimento-itinerante.jpeg\",\"datePublished\":\"2023-01-06T20:30:00+00:00\",\"dateModified\":\"2023-04-26T13:30:50+00:00\",\"breadcrumb\":{\"@id\":\"https:\/\/www.manaus.am.gov.br\/semtepi\/atendimento\/prefeitura-levara-servicos-da-semtepi-a-todas-as-zonas-de-manaus-com-atendimento-itinerante\/#breadcrumb\"},\"inLanguage\":\"pt-BR\",\"potentialAction\":[{\"@type\":\"ReadAction\",\"target\":[\"https:\/\/www.manaus.am.gov.br\/semtepi\/atendimento\/prefeitura-levara-servicos-da-semtepi-a-todas-as-zonas-de-manaus-com-atendimento-itinerante\/\"]}]},{\"@type\":\"ImageObject\",\"inLanguage\":\"pt-BR\",\"@id\":\"https:\/\/www.manaus.am.gov.br\/semtepi\/atendimento\/prefeitura-levara-servicos-da-semtepi-a-todas-as-zonas-de-manaus-com-atendimento-itinerante\/#primaryimage\",\"url\":\"https:\/\/www.manaus.am.gov.br\/semtepi\/wp-content\/uploads\/sites\/20\/2023\/04\/Prefeitura-levara-servicos-da-Semtepi-a-todas-as-zonas-de-Manaus-com-atendimento-itinerante.jpeg\",\"contentUrl\":\"https:\/\/www.manaus.am.gov.br\/semtepi\/wp-content\/uploads\/sites\/20\/2023\/04\/Prefeitura-levara-servicos-da-Semtepi-a-todas-as-zonas-de-Manaus-com-atendimento-itinerante.jpeg\",\"width\":1536,\"height\":1152,\"caption\":\"Prefeitura levar\u00e1 servi\u00e7os da Semtepi a todas as zonas de Manaus com atendimento itinerante\"},{\"@type\":\"BreadcrumbList\",\"@id\":\"https:\/\/www.manaus.am.gov.br\/semtepi\/atendimento\/prefeitura-levara-servicos-da-semtepi-a-todas-as-zonas-de-manaus-com-atendimento-itinerante\/#breadcrumb\",\"itemListElement\":[{\"@type\":\"ListItem\",\"position\":1,\"name\":\"Home\",\"item\":\"https:\/\/www.manaus.am.gov.br\/semtepi\/\"},{\"@type\":\"ListItem\",\"position\":2,\"name\":\"Prefeitura levar\u00e1 servi\u00e7os da Semtepi a todas as zonas de Manaus com atendimento itinerante\"}]},{\"@type\":\"WebSite\",\"@id\":\"https:\/\/www.manaus.am.gov.br\/semtepi\/#website\",\"url\":\"https:\/\/www.manaus.am.gov.br\/semtepi\/\",\"name\":\"SEMTEPI\",\"description\":\"Prefeitura de Manaus\",\"publisher\":{\"@id\":\"https:\/\/www.manaus.am.gov.br\/semtepi\/#organization\"},\"alternateName\":\"Secretaria Municipal do Trabalho, Empreendedorismo e Inova\u00e7\u00e3o\",\"potentialAction\":[{\"@type\":\"SearchAction\",\"target\":{\"@type\":\"EntryPoint\",\"urlTemplate\":\"https:\/\/www.manaus.am.gov.br\/semtepi\/?s={search_term_string}\"},\"query-input\":\"required name=search_term_string\"}],\"inLanguage\":\"pt-BR\"},{\"@type\":\"Organization\",\"@id\":\"https:\/\/www.manaus.am.gov.br\/semtepi\/#organization\",\"name\":\"Prefeitura Municipal de Manaus\",\"alternateName\":\"Prefeitura de Manaus\",\"url\":\"https:\/\/www.manaus.am.gov.br\/semtepi\/\",\"logo\":{\"@type\":\"ImageObject\",\"inLanguage\":\"pt-BR\",\"@id\":\"https:\/\/www.manaus.am.gov.br\/semtepi\/#\/schema\/logo\/image\/\",\"url\":\"https:\/\/www.manaus.am.gov.br\/semtepi\/wp-content\/uploads\/sites\/20\/2024\/07\/favicon.png\",\"contentUrl\":\"https:\/\/www.manaus.am.gov.br\/semtepi\/wp-content\/uploads\/sites\/20\/2024\/07\/favicon.png\",\"width\":300,\"height\":300,\"caption\":\"Prefeitura Municipal de Manaus\"},\"image\":{\"@id\":\"https:\/\/www.manaus.am.gov.br\/semtepi\/#\/schema\/logo\/image\/\"}},{\"@type\":\"Person\",\"@id\":\"https:\/\/www.manaus.am.gov.br\/semtepi\/#\/schema\/person\/79525a47ac5902f50493820d995728ee\",\"name\":\"Imarketing Digital\",\"image\":{\"@type\":\"ImageObject\",\"inLanguage\":\"pt-BR\",\"@id\":\"https:\/\/www.manaus.am.gov.br\/semtepi\/#\/schema\/person\/image\/\",\"url\":\"https:\/\/secure.gravatar.com\/avatar\/03432d3c57b756ed9760f7019c815a3a?s=96&d=mm&r=g\",\"contentUrl\":\"https:\/\/secure.gravatar.com\/avatar\/03432d3c57b756ed9760f7019c815a3a?s=96&d=mm&r=g\",\"caption\":\"Imarketing Digital\"}}]}<\/script>\n<!-- \/ Yoast SEO plugin. -->","yoast_head_json":{"title":"Prefeitura levar\u00e1 servi\u00e7os da Semtepi a todas as zonas de Manaus com atendimento itinerante - SEMTEPI","robots":{"index":"noindex","follow":"follow"},"og_locale":"pt_BR","og_type":"article","og_title":"Prefeitura levar\u00e1 servi\u00e7os da Semtepi a todas as zonas de Manaus com atendimento itinerante - SEMTEPI","og_url":"https:\/\/www.manaus.am.gov.br\/semtepi\/atendimento\/prefeitura-levara-servicos-da-semtepi-a-todas-as-zonas-de-manaus-com-atendimento-itinerante\/","og_site_name":"SEMTEPI","article_published_time":"2023-01-06T20:30:00+00:00","article_modified_time":"2023-04-26T13:30:50+00:00","og_image":[{"width":1536,"height":1152,"url":"https:\/\/www.manaus.am.gov.br\/semtepi\/wp-content\/uploads\/sites\/20\/2023\/04\/Prefeitura-levara-servicos-da-Semtepi-a-todas-as-zonas-de-Manaus-com-atendimento-itinerante.jpeg","type":"image\/jpeg"}],"author":"Imarketing Digital","twitter_card":"summary_large_image","twitter_misc":{"Written by":"Imarketing Digital","Est. reading time":"2 minutos"},"schema":{"@context":"https:\/\/schema.org","@graph":[{"@type":"Article","@id":"https:\/\/www.manaus.am.gov.br\/semtepi\/atendimento\/prefeitura-levara-servicos-da-semtepi-a-todas-as-zonas-de-manaus-com-atendimento-itinerante\/#article","isPartOf":{"@id":"https:\/\/www.manaus.am.gov.br\/semtepi\/atendimento\/prefeitura-levara-servicos-da-semtepi-a-todas-as-zonas-de-manaus-com-atendimento-itinerante\/"},"author":{"name":"Imarketing Digital","@id":"https:\/\/www.manaus.am.gov.br\/semtepi\/#\/schema\/person\/79525a47ac5902f50493820d995728ee"},"headline":"Prefeitura levar\u00e1 servi\u00e7os da Semtepi a todas as zonas de Manaus com atendimento itinerante","datePublished":"2023-01-06T20:30:00+00:00","dateModified":"2023-04-26T13:30:50+00:00","mainEntityOfPage":{"@id":"https:\/\/www.manaus.am.gov.br\/semtepi\/atendimento\/prefeitura-levara-servicos-da-semtepi-a-todas-as-zonas-de-manaus-com-atendimento-itinerante\/"},"wordCount":251,"publisher":{"@id":"https:\/\/www.manaus.am.gov.br\/semtepi\/#organization"},"image":{"@id":"https:\/\/www.manaus.am.gov.br\/semtepi\/atendimento\/prefeitura-levara-servicos-da-semtepi-a-todas-as-zonas-de-manaus-com-atendimento-itinerante\/#primaryimage"},"thumbnailUrl":"https:\/\/www.manaus.am.gov.br\/semtepi\/wp-content\/uploads\/sites\/20\/2023\/04\/Prefeitura-levara-servicos-da-Semtepi-a-todas-as-zonas-de-Manaus-com-atendimento-itinerante.jpeg","articleSection":["Atendimento"],"inLanguage":"pt-BR"},{"@type":"WebPage","@id":"https:\/\/www.manaus.am.gov.br\/semtepi\/atendimento\/prefeitura-levara-servicos-da-semtepi-a-todas-as-zonas-de-manaus-com-atendimento-itinerante\/","url":"https:\/\/www.manaus.am.gov.br\/semtepi\/atendimento\/prefeitura-levara-servicos-da-semtepi-a-todas-as-zonas-de-manaus-com-atendimento-itinerante\/","name":"Prefeitura levar\u00e1 servi\u00e7os da Semtepi a todas as zonas de Manaus com atendimento itinerante - SEMTEPI","isPartOf":{"@id":"https:\/\/www.manaus.am.gov.br\/semtepi\/#website"},"primaryImageOfPage":{"@id":"https:\/\/www.manaus.am.gov.br\/semtepi\/atendimento\/prefeitura-levara-servicos-da-semtepi-a-todas-as-zonas-de-manaus-com-atendimento-itinerante\/#primaryimage"},"image":{"@id":"https:\/\/www.manaus.am.gov.br\/semtepi\/atendimento\/prefeitura-levara-servicos-da-semtepi-a-todas-as-zonas-de-manaus-com-atendimento-itinerante\/#primaryimage"},"thumbnailUrl":"https:\/\/www.manaus.am.gov.br\/semtepi\/wp-content\/uploads\/sites\/20\/2023\/04\/Prefeitura-levara-servicos-da-Semtepi-a-todas-as-zonas-de-Manaus-com-atendimento-itinerante.jpeg","datePublished":"2023-01-06T20:30:00+00:00","dateModified":"2023-04-26T13:30:50+00:00","breadcrumb":{"@id":"https:\/\/www.manaus.am.gov.br\/semtepi\/atendimento\/prefeitura-levara-servicos-da-semtepi-a-todas-as-zonas-de-manaus-com-atendimento-itinerante\/#breadcrumb"},"inLanguage":"pt-BR","potentialAction":[{"@type":"ReadAction","target":["https:\/\/www.manaus.am.gov.br\/semtepi\/atendimento\/prefeitura-levara-servicos-da-semtepi-a-todas-as-zonas-de-manaus-com-atendimento-itinerante\/"]}]},{"@type":"ImageObject","inLanguage":"pt-BR","@id":"https:\/\/www.manaus.am.gov.br\/semtepi\/atendimento\/prefeitura-levara-servicos-da-semtepi-a-todas-as-zonas-de-manaus-com-atendimento-itinerante\/#primaryimage","url":"https:\/\/www.manaus.am.gov.br\/semtepi\/wp-content\/uploads\/sites\/20\/2023\/04\/Prefeitura-levara-servicos-da-Semtepi-a-todas-as-zonas-de-Manaus-com-atendimento-itinerante.jpeg","contentUrl":"https:\/\/www.manaus.am.gov.br\/semtepi\/wp-content\/uploads\/sites\/20\/2023\/04\/Prefeitura-levara-servicos-da-Semtepi-a-todas-as-zonas-de-Manaus-com-atendimento-itinerante.jpeg","width":1536,"height":1152,"caption":"Prefeitura levar\u00e1 servi\u00e7os da Semtepi a todas as zonas de Manaus com atendimento itinerante"},{"@type":"BreadcrumbList","@id":"https:\/\/www.manaus.am.gov.br\/semtepi\/atendimento\/prefeitura-levara-servicos-da-semtepi-a-todas-as-zonas-de-manaus-com-atendimento-itinerante\/#breadcrumb","itemListElement":[{"@type":"ListItem","position":1,"name":"Home","item":"https:\/\/www.manaus.am.gov.br\/semtepi\/"},{"@type":"ListItem","position":2,"name":"Prefeitura levar\u00e1 servi\u00e7os da Semtepi a todas as zonas de Manaus com atendimento itinerante"}]},{"@type":"WebSite","@id":"https:\/\/www.manaus.am.gov.br\/semtepi\/#website","url":"https:\/\/www.manaus.am.gov.br\/semtepi\/","name":"SEMTEPI","description":"Prefeitura de Manaus","publisher":{"@id":"https:\/\/www.manaus.am.gov.br\/semtepi\/#organization"},"alternateName":"Secretaria Municipal do Trabalho, Empreendedorismo e Inova\u00e7\u00e3o","potentialAction":[{"@type":"SearchAction","target":{"@type":"EntryPoint","urlTemplate":"https:\/\/www.manaus.am.gov.br\/semtepi\/?s={search_term_string}"},"query-input":"required name=search_term_string"}],"inLanguage":"pt-BR"},{"@type":"Organization","@id":"https:\/\/www.manaus.am.gov.br\/semtepi\/#organization","name":"Prefeitura Municipal de Manaus","alternateName":"Prefeitura de Manaus","url":"https:\/\/www.manaus.am.gov.br\/semtepi\/","logo":{"@type":"ImageObject","inLanguage":"pt-BR","@id":"https:\/\/www.manaus.am.gov.br\/semtepi\/#\/schema\/logo\/image\/","url":"https:\/\/www.manaus.am.gov.br\/semtepi\/wp-content\/uploads\/sites\/20\/2024\/07\/favicon.png","contentUrl":"https:\/\/www.manaus.am.gov.br\/semtepi\/wp-content\/uploads\/sites\/20\/2024\/07\/favicon.png","width":300,"height":300,"caption":"Prefeitura Municipal de Manaus"},"image":{"@id":"https:\/\/www.manaus.am.gov.br\/semtepi\/#\/schema\/logo\/image\/"}},{"@type":"Person","@id":"https:\/\/www.manaus.am.gov.br\/semtepi\/#\/schema\/person\/79525a47ac5902f50493820d995728ee","name":"Imarketing Digital","image":{"@type":"ImageObject","inLanguage":"pt-BR","@id":"https:\/\/www.manaus.am.gov.br\/semtepi\/#\/schema\/person\/image\/","url":"https:\/\/secure.gravatar.com\/avatar\/03432d3c57b756ed9760f7019c815a3a?s=96&d=mm&r=g","contentUrl":"https:\/\/secure.gravatar.com\/avatar\/03432d3c57b756ed9760f7019c815a3a?s=96&d=mm&r=g","caption":"Imarketing Digital"}}]}},"_links":{"self":[{"href":"https:\/\/www.manaus.am.gov.br\/semtepi\/wp-json\/wp\/v2\/posts\/1610"}],"collection":[{"href":"https:\/\/www.manaus.am.gov.br\/semtepi\/wp-json\/wp\/v2\/posts"}],"about":[{"href":"https:\/\/www.manaus.am.gov.br\/semtepi\/wp-json\/wp\/v2\/types\/post"}],"author":[{"embeddable":true,"href":"https:\/\/www.manaus.am.gov.br\/semtepi\/wp-json\/wp\/v2\/users\/27"}],"replies":[{"embeddable":true,"href":"https:\/\/www.manaus.am.gov.br\/semtepi\/wp-json\/wp\/v2\/comments?post=1610"}],"version-history":[{"count":0,"href":"https:\/\/www.manaus.am.gov.br\/semtepi\/wp-json\/wp\/v2\/posts\/1610\/revisions"}],"wp:featuredmedia":[{"embeddable":true,"href":"https:\/\/www.manaus.am.gov.br\/semtepi\/wp-json\/wp\/v2\/media\/1611"}],"wp:attachment":[{"href":"https:\/\/www.manaus.am.gov.br\/semtepi\/wp-json\/wp\/v2\/media?parent=1610"}],"wp:term":[{"taxonomy":"category","embeddable":true,"href":"https:\/\/www.manaus.am.gov.br\/semtepi\/wp-json\/wp\/v2\/categories?post=1610"},{"taxonomy":"post_tag","embeddable":true,"href":"https:\/\/www.manaus.am.gov.br\/semtepi\/wp-json\/wp\/v2\/tags?post=1610"}],"curies":[{"name":"wp","href":"https:\/\/api.w.org\/{rel}","templated":true}]}}