{"id":1608,"date":"2023-02-09T17:33:05","date_gmt":"2023-02-09T21:33:05","guid":{"rendered":"https:\/\/www.manaus.am.gov.br\/semtepi\/sem-categoria\/prefeitura-de-manaus-vai-inaugurar-semtepi-itinerante-com-servicos-no-viver-melhor\/"},"modified":"2023-04-26T09:30:23","modified_gmt":"2023-04-26T13:30:23","slug":"prefeitura-de-manaus-vai-inaugurar-semtepi-itinerante-com-servicos-no-viver-melhor","status":"publish","type":"post","link":"https:\/\/www.manaus.am.gov.br\/semtepi\/cidadania\/prefeitura-de-manaus-vai-inaugurar-semtepi-itinerante-com-servicos-no-viver-melhor\/","title":{"rendered":"Prefeitura de Manaus vai inaugurar \u2018Semtepi Itinerante\u2019 com servi\u00e7os no Viver Melhor"},"content":{"rendered":"\n<p>A Prefeitura de Manaus, por meio da Secretaria Municipal do Trabalho, Empreendedorismo e Inova\u00e7\u00e3o (Semtepi), promove, na pr\u00f3xima segunda-feira, 13\/2, a primeira a\u00e7\u00e3o com a van de servi\u00e7os itinerantes do \u00f3rg\u00e3o. A programa\u00e7\u00e3o ser\u00e1 realizada a partir das 8h, no residencial Viver Melhor, localizado na avenida da Conquista, bairro Lago Azul, zona Norte.<\/p>\n\n\n\n<p>No local, o \u201cSemtepi Itinerante\u201d ofertar\u00e1 cursos,&nbsp;<em>workshops<\/em>, oficinas pr\u00e1ticas, atendimento para artes\u00e3os e empreendedores, e servi\u00e7os do Sine Manaus com vagas de emprego direcionadas para o p\u00fablico da regi\u00e3o. Al\u00e9m disso, ser\u00e1 realizado um campeonato de&nbsp;<em>e-sports<\/em>, torneios de rob\u00f3tica e instru\u00e7\u00e3o para pilotagem de drone.<\/p>\n\n\n\n<p>\u201cN\u00f3s vamos atender os in\u00fameros pedidos que recebemos nos canais oficiais da Prefeitura de Manaus, levando essa programa\u00e7\u00e3o especial ao residencial Viver Melhor. Essa atividade ser\u00e1 recorrente, seguindo um cronograma agendado, a fim de atender outras regi\u00f5es de Manaus. A ideia \u00e9 levar servi\u00e7os, oportunidade de emprego e qualifica\u00e7\u00f5es profissionais\u201d, destacou o titular da Semtepi, Radyr J\u00fanior.<\/p>\n\n\n\n<p>Ser\u00e3o mais de cinco oficinas profissionalizantes, com os temas de&nbsp;design de sobrancelhas, barbearia profissional, produ\u00e7\u00e3o de pizzas, pilotagem de drone e rob\u00f3tica. No local, tamb\u00e9m ser\u00e1 feita a inscri\u00e7\u00e3o pr\u00e9via para o curso \u201cEmpretec\u201d, que \u00e9 voltado para empreendedores. Os participantes inscritos no site:&nbsp;<a href=\"https:\/\/linktr.ee\/semtepiitinerante\" target=\"_blank\" rel=\"noreferrer noopener\">https:\/\/linktr.ee\/semtepiitinerante<\/a>&nbsp;receber\u00e3o certifica\u00e7\u00e3o.<\/p>\n\n\n\n<p><strong>Confira a programa\u00e7\u00e3o completa<\/strong><\/p>\n\n\n\n<p>8h \u00e0s 15h \u2013 Atendimento do Sine Manaus.<\/p>\n\n\n\n<p>8h \u00e0s 15h \u2013 Consultoria de empreendedorismo com o Sebrae Amazonas.<\/p>\n\n\n\n<p>8h \u00e0s 15h \u2013 Inscri\u00e7\u00f5es para o curso Empretec.<\/p>\n\n\n\n<p>8h30 \u00e0s 9h \u2013 Palestra: Postura na entrevista de emprego.<\/p>\n\n\n\n<p>9h \u00e0s 9h30 \u2013 Palestra: Empreendedorismo como alternativa de renda.<\/p>\n\n\n\n<p>9h \u00e0s 14h \u2013 Oficina: M\u00e3o na Massa<\/p>\n\n\n\n<p>9h \u00e0s 11h \u2013 Campeonato de Free Fire (turma 1)<\/p>\n\n\n\n<p>13h \u00e0s 15h &#8211; Campeonato de Free Fire (turma 2)<\/p>\n\n\n\n<p>9h \u00e0s 11h \u2013 Oficina: Rob\u00f3tica para crian\u00e7as (turma 1)<\/p>\n\n\n\n<p>13h \u00e0s 15h \u2013 Oficina: Rob\u00f3tica para crian\u00e7as (turma 2)<\/p>\n\n\n\n<p>9h \u00e0s 11h \u2013 Pilotagem de drone (turma 1)<\/p>\n\n\n\n<p>13h \u00e0s 15h \u2013 Pilotagem de drones (turma 2)<\/p>\n\n\n\n<p>9h \u00e0s 11h \u2013 Barbearia profissional (turma 1)<\/p>\n\n\n\n<p>13h \u00e0s 15h \u2013 Barbearia profissional (turma 2)<\/p>\n\n\n\n<p>9h \u00e0s 11h \u2013 Design sobrancelhas (turma 1)<\/p>\n\n\n\n<p>13h \u00e0s 15h \u2013 Design sobrancelhas (turma 2)<\/p>\n\n\n\n<p>&#8212; &#8212; &#8212;&nbsp;<\/p>\n\n\n\n<p><strong>Texto \u2013&nbsp;<\/strong>Luiza Maria \/ Semtepi<\/p>\n\n\n\n<p><strong>Foto<\/strong>&nbsp;\u2013 Antonio Pereira \/ Arquivo Semcom<\/p>\n","protected":false},"excerpt":{"rendered":"","protected":false},"author":31,"featured_media":1609,"comment_status":"closed","ping_status":"closed","sticky":false,"template":"","format":"standard","meta":{"footnotes":""},"categories":[37],"tags":[40,41,45],"acf":[],"yoast_head":"<!-- This site is optimized with the Yoast SEO plugin v23.0 - https:\/\/yoast.com\/wordpress\/plugins\/seo\/ -->\n<title>Prefeitura de Manaus vai inaugurar \u2018Semtepi Itinerante\u2019 com servi\u00e7os no Viver Melhor - SEMTEPI<\/title>\n<meta name=\"robots\" content=\"noindex, follow\" \/>\n<meta property=\"og:locale\" content=\"pt_BR\" \/>\n<meta property=\"og:type\" content=\"article\" \/>\n<meta property=\"og:title\" content=\"Prefeitura de Manaus vai inaugurar \u2018Semtepi Itinerante\u2019 com servi\u00e7os no Viver Melhor - SEMTEPI\" \/>\n<meta property=\"og:url\" content=\"https:\/\/www.manaus.am.gov.br\/semtepi\/cidadania\/prefeitura-de-manaus-vai-inaugurar-semtepi-itinerante-com-servicos-no-viver-melhor\/\" \/>\n<meta property=\"og:site_name\" content=\"SEMTEPI\" \/>\n<meta property=\"article:published_time\" content=\"2023-02-09T21:33:05+00:00\" \/>\n<meta property=\"article:modified_time\" content=\"2023-04-26T13:30:23+00:00\" \/>\n<meta property=\"og:image\" content=\"https:\/\/www.manaus.am.gov.br\/semtepi\/wp-content\/uploads\/sites\/20\/2023\/04\/52637811110_df14645d4c_c.jpg\" \/>\n\t<meta property=\"og:image:width\" content=\"799\" \/>\n\t<meta property=\"og:image:height\" content=\"551\" \/>\n\t<meta property=\"og:image:type\" content=\"image\/jpeg\" \/>\n<meta name=\"author\" content=\"Renata Felix\" \/>\n<meta name=\"twitter:card\" content=\"summary_large_image\" \/>\n<meta name=\"twitter:label1\" content=\"Written by\" \/>\n\t<meta name=\"twitter:data1\" content=\"Renata Felix\" \/>\n\t<meta name=\"twitter:label2\" content=\"Est. reading time\" \/>\n\t<meta name=\"twitter:data2\" content=\"2 minutos\" \/>\n<script type=\"application\/ld+json\" class=\"yoast-schema-graph\">{\"@context\":\"https:\/\/schema.org\",\"@graph\":[{\"@type\":\"Article\",\"@id\":\"https:\/\/www.manaus.am.gov.br\/semtepi\/cidadania\/prefeitura-de-manaus-vai-inaugurar-semtepi-itinerante-com-servicos-no-viver-melhor\/#article\",\"isPartOf\":{\"@id\":\"https:\/\/www.manaus.am.gov.br\/semtepi\/cidadania\/prefeitura-de-manaus-vai-inaugurar-semtepi-itinerante-com-servicos-no-viver-melhor\/\"},\"author\":{\"name\":\"Renata Felix\",\"@id\":\"https:\/\/www.manaus.am.gov.br\/semtepi\/#\/schema\/person\/4eea2a8f78dc853097abb026f728aa06\"},\"headline\":\"Prefeitura de Manaus vai inaugurar \u2018Semtepi Itinerante\u2019 com servi\u00e7os no Viver Melhor\",\"datePublished\":\"2023-02-09T21:33:05+00:00\",\"dateModified\":\"2023-04-26T13:30:23+00:00\",\"mainEntityOfPage\":{\"@id\":\"https:\/\/www.manaus.am.gov.br\/semtepi\/cidadania\/prefeitura-de-manaus-vai-inaugurar-semtepi-itinerante-com-servicos-no-viver-melhor\/\"},\"wordCount\":399,\"publisher\":{\"@id\":\"https:\/\/www.manaus.am.gov.br\/semtepi\/#organization\"},\"image\":{\"@id\":\"https:\/\/www.manaus.am.gov.br\/semtepi\/cidadania\/prefeitura-de-manaus-vai-inaugurar-semtepi-itinerante-com-servicos-no-viver-melhor\/#primaryimage\"},\"thumbnailUrl\":\"https:\/\/www.manaus.am.gov.br\/semtepi\/wp-content\/uploads\/sites\/20\/2023\/04\/52637811110_df14645d4c_c.jpg\",\"keywords\":[\"Residencial Viver Melhor\",\"semtepi itinerante\",\"servi\u00e7os\"],\"articleSection\":[\"Cidadania\"],\"inLanguage\":\"pt-BR\"},{\"@type\":\"WebPage\",\"@id\":\"https:\/\/www.manaus.am.gov.br\/semtepi\/cidadania\/prefeitura-de-manaus-vai-inaugurar-semtepi-itinerante-com-servicos-no-viver-melhor\/\",\"url\":\"https:\/\/www.manaus.am.gov.br\/semtepi\/cidadania\/prefeitura-de-manaus-vai-inaugurar-semtepi-itinerante-com-servicos-no-viver-melhor\/\",\"name\":\"Prefeitura de Manaus vai inaugurar \u2018Semtepi Itinerante\u2019 com servi\u00e7os no Viver Melhor - SEMTEPI\",\"isPartOf\":{\"@id\":\"https:\/\/www.manaus.am.gov.br\/semtepi\/#website\"},\"primaryImageOfPage\":{\"@id\":\"https:\/\/www.manaus.am.gov.br\/semtepi\/cidadania\/prefeitura-de-manaus-vai-inaugurar-semtepi-itinerante-com-servicos-no-viver-melhor\/#primaryimage\"},\"image\":{\"@id\":\"https:\/\/www.manaus.am.gov.br\/semtepi\/cidadania\/prefeitura-de-manaus-vai-inaugurar-semtepi-itinerante-com-servicos-no-viver-melhor\/#primaryimage\"},\"thumbnailUrl\":\"https:\/\/www.manaus.am.gov.br\/semtepi\/wp-content\/uploads\/sites\/20\/2023\/04\/52637811110_df14645d4c_c.jpg\",\"datePublished\":\"2023-02-09T21:33:05+00:00\",\"dateModified\":\"2023-04-26T13:30:23+00:00\",\"breadcrumb\":{\"@id\":\"https:\/\/www.manaus.am.gov.br\/semtepi\/cidadania\/prefeitura-de-manaus-vai-inaugurar-semtepi-itinerante-com-servicos-no-viver-melhor\/#breadcrumb\"},\"inLanguage\":\"pt-BR\",\"potentialAction\":[{\"@type\":\"ReadAction\",\"target\":[\"https:\/\/www.manaus.am.gov.br\/semtepi\/cidadania\/prefeitura-de-manaus-vai-inaugurar-semtepi-itinerante-com-servicos-no-viver-melhor\/\"]}]},{\"@type\":\"ImageObject\",\"inLanguage\":\"pt-BR\",\"@id\":\"https:\/\/www.manaus.am.gov.br\/semtepi\/cidadania\/prefeitura-de-manaus-vai-inaugurar-semtepi-itinerante-com-servicos-no-viver-melhor\/#primaryimage\",\"url\":\"https:\/\/www.manaus.am.gov.br\/semtepi\/wp-content\/uploads\/sites\/20\/2023\/04\/52637811110_df14645d4c_c.jpg\",\"contentUrl\":\"https:\/\/www.manaus.am.gov.br\/semtepi\/wp-content\/uploads\/sites\/20\/2023\/04\/52637811110_df14645d4c_c.jpg\",\"width\":799,\"height\":551},{\"@type\":\"BreadcrumbList\",\"@id\":\"https:\/\/www.manaus.am.gov.br\/semtepi\/cidadania\/prefeitura-de-manaus-vai-inaugurar-semtepi-itinerante-com-servicos-no-viver-melhor\/#breadcrumb\",\"itemListElement\":[{\"@type\":\"ListItem\",\"position\":1,\"name\":\"Home\",\"item\":\"https:\/\/www.manaus.am.gov.br\/semtepi\/\"},{\"@type\":\"ListItem\",\"position\":2,\"name\":\"Prefeitura de Manaus vai inaugurar \u2018Semtepi Itinerante\u2019 com servi\u00e7os no Viver Melhor\"}]},{\"@type\":\"WebSite\",\"@id\":\"https:\/\/www.manaus.am.gov.br\/semtepi\/#website\",\"url\":\"https:\/\/www.manaus.am.gov.br\/semtepi\/\",\"name\":\"SEMTEPI\",\"description\":\"Prefeitura de Manaus\",\"publisher\":{\"@id\":\"https:\/\/www.manaus.am.gov.br\/semtepi\/#organization\"},\"alternateName\":\"Secretaria Municipal do Trabalho, Empreendedorismo e Inova\u00e7\u00e3o\",\"potentialAction\":[{\"@type\":\"SearchAction\",\"target\":{\"@type\":\"EntryPoint\",\"urlTemplate\":\"https:\/\/www.manaus.am.gov.br\/semtepi\/?s={search_term_string}\"},\"query-input\":\"required name=search_term_string\"}],\"inLanguage\":\"pt-BR\"},{\"@type\":\"Organization\",\"@id\":\"https:\/\/www.manaus.am.gov.br\/semtepi\/#organization\",\"name\":\"Prefeitura Municipal de Manaus\",\"alternateName\":\"Prefeitura de Manaus\",\"url\":\"https:\/\/www.manaus.am.gov.br\/semtepi\/\",\"logo\":{\"@type\":\"ImageObject\",\"inLanguage\":\"pt-BR\",\"@id\":\"https:\/\/www.manaus.am.gov.br\/semtepi\/#\/schema\/logo\/image\/\",\"url\":\"https:\/\/www.manaus.am.gov.br\/semtepi\/wp-content\/uploads\/sites\/20\/2024\/07\/favicon.png\",\"contentUrl\":\"https:\/\/www.manaus.am.gov.br\/semtepi\/wp-content\/uploads\/sites\/20\/2024\/07\/favicon.png\",\"width\":300,\"height\":300,\"caption\":\"Prefeitura Municipal de Manaus\"},\"image\":{\"@id\":\"https:\/\/www.manaus.am.gov.br\/semtepi\/#\/schema\/logo\/image\/\"}},{\"@type\":\"Person\",\"@id\":\"https:\/\/www.manaus.am.gov.br\/semtepi\/#\/schema\/person\/4eea2a8f78dc853097abb026f728aa06\",\"name\":\"Renata Felix\",\"image\":{\"@type\":\"ImageObject\",\"inLanguage\":\"pt-BR\",\"@id\":\"https:\/\/www.manaus.am.gov.br\/semtepi\/#\/schema\/person\/image\/\",\"url\":\"https:\/\/secure.gravatar.com\/avatar\/3c196cf9d3b837b24c8edb2c50fd8f29?s=96&d=mm&r=g\",\"contentUrl\":\"https:\/\/secure.gravatar.com\/avatar\/3c196cf9d3b837b24c8edb2c50fd8f29?s=96&d=mm&r=g\",\"caption\":\"Renata Felix\"}}]}<\/script>\n<!-- \/ Yoast SEO plugin. -->","yoast_head_json":{"title":"Prefeitura de Manaus vai inaugurar \u2018Semtepi Itinerante\u2019 com servi\u00e7os no Viver Melhor - SEMTEPI","robots":{"index":"noindex","follow":"follow"},"og_locale":"pt_BR","og_type":"article","og_title":"Prefeitura de Manaus vai inaugurar \u2018Semtepi Itinerante\u2019 com servi\u00e7os no Viver Melhor - SEMTEPI","og_url":"https:\/\/www.manaus.am.gov.br\/semtepi\/cidadania\/prefeitura-de-manaus-vai-inaugurar-semtepi-itinerante-com-servicos-no-viver-melhor\/","og_site_name":"SEMTEPI","article_published_time":"2023-02-09T21:33:05+00:00","article_modified_time":"2023-04-26T13:30:23+00:00","og_image":[{"width":799,"height":551,"url":"https:\/\/www.manaus.am.gov.br\/semtepi\/wp-content\/uploads\/sites\/20\/2023\/04\/52637811110_df14645d4c_c.jpg","type":"image\/jpeg"}],"author":"Renata Felix","twitter_card":"summary_large_image","twitter_misc":{"Written by":"Renata Felix","Est. reading time":"2 minutos"},"schema":{"@context":"https:\/\/schema.org","@graph":[{"@type":"Article","@id":"https:\/\/www.manaus.am.gov.br\/semtepi\/cidadania\/prefeitura-de-manaus-vai-inaugurar-semtepi-itinerante-com-servicos-no-viver-melhor\/#article","isPartOf":{"@id":"https:\/\/www.manaus.am.gov.br\/semtepi\/cidadania\/prefeitura-de-manaus-vai-inaugurar-semtepi-itinerante-com-servicos-no-viver-melhor\/"},"author":{"name":"Renata Felix","@id":"https:\/\/www.manaus.am.gov.br\/semtepi\/#\/schema\/person\/4eea2a8f78dc853097abb026f728aa06"},"headline":"Prefeitura de Manaus vai inaugurar \u2018Semtepi Itinerante\u2019 com servi\u00e7os no Viver Melhor","datePublished":"2023-02-09T21:33:05+00:00","dateModified":"2023-04-26T13:30:23+00:00","mainEntityOfPage":{"@id":"https:\/\/www.manaus.am.gov.br\/semtepi\/cidadania\/prefeitura-de-manaus-vai-inaugurar-semtepi-itinerante-com-servicos-no-viver-melhor\/"},"wordCount":399,"publisher":{"@id":"https:\/\/www.manaus.am.gov.br\/semtepi\/#organization"},"image":{"@id":"https:\/\/www.manaus.am.gov.br\/semtepi\/cidadania\/prefeitura-de-manaus-vai-inaugurar-semtepi-itinerante-com-servicos-no-viver-melhor\/#primaryimage"},"thumbnailUrl":"https:\/\/www.manaus.am.gov.br\/semtepi\/wp-content\/uploads\/sites\/20\/2023\/04\/52637811110_df14645d4c_c.jpg","keywords":["Residencial Viver Melhor","semtepi itinerante","servi\u00e7os"],"articleSection":["Cidadania"],"inLanguage":"pt-BR"},{"@type":"WebPage","@id":"https:\/\/www.manaus.am.gov.br\/semtepi\/cidadania\/prefeitura-de-manaus-vai-inaugurar-semtepi-itinerante-com-servicos-no-viver-melhor\/","url":"https:\/\/www.manaus.am.gov.br\/semtepi\/cidadania\/prefeitura-de-manaus-vai-inaugurar-semtepi-itinerante-com-servicos-no-viver-melhor\/","name":"Prefeitura de Manaus vai inaugurar \u2018Semtepi Itinerante\u2019 com servi\u00e7os no Viver Melhor - SEMTEPI","isPartOf":{"@id":"https:\/\/www.manaus.am.gov.br\/semtepi\/#website"},"primaryImageOfPage":{"@id":"https:\/\/www.manaus.am.gov.br\/semtepi\/cidadania\/prefeitura-de-manaus-vai-inaugurar-semtepi-itinerante-com-servicos-no-viver-melhor\/#primaryimage"},"image":{"@id":"https:\/\/www.manaus.am.gov.br\/semtepi\/cidadania\/prefeitura-de-manaus-vai-inaugurar-semtepi-itinerante-com-servicos-no-viver-melhor\/#primaryimage"},"thumbnailUrl":"https:\/\/www.manaus.am.gov.br\/semtepi\/wp-content\/uploads\/sites\/20\/2023\/04\/52637811110_df14645d4c_c.jpg","datePublished":"2023-02-09T21:33:05+00:00","dateModified":"2023-04-26T13:30:23+00:00","breadcrumb":{"@id":"https:\/\/www.manaus.am.gov.br\/semtepi\/cidadania\/prefeitura-de-manaus-vai-inaugurar-semtepi-itinerante-com-servicos-no-viver-melhor\/#breadcrumb"},"inLanguage":"pt-BR","potentialAction":[{"@type":"ReadAction","target":["https:\/\/www.manaus.am.gov.br\/semtepi\/cidadania\/prefeitura-de-manaus-vai-inaugurar-semtepi-itinerante-com-servicos-no-viver-melhor\/"]}]},{"@type":"ImageObject","inLanguage":"pt-BR","@id":"https:\/\/www.manaus.am.gov.br\/semtepi\/cidadania\/prefeitura-de-manaus-vai-inaugurar-semtepi-itinerante-com-servicos-no-viver-melhor\/#primaryimage","url":"https:\/\/www.manaus.am.gov.br\/semtepi\/wp-content\/uploads\/sites\/20\/2023\/04\/52637811110_df14645d4c_c.jpg","contentUrl":"https:\/\/www.manaus.am.gov.br\/semtepi\/wp-content\/uploads\/sites\/20\/2023\/04\/52637811110_df14645d4c_c.jpg","width":799,"height":551},{"@type":"BreadcrumbList","@id":"https:\/\/www.manaus.am.gov.br\/semtepi\/cidadania\/prefeitura-de-manaus-vai-inaugurar-semtepi-itinerante-com-servicos-no-viver-melhor\/#breadcrumb","itemListElement":[{"@type":"ListItem","position":1,"name":"Home","item":"https:\/\/www.manaus.am.gov.br\/semtepi\/"},{"@type":"ListItem","position":2,"name":"Prefeitura de Manaus vai inaugurar \u2018Semtepi Itinerante\u2019 com servi\u00e7os no Viver Melhor"}]},{"@type":"WebSite","@id":"https:\/\/www.manaus.am.gov.br\/semtepi\/#website","url":"https:\/\/www.manaus.am.gov.br\/semtepi\/","name":"SEMTEPI","description":"Prefeitura de Manaus","publisher":{"@id":"https:\/\/www.manaus.am.gov.br\/semtepi\/#organization"},"alternateName":"Secretaria Municipal do Trabalho, Empreendedorismo e Inova\u00e7\u00e3o","potentialAction":[{"@type":"SearchAction","target":{"@type":"EntryPoint","urlTemplate":"https:\/\/www.manaus.am.gov.br\/semtepi\/?s={search_term_string}"},"query-input":"required name=search_term_string"}],"inLanguage":"pt-BR"},{"@type":"Organization","@id":"https:\/\/www.manaus.am.gov.br\/semtepi\/#organization","name":"Prefeitura Municipal de Manaus","alternateName":"Prefeitura de Manaus","url":"https:\/\/www.manaus.am.gov.br\/semtepi\/","logo":{"@type":"ImageObject","inLanguage":"pt-BR","@id":"https:\/\/www.manaus.am.gov.br\/semtepi\/#\/schema\/logo\/image\/","url":"https:\/\/www.manaus.am.gov.br\/semtepi\/wp-content\/uploads\/sites\/20\/2024\/07\/favicon.png","contentUrl":"https:\/\/www.manaus.am.gov.br\/semtepi\/wp-content\/uploads\/sites\/20\/2024\/07\/favicon.png","width":300,"height":300,"caption":"Prefeitura Municipal de Manaus"},"image":{"@id":"https:\/\/www.manaus.am.gov.br\/semtepi\/#\/schema\/logo\/image\/"}},{"@type":"Person","@id":"https:\/\/www.manaus.am.gov.br\/semtepi\/#\/schema\/person\/4eea2a8f78dc853097abb026f728aa06","name":"Renata Felix","image":{"@type":"ImageObject","inLanguage":"pt-BR","@id":"https:\/\/www.manaus.am.gov.br\/semtepi\/#\/schema\/person\/image\/","url":"https:\/\/secure.gravatar.com\/avatar\/3c196cf9d3b837b24c8edb2c50fd8f29?s=96&d=mm&r=g","contentUrl":"https:\/\/secure.gravatar.com\/avatar\/3c196cf9d3b837b24c8edb2c50fd8f29?s=96&d=mm&r=g","caption":"Renata Felix"}}]}},"_links":{"self":[{"href":"https:\/\/www.manaus.am.gov.br\/semtepi\/wp-json\/wp\/v2\/posts\/1608"}],"collection":[{"href":"https:\/\/www.manaus.am.gov.br\/semtepi\/wp-json\/wp\/v2\/posts"}],"about":[{"href":"https:\/\/www.manaus.am.gov.br\/semtepi\/wp-json\/wp\/v2\/types\/post"}],"author":[{"embeddable":true,"href":"https:\/\/www.manaus.am.gov.br\/semtepi\/wp-json\/wp\/v2\/users\/31"}],"replies":[{"embeddable":true,"href":"https:\/\/www.manaus.am.gov.br\/semtepi\/wp-json\/wp\/v2\/comments?post=1608"}],"version-history":[{"count":0,"href":"https:\/\/www.manaus.am.gov.br\/semtepi\/wp-json\/wp\/v2\/posts\/1608\/revisions"}],"wp:featuredmedia":[{"embeddable":true,"href":"https:\/\/www.manaus.am.gov.br\/semtepi\/wp-json\/wp\/v2\/media\/1609"}],"wp:attachment":[{"href":"https:\/\/www.manaus.am.gov.br\/semtepi\/wp-json\/wp\/v2\/media?parent=1608"}],"wp:term":[{"taxonomy":"category","embeddable":true,"href":"https:\/\/www.manaus.am.gov.br\/semtepi\/wp-json\/wp\/v2\/categories?post=1608"},{"taxonomy":"post_tag","embeddable":true,"href":"https:\/\/www.manaus.am.gov.br\/semtepi\/wp-json\/wp\/v2\/tags?post=1608"}],"curies":[{"name":"wp","href":"https:\/\/api.w.org\/{rel}","templated":true}]}}