{"id":3222,"date":"2026-09-04T12:46:10","date_gmt":"2026-09-04T16:46:10","guid":{"rendered":"https:\/\/www.manaus.am.gov.br\/semseg\/prefeitura-guardamunicipal-seguranca-agosto\/"},"modified":"2026-09-04T12:46:11","modified_gmt":"2026-09-04T16:46:11","slug":"prefeitura-guardamunicipal-seguranca-agosto","status":"publish","type":"post","link":"https:\/\/www.manaus.am.gov.br\/semseg\/prefeitura-guardamunicipal-seguranca-agosto\/","title":{"rendered":"Prefeitura de Manaus contabiliza mais de mil a\u00e7\u00f5es de seguran\u00e7a no m\u00eas de agosto"},"content":{"rendered":"\n<p>A Prefeitura de Manaus, por meio da Secretaria Municipal de Seguran\u00e7a P\u00fablica e Defesa Social (Semseg), apresenta balan\u00e7o de agosto, com 1.103 a\u00e7\u00f5es ostensivas e preventivas da Guarda Municipal de Manaus (GMM) na capital. O n\u00famero inclui atividades dos N\u00facleos Operacionais (Nuops), assim como das unidades especializadas do Patrulhamento Ambiental (Patam), da Ronda Ostensiva Municipal (Romu) e da Guardi\u00e3&nbsp;Maria da Penha.<\/p>\n\n\n\n<p>Os Nuops, localizados nas zonas Sul, Leste e Oeste, apresentaram 541 atividades operacionais, envolvendo abordagens em fundada suspeita, abordagem a motos, atendimento de ocorr\u00eancias via central, condu\u00e7\u00f5es \u00e0 delegacia e pris\u00f5es. As equipes tamb\u00e9m prestaram apoio a outros \u00f3rg\u00e3os e refor\u00e7aram a seguran\u00e7a em ocorr\u00eancias de acidentes de tr\u00e2nsito.<\/p>\n\n\n\n<p>A Ronda Ostensiva Municipal (Romu) atuou em 248 a\u00e7\u00f5es, como abordagem a coletivos, evitando roubos e furtos, pris\u00f5es e capturas de mandados de pris\u00e3o em aberto, al\u00e9m de recuperar aparelhos celulares.&nbsp;A unidade tamb\u00e9m atuou na ordem e na prote\u00e7\u00e3o dos principais pontos tur\u00edsticos e realizou patrulhamento preventivo nos terminais 3 e 4, na zona Norte da capital.<\/p>\n\n\n\n<p>A Guardi\u00e3 Maria da Penha (GMP) apresentou resultados com 193 atividades, como fiscaliza\u00e7\u00f5es e encaminhamentos de medidas protetivas, visitas solid\u00e1rias, acompanhamentos de assistidas, apoios operacionais, al\u00e9m da implementa\u00e7\u00e3o do Bot\u00e3o do P\u00e2nico, cumprimentos de ordens de servi\u00e7o, apoio a outras institui\u00e7\u00f5es e patrulhamentos preventivos.&nbsp;<\/p>\n\n\n\n<p>O Patrulhamento Ambiental (Patam) refor\u00e7ou atua\u00e7\u00f5es preventivas e operacionais em 121 ocorr\u00eancias, como resgates de animais, patrulhamento preventivo, ordens de servi\u00e7os, presta\u00e7\u00e3o de socorro, den\u00fancia de polui\u00e7\u00e3o sonora, apoio a outras bases, den\u00fancias de queimada, invas\u00e3o, presta\u00e7\u00e3o de socorro em acidentes de tr\u00e2nsito e encaminhamentos \u00e0 delegacia.&nbsp;<\/p>\n\n\n\n<p>A Guarda Municipal refor\u00e7a o compromisso de manter a ordem p\u00fablica e a seguran\u00e7a da popula\u00e7\u00e3o manauara.&nbsp;<\/p>\n\n\n\n<p>&#8212; &#8212; &#8212;<\/p>\n\n\n\n<p><strong>Texto\u00a0<\/strong>\u2013 Divulga\u00e7\u00e3o\/Semseg<\/p>\n","protected":false},"excerpt":{"rendered":"","protected":false},"author":23,"featured_media":2778,"comment_status":"closed","ping_status":"closed","sticky":false,"template":"","format":"standard","meta":{"footnotes":""},"categories":[84],"tags":[1241,1067,49,15,9],"acf":[],"yoast_head":"<!-- This site is optimized with the Yoast SEO plugin v23.0 - https:\/\/yoast.com\/wordpress\/plugins\/seo\/ -->\n<title>Prefeitura de Manaus contabiliza mais de mil a\u00e7\u00f5es de seguran\u00e7a no m\u00eas de agosto<\/title>\n<meta name=\"description\" content=\"A Prefeitura de Manaus, por meio da Secretaria Municipal de Seguran\u00e7a P\u00fablica e Defesa Social (Semseg), apresenta balan\u00e7o de agosto, com 1.103 a\u00e7\u00f5es ostensivas e preventivas da Guarda Municipal de Manaus (GMM) na capital.\" \/>\n<meta name=\"robots\" content=\"noindex, follow\" \/>\n<meta property=\"og:locale\" content=\"pt_BR\" \/>\n<meta property=\"og:type\" content=\"article\" \/>\n<meta property=\"og:title\" content=\"Prefeitura de Manaus contabiliza mais de mil a\u00e7\u00f5es de seguran\u00e7a no m\u00eas de agosto\" \/>\n<meta property=\"og:description\" content=\"A Prefeitura de Manaus, por meio da Secretaria Municipal de Seguran\u00e7a P\u00fablica e Defesa Social (Semseg), apresenta balan\u00e7o de agosto, com 1.103 a\u00e7\u00f5es ostensivas e preventivas da Guarda Municipal de Manaus (GMM) na capital.\" \/>\n<meta property=\"og:url\" content=\"https:\/\/www.manaus.am.gov.br\/semseg\/prefeitura-guardamunicipal-seguranca-agosto\/\" \/>\n<meta property=\"og:site_name\" content=\"SEMSEG\" \/>\n<meta property=\"article:published_time\" content=\"2026-09-04T16:46:10+00:00\" \/>\n<meta property=\"article:modified_time\" content=\"2026-09-04T16:46:11+00:00\" \/>\n<meta property=\"og:image\" content=\"https:\/\/www.manaus.am.gov.br\/semseg\/wp-content\/uploads\/sites\/25\/2026\/05\/NOTA-BANNER-SITE.png\" \/>\n\t<meta property=\"og:image:width\" content=\"900\" \/>\n\t<meta property=\"og:image:height\" content=\"509\" \/>\n\t<meta property=\"og:image:type\" content=\"image\/png\" \/>\n<meta name=\"author\" content=\"Adriana Costa\" \/>\n<meta name=\"twitter:card\" content=\"summary_large_image\" \/>\n<meta name=\"twitter:label1\" content=\"Written by\" \/>\n\t<meta name=\"twitter:data1\" content=\"Adriana Costa\" \/>\n\t<meta name=\"twitter:label2\" content=\"Est. reading time\" \/>\n\t<meta name=\"twitter:data2\" content=\"2 minutos\" \/>\n<script type=\"application\/ld+json\" class=\"yoast-schema-graph\">{\"@context\":\"https:\/\/schema.org\",\"@graph\":[{\"@type\":\"WebPage\",\"@id\":\"https:\/\/www.manaus.am.gov.br\/semseg\/prefeitura-guardamunicipal-seguranca-agosto\/\",\"url\":\"https:\/\/www.manaus.am.gov.br\/semseg\/prefeitura-guardamunicipal-seguranca-agosto\/\",\"name\":\"Prefeitura de Manaus contabiliza mais de mil a\u00e7\u00f5es de seguran\u00e7a no m\u00eas de agosto\",\"isPartOf\":{\"@id\":\"https:\/\/www.manaus.am.gov.br\/semseg\/#website\"},\"primaryImageOfPage\":{\"@id\":\"https:\/\/www.manaus.am.gov.br\/semseg\/prefeitura-guardamunicipal-seguranca-agosto\/#primaryimage\"},\"image\":{\"@id\":\"https:\/\/www.manaus.am.gov.br\/semseg\/prefeitura-guardamunicipal-seguranca-agosto\/#primaryimage\"},\"thumbnailUrl\":\"https:\/\/www.manaus.am.gov.br\/semseg\/wp-content\/uploads\/sites\/25\/2026\/05\/NOTA-BANNER-SITE.png\",\"datePublished\":\"2026-09-04T16:46:10+00:00\",\"dateModified\":\"2026-09-04T16:46:11+00:00\",\"author\":{\"@id\":\"https:\/\/www.manaus.am.gov.br\/semseg\/#\/schema\/person\/4e49f4e267757a06ca072ec61b2b9968\"},\"description\":\"A Prefeitura de Manaus, por meio da Secretaria Municipal de Seguran\u00e7a P\u00fablica e Defesa Social (Semseg), apresenta balan\u00e7o de agosto, com 1.103 a\u00e7\u00f5es ostensivas e preventivas da Guarda Municipal de Manaus (GMM) na capital.\",\"breadcrumb\":{\"@id\":\"https:\/\/www.manaus.am.gov.br\/semseg\/prefeitura-guardamunicipal-seguranca-agosto\/#breadcrumb\"},\"inLanguage\":\"pt-BR\",\"potentialAction\":[{\"@type\":\"ReadAction\",\"target\":[\"https:\/\/www.manaus.am.gov.br\/semseg\/prefeitura-guardamunicipal-seguranca-agosto\/\"]}]},{\"@type\":\"ImageObject\",\"inLanguage\":\"pt-BR\",\"@id\":\"https:\/\/www.manaus.am.gov.br\/semseg\/prefeitura-guardamunicipal-seguranca-agosto\/#primaryimage\",\"url\":\"https:\/\/www.manaus.am.gov.br\/semseg\/wp-content\/uploads\/sites\/25\/2026\/05\/NOTA-BANNER-SITE.png\",\"contentUrl\":\"https:\/\/www.manaus.am.gov.br\/semseg\/wp-content\/uploads\/sites\/25\/2026\/05\/NOTA-BANNER-SITE.png\",\"width\":900,\"height\":509},{\"@type\":\"BreadcrumbList\",\"@id\":\"https:\/\/www.manaus.am.gov.br\/semseg\/prefeitura-guardamunicipal-seguranca-agosto\/#breadcrumb\",\"itemListElement\":[{\"@type\":\"ListItem\",\"position\":1,\"name\":\"Home\",\"item\":\"https:\/\/www.manaus.am.gov.br\/semseg\/\"},{\"@type\":\"ListItem\",\"position\":2,\"name\":\"Prefeitura de Manaus contabiliza mais de mil a\u00e7\u00f5es de seguran\u00e7a no m\u00eas de agosto\"}]},{\"@type\":\"WebSite\",\"@id\":\"https:\/\/www.manaus.am.gov.br\/semseg\/#website\",\"url\":\"https:\/\/www.manaus.am.gov.br\/semseg\/\",\"name\":\"SEMSEG\",\"description\":\"Prefeitura de Manaus\",\"potentialAction\":[{\"@type\":\"SearchAction\",\"target\":{\"@type\":\"EntryPoint\",\"urlTemplate\":\"https:\/\/www.manaus.am.gov.br\/semseg\/?s={search_term_string}\"},\"query-input\":\"required name=search_term_string\"}],\"inLanguage\":\"pt-BR\"},{\"@type\":\"Person\",\"@id\":\"https:\/\/www.manaus.am.gov.br\/semseg\/#\/schema\/person\/4e49f4e267757a06ca072ec61b2b9968\",\"name\":\"Adriana Costa\",\"image\":{\"@type\":\"ImageObject\",\"inLanguage\":\"pt-BR\",\"@id\":\"https:\/\/www.manaus.am.gov.br\/semseg\/#\/schema\/person\/image\/\",\"url\":\"https:\/\/secure.gravatar.com\/avatar\/576258617ef7194f718179e766d57bd4?s=96&d=mm&r=g\",\"contentUrl\":\"https:\/\/secure.gravatar.com\/avatar\/576258617ef7194f718179e766d57bd4?s=96&d=mm&r=g\",\"caption\":\"Adriana Costa\"}}]}<\/script>\n<!-- \/ Yoast SEO plugin. -->","yoast_head_json":{"title":"Prefeitura de Manaus contabiliza mais de mil a\u00e7\u00f5es de seguran\u00e7a no m\u00eas de agosto","description":"A Prefeitura de Manaus, por meio da Secretaria Municipal de Seguran\u00e7a P\u00fablica e Defesa Social (Semseg), apresenta balan\u00e7o de agosto, com 1.103 a\u00e7\u00f5es ostensivas e preventivas da Guarda Municipal de Manaus (GMM) na capital.","robots":{"index":"noindex","follow":"follow"},"og_locale":"pt_BR","og_type":"article","og_title":"Prefeitura de Manaus contabiliza mais de mil a\u00e7\u00f5es de seguran\u00e7a no m\u00eas de agosto","og_description":"A Prefeitura de Manaus, por meio da Secretaria Municipal de Seguran\u00e7a P\u00fablica e Defesa Social (Semseg), apresenta balan\u00e7o de agosto, com 1.103 a\u00e7\u00f5es ostensivas e preventivas da Guarda Municipal de Manaus (GMM) na capital.","og_url":"https:\/\/www.manaus.am.gov.br\/semseg\/prefeitura-guardamunicipal-seguranca-agosto\/","og_site_name":"SEMSEG","article_published_time":"2026-09-04T16:46:10+00:00","article_modified_time":"2026-09-04T16:46:11+00:00","og_image":[{"width":900,"height":509,"url":"https:\/\/www.manaus.am.gov.br\/semseg\/wp-content\/uploads\/sites\/25\/2026\/05\/NOTA-BANNER-SITE.png","type":"image\/png"}],"author":"Adriana Costa","twitter_card":"summary_large_image","twitter_misc":{"Written by":"Adriana Costa","Est. reading time":"2 minutos"},"schema":{"@context":"https:\/\/schema.org","@graph":[{"@type":"WebPage","@id":"https:\/\/www.manaus.am.gov.br\/semseg\/prefeitura-guardamunicipal-seguranca-agosto\/","url":"https:\/\/www.manaus.am.gov.br\/semseg\/prefeitura-guardamunicipal-seguranca-agosto\/","name":"Prefeitura de Manaus contabiliza mais de mil a\u00e7\u00f5es de seguran\u00e7a no m\u00eas de agosto","isPartOf":{"@id":"https:\/\/www.manaus.am.gov.br\/semseg\/#website"},"primaryImageOfPage":{"@id":"https:\/\/www.manaus.am.gov.br\/semseg\/prefeitura-guardamunicipal-seguranca-agosto\/#primaryimage"},"image":{"@id":"https:\/\/www.manaus.am.gov.br\/semseg\/prefeitura-guardamunicipal-seguranca-agosto\/#primaryimage"},"thumbnailUrl":"https:\/\/www.manaus.am.gov.br\/semseg\/wp-content\/uploads\/sites\/25\/2026\/05\/NOTA-BANNER-SITE.png","datePublished":"2026-09-04T16:46:10+00:00","dateModified":"2026-09-04T16:46:11+00:00","author":{"@id":"https:\/\/www.manaus.am.gov.br\/semseg\/#\/schema\/person\/4e49f4e267757a06ca072ec61b2b9968"},"description":"A Prefeitura de Manaus, por meio da Secretaria Municipal de Seguran\u00e7a P\u00fablica e Defesa Social (Semseg), apresenta balan\u00e7o de agosto, com 1.103 a\u00e7\u00f5es ostensivas e preventivas da Guarda Municipal de Manaus (GMM) na capital.","breadcrumb":{"@id":"https:\/\/www.manaus.am.gov.br\/semseg\/prefeitura-guardamunicipal-seguranca-agosto\/#breadcrumb"},"inLanguage":"pt-BR","potentialAction":[{"@type":"ReadAction","target":["https:\/\/www.manaus.am.gov.br\/semseg\/prefeitura-guardamunicipal-seguranca-agosto\/"]}]},{"@type":"ImageObject","inLanguage":"pt-BR","@id":"https:\/\/www.manaus.am.gov.br\/semseg\/prefeitura-guardamunicipal-seguranca-agosto\/#primaryimage","url":"https:\/\/www.manaus.am.gov.br\/semseg\/wp-content\/uploads\/sites\/25\/2026\/05\/NOTA-BANNER-SITE.png","contentUrl":"https:\/\/www.manaus.am.gov.br\/semseg\/wp-content\/uploads\/sites\/25\/2026\/05\/NOTA-BANNER-SITE.png","width":900,"height":509},{"@type":"BreadcrumbList","@id":"https:\/\/www.manaus.am.gov.br\/semseg\/prefeitura-guardamunicipal-seguranca-agosto\/#breadcrumb","itemListElement":[{"@type":"ListItem","position":1,"name":"Home","item":"https:\/\/www.manaus.am.gov.br\/semseg\/"},{"@type":"ListItem","position":2,"name":"Prefeitura de Manaus contabiliza mais de mil a\u00e7\u00f5es de seguran\u00e7a no m\u00eas de agosto"}]},{"@type":"WebSite","@id":"https:\/\/www.manaus.am.gov.br\/semseg\/#website","url":"https:\/\/www.manaus.am.gov.br\/semseg\/","name":"SEMSEG","description":"Prefeitura de Manaus","potentialAction":[{"@type":"SearchAction","target":{"@type":"EntryPoint","urlTemplate":"https:\/\/www.manaus.am.gov.br\/semseg\/?s={search_term_string}"},"query-input":"required name=search_term_string"}],"inLanguage":"pt-BR"},{"@type":"Person","@id":"https:\/\/www.manaus.am.gov.br\/semseg\/#\/schema\/person\/4e49f4e267757a06ca072ec61b2b9968","name":"Adriana Costa","image":{"@type":"ImageObject","inLanguage":"pt-BR","@id":"https:\/\/www.manaus.am.gov.br\/semseg\/#\/schema\/person\/image\/","url":"https:\/\/secure.gravatar.com\/avatar\/576258617ef7194f718179e766d57bd4?s=96&d=mm&r=g","contentUrl":"https:\/\/secure.gravatar.com\/avatar\/576258617ef7194f718179e766d57bd4?s=96&d=mm&r=g","caption":"Adriana Costa"}}]}},"_links":{"self":[{"href":"https:\/\/www.manaus.am.gov.br\/semseg\/wp-json\/wp\/v2\/posts\/3222"}],"collection":[{"href":"https:\/\/www.manaus.am.gov.br\/semseg\/wp-json\/wp\/v2\/posts"}],"about":[{"href":"https:\/\/www.manaus.am.gov.br\/semseg\/wp-json\/wp\/v2\/types\/post"}],"author":[{"embeddable":true,"href":"https:\/\/www.manaus.am.gov.br\/semseg\/wp-json\/wp\/v2\/users\/23"}],"replies":[{"embeddable":true,"href":"https:\/\/www.manaus.am.gov.br\/semseg\/wp-json\/wp\/v2\/comments?post=3222"}],"version-history":[{"count":0,"href":"https:\/\/www.manaus.am.gov.br\/semseg\/wp-json\/wp\/v2\/posts\/3222\/revisions"}],"wp:featuredmedia":[{"embeddable":true,"href":"https:\/\/www.manaus.am.gov.br\/semseg\/wp-json\/wp\/v2\/media\/2778"}],"wp:attachment":[{"href":"https:\/\/www.manaus.am.gov.br\/semseg\/wp-json\/wp\/v2\/media?parent=3222"}],"wp:term":[{"taxonomy":"category","embeddable":true,"href":"https:\/\/www.manaus.am.gov.br\/semseg\/wp-json\/wp\/v2\/categories?post=3222"},{"taxonomy":"post_tag","embeddable":true,"href":"https:\/\/www.manaus.am.gov.br\/semseg\/wp-json\/wp\/v2\/tags?post=3222"}],"curies":[{"name":"wp","href":"https:\/\/api.w.org\/{rel}","templated":true}]}}