{"id":3217,"date":"2026-09-01T14:12:28","date_gmt":"2026-09-01T18:12:28","guid":{"rendered":"https:\/\/www.manaus.am.gov.br\/semseg\/prefeitura-sgb-vazante\/"},"modified":"2026-09-01T14:23:20","modified_gmt":"2026-09-01T18:23:20","slug":"prefeitura-sgb-vazante","status":"publish","type":"post","link":"https:\/\/www.manaus.am.gov.br\/semseg\/prefeitura-sgb-vazante\/","title":{"rendered":"Prefeitura de Manaus participa de evento do Servi\u00e7o Geol\u00f3gico do Brasil sobre cen\u00e1rio de vazante no Amazonas"},"content":{"rendered":"\n<p>A <a href=\"https:\/\/www.manaus.am.gov.br\/\">Prefeitura de Manaus<\/a>, por meio da Secretaria Executiva de Prote\u00e7\u00e3o e Defesa Civil Municipal (Sepdec), vinculada \u00e0 <a href=\"https:\/\/www.instagram.com\/semsegmanaus\/\">Secretaria Municipal de Seguran\u00e7a P\u00fablica e Defesa Social<\/a> (Semseg), participou, nesta ter\u00e7a-feira, 1\u00ba\/9, do evento \u201cAlerta de Vazante\u201d, promovido pelo Servi\u00e7o Geol\u00f3gico do Brasil (SGB), na capital amazonense. O encontro apresentou proje\u00e7\u00f5es dos n\u00edveis dos principais rios da regi\u00e3o para o per\u00edodo de estiagem, al\u00e9m de informa\u00e7\u00f5es sobre o monitoramento hidrol\u00f3gico e os progn\u00f3sticos clim\u00e1ticos para o per\u00edodo de seca na capital e no Amazonas.<\/p>\n\n\n\n<p>Realizado no audit\u00f3rio do SGB Manaus, o evento reuniu representantes de institui\u00e7\u00f5es que atuam no monitoramento das condi\u00e7\u00f5es hidrol\u00f3gicas e meteorol\u00f3gicas da regi\u00e3o, promovendo a troca de informa\u00e7\u00f5es t\u00e9cnicas e o alinhamento de dados sobre o cen\u00e1rio de vazante.<\/p>\n\n\n\n<p>O secret\u00e1rio-executivo de Prote\u00e7\u00e3o e Defesa Civil Municipal, coronel Lima J\u00fanior, participou do encontro acompanhado por servidores da Defesa Civil Municipal, entre meteorologistas, engenheiros e estagi\u00e1rios de meteorologia, que integram as equipes respons\u00e1veis pelo monitoramento e an\u00e1lise dos cen\u00e1rios meteorol\u00f3gicos e hidrol\u00f3gicos do munic\u00edpio.<\/p>\n\n\n\n<p>A participa\u00e7\u00e3o da Defesa Civil Municipal refor\u00e7ou a import\u00e2ncia da atua\u00e7\u00e3o integrada entre os \u00f3rg\u00e3os respons\u00e1veis pelo monitoramento dos rios e das condi\u00e7\u00f5es clim\u00e1ticas, contribuindo para o planejamento de a\u00e7\u00f5es de preven\u00e7\u00e3o, prepara\u00e7\u00e3o e resposta diante dos diferentes cen\u00e1rios relacionados ao per\u00edodo de estiagem.<\/p>\n\n\n\n<p>\u201cA integra\u00e7\u00e3o entre as institui\u00e7\u00f5es e o compartilhamento das informa\u00e7\u00f5es t\u00e9cnicas s\u00e3o fundamentais para fortalecer o trabalho de preven\u00e7\u00e3o. Quanto mais qualificado for o nosso conhecimento sobre os cen\u00e1rios que podem se apresentar, maior ser\u00e1 nossa capacidade de planejamento e de atua\u00e7\u00e3o para proteger a popula\u00e7\u00e3o de Manaus\u201d, destacou o secret\u00e1rio-executivo de Prote\u00e7\u00e3o e Defesa Civil Municipal, coronel Lima J\u00fanior.<\/p>\n\n\n\n<p>Monitoramento cont\u00ednuo<\/p>\n\n\n\n<p>Segundo o diretor do N\u00facleo de Monitoramento e Alerta da Defesa Civil Municipal (Numadec), Guilherme Figliuolo, o acompanhamento permanente dos dados permite \u00e0 Defesa Civil aprimorar a an\u00e1lise dos cen\u00e1rios e subsidiar a tomada de decis\u00f5es.<\/p>\n\n\n\n<p>\u201cO monitoramento precisa ser cont\u00ednuo, principalmente durante os per\u00edodos de mudan\u00e7a no comportamento dos rios e das condi\u00e7\u00f5es meteorol\u00f3gicas. A troca de informa\u00e7\u00f5es com institui\u00e7\u00f5es como o SGB \u00e9 muito importante, porque amplia nossa capacidade de an\u00e1lise e nos permite acompanhar a evolu\u00e7\u00e3o dos cen\u00e1rios com base em dados e informa\u00e7\u00f5es t\u00e9cnicas\u201d, explicou.<\/p>\n\n\n\n<p>A Defesa Civil Municipal, por meio do Numadec, mant\u00e9m o acompanhamento permanente das condi\u00e7\u00f5es meteorol\u00f3gicas e hidrol\u00f3gicas, em articula\u00e7\u00e3o com institui\u00e7\u00f5es parceiras, como parte das a\u00e7\u00f5es de preven\u00e7\u00e3o e prepara\u00e7\u00e3o para poss\u00edveis impactos decorrentes dos eventos clim\u00e1ticos e hidrol\u00f3gicos.<\/p>\n\n\n\n<p>&#8212; &#8212; &#8212;<\/p>\n\n\n\n<p><strong>Texto<\/strong>&nbsp;&#8211; F\u00e1bia Lima\/Defesa Civil<\/p>\n\n\n\n<p><strong>Fotos<\/strong>&nbsp;&#8211; Marcos Cruz\/Semseg<\/p>\n","protected":false},"excerpt":{"rendered":"","protected":false},"author":23,"featured_media":3218,"comment_status":"closed","ping_status":"closed","sticky":false,"template":"","format":"standard","meta":{"footnotes":""},"categories":[241],"tags":[1235,458,15,692,1236],"acf":[],"yoast_head":"<!-- This site is optimized with the Yoast SEO plugin v23.0 - https:\/\/yoast.com\/wordpress\/plugins\/seo\/ -->\n<title>Prefeitura de Manaus participa de evento do Servi\u00e7o Geol\u00f3gico do Brasil sobre cen\u00e1rio de vazante no Amazonas<\/title>\n<meta name=\"description\" content=\"A Prefeitura de Manaus, por meio da Secretaria Executiva de Prote\u00e7\u00e3o e Defesa Civil Municipal (Sepdec), vinculada \u00e0 Secretaria Municipal de Seguran\u00e7a P\u00fablica e Defesa Social (Semseg), participou, nesta ter\u00e7a-feira, 1\u00ba\/9, do evento \u201cAlerta de Vazante\u201d, promovido pelo Servi\u00e7o Geol\u00f3gico do Brasil (SGB), na capital amazonense.\" \/>\n<meta name=\"robots\" content=\"noindex, follow\" \/>\n<meta property=\"og:locale\" content=\"pt_BR\" \/>\n<meta property=\"og:type\" content=\"article\" \/>\n<meta property=\"og:title\" content=\"Prefeitura de Manaus participa de evento do Servi\u00e7o Geol\u00f3gico do Brasil sobre cen\u00e1rio de vazante no Amazonas\" \/>\n<meta property=\"og:description\" content=\"A Prefeitura de Manaus, por meio da Secretaria Executiva de Prote\u00e7\u00e3o e Defesa Civil Municipal (Sepdec), vinculada \u00e0 Secretaria Municipal de Seguran\u00e7a P\u00fablica e Defesa Social (Semseg), participou, nesta ter\u00e7a-feira, 1\u00ba\/9, do evento \u201cAlerta de Vazante\u201d, promovido pelo Servi\u00e7o Geol\u00f3gico do Brasil (SGB), na capital amazonense.\" \/>\n<meta property=\"og:url\" content=\"https:\/\/www.manaus.am.gov.br\/semseg\/prefeitura-sgb-vazante\/\" \/>\n<meta property=\"og:site_name\" content=\"SEMSEG\" \/>\n<meta property=\"article:published_time\" content=\"2026-09-01T18:12:28+00:00\" \/>\n<meta property=\"article:modified_time\" content=\"2026-09-01T18:23:20+00:00\" \/>\n<meta property=\"og:image\" content=\"https:\/\/www.manaus.am.gov.br\/semseg\/wp-content\/uploads\/sites\/25\/2026\/09\/WhatsApp-Image-2026-09-01-at-14.08.11-1.jpeg\" \/>\n\t<meta property=\"og:image:width\" content=\"1600\" \/>\n\t<meta property=\"og:image:height\" content=\"1200\" \/>\n\t<meta property=\"og:image:type\" content=\"image\/jpeg\" \/>\n<meta name=\"author\" content=\"Adriana Costa\" \/>\n<meta name=\"twitter:card\" content=\"summary_large_image\" \/>\n<meta name=\"twitter:label1\" content=\"Written by\" \/>\n\t<meta name=\"twitter:data1\" content=\"Adriana Costa\" \/>\n\t<meta name=\"twitter:label2\" content=\"Est. reading time\" \/>\n\t<meta name=\"twitter:data2\" content=\"3 minutos\" \/>\n<script type=\"application\/ld+json\" class=\"yoast-schema-graph\">{\"@context\":\"https:\/\/schema.org\",\"@graph\":[{\"@type\":\"WebPage\",\"@id\":\"https:\/\/www.manaus.am.gov.br\/semseg\/prefeitura-sgb-vazante\/\",\"url\":\"https:\/\/www.manaus.am.gov.br\/semseg\/prefeitura-sgb-vazante\/\",\"name\":\"Prefeitura de Manaus participa de evento do Servi\u00e7o Geol\u00f3gico do Brasil sobre cen\u00e1rio de vazante no Amazonas\",\"isPartOf\":{\"@id\":\"https:\/\/www.manaus.am.gov.br\/semseg\/#website\"},\"primaryImageOfPage\":{\"@id\":\"https:\/\/www.manaus.am.gov.br\/semseg\/prefeitura-sgb-vazante\/#primaryimage\"},\"image\":{\"@id\":\"https:\/\/www.manaus.am.gov.br\/semseg\/prefeitura-sgb-vazante\/#primaryimage\"},\"thumbnailUrl\":\"https:\/\/www.manaus.am.gov.br\/semseg\/wp-content\/uploads\/sites\/25\/2026\/09\/WhatsApp-Image-2026-09-01-at-14.08.11-1.jpeg\",\"datePublished\":\"2026-09-01T18:12:28+00:00\",\"dateModified\":\"2026-09-01T18:23:20+00:00\",\"author\":{\"@id\":\"https:\/\/www.manaus.am.gov.br\/semseg\/#\/schema\/person\/4e49f4e267757a06ca072ec61b2b9968\"},\"description\":\"A Prefeitura de Manaus, por meio da Secretaria Executiva de Prote\u00e7\u00e3o e Defesa Civil Municipal (Sepdec), vinculada \u00e0 Secretaria Municipal de Seguran\u00e7a P\u00fablica e Defesa Social (Semseg), participou, nesta ter\u00e7a-feira, 1\u00ba\/9, do evento \u201cAlerta de Vazante\u201d, promovido pelo Servi\u00e7o Geol\u00f3gico do Brasil (SGB), na capital amazonense.\",\"breadcrumb\":{\"@id\":\"https:\/\/www.manaus.am.gov.br\/semseg\/prefeitura-sgb-vazante\/#breadcrumb\"},\"inLanguage\":\"pt-BR\",\"potentialAction\":[{\"@type\":\"ReadAction\",\"target\":[\"https:\/\/www.manaus.am.gov.br\/semseg\/prefeitura-sgb-vazante\/\"]}]},{\"@type\":\"ImageObject\",\"inLanguage\":\"pt-BR\",\"@id\":\"https:\/\/www.manaus.am.gov.br\/semseg\/prefeitura-sgb-vazante\/#primaryimage\",\"url\":\"https:\/\/www.manaus.am.gov.br\/semseg\/wp-content\/uploads\/sites\/25\/2026\/09\/WhatsApp-Image-2026-09-01-at-14.08.11-1.jpeg\",\"contentUrl\":\"https:\/\/www.manaus.am.gov.br\/semseg\/wp-content\/uploads\/sites\/25\/2026\/09\/WhatsApp-Image-2026-09-01-at-14.08.11-1.jpeg\",\"width\":1600,\"height\":1200,\"caption\":\"#paratodosverem - Evento \\\"Alerta de Vazante\\\", com participa\u00e7\u00e3o da equipe da Defesa Civil Municipal\"},{\"@type\":\"BreadcrumbList\",\"@id\":\"https:\/\/www.manaus.am.gov.br\/semseg\/prefeitura-sgb-vazante\/#breadcrumb\",\"itemListElement\":[{\"@type\":\"ListItem\",\"position\":1,\"name\":\"Home\",\"item\":\"https:\/\/www.manaus.am.gov.br\/semseg\/\"},{\"@type\":\"ListItem\",\"position\":2,\"name\":\"Prefeitura de Manaus participa de evento do Servi\u00e7o Geol\u00f3gico do Brasil sobre cen\u00e1rio de vazante no Amazonas\"}]},{\"@type\":\"WebSite\",\"@id\":\"https:\/\/www.manaus.am.gov.br\/semseg\/#website\",\"url\":\"https:\/\/www.manaus.am.gov.br\/semseg\/\",\"name\":\"SEMSEG\",\"description\":\"Prefeitura de Manaus\",\"potentialAction\":[{\"@type\":\"SearchAction\",\"target\":{\"@type\":\"EntryPoint\",\"urlTemplate\":\"https:\/\/www.manaus.am.gov.br\/semseg\/?s={search_term_string}\"},\"query-input\":\"required name=search_term_string\"}],\"inLanguage\":\"pt-BR\"},{\"@type\":\"Person\",\"@id\":\"https:\/\/www.manaus.am.gov.br\/semseg\/#\/schema\/person\/4e49f4e267757a06ca072ec61b2b9968\",\"name\":\"Adriana Costa\",\"image\":{\"@type\":\"ImageObject\",\"inLanguage\":\"pt-BR\",\"@id\":\"https:\/\/www.manaus.am.gov.br\/semseg\/#\/schema\/person\/image\/\",\"url\":\"https:\/\/secure.gravatar.com\/avatar\/576258617ef7194f718179e766d57bd4?s=96&d=mm&r=g\",\"contentUrl\":\"https:\/\/secure.gravatar.com\/avatar\/576258617ef7194f718179e766d57bd4?s=96&d=mm&r=g\",\"caption\":\"Adriana Costa\"}}]}<\/script>\n<!-- \/ Yoast SEO plugin. -->","yoast_head_json":{"title":"Prefeitura de Manaus participa de evento do Servi\u00e7o Geol\u00f3gico do Brasil sobre cen\u00e1rio de vazante no Amazonas","description":"A Prefeitura de Manaus, por meio da Secretaria Executiva de Prote\u00e7\u00e3o e Defesa Civil Municipal (Sepdec), vinculada \u00e0 Secretaria Municipal de Seguran\u00e7a P\u00fablica e Defesa Social (Semseg), participou, nesta ter\u00e7a-feira, 1\u00ba\/9, do evento \u201cAlerta de Vazante\u201d, promovido pelo Servi\u00e7o Geol\u00f3gico do Brasil (SGB), na capital amazonense.","robots":{"index":"noindex","follow":"follow"},"og_locale":"pt_BR","og_type":"article","og_title":"Prefeitura de Manaus participa de evento do Servi\u00e7o Geol\u00f3gico do Brasil sobre cen\u00e1rio de vazante no Amazonas","og_description":"A Prefeitura de Manaus, por meio da Secretaria Executiva de Prote\u00e7\u00e3o e Defesa Civil Municipal (Sepdec), vinculada \u00e0 Secretaria Municipal de Seguran\u00e7a P\u00fablica e Defesa Social (Semseg), participou, nesta ter\u00e7a-feira, 1\u00ba\/9, do evento \u201cAlerta de Vazante\u201d, promovido pelo Servi\u00e7o Geol\u00f3gico do Brasil (SGB), na capital amazonense.","og_url":"https:\/\/www.manaus.am.gov.br\/semseg\/prefeitura-sgb-vazante\/","og_site_name":"SEMSEG","article_published_time":"2026-09-01T18:12:28+00:00","article_modified_time":"2026-09-01T18:23:20+00:00","og_image":[{"width":1600,"height":1200,"url":"https:\/\/www.manaus.am.gov.br\/semseg\/wp-content\/uploads\/sites\/25\/2026\/09\/WhatsApp-Image-2026-09-01-at-14.08.11-1.jpeg","type":"image\/jpeg"}],"author":"Adriana Costa","twitter_card":"summary_large_image","twitter_misc":{"Written by":"Adriana Costa","Est. reading time":"3 minutos"},"schema":{"@context":"https:\/\/schema.org","@graph":[{"@type":"WebPage","@id":"https:\/\/www.manaus.am.gov.br\/semseg\/prefeitura-sgb-vazante\/","url":"https:\/\/www.manaus.am.gov.br\/semseg\/prefeitura-sgb-vazante\/","name":"Prefeitura de Manaus participa de evento do Servi\u00e7o Geol\u00f3gico do Brasil sobre cen\u00e1rio de vazante no Amazonas","isPartOf":{"@id":"https:\/\/www.manaus.am.gov.br\/semseg\/#website"},"primaryImageOfPage":{"@id":"https:\/\/www.manaus.am.gov.br\/semseg\/prefeitura-sgb-vazante\/#primaryimage"},"image":{"@id":"https:\/\/www.manaus.am.gov.br\/semseg\/prefeitura-sgb-vazante\/#primaryimage"},"thumbnailUrl":"https:\/\/www.manaus.am.gov.br\/semseg\/wp-content\/uploads\/sites\/25\/2026\/09\/WhatsApp-Image-2026-09-01-at-14.08.11-1.jpeg","datePublished":"2026-09-01T18:12:28+00:00","dateModified":"2026-09-01T18:23:20+00:00","author":{"@id":"https:\/\/www.manaus.am.gov.br\/semseg\/#\/schema\/person\/4e49f4e267757a06ca072ec61b2b9968"},"description":"A Prefeitura de Manaus, por meio da Secretaria Executiva de Prote\u00e7\u00e3o e Defesa Civil Municipal (Sepdec), vinculada \u00e0 Secretaria Municipal de Seguran\u00e7a P\u00fablica e Defesa Social (Semseg), participou, nesta ter\u00e7a-feira, 1\u00ba\/9, do evento \u201cAlerta de Vazante\u201d, promovido pelo Servi\u00e7o Geol\u00f3gico do Brasil (SGB), na capital amazonense.","breadcrumb":{"@id":"https:\/\/www.manaus.am.gov.br\/semseg\/prefeitura-sgb-vazante\/#breadcrumb"},"inLanguage":"pt-BR","potentialAction":[{"@type":"ReadAction","target":["https:\/\/www.manaus.am.gov.br\/semseg\/prefeitura-sgb-vazante\/"]}]},{"@type":"ImageObject","inLanguage":"pt-BR","@id":"https:\/\/www.manaus.am.gov.br\/semseg\/prefeitura-sgb-vazante\/#primaryimage","url":"https:\/\/www.manaus.am.gov.br\/semseg\/wp-content\/uploads\/sites\/25\/2026\/09\/WhatsApp-Image-2026-09-01-at-14.08.11-1.jpeg","contentUrl":"https:\/\/www.manaus.am.gov.br\/semseg\/wp-content\/uploads\/sites\/25\/2026\/09\/WhatsApp-Image-2026-09-01-at-14.08.11-1.jpeg","width":1600,"height":1200,"caption":"#paratodosverem - Evento \"Alerta de Vazante\", com participa\u00e7\u00e3o da equipe da Defesa Civil Municipal"},{"@type":"BreadcrumbList","@id":"https:\/\/www.manaus.am.gov.br\/semseg\/prefeitura-sgb-vazante\/#breadcrumb","itemListElement":[{"@type":"ListItem","position":1,"name":"Home","item":"https:\/\/www.manaus.am.gov.br\/semseg\/"},{"@type":"ListItem","position":2,"name":"Prefeitura de Manaus participa de evento do Servi\u00e7o Geol\u00f3gico do Brasil sobre cen\u00e1rio de vazante no Amazonas"}]},{"@type":"WebSite","@id":"https:\/\/www.manaus.am.gov.br\/semseg\/#website","url":"https:\/\/www.manaus.am.gov.br\/semseg\/","name":"SEMSEG","description":"Prefeitura de Manaus","potentialAction":[{"@type":"SearchAction","target":{"@type":"EntryPoint","urlTemplate":"https:\/\/www.manaus.am.gov.br\/semseg\/?s={search_term_string}"},"query-input":"required name=search_term_string"}],"inLanguage":"pt-BR"},{"@type":"Person","@id":"https:\/\/www.manaus.am.gov.br\/semseg\/#\/schema\/person\/4e49f4e267757a06ca072ec61b2b9968","name":"Adriana Costa","image":{"@type":"ImageObject","inLanguage":"pt-BR","@id":"https:\/\/www.manaus.am.gov.br\/semseg\/#\/schema\/person\/image\/","url":"https:\/\/secure.gravatar.com\/avatar\/576258617ef7194f718179e766d57bd4?s=96&d=mm&r=g","contentUrl":"https:\/\/secure.gravatar.com\/avatar\/576258617ef7194f718179e766d57bd4?s=96&d=mm&r=g","caption":"Adriana Costa"}}]}},"_links":{"self":[{"href":"https:\/\/www.manaus.am.gov.br\/semseg\/wp-json\/wp\/v2\/posts\/3217"}],"collection":[{"href":"https:\/\/www.manaus.am.gov.br\/semseg\/wp-json\/wp\/v2\/posts"}],"about":[{"href":"https:\/\/www.manaus.am.gov.br\/semseg\/wp-json\/wp\/v2\/types\/post"}],"author":[{"embeddable":true,"href":"https:\/\/www.manaus.am.gov.br\/semseg\/wp-json\/wp\/v2\/users\/23"}],"replies":[{"embeddable":true,"href":"https:\/\/www.manaus.am.gov.br\/semseg\/wp-json\/wp\/v2\/comments?post=3217"}],"version-history":[{"count":1,"href":"https:\/\/www.manaus.am.gov.br\/semseg\/wp-json\/wp\/v2\/posts\/3217\/revisions"}],"predecessor-version":[{"id":3219,"href":"https:\/\/www.manaus.am.gov.br\/semseg\/wp-json\/wp\/v2\/posts\/3217\/revisions\/3219"}],"wp:featuredmedia":[{"embeddable":true,"href":"https:\/\/www.manaus.am.gov.br\/semseg\/wp-json\/wp\/v2\/media\/3218"}],"wp:attachment":[{"href":"https:\/\/www.manaus.am.gov.br\/semseg\/wp-json\/wp\/v2\/media?parent=3217"}],"wp:term":[{"taxonomy":"category","embeddable":true,"href":"https:\/\/www.manaus.am.gov.br\/semseg\/wp-json\/wp\/v2\/categories?post=3217"},{"taxonomy":"post_tag","embeddable":true,"href":"https:\/\/www.manaus.am.gov.br\/semseg\/wp-json\/wp\/v2\/tags?post=3217"}],"curies":[{"name":"wp","href":"https:\/\/api.w.org\/{rel}","templated":true}]}}