{"id":3206,"date":"2026-08-31T13:19:22","date_gmt":"2026-08-31T17:19:22","guid":{"rendered":"https:\/\/www.manaus.am.gov.br\/semseg\/prefeitura-semseg-acaocentro\/"},"modified":"2026-08-31T13:37:46","modified_gmt":"2026-08-31T17:37:46","slug":"prefeitura-semseg-guarda-municipal-acaocentro","status":"publish","type":"post","link":"https:\/\/www.manaus.am.gov.br\/semseg\/prefeitura-semseg-guarda-municipal-acaocentro\/","title":{"rendered":"Guarda Municipal det\u00e9m indiv\u00edduo com armas brancas no Centro"},"content":{"rendered":"\n<p>A <a href=\"https:\/\/www.manaus.am.gov.br\/\">Prefeitura de Manaus<\/a>, por meio da <a href=\"https:\/\/www.instagram.com\/semsegmanaus\/\">Secretaria Municipal de Seguran\u00e7a P\u00fablica e Defesa Social<\/a> (Semseg), informa que a <a href=\"https:\/\/www.instagram.com\/gmm_manaus\/\">Guarda Municipal de Manaus<\/a> (GMM), via <a href=\"https:\/\/www.instagram.com\/romu_manausam\/\">Ronda Ostensiva Municipal <\/a>(Romu), deteve, no s\u00e1bado, 29\/8, um indiv\u00edduo portando armas brancas, no centro hist\u00f3rico da capital.<br><br>Durante patrulhamento preventivo, os agentes da Guarda Municipal receberam den\u00fancia de populares informando que um indiv\u00edduo estaria tentando agredir uma pessoa utilizando armas brancas. A equipe se deslocou at\u00e9 o local e constatou a ocorr\u00eancia.<br><br>Durante a abordagem, o indiv\u00edduo resistiu \u00e0s ordens dos agentes, sendo necess\u00e1rio o uso moderado da for\u00e7a para cessar a agress\u00e3o e realizar a conten\u00e7\u00e3o. Na a\u00e7\u00e3o, foram apreendidos dois fac\u00f5es e duas armas brancas de pequeno porte.<br><br>A v\u00edtima, que apresentava ferimento em uma das m\u00e3os, foi encaminhada a uma unidade de sa\u00fade para atendimento m\u00e9dico.<br><br>Ap\u00f3s os procedimentos, os envolvidos e o material apreendido foram encaminhados ao 1\u00ba Distrito Integrado de Pol\u00edcia (DIP) para as provid\u00eancias cab\u00edveis.<\/p>\n\n\n\n<p>&#8212; &#8212; &#8212;<\/p>\n\n\n\n<p><strong>Texto e fotos<\/strong>&nbsp;\u2013 Divulga\u00e7\u00e3o\/Semseg<\/p>\n","protected":false},"excerpt":{"rendered":"","protected":false},"author":23,"featured_media":2778,"comment_status":"closed","ping_status":"closed","sticky":false,"template":"","format":"standard","meta":{"footnotes":""},"categories":[84],"tags":[1232,443,49,899,15,527,9],"acf":[],"yoast_head":"<!-- This site is optimized with the Yoast SEO plugin v23.0 - https:\/\/yoast.com\/wordpress\/plugins\/seo\/ -->\n<title>Guarda Municipal det\u00e9m indiv\u00edduo com armas brancas no Centro<\/title>\n<meta name=\"description\" content=\"A Prefeitura de Manaus, por meio da Secretaria Municipal de Seguran\u00e7a P\u00fablica e Defesa Social (Semseg), informa que a Guarda Municipal de Manaus (GMM), via Ronda Ostensiva Municipal (Romu), deteve, no s\u00e1bado, 29\/8, um indiv\u00edduo portando armas brancas, no centro hist\u00f3rico da capital.\" \/>\n<meta name=\"robots\" content=\"noindex, follow\" \/>\n<meta property=\"og:locale\" content=\"pt_BR\" \/>\n<meta property=\"og:type\" content=\"article\" \/>\n<meta property=\"og:title\" content=\"Guarda Municipal det\u00e9m indiv\u00edduo com armas brancas no Centro\" \/>\n<meta property=\"og:description\" content=\"A Prefeitura de Manaus, por meio da Secretaria Municipal de Seguran\u00e7a P\u00fablica e Defesa Social (Semseg), informa que a Guarda Municipal de Manaus (GMM), via Ronda Ostensiva Municipal (Romu), deteve, no s\u00e1bado, 29\/8, um indiv\u00edduo portando armas brancas, no centro hist\u00f3rico da capital.\" \/>\n<meta property=\"og:url\" content=\"https:\/\/www.manaus.am.gov.br\/semseg\/prefeitura-semseg-acaocentro\/\" \/>\n<meta property=\"og:site_name\" content=\"SEMSEG\" \/>\n<meta property=\"article:published_time\" content=\"2026-08-31T17:19:22+00:00\" \/>\n<meta property=\"article:modified_time\" content=\"2026-08-31T17:37:46+00:00\" \/>\n<meta property=\"og:image\" content=\"https:\/\/www.manaus.am.gov.br\/semseg\/wp-content\/uploads\/sites\/25\/2026\/05\/NOTA-BANNER-SITE.png\" \/>\n\t<meta property=\"og:image:width\" content=\"900\" \/>\n\t<meta property=\"og:image:height\" content=\"509\" \/>\n\t<meta property=\"og:image:type\" content=\"image\/png\" \/>\n<meta name=\"author\" content=\"Adriana Costa\" \/>\n<meta name=\"twitter:card\" content=\"summary_large_image\" \/>\n<meta name=\"twitter:label1\" content=\"Written by\" \/>\n\t<meta name=\"twitter:data1\" content=\"Adriana Costa\" \/>\n\t<meta name=\"twitter:label2\" content=\"Est. reading time\" \/>\n\t<meta name=\"twitter:data2\" content=\"2 minutos\" \/>\n<script type=\"application\/ld+json\" class=\"yoast-schema-graph\">{\"@context\":\"https:\/\/schema.org\",\"@graph\":[{\"@type\":\"WebPage\",\"@id\":\"https:\/\/www.manaus.am.gov.br\/semseg\/prefeitura-semseg-acaocentro\/\",\"url\":\"https:\/\/www.manaus.am.gov.br\/semseg\/prefeitura-semseg-acaocentro\/\",\"name\":\"Guarda Municipal det\u00e9m indiv\u00edduo com armas brancas no Centro\",\"isPartOf\":{\"@id\":\"https:\/\/www.manaus.am.gov.br\/semseg\/#website\"},\"primaryImageOfPage\":{\"@id\":\"https:\/\/www.manaus.am.gov.br\/semseg\/prefeitura-semseg-acaocentro\/#primaryimage\"},\"image\":{\"@id\":\"https:\/\/www.manaus.am.gov.br\/semseg\/prefeitura-semseg-acaocentro\/#primaryimage\"},\"thumbnailUrl\":\"https:\/\/www.manaus.am.gov.br\/semseg\/wp-content\/uploads\/sites\/25\/2026\/05\/NOTA-BANNER-SITE.png\",\"datePublished\":\"2026-08-31T17:19:22+00:00\",\"dateModified\":\"2026-08-31T17:37:46+00:00\",\"author\":{\"@id\":\"https:\/\/www.manaus.am.gov.br\/semseg\/#\/schema\/person\/4e49f4e267757a06ca072ec61b2b9968\"},\"description\":\"A Prefeitura de Manaus, por meio da Secretaria Municipal de Seguran\u00e7a P\u00fablica e Defesa Social (Semseg), informa que a Guarda Municipal de Manaus (GMM), via Ronda Ostensiva Municipal (Romu), deteve, no s\u00e1bado, 29\/8, um indiv\u00edduo portando armas brancas, no centro hist\u00f3rico da capital.\",\"breadcrumb\":{\"@id\":\"https:\/\/www.manaus.am.gov.br\/semseg\/prefeitura-semseg-acaocentro\/#breadcrumb\"},\"inLanguage\":\"pt-BR\",\"potentialAction\":[{\"@type\":\"ReadAction\",\"target\":[\"https:\/\/www.manaus.am.gov.br\/semseg\/prefeitura-semseg-acaocentro\/\"]}]},{\"@type\":\"ImageObject\",\"inLanguage\":\"pt-BR\",\"@id\":\"https:\/\/www.manaus.am.gov.br\/semseg\/prefeitura-semseg-acaocentro\/#primaryimage\",\"url\":\"https:\/\/www.manaus.am.gov.br\/semseg\/wp-content\/uploads\/sites\/25\/2026\/05\/NOTA-BANNER-SITE.png\",\"contentUrl\":\"https:\/\/www.manaus.am.gov.br\/semseg\/wp-content\/uploads\/sites\/25\/2026\/05\/NOTA-BANNER-SITE.png\",\"width\":900,\"height\":509},{\"@type\":\"BreadcrumbList\",\"@id\":\"https:\/\/www.manaus.am.gov.br\/semseg\/prefeitura-semseg-acaocentro\/#breadcrumb\",\"itemListElement\":[{\"@type\":\"ListItem\",\"position\":1,\"name\":\"Home\",\"item\":\"https:\/\/www.manaus.am.gov.br\/semseg\/\"},{\"@type\":\"ListItem\",\"position\":2,\"name\":\"Guarda Municipal det\u00e9m indiv\u00edduo com armas brancas no Centro\"}]},{\"@type\":\"WebSite\",\"@id\":\"https:\/\/www.manaus.am.gov.br\/semseg\/#website\",\"url\":\"https:\/\/www.manaus.am.gov.br\/semseg\/\",\"name\":\"SEMSEG\",\"description\":\"Prefeitura de Manaus\",\"potentialAction\":[{\"@type\":\"SearchAction\",\"target\":{\"@type\":\"EntryPoint\",\"urlTemplate\":\"https:\/\/www.manaus.am.gov.br\/semseg\/?s={search_term_string}\"},\"query-input\":\"required name=search_term_string\"}],\"inLanguage\":\"pt-BR\"},{\"@type\":\"Person\",\"@id\":\"https:\/\/www.manaus.am.gov.br\/semseg\/#\/schema\/person\/4e49f4e267757a06ca072ec61b2b9968\",\"name\":\"Adriana Costa\",\"image\":{\"@type\":\"ImageObject\",\"inLanguage\":\"pt-BR\",\"@id\":\"https:\/\/www.manaus.am.gov.br\/semseg\/#\/schema\/person\/image\/\",\"url\":\"https:\/\/secure.gravatar.com\/avatar\/576258617ef7194f718179e766d57bd4?s=96&d=mm&r=g\",\"contentUrl\":\"https:\/\/secure.gravatar.com\/avatar\/576258617ef7194f718179e766d57bd4?s=96&d=mm&r=g\",\"caption\":\"Adriana Costa\"}}]}<\/script>\n<!-- \/ Yoast SEO plugin. -->","yoast_head_json":{"title":"Guarda Municipal det\u00e9m indiv\u00edduo com armas brancas no Centro","description":"A Prefeitura de Manaus, por meio da Secretaria Municipal de Seguran\u00e7a P\u00fablica e Defesa Social (Semseg), informa que a Guarda Municipal de Manaus (GMM), via Ronda Ostensiva Municipal (Romu), deteve, no s\u00e1bado, 29\/8, um indiv\u00edduo portando armas brancas, no centro hist\u00f3rico da capital.","robots":{"index":"noindex","follow":"follow"},"og_locale":"pt_BR","og_type":"article","og_title":"Guarda Municipal det\u00e9m indiv\u00edduo com armas brancas no Centro","og_description":"A Prefeitura de Manaus, por meio da Secretaria Municipal de Seguran\u00e7a P\u00fablica e Defesa Social (Semseg), informa que a Guarda Municipal de Manaus (GMM), via Ronda Ostensiva Municipal (Romu), deteve, no s\u00e1bado, 29\/8, um indiv\u00edduo portando armas brancas, no centro hist\u00f3rico da capital.","og_url":"https:\/\/www.manaus.am.gov.br\/semseg\/prefeitura-semseg-acaocentro\/","og_site_name":"SEMSEG","article_published_time":"2026-08-31T17:19:22+00:00","article_modified_time":"2026-08-31T17:37:46+00:00","og_image":[{"width":900,"height":509,"url":"https:\/\/www.manaus.am.gov.br\/semseg\/wp-content\/uploads\/sites\/25\/2026\/05\/NOTA-BANNER-SITE.png","type":"image\/png"}],"author":"Adriana Costa","twitter_card":"summary_large_image","twitter_misc":{"Written by":"Adriana Costa","Est. reading time":"2 minutos"},"schema":{"@context":"https:\/\/schema.org","@graph":[{"@type":"WebPage","@id":"https:\/\/www.manaus.am.gov.br\/semseg\/prefeitura-semseg-acaocentro\/","url":"https:\/\/www.manaus.am.gov.br\/semseg\/prefeitura-semseg-acaocentro\/","name":"Guarda Municipal det\u00e9m indiv\u00edduo com armas brancas no Centro","isPartOf":{"@id":"https:\/\/www.manaus.am.gov.br\/semseg\/#website"},"primaryImageOfPage":{"@id":"https:\/\/www.manaus.am.gov.br\/semseg\/prefeitura-semseg-acaocentro\/#primaryimage"},"image":{"@id":"https:\/\/www.manaus.am.gov.br\/semseg\/prefeitura-semseg-acaocentro\/#primaryimage"},"thumbnailUrl":"https:\/\/www.manaus.am.gov.br\/semseg\/wp-content\/uploads\/sites\/25\/2026\/05\/NOTA-BANNER-SITE.png","datePublished":"2026-08-31T17:19:22+00:00","dateModified":"2026-08-31T17:37:46+00:00","author":{"@id":"https:\/\/www.manaus.am.gov.br\/semseg\/#\/schema\/person\/4e49f4e267757a06ca072ec61b2b9968"},"description":"A Prefeitura de Manaus, por meio da Secretaria Municipal de Seguran\u00e7a P\u00fablica e Defesa Social (Semseg), informa que a Guarda Municipal de Manaus (GMM), via Ronda Ostensiva Municipal (Romu), deteve, no s\u00e1bado, 29\/8, um indiv\u00edduo portando armas brancas, no centro hist\u00f3rico da capital.","breadcrumb":{"@id":"https:\/\/www.manaus.am.gov.br\/semseg\/prefeitura-semseg-acaocentro\/#breadcrumb"},"inLanguage":"pt-BR","potentialAction":[{"@type":"ReadAction","target":["https:\/\/www.manaus.am.gov.br\/semseg\/prefeitura-semseg-acaocentro\/"]}]},{"@type":"ImageObject","inLanguage":"pt-BR","@id":"https:\/\/www.manaus.am.gov.br\/semseg\/prefeitura-semseg-acaocentro\/#primaryimage","url":"https:\/\/www.manaus.am.gov.br\/semseg\/wp-content\/uploads\/sites\/25\/2026\/05\/NOTA-BANNER-SITE.png","contentUrl":"https:\/\/www.manaus.am.gov.br\/semseg\/wp-content\/uploads\/sites\/25\/2026\/05\/NOTA-BANNER-SITE.png","width":900,"height":509},{"@type":"BreadcrumbList","@id":"https:\/\/www.manaus.am.gov.br\/semseg\/prefeitura-semseg-acaocentro\/#breadcrumb","itemListElement":[{"@type":"ListItem","position":1,"name":"Home","item":"https:\/\/www.manaus.am.gov.br\/semseg\/"},{"@type":"ListItem","position":2,"name":"Guarda Municipal det\u00e9m indiv\u00edduo com armas brancas no Centro"}]},{"@type":"WebSite","@id":"https:\/\/www.manaus.am.gov.br\/semseg\/#website","url":"https:\/\/www.manaus.am.gov.br\/semseg\/","name":"SEMSEG","description":"Prefeitura de Manaus","potentialAction":[{"@type":"SearchAction","target":{"@type":"EntryPoint","urlTemplate":"https:\/\/www.manaus.am.gov.br\/semseg\/?s={search_term_string}"},"query-input":"required name=search_term_string"}],"inLanguage":"pt-BR"},{"@type":"Person","@id":"https:\/\/www.manaus.am.gov.br\/semseg\/#\/schema\/person\/4e49f4e267757a06ca072ec61b2b9968","name":"Adriana Costa","image":{"@type":"ImageObject","inLanguage":"pt-BR","@id":"https:\/\/www.manaus.am.gov.br\/semseg\/#\/schema\/person\/image\/","url":"https:\/\/secure.gravatar.com\/avatar\/576258617ef7194f718179e766d57bd4?s=96&d=mm&r=g","contentUrl":"https:\/\/secure.gravatar.com\/avatar\/576258617ef7194f718179e766d57bd4?s=96&d=mm&r=g","caption":"Adriana Costa"}}]}},"_links":{"self":[{"href":"https:\/\/www.manaus.am.gov.br\/semseg\/wp-json\/wp\/v2\/posts\/3206"}],"collection":[{"href":"https:\/\/www.manaus.am.gov.br\/semseg\/wp-json\/wp\/v2\/posts"}],"about":[{"href":"https:\/\/www.manaus.am.gov.br\/semseg\/wp-json\/wp\/v2\/types\/post"}],"author":[{"embeddable":true,"href":"https:\/\/www.manaus.am.gov.br\/semseg\/wp-json\/wp\/v2\/users\/23"}],"replies":[{"embeddable":true,"href":"https:\/\/www.manaus.am.gov.br\/semseg\/wp-json\/wp\/v2\/comments?post=3206"}],"version-history":[{"count":1,"href":"https:\/\/www.manaus.am.gov.br\/semseg\/wp-json\/wp\/v2\/posts\/3206\/revisions"}],"predecessor-version":[{"id":3208,"href":"https:\/\/www.manaus.am.gov.br\/semseg\/wp-json\/wp\/v2\/posts\/3206\/revisions\/3208"}],"wp:featuredmedia":[{"embeddable":true,"href":"https:\/\/www.manaus.am.gov.br\/semseg\/wp-json\/wp\/v2\/media\/2778"}],"wp:attachment":[{"href":"https:\/\/www.manaus.am.gov.br\/semseg\/wp-json\/wp\/v2\/media?parent=3206"}],"wp:term":[{"taxonomy":"category","embeddable":true,"href":"https:\/\/www.manaus.am.gov.br\/semseg\/wp-json\/wp\/v2\/categories?post=3206"},{"taxonomy":"post_tag","embeddable":true,"href":"https:\/\/www.manaus.am.gov.br\/semseg\/wp-json\/wp\/v2\/tags?post=3206"}],"curies":[{"name":"wp","href":"https:\/\/api.w.org\/{rel}","templated":true}]}}