{"id":2690,"date":"2026-04-29T11:28:41","date_gmt":"2026-04-29T15:28:41","guid":{"rendered":"https:\/\/www.manaus.am.gov.br\/semseg\/prefeitura-patrulhamentoambiental-resgates\/"},"modified":"2026-04-29T12:53:12","modified_gmt":"2026-04-29T16:53:12","slug":"prefeitura-patrulha-ambiental-resgates","status":"publish","type":"post","link":"https:\/\/www.manaus.am.gov.br\/semseg\/prefeitura-patrulha-ambiental-resgates\/","title":{"rendered":"Patrulhamento ambiental municipal realiza resgate de animais silvestres na zona Norte de Manaus"},"content":{"rendered":"\n<p>A <a href=\"https:\/\/www.manaus.am.gov.br\/\">Prefeitura de Manaus<\/a>, via <a href=\"https:\/\/www.instagram.com\/semsegmanaus\/\">Secretaria Municipal de Seguran\u00e7a P\u00fablica e Defesa Social<\/a> (Semseg), informa que a <a href=\"https:\/\/www.instagram.com\/gmm_manaus\/\">Guarda Municipal de Manaus <\/a>(GMM), por meio da Patrulha Ambiental (Patam), realizou, na tarde de ter\u00e7a-feira, 28\/4, o resgate de dois animais silvestres na capital.<br><br>No in\u00edcio da tarde, chegaram duas den\u00fancias por meio da central, solicitaram o resgate de p\u00e1ssaro da esp\u00e9cie bem-te-vi (<em>Pitangus sulphuratus<\/em>), que estaria com a asa machucada, no Museu da Amaz\u00f4nia (Musa), no bairro Cidade de Deus, e o resgate de um gamb\u00e1 (<em>Didelphis<\/em>), que estava na cal\u00e7ada de uma resid\u00eancia no bairro Col\u00f4nia Terra Nova 1, ambos na zona Norte de Manaus.<br><br>Os animais foram encontrados com ferimentos, suspeitos de terem sido atacados por outros animais e encaminhados ao Instituto Brasileiro do Meio Ambiente e dos Recursos Naturais Renov\u00e1veis (Ibama) para os devidos cuidados.<br><br>A Prefeitura de Manaus destaca que a patrulha ambiental da GMM atua, de forma permanente, na prote\u00e7\u00e3o da fauna silvestre em \u00e1rea urbana e na orienta\u00e7\u00e3o da popula\u00e7\u00e3o.<\/p>\n\n\n\n<p>&#8212; &#8212; &#8212;<\/p>\n\n\n\n<p><strong>Texto&nbsp;<\/strong>\u2013 La\u00eds Fernandes\/Semseg&nbsp;<\/p>\n","protected":false},"excerpt":{"rendered":"","protected":false},"author":23,"featured_media":1802,"comment_status":"closed","ping_status":"closed","sticky":false,"template":"","format":"standard","meta":{"footnotes":""},"categories":[84],"tags":[1052,15,1053,9,135],"acf":[],"yoast_head":"<!-- This site is optimized with the Yoast SEO plugin v23.0 - https:\/\/yoast.com\/wordpress\/plugins\/seo\/ -->\n<title>Patrulhamento ambiental municipal realiza resgate de animais silvestres na zona Norte de Manaus<\/title>\n<meta name=\"description\" content=\"A Prefeitura de Manaus, via Secretaria Municipal de Seguran\u00e7a P\u00fablica e Defesa Social (Semseg), informa que a Guarda Municipal de Manaus (GMM), por meio da Patrulha Ambiental (Patam), realizou, na tarde de ter\u00e7a-feira, 28\/4, o resgate de dois animais silvestres na capital.\" \/>\n<meta name=\"robots\" content=\"noindex, follow\" \/>\n<meta property=\"og:locale\" content=\"pt_BR\" \/>\n<meta property=\"og:type\" content=\"article\" \/>\n<meta property=\"og:title\" content=\"Patrulhamento ambiental municipal realiza resgate de animais silvestres na zona Norte de Manaus\" \/>\n<meta property=\"og:description\" content=\"A Prefeitura de Manaus, via Secretaria Municipal de Seguran\u00e7a P\u00fablica e Defesa Social (Semseg), informa que a Guarda Municipal de Manaus (GMM), por meio da Patrulha Ambiental (Patam), realizou, na tarde de ter\u00e7a-feira, 28\/4, o resgate de dois animais silvestres na capital.\" \/>\n<meta property=\"og:url\" content=\"https:\/\/www.manaus.am.gov.br\/semseg\/prefeitura-patrulhamentoambiental-resgates\/\" \/>\n<meta property=\"og:site_name\" content=\"SEMSEG\" \/>\n<meta property=\"article:published_time\" content=\"2026-04-29T15:28:41+00:00\" \/>\n<meta property=\"article:modified_time\" content=\"2026-04-29T16:53:12+00:00\" \/>\n<meta property=\"og:image\" content=\"https:\/\/www.manaus.am.gov.br\/semseg\/wp-content\/uploads\/sites\/25\/2025\/04\/BANNER-NOTA.png\" \/>\n\t<meta property=\"og:image:width\" content=\"900\" \/>\n\t<meta property=\"og:image:height\" content=\"509\" \/>\n\t<meta property=\"og:image:type\" content=\"image\/png\" \/>\n<meta name=\"author\" content=\"Adriana Costa\" \/>\n<meta name=\"twitter:card\" content=\"summary_large_image\" \/>\n<meta name=\"twitter:label1\" content=\"Written by\" \/>\n\t<meta name=\"twitter:data1\" content=\"Adriana Costa\" \/>\n\t<meta name=\"twitter:label2\" content=\"Est. reading time\" \/>\n\t<meta name=\"twitter:data2\" content=\"2 minutos\" \/>\n<script type=\"application\/ld+json\" class=\"yoast-schema-graph\">{\"@context\":\"https:\/\/schema.org\",\"@graph\":[{\"@type\":\"WebPage\",\"@id\":\"https:\/\/www.manaus.am.gov.br\/semseg\/prefeitura-patrulhamentoambiental-resgates\/\",\"url\":\"https:\/\/www.manaus.am.gov.br\/semseg\/prefeitura-patrulhamentoambiental-resgates\/\",\"name\":\"Patrulhamento ambiental municipal realiza resgate de animais silvestres na zona Norte de Manaus\",\"isPartOf\":{\"@id\":\"https:\/\/www.manaus.am.gov.br\/semseg\/#website\"},\"primaryImageOfPage\":{\"@id\":\"https:\/\/www.manaus.am.gov.br\/semseg\/prefeitura-patrulhamentoambiental-resgates\/#primaryimage\"},\"image\":{\"@id\":\"https:\/\/www.manaus.am.gov.br\/semseg\/prefeitura-patrulhamentoambiental-resgates\/#primaryimage\"},\"thumbnailUrl\":\"https:\/\/www.manaus.am.gov.br\/semseg\/wp-content\/uploads\/sites\/25\/2025\/04\/BANNER-NOTA.png\",\"datePublished\":\"2026-04-29T15:28:41+00:00\",\"dateModified\":\"2026-04-29T16:53:12+00:00\",\"author\":{\"@id\":\"https:\/\/www.manaus.am.gov.br\/semseg\/#\/schema\/person\/4e49f4e267757a06ca072ec61b2b9968\"},\"description\":\"A Prefeitura de Manaus, via Secretaria Municipal de Seguran\u00e7a P\u00fablica e Defesa Social (Semseg), informa que a Guarda Municipal de Manaus (GMM), por meio da Patrulha Ambiental (Patam), realizou, na tarde de ter\u00e7a-feira, 28\/4, o resgate de dois animais silvestres na capital.\",\"breadcrumb\":{\"@id\":\"https:\/\/www.manaus.am.gov.br\/semseg\/prefeitura-patrulhamentoambiental-resgates\/#breadcrumb\"},\"inLanguage\":\"pt-BR\",\"potentialAction\":[{\"@type\":\"ReadAction\",\"target\":[\"https:\/\/www.manaus.am.gov.br\/semseg\/prefeitura-patrulhamentoambiental-resgates\/\"]}]},{\"@type\":\"ImageObject\",\"inLanguage\":\"pt-BR\",\"@id\":\"https:\/\/www.manaus.am.gov.br\/semseg\/prefeitura-patrulhamentoambiental-resgates\/#primaryimage\",\"url\":\"https:\/\/www.manaus.am.gov.br\/semseg\/wp-content\/uploads\/sites\/25\/2025\/04\/BANNER-NOTA.png\",\"contentUrl\":\"https:\/\/www.manaus.am.gov.br\/semseg\/wp-content\/uploads\/sites\/25\/2025\/04\/BANNER-NOTA.png\",\"width\":900,\"height\":509,\"caption\":\"37 ocorr\u00eancias ap\u00f3s fortes chuvas\"},{\"@type\":\"BreadcrumbList\",\"@id\":\"https:\/\/www.manaus.am.gov.br\/semseg\/prefeitura-patrulhamentoambiental-resgates\/#breadcrumb\",\"itemListElement\":[{\"@type\":\"ListItem\",\"position\":1,\"name\":\"Home\",\"item\":\"https:\/\/www.manaus.am.gov.br\/semseg\/\"},{\"@type\":\"ListItem\",\"position\":2,\"name\":\"Patrulhamento ambiental municipal realiza resgate de animais silvestres na zona Norte de Manaus\"}]},{\"@type\":\"WebSite\",\"@id\":\"https:\/\/www.manaus.am.gov.br\/semseg\/#website\",\"url\":\"https:\/\/www.manaus.am.gov.br\/semseg\/\",\"name\":\"SEMSEG\",\"description\":\"Prefeitura de Manaus\",\"potentialAction\":[{\"@type\":\"SearchAction\",\"target\":{\"@type\":\"EntryPoint\",\"urlTemplate\":\"https:\/\/www.manaus.am.gov.br\/semseg\/?s={search_term_string}\"},\"query-input\":\"required name=search_term_string\"}],\"inLanguage\":\"pt-BR\"},{\"@type\":\"Person\",\"@id\":\"https:\/\/www.manaus.am.gov.br\/semseg\/#\/schema\/person\/4e49f4e267757a06ca072ec61b2b9968\",\"name\":\"Adriana Costa\",\"image\":{\"@type\":\"ImageObject\",\"inLanguage\":\"pt-BR\",\"@id\":\"https:\/\/www.manaus.am.gov.br\/semseg\/#\/schema\/person\/image\/\",\"url\":\"https:\/\/secure.gravatar.com\/avatar\/576258617ef7194f718179e766d57bd4?s=96&d=mm&r=g\",\"contentUrl\":\"https:\/\/secure.gravatar.com\/avatar\/576258617ef7194f718179e766d57bd4?s=96&d=mm&r=g\",\"caption\":\"Adriana Costa\"}}]}<\/script>\n<!-- \/ Yoast SEO plugin. -->","yoast_head_json":{"title":"Patrulhamento ambiental municipal realiza resgate de animais silvestres na zona Norte de Manaus","description":"A Prefeitura de Manaus, via Secretaria Municipal de Seguran\u00e7a P\u00fablica e Defesa Social (Semseg), informa que a Guarda Municipal de Manaus (GMM), por meio da Patrulha Ambiental (Patam), realizou, na tarde de ter\u00e7a-feira, 28\/4, o resgate de dois animais silvestres na capital.","robots":{"index":"noindex","follow":"follow"},"og_locale":"pt_BR","og_type":"article","og_title":"Patrulhamento ambiental municipal realiza resgate de animais silvestres na zona Norte de Manaus","og_description":"A Prefeitura de Manaus, via Secretaria Municipal de Seguran\u00e7a P\u00fablica e Defesa Social (Semseg), informa que a Guarda Municipal de Manaus (GMM), por meio da Patrulha Ambiental (Patam), realizou, na tarde de ter\u00e7a-feira, 28\/4, o resgate de dois animais silvestres na capital.","og_url":"https:\/\/www.manaus.am.gov.br\/semseg\/prefeitura-patrulhamentoambiental-resgates\/","og_site_name":"SEMSEG","article_published_time":"2026-04-29T15:28:41+00:00","article_modified_time":"2026-04-29T16:53:12+00:00","og_image":[{"width":900,"height":509,"url":"https:\/\/www.manaus.am.gov.br\/semseg\/wp-content\/uploads\/sites\/25\/2025\/04\/BANNER-NOTA.png","type":"image\/png"}],"author":"Adriana Costa","twitter_card":"summary_large_image","twitter_misc":{"Written by":"Adriana Costa","Est. reading time":"2 minutos"},"schema":{"@context":"https:\/\/schema.org","@graph":[{"@type":"WebPage","@id":"https:\/\/www.manaus.am.gov.br\/semseg\/prefeitura-patrulhamentoambiental-resgates\/","url":"https:\/\/www.manaus.am.gov.br\/semseg\/prefeitura-patrulhamentoambiental-resgates\/","name":"Patrulhamento ambiental municipal realiza resgate de animais silvestres na zona Norte de Manaus","isPartOf":{"@id":"https:\/\/www.manaus.am.gov.br\/semseg\/#website"},"primaryImageOfPage":{"@id":"https:\/\/www.manaus.am.gov.br\/semseg\/prefeitura-patrulhamentoambiental-resgates\/#primaryimage"},"image":{"@id":"https:\/\/www.manaus.am.gov.br\/semseg\/prefeitura-patrulhamentoambiental-resgates\/#primaryimage"},"thumbnailUrl":"https:\/\/www.manaus.am.gov.br\/semseg\/wp-content\/uploads\/sites\/25\/2025\/04\/BANNER-NOTA.png","datePublished":"2026-04-29T15:28:41+00:00","dateModified":"2026-04-29T16:53:12+00:00","author":{"@id":"https:\/\/www.manaus.am.gov.br\/semseg\/#\/schema\/person\/4e49f4e267757a06ca072ec61b2b9968"},"description":"A Prefeitura de Manaus, via Secretaria Municipal de Seguran\u00e7a P\u00fablica e Defesa Social (Semseg), informa que a Guarda Municipal de Manaus (GMM), por meio da Patrulha Ambiental (Patam), realizou, na tarde de ter\u00e7a-feira, 28\/4, o resgate de dois animais silvestres na capital.","breadcrumb":{"@id":"https:\/\/www.manaus.am.gov.br\/semseg\/prefeitura-patrulhamentoambiental-resgates\/#breadcrumb"},"inLanguage":"pt-BR","potentialAction":[{"@type":"ReadAction","target":["https:\/\/www.manaus.am.gov.br\/semseg\/prefeitura-patrulhamentoambiental-resgates\/"]}]},{"@type":"ImageObject","inLanguage":"pt-BR","@id":"https:\/\/www.manaus.am.gov.br\/semseg\/prefeitura-patrulhamentoambiental-resgates\/#primaryimage","url":"https:\/\/www.manaus.am.gov.br\/semseg\/wp-content\/uploads\/sites\/25\/2025\/04\/BANNER-NOTA.png","contentUrl":"https:\/\/www.manaus.am.gov.br\/semseg\/wp-content\/uploads\/sites\/25\/2025\/04\/BANNER-NOTA.png","width":900,"height":509,"caption":"37 ocorr\u00eancias ap\u00f3s fortes chuvas"},{"@type":"BreadcrumbList","@id":"https:\/\/www.manaus.am.gov.br\/semseg\/prefeitura-patrulhamentoambiental-resgates\/#breadcrumb","itemListElement":[{"@type":"ListItem","position":1,"name":"Home","item":"https:\/\/www.manaus.am.gov.br\/semseg\/"},{"@type":"ListItem","position":2,"name":"Patrulhamento ambiental municipal realiza resgate de animais silvestres na zona Norte de Manaus"}]},{"@type":"WebSite","@id":"https:\/\/www.manaus.am.gov.br\/semseg\/#website","url":"https:\/\/www.manaus.am.gov.br\/semseg\/","name":"SEMSEG","description":"Prefeitura de Manaus","potentialAction":[{"@type":"SearchAction","target":{"@type":"EntryPoint","urlTemplate":"https:\/\/www.manaus.am.gov.br\/semseg\/?s={search_term_string}"},"query-input":"required name=search_term_string"}],"inLanguage":"pt-BR"},{"@type":"Person","@id":"https:\/\/www.manaus.am.gov.br\/semseg\/#\/schema\/person\/4e49f4e267757a06ca072ec61b2b9968","name":"Adriana Costa","image":{"@type":"ImageObject","inLanguage":"pt-BR","@id":"https:\/\/www.manaus.am.gov.br\/semseg\/#\/schema\/person\/image\/","url":"https:\/\/secure.gravatar.com\/avatar\/576258617ef7194f718179e766d57bd4?s=96&d=mm&r=g","contentUrl":"https:\/\/secure.gravatar.com\/avatar\/576258617ef7194f718179e766d57bd4?s=96&d=mm&r=g","caption":"Adriana Costa"}}]}},"_links":{"self":[{"href":"https:\/\/www.manaus.am.gov.br\/semseg\/wp-json\/wp\/v2\/posts\/2690"}],"collection":[{"href":"https:\/\/www.manaus.am.gov.br\/semseg\/wp-json\/wp\/v2\/posts"}],"about":[{"href":"https:\/\/www.manaus.am.gov.br\/semseg\/wp-json\/wp\/v2\/types\/post"}],"author":[{"embeddable":true,"href":"https:\/\/www.manaus.am.gov.br\/semseg\/wp-json\/wp\/v2\/users\/23"}],"replies":[{"embeddable":true,"href":"https:\/\/www.manaus.am.gov.br\/semseg\/wp-json\/wp\/v2\/comments?post=2690"}],"version-history":[{"count":1,"href":"https:\/\/www.manaus.am.gov.br\/semseg\/wp-json\/wp\/v2\/posts\/2690\/revisions"}],"predecessor-version":[{"id":2693,"href":"https:\/\/www.manaus.am.gov.br\/semseg\/wp-json\/wp\/v2\/posts\/2690\/revisions\/2693"}],"wp:featuredmedia":[{"embeddable":true,"href":"https:\/\/www.manaus.am.gov.br\/semseg\/wp-json\/wp\/v2\/media\/1802"}],"wp:attachment":[{"href":"https:\/\/www.manaus.am.gov.br\/semseg\/wp-json\/wp\/v2\/media?parent=2690"}],"wp:term":[{"taxonomy":"category","embeddable":true,"href":"https:\/\/www.manaus.am.gov.br\/semseg\/wp-json\/wp\/v2\/categories?post=2690"},{"taxonomy":"post_tag","embeddable":true,"href":"https:\/\/www.manaus.am.gov.br\/semseg\/wp-json\/wp\/v2\/tags?post=2690"}],"curies":[{"name":"wp","href":"https:\/\/api.w.org\/{rel}","templated":true}]}}