{"id":2502,"date":"2026-03-06T16:16:22","date_gmt":"2026-03-06T20:16:22","guid":{"rendered":"https:\/\/www.manaus.am.gov.br\/semseg\/alerta-chuvas-6-3\/"},"modified":"2026-03-06T16:24:27","modified_gmt":"2026-03-06T20:24:27","slug":"alerta-chuvas-intensas-6-3","status":"publish","type":"post","link":"https:\/\/www.manaus.am.gov.br\/semseg\/alerta-chuvas-intensas-6-3\/","title":{"rendered":"Prefeitura de Manaus alerta para risco severo de alagamentos e deslizamentos durante chuvas nesta sexta-feira, 6\/3"},"content":{"rendered":"\n<p>A <a href=\"https:\/\/www.manaus.am.gov.br\/\">Prefeitura de Manaus<\/a>, por meio da Secretaria Executiva de Prote\u00e7\u00e3o e Defesa Civil (Sepdec), vinculada \u00e0 <a href=\"https:\/\/www.instagram.com\/semsegmanaus\/\">Secretaria Municipal de Seguran\u00e7a P\u00fablica e Defesa Social<\/a> (Semseg), informa que o munic\u00edpio se encontra em alerta severo para risco de deslizamentos de terra e alagamentos em decorr\u00eancia das chuvas intensas que atingem a cidade nesta sexta-feira, 6\/3.<\/p>\n\n\n\n<p>De acordo com as esta\u00e7\u00f5es meteorol\u00f3gicas da Prefeitura de Manaus, os maiores volumes de chuvaa intensas, nas \u00faltimas 12 horas, foram registrados nos bairros Lagoa Azul (zona Norte), com 73,4 mil\u00edmetros; Ponta Negra (zona Oeste), com 37,8 mil\u00edmetros; Compensa (zona Oeste), com 28,4 mil\u00edmetros; e Parque 10 de Novembro (zona Centro-Sul), com 20 mil\u00edmetros.<\/p>\n\n\n\n<p>Conforme os alertas emitidos, a popula\u00e7\u00e3o deve redobrar a aten\u00e7\u00e3o, principalmente nas zonas Norte e Oeste, onde h\u00e1 risco de alagamentos e deslizamentos de terra. J\u00e1 nas zonas Centro-Sul e Sul, o alerta \u00e9 para possibilidade de alagamentos em \u00e1reas de maior vulnerabilidade.<\/p>\n\n\n\n<p>Os avisos foram encaminhados diretamente para os celulares dos moradores que se encontram nessas regi\u00f5es por meio do sistema Defesa Civil Alerta (DCA), uma ferramenta integrada entre as Defesas Civis do munic\u00edpio, do Estado e da Uni\u00e3o.<\/p>\n\n\n\n<p>Em caso de emerg\u00eancia, a popula\u00e7\u00e3o deve acionar imediatamente a Defesa Civil pelos n\u00fameros 199 (liga\u00e7\u00e3o gratuita) ou (92) 98802-3547 (WhatsApp).<\/p>\n\n\n\n<p>A Defesa Civil refor\u00e7a ainda que os moradores evitem se abrigar sob \u00e1rvores durante descargas el\u00e9tricas, mantenham dist\u00e2ncia de postes e fia\u00e7\u00f5es e redobrem a aten\u00e7\u00e3o ao trafegar em \u00e1reas com hist\u00f3rico de alagamentos.<\/p>\n\n\n\n<p>&#8212; &#8212; &#8212;<\/p>\n\n\n\n<p><strong>Texto \u2013<\/strong>&nbsp;Divulga\u00e7\u00e3o\/Semcom e Divulga\u00e7\u00e3o\/Semseg<\/p>\n","protected":false},"excerpt":{"rendered":"","protected":false},"author":39,"featured_media":1802,"comment_status":"closed","ping_status":"closed","sticky":false,"template":"","format":"standard","meta":{"footnotes":""},"categories":[84],"tags":[982,474,132,983,9],"acf":[],"yoast_head":"<!-- This site is optimized with the Yoast SEO plugin v23.0 - https:\/\/yoast.com\/wordpress\/plugins\/seo\/ -->\n<title>Alerta para risco de alagamentos durante chuvas intensas<\/title>\n<meta name=\"description\" content=\"Prefeitura de Manaus alerta para risco severo de alagamentos e deslizamentos durante chuvas intensas nesta sexta-feira, 6\/3.\" \/>\n<meta name=\"robots\" content=\"noindex, follow\" \/>\n<meta property=\"og:locale\" content=\"pt_BR\" \/>\n<meta property=\"og:type\" content=\"article\" \/>\n<meta property=\"og:title\" content=\"Alerta para risco de alagamentos durante chuvas intensas\" \/>\n<meta property=\"og:description\" content=\"Prefeitura de Manaus alerta para risco severo de alagamentos e deslizamentos durante chuvas intensas nesta sexta-feira, 6\/3.\" \/>\n<meta property=\"og:url\" content=\"https:\/\/www.manaus.am.gov.br\/semseg\/alerta-chuvas-intensas-6-3\/\" \/>\n<meta property=\"og:site_name\" content=\"SEMSEG\" \/>\n<meta property=\"article:published_time\" content=\"2026-03-06T20:16:22+00:00\" \/>\n<meta property=\"article:modified_time\" content=\"2026-03-06T20:24:27+00:00\" \/>\n<meta property=\"og:image\" content=\"https:\/\/www.manaus.am.gov.br\/semseg\/wp-content\/uploads\/sites\/25\/2025\/04\/BANNER-NOTA.png\" \/>\n\t<meta property=\"og:image:width\" content=\"900\" \/>\n\t<meta property=\"og:image:height\" content=\"509\" \/>\n\t<meta property=\"og:image:type\" content=\"image\/png\" \/>\n<meta name=\"author\" content=\"Bruna Greco\" \/>\n<meta name=\"twitter:card\" content=\"summary_large_image\" \/>\n<meta name=\"twitter:label1\" content=\"Written by\" \/>\n\t<meta name=\"twitter:data1\" content=\"Bruna Greco\" \/>\n\t<meta name=\"twitter:label2\" content=\"Est. reading time\" \/>\n\t<meta name=\"twitter:data2\" content=\"2 minutos\" \/>\n<script type=\"application\/ld+json\" class=\"yoast-schema-graph\">{\"@context\":\"https:\/\/schema.org\",\"@graph\":[{\"@type\":\"WebPage\",\"@id\":\"https:\/\/www.manaus.am.gov.br\/semseg\/alerta-chuvas-intensas-6-3\/\",\"url\":\"https:\/\/www.manaus.am.gov.br\/semseg\/alerta-chuvas-intensas-6-3\/\",\"name\":\"Alerta para risco de alagamentos durante chuvas intensas\",\"isPartOf\":{\"@id\":\"https:\/\/www.manaus.am.gov.br\/semseg\/#website\"},\"primaryImageOfPage\":{\"@id\":\"https:\/\/www.manaus.am.gov.br\/semseg\/alerta-chuvas-intensas-6-3\/#primaryimage\"},\"image\":{\"@id\":\"https:\/\/www.manaus.am.gov.br\/semseg\/alerta-chuvas-intensas-6-3\/#primaryimage\"},\"thumbnailUrl\":\"https:\/\/www.manaus.am.gov.br\/semseg\/wp-content\/uploads\/sites\/25\/2025\/04\/BANNER-NOTA.png\",\"datePublished\":\"2026-03-06T20:16:22+00:00\",\"dateModified\":\"2026-03-06T20:24:27+00:00\",\"author\":{\"@id\":\"https:\/\/www.manaus.am.gov.br\/semseg\/#\/schema\/person\/05d223aea2bf115f9883a6ff3683d81b\"},\"description\":\"Prefeitura de Manaus alerta para risco severo de alagamentos e deslizamentos durante chuvas intensas nesta sexta-feira, 6\/3.\",\"breadcrumb\":{\"@id\":\"https:\/\/www.manaus.am.gov.br\/semseg\/alerta-chuvas-intensas-6-3\/#breadcrumb\"},\"inLanguage\":\"pt-BR\",\"potentialAction\":[{\"@type\":\"ReadAction\",\"target\":[\"https:\/\/www.manaus.am.gov.br\/semseg\/alerta-chuvas-intensas-6-3\/\"]}]},{\"@type\":\"ImageObject\",\"inLanguage\":\"pt-BR\",\"@id\":\"https:\/\/www.manaus.am.gov.br\/semseg\/alerta-chuvas-intensas-6-3\/#primaryimage\",\"url\":\"https:\/\/www.manaus.am.gov.br\/semseg\/wp-content\/uploads\/sites\/25\/2025\/04\/BANNER-NOTA.png\",\"contentUrl\":\"https:\/\/www.manaus.am.gov.br\/semseg\/wp-content\/uploads\/sites\/25\/2025\/04\/BANNER-NOTA.png\",\"width\":900,\"height\":509,\"caption\":\"37 ocorr\u00eancias ap\u00f3s fortes chuvas\"},{\"@type\":\"BreadcrumbList\",\"@id\":\"https:\/\/www.manaus.am.gov.br\/semseg\/alerta-chuvas-intensas-6-3\/#breadcrumb\",\"itemListElement\":[{\"@type\":\"ListItem\",\"position\":1,\"name\":\"Home\",\"item\":\"https:\/\/www.manaus.am.gov.br\/semseg\/\"},{\"@type\":\"ListItem\",\"position\":2,\"name\":\"Prefeitura de Manaus alerta para risco severo de alagamentos e deslizamentos durante chuvas nesta sexta-feira, 6\/3\"}]},{\"@type\":\"WebSite\",\"@id\":\"https:\/\/www.manaus.am.gov.br\/semseg\/#website\",\"url\":\"https:\/\/www.manaus.am.gov.br\/semseg\/\",\"name\":\"SEMSEG\",\"description\":\"Prefeitura de Manaus\",\"potentialAction\":[{\"@type\":\"SearchAction\",\"target\":{\"@type\":\"EntryPoint\",\"urlTemplate\":\"https:\/\/www.manaus.am.gov.br\/semseg\/?s={search_term_string}\"},\"query-input\":\"required name=search_term_string\"}],\"inLanguage\":\"pt-BR\"},{\"@type\":\"Person\",\"@id\":\"https:\/\/www.manaus.am.gov.br\/semseg\/#\/schema\/person\/05d223aea2bf115f9883a6ff3683d81b\",\"name\":\"Bruna Greco\",\"image\":{\"@type\":\"ImageObject\",\"inLanguage\":\"pt-BR\",\"@id\":\"https:\/\/www.manaus.am.gov.br\/semseg\/#\/schema\/person\/image\/\",\"url\":\"https:\/\/secure.gravatar.com\/avatar\/9c877d1a6adc2a055330e5c09a8653ce?s=96&d=mm&r=g\",\"contentUrl\":\"https:\/\/secure.gravatar.com\/avatar\/9c877d1a6adc2a055330e5c09a8653ce?s=96&d=mm&r=g\",\"caption\":\"Bruna Greco\"}}]}<\/script>\n<!-- \/ Yoast SEO plugin. -->","yoast_head_json":{"title":"Alerta para risco de alagamentos durante chuvas intensas","description":"Prefeitura de Manaus alerta para risco severo de alagamentos e deslizamentos durante chuvas intensas nesta sexta-feira, 6\/3.","robots":{"index":"noindex","follow":"follow"},"og_locale":"pt_BR","og_type":"article","og_title":"Alerta para risco de alagamentos durante chuvas intensas","og_description":"Prefeitura de Manaus alerta para risco severo de alagamentos e deslizamentos durante chuvas intensas nesta sexta-feira, 6\/3.","og_url":"https:\/\/www.manaus.am.gov.br\/semseg\/alerta-chuvas-intensas-6-3\/","og_site_name":"SEMSEG","article_published_time":"2026-03-06T20:16:22+00:00","article_modified_time":"2026-03-06T20:24:27+00:00","og_image":[{"width":900,"height":509,"url":"https:\/\/www.manaus.am.gov.br\/semseg\/wp-content\/uploads\/sites\/25\/2025\/04\/BANNER-NOTA.png","type":"image\/png"}],"author":"Bruna Greco","twitter_card":"summary_large_image","twitter_misc":{"Written by":"Bruna Greco","Est. reading time":"2 minutos"},"schema":{"@context":"https:\/\/schema.org","@graph":[{"@type":"WebPage","@id":"https:\/\/www.manaus.am.gov.br\/semseg\/alerta-chuvas-intensas-6-3\/","url":"https:\/\/www.manaus.am.gov.br\/semseg\/alerta-chuvas-intensas-6-3\/","name":"Alerta para risco de alagamentos durante chuvas intensas","isPartOf":{"@id":"https:\/\/www.manaus.am.gov.br\/semseg\/#website"},"primaryImageOfPage":{"@id":"https:\/\/www.manaus.am.gov.br\/semseg\/alerta-chuvas-intensas-6-3\/#primaryimage"},"image":{"@id":"https:\/\/www.manaus.am.gov.br\/semseg\/alerta-chuvas-intensas-6-3\/#primaryimage"},"thumbnailUrl":"https:\/\/www.manaus.am.gov.br\/semseg\/wp-content\/uploads\/sites\/25\/2025\/04\/BANNER-NOTA.png","datePublished":"2026-03-06T20:16:22+00:00","dateModified":"2026-03-06T20:24:27+00:00","author":{"@id":"https:\/\/www.manaus.am.gov.br\/semseg\/#\/schema\/person\/05d223aea2bf115f9883a6ff3683d81b"},"description":"Prefeitura de Manaus alerta para risco severo de alagamentos e deslizamentos durante chuvas intensas nesta sexta-feira, 6\/3.","breadcrumb":{"@id":"https:\/\/www.manaus.am.gov.br\/semseg\/alerta-chuvas-intensas-6-3\/#breadcrumb"},"inLanguage":"pt-BR","potentialAction":[{"@type":"ReadAction","target":["https:\/\/www.manaus.am.gov.br\/semseg\/alerta-chuvas-intensas-6-3\/"]}]},{"@type":"ImageObject","inLanguage":"pt-BR","@id":"https:\/\/www.manaus.am.gov.br\/semseg\/alerta-chuvas-intensas-6-3\/#primaryimage","url":"https:\/\/www.manaus.am.gov.br\/semseg\/wp-content\/uploads\/sites\/25\/2025\/04\/BANNER-NOTA.png","contentUrl":"https:\/\/www.manaus.am.gov.br\/semseg\/wp-content\/uploads\/sites\/25\/2025\/04\/BANNER-NOTA.png","width":900,"height":509,"caption":"37 ocorr\u00eancias ap\u00f3s fortes chuvas"},{"@type":"BreadcrumbList","@id":"https:\/\/www.manaus.am.gov.br\/semseg\/alerta-chuvas-intensas-6-3\/#breadcrumb","itemListElement":[{"@type":"ListItem","position":1,"name":"Home","item":"https:\/\/www.manaus.am.gov.br\/semseg\/"},{"@type":"ListItem","position":2,"name":"Prefeitura de Manaus alerta para risco severo de alagamentos e deslizamentos durante chuvas nesta sexta-feira, 6\/3"}]},{"@type":"WebSite","@id":"https:\/\/www.manaus.am.gov.br\/semseg\/#website","url":"https:\/\/www.manaus.am.gov.br\/semseg\/","name":"SEMSEG","description":"Prefeitura de Manaus","potentialAction":[{"@type":"SearchAction","target":{"@type":"EntryPoint","urlTemplate":"https:\/\/www.manaus.am.gov.br\/semseg\/?s={search_term_string}"},"query-input":"required name=search_term_string"}],"inLanguage":"pt-BR"},{"@type":"Person","@id":"https:\/\/www.manaus.am.gov.br\/semseg\/#\/schema\/person\/05d223aea2bf115f9883a6ff3683d81b","name":"Bruna Greco","image":{"@type":"ImageObject","inLanguage":"pt-BR","@id":"https:\/\/www.manaus.am.gov.br\/semseg\/#\/schema\/person\/image\/","url":"https:\/\/secure.gravatar.com\/avatar\/9c877d1a6adc2a055330e5c09a8653ce?s=96&d=mm&r=g","contentUrl":"https:\/\/secure.gravatar.com\/avatar\/9c877d1a6adc2a055330e5c09a8653ce?s=96&d=mm&r=g","caption":"Bruna Greco"}}]}},"_links":{"self":[{"href":"https:\/\/www.manaus.am.gov.br\/semseg\/wp-json\/wp\/v2\/posts\/2502"}],"collection":[{"href":"https:\/\/www.manaus.am.gov.br\/semseg\/wp-json\/wp\/v2\/posts"}],"about":[{"href":"https:\/\/www.manaus.am.gov.br\/semseg\/wp-json\/wp\/v2\/types\/post"}],"author":[{"embeddable":true,"href":"https:\/\/www.manaus.am.gov.br\/semseg\/wp-json\/wp\/v2\/users\/39"}],"replies":[{"embeddable":true,"href":"https:\/\/www.manaus.am.gov.br\/semseg\/wp-json\/wp\/v2\/comments?post=2502"}],"version-history":[{"count":1,"href":"https:\/\/www.manaus.am.gov.br\/semseg\/wp-json\/wp\/v2\/posts\/2502\/revisions"}],"predecessor-version":[{"id":2503,"href":"https:\/\/www.manaus.am.gov.br\/semseg\/wp-json\/wp\/v2\/posts\/2502\/revisions\/2503"}],"wp:featuredmedia":[{"embeddable":true,"href":"https:\/\/www.manaus.am.gov.br\/semseg\/wp-json\/wp\/v2\/media\/1802"}],"wp:attachment":[{"href":"https:\/\/www.manaus.am.gov.br\/semseg\/wp-json\/wp\/v2\/media?parent=2502"}],"wp:term":[{"taxonomy":"category","embeddable":true,"href":"https:\/\/www.manaus.am.gov.br\/semseg\/wp-json\/wp\/v2\/categories?post=2502"},{"taxonomy":"post_tag","embeddable":true,"href":"https:\/\/www.manaus.am.gov.br\/semseg\/wp-json\/wp\/v2\/tags?post=2502"}],"curies":[{"name":"wp","href":"https:\/\/api.w.org\/{rel}","templated":true}]}}