{"id":4,"date":"2023-01-02T15:35:00","date_gmt":"2023-01-02T19:35:00","guid":{"rendered":"https:\/\/www.manaus.am.gov.br\/semsa\/2023\/01\/02\/bebes-sem-comorbidades-sao-incluidos-na-imunizacao-contra-a-covid-19-pela-prefeitura-de-manaus\/"},"modified":"2023-02-08T09:32:51","modified_gmt":"2023-02-08T13:32:51","slug":"bebes-sem-comorbidades-sao-incluidos-na-imunizacao-contra-a-covid-19-pela-prefeitura-de-manaus","status":"publish","type":"post","link":"https:\/\/www.manaus.am.gov.br\/semsa\/bebes-sem-comorbidades-sao-incluidos-na-imunizacao-contra-a-covid-19-pela-prefeitura-de-manaus\/","title":{"rendered":"Beb\u00eas sem comorbidades s\u00e3o inclu\u00eddos na imuniza\u00e7\u00e3o contra a Covid-19 pela Prefeitura de Manaus"},"content":{"rendered":"\n<p>A Prefeitura de Manaus incluiu, nesta segunda-feira, 2\/1, os beb\u00eas a partir de 6 meses de idade, sem comorbidades, no p\u00fablico apto \u00e0 vacina\u00e7\u00e3o contra a Covid-19 na capital, conforme orienta\u00e7\u00e3o do Minist\u00e9rio da Sa\u00fade. A Secretaria Municipal de Sa\u00fade (Semsa) orienta os pais a levarem as crian\u00e7as em uma das quatro unidades de refer\u00eancia para o p\u00fablico de 6 meses a menores de 3 anos (2 anos, 11 meses e 29 dias).<\/p>\n\n\n\n<p>A secret\u00e1ria municipal de Sa\u00fade, Sh\u00e1dia Fraxe, acompanhou o in\u00edcio da vacina\u00e7\u00e3o desse p\u00fablico na Unidade de Sa\u00fade da Fam\u00edlia (USF) Jos\u00e9 Rayol dos Santos, na avenida Constantino Nery, s\/n\u00ba, bairro Chapada, zona Centro-Sul, onde refor\u00e7ou a seguran\u00e7a dos imunizantes e incentivou os pais a buscarem o servi\u00e7o.<\/p>\n\n\n\n<p>\u201cEstamos iniciando o ano de 2023 com mais um avan\u00e7o important\u00edssimo na campanha de vacina\u00e7\u00e3o contra a Covid, que j\u00e1 est\u00e1 sendo realizada pela secretaria h\u00e1 dois anos. O Minist\u00e9rio da Sa\u00fade considera que o p\u00fablico infantil tamb\u00e9m corre um risco elevado de ter a doen\u00e7a agravada, e a vacina \u00e9 fundamental para prevenir os quadros graves da Covid, com total seguran\u00e7a e efic\u00e1cia\u201d, pontuou.<\/p>\n\n\n\n<p>Sh\u00e1dia tamb\u00e9m lembrou que a secretaria j\u00e1 vinha vacinando crian\u00e7as nessa faixa et\u00e1ria, com comorbidades, desde o dia 16 de novembro do ano passado. Entretanto, a procura continua muito baixa, com apenas 221 doses aplicadas, at\u00e9 a manh\u00e3 desta segunda-feira, de um p\u00fablico estimado em cerca de 2 mil crian\u00e7as.<\/p>\n\n\n\n<p>\u201cNaquele momento, seguindo recomenda\u00e7\u00e3o do Minist\u00e9rio da Sa\u00fade, n\u00f3s liberamos que as sobras da vacina fossem aplicadas nos beb\u00eas sem comorbidades, para evitar o desperd\u00edcio das mesmas, visto que o frasco cont\u00e9m dez doses e tem validade de apenas 12 horas ap\u00f3s aberto. Agora temos um desafio muito maior, pois s\u00e3o cerca de 70,1 mil crian\u00e7as de seis meses a dois anos sem comorbidade na cidade, e precisamos do apoio da popula\u00e7\u00e3o nesse trabalho\u201d, completou.<\/p>\n\n\n\n<p>O imunizante usado neste p\u00fablico \u00e9 da marca Pfizer Biontech, assim como para crian\u00e7as com comorbidades, e possui concentra\u00e7\u00e3o diferente da vacina destinada aos demais p\u00fablicos. Chamado de Pfizer Baby, o imunizante tem esquema vacinal inicial de tr\u00eas doses, com intervalo de quatro semanas entre a primeira e a segunda dose e de oito semanas entre a segunda e a terceira dose.<\/p>\n\n\n\n<h2 class=\"wp-block-heading\">Al\u00edvio<\/h2>\n\n\n\n<p>A advogada Socorro Oliveira levou sua filha, a pequena Mayra, de 3 anos, para receber a primeira dose da vacina contra a Covid-19 na UBS Jos\u00e9 Rayol dos Santos. Socorro contou que todas as demais crian\u00e7as de sua fam\u00edlia foram levadas para receber o imunizante, e incentivou a participa\u00e7\u00e3o da sociedade.<\/p>\n\n\n\n<p>\u201cPrevenir \u00e9 sempre melhor, e a preven\u00e7\u00e3o das doen\u00e7as vem atrav\u00e9s das vacinas, que s\u00e3o eficazes, est\u00e1 comprovado. Ent\u00e3o a maior prote\u00e7\u00e3o que a gente pode dar para as nossas crian\u00e7as, depois da amamenta\u00e7\u00e3o, \u00e9 a vacina\u00e7\u00e3o. Recomendamos a todas as m\u00e3es, pais e pessoas respons\u00e1veis por crian\u00e7as que as tragam, venham para a unidade pois o atendimento \u00e9 bom, r\u00e1pido e organizado\u201d, destacou.<\/p>\n\n\n\n<p>A psic\u00f3loga Carolina Rocha, m\u00e3e da Maria Clara, de 1 ano e meio, tamb\u00e9m aproveitou o primeiro dia de libera\u00e7\u00e3o para proteger a filha contra a Covid-19. \u201cEu sempre repito que toda vacina \u00e9 importante, e n\u00f3s est\u00e1vamos ansiosos pelo imunizante contra a Covid para acalmar o cora\u00e7\u00e3o. Agora que o mundo voltou ao normal e a gente voltou a viajar e passear, o mais importante para n\u00f3s \u00e9 que ela esteja protegida\u201d, disse.<\/p>\n\n\n\n<h2 class=\"wp-block-heading\">Servi\u00e7o<\/h2>\n\n\n\n<p>Sh\u00e1dia Fraxe informou que as crian\u00e7as de 6 meses a menores de 3 anos devem ser levadas para a vacina\u00e7\u00e3o contra a Covid-19, de 8h \u00e0s 17h, de segunda a sexta-feira, ou de 8h \u00e0s 12h, aos s\u00e1bados. As quatro unidades de refer\u00eancia s\u00e3o a&nbsp;UBS \u00c1ugias Gadelha, na zona Norte; UBS Jos\u00e9 Rayol dos Santos, na zona Centro-Sul; UBS Deodato de Miranda Le\u00e3o, na zona Oeste; e UBS Alfredo Campos, na zona Leste.<\/p>\n\n\n\n<p>\u00c9 preciso que o respons\u00e1vel maior de 18 anos apresente documento de identifica\u00e7\u00e3o com foto ou certid\u00e3o de nascimento da crian\u00e7a, caderneta de vacina\u00e7\u00e3o, e Cart\u00e3o Nacional de Sa\u00fade (CNS) ou CPF.<\/p>\n\n\n\n<p>Na zona rural, ainda de acordo com a secret\u00e1ria, o p\u00fablico infantil ser\u00e1 vacinado conforme as estrat\u00e9gias desenvolvidas para cada localidade, seja terrestre, ribeirinha ou fluvial. A vacina ser\u00e1 levada pelos agentes de sa\u00fade por meio das unidades de sa\u00fade terrestres e fluviais, e tamb\u00e9m por meio de busca ativa nas comunidades mais distantes.<\/p>\n\n\n\n<hr class=\"wp-block-separator has-alpha-channel-opacity\"\/>\n\n\n\n<p><strong>Texto<\/strong>&nbsp;\u2013 Victor Cruz \/ Semsa<br><strong>Fotos<\/strong>&nbsp;\u2013 Divulga\u00e7\u00e3o \/ Semsa<\/p>\n","protected":false},"excerpt":{"rendered":"","protected":false},"author":27,"featured_media":5,"comment_status":"closed","ping_status":"closed","sticky":false,"template":"","format":"standard","meta":{"footnotes":""},"categories":[2],"tags":[],"acf":[],"yoast_head":"<!-- This site is optimized with the Yoast SEO plugin v23.0 - https:\/\/yoast.com\/wordpress\/plugins\/seo\/ -->\n<title>Beb\u00eas sem comorbidades s\u00e3o inclu\u00eddos na imuniza\u00e7\u00e3o contra a Covid-19 pela Prefeitura de Manaus - SEMSA<\/title>\n<meta name=\"robots\" content=\"index, follow, max-snippet:-1, max-image-preview:large, max-video-preview:-1\" \/>\n<link rel=\"canonical\" href=\"https:\/\/www.manaus.am.gov.br\/semsa\/bebes-sem-comorbidades-sao-incluidos-na-imunizacao-contra-a-covid-19-pela-prefeitura-de-manaus\/\" \/>\n<meta property=\"og:locale\" content=\"pt_BR\" \/>\n<meta property=\"og:type\" content=\"article\" \/>\n<meta property=\"og:title\" content=\"Beb\u00eas sem comorbidades s\u00e3o inclu\u00eddos na imuniza\u00e7\u00e3o contra a Covid-19 pela Prefeitura de Manaus - SEMSA\" \/>\n<meta property=\"og:url\" content=\"https:\/\/www.manaus.am.gov.br\/semsa\/bebes-sem-comorbidades-sao-incluidos-na-imunizacao-contra-a-covid-19-pela-prefeitura-de-manaus\/\" \/>\n<meta property=\"og:site_name\" content=\"SEMSA\" \/>\n<meta property=\"article:published_time\" content=\"2023-01-02T19:35:00+00:00\" \/>\n<meta property=\"article:modified_time\" content=\"2023-02-08T13:32:51+00:00\" \/>\n<meta property=\"og:image\" content=\"https:\/\/www.manaus.am.gov.br\/semsa\/wp-content\/uploads\/sites\/8\/2023\/01\/Bebes-sem-comorbidades-sao-incluidos-na-imunizacao-contra-a-Covid-19-pela-Prefeitura-de-Manaus.jpg\" \/>\n\t<meta property=\"og:image:width\" content=\"720\" \/>\n\t<meta property=\"og:image:height\" content=\"407\" \/>\n\t<meta property=\"og:image:type\" content=\"image\/jpeg\" \/>\n<meta name=\"author\" content=\"Imarketing Digital\" \/>\n<meta name=\"twitter:card\" content=\"summary_large_image\" \/>\n<meta name=\"twitter:label1\" content=\"Written by\" \/>\n\t<meta name=\"twitter:data1\" content=\"Imarketing Digital\" \/>\n\t<meta name=\"twitter:label2\" content=\"Est. reading time\" \/>\n\t<meta name=\"twitter:data2\" content=\"5 minutos\" \/>\n<script type=\"application\/ld+json\" class=\"yoast-schema-graph\">{\"@context\":\"https:\/\/schema.org\",\"@graph\":[{\"@type\":\"WebPage\",\"@id\":\"https:\/\/www.manaus.am.gov.br\/semsa\/bebes-sem-comorbidades-sao-incluidos-na-imunizacao-contra-a-covid-19-pela-prefeitura-de-manaus\/\",\"url\":\"https:\/\/www.manaus.am.gov.br\/semsa\/bebes-sem-comorbidades-sao-incluidos-na-imunizacao-contra-a-covid-19-pela-prefeitura-de-manaus\/\",\"name\":\"Beb\u00eas sem comorbidades s\u00e3o inclu\u00eddos na imuniza\u00e7\u00e3o contra a Covid-19 pela Prefeitura de Manaus - SEMSA\",\"isPartOf\":{\"@id\":\"https:\/\/www.manaus.am.gov.br\/semsa\/#website\"},\"primaryImageOfPage\":{\"@id\":\"https:\/\/www.manaus.am.gov.br\/semsa\/bebes-sem-comorbidades-sao-incluidos-na-imunizacao-contra-a-covid-19-pela-prefeitura-de-manaus\/#primaryimage\"},\"image\":{\"@id\":\"https:\/\/www.manaus.am.gov.br\/semsa\/bebes-sem-comorbidades-sao-incluidos-na-imunizacao-contra-a-covid-19-pela-prefeitura-de-manaus\/#primaryimage\"},\"thumbnailUrl\":\"https:\/\/www.manaus.am.gov.br\/semsa\/wp-content\/uploads\/sites\/8\/2023\/01\/Bebes-sem-comorbidades-sao-incluidos-na-imunizacao-contra-a-Covid-19-pela-Prefeitura-de-Manaus.jpg\",\"datePublished\":\"2023-01-02T19:35:00+00:00\",\"dateModified\":\"2023-02-08T13:32:51+00:00\",\"author\":{\"@id\":\"https:\/\/www.manaus.am.gov.br\/semsa\/#\/schema\/person\/79525a47ac5902f50493820d995728ee\"},\"inLanguage\":\"pt-BR\",\"potentialAction\":[{\"@type\":\"ReadAction\",\"target\":[\"https:\/\/www.manaus.am.gov.br\/semsa\/bebes-sem-comorbidades-sao-incluidos-na-imunizacao-contra-a-covid-19-pela-prefeitura-de-manaus\/\"]}]},{\"@type\":\"ImageObject\",\"inLanguage\":\"pt-BR\",\"@id\":\"https:\/\/www.manaus.am.gov.br\/semsa\/bebes-sem-comorbidades-sao-incluidos-na-imunizacao-contra-a-covid-19-pela-prefeitura-de-manaus\/#primaryimage\",\"url\":\"https:\/\/www.manaus.am.gov.br\/semsa\/wp-content\/uploads\/sites\/8\/2023\/01\/Bebes-sem-comorbidades-sao-incluidos-na-imunizacao-contra-a-Covid-19-pela-Prefeitura-de-Manaus.jpg\",\"contentUrl\":\"https:\/\/www.manaus.am.gov.br\/semsa\/wp-content\/uploads\/sites\/8\/2023\/01\/Bebes-sem-comorbidades-sao-incluidos-na-imunizacao-contra-a-Covid-19-pela-Prefeitura-de-Manaus.jpg\",\"width\":720,\"height\":407,\"caption\":\"Beb\u00eas sem comorbidades s\u00e3o inclu\u00eddos na imuniza\u00e7\u00e3o contra a Covid-19 pela Prefeitura de Manaus\"},{\"@type\":\"WebSite\",\"@id\":\"https:\/\/www.manaus.am.gov.br\/semsa\/#website\",\"url\":\"https:\/\/www.manaus.am.gov.br\/semsa\/\",\"name\":\"SEMSA\",\"description\":\"Secretaria Municipal de Sa\u00fade\",\"alternateName\":\"Secretaria Municipal de Sa\u00fade\",\"potentialAction\":[{\"@type\":\"SearchAction\",\"target\":{\"@type\":\"EntryPoint\",\"urlTemplate\":\"https:\/\/www.manaus.am.gov.br\/semsa\/?s={search_term_string}\"},\"query-input\":\"required name=search_term_string\"}],\"inLanguage\":\"pt-BR\"},{\"@type\":\"Person\",\"@id\":\"https:\/\/www.manaus.am.gov.br\/semsa\/#\/schema\/person\/79525a47ac5902f50493820d995728ee\",\"name\":\"Imarketing Digital\",\"image\":{\"@type\":\"ImageObject\",\"inLanguage\":\"pt-BR\",\"@id\":\"https:\/\/www.manaus.am.gov.br\/semsa\/#\/schema\/person\/image\/\",\"url\":\"https:\/\/secure.gravatar.com\/avatar\/03432d3c57b756ed9760f7019c815a3a?s=96&d=mm&r=g\",\"contentUrl\":\"https:\/\/secure.gravatar.com\/avatar\/03432d3c57b756ed9760f7019c815a3a?s=96&d=mm&r=g\",\"caption\":\"Imarketing Digital\"}}]}<\/script>\n<!-- \/ Yoast SEO plugin. -->","yoast_head_json":{"title":"Beb\u00eas sem comorbidades s\u00e3o inclu\u00eddos na imuniza\u00e7\u00e3o contra a Covid-19 pela Prefeitura de Manaus - SEMSA","robots":{"index":"index","follow":"follow","max-snippet":"max-snippet:-1","max-image-preview":"max-image-preview:large","max-video-preview":"max-video-preview:-1"},"canonical":"https:\/\/www.manaus.am.gov.br\/semsa\/bebes-sem-comorbidades-sao-incluidos-na-imunizacao-contra-a-covid-19-pela-prefeitura-de-manaus\/","og_locale":"pt_BR","og_type":"article","og_title":"Beb\u00eas sem comorbidades s\u00e3o inclu\u00eddos na imuniza\u00e7\u00e3o contra a Covid-19 pela Prefeitura de Manaus - SEMSA","og_url":"https:\/\/www.manaus.am.gov.br\/semsa\/bebes-sem-comorbidades-sao-incluidos-na-imunizacao-contra-a-covid-19-pela-prefeitura-de-manaus\/","og_site_name":"SEMSA","article_published_time":"2023-01-02T19:35:00+00:00","article_modified_time":"2023-02-08T13:32:51+00:00","og_image":[{"width":720,"height":407,"url":"https:\/\/www.manaus.am.gov.br\/semsa\/wp-content\/uploads\/sites\/8\/2023\/01\/Bebes-sem-comorbidades-sao-incluidos-na-imunizacao-contra-a-Covid-19-pela-Prefeitura-de-Manaus.jpg","type":"image\/jpeg"}],"author":"Imarketing Digital","twitter_card":"summary_large_image","twitter_misc":{"Written by":"Imarketing Digital","Est. reading time":"5 minutos"},"schema":{"@context":"https:\/\/schema.org","@graph":[{"@type":"WebPage","@id":"https:\/\/www.manaus.am.gov.br\/semsa\/bebes-sem-comorbidades-sao-incluidos-na-imunizacao-contra-a-covid-19-pela-prefeitura-de-manaus\/","url":"https:\/\/www.manaus.am.gov.br\/semsa\/bebes-sem-comorbidades-sao-incluidos-na-imunizacao-contra-a-covid-19-pela-prefeitura-de-manaus\/","name":"Beb\u00eas sem comorbidades s\u00e3o inclu\u00eddos na imuniza\u00e7\u00e3o contra a Covid-19 pela Prefeitura de Manaus - SEMSA","isPartOf":{"@id":"https:\/\/www.manaus.am.gov.br\/semsa\/#website"},"primaryImageOfPage":{"@id":"https:\/\/www.manaus.am.gov.br\/semsa\/bebes-sem-comorbidades-sao-incluidos-na-imunizacao-contra-a-covid-19-pela-prefeitura-de-manaus\/#primaryimage"},"image":{"@id":"https:\/\/www.manaus.am.gov.br\/semsa\/bebes-sem-comorbidades-sao-incluidos-na-imunizacao-contra-a-covid-19-pela-prefeitura-de-manaus\/#primaryimage"},"thumbnailUrl":"https:\/\/www.manaus.am.gov.br\/semsa\/wp-content\/uploads\/sites\/8\/2023\/01\/Bebes-sem-comorbidades-sao-incluidos-na-imunizacao-contra-a-Covid-19-pela-Prefeitura-de-Manaus.jpg","datePublished":"2023-01-02T19:35:00+00:00","dateModified":"2023-02-08T13:32:51+00:00","author":{"@id":"https:\/\/www.manaus.am.gov.br\/semsa\/#\/schema\/person\/79525a47ac5902f50493820d995728ee"},"inLanguage":"pt-BR","potentialAction":[{"@type":"ReadAction","target":["https:\/\/www.manaus.am.gov.br\/semsa\/bebes-sem-comorbidades-sao-incluidos-na-imunizacao-contra-a-covid-19-pela-prefeitura-de-manaus\/"]}]},{"@type":"ImageObject","inLanguage":"pt-BR","@id":"https:\/\/www.manaus.am.gov.br\/semsa\/bebes-sem-comorbidades-sao-incluidos-na-imunizacao-contra-a-covid-19-pela-prefeitura-de-manaus\/#primaryimage","url":"https:\/\/www.manaus.am.gov.br\/semsa\/wp-content\/uploads\/sites\/8\/2023\/01\/Bebes-sem-comorbidades-sao-incluidos-na-imunizacao-contra-a-Covid-19-pela-Prefeitura-de-Manaus.jpg","contentUrl":"https:\/\/www.manaus.am.gov.br\/semsa\/wp-content\/uploads\/sites\/8\/2023\/01\/Bebes-sem-comorbidades-sao-incluidos-na-imunizacao-contra-a-Covid-19-pela-Prefeitura-de-Manaus.jpg","width":720,"height":407,"caption":"Beb\u00eas sem comorbidades s\u00e3o inclu\u00eddos na imuniza\u00e7\u00e3o contra a Covid-19 pela Prefeitura de Manaus"},{"@type":"WebSite","@id":"https:\/\/www.manaus.am.gov.br\/semsa\/#website","url":"https:\/\/www.manaus.am.gov.br\/semsa\/","name":"SEMSA","description":"Secretaria Municipal de Sa\u00fade","alternateName":"Secretaria Municipal de Sa\u00fade","potentialAction":[{"@type":"SearchAction","target":{"@type":"EntryPoint","urlTemplate":"https:\/\/www.manaus.am.gov.br\/semsa\/?s={search_term_string}"},"query-input":"required name=search_term_string"}],"inLanguage":"pt-BR"},{"@type":"Person","@id":"https:\/\/www.manaus.am.gov.br\/semsa\/#\/schema\/person\/79525a47ac5902f50493820d995728ee","name":"Imarketing Digital","image":{"@type":"ImageObject","inLanguage":"pt-BR","@id":"https:\/\/www.manaus.am.gov.br\/semsa\/#\/schema\/person\/image\/","url":"https:\/\/secure.gravatar.com\/avatar\/03432d3c57b756ed9760f7019c815a3a?s=96&d=mm&r=g","contentUrl":"https:\/\/secure.gravatar.com\/avatar\/03432d3c57b756ed9760f7019c815a3a?s=96&d=mm&r=g","caption":"Imarketing Digital"}}]}},"_links":{"self":[{"href":"https:\/\/www.manaus.am.gov.br\/semsa\/wp-json\/wp\/v2\/posts\/4"}],"collection":[{"href":"https:\/\/www.manaus.am.gov.br\/semsa\/wp-json\/wp\/v2\/posts"}],"about":[{"href":"https:\/\/www.manaus.am.gov.br\/semsa\/wp-json\/wp\/v2\/types\/post"}],"author":[{"embeddable":true,"href":"https:\/\/www.manaus.am.gov.br\/semsa\/wp-json\/wp\/v2\/users\/27"}],"replies":[{"embeddable":true,"href":"https:\/\/www.manaus.am.gov.br\/semsa\/wp-json\/wp\/v2\/comments?post=4"}],"version-history":[{"count":1,"href":"https:\/\/www.manaus.am.gov.br\/semsa\/wp-json\/wp\/v2\/posts\/4\/revisions"}],"predecessor-version":[{"id":210586,"href":"https:\/\/www.manaus.am.gov.br\/semsa\/wp-json\/wp\/v2\/posts\/4\/revisions\/210586"}],"wp:featuredmedia":[{"embeddable":true,"href":"https:\/\/www.manaus.am.gov.br\/semsa\/wp-json\/wp\/v2\/media\/5"}],"wp:attachment":[{"href":"https:\/\/www.manaus.am.gov.br\/semsa\/wp-json\/wp\/v2\/media?parent=4"}],"wp:term":[{"taxonomy":"category","embeddable":true,"href":"https:\/\/www.manaus.am.gov.br\/semsa\/wp-json\/wp\/v2\/categories?post=4"},{"taxonomy":"post_tag","embeddable":true,"href":"https:\/\/www.manaus.am.gov.br\/semsa\/wp-json\/wp\/v2\/tags?post=4"}],"curies":[{"name":"wp","href":"https:\/\/api.w.org\/{rel}","templated":true}]}}