{"id":230902,"date":"2026-09-02T17:41:19","date_gmt":"2026-09-02T21:41:19","guid":{"rendered":"https:\/\/www.manaus.am.gov.br\/semsa\/equipes-vacinacao-antirrabica-visitas-bairros\/"},"modified":"2026-09-03T12:42:46","modified_gmt":"2026-09-03T16:42:46","slug":"equipes-vacinacao-antirrabica-visitas-bairros","status":"publish","type":"post","link":"https:\/\/www.manaus.am.gov.br\/semsa\/equipes-vacinacao-antirrabica-visitas-bairros\/","title":{"rendered":"Equipes de vacina\u00e7\u00e3o antirr\u00e1bica da prefeitura iniciam visitas nos bairros nesta quinta-feira, 3\/9"},"content":{"rendered":"\n<p>Profissionais da <a href=\"https:\/\/www.manaus.am.gov.br\/\">Prefeitura de Manaus<\/a> iniciam nesta quinta-feira, 3\/9, as visitas de casa em casa para a imuniza\u00e7\u00e3o de c\u00e3es e gatos contra a raiva, como parte das a\u00e7\u00f5es da Campanha Municipal de Vacina\u00e7\u00e3o Antirr\u00e1bica Animal de 2026. A estrat\u00e9gia \u00e9 coordenada pelo Centro de Controle de Zoonoses (CCZ) Dr. Carlos Durand, da <a href=\"https:\/\/www.instagram.com\/semsamanaus\/\">Secretaria Municipal de Sa\u00fade<\/a> (Semsa), e prev\u00ea alcan\u00e7ar todos os bairros da zona urbana e comunidades da zona rural terrestre da capital.<\/p>\n\n\n\n<p>O gerente do CCZ Manaus, m\u00e9dico veterin\u00e1rio Rodrigo Ara\u00fajo, relata que as visitas domiciliares v\u00e3o ocorrer de segunda-feira a s\u00e1bado, em dias \u00fateis, sempre no per\u00edodo matutino, com equipes de vacinadores e registradores percorrendo os bairros das quatro zonas distritais urbanas de Manaus, Norte, Leste, Oeste e Sul durante toda a campanha, que segue at\u00e9 30 de novembro.<\/p>\n\n\n\n<p>\u201cNossos profissionais trabalham em duplas e estar\u00e3o identificados com camisetas da campanha. \u00c9 importante que os tutores fiquem atentos ao chamado nas ruas, recebam e apoiem as equipes, ajudando na conten\u00e7\u00e3o de seus c\u00e3es e gatos durante a aplica\u00e7\u00e3o da vacina\u201d, pontua o gerente.<\/p>\n\n\n\n<p>As equipes da campanha tamb\u00e9m v\u00e3o promover a\u00e7\u00f5es de vacina\u00e7\u00e3o em comunidades da zona rural terrestre de Manaus, situadas nos ramais e vicinais das rodovias AM-010 (Manaus-Itacoatiara) e BR-174 (Manaus-Boa Vista).<\/p>\n\n\n\n<p>Rodrigo explica que a vacina contra a raiva \u00e9 anual e obrigat\u00f3ria para c\u00e3es e gatos com idade a partir de tr\u00eas meses, em boas condi\u00e7\u00f5es de sa\u00fade. A imuniza\u00e7\u00e3o dos animais, por meio do Sistema \u00danico de Sa\u00fade (SUS), \u00e9 gratuita.<\/p>\n\n\n\n<p>\u201cA prefeitura oferta a vacina\u00e7\u00e3o de casa em casa, todos os anos, para proteger tanto os bichos quanto as pessoas, que podem ser infectadas por mordidas, lambidas&nbsp;ou arranh\u00f5es de animais doentes. A raiva \u00e9 um agravo altamente letal, por isso pedimos a ades\u00e3o de todos os tutores para que imunizem seus pets\u201d, assinala o veterin\u00e1rio.<\/p>\n\n\n\n<p><strong>Pontos fixos<\/strong><\/p>\n\n\n\n<p>Al\u00e9m das visitas nos bairros, a campanha municipal est\u00e1 ofertando o servi\u00e7o de vacina\u00e7\u00e3o em 22 pontos, dentre postos fixos, cl\u00ednicas e consult\u00f3rios veterin\u00e1rios parceiros da iniciativa. A rela\u00e7\u00e3o dos locais, distribu\u00eddos em todas as zonas geogr\u00e1ficas urbanas, Norte, Sul, Leste e Oeste, est\u00e1 dispon\u00edvel em&nbsp;<a href=\"https:\/\/bit.ly\/VacinacaoAntirrabica2026\" target=\"_blank\" rel=\"noreferrer noopener\">bit.ly\/VacinacaoAntirrabica2026<\/a>.<\/p>\n\n\n\n<p>\u201cMantivemos essa estrat\u00e9gia, j\u00e1 adotada em edi\u00e7\u00f5es anteriores, a fim de facilitar o acesso \u00e0 vacina para aqueles tutores que n\u00e3o podem receber a visita dos vacinadores em casa, por conta de trabalho ou estudo\u201d, ressalta Rodrigo Ara\u00fajo.<\/p>\n\n\n\n<p>Os postos fixos da campanha v\u00e3o funcionar na sede do CCZ, na avenida Brasil, s\/n\u00ba, bairro Compensa, zona Oeste, de segunda a sexta-feira, das 8h \u00e0s 16h, e aos s\u00e1bados, das 8h \u00e0s 12h; no Centro de Conviv\u00eancia Prefeito Jos\u00e9 Fernandes, na&nbsp;<a href=\"https:\/\/www.google.com\/maps\/search\/rua+Barreirinha,+n%C2%BA+14,+Quadra+45,%0D%0AS%C3%A3o+Jos%C3%A9+Oper%C3%A1rio?entry=gmail&amp;source=g\" target=\"_blank\" rel=\"noreferrer noopener\">rua Barreirinha, n\u00ba 14, Quadra 45, S\u00e3o Jos\u00e9 Oper\u00e1rio<\/a>, zona Leste, de segunda a s\u00e1bado, das 8h \u00e0s 12h; e na feira municipal Padre Rog\u00e9rio Ruvoletto, na&nbsp;<a href=\"https:\/\/www.google.com\/maps\/search\/rua+Samambaia,%0D%0A97,+Santa+Etelvina?entry=gmail&amp;source=g\" target=\"_blank\" rel=\"noreferrer noopener\">rua Samambaia, n\u00ba 97, Santa Etelvina<\/a>, zona Norte, de segunda a s\u00e1bado, das 8h \u00e0s 12h.<\/p>\n\n\n\n<p>Os tutores podem ainda levar seus caninos e felinos para receber a dose contra a raiva, de forma gratuita, em 19 consult\u00f3rios e cl\u00ednicas veterin\u00e1rias. \u201cCada estabelecimento tem diferentes dias e hor\u00e1rios de atendimento, por isso orientamos que o tutor consulte a lista dispon\u00edvel no site da Semsa antes de levar seu animal\u201d, alerta o gerente do CCZ.<\/p>\n\n\n\n<p><strong>Mobiliza\u00e7\u00e3o<\/strong><\/p>\n\n\n\n<p>A Campanha de Vacina\u00e7\u00e3o Antirr\u00e1bica Animal de 2026 iniciou na ter\u00e7a-feira, 1\u00ba\/9, com o treinamento dos profissionais que dever\u00e3o atuar na estrat\u00e9gia. A atividade ocorreu no audit\u00f3rio Luiz Geraldo Pontes Teixeira, na Secretaria Municipal de Educa\u00e7\u00e3o (Semed), reunindo m\u00e9dicos veterin\u00e1rios, vacinadores, tabuladores e auxiliares de campo e de base, contratados mediante processo seletivo.<\/p>\n\n\n\n<p>Conforme Rodrigo Ara\u00fajo, os profissionais v\u00e3o cumprir uma jornada de trabalho semanal de 36 horas, de segunda-feira a s\u00e1bado, exceto feriados, em suas respectivas fun\u00e7\u00f5es. Ele assinala que, nesta edi\u00e7\u00e3o, \u00e0 diferen\u00e7a das anteriores, o planejamento da campanha municipal incluiu a contrata\u00e7\u00e3o de m\u00e9dicos veterin\u00e1rios, tabuladores e auxiliares de campo e de base.<\/p>\n\n\n\n<p>\u201cAo lado das equipes do CCZ, esses profissionais v\u00e3o apoiar as a\u00e7\u00f5es de supervis\u00e3o e registro de produ\u00e7\u00e3o das atividades, coordena\u00e7\u00e3o e suporte aos vacinadores\u201d, explica o gerente.<\/p>\n\n\n\n<p>Rodrigo informa que a meta da estrat\u00e9gia \u00e9 imunizar 282.400 animais, dos quais 202.400 caninos e 80.000 felinos. \u201cA campanha de vacina\u00e7\u00e3o antirr\u00e1bica \u00e9 realizada anualmente pela gest\u00e3o municipal para controle e preven\u00e7\u00e3o da raiva, e vem assegurando que Manaus permane\u00e7a h\u00e1 mais de 40 anos sem registro de casos de raiva humana\u201d, concluiu.<\/p>\n\n\n\n<p>Para informa\u00e7\u00f5es adicionais ou esclarecimento de d\u00favidas sobre a campanha municipal, a popula\u00e7\u00e3o pode entrar em contato com o CCZ Manaus, por meio do Whatsapp, nos n\u00fameros (92) 98842-8359 e 98842-8484.<\/p>\n\n\n\n<figure class=\"wp-block-image size-large\"><img loading=\"lazy\" decoding=\"async\" width=\"1024\" height=\"682\" src=\"https:\/\/www.manaus.am.gov.br\/semsa\/wp-content\/uploads\/sites\/8\/2026\/09\/WhatsApp-Image-2026-09-02-at-17.34.51-1024x682.jpeg\" alt=\"Visita\" class=\"wp-image-230904\" srcset=\"https:\/\/www.manaus.am.gov.br\/semsa\/wp-content\/uploads\/sites\/8\/2026\/09\/WhatsApp-Image-2026-09-02-at-17.34.51-1024x682.jpeg 1024w, https:\/\/www.manaus.am.gov.br\/semsa\/wp-content\/uploads\/sites\/8\/2026\/09\/WhatsApp-Image-2026-09-02-at-17.34.51-300x200.jpeg 300w, https:\/\/www.manaus.am.gov.br\/semsa\/wp-content\/uploads\/sites\/8\/2026\/09\/WhatsApp-Image-2026-09-02-at-17.34.51-768x512.jpeg 768w, https:\/\/www.manaus.am.gov.br\/semsa\/wp-content\/uploads\/sites\/8\/2026\/09\/WhatsApp-Image-2026-09-02-at-17.34.51-1536x1023.jpeg 1536w, https:\/\/www.manaus.am.gov.br\/semsa\/wp-content\/uploads\/sites\/8\/2026\/09\/WhatsApp-Image-2026-09-02-at-17.34.51.jpeg 1600w\" sizes=\"(max-width: 1024px) 100vw, 1024px\" \/><figcaption class=\"wp-element-caption\">#paratodosverem &#8211; Equipe de vacina\u00e7\u00e3o antirr\u00e1bica percorrendo ruas de bairros de Manaus<\/figcaption><\/figure>\n\n\n\n<p>&#8212; &#8212; &#8212;&nbsp;<\/p>\n\n\n\n<p><strong>Texto &#8211;&nbsp;<\/strong>Jony Clay Borges\/Semsa<\/p>\n\n\n\n<p><strong>Fotos &#8211;&nbsp;<\/strong>Divulga\u00e7\u00e3o\/Semsa<\/p>\n","protected":false},"excerpt":{"rendered":"","protected":false},"author":39,"featured_media":230903,"comment_status":"closed","ping_status":"closed","sticky":false,"template":"","format":"standard","meta":{"footnotes":""},"categories":[16],"tags":[4405,378,54,28,381,4406],"acf":[],"yoast_head":"<!-- This site is optimized with the Yoast SEO plugin v23.0 - https:\/\/yoast.com\/wordpress\/plugins\/seo\/ -->\n<title>Equipes de vacina\u00e7\u00e3o antirr\u00e1bica iniciam visitas nos bairros<\/title>\n<meta name=\"description\" content=\"Equipes de vacina\u00e7\u00e3o antirr\u00e1bica da Prefeitura de Manaus iniciam visitas nos bairros nesta quinta-feira, 3\/9.\" \/>\n<meta name=\"robots\" content=\"index, follow, max-snippet:-1, max-image-preview:large, max-video-preview:-1\" \/>\n<link rel=\"canonical\" href=\"https:\/\/www.manaus.am.gov.br\/semsa\/equipes-vacinacao-antirrabica-visitas-bairros\/\" \/>\n<meta property=\"og:locale\" content=\"pt_BR\" \/>\n<meta property=\"og:type\" content=\"article\" \/>\n<meta property=\"og:title\" content=\"Equipes de vacina\u00e7\u00e3o antirr\u00e1bica iniciam visitas nos bairros\" \/>\n<meta property=\"og:description\" content=\"Equipes de vacina\u00e7\u00e3o antirr\u00e1bica da Prefeitura de Manaus iniciam visitas nos bairros nesta quinta-feira, 3\/9.\" \/>\n<meta property=\"og:url\" content=\"https:\/\/www.manaus.am.gov.br\/semsa\/equipes-vacinacao-antirrabica-visitas-bairros\/\" \/>\n<meta property=\"og:site_name\" content=\"SEMSA\" \/>\n<meta property=\"article:published_time\" content=\"2026-09-02T21:41:19+00:00\" \/>\n<meta property=\"article:modified_time\" content=\"2026-09-03T16:42:46+00:00\" \/>\n<meta property=\"og:image\" content=\"https:\/\/www.manaus.am.gov.br\/semsa\/wp-content\/uploads\/sites\/8\/2026\/09\/WhatsApp-Image-2026-09-02-at-17.34.51-1.jpeg\" \/>\n\t<meta property=\"og:image:width\" content=\"1600\" \/>\n\t<meta property=\"og:image:height\" content=\"1066\" \/>\n\t<meta property=\"og:image:type\" content=\"image\/jpeg\" \/>\n<meta name=\"author\" content=\"Bruna Greco\" \/>\n<meta name=\"twitter:card\" content=\"summary_large_image\" \/>\n<meta name=\"twitter:label1\" content=\"Written by\" \/>\n\t<meta name=\"twitter:data1\" content=\"Bruna Greco\" \/>\n\t<meta name=\"twitter:label2\" content=\"Est. reading time\" \/>\n\t<meta name=\"twitter:data2\" content=\"5 minutos\" \/>\n<script type=\"application\/ld+json\" class=\"yoast-schema-graph\">{\"@context\":\"https:\/\/schema.org\",\"@graph\":[{\"@type\":\"WebPage\",\"@id\":\"https:\/\/www.manaus.am.gov.br\/semsa\/equipes-vacinacao-antirrabica-visitas-bairros\/\",\"url\":\"https:\/\/www.manaus.am.gov.br\/semsa\/equipes-vacinacao-antirrabica-visitas-bairros\/\",\"name\":\"Equipes de vacina\u00e7\u00e3o antirr\u00e1bica iniciam visitas nos bairros\",\"isPartOf\":{\"@id\":\"https:\/\/www.manaus.am.gov.br\/semsa\/#website\"},\"primaryImageOfPage\":{\"@id\":\"https:\/\/www.manaus.am.gov.br\/semsa\/equipes-vacinacao-antirrabica-visitas-bairros\/#primaryimage\"},\"image\":{\"@id\":\"https:\/\/www.manaus.am.gov.br\/semsa\/equipes-vacinacao-antirrabica-visitas-bairros\/#primaryimage\"},\"thumbnailUrl\":\"https:\/\/www.manaus.am.gov.br\/semsa\/wp-content\/uploads\/sites\/8\/2026\/09\/WhatsApp-Image-2026-09-02-at-17.34.51-1.jpeg\",\"datePublished\":\"2026-09-02T21:41:19+00:00\",\"dateModified\":\"2026-09-03T16:42:46+00:00\",\"author\":{\"@id\":\"https:\/\/www.manaus.am.gov.br\/semsa\/#\/schema\/person\/05d223aea2bf115f9883a6ff3683d81b\"},\"description\":\"Equipes de vacina\u00e7\u00e3o antirr\u00e1bica da Prefeitura de Manaus iniciam visitas nos bairros nesta quinta-feira, 3\/9.\",\"inLanguage\":\"pt-BR\",\"potentialAction\":[{\"@type\":\"ReadAction\",\"target\":[\"https:\/\/www.manaus.am.gov.br\/semsa\/equipes-vacinacao-antirrabica-visitas-bairros\/\"]}]},{\"@type\":\"ImageObject\",\"inLanguage\":\"pt-BR\",\"@id\":\"https:\/\/www.manaus.am.gov.br\/semsa\/equipes-vacinacao-antirrabica-visitas-bairros\/#primaryimage\",\"url\":\"https:\/\/www.manaus.am.gov.br\/semsa\/wp-content\/uploads\/sites\/8\/2026\/09\/WhatsApp-Image-2026-09-02-at-17.34.51-1.jpeg\",\"contentUrl\":\"https:\/\/www.manaus.am.gov.br\/semsa\/wp-content\/uploads\/sites\/8\/2026\/09\/WhatsApp-Image-2026-09-02-at-17.34.51-1.jpeg\",\"width\":1600,\"height\":1066,\"caption\":\"#paratodosverem - Visita de casa em casa durante Campanha Municipal de Vacina\u00e7\u00e3o Antirr\u00e1bica Animal de 2026\"},{\"@type\":\"WebSite\",\"@id\":\"https:\/\/www.manaus.am.gov.br\/semsa\/#website\",\"url\":\"https:\/\/www.manaus.am.gov.br\/semsa\/\",\"name\":\"SEMSA\",\"description\":\"Secretaria Municipal de Sa\u00fade\",\"alternateName\":\"Secretaria Municipal de Sa\u00fade\",\"potentialAction\":[{\"@type\":\"SearchAction\",\"target\":{\"@type\":\"EntryPoint\",\"urlTemplate\":\"https:\/\/www.manaus.am.gov.br\/semsa\/?s={search_term_string}\"},\"query-input\":\"required name=search_term_string\"}],\"inLanguage\":\"pt-BR\"},{\"@type\":\"Person\",\"@id\":\"https:\/\/www.manaus.am.gov.br\/semsa\/#\/schema\/person\/05d223aea2bf115f9883a6ff3683d81b\",\"name\":\"Bruna Greco\",\"image\":{\"@type\":\"ImageObject\",\"inLanguage\":\"pt-BR\",\"@id\":\"https:\/\/www.manaus.am.gov.br\/semsa\/#\/schema\/person\/image\/\",\"url\":\"https:\/\/secure.gravatar.com\/avatar\/9c877d1a6adc2a055330e5c09a8653ce?s=96&d=mm&r=g\",\"contentUrl\":\"https:\/\/secure.gravatar.com\/avatar\/9c877d1a6adc2a055330e5c09a8653ce?s=96&d=mm&r=g\",\"caption\":\"Bruna Greco\"}}]}<\/script>\n<!-- \/ Yoast SEO plugin. -->","yoast_head_json":{"title":"Equipes de vacina\u00e7\u00e3o antirr\u00e1bica iniciam visitas nos bairros","description":"Equipes de vacina\u00e7\u00e3o antirr\u00e1bica da Prefeitura de Manaus iniciam visitas nos bairros nesta quinta-feira, 3\/9.","robots":{"index":"index","follow":"follow","max-snippet":"max-snippet:-1","max-image-preview":"max-image-preview:large","max-video-preview":"max-video-preview:-1"},"canonical":"https:\/\/www.manaus.am.gov.br\/semsa\/equipes-vacinacao-antirrabica-visitas-bairros\/","og_locale":"pt_BR","og_type":"article","og_title":"Equipes de vacina\u00e7\u00e3o antirr\u00e1bica iniciam visitas nos bairros","og_description":"Equipes de vacina\u00e7\u00e3o antirr\u00e1bica da Prefeitura de Manaus iniciam visitas nos bairros nesta quinta-feira, 3\/9.","og_url":"https:\/\/www.manaus.am.gov.br\/semsa\/equipes-vacinacao-antirrabica-visitas-bairros\/","og_site_name":"SEMSA","article_published_time":"2026-09-02T21:41:19+00:00","article_modified_time":"2026-09-03T16:42:46+00:00","og_image":[{"width":1600,"height":1066,"url":"https:\/\/www.manaus.am.gov.br\/semsa\/wp-content\/uploads\/sites\/8\/2026\/09\/WhatsApp-Image-2026-09-02-at-17.34.51-1.jpeg","type":"image\/jpeg"}],"author":"Bruna Greco","twitter_card":"summary_large_image","twitter_misc":{"Written by":"Bruna Greco","Est. reading time":"5 minutos"},"schema":{"@context":"https:\/\/schema.org","@graph":[{"@type":"WebPage","@id":"https:\/\/www.manaus.am.gov.br\/semsa\/equipes-vacinacao-antirrabica-visitas-bairros\/","url":"https:\/\/www.manaus.am.gov.br\/semsa\/equipes-vacinacao-antirrabica-visitas-bairros\/","name":"Equipes de vacina\u00e7\u00e3o antirr\u00e1bica iniciam visitas nos bairros","isPartOf":{"@id":"https:\/\/www.manaus.am.gov.br\/semsa\/#website"},"primaryImageOfPage":{"@id":"https:\/\/www.manaus.am.gov.br\/semsa\/equipes-vacinacao-antirrabica-visitas-bairros\/#primaryimage"},"image":{"@id":"https:\/\/www.manaus.am.gov.br\/semsa\/equipes-vacinacao-antirrabica-visitas-bairros\/#primaryimage"},"thumbnailUrl":"https:\/\/www.manaus.am.gov.br\/semsa\/wp-content\/uploads\/sites\/8\/2026\/09\/WhatsApp-Image-2026-09-02-at-17.34.51-1.jpeg","datePublished":"2026-09-02T21:41:19+00:00","dateModified":"2026-09-03T16:42:46+00:00","author":{"@id":"https:\/\/www.manaus.am.gov.br\/semsa\/#\/schema\/person\/05d223aea2bf115f9883a6ff3683d81b"},"description":"Equipes de vacina\u00e7\u00e3o antirr\u00e1bica da Prefeitura de Manaus iniciam visitas nos bairros nesta quinta-feira, 3\/9.","inLanguage":"pt-BR","potentialAction":[{"@type":"ReadAction","target":["https:\/\/www.manaus.am.gov.br\/semsa\/equipes-vacinacao-antirrabica-visitas-bairros\/"]}]},{"@type":"ImageObject","inLanguage":"pt-BR","@id":"https:\/\/www.manaus.am.gov.br\/semsa\/equipes-vacinacao-antirrabica-visitas-bairros\/#primaryimage","url":"https:\/\/www.manaus.am.gov.br\/semsa\/wp-content\/uploads\/sites\/8\/2026\/09\/WhatsApp-Image-2026-09-02-at-17.34.51-1.jpeg","contentUrl":"https:\/\/www.manaus.am.gov.br\/semsa\/wp-content\/uploads\/sites\/8\/2026\/09\/WhatsApp-Image-2026-09-02-at-17.34.51-1.jpeg","width":1600,"height":1066,"caption":"#paratodosverem - Visita de casa em casa durante Campanha Municipal de Vacina\u00e7\u00e3o Antirr\u00e1bica Animal de 2026"},{"@type":"WebSite","@id":"https:\/\/www.manaus.am.gov.br\/semsa\/#website","url":"https:\/\/www.manaus.am.gov.br\/semsa\/","name":"SEMSA","description":"Secretaria Municipal de Sa\u00fade","alternateName":"Secretaria Municipal de Sa\u00fade","potentialAction":[{"@type":"SearchAction","target":{"@type":"EntryPoint","urlTemplate":"https:\/\/www.manaus.am.gov.br\/semsa\/?s={search_term_string}"},"query-input":"required name=search_term_string"}],"inLanguage":"pt-BR"},{"@type":"Person","@id":"https:\/\/www.manaus.am.gov.br\/semsa\/#\/schema\/person\/05d223aea2bf115f9883a6ff3683d81b","name":"Bruna Greco","image":{"@type":"ImageObject","inLanguage":"pt-BR","@id":"https:\/\/www.manaus.am.gov.br\/semsa\/#\/schema\/person\/image\/","url":"https:\/\/secure.gravatar.com\/avatar\/9c877d1a6adc2a055330e5c09a8653ce?s=96&d=mm&r=g","contentUrl":"https:\/\/secure.gravatar.com\/avatar\/9c877d1a6adc2a055330e5c09a8653ce?s=96&d=mm&r=g","caption":"Bruna Greco"}}]}},"_links":{"self":[{"href":"https:\/\/www.manaus.am.gov.br\/semsa\/wp-json\/wp\/v2\/posts\/230902"}],"collection":[{"href":"https:\/\/www.manaus.am.gov.br\/semsa\/wp-json\/wp\/v2\/posts"}],"about":[{"href":"https:\/\/www.manaus.am.gov.br\/semsa\/wp-json\/wp\/v2\/types\/post"}],"author":[{"embeddable":true,"href":"https:\/\/www.manaus.am.gov.br\/semsa\/wp-json\/wp\/v2\/users\/39"}],"replies":[{"embeddable":true,"href":"https:\/\/www.manaus.am.gov.br\/semsa\/wp-json\/wp\/v2\/comments?post=230902"}],"version-history":[{"count":3,"href":"https:\/\/www.manaus.am.gov.br\/semsa\/wp-json\/wp\/v2\/posts\/230902\/revisions"}],"predecessor-version":[{"id":230914,"href":"https:\/\/www.manaus.am.gov.br\/semsa\/wp-json\/wp\/v2\/posts\/230902\/revisions\/230914"}],"wp:featuredmedia":[{"embeddable":true,"href":"https:\/\/www.manaus.am.gov.br\/semsa\/wp-json\/wp\/v2\/media\/230903"}],"wp:attachment":[{"href":"https:\/\/www.manaus.am.gov.br\/semsa\/wp-json\/wp\/v2\/media?parent=230902"}],"wp:term":[{"taxonomy":"category","embeddable":true,"href":"https:\/\/www.manaus.am.gov.br\/semsa\/wp-json\/wp\/v2\/categories?post=230902"},{"taxonomy":"post_tag","embeddable":true,"href":"https:\/\/www.manaus.am.gov.br\/semsa\/wp-json\/wp\/v2\/tags?post=230902"}],"curies":[{"name":"wp","href":"https:\/\/api.w.org\/{rel}","templated":true}]}}