{"id":228796,"date":"2026-04-30T16:42:38","date_gmt":"2026-04-30T20:42:38","guid":{"rendered":"https:\/\/www.manaus.am.gov.br\/semsa\/suspensao-temporaria-unidades\/"},"modified":"2026-04-30T16:58:29","modified_gmt":"2026-04-30T20:58:29","slug":"suspensao-temporaria-unidades","status":"publish","type":"post","link":"https:\/\/www.manaus.am.gov.br\/semsa\/suspensao-temporaria-unidades\/","title":{"rendered":"Prefeitura de Manaus informa suspens\u00e3o tempor\u00e1ria dos atendimentos das USFs Japiim e S-08\u00a0"},"content":{"rendered":"\n<p>A Prefeitura de Manaus, por meio da Secretaria Municipal de Sa\u00fade (Semsa), informa a suspens\u00e3o tempor\u00e1ria do atendimento na Unidade de Sa\u00fade da Fam\u00edlia (USF) S-08, localizada na rua Carlos Drummond de Andrade, s\/n, Japiim, a partir desta quinta-feira, 30\/4, para realiza\u00e7\u00e3o de obras de reforma na unidade. A previs\u00e3o \u00e9 que os servi\u00e7os sejam conclu\u00eddos em 90 dias.<\/p>\n\n\n\n<p>Os usu\u00e1rios que precisarem de atendimento nesse per\u00edodo poder\u00e3o procurar a USF Almir Pedreira, na rua Lagoa Verde, 1, Crespo.<\/p>\n\n\n\n<p>A gest\u00e3o da Semsa comunicou a necessidade das reformas na unidade \u00e0s lideran\u00e7as comunit\u00e1rias do bairro em uma reuni\u00e3o que ocorreu na segunda-feira, 27\/4, na Igreja Cat\u00f3lica Menino Jesus dos Povos, rua J\u00falia Lopes, s\/n, conjunto Nova Rep\u00fablica.<br><br>J\u00e1 a Unidade de Sa\u00fade da Fam\u00edlia (USF) Japiim, localizada na rua 31, s\/n, no bairro Japiim, ter\u00e1 seus atendimentos suspensos a partir da pr\u00f3xima segunda-feira, 4\/5, para realiza\u00e7\u00e3o de servi\u00e7os de reparo na infraestrutura da unidade.<\/p>\n\n\n\n<p>Os usu\u00e1rios que precisarem de atendimento nesse per\u00edodo poder\u00e3o procurar a USF Louren\u00e7o Borghi, localizada na Travessa S 6, s\/n, Japiim.&nbsp; A previs\u00e3o \u00e9 que os atendimentos voltem a ser ofertados na unidade no dia 11\/5.<\/p>\n\n\n\n<p>\u2014- \u2014- \u2014&#8211;<br><strong>Texto &#8211; <\/strong>Divulga\u00e7\u00e3o\/Semsa<\/p>\n\n\n\n<p><\/p>\n","protected":false},"excerpt":{"rendered":"","protected":false},"author":68,"featured_media":223048,"comment_status":"closed","ping_status":"closed","sticky":false,"template":"","format":"standard","meta":{"footnotes":""},"categories":[7],"tags":[54,28,4027,4028],"acf":[],"yoast_head":"<!-- This site is optimized with the Yoast SEO plugin v23.0 - https:\/\/yoast.com\/wordpress\/plugins\/seo\/ -->\n<title>Prefeitura informa suspens\u00e3o tempor\u00e1ria das USFs S-6 e S-08<\/title>\n<meta name=\"description\" content=\"A Prefeitura, por meio da Secretaria Municipal de Sa\u00fade (Semsa), informa a suspens\u00e3o tempor\u00e1ria do atendimento em unidades no Japiim.\" \/>\n<meta name=\"robots\" content=\"index, follow, max-snippet:-1, max-image-preview:large, max-video-preview:-1\" \/>\n<link rel=\"canonical\" href=\"https:\/\/www.manaus.am.gov.br\/semsa\/suspensao-temporaria-unidades\/\" \/>\n<meta property=\"og:locale\" content=\"pt_BR\" \/>\n<meta property=\"og:type\" content=\"article\" \/>\n<meta property=\"og:title\" content=\"Prefeitura informa suspens\u00e3o tempor\u00e1ria das USFs S-6 e S-08\" \/>\n<meta property=\"og:description\" content=\"A Prefeitura, por meio da Secretaria Municipal de Sa\u00fade (Semsa), informa a suspens\u00e3o tempor\u00e1ria do atendimento em unidades no Japiim.\" \/>\n<meta property=\"og:url\" content=\"https:\/\/www.manaus.am.gov.br\/semsa\/suspensao-temporaria-unidades\/\" \/>\n<meta property=\"og:site_name\" content=\"SEMSA\" \/>\n<meta property=\"article:published_time\" content=\"2026-04-30T20:42:38+00:00\" \/>\n<meta property=\"article:modified_time\" content=\"2026-04-30T20:58:29+00:00\" \/>\n<meta property=\"og:image\" content=\"https:\/\/www.manaus.am.gov.br\/semsa\/wp-content\/uploads\/sites\/8\/2025\/04\/BANNER-NOTA.png\" \/>\n\t<meta property=\"og:image:width\" content=\"900\" \/>\n\t<meta property=\"og:image:height\" content=\"509\" \/>\n\t<meta property=\"og:image:type\" content=\"image\/png\" \/>\n<meta name=\"author\" content=\"bvalente\" \/>\n<meta name=\"twitter:card\" content=\"summary_large_image\" \/>\n<meta name=\"twitter:label1\" content=\"Written by\" \/>\n\t<meta name=\"twitter:data1\" content=\"bvalente\" \/>\n\t<meta name=\"twitter:label2\" content=\"Est. reading time\" \/>\n\t<meta name=\"twitter:data2\" content=\"2 minutos\" \/>\n<script type=\"application\/ld+json\" class=\"yoast-schema-graph\">{\"@context\":\"https:\/\/schema.org\",\"@graph\":[{\"@type\":\"WebPage\",\"@id\":\"https:\/\/www.manaus.am.gov.br\/semsa\/suspensao-temporaria-unidades\/\",\"url\":\"https:\/\/www.manaus.am.gov.br\/semsa\/suspensao-temporaria-unidades\/\",\"name\":\"Prefeitura informa suspens\u00e3o tempor\u00e1ria das USFs S-6 e S-08\",\"isPartOf\":{\"@id\":\"https:\/\/www.manaus.am.gov.br\/semsa\/#website\"},\"primaryImageOfPage\":{\"@id\":\"https:\/\/www.manaus.am.gov.br\/semsa\/suspensao-temporaria-unidades\/#primaryimage\"},\"image\":{\"@id\":\"https:\/\/www.manaus.am.gov.br\/semsa\/suspensao-temporaria-unidades\/#primaryimage\"},\"thumbnailUrl\":\"https:\/\/www.manaus.am.gov.br\/semsa\/wp-content\/uploads\/sites\/8\/2025\/04\/BANNER-NOTA.png\",\"datePublished\":\"2026-04-30T20:42:38+00:00\",\"dateModified\":\"2026-04-30T20:58:29+00:00\",\"author\":{\"@id\":\"https:\/\/www.manaus.am.gov.br\/semsa\/#\/schema\/person\/466a0e03ae4b6062809046bd560ac955\"},\"description\":\"A Prefeitura, por meio da Secretaria Municipal de Sa\u00fade (Semsa), informa a suspens\u00e3o tempor\u00e1ria do atendimento em unidades no Japiim.\",\"inLanguage\":\"pt-BR\",\"potentialAction\":[{\"@type\":\"ReadAction\",\"target\":[\"https:\/\/www.manaus.am.gov.br\/semsa\/suspensao-temporaria-unidades\/\"]}]},{\"@type\":\"ImageObject\",\"inLanguage\":\"pt-BR\",\"@id\":\"https:\/\/www.manaus.am.gov.br\/semsa\/suspensao-temporaria-unidades\/#primaryimage\",\"url\":\"https:\/\/www.manaus.am.gov.br\/semsa\/wp-content\/uploads\/sites\/8\/2025\/04\/BANNER-NOTA.png\",\"contentUrl\":\"https:\/\/www.manaus.am.gov.br\/semsa\/wp-content\/uploads\/sites\/8\/2025\/04\/BANNER-NOTA.png\",\"width\":900,\"height\":509,\"caption\":\"37 ocorr\u00eancias ap\u00f3s fortes chuvas\"},{\"@type\":\"WebSite\",\"@id\":\"https:\/\/www.manaus.am.gov.br\/semsa\/#website\",\"url\":\"https:\/\/www.manaus.am.gov.br\/semsa\/\",\"name\":\"SEMSA\",\"description\":\"Secretaria Municipal de Sa\u00fade\",\"alternateName\":\"Secretaria Municipal de Sa\u00fade\",\"potentialAction\":[{\"@type\":\"SearchAction\",\"target\":{\"@type\":\"EntryPoint\",\"urlTemplate\":\"https:\/\/www.manaus.am.gov.br\/semsa\/?s={search_term_string}\"},\"query-input\":\"required name=search_term_string\"}],\"inLanguage\":\"pt-BR\"},{\"@type\":\"Person\",\"@id\":\"https:\/\/www.manaus.am.gov.br\/semsa\/#\/schema\/person\/466a0e03ae4b6062809046bd560ac955\",\"name\":\"bvalente\",\"image\":{\"@type\":\"ImageObject\",\"inLanguage\":\"pt-BR\",\"@id\":\"https:\/\/www.manaus.am.gov.br\/semsa\/#\/schema\/person\/image\/\",\"url\":\"https:\/\/secure.gravatar.com\/avatar\/3e69bc2b014bdad41adfec3a39de07d2?s=96&d=mm&r=g\",\"contentUrl\":\"https:\/\/secure.gravatar.com\/avatar\/3e69bc2b014bdad41adfec3a39de07d2?s=96&d=mm&r=g\",\"caption\":\"bvalente\"}}]}<\/script>\n<!-- \/ Yoast SEO plugin. -->","yoast_head_json":{"title":"Prefeitura informa suspens\u00e3o tempor\u00e1ria das USFs S-6 e S-08","description":"A Prefeitura, por meio da Secretaria Municipal de Sa\u00fade (Semsa), informa a suspens\u00e3o tempor\u00e1ria do atendimento em unidades no Japiim.","robots":{"index":"index","follow":"follow","max-snippet":"max-snippet:-1","max-image-preview":"max-image-preview:large","max-video-preview":"max-video-preview:-1"},"canonical":"https:\/\/www.manaus.am.gov.br\/semsa\/suspensao-temporaria-unidades\/","og_locale":"pt_BR","og_type":"article","og_title":"Prefeitura informa suspens\u00e3o tempor\u00e1ria das USFs S-6 e S-08","og_description":"A Prefeitura, por meio da Secretaria Municipal de Sa\u00fade (Semsa), informa a suspens\u00e3o tempor\u00e1ria do atendimento em unidades no Japiim.","og_url":"https:\/\/www.manaus.am.gov.br\/semsa\/suspensao-temporaria-unidades\/","og_site_name":"SEMSA","article_published_time":"2026-04-30T20:42:38+00:00","article_modified_time":"2026-04-30T20:58:29+00:00","og_image":[{"width":900,"height":509,"url":"https:\/\/www.manaus.am.gov.br\/semsa\/wp-content\/uploads\/sites\/8\/2025\/04\/BANNER-NOTA.png","type":"image\/png"}],"author":"bvalente","twitter_card":"summary_large_image","twitter_misc":{"Written by":"bvalente","Est. reading time":"2 minutos"},"schema":{"@context":"https:\/\/schema.org","@graph":[{"@type":"WebPage","@id":"https:\/\/www.manaus.am.gov.br\/semsa\/suspensao-temporaria-unidades\/","url":"https:\/\/www.manaus.am.gov.br\/semsa\/suspensao-temporaria-unidades\/","name":"Prefeitura informa suspens\u00e3o tempor\u00e1ria das USFs S-6 e S-08","isPartOf":{"@id":"https:\/\/www.manaus.am.gov.br\/semsa\/#website"},"primaryImageOfPage":{"@id":"https:\/\/www.manaus.am.gov.br\/semsa\/suspensao-temporaria-unidades\/#primaryimage"},"image":{"@id":"https:\/\/www.manaus.am.gov.br\/semsa\/suspensao-temporaria-unidades\/#primaryimage"},"thumbnailUrl":"https:\/\/www.manaus.am.gov.br\/semsa\/wp-content\/uploads\/sites\/8\/2025\/04\/BANNER-NOTA.png","datePublished":"2026-04-30T20:42:38+00:00","dateModified":"2026-04-30T20:58:29+00:00","author":{"@id":"https:\/\/www.manaus.am.gov.br\/semsa\/#\/schema\/person\/466a0e03ae4b6062809046bd560ac955"},"description":"A Prefeitura, por meio da Secretaria Municipal de Sa\u00fade (Semsa), informa a suspens\u00e3o tempor\u00e1ria do atendimento em unidades no Japiim.","inLanguage":"pt-BR","potentialAction":[{"@type":"ReadAction","target":["https:\/\/www.manaus.am.gov.br\/semsa\/suspensao-temporaria-unidades\/"]}]},{"@type":"ImageObject","inLanguage":"pt-BR","@id":"https:\/\/www.manaus.am.gov.br\/semsa\/suspensao-temporaria-unidades\/#primaryimage","url":"https:\/\/www.manaus.am.gov.br\/semsa\/wp-content\/uploads\/sites\/8\/2025\/04\/BANNER-NOTA.png","contentUrl":"https:\/\/www.manaus.am.gov.br\/semsa\/wp-content\/uploads\/sites\/8\/2025\/04\/BANNER-NOTA.png","width":900,"height":509,"caption":"37 ocorr\u00eancias ap\u00f3s fortes chuvas"},{"@type":"WebSite","@id":"https:\/\/www.manaus.am.gov.br\/semsa\/#website","url":"https:\/\/www.manaus.am.gov.br\/semsa\/","name":"SEMSA","description":"Secretaria Municipal de Sa\u00fade","alternateName":"Secretaria Municipal de Sa\u00fade","potentialAction":[{"@type":"SearchAction","target":{"@type":"EntryPoint","urlTemplate":"https:\/\/www.manaus.am.gov.br\/semsa\/?s={search_term_string}"},"query-input":"required name=search_term_string"}],"inLanguage":"pt-BR"},{"@type":"Person","@id":"https:\/\/www.manaus.am.gov.br\/semsa\/#\/schema\/person\/466a0e03ae4b6062809046bd560ac955","name":"bvalente","image":{"@type":"ImageObject","inLanguage":"pt-BR","@id":"https:\/\/www.manaus.am.gov.br\/semsa\/#\/schema\/person\/image\/","url":"https:\/\/secure.gravatar.com\/avatar\/3e69bc2b014bdad41adfec3a39de07d2?s=96&d=mm&r=g","contentUrl":"https:\/\/secure.gravatar.com\/avatar\/3e69bc2b014bdad41adfec3a39de07d2?s=96&d=mm&r=g","caption":"bvalente"}}]}},"_links":{"self":[{"href":"https:\/\/www.manaus.am.gov.br\/semsa\/wp-json\/wp\/v2\/posts\/228796"}],"collection":[{"href":"https:\/\/www.manaus.am.gov.br\/semsa\/wp-json\/wp\/v2\/posts"}],"about":[{"href":"https:\/\/www.manaus.am.gov.br\/semsa\/wp-json\/wp\/v2\/types\/post"}],"author":[{"embeddable":true,"href":"https:\/\/www.manaus.am.gov.br\/semsa\/wp-json\/wp\/v2\/users\/68"}],"replies":[{"embeddable":true,"href":"https:\/\/www.manaus.am.gov.br\/semsa\/wp-json\/wp\/v2\/comments?post=228796"}],"version-history":[{"count":1,"href":"https:\/\/www.manaus.am.gov.br\/semsa\/wp-json\/wp\/v2\/posts\/228796\/revisions"}],"predecessor-version":[{"id":228798,"href":"https:\/\/www.manaus.am.gov.br\/semsa\/wp-json\/wp\/v2\/posts\/228796\/revisions\/228798"}],"wp:featuredmedia":[{"embeddable":true,"href":"https:\/\/www.manaus.am.gov.br\/semsa\/wp-json\/wp\/v2\/media\/223048"}],"wp:attachment":[{"href":"https:\/\/www.manaus.am.gov.br\/semsa\/wp-json\/wp\/v2\/media?parent=228796"}],"wp:term":[{"taxonomy":"category","embeddable":true,"href":"https:\/\/www.manaus.am.gov.br\/semsa\/wp-json\/wp\/v2\/categories?post=228796"},{"taxonomy":"post_tag","embeddable":true,"href":"https:\/\/www.manaus.am.gov.br\/semsa\/wp-json\/wp\/v2\/tags?post=228796"}],"curies":[{"name":"wp","href":"https:\/\/api.w.org\/{rel}","templated":true}]}}