{"id":228791,"date":"2026-04-30T15:24:59","date_gmt":"2026-04-30T19:24:59","guid":{"rendered":"https:\/\/www.manaus.am.gov.br\/semsa\/atencao-ao-idoso-roda-de-conversa-zona-rural\/"},"modified":"2026-04-30T15:24:59","modified_gmt":"2026-04-30T19:24:59","slug":"atencao-ao-idoso-roda-de-conversa-zona-rural","status":"publish","type":"post","link":"https:\/\/www.manaus.am.gov.br\/semsa\/atencao-ao-idoso-roda-de-conversa-zona-rural\/","title":{"rendered":"Aten\u00e7\u00e3o ao idoso ganha destaque em roda de conversa com profissionais de sa\u00fade da prefeitura na zona rural de Manaus"},"content":{"rendered":"\n<p>A Prefeitura de Manaus, por meio da Secretaria Municipal de Sa\u00fade (Semsa), iniciou, nesta quinta-feira, 30\/4, um ciclo de Roda de Conversa em Gerontologia na Aten\u00e7\u00e3o Prim\u00e1ria \u00e0 Sa\u00fade (APS). A programa\u00e7\u00e3o foi realizada no audit\u00f3rio do Complexo de Sa\u00fade Oeste, conjunto Santos Dumont, bairro da Paz, com a participa\u00e7\u00e3o de 60 profissionais divididos em duas turmas, entre Agentes Comunit\u00e1rios de Sa\u00fade (ACSs) e t\u00e9cnicos de enfermagem do Distrito de Sa\u00fade (Disa) Rural.<\/p>\n\n\n\n<p>A chefe do N\u00facleo de Aten\u00e7\u00e3o \u00e0 Sa\u00fade do Idoso da Semsa, enfermeira Eliny Rocha, explicou que a roda de conversa faz parte do planejamento das a\u00e7\u00f5es realizadas pela Prefeitura de Manaus que buscam a promo\u00e7\u00e3o do envelhecimento ativo e saud\u00e1vel da popula\u00e7\u00e3o.<\/p>\n\n\n\n<p>Nesse primeiro semestre de 2026, a Semsa ir\u00e1 realizar mais quatro rodas de conversa, abordando o mesmo tema, direcionadas para ACSs e t\u00e9cnicos de enfermagem nos Disas Norte, Sul, Leste e Oeste. A pr\u00f3xima etapa vai acontecer no segundo semestre deste ano, com as mesmas turmas de profissionais, mas abordando o combate \u00e0 viol\u00eancia contra a pessoa idosa.<\/p>\n\n\n\n<p>\u201cOs ACSs e t\u00e9cnicos de enfermagem atuam de forma pr\u00f3xima da popula\u00e7\u00e3o no atendimento em domic\u00edlio, com as equipes de Sa\u00fade da Fam\u00edlia. A inten\u00e7\u00e3o \u00e9 refor\u00e7ar a capacita\u00e7\u00e3o desses profissionais para que entendam melhor as altera\u00e7\u00f5es que ocorrem no processo de envelhecimento que podem contribuir para a exposi\u00e7\u00e3o \u00e0 viol\u00eancia\u201d, informou Eliny Rocha.<\/p>\n\n\n\n<p>A enfermeira destacou ainda que, a partir da troca de experi\u00eancias e de conhecimento na roda de conversa, os profissionais de sa\u00fade poder\u00e3o identificar melhor situa\u00e7\u00f5es que contribuam para a exposi\u00e7\u00e3o \u00e0 viol\u00eancia, verificar como a fam\u00edlia estimula o idoso no dia a dia para melhorar a condi\u00e7\u00e3o de sa\u00fade, avaliar se o ambiente da moradia \u00e9 prop\u00edcio para quedas, entre outras quest\u00f5es que podem impactar no processo de envelhecimento e na sa\u00fade dos idosos de forma integral.<\/p>\n\n\n\n<p>\u201cAs pessoas idosas ficam mais expostas a viol\u00eancia pela vulnerabilidade que ocorre no processo de envelhecimento. Por isso, \u00e9 importante que os profissionais de sa\u00fade tenham as informa\u00e7\u00f5es necess\u00e1rias para identificar riscos e contribuir para a preven\u00e7\u00e3o \u00e0 viol\u00eancia\u201d, destacou Eliny Rocha.<\/p>\n\n\n\n<p>A roda de conversa do Disa Rural teve o apoio da Funda\u00e7\u00e3o Universidade Aberta da Terceira Idade (FUnATI), por meio da participa\u00e7\u00e3o a geront\u00f3loga M\u00e1rcia Santoro, que explicou que a gerontologia \u00e9 a ci\u00eancia multidisciplinar que estuda o processo de envelhecimento no modelo biopsicossocial (fatores biol\u00f3gicos, psicol\u00f3gicos e sociais).<\/p>\n\n\n\n<p>Ela apontou que os profissionais participando da roda de conversa atuam de forma efetiva na vida das pessoas que est\u00e3o envelhecendo ou que j\u00e1 s\u00e3o idosas, e que ampliar o conhecimento desses profissionais \u00e9 mais uma estrat\u00e9gia para a promo\u00e7\u00e3o de um envelhecimento melhor e com qualidade da popula\u00e7\u00e3o.<\/p>\n\n\n\n<p>\u201cO objetivo n\u00e3o \u00e9 apenas viver mais. O que a gente busca \u00e9 viver mais, melhor e com qualidade. E para um envelhecimento saud\u00e1vel, \u00e9 importante fazer o que estamos fazendo aqui hoje, que \u00e9 conversar a respeito, falar que o envelhecimento n\u00e3o \u00e9 igual para todo mundo e que envolve fatores culturais, de alimenta\u00e7\u00e3o e escolhas que v\u00e3o influenciar a forma que envelhecemos\u201d, afirmou M\u00e1rcia Santoro.<\/p>\n\n\n\n<p>Para o ACS Nerivaldo Norte, que trabalha e mora na comunidade Jatuarana, na margem esquerda do rio Amazonas, a roda de conversa \u00e9 uma oportunidade para refor\u00e7ar a qualifica\u00e7\u00e3o do atendimento dos idosos da zona rural de Manaus.<\/p>\n\n\n\n<p>\u201cTemos na comunidade Jatuarana um grupo expressivo de idosos. A capacita\u00e7\u00e3o vai agregar ao nosso trabalho, inclusive j\u00e1 realizamos com a comunidade a\u00e7\u00f5es de educa\u00e7\u00e3o em sa\u00fade sobre a preven\u00e7\u00e3o \u00e0 viol\u00eancia contra a pessoa idosa, tanto para os idosos quanto para os cuidadores\u201d, informou Nerivaldo Norte.<\/p>\n\n\n\n<p>A pr\u00f3xima roda de conversa ser\u00e1 realizada nos dias 5 e 20\/5, direcionada para 80 profissionais do Disa Sul.<\/p>\n\n\n\n<figure class=\"wp-block-image size-large\"><img loading=\"lazy\" decoding=\"async\" width=\"1024\" height=\"655\" src=\"https:\/\/www.manaus.am.gov.br\/semsa\/wp-content\/uploads\/sites\/8\/2026\/04\/Semsa-Manaus-Roda-de-Conversa-Gerontologia-Rural-9-1024x655.jpg\" alt=\"\" class=\"wp-image-228792\" srcset=\"https:\/\/www.manaus.am.gov.br\/semsa\/wp-content\/uploads\/sites\/8\/2026\/04\/Semsa-Manaus-Roda-de-Conversa-Gerontologia-Rural-9-1024x655.jpg 1024w, https:\/\/www.manaus.am.gov.br\/semsa\/wp-content\/uploads\/sites\/8\/2026\/04\/Semsa-Manaus-Roda-de-Conversa-Gerontologia-Rural-9-300x192.jpg 300w, https:\/\/www.manaus.am.gov.br\/semsa\/wp-content\/uploads\/sites\/8\/2026\/04\/Semsa-Manaus-Roda-de-Conversa-Gerontologia-Rural-9-768x491.jpg 768w, https:\/\/www.manaus.am.gov.br\/semsa\/wp-content\/uploads\/sites\/8\/2026\/04\/Semsa-Manaus-Roda-de-Conversa-Gerontologia-Rural-9-1536x982.jpg 1536w, https:\/\/www.manaus.am.gov.br\/semsa\/wp-content\/uploads\/sites\/8\/2026\/04\/Semsa-Manaus-Roda-de-Conversa-Gerontologia-Rural-9-2048x1309.jpg 2048w\" sizes=\"(max-width: 1024px) 100vw, 1024px\" \/><figcaption class=\"wp-element-caption\">#paratodosverem &#8211; Roda de conversa<\/figcaption><\/figure>\n\n\n\n<p>&#8212; &#8212; &#8212;&nbsp;<\/p>\n\n\n\n<p><strong>Texto &#8211;<\/strong>&nbsp;Euriv\u00e2nia Gal\u00facio\/Semsa<\/p>\n\n\n\n<p><strong>Fotos &#8211;<\/strong>&nbsp;Divulga\u00e7\u00e3o\/Semsa<\/p>\n","protected":false},"excerpt":{"rendered":"","protected":false},"author":39,"featured_media":228793,"comment_status":"closed","ping_status":"closed","sticky":false,"template":"","format":"standard","meta":{"footnotes":""},"categories":[13],"tags":[4026,54,1102,1481,28,48],"acf":[],"yoast_head":"<!-- This site is optimized with the Yoast SEO plugin v23.0 - https:\/\/yoast.com\/wordpress\/plugins\/seo\/ -->\n<title>Aten\u00e7\u00e3o ao idoso ganha destaque em roda de conversa com profissionais de sa\u00fade da prefeitura na zona rural de Manaus<\/title>\n<meta name=\"description\" content=\"Aten\u00e7\u00e3o ao idoso ganha destaque em roda de conversa com profissionais de sa\u00fade da prefeitura na zona rural de Manaus.\" \/>\n<meta name=\"robots\" content=\"index, follow, max-snippet:-1, max-image-preview:large, max-video-preview:-1\" \/>\n<link rel=\"canonical\" href=\"https:\/\/www.manaus.am.gov.br\/semsa\/atencao-ao-idoso-roda-de-conversa-zona-rural\/\" \/>\n<meta property=\"og:locale\" content=\"pt_BR\" \/>\n<meta property=\"og:type\" content=\"article\" \/>\n<meta property=\"og:title\" content=\"Aten\u00e7\u00e3o ao idoso ganha destaque em roda de conversa com profissionais de sa\u00fade da prefeitura na zona rural de Manaus\" \/>\n<meta property=\"og:description\" content=\"Aten\u00e7\u00e3o ao idoso ganha destaque em roda de conversa com profissionais de sa\u00fade da prefeitura na zona rural de Manaus.\" \/>\n<meta property=\"og:url\" content=\"https:\/\/www.manaus.am.gov.br\/semsa\/atencao-ao-idoso-roda-de-conversa-zona-rural\/\" \/>\n<meta property=\"og:site_name\" content=\"SEMSA\" \/>\n<meta property=\"article:published_time\" content=\"2026-04-30T19:24:59+00:00\" \/>\n<meta property=\"og:image\" content=\"https:\/\/www.manaus.am.gov.br\/semsa\/wp-content\/uploads\/sites\/8\/2026\/04\/Semsa-Manaus-Roda-de-Conversa-Gerontologia-Rural-1.jpg\" \/>\n\t<meta property=\"og:image:width\" content=\"4080\" \/>\n\t<meta property=\"og:image:height\" content=\"3060\" \/>\n\t<meta property=\"og:image:type\" content=\"image\/jpeg\" \/>\n<meta name=\"author\" content=\"Bruna Greco\" \/>\n<meta name=\"twitter:card\" content=\"summary_large_image\" \/>\n<meta name=\"twitter:label1\" content=\"Written by\" \/>\n\t<meta name=\"twitter:data1\" content=\"Bruna Greco\" \/>\n\t<meta name=\"twitter:label2\" content=\"Est. reading time\" \/>\n\t<meta name=\"twitter:data2\" content=\"4 minutos\" \/>\n<script type=\"application\/ld+json\" class=\"yoast-schema-graph\">{\"@context\":\"https:\/\/schema.org\",\"@graph\":[{\"@type\":\"WebPage\",\"@id\":\"https:\/\/www.manaus.am.gov.br\/semsa\/atencao-ao-idoso-roda-de-conversa-zona-rural\/\",\"url\":\"https:\/\/www.manaus.am.gov.br\/semsa\/atencao-ao-idoso-roda-de-conversa-zona-rural\/\",\"name\":\"Aten\u00e7\u00e3o ao idoso ganha destaque em roda de conversa com profissionais de sa\u00fade da prefeitura na zona rural de Manaus\",\"isPartOf\":{\"@id\":\"https:\/\/www.manaus.am.gov.br\/semsa\/#website\"},\"primaryImageOfPage\":{\"@id\":\"https:\/\/www.manaus.am.gov.br\/semsa\/atencao-ao-idoso-roda-de-conversa-zona-rural\/#primaryimage\"},\"image\":{\"@id\":\"https:\/\/www.manaus.am.gov.br\/semsa\/atencao-ao-idoso-roda-de-conversa-zona-rural\/#primaryimage\"},\"thumbnailUrl\":\"https:\/\/www.manaus.am.gov.br\/semsa\/wp-content\/uploads\/sites\/8\/2026\/04\/Semsa-Manaus-Roda-de-Conversa-Gerontologia-Rural-1.jpg\",\"datePublished\":\"2026-04-30T19:24:59+00:00\",\"dateModified\":\"2026-04-30T19:24:59+00:00\",\"author\":{\"@id\":\"https:\/\/www.manaus.am.gov.br\/semsa\/#\/schema\/person\/05d223aea2bf115f9883a6ff3683d81b\"},\"description\":\"Aten\u00e7\u00e3o ao idoso ganha destaque em roda de conversa com profissionais de sa\u00fade da prefeitura na zona rural de Manaus.\",\"inLanguage\":\"pt-BR\",\"potentialAction\":[{\"@type\":\"ReadAction\",\"target\":[\"https:\/\/www.manaus.am.gov.br\/semsa\/atencao-ao-idoso-roda-de-conversa-zona-rural\/\"]}]},{\"@type\":\"ImageObject\",\"inLanguage\":\"pt-BR\",\"@id\":\"https:\/\/www.manaus.am.gov.br\/semsa\/atencao-ao-idoso-roda-de-conversa-zona-rural\/#primaryimage\",\"url\":\"https:\/\/www.manaus.am.gov.br\/semsa\/wp-content\/uploads\/sites\/8\/2026\/04\/Semsa-Manaus-Roda-de-Conversa-Gerontologia-Rural-1.jpg\",\"contentUrl\":\"https:\/\/www.manaus.am.gov.br\/semsa\/wp-content\/uploads\/sites\/8\/2026\/04\/Semsa-Manaus-Roda-de-Conversa-Gerontologia-Rural-1.jpg\",\"width\":4080,\"height\":3060,\"caption\":\"#paratodosverem - Equipe da Semsa realiza\u00e7\u00e3o a\u00e7\u00e3o voltada a aten\u00e7\u00e3o ao idoso na zona rural\"},{\"@type\":\"WebSite\",\"@id\":\"https:\/\/www.manaus.am.gov.br\/semsa\/#website\",\"url\":\"https:\/\/www.manaus.am.gov.br\/semsa\/\",\"name\":\"SEMSA\",\"description\":\"Secretaria Municipal de Sa\u00fade\",\"alternateName\":\"Secretaria Municipal de Sa\u00fade\",\"potentialAction\":[{\"@type\":\"SearchAction\",\"target\":{\"@type\":\"EntryPoint\",\"urlTemplate\":\"https:\/\/www.manaus.am.gov.br\/semsa\/?s={search_term_string}\"},\"query-input\":\"required name=search_term_string\"}],\"inLanguage\":\"pt-BR\"},{\"@type\":\"Person\",\"@id\":\"https:\/\/www.manaus.am.gov.br\/semsa\/#\/schema\/person\/05d223aea2bf115f9883a6ff3683d81b\",\"name\":\"Bruna Greco\",\"image\":{\"@type\":\"ImageObject\",\"inLanguage\":\"pt-BR\",\"@id\":\"https:\/\/www.manaus.am.gov.br\/semsa\/#\/schema\/person\/image\/\",\"url\":\"https:\/\/secure.gravatar.com\/avatar\/9c877d1a6adc2a055330e5c09a8653ce?s=96&d=mm&r=g\",\"contentUrl\":\"https:\/\/secure.gravatar.com\/avatar\/9c877d1a6adc2a055330e5c09a8653ce?s=96&d=mm&r=g\",\"caption\":\"Bruna Greco\"}}]}<\/script>\n<!-- \/ Yoast SEO plugin. -->","yoast_head_json":{"title":"Aten\u00e7\u00e3o ao idoso ganha destaque em roda de conversa com profissionais de sa\u00fade da prefeitura na zona rural de Manaus","description":"Aten\u00e7\u00e3o ao idoso ganha destaque em roda de conversa com profissionais de sa\u00fade da prefeitura na zona rural de Manaus.","robots":{"index":"index","follow":"follow","max-snippet":"max-snippet:-1","max-image-preview":"max-image-preview:large","max-video-preview":"max-video-preview:-1"},"canonical":"https:\/\/www.manaus.am.gov.br\/semsa\/atencao-ao-idoso-roda-de-conversa-zona-rural\/","og_locale":"pt_BR","og_type":"article","og_title":"Aten\u00e7\u00e3o ao idoso ganha destaque em roda de conversa com profissionais de sa\u00fade da prefeitura na zona rural de Manaus","og_description":"Aten\u00e7\u00e3o ao idoso ganha destaque em roda de conversa com profissionais de sa\u00fade da prefeitura na zona rural de Manaus.","og_url":"https:\/\/www.manaus.am.gov.br\/semsa\/atencao-ao-idoso-roda-de-conversa-zona-rural\/","og_site_name":"SEMSA","article_published_time":"2026-04-30T19:24:59+00:00","og_image":[{"width":4080,"height":3060,"url":"https:\/\/www.manaus.am.gov.br\/semsa\/wp-content\/uploads\/sites\/8\/2026\/04\/Semsa-Manaus-Roda-de-Conversa-Gerontologia-Rural-1.jpg","type":"image\/jpeg"}],"author":"Bruna Greco","twitter_card":"summary_large_image","twitter_misc":{"Written by":"Bruna Greco","Est. reading time":"4 minutos"},"schema":{"@context":"https:\/\/schema.org","@graph":[{"@type":"WebPage","@id":"https:\/\/www.manaus.am.gov.br\/semsa\/atencao-ao-idoso-roda-de-conversa-zona-rural\/","url":"https:\/\/www.manaus.am.gov.br\/semsa\/atencao-ao-idoso-roda-de-conversa-zona-rural\/","name":"Aten\u00e7\u00e3o ao idoso ganha destaque em roda de conversa com profissionais de sa\u00fade da prefeitura na zona rural de Manaus","isPartOf":{"@id":"https:\/\/www.manaus.am.gov.br\/semsa\/#website"},"primaryImageOfPage":{"@id":"https:\/\/www.manaus.am.gov.br\/semsa\/atencao-ao-idoso-roda-de-conversa-zona-rural\/#primaryimage"},"image":{"@id":"https:\/\/www.manaus.am.gov.br\/semsa\/atencao-ao-idoso-roda-de-conversa-zona-rural\/#primaryimage"},"thumbnailUrl":"https:\/\/www.manaus.am.gov.br\/semsa\/wp-content\/uploads\/sites\/8\/2026\/04\/Semsa-Manaus-Roda-de-Conversa-Gerontologia-Rural-1.jpg","datePublished":"2026-04-30T19:24:59+00:00","dateModified":"2026-04-30T19:24:59+00:00","author":{"@id":"https:\/\/www.manaus.am.gov.br\/semsa\/#\/schema\/person\/05d223aea2bf115f9883a6ff3683d81b"},"description":"Aten\u00e7\u00e3o ao idoso ganha destaque em roda de conversa com profissionais de sa\u00fade da prefeitura na zona rural de Manaus.","inLanguage":"pt-BR","potentialAction":[{"@type":"ReadAction","target":["https:\/\/www.manaus.am.gov.br\/semsa\/atencao-ao-idoso-roda-de-conversa-zona-rural\/"]}]},{"@type":"ImageObject","inLanguage":"pt-BR","@id":"https:\/\/www.manaus.am.gov.br\/semsa\/atencao-ao-idoso-roda-de-conversa-zona-rural\/#primaryimage","url":"https:\/\/www.manaus.am.gov.br\/semsa\/wp-content\/uploads\/sites\/8\/2026\/04\/Semsa-Manaus-Roda-de-Conversa-Gerontologia-Rural-1.jpg","contentUrl":"https:\/\/www.manaus.am.gov.br\/semsa\/wp-content\/uploads\/sites\/8\/2026\/04\/Semsa-Manaus-Roda-de-Conversa-Gerontologia-Rural-1.jpg","width":4080,"height":3060,"caption":"#paratodosverem - Equipe da Semsa realiza\u00e7\u00e3o a\u00e7\u00e3o voltada a aten\u00e7\u00e3o ao idoso na zona rural"},{"@type":"WebSite","@id":"https:\/\/www.manaus.am.gov.br\/semsa\/#website","url":"https:\/\/www.manaus.am.gov.br\/semsa\/","name":"SEMSA","description":"Secretaria Municipal de Sa\u00fade","alternateName":"Secretaria Municipal de Sa\u00fade","potentialAction":[{"@type":"SearchAction","target":{"@type":"EntryPoint","urlTemplate":"https:\/\/www.manaus.am.gov.br\/semsa\/?s={search_term_string}"},"query-input":"required name=search_term_string"}],"inLanguage":"pt-BR"},{"@type":"Person","@id":"https:\/\/www.manaus.am.gov.br\/semsa\/#\/schema\/person\/05d223aea2bf115f9883a6ff3683d81b","name":"Bruna Greco","image":{"@type":"ImageObject","inLanguage":"pt-BR","@id":"https:\/\/www.manaus.am.gov.br\/semsa\/#\/schema\/person\/image\/","url":"https:\/\/secure.gravatar.com\/avatar\/9c877d1a6adc2a055330e5c09a8653ce?s=96&d=mm&r=g","contentUrl":"https:\/\/secure.gravatar.com\/avatar\/9c877d1a6adc2a055330e5c09a8653ce?s=96&d=mm&r=g","caption":"Bruna Greco"}}]}},"_links":{"self":[{"href":"https:\/\/www.manaus.am.gov.br\/semsa\/wp-json\/wp\/v2\/posts\/228791"}],"collection":[{"href":"https:\/\/www.manaus.am.gov.br\/semsa\/wp-json\/wp\/v2\/posts"}],"about":[{"href":"https:\/\/www.manaus.am.gov.br\/semsa\/wp-json\/wp\/v2\/types\/post"}],"author":[{"embeddable":true,"href":"https:\/\/www.manaus.am.gov.br\/semsa\/wp-json\/wp\/v2\/users\/39"}],"replies":[{"embeddable":true,"href":"https:\/\/www.manaus.am.gov.br\/semsa\/wp-json\/wp\/v2\/comments?post=228791"}],"version-history":[{"count":1,"href":"https:\/\/www.manaus.am.gov.br\/semsa\/wp-json\/wp\/v2\/posts\/228791\/revisions"}],"predecessor-version":[{"id":228794,"href":"https:\/\/www.manaus.am.gov.br\/semsa\/wp-json\/wp\/v2\/posts\/228791\/revisions\/228794"}],"wp:featuredmedia":[{"embeddable":true,"href":"https:\/\/www.manaus.am.gov.br\/semsa\/wp-json\/wp\/v2\/media\/228793"}],"wp:attachment":[{"href":"https:\/\/www.manaus.am.gov.br\/semsa\/wp-json\/wp\/v2\/media?parent=228791"}],"wp:term":[{"taxonomy":"category","embeddable":true,"href":"https:\/\/www.manaus.am.gov.br\/semsa\/wp-json\/wp\/v2\/categories?post=228791"},{"taxonomy":"post_tag","embeddable":true,"href":"https:\/\/www.manaus.am.gov.br\/semsa\/wp-json\/wp\/v2\/tags?post=228791"}],"curies":[{"name":"wp","href":"https:\/\/api.w.org\/{rel}","templated":true}]}}