{"id":228764,"date":"2026-04-30T13:53:47","date_gmt":"2026-04-30T17:53:47","guid":{"rendered":"https:\/\/www.manaus.am.gov.br\/semsa\/prefeitura-servicosessenciais-diadotrabalhador\/"},"modified":"2026-04-30T13:53:48","modified_gmt":"2026-04-30T17:53:48","slug":"prefeitura-servicosessenciais-diadotrabalhador","status":"publish","type":"post","link":"https:\/\/www.manaus.am.gov.br\/semsa\/prefeitura-servicosessenciais-diadotrabalhador\/","title":{"rendered":"Prefeitura de Manaus garante servi\u00e7os essenciais em funcionamento no feriado do Dia do Trabalhador"},"content":{"rendered":"\n<p>A Prefeitura de Manaus assegura o funcionamento dos servi\u00e7os essenciais \u00e0 popula\u00e7\u00e3o no feriado nacional do Dia do Trabalhador, nesta sexta-feira, 1\u00ba\/5.<\/p>\n\n\n\n<p>A Secretaria Municipal de Sa\u00fade (Semsa) informa que o Servi\u00e7o de Atendimento M\u00f3vel de Urg\u00eancia (Samu) atuar\u00e1 24 horas no atendimento aos casos de urg\u00eancia e emerg\u00eancias cl\u00ednicas, traum\u00e1ticas, psiqui\u00e1tricas e obst\u00e9tricas, por meio do canal 192.<\/p>\n\n\n\n<p>A Maternidade Municipal Dr. Moura Tapaj\u00f3z (MMT), localizada na avenida Brasil, n\u00ba 1.335, bairro Compensa, zona Oeste, tamb\u00e9m seguir\u00e1 em regime de plant\u00e3o 24 horas.<\/p>\n\n\n\n<p>A popula\u00e7\u00e3o pode buscar os servi\u00e7os da aten\u00e7\u00e3o prim\u00e1ria em dois estabelecimentos de sa\u00fade, sendo um na zona Oeste, a Unidade de Sa\u00fade da Fam\u00edlia (USF) Leonor de Freitas, na avenida Brasil, s\/n\u00ba, Compensa 2, que funcionar\u00e1 das 8h \u00e0s 18h, e outro na zona Norte, a USF Carmen Nicolau, na rua Nestor Nascimento, s\/n\u00ba, Lago Azul, que tamb\u00e9m estar\u00e1 aberta das 8h \u00e0s 17h.<\/p>\n\n\n\n<p>Nas duas USFs, a popula\u00e7\u00e3o tem acesso aos imunizantes do calend\u00e1rio b\u00e1sico de vacina\u00e7\u00e3o, dispensa\u00e7\u00e3o de medicamentos, procedimentos via Sistema de Regula\u00e7\u00e3o (Sisreg), testes r\u00e1pidos para diagn\u00f3stico de s\u00edfilis, HIV e hepatites e outros servi\u00e7os da rede b\u00e1sica.<\/p>\n\n\n\n<p>Outro servi\u00e7o que estar\u00e1 em funcionamento no feriado \u00e9 o Centro de Emiss\u00e3o de Declara\u00e7\u00e3o de \u00d3bito por Causa Natural em Domic\u00edlio (Cedo), das 8h \u00e0s 18h, podendo ser acionado por meio do n\u00famero (92) 98842-8437.<\/p>\n\n\n\n<p>Os demais estabelecimentos da rede municipal de sa\u00fade, inclusive as unidades b\u00e1sicas que funcionam aos s\u00e1bados, retomam as atividades somente na segunda-feira, 4\/5.<\/p>\n\n\n\n<p><strong>Assist\u00eancia<\/strong><\/p>\n\n\n\n<p>A Secretaria Municipal da Mulher, Assist\u00eancia Social e Cidadania (Semasc) informa que n\u00e3o haver\u00e1 atendimento ao p\u00fablico no feriado do Dia do Trabalhador.<\/p>\n\n\n\n<p>A Semasc esclarece que o SOS Funeral funcionar\u00e1 normalmente. O servi\u00e7o pode ser acionado pelos seguintes canais: WhatsApp (98842-2963), 0800 280 8087, 3215-2649 e 3631-9983. A solicita\u00e7\u00e3o tamb\u00e9m pode ser realizada presencialmente na sede da Semasc, localizada na avenida Ayr\u00e3o com a avenida Ferreira Pena, no Centro, zona Sul da capital.<\/p>\n\n\n\n<p>Os demais servi\u00e7os retornar\u00e3o na segunda-feira, 4\/5.<\/p>\n\n\n\n<p><strong>Sine Manaus<\/strong><\/p>\n\n\n\n<p>A Secretaria Municipal do Trabalho, Empreendedorismo e Inova\u00e7\u00e3o (Semtepi) informa que os postos do&nbsp;Sine Manaus localizados no&nbsp;shopping Phelippe Daou e na avenida Constantino Nery n\u00e3o funcionar\u00e3o&nbsp;nesta sexta-feira, 1\u00ba\/5. As atividades ser\u00e3o retomadas na segunda-feira, 4\/5.<\/p>\n\n\n\n<p><strong>Galerias e shopping<\/strong><br>As galerias populares dos Rem\u00e9dios, Esp\u00edrito Santo, ambas no Centro, e shopping Phelippe Daou, na zona Norte,&nbsp;funcionar\u00e3o&nbsp;at\u00e9 as&nbsp;15h desta sexta-feira. As atividades voltam ao normal no s\u00e1bado, 2\/5.<\/p>\n\n\n\n<p><strong>Abastecimento<\/strong><\/p>\n\n\n\n<p>A Secretaria Municipal de Abastecimento, Agricultura e Feiras (Semacc) informa que n\u00e3o haver\u00e1 expediente na sede administrativa. Apesar da suspens\u00e3o das atividades internas, a secretaria manter\u00e1 as a\u00e7\u00f5es de fiscaliza\u00e7\u00e3o no centro da cidade.<\/p>\n\n\n\n<p>As equipes do Servi\u00e7o Especial Municipal (SIM) e de dilig\u00eancias de fiscaliza\u00e7\u00e3o atuar\u00e3o normalmente, com o objetivo de organizar o com\u00e9rcio e garantir o ordenamento urbano no centro de Manaus.<\/p>\n\n\n\n<p>A popula\u00e7\u00e3o tamb\u00e9m pode contribuir com den\u00fancias ou sugest\u00f5es por meio da Ouvidoria, pelo contato: (92) 98842-7230.<\/p>\n\n\n\n<p>No feriado, a feira Manaus Moderna funcionar\u00e1 das 4h \u00e0s 13h; o mercado municipal Adolpho Lisboa, das 6h \u00e0s 14h; a feira modelo da Compensa, das 7h \u00e0s 18h30; a feira do Produtor da Zona Leste, das 4h30 \u00e0s 14h, e as feiras municipais da Panair e da Banana atender\u00e3o o p\u00fablico das 6h \u00e0s 13h. As demais feiras municipais funcionar\u00e3o at\u00e9 as 14h.<\/p>\n\n\n\n<p><strong>Limpeza<\/strong><\/p>\n\n\n\n<p>A Secretaria Municipal de Limpeza Urbana (Semulsp) informa que os servi\u00e7os essenciais de limpeza p\u00fablica ser\u00e3o mantidos normalmente durante o feriado. Apenas os setores administrativos da secretaria n\u00e3o ter\u00e3o expediente, com retorno das atividades na segunda-feira.<\/p>\n\n\n\n<p>As equipes de coleta domiciliar, capina\u00e7\u00e3o, poda, remo\u00e7\u00e3o e varri\u00e7\u00e3o atuar\u00e3o normalmente na sexta-feira e no s\u00e1bado, 1\u00ba e 2 de maio, garantindo a manuten\u00e7\u00e3o da limpeza e da organiza\u00e7\u00e3o urbana em todas as zonas da cidade.<\/p>\n\n\n\n<p>No domingo, 3\/5, os servi\u00e7os entram em regime de plant\u00e3o, assegurando o atendimento \u00e0s demandas emergenciais e a continuidade das a\u00e7\u00f5es estrat\u00e9gicas em pontos priorit\u00e1rios da capital.<\/p>\n\n\n\n<p>&#8212; &#8212; &#8212;<\/p>\n\n\n\n<p><strong>Texto<\/strong>&nbsp;&#8211; Divulga\u00e7\u00e3o\/Semsa\/Semasc\/Semtepi\/Semacc\/Semulsp<\/p>\n","protected":false},"excerpt":{"rendered":"","protected":false},"author":23,"featured_media":223048,"comment_status":"closed","ping_status":"closed","sticky":false,"template":"","format":"standard","meta":{"footnotes":""},"categories":[7],"tags":[758,311,54,1588],"acf":[],"yoast_head":"<!-- This site is optimized with the Yoast SEO plugin v23.0 - https:\/\/yoast.com\/wordpress\/plugins\/seo\/ -->\n<title>Prefeitura de Manaus garante servi\u00e7os essenciais em funcionamento no feriado do Dia do Trabalhador<\/title>\n<meta name=\"description\" content=\"A Prefeitura de Manaus assegura o funcionamento dos servi\u00e7os essenciais \u00e0 popula\u00e7\u00e3o no feriado nacional do Dia do Trabalhador, nesta sexta-feira, 1\u00ba\/5.\" \/>\n<meta name=\"robots\" content=\"index, follow, max-snippet:-1, max-image-preview:large, max-video-preview:-1\" \/>\n<link rel=\"canonical\" href=\"https:\/\/www.manaus.am.gov.br\/semsa\/prefeitura-servicosessenciais-diadotrabalhador\/\" \/>\n<meta property=\"og:locale\" content=\"pt_BR\" \/>\n<meta property=\"og:type\" content=\"article\" \/>\n<meta property=\"og:title\" content=\"Prefeitura de Manaus garante servi\u00e7os essenciais em funcionamento no feriado do Dia do Trabalhador\" \/>\n<meta property=\"og:description\" content=\"A Prefeitura de Manaus assegura o funcionamento dos servi\u00e7os essenciais \u00e0 popula\u00e7\u00e3o no feriado nacional do Dia do Trabalhador, nesta sexta-feira, 1\u00ba\/5.\" \/>\n<meta property=\"og:url\" content=\"https:\/\/www.manaus.am.gov.br\/semsa\/prefeitura-servicosessenciais-diadotrabalhador\/\" \/>\n<meta property=\"og:site_name\" content=\"SEMSA\" \/>\n<meta property=\"article:published_time\" content=\"2026-04-30T17:53:47+00:00\" \/>\n<meta property=\"article:modified_time\" content=\"2026-04-30T17:53:48+00:00\" \/>\n<meta property=\"og:image\" content=\"https:\/\/www.manaus.am.gov.br\/semsa\/wp-content\/uploads\/sites\/8\/2025\/04\/BANNER-NOTA.png\" \/>\n\t<meta property=\"og:image:width\" content=\"900\" \/>\n\t<meta property=\"og:image:height\" content=\"509\" \/>\n\t<meta property=\"og:image:type\" content=\"image\/png\" \/>\n<meta name=\"author\" content=\"Adriana Costa\" \/>\n<meta name=\"twitter:card\" content=\"summary_large_image\" \/>\n<meta name=\"twitter:label1\" content=\"Written by\" \/>\n\t<meta name=\"twitter:data1\" content=\"Adriana Costa\" \/>\n\t<meta name=\"twitter:label2\" content=\"Est. reading time\" \/>\n\t<meta name=\"twitter:data2\" content=\"4 minutos\" \/>\n<script type=\"application\/ld+json\" class=\"yoast-schema-graph\">{\"@context\":\"https:\/\/schema.org\",\"@graph\":[{\"@type\":\"WebPage\",\"@id\":\"https:\/\/www.manaus.am.gov.br\/semsa\/prefeitura-servicosessenciais-diadotrabalhador\/\",\"url\":\"https:\/\/www.manaus.am.gov.br\/semsa\/prefeitura-servicosessenciais-diadotrabalhador\/\",\"name\":\"Prefeitura de Manaus garante servi\u00e7os essenciais em funcionamento no feriado do Dia do Trabalhador\",\"isPartOf\":{\"@id\":\"https:\/\/www.manaus.am.gov.br\/semsa\/#website\"},\"primaryImageOfPage\":{\"@id\":\"https:\/\/www.manaus.am.gov.br\/semsa\/prefeitura-servicosessenciais-diadotrabalhador\/#primaryimage\"},\"image\":{\"@id\":\"https:\/\/www.manaus.am.gov.br\/semsa\/prefeitura-servicosessenciais-diadotrabalhador\/#primaryimage\"},\"thumbnailUrl\":\"https:\/\/www.manaus.am.gov.br\/semsa\/wp-content\/uploads\/sites\/8\/2025\/04\/BANNER-NOTA.png\",\"datePublished\":\"2026-04-30T17:53:47+00:00\",\"dateModified\":\"2026-04-30T17:53:48+00:00\",\"author\":{\"@id\":\"https:\/\/www.manaus.am.gov.br\/semsa\/#\/schema\/person\/4e49f4e267757a06ca072ec61b2b9968\"},\"description\":\"A Prefeitura de Manaus assegura o funcionamento dos servi\u00e7os essenciais \u00e0 popula\u00e7\u00e3o no feriado nacional do Dia do Trabalhador, nesta sexta-feira, 1\u00ba\/5.\",\"inLanguage\":\"pt-BR\",\"potentialAction\":[{\"@type\":\"ReadAction\",\"target\":[\"https:\/\/www.manaus.am.gov.br\/semsa\/prefeitura-servicosessenciais-diadotrabalhador\/\"]}]},{\"@type\":\"ImageObject\",\"inLanguage\":\"pt-BR\",\"@id\":\"https:\/\/www.manaus.am.gov.br\/semsa\/prefeitura-servicosessenciais-diadotrabalhador\/#primaryimage\",\"url\":\"https:\/\/www.manaus.am.gov.br\/semsa\/wp-content\/uploads\/sites\/8\/2025\/04\/BANNER-NOTA.png\",\"contentUrl\":\"https:\/\/www.manaus.am.gov.br\/semsa\/wp-content\/uploads\/sites\/8\/2025\/04\/BANNER-NOTA.png\",\"width\":900,\"height\":509,\"caption\":\"37 ocorr\u00eancias ap\u00f3s fortes chuvas\"},{\"@type\":\"WebSite\",\"@id\":\"https:\/\/www.manaus.am.gov.br\/semsa\/#website\",\"url\":\"https:\/\/www.manaus.am.gov.br\/semsa\/\",\"name\":\"SEMSA\",\"description\":\"Secretaria Municipal de Sa\u00fade\",\"alternateName\":\"Secretaria Municipal de Sa\u00fade\",\"potentialAction\":[{\"@type\":\"SearchAction\",\"target\":{\"@type\":\"EntryPoint\",\"urlTemplate\":\"https:\/\/www.manaus.am.gov.br\/semsa\/?s={search_term_string}\"},\"query-input\":\"required name=search_term_string\"}],\"inLanguage\":\"pt-BR\"},{\"@type\":\"Person\",\"@id\":\"https:\/\/www.manaus.am.gov.br\/semsa\/#\/schema\/person\/4e49f4e267757a06ca072ec61b2b9968\",\"name\":\"Adriana Costa\",\"image\":{\"@type\":\"ImageObject\",\"inLanguage\":\"pt-BR\",\"@id\":\"https:\/\/www.manaus.am.gov.br\/semsa\/#\/schema\/person\/image\/\",\"url\":\"https:\/\/secure.gravatar.com\/avatar\/576258617ef7194f718179e766d57bd4?s=96&d=mm&r=g\",\"contentUrl\":\"https:\/\/secure.gravatar.com\/avatar\/576258617ef7194f718179e766d57bd4?s=96&d=mm&r=g\",\"caption\":\"Adriana Costa\"}}]}<\/script>\n<!-- \/ Yoast SEO plugin. -->","yoast_head_json":{"title":"Prefeitura de Manaus garante servi\u00e7os essenciais em funcionamento no feriado do Dia do Trabalhador","description":"A Prefeitura de Manaus assegura o funcionamento dos servi\u00e7os essenciais \u00e0 popula\u00e7\u00e3o no feriado nacional do Dia do Trabalhador, nesta sexta-feira, 1\u00ba\/5.","robots":{"index":"index","follow":"follow","max-snippet":"max-snippet:-1","max-image-preview":"max-image-preview:large","max-video-preview":"max-video-preview:-1"},"canonical":"https:\/\/www.manaus.am.gov.br\/semsa\/prefeitura-servicosessenciais-diadotrabalhador\/","og_locale":"pt_BR","og_type":"article","og_title":"Prefeitura de Manaus garante servi\u00e7os essenciais em funcionamento no feriado do Dia do Trabalhador","og_description":"A Prefeitura de Manaus assegura o funcionamento dos servi\u00e7os essenciais \u00e0 popula\u00e7\u00e3o no feriado nacional do Dia do Trabalhador, nesta sexta-feira, 1\u00ba\/5.","og_url":"https:\/\/www.manaus.am.gov.br\/semsa\/prefeitura-servicosessenciais-diadotrabalhador\/","og_site_name":"SEMSA","article_published_time":"2026-04-30T17:53:47+00:00","article_modified_time":"2026-04-30T17:53:48+00:00","og_image":[{"width":900,"height":509,"url":"https:\/\/www.manaus.am.gov.br\/semsa\/wp-content\/uploads\/sites\/8\/2025\/04\/BANNER-NOTA.png","type":"image\/png"}],"author":"Adriana Costa","twitter_card":"summary_large_image","twitter_misc":{"Written by":"Adriana Costa","Est. reading time":"4 minutos"},"schema":{"@context":"https:\/\/schema.org","@graph":[{"@type":"WebPage","@id":"https:\/\/www.manaus.am.gov.br\/semsa\/prefeitura-servicosessenciais-diadotrabalhador\/","url":"https:\/\/www.manaus.am.gov.br\/semsa\/prefeitura-servicosessenciais-diadotrabalhador\/","name":"Prefeitura de Manaus garante servi\u00e7os essenciais em funcionamento no feriado do Dia do Trabalhador","isPartOf":{"@id":"https:\/\/www.manaus.am.gov.br\/semsa\/#website"},"primaryImageOfPage":{"@id":"https:\/\/www.manaus.am.gov.br\/semsa\/prefeitura-servicosessenciais-diadotrabalhador\/#primaryimage"},"image":{"@id":"https:\/\/www.manaus.am.gov.br\/semsa\/prefeitura-servicosessenciais-diadotrabalhador\/#primaryimage"},"thumbnailUrl":"https:\/\/www.manaus.am.gov.br\/semsa\/wp-content\/uploads\/sites\/8\/2025\/04\/BANNER-NOTA.png","datePublished":"2026-04-30T17:53:47+00:00","dateModified":"2026-04-30T17:53:48+00:00","author":{"@id":"https:\/\/www.manaus.am.gov.br\/semsa\/#\/schema\/person\/4e49f4e267757a06ca072ec61b2b9968"},"description":"A Prefeitura de Manaus assegura o funcionamento dos servi\u00e7os essenciais \u00e0 popula\u00e7\u00e3o no feriado nacional do Dia do Trabalhador, nesta sexta-feira, 1\u00ba\/5.","inLanguage":"pt-BR","potentialAction":[{"@type":"ReadAction","target":["https:\/\/www.manaus.am.gov.br\/semsa\/prefeitura-servicosessenciais-diadotrabalhador\/"]}]},{"@type":"ImageObject","inLanguage":"pt-BR","@id":"https:\/\/www.manaus.am.gov.br\/semsa\/prefeitura-servicosessenciais-diadotrabalhador\/#primaryimage","url":"https:\/\/www.manaus.am.gov.br\/semsa\/wp-content\/uploads\/sites\/8\/2025\/04\/BANNER-NOTA.png","contentUrl":"https:\/\/www.manaus.am.gov.br\/semsa\/wp-content\/uploads\/sites\/8\/2025\/04\/BANNER-NOTA.png","width":900,"height":509,"caption":"37 ocorr\u00eancias ap\u00f3s fortes chuvas"},{"@type":"WebSite","@id":"https:\/\/www.manaus.am.gov.br\/semsa\/#website","url":"https:\/\/www.manaus.am.gov.br\/semsa\/","name":"SEMSA","description":"Secretaria Municipal de Sa\u00fade","alternateName":"Secretaria Municipal de Sa\u00fade","potentialAction":[{"@type":"SearchAction","target":{"@type":"EntryPoint","urlTemplate":"https:\/\/www.manaus.am.gov.br\/semsa\/?s={search_term_string}"},"query-input":"required name=search_term_string"}],"inLanguage":"pt-BR"},{"@type":"Person","@id":"https:\/\/www.manaus.am.gov.br\/semsa\/#\/schema\/person\/4e49f4e267757a06ca072ec61b2b9968","name":"Adriana Costa","image":{"@type":"ImageObject","inLanguage":"pt-BR","@id":"https:\/\/www.manaus.am.gov.br\/semsa\/#\/schema\/person\/image\/","url":"https:\/\/secure.gravatar.com\/avatar\/576258617ef7194f718179e766d57bd4?s=96&d=mm&r=g","contentUrl":"https:\/\/secure.gravatar.com\/avatar\/576258617ef7194f718179e766d57bd4?s=96&d=mm&r=g","caption":"Adriana Costa"}}]}},"_links":{"self":[{"href":"https:\/\/www.manaus.am.gov.br\/semsa\/wp-json\/wp\/v2\/posts\/228764"}],"collection":[{"href":"https:\/\/www.manaus.am.gov.br\/semsa\/wp-json\/wp\/v2\/posts"}],"about":[{"href":"https:\/\/www.manaus.am.gov.br\/semsa\/wp-json\/wp\/v2\/types\/post"}],"author":[{"embeddable":true,"href":"https:\/\/www.manaus.am.gov.br\/semsa\/wp-json\/wp\/v2\/users\/23"}],"replies":[{"embeddable":true,"href":"https:\/\/www.manaus.am.gov.br\/semsa\/wp-json\/wp\/v2\/comments?post=228764"}],"version-history":[{"count":0,"href":"https:\/\/www.manaus.am.gov.br\/semsa\/wp-json\/wp\/v2\/posts\/228764\/revisions"}],"wp:featuredmedia":[{"embeddable":true,"href":"https:\/\/www.manaus.am.gov.br\/semsa\/wp-json\/wp\/v2\/media\/223048"}],"wp:attachment":[{"href":"https:\/\/www.manaus.am.gov.br\/semsa\/wp-json\/wp\/v2\/media?parent=228764"}],"wp:term":[{"taxonomy":"category","embeddable":true,"href":"https:\/\/www.manaus.am.gov.br\/semsa\/wp-json\/wp\/v2\/categories?post=228764"},{"taxonomy":"post_tag","embeddable":true,"href":"https:\/\/www.manaus.am.gov.br\/semsa\/wp-json\/wp\/v2\/tags?post=228764"}],"curies":[{"name":"wp","href":"https:\/\/api.w.org\/{rel}","templated":true}]}}