{"id":228750,"date":"2026-04-29T14:17:11","date_gmt":"2026-04-29T18:17:11","guid":{"rendered":"https:\/\/www.manaus.am.gov.br\/semsa\/prefeitura-mouratapajoz-atualizacaoclinica\/"},"modified":"2026-04-29T14:25:59","modified_gmt":"2026-04-29T18:25:59","slug":"prefeitura-moura-tapajoz-atualizacaoclinica","status":"publish","type":"post","link":"https:\/\/www.manaus.am.gov.br\/semsa\/prefeitura-moura-tapajoz-atualizacaoclinica\/","title":{"rendered":"Moura Tapaj\u00f3z realiza sess\u00e3o cl\u00ednica sobre hemorragia p\u00f3s-parto"},"content":{"rendered":"\n<p>A Maternidade Dr. Moura Tapaj\u00f3z (MMT), da <a href=\"https:\/\/www.manaus.am.gov.br\/\">Prefeitura de Manaus<\/a>, realizou, na manh\u00e3 desta quarta-feira, 29\/4, sess\u00e3o cl\u00ednica sobre as atualiza\u00e7\u00f5es das pr\u00e1ticas cl\u00ednicas e das recomenda\u00e7\u00f5es sobre hemorragia p\u00f3s-parto, principal complica\u00e7\u00e3o do parto no mundo.\u00a0A atividade foi\u00a0apresentada pelas residentes\u00a0do Programa de Resid\u00eancia em Enfermagem Obst\u00e9trica\u00a0do Hospital Universit\u00e1rio Get\u00falio Vargas, da\u00a0Universidade Federal do Amazonas (Ufam), Ingrid Branches Barbosa e Wal\u00e9ria Farias Moura e organizada pelas enfermeiras preceptoras Sabrina Amazonas, L\u00edlian Dornelles, Andressa Roso e S\u00edlvia Matos.<\/p>\n\n\n\n<p>A hemorragia puerperal \u00e9 uma das principais causas de mortes maternas no mundo: aproximadamente 45 mil mulheres perdem a vida, anualmente, em raz\u00e3o desta complica\u00e7\u00e3o. A hemorragia puerperal prim\u00e1ria ocorre nas primeiras 24 horas ap\u00f3s o nascimento. A hemorragia puerperal secund\u00e1ria ocorre mais de 24 horas e at\u00e9 seis&nbsp;semanas ap\u00f3s o parto.<\/p>\n\n\n\n<p>\u201cEssas atualiza\u00e7\u00f5es s\u00e3o indispens\u00e1veis, pois o diagn\u00f3stico precoce e a resposta imediata s\u00e3o as principais medidas para conter os \u00f3bitos\u201d, ressaltou N\u00fabia Cruz, enfermeira obstetra e diretora da Maternidade Dr. Moura Tapaj\u00f3z (MMT).<\/p>\n\n\n\n<p>Durante a sess\u00e3o, foram refor\u00e7adas e pormenorizadas as novas diretrizes internacionais, apresentadas no final de 2025, pela Organiza\u00e7\u00e3o Mundial da Sa\u00fade (OMS), com destaque para o mnem\u00f4nico \u201cEmotive\u201d e o protocolo utilizado pela Organiza\u00e7\u00e3o Panamericana de Sa\u00fade (Opas\/OMS)<\/p>\n\n\n\n<p>A institui\u00e7\u00e3o realizou mudan\u00e7as na preven\u00e7\u00e3o, diagn\u00f3stico e tratamento da hemorragia p\u00f3s-parto, que incluem crit\u00e9rios atualizados de diagn\u00f3stico e um conjunto de medidas que podem salvar a vida de dezenas de milhares de mulheres a cada ano.<\/p>\n\n\n\n<p>\u201cTodos os profissionais da equipe de sa\u00fade que prestam atendimento obst\u00e9trico, como m\u00e9dicos, enfermeiros e t\u00e9cnicos de enfermagem, devem estar preparados para monitorar as pu\u00e9rperas e atender prontamente as mulheres que apresentarem esses casos, pois os sinais e sintomas de perda significativa de sangue geralmente n\u00e3o aparecem at\u00e9 ocorrer a perda de um volume substancial\u201d, enfatizou N\u00fabia Cruz.<\/p>\n\n\n\n<p>&#8212; &#8212; &#8212;<\/p>\n\n\n\n<p><strong>Texto <\/strong>&#8211;&nbsp;Marcella Normando\/Semsa<br><strong>Fotos<\/strong> &#8211;&nbsp;Divulga\u00e7\u00e3o\/Semsa&nbsp;<\/p>\n","protected":false},"excerpt":{"rendered":"","protected":false},"author":23,"featured_media":228751,"comment_status":"closed","ping_status":"closed","sticky":false,"template":"","format":"standard","meta":{"footnotes":""},"categories":[30],"tags":[892,4022,260,54,28,4023],"acf":[],"yoast_head":"<!-- This site is optimized with the Yoast SEO plugin v23.0 - https:\/\/yoast.com\/wordpress\/plugins\/seo\/ -->\n<title>Moura Tapaj\u00f3z realiza sess\u00e3o cl\u00ednica sobre hemorragia p\u00f3s-parto<\/title>\n<meta name=\"description\" content=\"A Maternidade Dr. Moura Tapaj\u00f3z (MMT), da Prefeitura de Manaus, realizou, na manh\u00e3 desta quarta-feira, 29\/4, sess\u00e3o cl\u00ednica sobre as atualiza\u00e7\u00f5es das pr\u00e1ticas cl\u00ednicas e das recomenda\u00e7\u00f5es sobre hemorragia p\u00f3s-parto, principal complica\u00e7\u00e3o do parto no mundo.\" \/>\n<meta name=\"robots\" content=\"index, follow, max-snippet:-1, max-image-preview:large, max-video-preview:-1\" \/>\n<link rel=\"canonical\" href=\"https:\/\/www.manaus.am.gov.br\/semsa\/prefeitura-mouratapajoz-atualizacaoclinica\/\" \/>\n<meta property=\"og:locale\" content=\"pt_BR\" \/>\n<meta property=\"og:type\" content=\"article\" \/>\n<meta property=\"og:title\" content=\"Moura Tapaj\u00f3z realiza sess\u00e3o cl\u00ednica sobre hemorragia p\u00f3s-parto\" \/>\n<meta property=\"og:description\" content=\"A Maternidade Dr. Moura Tapaj\u00f3z (MMT), da Prefeitura de Manaus, realizou, na manh\u00e3 desta quarta-feira, 29\/4, sess\u00e3o cl\u00ednica sobre as atualiza\u00e7\u00f5es das pr\u00e1ticas cl\u00ednicas e das recomenda\u00e7\u00f5es sobre hemorragia p\u00f3s-parto, principal complica\u00e7\u00e3o do parto no mundo.\" \/>\n<meta property=\"og:url\" content=\"https:\/\/www.manaus.am.gov.br\/semsa\/prefeitura-mouratapajoz-atualizacaoclinica\/\" \/>\n<meta property=\"og:site_name\" content=\"SEMSA\" \/>\n<meta property=\"article:published_time\" content=\"2026-04-29T18:17:11+00:00\" \/>\n<meta property=\"article:modified_time\" content=\"2026-04-29T18:25:59+00:00\" \/>\n<meta property=\"og:image\" content=\"https:\/\/www.manaus.am.gov.br\/semsa\/wp-content\/uploads\/sites\/8\/2026\/04\/SEMSA-MANAUS_MT-SESSAO-CLINICA-2-1.jpeg\" \/>\n\t<meta property=\"og:image:width\" content=\"1600\" \/>\n\t<meta property=\"og:image:height\" content=\"1118\" \/>\n\t<meta property=\"og:image:type\" content=\"image\/jpeg\" \/>\n<meta name=\"author\" content=\"Adriana Costa\" \/>\n<meta name=\"twitter:card\" content=\"summary_large_image\" \/>\n<meta name=\"twitter:label1\" content=\"Written by\" \/>\n\t<meta name=\"twitter:data1\" content=\"Adriana Costa\" \/>\n\t<meta name=\"twitter:label2\" content=\"Est. reading time\" \/>\n\t<meta name=\"twitter:data2\" content=\"2 minutos\" \/>\n<script type=\"application\/ld+json\" class=\"yoast-schema-graph\">{\"@context\":\"https:\/\/schema.org\",\"@graph\":[{\"@type\":\"WebPage\",\"@id\":\"https:\/\/www.manaus.am.gov.br\/semsa\/prefeitura-mouratapajoz-atualizacaoclinica\/\",\"url\":\"https:\/\/www.manaus.am.gov.br\/semsa\/prefeitura-mouratapajoz-atualizacaoclinica\/\",\"name\":\"Moura Tapaj\u00f3z realiza sess\u00e3o cl\u00ednica sobre hemorragia p\u00f3s-parto\",\"isPartOf\":{\"@id\":\"https:\/\/www.manaus.am.gov.br\/semsa\/#website\"},\"primaryImageOfPage\":{\"@id\":\"https:\/\/www.manaus.am.gov.br\/semsa\/prefeitura-mouratapajoz-atualizacaoclinica\/#primaryimage\"},\"image\":{\"@id\":\"https:\/\/www.manaus.am.gov.br\/semsa\/prefeitura-mouratapajoz-atualizacaoclinica\/#primaryimage\"},\"thumbnailUrl\":\"https:\/\/www.manaus.am.gov.br\/semsa\/wp-content\/uploads\/sites\/8\/2026\/04\/SEMSA-MANAUS_MT-SESSAO-CLINICA-2-1.jpeg\",\"datePublished\":\"2026-04-29T18:17:11+00:00\",\"dateModified\":\"2026-04-29T18:25:59+00:00\",\"author\":{\"@id\":\"https:\/\/www.manaus.am.gov.br\/semsa\/#\/schema\/person\/4e49f4e267757a06ca072ec61b2b9968\"},\"description\":\"A Maternidade Dr. Moura Tapaj\u00f3z (MMT), da Prefeitura de Manaus, realizou, na manh\u00e3 desta quarta-feira, 29\/4, sess\u00e3o cl\u00ednica sobre as atualiza\u00e7\u00f5es das pr\u00e1ticas cl\u00ednicas e das recomenda\u00e7\u00f5es sobre hemorragia p\u00f3s-parto, principal complica\u00e7\u00e3o do parto no mundo.\",\"inLanguage\":\"pt-BR\",\"potentialAction\":[{\"@type\":\"ReadAction\",\"target\":[\"https:\/\/www.manaus.am.gov.br\/semsa\/prefeitura-mouratapajoz-atualizacaoclinica\/\"]}]},{\"@type\":\"ImageObject\",\"inLanguage\":\"pt-BR\",\"@id\":\"https:\/\/www.manaus.am.gov.br\/semsa\/prefeitura-mouratapajoz-atualizacaoclinica\/#primaryimage\",\"url\":\"https:\/\/www.manaus.am.gov.br\/semsa\/wp-content\/uploads\/sites\/8\/2026\/04\/SEMSA-MANAUS_MT-SESSAO-CLINICA-2-1.jpeg\",\"contentUrl\":\"https:\/\/www.manaus.am.gov.br\/semsa\/wp-content\/uploads\/sites\/8\/2026\/04\/SEMSA-MANAUS_MT-SESSAO-CLINICA-2-1.jpeg\",\"width\":1600,\"height\":1118,\"caption\":\"#paratodosverem - Atualiza\u00e7\u00e3o na Maternidade Moura Tapaj\u00f3z das pr\u00e1ticas cl\u00ednicas e das recomenda\u00e7\u00f5es sobre hemorragia p\u00f3s-parto\"},{\"@type\":\"WebSite\",\"@id\":\"https:\/\/www.manaus.am.gov.br\/semsa\/#website\",\"url\":\"https:\/\/www.manaus.am.gov.br\/semsa\/\",\"name\":\"SEMSA\",\"description\":\"Secretaria Municipal de Sa\u00fade\",\"alternateName\":\"Secretaria Municipal de Sa\u00fade\",\"potentialAction\":[{\"@type\":\"SearchAction\",\"target\":{\"@type\":\"EntryPoint\",\"urlTemplate\":\"https:\/\/www.manaus.am.gov.br\/semsa\/?s={search_term_string}\"},\"query-input\":\"required name=search_term_string\"}],\"inLanguage\":\"pt-BR\"},{\"@type\":\"Person\",\"@id\":\"https:\/\/www.manaus.am.gov.br\/semsa\/#\/schema\/person\/4e49f4e267757a06ca072ec61b2b9968\",\"name\":\"Adriana Costa\",\"image\":{\"@type\":\"ImageObject\",\"inLanguage\":\"pt-BR\",\"@id\":\"https:\/\/www.manaus.am.gov.br\/semsa\/#\/schema\/person\/image\/\",\"url\":\"https:\/\/secure.gravatar.com\/avatar\/576258617ef7194f718179e766d57bd4?s=96&d=mm&r=g\",\"contentUrl\":\"https:\/\/secure.gravatar.com\/avatar\/576258617ef7194f718179e766d57bd4?s=96&d=mm&r=g\",\"caption\":\"Adriana Costa\"}}]}<\/script>\n<!-- \/ Yoast SEO plugin. -->","yoast_head_json":{"title":"Moura Tapaj\u00f3z realiza sess\u00e3o cl\u00ednica sobre hemorragia p\u00f3s-parto","description":"A Maternidade Dr. Moura Tapaj\u00f3z (MMT), da Prefeitura de Manaus, realizou, na manh\u00e3 desta quarta-feira, 29\/4, sess\u00e3o cl\u00ednica sobre as atualiza\u00e7\u00f5es das pr\u00e1ticas cl\u00ednicas e das recomenda\u00e7\u00f5es sobre hemorragia p\u00f3s-parto, principal complica\u00e7\u00e3o do parto no mundo.","robots":{"index":"index","follow":"follow","max-snippet":"max-snippet:-1","max-image-preview":"max-image-preview:large","max-video-preview":"max-video-preview:-1"},"canonical":"https:\/\/www.manaus.am.gov.br\/semsa\/prefeitura-mouratapajoz-atualizacaoclinica\/","og_locale":"pt_BR","og_type":"article","og_title":"Moura Tapaj\u00f3z realiza sess\u00e3o cl\u00ednica sobre hemorragia p\u00f3s-parto","og_description":"A Maternidade Dr. Moura Tapaj\u00f3z (MMT), da Prefeitura de Manaus, realizou, na manh\u00e3 desta quarta-feira, 29\/4, sess\u00e3o cl\u00ednica sobre as atualiza\u00e7\u00f5es das pr\u00e1ticas cl\u00ednicas e das recomenda\u00e7\u00f5es sobre hemorragia p\u00f3s-parto, principal complica\u00e7\u00e3o do parto no mundo.","og_url":"https:\/\/www.manaus.am.gov.br\/semsa\/prefeitura-mouratapajoz-atualizacaoclinica\/","og_site_name":"SEMSA","article_published_time":"2026-04-29T18:17:11+00:00","article_modified_time":"2026-04-29T18:25:59+00:00","og_image":[{"width":1600,"height":1118,"url":"https:\/\/www.manaus.am.gov.br\/semsa\/wp-content\/uploads\/sites\/8\/2026\/04\/SEMSA-MANAUS_MT-SESSAO-CLINICA-2-1.jpeg","type":"image\/jpeg"}],"author":"Adriana Costa","twitter_card":"summary_large_image","twitter_misc":{"Written by":"Adriana Costa","Est. reading time":"2 minutos"},"schema":{"@context":"https:\/\/schema.org","@graph":[{"@type":"WebPage","@id":"https:\/\/www.manaus.am.gov.br\/semsa\/prefeitura-mouratapajoz-atualizacaoclinica\/","url":"https:\/\/www.manaus.am.gov.br\/semsa\/prefeitura-mouratapajoz-atualizacaoclinica\/","name":"Moura Tapaj\u00f3z realiza sess\u00e3o cl\u00ednica sobre hemorragia p\u00f3s-parto","isPartOf":{"@id":"https:\/\/www.manaus.am.gov.br\/semsa\/#website"},"primaryImageOfPage":{"@id":"https:\/\/www.manaus.am.gov.br\/semsa\/prefeitura-mouratapajoz-atualizacaoclinica\/#primaryimage"},"image":{"@id":"https:\/\/www.manaus.am.gov.br\/semsa\/prefeitura-mouratapajoz-atualizacaoclinica\/#primaryimage"},"thumbnailUrl":"https:\/\/www.manaus.am.gov.br\/semsa\/wp-content\/uploads\/sites\/8\/2026\/04\/SEMSA-MANAUS_MT-SESSAO-CLINICA-2-1.jpeg","datePublished":"2026-04-29T18:17:11+00:00","dateModified":"2026-04-29T18:25:59+00:00","author":{"@id":"https:\/\/www.manaus.am.gov.br\/semsa\/#\/schema\/person\/4e49f4e267757a06ca072ec61b2b9968"},"description":"A Maternidade Dr. Moura Tapaj\u00f3z (MMT), da Prefeitura de Manaus, realizou, na manh\u00e3 desta quarta-feira, 29\/4, sess\u00e3o cl\u00ednica sobre as atualiza\u00e7\u00f5es das pr\u00e1ticas cl\u00ednicas e das recomenda\u00e7\u00f5es sobre hemorragia p\u00f3s-parto, principal complica\u00e7\u00e3o do parto no mundo.","inLanguage":"pt-BR","potentialAction":[{"@type":"ReadAction","target":["https:\/\/www.manaus.am.gov.br\/semsa\/prefeitura-mouratapajoz-atualizacaoclinica\/"]}]},{"@type":"ImageObject","inLanguage":"pt-BR","@id":"https:\/\/www.manaus.am.gov.br\/semsa\/prefeitura-mouratapajoz-atualizacaoclinica\/#primaryimage","url":"https:\/\/www.manaus.am.gov.br\/semsa\/wp-content\/uploads\/sites\/8\/2026\/04\/SEMSA-MANAUS_MT-SESSAO-CLINICA-2-1.jpeg","contentUrl":"https:\/\/www.manaus.am.gov.br\/semsa\/wp-content\/uploads\/sites\/8\/2026\/04\/SEMSA-MANAUS_MT-SESSAO-CLINICA-2-1.jpeg","width":1600,"height":1118,"caption":"#paratodosverem - Atualiza\u00e7\u00e3o na Maternidade Moura Tapaj\u00f3z das pr\u00e1ticas cl\u00ednicas e das recomenda\u00e7\u00f5es sobre hemorragia p\u00f3s-parto"},{"@type":"WebSite","@id":"https:\/\/www.manaus.am.gov.br\/semsa\/#website","url":"https:\/\/www.manaus.am.gov.br\/semsa\/","name":"SEMSA","description":"Secretaria Municipal de Sa\u00fade","alternateName":"Secretaria Municipal de Sa\u00fade","potentialAction":[{"@type":"SearchAction","target":{"@type":"EntryPoint","urlTemplate":"https:\/\/www.manaus.am.gov.br\/semsa\/?s={search_term_string}"},"query-input":"required name=search_term_string"}],"inLanguage":"pt-BR"},{"@type":"Person","@id":"https:\/\/www.manaus.am.gov.br\/semsa\/#\/schema\/person\/4e49f4e267757a06ca072ec61b2b9968","name":"Adriana Costa","image":{"@type":"ImageObject","inLanguage":"pt-BR","@id":"https:\/\/www.manaus.am.gov.br\/semsa\/#\/schema\/person\/image\/","url":"https:\/\/secure.gravatar.com\/avatar\/576258617ef7194f718179e766d57bd4?s=96&d=mm&r=g","contentUrl":"https:\/\/secure.gravatar.com\/avatar\/576258617ef7194f718179e766d57bd4?s=96&d=mm&r=g","caption":"Adriana Costa"}}]}},"_links":{"self":[{"href":"https:\/\/www.manaus.am.gov.br\/semsa\/wp-json\/wp\/v2\/posts\/228750"}],"collection":[{"href":"https:\/\/www.manaus.am.gov.br\/semsa\/wp-json\/wp\/v2\/posts"}],"about":[{"href":"https:\/\/www.manaus.am.gov.br\/semsa\/wp-json\/wp\/v2\/types\/post"}],"author":[{"embeddable":true,"href":"https:\/\/www.manaus.am.gov.br\/semsa\/wp-json\/wp\/v2\/users\/23"}],"replies":[{"embeddable":true,"href":"https:\/\/www.manaus.am.gov.br\/semsa\/wp-json\/wp\/v2\/comments?post=228750"}],"version-history":[{"count":1,"href":"https:\/\/www.manaus.am.gov.br\/semsa\/wp-json\/wp\/v2\/posts\/228750\/revisions"}],"predecessor-version":[{"id":228752,"href":"https:\/\/www.manaus.am.gov.br\/semsa\/wp-json\/wp\/v2\/posts\/228750\/revisions\/228752"}],"wp:featuredmedia":[{"embeddable":true,"href":"https:\/\/www.manaus.am.gov.br\/semsa\/wp-json\/wp\/v2\/media\/228751"}],"wp:attachment":[{"href":"https:\/\/www.manaus.am.gov.br\/semsa\/wp-json\/wp\/v2\/media?parent=228750"}],"wp:term":[{"taxonomy":"category","embeddable":true,"href":"https:\/\/www.manaus.am.gov.br\/semsa\/wp-json\/wp\/v2\/categories?post=228750"},{"taxonomy":"post_tag","embeddable":true,"href":"https:\/\/www.manaus.am.gov.br\/semsa\/wp-json\/wp\/v2\/tags?post=228750"}],"curies":[{"name":"wp","href":"https:\/\/api.w.org\/{rel}","templated":true}]}}