{"id":228665,"date":"2026-04-26T16:44:28","date_gmt":"2026-04-26T20:44:28","guid":{"rendered":"https:\/\/www.manaus.am.gov.br\/semsa\/semsa-divulga-locais-e-datas-de-atendimento-das-unidades-moveis-de-saude-da-mulher-em-manaus\/"},"modified":"2026-04-27T13:21:32","modified_gmt":"2026-04-27T17:21:32","slug":"semsa-divulga-locais-e-datas-de-atendimento-das-unidades-moveis-de-saude-da-mulher-em-manaus","status":"publish","type":"post","link":"https:\/\/www.manaus.am.gov.br\/semsa\/semsa-divulga-locais-e-datas-de-atendimento-das-unidades-moveis-de-saude-da-mulher-em-manaus\/","title":{"rendered":"Semsa divulga locais e datas de atendimento das Unidades M\u00f3veis de Sa\u00fade da Mulher em Manaus"},"content":{"rendered":"\n<p>A <a href=\"https:\/\/www.manaus.am.gov.br\/semsa\/\">Secretaria Municipal de Sa\u00fade<\/a> (Semsa) informa \u00e0 popula\u00e7\u00e3o os pontos e per\u00edodos de atendimento das Unidades M\u00f3veis de Sa\u00fade da Mulher, que seguem ampliando o acesso aos servi\u00e7os de preven\u00e7\u00e3o e cuidado em diferentes zonas da cidade.<\/p>\n\n\n\n<p>As esta\u00e7\u00f5es m\u00f3veis de sa\u00fade que atendem as zonas Norte e Sul de Manaus estar\u00e3o em novos locais a partir desta segunda-feira, 27\/4.<\/p>\n\n\n\n<p>Na zona Sul, a unidade estar\u00e1 posicionada na Rua Theodore Levitt, s\/n, no bairro Parque 10, na Comunidade Cat\u00f3lica S\u00e3o Paulo Ap\u00f3stolo. O atendimento ocorre de 27 de abril a 15 de maio.<\/p>\n\n\n\n<p>Na zona Norte da capital, as usu\u00e1rias podem buscar os atendimentos na Rua Ivone Seffair, n\u00ba 08, no bairro Monte Sinai, nas proximidades da Escola Municipal Engenheiro Jo\u00e3o Alberto Menezes Braga. A previs\u00e3o \u00e9 de que a unidade permane\u00e7a no local at\u00e9 o dia 8 de maio.<\/p>\n\n\n\n<p>J\u00e1 na zona Leste, a esta\u00e7\u00e3o m\u00f3vel de sa\u00fade permanece na Rua Pr\u00edmula, s\/n, no Distrito Industrial, no estacionamento do Micro Distrito Industrial de Manaus (Dimicro).<\/p>\n\n\n\n<p>As moradoras da zona Oeste, podem ter acesso aos servi\u00e7os de sa\u00fade indo \u00e0 Rua do Advento, n\u00ba 42, no bairro da Paz, ao lado da Igreja Cat\u00f3lica Nossa Senhora da Paz.<\/p>\n\n\n\n<p>Na zona Rural de Manaus, os atendimentos seguem sendo ofertados na Rodovia AM-010, Km 41, na \u00e1rea da Unidade de Sa\u00fade da Fam\u00edlia Rural (USFR) Ephig\u00eanio Salles, at\u00e9 o dia 30 de abril.<\/p>\n\n\n\n<p>As Unidades M\u00f3veis t\u00eam um papel estrat\u00e9gico na amplia\u00e7\u00e3o do acesso aos servi\u00e7os de sa\u00fade, especialmente para as usu\u00e1rias que encontram dificuldades de deslocamento at\u00e9 unidades fixas. Para ter acesso aos atendimentos \u00e9 necess\u00e1rio apresentar documento oficial de identifica\u00e7\u00e3o e cart\u00e3o do SUS.<\/p>\n\n\n\n<p><strong>Confira os locais e datas de atendimento das Unidades M\u00f3veis de Sa\u00fade da Mulher da Semsa Manaus<\/strong><\/p>\n\n\n\n<p><strong>Zona Norte<\/strong><\/p>\n\n\n\n<p>Rua Ivone Seffair, 08, Monte Sinai (pr\u00f3ximo \u00e0 Escola Municipal Engenheiro Jo\u00e3o Alberto Menezes Braga)<\/p>\n\n\n\n<p>27 de abril a 8 de maio<\/p>\n\n\n\n<p><strong>Zona Oeste<\/strong><\/p>\n\n\n\n<p>Rua do Advento, 42, Bairro da Paz (ao lado da Igreja Cat\u00f3lica Nossa Senhora da Paz)<\/p>\n\n\n\n<p>13 a 30 de abril<\/p>\n\n\n\n<p><strong>Zona Leste<\/strong><\/p>\n\n\n\n<p>Rua Pr\u00edmula, s\/n, Distrito Industrial (estacionamento do Micro Distrito Industrial de Manaus \u2013 Dimicro)<\/p>\n\n\n\n<p>20 a 30 de abril<\/p>\n\n\n\n<p><strong>Zona Sul<\/strong><\/p>\n\n\n\n<p>Rua Theodore Levitt, s\/n, Parque 10 (Comunidade Cat\u00f3lica S\u00e3o Paulo Ap\u00f3stolo)<\/p>\n\n\n\n<p>27 de abril a 15 de maio<\/p>\n\n\n\n<p><strong>Zona Rural<\/strong><\/p>\n\n\n\n<p>Rodovia AM-010, Km 41 (USFR Ephig\u00eanio Salles)<br>20 a 30 de abril<\/p>\n\n\n\n<p>&#8212; &#8212; &#8212;<\/p>\n\n\n\n<p><strong>Texto &#8211;<\/strong> Divulga\u00e7\u00e3o\/Semsa<\/p>\n","protected":false},"excerpt":{"rendered":"","protected":false},"author":57,"featured_media":223048,"comment_status":"closed","ping_status":"closed","sticky":false,"template":"","format":"standard","meta":{"footnotes":""},"categories":[7],"tags":[54,82,28,2782],"acf":[],"yoast_head":"<!-- This site is optimized with the Yoast SEO plugin v23.0 - https:\/\/yoast.com\/wordpress\/plugins\/seo\/ -->\n<title>Semsa divulga locais e datas de atendimento das Unidades M\u00f3veis de Sa\u00fade da Mulher em Manaus<\/title>\n<meta name=\"robots\" content=\"index, follow, max-snippet:-1, max-image-preview:large, max-video-preview:-1\" \/>\n<link rel=\"canonical\" href=\"https:\/\/www.manaus.am.gov.br\/semsa\/semsa-divulga-locais-e-datas-de-atendimento-das-unidades-moveis-de-saude-da-mulher-em-manaus\/\" \/>\n<meta property=\"og:locale\" content=\"pt_BR\" \/>\n<meta property=\"og:type\" content=\"article\" \/>\n<meta property=\"og:title\" content=\"Semsa divulga locais e datas de atendimento das Unidades M\u00f3veis de Sa\u00fade da Mulher em Manaus\" \/>\n<meta property=\"og:url\" content=\"https:\/\/www.manaus.am.gov.br\/semsa\/semsa-divulga-locais-e-datas-de-atendimento-das-unidades-moveis-de-saude-da-mulher-em-manaus\/\" \/>\n<meta property=\"og:site_name\" content=\"SEMSA\" \/>\n<meta property=\"article:published_time\" content=\"2026-04-26T20:44:28+00:00\" \/>\n<meta property=\"article:modified_time\" content=\"2026-04-27T17:21:32+00:00\" \/>\n<meta property=\"og:image\" content=\"https:\/\/www.manaus.am.gov.br\/semsa\/wp-content\/uploads\/sites\/8\/2025\/04\/BANNER-NOTA.png\" \/>\n\t<meta property=\"og:image:width\" content=\"900\" \/>\n\t<meta property=\"og:image:height\" content=\"509\" \/>\n\t<meta property=\"og:image:type\" content=\"image\/png\" \/>\n<meta name=\"author\" content=\"Thiago Fernando\" \/>\n<meta name=\"twitter:card\" content=\"summary_large_image\" \/>\n<meta name=\"twitter:label1\" content=\"Written by\" \/>\n\t<meta name=\"twitter:data1\" content=\"Thiago Fernando\" \/>\n\t<meta name=\"twitter:label2\" content=\"Est. reading time\" \/>\n\t<meta name=\"twitter:data2\" content=\"3 minutos\" \/>\n<script type=\"application\/ld+json\" class=\"yoast-schema-graph\">{\"@context\":\"https:\/\/schema.org\",\"@graph\":[{\"@type\":\"WebPage\",\"@id\":\"https:\/\/www.manaus.am.gov.br\/semsa\/semsa-divulga-locais-e-datas-de-atendimento-das-unidades-moveis-de-saude-da-mulher-em-manaus\/\",\"url\":\"https:\/\/www.manaus.am.gov.br\/semsa\/semsa-divulga-locais-e-datas-de-atendimento-das-unidades-moveis-de-saude-da-mulher-em-manaus\/\",\"name\":\"Semsa divulga locais e datas de atendimento das Unidades M\u00f3veis de Sa\u00fade da Mulher em Manaus\",\"isPartOf\":{\"@id\":\"https:\/\/www.manaus.am.gov.br\/semsa\/#website\"},\"primaryImageOfPage\":{\"@id\":\"https:\/\/www.manaus.am.gov.br\/semsa\/semsa-divulga-locais-e-datas-de-atendimento-das-unidades-moveis-de-saude-da-mulher-em-manaus\/#primaryimage\"},\"image\":{\"@id\":\"https:\/\/www.manaus.am.gov.br\/semsa\/semsa-divulga-locais-e-datas-de-atendimento-das-unidades-moveis-de-saude-da-mulher-em-manaus\/#primaryimage\"},\"thumbnailUrl\":\"https:\/\/www.manaus.am.gov.br\/semsa\/wp-content\/uploads\/sites\/8\/2025\/04\/BANNER-NOTA.png\",\"datePublished\":\"2026-04-26T20:44:28+00:00\",\"dateModified\":\"2026-04-27T17:21:32+00:00\",\"author\":{\"@id\":\"https:\/\/www.manaus.am.gov.br\/semsa\/#\/schema\/person\/a5ee5376db6e21af026374b369f30882\"},\"inLanguage\":\"pt-BR\",\"potentialAction\":[{\"@type\":\"ReadAction\",\"target\":[\"https:\/\/www.manaus.am.gov.br\/semsa\/semsa-divulga-locais-e-datas-de-atendimento-das-unidades-moveis-de-saude-da-mulher-em-manaus\/\"]}]},{\"@type\":\"ImageObject\",\"inLanguage\":\"pt-BR\",\"@id\":\"https:\/\/www.manaus.am.gov.br\/semsa\/semsa-divulga-locais-e-datas-de-atendimento-das-unidades-moveis-de-saude-da-mulher-em-manaus\/#primaryimage\",\"url\":\"https:\/\/www.manaus.am.gov.br\/semsa\/wp-content\/uploads\/sites\/8\/2025\/04\/BANNER-NOTA.png\",\"contentUrl\":\"https:\/\/www.manaus.am.gov.br\/semsa\/wp-content\/uploads\/sites\/8\/2025\/04\/BANNER-NOTA.png\",\"width\":900,\"height\":509,\"caption\":\"37 ocorr\u00eancias ap\u00f3s fortes chuvas\"},{\"@type\":\"WebSite\",\"@id\":\"https:\/\/www.manaus.am.gov.br\/semsa\/#website\",\"url\":\"https:\/\/www.manaus.am.gov.br\/semsa\/\",\"name\":\"SEMSA\",\"description\":\"Secretaria Municipal de Sa\u00fade\",\"alternateName\":\"Secretaria Municipal de Sa\u00fade\",\"potentialAction\":[{\"@type\":\"SearchAction\",\"target\":{\"@type\":\"EntryPoint\",\"urlTemplate\":\"https:\/\/www.manaus.am.gov.br\/semsa\/?s={search_term_string}\"},\"query-input\":\"required name=search_term_string\"}],\"inLanguage\":\"pt-BR\"},{\"@type\":\"Person\",\"@id\":\"https:\/\/www.manaus.am.gov.br\/semsa\/#\/schema\/person\/a5ee5376db6e21af026374b369f30882\",\"name\":\"Thiago Fernando\",\"image\":{\"@type\":\"ImageObject\",\"inLanguage\":\"pt-BR\",\"@id\":\"https:\/\/www.manaus.am.gov.br\/semsa\/#\/schema\/person\/image\/\",\"url\":\"https:\/\/secure.gravatar.com\/avatar\/f5aab8722444041451501c077052ac07?s=96&d=mm&r=g\",\"contentUrl\":\"https:\/\/secure.gravatar.com\/avatar\/f5aab8722444041451501c077052ac07?s=96&d=mm&r=g\",\"caption\":\"Thiago Fernando\"}}]}<\/script>\n<!-- \/ Yoast SEO plugin. -->","yoast_head_json":{"title":"Semsa divulga locais e datas de atendimento das Unidades M\u00f3veis de Sa\u00fade da Mulher em Manaus","robots":{"index":"index","follow":"follow","max-snippet":"max-snippet:-1","max-image-preview":"max-image-preview:large","max-video-preview":"max-video-preview:-1"},"canonical":"https:\/\/www.manaus.am.gov.br\/semsa\/semsa-divulga-locais-e-datas-de-atendimento-das-unidades-moveis-de-saude-da-mulher-em-manaus\/","og_locale":"pt_BR","og_type":"article","og_title":"Semsa divulga locais e datas de atendimento das Unidades M\u00f3veis de Sa\u00fade da Mulher em Manaus","og_url":"https:\/\/www.manaus.am.gov.br\/semsa\/semsa-divulga-locais-e-datas-de-atendimento-das-unidades-moveis-de-saude-da-mulher-em-manaus\/","og_site_name":"SEMSA","article_published_time":"2026-04-26T20:44:28+00:00","article_modified_time":"2026-04-27T17:21:32+00:00","og_image":[{"width":900,"height":509,"url":"https:\/\/www.manaus.am.gov.br\/semsa\/wp-content\/uploads\/sites\/8\/2025\/04\/BANNER-NOTA.png","type":"image\/png"}],"author":"Thiago Fernando","twitter_card":"summary_large_image","twitter_misc":{"Written by":"Thiago Fernando","Est. reading time":"3 minutos"},"schema":{"@context":"https:\/\/schema.org","@graph":[{"@type":"WebPage","@id":"https:\/\/www.manaus.am.gov.br\/semsa\/semsa-divulga-locais-e-datas-de-atendimento-das-unidades-moveis-de-saude-da-mulher-em-manaus\/","url":"https:\/\/www.manaus.am.gov.br\/semsa\/semsa-divulga-locais-e-datas-de-atendimento-das-unidades-moveis-de-saude-da-mulher-em-manaus\/","name":"Semsa divulga locais e datas de atendimento das Unidades M\u00f3veis de Sa\u00fade da Mulher em Manaus","isPartOf":{"@id":"https:\/\/www.manaus.am.gov.br\/semsa\/#website"},"primaryImageOfPage":{"@id":"https:\/\/www.manaus.am.gov.br\/semsa\/semsa-divulga-locais-e-datas-de-atendimento-das-unidades-moveis-de-saude-da-mulher-em-manaus\/#primaryimage"},"image":{"@id":"https:\/\/www.manaus.am.gov.br\/semsa\/semsa-divulga-locais-e-datas-de-atendimento-das-unidades-moveis-de-saude-da-mulher-em-manaus\/#primaryimage"},"thumbnailUrl":"https:\/\/www.manaus.am.gov.br\/semsa\/wp-content\/uploads\/sites\/8\/2025\/04\/BANNER-NOTA.png","datePublished":"2026-04-26T20:44:28+00:00","dateModified":"2026-04-27T17:21:32+00:00","author":{"@id":"https:\/\/www.manaus.am.gov.br\/semsa\/#\/schema\/person\/a5ee5376db6e21af026374b369f30882"},"inLanguage":"pt-BR","potentialAction":[{"@type":"ReadAction","target":["https:\/\/www.manaus.am.gov.br\/semsa\/semsa-divulga-locais-e-datas-de-atendimento-das-unidades-moveis-de-saude-da-mulher-em-manaus\/"]}]},{"@type":"ImageObject","inLanguage":"pt-BR","@id":"https:\/\/www.manaus.am.gov.br\/semsa\/semsa-divulga-locais-e-datas-de-atendimento-das-unidades-moveis-de-saude-da-mulher-em-manaus\/#primaryimage","url":"https:\/\/www.manaus.am.gov.br\/semsa\/wp-content\/uploads\/sites\/8\/2025\/04\/BANNER-NOTA.png","contentUrl":"https:\/\/www.manaus.am.gov.br\/semsa\/wp-content\/uploads\/sites\/8\/2025\/04\/BANNER-NOTA.png","width":900,"height":509,"caption":"37 ocorr\u00eancias ap\u00f3s fortes chuvas"},{"@type":"WebSite","@id":"https:\/\/www.manaus.am.gov.br\/semsa\/#website","url":"https:\/\/www.manaus.am.gov.br\/semsa\/","name":"SEMSA","description":"Secretaria Municipal de Sa\u00fade","alternateName":"Secretaria Municipal de Sa\u00fade","potentialAction":[{"@type":"SearchAction","target":{"@type":"EntryPoint","urlTemplate":"https:\/\/www.manaus.am.gov.br\/semsa\/?s={search_term_string}"},"query-input":"required name=search_term_string"}],"inLanguage":"pt-BR"},{"@type":"Person","@id":"https:\/\/www.manaus.am.gov.br\/semsa\/#\/schema\/person\/a5ee5376db6e21af026374b369f30882","name":"Thiago Fernando","image":{"@type":"ImageObject","inLanguage":"pt-BR","@id":"https:\/\/www.manaus.am.gov.br\/semsa\/#\/schema\/person\/image\/","url":"https:\/\/secure.gravatar.com\/avatar\/f5aab8722444041451501c077052ac07?s=96&d=mm&r=g","contentUrl":"https:\/\/secure.gravatar.com\/avatar\/f5aab8722444041451501c077052ac07?s=96&d=mm&r=g","caption":"Thiago Fernando"}}]}},"_links":{"self":[{"href":"https:\/\/www.manaus.am.gov.br\/semsa\/wp-json\/wp\/v2\/posts\/228665"}],"collection":[{"href":"https:\/\/www.manaus.am.gov.br\/semsa\/wp-json\/wp\/v2\/posts"}],"about":[{"href":"https:\/\/www.manaus.am.gov.br\/semsa\/wp-json\/wp\/v2\/types\/post"}],"author":[{"embeddable":true,"href":"https:\/\/www.manaus.am.gov.br\/semsa\/wp-json\/wp\/v2\/users\/57"}],"replies":[{"embeddable":true,"href":"https:\/\/www.manaus.am.gov.br\/semsa\/wp-json\/wp\/v2\/comments?post=228665"}],"version-history":[{"count":1,"href":"https:\/\/www.manaus.am.gov.br\/semsa\/wp-json\/wp\/v2\/posts\/228665\/revisions"}],"predecessor-version":[{"id":228671,"href":"https:\/\/www.manaus.am.gov.br\/semsa\/wp-json\/wp\/v2\/posts\/228665\/revisions\/228671"}],"wp:featuredmedia":[{"embeddable":true,"href":"https:\/\/www.manaus.am.gov.br\/semsa\/wp-json\/wp\/v2\/media\/223048"}],"wp:attachment":[{"href":"https:\/\/www.manaus.am.gov.br\/semsa\/wp-json\/wp\/v2\/media?parent=228665"}],"wp:term":[{"taxonomy":"category","embeddable":true,"href":"https:\/\/www.manaus.am.gov.br\/semsa\/wp-json\/wp\/v2\/categories?post=228665"},{"taxonomy":"post_tag","embeddable":true,"href":"https:\/\/www.manaus.am.gov.br\/semsa\/wp-json\/wp\/v2\/tags?post=228665"}],"curies":[{"name":"wp","href":"https:\/\/api.w.org\/{rel}","templated":true}]}}