{"id":228663,"date":"2026-04-25T16:36:28","date_gmt":"2026-04-25T20:36:28","guid":{"rendered":"https:\/\/www.manaus.am.gov.br\/semsa\/prefeitura-participa-de-entrega-da-ordem-de-servico-para-construcao-de-novo-caps-infantojuvenil\/"},"modified":"2026-04-27T13:11:40","modified_gmt":"2026-04-27T17:11:40","slug":"prefeitura-participa-de-entrega-da-ordem-de-servico-para-construcao-de-novo-caps-infantojuvenil","status":"publish","type":"post","link":"https:\/\/www.manaus.am.gov.br\/semsa\/prefeitura-participa-de-entrega-da-ordem-de-servico-para-construcao-de-novo-caps-infantojuvenil\/","title":{"rendered":"Prefeitura participa de entrega da ordem de servi\u00e7o para constru\u00e7\u00e3o de novo Caps infantojuvenil"},"content":{"rendered":"\n<p>A <a href=\"https:\/\/www.manaus.am.gov.br\/\">Prefeitura de Manaus<\/a> participou, na manh\u00e3 desta sexta-feira, 24\/4, do ato simb\u00f3lico de emiss\u00e3o da ordem de servi\u00e7o para a constru\u00e7\u00e3o do novo Centro de Atendimento Psicossocial Infantojuvenil (Capsi), da <a href=\"https:\/\/www.instagram.com\/semsamanaus\/\">Secretaria Municipal de Sa\u00fade<\/a> (Semsa), que conta com recursos do \u201cNovo PAC Sa\u00fade\u201d, do governo federal. O encontro ocorreu no audit\u00f3rio Floriano Pacheco, da Superintend\u00eancia da Zona Franca de Manaus (Suframa), no bairro Distrito Industrial, zona Sul da capital.<\/p>\n\n\n\n<p>A solenidade de entrega contou com a presen\u00e7a do secret\u00e1rio municipal de Sa\u00fade em exerc\u00edcio, Jean Marcelo Abreu, e do superintendente regional do Minist\u00e9rio da Sa\u00fade no Amazonas, Henrique Medeiros. O evento reuniu ainda prefeitos e representantes de outros 22 munic\u00edpios do Estado contemplados no \u00e2mbito do \u201cNovo PAC Sa\u00fade\u201d, programa federal de investimentos na \u00e1rea da sa\u00fade.<\/p>\n\n\n\n<p>Jean Marcelo Abreu relatou que a Semsa dever\u00e1 receber aproximadamente R$ 4 milh\u00f5es em recursos, por meio do \u201cPAC Sele\u00e7\u00f5es \u2013 Sa\u00fade 2024\u201d, para investimentos em infraestrutura, amplia\u00e7\u00e3o e qualifica\u00e7\u00e3o da rede de aten\u00e7\u00e3o \u00e0 sa\u00fade na capital.<\/p>\n\n\n\n<p>\u201cEsses recursos ser\u00e3o destinados a \u00e1reas diversas da sa\u00fade, incluindo a constru\u00e7\u00e3o do Caps infantojuvenil, objeto do evento de hoje. Em breve, teremos tamb\u00e9m a constru\u00e7\u00e3o de uma unidade b\u00e1sica de sa\u00fade com recursos do PAC, a renova\u00e7\u00e3o da frota do Samu Manaus, com 15 novas ambul\u00e2ncias, e a aquisi\u00e7\u00e3o de equipamentos para telessa\u00fade e para unidades b\u00e1sicas de sa\u00fade\u201d, informou o secret\u00e1rio em exerc\u00edcio.<\/p>\n\n\n\n<p>Conforme Jean Marcelo, al\u00e9m dos R$ 4 milh\u00f5es destinados \u00e0 sa\u00fade municipal por meio do edital de 2024, a expectativa do munic\u00edpio \u00e9 chegar a R$ 18 milh\u00f5es em recursos, por meio do \u201cPAC Sele\u00e7\u00f5es \u2013 Sa\u00fade 2025\u201d. Ele destacou o impacto positivo dos investimentos na aten\u00e7\u00e3o prim\u00e1ria \u00e0 sa\u00fade, por meio da parceria com o governo federal.<\/p>\n\n\n\n<p>\u201cCom a amplia\u00e7\u00e3o da rede de sa\u00fade, aumentamos a quantidade e a qualidade dos atendimentos \u00e0 popula\u00e7\u00e3o, ampliamos nossos programas, melhoramos a tecnologia empregada na oferta dos servi\u00e7os. \u00c9 muito importante essa participa\u00e7\u00e3o do governo federal financiando investimentos na \u00e1rea da sa\u00fade b\u00e1sica\u201d, pontuou.<\/p>\n\n\n\n<p>O superintendente regional de Sa\u00fade, Henrique Medeiros, ressaltou que a solenidade em Manaus faz parte uma a\u00e7\u00e3o nacional, realizada simultaneamente em 505 munic\u00edpios brasileiros, onde ser\u00e3o aplicados mais de R$ 1,2 bilh\u00e3o para investimentos em sa\u00fade.<\/p>\n\n\n\n<p>\u201cManaus \u00e9 contemplada com R$ 2,1 milh\u00f5es para a constru\u00e7\u00e3o de um Caps para atender as crian\u00e7as no munic\u00edpio. \u00c9 uma alegria imensa para o presidente Lula e o ministro Alexandre Padilha estarem fazendo essas a\u00e7\u00f5es para beneficiar as pessoas que mais precisam\u201d, declarou.<\/p>\n\n\n\n<p><strong>Amplia\u00e7\u00e3o<\/strong><\/p>\n\n\n\n<p>A Semsa recebeu um total de R$ 2,145 milh\u00f5es em recursos para a constru\u00e7\u00e3o de um novo Caps infantojuvenil, promovendo a amplia\u00e7\u00e3o da rede de Aten\u00e7\u00e3o Psicossocial na capital. A obra, situada no bairro Lago Azul, zona Norte, j\u00e1 foi iniciada e tem previs\u00e3o de entrega de 12 a 18 meses.<\/p>\n\n\n\n<p>Atualmente, o munic\u00edpio conta com cinco Caps gerenciados pela rede municipal e um da gest\u00e3o estadual. Os estabelecimentos ofertam aten\u00e7\u00e3o psicossocial a pessoas em situa\u00e7\u00e3o de sofrimento ps\u00edquico grave e persistente ou decorrente do uso abusivo de crack, \u00e1lcool e outras drogas<\/p>\n\n\n\n<p><strong>Programa<\/strong><\/p>\n\n\n\n<p>O \u201cNovo PAC Sa\u00fade\u201d \u00e9 uma estrat\u00e9gia do governo federal voltada \u00e0 expans\u00e3o da assist\u00eancia \u00e0 popula\u00e7\u00e3o pelo Sistema \u00danico de Sa\u00fade (SUS), visando a amplia\u00e7\u00e3o do acesso aos servi\u00e7os p\u00fablicos, a qualifica\u00e7\u00e3o da rede de sa\u00fade e a redu\u00e7\u00e3o das desigualdades regionais.<\/p>\n\n\n\n<p>&nbsp;&#8212; &#8212; &#8212;<\/p>\n\n\n\n<p><strong>Texto &#8211;<\/strong> Jony Clay Borges \/ Semsa<\/p>\n\n\n\n<p><strong>Fotos <\/strong>&#8211; Fernanda Moutinho \/ Semsa<\/p>\n","protected":false},"excerpt":{"rendered":"","protected":false},"author":57,"featured_media":228664,"comment_status":"closed","ping_status":"closed","sticky":false,"template":"","format":"standard","meta":{"footnotes":""},"categories":[3],"tags":[54,82,28],"acf":[],"yoast_head":"<!-- This site is optimized with the Yoast SEO plugin v23.0 - https:\/\/yoast.com\/wordpress\/plugins\/seo\/ -->\n<title>Prefeitura participa de entrega da ordem de servi\u00e7o para constru\u00e7\u00e3o de novo Caps infantojuvenil - SEMSA<\/title>\n<meta name=\"robots\" content=\"index, follow, max-snippet:-1, max-image-preview:large, max-video-preview:-1\" \/>\n<link rel=\"canonical\" href=\"https:\/\/www.manaus.am.gov.br\/semsa\/prefeitura-participa-de-entrega-da-ordem-de-servico-para-construcao-de-novo-caps-infantojuvenil\/\" \/>\n<meta property=\"og:locale\" content=\"pt_BR\" \/>\n<meta property=\"og:type\" content=\"article\" \/>\n<meta property=\"og:title\" content=\"Prefeitura participa de entrega da ordem de servi\u00e7o para constru\u00e7\u00e3o de novo Caps infantojuvenil - SEMSA\" \/>\n<meta property=\"og:url\" content=\"https:\/\/www.manaus.am.gov.br\/semsa\/prefeitura-participa-de-entrega-da-ordem-de-servico-para-construcao-de-novo-caps-infantojuvenil\/\" \/>\n<meta property=\"og:site_name\" content=\"SEMSA\" \/>\n<meta property=\"article:published_time\" content=\"2026-04-25T20:36:28+00:00\" \/>\n<meta property=\"article:modified_time\" content=\"2026-04-27T17:11:40+00:00\" \/>\n<meta property=\"og:image\" content=\"https:\/\/www.manaus.am.gov.br\/semsa\/wp-content\/uploads\/sites\/8\/2026\/04\/semsa-pac-1.jpeg\" \/>\n\t<meta property=\"og:image:width\" content=\"1600\" \/>\n\t<meta property=\"og:image:height\" content=\"900\" \/>\n\t<meta property=\"og:image:type\" content=\"image\/jpeg\" \/>\n<meta name=\"author\" content=\"Thiago Fernando\" \/>\n<meta name=\"twitter:card\" content=\"summary_large_image\" \/>\n<meta name=\"twitter:label1\" content=\"Written by\" \/>\n\t<meta name=\"twitter:data1\" content=\"Thiago Fernando\" \/>\n\t<meta name=\"twitter:label2\" content=\"Est. reading time\" \/>\n\t<meta name=\"twitter:data2\" content=\"4 minutos\" \/>\n<script type=\"application\/ld+json\" class=\"yoast-schema-graph\">{\"@context\":\"https:\/\/schema.org\",\"@graph\":[{\"@type\":\"WebPage\",\"@id\":\"https:\/\/www.manaus.am.gov.br\/semsa\/prefeitura-participa-de-entrega-da-ordem-de-servico-para-construcao-de-novo-caps-infantojuvenil\/\",\"url\":\"https:\/\/www.manaus.am.gov.br\/semsa\/prefeitura-participa-de-entrega-da-ordem-de-servico-para-construcao-de-novo-caps-infantojuvenil\/\",\"name\":\"Prefeitura participa de entrega da ordem de servi\u00e7o para constru\u00e7\u00e3o de novo Caps infantojuvenil - SEMSA\",\"isPartOf\":{\"@id\":\"https:\/\/www.manaus.am.gov.br\/semsa\/#website\"},\"primaryImageOfPage\":{\"@id\":\"https:\/\/www.manaus.am.gov.br\/semsa\/prefeitura-participa-de-entrega-da-ordem-de-servico-para-construcao-de-novo-caps-infantojuvenil\/#primaryimage\"},\"image\":{\"@id\":\"https:\/\/www.manaus.am.gov.br\/semsa\/prefeitura-participa-de-entrega-da-ordem-de-servico-para-construcao-de-novo-caps-infantojuvenil\/#primaryimage\"},\"thumbnailUrl\":\"https:\/\/www.manaus.am.gov.br\/semsa\/wp-content\/uploads\/sites\/8\/2026\/04\/semsa-pac-1.jpeg\",\"datePublished\":\"2026-04-25T20:36:28+00:00\",\"dateModified\":\"2026-04-27T17:11:40+00:00\",\"author\":{\"@id\":\"https:\/\/www.manaus.am.gov.br\/semsa\/#\/schema\/person\/a5ee5376db6e21af026374b369f30882\"},\"inLanguage\":\"pt-BR\",\"potentialAction\":[{\"@type\":\"ReadAction\",\"target\":[\"https:\/\/www.manaus.am.gov.br\/semsa\/prefeitura-participa-de-entrega-da-ordem-de-servico-para-construcao-de-novo-caps-infantojuvenil\/\"]}]},{\"@type\":\"ImageObject\",\"inLanguage\":\"pt-BR\",\"@id\":\"https:\/\/www.manaus.am.gov.br\/semsa\/prefeitura-participa-de-entrega-da-ordem-de-servico-para-construcao-de-novo-caps-infantojuvenil\/#primaryimage\",\"url\":\"https:\/\/www.manaus.am.gov.br\/semsa\/wp-content\/uploads\/sites\/8\/2026\/04\/semsa-pac-1.jpeg\",\"contentUrl\":\"https:\/\/www.manaus.am.gov.br\/semsa\/wp-content\/uploads\/sites\/8\/2026\/04\/semsa-pac-1.jpeg\",\"width\":1600,\"height\":900},{\"@type\":\"WebSite\",\"@id\":\"https:\/\/www.manaus.am.gov.br\/semsa\/#website\",\"url\":\"https:\/\/www.manaus.am.gov.br\/semsa\/\",\"name\":\"SEMSA\",\"description\":\"Secretaria Municipal de Sa\u00fade\",\"alternateName\":\"Secretaria Municipal de Sa\u00fade\",\"potentialAction\":[{\"@type\":\"SearchAction\",\"target\":{\"@type\":\"EntryPoint\",\"urlTemplate\":\"https:\/\/www.manaus.am.gov.br\/semsa\/?s={search_term_string}\"},\"query-input\":\"required name=search_term_string\"}],\"inLanguage\":\"pt-BR\"},{\"@type\":\"Person\",\"@id\":\"https:\/\/www.manaus.am.gov.br\/semsa\/#\/schema\/person\/a5ee5376db6e21af026374b369f30882\",\"name\":\"Thiago Fernando\",\"image\":{\"@type\":\"ImageObject\",\"inLanguage\":\"pt-BR\",\"@id\":\"https:\/\/www.manaus.am.gov.br\/semsa\/#\/schema\/person\/image\/\",\"url\":\"https:\/\/secure.gravatar.com\/avatar\/f5aab8722444041451501c077052ac07?s=96&d=mm&r=g\",\"contentUrl\":\"https:\/\/secure.gravatar.com\/avatar\/f5aab8722444041451501c077052ac07?s=96&d=mm&r=g\",\"caption\":\"Thiago Fernando\"}}]}<\/script>\n<!-- \/ Yoast SEO plugin. -->","yoast_head_json":{"title":"Prefeitura participa de entrega da ordem de servi\u00e7o para constru\u00e7\u00e3o de novo Caps infantojuvenil - SEMSA","robots":{"index":"index","follow":"follow","max-snippet":"max-snippet:-1","max-image-preview":"max-image-preview:large","max-video-preview":"max-video-preview:-1"},"canonical":"https:\/\/www.manaus.am.gov.br\/semsa\/prefeitura-participa-de-entrega-da-ordem-de-servico-para-construcao-de-novo-caps-infantojuvenil\/","og_locale":"pt_BR","og_type":"article","og_title":"Prefeitura participa de entrega da ordem de servi\u00e7o para constru\u00e7\u00e3o de novo Caps infantojuvenil - SEMSA","og_url":"https:\/\/www.manaus.am.gov.br\/semsa\/prefeitura-participa-de-entrega-da-ordem-de-servico-para-construcao-de-novo-caps-infantojuvenil\/","og_site_name":"SEMSA","article_published_time":"2026-04-25T20:36:28+00:00","article_modified_time":"2026-04-27T17:11:40+00:00","og_image":[{"width":1600,"height":900,"url":"https:\/\/www.manaus.am.gov.br\/semsa\/wp-content\/uploads\/sites\/8\/2026\/04\/semsa-pac-1.jpeg","type":"image\/jpeg"}],"author":"Thiago Fernando","twitter_card":"summary_large_image","twitter_misc":{"Written by":"Thiago Fernando","Est. reading time":"4 minutos"},"schema":{"@context":"https:\/\/schema.org","@graph":[{"@type":"WebPage","@id":"https:\/\/www.manaus.am.gov.br\/semsa\/prefeitura-participa-de-entrega-da-ordem-de-servico-para-construcao-de-novo-caps-infantojuvenil\/","url":"https:\/\/www.manaus.am.gov.br\/semsa\/prefeitura-participa-de-entrega-da-ordem-de-servico-para-construcao-de-novo-caps-infantojuvenil\/","name":"Prefeitura participa de entrega da ordem de servi\u00e7o para constru\u00e7\u00e3o de novo Caps infantojuvenil - SEMSA","isPartOf":{"@id":"https:\/\/www.manaus.am.gov.br\/semsa\/#website"},"primaryImageOfPage":{"@id":"https:\/\/www.manaus.am.gov.br\/semsa\/prefeitura-participa-de-entrega-da-ordem-de-servico-para-construcao-de-novo-caps-infantojuvenil\/#primaryimage"},"image":{"@id":"https:\/\/www.manaus.am.gov.br\/semsa\/prefeitura-participa-de-entrega-da-ordem-de-servico-para-construcao-de-novo-caps-infantojuvenil\/#primaryimage"},"thumbnailUrl":"https:\/\/www.manaus.am.gov.br\/semsa\/wp-content\/uploads\/sites\/8\/2026\/04\/semsa-pac-1.jpeg","datePublished":"2026-04-25T20:36:28+00:00","dateModified":"2026-04-27T17:11:40+00:00","author":{"@id":"https:\/\/www.manaus.am.gov.br\/semsa\/#\/schema\/person\/a5ee5376db6e21af026374b369f30882"},"inLanguage":"pt-BR","potentialAction":[{"@type":"ReadAction","target":["https:\/\/www.manaus.am.gov.br\/semsa\/prefeitura-participa-de-entrega-da-ordem-de-servico-para-construcao-de-novo-caps-infantojuvenil\/"]}]},{"@type":"ImageObject","inLanguage":"pt-BR","@id":"https:\/\/www.manaus.am.gov.br\/semsa\/prefeitura-participa-de-entrega-da-ordem-de-servico-para-construcao-de-novo-caps-infantojuvenil\/#primaryimage","url":"https:\/\/www.manaus.am.gov.br\/semsa\/wp-content\/uploads\/sites\/8\/2026\/04\/semsa-pac-1.jpeg","contentUrl":"https:\/\/www.manaus.am.gov.br\/semsa\/wp-content\/uploads\/sites\/8\/2026\/04\/semsa-pac-1.jpeg","width":1600,"height":900},{"@type":"WebSite","@id":"https:\/\/www.manaus.am.gov.br\/semsa\/#website","url":"https:\/\/www.manaus.am.gov.br\/semsa\/","name":"SEMSA","description":"Secretaria Municipal de Sa\u00fade","alternateName":"Secretaria Municipal de Sa\u00fade","potentialAction":[{"@type":"SearchAction","target":{"@type":"EntryPoint","urlTemplate":"https:\/\/www.manaus.am.gov.br\/semsa\/?s={search_term_string}"},"query-input":"required name=search_term_string"}],"inLanguage":"pt-BR"},{"@type":"Person","@id":"https:\/\/www.manaus.am.gov.br\/semsa\/#\/schema\/person\/a5ee5376db6e21af026374b369f30882","name":"Thiago Fernando","image":{"@type":"ImageObject","inLanguage":"pt-BR","@id":"https:\/\/www.manaus.am.gov.br\/semsa\/#\/schema\/person\/image\/","url":"https:\/\/secure.gravatar.com\/avatar\/f5aab8722444041451501c077052ac07?s=96&d=mm&r=g","contentUrl":"https:\/\/secure.gravatar.com\/avatar\/f5aab8722444041451501c077052ac07?s=96&d=mm&r=g","caption":"Thiago Fernando"}}]}},"_links":{"self":[{"href":"https:\/\/www.manaus.am.gov.br\/semsa\/wp-json\/wp\/v2\/posts\/228663"}],"collection":[{"href":"https:\/\/www.manaus.am.gov.br\/semsa\/wp-json\/wp\/v2\/posts"}],"about":[{"href":"https:\/\/www.manaus.am.gov.br\/semsa\/wp-json\/wp\/v2\/types\/post"}],"author":[{"embeddable":true,"href":"https:\/\/www.manaus.am.gov.br\/semsa\/wp-json\/wp\/v2\/users\/57"}],"replies":[{"embeddable":true,"href":"https:\/\/www.manaus.am.gov.br\/semsa\/wp-json\/wp\/v2\/comments?post=228663"}],"version-history":[{"count":1,"href":"https:\/\/www.manaus.am.gov.br\/semsa\/wp-json\/wp\/v2\/posts\/228663\/revisions"}],"predecessor-version":[{"id":228670,"href":"https:\/\/www.manaus.am.gov.br\/semsa\/wp-json\/wp\/v2\/posts\/228663\/revisions\/228670"}],"wp:featuredmedia":[{"embeddable":true,"href":"https:\/\/www.manaus.am.gov.br\/semsa\/wp-json\/wp\/v2\/media\/228664"}],"wp:attachment":[{"href":"https:\/\/www.manaus.am.gov.br\/semsa\/wp-json\/wp\/v2\/media?parent=228663"}],"wp:term":[{"taxonomy":"category","embeddable":true,"href":"https:\/\/www.manaus.am.gov.br\/semsa\/wp-json\/wp\/v2\/categories?post=228663"},{"taxonomy":"post_tag","embeddable":true,"href":"https:\/\/www.manaus.am.gov.br\/semsa\/wp-json\/wp\/v2\/tags?post=228663"}],"curies":[{"name":"wp","href":"https:\/\/api.w.org\/{rel}","templated":true}]}}