{"id":228007,"date":"2026-03-15T12:40:27","date_gmt":"2026-03-15T16:40:27","guid":{"rendered":"https:\/\/www.manaus.am.gov.br\/semsa\/novos-locais-das-unidades-moveis-de-saude\/"},"modified":"2026-03-15T12:40:29","modified_gmt":"2026-03-15T16:40:29","slug":"novos-locais-das-unidades-moveis-de-saude","status":"publish","type":"post","link":"https:\/\/www.manaus.am.gov.br\/semsa\/novos-locais-das-unidades-moveis-de-saude\/","title":{"rendered":"Prefeitura de Manaus divulga novos locais de atendimentos da Unidades M\u00f3veis de Sa\u00fade da Mulher nas zonas Oeste e Rural"},"content":{"rendered":"\n<p>As Unidades M\u00f3veis de Sa\u00fade da Mulher da <a href=\"https:\/\/www.instagram.com\/prefeiturademanaus\/\">Prefeitura de Manaus<\/a> que atendem nas zonas Oeste e Rural iniciam a semana em novos endere\u00e7os. As usu\u00e1rias da zona Oeste podem buscar os atendimentos na Rua Padre Francisco, 350, Santo Ant\u00f4nio (Igreja de Santo Ant\u00f4nio), e na zona Rural os servi\u00e7os de sa\u00fade estar\u00e3o \u00e0 disposi\u00e7\u00e3o do p\u00fablico feminino na BR 174, Km 41. As demais unidades seguem ofertando atendimentos nos mesmos endere\u00e7os da semana passada.<\/p>\n\n\n\n<p>Gerenciadas pela <a href=\"https:\/\/www.manaus.am.gov.br\/semsa\/\">Secretaria Municipal de Sa\u00fade (Semsa)<\/a>, as unidades m\u00f3veis ofertam servi\u00e7os e procedimentos da Rede de Aten\u00e7\u00e3o Prim\u00e1ria, refor\u00e7ando a preven\u00e7\u00e3o e o rastreio do c\u00e2ncer de mama e do colo do \u00fatero. O objetivo \u00e9 ampliar o acesso aos servi\u00e7os ao segmento feminino que reside em regi\u00f5es de vulnerabilidade social e vazios assistenciais.<\/p>\n\n\n\n<p>As estruturas funcionam das 7h \u00e0s 17h, de segunda a sexta-feira, em dias \u00fateis, inclusive nos pontos facultativos da administra\u00e7\u00e3o municipal.<\/p>\n\n\n\n<p>A carteira de servi\u00e7os de sa\u00fade contempla a oferta de consultas m\u00e9dicas e de enfermagem, mamografia, ultrassonografia, consulta inicial do pr\u00e9-natal, coleta e exame preventivo, testes r\u00e1pidos para detec\u00e7\u00e3o de gravidez e infec\u00e7\u00f5es sexualmente transmiss\u00edveis (ISTs), vacina\u00e7\u00e3o, planejamento familiar e dispensa\u00e7\u00e3o de medicamentos.<\/p>\n\n\n\n<p>Para ter acesso aos servi\u00e7os de sa\u00fade as usu\u00e1rias devem apresentar o documento oficial de identidade e do cart\u00e3o do Sistema \u00danico de Sa\u00fade (SUS).<\/p>\n\n\n\n<p><strong>Confira locais e datas de atendimento das Unidades M\u00f3veis de Sa\u00fade da Mulher da Semsa Manaus<\/strong><\/p>\n\n\n\n<p><strong>Zona Norte<\/strong><\/p>\n\n\n\n<p>Rua Nossa Senhora de Aparecida, 887, Cidade de Deus (pr\u00f3ximo \u00e0 Escola Municipal S\u00e3o Benedito)<\/p>\n\n\n\n<p>9 a 20\/3<\/p>\n\n\n\n<p><strong>Zona Oeste<\/strong><\/p>\n\n\n\n<p>Rua Padre Francisco, 350, Santo Ant\u00f4nio (Igreja de Santo Ant\u00f4nio)<\/p>\n\n\n\n<p>16 a 27\/3<\/p>\n\n\n\n<p><strong>Zona Leste<\/strong><\/p>\n\n\n\n<p>Rua Canad\u00e1, 276, Comunidade Nova Vit\u00f3ria, Gilberto Mestrinho<\/p>\n\n\n\n<p>9 a 20\/3<\/p>\n\n\n\n<p><strong>Zona Sul<\/strong><\/p>\n\n\n\n<p>Studio 5 Shopping e Conven\u00e7\u00f5es \u2013 avenida Rodrigo Ot\u00e1vio, 3555, Distrito Industrial<\/p>\n\n\n\n<p>9 a 27\/3<\/p>\n\n\n\n<p><strong>Zona Rural<\/strong><\/p>\n\n\n\n<p>BR 174, Km 41 (USFR Ada Viana)<\/p>\n\n\n\n<p>16 a 27\/3<\/p>\n\n\n\n<p><strong>&#8212; &#8212; &#8212;<\/strong><\/p>\n\n\n\n<p><strong>Texto &#8211; <\/strong>Divulga\u00e7\u00e3o \/ Semsa<\/p>\n","protected":false},"excerpt":{"rendered":"","protected":false},"author":57,"featured_media":223048,"comment_status":"closed","ping_status":"closed","sticky":false,"template":"","format":"standard","meta":{"footnotes":""},"categories":[3],"tags":[91,54,28,1419],"acf":[],"yoast_head":"<!-- This site is optimized with the Yoast SEO plugin v23.0 - https:\/\/yoast.com\/wordpress\/plugins\/seo\/ -->\n<title>PMM divulga novos locais das Unidades M\u00f3veis de Sa\u00fade<\/title>\n<meta name=\"description\" content=\"As Unidades M\u00f3veis de Sa\u00fade da Mulher da Prefeitura de Manaus que atendem nas zonas Oeste e Rural iniciam a semana em novos endere\u00e7os.\" \/>\n<meta name=\"robots\" content=\"index, follow, max-snippet:-1, max-image-preview:large, max-video-preview:-1\" \/>\n<link rel=\"canonical\" href=\"https:\/\/www.manaus.am.gov.br\/semsa\/novos-locais-das-unidades-moveis-de-saude\/\" \/>\n<meta property=\"og:locale\" content=\"pt_BR\" \/>\n<meta property=\"og:type\" content=\"article\" \/>\n<meta property=\"og:title\" content=\"PMM divulga novos locais das Unidades M\u00f3veis de Sa\u00fade\" \/>\n<meta property=\"og:description\" content=\"As Unidades M\u00f3veis de Sa\u00fade da Mulher da Prefeitura de Manaus que atendem nas zonas Oeste e Rural iniciam a semana em novos endere\u00e7os.\" \/>\n<meta property=\"og:url\" content=\"https:\/\/www.manaus.am.gov.br\/semsa\/novos-locais-das-unidades-moveis-de-saude\/\" \/>\n<meta property=\"og:site_name\" content=\"SEMSA\" \/>\n<meta property=\"article:published_time\" content=\"2026-03-15T16:40:27+00:00\" \/>\n<meta property=\"article:modified_time\" content=\"2026-03-15T16:40:29+00:00\" \/>\n<meta property=\"og:image\" content=\"https:\/\/www.manaus.am.gov.br\/semsa\/wp-content\/uploads\/sites\/8\/2025\/04\/BANNER-NOTA.png\" \/>\n\t<meta property=\"og:image:width\" content=\"900\" \/>\n\t<meta property=\"og:image:height\" content=\"509\" \/>\n\t<meta property=\"og:image:type\" content=\"image\/png\" \/>\n<meta name=\"author\" content=\"Thiago Fernando\" \/>\n<meta name=\"twitter:card\" content=\"summary_large_image\" \/>\n<meta name=\"twitter:label1\" content=\"Written by\" \/>\n\t<meta name=\"twitter:data1\" content=\"Thiago Fernando\" \/>\n\t<meta name=\"twitter:label2\" content=\"Est. reading time\" \/>\n\t<meta name=\"twitter:data2\" content=\"2 minutos\" \/>\n<script type=\"application\/ld+json\" class=\"yoast-schema-graph\">{\"@context\":\"https:\/\/schema.org\",\"@graph\":[{\"@type\":\"WebPage\",\"@id\":\"https:\/\/www.manaus.am.gov.br\/semsa\/novos-locais-das-unidades-moveis-de-saude\/\",\"url\":\"https:\/\/www.manaus.am.gov.br\/semsa\/novos-locais-das-unidades-moveis-de-saude\/\",\"name\":\"PMM divulga novos locais das Unidades M\u00f3veis de Sa\u00fade\",\"isPartOf\":{\"@id\":\"https:\/\/www.manaus.am.gov.br\/semsa\/#website\"},\"primaryImageOfPage\":{\"@id\":\"https:\/\/www.manaus.am.gov.br\/semsa\/novos-locais-das-unidades-moveis-de-saude\/#primaryimage\"},\"image\":{\"@id\":\"https:\/\/www.manaus.am.gov.br\/semsa\/novos-locais-das-unidades-moveis-de-saude\/#primaryimage\"},\"thumbnailUrl\":\"https:\/\/www.manaus.am.gov.br\/semsa\/wp-content\/uploads\/sites\/8\/2025\/04\/BANNER-NOTA.png\",\"datePublished\":\"2026-03-15T16:40:27+00:00\",\"dateModified\":\"2026-03-15T16:40:29+00:00\",\"author\":{\"@id\":\"https:\/\/www.manaus.am.gov.br\/semsa\/#\/schema\/person\/a5ee5376db6e21af026374b369f30882\"},\"description\":\"As Unidades M\u00f3veis de Sa\u00fade da Mulher da Prefeitura de Manaus que atendem nas zonas Oeste e Rural iniciam a semana em novos endere\u00e7os.\",\"inLanguage\":\"pt-BR\",\"potentialAction\":[{\"@type\":\"ReadAction\",\"target\":[\"https:\/\/www.manaus.am.gov.br\/semsa\/novos-locais-das-unidades-moveis-de-saude\/\"]}]},{\"@type\":\"ImageObject\",\"inLanguage\":\"pt-BR\",\"@id\":\"https:\/\/www.manaus.am.gov.br\/semsa\/novos-locais-das-unidades-moveis-de-saude\/#primaryimage\",\"url\":\"https:\/\/www.manaus.am.gov.br\/semsa\/wp-content\/uploads\/sites\/8\/2025\/04\/BANNER-NOTA.png\",\"contentUrl\":\"https:\/\/www.manaus.am.gov.br\/semsa\/wp-content\/uploads\/sites\/8\/2025\/04\/BANNER-NOTA.png\",\"width\":900,\"height\":509,\"caption\":\"37 ocorr\u00eancias ap\u00f3s fortes chuvas\"},{\"@type\":\"WebSite\",\"@id\":\"https:\/\/www.manaus.am.gov.br\/semsa\/#website\",\"url\":\"https:\/\/www.manaus.am.gov.br\/semsa\/\",\"name\":\"SEMSA\",\"description\":\"Secretaria Municipal de Sa\u00fade\",\"alternateName\":\"Secretaria Municipal de Sa\u00fade\",\"potentialAction\":[{\"@type\":\"SearchAction\",\"target\":{\"@type\":\"EntryPoint\",\"urlTemplate\":\"https:\/\/www.manaus.am.gov.br\/semsa\/?s={search_term_string}\"},\"query-input\":\"required name=search_term_string\"}],\"inLanguage\":\"pt-BR\"},{\"@type\":\"Person\",\"@id\":\"https:\/\/www.manaus.am.gov.br\/semsa\/#\/schema\/person\/a5ee5376db6e21af026374b369f30882\",\"name\":\"Thiago Fernando\",\"image\":{\"@type\":\"ImageObject\",\"inLanguage\":\"pt-BR\",\"@id\":\"https:\/\/www.manaus.am.gov.br\/semsa\/#\/schema\/person\/image\/\",\"url\":\"https:\/\/secure.gravatar.com\/avatar\/f5aab8722444041451501c077052ac07?s=96&d=mm&r=g\",\"contentUrl\":\"https:\/\/secure.gravatar.com\/avatar\/f5aab8722444041451501c077052ac07?s=96&d=mm&r=g\",\"caption\":\"Thiago Fernando\"}}]}<\/script>\n<!-- \/ Yoast SEO plugin. -->","yoast_head_json":{"title":"PMM divulga novos locais das Unidades M\u00f3veis de Sa\u00fade","description":"As Unidades M\u00f3veis de Sa\u00fade da Mulher da Prefeitura de Manaus que atendem nas zonas Oeste e Rural iniciam a semana em novos endere\u00e7os.","robots":{"index":"index","follow":"follow","max-snippet":"max-snippet:-1","max-image-preview":"max-image-preview:large","max-video-preview":"max-video-preview:-1"},"canonical":"https:\/\/www.manaus.am.gov.br\/semsa\/novos-locais-das-unidades-moveis-de-saude\/","og_locale":"pt_BR","og_type":"article","og_title":"PMM divulga novos locais das Unidades M\u00f3veis de Sa\u00fade","og_description":"As Unidades M\u00f3veis de Sa\u00fade da Mulher da Prefeitura de Manaus que atendem nas zonas Oeste e Rural iniciam a semana em novos endere\u00e7os.","og_url":"https:\/\/www.manaus.am.gov.br\/semsa\/novos-locais-das-unidades-moveis-de-saude\/","og_site_name":"SEMSA","article_published_time":"2026-03-15T16:40:27+00:00","article_modified_time":"2026-03-15T16:40:29+00:00","og_image":[{"width":900,"height":509,"url":"https:\/\/www.manaus.am.gov.br\/semsa\/wp-content\/uploads\/sites\/8\/2025\/04\/BANNER-NOTA.png","type":"image\/png"}],"author":"Thiago Fernando","twitter_card":"summary_large_image","twitter_misc":{"Written by":"Thiago Fernando","Est. reading time":"2 minutos"},"schema":{"@context":"https:\/\/schema.org","@graph":[{"@type":"WebPage","@id":"https:\/\/www.manaus.am.gov.br\/semsa\/novos-locais-das-unidades-moveis-de-saude\/","url":"https:\/\/www.manaus.am.gov.br\/semsa\/novos-locais-das-unidades-moveis-de-saude\/","name":"PMM divulga novos locais das Unidades M\u00f3veis de Sa\u00fade","isPartOf":{"@id":"https:\/\/www.manaus.am.gov.br\/semsa\/#website"},"primaryImageOfPage":{"@id":"https:\/\/www.manaus.am.gov.br\/semsa\/novos-locais-das-unidades-moveis-de-saude\/#primaryimage"},"image":{"@id":"https:\/\/www.manaus.am.gov.br\/semsa\/novos-locais-das-unidades-moveis-de-saude\/#primaryimage"},"thumbnailUrl":"https:\/\/www.manaus.am.gov.br\/semsa\/wp-content\/uploads\/sites\/8\/2025\/04\/BANNER-NOTA.png","datePublished":"2026-03-15T16:40:27+00:00","dateModified":"2026-03-15T16:40:29+00:00","author":{"@id":"https:\/\/www.manaus.am.gov.br\/semsa\/#\/schema\/person\/a5ee5376db6e21af026374b369f30882"},"description":"As Unidades M\u00f3veis de Sa\u00fade da Mulher da Prefeitura de Manaus que atendem nas zonas Oeste e Rural iniciam a semana em novos endere\u00e7os.","inLanguage":"pt-BR","potentialAction":[{"@type":"ReadAction","target":["https:\/\/www.manaus.am.gov.br\/semsa\/novos-locais-das-unidades-moveis-de-saude\/"]}]},{"@type":"ImageObject","inLanguage":"pt-BR","@id":"https:\/\/www.manaus.am.gov.br\/semsa\/novos-locais-das-unidades-moveis-de-saude\/#primaryimage","url":"https:\/\/www.manaus.am.gov.br\/semsa\/wp-content\/uploads\/sites\/8\/2025\/04\/BANNER-NOTA.png","contentUrl":"https:\/\/www.manaus.am.gov.br\/semsa\/wp-content\/uploads\/sites\/8\/2025\/04\/BANNER-NOTA.png","width":900,"height":509,"caption":"37 ocorr\u00eancias ap\u00f3s fortes chuvas"},{"@type":"WebSite","@id":"https:\/\/www.manaus.am.gov.br\/semsa\/#website","url":"https:\/\/www.manaus.am.gov.br\/semsa\/","name":"SEMSA","description":"Secretaria Municipal de Sa\u00fade","alternateName":"Secretaria Municipal de Sa\u00fade","potentialAction":[{"@type":"SearchAction","target":{"@type":"EntryPoint","urlTemplate":"https:\/\/www.manaus.am.gov.br\/semsa\/?s={search_term_string}"},"query-input":"required name=search_term_string"}],"inLanguage":"pt-BR"},{"@type":"Person","@id":"https:\/\/www.manaus.am.gov.br\/semsa\/#\/schema\/person\/a5ee5376db6e21af026374b369f30882","name":"Thiago Fernando","image":{"@type":"ImageObject","inLanguage":"pt-BR","@id":"https:\/\/www.manaus.am.gov.br\/semsa\/#\/schema\/person\/image\/","url":"https:\/\/secure.gravatar.com\/avatar\/f5aab8722444041451501c077052ac07?s=96&d=mm&r=g","contentUrl":"https:\/\/secure.gravatar.com\/avatar\/f5aab8722444041451501c077052ac07?s=96&d=mm&r=g","caption":"Thiago Fernando"}}]}},"_links":{"self":[{"href":"https:\/\/www.manaus.am.gov.br\/semsa\/wp-json\/wp\/v2\/posts\/228007"}],"collection":[{"href":"https:\/\/www.manaus.am.gov.br\/semsa\/wp-json\/wp\/v2\/posts"}],"about":[{"href":"https:\/\/www.manaus.am.gov.br\/semsa\/wp-json\/wp\/v2\/types\/post"}],"author":[{"embeddable":true,"href":"https:\/\/www.manaus.am.gov.br\/semsa\/wp-json\/wp\/v2\/users\/57"}],"replies":[{"embeddable":true,"href":"https:\/\/www.manaus.am.gov.br\/semsa\/wp-json\/wp\/v2\/comments?post=228007"}],"version-history":[{"count":0,"href":"https:\/\/www.manaus.am.gov.br\/semsa\/wp-json\/wp\/v2\/posts\/228007\/revisions"}],"wp:featuredmedia":[{"embeddable":true,"href":"https:\/\/www.manaus.am.gov.br\/semsa\/wp-json\/wp\/v2\/media\/223048"}],"wp:attachment":[{"href":"https:\/\/www.manaus.am.gov.br\/semsa\/wp-json\/wp\/v2\/media?parent=228007"}],"wp:term":[{"taxonomy":"category","embeddable":true,"href":"https:\/\/www.manaus.am.gov.br\/semsa\/wp-json\/wp\/v2\/categories?post=228007"},{"taxonomy":"post_tag","embeddable":true,"href":"https:\/\/www.manaus.am.gov.br\/semsa\/wp-json\/wp\/v2\/tags?post=228007"}],"curies":[{"name":"wp","href":"https:\/\/api.w.org\/{rel}","templated":true}]}}