{"id":227998,"date":"2026-03-13T15:37:56","date_gmt":"2026-03-13T19:37:56","guid":{"rendered":"https:\/\/www.manaus.am.gov.br\/semsa\/busca-ativa-tuberculose\/"},"modified":"2026-03-13T15:47:12","modified_gmt":"2026-03-13T19:47:12","slug":"busca-ativa-tuberculose","status":"publish","type":"post","link":"https:\/\/www.manaus.am.gov.br\/semsa\/busca-ativa-tuberculose\/","title":{"rendered":"Prefeitura de Manaus promove a\u00e7\u00e3o de busca ativa de casos de tuberculose"},"content":{"rendered":"\n<p>A <a href=\"https:\/\/www.manaus.am.gov.br\/\">Prefeitura de Manaus<\/a>, por meio da <a href=\"https:\/\/www.instagram.com\/semsamanaus\/\">Secretaria Municipal de Sa\u00fade<\/a> (Semsa), promoveu nesta sexta-feira, 13\/3, na Casa de Passagem Padre Orlando Barbosa, bairro Centro, zona Sul da cidade, a\u00e7\u00e3o educativa e de busca ativa de casos de tuberculose.<\/p>\n\n\n\n<p>A programa\u00e7\u00e3o foi direcionada para o p\u00fablico atendido na Casa de Passagem, entidade vinculada \u00e0 Secretaria Municipal da Mulher, Assist\u00eancia Social e Cidadania (Semasc) e que serve como espa\u00e7o de acolhimento 24 horas a pessoas em situa\u00e7\u00e3o de vulnerabilidade.<\/p>\n\n\n\n<p>De acordo com a chefe do N\u00facleo de Controle de Tuberculose da Semsa, Anne Kimi Okazaki, a a\u00e7\u00e3o integra a Campanha contra Tuberculose, realizada no m\u00eas de mar\u00e7o com o objetivo de mobilizar a rede municipal e a sociedade para a intensifica\u00e7\u00e3o do trabalho de preven\u00e7\u00e3o, diagn\u00f3stico e tratamento da tuberculose.<\/p>\n\n\n\n<p>Na a\u00e7\u00e3o, o p\u00fablico acolhido na Casa de Passagem teve acesso ao servi\u00e7o de coleta de escarro para o teste r\u00e1pido molecular, que detecta a presen\u00e7a Mycobacterium tuberculosis, bact\u00e9ria causadora da tuberculose, e identifica a doen\u00e7a ativa.<\/p>\n\n\n\n<p>A Semsa tamb\u00e9m ofertou para os trabalhadores da institui\u00e7\u00e3o o teste de prova tubercul\u00ednica, exame que identifica a tuberculose latente, quando o paciente apresenta a infec\u00e7\u00e3o pelo Mycobacterium tuberculosis, mas ainda n\u00e3o desenvolveu a tuberculose ativa.<\/p>\n\n\n\n<p>\u201cO diagn\u00f3stico precoce da tuberculose ativa permite o in\u00edcio do tratamento em tempo oportuno, o que vai reduzir o risco do desenvolvimento de sintomas graves da doen\u00e7a, da piora do quadro de sa\u00fade e do \u00f3bito do paciente. E quanto antes h\u00e1 o in\u00edcio do tratamento, a gente interrompe a cadeia de transmiss\u00e3o. Isso \u00e9 essencial no controle da tuberculose, considerando que uma pessoa que n\u00e3o inicia o tratamento pode transmitir a doen\u00e7a para at\u00e9 10 pessoas no per\u00edodo de um ano\u201d, alertou Anne Kimi.<\/p>\n\n\n\n<p>A a\u00e7\u00e3o, organizada para atender 48 pessoas acolhidas, contou com o apoio do Distrito de Sa\u00fade (Disa) Sul e do Consult\u00f3rio na Rua, servi\u00e7o da Semsa que atua no atendimento em sa\u00fade da popula\u00e7\u00e3o em situa\u00e7\u00e3o de rua.<\/p>\n\n\n\n<p>Na Casa de Passagem, a equipe multiprofissional do Consult\u00f3rio na Rua realiza atividades educativas para orientar sobre sinais e sintomas da tuberculose, a forma correta de coleta para o exame de escarro e a import\u00e2ncia da ades\u00e3o ao tratamento.<\/p>\n\n\n<div class=\"wp-block-image\">\n<figure class=\"aligncenter size-large\"><img loading=\"lazy\" decoding=\"async\" width=\"1024\" height=\"683\" src=\"https:\/\/www.manaus.am.gov.br\/semsa\/wp-content\/uploads\/sites\/8\/2026\/03\/SEMSA-MANAUS_PROGR-COMBATE-A-TUBERCULOSE-4R-1024x683.jpg\" alt=\"\" class=\"wp-image-227999\" srcset=\"https:\/\/www.manaus.am.gov.br\/semsa\/wp-content\/uploads\/sites\/8\/2026\/03\/SEMSA-MANAUS_PROGR-COMBATE-A-TUBERCULOSE-4R-1024x683.jpg 1024w, https:\/\/www.manaus.am.gov.br\/semsa\/wp-content\/uploads\/sites\/8\/2026\/03\/SEMSA-MANAUS_PROGR-COMBATE-A-TUBERCULOSE-4R-300x200.jpg 300w, https:\/\/www.manaus.am.gov.br\/semsa\/wp-content\/uploads\/sites\/8\/2026\/03\/SEMSA-MANAUS_PROGR-COMBATE-A-TUBERCULOSE-4R-768x512.jpg 768w, https:\/\/www.manaus.am.gov.br\/semsa\/wp-content\/uploads\/sites\/8\/2026\/03\/SEMSA-MANAUS_PROGR-COMBATE-A-TUBERCULOSE-4R.jpg 1200w\" sizes=\"(max-width: 1024px) 100vw, 1024px\" \/><figcaption class=\"wp-element-caption\">#paratodosverem &#8211; durante a a\u00e7\u00e3o, servidores da Semsa deram explica\u00e7\u00f5es sobre a tuberculose<\/figcaption><\/figure><\/div>\n\n\n<p>A coordenadora do servi\u00e7o, enfermeira Jaqueline Cavalcanti, explicou que a equipe do Consult\u00f3rio na Rua atua junto \u00e0 popula\u00e7\u00e3o em situa\u00e7\u00e3o de rua com uma equipe formada por enfermeiro, m\u00e9dico, assistente social, psic\u00f3logo e t\u00e9cnico de enfermagem.<\/p>\n\n\n\n<p>\u201cEm rela\u00e7\u00e3o ao controle da tuberculose, a equipe trabalha na identifica\u00e7\u00e3o de pessoas com sintomas da doen\u00e7a, realiza a coleta para o exame de escarro, leva ao laborat\u00f3rio e volta com o resultado e o tratamento. A equipe faz o acompanhamento semanal, levando o tratamento semanalmente, verificando se tomaram a medica\u00e7\u00e3o da semana, de forma a garantir um tratamento mais efetivo\u201d, afirmou a enfermeira.<\/p>\n\n\n\n<p>Conforme explicou Jaqueline Cavalcanti, a popula\u00e7\u00e3o deve ficar alerta para os sintomas da tuberculose, principalmente tosse por duas semanas ou mais, mas tamb\u00e9m febre, cansa\u00e7o, mal-estar geral e emagrecimento.<\/p>\n\n\n\n<p>\u201cTamb\u00e9m refor\u00e7amos no trabalho de educa\u00e7\u00e3o em sa\u00fade a import\u00e2ncia da ades\u00e3o ao tratamento para evitar que a bact\u00e9ria fique resistente ao medicamento\u201d, destacou a enfermeira.<\/p>\n\n\n\n<p>O munic\u00edpio de Manaus registrou 3.282 casos novos de tuberculose no ano passado, com uma incid\u00eancia de 142,5 casos por 100 mil habitantes. Entre janeiro e fevereiro de 2026, j\u00e1 foram registrados 471 casos novos da doen\u00e7a no munic\u00edpio.<\/p>\n","protected":false},"excerpt":{"rendered":"","protected":false},"author":61,"featured_media":228000,"comment_status":"closed","ping_status":"closed","sticky":false,"template":"","format":"standard","meta":{"footnotes":""},"categories":[3],"tags":[192,3908,54,28,1609],"acf":[],"yoast_head":"<!-- This site is optimized with the Yoast SEO plugin v23.0 - https:\/\/yoast.com\/wordpress\/plugins\/seo\/ -->\n<title>Prefeitura de Manaus promove a\u00e7\u00e3o de busca ativa de casos de tuberculose<\/title>\n<meta name=\"description\" content=\"A Prefeitura de Manaus, por meio da Secretaria Municipal de Sa\u00fade (Semsa), promoveu nesta sexta-feira, 13\/3, na Casa de Passagem Padre Orlando Barbosa, bairro Centro, zona Sul da cidade, a\u00e7\u00e3o educativa e de busca ativa de casos de tuberculose.\" \/>\n<meta name=\"robots\" content=\"index, follow, max-snippet:-1, max-image-preview:large, max-video-preview:-1\" \/>\n<link rel=\"canonical\" href=\"https:\/\/www.manaus.am.gov.br\/semsa\/busca-ativa-tuberculose\/\" \/>\n<meta property=\"og:locale\" content=\"pt_BR\" \/>\n<meta property=\"og:type\" content=\"article\" \/>\n<meta property=\"og:title\" content=\"Prefeitura de Manaus promove a\u00e7\u00e3o de busca ativa de casos de tuberculose\" \/>\n<meta property=\"og:description\" content=\"A Prefeitura de Manaus, por meio da Secretaria Municipal de Sa\u00fade (Semsa), promoveu nesta sexta-feira, 13\/3, na Casa de Passagem Padre Orlando Barbosa, bairro Centro, zona Sul da cidade, a\u00e7\u00e3o educativa e de busca ativa de casos de tuberculose.\" \/>\n<meta property=\"og:url\" content=\"https:\/\/www.manaus.am.gov.br\/semsa\/busca-ativa-tuberculose\/\" \/>\n<meta property=\"og:site_name\" content=\"SEMSA\" \/>\n<meta property=\"article:published_time\" content=\"2026-03-13T19:37:56+00:00\" \/>\n<meta property=\"article:modified_time\" content=\"2026-03-13T19:47:12+00:00\" \/>\n<meta property=\"og:image\" content=\"https:\/\/www.manaus.am.gov.br\/semsa\/wp-content\/uploads\/sites\/8\/2026\/03\/SEMSA-MANAUS_PROGR-COMBATE-A-TUBERCULOSE-3R.jpg\" \/>\n\t<meta property=\"og:image:width\" content=\"1200\" \/>\n\t<meta property=\"og:image:height\" content=\"800\" \/>\n\t<meta property=\"og:image:type\" content=\"image\/jpeg\" \/>\n<meta name=\"author\" content=\"smonteiro\" \/>\n<meta name=\"twitter:card\" content=\"summary_large_image\" \/>\n<meta name=\"twitter:label1\" content=\"Written by\" \/>\n\t<meta name=\"twitter:data1\" content=\"smonteiro\" \/>\n\t<meta name=\"twitter:label2\" content=\"Est. reading time\" \/>\n\t<meta name=\"twitter:data2\" content=\"4 minutos\" \/>\n<script type=\"application\/ld+json\" class=\"yoast-schema-graph\">{\"@context\":\"https:\/\/schema.org\",\"@graph\":[{\"@type\":\"WebPage\",\"@id\":\"https:\/\/www.manaus.am.gov.br\/semsa\/busca-ativa-tuberculose\/\",\"url\":\"https:\/\/www.manaus.am.gov.br\/semsa\/busca-ativa-tuberculose\/\",\"name\":\"Prefeitura de Manaus promove a\u00e7\u00e3o de busca ativa de casos de tuberculose\",\"isPartOf\":{\"@id\":\"https:\/\/www.manaus.am.gov.br\/semsa\/#website\"},\"primaryImageOfPage\":{\"@id\":\"https:\/\/www.manaus.am.gov.br\/semsa\/busca-ativa-tuberculose\/#primaryimage\"},\"image\":{\"@id\":\"https:\/\/www.manaus.am.gov.br\/semsa\/busca-ativa-tuberculose\/#primaryimage\"},\"thumbnailUrl\":\"https:\/\/www.manaus.am.gov.br\/semsa\/wp-content\/uploads\/sites\/8\/2026\/03\/SEMSA-MANAUS_PROGR-COMBATE-A-TUBERCULOSE-3R.jpg\",\"datePublished\":\"2026-03-13T19:37:56+00:00\",\"dateModified\":\"2026-03-13T19:47:12+00:00\",\"author\":{\"@id\":\"https:\/\/www.manaus.am.gov.br\/semsa\/#\/schema\/person\/ab4dcf766a54dff74e8d267f5c591961\"},\"description\":\"A Prefeitura de Manaus, por meio da Secretaria Municipal de Sa\u00fade (Semsa), promoveu nesta sexta-feira, 13\/3, na Casa de Passagem Padre Orlando Barbosa, bairro Centro, zona Sul da cidade, a\u00e7\u00e3o educativa e de busca ativa de casos de tuberculose.\",\"inLanguage\":\"pt-BR\",\"potentialAction\":[{\"@type\":\"ReadAction\",\"target\":[\"https:\/\/www.manaus.am.gov.br\/semsa\/busca-ativa-tuberculose\/\"]}]},{\"@type\":\"ImageObject\",\"inLanguage\":\"pt-BR\",\"@id\":\"https:\/\/www.manaus.am.gov.br\/semsa\/busca-ativa-tuberculose\/#primaryimage\",\"url\":\"https:\/\/www.manaus.am.gov.br\/semsa\/wp-content\/uploads\/sites\/8\/2026\/03\/SEMSA-MANAUS_PROGR-COMBATE-A-TUBERCULOSE-3R.jpg\",\"contentUrl\":\"https:\/\/www.manaus.am.gov.br\/semsa\/wp-content\/uploads\/sites\/8\/2026\/03\/SEMSA-MANAUS_PROGR-COMBATE-A-TUBERCULOSE-3R.jpg\",\"width\":1200,\"height\":800,\"caption\":\"#paratodosverem - t\u00e9cnicos da Semsa entrevistam pessoas assistidas pela Casa de Passagem\"},{\"@type\":\"WebSite\",\"@id\":\"https:\/\/www.manaus.am.gov.br\/semsa\/#website\",\"url\":\"https:\/\/www.manaus.am.gov.br\/semsa\/\",\"name\":\"SEMSA\",\"description\":\"Secretaria Municipal de Sa\u00fade\",\"alternateName\":\"Secretaria Municipal de Sa\u00fade\",\"potentialAction\":[{\"@type\":\"SearchAction\",\"target\":{\"@type\":\"EntryPoint\",\"urlTemplate\":\"https:\/\/www.manaus.am.gov.br\/semsa\/?s={search_term_string}\"},\"query-input\":\"required name=search_term_string\"}],\"inLanguage\":\"pt-BR\"},{\"@type\":\"Person\",\"@id\":\"https:\/\/www.manaus.am.gov.br\/semsa\/#\/schema\/person\/ab4dcf766a54dff74e8d267f5c591961\",\"name\":\"smonteiro\",\"image\":{\"@type\":\"ImageObject\",\"inLanguage\":\"pt-BR\",\"@id\":\"https:\/\/www.manaus.am.gov.br\/semsa\/#\/schema\/person\/image\/\",\"url\":\"https:\/\/secure.gravatar.com\/avatar\/21c8776ef61d9272c73322052e042d77?s=96&d=mm&r=g\",\"contentUrl\":\"https:\/\/secure.gravatar.com\/avatar\/21c8776ef61d9272c73322052e042d77?s=96&d=mm&r=g\",\"caption\":\"smonteiro\"}}]}<\/script>\n<!-- \/ Yoast SEO plugin. -->","yoast_head_json":{"title":"Prefeitura de Manaus promove a\u00e7\u00e3o de busca ativa de casos de tuberculose","description":"A Prefeitura de Manaus, por meio da Secretaria Municipal de Sa\u00fade (Semsa), promoveu nesta sexta-feira, 13\/3, na Casa de Passagem Padre Orlando Barbosa, bairro Centro, zona Sul da cidade, a\u00e7\u00e3o educativa e de busca ativa de casos de tuberculose.","robots":{"index":"index","follow":"follow","max-snippet":"max-snippet:-1","max-image-preview":"max-image-preview:large","max-video-preview":"max-video-preview:-1"},"canonical":"https:\/\/www.manaus.am.gov.br\/semsa\/busca-ativa-tuberculose\/","og_locale":"pt_BR","og_type":"article","og_title":"Prefeitura de Manaus promove a\u00e7\u00e3o de busca ativa de casos de tuberculose","og_description":"A Prefeitura de Manaus, por meio da Secretaria Municipal de Sa\u00fade (Semsa), promoveu nesta sexta-feira, 13\/3, na Casa de Passagem Padre Orlando Barbosa, bairro Centro, zona Sul da cidade, a\u00e7\u00e3o educativa e de busca ativa de casos de tuberculose.","og_url":"https:\/\/www.manaus.am.gov.br\/semsa\/busca-ativa-tuberculose\/","og_site_name":"SEMSA","article_published_time":"2026-03-13T19:37:56+00:00","article_modified_time":"2026-03-13T19:47:12+00:00","og_image":[{"width":1200,"height":800,"url":"https:\/\/www.manaus.am.gov.br\/semsa\/wp-content\/uploads\/sites\/8\/2026\/03\/SEMSA-MANAUS_PROGR-COMBATE-A-TUBERCULOSE-3R.jpg","type":"image\/jpeg"}],"author":"smonteiro","twitter_card":"summary_large_image","twitter_misc":{"Written by":"smonteiro","Est. reading time":"4 minutos"},"schema":{"@context":"https:\/\/schema.org","@graph":[{"@type":"WebPage","@id":"https:\/\/www.manaus.am.gov.br\/semsa\/busca-ativa-tuberculose\/","url":"https:\/\/www.manaus.am.gov.br\/semsa\/busca-ativa-tuberculose\/","name":"Prefeitura de Manaus promove a\u00e7\u00e3o de busca ativa de casos de tuberculose","isPartOf":{"@id":"https:\/\/www.manaus.am.gov.br\/semsa\/#website"},"primaryImageOfPage":{"@id":"https:\/\/www.manaus.am.gov.br\/semsa\/busca-ativa-tuberculose\/#primaryimage"},"image":{"@id":"https:\/\/www.manaus.am.gov.br\/semsa\/busca-ativa-tuberculose\/#primaryimage"},"thumbnailUrl":"https:\/\/www.manaus.am.gov.br\/semsa\/wp-content\/uploads\/sites\/8\/2026\/03\/SEMSA-MANAUS_PROGR-COMBATE-A-TUBERCULOSE-3R.jpg","datePublished":"2026-03-13T19:37:56+00:00","dateModified":"2026-03-13T19:47:12+00:00","author":{"@id":"https:\/\/www.manaus.am.gov.br\/semsa\/#\/schema\/person\/ab4dcf766a54dff74e8d267f5c591961"},"description":"A Prefeitura de Manaus, por meio da Secretaria Municipal de Sa\u00fade (Semsa), promoveu nesta sexta-feira, 13\/3, na Casa de Passagem Padre Orlando Barbosa, bairro Centro, zona Sul da cidade, a\u00e7\u00e3o educativa e de busca ativa de casos de tuberculose.","inLanguage":"pt-BR","potentialAction":[{"@type":"ReadAction","target":["https:\/\/www.manaus.am.gov.br\/semsa\/busca-ativa-tuberculose\/"]}]},{"@type":"ImageObject","inLanguage":"pt-BR","@id":"https:\/\/www.manaus.am.gov.br\/semsa\/busca-ativa-tuberculose\/#primaryimage","url":"https:\/\/www.manaus.am.gov.br\/semsa\/wp-content\/uploads\/sites\/8\/2026\/03\/SEMSA-MANAUS_PROGR-COMBATE-A-TUBERCULOSE-3R.jpg","contentUrl":"https:\/\/www.manaus.am.gov.br\/semsa\/wp-content\/uploads\/sites\/8\/2026\/03\/SEMSA-MANAUS_PROGR-COMBATE-A-TUBERCULOSE-3R.jpg","width":1200,"height":800,"caption":"#paratodosverem - t\u00e9cnicos da Semsa entrevistam pessoas assistidas pela Casa de Passagem"},{"@type":"WebSite","@id":"https:\/\/www.manaus.am.gov.br\/semsa\/#website","url":"https:\/\/www.manaus.am.gov.br\/semsa\/","name":"SEMSA","description":"Secretaria Municipal de Sa\u00fade","alternateName":"Secretaria Municipal de Sa\u00fade","potentialAction":[{"@type":"SearchAction","target":{"@type":"EntryPoint","urlTemplate":"https:\/\/www.manaus.am.gov.br\/semsa\/?s={search_term_string}"},"query-input":"required name=search_term_string"}],"inLanguage":"pt-BR"},{"@type":"Person","@id":"https:\/\/www.manaus.am.gov.br\/semsa\/#\/schema\/person\/ab4dcf766a54dff74e8d267f5c591961","name":"smonteiro","image":{"@type":"ImageObject","inLanguage":"pt-BR","@id":"https:\/\/www.manaus.am.gov.br\/semsa\/#\/schema\/person\/image\/","url":"https:\/\/secure.gravatar.com\/avatar\/21c8776ef61d9272c73322052e042d77?s=96&d=mm&r=g","contentUrl":"https:\/\/secure.gravatar.com\/avatar\/21c8776ef61d9272c73322052e042d77?s=96&d=mm&r=g","caption":"smonteiro"}}]}},"_links":{"self":[{"href":"https:\/\/www.manaus.am.gov.br\/semsa\/wp-json\/wp\/v2\/posts\/227998"}],"collection":[{"href":"https:\/\/www.manaus.am.gov.br\/semsa\/wp-json\/wp\/v2\/posts"}],"about":[{"href":"https:\/\/www.manaus.am.gov.br\/semsa\/wp-json\/wp\/v2\/types\/post"}],"author":[{"embeddable":true,"href":"https:\/\/www.manaus.am.gov.br\/semsa\/wp-json\/wp\/v2\/users\/61"}],"replies":[{"embeddable":true,"href":"https:\/\/www.manaus.am.gov.br\/semsa\/wp-json\/wp\/v2\/comments?post=227998"}],"version-history":[{"count":3,"href":"https:\/\/www.manaus.am.gov.br\/semsa\/wp-json\/wp\/v2\/posts\/227998\/revisions"}],"predecessor-version":[{"id":228003,"href":"https:\/\/www.manaus.am.gov.br\/semsa\/wp-json\/wp\/v2\/posts\/227998\/revisions\/228003"}],"wp:featuredmedia":[{"embeddable":true,"href":"https:\/\/www.manaus.am.gov.br\/semsa\/wp-json\/wp\/v2\/media\/228000"}],"wp:attachment":[{"href":"https:\/\/www.manaus.am.gov.br\/semsa\/wp-json\/wp\/v2\/media?parent=227998"}],"wp:term":[{"taxonomy":"category","embeddable":true,"href":"https:\/\/www.manaus.am.gov.br\/semsa\/wp-json\/wp\/v2\/categories?post=227998"},{"taxonomy":"post_tag","embeddable":true,"href":"https:\/\/www.manaus.am.gov.br\/semsa\/wp-json\/wp\/v2\/tags?post=227998"}],"curies":[{"name":"wp","href":"https:\/\/api.w.org\/{rel}","templated":true}]}}