{"id":227981,"date":"2026-03-12T15:55:39","date_gmt":"2026-03-12T19:55:39","guid":{"rendered":"https:\/\/www.manaus.am.gov.br\/semsa\/profissionais-saude-renal\/"},"modified":"2026-03-12T16:11:33","modified_gmt":"2026-03-12T20:11:33","slug":"profissionais-saude-renal-rim","status":"publish","type":"post","link":"https:\/\/www.manaus.am.gov.br\/semsa\/profissionais-saude-renal-rim\/","title":{"rendered":"Profissionais da prefeitura orientam sobre sa\u00fade renal em programa\u00e7\u00e3o pelo Dia Mundial do Rim"},"content":{"rendered":"\n<p>Mais do que simples \u201cfiltros\u201d de impurezas do sangue, os rins exercem outras fun\u00e7\u00f5es essenciais para a sa\u00fade, como a regula\u00e7\u00e3o da press\u00e3o arterial. Em aten\u00e7\u00e3o ao Dia Mundial do Rim, celebrado nesta quinta-feira, 12\/3, a <a href=\"https:\/\/www.manaus.am.gov.br\/\">Prefeitura de Manaus<\/a> est\u00e1 intensificando a oferta de consultas e exames, e refor\u00e7ando as a\u00e7\u00f5es de educa\u00e7\u00e3o para promo\u00e7\u00e3o da sa\u00fade renal, durante todo este m\u00eas, nas unidades da <a href=\"https:\/\/www.instagram.com\/semsamanaus\/\">Secretaria Municipal de Sa\u00fade<\/a> (Semsa).<\/p>\n\n\n\n<p>Uma dessas a\u00e7\u00f5es ocorreu na tarde desta quinta-feira, 12, na Unidade de Sa\u00fade da Fam\u00edlia (USF) Luiza do Carmo Ribeiro Fernandes, situada no bairro Vila Buriti e vinculada ao Distrito de Sa\u00fade (Disa) Leste da Semsa. Na atividade, as equipes da USF distribu\u00edram material educativo e orientaram comunit\u00e1rios sobre as doen\u00e7as renais, fatores de risco, complica\u00e7\u00f5es, formas de preven\u00e7\u00e3o, entre outros temas.<\/p>\n\n\n\n<p>O m\u00e9dico da Estrat\u00e9gia Sa\u00fade da Fam\u00edlia da USF, Favila Gentil, explicou que os rins s\u00e3o respons\u00e1veis por filtrar e eliminar toxinas do sangue, equilibrar \u00e1gua e sais minerais, regular a press\u00e3o arterial, entre outras fun\u00e7\u00f5es. A sa\u00fade desses \u00f3rg\u00e3os, relatou o profissional, requer n\u00e3o s\u00f3 beber bastante \u00e1gua, mas tamb\u00e9m adotar h\u00e1bitos saud\u00e1veis de vida e controlar condi\u00e7\u00f5es como hipertens\u00e3o arterial e diabetes, que s\u00e3o os principais fatores de risco para doen\u00e7as renais.<\/p>\n\n\n\n<p>\u201cA mais grave delas \u00e9 a doen\u00e7a renal cr\u00f4nica, que \u00e9 irrevers\u00edvel e leva \u00e0 perda progressiva da fun\u00e7\u00e3o renal. A pessoa ent\u00e3o vai precisar fazer hemodi\u00e1lise regular, para eliminar res\u00edduos e equilibrar \u00e1gua e sais do organismo, ou necessitar de um transplante\u201d, alertou.<\/p>\n\n\n\n<p>Conforme Favila, a doen\u00e7a renal se desenvolve de forma silenciosa, em muitos casos sendo diagnosticada j\u00e1 em estado avan\u00e7ado, com maior comprometimento da sa\u00fade. Os primeiros sinais de alerta, ele informa, incluem sintomas como incha\u00e7os nos membros inferiores que surgem e melhoram, infec\u00e7\u00f5es urin\u00e1rias repetidas, e diminui\u00e7\u00e3o no volume ou espuma excessiva na urina.<\/p>\n\n\n\n<p>\u201cAl\u00e9m de manter hidrata\u00e7\u00e3o adequada e h\u00e1bitos saud\u00e1veis, \u00e9 poss\u00edvel evitar problemas renais fazendo acompanhamento e exames de rotina na unidade b\u00e1sica, para avalia\u00e7\u00e3o da fun\u00e7\u00e3o renal e para controle de hipertens\u00e3o, diabetes e outras condi\u00e7\u00f5es, como obesidade e uso de tabaco\u201d, orientou ele, que cursa p\u00f3s-gradua\u00e7\u00e3o em Medicina de Fam\u00edlia e Comunidade (MFC) e integra o projeto \u201cMais M\u00e9dicos para o Brasil\u201d.<\/p>\n\n\n\n<p>Para a respons\u00e1vel t\u00e9cnica do Programa de Doen\u00e7as Cardiovasculares e Diabetes do Distrito Leste, Brenda Leal, a conscientiza\u00e7\u00e3o sobre a sa\u00fade renal contribui para a preven\u00e7\u00e3o e detec\u00e7\u00e3o precoce das doen\u00e7as entre a popula\u00e7\u00e3o.<\/p>\n\n\n\n<p>\u201cEssas a\u00e7\u00f5es tamb\u00e9m estimulam o autocuidado, orientando as pessoas a cuidar da sa\u00fade e a buscar a unidade b\u00e1sica de forma precoce, ao perceberem qualquer altera\u00e7\u00e3o na fun\u00e7\u00e3o renal\u201d, avaliou.<\/p>\n\n\n\n<p><strong>Informa\u00e7\u00e3o e cuidado<\/strong><\/p>\n\n\n\n<p>As a\u00e7\u00f5es de preven\u00e7\u00e3o e promo\u00e7\u00e3o da sa\u00fade renal, que integram a rotina da rede de Aten\u00e7\u00e3o Prim\u00e1ria, est\u00e3o sendo intensificadas em todas as unidades da rede municipal de sa\u00fade neste m\u00eas, conforme a chefe do N\u00facleo de Aten\u00e7\u00e3o \u00e0 Sa\u00fade das Pessoas com Doen\u00e7as Circulat\u00f3rias e Diabetes da Semsa, Phamela Costa.<\/p>\n\n\n\n<p>\u201cDesde o in\u00edcio de mar\u00e7o, estamos intensificando a oferta de consultas e exames e refor\u00e7ando a tem\u00e1tica da sa\u00fade renal em rodas de conversa com usu\u00e1rios em espera nas unidades, e usu\u00e1rios acompanhados nos programas de hipertens\u00e3o e diabetes e grupos de atividades coletivas\u201d, informa a gestora.<\/p>\n\n\n\n<p>A programa\u00e7\u00e3o, de acordo com Phamela, \u00e9 desenvolvida pela Semsa em aten\u00e7\u00e3o ao Dia Mundial do Rim, celebrado anualmente na segunda quinta-feira de mar\u00e7o.<\/p>\n\n\n\n<p>\u201cA data especial tem enfoque preventivo, buscando chamar a aten\u00e7\u00e3o da popula\u00e7\u00e3o para a import\u00e2ncia do diagn\u00f3stico precoce e da ado\u00e7\u00e3o de h\u00e1bitos saud\u00e1veis para proteger os rins, em especial entre pessoas diab\u00e9ticas e hipertensas, mais predispostas a essas complica\u00e7\u00f5es\u201d, diz.<\/p>\n\n\n\n<p><strong>Agravo<\/strong><\/p>\n\n\n\n<p>As Doen\u00e7as Renais Cr\u00f4nicas (DRC) afetam aproximadamente 10% da popula\u00e7\u00e3o, sendo mais comum em pessoas com hipertens\u00e3o arterial e diabetes, que afetam diretamente a fun\u00e7\u00e3o renal. Os agravos s\u00e3o prevalentes ainda em pessoas de 50 a 79 anos, que concentraram mais de dois ter\u00e7os dos atendimentos relativos a doen\u00e7as renais na Aten\u00e7\u00e3o Prim\u00e1ria, segundo dados do Minist\u00e9rio da Sa\u00fade, de 2019 a 2023.<\/p>\n\n\n\n<p>As medidas preventivas para doen\u00e7as dos rins incluem a realiza\u00e7\u00e3o de exames regulares e o controle da press\u00e3o arterial e dos n\u00edveis de glicose no sangue, al\u00e9m da manuten\u00e7\u00e3o de h\u00e1bitos saud\u00e1veis, como a alimenta\u00e7\u00e3o equilibrada e a pr\u00e1tica de exerc\u00edcios f\u00edsicos.<\/p>\n\n\n\n<p>&#8212; &#8212; &#8212;<\/p>\n\n\n\n<p><strong>Texto<\/strong> \u2013 Jony Clay Borges \/ Semsa<\/p>\n\n\n\n<p><strong>Fotos<\/strong> \u2013 Divulga\u00e7\u00e3o \/ Semsa<\/p>\n","protected":false},"excerpt":{"rendered":"","protected":false},"author":61,"featured_media":227986,"comment_status":"closed","ping_status":"closed","sticky":false,"template":"","format":"standard","meta":{"footnotes":""},"categories":[3],"tags":[368,54,3906,28],"acf":[],"yoast_head":"<!-- This site is optimized with the Yoast SEO plugin v23.0 - https:\/\/yoast.com\/wordpress\/plugins\/seo\/ -->\n<title>Profissionais da prefeitura orientam sobre sa\u00fade renal em programa\u00e7\u00e3o pelo Dia Mundial do Rim<\/title>\n<meta name=\"description\" content=\"Mais do que simples \u201cfiltros\u201d de impurezas do sangue, os rins exercem outras fun\u00e7\u00f5es essenciais para a sa\u00fade, como a regula\u00e7\u00e3o da press\u00e3o arterial.\" \/>\n<meta name=\"robots\" content=\"index, follow, max-snippet:-1, max-image-preview:large, max-video-preview:-1\" \/>\n<link rel=\"canonical\" href=\"https:\/\/www.manaus.am.gov.br\/semsa\/profissionais-saude-renal\/\" \/>\n<meta property=\"og:locale\" content=\"pt_BR\" \/>\n<meta property=\"og:type\" content=\"article\" \/>\n<meta property=\"og:title\" content=\"Profissionais da prefeitura orientam sobre sa\u00fade renal em programa\u00e7\u00e3o pelo Dia Mundial do Rim\" \/>\n<meta property=\"og:description\" content=\"Mais do que simples \u201cfiltros\u201d de impurezas do sangue, os rins exercem outras fun\u00e7\u00f5es essenciais para a sa\u00fade, como a regula\u00e7\u00e3o da press\u00e3o arterial.\" \/>\n<meta property=\"og:url\" content=\"https:\/\/www.manaus.am.gov.br\/semsa\/profissionais-saude-renal\/\" \/>\n<meta property=\"og:site_name\" content=\"SEMSA\" \/>\n<meta property=\"article:published_time\" content=\"2026-03-12T19:55:39+00:00\" \/>\n<meta property=\"article:modified_time\" content=\"2026-03-12T20:11:33+00:00\" \/>\n<meta property=\"og:image\" content=\"https:\/\/www.manaus.am.gov.br\/semsa\/wp-content\/uploads\/sites\/8\/2026\/03\/Acao-Rim-USF-Luiza-do-Carmo-5.jpeg\" \/>\n\t<meta property=\"og:image:width\" content=\"900\" \/>\n\t<meta property=\"og:image:height\" content=\"600\" \/>\n\t<meta property=\"og:image:type\" content=\"image\/jpeg\" \/>\n<meta name=\"author\" content=\"smonteiro\" \/>\n<meta name=\"twitter:card\" content=\"summary_large_image\" \/>\n<meta name=\"twitter:label1\" content=\"Written by\" \/>\n\t<meta name=\"twitter:data1\" content=\"smonteiro\" \/>\n\t<meta name=\"twitter:label2\" content=\"Est. reading time\" \/>\n\t<meta name=\"twitter:data2\" content=\"5 minutos\" \/>\n<script type=\"application\/ld+json\" class=\"yoast-schema-graph\">{\"@context\":\"https:\/\/schema.org\",\"@graph\":[{\"@type\":\"WebPage\",\"@id\":\"https:\/\/www.manaus.am.gov.br\/semsa\/profissionais-saude-renal\/\",\"url\":\"https:\/\/www.manaus.am.gov.br\/semsa\/profissionais-saude-renal\/\",\"name\":\"Profissionais da prefeitura orientam sobre sa\u00fade renal em programa\u00e7\u00e3o pelo Dia Mundial do Rim\",\"isPartOf\":{\"@id\":\"https:\/\/www.manaus.am.gov.br\/semsa\/#website\"},\"primaryImageOfPage\":{\"@id\":\"https:\/\/www.manaus.am.gov.br\/semsa\/profissionais-saude-renal\/#primaryimage\"},\"image\":{\"@id\":\"https:\/\/www.manaus.am.gov.br\/semsa\/profissionais-saude-renal\/#primaryimage\"},\"thumbnailUrl\":\"https:\/\/www.manaus.am.gov.br\/semsa\/wp-content\/uploads\/sites\/8\/2026\/03\/SEMSA-MANAUS-Acoes-Dia-Mundial-Rim-2.jpg\",\"datePublished\":\"2026-03-12T19:55:39+00:00\",\"dateModified\":\"2026-03-12T20:11:33+00:00\",\"author\":{\"@id\":\"https:\/\/www.manaus.am.gov.br\/semsa\/#\/schema\/person\/ab4dcf766a54dff74e8d267f5c591961\"},\"description\":\"Mais do que simples \u201cfiltros\u201d de impurezas do sangue, os rins exercem outras fun\u00e7\u00f5es essenciais para a sa\u00fade, como a regula\u00e7\u00e3o da press\u00e3o arterial.\",\"inLanguage\":\"pt-BR\",\"potentialAction\":[{\"@type\":\"ReadAction\",\"target\":[\"https:\/\/www.manaus.am.gov.br\/semsa\/profissionais-saude-renal\/\"]}]},{\"@type\":\"ImageObject\",\"inLanguage\":\"pt-BR\",\"@id\":\"https:\/\/www.manaus.am.gov.br\/semsa\/profissionais-saude-renal\/#primaryimage\",\"url\":\"https:\/\/www.manaus.am.gov.br\/semsa\/wp-content\/uploads\/sites\/8\/2026\/03\/SEMSA-MANAUS-Acoes-Dia-Mundial-Rim-2.jpg\",\"contentUrl\":\"https:\/\/www.manaus.am.gov.br\/semsa\/wp-content\/uploads\/sites\/8\/2026\/03\/SEMSA-MANAUS-Acoes-Dia-Mundial-Rim-2.jpg\",\"width\":2053,\"height\":1369,\"caption\":\"#paratodosverem - profissionais de sa\u00fade orientam sobre os cuidados com os rins\"},{\"@type\":\"WebSite\",\"@id\":\"https:\/\/www.manaus.am.gov.br\/semsa\/#website\",\"url\":\"https:\/\/www.manaus.am.gov.br\/semsa\/\",\"name\":\"SEMSA\",\"description\":\"Secretaria Municipal de Sa\u00fade\",\"alternateName\":\"Secretaria Municipal de Sa\u00fade\",\"potentialAction\":[{\"@type\":\"SearchAction\",\"target\":{\"@type\":\"EntryPoint\",\"urlTemplate\":\"https:\/\/www.manaus.am.gov.br\/semsa\/?s={search_term_string}\"},\"query-input\":\"required name=search_term_string\"}],\"inLanguage\":\"pt-BR\"},{\"@type\":\"Person\",\"@id\":\"https:\/\/www.manaus.am.gov.br\/semsa\/#\/schema\/person\/ab4dcf766a54dff74e8d267f5c591961\",\"name\":\"smonteiro\",\"image\":{\"@type\":\"ImageObject\",\"inLanguage\":\"pt-BR\",\"@id\":\"https:\/\/www.manaus.am.gov.br\/semsa\/#\/schema\/person\/image\/\",\"url\":\"https:\/\/secure.gravatar.com\/avatar\/21c8776ef61d9272c73322052e042d77?s=96&d=mm&r=g\",\"contentUrl\":\"https:\/\/secure.gravatar.com\/avatar\/21c8776ef61d9272c73322052e042d77?s=96&d=mm&r=g\",\"caption\":\"smonteiro\"}}]}<\/script>\n<!-- \/ Yoast SEO plugin. -->","yoast_head_json":{"title":"Profissionais da prefeitura orientam sobre sa\u00fade renal em programa\u00e7\u00e3o pelo Dia Mundial do Rim","description":"Mais do que simples \u201cfiltros\u201d de impurezas do sangue, os rins exercem outras fun\u00e7\u00f5es essenciais para a sa\u00fade, como a regula\u00e7\u00e3o da press\u00e3o arterial.","robots":{"index":"index","follow":"follow","max-snippet":"max-snippet:-1","max-image-preview":"max-image-preview:large","max-video-preview":"max-video-preview:-1"},"canonical":"https:\/\/www.manaus.am.gov.br\/semsa\/profissionais-saude-renal\/","og_locale":"pt_BR","og_type":"article","og_title":"Profissionais da prefeitura orientam sobre sa\u00fade renal em programa\u00e7\u00e3o pelo Dia Mundial do Rim","og_description":"Mais do que simples \u201cfiltros\u201d de impurezas do sangue, os rins exercem outras fun\u00e7\u00f5es essenciais para a sa\u00fade, como a regula\u00e7\u00e3o da press\u00e3o arterial.","og_url":"https:\/\/www.manaus.am.gov.br\/semsa\/profissionais-saude-renal\/","og_site_name":"SEMSA","article_published_time":"2026-03-12T19:55:39+00:00","article_modified_time":"2026-03-12T20:11:33+00:00","og_image":[{"width":900,"height":600,"url":"https:\/\/www.manaus.am.gov.br\/semsa\/wp-content\/uploads\/sites\/8\/2026\/03\/Acao-Rim-USF-Luiza-do-Carmo-5.jpeg","type":"image\/jpeg"}],"author":"smonteiro","twitter_card":"summary_large_image","twitter_misc":{"Written by":"smonteiro","Est. reading time":"5 minutos"},"schema":{"@context":"https:\/\/schema.org","@graph":[{"@type":"WebPage","@id":"https:\/\/www.manaus.am.gov.br\/semsa\/profissionais-saude-renal\/","url":"https:\/\/www.manaus.am.gov.br\/semsa\/profissionais-saude-renal\/","name":"Profissionais da prefeitura orientam sobre sa\u00fade renal em programa\u00e7\u00e3o pelo Dia Mundial do Rim","isPartOf":{"@id":"https:\/\/www.manaus.am.gov.br\/semsa\/#website"},"primaryImageOfPage":{"@id":"https:\/\/www.manaus.am.gov.br\/semsa\/profissionais-saude-renal\/#primaryimage"},"image":{"@id":"https:\/\/www.manaus.am.gov.br\/semsa\/profissionais-saude-renal\/#primaryimage"},"thumbnailUrl":"https:\/\/www.manaus.am.gov.br\/semsa\/wp-content\/uploads\/sites\/8\/2026\/03\/SEMSA-MANAUS-Acoes-Dia-Mundial-Rim-2.jpg","datePublished":"2026-03-12T19:55:39+00:00","dateModified":"2026-03-12T20:11:33+00:00","author":{"@id":"https:\/\/www.manaus.am.gov.br\/semsa\/#\/schema\/person\/ab4dcf766a54dff74e8d267f5c591961"},"description":"Mais do que simples \u201cfiltros\u201d de impurezas do sangue, os rins exercem outras fun\u00e7\u00f5es essenciais para a sa\u00fade, como a regula\u00e7\u00e3o da press\u00e3o arterial.","inLanguage":"pt-BR","potentialAction":[{"@type":"ReadAction","target":["https:\/\/www.manaus.am.gov.br\/semsa\/profissionais-saude-renal\/"]}]},{"@type":"ImageObject","inLanguage":"pt-BR","@id":"https:\/\/www.manaus.am.gov.br\/semsa\/profissionais-saude-renal\/#primaryimage","url":"https:\/\/www.manaus.am.gov.br\/semsa\/wp-content\/uploads\/sites\/8\/2026\/03\/SEMSA-MANAUS-Acoes-Dia-Mundial-Rim-2.jpg","contentUrl":"https:\/\/www.manaus.am.gov.br\/semsa\/wp-content\/uploads\/sites\/8\/2026\/03\/SEMSA-MANAUS-Acoes-Dia-Mundial-Rim-2.jpg","width":2053,"height":1369,"caption":"#paratodosverem - profissionais de sa\u00fade orientam sobre os cuidados com os rins"},{"@type":"WebSite","@id":"https:\/\/www.manaus.am.gov.br\/semsa\/#website","url":"https:\/\/www.manaus.am.gov.br\/semsa\/","name":"SEMSA","description":"Secretaria Municipal de Sa\u00fade","alternateName":"Secretaria Municipal de Sa\u00fade","potentialAction":[{"@type":"SearchAction","target":{"@type":"EntryPoint","urlTemplate":"https:\/\/www.manaus.am.gov.br\/semsa\/?s={search_term_string}"},"query-input":"required name=search_term_string"}],"inLanguage":"pt-BR"},{"@type":"Person","@id":"https:\/\/www.manaus.am.gov.br\/semsa\/#\/schema\/person\/ab4dcf766a54dff74e8d267f5c591961","name":"smonteiro","image":{"@type":"ImageObject","inLanguage":"pt-BR","@id":"https:\/\/www.manaus.am.gov.br\/semsa\/#\/schema\/person\/image\/","url":"https:\/\/secure.gravatar.com\/avatar\/21c8776ef61d9272c73322052e042d77?s=96&d=mm&r=g","contentUrl":"https:\/\/secure.gravatar.com\/avatar\/21c8776ef61d9272c73322052e042d77?s=96&d=mm&r=g","caption":"smonteiro"}}]}},"_links":{"self":[{"href":"https:\/\/www.manaus.am.gov.br\/semsa\/wp-json\/wp\/v2\/posts\/227981"}],"collection":[{"href":"https:\/\/www.manaus.am.gov.br\/semsa\/wp-json\/wp\/v2\/posts"}],"about":[{"href":"https:\/\/www.manaus.am.gov.br\/semsa\/wp-json\/wp\/v2\/types\/post"}],"author":[{"embeddable":true,"href":"https:\/\/www.manaus.am.gov.br\/semsa\/wp-json\/wp\/v2\/users\/61"}],"replies":[{"embeddable":true,"href":"https:\/\/www.manaus.am.gov.br\/semsa\/wp-json\/wp\/v2\/comments?post=227981"}],"version-history":[{"count":2,"href":"https:\/\/www.manaus.am.gov.br\/semsa\/wp-json\/wp\/v2\/posts\/227981\/revisions"}],"predecessor-version":[{"id":227987,"href":"https:\/\/www.manaus.am.gov.br\/semsa\/wp-json\/wp\/v2\/posts\/227981\/revisions\/227987"}],"wp:featuredmedia":[{"embeddable":true,"href":"https:\/\/www.manaus.am.gov.br\/semsa\/wp-json\/wp\/v2\/media\/227986"}],"wp:attachment":[{"href":"https:\/\/www.manaus.am.gov.br\/semsa\/wp-json\/wp\/v2\/media?parent=227981"}],"wp:term":[{"taxonomy":"category","embeddable":true,"href":"https:\/\/www.manaus.am.gov.br\/semsa\/wp-json\/wp\/v2\/categories?post=227981"},{"taxonomy":"post_tag","embeddable":true,"href":"https:\/\/www.manaus.am.gov.br\/semsa\/wp-json\/wp\/v2\/tags?post=227981"}],"curies":[{"name":"wp","href":"https:\/\/api.w.org\/{rel}","templated":true}]}}