{"id":227946,"date":"2026-03-11T15:58:08","date_gmt":"2026-03-11T19:58:08","guid":{"rendered":"https:\/\/www.manaus.am.gov.br\/semsa\/acoes-educativas-prevencao-obesidade\/"},"modified":"2026-03-11T16:03:49","modified_gmt":"2026-03-11T20:03:49","slug":"acoes-educativas-prevencao-obesidade","status":"publish","type":"post","link":"https:\/\/www.manaus.am.gov.br\/semsa\/acoes-educativas-prevencao-obesidade\/","title":{"rendered":"Prefeitura de Manaus refor\u00e7a a\u00e7\u00f5es educativas para preven\u00e7\u00e3o da obesidade"},"content":{"rendered":"\n<p>Em alus\u00e3o ao Dia Mundial de Combate \u00e0 Obesidade, celebrado em 4 de mar\u00e7o, a <a href=\"https:\/\/www.manaus.am.gov.br\/\">Prefeitura de Manaus<\/a>, por meio da <a href=\"https:\/\/www.instagram.com\/semsamanaus\/\">Secretaria Municipal de Sa\u00fade<\/a> (Semsa), realiza, durante todo o m\u00eas, a\u00e7\u00f5es educativas nas unidades de sa\u00fade sobre a preven\u00e7\u00e3o, controle e manejo cl\u00ednico da obesidade, e de incentivo \u00e0 pr\u00e1tica de atividades f\u00edsicas.<\/p>\n\n\n\n<p>A programa\u00e7\u00e3o ter\u00e1 um Dia \u201cD\u201d, no dia 26 de mar\u00e7o, com atividades na sede do Distrito de Sa\u00fade (Disa) Leste, no bairro Jorge Teixeira, zona Leste, com oferta de servi\u00e7os de aferi\u00e7\u00e3o da press\u00e3o arterial e verifica\u00e7\u00e3o da glicemia capilar, pr\u00e1ticas integrativas como auriculoterapia, orienta\u00e7\u00e3o nutricional e atividade f\u00edsica com orienta\u00e7\u00f5es sobre pr\u00e1ticas para incorpora\u00e7\u00e3o de exerc\u00edcios no dia a dia.<\/p>\n\n\n\n<p>A chefe do N\u00facleo de Aten\u00e7\u00e3o \u00e0 Sa\u00fade das Pessoas com Doen\u00e7a Respirat\u00f3ria, Obesidade e Neoplasias da Semsa, enfermeira Lilian Paula Zacarias, explica que a programa\u00e7\u00e3o no m\u00eas de mar\u00e7o foi elaborada para incentivar a ado\u00e7\u00e3o de h\u00e1bitos de vida voltados para a promo\u00e7\u00e3o da sa\u00fade e melhoria da qualidade de vida, como a pr\u00e1tica de atividade f\u00edsica e alimenta\u00e7\u00e3o equilibrada, assim como o acompanhamento em sa\u00fade de forma rotineira para a preven\u00e7\u00e3o de doen\u00e7as.<\/p>\n\n\n\n<p>\u201cA OMS (Organiza\u00e7\u00e3o Mundial de Sa\u00fade) classifica a obesidade como o excesso de gordura corporal em uma quantidade que leve a preju\u00edzos \u00e0 sa\u00fade. Por si s\u00f3, a obesidade \u00e9 uma doen\u00e7a, mas tamb\u00e9m \u00e9 um fator que aumenta o risco de outras doen\u00e7as cr\u00f4nicas n\u00e3o transmiss\u00edveis, como hipertens\u00e3o, diabetes e at\u00e9 mesmo para alguns tipos de c\u00e2ncer. Portanto, \u00e9 fundamental que os servi\u00e7os atuem na preven\u00e7\u00e3o e controle da obesidade\u201d, destaca Lilian Zacarias.<\/p>\n\n\n\n<p>De acordo com a enfermeira, em 2025, o munic\u00edpio de Manaus registrou 69 mil atendimentos direcionados para pessoas com \u00cdndice de Massa Corporal (IMC) acima do adequado. O excesso de peso, explica Lilian Zacarias, \u00e9 diagnosticado quando o IMC (divis\u00e3o do peso pela altura elevada ao quadrado) alcan\u00e7a valor igual ou superior a 25 kg\/m<sup>2<\/sup>, enquanto a obesidade \u00e9 diagnosticada com valor de IMC igual ou superior a 30 kg\/m<sup>2.<\/sup><\/p>\n\n\n\n<p>Os dados da pesquisa de Vigil\u00e2ncia de Fatores de Risco e Prote\u00e7\u00e3o para Doen\u00e7as Cr\u00f4nicas por Inqu\u00e9rito Telef\u00f4nico (Vigitel Brasil), do Minist\u00e9rio da Sa\u00fade, realizada entre a popula\u00e7\u00e3o de Manaus ano de 2023, mostram que 63,5% dos adultos no munic\u00edpio t\u00eam sobrepeso, com 27% de adultos a partir de 18 anos com obesidade.<\/p>\n\n\n\n<p>A pesquisa Vigitel, abrangendo a divulga\u00e7\u00e3o de dados no conjunto das capitais brasileiras e Distrito Federal, aponta que a frequ\u00eancia de adultos com excesso de peso, entre 2006 e 2024, variou de 42,6%, em 2006, a 62,6% em 2024 entre a popula\u00e7\u00e3o brasileira. J\u00e1 a frequ\u00eancia de adultos com obesidade, nesse mesmo per\u00edodo, variou de 11,8%, em 2006, a 25,7% em 2024.<\/p>\n\n\n\n<p>\u201cOs dados da pesquisa apontam que o \u00edndice de obesidade em Manaus \u00e9 um dos maiores do pa\u00eds entre as capitais brasileiras. Como estrat\u00e9gia para reduzir os riscos, a Semsa, por meio das unidades de sa\u00fade, tem atuado para refor\u00e7ar o alerta junto \u00e0 popula\u00e7\u00e3o sobre a import\u00e2ncia de manter o peso adequado, da pr\u00e1tica de atividades f\u00edsicas e de uma alimenta\u00e7\u00e3o saud\u00e1vel\u201d, afirma L\u00edlian Zacarias.<\/p>\n\n\n\n<p>Na Unidade de Sa\u00fade da Fam\u00edlia (USF) Professor Carlson Gracie, bairro Nova Cidade, zona Norte, que conta com um profissional educador f\u00edsico, o trabalho voltado para o controle da obesidade inclui atividades em grupo, atendimento individual e domiciliar, e palestras com orienta\u00e7\u00f5es sobre cuidados em sa\u00fade.<\/p>\n\n\n\n<p>O educador f\u00edsico Tobias dos Santos Costa, que \u00e9 servidor na USF, conta que a maior demanda envolve idosos e pessoas com doen\u00e7as cr\u00f4nicas, como hipertens\u00e3o, diabetes e obesidade, e as atividades s\u00e3o direcionadas para manuten\u00e7\u00e3o da sa\u00fade e preven\u00e7\u00e3o de doen\u00e7as.<\/p>\n\n\n\n<p>Tobias Costa explica que a USF trabalha com grupos de usu\u00e1rios, divididos em duas turmas, com atividades nas segundas e quartas-feiras, e outra nas ter\u00e7as e sextas-feiras.<\/p>\n\n\n\n<p>\u201cS\u00e3o organizadas, de forma alternada, atividades de gin\u00e1stica aer\u00f3bica, exerc\u00edcios localizados, circuito funcional, dan\u00e7a e exerc\u00edcios de respira\u00e7\u00e3o e alongamento. A pr\u00e1tica de atividade f\u00edsica \u00e9 essencial para a melhora da sa\u00fade, j\u00e1 que a perda de peso ajuda a controlar, por exemplo, a press\u00e3o arterial e a glicemia. Assim, pacientes com hipertens\u00e3o e diabetes podem ter uma melhor qualidade de vida, reduzindo risco de complica\u00e7\u00f5es, interna\u00e7\u00f5es e \u00f3bito por doen\u00e7as cr\u00f4nicas\u201d, concluiu o educador f\u00edsico.<\/p>\n\n\n\n<figure class=\"wp-block-image size-large\"><img loading=\"lazy\" decoding=\"async\" width=\"1024\" height=\"577\" src=\"https:\/\/www.manaus.am.gov.br\/semsa\/wp-content\/uploads\/sites\/8\/2026\/03\/Semsa-Manaus-Projeto-Obesidade-3-1024x577.jpeg\" alt=\"\" class=\"wp-image-227947\" srcset=\"https:\/\/www.manaus.am.gov.br\/semsa\/wp-content\/uploads\/sites\/8\/2026\/03\/Semsa-Manaus-Projeto-Obesidade-3-1024x577.jpeg 1024w, https:\/\/www.manaus.am.gov.br\/semsa\/wp-content\/uploads\/sites\/8\/2026\/03\/Semsa-Manaus-Projeto-Obesidade-3-300x169.jpeg 300w, https:\/\/www.manaus.am.gov.br\/semsa\/wp-content\/uploads\/sites\/8\/2026\/03\/Semsa-Manaus-Projeto-Obesidade-3-768x433.jpeg 768w, https:\/\/www.manaus.am.gov.br\/semsa\/wp-content\/uploads\/sites\/8\/2026\/03\/Semsa-Manaus-Projeto-Obesidade-3.jpeg 1385w\" sizes=\"(max-width: 1024px) 100vw, 1024px\" \/><figcaption class=\"wp-element-caption\">#paratodosverem &#8211; Aula de ritmos<\/figcaption><\/figure>\n\n\n\n<p>&#8212; &#8212; &#8212;&nbsp;<\/p>\n\n\n\n<p><strong>Texto &#8211;<\/strong>&nbsp;Euriv\u00e2nia Gal\u00facio\/Semsa<\/p>\n\n\n\n<p><strong>Fotos &#8211;<\/strong>&nbsp;Divulga\u00e7\u00e3o\/Semsa<\/p>\n","protected":false},"excerpt":{"rendered":"","protected":false},"author":39,"featured_media":227948,"comment_status":"closed","ping_status":"closed","sticky":false,"template":"","format":"standard","meta":{"footnotes":""},"categories":[468],"tags":[366,503,54,1720,28],"acf":[],"yoast_head":"<!-- This site is optimized with the Yoast SEO plugin v23.0 - https:\/\/yoast.com\/wordpress\/plugins\/seo\/ -->\n<title>A\u00e7\u00f5es educativas para preven\u00e7\u00e3o da obesidade<\/title>\n<meta name=\"description\" content=\"Prefeitura de Manaus refor\u00e7a a\u00e7\u00f5es educativas para preven\u00e7\u00e3o da obesidade em alus\u00e3o ao Dia Mundial de Combate \u00e0 Obesidade.\" \/>\n<meta name=\"robots\" content=\"index, follow, max-snippet:-1, max-image-preview:large, max-video-preview:-1\" \/>\n<link rel=\"canonical\" href=\"https:\/\/www.manaus.am.gov.br\/semsa\/acoes-educativas-prevencao-obesidade\/\" \/>\n<meta property=\"og:locale\" content=\"pt_BR\" \/>\n<meta property=\"og:type\" content=\"article\" \/>\n<meta property=\"og:title\" content=\"A\u00e7\u00f5es educativas para preven\u00e7\u00e3o da obesidade\" \/>\n<meta property=\"og:description\" content=\"Prefeitura de Manaus refor\u00e7a a\u00e7\u00f5es educativas para preven\u00e7\u00e3o da obesidade em alus\u00e3o ao Dia Mundial de Combate \u00e0 Obesidade.\" \/>\n<meta property=\"og:url\" content=\"https:\/\/www.manaus.am.gov.br\/semsa\/acoes-educativas-prevencao-obesidade\/\" \/>\n<meta property=\"og:site_name\" content=\"SEMSA\" \/>\n<meta property=\"article:published_time\" content=\"2026-03-11T19:58:08+00:00\" \/>\n<meta property=\"article:modified_time\" content=\"2026-03-11T20:03:49+00:00\" \/>\n<meta property=\"og:image\" content=\"https:\/\/www.manaus.am.gov.br\/semsa\/wp-content\/uploads\/sites\/8\/2026\/03\/Semsa-Manaus-Projeto-Obesidade-1.jpeg\" \/>\n\t<meta property=\"og:image:width\" content=\"1280\" \/>\n\t<meta property=\"og:image:height\" content=\"769\" \/>\n\t<meta property=\"og:image:type\" content=\"image\/jpeg\" \/>\n<meta name=\"author\" content=\"Bruna Greco\" \/>\n<meta name=\"twitter:card\" content=\"summary_large_image\" \/>\n<meta name=\"twitter:label1\" content=\"Written by\" \/>\n\t<meta name=\"twitter:data1\" content=\"Bruna Greco\" \/>\n\t<meta name=\"twitter:label2\" content=\"Est. reading time\" \/>\n\t<meta name=\"twitter:data2\" content=\"5 minutos\" \/>\n<script type=\"application\/ld+json\" class=\"yoast-schema-graph\">{\"@context\":\"https:\/\/schema.org\",\"@graph\":[{\"@type\":\"WebPage\",\"@id\":\"https:\/\/www.manaus.am.gov.br\/semsa\/acoes-educativas-prevencao-obesidade\/\",\"url\":\"https:\/\/www.manaus.am.gov.br\/semsa\/acoes-educativas-prevencao-obesidade\/\",\"name\":\"A\u00e7\u00f5es educativas para preven\u00e7\u00e3o da obesidade\",\"isPartOf\":{\"@id\":\"https:\/\/www.manaus.am.gov.br\/semsa\/#website\"},\"primaryImageOfPage\":{\"@id\":\"https:\/\/www.manaus.am.gov.br\/semsa\/acoes-educativas-prevencao-obesidade\/#primaryimage\"},\"image\":{\"@id\":\"https:\/\/www.manaus.am.gov.br\/semsa\/acoes-educativas-prevencao-obesidade\/#primaryimage\"},\"thumbnailUrl\":\"https:\/\/www.manaus.am.gov.br\/semsa\/wp-content\/uploads\/sites\/8\/2026\/03\/Semsa-Manaus-Projeto-Obesidade-1.jpeg\",\"datePublished\":\"2026-03-11T19:58:08+00:00\",\"dateModified\":\"2026-03-11T20:03:49+00:00\",\"author\":{\"@id\":\"https:\/\/www.manaus.am.gov.br\/semsa\/#\/schema\/person\/05d223aea2bf115f9883a6ff3683d81b\"},\"description\":\"Prefeitura de Manaus refor\u00e7a a\u00e7\u00f5es educativas para preven\u00e7\u00e3o da obesidade em alus\u00e3o ao Dia Mundial de Combate \u00e0 Obesidade.\",\"inLanguage\":\"pt-BR\",\"potentialAction\":[{\"@type\":\"ReadAction\",\"target\":[\"https:\/\/www.manaus.am.gov.br\/semsa\/acoes-educativas-prevencao-obesidade\/\"]}]},{\"@type\":\"ImageObject\",\"inLanguage\":\"pt-BR\",\"@id\":\"https:\/\/www.manaus.am.gov.br\/semsa\/acoes-educativas-prevencao-obesidade\/#primaryimage\",\"url\":\"https:\/\/www.manaus.am.gov.br\/semsa\/wp-content\/uploads\/sites\/8\/2026\/03\/Semsa-Manaus-Projeto-Obesidade-1.jpeg\",\"contentUrl\":\"https:\/\/www.manaus.am.gov.br\/semsa\/wp-content\/uploads\/sites\/8\/2026\/03\/Semsa-Manaus-Projeto-Obesidade-1.jpeg\",\"width\":1280,\"height\":769,\"caption\":\"#paratodosverem - Usu\u00e1rios de Unidade B\u00e1sica de Sa\u00fade participando de a\u00e7\u00f5es educativas para preven\u00e7\u00e3o da obesidade\"},{\"@type\":\"WebSite\",\"@id\":\"https:\/\/www.manaus.am.gov.br\/semsa\/#website\",\"url\":\"https:\/\/www.manaus.am.gov.br\/semsa\/\",\"name\":\"SEMSA\",\"description\":\"Secretaria Municipal de Sa\u00fade\",\"alternateName\":\"Secretaria Municipal de Sa\u00fade\",\"potentialAction\":[{\"@type\":\"SearchAction\",\"target\":{\"@type\":\"EntryPoint\",\"urlTemplate\":\"https:\/\/www.manaus.am.gov.br\/semsa\/?s={search_term_string}\"},\"query-input\":\"required name=search_term_string\"}],\"inLanguage\":\"pt-BR\"},{\"@type\":\"Person\",\"@id\":\"https:\/\/www.manaus.am.gov.br\/semsa\/#\/schema\/person\/05d223aea2bf115f9883a6ff3683d81b\",\"name\":\"Bruna Greco\",\"image\":{\"@type\":\"ImageObject\",\"inLanguage\":\"pt-BR\",\"@id\":\"https:\/\/www.manaus.am.gov.br\/semsa\/#\/schema\/person\/image\/\",\"url\":\"https:\/\/secure.gravatar.com\/avatar\/9c877d1a6adc2a055330e5c09a8653ce?s=96&d=mm&r=g\",\"contentUrl\":\"https:\/\/secure.gravatar.com\/avatar\/9c877d1a6adc2a055330e5c09a8653ce?s=96&d=mm&r=g\",\"caption\":\"Bruna Greco\"}}]}<\/script>\n<!-- \/ Yoast SEO plugin. -->","yoast_head_json":{"title":"A\u00e7\u00f5es educativas para preven\u00e7\u00e3o da obesidade","description":"Prefeitura de Manaus refor\u00e7a a\u00e7\u00f5es educativas para preven\u00e7\u00e3o da obesidade em alus\u00e3o ao Dia Mundial de Combate \u00e0 Obesidade.","robots":{"index":"index","follow":"follow","max-snippet":"max-snippet:-1","max-image-preview":"max-image-preview:large","max-video-preview":"max-video-preview:-1"},"canonical":"https:\/\/www.manaus.am.gov.br\/semsa\/acoes-educativas-prevencao-obesidade\/","og_locale":"pt_BR","og_type":"article","og_title":"A\u00e7\u00f5es educativas para preven\u00e7\u00e3o da obesidade","og_description":"Prefeitura de Manaus refor\u00e7a a\u00e7\u00f5es educativas para preven\u00e7\u00e3o da obesidade em alus\u00e3o ao Dia Mundial de Combate \u00e0 Obesidade.","og_url":"https:\/\/www.manaus.am.gov.br\/semsa\/acoes-educativas-prevencao-obesidade\/","og_site_name":"SEMSA","article_published_time":"2026-03-11T19:58:08+00:00","article_modified_time":"2026-03-11T20:03:49+00:00","og_image":[{"width":1280,"height":769,"url":"https:\/\/www.manaus.am.gov.br\/semsa\/wp-content\/uploads\/sites\/8\/2026\/03\/Semsa-Manaus-Projeto-Obesidade-1.jpeg","type":"image\/jpeg"}],"author":"Bruna Greco","twitter_card":"summary_large_image","twitter_misc":{"Written by":"Bruna Greco","Est. reading time":"5 minutos"},"schema":{"@context":"https:\/\/schema.org","@graph":[{"@type":"WebPage","@id":"https:\/\/www.manaus.am.gov.br\/semsa\/acoes-educativas-prevencao-obesidade\/","url":"https:\/\/www.manaus.am.gov.br\/semsa\/acoes-educativas-prevencao-obesidade\/","name":"A\u00e7\u00f5es educativas para preven\u00e7\u00e3o da obesidade","isPartOf":{"@id":"https:\/\/www.manaus.am.gov.br\/semsa\/#website"},"primaryImageOfPage":{"@id":"https:\/\/www.manaus.am.gov.br\/semsa\/acoes-educativas-prevencao-obesidade\/#primaryimage"},"image":{"@id":"https:\/\/www.manaus.am.gov.br\/semsa\/acoes-educativas-prevencao-obesidade\/#primaryimage"},"thumbnailUrl":"https:\/\/www.manaus.am.gov.br\/semsa\/wp-content\/uploads\/sites\/8\/2026\/03\/Semsa-Manaus-Projeto-Obesidade-1.jpeg","datePublished":"2026-03-11T19:58:08+00:00","dateModified":"2026-03-11T20:03:49+00:00","author":{"@id":"https:\/\/www.manaus.am.gov.br\/semsa\/#\/schema\/person\/05d223aea2bf115f9883a6ff3683d81b"},"description":"Prefeitura de Manaus refor\u00e7a a\u00e7\u00f5es educativas para preven\u00e7\u00e3o da obesidade em alus\u00e3o ao Dia Mundial de Combate \u00e0 Obesidade.","inLanguage":"pt-BR","potentialAction":[{"@type":"ReadAction","target":["https:\/\/www.manaus.am.gov.br\/semsa\/acoes-educativas-prevencao-obesidade\/"]}]},{"@type":"ImageObject","inLanguage":"pt-BR","@id":"https:\/\/www.manaus.am.gov.br\/semsa\/acoes-educativas-prevencao-obesidade\/#primaryimage","url":"https:\/\/www.manaus.am.gov.br\/semsa\/wp-content\/uploads\/sites\/8\/2026\/03\/Semsa-Manaus-Projeto-Obesidade-1.jpeg","contentUrl":"https:\/\/www.manaus.am.gov.br\/semsa\/wp-content\/uploads\/sites\/8\/2026\/03\/Semsa-Manaus-Projeto-Obesidade-1.jpeg","width":1280,"height":769,"caption":"#paratodosverem - Usu\u00e1rios de Unidade B\u00e1sica de Sa\u00fade participando de a\u00e7\u00f5es educativas para preven\u00e7\u00e3o da obesidade"},{"@type":"WebSite","@id":"https:\/\/www.manaus.am.gov.br\/semsa\/#website","url":"https:\/\/www.manaus.am.gov.br\/semsa\/","name":"SEMSA","description":"Secretaria Municipal de Sa\u00fade","alternateName":"Secretaria Municipal de Sa\u00fade","potentialAction":[{"@type":"SearchAction","target":{"@type":"EntryPoint","urlTemplate":"https:\/\/www.manaus.am.gov.br\/semsa\/?s={search_term_string}"},"query-input":"required name=search_term_string"}],"inLanguage":"pt-BR"},{"@type":"Person","@id":"https:\/\/www.manaus.am.gov.br\/semsa\/#\/schema\/person\/05d223aea2bf115f9883a6ff3683d81b","name":"Bruna Greco","image":{"@type":"ImageObject","inLanguage":"pt-BR","@id":"https:\/\/www.manaus.am.gov.br\/semsa\/#\/schema\/person\/image\/","url":"https:\/\/secure.gravatar.com\/avatar\/9c877d1a6adc2a055330e5c09a8653ce?s=96&d=mm&r=g","contentUrl":"https:\/\/secure.gravatar.com\/avatar\/9c877d1a6adc2a055330e5c09a8653ce?s=96&d=mm&r=g","caption":"Bruna Greco"}}]}},"_links":{"self":[{"href":"https:\/\/www.manaus.am.gov.br\/semsa\/wp-json\/wp\/v2\/posts\/227946"}],"collection":[{"href":"https:\/\/www.manaus.am.gov.br\/semsa\/wp-json\/wp\/v2\/posts"}],"about":[{"href":"https:\/\/www.manaus.am.gov.br\/semsa\/wp-json\/wp\/v2\/types\/post"}],"author":[{"embeddable":true,"href":"https:\/\/www.manaus.am.gov.br\/semsa\/wp-json\/wp\/v2\/users\/39"}],"replies":[{"embeddable":true,"href":"https:\/\/www.manaus.am.gov.br\/semsa\/wp-json\/wp\/v2\/comments?post=227946"}],"version-history":[{"count":3,"href":"https:\/\/www.manaus.am.gov.br\/semsa\/wp-json\/wp\/v2\/posts\/227946\/revisions"}],"predecessor-version":[{"id":227952,"href":"https:\/\/www.manaus.am.gov.br\/semsa\/wp-json\/wp\/v2\/posts\/227946\/revisions\/227952"}],"wp:featuredmedia":[{"embeddable":true,"href":"https:\/\/www.manaus.am.gov.br\/semsa\/wp-json\/wp\/v2\/media\/227948"}],"wp:attachment":[{"href":"https:\/\/www.manaus.am.gov.br\/semsa\/wp-json\/wp\/v2\/media?parent=227946"}],"wp:term":[{"taxonomy":"category","embeddable":true,"href":"https:\/\/www.manaus.am.gov.br\/semsa\/wp-json\/wp\/v2\/categories?post=227946"},{"taxonomy":"post_tag","embeddable":true,"href":"https:\/\/www.manaus.am.gov.br\/semsa\/wp-json\/wp\/v2\/tags?post=227946"}],"curies":[{"name":"wp","href":"https:\/\/api.w.org\/{rel}","templated":true}]}}