{"id":227938,"date":"2026-03-10T09:18:52","date_gmt":"2026-03-10T13:18:52","guid":{"rendered":"https:\/\/www.manaus.am.gov.br\/semsa\/prefeitura-semsa-imunizacao-prematuros\/"},"modified":"2026-03-10T10:52:58","modified_gmt":"2026-03-10T14:52:58","slug":"prefeitura-semsa-imunizacao-prematuros","status":"publish","type":"post","link":"https:\/\/www.manaus.am.gov.br\/semsa\/prefeitura-semsa-imunizacao-prematuros\/","title":{"rendered":"Prefeitura de Manaus alerta sobre imuniza\u00e7\u00e3o de rec\u00e9m-nascidos e beb\u00eas contra o VSR"},"content":{"rendered":"\n<p>A <a href=\"https:\/\/www.instagram.com\/prefeiturademanaus\/\">Prefeitura de Manaus,<\/a> por meio da Secretaria Municipal de Sa\u00fade <a href=\"https:\/\/www.manaus.am.gov.br\/\">(Semsa)<\/a>, alerta pais e respons\u00e1veis sobre a import\u00e2ncia de imunizar beb\u00eas nascidos prematuros (at\u00e9 36 semanas e seis dias de gesta\u00e7\u00e3o) a partir de setembro de 2025 e que ainda n\u00e3o completaram seis meses de vida. A orienta\u00e7\u00e3o \u00e9 que essas crian\u00e7as recebam o Nirsevimabe, um anticorpo monoclonal indicado para prote\u00e7\u00e3o contra o V\u00edrus Sincicial Respirat\u00f3rio (VSR).<\/p>\n\n\n\n<p>Nas maternidades p\u00fablicas, a prote\u00e7\u00e3o est\u00e1 sendo administrada desde a \u00faltima quinta-feira,&nbsp;5\/3,&nbsp;para o p\u00fablico interno. A Maternidade Municipal Moura Tapaj\u00f3z imunizou o primeiro beb\u00ea prematuro&nbsp;na capital nesse dia. &nbsp;&nbsp;<\/p>\n\n\n\n<p>Nas unidades de sa\u00fade, a estrat\u00e9gia de preven\u00e7\u00e3o&nbsp;teve in\u00edcio nessa&nbsp;segunda-feira, 9\/3.&nbsp;Os endere\u00e7os e hor\u00e1rios de funcionamento podem ser conferidos por meio do link:&nbsp;<a href=\"http:\/\/bit.ly\/4bki1CX\" target=\"_blank\" rel=\"noreferrer noopener\">http:\/\/bit.ly\/4bki1CX<\/a><\/p>\n\n\n\n<p>A gerente de Imuniza\u00e7\u00e3o da Semsa, Isabel Hernandes, explica que o Nirsevimabe \u00e9 um anticorpo monoclonal que uma vez administrado, atua no organismo assegurando prote\u00e7\u00e3o contra o V\u00edrus Sincicial Respirat\u00f3rio, infec\u00e7\u00e3o que, ao afetar beb\u00eas, pode evoluir e comprometer seriamente a sa\u00fade, requerendo, inclusive, interna\u00e7\u00f5es em Unidades de Terapia Intensiva (UTIs).<\/p>\n\n\n\n<p>\u201cA OMS refor\u00e7a que a imuniza\u00e7\u00e3o \u00e9 a estrat\u00e9gia mais eficaz para diminuir o impacto do V\u00edrus Sincicial Respirat\u00f3rio (VSR) em popula\u00e7\u00f5es vulner\u00e1veis, por isso \u00e9 importante que os respons\u00e1veis priorizem a prote\u00e7\u00e3o desse segmento. Nos beb\u00eas, essa infec\u00e7\u00e3o pode evoluir para bronquiolite ou pneumonia, por isso \u00e9 importante que m\u00e3es, pais e demais respons\u00e1veis priorizem a prote\u00e7\u00e3o das crian\u00e7as\u201d, ressalta.<\/p>\n\n\n\n<p>Para receber o anticorpo monoclonal espec\u00edfico contra o V\u00edrus Sincicial Respirat\u00f3rio, os pais ou respons\u00e1veis precisam apresentar documento de identifica\u00e7\u00e3o do beb\u00ea, a caderneta da crian\u00e7a ou a declara\u00e7\u00e3o de nascido vivo para comprovar a idade gestacional no momento do nascimento.<\/p>\n\n\n\n<p>Os pais de crian\u00e7as acima de cinco quilos, que se enquadram nas indica\u00e7\u00f5es, devem procurar o Centro de Refer\u00eancia Imunobiol\u00f3gicos (Crie), localizado no bairro Dom Pedro, na zona Oeste, para ter acesso \u00e0 estrat\u00e9gia de prote\u00e7\u00e3o contra o VSR.<\/p>\n\n\n\n<p>Indica\u00e7\u00f5es<\/p>\n\n\n\n<p>Os rec\u00e9m-nascidos prematuros, com idade gestacional de at\u00e9 36 semanas e seis dias, assim como as crian\u00e7as com at\u00e9 23 meses de idade com comorbidades formam o grupo que deve receber o Nirsevimabe, uma vez que est\u00e3o mais vulner\u00e1veis ao v\u00edrus e infec\u00e7\u00f5es graves pelo VSR, o principal causador de&nbsp;bronquiolite&nbsp;e pneumonia em beb\u00eas.<\/p>\n\n\n\n<p>Conforme as diretrizes do Minist\u00e9rio da Sa\u00fade, as crian\u00e7as com doen\u00e7a cardiovascular, pneumopatias cr\u00f4nicas graves, imunocomprometidas, doen\u00e7a neurol\u00f3gica cr\u00f4nica, anomalias das vias a\u00e9reas e s\u00edndrome de Down precisam receber o anticorpo monoclonal. \u201c\u00c9 importante assinalar que os respons\u00e1veis pelos beb\u00eas com indica\u00e7\u00e3o de comorbidades precisam apresentar encaminhamento m\u00e9dico ou laudo\u201d, informa Isabel Hernandes.<\/p>\n\n\n\n<p>Embora ofere\u00e7a prote\u00e7\u00e3o, o Nirsevimabe tecnicamente n\u00e3o \u00e9 uma vacina, pois n\u00e3o estimula o sistema imunol\u00f3gico do beb\u00ea a criar defesas, mas introduz anticorpos prontos, fornecendo prote\u00e7\u00e3o imediata contra o VSR.<\/p>\n\n\n\n<p>&#8212; &#8212; &#8212;<\/p>\n\n\n\n<p><strong>Texto&nbsp; <\/strong>&#8211;&nbsp;T\u00e2nia Brand\u00e3o\/Semsa<\/p>\n\n\n\n<p><strong>Fotos <\/strong>&#8211;&nbsp;Divulga\u00e7\u00e3o\/Semsa<\/p>\n","protected":false},"excerpt":{"rendered":"","protected":false},"author":23,"featured_media":227939,"comment_status":"closed","ping_status":"closed","sticky":false,"template":"","format":"standard","meta":{"footnotes":""},"categories":[56],"tags":[49,54,3843,535,28,3899],"acf":[],"yoast_head":"<!-- This site is optimized with the Yoast SEO plugin v23.0 - https:\/\/yoast.com\/wordpress\/plugins\/seo\/ -->\n<title>PMM alerta sobre imuniza\u00e7\u00e3o de rec\u00e9m-nascidos e beb\u00eas<\/title>\n<meta name=\"description\" content=\"A Prefeitura de Manaus, por meio da Secretaria Municipal de Sa\u00fade (Semsa), alerta pais e respons\u00e1veis sobre a import\u00e2ncia de imunizar beb\u00eas nascidos prematuros (at\u00e9 36 semanas e seis dias de gesta\u00e7\u00e3o) a partir de setembro de 2025 e que ainda n\u00e3o completaram seis meses de vida. A orienta\u00e7\u00e3o \u00e9 que essas crian\u00e7as recebam o Nirsevimabe, um anticorpo monoclonal indicado para prote\u00e7\u00e3o contra o V\u00edrus Sincicial Respirat\u00f3rio (VSR).\" \/>\n<meta name=\"robots\" content=\"index, follow, max-snippet:-1, max-image-preview:large, max-video-preview:-1\" \/>\n<link rel=\"canonical\" href=\"https:\/\/www.manaus.am.gov.br\/semsa\/prefeitura-semsa-imunizacao-prematuros\/\" \/>\n<meta property=\"og:locale\" content=\"pt_BR\" \/>\n<meta property=\"og:type\" content=\"article\" \/>\n<meta property=\"og:title\" content=\"PMM alerta sobre imuniza\u00e7\u00e3o de rec\u00e9m-nascidos e beb\u00eas\" \/>\n<meta property=\"og:description\" content=\"A Prefeitura de Manaus, por meio da Secretaria Municipal de Sa\u00fade (Semsa), alerta pais e respons\u00e1veis sobre a import\u00e2ncia de imunizar beb\u00eas nascidos prematuros (at\u00e9 36 semanas e seis dias de gesta\u00e7\u00e3o) a partir de setembro de 2025 e que ainda n\u00e3o completaram seis meses de vida. A orienta\u00e7\u00e3o \u00e9 que essas crian\u00e7as recebam o Nirsevimabe, um anticorpo monoclonal indicado para prote\u00e7\u00e3o contra o V\u00edrus Sincicial Respirat\u00f3rio (VSR).\" \/>\n<meta property=\"og:url\" content=\"https:\/\/www.manaus.am.gov.br\/semsa\/prefeitura-semsa-imunizacao-prematuros\/\" \/>\n<meta property=\"og:site_name\" content=\"SEMSA\" \/>\n<meta property=\"article:published_time\" content=\"2026-03-10T13:18:52+00:00\" \/>\n<meta property=\"article:modified_time\" content=\"2026-03-10T14:52:58+00:00\" \/>\n<meta property=\"og:image\" content=\"https:\/\/www.manaus.am.gov.br\/semsa\/wp-content\/uploads\/sites\/8\/2026\/03\/SEMSA-MANAUS_NIRSEVIMABE.jpeg\" \/>\n\t<meta property=\"og:image:width\" content=\"1280\" \/>\n\t<meta property=\"og:image:height\" content=\"720\" \/>\n\t<meta property=\"og:image:type\" content=\"image\/jpeg\" \/>\n<meta name=\"author\" content=\"Adriana Costa\" \/>\n<meta name=\"twitter:card\" content=\"summary_large_image\" \/>\n<meta name=\"twitter:label1\" content=\"Written by\" \/>\n\t<meta name=\"twitter:data1\" content=\"Adriana Costa\" \/>\n\t<meta name=\"twitter:label2\" content=\"Est. reading time\" \/>\n\t<meta name=\"twitter:data2\" content=\"3 minutos\" \/>\n<script type=\"application\/ld+json\" class=\"yoast-schema-graph\">{\"@context\":\"https:\/\/schema.org\",\"@graph\":[{\"@type\":\"WebPage\",\"@id\":\"https:\/\/www.manaus.am.gov.br\/semsa\/prefeitura-semsa-imunizacao-prematuros\/\",\"url\":\"https:\/\/www.manaus.am.gov.br\/semsa\/prefeitura-semsa-imunizacao-prematuros\/\",\"name\":\"PMM alerta sobre imuniza\u00e7\u00e3o de rec\u00e9m-nascidos e beb\u00eas\",\"isPartOf\":{\"@id\":\"https:\/\/www.manaus.am.gov.br\/semsa\/#website\"},\"primaryImageOfPage\":{\"@id\":\"https:\/\/www.manaus.am.gov.br\/semsa\/prefeitura-semsa-imunizacao-prematuros\/#primaryimage\"},\"image\":{\"@id\":\"https:\/\/www.manaus.am.gov.br\/semsa\/prefeitura-semsa-imunizacao-prematuros\/#primaryimage\"},\"thumbnailUrl\":\"https:\/\/www.manaus.am.gov.br\/semsa\/wp-content\/uploads\/sites\/8\/2026\/03\/SEMSA-MANAUS_NIRSEVIMABE.jpeg\",\"datePublished\":\"2026-03-10T13:18:52+00:00\",\"dateModified\":\"2026-03-10T14:52:58+00:00\",\"author\":{\"@id\":\"https:\/\/www.manaus.am.gov.br\/semsa\/#\/schema\/person\/4e49f4e267757a06ca072ec61b2b9968\"},\"description\":\"A Prefeitura de Manaus, por meio da Secretaria Municipal de Sa\u00fade (Semsa), alerta pais e respons\u00e1veis sobre a import\u00e2ncia de imunizar beb\u00eas nascidos prematuros (at\u00e9 36 semanas e seis dias de gesta\u00e7\u00e3o) a partir de setembro de 2025 e que ainda n\u00e3o completaram seis meses de vida. A orienta\u00e7\u00e3o \u00e9 que essas crian\u00e7as recebam o Nirsevimabe, um anticorpo monoclonal indicado para prote\u00e7\u00e3o contra o V\u00edrus Sincicial Respirat\u00f3rio (VSR).\",\"inLanguage\":\"pt-BR\",\"potentialAction\":[{\"@type\":\"ReadAction\",\"target\":[\"https:\/\/www.manaus.am.gov.br\/semsa\/prefeitura-semsa-imunizacao-prematuros\/\"]}]},{\"@type\":\"ImageObject\",\"inLanguage\":\"pt-BR\",\"@id\":\"https:\/\/www.manaus.am.gov.br\/semsa\/prefeitura-semsa-imunizacao-prematuros\/#primaryimage\",\"url\":\"https:\/\/www.manaus.am.gov.br\/semsa\/wp-content\/uploads\/sites\/8\/2026\/03\/SEMSA-MANAUS_NIRSEVIMABE.jpeg\",\"contentUrl\":\"https:\/\/www.manaus.am.gov.br\/semsa\/wp-content\/uploads\/sites\/8\/2026\/03\/SEMSA-MANAUS_NIRSEVIMABE.jpeg\",\"width\":1280,\"height\":720,\"caption\":\"#paratodosverem - Prematuro no colo da m\u00e3e recebe imuniza\u00e7\u00e3o contra V\u00edrus Sincicial Respirat\u00f3rio\"},{\"@type\":\"WebSite\",\"@id\":\"https:\/\/www.manaus.am.gov.br\/semsa\/#website\",\"url\":\"https:\/\/www.manaus.am.gov.br\/semsa\/\",\"name\":\"SEMSA\",\"description\":\"Secretaria Municipal de Sa\u00fade\",\"alternateName\":\"Secretaria Municipal de Sa\u00fade\",\"potentialAction\":[{\"@type\":\"SearchAction\",\"target\":{\"@type\":\"EntryPoint\",\"urlTemplate\":\"https:\/\/www.manaus.am.gov.br\/semsa\/?s={search_term_string}\"},\"query-input\":\"required name=search_term_string\"}],\"inLanguage\":\"pt-BR\"},{\"@type\":\"Person\",\"@id\":\"https:\/\/www.manaus.am.gov.br\/semsa\/#\/schema\/person\/4e49f4e267757a06ca072ec61b2b9968\",\"name\":\"Adriana Costa\",\"image\":{\"@type\":\"ImageObject\",\"inLanguage\":\"pt-BR\",\"@id\":\"https:\/\/www.manaus.am.gov.br\/semsa\/#\/schema\/person\/image\/\",\"url\":\"https:\/\/secure.gravatar.com\/avatar\/576258617ef7194f718179e766d57bd4?s=96&d=mm&r=g\",\"contentUrl\":\"https:\/\/secure.gravatar.com\/avatar\/576258617ef7194f718179e766d57bd4?s=96&d=mm&r=g\",\"caption\":\"Adriana Costa\"}}]}<\/script>\n<!-- \/ Yoast SEO plugin. -->","yoast_head_json":{"title":"PMM alerta sobre imuniza\u00e7\u00e3o de rec\u00e9m-nascidos e beb\u00eas","description":"A Prefeitura de Manaus, por meio da Secretaria Municipal de Sa\u00fade (Semsa), alerta pais e respons\u00e1veis sobre a import\u00e2ncia de imunizar beb\u00eas nascidos prematuros (at\u00e9 36 semanas e seis dias de gesta\u00e7\u00e3o) a partir de setembro de 2025 e que ainda n\u00e3o completaram seis meses de vida. A orienta\u00e7\u00e3o \u00e9 que essas crian\u00e7as recebam o Nirsevimabe, um anticorpo monoclonal indicado para prote\u00e7\u00e3o contra o V\u00edrus Sincicial Respirat\u00f3rio (VSR).","robots":{"index":"index","follow":"follow","max-snippet":"max-snippet:-1","max-image-preview":"max-image-preview:large","max-video-preview":"max-video-preview:-1"},"canonical":"https:\/\/www.manaus.am.gov.br\/semsa\/prefeitura-semsa-imunizacao-prematuros\/","og_locale":"pt_BR","og_type":"article","og_title":"PMM alerta sobre imuniza\u00e7\u00e3o de rec\u00e9m-nascidos e beb\u00eas","og_description":"A Prefeitura de Manaus, por meio da Secretaria Municipal de Sa\u00fade (Semsa), alerta pais e respons\u00e1veis sobre a import\u00e2ncia de imunizar beb\u00eas nascidos prematuros (at\u00e9 36 semanas e seis dias de gesta\u00e7\u00e3o) a partir de setembro de 2025 e que ainda n\u00e3o completaram seis meses de vida. A orienta\u00e7\u00e3o \u00e9 que essas crian\u00e7as recebam o Nirsevimabe, um anticorpo monoclonal indicado para prote\u00e7\u00e3o contra o V\u00edrus Sincicial Respirat\u00f3rio (VSR).","og_url":"https:\/\/www.manaus.am.gov.br\/semsa\/prefeitura-semsa-imunizacao-prematuros\/","og_site_name":"SEMSA","article_published_time":"2026-03-10T13:18:52+00:00","article_modified_time":"2026-03-10T14:52:58+00:00","og_image":[{"width":1280,"height":720,"url":"https:\/\/www.manaus.am.gov.br\/semsa\/wp-content\/uploads\/sites\/8\/2026\/03\/SEMSA-MANAUS_NIRSEVIMABE.jpeg","type":"image\/jpeg"}],"author":"Adriana Costa","twitter_card":"summary_large_image","twitter_misc":{"Written by":"Adriana Costa","Est. reading time":"3 minutos"},"schema":{"@context":"https:\/\/schema.org","@graph":[{"@type":"WebPage","@id":"https:\/\/www.manaus.am.gov.br\/semsa\/prefeitura-semsa-imunizacao-prematuros\/","url":"https:\/\/www.manaus.am.gov.br\/semsa\/prefeitura-semsa-imunizacao-prematuros\/","name":"PMM alerta sobre imuniza\u00e7\u00e3o de rec\u00e9m-nascidos e beb\u00eas","isPartOf":{"@id":"https:\/\/www.manaus.am.gov.br\/semsa\/#website"},"primaryImageOfPage":{"@id":"https:\/\/www.manaus.am.gov.br\/semsa\/prefeitura-semsa-imunizacao-prematuros\/#primaryimage"},"image":{"@id":"https:\/\/www.manaus.am.gov.br\/semsa\/prefeitura-semsa-imunizacao-prematuros\/#primaryimage"},"thumbnailUrl":"https:\/\/www.manaus.am.gov.br\/semsa\/wp-content\/uploads\/sites\/8\/2026\/03\/SEMSA-MANAUS_NIRSEVIMABE.jpeg","datePublished":"2026-03-10T13:18:52+00:00","dateModified":"2026-03-10T14:52:58+00:00","author":{"@id":"https:\/\/www.manaus.am.gov.br\/semsa\/#\/schema\/person\/4e49f4e267757a06ca072ec61b2b9968"},"description":"A Prefeitura de Manaus, por meio da Secretaria Municipal de Sa\u00fade (Semsa), alerta pais e respons\u00e1veis sobre a import\u00e2ncia de imunizar beb\u00eas nascidos prematuros (at\u00e9 36 semanas e seis dias de gesta\u00e7\u00e3o) a partir de setembro de 2025 e que ainda n\u00e3o completaram seis meses de vida. A orienta\u00e7\u00e3o \u00e9 que essas crian\u00e7as recebam o Nirsevimabe, um anticorpo monoclonal indicado para prote\u00e7\u00e3o contra o V\u00edrus Sincicial Respirat\u00f3rio (VSR).","inLanguage":"pt-BR","potentialAction":[{"@type":"ReadAction","target":["https:\/\/www.manaus.am.gov.br\/semsa\/prefeitura-semsa-imunizacao-prematuros\/"]}]},{"@type":"ImageObject","inLanguage":"pt-BR","@id":"https:\/\/www.manaus.am.gov.br\/semsa\/prefeitura-semsa-imunizacao-prematuros\/#primaryimage","url":"https:\/\/www.manaus.am.gov.br\/semsa\/wp-content\/uploads\/sites\/8\/2026\/03\/SEMSA-MANAUS_NIRSEVIMABE.jpeg","contentUrl":"https:\/\/www.manaus.am.gov.br\/semsa\/wp-content\/uploads\/sites\/8\/2026\/03\/SEMSA-MANAUS_NIRSEVIMABE.jpeg","width":1280,"height":720,"caption":"#paratodosverem - Prematuro no colo da m\u00e3e recebe imuniza\u00e7\u00e3o contra V\u00edrus Sincicial Respirat\u00f3rio"},{"@type":"WebSite","@id":"https:\/\/www.manaus.am.gov.br\/semsa\/#website","url":"https:\/\/www.manaus.am.gov.br\/semsa\/","name":"SEMSA","description":"Secretaria Municipal de Sa\u00fade","alternateName":"Secretaria Municipal de Sa\u00fade","potentialAction":[{"@type":"SearchAction","target":{"@type":"EntryPoint","urlTemplate":"https:\/\/www.manaus.am.gov.br\/semsa\/?s={search_term_string}"},"query-input":"required name=search_term_string"}],"inLanguage":"pt-BR"},{"@type":"Person","@id":"https:\/\/www.manaus.am.gov.br\/semsa\/#\/schema\/person\/4e49f4e267757a06ca072ec61b2b9968","name":"Adriana Costa","image":{"@type":"ImageObject","inLanguage":"pt-BR","@id":"https:\/\/www.manaus.am.gov.br\/semsa\/#\/schema\/person\/image\/","url":"https:\/\/secure.gravatar.com\/avatar\/576258617ef7194f718179e766d57bd4?s=96&d=mm&r=g","contentUrl":"https:\/\/secure.gravatar.com\/avatar\/576258617ef7194f718179e766d57bd4?s=96&d=mm&r=g","caption":"Adriana Costa"}}]}},"_links":{"self":[{"href":"https:\/\/www.manaus.am.gov.br\/semsa\/wp-json\/wp\/v2\/posts\/227938"}],"collection":[{"href":"https:\/\/www.manaus.am.gov.br\/semsa\/wp-json\/wp\/v2\/posts"}],"about":[{"href":"https:\/\/www.manaus.am.gov.br\/semsa\/wp-json\/wp\/v2\/types\/post"}],"author":[{"embeddable":true,"href":"https:\/\/www.manaus.am.gov.br\/semsa\/wp-json\/wp\/v2\/users\/23"}],"replies":[{"embeddable":true,"href":"https:\/\/www.manaus.am.gov.br\/semsa\/wp-json\/wp\/v2\/comments?post=227938"}],"version-history":[{"count":1,"href":"https:\/\/www.manaus.am.gov.br\/semsa\/wp-json\/wp\/v2\/posts\/227938\/revisions"}],"predecessor-version":[{"id":227940,"href":"https:\/\/www.manaus.am.gov.br\/semsa\/wp-json\/wp\/v2\/posts\/227938\/revisions\/227940"}],"wp:featuredmedia":[{"embeddable":true,"href":"https:\/\/www.manaus.am.gov.br\/semsa\/wp-json\/wp\/v2\/media\/227939"}],"wp:attachment":[{"href":"https:\/\/www.manaus.am.gov.br\/semsa\/wp-json\/wp\/v2\/media?parent=227938"}],"wp:term":[{"taxonomy":"category","embeddable":true,"href":"https:\/\/www.manaus.am.gov.br\/semsa\/wp-json\/wp\/v2\/categories?post=227938"},{"taxonomy":"post_tag","embeddable":true,"href":"https:\/\/www.manaus.am.gov.br\/semsa\/wp-json\/wp\/v2\/tags?post=227938"}],"curies":[{"name":"wp","href":"https:\/\/api.w.org\/{rel}","templated":true}]}}