{"id":227896,"date":"2026-03-06T13:47:58","date_gmt":"2026-03-06T17:47:58","guid":{"rendered":"https:\/\/www.manaus.am.gov.br\/semsa\/prevencao-do-cancer-do-colo-do-utero-tem-reforco-nas-unidades-de-saude-da-prefeitura-no-marco-lilas\/"},"modified":"2026-03-06T14:53:48","modified_gmt":"2026-03-06T18:53:48","slug":"marco-lilas-prevencao-do-cancer-do-colo-do-utero","status":"publish","type":"post","link":"https:\/\/www.manaus.am.gov.br\/semsa\/marco-lilas-prevencao-do-cancer-do-colo-do-utero\/","title":{"rendered":"Preven\u00e7\u00e3o do c\u00e2ncer do colo do \u00fatero tem refor\u00e7o nas unidades de sa\u00fade da prefeitura no \u2018Mar\u00e7o Lil\u00e1s\u2019\u00a0"},"content":{"rendered":"\n<p>A <a href=\"https:\/\/www.manaus.am.gov.br\/\">Prefeitura de Manaus<\/a> est\u00e1 realizando a\u00e7\u00f5es de educa\u00e7\u00e3o e promo\u00e7\u00e3o da sa\u00fade em toda a rede b\u00e1sica municipal, ao longo deste m\u00eas, com o objetivo de informar e sensibilizar a popula\u00e7\u00e3o para a preven\u00e7\u00e3o e o combate ao c\u00e2ncer do colo do \u00fatero. A programa\u00e7\u00e3o, coordenada pela <a href=\"https:\/\/www.instagram.com\/semsamanaus\/\">Secretaria Municipal de Sa\u00fade<\/a> (Semsa), faz parte da campanha \u201cMar\u00e7o Lil\u00e1s\u201d, que teve abertura oficial nesta sexta-feira, 6\/3, na Unidade de Sa\u00fade da Fam\u00edlia (USF) Prefeito Frank Abrahim Lima, zona Norte.<\/p>\n\n\n\n<p>A abertura foi realizada pela manh\u00e3 e contou com palestra apresentada por profissionais de sa\u00fade, informando os comunit\u00e1rios sobre o c\u00e2ncer do colo do \u00fatero e seus riscos, e enfatizando o papel do exame preventivo e da vacina\u00e7\u00e3o contra o Papilomav\u00edrus Humano (HPV) para a preven\u00e7\u00e3o e a detec\u00e7\u00e3o precoce da doen\u00e7a.<\/p>\n\n\n\n<p>A chefe da Divis\u00e3o de Aten\u00e7\u00e3o \u00e0 Sa\u00fade da Mulher da Semsa, L\u00facia Freitas, enfatiza que o foco da campanha \u00e9 sensibilizar as usu\u00e1rias para a ades\u00e3o ao exame preventivo, ou citopatol\u00f3gico. O procedimento \u00e9 capaz de detectar est\u00e1gios pr\u00e9-cancerosos da doen\u00e7a e \u00e9 recomendado para todas as pessoas com \u00fatero de 25 a 64 anos, de forma priorit\u00e1ria.<\/p>\n\n\n\n<p>L\u00facia assinala que, enquanto algumas mulheres realizam o preventivo do c\u00e2ncer do colo do \u00fatero de forma regular, outras nunca fizeram o exame. \u201cQueremos alcan\u00e7ar justamente essas usu\u00e1rias, donas de casa, trabalhadoras, mulheres v\u00edtimas de viol\u00eancia, para que elas fa\u00e7am seus exames, tenham o diagn\u00f3stico precoce, e n\u00e3o venham assim a morrer por essa doen\u00e7a, que \u00e9 preven\u00edvel em quase 100% dos casos\u201d, pontua.<\/p>\n\n\n\n<p>A gestora explica que o preventivo, ou citopatol\u00f3gico, deve ser feito a cada tr\u00eas anos, ap\u00f3s dois exames anuais consecutivos, entre pessoas na faixa et\u00e1ria de rastreio que j\u00e1 tiveram atividade sexual.<\/p>\n\n\n\n<p><strong>A\u00e7\u00f5es e \u2018Sabad\u00e3o Lil\u00e1s\u2019<\/strong><\/p>\n\n\n\n<p>Durante o Mar\u00e7o Lil\u00e1s, a Semsa vem promovendo rodas de conversa e palestras em todas as unidades da rede b\u00e1sica, para conscientiza\u00e7\u00e3o de usu\u00e1rias e do p\u00fablico em geral sobre a preven\u00e7\u00e3o e combate ao c\u00e2ncer do colo uterino. As equipes de sa\u00fade tamb\u00e9m v\u00e3o intensificar a oferta do exame preventivo e da vacina\u00e7\u00e3o contra o HPV.<\/p>\n\n\n\n<p>Os profissionais v\u00e3o atuar ainda em a\u00e7\u00f5es em escolas, grupos de idosos, conselhos locais de sa\u00fade, comunidades quilombolas, grupos LBGTQIA+, entre outros, em conjunto com equipes do Programa Sa\u00fade na Escola (PSE) e das \u00e1reas de Aten\u00e7\u00e3o \u00e0 Sa\u00fade do Idoso e de Promo\u00e7\u00e3o da Equidade \u00e0s Popula\u00e7\u00f5es Vulner\u00e1veis da secretaria.<\/p>\n\n\n\n<p>\u201cEstamos trabalhando o m\u00e1ximo de a\u00e7\u00f5es para difundir a import\u00e2ncia da preven\u00e7\u00e3o em todos os territ\u00f3rios\u201d, aponta L\u00facia Freitas.<\/p>\n\n\n\n<p>A agenda da Semsa ter\u00e1 tamb\u00e9m o \u201cSabad\u00e3o Lil\u00e1s\u201d, no dia 14\/3, com a\u00e7\u00f5es de educa\u00e7\u00e3o em sa\u00fade e refor\u00e7o da oferta do preventivo, al\u00e9m da vacina\u00e7\u00e3o contra o HPV para crian\u00e7as e adolescentes de 9 a 14 anos, e jovens de 15 a 19 anos que nunca receberam a vacina.<\/p>\n\n\n\n<p>A programa\u00e7\u00e3o especial alcan\u00e7ar\u00e1 nove unidades de hor\u00e1rio ampliado da Semsa: USF Rosa Almeida e USF Dr. Jos\u00e9 Rayol dos Santos, no Distrito de Sa\u00fade (Disa) Sul; USF Alfredo Campos, USF Maria Leonor Brilhante e USF Amazonas Palhano, no Leste; USF Balbina Mestrinho, USF Carmen Nicolau e USF Major PM S\u00e1lvio Belota, no Norte; e USF Deodato de Miranda Le\u00e3o, no Sul. As cinco Unidades M\u00f3veis de Sa\u00fade da Mulher da secretaria ser\u00e3o tamb\u00e9m mobilizadas na a\u00e7\u00e3o.<\/p>\n\n\n\n<p><strong>Fortalecimento<\/strong><\/p>\n\n\n\n<p>L\u00facia Freitas assinala que a Semsa vem desenvolvendo a\u00e7\u00f5es para o fortalecimento da preven\u00e7\u00e3o, promo\u00e7\u00e3o e cuidado integral \u00e0 sa\u00fade feminina, em alinhamento aos eixos estrat\u00e9gicos de redu\u00e7\u00e3o da morbimortalidade materno-infantil e por c\u00e2ncer do colo do \u00fatero e da mama.<\/p>\n\n\n\n<p>Entre elas est\u00e1 a amplia\u00e7\u00e3o da oferta do preventivo, inclusive com a coleta do exame em meio l\u00edquido, implementada de forma pioneira entre as capitais, em 2023, e atualmente dispon\u00edvel em 115 USFs. O avan\u00e7o se refletiu no aumento de exames realizados, que passou de 89.276, em 2021, para 131.090, em 2025.<\/p>\n\n\n\n<p>L\u00facia destaca ainda que a rede municipal conta ainda com dois Servi\u00e7os de Refer\u00eancia para Diagn\u00f3stico e Tratamento de Les\u00f5es Precursoras do C\u00e2ncer do Colo do \u00datero (SRC), que realizam colposcopias e bi\u00f3psias para usu\u00e1rias do Sistema \u00danico de Sa\u00fade (SUS) com les\u00f5es suspeitas detectadas no preventivo. As unidades ficam nas policl\u00ednicas Castelo Branco e Ant\u00f4nio Comte Telles.<\/p>\n\n\n\n<p>\u201cEm 2025, essas unidades responderam por 56,3% das colposcopias e 67,4% das bi\u00f3psias do colo do \u00fatero realizadas pelo Sistema \u00danico de Sa\u00fade (SUS) em Manaus, evidenciando seu papel estrat\u00e9gico na linha de cuidado desse agravo no munic\u00edpio\u201d, observa.<\/p>\n\n\n\n<p>A gestora destaca tamb\u00e9m que, neste ano, a rede municipal passou a dispor de laborat\u00f3rio pr\u00f3prio para an\u00e1lise de histopatologia das bi\u00f3psias do colo do \u00fatero, agilizando o diagn\u00f3stico e favorecendo o tratamento precoce das usu\u00e1rias.<\/p>\n\n\n\n<p><strong>Agravo<\/strong><\/p>\n\n\n\n<p>O c\u00e2ncer do colo do \u00fatero \u00e9 um dos tipos mais incidentes da doen\u00e7a entre a popula\u00e7\u00e3o feminina em Manaus, com uma estimativa de 410 casos novos para o ano de 2026, no munic\u00edpio, de acordo com dados do Instituto Nacional do C\u00e2ncer (Inca).<\/p>\n\n\n\n<p>A infec\u00e7\u00e3o persistente pelo HPV \u00e9 a principal causa do agravo, que \u00e9 tido como amplamente preven\u00edvel, por meio da vacina\u00e7\u00e3o de crian\u00e7as e adolescentes contra o v\u00edrus e pela realiza\u00e7\u00e3o do exame preventivo. As chances de cura chegam a 100% quando a doen\u00e7a \u00e9 diagnosticada em sua fase inicial.<\/p>\n\n\n\n<figure class=\"wp-block-image size-large\"><img loading=\"lazy\" decoding=\"async\" width=\"1024\" height=\"576\" src=\"https:\/\/www.manaus.am.gov.br\/semsa\/wp-content\/uploads\/sites\/8\/2026\/03\/SEMSA-MANAUS-Abertura-Marco-Lilas-2-1024x576.jpeg\" alt=\"\" class=\"wp-image-227898\" srcset=\"https:\/\/www.manaus.am.gov.br\/semsa\/wp-content\/uploads\/sites\/8\/2026\/03\/SEMSA-MANAUS-Abertura-Marco-Lilas-2-1024x576.jpeg 1024w, https:\/\/www.manaus.am.gov.br\/semsa\/wp-content\/uploads\/sites\/8\/2026\/03\/SEMSA-MANAUS-Abertura-Marco-Lilas-2-300x169.jpeg 300w, https:\/\/www.manaus.am.gov.br\/semsa\/wp-content\/uploads\/sites\/8\/2026\/03\/SEMSA-MANAUS-Abertura-Marco-Lilas-2-768x432.jpeg 768w, https:\/\/www.manaus.am.gov.br\/semsa\/wp-content\/uploads\/sites\/8\/2026\/03\/SEMSA-MANAUS-Abertura-Marco-Lilas-2-1536x864.jpeg 1536w, https:\/\/www.manaus.am.gov.br\/semsa\/wp-content\/uploads\/sites\/8\/2026\/03\/SEMSA-MANAUS-Abertura-Marco-Lilas-2.jpeg 1600w\" sizes=\"(max-width: 1024px) 100vw, 1024px\" \/><figcaption class=\"wp-element-caption\">#paratodosverem &#8211; Palestra<\/figcaption><\/figure>\n\n\n\n<p>&#8212; &#8212; &#8212;&nbsp;<\/p>\n\n\n\n<p><strong>Texto &#8211;&nbsp;<\/strong>Jony Clay Borges\/Semsa<\/p>\n\n\n\n<p><strong>Fotos &#8211;&nbsp;<\/strong>Divulga\u00e7\u00e3o\/Semsa<\/p>\n","protected":false},"excerpt":{"rendered":"","protected":false},"author":39,"featured_media":227897,"comment_status":"closed","ping_status":"closed","sticky":false,"template":"","format":"standard","meta":{"footnotes":""},"categories":[13],"tags":[3893,253,54,3894,28],"acf":[],"yoast_head":"<!-- This site is optimized with the Yoast SEO plugin v23.0 - https:\/\/yoast.com\/wordpress\/plugins\/seo\/ -->\n<title>Preven\u00e7\u00e3o do c\u00e2ncer do colo do \u00fatero tem refor\u00e7o no \u2018Mar\u00e7o Lil\u00e1s\u2019<\/title>\n<meta name=\"description\" content=\"Preven\u00e7\u00e3o do c\u00e2ncer do colo do \u00fatero tem refor\u00e7o nas unidades de sa\u00fade da Prefeitura de Manaus no \u2018Mar\u00e7o Lil\u00e1s\u2019.\" \/>\n<meta name=\"robots\" content=\"index, follow, max-snippet:-1, max-image-preview:large, max-video-preview:-1\" \/>\n<link rel=\"canonical\" href=\"https:\/\/www.manaus.am.gov.br\/semsa\/prevencao-do-cancer-do-colo-do-utero-marco-lilas\/\" \/>\n<meta property=\"og:locale\" content=\"pt_BR\" \/>\n<meta property=\"og:type\" content=\"article\" \/>\n<meta property=\"og:title\" content=\"Preven\u00e7\u00e3o do c\u00e2ncer do colo do \u00fatero tem refor\u00e7o no \u2018Mar\u00e7o Lil\u00e1s\u2019\" \/>\n<meta property=\"og:description\" content=\"Preven\u00e7\u00e3o do c\u00e2ncer do colo do \u00fatero tem refor\u00e7o nas unidades de sa\u00fade da Prefeitura de Manaus no \u2018Mar\u00e7o Lil\u00e1s\u2019.\" \/>\n<meta property=\"og:url\" content=\"https:\/\/www.manaus.am.gov.br\/semsa\/prevencao-do-cancer-do-colo-do-utero-marco-lilas\/\" \/>\n<meta property=\"og:site_name\" content=\"SEMSA\" \/>\n<meta property=\"article:published_time\" content=\"2026-03-06T17:47:58+00:00\" \/>\n<meta property=\"article:modified_time\" content=\"2026-03-06T18:53:48+00:00\" \/>\n<meta property=\"og:image\" content=\"https:\/\/www.manaus.am.gov.br\/semsa\/wp-content\/uploads\/sites\/8\/2026\/03\/SEMSA-MANAUS-Abertura-Marco-Lilas-1.jpeg\" \/>\n\t<meta property=\"og:image:width\" content=\"1600\" \/>\n\t<meta property=\"og:image:height\" content=\"900\" \/>\n\t<meta property=\"og:image:type\" content=\"image\/jpeg\" \/>\n<meta name=\"author\" content=\"Bruna Greco\" \/>\n<meta name=\"twitter:card\" content=\"summary_large_image\" \/>\n<meta name=\"twitter:label1\" content=\"Written by\" \/>\n\t<meta name=\"twitter:data1\" content=\"Bruna Greco\" \/>\n\t<meta name=\"twitter:label2\" content=\"Est. reading time\" \/>\n\t<meta name=\"twitter:data2\" content=\"6 minutos\" \/>\n<script type=\"application\/ld+json\" class=\"yoast-schema-graph\">{\"@context\":\"https:\/\/schema.org\",\"@graph\":[{\"@type\":\"WebPage\",\"@id\":\"https:\/\/www.manaus.am.gov.br\/semsa\/prevencao-do-cancer-do-colo-do-utero-marco-lilas\/\",\"url\":\"https:\/\/www.manaus.am.gov.br\/semsa\/prevencao-do-cancer-do-colo-do-utero-marco-lilas\/\",\"name\":\"Preven\u00e7\u00e3o do c\u00e2ncer do colo do \u00fatero tem refor\u00e7o no \u2018Mar\u00e7o Lil\u00e1s\u2019\",\"isPartOf\":{\"@id\":\"https:\/\/www.manaus.am.gov.br\/semsa\/#website\"},\"primaryImageOfPage\":{\"@id\":\"https:\/\/www.manaus.am.gov.br\/semsa\/prevencao-do-cancer-do-colo-do-utero-marco-lilas\/#primaryimage\"},\"image\":{\"@id\":\"https:\/\/www.manaus.am.gov.br\/semsa\/prevencao-do-cancer-do-colo-do-utero-marco-lilas\/#primaryimage\"},\"thumbnailUrl\":\"https:\/\/www.manaus.am.gov.br\/semsa\/wp-content\/uploads\/sites\/8\/2026\/03\/SEMSA-MANAUS-Abertura-Marco-Lilas-1.jpeg\",\"datePublished\":\"2026-03-06T17:47:58+00:00\",\"dateModified\":\"2026-03-06T18:53:48+00:00\",\"author\":{\"@id\":\"https:\/\/www.manaus.am.gov.br\/semsa\/#\/schema\/person\/05d223aea2bf115f9883a6ff3683d81b\"},\"description\":\"Preven\u00e7\u00e3o do c\u00e2ncer do colo do \u00fatero tem refor\u00e7o nas unidades de sa\u00fade da Prefeitura de Manaus no \u2018Mar\u00e7o Lil\u00e1s\u2019.\",\"inLanguage\":\"pt-BR\",\"potentialAction\":[{\"@type\":\"ReadAction\",\"target\":[\"https:\/\/www.manaus.am.gov.br\/semsa\/prevencao-do-cancer-do-colo-do-utero-marco-lilas\/\"]}]},{\"@type\":\"ImageObject\",\"inLanguage\":\"pt-BR\",\"@id\":\"https:\/\/www.manaus.am.gov.br\/semsa\/prevencao-do-cancer-do-colo-do-utero-marco-lilas\/#primaryimage\",\"url\":\"https:\/\/www.manaus.am.gov.br\/semsa\/wp-content\/uploads\/sites\/8\/2026\/03\/SEMSA-MANAUS-Abertura-Marco-Lilas-1.jpeg\",\"contentUrl\":\"https:\/\/www.manaus.am.gov.br\/semsa\/wp-content\/uploads\/sites\/8\/2026\/03\/SEMSA-MANAUS-Abertura-Marco-Lilas-1.jpeg\",\"width\":1600,\"height\":900,\"caption\":\"#paratodosverem - Usu\u00e1rios de unidade de sa\u00fade recebendo a\u00e7\u00e3o de preven\u00e7\u00e3o da Semsa referente ao \\\"Mar\u00e7o Lil\u00e1s\\\"\"},{\"@type\":\"WebSite\",\"@id\":\"https:\/\/www.manaus.am.gov.br\/semsa\/#website\",\"url\":\"https:\/\/www.manaus.am.gov.br\/semsa\/\",\"name\":\"SEMSA\",\"description\":\"Secretaria Municipal de Sa\u00fade\",\"alternateName\":\"Secretaria Municipal de Sa\u00fade\",\"potentialAction\":[{\"@type\":\"SearchAction\",\"target\":{\"@type\":\"EntryPoint\",\"urlTemplate\":\"https:\/\/www.manaus.am.gov.br\/semsa\/?s={search_term_string}\"},\"query-input\":\"required name=search_term_string\"}],\"inLanguage\":\"pt-BR\"},{\"@type\":\"Person\",\"@id\":\"https:\/\/www.manaus.am.gov.br\/semsa\/#\/schema\/person\/05d223aea2bf115f9883a6ff3683d81b\",\"name\":\"Bruna Greco\",\"image\":{\"@type\":\"ImageObject\",\"inLanguage\":\"pt-BR\",\"@id\":\"https:\/\/www.manaus.am.gov.br\/semsa\/#\/schema\/person\/image\/\",\"url\":\"https:\/\/secure.gravatar.com\/avatar\/9c877d1a6adc2a055330e5c09a8653ce?s=96&d=mm&r=g\",\"contentUrl\":\"https:\/\/secure.gravatar.com\/avatar\/9c877d1a6adc2a055330e5c09a8653ce?s=96&d=mm&r=g\",\"caption\":\"Bruna Greco\"}}]}<\/script>\n<!-- \/ Yoast SEO plugin. -->","yoast_head_json":{"title":"Preven\u00e7\u00e3o do c\u00e2ncer do colo do \u00fatero tem refor\u00e7o no \u2018Mar\u00e7o Lil\u00e1s\u2019","description":"Preven\u00e7\u00e3o do c\u00e2ncer do colo do \u00fatero tem refor\u00e7o nas unidades de sa\u00fade da Prefeitura de Manaus no \u2018Mar\u00e7o Lil\u00e1s\u2019.","robots":{"index":"index","follow":"follow","max-snippet":"max-snippet:-1","max-image-preview":"max-image-preview:large","max-video-preview":"max-video-preview:-1"},"canonical":"https:\/\/www.manaus.am.gov.br\/semsa\/prevencao-do-cancer-do-colo-do-utero-marco-lilas\/","og_locale":"pt_BR","og_type":"article","og_title":"Preven\u00e7\u00e3o do c\u00e2ncer do colo do \u00fatero tem refor\u00e7o no \u2018Mar\u00e7o Lil\u00e1s\u2019","og_description":"Preven\u00e7\u00e3o do c\u00e2ncer do colo do \u00fatero tem refor\u00e7o nas unidades de sa\u00fade da Prefeitura de Manaus no \u2018Mar\u00e7o Lil\u00e1s\u2019.","og_url":"https:\/\/www.manaus.am.gov.br\/semsa\/prevencao-do-cancer-do-colo-do-utero-marco-lilas\/","og_site_name":"SEMSA","article_published_time":"2026-03-06T17:47:58+00:00","article_modified_time":"2026-03-06T18:53:48+00:00","og_image":[{"width":1600,"height":900,"url":"https:\/\/www.manaus.am.gov.br\/semsa\/wp-content\/uploads\/sites\/8\/2026\/03\/SEMSA-MANAUS-Abertura-Marco-Lilas-1.jpeg","type":"image\/jpeg"}],"author":"Bruna Greco","twitter_card":"summary_large_image","twitter_misc":{"Written by":"Bruna Greco","Est. reading time":"6 minutos"},"schema":{"@context":"https:\/\/schema.org","@graph":[{"@type":"WebPage","@id":"https:\/\/www.manaus.am.gov.br\/semsa\/prevencao-do-cancer-do-colo-do-utero-marco-lilas\/","url":"https:\/\/www.manaus.am.gov.br\/semsa\/prevencao-do-cancer-do-colo-do-utero-marco-lilas\/","name":"Preven\u00e7\u00e3o do c\u00e2ncer do colo do \u00fatero tem refor\u00e7o no \u2018Mar\u00e7o Lil\u00e1s\u2019","isPartOf":{"@id":"https:\/\/www.manaus.am.gov.br\/semsa\/#website"},"primaryImageOfPage":{"@id":"https:\/\/www.manaus.am.gov.br\/semsa\/prevencao-do-cancer-do-colo-do-utero-marco-lilas\/#primaryimage"},"image":{"@id":"https:\/\/www.manaus.am.gov.br\/semsa\/prevencao-do-cancer-do-colo-do-utero-marco-lilas\/#primaryimage"},"thumbnailUrl":"https:\/\/www.manaus.am.gov.br\/semsa\/wp-content\/uploads\/sites\/8\/2026\/03\/SEMSA-MANAUS-Abertura-Marco-Lilas-1.jpeg","datePublished":"2026-03-06T17:47:58+00:00","dateModified":"2026-03-06T18:53:48+00:00","author":{"@id":"https:\/\/www.manaus.am.gov.br\/semsa\/#\/schema\/person\/05d223aea2bf115f9883a6ff3683d81b"},"description":"Preven\u00e7\u00e3o do c\u00e2ncer do colo do \u00fatero tem refor\u00e7o nas unidades de sa\u00fade da Prefeitura de Manaus no \u2018Mar\u00e7o Lil\u00e1s\u2019.","inLanguage":"pt-BR","potentialAction":[{"@type":"ReadAction","target":["https:\/\/www.manaus.am.gov.br\/semsa\/prevencao-do-cancer-do-colo-do-utero-marco-lilas\/"]}]},{"@type":"ImageObject","inLanguage":"pt-BR","@id":"https:\/\/www.manaus.am.gov.br\/semsa\/prevencao-do-cancer-do-colo-do-utero-marco-lilas\/#primaryimage","url":"https:\/\/www.manaus.am.gov.br\/semsa\/wp-content\/uploads\/sites\/8\/2026\/03\/SEMSA-MANAUS-Abertura-Marco-Lilas-1.jpeg","contentUrl":"https:\/\/www.manaus.am.gov.br\/semsa\/wp-content\/uploads\/sites\/8\/2026\/03\/SEMSA-MANAUS-Abertura-Marco-Lilas-1.jpeg","width":1600,"height":900,"caption":"#paratodosverem - Usu\u00e1rios de unidade de sa\u00fade recebendo a\u00e7\u00e3o de preven\u00e7\u00e3o da Semsa referente ao \"Mar\u00e7o Lil\u00e1s\""},{"@type":"WebSite","@id":"https:\/\/www.manaus.am.gov.br\/semsa\/#website","url":"https:\/\/www.manaus.am.gov.br\/semsa\/","name":"SEMSA","description":"Secretaria Municipal de Sa\u00fade","alternateName":"Secretaria Municipal de Sa\u00fade","potentialAction":[{"@type":"SearchAction","target":{"@type":"EntryPoint","urlTemplate":"https:\/\/www.manaus.am.gov.br\/semsa\/?s={search_term_string}"},"query-input":"required name=search_term_string"}],"inLanguage":"pt-BR"},{"@type":"Person","@id":"https:\/\/www.manaus.am.gov.br\/semsa\/#\/schema\/person\/05d223aea2bf115f9883a6ff3683d81b","name":"Bruna Greco","image":{"@type":"ImageObject","inLanguage":"pt-BR","@id":"https:\/\/www.manaus.am.gov.br\/semsa\/#\/schema\/person\/image\/","url":"https:\/\/secure.gravatar.com\/avatar\/9c877d1a6adc2a055330e5c09a8653ce?s=96&d=mm&r=g","contentUrl":"https:\/\/secure.gravatar.com\/avatar\/9c877d1a6adc2a055330e5c09a8653ce?s=96&d=mm&r=g","caption":"Bruna Greco"}}]}},"_links":{"self":[{"href":"https:\/\/www.manaus.am.gov.br\/semsa\/wp-json\/wp\/v2\/posts\/227896"}],"collection":[{"href":"https:\/\/www.manaus.am.gov.br\/semsa\/wp-json\/wp\/v2\/posts"}],"about":[{"href":"https:\/\/www.manaus.am.gov.br\/semsa\/wp-json\/wp\/v2\/types\/post"}],"author":[{"embeddable":true,"href":"https:\/\/www.manaus.am.gov.br\/semsa\/wp-json\/wp\/v2\/users\/39"}],"replies":[{"embeddable":true,"href":"https:\/\/www.manaus.am.gov.br\/semsa\/wp-json\/wp\/v2\/comments?post=227896"}],"version-history":[{"count":5,"href":"https:\/\/www.manaus.am.gov.br\/semsa\/wp-json\/wp\/v2\/posts\/227896\/revisions"}],"predecessor-version":[{"id":227906,"href":"https:\/\/www.manaus.am.gov.br\/semsa\/wp-json\/wp\/v2\/posts\/227896\/revisions\/227906"}],"wp:featuredmedia":[{"embeddable":true,"href":"https:\/\/www.manaus.am.gov.br\/semsa\/wp-json\/wp\/v2\/media\/227897"}],"wp:attachment":[{"href":"https:\/\/www.manaus.am.gov.br\/semsa\/wp-json\/wp\/v2\/media?parent=227896"}],"wp:term":[{"taxonomy":"category","embeddable":true,"href":"https:\/\/www.manaus.am.gov.br\/semsa\/wp-json\/wp\/v2\/categories?post=227896"},{"taxonomy":"post_tag","embeddable":true,"href":"https:\/\/www.manaus.am.gov.br\/semsa\/wp-json\/wp\/v2\/tags?post=227896"}],"curies":[{"name":"wp","href":"https:\/\/api.w.org\/{rel}","templated":true}]}}