{"id":227883,"date":"2026-03-06T10:14:32","date_gmt":"2026-03-06T14:14:32","guid":{"rendered":"https:\/\/www.manaus.am.gov.br\/semsa\/prefeitura-maternidade-internosmedicina\/"},"modified":"2026-03-06T14:32:32","modified_gmt":"2026-03-06T18:32:32","slug":"prefeitura-maternidade-moura-tapajoz-internosmedicina","status":"publish","type":"post","link":"https:\/\/www.manaus.am.gov.br\/semsa\/prefeitura-maternidade-moura-tapajoz-internosmedicina\/","title":{"rendered":"Maternidade Moura Tapaj\u00f3z acolhe internos de medicina da Universidade do Estado do Amazonas"},"content":{"rendered":"\n<p>A Maternidade Dr. Moura Tapaj\u00f3z (MMT), da <a href=\"https:\/\/www.manaus.am.gov.br\/\">Prefeitura de Manaus<\/a>,\u00a0promoveu, na manh\u00e3 dessa quinta-feira, 5\/3, o acolhimento de 22 acad\u00eamicos de medicina em internato da <a href=\"https:\/\/www.instagram.com\/ueaoficial\/\">Universidade do Estado do Amazonas<\/a> (UEA), marcando o in\u00edcio das atividades pr\u00e1ticas dos novos internos no ambiente hospitalar da maternidade.\u00a0Os internos foram recepcionados pela respons\u00e1vel pelo N\u00facleo de Educa\u00e7\u00e3o Continuada e Permanente da unidade, enfermeira Larissa de Almeida.<\/p>\n\n\n\n<p>Por ano, a maternidade acolhe uma m\u00e9dia de 800 alunos de cursos t\u00e9cnicos e de n\u00edvel superior, que, ao chegar \u00e0 unidade, passam a integrar as equipes profissionais, participando de atendimentos e procedimentos de forma supervisionada.<\/p>\n\n\n\n<p>\u201cFicamos muito felizes e orgulhosos de receber esse grupo de acad\u00eamicos, que, tenho certeza, v\u00e3o tanto aprender quanto contribuir muito no per\u00edodo em que estiverem na Moura Tapaj\u00f3z. Aqui, eles ter\u00e3o todas as condi\u00e7\u00f5es e todo suporte da equipe t\u00e9cnica e da gest\u00e3o para desenvolverem seu potencial\u201d, enfatizou a diretora da unidade, enfermeira obstetra N\u00fabia Cruz.<\/p>\n\n\n\n<p>O acolhimento tem como objetivo principal integrar os estudantes ao funcionamento da unidade, apresentar as normas, rotinas e princ\u00edpios institucionais, al\u00e9m de fortalecer o compromisso \u00e9tico e formativo do internato m\u00e9dico no contexto do Sistema \u00danico de Sa\u00fade (SUS).<\/p>\n\n\n\n<p>Durante a recep\u00e7\u00e3o, foi ressaltada a import\u00e2ncia da padroniza\u00e7\u00e3o do atendimento por meio dos protocolos que guiam os processos da unidade,&nbsp;respeitando e cumprindo os documentos que&nbsp;apresentam orienta\u00e7\u00f5es sobre as pr\u00e1ticas preconizadas por \u00f3rg\u00e3os e institui\u00e7\u00f5es de renome, como a Organiza\u00e7\u00e3o Mundial de Sa\u00fade (OMS), o Minist\u00e9rio da Sa\u00fade, e a Comiss\u00e3o Nacional de Incorpora\u00e7\u00e3o de Tecnologias no Sistema \u00danico de Sa\u00fade (Conitec).<\/p>\n\n\n\n<p>A enfermeira Larissa de Almeida tamb\u00e9m orientou os acad\u00eamicos sobre suas atribui\u00e7\u00f5es e sobre as de seus preceptores, como, por exemplo, estarem sempre devidamente identificados, n\u00e3o realizarem quaisquer procedimentos t\u00e9cnicos sem a supervis\u00e3o do preceptor, e resguardarem todas as normas de biosseguran\u00e7a.<\/p>\n\n\n\n<p>\u201cMais do que um espa\u00e7o de assist\u00eancia, a Moura Tapaj\u00f3z tamb\u00e9m j\u00e1 se consolidou como um importante ambiente de ensino, pesquisa e acolhimento na cidade de Manaus, formando profissionais qualificados e comprometidos com a sa\u00fade e o bem-estar da nossa comunidade\u201d, destacou Larissa.<\/p>\n\n\n\n<p><strong>Texto <\/strong>&#8211;&nbsp;Marcella Normando\/Semsa<\/p>\n","protected":false},"excerpt":{"rendered":"","protected":false},"author":23,"featured_media":227884,"comment_status":"closed","ping_status":"closed","sticky":false,"template":"","format":"standard","meta":{"footnotes":""},"categories":[3],"tags":[321,121,54,28],"acf":[],"yoast_head":"<!-- This site is optimized with the Yoast SEO plugin v23.0 - https:\/\/yoast.com\/wordpress\/plugins\/seo\/ -->\n<title>Maternidade Moura Tapaj\u00f3z acolhe internos de medicina da Universidade do Estado do Amazonas<\/title>\n<meta name=\"description\" content=\"A Maternidade Dr. Moura Tapaj\u00f3z (MMT), da Prefeitura de Manaus, promoveu, na manh\u00e3 dessa quinta-feira, 5\/3, o acolhimento de 22 acad\u00eamicos de medicina em internato da Universidade do Estado do Amazonas (UEA), marcando o in\u00edcio das atividades pr\u00e1ticas dos novos internos no ambiente hospitalar da maternidade.\" \/>\n<meta name=\"robots\" content=\"index, follow, max-snippet:-1, max-image-preview:large, max-video-preview:-1\" \/>\n<link rel=\"canonical\" href=\"https:\/\/www.manaus.am.gov.br\/semsa\/prefeitura-maternidade-internosmedicina\/\" \/>\n<meta property=\"og:locale\" content=\"pt_BR\" \/>\n<meta property=\"og:type\" content=\"article\" \/>\n<meta property=\"og:title\" content=\"Maternidade Moura Tapaj\u00f3z acolhe internos de medicina da Universidade do Estado do Amazonas\" \/>\n<meta property=\"og:description\" content=\"A Maternidade Dr. Moura Tapaj\u00f3z (MMT), da Prefeitura de Manaus, promoveu, na manh\u00e3 dessa quinta-feira, 5\/3, o acolhimento de 22 acad\u00eamicos de medicina em internato da Universidade do Estado do Amazonas (UEA), marcando o in\u00edcio das atividades pr\u00e1ticas dos novos internos no ambiente hospitalar da maternidade.\" \/>\n<meta property=\"og:url\" content=\"https:\/\/www.manaus.am.gov.br\/semsa\/prefeitura-maternidade-internosmedicina\/\" \/>\n<meta property=\"og:site_name\" content=\"SEMSA\" \/>\n<meta property=\"article:published_time\" content=\"2026-03-06T14:14:32+00:00\" \/>\n<meta property=\"article:modified_time\" content=\"2026-03-06T18:32:32+00:00\" \/>\n<meta property=\"og:image\" content=\"https:\/\/www.manaus.am.gov.br\/semsa\/wp-content\/uploads\/sites\/8\/2026\/03\/Marco-05_MMT-2-1.jpeg\" \/>\n\t<meta property=\"og:image:width\" content=\"1600\" \/>\n\t<meta property=\"og:image:height\" content=\"1200\" \/>\n\t<meta property=\"og:image:type\" content=\"image\/jpeg\" \/>\n<meta name=\"author\" content=\"Adriana Costa\" \/>\n<meta name=\"twitter:card\" content=\"summary_large_image\" \/>\n<meta name=\"twitter:label1\" content=\"Written by\" \/>\n\t<meta name=\"twitter:data1\" content=\"Adriana Costa\" \/>\n\t<meta name=\"twitter:label2\" content=\"Est. reading time\" \/>\n\t<meta name=\"twitter:data2\" content=\"3 minutos\" \/>\n<script type=\"application\/ld+json\" class=\"yoast-schema-graph\">{\"@context\":\"https:\/\/schema.org\",\"@graph\":[{\"@type\":\"WebPage\",\"@id\":\"https:\/\/www.manaus.am.gov.br\/semsa\/prefeitura-maternidade-internosmedicina\/\",\"url\":\"https:\/\/www.manaus.am.gov.br\/semsa\/prefeitura-maternidade-internosmedicina\/\",\"name\":\"Maternidade Moura Tapaj\u00f3z acolhe internos de medicina da Universidade do Estado do Amazonas\",\"isPartOf\":{\"@id\":\"https:\/\/www.manaus.am.gov.br\/semsa\/#website\"},\"primaryImageOfPage\":{\"@id\":\"https:\/\/www.manaus.am.gov.br\/semsa\/prefeitura-maternidade-internosmedicina\/#primaryimage\"},\"image\":{\"@id\":\"https:\/\/www.manaus.am.gov.br\/semsa\/prefeitura-maternidade-internosmedicina\/#primaryimage\"},\"thumbnailUrl\":\"https:\/\/www.manaus.am.gov.br\/semsa\/wp-content\/uploads\/sites\/8\/2026\/03\/Marco-05_MMT-2-1.jpeg\",\"datePublished\":\"2026-03-06T14:14:32+00:00\",\"dateModified\":\"2026-03-06T18:32:32+00:00\",\"author\":{\"@id\":\"https:\/\/www.manaus.am.gov.br\/semsa\/#\/schema\/person\/4e49f4e267757a06ca072ec61b2b9968\"},\"description\":\"A Maternidade Dr. Moura Tapaj\u00f3z (MMT), da Prefeitura de Manaus, promoveu, na manh\u00e3 dessa quinta-feira, 5\/3, o acolhimento de 22 acad\u00eamicos de medicina em internato da Universidade do Estado do Amazonas (UEA), marcando o in\u00edcio das atividades pr\u00e1ticas dos novos internos no ambiente hospitalar da maternidade.\",\"inLanguage\":\"pt-BR\",\"potentialAction\":[{\"@type\":\"ReadAction\",\"target\":[\"https:\/\/www.manaus.am.gov.br\/semsa\/prefeitura-maternidade-internosmedicina\/\"]}]},{\"@type\":\"ImageObject\",\"inLanguage\":\"pt-BR\",\"@id\":\"https:\/\/www.manaus.am.gov.br\/semsa\/prefeitura-maternidade-internosmedicina\/#primaryimage\",\"url\":\"https:\/\/www.manaus.am.gov.br\/semsa\/wp-content\/uploads\/sites\/8\/2026\/03\/Marco-05_MMT-2-1.jpeg\",\"contentUrl\":\"https:\/\/www.manaus.am.gov.br\/semsa\/wp-content\/uploads\/sites\/8\/2026\/03\/Marco-05_MMT-2-1.jpeg\",\"width\":1600,\"height\":1200,\"caption\":\"#paratodosverem - Audit\u00f3rio da Maternidade Moura Tapaj\u00f3z com acolhimento aos acad\u00eamicos de medicina da UEA\"},{\"@type\":\"WebSite\",\"@id\":\"https:\/\/www.manaus.am.gov.br\/semsa\/#website\",\"url\":\"https:\/\/www.manaus.am.gov.br\/semsa\/\",\"name\":\"SEMSA\",\"description\":\"Secretaria Municipal de Sa\u00fade\",\"alternateName\":\"Secretaria Municipal de Sa\u00fade\",\"potentialAction\":[{\"@type\":\"SearchAction\",\"target\":{\"@type\":\"EntryPoint\",\"urlTemplate\":\"https:\/\/www.manaus.am.gov.br\/semsa\/?s={search_term_string}\"},\"query-input\":\"required name=search_term_string\"}],\"inLanguage\":\"pt-BR\"},{\"@type\":\"Person\",\"@id\":\"https:\/\/www.manaus.am.gov.br\/semsa\/#\/schema\/person\/4e49f4e267757a06ca072ec61b2b9968\",\"name\":\"Adriana Costa\",\"image\":{\"@type\":\"ImageObject\",\"inLanguage\":\"pt-BR\",\"@id\":\"https:\/\/www.manaus.am.gov.br\/semsa\/#\/schema\/person\/image\/\",\"url\":\"https:\/\/secure.gravatar.com\/avatar\/576258617ef7194f718179e766d57bd4?s=96&d=mm&r=g\",\"contentUrl\":\"https:\/\/secure.gravatar.com\/avatar\/576258617ef7194f718179e766d57bd4?s=96&d=mm&r=g\",\"caption\":\"Adriana Costa\"}}]}<\/script>\n<!-- \/ Yoast SEO plugin. -->","yoast_head_json":{"title":"Maternidade Moura Tapaj\u00f3z acolhe internos de medicina da Universidade do Estado do Amazonas","description":"A Maternidade Dr. Moura Tapaj\u00f3z (MMT), da Prefeitura de Manaus, promoveu, na manh\u00e3 dessa quinta-feira, 5\/3, o acolhimento de 22 acad\u00eamicos de medicina em internato da Universidade do Estado do Amazonas (UEA), marcando o in\u00edcio das atividades pr\u00e1ticas dos novos internos no ambiente hospitalar da maternidade.","robots":{"index":"index","follow":"follow","max-snippet":"max-snippet:-1","max-image-preview":"max-image-preview:large","max-video-preview":"max-video-preview:-1"},"canonical":"https:\/\/www.manaus.am.gov.br\/semsa\/prefeitura-maternidade-internosmedicina\/","og_locale":"pt_BR","og_type":"article","og_title":"Maternidade Moura Tapaj\u00f3z acolhe internos de medicina da Universidade do Estado do Amazonas","og_description":"A Maternidade Dr. Moura Tapaj\u00f3z (MMT), da Prefeitura de Manaus, promoveu, na manh\u00e3 dessa quinta-feira, 5\/3, o acolhimento de 22 acad\u00eamicos de medicina em internato da Universidade do Estado do Amazonas (UEA), marcando o in\u00edcio das atividades pr\u00e1ticas dos novos internos no ambiente hospitalar da maternidade.","og_url":"https:\/\/www.manaus.am.gov.br\/semsa\/prefeitura-maternidade-internosmedicina\/","og_site_name":"SEMSA","article_published_time":"2026-03-06T14:14:32+00:00","article_modified_time":"2026-03-06T18:32:32+00:00","og_image":[{"width":1600,"height":1200,"url":"https:\/\/www.manaus.am.gov.br\/semsa\/wp-content\/uploads\/sites\/8\/2026\/03\/Marco-05_MMT-2-1.jpeg","type":"image\/jpeg"}],"author":"Adriana Costa","twitter_card":"summary_large_image","twitter_misc":{"Written by":"Adriana Costa","Est. reading time":"3 minutos"},"schema":{"@context":"https:\/\/schema.org","@graph":[{"@type":"WebPage","@id":"https:\/\/www.manaus.am.gov.br\/semsa\/prefeitura-maternidade-internosmedicina\/","url":"https:\/\/www.manaus.am.gov.br\/semsa\/prefeitura-maternidade-internosmedicina\/","name":"Maternidade Moura Tapaj\u00f3z acolhe internos de medicina da Universidade do Estado do Amazonas","isPartOf":{"@id":"https:\/\/www.manaus.am.gov.br\/semsa\/#website"},"primaryImageOfPage":{"@id":"https:\/\/www.manaus.am.gov.br\/semsa\/prefeitura-maternidade-internosmedicina\/#primaryimage"},"image":{"@id":"https:\/\/www.manaus.am.gov.br\/semsa\/prefeitura-maternidade-internosmedicina\/#primaryimage"},"thumbnailUrl":"https:\/\/www.manaus.am.gov.br\/semsa\/wp-content\/uploads\/sites\/8\/2026\/03\/Marco-05_MMT-2-1.jpeg","datePublished":"2026-03-06T14:14:32+00:00","dateModified":"2026-03-06T18:32:32+00:00","author":{"@id":"https:\/\/www.manaus.am.gov.br\/semsa\/#\/schema\/person\/4e49f4e267757a06ca072ec61b2b9968"},"description":"A Maternidade Dr. Moura Tapaj\u00f3z (MMT), da Prefeitura de Manaus, promoveu, na manh\u00e3 dessa quinta-feira, 5\/3, o acolhimento de 22 acad\u00eamicos de medicina em internato da Universidade do Estado do Amazonas (UEA), marcando o in\u00edcio das atividades pr\u00e1ticas dos novos internos no ambiente hospitalar da maternidade.","inLanguage":"pt-BR","potentialAction":[{"@type":"ReadAction","target":["https:\/\/www.manaus.am.gov.br\/semsa\/prefeitura-maternidade-internosmedicina\/"]}]},{"@type":"ImageObject","inLanguage":"pt-BR","@id":"https:\/\/www.manaus.am.gov.br\/semsa\/prefeitura-maternidade-internosmedicina\/#primaryimage","url":"https:\/\/www.manaus.am.gov.br\/semsa\/wp-content\/uploads\/sites\/8\/2026\/03\/Marco-05_MMT-2-1.jpeg","contentUrl":"https:\/\/www.manaus.am.gov.br\/semsa\/wp-content\/uploads\/sites\/8\/2026\/03\/Marco-05_MMT-2-1.jpeg","width":1600,"height":1200,"caption":"#paratodosverem - Audit\u00f3rio da Maternidade Moura Tapaj\u00f3z com acolhimento aos acad\u00eamicos de medicina da UEA"},{"@type":"WebSite","@id":"https:\/\/www.manaus.am.gov.br\/semsa\/#website","url":"https:\/\/www.manaus.am.gov.br\/semsa\/","name":"SEMSA","description":"Secretaria Municipal de Sa\u00fade","alternateName":"Secretaria Municipal de Sa\u00fade","potentialAction":[{"@type":"SearchAction","target":{"@type":"EntryPoint","urlTemplate":"https:\/\/www.manaus.am.gov.br\/semsa\/?s={search_term_string}"},"query-input":"required name=search_term_string"}],"inLanguage":"pt-BR"},{"@type":"Person","@id":"https:\/\/www.manaus.am.gov.br\/semsa\/#\/schema\/person\/4e49f4e267757a06ca072ec61b2b9968","name":"Adriana Costa","image":{"@type":"ImageObject","inLanguage":"pt-BR","@id":"https:\/\/www.manaus.am.gov.br\/semsa\/#\/schema\/person\/image\/","url":"https:\/\/secure.gravatar.com\/avatar\/576258617ef7194f718179e766d57bd4?s=96&d=mm&r=g","contentUrl":"https:\/\/secure.gravatar.com\/avatar\/576258617ef7194f718179e766d57bd4?s=96&d=mm&r=g","caption":"Adriana Costa"}}]}},"_links":{"self":[{"href":"https:\/\/www.manaus.am.gov.br\/semsa\/wp-json\/wp\/v2\/posts\/227883"}],"collection":[{"href":"https:\/\/www.manaus.am.gov.br\/semsa\/wp-json\/wp\/v2\/posts"}],"about":[{"href":"https:\/\/www.manaus.am.gov.br\/semsa\/wp-json\/wp\/v2\/types\/post"}],"author":[{"embeddable":true,"href":"https:\/\/www.manaus.am.gov.br\/semsa\/wp-json\/wp\/v2\/users\/23"}],"replies":[{"embeddable":true,"href":"https:\/\/www.manaus.am.gov.br\/semsa\/wp-json\/wp\/v2\/comments?post=227883"}],"version-history":[{"count":1,"href":"https:\/\/www.manaus.am.gov.br\/semsa\/wp-json\/wp\/v2\/posts\/227883\/revisions"}],"predecessor-version":[{"id":227904,"href":"https:\/\/www.manaus.am.gov.br\/semsa\/wp-json\/wp\/v2\/posts\/227883\/revisions\/227904"}],"wp:featuredmedia":[{"embeddable":true,"href":"https:\/\/www.manaus.am.gov.br\/semsa\/wp-json\/wp\/v2\/media\/227884"}],"wp:attachment":[{"href":"https:\/\/www.manaus.am.gov.br\/semsa\/wp-json\/wp\/v2\/media?parent=227883"}],"wp:term":[{"taxonomy":"category","embeddable":true,"href":"https:\/\/www.manaus.am.gov.br\/semsa\/wp-json\/wp\/v2\/categories?post=227883"},{"taxonomy":"post_tag","embeddable":true,"href":"https:\/\/www.manaus.am.gov.br\/semsa\/wp-json\/wp\/v2\/tags?post=227883"}],"curies":[{"name":"wp","href":"https:\/\/api.w.org\/{rel}","templated":true}]}}