{"id":227873,"date":"2026-03-05T18:42:53","date_gmt":"2026-03-05T22:42:53","guid":{"rendered":"https:\/\/www.manaus.am.gov.br\/semsa\/discussao-violencia-mulher\/"},"modified":"2026-03-06T12:54:47","modified_gmt":"2026-03-06T16:54:47","slug":"discussao-violencia-mulher","status":"publish","type":"post","link":"https:\/\/www.manaus.am.gov.br\/semsa\/discussao-violencia-mulher\/","title":{"rendered":"Semsa promove discuss\u00e3o sobre Viol\u00eancia contra a Mulher com profissionais de sa\u00fade"},"content":{"rendered":"\n<p>Em alus\u00e3o ao Dia Internacional da Mulher, comemorado no dia 8 de mar\u00e7o, a <a href=\"https:\/\/www.manaus.am.gov.br\/\">Prefeitura de Manaus<\/a>, por meio da <a href=\"https:\/\/www.instagram.com\/semsamanaus\/\">Secretaria Municipal de Sa\u00fade <\/a>(Semsa), promoveu nesta quinta-feira, 5\/3, uma mesa-redonda abordando o tema \u201cEduca\u00e7\u00e3o e Direitos sobre Viol\u00eancia contra a Mulher\u201d.<\/p>\n\n\n\n<p>O evento foi realizado no audit\u00f3rio Dr. Deodato de Miranda Le\u00e3o, na sede da Semsa, bairro Adrian\u00f3polis (zona Sul), com a participa\u00e7\u00e3o de representantes da Delegacia Especializada em Crimes contra a Mulher, Defensoria P\u00fablica, Instituto Grupo Mulheres do Brasil e da Secretaria de Estado de Justi\u00e7a, Direitos Humanos e Cidadania (Sejusc).<\/p>\n\n\n\n<p>Representando a secret\u00e1ria municipal de Sa\u00fade, Sh\u00e1dia Fraxe, Aldeniza Ara\u00fajo, assessora da subsecretaria de Gest\u00e3o da Sa\u00fade (Subgs), explicou que a programa\u00e7\u00e3o foi idealizada para promover a reflex\u00e3o sobre o tema e orientar servidores e servidoras sobre os \u00f3rg\u00e3os que atuam no combate \u00e0 viol\u00eancia contra a mulher, aspectos legais, canais de den\u00fancia, servi\u00e7os de acolhimento, garantias de direitos, suporte jur\u00eddico e empoderamento feminino para o combate \u00e0 viol\u00eancia contra as mulheres.<\/p>\n\n\n<div class=\"wp-block-image\">\n<figure class=\"aligncenter size-large\"><img loading=\"lazy\" decoding=\"async\" width=\"1024\" height=\"602\" src=\"https:\/\/www.manaus.am.gov.br\/semsa\/wp-content\/uploads\/sites\/8\/2026\/03\/Semsa-Manaus-Dia-Int-Mulher-6-1024x602.jpeg\" alt=\"\" class=\"wp-image-227876\" srcset=\"https:\/\/www.manaus.am.gov.br\/semsa\/wp-content\/uploads\/sites\/8\/2026\/03\/Semsa-Manaus-Dia-Int-Mulher-6-1024x602.jpeg 1024w, https:\/\/www.manaus.am.gov.br\/semsa\/wp-content\/uploads\/sites\/8\/2026\/03\/Semsa-Manaus-Dia-Int-Mulher-6-300x176.jpeg 300w, https:\/\/www.manaus.am.gov.br\/semsa\/wp-content\/uploads\/sites\/8\/2026\/03\/Semsa-Manaus-Dia-Int-Mulher-6-768x452.jpeg 768w, https:\/\/www.manaus.am.gov.br\/semsa\/wp-content\/uploads\/sites\/8\/2026\/03\/Semsa-Manaus-Dia-Int-Mulher-6.jpeg 1319w\" sizes=\"(max-width: 1024px) 100vw, 1024px\" \/><figcaption class=\"wp-element-caption\">#paratodosverem &#8211; servidores da Semsa na mesa-redonda<\/figcaption><\/figure><\/div>\n\n\n<p>\u201cA viol\u00eancia contra a mulher \u00e9 um problema tamb\u00e9m de sa\u00fade p\u00fablica, j\u00e1 que causa danos \u00e0 sa\u00fade f\u00edsica e emocional. A Semsa tem trabalhado para fortalecer as pol\u00edticas p\u00fablicas e este momento, marcando o Dia Internacional da Mulher, \u00e9 uma oportunidade de concentrar as informa\u00e7\u00f5es que v\u00e3o agregar ao nosso trabalho no acolhimento das v\u00edtimas de viol\u00eancia na rede municipal\u201d, afirmou Aldeniza Ara\u00fajo.<\/p>\n\n\n\n<p>Na mesa-redonda, a defensora p\u00fablica Caroline Braz, coordenadora do N\u00facleo de Defesa da Mulher da Defensoria P\u00fablica do Amazonas, apontou que, no ano passado, de acordo com relat\u00f3rio do F\u00f3rum Brasileiro de Seguran\u00e7a P\u00fablica, 1.568 mulheres foram assassinadas por raz\u00f5es de g\u00eanero no Brasil, um aumento de 4,7% em rela\u00e7\u00e3o a 2024.<\/p>\n\n\n\n<p>\u201cEssa roda de conversa promovida pela Semsa \u00e9 uma oportunidade de falar sobre a rede de prote\u00e7\u00e3o \u00e0 mulher, os servi\u00e7os da Defensoria P\u00fablica no atendimento \u00e0s v\u00edtimas de viol\u00eancia dom\u00e9stica, os canais de atendimento e mostrar as possibilidades de como o profissional da Semsa pode encaminhar a mulher para os servi\u00e7os da Defensoria P\u00fablica. A intera\u00e7\u00e3o entre os \u00f3rg\u00e3os \u00e9 muito importante para que a rede de prote\u00e7\u00e3o possa funcionar de forma conectada e interligada\u201d, destacou Caroline Braz.<\/p>\n\n\n\n<p>De acordo com a defensora p\u00fablica, o N\u00facleo de Defesa da Mulher da Defensoria P\u00fablica do Amazonas atua auxiliando as mulheres na solicita\u00e7\u00e3o de pedidos de medidas protetivas, ingressando com a\u00e7\u00f5es de div\u00f3rcio, pens\u00e3o aliment\u00edcia, guarda dos filhos e com atendimento psicossocial.<\/p>\n\n\n\n<p>\u201cNossa equipe \u00e9 formada 100% por mulheres para que a mulher possa se sentir mais confort\u00e1vel, acolhida e encorajada a procurar o atendimento em situa\u00e7\u00e3o de viol\u00eancia que est\u00e1 sofrendo. Tamb\u00e9m fazemos pedidos, quando necess\u00e1rio, para que ela seja inclu\u00edda no aux\u00edlio aluguel, consiga vagas para os filhos na creche ou escola mais pr\u00f3ximas da casa e temos parceria para inser\u00e7\u00e3o no mercado de trabalho\u201d, informou Caroline Braz.<\/p>\n\n\n\n<p>Representando o Grupo Mulheres do Brasil, a administradora Fabiana Oliveira participou da mesa -redonda destacando a import\u00e2ncia do empoderamento feminino no combate \u00e0 viol\u00eancia contra as mulheres.<\/p>\n\n\n\n<p>\u201cO nosso trabalho \u00e9 a atua\u00e7\u00e3o no empoderamento feminino, trazendo as mulheres a mais lugares de decis\u00e3o. Trabalhamos com o empreendedorismo feminino para combater a viol\u00eancia. Queremos que a mulher tenha voz, desejamos igualdade e promover a lideran\u00e7a e autonomia feminina, para que ela possa tomar a decis\u00e3o de sair de um relacionamento abusivo\u201d, enfatizou Fabiana Oliveira.<\/p>\n\n\n\n<p>A mesa-redonda abordando o tema \u201cEduca\u00e7\u00e3o e Direitos sobre Viol\u00eancia contra a Mulher\u201d foi organizada pela diretoria de Gest\u00e3o e da Regula\u00e7\u00e3o do Trabalho em Sa\u00fade (Dtrab\/Semsa), por meio da Divis\u00e3o de Qualidade de Vida no Trabalho (DIVQVT), e contou com a participa\u00e7\u00e3o de gestores e trabalhadores da sa\u00fade.<\/p>\n\n\n<div class=\"wp-block-image\">\n<figure class=\"aligncenter size-large\"><img loading=\"lazy\" decoding=\"async\" width=\"997\" height=\"1024\" src=\"https:\/\/www.manaus.am.gov.br\/semsa\/wp-content\/uploads\/sites\/8\/2026\/03\/Semsa-Manaus-Dia-Int-Mulher-5-997x1024.jpeg\" alt=\"\" class=\"wp-image-227877\" srcset=\"https:\/\/www.manaus.am.gov.br\/semsa\/wp-content\/uploads\/sites\/8\/2026\/03\/Semsa-Manaus-Dia-Int-Mulher-5-997x1024.jpeg 997w, https:\/\/www.manaus.am.gov.br\/semsa\/wp-content\/uploads\/sites\/8\/2026\/03\/Semsa-Manaus-Dia-Int-Mulher-5-292x300.jpeg 292w, https:\/\/www.manaus.am.gov.br\/semsa\/wp-content\/uploads\/sites\/8\/2026\/03\/Semsa-Manaus-Dia-Int-Mulher-5-768x788.jpeg 768w, https:\/\/www.manaus.am.gov.br\/semsa\/wp-content\/uploads\/sites\/8\/2026\/03\/Semsa-Manaus-Dia-Int-Mulher-5.jpeg 1200w\" sizes=\"(max-width: 997px) 100vw, 997px\" \/><figcaption class=\"wp-element-caption\">#paratodosverem &#8211; na mesa-redonda foram entregues panfletos informativos<\/figcaption><\/figure><\/div>\n\n\n<p>A diretora do Dtrab, Mircleide Santana da Silva, lembrou que a Semsa Manaus conta com um quadro de recursos humanos de 12 mil servidores e 69% desses profissionais s\u00e3o mulheres, sendo que na \u00e1rea de gest\u00e3o da rede municipal de sa\u00fade, as mulheres representam 62% dos gestores.<\/p>\n\n\n\n<p>O tema abordado na mesa-redonda, segundo Mircleide Santana, \u00e9 importante para a qualifica\u00e7\u00e3o dos profissionais de sa\u00fade, que poder\u00e3o orientar melhor a popula\u00e7\u00e3o, mas tamb\u00e9m para informar os servidores e servidoras sobre os direitos e a rede de prote\u00e7\u00e3o \u00e0s mulheres em situa\u00e7\u00e3o de viol\u00eancia.<\/p>\n\n\n\n<p>\u201cAtendemos profissionais que passam por esse problema, alguns trazem a quest\u00e3o da medida protetiva, relatando que sofreram viol\u00eancia. Ent\u00e3o, achamos que \u00e9 importante refor\u00e7ar o di\u00e1logo sobre esse tema, apresentar as redes de apoio, acolher e encaminhar para os servi\u00e7os dispon\u00edveis\u201d, explicou Mircleide.<\/p>\n\n\n\n<p>Para a servidora \u00c2ngela Oliveira, que atua na ger\u00eancia de Concess\u00e3o de Direitos e Regula\u00e7\u00e3o do Trabalho (Geret\/Semsa), acompanhar a Mesa-Redonda foi importante para destacar que o Dia Internacional da Mulher n\u00e3o \u00e9 um dia s\u00f3 para homenagear as mulheres, mas tamb\u00e9m para enaltecer os direitos conquistados ao longo dos anos.<\/p>\n\n\n\n<p>\u201cAs pessoas confundem o conceito de feminismo, pensam que ser feminista \u00e9 a mulher querer ser igual ao homem. Mas, na verdade, ser feminista \u00e9 a pessoa que quer conquistar e exercer seus direitos\u201d, enfatizou \u00c2ngela Oliveira.<\/p>\n\n\n\n<p>&#8212; &#8212; &#8212;&nbsp;<\/p>\n\n\n\n<p><strong>Texto &#8211;<\/strong>&nbsp;Euriv\u00e2nia Gal\u00facio \/ Semsa<\/p>\n\n\n\n<p><strong>Fotos &#8211;<\/strong>&nbsp;Divulga\u00e7\u00e3o \/ Semsa<\/p>\n","protected":false},"excerpt":{"rendered":"","protected":false},"author":61,"featured_media":227874,"comment_status":"closed","ping_status":"closed","sticky":false,"template":"","format":"standard","meta":{"footnotes":""},"categories":[3],"tags":[54,28,1873],"acf":[],"yoast_head":"<!-- This site is optimized with the Yoast SEO plugin v23.0 - https:\/\/yoast.com\/wordpress\/plugins\/seo\/ -->\n<title>Semsa promove discuss\u00e3o sobre Viol\u00eancia contra a Mulher com profissionais de sa\u00fade<\/title>\n<meta name=\"description\" content=\"Em alus\u00e3o ao Dia Internacional da Mulher, comemorado no dia 8 de mar\u00e7o, a Prefeitura de Manaus, por meio da Secretaria Municipal de Sa\u00fade (Semsa), promoveu nesta quinta-feira, 5\/3, uma mesa-redonda abordando o tema \u201cEduca\u00e7\u00e3o e Direitos sobre Viol\u00eancia contra a Mulher\u201d.\" \/>\n<meta name=\"robots\" content=\"index, follow, max-snippet:-1, max-image-preview:large, max-video-preview:-1\" \/>\n<link rel=\"canonical\" href=\"https:\/\/www.manaus.am.gov.br\/semsa\/discussao-violencia-mulher\/\" \/>\n<meta property=\"og:locale\" content=\"pt_BR\" \/>\n<meta property=\"og:type\" content=\"article\" \/>\n<meta property=\"og:title\" content=\"Semsa promove discuss\u00e3o sobre Viol\u00eancia contra a Mulher com profissionais de sa\u00fade\" \/>\n<meta property=\"og:description\" content=\"Em alus\u00e3o ao Dia Internacional da Mulher, comemorado no dia 8 de mar\u00e7o, a Prefeitura de Manaus, por meio da Secretaria Municipal de Sa\u00fade (Semsa), promoveu nesta quinta-feira, 5\/3, uma mesa-redonda abordando o tema \u201cEduca\u00e7\u00e3o e Direitos sobre Viol\u00eancia contra a Mulher\u201d.\" \/>\n<meta property=\"og:url\" content=\"https:\/\/www.manaus.am.gov.br\/semsa\/discussao-violencia-mulher\/\" \/>\n<meta property=\"og:site_name\" content=\"SEMSA\" \/>\n<meta property=\"article:published_time\" content=\"2026-03-05T22:42:53+00:00\" \/>\n<meta property=\"article:modified_time\" content=\"2026-03-06T16:54:47+00:00\" \/>\n<meta property=\"og:image\" content=\"https:\/\/www.manaus.am.gov.br\/semsa\/wp-content\/uploads\/sites\/8\/2026\/03\/Semsa-Manaus-Dia-Int-Mulher-3.jpeg\" \/>\n\t<meta property=\"og:image:width\" content=\"1440\" \/>\n\t<meta property=\"og:image:height\" content=\"664\" \/>\n\t<meta property=\"og:image:type\" content=\"image\/jpeg\" \/>\n<meta name=\"author\" content=\"smonteiro\" \/>\n<meta name=\"twitter:card\" content=\"summary_large_image\" \/>\n<meta name=\"twitter:label1\" content=\"Written by\" \/>\n\t<meta name=\"twitter:data1\" content=\"smonteiro\" \/>\n\t<meta name=\"twitter:label2\" content=\"Est. reading time\" \/>\n\t<meta name=\"twitter:data2\" content=\"6 minutos\" \/>\n<script type=\"application\/ld+json\" class=\"yoast-schema-graph\">{\"@context\":\"https:\/\/schema.org\",\"@graph\":[{\"@type\":\"WebPage\",\"@id\":\"https:\/\/www.manaus.am.gov.br\/semsa\/discussao-violencia-mulher\/\",\"url\":\"https:\/\/www.manaus.am.gov.br\/semsa\/discussao-violencia-mulher\/\",\"name\":\"Semsa promove discuss\u00e3o sobre Viol\u00eancia contra a Mulher com profissionais de sa\u00fade\",\"isPartOf\":{\"@id\":\"https:\/\/www.manaus.am.gov.br\/semsa\/#website\"},\"primaryImageOfPage\":{\"@id\":\"https:\/\/www.manaus.am.gov.br\/semsa\/discussao-violencia-mulher\/#primaryimage\"},\"image\":{\"@id\":\"https:\/\/www.manaus.am.gov.br\/semsa\/discussao-violencia-mulher\/#primaryimage\"},\"thumbnailUrl\":\"https:\/\/www.manaus.am.gov.br\/semsa\/wp-content\/uploads\/sites\/8\/2026\/03\/Semsa-Manaus-Dia-Int-Mulher-3.jpeg\",\"datePublished\":\"2026-03-05T22:42:53+00:00\",\"dateModified\":\"2026-03-06T16:54:47+00:00\",\"author\":{\"@id\":\"https:\/\/www.manaus.am.gov.br\/semsa\/#\/schema\/person\/ab4dcf766a54dff74e8d267f5c591961\"},\"description\":\"Em alus\u00e3o ao Dia Internacional da Mulher, comemorado no dia 8 de mar\u00e7o, a Prefeitura de Manaus, por meio da Secretaria Municipal de Sa\u00fade (Semsa), promoveu nesta quinta-feira, 5\/3, uma mesa-redonda abordando o tema \u201cEduca\u00e7\u00e3o e Direitos sobre Viol\u00eancia contra a Mulher\u201d.\",\"inLanguage\":\"pt-BR\",\"potentialAction\":[{\"@type\":\"ReadAction\",\"target\":[\"https:\/\/www.manaus.am.gov.br\/semsa\/discussao-violencia-mulher\/\"]}]},{\"@type\":\"ImageObject\",\"inLanguage\":\"pt-BR\",\"@id\":\"https:\/\/www.manaus.am.gov.br\/semsa\/discussao-violencia-mulher\/#primaryimage\",\"url\":\"https:\/\/www.manaus.am.gov.br\/semsa\/wp-content\/uploads\/sites\/8\/2026\/03\/Semsa-Manaus-Dia-Int-Mulher-3.jpeg\",\"contentUrl\":\"https:\/\/www.manaus.am.gov.br\/semsa\/wp-content\/uploads\/sites\/8\/2026\/03\/Semsa-Manaus-Dia-Int-Mulher-3.jpeg\",\"width\":1440,\"height\":664,\"caption\":\"#paratodosverem - na mesa-redonda foram debatidos aspectos da viol\u00eancia contra a mulher\"},{\"@type\":\"WebSite\",\"@id\":\"https:\/\/www.manaus.am.gov.br\/semsa\/#website\",\"url\":\"https:\/\/www.manaus.am.gov.br\/semsa\/\",\"name\":\"SEMSA\",\"description\":\"Secretaria Municipal de Sa\u00fade\",\"alternateName\":\"Secretaria Municipal de Sa\u00fade\",\"potentialAction\":[{\"@type\":\"SearchAction\",\"target\":{\"@type\":\"EntryPoint\",\"urlTemplate\":\"https:\/\/www.manaus.am.gov.br\/semsa\/?s={search_term_string}\"},\"query-input\":\"required name=search_term_string\"}],\"inLanguage\":\"pt-BR\"},{\"@type\":\"Person\",\"@id\":\"https:\/\/www.manaus.am.gov.br\/semsa\/#\/schema\/person\/ab4dcf766a54dff74e8d267f5c591961\",\"name\":\"smonteiro\",\"image\":{\"@type\":\"ImageObject\",\"inLanguage\":\"pt-BR\",\"@id\":\"https:\/\/www.manaus.am.gov.br\/semsa\/#\/schema\/person\/image\/\",\"url\":\"https:\/\/secure.gravatar.com\/avatar\/21c8776ef61d9272c73322052e042d77?s=96&d=mm&r=g\",\"contentUrl\":\"https:\/\/secure.gravatar.com\/avatar\/21c8776ef61d9272c73322052e042d77?s=96&d=mm&r=g\",\"caption\":\"smonteiro\"}}]}<\/script>\n<!-- \/ Yoast SEO plugin. -->","yoast_head_json":{"title":"Semsa promove discuss\u00e3o sobre Viol\u00eancia contra a Mulher com profissionais de sa\u00fade","description":"Em alus\u00e3o ao Dia Internacional da Mulher, comemorado no dia 8 de mar\u00e7o, a Prefeitura de Manaus, por meio da Secretaria Municipal de Sa\u00fade (Semsa), promoveu nesta quinta-feira, 5\/3, uma mesa-redonda abordando o tema \u201cEduca\u00e7\u00e3o e Direitos sobre Viol\u00eancia contra a Mulher\u201d.","robots":{"index":"index","follow":"follow","max-snippet":"max-snippet:-1","max-image-preview":"max-image-preview:large","max-video-preview":"max-video-preview:-1"},"canonical":"https:\/\/www.manaus.am.gov.br\/semsa\/discussao-violencia-mulher\/","og_locale":"pt_BR","og_type":"article","og_title":"Semsa promove discuss\u00e3o sobre Viol\u00eancia contra a Mulher com profissionais de sa\u00fade","og_description":"Em alus\u00e3o ao Dia Internacional da Mulher, comemorado no dia 8 de mar\u00e7o, a Prefeitura de Manaus, por meio da Secretaria Municipal de Sa\u00fade (Semsa), promoveu nesta quinta-feira, 5\/3, uma mesa-redonda abordando o tema \u201cEduca\u00e7\u00e3o e Direitos sobre Viol\u00eancia contra a Mulher\u201d.","og_url":"https:\/\/www.manaus.am.gov.br\/semsa\/discussao-violencia-mulher\/","og_site_name":"SEMSA","article_published_time":"2026-03-05T22:42:53+00:00","article_modified_time":"2026-03-06T16:54:47+00:00","og_image":[{"width":1440,"height":664,"url":"https:\/\/www.manaus.am.gov.br\/semsa\/wp-content\/uploads\/sites\/8\/2026\/03\/Semsa-Manaus-Dia-Int-Mulher-3.jpeg","type":"image\/jpeg"}],"author":"smonteiro","twitter_card":"summary_large_image","twitter_misc":{"Written by":"smonteiro","Est. reading time":"6 minutos"},"schema":{"@context":"https:\/\/schema.org","@graph":[{"@type":"WebPage","@id":"https:\/\/www.manaus.am.gov.br\/semsa\/discussao-violencia-mulher\/","url":"https:\/\/www.manaus.am.gov.br\/semsa\/discussao-violencia-mulher\/","name":"Semsa promove discuss\u00e3o sobre Viol\u00eancia contra a Mulher com profissionais de sa\u00fade","isPartOf":{"@id":"https:\/\/www.manaus.am.gov.br\/semsa\/#website"},"primaryImageOfPage":{"@id":"https:\/\/www.manaus.am.gov.br\/semsa\/discussao-violencia-mulher\/#primaryimage"},"image":{"@id":"https:\/\/www.manaus.am.gov.br\/semsa\/discussao-violencia-mulher\/#primaryimage"},"thumbnailUrl":"https:\/\/www.manaus.am.gov.br\/semsa\/wp-content\/uploads\/sites\/8\/2026\/03\/Semsa-Manaus-Dia-Int-Mulher-3.jpeg","datePublished":"2026-03-05T22:42:53+00:00","dateModified":"2026-03-06T16:54:47+00:00","author":{"@id":"https:\/\/www.manaus.am.gov.br\/semsa\/#\/schema\/person\/ab4dcf766a54dff74e8d267f5c591961"},"description":"Em alus\u00e3o ao Dia Internacional da Mulher, comemorado no dia 8 de mar\u00e7o, a Prefeitura de Manaus, por meio da Secretaria Municipal de Sa\u00fade (Semsa), promoveu nesta quinta-feira, 5\/3, uma mesa-redonda abordando o tema \u201cEduca\u00e7\u00e3o e Direitos sobre Viol\u00eancia contra a Mulher\u201d.","inLanguage":"pt-BR","potentialAction":[{"@type":"ReadAction","target":["https:\/\/www.manaus.am.gov.br\/semsa\/discussao-violencia-mulher\/"]}]},{"@type":"ImageObject","inLanguage":"pt-BR","@id":"https:\/\/www.manaus.am.gov.br\/semsa\/discussao-violencia-mulher\/#primaryimage","url":"https:\/\/www.manaus.am.gov.br\/semsa\/wp-content\/uploads\/sites\/8\/2026\/03\/Semsa-Manaus-Dia-Int-Mulher-3.jpeg","contentUrl":"https:\/\/www.manaus.am.gov.br\/semsa\/wp-content\/uploads\/sites\/8\/2026\/03\/Semsa-Manaus-Dia-Int-Mulher-3.jpeg","width":1440,"height":664,"caption":"#paratodosverem - na mesa-redonda foram debatidos aspectos da viol\u00eancia contra a mulher"},{"@type":"WebSite","@id":"https:\/\/www.manaus.am.gov.br\/semsa\/#website","url":"https:\/\/www.manaus.am.gov.br\/semsa\/","name":"SEMSA","description":"Secretaria Municipal de Sa\u00fade","alternateName":"Secretaria Municipal de Sa\u00fade","potentialAction":[{"@type":"SearchAction","target":{"@type":"EntryPoint","urlTemplate":"https:\/\/www.manaus.am.gov.br\/semsa\/?s={search_term_string}"},"query-input":"required name=search_term_string"}],"inLanguage":"pt-BR"},{"@type":"Person","@id":"https:\/\/www.manaus.am.gov.br\/semsa\/#\/schema\/person\/ab4dcf766a54dff74e8d267f5c591961","name":"smonteiro","image":{"@type":"ImageObject","inLanguage":"pt-BR","@id":"https:\/\/www.manaus.am.gov.br\/semsa\/#\/schema\/person\/image\/","url":"https:\/\/secure.gravatar.com\/avatar\/21c8776ef61d9272c73322052e042d77?s=96&d=mm&r=g","contentUrl":"https:\/\/secure.gravatar.com\/avatar\/21c8776ef61d9272c73322052e042d77?s=96&d=mm&r=g","caption":"smonteiro"}}]}},"_links":{"self":[{"href":"https:\/\/www.manaus.am.gov.br\/semsa\/wp-json\/wp\/v2\/posts\/227873"}],"collection":[{"href":"https:\/\/www.manaus.am.gov.br\/semsa\/wp-json\/wp\/v2\/posts"}],"about":[{"href":"https:\/\/www.manaus.am.gov.br\/semsa\/wp-json\/wp\/v2\/types\/post"}],"author":[{"embeddable":true,"href":"https:\/\/www.manaus.am.gov.br\/semsa\/wp-json\/wp\/v2\/users\/61"}],"replies":[{"embeddable":true,"href":"https:\/\/www.manaus.am.gov.br\/semsa\/wp-json\/wp\/v2\/comments?post=227873"}],"version-history":[{"count":3,"href":"https:\/\/www.manaus.am.gov.br\/semsa\/wp-json\/wp\/v2\/posts\/227873\/revisions"}],"predecessor-version":[{"id":227895,"href":"https:\/\/www.manaus.am.gov.br\/semsa\/wp-json\/wp\/v2\/posts\/227873\/revisions\/227895"}],"wp:featuredmedia":[{"embeddable":true,"href":"https:\/\/www.manaus.am.gov.br\/semsa\/wp-json\/wp\/v2\/media\/227874"}],"wp:attachment":[{"href":"https:\/\/www.manaus.am.gov.br\/semsa\/wp-json\/wp\/v2\/media?parent=227873"}],"wp:term":[{"taxonomy":"category","embeddable":true,"href":"https:\/\/www.manaus.am.gov.br\/semsa\/wp-json\/wp\/v2\/categories?post=227873"},{"taxonomy":"post_tag","embeddable":true,"href":"https:\/\/www.manaus.am.gov.br\/semsa\/wp-json\/wp\/v2\/tags?post=227873"}],"curies":[{"name":"wp","href":"https:\/\/api.w.org\/{rel}","templated":true}]}}