{"id":227788,"date":"2026-02-27T14:05:31","date_gmt":"2026-02-27T18:05:31","guid":{"rendered":"https:\/\/www.manaus.am.gov.br\/semsa\/acoes-marco-lilas\/"},"modified":"2026-02-27T14:05:31","modified_gmt":"2026-02-27T18:05:31","slug":"acoes-marco-lilas","status":"publish","type":"post","link":"https:\/\/www.manaus.am.gov.br\/semsa\/acoes-marco-lilas\/","title":{"rendered":"Prefeitura de Manaus intensifica preven\u00e7\u00e3o ao c\u00e2ncer do colo do \u00fatero durante o \u2018Mar\u00e7o Lil\u00e1s\u2019"},"content":{"rendered":"\n<p>A Prefeitura de Manaus, por meio da Secretaria Municipal de Sa\u00fade (Semsa), elaborou uma programa\u00e7\u00e3o para intensificar a oferta dos servi\u00e7os na preven\u00e7\u00e3o ao c\u00e2ncer do colo do \u00fatero durante o m\u00eas de mar\u00e7o. A a\u00e7\u00e3o ser\u00e1 desenvolvida nas Unidades B\u00e1sicas de Sa\u00fade (UBSs) como parte da campanha &#8220;Mar\u00e7o Lil\u00e1s&#8221;, que tem como objetivo sensibilizar para a import\u00e2ncia das a\u00e7\u00f5es de preven\u00e7\u00e3o e o cuidado em sa\u00fade.<\/p>\n\n\n\n<p>A secret\u00e1ria municipal de Sa\u00fade, Sh\u00e1dia Fraxe, refor\u00e7a que o \u201cMar\u00e7o Lil\u00e1s\u201d \u00e9 uma estrat\u00e9gia a mais na rede municipal para evitar a ocorr\u00eancia de casos de c\u00e2ncer de colo de \u00fatero, agravo que pode ser prevenido com exames dispon\u00edveis na rotina de atendimento das unidades de sa\u00fade.<\/p>\n\n\n\n<p>\u201cO exame preventivo detecta les\u00f5es precursoras do c\u00e2ncer do colo do \u00fatero. S\u00e3o les\u00f5es que se n\u00e3o forem detectadas e tratadas, de forma precoce, podem evoluir para o c\u00e2ncer. A Semsa disponibiliza o exame em 100% das unidades de sa\u00fade\u201d, informa Sh\u00e1dia Fraxe.<\/p>\n\n\n\n<p>A chefe da Divis\u00e3o de Aten\u00e7\u00e3o \u00e0 Sa\u00fade da Mulher da Semsa, enfermeira L\u00facia Freitas, explica que as UBSs ir\u00e3o intensificar no m\u00eas de mar\u00e7o a oferta das a\u00e7\u00f5es de preven\u00e7\u00e3o e de diagn\u00f3stico precoce do c\u00e2ncer do colo do \u00fatero, com refor\u00e7o na dissemina\u00e7\u00e3o de informa\u00e7\u00f5es qualificadas sobre a doen\u00e7a.<\/p>\n\n\n\n<p>De acordo com estimativas do Instituto Nacional de C\u00e2ncer (Inca), s\u00e3o esperados, para o Brasil, 19.310 novos casos de c\u00e2ncer do colo do \u00fatero por ano no tri\u00eanio 2026-2028, com uma estimativa de 620 novos casos no Estado do Amazonas e 430 no munic\u00edpio de Manaus.<\/p>\n\n\n\n<p>\u201cA campanha dar\u00e1 \u00eanfase na oferta do exame preventivo, da vacina contra o Papilomav\u00edrus humano (HPV), que est\u00e1 associado ao desenvolvimento do c\u00e2ncer do colo do \u00fatero, e na import\u00e2ncia do uso do preservativo para evitar o cont\u00e1gio com o v\u00edrus\u201d, explica L\u00facia Freitas.<\/p>\n\n\n\n<p><strong>Tecnologia<\/strong><\/p>\n\n\n\n<p>Em 2025, a Semsa realizou 118.699 exames preventivos para detec\u00e7\u00e3o das les\u00f5es precursoras do c\u00e2ncer do&nbsp;colo do \u00fatero. A faixa et\u00e1ria de rastreio, indicada pelo Minist\u00e9rio da Sa\u00fade por ser de maior risco para o c\u00e2ncer do colo do \u00fatero,&nbsp;\u00e9 de mulheres de 25 a 64 anos. Quando o resultado do exame n\u00e3o apresenta altera\u00e7\u00e3o por dois anos seguidos, a mulher pode retornar ap\u00f3s tr\u00eas anos para novo exame.<\/p>\n\n\n\n<p>L\u00facia Freitas destaca que o exame preventivo na rede municipal \u00e9 oferecido na rotina de atendimento de 100% das unidades de sa\u00fade, com 115 disponibilizando o exame em meio l\u00edquido, uma t\u00e9cnica aprimorada para a identifica\u00e7\u00e3o de les\u00f5es precursoras do c\u00e2ncer do colo do \u00fatero, que come\u00e7ou a ser implantada em Manaus no ano de 2023.<\/p>\n\n\n\n<p>As vantagens do m\u00e9todo envolvem a automatiza\u00e7\u00e3o do processo, maior agilidade e redu\u00e7\u00e3o no risco de perda na quantidade de material coletado, com maior sensibilidade para detectar les\u00f5es precursoras do c\u00e2ncer do colo do \u00fatero. \u201cUma les\u00e3o precursora pode levar at\u00e9 12 anos para evoluir ao c\u00e2ncer do colo do \u00fatero\u201d, aponta L\u00facia Freitas.<\/p>\n\n\n\n<p>Na linha de cuidado da Sa\u00fade da Mulher, a Semsa passou a contar, no in\u00edcio do m\u00eas de fevereiro deste ano, com um laborat\u00f3rio de histopatologia que analisa as bi\u00f3psias que precisam ser avaliadas para defini\u00e7\u00e3o do diagn\u00f3stico.<\/p>\n\n\n\n<p>O servi\u00e7o tem permitido mais agilidade na avalia\u00e7\u00e3o da amostra coletada nas bi\u00f3psias no grupo de pacientes atendidas na rede municipal.<\/p>\n\n\n\n<p>\u201cS\u00e3o exames que n\u00e3o precisam entrar na fila do Sistema de Regula\u00e7\u00e3o (Sisreg) na rede estadual. Na avalia\u00e7\u00e3o desse per\u00edodo inicial, o laborat\u00f3rio tem liberado o exame entre sete a 10 dias, quando antes levava quase 40 dias para a entrega\u201d, informa L\u00facia Freitas.<\/p>\n\n\n\n<p><strong>Imuniza\u00e7\u00e3o<\/strong><\/p>\n\n\n\n<p>Durante o \u201cMar\u00e7o Lil\u00e1s\u201d, a Semsa tamb\u00e9m ir\u00e1 refor\u00e7ar a oferta da vacina\u00e7\u00e3o contra o HPV. A vacina \u00e9 indicada na rotina do calend\u00e1rio de imuniza\u00e7\u00e3o para crian\u00e7as e adolescentes de nove a 14 anos, mas a Semsa tamb\u00e9m disponibiliza para adolescentes de 15 a 19 anos que nunca receberam uma dose da vacina.<\/p>\n\n\n\n<p>A gerente de Imuniza\u00e7\u00e3o da Semsa, Isabel Hernandes, enfatiza que \u00e9 importante que pais e respons\u00e1veis fiquem atentos para a imuniza\u00e7\u00e3o de crian\u00e7as que v\u00e3o completar ou j\u00e1 completaram nove anos em 2026, e que procurem uma UBS para receber a vacina.<\/p>\n\n\n\n<p>\u201cA cobertura vacinal em Manaus contra o HPV est\u00e1 acima do preconizado, mas precisamos fortalecer a vacina\u00e7\u00e3o de quem completa nove anos para manter a cobertura adequada. A Semsa ainda realiza um trabalho indo at\u00e9 as escolas para avaliar a necessidade de vacina\u00e7\u00e3o dos estudantes e planejar a\u00e7\u00f5es necess\u00e1rias\u201d, informa Isabel Hernandes.<\/p>\n\n\n\n<p><strong>Programa\u00e7\u00e3o<\/strong><\/p>\n\n\n\n<p>A abertura oficial da campanha \u201cMar\u00e7o Lil\u00e1s\u201d ser\u00e1 realizada no dia 6 de mar\u00e7o, na Unidade de Sa\u00fade da Fam\u00edlia (USF) Prefeito Frank Abrahim Lima, na rua Abraham Benzion, n\u00ba 161, conjunto \u00c1guas Claras, bairro Novo Aleixo, zona Norte.<\/p>\n\n\n\n<p>A Semsa vai promover ainda o \u201cSabad\u00e3o Lil\u00e1s\u201d, com intensifica\u00e7\u00e3o da oferta de servi\u00e7os nas nove Unidades de Sa\u00fade que funcionam aos s\u00e1bados, no dia 14 de mar\u00e7o, com oferta de exame preventivo, da vacina contra o HPV e a\u00e7\u00f5es de Educa\u00e7\u00e3o em Sa\u00fade. Nesse mesmo dia, as cinco unidades\u00a0m\u00f3veis de Sa\u00fade da Mulher ir\u00e3o realizar o atendimento das 8h \u00e0s 12h.<\/p>\n\n\n\n<figure class=\"wp-block-image size-large\"><img loading=\"lazy\" decoding=\"async\" width=\"1024\" height=\"682\" src=\"https:\/\/www.manaus.am.gov.br\/semsa\/wp-content\/uploads\/sites\/8\/2026\/02\/Marco-Lilas-3-1024x682.jpeg\" alt=\"\" class=\"wp-image-227790\" srcset=\"https:\/\/www.manaus.am.gov.br\/semsa\/wp-content\/uploads\/sites\/8\/2026\/02\/Marco-Lilas-3-1024x682.jpeg 1024w, https:\/\/www.manaus.am.gov.br\/semsa\/wp-content\/uploads\/sites\/8\/2026\/02\/Marco-Lilas-3-300x200.jpeg 300w, https:\/\/www.manaus.am.gov.br\/semsa\/wp-content\/uploads\/sites\/8\/2026\/02\/Marco-Lilas-3-768x512.jpeg 768w, https:\/\/www.manaus.am.gov.br\/semsa\/wp-content\/uploads\/sites\/8\/2026\/02\/Marco-Lilas-3-1536x1023.jpeg 1536w, https:\/\/www.manaus.am.gov.br\/semsa\/wp-content\/uploads\/sites\/8\/2026\/02\/Marco-Lilas-3.jpeg 1600w\" sizes=\"(max-width: 1024px) 100vw, 1024px\" \/><figcaption class=\"wp-element-caption\">#paratodosverem &#8211; Palestra<\/figcaption><\/figure>\n\n\n\n<p>&#8212; &#8212; &#8212;&nbsp;<\/p>\n\n\n\n<p><strong>Texto &#8211;&nbsp;<\/strong>Euriv\u00e2nia Gal\u00facio\/Semsa<\/p>\n\n\n\n<p><strong>Fotos &#8211;<\/strong>&nbsp;Divulga\u00e7\u00e3o\/Semsa<\/p>\n","protected":false},"excerpt":{"rendered":"","protected":false},"author":39,"featured_media":227789,"comment_status":"closed","ping_status":"closed","sticky":false,"template":"","format":"standard","meta":{"footnotes":""},"categories":[13],"tags":[521,253,54,2021,28],"acf":[],"yoast_head":"<!-- This site is optimized with the Yoast SEO plugin v23.0 - https:\/\/yoast.com\/wordpress\/plugins\/seo\/ -->\n<title>Preven\u00e7\u00e3o ao c\u00e2ncer do colo do \u00fatero durante o \u2018Mar\u00e7o Lil\u00e1s\u2019<\/title>\n<meta name=\"description\" content=\"Prefeitura de Manaus, por meio da Semsa, intensifica preven\u00e7\u00e3o ao c\u00e2ncer do colo do \u00fatero durante o \u2018Mar\u00e7o Lil\u00e1s\u2019.\" \/>\n<meta name=\"robots\" content=\"index, follow, max-snippet:-1, max-image-preview:large, max-video-preview:-1\" \/>\n<link rel=\"canonical\" href=\"https:\/\/www.manaus.am.gov.br\/semsa\/acoes-marco-lilas\/\" \/>\n<meta property=\"og:locale\" content=\"pt_BR\" \/>\n<meta property=\"og:type\" content=\"article\" \/>\n<meta property=\"og:title\" content=\"Preven\u00e7\u00e3o ao c\u00e2ncer do colo do \u00fatero durante o \u2018Mar\u00e7o Lil\u00e1s\u2019\" \/>\n<meta property=\"og:description\" content=\"Prefeitura de Manaus, por meio da Semsa, intensifica preven\u00e7\u00e3o ao c\u00e2ncer do colo do \u00fatero durante o \u2018Mar\u00e7o Lil\u00e1s\u2019.\" \/>\n<meta property=\"og:url\" content=\"https:\/\/www.manaus.am.gov.br\/semsa\/acoes-marco-lilas\/\" \/>\n<meta property=\"og:site_name\" content=\"SEMSA\" \/>\n<meta property=\"article:published_time\" content=\"2026-02-27T18:05:31+00:00\" \/>\n<meta property=\"og:image\" content=\"https:\/\/www.manaus.am.gov.br\/semsa\/wp-content\/uploads\/sites\/8\/2026\/02\/Marco-Lilas-1.jpeg\" \/>\n\t<meta property=\"og:image:width\" content=\"1600\" \/>\n\t<meta property=\"og:image:height\" content=\"1066\" \/>\n\t<meta property=\"og:image:type\" content=\"image\/jpeg\" \/>\n<meta name=\"author\" content=\"Bruna Greco\" \/>\n<meta name=\"twitter:card\" content=\"summary_large_image\" \/>\n<meta name=\"twitter:label1\" content=\"Written by\" \/>\n\t<meta name=\"twitter:data1\" content=\"Bruna Greco\" \/>\n\t<meta name=\"twitter:label2\" content=\"Est. reading time\" \/>\n\t<meta name=\"twitter:data2\" content=\"6 minutos\" \/>\n<script type=\"application\/ld+json\" class=\"yoast-schema-graph\">{\"@context\":\"https:\/\/schema.org\",\"@graph\":[{\"@type\":\"WebPage\",\"@id\":\"https:\/\/www.manaus.am.gov.br\/semsa\/acoes-marco-lilas\/\",\"url\":\"https:\/\/www.manaus.am.gov.br\/semsa\/acoes-marco-lilas\/\",\"name\":\"Preven\u00e7\u00e3o ao c\u00e2ncer do colo do \u00fatero durante o \u2018Mar\u00e7o Lil\u00e1s\u2019\",\"isPartOf\":{\"@id\":\"https:\/\/www.manaus.am.gov.br\/semsa\/#website\"},\"primaryImageOfPage\":{\"@id\":\"https:\/\/www.manaus.am.gov.br\/semsa\/acoes-marco-lilas\/#primaryimage\"},\"image\":{\"@id\":\"https:\/\/www.manaus.am.gov.br\/semsa\/acoes-marco-lilas\/#primaryimage\"},\"thumbnailUrl\":\"https:\/\/www.manaus.am.gov.br\/semsa\/wp-content\/uploads\/sites\/8\/2026\/02\/Marco-Lilas-1.jpeg\",\"datePublished\":\"2026-02-27T18:05:31+00:00\",\"dateModified\":\"2026-02-27T18:05:31+00:00\",\"author\":{\"@id\":\"https:\/\/www.manaus.am.gov.br\/semsa\/#\/schema\/person\/05d223aea2bf115f9883a6ff3683d81b\"},\"description\":\"Prefeitura de Manaus, por meio da Semsa, intensifica preven\u00e7\u00e3o ao c\u00e2ncer do colo do \u00fatero durante o \u2018Mar\u00e7o Lil\u00e1s\u2019.\",\"inLanguage\":\"pt-BR\",\"potentialAction\":[{\"@type\":\"ReadAction\",\"target\":[\"https:\/\/www.manaus.am.gov.br\/semsa\/acoes-marco-lilas\/\"]}]},{\"@type\":\"ImageObject\",\"inLanguage\":\"pt-BR\",\"@id\":\"https:\/\/www.manaus.am.gov.br\/semsa\/acoes-marco-lilas\/#primaryimage\",\"url\":\"https:\/\/www.manaus.am.gov.br\/semsa\/wp-content\/uploads\/sites\/8\/2026\/02\/Marco-Lilas-1.jpeg\",\"contentUrl\":\"https:\/\/www.manaus.am.gov.br\/semsa\/wp-content\/uploads\/sites\/8\/2026\/02\/Marco-Lilas-1.jpeg\",\"width\":1600,\"height\":1066,\"caption\":\"#paratodosverem - Usu\u00e1rios de unidade de sa\u00fade participando de a\u00e7\u00e3o preventiva ao c\u00e2ncer do colo do \u00fatero durante a campanha \\\"Mar\u00e7o Lil\u00e1s\\\"\"},{\"@type\":\"WebSite\",\"@id\":\"https:\/\/www.manaus.am.gov.br\/semsa\/#website\",\"url\":\"https:\/\/www.manaus.am.gov.br\/semsa\/\",\"name\":\"SEMSA\",\"description\":\"Secretaria Municipal de Sa\u00fade\",\"alternateName\":\"Secretaria Municipal de Sa\u00fade\",\"potentialAction\":[{\"@type\":\"SearchAction\",\"target\":{\"@type\":\"EntryPoint\",\"urlTemplate\":\"https:\/\/www.manaus.am.gov.br\/semsa\/?s={search_term_string}\"},\"query-input\":\"required name=search_term_string\"}],\"inLanguage\":\"pt-BR\"},{\"@type\":\"Person\",\"@id\":\"https:\/\/www.manaus.am.gov.br\/semsa\/#\/schema\/person\/05d223aea2bf115f9883a6ff3683d81b\",\"name\":\"Bruna Greco\",\"image\":{\"@type\":\"ImageObject\",\"inLanguage\":\"pt-BR\",\"@id\":\"https:\/\/www.manaus.am.gov.br\/semsa\/#\/schema\/person\/image\/\",\"url\":\"https:\/\/secure.gravatar.com\/avatar\/9c877d1a6adc2a055330e5c09a8653ce?s=96&d=mm&r=g\",\"contentUrl\":\"https:\/\/secure.gravatar.com\/avatar\/9c877d1a6adc2a055330e5c09a8653ce?s=96&d=mm&r=g\",\"caption\":\"Bruna Greco\"}}]}<\/script>\n<!-- \/ Yoast SEO plugin. -->","yoast_head_json":{"title":"Preven\u00e7\u00e3o ao c\u00e2ncer do colo do \u00fatero durante o \u2018Mar\u00e7o Lil\u00e1s\u2019","description":"Prefeitura de Manaus, por meio da Semsa, intensifica preven\u00e7\u00e3o ao c\u00e2ncer do colo do \u00fatero durante o \u2018Mar\u00e7o Lil\u00e1s\u2019.","robots":{"index":"index","follow":"follow","max-snippet":"max-snippet:-1","max-image-preview":"max-image-preview:large","max-video-preview":"max-video-preview:-1"},"canonical":"https:\/\/www.manaus.am.gov.br\/semsa\/acoes-marco-lilas\/","og_locale":"pt_BR","og_type":"article","og_title":"Preven\u00e7\u00e3o ao c\u00e2ncer do colo do \u00fatero durante o \u2018Mar\u00e7o Lil\u00e1s\u2019","og_description":"Prefeitura de Manaus, por meio da Semsa, intensifica preven\u00e7\u00e3o ao c\u00e2ncer do colo do \u00fatero durante o \u2018Mar\u00e7o Lil\u00e1s\u2019.","og_url":"https:\/\/www.manaus.am.gov.br\/semsa\/acoes-marco-lilas\/","og_site_name":"SEMSA","article_published_time":"2026-02-27T18:05:31+00:00","og_image":[{"width":1600,"height":1066,"url":"https:\/\/www.manaus.am.gov.br\/semsa\/wp-content\/uploads\/sites\/8\/2026\/02\/Marco-Lilas-1.jpeg","type":"image\/jpeg"}],"author":"Bruna Greco","twitter_card":"summary_large_image","twitter_misc":{"Written by":"Bruna Greco","Est. reading time":"6 minutos"},"schema":{"@context":"https:\/\/schema.org","@graph":[{"@type":"WebPage","@id":"https:\/\/www.manaus.am.gov.br\/semsa\/acoes-marco-lilas\/","url":"https:\/\/www.manaus.am.gov.br\/semsa\/acoes-marco-lilas\/","name":"Preven\u00e7\u00e3o ao c\u00e2ncer do colo do \u00fatero durante o \u2018Mar\u00e7o Lil\u00e1s\u2019","isPartOf":{"@id":"https:\/\/www.manaus.am.gov.br\/semsa\/#website"},"primaryImageOfPage":{"@id":"https:\/\/www.manaus.am.gov.br\/semsa\/acoes-marco-lilas\/#primaryimage"},"image":{"@id":"https:\/\/www.manaus.am.gov.br\/semsa\/acoes-marco-lilas\/#primaryimage"},"thumbnailUrl":"https:\/\/www.manaus.am.gov.br\/semsa\/wp-content\/uploads\/sites\/8\/2026\/02\/Marco-Lilas-1.jpeg","datePublished":"2026-02-27T18:05:31+00:00","dateModified":"2026-02-27T18:05:31+00:00","author":{"@id":"https:\/\/www.manaus.am.gov.br\/semsa\/#\/schema\/person\/05d223aea2bf115f9883a6ff3683d81b"},"description":"Prefeitura de Manaus, por meio da Semsa, intensifica preven\u00e7\u00e3o ao c\u00e2ncer do colo do \u00fatero durante o \u2018Mar\u00e7o Lil\u00e1s\u2019.","inLanguage":"pt-BR","potentialAction":[{"@type":"ReadAction","target":["https:\/\/www.manaus.am.gov.br\/semsa\/acoes-marco-lilas\/"]}]},{"@type":"ImageObject","inLanguage":"pt-BR","@id":"https:\/\/www.manaus.am.gov.br\/semsa\/acoes-marco-lilas\/#primaryimage","url":"https:\/\/www.manaus.am.gov.br\/semsa\/wp-content\/uploads\/sites\/8\/2026\/02\/Marco-Lilas-1.jpeg","contentUrl":"https:\/\/www.manaus.am.gov.br\/semsa\/wp-content\/uploads\/sites\/8\/2026\/02\/Marco-Lilas-1.jpeg","width":1600,"height":1066,"caption":"#paratodosverem - Usu\u00e1rios de unidade de sa\u00fade participando de a\u00e7\u00e3o preventiva ao c\u00e2ncer do colo do \u00fatero durante a campanha \"Mar\u00e7o Lil\u00e1s\""},{"@type":"WebSite","@id":"https:\/\/www.manaus.am.gov.br\/semsa\/#website","url":"https:\/\/www.manaus.am.gov.br\/semsa\/","name":"SEMSA","description":"Secretaria Municipal de Sa\u00fade","alternateName":"Secretaria Municipal de Sa\u00fade","potentialAction":[{"@type":"SearchAction","target":{"@type":"EntryPoint","urlTemplate":"https:\/\/www.manaus.am.gov.br\/semsa\/?s={search_term_string}"},"query-input":"required name=search_term_string"}],"inLanguage":"pt-BR"},{"@type":"Person","@id":"https:\/\/www.manaus.am.gov.br\/semsa\/#\/schema\/person\/05d223aea2bf115f9883a6ff3683d81b","name":"Bruna Greco","image":{"@type":"ImageObject","inLanguage":"pt-BR","@id":"https:\/\/www.manaus.am.gov.br\/semsa\/#\/schema\/person\/image\/","url":"https:\/\/secure.gravatar.com\/avatar\/9c877d1a6adc2a055330e5c09a8653ce?s=96&d=mm&r=g","contentUrl":"https:\/\/secure.gravatar.com\/avatar\/9c877d1a6adc2a055330e5c09a8653ce?s=96&d=mm&r=g","caption":"Bruna Greco"}}]}},"_links":{"self":[{"href":"https:\/\/www.manaus.am.gov.br\/semsa\/wp-json\/wp\/v2\/posts\/227788"}],"collection":[{"href":"https:\/\/www.manaus.am.gov.br\/semsa\/wp-json\/wp\/v2\/posts"}],"about":[{"href":"https:\/\/www.manaus.am.gov.br\/semsa\/wp-json\/wp\/v2\/types\/post"}],"author":[{"embeddable":true,"href":"https:\/\/www.manaus.am.gov.br\/semsa\/wp-json\/wp\/v2\/users\/39"}],"replies":[{"embeddable":true,"href":"https:\/\/www.manaus.am.gov.br\/semsa\/wp-json\/wp\/v2\/comments?post=227788"}],"version-history":[{"count":1,"href":"https:\/\/www.manaus.am.gov.br\/semsa\/wp-json\/wp\/v2\/posts\/227788\/revisions"}],"predecessor-version":[{"id":227791,"href":"https:\/\/www.manaus.am.gov.br\/semsa\/wp-json\/wp\/v2\/posts\/227788\/revisions\/227791"}],"wp:featuredmedia":[{"embeddable":true,"href":"https:\/\/www.manaus.am.gov.br\/semsa\/wp-json\/wp\/v2\/media\/227789"}],"wp:attachment":[{"href":"https:\/\/www.manaus.am.gov.br\/semsa\/wp-json\/wp\/v2\/media?parent=227788"}],"wp:term":[{"taxonomy":"category","embeddable":true,"href":"https:\/\/www.manaus.am.gov.br\/semsa\/wp-json\/wp\/v2\/categories?post=227788"},{"taxonomy":"post_tag","embeddable":true,"href":"https:\/\/www.manaus.am.gov.br\/semsa\/wp-json\/wp\/v2\/tags?post=227788"}],"curies":[{"name":"wp","href":"https:\/\/api.w.org\/{rel}","templated":true}]}}