{"id":227114,"date":"2026-01-15T10:47:39","date_gmt":"2026-01-15T14:47:39","guid":{"rendered":"https:\/\/www.manaus.am.gov.br\/semsa\/mostra-manaus-aqui-tem-sus-submissoes-relatos-19-1\/"},"modified":"2026-01-15T10:47:39","modified_gmt":"2026-01-15T14:47:39","slug":"mostra-manaus-aqui-tem-sus-submissoes-relatos-19-1","status":"publish","type":"post","link":"https:\/\/www.manaus.am.gov.br\/semsa\/mostra-manaus-aqui-tem-sus-submissoes-relatos-19-1\/","title":{"rendered":"Mostra \u2018Manaus, aqui tem SUS\u2019 da prefeitura recebe submiss\u00f5es de relatos a partir da segunda-feira, 19\/1"},"content":{"rendered":"\n<p>A Prefeitura de Manaus inicia os preparativos para a mostra \u201cManaus, aqui tem SUS \u2013 Edi\u00e7\u00e3o 2026\u201d com a abertura do prazo para submiss\u00e3o de trabalhos, de segunda-feira, 19\/1, at\u00e9 o dia 7\/2. Coordenada pela Secretaria Municipal de Sa\u00fade (Semsa), por meio da Escola de Sa\u00fade P\u00fablica (Esap Manaus), a exposi\u00e7\u00e3o acontecer\u00e1 de 25 a 27\/3, com a apresenta\u00e7\u00e3o de experi\u00eancias bem-sucedidas desenvolvidas no munic\u00edpio, no \u00e2mbito do Sistema \u00danico de Sa\u00fade (SUS).<\/p>\n\n\n\n<p>A mostra, que j\u00e1 est\u00e1 em sua quarta edi\u00e7\u00e3o, vai receber relatos de experi\u00eancias exitosas e in\u00e9ditas, realizadas nos \u00faltimos cinco anos, em dez \u00e1reas tem\u00e1ticas. O trabalho inscrito deve incluir ainda vers\u00e3o no formato banner, conforme regulamento divulgado no Di\u00e1rio Oficial do Munic\u00edpio (DOM), edi\u00e7\u00e3o n\u00ba 6.230, da ter\u00e7a-feira, 13\/1, e dispon\u00edvel no site da mostra, em&nbsp;<a href=\"https:\/\/www.manaus.am.gov.br\/semsa\/escola-de-saude-publica\/eventos\/iv-mostra-manaus-aqui-tem-sus\/\" target=\"_blank\" rel=\"noreferrer noopener\">www.manaus.am.gov.br\/semsa\/escola-de-saude-publica\/eventos\/iv-mostra-manaus-aqui-tem-sus\/<\/a>.<\/p>\n\n\n\n<p>Os trabalhos inscritos e validados pela Comiss\u00e3o Cient\u00edfica da mostra ser\u00e3o avaliados e pontuados em duas etapas &#8211; Escrita e Apresenta\u00e7\u00e3o Oral -, esta a&nbsp;ser realizada durante o evento. Os dez melhores relatos ir\u00e3o representar a Semsa na mostra estadual \u201cAmazonas, aqui tem SUS\u201d, prevista para ocorrer nos dias 7 e 8\/5, em Manaus. Ser\u00e3o premiados ainda os melhores relatos na sele\u00e7\u00e3o geral e por \u00e1rea, bem como os mais votados pelo j\u00fari popular da exposi\u00e7\u00e3o de banners.<\/p>\n\n\n\n<p>Dentre as novidades desta edi\u00e7\u00e3o da \u201cManaus, aqui tem SUS\u201d, o coordenador da Comiss\u00e3o de Secretaria da mostra, Mateus da Silva Souza, destaca a mudan\u00e7a na lista de \u00e1reas tem\u00e1ticas, que passa a incluir a Sa\u00fade Mental, e a amplia\u00e7\u00e3o na Exposi\u00e7\u00e3o de Experi\u00eancias Exitosas da Semsa Manaus, que desta vez vai reunir todos os relatos homologados em formato banner.<\/p>\n\n\n\n<p>\u201cEsperamos um n\u00famero expressivo de experi\u00eancias na edi\u00e7\u00e3o deste ano, considerando que j\u00e1 tivemos um aumento no ano passado, com cem trabalhos apresentados, em rela\u00e7\u00e3o ao ano de 2024, que teve 45\u201d, antecipa o coordenador.<\/p>\n\n\n\n<p>Mateus enfatiza a import\u00e2ncia das mostras municipais, estaduais e nacional para o fortalecimento e aprimoramento do SUS, por meio do compartilhamento de experi\u00eancias entre profissionais e gestores da sa\u00fade de diferentes lugares do pa\u00eds.<\/p>\n\n\n\n<p>\u201cIsso permite que eles possam, na medida do poss\u00edvel, aplicar essas experi\u00eancias e alcan\u00e7ar resultados positivos tamb\u00e9m na comunidade local. Dessa forma conseguimos, \u00e0s vezes, mesmo com recursos mais escassos, inovar e promover um SUS mais qualificado e resolutivo, com melhoria na sa\u00fade da popula\u00e7\u00e3o\u201d, avalia.<\/p>\n\n\n\n<p><strong>Experi\u00eancias<\/strong><\/p>\n\n\n\n<p>A 4\u00aa Mostra \u201cManaus, aqui tem SUS\u201d vai reunir experi\u00eancias nas \u00e1reas tem\u00e1ticas de Gest\u00e3o e Planejamento do SUS; Controle Social e Participa\u00e7\u00e3o da Comunidade na Sa\u00fade; Gest\u00e3o do Trabalho e da Educa\u00e7\u00e3o na Sa\u00fade; Aten\u00e7\u00e3o B\u00e1sica; Modelo de Aten\u00e7\u00e3o \u00e0 Sa\u00fade; Vigil\u00e2ncia em Sa\u00fade no Munic\u00edpio; Regula\u00e7\u00e3o do SUS no Munic\u00edpio; Gest\u00e3o da Assist\u00eancia Farmac\u00eautica; Sa\u00fade Digital; Sa\u00fade Mental.<\/p>\n\n\n\n<p>Os trabalhos validados e homologados passar\u00e3o \u00e0 Etapa Escrita, na qual as experi\u00eancias ser\u00e3o avaliadas e pontuadas por avaliadores de institui\u00e7\u00f5es parceiras das Esap\/Semsa, no per\u00edodo de 20\/2 a 6\/3, com a divulga\u00e7\u00e3o dos resultados no dia 7\/3.<\/p>\n\n\n\n<p>Para um melhor resultado na avalia\u00e7\u00e3o, Mateus Souza orienta que os autores dos trabalhos leiam o regulamento da mostra com aten\u00e7\u00e3o, seguindo \u00e0 risca a estrutura definida para a elabora\u00e7\u00e3o dos relatos e investindo para uma produ\u00e7\u00e3o escrita de qualidade.<\/p>\n\n\n\n<p>\u201cTemos trabalhos de alto n\u00edvel sendo apresentados nos nossos anais, e esperamos que as pessoas se habituem e busquem cada vez mais o aprimoramento da escrita, o que tamb\u00e9m \u00e9 levado em considera\u00e7\u00e3o pelos avaliadores externos\u201d, recomenda.<\/p>\n\n\n\n<p>Os 20 trabalhos melhor pontuados na etapa Escrita participar\u00e3o da etapa de Apresenta\u00e7\u00e3o Oral, que acontecer\u00e1 no segundo dia da mostra municipal. As dez melhores experi\u00eancias, a serem anunciadas no dia do encerramento do evento, ir\u00e3o participar da VII Mostra \u201cAmazonas, aqui tem SUS\u201d, em maio, representando a Semsa Manaus.<\/p>\n\n\n\n<p><strong>Pr\u00eamios e certificados<\/strong><\/p>\n\n\n\n<p>O dia do encerramento da mostra municipal ter\u00e1 ainda a premia\u00e7\u00e3o, com entrega de certificados de Honra ao M\u00e9rito aos autores das 20 experi\u00eancias selecionadas para a apresenta\u00e7\u00e3o oral, bem como as dez primeiras colocadas. Os autores dos cinco melhores trabalhos ter\u00e3o ainda direito a trof\u00e9us e outras premia\u00e7\u00f5es a serem divulgadas.<\/p>\n\n\n\n<p>Ser\u00e3o tamb\u00e9m concedidos certificados aos melhores trabalhos de cada \u00e1rea tem\u00e1tica, considerando a m\u00e9dia da pontua\u00e7\u00e3o nas etapas Escrita e Apresenta\u00e7\u00e3o Oral.<\/p>\n\n\n\n<p>Dentre os integrantes da Exposi\u00e7\u00e3o de Experi\u00eancias Exitosas da Semsa Manaus, ser\u00e3o certificados os cinco com maior n\u00famero de votos do J\u00fari Popular da mostra, do 1\u00ba ao 5\u00ba colocados. A exibi\u00e7\u00e3o acontecer\u00e1 no primeiro dia da programa\u00e7\u00e3o, antecedendo a cerim\u00f4nia de abertura.<\/p>\n\n\n\n<p>Mais informa\u00e7\u00f5es sobre a Mostra \u201cManaus, aqui tem SUS\u201d, incluindo regulamento completo, ficha de inscri\u00e7\u00e3o, documentos e modelos requeridos para submiss\u00e3o, est\u00e3o dispon\u00edveis no site do evento, com acesso pelo site da Semsa (<a href=\"http:\/\/www.manaus.am.gov.br\/semsa\" target=\"_blank\" rel=\"noreferrer noopener\">www.manaus.am.gov.br\/semsa<\/a>), menu \u201cA Semsa\u201d, item \u201cEscola de Sa\u00fade P\u00fablica (Esap)\u201d, link \u201cEventos\u201d.<\/p>\n\n\n\n<figure class=\"wp-block-image size-large\"><img loading=\"lazy\" decoding=\"async\" width=\"1024\" height=\"593\" src=\"https:\/\/www.manaus.am.gov.br\/semsa\/wp-content\/uploads\/sites\/8\/2026\/01\/SEMSA-MANAUS-Mostra-SUS-Trabalhos-4-1024x593.jpeg\" alt=\"\" class=\"wp-image-227115\" srcset=\"https:\/\/www.manaus.am.gov.br\/semsa\/wp-content\/uploads\/sites\/8\/2026\/01\/SEMSA-MANAUS-Mostra-SUS-Trabalhos-4-1024x593.jpeg 1024w, https:\/\/www.manaus.am.gov.br\/semsa\/wp-content\/uploads\/sites\/8\/2026\/01\/SEMSA-MANAUS-Mostra-SUS-Trabalhos-4-300x174.jpeg 300w, https:\/\/www.manaus.am.gov.br\/semsa\/wp-content\/uploads\/sites\/8\/2026\/01\/SEMSA-MANAUS-Mostra-SUS-Trabalhos-4-768x445.jpeg 768w, https:\/\/www.manaus.am.gov.br\/semsa\/wp-content\/uploads\/sites\/8\/2026\/01\/SEMSA-MANAUS-Mostra-SUS-Trabalhos-4-1536x890.jpeg 1536w, https:\/\/www.manaus.am.gov.br\/semsa\/wp-content\/uploads\/sites\/8\/2026\/01\/SEMSA-MANAUS-Mostra-SUS-Trabalhos-4.jpeg 1600w\" sizes=\"(max-width: 1024px) 100vw, 1024px\" \/><figcaption class=\"wp-element-caption\">#paratodosverem &#8211; Apresenta\u00e7\u00e3o da Mostra \u2018M<strong>a<\/strong>naus, aqui tem SUS\u2019<\/figcaption><\/figure>\n\n\n\n<p><strong>&#8212; &#8212; &#8212;&nbsp;<\/strong><\/p>\n\n\n\n<p><strong>Texto &#8211;&nbsp;<\/strong>Jony Clay Borges\/Semsa<\/p>\n\n\n\n<p><strong>Fotos &#8211;&nbsp;<\/strong>Divulga\u00e7\u00e3o\/Semsa<\/p>\n\n\n\n<p> <\/p>\n","protected":false},"excerpt":{"rendered":"","protected":false},"author":39,"featured_media":227116,"comment_status":"closed","ping_status":"closed","sticky":false,"template":"","format":"standard","meta":{"footnotes":""},"categories":[15],"tags":[3764,3765,54,3766,28,3767],"acf":[],"yoast_head":"<!-- This site is optimized with the Yoast SEO plugin v23.0 - https:\/\/yoast.com\/wordpress\/plugins\/seo\/ -->\n<title>Mostra \u2018Manaus, aqui tem SUS\u2019 da prefeitura recebe submiss\u00f5es de relatos a partir da segunda-feira, 19\/1<\/title>\n<meta name=\"description\" content=\"Mostra \u2018Manaus, aqui tem SUS\u2019 da Prefeitura de Manaus recebe submiss\u00f5es de relatos a partir da segunda-feira, 19\/1.\" \/>\n<meta name=\"robots\" content=\"index, follow, max-snippet:-1, max-image-preview:large, max-video-preview:-1\" \/>\n<link rel=\"canonical\" href=\"https:\/\/www.manaus.am.gov.br\/semsa\/mostra-manaus-aqui-tem-sus-submissoes-relatos-19-1\/\" \/>\n<meta property=\"og:locale\" content=\"pt_BR\" \/>\n<meta property=\"og:type\" content=\"article\" \/>\n<meta property=\"og:title\" content=\"Mostra \u2018Manaus, aqui tem SUS\u2019 da prefeitura recebe submiss\u00f5es de relatos a partir da segunda-feira, 19\/1\" \/>\n<meta property=\"og:description\" content=\"Mostra \u2018Manaus, aqui tem SUS\u2019 da Prefeitura de Manaus recebe submiss\u00f5es de relatos a partir da segunda-feira, 19\/1.\" \/>\n<meta property=\"og:url\" content=\"https:\/\/www.manaus.am.gov.br\/semsa\/mostra-manaus-aqui-tem-sus-submissoes-relatos-19-1\/\" \/>\n<meta property=\"og:site_name\" content=\"SEMSA\" \/>\n<meta property=\"article:published_time\" content=\"2026-01-15T14:47:39+00:00\" \/>\n<meta property=\"og:image\" content=\"https:\/\/www.manaus.am.gov.br\/semsa\/wp-content\/uploads\/sites\/8\/2026\/01\/SEMSA-MANAUS-Mostra-SUS-Trabalhos-5.jpeg\" \/>\n\t<meta property=\"og:image:width\" content=\"1600\" \/>\n\t<meta property=\"og:image:height\" content=\"702\" \/>\n\t<meta property=\"og:image:type\" content=\"image\/jpeg\" \/>\n<meta name=\"author\" content=\"Bruna Greco\" \/>\n<meta name=\"twitter:card\" content=\"summary_large_image\" \/>\n<meta name=\"twitter:label1\" content=\"Written by\" \/>\n\t<meta name=\"twitter:data1\" content=\"Bruna Greco\" \/>\n\t<meta name=\"twitter:label2\" content=\"Est. reading time\" \/>\n\t<meta name=\"twitter:data2\" content=\"5 minutos\" \/>\n<script type=\"application\/ld+json\" class=\"yoast-schema-graph\">{\"@context\":\"https:\/\/schema.org\",\"@graph\":[{\"@type\":\"WebPage\",\"@id\":\"https:\/\/www.manaus.am.gov.br\/semsa\/mostra-manaus-aqui-tem-sus-submissoes-relatos-19-1\/\",\"url\":\"https:\/\/www.manaus.am.gov.br\/semsa\/mostra-manaus-aqui-tem-sus-submissoes-relatos-19-1\/\",\"name\":\"Mostra \u2018Manaus, aqui tem SUS\u2019 da prefeitura recebe submiss\u00f5es de relatos a partir da segunda-feira, 19\/1\",\"isPartOf\":{\"@id\":\"https:\/\/www.manaus.am.gov.br\/semsa\/#website\"},\"primaryImageOfPage\":{\"@id\":\"https:\/\/www.manaus.am.gov.br\/semsa\/mostra-manaus-aqui-tem-sus-submissoes-relatos-19-1\/#primaryimage\"},\"image\":{\"@id\":\"https:\/\/www.manaus.am.gov.br\/semsa\/mostra-manaus-aqui-tem-sus-submissoes-relatos-19-1\/#primaryimage\"},\"thumbnailUrl\":\"https:\/\/www.manaus.am.gov.br\/semsa\/wp-content\/uploads\/sites\/8\/2026\/01\/SEMSA-MANAUS-Mostra-SUS-Trabalhos-5.jpeg\",\"datePublished\":\"2026-01-15T14:47:39+00:00\",\"dateModified\":\"2026-01-15T14:47:39+00:00\",\"author\":{\"@id\":\"https:\/\/www.manaus.am.gov.br\/semsa\/#\/schema\/person\/05d223aea2bf115f9883a6ff3683d81b\"},\"description\":\"Mostra \u2018Manaus, aqui tem SUS\u2019 da Prefeitura de Manaus recebe submiss\u00f5es de relatos a partir da segunda-feira, 19\/1.\",\"inLanguage\":\"pt-BR\",\"potentialAction\":[{\"@type\":\"ReadAction\",\"target\":[\"https:\/\/www.manaus.am.gov.br\/semsa\/mostra-manaus-aqui-tem-sus-submissoes-relatos-19-1\/\"]}]},{\"@type\":\"ImageObject\",\"inLanguage\":\"pt-BR\",\"@id\":\"https:\/\/www.manaus.am.gov.br\/semsa\/mostra-manaus-aqui-tem-sus-submissoes-relatos-19-1\/#primaryimage\",\"url\":\"https:\/\/www.manaus.am.gov.br\/semsa\/wp-content\/uploads\/sites\/8\/2026\/01\/SEMSA-MANAUS-Mostra-SUS-Trabalhos-5.jpeg\",\"contentUrl\":\"https:\/\/www.manaus.am.gov.br\/semsa\/wp-content\/uploads\/sites\/8\/2026\/01\/SEMSA-MANAUS-Mostra-SUS-Trabalhos-5.jpeg\",\"width\":1600,\"height\":702,\"caption\":\"#paratodosverem - Exposi\u00e7\u00f5es da Mostra \u2018Manaus, aqui tem SUS\u2019\"},{\"@type\":\"WebSite\",\"@id\":\"https:\/\/www.manaus.am.gov.br\/semsa\/#website\",\"url\":\"https:\/\/www.manaus.am.gov.br\/semsa\/\",\"name\":\"SEMSA\",\"description\":\"Secretaria Municipal de Sa\u00fade\",\"alternateName\":\"Secretaria Municipal de Sa\u00fade\",\"potentialAction\":[{\"@type\":\"SearchAction\",\"target\":{\"@type\":\"EntryPoint\",\"urlTemplate\":\"https:\/\/www.manaus.am.gov.br\/semsa\/?s={search_term_string}\"},\"query-input\":\"required name=search_term_string\"}],\"inLanguage\":\"pt-BR\"},{\"@type\":\"Person\",\"@id\":\"https:\/\/www.manaus.am.gov.br\/semsa\/#\/schema\/person\/05d223aea2bf115f9883a6ff3683d81b\",\"name\":\"Bruna Greco\",\"image\":{\"@type\":\"ImageObject\",\"inLanguage\":\"pt-BR\",\"@id\":\"https:\/\/www.manaus.am.gov.br\/semsa\/#\/schema\/person\/image\/\",\"url\":\"https:\/\/secure.gravatar.com\/avatar\/9c877d1a6adc2a055330e5c09a8653ce?s=96&d=mm&r=g\",\"contentUrl\":\"https:\/\/secure.gravatar.com\/avatar\/9c877d1a6adc2a055330e5c09a8653ce?s=96&d=mm&r=g\",\"caption\":\"Bruna Greco\"}}]}<\/script>\n<!-- \/ Yoast SEO plugin. -->","yoast_head_json":{"title":"Mostra \u2018Manaus, aqui tem SUS\u2019 da prefeitura recebe submiss\u00f5es de relatos a partir da segunda-feira, 19\/1","description":"Mostra \u2018Manaus, aqui tem SUS\u2019 da Prefeitura de Manaus recebe submiss\u00f5es de relatos a partir da segunda-feira, 19\/1.","robots":{"index":"index","follow":"follow","max-snippet":"max-snippet:-1","max-image-preview":"max-image-preview:large","max-video-preview":"max-video-preview:-1"},"canonical":"https:\/\/www.manaus.am.gov.br\/semsa\/mostra-manaus-aqui-tem-sus-submissoes-relatos-19-1\/","og_locale":"pt_BR","og_type":"article","og_title":"Mostra \u2018Manaus, aqui tem SUS\u2019 da prefeitura recebe submiss\u00f5es de relatos a partir da segunda-feira, 19\/1","og_description":"Mostra \u2018Manaus, aqui tem SUS\u2019 da Prefeitura de Manaus recebe submiss\u00f5es de relatos a partir da segunda-feira, 19\/1.","og_url":"https:\/\/www.manaus.am.gov.br\/semsa\/mostra-manaus-aqui-tem-sus-submissoes-relatos-19-1\/","og_site_name":"SEMSA","article_published_time":"2026-01-15T14:47:39+00:00","og_image":[{"width":1600,"height":702,"url":"https:\/\/www.manaus.am.gov.br\/semsa\/wp-content\/uploads\/sites\/8\/2026\/01\/SEMSA-MANAUS-Mostra-SUS-Trabalhos-5.jpeg","type":"image\/jpeg"}],"author":"Bruna Greco","twitter_card":"summary_large_image","twitter_misc":{"Written by":"Bruna Greco","Est. reading time":"5 minutos"},"schema":{"@context":"https:\/\/schema.org","@graph":[{"@type":"WebPage","@id":"https:\/\/www.manaus.am.gov.br\/semsa\/mostra-manaus-aqui-tem-sus-submissoes-relatos-19-1\/","url":"https:\/\/www.manaus.am.gov.br\/semsa\/mostra-manaus-aqui-tem-sus-submissoes-relatos-19-1\/","name":"Mostra \u2018Manaus, aqui tem SUS\u2019 da prefeitura recebe submiss\u00f5es de relatos a partir da segunda-feira, 19\/1","isPartOf":{"@id":"https:\/\/www.manaus.am.gov.br\/semsa\/#website"},"primaryImageOfPage":{"@id":"https:\/\/www.manaus.am.gov.br\/semsa\/mostra-manaus-aqui-tem-sus-submissoes-relatos-19-1\/#primaryimage"},"image":{"@id":"https:\/\/www.manaus.am.gov.br\/semsa\/mostra-manaus-aqui-tem-sus-submissoes-relatos-19-1\/#primaryimage"},"thumbnailUrl":"https:\/\/www.manaus.am.gov.br\/semsa\/wp-content\/uploads\/sites\/8\/2026\/01\/SEMSA-MANAUS-Mostra-SUS-Trabalhos-5.jpeg","datePublished":"2026-01-15T14:47:39+00:00","dateModified":"2026-01-15T14:47:39+00:00","author":{"@id":"https:\/\/www.manaus.am.gov.br\/semsa\/#\/schema\/person\/05d223aea2bf115f9883a6ff3683d81b"},"description":"Mostra \u2018Manaus, aqui tem SUS\u2019 da Prefeitura de Manaus recebe submiss\u00f5es de relatos a partir da segunda-feira, 19\/1.","inLanguage":"pt-BR","potentialAction":[{"@type":"ReadAction","target":["https:\/\/www.manaus.am.gov.br\/semsa\/mostra-manaus-aqui-tem-sus-submissoes-relatos-19-1\/"]}]},{"@type":"ImageObject","inLanguage":"pt-BR","@id":"https:\/\/www.manaus.am.gov.br\/semsa\/mostra-manaus-aqui-tem-sus-submissoes-relatos-19-1\/#primaryimage","url":"https:\/\/www.manaus.am.gov.br\/semsa\/wp-content\/uploads\/sites\/8\/2026\/01\/SEMSA-MANAUS-Mostra-SUS-Trabalhos-5.jpeg","contentUrl":"https:\/\/www.manaus.am.gov.br\/semsa\/wp-content\/uploads\/sites\/8\/2026\/01\/SEMSA-MANAUS-Mostra-SUS-Trabalhos-5.jpeg","width":1600,"height":702,"caption":"#paratodosverem - Exposi\u00e7\u00f5es da Mostra \u2018Manaus, aqui tem SUS\u2019"},{"@type":"WebSite","@id":"https:\/\/www.manaus.am.gov.br\/semsa\/#website","url":"https:\/\/www.manaus.am.gov.br\/semsa\/","name":"SEMSA","description":"Secretaria Municipal de Sa\u00fade","alternateName":"Secretaria Municipal de Sa\u00fade","potentialAction":[{"@type":"SearchAction","target":{"@type":"EntryPoint","urlTemplate":"https:\/\/www.manaus.am.gov.br\/semsa\/?s={search_term_string}"},"query-input":"required name=search_term_string"}],"inLanguage":"pt-BR"},{"@type":"Person","@id":"https:\/\/www.manaus.am.gov.br\/semsa\/#\/schema\/person\/05d223aea2bf115f9883a6ff3683d81b","name":"Bruna Greco","image":{"@type":"ImageObject","inLanguage":"pt-BR","@id":"https:\/\/www.manaus.am.gov.br\/semsa\/#\/schema\/person\/image\/","url":"https:\/\/secure.gravatar.com\/avatar\/9c877d1a6adc2a055330e5c09a8653ce?s=96&d=mm&r=g","contentUrl":"https:\/\/secure.gravatar.com\/avatar\/9c877d1a6adc2a055330e5c09a8653ce?s=96&d=mm&r=g","caption":"Bruna Greco"}}]}},"_links":{"self":[{"href":"https:\/\/www.manaus.am.gov.br\/semsa\/wp-json\/wp\/v2\/posts\/227114"}],"collection":[{"href":"https:\/\/www.manaus.am.gov.br\/semsa\/wp-json\/wp\/v2\/posts"}],"about":[{"href":"https:\/\/www.manaus.am.gov.br\/semsa\/wp-json\/wp\/v2\/types\/post"}],"author":[{"embeddable":true,"href":"https:\/\/www.manaus.am.gov.br\/semsa\/wp-json\/wp\/v2\/users\/39"}],"replies":[{"embeddable":true,"href":"https:\/\/www.manaus.am.gov.br\/semsa\/wp-json\/wp\/v2\/comments?post=227114"}],"version-history":[{"count":1,"href":"https:\/\/www.manaus.am.gov.br\/semsa\/wp-json\/wp\/v2\/posts\/227114\/revisions"}],"predecessor-version":[{"id":227117,"href":"https:\/\/www.manaus.am.gov.br\/semsa\/wp-json\/wp\/v2\/posts\/227114\/revisions\/227117"}],"wp:featuredmedia":[{"embeddable":true,"href":"https:\/\/www.manaus.am.gov.br\/semsa\/wp-json\/wp\/v2\/media\/227116"}],"wp:attachment":[{"href":"https:\/\/www.manaus.am.gov.br\/semsa\/wp-json\/wp\/v2\/media?parent=227114"}],"wp:term":[{"taxonomy":"category","embeddable":true,"href":"https:\/\/www.manaus.am.gov.br\/semsa\/wp-json\/wp\/v2\/categories?post=227114"},{"taxonomy":"post_tag","embeddable":true,"href":"https:\/\/www.manaus.am.gov.br\/semsa\/wp-json\/wp\/v2\/tags?post=227114"}],"curies":[{"name":"wp","href":"https:\/\/api.w.org\/{rel}","templated":true}]}}